{"id":19978,"date":"2025-11-03T06:55:49","date_gmt":"2025-11-03T06:55:49","guid":{"rendered":"https:\/\/mariblum.de\/?p=19978"},"modified":"2025-11-03T06:55:49","modified_gmt":"2025-11-03T06:55:49","slug":"guida-ai-materiali-per-fasce-e-ring-sling-in-autunno","status":"publish","type":"post","link":"https:\/\/mariblum.de\/it\/guida-ai-materiali-per-fasce-e-ring-sling-in-autunno\/","title":{"rendered":"Guida ai materiali per fasce e ring sling in autunno"},"content":{"rendered":"<p class=\"lead\">L\u2019autunno \u00e8 alle porte, con giornate pi\u00f9 fresche che ci invitano a vestirci in modo caldo e confortevole. Come giovane mamma, desideri naturalmente tenere il tuo piccolo al caldo senza farlo sudare. In questa guida ai materiali scoprirai quali tessuti e tipi di tessitura sono ideali per fasce e ring sling durante la stagione autunnale \u2014 per goderti l\u2019aria fresca insieme al tuo bambino.<\/p>\n<strong>Indice dei Contenuti<\/strong>\n<h2 id=\"perche-scegliere-il-materiale-giusto-e-importante\">Perch\u00e9 scegliere il materiale giusto \u00e8 importante<\/h2>\n<figure> <img decoding=\"async\" src=\"https:\/\/mariblum.de\/wp-content\/uploads\/2025\/04\/Zauberwald-Baby-Tragetuch-aus-Hanf.jpeg\" alt=\"Mamma con il bambino in fascia durante una passeggiata autunnale \u2013 importanza del materiale giusto\" loading=\"lazy\" \/><figcaption>Il comfort inizia con il tessuto giusto: calore senza surriscaldamento.<\/figcaption><\/figure>\n<p>Con l\u2019arrivo del freddo, \u00e8 importante scegliere una fascia o un ring sling che sia confortevole sia per te che per il tuo bambino. Il materiale giusto mantiene entrambi al caldo, ma permette alla pelle di respirare \u2014 per un portare sicuro e piacevole anche nelle giornate pi\u00f9 fresche.<\/p>\n<div class=\"woocommerce columns-4 \"><div class=\"products row row-small large-columns-4 medium-columns-3 small-columns-2\">\n<div class=\"product-small col has-hover product type-product post-15920 status-publish first instock product_cat-fascia-porta-bebe-in-canapa-imbragature product_cat-tessuti-di-canapa product_tag-canapa product_tag-fascia-porta-bebe has-post-thumbnail featured purchasable product-type-variable has-default-attributes\">\n\t<div class=\"col-inner\">\n\t\n<div class=\"badge-container absolute left top z-1\">\n\n<\/div>\n\t<div class=\"product-small box \">\n\t\t<div class=\"box-image\">\n\t\t\t<div class=\"image-fade_in_back\">\n\t\t\t\t<a href=\"https:\/\/mariblum.de\/it\/produkt\/zephyr-imbragature-in-canapa\/\">\n\t\t\t\t\t<img loading=\"lazy\" decoding=\"async\" width=\"247\" height=\"247\" src=\"https:\/\/mariblum.de\/wp-content\/uploads\/2024\/04\/baby-im-tragetuch-besser-schlafen-247x247.webp\" class=\"attachment-woocommerce_thumbnail size-woocommerce_thumbnail\" alt=\"Mandretta in turchese di canapa - Il bambino dorme fino a tardi\" srcset=\"https:\/\/mariblum.de\/wp-content\/uploads\/2024\/04\/baby-im-tragetuch-besser-schlafen-247x247.webp 247w, https:\/\/mariblum.de\/wp-content\/uploads\/2024\/04\/baby-im-tragetuch-besser-schlafen-150x150.webp 150w, https:\/\/mariblum.de\/wp-content\/uploads\/2024\/04\/baby-im-tragetuch-besser-schlafen-100x100.webp 100w\" sizes=\"auto, (max-width: 247px) 100vw, 247px\" \/><img loading=\"lazy\" decoding=\"async\" width=\"247\" height=\"247\" src=\"https:\/\/mariblum.de\/wp-content\/uploads\/2024\/04\/Zephyr2-247x247.jpg\" class=\"show-on-hover absolute fill hide-for-small back-image\" alt=\"imbragatura leggera color menta realizzata in canapa\" aria-hidden=\"true\" srcset=\"https:\/\/mariblum.de\/wp-content\/uploads\/2024\/04\/Zephyr2-247x247.jpg 247w, https:\/\/mariblum.de\/wp-content\/uploads\/2024\/04\/Zephyr2-100x100.jpg 100w, https:\/\/mariblum.de\/wp-content\/uploads\/2024\/04\/Zephyr2-150x150.jpg 150w\" sizes=\"auto, (max-width: 247px) 100vw, 247px\" \/>\t\t\t\t<\/a>\n\t\t\t<\/div>\n\t\t\t<div class=\"image-tools is-small top right show-on-hover\">\n\t\t\t\t\t\t\t<\/div>\n\t\t\t<div class=\"image-tools is-small hide-for-small bottom left show-on-hover\">\n\t\t\t\t\t\t\t<\/div>\n\t\t\t<div class=\"image-tools grid-tools text-center hide-for-small bottom hover-slide-in show-on-hover\">\n\t\t\t\t<a href=\"#quick-view\" class=\"quick-view\" role=\"button\" data-prod=\"15920\" aria-haspopup=\"dialog\" aria-expanded=\"false\" data-flatsome-role-button>Anteprima<\/a>\t\t\t<\/div>\n\t\t\t\t\t<\/div>\n\n\t\t<div class=\"box-text box-text-products text-center grid-style-2\">\n\t\t\t<div class=\"ux-swatches ux-swatches-in-loop ux-swatches--rounded ux-swatches--x-small\" role=\"radiogroup\" data-flatsome-role-radiogroup><div data-image-src=\"https:\/\/mariblum.de\/wp-content\/uploads\/2024\/04\/baby-im-tragetuch-besser-schlafen-247x247.webp\" data-image-srcset=\"https:\/\/mariblum.de\/wp-content\/uploads\/2024\/04\/baby-im-tragetuch-besser-schlafen-247x247.webp 247w, https:\/\/mariblum.de\/wp-content\/uploads\/2024\/04\/baby-im-tragetuch-besser-schlafen-150x150.webp 150w, https:\/\/mariblum.de\/wp-content\/uploads\/2024\/04\/baby-im-tragetuch-besser-schlafen-100x100.webp 100w\" data-image-sizes=\"(max-width: 247px) 100vw, 247px\" data-attribute_name=\"attribute_pa_tt-groesze\" data-value=\"tt500-it\" aria-label=\"5,00 m\" role=\"radio\" aria-checked=\"false\" tabindex=\"0\" class=\"ux-swatch ux-swatch--label\"><span class=\"ux-swatch__text\">5,00 m<\/span><\/div><\/div><div class=\"title-wrapper\">\t\t<p class=\"category uppercase is-smaller no-text-overflow product-cat op-8\">\n\t\t\tImbragature in canapa\t\t<\/p>\n\t<p class=\"name product-title woocommerce-loop-product__title\"><a href=\"https:\/\/mariblum.de\/it\/produkt\/zephyr-imbragature-in-canapa\/\" class=\"woocommerce-LoopProduct-link woocommerce-loop-product__link\">Zephyr &#8211; Imbragature<\/a><\/p><\/div><div class=\"price-wrapper\">\n\t<span class=\"price\"><span class=\"woocommerce-Price-amount amount\"><bdi>149,95&nbsp;<span class=\"woocommerce-Price-currencySymbol\">&euro;<\/span><\/bdi><\/span><\/span>\n\n\n\n<\/div>\t\t<\/div>\n\t<\/div>\n\t\n<span class=\"gtm4wp_productdata\" style=\"display:none; visibility:hidden;\" data-gtm4wp_product_data=\"{&quot;internal_id&quot;:15920,&quot;item_id&quot;:15920,&quot;item_name&quot;:&quot;Zephyr - Imbragature&quot;,&quot;sku&quot;:15920,&quot;price&quot;:149.95,&quot;stocklevel&quot;:null,&quot;stockstatus&quot;:&quot;instock&quot;,&quot;google_business_vertical&quot;:&quot;retail&quot;,&quot;item_category&quot;:&quot;Imbragature in canapa&quot;,&quot;id&quot;:15920,&quot;productlink&quot;:&quot;https:\\\/\\\/mariblum.de\\\/it\\\/produkt\\\/zephyr-imbragature-in-canapa\\\/&quot;,&quot;item_list_name&quot;:&quot;Featured Products&quot;,&quot;index&quot;:1,&quot;product_type&quot;:&quot;variable&quot;,&quot;item_brand&quot;:&quot;&quot;}\"><\/span>\t<\/div>\n<\/div><div class=\"product-small col has-hover product type-product post-16007 status-publish instock product_cat-ring-sling-it product_cat-ring-sling-it-in-canapa product_cat-tessuti-di-canapa product_tag-canapa product_tag-fascia-porta-bebe product_tag-verde has-post-thumbnail featured purchasable product-type-variable has-product-safety-information\">\n\t<div class=\"col-inner\">\n\t\n<div class=\"badge-container absolute left top z-1\">\n\n<\/div>\n\t<div class=\"product-small box \">\n\t\t<div class=\"box-image\">\n\t\t\t<div class=\"image-fade_in_back\">\n\t\t\t\t<a href=\"https:\/\/mariblum.de\/it\/produkt\/zephyr-ring-sling-in-canapa\/\">\n\t\t\t\t\t<img loading=\"lazy\" decoding=\"async\" width=\"247\" height=\"247\" src=\"https:\/\/mariblum.de\/wp-content\/uploads\/2024\/04\/Zephyr-247x247.jpg\" class=\"attachment-woocommerce_thumbnail size-woocommerce_thumbnail\" alt=\"Ring Sling Tragetuch aus Hanf T\u00fcrkis\" srcset=\"https:\/\/mariblum.de\/wp-content\/uploads\/2024\/04\/Zephyr-247x247.jpg 247w, https:\/\/mariblum.de\/wp-content\/uploads\/2024\/04\/Zephyr-100x100.jpg 100w, https:\/\/mariblum.de\/wp-content\/uploads\/2024\/04\/Zephyr-150x150.jpg 150w\" sizes=\"auto, (max-width: 247px) 100vw, 247px\" \/><img loading=\"lazy\" decoding=\"async\" width=\"247\" height=\"247\" src=\"https:\/\/mariblum.de\/wp-content\/uploads\/2024\/04\/Zephyr2-247x247.jpg\" class=\"show-on-hover absolute fill hide-for-small back-image\" alt=\"imbragatura leggera color menta realizzata in canapa\" aria-hidden=\"true\" srcset=\"https:\/\/mariblum.de\/wp-content\/uploads\/2024\/04\/Zephyr2-247x247.jpg 247w, https:\/\/mariblum.de\/wp-content\/uploads\/2024\/04\/Zephyr2-100x100.jpg 100w, https:\/\/mariblum.de\/wp-content\/uploads\/2024\/04\/Zephyr2-150x150.jpg 150w\" sizes=\"auto, (max-width: 247px) 100vw, 247px\" \/>\t\t\t\t<\/a>\n\t\t\t<\/div>\n\t\t\t<div class=\"image-tools is-small top right show-on-hover\">\n\t\t\t\t\t\t\t<\/div>\n\t\t\t<div class=\"image-tools is-small hide-for-small bottom left show-on-hover\">\n\t\t\t\t\t\t\t<\/div>\n\t\t\t<div class=\"image-tools grid-tools text-center hide-for-small bottom hover-slide-in show-on-hover\">\n\t\t\t\t<a href=\"#quick-view\" class=\"quick-view\" role=\"button\" data-prod=\"16007\" aria-haspopup=\"dialog\" aria-expanded=\"false\" data-flatsome-role-button>Anteprima<\/a>\t\t\t<\/div>\n\t\t\t\t\t<\/div>\n\n\t\t<div class=\"box-text box-text-products text-center grid-style-2\">\n\t\t\t<div class=\"title-wrapper\">\t\t<p class=\"category uppercase is-smaller no-text-overflow product-cat op-8\">\n\t\t\tRing Slings\t\t<\/p>\n\t<p class=\"name product-title woocommerce-loop-product__title\"><a href=\"https:\/\/mariblum.de\/it\/produkt\/zephyr-ring-sling-in-canapa\/\" class=\"woocommerce-LoopProduct-link woocommerce-loop-product__link\">Zephyr &#8211; Ring Sling<\/a><\/p><\/div><div class=\"price-wrapper\">\n\t<span class=\"price\"><span class=\"woocommerce-Price-amount amount\"><bdi>109,95&nbsp;<span class=\"woocommerce-Price-currencySymbol\">&euro;<\/span><\/bdi><\/span> &ndash; <span class=\"woocommerce-Price-amount amount\"><bdi>129,95&nbsp;<span class=\"woocommerce-Price-currencySymbol\">&euro;<\/span><\/bdi><\/span><\/span>\n\n\n\n<\/div>\t\t<\/div>\n\t<\/div>\n\t\n<span class=\"gtm4wp_productdata\" style=\"display:none; visibility:hidden;\" data-gtm4wp_product_data=\"{&quot;internal_id&quot;:16007,&quot;item_id&quot;:16007,&quot;item_name&quot;:&quot;Zephyr - Ring Sling&quot;,&quot;sku&quot;:16007,&quot;price&quot;:109.95,&quot;stocklevel&quot;:null,&quot;stockstatus&quot;:&quot;instock&quot;,&quot;google_business_vertical&quot;:&quot;retail&quot;,&quot;item_category&quot;:&quot;Ring Slings&quot;,&quot;id&quot;:16007,&quot;productlink&quot;:&quot;https:\\\/\\\/mariblum.de\\\/it\\\/produkt\\\/zephyr-ring-sling-in-canapa\\\/&quot;,&quot;item_list_name&quot;:&quot;Featured Products&quot;,&quot;index&quot;:2,&quot;product_type&quot;:&quot;variable&quot;,&quot;item_brand&quot;:&quot;&quot;}\"><\/span>\t<\/div>\n<\/div><div class=\"product-small col has-hover product type-product post-16049 status-publish instock product_cat-ring-sling-it product_cat-ring-sling-it-in-canapa product_cat-tessuti-di-canapa product_tag-bruno product_tag-canapa product_tag-fascia-porta-bebe has-post-thumbnail featured purchasable product-type-variable has-default-attributes has-product-safety-information\">\n\t<div class=\"col-inner\">\n\t\n<div class=\"badge-container absolute left top z-1\">\n\n<\/div>\n\t<div class=\"product-small box \">\n\t\t<div class=\"box-image\">\n\t\t\t<div class=\"image-fade_in_back\">\n\t\t\t\t<a href=\"https:\/\/mariblum.de\/it\/produkt\/scoiattolo-ring-sling\/\">\n\t\t\t\t\t<img loading=\"lazy\" decoding=\"async\" width=\"247\" height=\"247\" src=\"https:\/\/mariblum.de\/wp-content\/uploads\/2024\/04\/Eichhoernchen-Ring-Sling-Braun-aus-Hanf-seite-247x247.jpeg\" class=\"attachment-woocommerce_thumbnail size-woocommerce_thumbnail\" alt=\"Fionda ad anello scoiattolo marrone in canapa\" srcset=\"https:\/\/mariblum.de\/wp-content\/uploads\/2024\/04\/Eichhoernchen-Ring-Sling-Braun-aus-Hanf-seite-247x247.jpeg 247w, https:\/\/mariblum.de\/wp-content\/uploads\/2024\/04\/Eichhoernchen-Ring-Sling-Braun-aus-Hanf-seite-100x100.jpeg 100w, https:\/\/mariblum.de\/wp-content\/uploads\/2024\/04\/Eichhoernchen-Ring-Sling-Braun-aus-Hanf-seite-150x150.jpeg 150w\" sizes=\"auto, (max-width: 247px) 100vw, 247px\" \/><img loading=\"lazy\" decoding=\"async\" width=\"247\" height=\"247\" src=\"https:\/\/mariblum.de\/wp-content\/uploads\/2024\/04\/Eichhoernchen-Ring-Sling-Braun-aus-Hanf-1-247x247.jpeg\" class=\"show-on-hover absolute fill hide-for-small back-image\" alt=\"Fionda ad anello scoiattolo marrone in canapa\" aria-hidden=\"true\" srcset=\"https:\/\/mariblum.de\/wp-content\/uploads\/2024\/04\/Eichhoernchen-Ring-Sling-Braun-aus-Hanf-1-247x247.jpeg 247w, https:\/\/mariblum.de\/wp-content\/uploads\/2024\/04\/Eichhoernchen-Ring-Sling-Braun-aus-Hanf-1-100x100.jpeg 100w, https:\/\/mariblum.de\/wp-content\/uploads\/2024\/04\/Eichhoernchen-Ring-Sling-Braun-aus-Hanf-1-150x150.jpeg 150w\" sizes=\"auto, (max-width: 247px) 100vw, 247px\" \/>\t\t\t\t<\/a>\n\t\t\t<\/div>\n\t\t\t<div class=\"image-tools is-small top right show-on-hover\">\n\t\t\t\t\t\t\t<\/div>\n\t\t\t<div class=\"image-tools is-small hide-for-small bottom left show-on-hover\">\n\t\t\t\t\t\t\t<\/div>\n\t\t\t<div class=\"image-tools grid-tools text-center hide-for-small bottom hover-slide-in show-on-hover\">\n\t\t\t\t<a href=\"#quick-view\" class=\"quick-view\" role=\"button\" data-prod=\"16049\" aria-haspopup=\"dialog\" aria-expanded=\"false\" data-flatsome-role-button>Anteprima<\/a>\t\t\t<\/div>\n\t\t\t\t\t<\/div>\n\n\t\t<div class=\"box-text box-text-products text-center grid-style-2\">\n\t\t\t<div class=\"title-wrapper\">\t\t<p class=\"category uppercase is-smaller no-text-overflow product-cat op-8\">\n\t\t\tRing Slings\t\t<\/p>\n\t<p class=\"name product-title woocommerce-loop-product__title\"><a href=\"https:\/\/mariblum.de\/it\/produkt\/scoiattolo-ring-sling\/\" class=\"woocommerce-LoopProduct-link woocommerce-loop-product__link\">Scoiattolo &#8211; Ring Sling<\/a><\/p><\/div><div class=\"price-wrapper\">\n\t<span class=\"price\"><span class=\"woocommerce-Price-amount amount\"><bdi>109,95&nbsp;<span class=\"woocommerce-Price-currencySymbol\">&euro;<\/span><\/bdi><\/span><\/span>\n\n\n\n<\/div>\t\t<\/div>\n\t<\/div>\n\t\n<span class=\"gtm4wp_productdata\" style=\"display:none; visibility:hidden;\" data-gtm4wp_product_data=\"{&quot;internal_id&quot;:16049,&quot;item_id&quot;:16049,&quot;item_name&quot;:&quot;Scoiattolo - Ring Sling&quot;,&quot;sku&quot;:16049,&quot;price&quot;:109.95,&quot;stocklevel&quot;:null,&quot;stockstatus&quot;:&quot;instock&quot;,&quot;google_business_vertical&quot;:&quot;retail&quot;,&quot;item_category&quot;:&quot;Ring Slings&quot;,&quot;id&quot;:16049,&quot;productlink&quot;:&quot;https:\\\/\\\/mariblum.de\\\/it\\\/produkt\\\/scoiattolo-ring-sling\\\/&quot;,&quot;item_list_name&quot;:&quot;Featured Products&quot;,&quot;index&quot;:3,&quot;product_type&quot;:&quot;variable&quot;,&quot;item_brand&quot;:&quot;&quot;}\"><\/span>\t<\/div>\n<\/div><div class=\"product-small col has-hover product type-product post-7188 status-publish last instock product_cat-fascia-porta-bebe-in-canapa-imbragature product_cat-tessuti-di-canapa product_tag-custom-it product_tag-fascia-porta-bebe has-post-thumbnail featured shipping-taxable purchasable product-type-variable\">\n\t<div class=\"col-inner\">\n\t\n<div class=\"badge-container absolute left top z-1\">\n\n<\/div>\n\t<div class=\"product-small box \">\n\t\t<div class=\"box-image\">\n\t\t\t<div class=\"image-fade_in_back\">\n\t\t\t\t<a href=\"https:\/\/mariblum.de\/it\/produkt\/custom-fascia-porta-bebe\/\">\n\t\t\t\t\t<img loading=\"lazy\" decoding=\"async\" width=\"247\" height=\"247\" src=\"https:\/\/mariblum.de\/wp-content\/uploads\/2020\/01\/shibori-mutter-und-kind-247x247.jpg\" class=\"attachment-woocommerce_thumbnail size-woocommerce_thumbnail\" alt=\"Custom babywearing sling\" srcset=\"https:\/\/mariblum.de\/wp-content\/uploads\/2020\/01\/shibori-mutter-und-kind-247x247.jpg 247w, https:\/\/mariblum.de\/wp-content\/uploads\/2020\/01\/shibori-mutter-und-kind-100x100.jpg 100w, https:\/\/mariblum.de\/wp-content\/uploads\/2020\/01\/shibori-mutter-und-kind-150x150.jpg 150w\" sizes=\"auto, (max-width: 247px) 100vw, 247px\" \/>\t\t\t\t<\/a>\n\t\t\t<\/div>\n\t\t\t<div class=\"image-tools is-small top right show-on-hover\">\n\t\t\t\t\t\t\t<\/div>\n\t\t\t<div class=\"image-tools is-small hide-for-small bottom left show-on-hover\">\n\t\t\t\t\t\t\t<\/div>\n\t\t\t<div class=\"image-tools grid-tools text-center hide-for-small bottom hover-slide-in show-on-hover\">\n\t\t\t\t<a href=\"#quick-view\" class=\"quick-view\" role=\"button\" data-prod=\"7188\" aria-haspopup=\"dialog\" aria-expanded=\"false\" data-flatsome-role-button>Anteprima<\/a>\t\t\t<\/div>\n\t\t\t\t\t<\/div>\n\n\t\t<div class=\"box-text box-text-products text-center grid-style-2\">\n\t\t\t<div class=\"ux-swatches ux-swatches-in-loop ux-swatches--rounded ux-swatches--x-small\" role=\"radiogroup\" data-flatsome-role-radiogroup><div data-image-src=\"https:\/\/mariblum.de\/wp-content\/uploads\/2019\/11\/tragetuch-gebunden-blumenwiese-babytrage-scaled-e1585939830354-247x247.jpg\" data-image-srcset=\"https:\/\/mariblum.de\/wp-content\/uploads\/2019\/11\/tragetuch-gebunden-blumenwiese-babytrage-scaled-e1585939830354-247x247.jpg 247w, https:\/\/mariblum.de\/wp-content\/uploads\/2019\/11\/tragetuch-gebunden-blumenwiese-babytrage-scaled-e1585939830354-100x100.jpg 100w\" data-image-sizes=\"(max-width: 247px) 100vw, 247px\" data-attribute_name=\"attribute_pa_tt-groesze\" data-value=\"tt450-it\" aria-label=\"4,50 m\" role=\"radio\" aria-checked=\"false\" tabindex=\"0\" class=\"ux-swatch ux-swatch--label\"><span class=\"ux-swatch__text\">4,50 m<\/span><\/div><\/div><div class=\"title-wrapper\">\t\t<p class=\"category uppercase is-smaller no-text-overflow product-cat op-8\">\n\t\t\tImbragature in canapa\t\t<\/p>\n\t<p class=\"name product-title woocommerce-loop-product__title\"><a href=\"https:\/\/mariblum.de\/it\/produkt\/custom-fascia-porta-bebe\/\" class=\"woocommerce-LoopProduct-link woocommerce-loop-product__link\">Custom Imbragatura<\/a><\/p><\/div><div class=\"price-wrapper\">\n\t<span class=\"price\"><span class=\"woocommerce-Price-amount amount\"><bdi>199,95&nbsp;<span class=\"woocommerce-Price-currencySymbol\">&euro;<\/span><\/bdi><\/span> &ndash; <span class=\"woocommerce-Price-amount amount\"><bdi>219,95&nbsp;<span class=\"woocommerce-Price-currencySymbol\">&euro;<\/span><\/bdi><\/span><\/span>\n\n\n\n<\/div>\t\t<\/div>\n\t<\/div>\n\t\n<span class=\"gtm4wp_productdata\" style=\"display:none; visibility:hidden;\" data-gtm4wp_product_data=\"{&quot;internal_id&quot;:7188,&quot;item_id&quot;:7188,&quot;item_name&quot;:&quot;Custom Imbragatura&quot;,&quot;sku&quot;:7188,&quot;price&quot;:179.95,&quot;stocklevel&quot;:null,&quot;stockstatus&quot;:&quot;instock&quot;,&quot;google_business_vertical&quot;:&quot;retail&quot;,&quot;item_category&quot;:&quot;Imbragature in canapa&quot;,&quot;id&quot;:7188,&quot;productlink&quot;:&quot;https:\\\/\\\/mariblum.de\\\/it\\\/produkt\\\/custom-fascia-porta-bebe\\\/&quot;,&quot;item_list_name&quot;:&quot;Featured Products&quot;,&quot;index&quot;:4,&quot;product_type&quot;:&quot;variable&quot;,&quot;item_brand&quot;:&quot;&quot;}\"><\/span>\t<\/div>\n<\/div><\/div><!-- row -->\n<\/div>\n<h2 id=\"i-migliori-tessuti-per-lautunno\">I migliori tessuti per l\u2019autunno<\/h2>\n<figure> <img decoding=\"async\" src=\"https:\/\/mariblum.de\/wp-content\/uploads\/2025\/04\/Baby-Tragetuch-aus-Hanf-Zauberwald.jpeg\" alt=\"Fascia porta beb\u00e8 morbida e traspirante, ideale per la stagione autunnale\" loading=\"lazy\" \/><figcaption>I tessuti preferiti per l\u2019autunno: traspiranti, caldi e confortevoli.<\/figcaption><\/figure>\n<h3 id=\"cotone\">Cotone<\/h3>\n<p>Il cotone \u00e8 uno dei tessuti pi\u00f9 amati per fasce e ring sling. \u00c8 traspirante, morbido e delicato sulla pelle. Per le giornate pi\u00f9 fresche, scegli un cotone pi\u00f9 pesante o una miscela di cotone per un maggiore isolamento termico senza rischio di surriscaldamento.<\/p>\n<h3 id=\"lana\">Lana<\/h3>\n<p>La lana \u00e8 perfetta per l\u2019autunno grazie alle sue naturali propriet\u00e0 termoregolatrici. Mantiene il calore e allontana l\u2019umidit\u00e0. La lana merino \u00e8 particolarmente morbida e adatta alla pelle sensibile del neonato.<\/p>\n<h3 id=\"misti\">Tessuti misti<\/h3>\n<p>I tessuti misti, come cotone\/lana o cotone\/poliestere, uniscono i vantaggi di entrambe le fibre. Sono resistenti, caldi e traspiranti \u2014 una scelta pratica e durevole per il portare quotidiano in autunno.<\/p>\n<h2 id=\"tipi-di-tessitura-popolari\">Tipi di tessitura popolari per fasce e ring sling<\/h2>\n<figure> <img decoding=\"async\" src=\"https:\/\/mariblum.de\/wp-content\/uploads\/2025\/04\/Baby-Tragetuch-Baumwolle_Elefantenmotiv-weiss-blau.jpg\" alt=\"Dettaglio del tessuto jacquard di una fascia porta beb\u00e8, caldo e resistente\" loading=\"lazy\" \/><figcaption>La struttura giusta assicura comfort e sostegno durante il portare.<\/figcaption><\/figure>\n<h3 id=\"jacquard\">Jacquard<\/h3>\n<p>Il tessuto jacquard \u00e8 strutturato, resistente e mantiene il calore. Le fasce jacquard offrono un ottimo sostegno e sono disponibili in numerosi motivi eleganti \u2014 perfette per un portare pratico e raffinato.<\/p>\n<h3 id=\"lino\">Lino<\/h3>\n<p>Il lino \u00e8 estremamente traspirante e diventa pi\u00f9 morbido con l\u2019uso. \u00c8 ideale per i climi miti e per la mezza stagione. Con una buona legatura, resta piacevole anche con temperature pi\u00f9 basse.<\/p>\n<h3 id=\"twill\">Twill (spina di pesce)<\/h3>\n<p>Il twill si riconosce per la trama diagonale che gli conferisce resistenza e flessibilit\u00e0. Distribuisce uniformemente il peso del bambino e si adatta bene a molte legature \u2014 una scelta versatile e affidabile.<\/p>\n<div class=\"woocommerce columns-4 \"><div class=\"products row row-small large-columns-4 medium-columns-3 small-columns-2\">\n<div class=\"product-small col has-hover product type-product post-14874 status-publish first instock product_cat-fascia-porta-bebe-in-canapa-imbragature product_cat-shorty-it product_cat-tessuti-di-canapa product_tag-canapa product_tag-fascia-porta-bebe product_tag-verde has-post-thumbnail featured purchasable product-type-variable\">\n\t<div class=\"col-inner\">\n\t\n<div class=\"badge-container absolute left top z-1\">\n\n<\/div>\n\t<div class=\"product-small box \">\n\t\t<div class=\"box-image\">\n\t\t\t<div class=\"image-fade_in_back\">\n\t\t\t\t<a href=\"https:\/\/mariblum.de\/it\/produkt\/fata-della-foresta-imbragature-shorty\/\">\n\t\t\t\t\t<img loading=\"lazy\" decoding=\"async\" width=\"247\" height=\"247\" src=\"https:\/\/mariblum.de\/wp-content\/uploads\/2024\/04\/Waldfee-Tragetuch-247x247.jpg\" class=\"attachment-woocommerce_thumbnail size-woocommerce_thumbnail\" alt=\"Bosco-canapa-imbracatura-verde\" srcset=\"https:\/\/mariblum.de\/wp-content\/uploads\/2024\/04\/Waldfee-Tragetuch-247x247.jpg 247w, https:\/\/mariblum.de\/wp-content\/uploads\/2024\/04\/Waldfee-Tragetuch-100x100.jpg 100w, https:\/\/mariblum.de\/wp-content\/uploads\/2024\/04\/Waldfee-Tragetuch-150x150.jpg 150w\" sizes=\"auto, (max-width: 247px) 100vw, 247px\" \/><img loading=\"lazy\" decoding=\"async\" width=\"247\" height=\"247\" src=\"https:\/\/mariblum.de\/wp-content\/uploads\/2024\/04\/Waldfee-Tragetuch-gruen-Hanf-247x247.jpg\" class=\"show-on-hover absolute fill hide-for-small back-image\" alt=\"Bosco-canapa-imbracatura-verde\" aria-hidden=\"true\" srcset=\"https:\/\/mariblum.de\/wp-content\/uploads\/2024\/04\/Waldfee-Tragetuch-gruen-Hanf-247x247.jpg 247w, https:\/\/mariblum.de\/wp-content\/uploads\/2024\/04\/Waldfee-Tragetuch-gruen-Hanf-100x100.jpg 100w, https:\/\/mariblum.de\/wp-content\/uploads\/2024\/04\/Waldfee-Tragetuch-gruen-Hanf-150x150.jpg 150w\" sizes=\"auto, (max-width: 247px) 100vw, 247px\" \/>\t\t\t\t<\/a>\n\t\t\t<\/div>\n\t\t\t<div class=\"image-tools is-small top right show-on-hover\">\n\t\t\t\t\t\t\t<\/div>\n\t\t\t<div class=\"image-tools is-small hide-for-small bottom left show-on-hover\">\n\t\t\t\t\t\t\t<\/div>\n\t\t\t<div class=\"image-tools grid-tools text-center hide-for-small bottom hover-slide-in show-on-hover\">\n\t\t\t\t<a href=\"#quick-view\" class=\"quick-view\" role=\"button\" data-prod=\"14874\" aria-haspopup=\"dialog\" aria-expanded=\"false\" data-flatsome-role-button>Anteprima<\/a>\t\t\t<\/div>\n\t\t\t\t\t<\/div>\n\n\t\t<div class=\"box-text box-text-products text-center grid-style-2\">\n\t\t\t<div class=\"ux-swatches ux-swatches-in-loop ux-swatches--rounded ux-swatches--x-small\" role=\"radiogroup\" data-flatsome-role-radiogroup><div data-image-src=\"https:\/\/mariblum.de\/wp-content\/uploads\/2024\/04\/Waldfee-Tragetuch-247x247.jpg\" data-image-srcset=\"https:\/\/mariblum.de\/wp-content\/uploads\/2024\/04\/Waldfee-Tragetuch-247x247.jpg 247w, https:\/\/mariblum.de\/wp-content\/uploads\/2024\/04\/Waldfee-Tragetuch-100x100.jpg 100w, https:\/\/mariblum.de\/wp-content\/uploads\/2024\/04\/Waldfee-Tragetuch-150x150.jpg 150w\" data-image-sizes=\"(max-width: 247px) 100vw, 247px\" data-attribute_name=\"attribute_pa_tt-groesze\" data-value=\"tt360-it\" aria-label=\"3,60 m\" role=\"radio\" aria-checked=\"false\" tabindex=\"0\" class=\"ux-swatch ux-swatch--label\"><span class=\"ux-swatch__text\">3,60 m<\/span><\/div><div data-image-src=\"https:\/\/mariblum.de\/wp-content\/uploads\/2024\/04\/Waldfee-Tragetuch-247x247.jpg\" data-image-srcset=\"https:\/\/mariblum.de\/wp-content\/uploads\/2024\/04\/Waldfee-Tragetuch-247x247.jpg 247w, https:\/\/mariblum.de\/wp-content\/uploads\/2024\/04\/Waldfee-Tragetuch-100x100.jpg 100w, https:\/\/mariblum.de\/wp-content\/uploads\/2024\/04\/Waldfee-Tragetuch-150x150.jpg 150w\" data-image-sizes=\"(max-width: 247px) 100vw, 247px\" data-attribute_name=\"attribute_pa_tt-groesze\" data-value=\"tt370-it\" aria-label=\"3,70 m\" role=\"radio\" aria-checked=\"false\" tabindex=\"0\" class=\"ux-swatch ux-swatch--label\"><span class=\"ux-swatch__text\">3,70 m<\/span><\/div><\/div><div class=\"title-wrapper\">\t\t<p class=\"category uppercase is-smaller no-text-overflow product-cat op-8\">\n\t\t\tImbragature in canapa\t\t<\/p>\n\t<p class=\"name product-title woocommerce-loop-product__title\"><a href=\"https:\/\/mariblum.de\/it\/produkt\/fata-della-foresta-imbragature-shorty\/\" class=\"woocommerce-LoopProduct-link woocommerce-loop-product__link\">Fata della Foresta &#8211; Imbragature (Shorty)<\/a><\/p><\/div><div class=\"price-wrapper\">\n\t<span class=\"price\"><span class=\"woocommerce-Price-amount amount\"><bdi>119,95&nbsp;<span class=\"woocommerce-Price-currencySymbol\">&euro;<\/span><\/bdi><\/span><\/span>\n\n\n\n<\/div>\t\t<\/div>\n\t<\/div>\n\t\n<span class=\"gtm4wp_productdata\" style=\"display:none; visibility:hidden;\" data-gtm4wp_product_data=\"{&quot;internal_id&quot;:14874,&quot;item_id&quot;:14874,&quot;item_name&quot;:&quot;Fata della Foresta - Imbragature (Shorty)&quot;,&quot;sku&quot;:14874,&quot;price&quot;:119.95,&quot;stocklevel&quot;:null,&quot;stockstatus&quot;:&quot;instock&quot;,&quot;google_business_vertical&quot;:&quot;retail&quot;,&quot;item_category&quot;:&quot;Shorty&quot;,&quot;id&quot;:14874,&quot;productlink&quot;:&quot;https:\\\/\\\/mariblum.de\\\/it\\\/produkt\\\/fata-della-foresta-imbragature-shorty\\\/&quot;,&quot;item_list_name&quot;:&quot;Featured Products&quot;,&quot;index&quot;:1,&quot;product_type&quot;:&quot;variable&quot;,&quot;item_brand&quot;:&quot;&quot;}\"><\/span>\t<\/div>\n<\/div><div class=\"product-small col has-hover product type-product post-7227 status-publish instock product_cat-fascia-porta-bebe-in-canapa-imbragature product_cat-tessuti-di-canapa has-post-thumbnail featured shipping-taxable purchasable product-type-variable has-default-attributes\">\n\t<div class=\"col-inner\">\n\t\n<div class=\"badge-container absolute left top z-1\">\n\n<\/div>\n\t<div class=\"product-small box \">\n\t\t<div class=\"box-image\">\n\t\t\t<div class=\"image-fade_in_back\">\n\t\t\t\t<a href=\"https:\/\/mariblum.de\/it\/produkt\/magia-floreale-fascia-porta-bebe\/\">\n\t\t\t\t\t<img loading=\"lazy\" decoding=\"async\" width=\"247\" height=\"247\" src=\"https:\/\/mariblum.de\/wp-content\/uploads\/2021\/02\/banner-tragetuch-mariblum-aus-hanf-247x247.jpg\" class=\"attachment-woocommerce_thumbnail size-woocommerce_thumbnail\" alt=\"banner-tragetuch-mariblum-aus-hanf\" srcset=\"https:\/\/mariblum.de\/wp-content\/uploads\/2021\/02\/banner-tragetuch-mariblum-aus-hanf-247x247.jpg 247w, https:\/\/mariblum.de\/wp-content\/uploads\/2021\/02\/banner-tragetuch-mariblum-aus-hanf-100x100.jpg 100w, https:\/\/mariblum.de\/wp-content\/uploads\/2021\/02\/banner-tragetuch-mariblum-aus-hanf-300x300.jpg 300w, https:\/\/mariblum.de\/wp-content\/uploads\/2021\/02\/banner-tragetuch-mariblum-aus-hanf-150x150.jpg 150w, https:\/\/mariblum.de\/wp-content\/uploads\/2021\/02\/banner-tragetuch-mariblum-aus-hanf.jpg 500w\" sizes=\"auto, (max-width: 247px) 100vw, 247px\" \/><img loading=\"lazy\" decoding=\"async\" width=\"247\" height=\"247\" src=\"https:\/\/mariblum.de\/wp-content\/uploads\/2020\/06\/bl\u00fctenzauber-tragetuch-aus-hanf-scaled-e1592080050673-247x247.jpg\" class=\"show-on-hover absolute fill hide-for-small back-image\" alt=\"magia-floreale-fascia-porta-beb\u00e8-in-canapa\" aria-hidden=\"true\" srcset=\"https:\/\/mariblum.de\/wp-content\/uploads\/2020\/06\/bl\u00fctenzauber-tragetuch-aus-hanf-scaled-e1592080050673-247x247.jpg 247w, https:\/\/mariblum.de\/wp-content\/uploads\/2020\/06\/bl\u00fctenzauber-tragetuch-aus-hanf-scaled-e1592080050673-100x100.jpg 100w\" sizes=\"auto, (max-width: 247px) 100vw, 247px\" \/>\t\t\t\t<\/a>\n\t\t\t<\/div>\n\t\t\t<div class=\"image-tools is-small top right show-on-hover\">\n\t\t\t\t\t\t\t<\/div>\n\t\t\t<div class=\"image-tools is-small hide-for-small bottom left show-on-hover\">\n\t\t\t\t\t\t\t<\/div>\n\t\t\t<div class=\"image-tools grid-tools text-center hide-for-small bottom hover-slide-in show-on-hover\">\n\t\t\t\t<a href=\"#quick-view\" class=\"quick-view\" role=\"button\" data-prod=\"7227\" aria-haspopup=\"dialog\" aria-expanded=\"false\" data-flatsome-role-button>Anteprima<\/a>\t\t\t<\/div>\n\t\t\t\t\t<\/div>\n\n\t\t<div class=\"box-text box-text-products text-center grid-style-2\">\n\t\t\t<div class=\"ux-swatches ux-swatches-in-loop ux-swatches--rounded ux-swatches--x-small\" role=\"radiogroup\" data-flatsome-role-radiogroup><div data-image-src=\"https:\/\/mariblum.de\/wp-content\/uploads\/2021\/02\/banner-tragetuch-mariblum-aus-hanf-247x247.jpg\" data-image-srcset=\"https:\/\/mariblum.de\/wp-content\/uploads\/2021\/02\/banner-tragetuch-mariblum-aus-hanf-247x247.jpg 247w, https:\/\/mariblum.de\/wp-content\/uploads\/2021\/02\/banner-tragetuch-mariblum-aus-hanf-100x100.jpg 100w, https:\/\/mariblum.de\/wp-content\/uploads\/2021\/02\/banner-tragetuch-mariblum-aus-hanf-300x300.jpg 300w, https:\/\/mariblum.de\/wp-content\/uploads\/2021\/02\/banner-tragetuch-mariblum-aus-hanf-150x150.jpg 150w, https:\/\/mariblum.de\/wp-content\/uploads\/2021\/02\/banner-tragetuch-mariblum-aus-hanf.jpg 500w\" data-image-sizes=\"(max-width: 247px) 100vw, 247px\" data-attribute_name=\"attribute_pa_tt-groesze\" data-value=\"tt450-it\" aria-label=\"4,50 m\" role=\"radio\" aria-checked=\"false\" tabindex=\"0\" class=\"ux-swatch ux-swatch--label\"><span class=\"ux-swatch__text\">4,50 m<\/span><\/div><div data-image-src=\"https:\/\/mariblum.de\/wp-content\/uploads\/2021\/02\/banner-tragetuch-mariblum-aus-hanf-247x247.jpg\" data-image-srcset=\"https:\/\/mariblum.de\/wp-content\/uploads\/2021\/02\/banner-tragetuch-mariblum-aus-hanf-247x247.jpg 247w, https:\/\/mariblum.de\/wp-content\/uploads\/2021\/02\/banner-tragetuch-mariblum-aus-hanf-100x100.jpg 100w, https:\/\/mariblum.de\/wp-content\/uploads\/2021\/02\/banner-tragetuch-mariblum-aus-hanf-300x300.jpg 300w, https:\/\/mariblum.de\/wp-content\/uploads\/2021\/02\/banner-tragetuch-mariblum-aus-hanf-150x150.jpg 150w, https:\/\/mariblum.de\/wp-content\/uploads\/2021\/02\/banner-tragetuch-mariblum-aus-hanf.jpg 500w\" data-image-sizes=\"(max-width: 247px) 100vw, 247px\" data-attribute_name=\"attribute_pa_tt-groesze\" data-value=\"tt500-it\" aria-label=\"5,00 m\" role=\"radio\" aria-checked=\"false\" tabindex=\"0\" class=\"ux-swatch ux-swatch--label\"><span class=\"ux-swatch__text\">5,00 m<\/span><\/div><\/div><div class=\"title-wrapper\">\t\t<p class=\"category uppercase is-smaller no-text-overflow product-cat op-8\">\n\t\t\tImbragature in canapa\t\t<\/p>\n\t<p class=\"name product-title woocommerce-loop-product__title\"><a href=\"https:\/\/mariblum.de\/it\/produkt\/magia-floreale-fascia-porta-bebe\/\" class=\"woocommerce-LoopProduct-link woocommerce-loop-product__link\">Magia Floreale &#8211; Imbragature<\/a><\/p><\/div><div class=\"price-wrapper\">\n\t<span class=\"price\"><span class=\"woocommerce-Price-amount amount\"><bdi>219,95&nbsp;<span class=\"woocommerce-Price-currencySymbol\">&euro;<\/span><\/bdi><\/span> &ndash; <span class=\"woocommerce-Price-amount amount\"><bdi>229,95&nbsp;<span class=\"woocommerce-Price-currencySymbol\">&euro;<\/span><\/bdi><\/span><\/span>\n\n\n\n<\/div>\t\t<\/div>\n\t<\/div>\n\t\n<span class=\"gtm4wp_productdata\" style=\"display:none; visibility:hidden;\" data-gtm4wp_product_data=\"{&quot;internal_id&quot;:7227,&quot;item_id&quot;:7227,&quot;item_name&quot;:&quot;Magia Floreale - Imbragature&quot;,&quot;sku&quot;:7227,&quot;price&quot;:219.95,&quot;stocklevel&quot;:null,&quot;stockstatus&quot;:&quot;instock&quot;,&quot;google_business_vertical&quot;:&quot;retail&quot;,&quot;item_category&quot;:&quot;Imbragature in canapa&quot;,&quot;id&quot;:7227,&quot;productlink&quot;:&quot;https:\\\/\\\/mariblum.de\\\/it\\\/produkt\\\/magia-floreale-fascia-porta-bebe\\\/&quot;,&quot;item_list_name&quot;:&quot;Featured Products&quot;,&quot;index&quot;:2,&quot;product_type&quot;:&quot;variable&quot;,&quot;item_brand&quot;:&quot;&quot;}\"><\/span>\t<\/div>\n<\/div><div class=\"product-small col has-hover product type-product post-9226 status-publish instock product_cat-fascia-porta-bebe-in-canapa-imbragature product_cat-tessuti-di-canapa has-post-thumbnail featured shipping-taxable purchasable product-type-variable has-default-attributes has-product-safety-information\">\n\t<div class=\"col-inner\">\n\t\n<div class=\"badge-container absolute left top z-1\">\n\n<\/div>\n\t<div class=\"product-small box \">\n\t\t<div class=\"box-image\">\n\t\t\t<div class=\"image-fade_in_back\">\n\t\t\t\t<a href=\"https:\/\/mariblum.de\/it\/produkt\/gatto-sulla-spiaggia-fascia-porta-bebe\/\">\n\t\t\t\t\t<img loading=\"lazy\" decoding=\"async\" width=\"247\" height=\"247\" src=\"https:\/\/mariblum.de\/wp-content\/uploads\/2021\/01\/katze-am-strand-tragetuch-trageberaterin-247x247.jpg\" class=\"attachment-woocommerce_thumbnail size-woocommerce_thumbnail\" alt=\"gatto-sulla-spiaggia-fascia-porta-bebe\" srcset=\"https:\/\/mariblum.de\/wp-content\/uploads\/2021\/01\/katze-am-strand-tragetuch-trageberaterin-247x247.jpg 247w, https:\/\/mariblum.de\/wp-content\/uploads\/2021\/01\/katze-am-strand-tragetuch-trageberaterin-100x100.jpg 100w, https:\/\/mariblum.de\/wp-content\/uploads\/2021\/01\/katze-am-strand-tragetuch-trageberaterin-150x150.jpg 150w\" sizes=\"auto, (max-width: 247px) 100vw, 247px\" \/><img loading=\"lazy\" decoding=\"async\" width=\"247\" height=\"247\" src=\"https:\/\/mariblum.de\/wp-content\/uploads\/2021\/01\/katze-am-strand-tragetuch-aus-hanf-247x247.jpg\" class=\"show-on-hover absolute fill hide-for-small back-image\" alt=\"gatto-sulla-spiaggia-fascia-porta-bebe\" aria-hidden=\"true\" srcset=\"https:\/\/mariblum.de\/wp-content\/uploads\/2021\/01\/katze-am-strand-tragetuch-aus-hanf-247x247.jpg 247w, https:\/\/mariblum.de\/wp-content\/uploads\/2021\/01\/katze-am-strand-tragetuch-aus-hanf-100x100.jpg 100w, https:\/\/mariblum.de\/wp-content\/uploads\/2021\/01\/katze-am-strand-tragetuch-aus-hanf-150x150.jpg 150w\" sizes=\"auto, (max-width: 247px) 100vw, 247px\" \/>\t\t\t\t<\/a>\n\t\t\t<\/div>\n\t\t\t<div class=\"image-tools is-small top right show-on-hover\">\n\t\t\t\t\t\t\t<\/div>\n\t\t\t<div class=\"image-tools is-small hide-for-small bottom left show-on-hover\">\n\t\t\t\t\t\t\t<\/div>\n\t\t\t<div class=\"image-tools grid-tools text-center hide-for-small bottom hover-slide-in show-on-hover\">\n\t\t\t\t<a href=\"#quick-view\" class=\"quick-view\" role=\"button\" data-prod=\"9226\" aria-haspopup=\"dialog\" aria-expanded=\"false\" data-flatsome-role-button>Anteprima<\/a>\t\t\t<\/div>\n\t\t\t\t\t<\/div>\n\n\t\t<div class=\"box-text box-text-products text-center grid-style-2\">\n\t\t\t<div class=\"ux-swatches ux-swatches-in-loop ux-swatches--rounded ux-swatches--x-small\" role=\"radiogroup\" data-flatsome-role-radiogroup><div data-image-src=\"https:\/\/mariblum.de\/wp-content\/uploads\/2021\/01\/katze-am-strand-tragetuch-trageberaterin-247x247.jpg\" data-image-srcset=\"https:\/\/mariblum.de\/wp-content\/uploads\/2021\/01\/katze-am-strand-tragetuch-trageberaterin-247x247.jpg 247w, https:\/\/mariblum.de\/wp-content\/uploads\/2021\/01\/katze-am-strand-tragetuch-trageberaterin-100x100.jpg 100w, https:\/\/mariblum.de\/wp-content\/uploads\/2021\/01\/katze-am-strand-tragetuch-trageberaterin-150x150.jpg 150w\" data-image-sizes=\"(max-width: 247px) 100vw, 247px\" data-attribute_name=\"attribute_pa_tt-groesze\" data-value=\"tt450-it\" aria-label=\"4,50 m\" role=\"radio\" aria-checked=\"false\" tabindex=\"0\" class=\"ux-swatch ux-swatch--label\"><span class=\"ux-swatch__text\">4,50 m<\/span><\/div><div data-image-src=\"https:\/\/mariblum.de\/wp-content\/uploads\/2021\/01\/katze-am-strand-tragetuch-trageberaterin-247x247.jpg\" data-image-srcset=\"https:\/\/mariblum.de\/wp-content\/uploads\/2021\/01\/katze-am-strand-tragetuch-trageberaterin-247x247.jpg 247w, https:\/\/mariblum.de\/wp-content\/uploads\/2021\/01\/katze-am-strand-tragetuch-trageberaterin-100x100.jpg 100w, https:\/\/mariblum.de\/wp-content\/uploads\/2021\/01\/katze-am-strand-tragetuch-trageberaterin-150x150.jpg 150w\" data-image-sizes=\"(max-width: 247px) 100vw, 247px\" data-attribute_name=\"attribute_pa_tt-groesze\" data-value=\"tt500-it\" aria-label=\"5,00 m\" role=\"radio\" aria-checked=\"false\" tabindex=\"0\" class=\"ux-swatch ux-swatch--label\"><span class=\"ux-swatch__text\">5,00 m<\/span><\/div><\/div><div class=\"title-wrapper\">\t\t<p class=\"category uppercase is-smaller no-text-overflow product-cat op-8\">\n\t\t\tImbragature in canapa\t\t<\/p>\n\t<p class=\"name product-title woocommerce-loop-product__title\"><a href=\"https:\/\/mariblum.de\/it\/produkt\/gatto-sulla-spiaggia-fascia-porta-bebe\/\" class=\"woocommerce-LoopProduct-link woocommerce-loop-product__link\">Gatto sulla spiaggia &#8211; Imbragature<\/a><\/p><\/div><div class=\"price-wrapper\">\n\t<span class=\"price\"><span class=\"woocommerce-Price-amount amount\"><bdi>244,95&nbsp;<span class=\"woocommerce-Price-currencySymbol\">&euro;<\/span><\/bdi><\/span><\/span>\n\n\n\n<\/div>\t\t<\/div>\n\t<\/div>\n\t\n<span class=\"gtm4wp_productdata\" style=\"display:none; visibility:hidden;\" data-gtm4wp_product_data=\"{&quot;internal_id&quot;:9226,&quot;item_id&quot;:9226,&quot;item_name&quot;:&quot;Gatto sulla spiaggia - Imbragature&quot;,&quot;sku&quot;:9226,&quot;price&quot;:234.95,&quot;stocklevel&quot;:null,&quot;stockstatus&quot;:&quot;instock&quot;,&quot;google_business_vertical&quot;:&quot;retail&quot;,&quot;item_category&quot;:&quot;Imbragature in canapa&quot;,&quot;id&quot;:9226,&quot;productlink&quot;:&quot;https:\\\/\\\/mariblum.de\\\/it\\\/produkt\\\/gatto-sulla-spiaggia-fascia-porta-bebe\\\/&quot;,&quot;item_list_name&quot;:&quot;Featured Products&quot;,&quot;index&quot;:3,&quot;product_type&quot;:&quot;variable&quot;,&quot;item_brand&quot;:&quot;&quot;}\"><\/span>\t<\/div>\n<\/div><div class=\"product-small col has-hover product type-product post-7331 status-publish last instock product_cat-ring-sling-it product_cat-ring-sling-it-in-canapa product_cat-tessuti-di-canapa product_tag-colori product_tag-fiori product_tag-ring-sling-it has-post-thumbnail featured purchasable product-type-variable has-default-attributes has-product-safety-information\">\n\t<div class=\"col-inner\">\n\t\n<div class=\"badge-container absolute left top z-1\">\n\n<\/div>\n\t<div class=\"product-small box \">\n\t\t<div class=\"box-image\">\n\t\t\t<div class=\"image-fade_in_back\">\n\t\t\t\t<a href=\"https:\/\/mariblum.de\/it\/produkt\/prato-di-fiori-ring-sling\/\">\n\t\t\t\t\t<img loading=\"lazy\" decoding=\"async\" width=\"247\" height=\"247\" src=\"https:\/\/mariblum.de\/wp-content\/uploads\/2025\/05\/Blumenwiese-Ring-Sling-Hanf2-247x247.jpg\" class=\"attachment-woocommerce_thumbnail size-woocommerce_thumbnail\" alt=\"Prato di Fiori - Ring Sling in canapa\" srcset=\"https:\/\/mariblum.de\/wp-content\/uploads\/2025\/05\/Blumenwiese-Ring-Sling-Hanf2-247x247.jpg 247w, https:\/\/mariblum.de\/wp-content\/uploads\/2025\/05\/Blumenwiese-Ring-Sling-Hanf2-150x150.jpg 150w, https:\/\/mariblum.de\/wp-content\/uploads\/2025\/05\/Blumenwiese-Ring-Sling-Hanf2-100x100.jpg 100w\" sizes=\"auto, (max-width: 247px) 100vw, 247px\" \/><img loading=\"lazy\" decoding=\"async\" width=\"247\" height=\"247\" src=\"https:\/\/mariblum.de\/wp-content\/uploads\/2025\/05\/Blumenwiese-Ring-Sling-aus-Hanf2-247x247.jpg\" class=\"show-on-hover absolute fill hide-for-small back-image\" alt=\"Alternative view of Prato di Fiori - Ring Sling in canapa\" aria-hidden=\"true\" srcset=\"https:\/\/mariblum.de\/wp-content\/uploads\/2025\/05\/Blumenwiese-Ring-Sling-aus-Hanf2-247x247.jpg 247w, https:\/\/mariblum.de\/wp-content\/uploads\/2025\/05\/Blumenwiese-Ring-Sling-aus-Hanf2-150x150.jpg 150w, https:\/\/mariblum.de\/wp-content\/uploads\/2025\/05\/Blumenwiese-Ring-Sling-aus-Hanf2-100x100.jpg 100w\" sizes=\"auto, (max-width: 247px) 100vw, 247px\" \/>\t\t\t\t<\/a>\n\t\t\t<\/div>\n\t\t\t<div class=\"image-tools is-small top right show-on-hover\">\n\t\t\t\t\t\t\t<\/div>\n\t\t\t<div class=\"image-tools is-small hide-for-small bottom left show-on-hover\">\n\t\t\t\t\t\t\t<\/div>\n\t\t\t<div class=\"image-tools grid-tools text-center hide-for-small bottom hover-slide-in show-on-hover\">\n\t\t\t\t<a href=\"#quick-view\" class=\"quick-view\" role=\"button\" data-prod=\"7331\" aria-haspopup=\"dialog\" aria-expanded=\"false\" data-flatsome-role-button>Anteprima<\/a>\t\t\t<\/div>\n\t\t\t\t\t<\/div>\n\n\t\t<div class=\"box-text box-text-products text-center grid-style-2\">\n\t\t\t<div class=\"title-wrapper\">\t\t<p class=\"category uppercase is-smaller no-text-overflow product-cat op-8\">\n\t\t\tRing Slings\t\t<\/p>\n\t<p class=\"name product-title woocommerce-loop-product__title\"><a href=\"https:\/\/mariblum.de\/it\/produkt\/prato-di-fiori-ring-sling\/\" class=\"woocommerce-LoopProduct-link woocommerce-loop-product__link\">Prato di Fiori &#8211; Ring Sling in canapa<\/a><\/p><\/div><div class=\"price-wrapper\">\n\t<span class=\"price\"><span class=\"woocommerce-Price-amount amount\"><bdi>147,95&nbsp;<span class=\"woocommerce-Price-currencySymbol\">&euro;<\/span><\/bdi><\/span> &ndash; <span class=\"woocommerce-Price-amount amount\"><bdi>168,95&nbsp;<span class=\"woocommerce-Price-currencySymbol\">&euro;<\/span><\/bdi><\/span><\/span>\n\n\n\n<\/div>\t\t<\/div>\n\t<\/div>\n\t\n<span class=\"gtm4wp_productdata\" style=\"display:none; visibility:hidden;\" data-gtm4wp_product_data=\"{&quot;internal_id&quot;:7331,&quot;item_id&quot;:7331,&quot;item_name&quot;:&quot;Prato di Fiori - Ring Sling in canapa&quot;,&quot;sku&quot;:7331,&quot;price&quot;:147.95,&quot;stocklevel&quot;:null,&quot;stockstatus&quot;:&quot;instock&quot;,&quot;google_business_vertical&quot;:&quot;retail&quot;,&quot;item_category&quot;:&quot;Ring Slings&quot;,&quot;id&quot;:7331,&quot;productlink&quot;:&quot;https:\\\/\\\/mariblum.de\\\/it\\\/produkt\\\/prato-di-fiori-ring-sling\\\/&quot;,&quot;item_list_name&quot;:&quot;Featured Products&quot;,&quot;index&quot;:4,&quot;product_type&quot;:&quot;variable&quot;,&quot;item_brand&quot;:&quot;&quot;}\"><\/span>\t<\/div>\n<\/div><\/div><!-- row -->\n<\/div>\n<h2 id=\"consigli-per-il-portare-in-autunno\">Consigli pratici per il portare in autunno<\/h2>\n<figure> <img decoding=\"async\" src=\"https:\/\/mariblum.de\/wp-content\/uploads\/2024\/09\/Lavendelfeld-RingSling.jpeg\" alt=\"Portare con ring sling in autunno \u2013 mamma e bambino vestiti a strati\" loading=\"lazy\" \/><figcaption>Comfort autunnale: il segreto \u00e8 vestirsi a strati e scegliere il tessuto giusto.<\/figcaption><\/figure>\n<ul>\n<li><strong>Vestirsi a strati:<\/strong> Indossa pi\u00f9 strati leggeri per regolare meglio la temperatura. Una maglia sottile sotto la fascia \u00e8 perfetta per mantenere il comfort.<\/li>\n<li><strong>Tecnica di legatura:<\/strong> Assicurati che la legatura sia ben aderente per mantenere il calore e distribuire il peso in modo equilibrato.<\/li>\n<li><strong>Sciarpe e accessori:<\/strong> Proteggi il tuo collo con una sciarpa morbida, facendo sempre attenzione a lasciare libere le vie respiratorie del bambino.<\/li>\n<\/ul>\n<h2 id=\"conclusione-comfort-e-calore\">Conclusione: comfort e calore garantiti<\/h2>\n<figure> <img decoding=\"async\" src=\"https:\/\/mariblum.de\/wp-content\/uploads\/2024\/04\/Eichhoernchen-Ring-Sling-Braun-aus-Hanf-1.jpeg\" alt=\"Mamma e bambino con ring sling durante una passeggiata autunnale\" loading=\"lazy\" \/><figcaption>Con il materiale giusto, il portare in autunno diventa ancora pi\u00f9 piacevole.<\/figcaption><\/figure>\n<p>Cotone, lana o tessuto misto \u2014 con la scelta giusta, tu e il tuo bambino resterete al caldo e comodi. Esplora le diverse opzioni e trova la fascia o il ring sling che si adatta meglio al vostro stile di vita. Con comfort e traspirabilit\u00e0, non puoi sbagliare!<\/p>\n\n  \n    <div class=\"row large-columns-3 medium-columns-1 small-columns-1 slider row-slider slider-nav-reveal slider-nav-push\"  data-flickity-options='{&quot;imagesLoaded&quot;: true, &quot;groupCells&quot;: &quot;100%&quot;, &quot;dragThreshold&quot; : 5, &quot;cellAlign&quot;: &quot;left&quot;,&quot;wrapAround&quot;: true,&quot;prevNextButtons&quot;: true,&quot;percentPosition&quot;: true,&quot;pageDots&quot;: false, &quot;rightToLeft&quot;: false, &quot;autoPlay&quot; : false}' >\n\n  <div class=\"col post-item\" >\n\t\t\t<div class=\"col-inner\">\n\t\t\t\t<div class=\"box box-normal box-text-bottom box-blog-post has-hover\">\n            \t\t\t\t\t<div class=\"box-image\" >\n  \t\t\t\t\t\t<div class=\"image-cover\" style=\"padding-top:56.25%;\">\n\t\t\t\t\t\t\t<a href=\"https:\/\/mariblum.de\/it\/fascia-porta-bebe-invece-del-passeggino-i-vantaggi-sorprendenti-nella-vita-quotidiana\/\" class=\"plain\" aria-label=\"Fascia porta beb\u00e8 invece del passeggino \u2013 I vantaggi sorprendenti nella vita quotidiana\">\n\t\t\t\t\t\t\t\t<img loading=\"lazy\" decoding=\"async\" width=\"225\" height=\"300\" src=\"https:\/\/mariblum.de\/wp-content\/uploads\/2023\/04\/Lavendel-Ring-Sling-aus-Hanf-225x300.jpeg\" class=\"attachment-medium size-medium wp-post-image\" alt=\"\" srcset=\"https:\/\/mariblum.de\/wp-content\/uploads\/2023\/04\/Lavendel-Ring-Sling-aus-Hanf-225x300.jpeg 225w, https:\/\/mariblum.de\/wp-content\/uploads\/2023\/04\/Lavendel-Ring-Sling-aus-Hanf-510x680.jpeg 510w, https:\/\/mariblum.de\/wp-content\/uploads\/2023\/04\/Lavendel-Ring-Sling-aus-Hanf.jpeg 600w\" sizes=\"auto, (max-width: 225px) 100vw, 225px\" \/>\t\t\t\t\t\t\t<\/a>\n  \t\t\t\t\t\t\t  \t\t\t\t\t\t\t  \t\t\t\t\t\t<\/div>\n  \t\t\t\t\t\t  \t\t\t\t\t<\/div>\n          \t\t\t\t\t<div class=\"box-text text-center\" >\n\t\t\t\t\t<div class=\"box-text-inner blog-post-inner\">\n\n\t\t\t\t\t\n\t\t\t\t\t\t\t\t\t\t<h5 class=\"post-title is-large \">\n\t\t\t\t\t\t<a href=\"https:\/\/mariblum.de\/it\/fascia-porta-bebe-invece-del-passeggino-i-vantaggi-sorprendenti-nella-vita-quotidiana\/\" class=\"plain\">Fascia porta beb\u00e8 invece del passeggino \u2013 I vantaggi sorprendenti nella vita quotidiana<\/a>\n\t\t\t\t\t<\/h5>\n\t\t\t\t\t\t\t\t\t\t<div class=\"is-divider\"><\/div>\n\t\t\t\t\t\t\t\t\t\t<p class=\"from_the_blog_excerpt \">\n\t\t\t\t\t\tI passeggini sono considerati un must-have per i neo-genitori \u2013 ma cosa succede se ne [...]\t\t\t\t\t<\/p>\n\t\t\t\t\t                    \n\t\t\t\t\t\n\t\t\t\t\t\n\t\t\t\t\t<\/div>\n\t\t\t\t\t<\/div>\n\t\t\t\t\t\t\t\t\t\t\t\t\t\t\t\t<div class=\"badge absolute top post-date badge-outline\">\n\t\t\t\t\t\t\t<div class=\"badge-inner\">\n\t\t\t\t\t\t\t\t<span class=\"post-date-day\">02<\/span><br>\n\t\t\t\t\t\t\t\t<span class=\"post-date-month is-xsmall\">Apr<\/span>\n\t\t\t\t\t\t\t<\/div>\n\t\t\t\t\t\t<\/div>\n\t\t\t\t\t\t\t\t\t<\/div>\n\t\t\t<\/div>\n\t\t<\/div><div class=\"col post-item\" >\n\t\t\t<div class=\"col-inner\">\n\t\t\t\t<div class=\"box box-normal box-text-bottom box-blog-post has-hover\">\n            \t\t\t\t\t<div class=\"box-image\" >\n  \t\t\t\t\t\t<div class=\"image-cover\" style=\"padding-top:56.25%;\">\n\t\t\t\t\t\t\t<a href=\"https:\/\/mariblum.de\/it\/babywearing-senza-mal-di-schiena-5-errori-comuni-e-come-evitarli\/\" class=\"plain\" aria-label=\"Babywearing senza mal di schiena \u2013 5 errori comuni e come evitarli\">\n\t\t\t\t\t\t\t\t<img loading=\"lazy\" decoding=\"async\" width=\"225\" height=\"300\" src=\"https:\/\/mariblum.de\/wp-content\/uploads\/2025\/04\/Baby-Tragetuch-aus-Hanf-Zauberwald-225x300.jpeg\" class=\"attachment-medium size-medium wp-post-image\" alt=\"\" srcset=\"https:\/\/mariblum.de\/wp-content\/uploads\/2025\/04\/Baby-Tragetuch-aus-Hanf-Zauberwald-225x300.jpeg 225w, https:\/\/mariblum.de\/wp-content\/uploads\/2025\/04\/Baby-Tragetuch-aus-Hanf-Zauberwald-510x680.jpeg 510w, https:\/\/mariblum.de\/wp-content\/uploads\/2025\/04\/Baby-Tragetuch-aus-Hanf-Zauberwald.jpeg 600w\" sizes=\"auto, (max-width: 225px) 100vw, 225px\" \/>\t\t\t\t\t\t\t<\/a>\n  \t\t\t\t\t\t\t  \t\t\t\t\t\t\t  \t\t\t\t\t\t<\/div>\n  \t\t\t\t\t\t  \t\t\t\t\t<\/div>\n          \t\t\t\t\t<div class=\"box-text text-center\" >\n\t\t\t\t\t<div class=\"box-text-inner blog-post-inner\">\n\n\t\t\t\t\t\n\t\t\t\t\t\t\t\t\t\t<h5 class=\"post-title is-large \">\n\t\t\t\t\t\t<a href=\"https:\/\/mariblum.de\/it\/babywearing-senza-mal-di-schiena-5-errori-comuni-e-come-evitarli\/\" class=\"plain\">Babywearing senza mal di schiena \u2013 5 errori comuni e come evitarli<\/a>\n\t\t\t\t\t<\/h5>\n\t\t\t\t\t\t\t\t\t\t<div class=\"is-divider\"><\/div>\n\t\t\t\t\t\t\t\t\t\t<p class=\"from_the_blog_excerpt \">\n\t\t\t\t\t\tPortare il tuo bambino non dovrebbe mai essere doloroso \u2013 anzi, pu\u00f2 essere uno dei [...]\t\t\t\t\t<\/p>\n\t\t\t\t\t                    \n\t\t\t\t\t\n\t\t\t\t\t\n\t\t\t\t\t<\/div>\n\t\t\t\t\t<\/div>\n\t\t\t\t\t\t\t\t\t\t\t\t\t\t\t\t<div class=\"badge absolute top post-date badge-outline\">\n\t\t\t\t\t\t\t<div class=\"badge-inner\">\n\t\t\t\t\t\t\t\t<span class=\"post-date-day\">14<\/span><br>\n\t\t\t\t\t\t\t\t<span class=\"post-date-month is-xsmall\">Nov<\/span>\n\t\t\t\t\t\t\t<\/div>\n\t\t\t\t\t\t<\/div>\n\t\t\t\t\t\t\t\t\t<\/div>\n\t\t\t<\/div>\n\t\t<\/div><div class=\"col post-item\" >\n\t\t\t<div class=\"col-inner\">\n\t\t\t\t<div class=\"box box-normal box-text-bottom box-blog-post has-hover\">\n            \t\t\t\t\t<div class=\"box-image\" >\n  \t\t\t\t\t\t<div class=\"image-cover\" style=\"padding-top:56.25%;\">\n\t\t\t\t\t\t\t<a href=\"https:\/\/mariblum.de\/it\/portare-i-bambini-in-inverno-7-miti-verita-sincere-e-piccoli-svantaggi\/\" class=\"plain\" aria-label=\"Portare i bambini in inverno: 7 miti, verit\u00e0 sincere e piccoli svantaggi\">\n\t\t\t\t\t\t\t\t<img loading=\"lazy\" decoding=\"async\" width=\"200\" height=\"300\" src=\"https:\/\/mariblum.de\/wp-content\/uploads\/2019\/10\/kornblume-ring-sling-aus-hanf-gefaltet-200x300.png\" class=\"attachment-medium size-medium wp-post-image\" alt=\"kornblume-ring-sling-aus-hanf-trageberatung-richtig-gebunden\" srcset=\"https:\/\/mariblum.de\/wp-content\/uploads\/2019\/10\/kornblume-ring-sling-aus-hanf-gefaltet-200x300.png 200w, https:\/\/mariblum.de\/wp-content\/uploads\/2019\/10\/kornblume-ring-sling-aus-hanf-gefaltet-510x765.png 510w, https:\/\/mariblum.de\/wp-content\/uploads\/2019\/10\/kornblume-ring-sling-aus-hanf-gefaltet.png 533w\" sizes=\"auto, (max-width: 200px) 100vw, 200px\" \/>\t\t\t\t\t\t\t<\/a>\n  \t\t\t\t\t\t\t  \t\t\t\t\t\t\t  \t\t\t\t\t\t<\/div>\n  \t\t\t\t\t\t  \t\t\t\t\t<\/div>\n          \t\t\t\t\t<div class=\"box-text text-center\" >\n\t\t\t\t\t<div class=\"box-text-inner blog-post-inner\">\n\n\t\t\t\t\t\n\t\t\t\t\t\t\t\t\t\t<h5 class=\"post-title is-large \">\n\t\t\t\t\t\t<a href=\"https:\/\/mariblum.de\/it\/portare-i-bambini-in-inverno-7-miti-verita-sincere-e-piccoli-svantaggi\/\" class=\"plain\">Portare i bambini in inverno: 7 miti, verit\u00e0 sincere e piccoli svantaggi<\/a>\n\t\t\t\t\t<\/h5>\n\t\t\t\t\t\t\t\t\t\t<div class=\"is-divider\"><\/div>\n\t\t\t\t\t\t\t\t\t\t<p class=\"from_the_blog_excerpt \">\n\t\t\t\t\t\tQuando le giornate si accorciano e il freddo comincia a farsi sentire, molte mamme si [...]\t\t\t\t\t<\/p>\n\t\t\t\t\t                    \n\t\t\t\t\t\n\t\t\t\t\t\n\t\t\t\t\t<\/div>\n\t\t\t\t\t<\/div>\n\t\t\t\t\t\t\t\t\t\t\t\t\t\t\t\t<div class=\"badge absolute top post-date badge-outline\">\n\t\t\t\t\t\t\t<div class=\"badge-inner\">\n\t\t\t\t\t\t\t\t<span class=\"post-date-day\">07<\/span><br>\n\t\t\t\t\t\t\t\t<span class=\"post-date-month is-xsmall\">Nov<\/span>\n\t\t\t\t\t\t\t<\/div>\n\t\t\t\t\t\t<\/div>\n\t\t\t\t\t\t\t\t\t<\/div>\n\t\t\t<\/div>\n\t\t<\/div><div class=\"col post-item\" >\n\t\t\t<div class=\"col-inner\">\n\t\t\t\t<div class=\"box box-normal box-text-bottom box-blog-post has-hover\">\n            \t\t\t\t\t<div class=\"box-image\" >\n  \t\t\t\t\t\t<div class=\"image-cover\" style=\"padding-top:56.25%;\">\n\t\t\t\t\t\t\t<a href=\"https:\/\/mariblum.de\/it\/guida-ai-materiali-per-fasce-e-ring-sling-in-autunno\/\" class=\"plain\" aria-label=\"Guida ai materiali per fasce e ring sling in autunno\">\n\t\t\t\t\t\t\t\t<img loading=\"lazy\" decoding=\"async\" width=\"225\" height=\"300\" src=\"https:\/\/mariblum.de\/wp-content\/uploads\/2023\/04\/Ring-Sling-aus-Hanf-Lavendelfeld-225x300.jpeg\" class=\"attachment-medium size-medium wp-post-image\" alt=\"\" srcset=\"https:\/\/mariblum.de\/wp-content\/uploads\/2023\/04\/Ring-Sling-aus-Hanf-Lavendelfeld-225x300.jpeg 225w, https:\/\/mariblum.de\/wp-content\/uploads\/2023\/04\/Ring-Sling-aus-Hanf-Lavendelfeld-510x680.jpeg 510w, https:\/\/mariblum.de\/wp-content\/uploads\/2023\/04\/Ring-Sling-aus-Hanf-Lavendelfeld.jpeg 600w\" sizes=\"auto, (max-width: 225px) 100vw, 225px\" \/>\t\t\t\t\t\t\t<\/a>\n  \t\t\t\t\t\t\t  \t\t\t\t\t\t\t  \t\t\t\t\t\t<\/div>\n  \t\t\t\t\t\t  \t\t\t\t\t<\/div>\n          \t\t\t\t\t<div class=\"box-text text-center\" >\n\t\t\t\t\t<div class=\"box-text-inner blog-post-inner\">\n\n\t\t\t\t\t\n\t\t\t\t\t\t\t\t\t\t<h5 class=\"post-title is-large \">\n\t\t\t\t\t\t<a href=\"https:\/\/mariblum.de\/it\/guida-ai-materiali-per-fasce-e-ring-sling-in-autunno\/\" class=\"plain\">Guida ai materiali per fasce e ring sling in autunno<\/a>\n\t\t\t\t\t<\/h5>\n\t\t\t\t\t\t\t\t\t\t<div class=\"is-divider\"><\/div>\n\t\t\t\t\t\t\t\t\t\t<p class=\"from_the_blog_excerpt \">\n\t\t\t\t\t\tL\u2019autunno \u00e8 alle porte, con giornate pi\u00f9 fresche che ci invitano a vestirci in modo [...]\t\t\t\t\t<\/p>\n\t\t\t\t\t                    \n\t\t\t\t\t\n\t\t\t\t\t\n\t\t\t\t\t<\/div>\n\t\t\t\t\t<\/div>\n\t\t\t\t\t\t\t\t\t\t\t\t\t\t\t\t<div class=\"badge absolute top post-date badge-outline\">\n\t\t\t\t\t\t\t<div class=\"badge-inner\">\n\t\t\t\t\t\t\t\t<span class=\"post-date-day\">03<\/span><br>\n\t\t\t\t\t\t\t\t<span class=\"post-date-month is-xsmall\">Nov<\/span>\n\t\t\t\t\t\t\t<\/div>\n\t\t\t\t\t\t<\/div>\n\t\t\t\t\t\t\t\t\t<\/div>\n\t\t\t<\/div>\n\t\t<\/div><div class=\"col post-item\" >\n\t\t\t<div class=\"col-inner\">\n\t\t\t\t<div class=\"box box-normal box-text-bottom box-blog-post has-hover\">\n            \t\t\t\t\t<div class=\"box-image\" >\n  \t\t\t\t\t\t<div class=\"image-cover\" style=\"padding-top:56.25%;\">\n\t\t\t\t\t\t\t<a href=\"https:\/\/mariblum.de\/it\/scegliere-la-prima-fascia-materiali-taglia-ergonomia-guida-per-iniziare-a-fasciare-e-usare-il-ring-sling\/\" class=\"plain\" aria-label=\"Scegliere la prima fascia: materiali, taglia &#038; ergonomia \u2014 Guida per iniziare a fasciare e usare il ring sling\">\n\t\t\t\t\t\t\t\t<img loading=\"lazy\" decoding=\"async\" width=\"225\" height=\"300\" src=\"https:\/\/mariblum.de\/wp-content\/uploads\/2025\/03\/Dark-Forest-Tragetuch-aus-Hanf-225x300.jpg\" class=\"attachment-medium size-medium wp-post-image\" alt=\"\" srcset=\"https:\/\/mariblum.de\/wp-content\/uploads\/2025\/03\/Dark-Forest-Tragetuch-aus-Hanf-225x300.jpg 225w, https:\/\/mariblum.de\/wp-content\/uploads\/2025\/03\/Dark-Forest-Tragetuch-aus-Hanf.jpg 450w\" sizes=\"auto, (max-width: 225px) 100vw, 225px\" \/>\t\t\t\t\t\t\t<\/a>\n  \t\t\t\t\t\t\t  \t\t\t\t\t\t\t  \t\t\t\t\t\t<\/div>\n  \t\t\t\t\t\t  \t\t\t\t\t<\/div>\n          \t\t\t\t\t<div class=\"box-text text-center\" >\n\t\t\t\t\t<div class=\"box-text-inner blog-post-inner\">\n\n\t\t\t\t\t\n\t\t\t\t\t\t\t\t\t\t<h5 class=\"post-title is-large \">\n\t\t\t\t\t\t<a href=\"https:\/\/mariblum.de\/it\/scegliere-la-prima-fascia-materiali-taglia-ergonomia-guida-per-iniziare-a-fasciare-e-usare-il-ring-sling\/\" class=\"plain\">Scegliere la prima fascia: materiali, taglia &#038; ergonomia \u2014 Guida per iniziare a fasciare e usare il ring sling<\/a>\n\t\t\t\t\t<\/h5>\n\t\t\t\t\t\t\t\t\t\t<div class=\"is-divider\"><\/div>\n\t\t\t\t\t\t\t\t\t\t<p class=\"from_the_blog_excerpt \">\n\t\t\t\t\t\tScegliere la tua prima fascia o un ring sling pu\u00f2 sembrare travolgente. Con qualche riferimento [...]\t\t\t\t\t<\/p>\n\t\t\t\t\t                    \n\t\t\t\t\t\n\t\t\t\t\t\n\t\t\t\t\t<\/div>\n\t\t\t\t\t<\/div>\n\t\t\t\t\t\t\t\t\t\t\t\t\t\t\t\t<div class=\"badge absolute top post-date badge-outline\">\n\t\t\t\t\t\t\t<div class=\"badge-inner\">\n\t\t\t\t\t\t\t\t<span class=\"post-date-day\">24<\/span><br>\n\t\t\t\t\t\t\t\t<span class=\"post-date-month is-xsmall\">Ott<\/span>\n\t\t\t\t\t\t\t<\/div>\n\t\t\t\t\t\t<\/div>\n\t\t\t\t\t\t\t\t\t<\/div>\n\t\t\t<\/div>\n\t\t<\/div><div class=\"col post-item\" >\n\t\t\t<div class=\"col-inner\">\n\t\t\t\t<div class=\"box box-normal box-text-bottom box-blog-post has-hover\">\n            \t\t\t\t\t<div class=\"box-image\" >\n  \t\t\t\t\t\t<div class=\"image-cover\" style=\"padding-top:56.25%;\">\n\t\t\t\t\t\t\t<a href=\"https:\/\/mariblum.de\/it\/portare-i-bambini-e-fratelli-consigli-sensibili-per-le-giovani-mamme\/\" class=\"plain\" aria-label=\"Portare i bambini e fratelli: consigli sensibili per le giovani mamme\">\n\t\t\t\t\t\t\t\t<img loading=\"lazy\" decoding=\"async\" width=\"225\" height=\"300\" src=\"https:\/\/mariblum.de\/wp-content\/uploads\/2025\/04\/Baby-Tragetuch-aus-Hanf-Zauberwald-225x300.jpeg\" class=\"attachment-medium size-medium wp-post-image\" alt=\"\" srcset=\"https:\/\/mariblum.de\/wp-content\/uploads\/2025\/04\/Baby-Tragetuch-aus-Hanf-Zauberwald-225x300.jpeg 225w, https:\/\/mariblum.de\/wp-content\/uploads\/2025\/04\/Baby-Tragetuch-aus-Hanf-Zauberwald-510x680.jpeg 510w, https:\/\/mariblum.de\/wp-content\/uploads\/2025\/04\/Baby-Tragetuch-aus-Hanf-Zauberwald.jpeg 600w\" sizes=\"auto, (max-width: 225px) 100vw, 225px\" \/>\t\t\t\t\t\t\t<\/a>\n  \t\t\t\t\t\t\t  \t\t\t\t\t\t\t  \t\t\t\t\t\t<\/div>\n  \t\t\t\t\t\t  \t\t\t\t\t<\/div>\n          \t\t\t\t\t<div class=\"box-text text-center\" >\n\t\t\t\t\t<div class=\"box-text-inner blog-post-inner\">\n\n\t\t\t\t\t\n\t\t\t\t\t\t\t\t\t\t<h5 class=\"post-title is-large \">\n\t\t\t\t\t\t<a href=\"https:\/\/mariblum.de\/it\/portare-i-bambini-e-fratelli-consigli-sensibili-per-le-giovani-mamme\/\" class=\"plain\">Portare i bambini e fratelli: consigli sensibili per le giovani mamme<\/a>\n\t\t\t\t\t<\/h5>\n\t\t\t\t\t\t\t\t\t\t<div class=\"is-divider\"><\/div>\n\t\t\t\t\t\t\t\t\t\t<p class=\"from_the_blog_excerpt \">\n\t\t\t\t\t\tLa vita da neo-mamma porta con s\u00e9 molte sfide \u2014 e innumerevoli piccole gioie. Uno [...]\t\t\t\t\t<\/p>\n\t\t\t\t\t                    \n\t\t\t\t\t\n\t\t\t\t\t\n\t\t\t\t\t<\/div>\n\t\t\t\t\t<\/div>\n\t\t\t\t\t\t\t\t\t\t\t\t\t\t\t\t<div class=\"badge absolute top post-date badge-outline\">\n\t\t\t\t\t\t\t<div class=\"badge-inner\">\n\t\t\t\t\t\t\t\t<span class=\"post-date-day\">17<\/span><br>\n\t\t\t\t\t\t\t\t<span class=\"post-date-month is-xsmall\">Ott<\/span>\n\t\t\t\t\t\t\t<\/div>\n\t\t\t\t\t\t<\/div>\n\t\t\t\t\t\t\t\t\t<\/div>\n\t\t\t<\/div>\n\t\t<\/div><div class=\"col post-item\" >\n\t\t\t<div class=\"col-inner\">\n\t\t\t\t<div class=\"box box-normal box-text-bottom box-blog-post has-hover\">\n            \t\t\t\t\t<div class=\"box-image\" >\n  \t\t\t\t\t\t<div class=\"image-cover\" style=\"padding-top:56.25%;\">\n\t\t\t\t\t\t\t<a href=\"https:\/\/mariblum.de\/it\/passeggiate-autunnali-con-ring-sling-flessibile-vicino-sicuro-luoghi-top-consigli-checklist\/\" class=\"plain\" aria-label=\"Passeggiate autunnali con ring sling: flessibile, vicino &#038; sicuro \u2014 luoghi top, consigli &#038; checklist\">\n\t\t\t\t\t\t\t\t<img loading=\"lazy\" decoding=\"async\" width=\"225\" height=\"300\" src=\"https:\/\/mariblum.de\/wp-content\/uploads\/2025\/04\/Baumwolle-Baby-Tragetuch_Elefantenmotiv-weiss-blau-225x300.jpg\" class=\"attachment-medium size-medium wp-post-image\" alt=\"\" srcset=\"https:\/\/mariblum.de\/wp-content\/uploads\/2025\/04\/Baumwolle-Baby-Tragetuch_Elefantenmotiv-weiss-blau-225x300.jpg 225w, https:\/\/mariblum.de\/wp-content\/uploads\/2025\/04\/Baumwolle-Baby-Tragetuch_Elefantenmotiv-weiss-blau-510x680.jpg 510w, https:\/\/mariblum.de\/wp-content\/uploads\/2025\/04\/Baumwolle-Baby-Tragetuch_Elefantenmotiv-weiss-blau.jpg 600w\" sizes=\"auto, (max-width: 225px) 100vw, 225px\" \/>\t\t\t\t\t\t\t<\/a>\n  \t\t\t\t\t\t\t  \t\t\t\t\t\t\t  \t\t\t\t\t\t<\/div>\n  \t\t\t\t\t\t  \t\t\t\t\t<\/div>\n          \t\t\t\t\t<div class=\"box-text text-center\" >\n\t\t\t\t\t<div class=\"box-text-inner blog-post-inner\">\n\n\t\t\t\t\t\n\t\t\t\t\t\t\t\t\t\t<h5 class=\"post-title is-large \">\n\t\t\t\t\t\t<a href=\"https:\/\/mariblum.de\/it\/passeggiate-autunnali-con-ring-sling-flessibile-vicino-sicuro-luoghi-top-consigli-checklist\/\" class=\"plain\">Passeggiate autunnali con ring sling: flessibile, vicino &#038; sicuro \u2014 luoghi top, consigli &#038; checklist<\/a>\n\t\t\t\t\t<\/h5>\n\t\t\t\t\t\t\t\t\t\t<div class=\"is-divider\"><\/div>\n\t\t\t\t\t\t\t\t\t\t<p class=\"from_the_blog_excerpt \">\n\t\t\t\t\t\tL\u2019autunno \u00e8 una stagione magica: le foglie brillano di colori caldi e l\u2019aria \u00e8 fresca [...]\t\t\t\t\t<\/p>\n\t\t\t\t\t                    \n\t\t\t\t\t\n\t\t\t\t\t\n\t\t\t\t\t<\/div>\n\t\t\t\t\t<\/div>\n\t\t\t\t\t\t\t\t\t\t\t\t\t\t\t\t<div class=\"badge absolute top post-date badge-outline\">\n\t\t\t\t\t\t\t<div class=\"badge-inner\">\n\t\t\t\t\t\t\t\t<span class=\"post-date-day\">10<\/span><br>\n\t\t\t\t\t\t\t\t<span class=\"post-date-month is-xsmall\">Ott<\/span>\n\t\t\t\t\t\t\t<\/div>\n\t\t\t\t\t\t<\/div>\n\t\t\t\t\t\t\t\t\t<\/div>\n\t\t\t<\/div>\n\t\t<\/div><div class=\"col post-item\" >\n\t\t\t<div class=\"col-inner\">\n\t\t\t\t<div class=\"box box-normal box-text-bottom box-blog-post has-hover\">\n            \t\t\t\t\t<div class=\"box-image\" >\n  \t\t\t\t\t\t<div class=\"image-cover\" style=\"padding-top:56.25%;\">\n\t\t\t\t\t\t\t<a href=\"https:\/\/mariblum.de\/it\/come-vestirsi-e-vestire-il-bambino-quando-lo-si-porta-in-braccio\/\" class=\"plain\" aria-label=\"Come vestirsi e vestire il bambino quando lo si porta in braccio\">\n\t\t\t\t\t\t\t\t<img loading=\"lazy\" decoding=\"async\" width=\"193\" height=\"300\" src=\"https:\/\/mariblum.de\/wp-content\/uploads\/2019\/02\/Olive_Ring-Sling_detail-scaled-e1576770252650-193x300.jpg\" class=\"attachment-medium size-medium wp-post-image\" alt=\"oliva-ring-sling-verde-in-canapa\" srcset=\"https:\/\/mariblum.de\/wp-content\/uploads\/2019\/02\/Olive_Ring-Sling_detail-scaled-e1576770252650-193x300.jpg 193w, https:\/\/mariblum.de\/wp-content\/uploads\/2019\/02\/Olive_Ring-Sling_detail-scaled-e1576770252650-510x794.jpg 510w, https:\/\/mariblum.de\/wp-content\/uploads\/2019\/02\/Olive_Ring-Sling_detail-scaled-e1576770252650.jpg 514w\" sizes=\"auto, (max-width: 193px) 100vw, 193px\" \/>\t\t\t\t\t\t\t<\/a>\n  \t\t\t\t\t\t\t  \t\t\t\t\t\t\t  \t\t\t\t\t\t<\/div>\n  \t\t\t\t\t\t  \t\t\t\t\t<\/div>\n          \t\t\t\t\t<div class=\"box-text text-center\" >\n\t\t\t\t\t<div class=\"box-text-inner blog-post-inner\">\n\n\t\t\t\t\t\n\t\t\t\t\t\t\t\t\t\t<h5 class=\"post-title is-large \">\n\t\t\t\t\t\t<a href=\"https:\/\/mariblum.de\/it\/come-vestirsi-e-vestire-il-bambino-quando-lo-si-porta-in-braccio\/\" class=\"plain\">Come vestirsi e vestire il bambino quando lo si porta in braccio<\/a>\n\t\t\t\t\t<\/h5>\n\t\t\t\t\t\t\t\t\t\t<div class=\"is-divider\"><\/div>\n\t\t\t\t\t\t\t\t\t\t<p class=\"from_the_blog_excerpt \">\n\t\t\t\t\t\tLa vita da neo-mamma \u00e8 piena di nuove sfide \u2014 e di splendidi momenti condivisi. [...]\t\t\t\t\t<\/p>\n\t\t\t\t\t                    \n\t\t\t\t\t\n\t\t\t\t\t\n\t\t\t\t\t<\/div>\n\t\t\t\t\t<\/div>\n\t\t\t\t\t\t\t\t\t\t\t\t\t\t\t\t<div class=\"badge absolute top post-date badge-outline\">\n\t\t\t\t\t\t\t<div class=\"badge-inner\">\n\t\t\t\t\t\t\t\t<span class=\"post-date-day\">26<\/span><br>\n\t\t\t\t\t\t\t\t<span class=\"post-date-month is-xsmall\">Set<\/span>\n\t\t\t\t\t\t\t<\/div>\n\t\t\t\t\t\t<\/div>\n\t\t\t\t\t\t\t\t\t<\/div>\n\t\t\t<\/div>\n\t\t<\/div><\/div>\n<h2 id=\"faq-fasce-e-ring-sling-autunno\">FAQ: Fasce e Ring Sling in autunno<\/h2>\n<figure> <img decoding=\"async\" src=\"https:\/\/mariblum.de\/wp-content\/uploads\/2024\/04\/Waldfee-Tragetuch-Hanf.jpg\" alt=\"Primo piano di un tessuto strutturato per fascia porta beb\u00e8 \u2013 ideale per l\u2019autunno\" loading=\"lazy\" \/><figcaption>La scelta del tessuto e della trama \u00e8 fondamentale per il comfort autunnale.<\/figcaption><\/figure>\n<div class=\"faq\">\n<h3 id=\"quanto-spesso-lavare\">Ogni quanto dovrei lavare la fascia?<\/h3>\n<p>Dipende dall\u2019uso e dal materiale. In generale, una volta a settimana o quando \u00e8 visibilmente sporca. Le fasce in lana richiedono lavaggi pi\u00f9 delicati e meno frequenti.<\/p>\n<h3 id=\"lavaggio-in-lavatrice\">Posso lavare la fascia in lavatrice?<\/h3>\n<p>S\u00ec, la maggior parte delle fasce in cotone o tessuto misto si pu\u00f2 lavare in lavatrice. La lana va lavata a freddo con programma delicato e detergente specifico.<\/p>\n<h3 id=\"scegliere-la-taglia\">Come scegliere la taglia giusta?<\/h3>\n<p>La misura dipende dalla tua altezza e dallo stile di legatura. Consulta le tabelle delle taglie fornite dai produttori per una scelta precisa.<\/p>\n<h3 id=\"ring-sling-o-fascia\">Il ring sling \u00e8 pi\u00f9 facile da usare di una fascia?<\/h3>\n<p>Spesso s\u00ec: si indossa rapidamente ed \u00e8 perfetto per uscite brevi. La fascia classica, invece, offre pi\u00f9 sostegno e diverse opzioni di legatura.<\/p>\n<h3 id=\"differenza-fascia-ring-sling\">Qual \u00e8 la differenza tra una fascia e un ring sling?<\/h3>\n<p>La fascia \u00e8 una lunga striscia di tessuto da annodare, mentre il ring sling \u00e8 pi\u00f9 corto e si regola tramite due anelli \u2014 pratico e veloce da indossare.<\/p>\n<\/p><\/div>\n<p> <!-- JSON-LD FAQ Schema --> <script type=\"application\/ld+json\"> { \"@context\": \"https:\/\/schema.org\", \"@type\": \"FAQPage\", \"mainEntity\": [ { \"@type\": \"Question\", \"name\": \"Ogni quanto dovrei lavare la fascia?\", \"acceptedAnswer\": { \"@type\": \"Answer\", \"text\": \"In genere una volta a settimana o quando \u00e8 sporca. Le fasce in lana richiedono meno lavaggi e devono essere trattate con delicatezza.\" } }, { \"@type\": \"Question\", \"name\": \"Posso lavare la fascia in lavatrice?\", \"acceptedAnswer\": { \"@type\": \"Answer\", \"text\": \"S\u00ec, cotone e tessuti misti possono essere lavati in lavatrice. La lana solo a freddo, con programma delicato e detergente per lana.\" } }, { \"@type\": \"Question\", \"name\": \"Come scegliere la taglia giusta?\", \"acceptedAnswer\": { \"@type\": \"Answer\", \"text\": \"La lunghezza dipende dalla tua altezza e dalle legature che preferisci. Consulta le guide alle taglie dei produttori.\" } }, { \"@type\": \"Question\", \"name\": \"Il ring sling \u00e8 pi\u00f9 facile da usare di una fascia?\", \"acceptedAnswer\": { \"@type\": \"Answer\", \"text\": \"S\u00ec, \u00e8 pi\u00f9 veloce da indossare ed \u00e8 pratico per le uscite brevi. La fascia lunga offre pi\u00f9 sostegno e flessibilit\u00e0.\" } }, { \"@type\": \"Question\", \"name\": \"Qual \u00e8 la differenza tra una fascia e un ring sling?\", \"acceptedAnswer\": { \"@type\": \"Answer\", \"text\": \"La fascia si annoda intorno al corpo, mentre il ring sling si regola con anelli per una vestibilit\u00e0 rapida e semplice.\" } } ] } <\/script> <!-- SEO --> <!-- SEO Title:  --> <!-- Meta Description:  --> <!-- Keywords:  --><\/p>\n","protected":false},"excerpt":{"rendered":"<p>L\u2019autunno \u00e8 alle porte, con giornate pi\u00f9 fresche che ci invitano a vestirci in modo caldo e confortevole. Come giovane mamma, desideri naturalmente tenere il tuo piccolo al caldo senza farlo sudare. In questa guida ai materiali scoprirai quali tessuti e tipi di tessitura sono ideali per fasce e ring sling durante la stagione autunnale [&#8230;]\n","protected":false},"author":1,"featured_media":19066,"comment_status":"closed","ping_status":"closed","sticky":false,"template":"","format":"standard","meta":{"footnotes":""},"categories":[2150,2973,2145,2147,2151,2146,852,2144],"tags":[3484,3481,3482,3489,3454,3483,3455,3485,3458,3487,3307,3488,3460,3486,3462],"class_list":["post-19978","post","type-post","status-publish","format-standard","has-post-thumbnail","hentry","category-autunno","category-bonding-it","category-canapa","category-cotone","category-inverno","category-lino","category-mariblum-porta-bebe-news","category-tessuti","tag-fascia-jacquard","tag-fascia-portabebe-autunno","tag-guida-materiali-portare","tag-guida-portare","tag-jacquard-tragetuch-it","tag-lana-merino-bebe","tag-leinen-tragetuch-it","tag-lino-fascia","tag-mischgewebe-it","tag-portare-in-autunno","tag-ring-sling-autunno","tag-tessuti-fasce","tag-tragen-im-herbst-it","tag-twill-portabebe","tag-twill-tragetuch-it"],"yoast_head":"<!-- This site is optimized with the Yoast SEO Premium plugin v23.3 (Yoast SEO v27.2) - https:\/\/yoast.com\/product\/yoast-seo-premium-wordpress\/ -->\n<title>Guida ai materiali per fasce e ring sling in autunno<\/title>\n<meta name=\"description\" content=\"Scopri i migliori tessuti e tipi di tessitura per il portare in autunno: cotone, lana merino, misti, jacquard, lino, twill \u2013 con consigli pratici per mamme.\" \/>\n<meta name=\"robots\" content=\"index, follow, max-snippet:-1, max-image-preview:large, max-video-preview:-1\" \/>\n<link rel=\"canonical\" href=\"https:\/\/mariblum.de\/it\/guida-ai-materiali-per-fasce-e-ring-sling-in-autunno\/\" \/>\n<meta property=\"og:locale\" content=\"it_IT\" \/>\n<meta property=\"og:type\" content=\"article\" \/>\n<meta property=\"og:title\" content=\"Guida ai materiali per fasce e ring sling in autunno\" \/>\n<meta property=\"og:description\" content=\"Scopri i migliori tessuti e tipi di tessitura per il portare in autunno: cotone, lana merino, misti, jacquard, lino, twill \u2013 con consigli pratici per mamme.\" \/>\n<meta property=\"og:url\" content=\"https:\/\/mariblum.de\/it\/guida-ai-materiali-per-fasce-e-ring-sling-in-autunno\/\" \/>\n<meta property=\"og:site_name\" content=\"mariblum - Fascia Porta Bebe\" \/>\n<meta property=\"article:published_time\" content=\"2025-11-03T06:55:49+00:00\" \/>\n<meta property=\"og:image\" content=\"https:\/\/mariblum.de\/wp-content\/uploads\/2023\/04\/Ring-Sling-aus-Hanf-Lavendelfeld.jpeg\" \/>\n\t<meta property=\"og:image:width\" content=\"600\" \/>\n\t<meta property=\"og:image:height\" content=\"800\" \/>\n\t<meta property=\"og:image:type\" content=\"image\/jpeg\" \/>\n<meta name=\"author\" content=\"mariblum\" \/>\n<meta name=\"twitter:card\" content=\"summary_large_image\" \/>\n<meta name=\"twitter:label1\" content=\"Scritto da\" \/>\n\t<meta name=\"twitter:data1\" content=\"mariblum\" \/>\n\t<meta name=\"twitter:label2\" content=\"Tempo di lettura stimato\" \/>\n\t<meta name=\"twitter:data2\" content=\"6 minuti\" \/>\n<script type=\"application\/ld+json\" class=\"yoast-schema-graph\">{\"@context\":\"https:\/\/schema.org\",\"@graph\":[{\"@type\":\"Article\",\"@id\":\"https:\/\/mariblum.de\/it\/guida-ai-materiali-per-fasce-e-ring-sling-in-autunno\/#article\",\"isPartOf\":{\"@id\":\"https:\/\/mariblum.de\/it\/guida-ai-materiali-per-fasce-e-ring-sling-in-autunno\/\"},\"author\":{\"name\":\"mariblum\",\"@id\":\"https:\/\/mariblum.de\/it\/#\/schema\/person\/0f48a4840cefc156d4d2deb5e4b294d0\"},\"headline\":\"Guida ai materiali per fasce e ring sling in autunno\",\"datePublished\":\"2025-11-03T06:55:49+00:00\",\"mainEntityOfPage\":{\"@id\":\"https:\/\/mariblum.de\/it\/guida-ai-materiali-per-fasce-e-ring-sling-in-autunno\/\"},\"wordCount\":737,\"publisher\":{\"@id\":\"https:\/\/mariblum.de\/it\/#organization\"},\"image\":{\"@id\":\"https:\/\/mariblum.de\/it\/guida-ai-materiali-per-fasce-e-ring-sling-in-autunno\/#primaryimage\"},\"thumbnailUrl\":\"https:\/\/mariblum.de\/wp-content\/uploads\/2023\/04\/Ring-Sling-aus-Hanf-Lavendelfeld.jpeg\",\"keywords\":[\"fascia jacquard\",\"fascia portabeb\u00e8 autunno\",\"guida materiali portare\",\"guida portare\",\"Jacquard Tragetuch\",\"lana merino beb\u00e8\",\"Leinen Tragetuch\",\"lino fascia\",\"Mischgewebe\",\"portare in autunno\",\"ring sling autunno\",\"tessuti fasce\",\"Tragen im Herbst\",\"twill portabeb\u00e8\",\"Twill Tragetuch\"],\"articleSection\":[\"Autunno\",\"Bonding\",\"Canapa\",\"Cotone\",\"Inverno\",\"Lino\",\"mariblum - porta beb\u00e8 news\",\"Tessuti\"],\"inLanguage\":\"it-IT\"},{\"@type\":\"WebPage\",\"@id\":\"https:\/\/mariblum.de\/it\/guida-ai-materiali-per-fasce-e-ring-sling-in-autunno\/\",\"url\":\"https:\/\/mariblum.de\/it\/guida-ai-materiali-per-fasce-e-ring-sling-in-autunno\/\",\"name\":\"Guida ai materiali per fasce e ring sling in autunno\",\"isPartOf\":{\"@id\":\"https:\/\/mariblum.de\/it\/#website\"},\"primaryImageOfPage\":{\"@id\":\"https:\/\/mariblum.de\/it\/guida-ai-materiali-per-fasce-e-ring-sling-in-autunno\/#primaryimage\"},\"image\":{\"@id\":\"https:\/\/mariblum.de\/it\/guida-ai-materiali-per-fasce-e-ring-sling-in-autunno\/#primaryimage\"},\"thumbnailUrl\":\"https:\/\/mariblum.de\/wp-content\/uploads\/2023\/04\/Ring-Sling-aus-Hanf-Lavendelfeld.jpeg\",\"datePublished\":\"2025-11-03T06:55:49+00:00\",\"description\":\"Scopri i migliori tessuti e tipi di tessitura per il portare in autunno: cotone, lana merino, misti, jacquard, lino, twill \u2013 con consigli pratici per mamme.\",\"breadcrumb\":{\"@id\":\"https:\/\/mariblum.de\/it\/guida-ai-materiali-per-fasce-e-ring-sling-in-autunno\/#breadcrumb\"},\"inLanguage\":\"it-IT\",\"potentialAction\":[{\"@type\":\"ReadAction\",\"target\":[\"https:\/\/mariblum.de\/it\/guida-ai-materiali-per-fasce-e-ring-sling-in-autunno\/\"]}]},{\"@type\":\"ImageObject\",\"inLanguage\":\"it-IT\",\"@id\":\"https:\/\/mariblum.de\/it\/guida-ai-materiali-per-fasce-e-ring-sling-in-autunno\/#primaryimage\",\"url\":\"https:\/\/mariblum.de\/wp-content\/uploads\/2023\/04\/Ring-Sling-aus-Hanf-Lavendelfeld.jpeg\",\"contentUrl\":\"https:\/\/mariblum.de\/wp-content\/uploads\/2023\/04\/Ring-Sling-aus-Hanf-Lavendelfeld.jpeg\",\"width\":600,\"height\":800},{\"@type\":\"BreadcrumbList\",\"@id\":\"https:\/\/mariblum.de\/it\/guida-ai-materiali-per-fasce-e-ring-sling-in-autunno\/#breadcrumb\",\"itemListElement\":[{\"@type\":\"ListItem\",\"position\":1,\"name\":\"Startseite\",\"item\":\"https:\/\/mariblum.de\/it\/\"},{\"@type\":\"ListItem\",\"position\":2,\"name\":\"Guida ai materiali per fasce e ring sling in autunno\"}]},{\"@type\":\"WebSite\",\"@id\":\"https:\/\/mariblum.de\/it\/#website\",\"url\":\"https:\/\/mariblum.de\/it\/\",\"name\":\"mariblum Traget\u00fccher\",\"description\":\"il modo naturale di portare il tuo bambino \",\"publisher\":{\"@id\":\"https:\/\/mariblum.de\/it\/#organization\"},\"potentialAction\":[{\"@type\":\"SearchAction\",\"target\":{\"@type\":\"EntryPoint\",\"urlTemplate\":\"https:\/\/mariblum.de\/it\/?s={search_term_string}\"},\"query-input\":{\"@type\":\"PropertyValueSpecification\",\"valueRequired\":true,\"valueName\":\"search_term_string\"}}],\"inLanguage\":\"it-IT\"},{\"@type\":\"Organization\",\"@id\":\"https:\/\/mariblum.de\/it\/#organization\",\"name\":\"mariblum\",\"url\":\"https:\/\/mariblum.de\/it\/\",\"logo\":{\"@type\":\"ImageObject\",\"inLanguage\":\"it-IT\",\"@id\":\"https:\/\/mariblum.de\/it\/#\/schema\/logo\/image\/\",\"url\":\"https:\/\/mariblum.de\/wp-content\/uploads\/2020\/07\/logo_m-500x_transparent.png\",\"contentUrl\":\"https:\/\/mariblum.de\/wp-content\/uploads\/2020\/07\/logo_m-500x_transparent.png\",\"width\":500,\"height\":500,\"caption\":\"mariblum\"},\"image\":{\"@id\":\"https:\/\/mariblum.de\/it\/#\/schema\/logo\/image\/\"},\"sameAs\":[\"https:\/\/www.instagram.com\/_mariblum_\/\"]},{\"@type\":\"Person\",\"@id\":\"https:\/\/mariblum.de\/it\/#\/schema\/person\/0f48a4840cefc156d4d2deb5e4b294d0\",\"name\":\"mariblum\",\"url\":\"https:\/\/mariblum.de\/it\/author\/mariblum\/\"}]}<\/script>\n<!-- \/ Yoast SEO Premium plugin. -->","yoast_head_json":{"title":"Guida ai materiali per fasce e ring sling in autunno","description":"Scopri i migliori tessuti e tipi di tessitura per il portare in autunno: cotone, lana merino, misti, jacquard, lino, twill \u2013 con consigli pratici per mamme.","robots":{"index":"index","follow":"follow","max-snippet":"max-snippet:-1","max-image-preview":"max-image-preview:large","max-video-preview":"max-video-preview:-1"},"canonical":"https:\/\/mariblum.de\/it\/guida-ai-materiali-per-fasce-e-ring-sling-in-autunno\/","og_locale":"it_IT","og_type":"article","og_title":"Guida ai materiali per fasce e ring sling in autunno","og_description":"Scopri i migliori tessuti e tipi di tessitura per il portare in autunno: cotone, lana merino, misti, jacquard, lino, twill \u2013 con consigli pratici per mamme.","og_url":"https:\/\/mariblum.de\/it\/guida-ai-materiali-per-fasce-e-ring-sling-in-autunno\/","og_site_name":"mariblum - Fascia Porta Bebe","article_published_time":"2025-11-03T06:55:49+00:00","og_image":[{"width":600,"height":800,"url":"https:\/\/mariblum.de\/wp-content\/uploads\/2023\/04\/Ring-Sling-aus-Hanf-Lavendelfeld.jpeg","type":"image\/jpeg"}],"author":"mariblum","twitter_card":"summary_large_image","twitter_misc":{"Scritto da":"mariblum","Tempo di lettura stimato":"6 minuti"},"schema":{"@context":"https:\/\/schema.org","@graph":[{"@type":"Article","@id":"https:\/\/mariblum.de\/it\/guida-ai-materiali-per-fasce-e-ring-sling-in-autunno\/#article","isPartOf":{"@id":"https:\/\/mariblum.de\/it\/guida-ai-materiali-per-fasce-e-ring-sling-in-autunno\/"},"author":{"name":"mariblum","@id":"https:\/\/mariblum.de\/it\/#\/schema\/person\/0f48a4840cefc156d4d2deb5e4b294d0"},"headline":"Guida ai materiali per fasce e ring sling in autunno","datePublished":"2025-11-03T06:55:49+00:00","mainEntityOfPage":{"@id":"https:\/\/mariblum.de\/it\/guida-ai-materiali-per-fasce-e-ring-sling-in-autunno\/"},"wordCount":737,"publisher":{"@id":"https:\/\/mariblum.de\/it\/#organization"},"image":{"@id":"https:\/\/mariblum.de\/it\/guida-ai-materiali-per-fasce-e-ring-sling-in-autunno\/#primaryimage"},"thumbnailUrl":"https:\/\/mariblum.de\/wp-content\/uploads\/2023\/04\/Ring-Sling-aus-Hanf-Lavendelfeld.jpeg","keywords":["fascia jacquard","fascia portabeb\u00e8 autunno","guida materiali portare","guida portare","Jacquard Tragetuch","lana merino beb\u00e8","Leinen Tragetuch","lino fascia","Mischgewebe","portare in autunno","ring sling autunno","tessuti fasce","Tragen im Herbst","twill portabeb\u00e8","Twill Tragetuch"],"articleSection":["Autunno","Bonding","Canapa","Cotone","Inverno","Lino","mariblum - porta beb\u00e8 news","Tessuti"],"inLanguage":"it-IT"},{"@type":"WebPage","@id":"https:\/\/mariblum.de\/it\/guida-ai-materiali-per-fasce-e-ring-sling-in-autunno\/","url":"https:\/\/mariblum.de\/it\/guida-ai-materiali-per-fasce-e-ring-sling-in-autunno\/","name":"Guida ai materiali per fasce e ring sling in autunno","isPartOf":{"@id":"https:\/\/mariblum.de\/it\/#website"},"primaryImageOfPage":{"@id":"https:\/\/mariblum.de\/it\/guida-ai-materiali-per-fasce-e-ring-sling-in-autunno\/#primaryimage"},"image":{"@id":"https:\/\/mariblum.de\/it\/guida-ai-materiali-per-fasce-e-ring-sling-in-autunno\/#primaryimage"},"thumbnailUrl":"https:\/\/mariblum.de\/wp-content\/uploads\/2023\/04\/Ring-Sling-aus-Hanf-Lavendelfeld.jpeg","datePublished":"2025-11-03T06:55:49+00:00","description":"Scopri i migliori tessuti e tipi di tessitura per il portare in autunno: cotone, lana merino, misti, jacquard, lino, twill \u2013 con consigli pratici per mamme.","breadcrumb":{"@id":"https:\/\/mariblum.de\/it\/guida-ai-materiali-per-fasce-e-ring-sling-in-autunno\/#breadcrumb"},"inLanguage":"it-IT","potentialAction":[{"@type":"ReadAction","target":["https:\/\/mariblum.de\/it\/guida-ai-materiali-per-fasce-e-ring-sling-in-autunno\/"]}]},{"@type":"ImageObject","inLanguage":"it-IT","@id":"https:\/\/mariblum.de\/it\/guida-ai-materiali-per-fasce-e-ring-sling-in-autunno\/#primaryimage","url":"https:\/\/mariblum.de\/wp-content\/uploads\/2023\/04\/Ring-Sling-aus-Hanf-Lavendelfeld.jpeg","contentUrl":"https:\/\/mariblum.de\/wp-content\/uploads\/2023\/04\/Ring-Sling-aus-Hanf-Lavendelfeld.jpeg","width":600,"height":800},{"@type":"BreadcrumbList","@id":"https:\/\/mariblum.de\/it\/guida-ai-materiali-per-fasce-e-ring-sling-in-autunno\/#breadcrumb","itemListElement":[{"@type":"ListItem","position":1,"name":"Startseite","item":"https:\/\/mariblum.de\/it\/"},{"@type":"ListItem","position":2,"name":"Guida ai materiali per fasce e ring sling in autunno"}]},{"@type":"WebSite","@id":"https:\/\/mariblum.de\/it\/#website","url":"https:\/\/mariblum.de\/it\/","name":"mariblum Traget\u00fccher","description":"il modo naturale di portare il tuo bambino ","publisher":{"@id":"https:\/\/mariblum.de\/it\/#organization"},"potentialAction":[{"@type":"SearchAction","target":{"@type":"EntryPoint","urlTemplate":"https:\/\/mariblum.de\/it\/?s={search_term_string}"},"query-input":{"@type":"PropertyValueSpecification","valueRequired":true,"valueName":"search_term_string"}}],"inLanguage":"it-IT"},{"@type":"Organization","@id":"https:\/\/mariblum.de\/it\/#organization","name":"mariblum","url":"https:\/\/mariblum.de\/it\/","logo":{"@type":"ImageObject","inLanguage":"it-IT","@id":"https:\/\/mariblum.de\/it\/#\/schema\/logo\/image\/","url":"https:\/\/mariblum.de\/wp-content\/uploads\/2020\/07\/logo_m-500x_transparent.png","contentUrl":"https:\/\/mariblum.de\/wp-content\/uploads\/2020\/07\/logo_m-500x_transparent.png","width":500,"height":500,"caption":"mariblum"},"image":{"@id":"https:\/\/mariblum.de\/it\/#\/schema\/logo\/image\/"},"sameAs":["https:\/\/www.instagram.com\/_mariblum_\/"]},{"@type":"Person","@id":"https:\/\/mariblum.de\/it\/#\/schema\/person\/0f48a4840cefc156d4d2deb5e4b294d0","name":"mariblum","url":"https:\/\/mariblum.de\/it\/author\/mariblum\/"}]}},"_links":{"self":[{"href":"https:\/\/mariblum.de\/it\/wp-json\/wp\/v2\/posts\/19978","targetHints":{"allow":["GET"]}}],"collection":[{"href":"https:\/\/mariblum.de\/it\/wp-json\/wp\/v2\/posts"}],"about":[{"href":"https:\/\/mariblum.de\/it\/wp-json\/wp\/v2\/types\/post"}],"author":[{"embeddable":true,"href":"https:\/\/mariblum.de\/it\/wp-json\/wp\/v2\/users\/1"}],"replies":[{"embeddable":true,"href":"https:\/\/mariblum.de\/it\/wp-json\/wp\/v2\/comments?post=19978"}],"version-history":[{"count":1,"href":"https:\/\/mariblum.de\/it\/wp-json\/wp\/v2\/posts\/19978\/revisions"}],"predecessor-version":[{"id":19982,"href":"https:\/\/mariblum.de\/it\/wp-json\/wp\/v2\/posts\/19978\/revisions\/19982"}],"wp:featuredmedia":[{"embeddable":true,"href":"https:\/\/mariblum.de\/it\/wp-json\/wp\/v2\/media\/19066"}],"wp:attachment":[{"href":"https:\/\/mariblum.de\/it\/wp-json\/wp\/v2\/media?parent=19978"}],"wp:term":[{"taxonomy":"category","embeddable":true,"href":"https:\/\/mariblum.de\/it\/wp-json\/wp\/v2\/categories?post=19978"},{"taxonomy":"post_tag","embeddable":true,"href":"https:\/\/mariblum.de\/it\/wp-json\/wp\/v2\/tags?post=19978"}],"curies":[{"name":"wp","href":"https:\/\/api.w.org\/{rel}","templated":true}]}}