{"id":19831,"date":"2025-09-05T04:28:04","date_gmt":"2025-09-05T04:28:04","guid":{"rendered":"https:\/\/mariblum.de\/?p=19831"},"modified":"2025-09-05T04:30:59","modified_gmt":"2025-09-05T04:30:59","slug":"portare-e-legame-la-magia-della-vicinanza-con-il-tuo-bambino","status":"publish","type":"post","link":"https:\/\/mariblum.de\/it\/portare-e-legame-la-magia-della-vicinanza-con-il-tuo-bambino\/","title":{"rendered":"Portare e legame: la magia della vicinanza con il tuo bambino"},"content":{"rendered":"<p align=\"justify\" class=\"lead\">Come giovani mamme ci troviamo spesso di fronte a innumerevoli decisioni che influenzano la vita con il nostro bambino. Uno dei modi pi\u00f9 belli e intimi per approfondire il legame con il tuo piccolo tesoro \u00e8 portarlo con fasce porta beb\u00e8 e sling ad anelli. In questo articolo ti mostreremo come il babywearing non solo rafforza la vicinanza tra te e il tuo bambino, ma rende anche pi\u00f9 semplice la vita quotidiana. Scopriamo insieme il meraviglioso mondo del portare!<\/p>\n<strong>Indice dei Contenuti<\/strong>\n<ol>\n<li style=\"list-style-type: none;\">\n<ol>\n<li><a href=\"#Limportanza-della-vicinanza\">L\u2019importanza della vicinanza<\/a><\/li>\n<li><a href=\"#Rendere-piu-semplice-la-vita-quotidiana\">Rendere pi\u00f9 semplice la vita quotidiana<\/a><\/li>\n<li><a href=\"#Conclusione-non-puoi-sbagliare\">Conclusione: non puoi sbagliare<\/a><\/li>\n<\/ol>\n<\/li>\n<\/ol>\n<h2 id=\"Limportanza-della-vicinanza\">L\u2019importanza della vicinanza<\/h2>\n<p><img loading=\"lazy\" decoding=\"async\" class=\"alignnone size-full\" src=\"https:\/\/mariblum.de\/wp-content\/uploads\/2025\/04\/Tragetuch_Hanf_Baby_mku.jpg\" alt=\"Mamma con bambino nella fascia in canapa \u2013 Portare e legame: la magia della vicinanza con il tuo bambino\" width=\"6000\" height=\"8000\" \/><\/p>\n<h3>La vicinanza crea fiducia<\/h3>\n<p align=\"justify\">I primi mesi con il tuo bambino sono fondamentali per costruire il legame. Quando lo porti vicino a te, si sente sicuro e protetto. Portare in fascia o con uno sling ad anelli permette al tuo piccolo di sentire il tuo battito cardiaco e la tua voce, creando un profondo senso di fiducia e sicurezza. Questa vicinanza \u00e8 importante non solo per il bambino, ma rafforza anche i tuoi sentimenti di connessione e amore.<\/p>\n<h3>Rafforzare il legame emotivo<\/h3>\n<p align=\"justify\">Studi scientifici dimostrano che portare con fasce e sling ad anelli approfondisce il legame emotivo tra madre e figlio. Il contatto ravvicinato stimola la produzione di ossitocina \u2013 l\u2019ormone del legame \u2013 che favorisce emozioni positive sia per te che per il tuo bambino. Questo legame emotivo \u00e8 la base per uno sviluppo sano del tuo piccolo.<\/p>\n<h2 id=\"Rendere-piu-semplice-la-vita-quotidiana\">Rendere pi\u00f9 semplice la vita quotidiana<\/h2>\n<p><img loading=\"lazy\" decoding=\"async\" class=\"alignnone size-full\" src=\"https:\/\/mariblum.de\/wp-content\/uploads\/2024\/09\/Lavendelfeld-RingSling.jpeg\" alt=\"Ring sling Lavanda \u2013 rendere pi\u00f9 semplice la vita quotidiana con il babywearing\" width=\"6000\" height=\"8000\" \/><\/p>\n<h3>Mamma a mani libere<\/h3>\n<p align=\"justify\">Portare il tuo bambino ti permette di avere le mani libere pur restando sempre presente per lui. Che tu stia cucinando, riordinando o facendo la spesa \u2013 con una fascia o uno sling puoi occuparti di tutto mentre il tuo piccolo rimane sicuro e sereno vicino a te. Questo ti offre non solo pi\u00f9 flessibilit\u00e0, ma anche la gioia di avere il tuo bambino sempre accanto.<\/p>\n<h3>Calmare grazie alla vicinanza<\/h3>\n<p align=\"justify\">I bambini spesso si agitano quando non sono vicini alla mamma. Portarli in fascia pu\u00f2 aiutare a ridurre il pianto e a calmarli. I movimenti dolci e il calore del tuo corpo agiscono come un metodo naturale di rassicurazione. Molte mamme raccontano che la fascia \u00e8 il modo migliore per calmare rapidamente i loro bambini.<\/p>\n<div class=\"woocommerce columns-4 \"><div class=\"products row row-small large-columns-4 medium-columns-3 small-columns-2\">\n<div class=\"product-small col has-hover product type-product post-14874 status-publish first instock product_cat-fascia-porta-bebe-in-canapa-imbragature product_cat-shorty-it product_cat-tessuti-di-canapa product_tag-canapa product_tag-fascia-porta-bebe product_tag-verde has-post-thumbnail featured purchasable product-type-variable\">\n\t<div class=\"col-inner\">\n\t\n<div class=\"badge-container absolute left top z-1\">\n\n<\/div>\n\t<div class=\"product-small box \">\n\t\t<div class=\"box-image\">\n\t\t\t<div class=\"image-fade_in_back\">\n\t\t\t\t<a href=\"https:\/\/mariblum.de\/it\/produkt\/fata-della-foresta-imbragature-shorty\/\">\n\t\t\t\t\t<img loading=\"lazy\" decoding=\"async\" width=\"247\" height=\"247\" src=\"https:\/\/mariblum.de\/wp-content\/uploads\/2024\/04\/Waldfee-Tragetuch-247x247.jpg\" class=\"attachment-woocommerce_thumbnail size-woocommerce_thumbnail\" alt=\"Bosco-canapa-imbracatura-verde\" srcset=\"https:\/\/mariblum.de\/wp-content\/uploads\/2024\/04\/Waldfee-Tragetuch-247x247.jpg 247w, https:\/\/mariblum.de\/wp-content\/uploads\/2024\/04\/Waldfee-Tragetuch-100x100.jpg 100w, https:\/\/mariblum.de\/wp-content\/uploads\/2024\/04\/Waldfee-Tragetuch-150x150.jpg 150w\" sizes=\"auto, (max-width: 247px) 100vw, 247px\" \/><img loading=\"lazy\" decoding=\"async\" width=\"247\" height=\"247\" src=\"https:\/\/mariblum.de\/wp-content\/uploads\/2024\/04\/Waldfee-Tragetuch-gruen-Hanf-247x247.jpg\" class=\"show-on-hover absolute fill hide-for-small back-image\" alt=\"Bosco-canapa-imbracatura-verde\" aria-hidden=\"true\" srcset=\"https:\/\/mariblum.de\/wp-content\/uploads\/2024\/04\/Waldfee-Tragetuch-gruen-Hanf-247x247.jpg 247w, https:\/\/mariblum.de\/wp-content\/uploads\/2024\/04\/Waldfee-Tragetuch-gruen-Hanf-100x100.jpg 100w, https:\/\/mariblum.de\/wp-content\/uploads\/2024\/04\/Waldfee-Tragetuch-gruen-Hanf-150x150.jpg 150w\" sizes=\"auto, (max-width: 247px) 100vw, 247px\" \/>\t\t\t\t<\/a>\n\t\t\t<\/div>\n\t\t\t<div class=\"image-tools is-small top right show-on-hover\">\n\t\t\t\t\t\t\t<\/div>\n\t\t\t<div class=\"image-tools is-small hide-for-small bottom left show-on-hover\">\n\t\t\t\t\t\t\t<\/div>\n\t\t\t<div class=\"image-tools grid-tools text-center hide-for-small bottom hover-slide-in show-on-hover\">\n\t\t\t\t<a href=\"#quick-view\" class=\"quick-view\" role=\"button\" data-prod=\"14874\" aria-haspopup=\"dialog\" aria-expanded=\"false\" data-flatsome-role-button>Anteprima<\/a>\t\t\t<\/div>\n\t\t\t\t\t<\/div>\n\n\t\t<div class=\"box-text box-text-products text-center grid-style-2\">\n\t\t\t<div class=\"ux-swatches ux-swatches-in-loop ux-swatches--rounded ux-swatches--x-small\" role=\"radiogroup\" data-flatsome-role-radiogroup><div data-image-src=\"https:\/\/mariblum.de\/wp-content\/uploads\/2024\/04\/Waldfee-Tragetuch-247x247.jpg\" data-image-srcset=\"https:\/\/mariblum.de\/wp-content\/uploads\/2024\/04\/Waldfee-Tragetuch-247x247.jpg 247w, https:\/\/mariblum.de\/wp-content\/uploads\/2024\/04\/Waldfee-Tragetuch-100x100.jpg 100w, https:\/\/mariblum.de\/wp-content\/uploads\/2024\/04\/Waldfee-Tragetuch-150x150.jpg 150w\" data-image-sizes=\"(max-width: 247px) 100vw, 247px\" data-attribute_name=\"attribute_pa_tt-groesze\" data-value=\"tt360-it\" aria-label=\"3,60 m\" role=\"radio\" aria-checked=\"false\" tabindex=\"0\" class=\"ux-swatch ux-swatch--label\"><span class=\"ux-swatch__text\">3,60 m<\/span><\/div><div data-image-src=\"https:\/\/mariblum.de\/wp-content\/uploads\/2024\/04\/Waldfee-Tragetuch-247x247.jpg\" data-image-srcset=\"https:\/\/mariblum.de\/wp-content\/uploads\/2024\/04\/Waldfee-Tragetuch-247x247.jpg 247w, https:\/\/mariblum.de\/wp-content\/uploads\/2024\/04\/Waldfee-Tragetuch-100x100.jpg 100w, https:\/\/mariblum.de\/wp-content\/uploads\/2024\/04\/Waldfee-Tragetuch-150x150.jpg 150w\" data-image-sizes=\"(max-width: 247px) 100vw, 247px\" data-attribute_name=\"attribute_pa_tt-groesze\" data-value=\"tt370-it\" aria-label=\"3,70 m\" role=\"radio\" aria-checked=\"false\" tabindex=\"0\" class=\"ux-swatch ux-swatch--label\"><span class=\"ux-swatch__text\">3,70 m<\/span><\/div><\/div><div class=\"title-wrapper\">\t\t<p class=\"category uppercase is-smaller no-text-overflow product-cat op-8\">\n\t\t\tImbragature in canapa\t\t<\/p>\n\t<p class=\"name product-title woocommerce-loop-product__title\"><a href=\"https:\/\/mariblum.de\/it\/produkt\/fata-della-foresta-imbragature-shorty\/\" class=\"woocommerce-LoopProduct-link woocommerce-loop-product__link\">Fata della Foresta &#8211; Imbragature (Shorty)<\/a><\/p><\/div><div class=\"price-wrapper\">\n\t<span class=\"price\"><span class=\"woocommerce-Price-amount amount\"><bdi>119,95&nbsp;<span class=\"woocommerce-Price-currencySymbol\">&euro;<\/span><\/bdi><\/span><\/span>\n\n\n\n<\/div>\t\t<\/div>\n\t<\/div>\n\t\n<span class=\"gtm4wp_productdata\" style=\"display:none; visibility:hidden;\" data-gtm4wp_product_data=\"{&quot;internal_id&quot;:14874,&quot;item_id&quot;:14874,&quot;item_name&quot;:&quot;Fata della Foresta - Imbragature (Shorty)&quot;,&quot;sku&quot;:14874,&quot;price&quot;:119.95,&quot;stocklevel&quot;:null,&quot;stockstatus&quot;:&quot;instock&quot;,&quot;google_business_vertical&quot;:&quot;retail&quot;,&quot;item_category&quot;:&quot;Shorty&quot;,&quot;id&quot;:14874,&quot;productlink&quot;:&quot;https:\\\/\\\/mariblum.de\\\/it\\\/produkt\\\/fata-della-foresta-imbragature-shorty\\\/&quot;,&quot;item_list_name&quot;:&quot;Featured Products&quot;,&quot;index&quot;:1,&quot;product_type&quot;:&quot;variable&quot;,&quot;item_brand&quot;:&quot;&quot;}\"><\/span>\t<\/div>\n<\/div><div class=\"product-small col has-hover product type-product post-9206 status-publish instock product_cat-fascia-porta-bebe-in-canapa-imbragature product_cat-tessuti-di-canapa has-post-thumbnail featured shipping-taxable purchasable product-type-variable has-product-safety-information\">\n\t<div class=\"col-inner\">\n\t\n<div class=\"badge-container absolute left top z-1\">\n\n<\/div>\n\t<div class=\"product-small box \">\n\t\t<div class=\"box-image\">\n\t\t\t<div class=\"image-fade_in_back\">\n\t\t\t\t<a href=\"https:\/\/mariblum.de\/it\/produkt\/viola-fascia-porta-bebe\/\">\n\t\t\t\t\t<img loading=\"lazy\" decoding=\"async\" width=\"247\" height=\"247\" src=\"https:\/\/mariblum.de\/wp-content\/uploads\/2021\/01\/lila-tragetuch-baby-schlafen-247x247.jpg\" class=\"attachment-woocommerce_thumbnail size-woocommerce_thumbnail\" alt=\"lila-tragetuch-baby-schlafen\" srcset=\"https:\/\/mariblum.de\/wp-content\/uploads\/2021\/01\/lila-tragetuch-baby-schlafen-247x247.jpg 247w, https:\/\/mariblum.de\/wp-content\/uploads\/2021\/01\/lila-tragetuch-baby-schlafen-100x100.jpg 100w, https:\/\/mariblum.de\/wp-content\/uploads\/2021\/01\/lila-tragetuch-baby-schlafen-150x150.jpg 150w\" sizes=\"auto, (max-width: 247px) 100vw, 247px\" \/><img loading=\"lazy\" decoding=\"async\" width=\"247\" height=\"247\" src=\"https:\/\/mariblum.de\/wp-content\/uploads\/2021\/01\/lila-tragetuch-richtig-binden-aus-hanf-247x247.jpg\" class=\"show-on-hover absolute fill hide-for-small back-image\" alt=\"Alternative view of Viola - Imbragature\" aria-hidden=\"true\" srcset=\"https:\/\/mariblum.de\/wp-content\/uploads\/2021\/01\/lila-tragetuch-richtig-binden-aus-hanf-247x247.jpg 247w, https:\/\/mariblum.de\/wp-content\/uploads\/2021\/01\/lila-tragetuch-richtig-binden-aus-hanf-100x100.jpg 100w, https:\/\/mariblum.de\/wp-content\/uploads\/2021\/01\/lila-tragetuch-richtig-binden-aus-hanf-150x150.jpg 150w\" sizes=\"auto, (max-width: 247px) 100vw, 247px\" \/>\t\t\t\t<\/a>\n\t\t\t<\/div>\n\t\t\t<div class=\"image-tools is-small top right show-on-hover\">\n\t\t\t\t\t\t\t<\/div>\n\t\t\t<div class=\"image-tools is-small hide-for-small bottom left show-on-hover\">\n\t\t\t\t\t\t\t<\/div>\n\t\t\t<div class=\"image-tools grid-tools text-center hide-for-small bottom hover-slide-in show-on-hover\">\n\t\t\t\t<a href=\"#quick-view\" class=\"quick-view\" role=\"button\" data-prod=\"9206\" aria-haspopup=\"dialog\" aria-expanded=\"false\" data-flatsome-role-button>Anteprima<\/a>\t\t\t<\/div>\n\t\t\t\t\t<\/div>\n\n\t\t<div class=\"box-text box-text-products text-center grid-style-2\">\n\t\t\t<div class=\"ux-swatches ux-swatches-in-loop ux-swatches--rounded ux-swatches--x-small\" role=\"radiogroup\" data-flatsome-role-radiogroup><div data-image-src=\"https:\/\/mariblum.de\/wp-content\/uploads\/2021\/01\/lila-tragetuch-baby-schlafen-247x247.jpg\" data-image-srcset=\"https:\/\/mariblum.de\/wp-content\/uploads\/2021\/01\/lila-tragetuch-baby-schlafen-247x247.jpg 247w, https:\/\/mariblum.de\/wp-content\/uploads\/2021\/01\/lila-tragetuch-baby-schlafen-100x100.jpg 100w, https:\/\/mariblum.de\/wp-content\/uploads\/2021\/01\/lila-tragetuch-baby-schlafen-150x150.jpg 150w\" data-image-sizes=\"(max-width: 247px) 100vw, 247px\" data-attribute_name=\"attribute_pa_tt-groesze\" data-value=\"tt450-it\" aria-label=\"4,50 m\" role=\"radio\" aria-checked=\"false\" tabindex=\"0\" class=\"ux-swatch ux-swatch--label\"><span class=\"ux-swatch__text\">4,50 m<\/span><\/div><div data-image-src=\"https:\/\/mariblum.de\/wp-content\/uploads\/2021\/01\/lila-tragetuch-baby-schlafen-247x247.jpg\" data-image-srcset=\"https:\/\/mariblum.de\/wp-content\/uploads\/2021\/01\/lila-tragetuch-baby-schlafen-247x247.jpg 247w, https:\/\/mariblum.de\/wp-content\/uploads\/2021\/01\/lila-tragetuch-baby-schlafen-100x100.jpg 100w, https:\/\/mariblum.de\/wp-content\/uploads\/2021\/01\/lila-tragetuch-baby-schlafen-150x150.jpg 150w\" data-image-sizes=\"(max-width: 247px) 100vw, 247px\" data-attribute_name=\"attribute_pa_tt-groesze\" data-value=\"tt500-it\" aria-label=\"5,00 m\" role=\"radio\" aria-checked=\"false\" tabindex=\"0\" class=\"ux-swatch ux-swatch--label\"><span class=\"ux-swatch__text\">5,00 m<\/span><\/div><\/div><div class=\"title-wrapper\">\t\t<p class=\"category uppercase is-smaller no-text-overflow product-cat op-8\">\n\t\t\tImbragature in canapa\t\t<\/p>\n\t<p class=\"name product-title woocommerce-loop-product__title\"><a href=\"https:\/\/mariblum.de\/it\/produkt\/viola-fascia-porta-bebe\/\" class=\"woocommerce-LoopProduct-link woocommerce-loop-product__link\">Viola &#8211; Imbragature<\/a><\/p><\/div><div class=\"price-wrapper\">\n\n\n\n<\/div>\t\t<\/div>\n\t<\/div>\n\t\n<span class=\"gtm4wp_productdata\" style=\"display:none; visibility:hidden;\" data-gtm4wp_product_data=\"{&quot;internal_id&quot;:9206,&quot;item_id&quot;:9206,&quot;item_name&quot;:&quot;Viola - Imbragature&quot;,&quot;sku&quot;:9206,&quot;price&quot;:219.95,&quot;stocklevel&quot;:null,&quot;stockstatus&quot;:&quot;instock&quot;,&quot;google_business_vertical&quot;:&quot;retail&quot;,&quot;item_category&quot;:&quot;Imbragature in canapa&quot;,&quot;id&quot;:9206,&quot;productlink&quot;:&quot;https:\\\/\\\/mariblum.de\\\/it\\\/produkt\\\/viola-fascia-porta-bebe\\\/&quot;,&quot;item_list_name&quot;:&quot;Featured Products&quot;,&quot;index&quot;:2,&quot;product_type&quot;:&quot;variable&quot;,&quot;item_brand&quot;:&quot;&quot;}\"><\/span>\t<\/div>\n<\/div><div class=\"product-small col has-hover product type-product post-15920 status-publish instock product_cat-fascia-porta-bebe-in-canapa-imbragature product_cat-tessuti-di-canapa product_tag-canapa product_tag-fascia-porta-bebe has-post-thumbnail featured purchasable product-type-variable has-default-attributes\">\n\t<div class=\"col-inner\">\n\t\n<div class=\"badge-container absolute left top z-1\">\n\n<\/div>\n\t<div class=\"product-small box \">\n\t\t<div class=\"box-image\">\n\t\t\t<div class=\"image-fade_in_back\">\n\t\t\t\t<a href=\"https:\/\/mariblum.de\/it\/produkt\/zephyr-imbragature-in-canapa\/\">\n\t\t\t\t\t<img loading=\"lazy\" decoding=\"async\" width=\"247\" height=\"247\" src=\"https:\/\/mariblum.de\/wp-content\/uploads\/2024\/04\/baby-im-tragetuch-besser-schlafen-247x247.webp\" class=\"attachment-woocommerce_thumbnail size-woocommerce_thumbnail\" alt=\"Mandretta in turchese di canapa - Il bambino dorme fino a tardi\" srcset=\"https:\/\/mariblum.de\/wp-content\/uploads\/2024\/04\/baby-im-tragetuch-besser-schlafen-247x247.webp 247w, https:\/\/mariblum.de\/wp-content\/uploads\/2024\/04\/baby-im-tragetuch-besser-schlafen-150x150.webp 150w, https:\/\/mariblum.de\/wp-content\/uploads\/2024\/04\/baby-im-tragetuch-besser-schlafen-100x100.webp 100w\" sizes=\"auto, (max-width: 247px) 100vw, 247px\" \/><img loading=\"lazy\" decoding=\"async\" width=\"247\" height=\"247\" src=\"https:\/\/mariblum.de\/wp-content\/uploads\/2024\/04\/Zephyr2-247x247.jpg\" class=\"show-on-hover absolute fill hide-for-small back-image\" alt=\"imbragatura leggera color menta realizzata in canapa\" aria-hidden=\"true\" srcset=\"https:\/\/mariblum.de\/wp-content\/uploads\/2024\/04\/Zephyr2-247x247.jpg 247w, https:\/\/mariblum.de\/wp-content\/uploads\/2024\/04\/Zephyr2-100x100.jpg 100w, https:\/\/mariblum.de\/wp-content\/uploads\/2024\/04\/Zephyr2-150x150.jpg 150w\" sizes=\"auto, (max-width: 247px) 100vw, 247px\" \/>\t\t\t\t<\/a>\n\t\t\t<\/div>\n\t\t\t<div class=\"image-tools is-small top right show-on-hover\">\n\t\t\t\t\t\t\t<\/div>\n\t\t\t<div class=\"image-tools is-small hide-for-small bottom left show-on-hover\">\n\t\t\t\t\t\t\t<\/div>\n\t\t\t<div class=\"image-tools grid-tools text-center hide-for-small bottom hover-slide-in show-on-hover\">\n\t\t\t\t<a href=\"#quick-view\" class=\"quick-view\" role=\"button\" data-prod=\"15920\" aria-haspopup=\"dialog\" aria-expanded=\"false\" data-flatsome-role-button>Anteprima<\/a>\t\t\t<\/div>\n\t\t\t\t\t<\/div>\n\n\t\t<div class=\"box-text box-text-products text-center grid-style-2\">\n\t\t\t<div class=\"ux-swatches ux-swatches-in-loop ux-swatches--rounded ux-swatches--x-small\" role=\"radiogroup\" data-flatsome-role-radiogroup><div data-image-src=\"https:\/\/mariblum.de\/wp-content\/uploads\/2024\/04\/baby-im-tragetuch-besser-schlafen-247x247.webp\" data-image-srcset=\"https:\/\/mariblum.de\/wp-content\/uploads\/2024\/04\/baby-im-tragetuch-besser-schlafen-247x247.webp 247w, https:\/\/mariblum.de\/wp-content\/uploads\/2024\/04\/baby-im-tragetuch-besser-schlafen-150x150.webp 150w, https:\/\/mariblum.de\/wp-content\/uploads\/2024\/04\/baby-im-tragetuch-besser-schlafen-100x100.webp 100w\" data-image-sizes=\"(max-width: 247px) 100vw, 247px\" data-attribute_name=\"attribute_pa_tt-groesze\" data-value=\"tt500-it\" aria-label=\"5,00 m\" role=\"radio\" aria-checked=\"false\" tabindex=\"0\" class=\"ux-swatch ux-swatch--label\"><span class=\"ux-swatch__text\">5,00 m<\/span><\/div><\/div><div class=\"title-wrapper\">\t\t<p class=\"category uppercase is-smaller no-text-overflow product-cat op-8\">\n\t\t\tImbragature in canapa\t\t<\/p>\n\t<p class=\"name product-title woocommerce-loop-product__title\"><a href=\"https:\/\/mariblum.de\/it\/produkt\/zephyr-imbragature-in-canapa\/\" class=\"woocommerce-LoopProduct-link woocommerce-loop-product__link\">Zephyr &#8211; Imbragature<\/a><\/p><\/div><div class=\"price-wrapper\">\n\t<span class=\"price\"><span class=\"woocommerce-Price-amount amount\"><bdi>149,95&nbsp;<span class=\"woocommerce-Price-currencySymbol\">&euro;<\/span><\/bdi><\/span><\/span>\n\n\n\n<\/div>\t\t<\/div>\n\t<\/div>\n\t\n<span class=\"gtm4wp_productdata\" style=\"display:none; visibility:hidden;\" data-gtm4wp_product_data=\"{&quot;internal_id&quot;:15920,&quot;item_id&quot;:15920,&quot;item_name&quot;:&quot;Zephyr - Imbragature&quot;,&quot;sku&quot;:15920,&quot;price&quot;:149.95,&quot;stocklevel&quot;:null,&quot;stockstatus&quot;:&quot;instock&quot;,&quot;google_business_vertical&quot;:&quot;retail&quot;,&quot;item_category&quot;:&quot;Imbragature in canapa&quot;,&quot;id&quot;:15920,&quot;productlink&quot;:&quot;https:\\\/\\\/mariblum.de\\\/it\\\/produkt\\\/zephyr-imbragature-in-canapa\\\/&quot;,&quot;item_list_name&quot;:&quot;Featured Products&quot;,&quot;index&quot;:3,&quot;product_type&quot;:&quot;variable&quot;,&quot;item_brand&quot;:&quot;&quot;}\"><\/span>\t<\/div>\n<\/div><div class=\"product-small col has-hover product type-product post-7053 status-publish last instock product_cat-fascia-porta-bebe-in-lino-imbragature product_cat-tessuti-di-lini product_tag-biologica product_tag-fascia-porta-bebe product_tag-lino product_tag-rosa-it has-post-thumbnail featured purchasable product-type-variable has-product-safety-information\">\n\t<div class=\"col-inner\">\n\t\n<div class=\"badge-container absolute left top z-1\">\n\n<\/div>\n\t<div class=\"product-small box \">\n\t\t<div class=\"box-image\">\n\t\t\t<div class=\"image-fade_in_back\">\n\t\t\t\t<a href=\"https:\/\/mariblum.de\/it\/produkt\/aurora-fascia-porta-bebe-in-lino\/\">\n\t\t\t\t\t<img loading=\"lazy\" decoding=\"async\" width=\"247\" height=\"247\" src=\"https:\/\/mariblum.de\/wp-content\/uploads\/2019\/10\/leinen-tragetuch-rosa-nah-scaled-e1576526928588-247x247.jpg\" class=\"attachment-woocommerce_thumbnail size-woocommerce_thumbnail\" alt=\"lino porta beb\u00e8\" srcset=\"https:\/\/mariblum.de\/wp-content\/uploads\/2019\/10\/leinen-tragetuch-rosa-nah-scaled-e1576526928588-247x247.jpg 247w, https:\/\/mariblum.de\/wp-content\/uploads\/2019\/10\/leinen-tragetuch-rosa-nah-scaled-e1576526928588-100x100.jpg 100w, https:\/\/mariblum.de\/wp-content\/uploads\/2019\/10\/leinen-tragetuch-rosa-nah-scaled-e1576526928588-150x150.jpg 150w\" sizes=\"auto, (max-width: 247px) 100vw, 247px\" \/><img loading=\"lazy\" decoding=\"async\" width=\"247\" height=\"247\" src=\"https:\/\/mariblum.de\/wp-content\/uploads\/2019\/10\/roter-ring-sling-gebunden-aus-leinen-trageberatung-247x247.png\" class=\"show-on-hover absolute fill hide-for-small back-image\" alt=\"aurora-fascia-porta-bebe-in-lino-rosa-scuro\" aria-hidden=\"true\" srcset=\"https:\/\/mariblum.de\/wp-content\/uploads\/2019\/10\/roter-ring-sling-gebunden-aus-leinen-trageberatung-247x247.png 247w, https:\/\/mariblum.de\/wp-content\/uploads\/2019\/10\/roter-ring-sling-gebunden-aus-leinen-trageberatung-100x100.png 100w, https:\/\/mariblum.de\/wp-content\/uploads\/2019\/10\/roter-ring-sling-gebunden-aus-leinen-trageberatung-150x150.png 150w\" sizes=\"auto, (max-width: 247px) 100vw, 247px\" \/>\t\t\t\t<\/a>\n\t\t\t<\/div>\n\t\t\t<div class=\"image-tools is-small top right show-on-hover\">\n\t\t\t\t\t\t\t<\/div>\n\t\t\t<div class=\"image-tools is-small hide-for-small bottom left show-on-hover\">\n\t\t\t\t\t\t\t<\/div>\n\t\t\t<div class=\"image-tools grid-tools text-center hide-for-small bottom hover-slide-in show-on-hover\">\n\t\t\t\t<a href=\"#quick-view\" class=\"quick-view\" role=\"button\" data-prod=\"7053\" aria-haspopup=\"dialog\" aria-expanded=\"false\" data-flatsome-role-button>Anteprima<\/a>\t\t\t<\/div>\n\t\t\t\t\t<\/div>\n\n\t\t<div class=\"box-text box-text-products text-center grid-style-2\">\n\t\t\t<div class=\"title-wrapper\">\t\t<p class=\"category uppercase is-smaller no-text-overflow product-cat op-8\">\n\t\t\tImbragature in lino\t\t<\/p>\n\t<p class=\"name product-title woocommerce-loop-product__title\"><a href=\"https:\/\/mariblum.de\/it\/produkt\/aurora-fascia-porta-bebe-in-lino\/\" class=\"woocommerce-LoopProduct-link woocommerce-loop-product__link\">Aurora &#8211; Imbragature in lino<\/a><\/p><\/div><div class=\"price-wrapper\">\n\t<span class=\"price\"><span class=\"woocommerce-Price-amount amount\"><bdi>144,95&nbsp;<span class=\"woocommerce-Price-currencySymbol\">&euro;<\/span><\/bdi><\/span><\/span>\n\n\n\n<\/div>\t\t<\/div>\n\t<\/div>\n\t\n<span class=\"gtm4wp_productdata\" style=\"display:none; visibility:hidden;\" data-gtm4wp_product_data=\"{&quot;internal_id&quot;:7053,&quot;item_id&quot;:7053,&quot;item_name&quot;:&quot;Aurora - Imbragature in lino&quot;,&quot;sku&quot;:7053,&quot;price&quot;:144.95,&quot;stocklevel&quot;:null,&quot;stockstatus&quot;:&quot;instock&quot;,&quot;google_business_vertical&quot;:&quot;retail&quot;,&quot;item_category&quot;:&quot;Imbragature in lino&quot;,&quot;id&quot;:7053,&quot;productlink&quot;:&quot;https:\\\/\\\/mariblum.de\\\/it\\\/produkt\\\/aurora-fascia-porta-bebe-in-lino\\\/&quot;,&quot;item_list_name&quot;:&quot;Featured Products&quot;,&quot;index&quot;:4,&quot;product_type&quot;:&quot;variable&quot;,&quot;item_brand&quot;:&quot;&quot;}\"><\/span>\t<\/div>\n<\/div><\/div><!-- row -->\n<\/div>\n<h2 id=\"Conclusione-non-puoi-sbagliare\">Conclusione: non puoi sbagliare<\/h2>\n<p><img loading=\"lazy\" decoding=\"async\" class=\"alignnone size-full\" src=\"https:\/\/mariblum.de\/wp-content\/uploads\/2025\/04\/Baumwolle-Baby-Tragetuch_Elefantenmotiv-weiss-blau.jpg\" alt=\"Fascia in cotone con motivo elefante \u2013 ogni scelta rafforza il legame\" width=\"6000\" height=\"8000\" \/><\/p>\n<p align=\"justify\">Portare il tuo bambino in una fascia o in uno sling ad anelli \u00e8 un modo meraviglioso per rafforzare il legame e allo stesso tempo rendere pi\u00f9 semplice la vita quotidiana. Che tu scelga una fascia colorata o uno sling pratico \u2013 ogni scelta \u00e8 quella giusta quando si tratta di offrire vicinanza e sicurezza.<\/p>\n<p align=\"justify\">Non puoi sbagliare! Segui il tuo istinto e trova la soluzione migliore per te e il tuo bambino.<\/p>\n\n  \n    <div class=\"row large-columns-3 medium-columns-1 small-columns-1 slider row-slider slider-nav-reveal slider-nav-push\"  data-flickity-options='{&quot;imagesLoaded&quot;: true, &quot;groupCells&quot;: &quot;100%&quot;, &quot;dragThreshold&quot; : 5, &quot;cellAlign&quot;: &quot;left&quot;,&quot;wrapAround&quot;: true,&quot;prevNextButtons&quot;: true,&quot;percentPosition&quot;: true,&quot;pageDots&quot;: false, &quot;rightToLeft&quot;: false, &quot;autoPlay&quot; : false}' >\n\n  <div class=\"col post-item\" >\n\t\t\t<div class=\"col-inner\">\n\t\t\t\t<div class=\"box box-normal box-text-bottom box-blog-post has-hover\">\n            \t\t\t\t\t<div class=\"box-image\" >\n  \t\t\t\t\t\t<div class=\"image-cover\" style=\"padding-top:56.25%;\">\n\t\t\t\t\t\t\t<a href=\"https:\/\/mariblum.de\/it\/fascia-porta-bebe-invece-del-passeggino-i-vantaggi-sorprendenti-nella-vita-quotidiana\/\" class=\"plain\" aria-label=\"Fascia porta beb\u00e8 invece del passeggino \u2013 I vantaggi sorprendenti nella vita quotidiana\">\n\t\t\t\t\t\t\t\t<img loading=\"lazy\" decoding=\"async\" width=\"225\" height=\"300\" src=\"https:\/\/mariblum.de\/wp-content\/uploads\/2023\/04\/Lavendel-Ring-Sling-aus-Hanf-225x300.jpeg\" class=\"attachment-medium size-medium wp-post-image\" alt=\"\" srcset=\"https:\/\/mariblum.de\/wp-content\/uploads\/2023\/04\/Lavendel-Ring-Sling-aus-Hanf-225x300.jpeg 225w, https:\/\/mariblum.de\/wp-content\/uploads\/2023\/04\/Lavendel-Ring-Sling-aus-Hanf-510x680.jpeg 510w, https:\/\/mariblum.de\/wp-content\/uploads\/2023\/04\/Lavendel-Ring-Sling-aus-Hanf.jpeg 600w\" sizes=\"auto, (max-width: 225px) 100vw, 225px\" \/>\t\t\t\t\t\t\t<\/a>\n  \t\t\t\t\t\t\t  \t\t\t\t\t\t\t  \t\t\t\t\t\t<\/div>\n  \t\t\t\t\t\t  \t\t\t\t\t<\/div>\n          \t\t\t\t\t<div class=\"box-text text-center\" >\n\t\t\t\t\t<div class=\"box-text-inner blog-post-inner\">\n\n\t\t\t\t\t\n\t\t\t\t\t\t\t\t\t\t<h5 class=\"post-title is-large \">\n\t\t\t\t\t\t<a href=\"https:\/\/mariblum.de\/it\/fascia-porta-bebe-invece-del-passeggino-i-vantaggi-sorprendenti-nella-vita-quotidiana\/\" class=\"plain\">Fascia porta beb\u00e8 invece del passeggino \u2013 I vantaggi sorprendenti nella vita quotidiana<\/a>\n\t\t\t\t\t<\/h5>\n\t\t\t\t\t\t\t\t\t\t<div class=\"is-divider\"><\/div>\n\t\t\t\t\t\t\t\t\t\t<p class=\"from_the_blog_excerpt \">\n\t\t\t\t\t\tI passeggini sono considerati un must-have per i neo-genitori \u2013 ma cosa succede se ne [...]\t\t\t\t\t<\/p>\n\t\t\t\t\t                    \n\t\t\t\t\t\n\t\t\t\t\t\n\t\t\t\t\t<\/div>\n\t\t\t\t\t<\/div>\n\t\t\t\t\t\t\t\t\t\t\t\t\t\t\t\t<div class=\"badge absolute top post-date badge-outline\">\n\t\t\t\t\t\t\t<div class=\"badge-inner\">\n\t\t\t\t\t\t\t\t<span class=\"post-date-day\">02<\/span><br>\n\t\t\t\t\t\t\t\t<span class=\"post-date-month is-xsmall\">Apr<\/span>\n\t\t\t\t\t\t\t<\/div>\n\t\t\t\t\t\t<\/div>\n\t\t\t\t\t\t\t\t\t<\/div>\n\t\t\t<\/div>\n\t\t<\/div><div class=\"col post-item\" >\n\t\t\t<div class=\"col-inner\">\n\t\t\t\t<div class=\"box box-normal box-text-bottom box-blog-post has-hover\">\n            \t\t\t\t\t<div class=\"box-image\" >\n  \t\t\t\t\t\t<div class=\"image-cover\" style=\"padding-top:56.25%;\">\n\t\t\t\t\t\t\t<a href=\"https:\/\/mariblum.de\/it\/babywearing-senza-mal-di-schiena-5-errori-comuni-e-come-evitarli\/\" class=\"plain\" aria-label=\"Babywearing senza mal di schiena \u2013 5 errori comuni e come evitarli\">\n\t\t\t\t\t\t\t\t<img loading=\"lazy\" decoding=\"async\" width=\"225\" height=\"300\" src=\"https:\/\/mariblum.de\/wp-content\/uploads\/2025\/04\/Baby-Tragetuch-aus-Hanf-Zauberwald-225x300.jpeg\" class=\"attachment-medium size-medium wp-post-image\" alt=\"\" srcset=\"https:\/\/mariblum.de\/wp-content\/uploads\/2025\/04\/Baby-Tragetuch-aus-Hanf-Zauberwald-225x300.jpeg 225w, https:\/\/mariblum.de\/wp-content\/uploads\/2025\/04\/Baby-Tragetuch-aus-Hanf-Zauberwald-510x680.jpeg 510w, https:\/\/mariblum.de\/wp-content\/uploads\/2025\/04\/Baby-Tragetuch-aus-Hanf-Zauberwald.jpeg 600w\" sizes=\"auto, (max-width: 225px) 100vw, 225px\" \/>\t\t\t\t\t\t\t<\/a>\n  \t\t\t\t\t\t\t  \t\t\t\t\t\t\t  \t\t\t\t\t\t<\/div>\n  \t\t\t\t\t\t  \t\t\t\t\t<\/div>\n          \t\t\t\t\t<div class=\"box-text text-center\" >\n\t\t\t\t\t<div class=\"box-text-inner blog-post-inner\">\n\n\t\t\t\t\t\n\t\t\t\t\t\t\t\t\t\t<h5 class=\"post-title is-large \">\n\t\t\t\t\t\t<a href=\"https:\/\/mariblum.de\/it\/babywearing-senza-mal-di-schiena-5-errori-comuni-e-come-evitarli\/\" class=\"plain\">Babywearing senza mal di schiena \u2013 5 errori comuni e come evitarli<\/a>\n\t\t\t\t\t<\/h5>\n\t\t\t\t\t\t\t\t\t\t<div class=\"is-divider\"><\/div>\n\t\t\t\t\t\t\t\t\t\t<p class=\"from_the_blog_excerpt \">\n\t\t\t\t\t\tPortare il tuo bambino non dovrebbe mai essere doloroso \u2013 anzi, pu\u00f2 essere uno dei [...]\t\t\t\t\t<\/p>\n\t\t\t\t\t                    \n\t\t\t\t\t\n\t\t\t\t\t\n\t\t\t\t\t<\/div>\n\t\t\t\t\t<\/div>\n\t\t\t\t\t\t\t\t\t\t\t\t\t\t\t\t<div class=\"badge absolute top post-date badge-outline\">\n\t\t\t\t\t\t\t<div class=\"badge-inner\">\n\t\t\t\t\t\t\t\t<span class=\"post-date-day\">14<\/span><br>\n\t\t\t\t\t\t\t\t<span class=\"post-date-month is-xsmall\">Nov<\/span>\n\t\t\t\t\t\t\t<\/div>\n\t\t\t\t\t\t<\/div>\n\t\t\t\t\t\t\t\t\t<\/div>\n\t\t\t<\/div>\n\t\t<\/div><div class=\"col post-item\" >\n\t\t\t<div class=\"col-inner\">\n\t\t\t\t<div class=\"box box-normal box-text-bottom box-blog-post has-hover\">\n            \t\t\t\t\t<div class=\"box-image\" >\n  \t\t\t\t\t\t<div class=\"image-cover\" style=\"padding-top:56.25%;\">\n\t\t\t\t\t\t\t<a href=\"https:\/\/mariblum.de\/it\/portare-i-bambini-in-inverno-7-miti-verita-sincere-e-piccoli-svantaggi\/\" class=\"plain\" aria-label=\"Portare i bambini in inverno: 7 miti, verit\u00e0 sincere e piccoli svantaggi\">\n\t\t\t\t\t\t\t\t<img loading=\"lazy\" decoding=\"async\" width=\"200\" height=\"300\" src=\"https:\/\/mariblum.de\/wp-content\/uploads\/2019\/10\/kornblume-ring-sling-aus-hanf-gefaltet-200x300.png\" class=\"attachment-medium size-medium wp-post-image\" alt=\"kornblume-ring-sling-aus-hanf-trageberatung-richtig-gebunden\" srcset=\"https:\/\/mariblum.de\/wp-content\/uploads\/2019\/10\/kornblume-ring-sling-aus-hanf-gefaltet-200x300.png 200w, https:\/\/mariblum.de\/wp-content\/uploads\/2019\/10\/kornblume-ring-sling-aus-hanf-gefaltet-510x765.png 510w, https:\/\/mariblum.de\/wp-content\/uploads\/2019\/10\/kornblume-ring-sling-aus-hanf-gefaltet.png 533w\" sizes=\"auto, (max-width: 200px) 100vw, 200px\" \/>\t\t\t\t\t\t\t<\/a>\n  \t\t\t\t\t\t\t  \t\t\t\t\t\t\t  \t\t\t\t\t\t<\/div>\n  \t\t\t\t\t\t  \t\t\t\t\t<\/div>\n          \t\t\t\t\t<div class=\"box-text text-center\" >\n\t\t\t\t\t<div class=\"box-text-inner blog-post-inner\">\n\n\t\t\t\t\t\n\t\t\t\t\t\t\t\t\t\t<h5 class=\"post-title is-large \">\n\t\t\t\t\t\t<a href=\"https:\/\/mariblum.de\/it\/portare-i-bambini-in-inverno-7-miti-verita-sincere-e-piccoli-svantaggi\/\" class=\"plain\">Portare i bambini in inverno: 7 miti, verit\u00e0 sincere e piccoli svantaggi<\/a>\n\t\t\t\t\t<\/h5>\n\t\t\t\t\t\t\t\t\t\t<div class=\"is-divider\"><\/div>\n\t\t\t\t\t\t\t\t\t\t<p class=\"from_the_blog_excerpt \">\n\t\t\t\t\t\tQuando le giornate si accorciano e il freddo comincia a farsi sentire, molte mamme si [...]\t\t\t\t\t<\/p>\n\t\t\t\t\t                    \n\t\t\t\t\t\n\t\t\t\t\t\n\t\t\t\t\t<\/div>\n\t\t\t\t\t<\/div>\n\t\t\t\t\t\t\t\t\t\t\t\t\t\t\t\t<div class=\"badge absolute top post-date badge-outline\">\n\t\t\t\t\t\t\t<div class=\"badge-inner\">\n\t\t\t\t\t\t\t\t<span class=\"post-date-day\">07<\/span><br>\n\t\t\t\t\t\t\t\t<span class=\"post-date-month is-xsmall\">Nov<\/span>\n\t\t\t\t\t\t\t<\/div>\n\t\t\t\t\t\t<\/div>\n\t\t\t\t\t\t\t\t\t<\/div>\n\t\t\t<\/div>\n\t\t<\/div><div class=\"col post-item\" >\n\t\t\t<div class=\"col-inner\">\n\t\t\t\t<div class=\"box box-normal box-text-bottom box-blog-post has-hover\">\n            \t\t\t\t\t<div class=\"box-image\" >\n  \t\t\t\t\t\t<div class=\"image-cover\" style=\"padding-top:56.25%;\">\n\t\t\t\t\t\t\t<a href=\"https:\/\/mariblum.de\/it\/guida-ai-materiali-per-fasce-e-ring-sling-in-autunno\/\" class=\"plain\" aria-label=\"Guida ai materiali per fasce e ring sling in autunno\">\n\t\t\t\t\t\t\t\t<img loading=\"lazy\" decoding=\"async\" width=\"225\" height=\"300\" src=\"https:\/\/mariblum.de\/wp-content\/uploads\/2023\/04\/Ring-Sling-aus-Hanf-Lavendelfeld-225x300.jpeg\" class=\"attachment-medium size-medium wp-post-image\" alt=\"\" srcset=\"https:\/\/mariblum.de\/wp-content\/uploads\/2023\/04\/Ring-Sling-aus-Hanf-Lavendelfeld-225x300.jpeg 225w, https:\/\/mariblum.de\/wp-content\/uploads\/2023\/04\/Ring-Sling-aus-Hanf-Lavendelfeld-510x680.jpeg 510w, https:\/\/mariblum.de\/wp-content\/uploads\/2023\/04\/Ring-Sling-aus-Hanf-Lavendelfeld.jpeg 600w\" sizes=\"auto, (max-width: 225px) 100vw, 225px\" \/>\t\t\t\t\t\t\t<\/a>\n  \t\t\t\t\t\t\t  \t\t\t\t\t\t\t  \t\t\t\t\t\t<\/div>\n  \t\t\t\t\t\t  \t\t\t\t\t<\/div>\n          \t\t\t\t\t<div class=\"box-text text-center\" >\n\t\t\t\t\t<div class=\"box-text-inner blog-post-inner\">\n\n\t\t\t\t\t\n\t\t\t\t\t\t\t\t\t\t<h5 class=\"post-title is-large \">\n\t\t\t\t\t\t<a href=\"https:\/\/mariblum.de\/it\/guida-ai-materiali-per-fasce-e-ring-sling-in-autunno\/\" class=\"plain\">Guida ai materiali per fasce e ring sling in autunno<\/a>\n\t\t\t\t\t<\/h5>\n\t\t\t\t\t\t\t\t\t\t<div class=\"is-divider\"><\/div>\n\t\t\t\t\t\t\t\t\t\t<p class=\"from_the_blog_excerpt \">\n\t\t\t\t\t\tL\u2019autunno \u00e8 alle porte, con giornate pi\u00f9 fresche che ci invitano a vestirci in modo [...]\t\t\t\t\t<\/p>\n\t\t\t\t\t                    \n\t\t\t\t\t\n\t\t\t\t\t\n\t\t\t\t\t<\/div>\n\t\t\t\t\t<\/div>\n\t\t\t\t\t\t\t\t\t\t\t\t\t\t\t\t<div class=\"badge absolute top post-date badge-outline\">\n\t\t\t\t\t\t\t<div class=\"badge-inner\">\n\t\t\t\t\t\t\t\t<span class=\"post-date-day\">03<\/span><br>\n\t\t\t\t\t\t\t\t<span class=\"post-date-month is-xsmall\">Nov<\/span>\n\t\t\t\t\t\t\t<\/div>\n\t\t\t\t\t\t<\/div>\n\t\t\t\t\t\t\t\t\t<\/div>\n\t\t\t<\/div>\n\t\t<\/div><div class=\"col post-item\" >\n\t\t\t<div class=\"col-inner\">\n\t\t\t\t<div class=\"box box-normal box-text-bottom box-blog-post has-hover\">\n            \t\t\t\t\t<div class=\"box-image\" >\n  \t\t\t\t\t\t<div class=\"image-cover\" style=\"padding-top:56.25%;\">\n\t\t\t\t\t\t\t<a href=\"https:\/\/mariblum.de\/it\/scegliere-la-prima-fascia-materiali-taglia-ergonomia-guida-per-iniziare-a-fasciare-e-usare-il-ring-sling\/\" class=\"plain\" aria-label=\"Scegliere la prima fascia: materiali, taglia &#038; ergonomia \u2014 Guida per iniziare a fasciare e usare il ring sling\">\n\t\t\t\t\t\t\t\t<img loading=\"lazy\" decoding=\"async\" width=\"225\" height=\"300\" src=\"https:\/\/mariblum.de\/wp-content\/uploads\/2025\/03\/Dark-Forest-Tragetuch-aus-Hanf-225x300.jpg\" class=\"attachment-medium size-medium wp-post-image\" alt=\"\" srcset=\"https:\/\/mariblum.de\/wp-content\/uploads\/2025\/03\/Dark-Forest-Tragetuch-aus-Hanf-225x300.jpg 225w, https:\/\/mariblum.de\/wp-content\/uploads\/2025\/03\/Dark-Forest-Tragetuch-aus-Hanf.jpg 450w\" sizes=\"auto, (max-width: 225px) 100vw, 225px\" \/>\t\t\t\t\t\t\t<\/a>\n  \t\t\t\t\t\t\t  \t\t\t\t\t\t\t  \t\t\t\t\t\t<\/div>\n  \t\t\t\t\t\t  \t\t\t\t\t<\/div>\n          \t\t\t\t\t<div class=\"box-text text-center\" >\n\t\t\t\t\t<div class=\"box-text-inner blog-post-inner\">\n\n\t\t\t\t\t\n\t\t\t\t\t\t\t\t\t\t<h5 class=\"post-title is-large \">\n\t\t\t\t\t\t<a href=\"https:\/\/mariblum.de\/it\/scegliere-la-prima-fascia-materiali-taglia-ergonomia-guida-per-iniziare-a-fasciare-e-usare-il-ring-sling\/\" class=\"plain\">Scegliere la prima fascia: materiali, taglia &#038; ergonomia \u2014 Guida per iniziare a fasciare e usare il ring sling<\/a>\n\t\t\t\t\t<\/h5>\n\t\t\t\t\t\t\t\t\t\t<div class=\"is-divider\"><\/div>\n\t\t\t\t\t\t\t\t\t\t<p class=\"from_the_blog_excerpt \">\n\t\t\t\t\t\tScegliere la tua prima fascia o un ring sling pu\u00f2 sembrare travolgente. Con qualche riferimento [...]\t\t\t\t\t<\/p>\n\t\t\t\t\t                    \n\t\t\t\t\t\n\t\t\t\t\t\n\t\t\t\t\t<\/div>\n\t\t\t\t\t<\/div>\n\t\t\t\t\t\t\t\t\t\t\t\t\t\t\t\t<div class=\"badge absolute top post-date badge-outline\">\n\t\t\t\t\t\t\t<div class=\"badge-inner\">\n\t\t\t\t\t\t\t\t<span class=\"post-date-day\">24<\/span><br>\n\t\t\t\t\t\t\t\t<span class=\"post-date-month is-xsmall\">Ott<\/span>\n\t\t\t\t\t\t\t<\/div>\n\t\t\t\t\t\t<\/div>\n\t\t\t\t\t\t\t\t\t<\/div>\n\t\t\t<\/div>\n\t\t<\/div><div class=\"col post-item\" >\n\t\t\t<div class=\"col-inner\">\n\t\t\t\t<div class=\"box box-normal box-text-bottom box-blog-post has-hover\">\n            \t\t\t\t\t<div class=\"box-image\" >\n  \t\t\t\t\t\t<div class=\"image-cover\" style=\"padding-top:56.25%;\">\n\t\t\t\t\t\t\t<a href=\"https:\/\/mariblum.de\/it\/portare-i-bambini-e-fratelli-consigli-sensibili-per-le-giovani-mamme\/\" class=\"plain\" aria-label=\"Portare i bambini e fratelli: consigli sensibili per le giovani mamme\">\n\t\t\t\t\t\t\t\t<img loading=\"lazy\" decoding=\"async\" width=\"225\" height=\"300\" src=\"https:\/\/mariblum.de\/wp-content\/uploads\/2025\/04\/Baby-Tragetuch-aus-Hanf-Zauberwald-225x300.jpeg\" class=\"attachment-medium size-medium wp-post-image\" alt=\"\" srcset=\"https:\/\/mariblum.de\/wp-content\/uploads\/2025\/04\/Baby-Tragetuch-aus-Hanf-Zauberwald-225x300.jpeg 225w, https:\/\/mariblum.de\/wp-content\/uploads\/2025\/04\/Baby-Tragetuch-aus-Hanf-Zauberwald-510x680.jpeg 510w, https:\/\/mariblum.de\/wp-content\/uploads\/2025\/04\/Baby-Tragetuch-aus-Hanf-Zauberwald.jpeg 600w\" sizes=\"auto, (max-width: 225px) 100vw, 225px\" \/>\t\t\t\t\t\t\t<\/a>\n  \t\t\t\t\t\t\t  \t\t\t\t\t\t\t  \t\t\t\t\t\t<\/div>\n  \t\t\t\t\t\t  \t\t\t\t\t<\/div>\n          \t\t\t\t\t<div class=\"box-text text-center\" >\n\t\t\t\t\t<div class=\"box-text-inner blog-post-inner\">\n\n\t\t\t\t\t\n\t\t\t\t\t\t\t\t\t\t<h5 class=\"post-title is-large \">\n\t\t\t\t\t\t<a href=\"https:\/\/mariblum.de\/it\/portare-i-bambini-e-fratelli-consigli-sensibili-per-le-giovani-mamme\/\" class=\"plain\">Portare i bambini e fratelli: consigli sensibili per le giovani mamme<\/a>\n\t\t\t\t\t<\/h5>\n\t\t\t\t\t\t\t\t\t\t<div class=\"is-divider\"><\/div>\n\t\t\t\t\t\t\t\t\t\t<p class=\"from_the_blog_excerpt \">\n\t\t\t\t\t\tLa vita da neo-mamma porta con s\u00e9 molte sfide \u2014 e innumerevoli piccole gioie. Uno [...]\t\t\t\t\t<\/p>\n\t\t\t\t\t                    \n\t\t\t\t\t\n\t\t\t\t\t\n\t\t\t\t\t<\/div>\n\t\t\t\t\t<\/div>\n\t\t\t\t\t\t\t\t\t\t\t\t\t\t\t\t<div class=\"badge absolute top post-date badge-outline\">\n\t\t\t\t\t\t\t<div class=\"badge-inner\">\n\t\t\t\t\t\t\t\t<span class=\"post-date-day\">17<\/span><br>\n\t\t\t\t\t\t\t\t<span class=\"post-date-month is-xsmall\">Ott<\/span>\n\t\t\t\t\t\t\t<\/div>\n\t\t\t\t\t\t<\/div>\n\t\t\t\t\t\t\t\t\t<\/div>\n\t\t\t<\/div>\n\t\t<\/div><div class=\"col post-item\" >\n\t\t\t<div class=\"col-inner\">\n\t\t\t\t<div class=\"box box-normal box-text-bottom box-blog-post has-hover\">\n            \t\t\t\t\t<div class=\"box-image\" >\n  \t\t\t\t\t\t<div class=\"image-cover\" style=\"padding-top:56.25%;\">\n\t\t\t\t\t\t\t<a href=\"https:\/\/mariblum.de\/it\/passeggiate-autunnali-con-ring-sling-flessibile-vicino-sicuro-luoghi-top-consigli-checklist\/\" class=\"plain\" aria-label=\"Passeggiate autunnali con ring sling: flessibile, vicino &#038; sicuro \u2014 luoghi top, consigli &#038; checklist\">\n\t\t\t\t\t\t\t\t<img loading=\"lazy\" decoding=\"async\" width=\"225\" height=\"300\" src=\"https:\/\/mariblum.de\/wp-content\/uploads\/2025\/04\/Baumwolle-Baby-Tragetuch_Elefantenmotiv-weiss-blau-225x300.jpg\" class=\"attachment-medium size-medium wp-post-image\" alt=\"\" srcset=\"https:\/\/mariblum.de\/wp-content\/uploads\/2025\/04\/Baumwolle-Baby-Tragetuch_Elefantenmotiv-weiss-blau-225x300.jpg 225w, https:\/\/mariblum.de\/wp-content\/uploads\/2025\/04\/Baumwolle-Baby-Tragetuch_Elefantenmotiv-weiss-blau-510x680.jpg 510w, https:\/\/mariblum.de\/wp-content\/uploads\/2025\/04\/Baumwolle-Baby-Tragetuch_Elefantenmotiv-weiss-blau.jpg 600w\" sizes=\"auto, (max-width: 225px) 100vw, 225px\" \/>\t\t\t\t\t\t\t<\/a>\n  \t\t\t\t\t\t\t  \t\t\t\t\t\t\t  \t\t\t\t\t\t<\/div>\n  \t\t\t\t\t\t  \t\t\t\t\t<\/div>\n          \t\t\t\t\t<div class=\"box-text text-center\" >\n\t\t\t\t\t<div class=\"box-text-inner blog-post-inner\">\n\n\t\t\t\t\t\n\t\t\t\t\t\t\t\t\t\t<h5 class=\"post-title is-large \">\n\t\t\t\t\t\t<a href=\"https:\/\/mariblum.de\/it\/passeggiate-autunnali-con-ring-sling-flessibile-vicino-sicuro-luoghi-top-consigli-checklist\/\" class=\"plain\">Passeggiate autunnali con ring sling: flessibile, vicino &#038; sicuro \u2014 luoghi top, consigli &#038; checklist<\/a>\n\t\t\t\t\t<\/h5>\n\t\t\t\t\t\t\t\t\t\t<div class=\"is-divider\"><\/div>\n\t\t\t\t\t\t\t\t\t\t<p class=\"from_the_blog_excerpt \">\n\t\t\t\t\t\tL\u2019autunno \u00e8 una stagione magica: le foglie brillano di colori caldi e l\u2019aria \u00e8 fresca [...]\t\t\t\t\t<\/p>\n\t\t\t\t\t                    \n\t\t\t\t\t\n\t\t\t\t\t\n\t\t\t\t\t<\/div>\n\t\t\t\t\t<\/div>\n\t\t\t\t\t\t\t\t\t\t\t\t\t\t\t\t<div class=\"badge absolute top post-date badge-outline\">\n\t\t\t\t\t\t\t<div class=\"badge-inner\">\n\t\t\t\t\t\t\t\t<span class=\"post-date-day\">10<\/span><br>\n\t\t\t\t\t\t\t\t<span class=\"post-date-month is-xsmall\">Ott<\/span>\n\t\t\t\t\t\t\t<\/div>\n\t\t\t\t\t\t<\/div>\n\t\t\t\t\t\t\t\t\t<\/div>\n\t\t\t<\/div>\n\t\t<\/div><div class=\"col post-item\" >\n\t\t\t<div class=\"col-inner\">\n\t\t\t\t<div class=\"box box-normal box-text-bottom box-blog-post has-hover\">\n            \t\t\t\t\t<div class=\"box-image\" >\n  \t\t\t\t\t\t<div class=\"image-cover\" style=\"padding-top:56.25%;\">\n\t\t\t\t\t\t\t<a href=\"https:\/\/mariblum.de\/it\/come-vestirsi-e-vestire-il-bambino-quando-lo-si-porta-in-braccio\/\" class=\"plain\" aria-label=\"Come vestirsi e vestire il bambino quando lo si porta in braccio\">\n\t\t\t\t\t\t\t\t<img loading=\"lazy\" decoding=\"async\" width=\"193\" height=\"300\" src=\"https:\/\/mariblum.de\/wp-content\/uploads\/2019\/02\/Olive_Ring-Sling_detail-scaled-e1576770252650-193x300.jpg\" class=\"attachment-medium size-medium wp-post-image\" alt=\"oliva-ring-sling-verde-in-canapa\" srcset=\"https:\/\/mariblum.de\/wp-content\/uploads\/2019\/02\/Olive_Ring-Sling_detail-scaled-e1576770252650-193x300.jpg 193w, https:\/\/mariblum.de\/wp-content\/uploads\/2019\/02\/Olive_Ring-Sling_detail-scaled-e1576770252650-510x794.jpg 510w, https:\/\/mariblum.de\/wp-content\/uploads\/2019\/02\/Olive_Ring-Sling_detail-scaled-e1576770252650.jpg 514w\" sizes=\"auto, (max-width: 193px) 100vw, 193px\" \/>\t\t\t\t\t\t\t<\/a>\n  \t\t\t\t\t\t\t  \t\t\t\t\t\t\t  \t\t\t\t\t\t<\/div>\n  \t\t\t\t\t\t  \t\t\t\t\t<\/div>\n          \t\t\t\t\t<div class=\"box-text text-center\" >\n\t\t\t\t\t<div class=\"box-text-inner blog-post-inner\">\n\n\t\t\t\t\t\n\t\t\t\t\t\t\t\t\t\t<h5 class=\"post-title is-large \">\n\t\t\t\t\t\t<a href=\"https:\/\/mariblum.de\/it\/come-vestirsi-e-vestire-il-bambino-quando-lo-si-porta-in-braccio\/\" class=\"plain\">Come vestirsi e vestire il bambino quando lo si porta in braccio<\/a>\n\t\t\t\t\t<\/h5>\n\t\t\t\t\t\t\t\t\t\t<div class=\"is-divider\"><\/div>\n\t\t\t\t\t\t\t\t\t\t<p class=\"from_the_blog_excerpt \">\n\t\t\t\t\t\tLa vita da neo-mamma \u00e8 piena di nuove sfide \u2014 e di splendidi momenti condivisi. [...]\t\t\t\t\t<\/p>\n\t\t\t\t\t                    \n\t\t\t\t\t\n\t\t\t\t\t\n\t\t\t\t\t<\/div>\n\t\t\t\t\t<\/div>\n\t\t\t\t\t\t\t\t\t\t\t\t\t\t\t\t<div class=\"badge absolute top post-date badge-outline\">\n\t\t\t\t\t\t\t<div class=\"badge-inner\">\n\t\t\t\t\t\t\t\t<span class=\"post-date-day\">26<\/span><br>\n\t\t\t\t\t\t\t\t<span class=\"post-date-month is-xsmall\">Set<\/span>\n\t\t\t\t\t\t\t<\/div>\n\t\t\t\t\t\t<\/div>\n\t\t\t\t\t\t\t\t\t<\/div>\n\t\t\t<\/div>\n\t\t<\/div><\/div>\n<h3>Domande frequenti<\/h3>\n<p><strong>Fino a quando posso portare il mio bambino in fascia?<\/strong><br \/>Puoi portare il tuo bambino dalla nascita fino a circa 15 kg, a seconda del tipo di fascia o sling utilizzato.<\/p>\n<p><strong>Il babywearing \u00e8 sicuro per la salute del mio bambino?<\/strong><br \/>S\u00ec, se eseguito correttamente, il portare sostiene lo sviluppo sano del bambino, in particolare quello delle anche, purch\u00e9 la fascia sia legata nel modo giusto.<\/p>\n<p><strong>Come si lega correttamente una fascia?<\/strong><br \/>Esistono molti tutorial e guide online che mostrano passo dopo passo come legare correttamente una fascia. La pratica fa la differenza!<\/p>\n<p><script type=\"application\/ld+json\">\n{\n  \"@context\": \"https:\/\/schema.org\",\n  \"@type\": \"FAQPage\",\n  \"mainEntity\": [\n    {\n      \"@type\": \"Question\",\n      \"name\": \"Fino a quando posso portare il mio bambino in fascia?\",\n      \"acceptedAnswer\": {\n        \"@type\": \"Answer\",\n        \"text\": \"Puoi portare il tuo bambino dalla nascita fino a circa 15 kg, a seconda del tipo di fascia o sling utilizzato.\"\n      }\n    },\n    {\n      \"@type\": \"Question\",\n      \"name\": \"Il babywearing \u00e8 sicuro per la salute del mio bambino?\",\n      \"acceptedAnswer\": {\n        \"@type\": \"Answer\",\n        \"text\": \"S\u00ec, se eseguito correttamente, il portare sostiene lo sviluppo sano del bambino, in particolare quello delle anche, purch\u00e9 la fascia sia legata nel modo giusto.\"\n      }\n    },\n    {\n      \"@type\": \"Question\",\n      \"name\": \"Come si lega correttamente una fascia?\",\n      \"acceptedAnswer\": {\n        \"@type\": \"Answer\",\n        \"text\": \"Esistono molti tutorial e guide online che mostrano passo dopo passo come legare correttamente una fascia. La pratica fa la differenza!\"\n      }\n    }\n  ]\n}\n<\/script><\/p>\n","protected":false},"excerpt":{"rendered":"<p>Come giovani mamme ci troviamo spesso di fronte a innumerevoli decisioni che influenzano la vita con il nostro bambino. Uno dei modi pi\u00f9 belli e intimi per approfondire il legame con il tuo piccolo tesoro \u00e8 portarlo con fasce porta beb\u00e8 e sling ad anelli. In questo articolo ti mostreremo come il babywearing non solo [&#8230;]\n","protected":false},"author":1,"featured_media":19309,"comment_status":"closed","ping_status":"closed","sticky":false,"template":"","format":"standard","meta":{"footnotes":""},"categories":[2150,852],"tags":[1950,3090,3086,3089,3088,3087,1918,3091],"class_list":["post-19831","post","type-post","status-publish","format-standard","has-post-thumbnail","hentry","category-autunno","category-mariblum-porta-bebe-news","tag-babywearing-it","tag-consigli-neonato","tag-fascia-porta-bebe","tag-legame-con-il-bebe","tag-portare-ergonomico","tag-posizione-a-m","tag-ring-sling-it","tag-vita-quotidiana-con-bebe"],"yoast_head":"<!-- This site is optimized with the Yoast SEO Premium plugin v23.3 (Yoast SEO v27.2) - https:\/\/yoast.com\/product\/yoast-seo-premium-wordpress\/ -->\n<title>Fascia &amp; Ring Sling: Legame, Calma e Mani libere - mariblum - Fascia Porta Bebe<\/title>\n<meta name=\"description\" content=\"Scopri come fascia e ring sling rafforzano il legame, calmano il beb\u00e8 e ti lasciano le mani libere nella vita quotidiana. Consigli ergonomici: posizione a M.\" \/>\n<meta name=\"robots\" content=\"index, follow, max-snippet:-1, max-image-preview:large, max-video-preview:-1\" \/>\n<link rel=\"canonical\" href=\"https:\/\/mariblum.de\/it\/portare-e-legame-la-magia-della-vicinanza-con-il-tuo-bambino\/\" \/>\n<meta property=\"og:locale\" content=\"it_IT\" \/>\n<meta property=\"og:type\" content=\"article\" \/>\n<meta property=\"og:title\" content=\"Portare e legame: la magia della vicinanza con il tuo bambino\" \/>\n<meta property=\"og:description\" content=\"Scopri come fascia e ring sling rafforzano il legame, calmano il beb\u00e8 e ti lasciano le mani libere nella vita quotidiana. Consigli ergonomici: posizione a M.\" \/>\n<meta property=\"og:url\" content=\"https:\/\/mariblum.de\/it\/portare-e-legame-la-magia-della-vicinanza-con-il-tuo-bambino\/\" \/>\n<meta property=\"og:site_name\" content=\"mariblum - Fascia Porta Bebe\" \/>\n<meta property=\"article:published_time\" content=\"2025-09-05T04:28:04+00:00\" \/>\n<meta property=\"article:modified_time\" content=\"2025-09-05T04:30:59+00:00\" \/>\n<meta property=\"og:image\" content=\"https:\/\/mariblum.de\/wp-content\/uploads\/2025\/05\/Sunny-Dots-RS.jpeg\" \/>\n\t<meta property=\"og:image:width\" content=\"600\" \/>\n\t<meta property=\"og:image:height\" content=\"800\" \/>\n\t<meta property=\"og:image:type\" content=\"image\/jpeg\" \/>\n<meta name=\"author\" content=\"mariblum\" \/>\n<meta name=\"twitter:card\" content=\"summary_large_image\" \/>\n<meta name=\"twitter:label1\" content=\"Scritto da\" \/>\n\t<meta name=\"twitter:data1\" content=\"mariblum\" \/>\n\t<meta name=\"twitter:label2\" content=\"Tempo di lettura stimato\" \/>\n\t<meta name=\"twitter:data2\" content=\"4 minuti\" \/>\n<script type=\"application\/ld+json\" class=\"yoast-schema-graph\">{\"@context\":\"https:\/\/schema.org\",\"@graph\":[{\"@type\":\"Article\",\"@id\":\"https:\/\/mariblum.de\/it\/portare-e-legame-la-magia-della-vicinanza-con-il-tuo-bambino\/#article\",\"isPartOf\":{\"@id\":\"https:\/\/mariblum.de\/it\/portare-e-legame-la-magia-della-vicinanza-con-il-tuo-bambino\/\"},\"author\":{\"name\":\"mariblum\",\"@id\":\"https:\/\/mariblum.de\/it\/#\/schema\/person\/0f48a4840cefc156d4d2deb5e4b294d0\"},\"headline\":\"Portare e legame: la magia della vicinanza con il tuo bambino\",\"datePublished\":\"2025-09-05T04:28:04+00:00\",\"dateModified\":\"2025-09-05T04:30:59+00:00\",\"mainEntityOfPage\":{\"@id\":\"https:\/\/mariblum.de\/it\/portare-e-legame-la-magia-della-vicinanza-con-il-tuo-bambino\/\"},\"wordCount\":561,\"publisher\":{\"@id\":\"https:\/\/mariblum.de\/it\/#organization\"},\"image\":{\"@id\":\"https:\/\/mariblum.de\/it\/portare-e-legame-la-magia-della-vicinanza-con-il-tuo-bambino\/#primaryimage\"},\"thumbnailUrl\":\"https:\/\/mariblum.de\/wp-content\/uploads\/2025\/05\/Sunny-Dots-RS.jpeg\",\"keywords\":[\"babywearing\",\"consigli neonato\",\"fascia porta beb\u00e8\",\"legame con il beb\u00e8\",\"portare ergonomico\",\"posizione a M\",\"ring sling\",\"vita quotidiana con beb\u00e8\"],\"articleSection\":[\"Autunno\",\"mariblum - porta beb\u00e8 news\"],\"inLanguage\":\"it-IT\"},{\"@type\":\"WebPage\",\"@id\":\"https:\/\/mariblum.de\/it\/portare-e-legame-la-magia-della-vicinanza-con-il-tuo-bambino\/\",\"url\":\"https:\/\/mariblum.de\/it\/portare-e-legame-la-magia-della-vicinanza-con-il-tuo-bambino\/\",\"name\":\"Fascia & Ring Sling: Legame, Calma e Mani libere - mariblum - Fascia Porta Bebe\",\"isPartOf\":{\"@id\":\"https:\/\/mariblum.de\/it\/#website\"},\"primaryImageOfPage\":{\"@id\":\"https:\/\/mariblum.de\/it\/portare-e-legame-la-magia-della-vicinanza-con-il-tuo-bambino\/#primaryimage\"},\"image\":{\"@id\":\"https:\/\/mariblum.de\/it\/portare-e-legame-la-magia-della-vicinanza-con-il-tuo-bambino\/#primaryimage\"},\"thumbnailUrl\":\"https:\/\/mariblum.de\/wp-content\/uploads\/2025\/05\/Sunny-Dots-RS.jpeg\",\"datePublished\":\"2025-09-05T04:28:04+00:00\",\"dateModified\":\"2025-09-05T04:30:59+00:00\",\"description\":\"Scopri come fascia e ring sling rafforzano il legame, calmano il beb\u00e8 e ti lasciano le mani libere nella vita quotidiana. Consigli ergonomici: posizione a M.\",\"breadcrumb\":{\"@id\":\"https:\/\/mariblum.de\/it\/portare-e-legame-la-magia-della-vicinanza-con-il-tuo-bambino\/#breadcrumb\"},\"inLanguage\":\"it-IT\",\"potentialAction\":[{\"@type\":\"ReadAction\",\"target\":[\"https:\/\/mariblum.de\/it\/portare-e-legame-la-magia-della-vicinanza-con-il-tuo-bambino\/\"]}]},{\"@type\":\"ImageObject\",\"inLanguage\":\"it-IT\",\"@id\":\"https:\/\/mariblum.de\/it\/portare-e-legame-la-magia-della-vicinanza-con-il-tuo-bambino\/#primaryimage\",\"url\":\"https:\/\/mariblum.de\/wp-content\/uploads\/2025\/05\/Sunny-Dots-RS.jpeg\",\"contentUrl\":\"https:\/\/mariblum.de\/wp-content\/uploads\/2025\/05\/Sunny-Dots-RS.jpeg\",\"width\":600,\"height\":800},{\"@type\":\"BreadcrumbList\",\"@id\":\"https:\/\/mariblum.de\/it\/portare-e-legame-la-magia-della-vicinanza-con-il-tuo-bambino\/#breadcrumb\",\"itemListElement\":[{\"@type\":\"ListItem\",\"position\":1,\"name\":\"Startseite\",\"item\":\"https:\/\/mariblum.de\/it\/\"},{\"@type\":\"ListItem\",\"position\":2,\"name\":\"Portare e legame: la magia della vicinanza con il tuo bambino\"}]},{\"@type\":\"WebSite\",\"@id\":\"https:\/\/mariblum.de\/it\/#website\",\"url\":\"https:\/\/mariblum.de\/it\/\",\"name\":\"mariblum Traget\u00fccher\",\"description\":\"il modo naturale di portare il tuo bambino \",\"publisher\":{\"@id\":\"https:\/\/mariblum.de\/it\/#organization\"},\"potentialAction\":[{\"@type\":\"SearchAction\",\"target\":{\"@type\":\"EntryPoint\",\"urlTemplate\":\"https:\/\/mariblum.de\/it\/?s={search_term_string}\"},\"query-input\":{\"@type\":\"PropertyValueSpecification\",\"valueRequired\":true,\"valueName\":\"search_term_string\"}}],\"inLanguage\":\"it-IT\"},{\"@type\":\"Organization\",\"@id\":\"https:\/\/mariblum.de\/it\/#organization\",\"name\":\"mariblum\",\"url\":\"https:\/\/mariblum.de\/it\/\",\"logo\":{\"@type\":\"ImageObject\",\"inLanguage\":\"it-IT\",\"@id\":\"https:\/\/mariblum.de\/it\/#\/schema\/logo\/image\/\",\"url\":\"https:\/\/mariblum.de\/wp-content\/uploads\/2020\/07\/logo_m-500x_transparent.png\",\"contentUrl\":\"https:\/\/mariblum.de\/wp-content\/uploads\/2020\/07\/logo_m-500x_transparent.png\",\"width\":500,\"height\":500,\"caption\":\"mariblum\"},\"image\":{\"@id\":\"https:\/\/mariblum.de\/it\/#\/schema\/logo\/image\/\"},\"sameAs\":[\"https:\/\/www.instagram.com\/_mariblum_\/\"]},{\"@type\":\"Person\",\"@id\":\"https:\/\/mariblum.de\/it\/#\/schema\/person\/0f48a4840cefc156d4d2deb5e4b294d0\",\"name\":\"mariblum\",\"url\":\"https:\/\/mariblum.de\/it\/author\/mariblum\/\"}]}<\/script>\n<!-- \/ Yoast SEO Premium plugin. -->","yoast_head_json":{"title":"Fascia & Ring Sling: Legame, Calma e Mani libere - mariblum - Fascia Porta Bebe","description":"Scopri come fascia e ring sling rafforzano il legame, calmano il beb\u00e8 e ti lasciano le mani libere nella vita quotidiana. Consigli ergonomici: posizione a M.","robots":{"index":"index","follow":"follow","max-snippet":"max-snippet:-1","max-image-preview":"max-image-preview:large","max-video-preview":"max-video-preview:-1"},"canonical":"https:\/\/mariblum.de\/it\/portare-e-legame-la-magia-della-vicinanza-con-il-tuo-bambino\/","og_locale":"it_IT","og_type":"article","og_title":"Portare e legame: la magia della vicinanza con il tuo bambino","og_description":"Scopri come fascia e ring sling rafforzano il legame, calmano il beb\u00e8 e ti lasciano le mani libere nella vita quotidiana. Consigli ergonomici: posizione a M.","og_url":"https:\/\/mariblum.de\/it\/portare-e-legame-la-magia-della-vicinanza-con-il-tuo-bambino\/","og_site_name":"mariblum - Fascia Porta Bebe","article_published_time":"2025-09-05T04:28:04+00:00","article_modified_time":"2025-09-05T04:30:59+00:00","og_image":[{"width":600,"height":800,"url":"https:\/\/mariblum.de\/wp-content\/uploads\/2025\/05\/Sunny-Dots-RS.jpeg","type":"image\/jpeg"}],"author":"mariblum","twitter_card":"summary_large_image","twitter_misc":{"Scritto da":"mariblum","Tempo di lettura stimato":"4 minuti"},"schema":{"@context":"https:\/\/schema.org","@graph":[{"@type":"Article","@id":"https:\/\/mariblum.de\/it\/portare-e-legame-la-magia-della-vicinanza-con-il-tuo-bambino\/#article","isPartOf":{"@id":"https:\/\/mariblum.de\/it\/portare-e-legame-la-magia-della-vicinanza-con-il-tuo-bambino\/"},"author":{"name":"mariblum","@id":"https:\/\/mariblum.de\/it\/#\/schema\/person\/0f48a4840cefc156d4d2deb5e4b294d0"},"headline":"Portare e legame: la magia della vicinanza con il tuo bambino","datePublished":"2025-09-05T04:28:04+00:00","dateModified":"2025-09-05T04:30:59+00:00","mainEntityOfPage":{"@id":"https:\/\/mariblum.de\/it\/portare-e-legame-la-magia-della-vicinanza-con-il-tuo-bambino\/"},"wordCount":561,"publisher":{"@id":"https:\/\/mariblum.de\/it\/#organization"},"image":{"@id":"https:\/\/mariblum.de\/it\/portare-e-legame-la-magia-della-vicinanza-con-il-tuo-bambino\/#primaryimage"},"thumbnailUrl":"https:\/\/mariblum.de\/wp-content\/uploads\/2025\/05\/Sunny-Dots-RS.jpeg","keywords":["babywearing","consigli neonato","fascia porta beb\u00e8","legame con il beb\u00e8","portare ergonomico","posizione a M","ring sling","vita quotidiana con beb\u00e8"],"articleSection":["Autunno","mariblum - porta beb\u00e8 news"],"inLanguage":"it-IT"},{"@type":"WebPage","@id":"https:\/\/mariblum.de\/it\/portare-e-legame-la-magia-della-vicinanza-con-il-tuo-bambino\/","url":"https:\/\/mariblum.de\/it\/portare-e-legame-la-magia-della-vicinanza-con-il-tuo-bambino\/","name":"Fascia & Ring Sling: Legame, Calma e Mani libere - mariblum - Fascia Porta Bebe","isPartOf":{"@id":"https:\/\/mariblum.de\/it\/#website"},"primaryImageOfPage":{"@id":"https:\/\/mariblum.de\/it\/portare-e-legame-la-magia-della-vicinanza-con-il-tuo-bambino\/#primaryimage"},"image":{"@id":"https:\/\/mariblum.de\/it\/portare-e-legame-la-magia-della-vicinanza-con-il-tuo-bambino\/#primaryimage"},"thumbnailUrl":"https:\/\/mariblum.de\/wp-content\/uploads\/2025\/05\/Sunny-Dots-RS.jpeg","datePublished":"2025-09-05T04:28:04+00:00","dateModified":"2025-09-05T04:30:59+00:00","description":"Scopri come fascia e ring sling rafforzano il legame, calmano il beb\u00e8 e ti lasciano le mani libere nella vita quotidiana. Consigli ergonomici: posizione a M.","breadcrumb":{"@id":"https:\/\/mariblum.de\/it\/portare-e-legame-la-magia-della-vicinanza-con-il-tuo-bambino\/#breadcrumb"},"inLanguage":"it-IT","potentialAction":[{"@type":"ReadAction","target":["https:\/\/mariblum.de\/it\/portare-e-legame-la-magia-della-vicinanza-con-il-tuo-bambino\/"]}]},{"@type":"ImageObject","inLanguage":"it-IT","@id":"https:\/\/mariblum.de\/it\/portare-e-legame-la-magia-della-vicinanza-con-il-tuo-bambino\/#primaryimage","url":"https:\/\/mariblum.de\/wp-content\/uploads\/2025\/05\/Sunny-Dots-RS.jpeg","contentUrl":"https:\/\/mariblum.de\/wp-content\/uploads\/2025\/05\/Sunny-Dots-RS.jpeg","width":600,"height":800},{"@type":"BreadcrumbList","@id":"https:\/\/mariblum.de\/it\/portare-e-legame-la-magia-della-vicinanza-con-il-tuo-bambino\/#breadcrumb","itemListElement":[{"@type":"ListItem","position":1,"name":"Startseite","item":"https:\/\/mariblum.de\/it\/"},{"@type":"ListItem","position":2,"name":"Portare e legame: la magia della vicinanza con il tuo bambino"}]},{"@type":"WebSite","@id":"https:\/\/mariblum.de\/it\/#website","url":"https:\/\/mariblum.de\/it\/","name":"mariblum Traget\u00fccher","description":"il modo naturale di portare il tuo bambino ","publisher":{"@id":"https:\/\/mariblum.de\/it\/#organization"},"potentialAction":[{"@type":"SearchAction","target":{"@type":"EntryPoint","urlTemplate":"https:\/\/mariblum.de\/it\/?s={search_term_string}"},"query-input":{"@type":"PropertyValueSpecification","valueRequired":true,"valueName":"search_term_string"}}],"inLanguage":"it-IT"},{"@type":"Organization","@id":"https:\/\/mariblum.de\/it\/#organization","name":"mariblum","url":"https:\/\/mariblum.de\/it\/","logo":{"@type":"ImageObject","inLanguage":"it-IT","@id":"https:\/\/mariblum.de\/it\/#\/schema\/logo\/image\/","url":"https:\/\/mariblum.de\/wp-content\/uploads\/2020\/07\/logo_m-500x_transparent.png","contentUrl":"https:\/\/mariblum.de\/wp-content\/uploads\/2020\/07\/logo_m-500x_transparent.png","width":500,"height":500,"caption":"mariblum"},"image":{"@id":"https:\/\/mariblum.de\/it\/#\/schema\/logo\/image\/"},"sameAs":["https:\/\/www.instagram.com\/_mariblum_\/"]},{"@type":"Person","@id":"https:\/\/mariblum.de\/it\/#\/schema\/person\/0f48a4840cefc156d4d2deb5e4b294d0","name":"mariblum","url":"https:\/\/mariblum.de\/it\/author\/mariblum\/"}]}},"_links":{"self":[{"href":"https:\/\/mariblum.de\/it\/wp-json\/wp\/v2\/posts\/19831","targetHints":{"allow":["GET"]}}],"collection":[{"href":"https:\/\/mariblum.de\/it\/wp-json\/wp\/v2\/posts"}],"about":[{"href":"https:\/\/mariblum.de\/it\/wp-json\/wp\/v2\/types\/post"}],"author":[{"embeddable":true,"href":"https:\/\/mariblum.de\/it\/wp-json\/wp\/v2\/users\/1"}],"replies":[{"embeddable":true,"href":"https:\/\/mariblum.de\/it\/wp-json\/wp\/v2\/comments?post=19831"}],"version-history":[{"count":1,"href":"https:\/\/mariblum.de\/it\/wp-json\/wp\/v2\/posts\/19831\/revisions"}],"predecessor-version":[{"id":19832,"href":"https:\/\/mariblum.de\/it\/wp-json\/wp\/v2\/posts\/19831\/revisions\/19832"}],"wp:featuredmedia":[{"embeddable":true,"href":"https:\/\/mariblum.de\/it\/wp-json\/wp\/v2\/media\/19309"}],"wp:attachment":[{"href":"https:\/\/mariblum.de\/it\/wp-json\/wp\/v2\/media?parent=19831"}],"wp:term":[{"taxonomy":"category","embeddable":true,"href":"https:\/\/mariblum.de\/it\/wp-json\/wp\/v2\/categories?post=19831"},{"taxonomy":"post_tag","embeddable":true,"href":"https:\/\/mariblum.de\/it\/wp-json\/wp\/v2\/tags?post=19831"}],"curies":[{"name":"wp","href":"https:\/\/api.w.org\/{rel}","templated":true}]}}