{"id":19208,"date":"2025-06-13T04:41:43","date_gmt":"2025-06-13T04:41:43","guid":{"rendered":"https:\/\/mariblum.de\/?p=19208"},"modified":"2025-06-13T04:41:47","modified_gmt":"2025-06-13T04:41:47","slug":"cio-di-cui-il-vostro-bambino-ha-davvero-bisogno-connessione-invece-di-tecnologia","status":"publish","type":"post","link":"https:\/\/mariblum.de\/it\/cio-di-cui-il-vostro-bambino-ha-davvero-bisogno-connessione-invece-di-tecnologia\/","title":{"rendered":"Ci\u00f2 di cui il vostro bambino ha davvero bisogno: Connessione invece di tecnologia"},"content":{"rendered":"\n<p class=\"wp-block-yoast-seo-estimated-reading-time yoast-reading-time__wrapper\"><span class=\"yoast-reading-time__icon\"><svg aria-hidden=\"true\" focusable=\"false\" data-icon=\"clock\" width=\"20\" height=\"20\" fill=\"none\" stroke=\"currentColor\" style=\"display:inline-block;vertical-align:-0.1em\" role=\"img\" xmlns=\"http:\/\/www.w3.org\/2000\/svg\" viewBox=\"0 0 24 24\"><path stroke-linecap=\"round\" stroke-linejoin=\"round\" stroke-width=\"2\" d=\"M12 8v4l3 3m6-3a9 9 0 11-18 0 9 9 0 0118 0z\"><\/path><\/svg><\/span><span class=\"yoast-reading-time__spacer\" style=\"display:inline-block;width:1em\"><\/span><span class=\"yoast-reading-time__descriptive-text\">Estimated reading time: <\/span><span class=\"yoast-reading-time__reading-time\">5<\/span><span class=\"yoast-reading-time__time-unit\"> minuti<\/span><\/p>\n\n\n\n<p align=\"justify\" class=\"lead\">Mezzi di trasporto high-tech, imbottiti fin nel minimo dettaglio, promettono sicurezza, comfort ed ergonomia. Suona bene \u2013 ma \u00e8 davvero ci\u00f2 di cui ha bisogno il tuo bambino? A volte, meno tecnologia \u2013 e pi\u00f9 te \u2013 \u00e8 proprio quello che serve. Questo articolo \u00e8 un invito a riscoprire le fasce, gli sling ad anelli e il contatto autentico. Perch\u00e9 il legame non nasce dal tessuto, ma da te.<\/p>\r\n\r\n<strong>Indice dei Contenuti<\/strong>\r\n<ol>\r\n  <li style=\"list-style-type: none;\">\r\n    <ol>\r\n      <li><a href=\"#Tra-funzione-e-sentimento-dove-finisce-la-tecnica-e-comincia-la-vicinanza\">Tra funzione e sentimento: dove finisce la tecnica \u2013 e comincia la vicinanza<\/a><\/li>\r\n      <li><a href=\"#Perch\u00e9-meno-\u00e8-spesso-di-pi\u00f9-soprattutto-per-il-tuo-bambino\">Perch\u00e9 meno \u00e8 spesso di pi\u00f9 \u2013 soprattutto per il tuo bambino<\/a><\/li>\r\n      <li><a href=\"#La-vicinanza-non-si-programma-nasce-nel-momento\">La vicinanza non si programma \u2013 nasce nel momento<\/a><\/li>\r\n      <li><a href=\"#Perch\u00e9-le-fasce-non-sono-solo-una-fase\">Perch\u00e9 le fasce non sono solo una fase<\/a><\/li>\r\n      <li><a href=\"#Conclusione\">Conclusione<\/a><\/li>\r\n    <\/ol>\r\n  <\/li>\r\n<\/ol>\r\n\r\n<h2 id=\"Tra-funzione-e-sentimento-dove-finisce-la-tecnica-e-comincia-la-vicinanza\">Tra funzione e sentimento: dove finisce la tecnica \u2013 e comincia la vicinanza<\/h2>\r\n<img loading=\"lazy\" decoding=\"async\" class=\"alignnone size-full\" src=\"https:\/\/mariblum.de\/wp-content\/uploads\/2025\/04\/Baby-Tragetuch_Hanf_mku.jpg\" alt=\"ALT Text\" width=\"6000\" height=\"8000\" \/>\r\n\r\n<p align=\"justify\">Ci sono marsupi che sembrano piccole astronavi. Con fibbie, cinture, velcro, chiusure a scatto, imbottiture 4D \u2013 e promesse in cinque lingue. Tutto studiato, tutto ergonomico, tutto ottimizzato. Eppure, a volte si avverte: manca qualcosa.<\/p>\r\n\r\n<blockquote>Non perch\u00e9 il supporto sia sbagliato. Ma perch\u00e9 la tecnologia non sostituisce la vicinanza.<\/blockquote>\r\n\r\n<p align=\"justify\">Il tuo bambino non cerca una postura perfetta secondo lo standard XY. Cerca te. Il tuo movimento. Il tuo odore. Il battito del tuo cuore. Il ritmo del tuo respiro mentre sali le scale. Ed \u00e8 proprio l\u00ec che la fascia, lo sling \u2013 questi supporti apparentemente \u201csemplici\u201d \u2013 diventano molto pi\u00f9 ricchi di qualsiasi seduta imbottita.<\/p>\r\n\r\n<h2 id=\"Perch\u00e9-meno-\u00e8-spesso-di-pi\u00f9-soprattutto-per-il-tuo-bambino\">Perch\u00e9 meno \u00e8 spesso di pi\u00f9 \u2013 soprattutto per il tuo bambino<\/h2>\r\n<img loading=\"lazy\" decoding=\"async\" class=\"alignnone size-full\" src=\"https:\/\/mariblum.de\/wp-content\/uploads\/2023\/02\/Tragetuch-Baby-Elefant-gold-schwarz.jpg\" alt=\"ALT Text\" width=\"6000\" height=\"8000\" \/>\r\n\r\n<p align=\"justify\">Una fascia non \u00e8 solo un pezzo di stoffa. \u00c8 uno spazio tra te e il tuo bambino, riempito di calore. Non ha una struttura rigida n\u00e9 una forma prestabilita. \u00c8 morbida, flessibile, si adatta \u2013 proprio come te.<\/p>\r\n\r\n<div class=\"woocommerce columns-4 \"><div class=\"products row row-small large-columns-4 medium-columns-3 small-columns-2\">\n<div class=\"product-small col has-hover product type-product post-9252 status-publish first instock product_cat-fascia-porta-bebe-in-canapa-imbragature product_cat-tessuti-di-canapa has-post-thumbnail featured shipping-taxable purchasable product-type-variable has-default-attributes has-product-safety-information\">\n\t<div class=\"col-inner\">\n\t\n<div class=\"badge-container absolute left top z-1\">\n\n<\/div>\n\t<div class=\"product-small box \">\n\t\t<div class=\"box-image\">\n\t\t\t<div class=\"image-fade_in_back\">\n\t\t\t\t<a href=\"https:\/\/mariblum.de\/it\/produkt\/prato-di-fiori-fascia-porta-bebe\/\">\n\t\t\t\t\t<img loading=\"lazy\" decoding=\"async\" width=\"247\" height=\"247\" src=\"https:\/\/mariblum.de\/wp-content\/uploads\/2021\/01\/Blumenwiese-Tragetuch-aus-Hanf-247x247.jpeg\" class=\"attachment-woocommerce_thumbnail size-woocommerce_thumbnail\" alt=\"Prato di Fiori - Imbragature\" srcset=\"https:\/\/mariblum.de\/wp-content\/uploads\/2021\/01\/Blumenwiese-Tragetuch-aus-Hanf-247x247.jpeg 247w, https:\/\/mariblum.de\/wp-content\/uploads\/2021\/01\/Blumenwiese-Tragetuch-aus-Hanf-100x100.jpeg 100w, https:\/\/mariblum.de\/wp-content\/uploads\/2021\/01\/Blumenwiese-Tragetuch-aus-Hanf-150x150.jpeg 150w\" sizes=\"auto, (max-width: 247px) 100vw, 247px\" \/><img loading=\"lazy\" decoding=\"async\" width=\"247\" height=\"247\" src=\"https:\/\/mariblum.de\/wp-content\/uploads\/2021\/01\/tragetuch-billig-aus-hanf-247x247.jpg\" class=\"show-on-hover absolute fill hide-for-small back-image\" alt=\"prato-di-fiori-fascia-porta-bebe-lussuoso\" aria-hidden=\"true\" srcset=\"https:\/\/mariblum.de\/wp-content\/uploads\/2021\/01\/tragetuch-billig-aus-hanf-247x247.jpg 247w, https:\/\/mariblum.de\/wp-content\/uploads\/2021\/01\/tragetuch-billig-aus-hanf-100x100.jpg 100w, https:\/\/mariblum.de\/wp-content\/uploads\/2021\/01\/tragetuch-billig-aus-hanf-150x150.jpg 150w\" sizes=\"auto, (max-width: 247px) 100vw, 247px\" \/>\t\t\t\t<\/a>\n\t\t\t<\/div>\n\t\t\t<div class=\"image-tools is-small top right show-on-hover\">\n\t\t\t\t\t\t\t<\/div>\n\t\t\t<div class=\"image-tools is-small hide-for-small bottom left show-on-hover\">\n\t\t\t\t\t\t\t<\/div>\n\t\t\t<div class=\"image-tools grid-tools text-center hide-for-small bottom hover-slide-in show-on-hover\">\n\t\t\t\t<a href=\"#quick-view\" class=\"quick-view\" role=\"button\" data-prod=\"9252\" aria-haspopup=\"dialog\" aria-expanded=\"false\" data-flatsome-role-button>Anteprima<\/a>\t\t\t<\/div>\n\t\t\t\t\t<\/div>\n\n\t\t<div class=\"box-text box-text-products text-center grid-style-2\">\n\t\t\t<div class=\"ux-swatches ux-swatches-in-loop ux-swatches--rounded ux-swatches--x-small\" role=\"radiogroup\" data-flatsome-role-radiogroup><div data-image-src=\"https:\/\/mariblum.de\/wp-content\/uploads\/2021\/01\/Blumenwiese-Tragetuch-aus-Hanf-247x247.jpeg\" data-image-srcset=\"https:\/\/mariblum.de\/wp-content\/uploads\/2021\/01\/Blumenwiese-Tragetuch-aus-Hanf-247x247.jpeg 247w, https:\/\/mariblum.de\/wp-content\/uploads\/2021\/01\/Blumenwiese-Tragetuch-aus-Hanf-100x100.jpeg 100w, https:\/\/mariblum.de\/wp-content\/uploads\/2021\/01\/Blumenwiese-Tragetuch-aus-Hanf-150x150.jpeg 150w\" data-image-sizes=\"(max-width: 247px) 100vw, 247px\" data-attribute_name=\"attribute_pa_tt-groesze\" data-value=\"tt450-it\" aria-label=\"4,50 m\" role=\"radio\" aria-checked=\"false\" tabindex=\"0\" class=\"ux-swatch ux-swatch--label\"><span class=\"ux-swatch__text\">4,50 m<\/span><\/div><div data-image-src=\"https:\/\/mariblum.de\/wp-content\/uploads\/2021\/01\/Blumenwiese-Tragetuch-aus-Hanf-247x247.jpeg\" data-image-srcset=\"https:\/\/mariblum.de\/wp-content\/uploads\/2021\/01\/Blumenwiese-Tragetuch-aus-Hanf-247x247.jpeg 247w, https:\/\/mariblum.de\/wp-content\/uploads\/2021\/01\/Blumenwiese-Tragetuch-aus-Hanf-100x100.jpeg 100w, https:\/\/mariblum.de\/wp-content\/uploads\/2021\/01\/Blumenwiese-Tragetuch-aus-Hanf-150x150.jpeg 150w\" data-image-sizes=\"(max-width: 247px) 100vw, 247px\" data-attribute_name=\"attribute_pa_tt-groesze\" data-value=\"tt500-it\" aria-label=\"5,00 m\" role=\"radio\" aria-checked=\"false\" tabindex=\"0\" class=\"ux-swatch ux-swatch--label\"><span class=\"ux-swatch__text\">5,00 m<\/span><\/div><\/div><div class=\"title-wrapper\">\t\t<p class=\"category uppercase is-smaller no-text-overflow product-cat op-8\">\n\t\t\tImbragature in canapa\t\t<\/p>\n\t<p class=\"name product-title woocommerce-loop-product__title\"><a href=\"https:\/\/mariblum.de\/it\/produkt\/prato-di-fiori-fascia-porta-bebe\/\" class=\"woocommerce-LoopProduct-link woocommerce-loop-product__link\">Prato di Fiori &#8211; Imbragature<\/a><\/p><\/div><div class=\"price-wrapper\">\n\t<span class=\"price\"><span class=\"woocommerce-Price-amount amount\"><bdi>219,95&nbsp;<span class=\"woocommerce-Price-currencySymbol\">&euro;<\/span><\/bdi><\/span> &ndash; <span class=\"woocommerce-Price-amount amount\"><bdi>229,95&nbsp;<span class=\"woocommerce-Price-currencySymbol\">&euro;<\/span><\/bdi><\/span><\/span>\n\n\n\n<\/div>\t\t<\/div>\n\t<\/div>\n\t\n<span class=\"gtm4wp_productdata\" style=\"display:none; visibility:hidden;\" data-gtm4wp_product_data=\"{&quot;internal_id&quot;:9252,&quot;item_id&quot;:9252,&quot;item_name&quot;:&quot;Prato di Fiori - Imbragature&quot;,&quot;sku&quot;:9252,&quot;price&quot;:219.95,&quot;stocklevel&quot;:null,&quot;stockstatus&quot;:&quot;instock&quot;,&quot;google_business_vertical&quot;:&quot;retail&quot;,&quot;item_category&quot;:&quot;Imbragature in canapa&quot;,&quot;id&quot;:9252,&quot;productlink&quot;:&quot;https:\\\/\\\/mariblum.de\\\/it\\\/produkt\\\/prato-di-fiori-fascia-porta-bebe\\\/&quot;,&quot;item_list_name&quot;:&quot;Featured Products&quot;,&quot;index&quot;:1,&quot;product_type&quot;:&quot;variable&quot;,&quot;item_brand&quot;:&quot;&quot;}\"><\/span>\t<\/div>\n<\/div><div class=\"product-small col has-hover product type-product post-11710 status-publish instock product_cat-fascia-porta-bebe-in-canapa-imbragature product_cat-tessuti-di-canapa product_tag-fascia-porta-bebe product_tag-rosso has-post-thumbnail featured purchasable product-type-variable has-default-attributes has-product-safety-information\">\n\t<div class=\"col-inner\">\n\t\n<div class=\"badge-container absolute left top z-1\">\n\n<\/div>\n\t<div class=\"product-small box \">\n\t\t<div class=\"box-image\">\n\t\t\t<div class=\"image-fade_in_back\">\n\t\t\t\t<a href=\"https:\/\/mariblum.de\/it\/produkt\/rossa-fascia-porta-bebe-in-canapa-cuore-di-madre\/\">\n\t\t\t\t\t<img loading=\"lazy\" decoding=\"async\" width=\"247\" height=\"247\" src=\"https:\/\/mariblum.de\/wp-content\/uploads\/2026\/02\/rotes-tragetuch-baby-hilft-schlafen-247x247.webp\" class=\"attachment-woocommerce_thumbnail size-woocommerce_thumbnail\" alt=\"Una comoda fascia rossa aiuta il bambino ad addormentarsi dolcemente e ha comfort e stile per la madre\" srcset=\"https:\/\/mariblum.de\/wp-content\/uploads\/2026\/02\/rotes-tragetuch-baby-hilft-schlafen-247x247.webp 247w, https:\/\/mariblum.de\/wp-content\/uploads\/2026\/02\/rotes-tragetuch-baby-hilft-schlafen-150x150.webp 150w, https:\/\/mariblum.de\/wp-content\/uploads\/2026\/02\/rotes-tragetuch-baby-hilft-schlafen-100x100.webp 100w\" sizes=\"auto, (max-width: 247px) 100vw, 247px\" \/><img loading=\"lazy\" decoding=\"async\" width=\"247\" height=\"247\" src=\"https:\/\/mariblum.de\/wp-content\/uploads\/2026\/02\/tragetuch-als-kinderwagen-alternative-247x247.webp\" class=\"show-on-hover absolute fill hide-for-small back-image\" alt=\"Una pratica fascia che \u00e8 considerata un&#039;alternativa al passeggino\" aria-hidden=\"true\" srcset=\"https:\/\/mariblum.de\/wp-content\/uploads\/2026\/02\/tragetuch-als-kinderwagen-alternative-247x247.webp 247w, https:\/\/mariblum.de\/wp-content\/uploads\/2026\/02\/tragetuch-als-kinderwagen-alternative-150x150.webp 150w, https:\/\/mariblum.de\/wp-content\/uploads\/2026\/02\/tragetuch-als-kinderwagen-alternative-100x100.webp 100w\" sizes=\"auto, (max-width: 247px) 100vw, 247px\" \/>\t\t\t\t<\/a>\n\t\t\t<\/div>\n\t\t\t<div class=\"image-tools is-small top right show-on-hover\">\n\t\t\t\t\t\t\t<\/div>\n\t\t\t<div class=\"image-tools is-small hide-for-small bottom left show-on-hover\">\n\t\t\t\t\t\t\t<\/div>\n\t\t\t<div class=\"image-tools grid-tools text-center hide-for-small bottom hover-slide-in show-on-hover\">\n\t\t\t\t<a href=\"#quick-view\" class=\"quick-view\" role=\"button\" data-prod=\"11710\" aria-haspopup=\"dialog\" aria-expanded=\"false\" data-flatsome-role-button>Anteprima<\/a>\t\t\t<\/div>\n\t\t\t\t\t<\/div>\n\n\t\t<div class=\"box-text box-text-products text-center grid-style-2\">\n\t\t\t<div class=\"ux-swatches ux-swatches-in-loop ux-swatches--rounded ux-swatches--x-small\" role=\"radiogroup\" data-flatsome-role-radiogroup><div data-image-src=\"https:\/\/mariblum.de\/wp-content\/uploads\/2026\/02\/rotes-tragetuch-baby-hilft-schlafen-247x247.webp\" data-image-srcset=\"https:\/\/mariblum.de\/wp-content\/uploads\/2026\/02\/rotes-tragetuch-baby-hilft-schlafen-247x247.webp 247w, https:\/\/mariblum.de\/wp-content\/uploads\/2026\/02\/rotes-tragetuch-baby-hilft-schlafen-150x150.webp 150w, https:\/\/mariblum.de\/wp-content\/uploads\/2026\/02\/rotes-tragetuch-baby-hilft-schlafen-100x100.webp 100w\" data-image-sizes=\"(max-width: 247px) 100vw, 247px\" data-attribute_name=\"attribute_pa_tt-groesze\" data-value=\"tt450-it\" aria-label=\"4,50 m\" role=\"radio\" aria-checked=\"false\" tabindex=\"0\" class=\"ux-swatch ux-swatch--label\"><span class=\"ux-swatch__text\">4,50 m<\/span><\/div><div data-image-src=\"https:\/\/mariblum.de\/wp-content\/uploads\/2026\/02\/rotes-tragetuch-baby-hilft-schlafen-247x247.webp\" data-image-srcset=\"https:\/\/mariblum.de\/wp-content\/uploads\/2026\/02\/rotes-tragetuch-baby-hilft-schlafen-247x247.webp 247w, https:\/\/mariblum.de\/wp-content\/uploads\/2026\/02\/rotes-tragetuch-baby-hilft-schlafen-150x150.webp 150w, https:\/\/mariblum.de\/wp-content\/uploads\/2026\/02\/rotes-tragetuch-baby-hilft-schlafen-100x100.webp 100w\" data-image-sizes=\"(max-width: 247px) 100vw, 247px\" data-attribute_name=\"attribute_pa_tt-groesze\" data-value=\"tt500-it\" aria-label=\"5,00 m\" role=\"radio\" aria-checked=\"false\" tabindex=\"0\" class=\"ux-swatch ux-swatch--label\"><span class=\"ux-swatch__text\">5,00 m<\/span><\/div><\/div><div class=\"title-wrapper\">\t\t<p class=\"category uppercase is-smaller no-text-overflow product-cat op-8\">\n\t\t\tImbragature in canapa\t\t<\/p>\n\t<p class=\"name product-title woocommerce-loop-product__title\"><a href=\"https:\/\/mariblum.de\/it\/produkt\/rossa-fascia-porta-bebe-in-canapa-cuore-di-madre\/\" class=\"woocommerce-LoopProduct-link woocommerce-loop-product__link\">Cuore di Madre &#8211; Imbragature<\/a><\/p><\/div><div class=\"price-wrapper\">\n\t<span class=\"price\"><span class=\"woocommerce-Price-amount amount\"><bdi>139,95&nbsp;<span class=\"woocommerce-Price-currencySymbol\">&euro;<\/span><\/bdi><\/span> &ndash; <span class=\"woocommerce-Price-amount amount\"><bdi>149,95&nbsp;<span class=\"woocommerce-Price-currencySymbol\">&euro;<\/span><\/bdi><\/span><\/span>\n\n\n\n<\/div>\t\t<\/div>\n\t<\/div>\n\t\n<span class=\"gtm4wp_productdata\" style=\"display:none; visibility:hidden;\" data-gtm4wp_product_data=\"{&quot;internal_id&quot;:11710,&quot;item_id&quot;:11710,&quot;item_name&quot;:&quot;Cuore di Madre - Imbragature&quot;,&quot;sku&quot;:&quot;Mutterliebe-TT&quot;,&quot;price&quot;:139.95,&quot;stocklevel&quot;:null,&quot;stockstatus&quot;:&quot;instock&quot;,&quot;google_business_vertical&quot;:&quot;retail&quot;,&quot;item_category&quot;:&quot;Imbragature in canapa&quot;,&quot;id&quot;:11710,&quot;productlink&quot;:&quot;https:\\\/\\\/mariblum.de\\\/it\\\/produkt\\\/rossa-fascia-porta-bebe-in-canapa-cuore-di-madre\\\/&quot;,&quot;item_list_name&quot;:&quot;Featured Products&quot;,&quot;index&quot;:2,&quot;product_type&quot;:&quot;variable&quot;,&quot;item_brand&quot;:&quot;&quot;}\"><\/span>\t<\/div>\n<\/div><div class=\"product-small col has-hover product type-product post-7177 status-publish instock product_cat-fascia-porta-bebe-in-canapa-imbragature product_cat-tessuti-di-canapa product_tag-colori product_tag-fascia-porta-bebe product_tag-universo has-post-thumbnail featured purchasable product-type-variable has-default-attributes has-product-safety-information\">\n\t<div class=\"col-inner\">\n\t\n<div class=\"badge-container absolute left top z-1\">\n\n<\/div>\n\t<div class=\"product-small box \">\n\t\t<div class=\"box-image\">\n\t\t\t<div class=\"image-fade_in_back\">\n\t\t\t\t<a href=\"https:\/\/mariblum.de\/it\/produkt\/il-mio-piccolo-universo-fascia-porta-bebe\/\">\n\t\t\t\t\t<img loading=\"lazy\" decoding=\"async\" width=\"247\" height=\"247\" src=\"https:\/\/mariblum.de\/wp-content\/uploads\/2025\/04\/Baby-Tragetuch_Hanf_mku-247x247.jpg\" class=\"attachment-woocommerce_thumbnail size-woocommerce_thumbnail\" alt=\"Il mio piccolo Universo - Imbragature\" srcset=\"https:\/\/mariblum.de\/wp-content\/uploads\/2025\/04\/Baby-Tragetuch_Hanf_mku-247x247.jpg 247w, https:\/\/mariblum.de\/wp-content\/uploads\/2025\/04\/Baby-Tragetuch_Hanf_mku-150x150.jpg 150w, https:\/\/mariblum.de\/wp-content\/uploads\/2025\/04\/Baby-Tragetuch_Hanf_mku-100x100.jpg 100w\" sizes=\"auto, (max-width: 247px) 100vw, 247px\" \/><img loading=\"lazy\" decoding=\"async\" width=\"247\" height=\"247\" src=\"https:\/\/mariblum.de\/wp-content\/uploads\/2025\/04\/Tragetuch_Hanf_Baby_mku-247x247.jpg\" class=\"show-on-hover absolute fill hide-for-small back-image\" alt=\"Alternative view of Il mio piccolo Universo - Imbragature\" aria-hidden=\"true\" srcset=\"https:\/\/mariblum.de\/wp-content\/uploads\/2025\/04\/Tragetuch_Hanf_Baby_mku-247x247.jpg 247w, https:\/\/mariblum.de\/wp-content\/uploads\/2025\/04\/Tragetuch_Hanf_Baby_mku-150x150.jpg 150w, https:\/\/mariblum.de\/wp-content\/uploads\/2025\/04\/Tragetuch_Hanf_Baby_mku-100x100.jpg 100w\" sizes=\"auto, (max-width: 247px) 100vw, 247px\" \/>\t\t\t\t<\/a>\n\t\t\t<\/div>\n\t\t\t<div class=\"image-tools is-small top right show-on-hover\">\n\t\t\t\t\t\t\t<\/div>\n\t\t\t<div class=\"image-tools is-small hide-for-small bottom left show-on-hover\">\n\t\t\t\t\t\t\t<\/div>\n\t\t\t<div class=\"image-tools grid-tools text-center hide-for-small bottom hover-slide-in show-on-hover\">\n\t\t\t\t<a href=\"#quick-view\" class=\"quick-view\" role=\"button\" data-prod=\"7177\" aria-haspopup=\"dialog\" aria-expanded=\"false\" data-flatsome-role-button>Anteprima<\/a>\t\t\t<\/div>\n\t\t\t\t\t<\/div>\n\n\t\t<div class=\"box-text box-text-products text-center grid-style-2\">\n\t\t\t<div class=\"ux-swatches ux-swatches-in-loop ux-swatches--rounded ux-swatches--x-small\" role=\"radiogroup\" data-flatsome-role-radiogroup><div data-image-src=\"https:\/\/mariblum.de\/wp-content\/uploads\/2025\/04\/Baby-Tragetuch_Hanf_mku-247x247.jpg\" data-image-srcset=\"https:\/\/mariblum.de\/wp-content\/uploads\/2025\/04\/Baby-Tragetuch_Hanf_mku-247x247.jpg 247w, https:\/\/mariblum.de\/wp-content\/uploads\/2025\/04\/Baby-Tragetuch_Hanf_mku-150x150.jpg 150w, https:\/\/mariblum.de\/wp-content\/uploads\/2025\/04\/Baby-Tragetuch_Hanf_mku-100x100.jpg 100w\" data-image-sizes=\"(max-width: 247px) 100vw, 247px\" data-attribute_name=\"attribute_pa_tt-groesze\" data-value=\"tt450-it\" aria-label=\"4,50 m\" role=\"radio\" aria-checked=\"false\" tabindex=\"0\" class=\"ux-swatch ux-swatch--label\"><span class=\"ux-swatch__text\">4,50 m<\/span><\/div><div data-image-src=\"https:\/\/mariblum.de\/wp-content\/uploads\/2025\/04\/Baby-Tragetuch_Hanf_mku-247x247.jpg\" data-image-srcset=\"https:\/\/mariblum.de\/wp-content\/uploads\/2025\/04\/Baby-Tragetuch_Hanf_mku-247x247.jpg 247w, https:\/\/mariblum.de\/wp-content\/uploads\/2025\/04\/Baby-Tragetuch_Hanf_mku-150x150.jpg 150w, https:\/\/mariblum.de\/wp-content\/uploads\/2025\/04\/Baby-Tragetuch_Hanf_mku-100x100.jpg 100w\" data-image-sizes=\"(max-width: 247px) 100vw, 247px\" data-attribute_name=\"attribute_pa_tt-groesze\" data-value=\"tt500-it\" aria-label=\"5,00 m\" role=\"radio\" aria-checked=\"false\" tabindex=\"0\" class=\"ux-swatch ux-swatch--label\"><span class=\"ux-swatch__text\">5,00 m<\/span><\/div><\/div><div class=\"title-wrapper\">\t\t<p class=\"category uppercase is-smaller no-text-overflow product-cat op-8\">\n\t\t\tImbragature in canapa\t\t<\/p>\n\t<p class=\"name product-title woocommerce-loop-product__title\"><a href=\"https:\/\/mariblum.de\/it\/produkt\/il-mio-piccolo-universo-fascia-porta-bebe\/\" class=\"woocommerce-LoopProduct-link woocommerce-loop-product__link\">Il mio piccolo Universo &#8211; Imbragature<\/a><\/p><\/div><div class=\"price-wrapper\">\n\t<span class=\"price\"><span class=\"woocommerce-Price-amount amount\"><bdi>229,95&nbsp;<span class=\"woocommerce-Price-currencySymbol\">&euro;<\/span><\/bdi><\/span><\/span>\n\n\n\n<\/div>\t\t<\/div>\n\t<\/div>\n\t\n<span class=\"gtm4wp_productdata\" style=\"display:none; visibility:hidden;\" data-gtm4wp_product_data=\"{&quot;internal_id&quot;:7177,&quot;item_id&quot;:7177,&quot;item_name&quot;:&quot;Il mio piccolo Universo - Imbragature&quot;,&quot;sku&quot;:7177,&quot;price&quot;:219.95,&quot;stocklevel&quot;:null,&quot;stockstatus&quot;:&quot;instock&quot;,&quot;google_business_vertical&quot;:&quot;retail&quot;,&quot;item_category&quot;:&quot;Imbragature in canapa&quot;,&quot;id&quot;:7177,&quot;productlink&quot;:&quot;https:\\\/\\\/mariblum.de\\\/it\\\/produkt\\\/il-mio-piccolo-universo-fascia-porta-bebe\\\/&quot;,&quot;item_list_name&quot;:&quot;Featured Products&quot;,&quot;index&quot;:3,&quot;product_type&quot;:&quot;variable&quot;,&quot;item_brand&quot;:&quot;&quot;}\"><\/span>\t<\/div>\n<\/div><div class=\"product-small col has-hover product type-product post-7227 status-publish last instock product_cat-fascia-porta-bebe-in-canapa-imbragature product_cat-tessuti-di-canapa has-post-thumbnail featured shipping-taxable purchasable product-type-variable has-default-attributes\">\n\t<div class=\"col-inner\">\n\t\n<div class=\"badge-container absolute left top z-1\">\n\n<\/div>\n\t<div class=\"product-small box \">\n\t\t<div class=\"box-image\">\n\t\t\t<div class=\"image-fade_in_back\">\n\t\t\t\t<a href=\"https:\/\/mariblum.de\/it\/produkt\/magia-floreale-fascia-porta-bebe\/\">\n\t\t\t\t\t<img loading=\"lazy\" decoding=\"async\" width=\"247\" height=\"247\" src=\"https:\/\/mariblum.de\/wp-content\/uploads\/2021\/02\/banner-tragetuch-mariblum-aus-hanf-247x247.jpg\" class=\"attachment-woocommerce_thumbnail size-woocommerce_thumbnail\" alt=\"banner-tragetuch-mariblum-aus-hanf\" srcset=\"https:\/\/mariblum.de\/wp-content\/uploads\/2021\/02\/banner-tragetuch-mariblum-aus-hanf-247x247.jpg 247w, https:\/\/mariblum.de\/wp-content\/uploads\/2021\/02\/banner-tragetuch-mariblum-aus-hanf-100x100.jpg 100w, https:\/\/mariblum.de\/wp-content\/uploads\/2021\/02\/banner-tragetuch-mariblum-aus-hanf-300x300.jpg 300w, https:\/\/mariblum.de\/wp-content\/uploads\/2021\/02\/banner-tragetuch-mariblum-aus-hanf-150x150.jpg 150w, https:\/\/mariblum.de\/wp-content\/uploads\/2021\/02\/banner-tragetuch-mariblum-aus-hanf.jpg 500w\" sizes=\"auto, (max-width: 247px) 100vw, 247px\" \/><img loading=\"lazy\" decoding=\"async\" width=\"247\" height=\"247\" src=\"https:\/\/mariblum.de\/wp-content\/uploads\/2020\/06\/bl\u00fctenzauber-tragetuch-aus-hanf-scaled-e1592080050673-247x247.jpg\" class=\"show-on-hover absolute fill hide-for-small back-image\" alt=\"magia-floreale-fascia-porta-beb\u00e8-in-canapa\" aria-hidden=\"true\" srcset=\"https:\/\/mariblum.de\/wp-content\/uploads\/2020\/06\/bl\u00fctenzauber-tragetuch-aus-hanf-scaled-e1592080050673-247x247.jpg 247w, https:\/\/mariblum.de\/wp-content\/uploads\/2020\/06\/bl\u00fctenzauber-tragetuch-aus-hanf-scaled-e1592080050673-100x100.jpg 100w\" sizes=\"auto, (max-width: 247px) 100vw, 247px\" \/>\t\t\t\t<\/a>\n\t\t\t<\/div>\n\t\t\t<div class=\"image-tools is-small top right show-on-hover\">\n\t\t\t\t\t\t\t<\/div>\n\t\t\t<div class=\"image-tools is-small hide-for-small bottom left show-on-hover\">\n\t\t\t\t\t\t\t<\/div>\n\t\t\t<div class=\"image-tools grid-tools text-center hide-for-small bottom hover-slide-in show-on-hover\">\n\t\t\t\t<a href=\"#quick-view\" class=\"quick-view\" role=\"button\" data-prod=\"7227\" aria-haspopup=\"dialog\" aria-expanded=\"false\" data-flatsome-role-button>Anteprima<\/a>\t\t\t<\/div>\n\t\t\t\t\t<\/div>\n\n\t\t<div class=\"box-text box-text-products text-center grid-style-2\">\n\t\t\t<div class=\"ux-swatches ux-swatches-in-loop ux-swatches--rounded ux-swatches--x-small\" role=\"radiogroup\" data-flatsome-role-radiogroup><div data-image-src=\"https:\/\/mariblum.de\/wp-content\/uploads\/2021\/02\/banner-tragetuch-mariblum-aus-hanf-247x247.jpg\" data-image-srcset=\"https:\/\/mariblum.de\/wp-content\/uploads\/2021\/02\/banner-tragetuch-mariblum-aus-hanf-247x247.jpg 247w, https:\/\/mariblum.de\/wp-content\/uploads\/2021\/02\/banner-tragetuch-mariblum-aus-hanf-100x100.jpg 100w, https:\/\/mariblum.de\/wp-content\/uploads\/2021\/02\/banner-tragetuch-mariblum-aus-hanf-300x300.jpg 300w, https:\/\/mariblum.de\/wp-content\/uploads\/2021\/02\/banner-tragetuch-mariblum-aus-hanf-150x150.jpg 150w, https:\/\/mariblum.de\/wp-content\/uploads\/2021\/02\/banner-tragetuch-mariblum-aus-hanf.jpg 500w\" data-image-sizes=\"(max-width: 247px) 100vw, 247px\" data-attribute_name=\"attribute_pa_tt-groesze\" data-value=\"tt450-it\" aria-label=\"4,50 m\" role=\"radio\" aria-checked=\"false\" tabindex=\"0\" class=\"ux-swatch ux-swatch--label\"><span class=\"ux-swatch__text\">4,50 m<\/span><\/div><div data-image-src=\"https:\/\/mariblum.de\/wp-content\/uploads\/2021\/02\/banner-tragetuch-mariblum-aus-hanf-247x247.jpg\" data-image-srcset=\"https:\/\/mariblum.de\/wp-content\/uploads\/2021\/02\/banner-tragetuch-mariblum-aus-hanf-247x247.jpg 247w, https:\/\/mariblum.de\/wp-content\/uploads\/2021\/02\/banner-tragetuch-mariblum-aus-hanf-100x100.jpg 100w, https:\/\/mariblum.de\/wp-content\/uploads\/2021\/02\/banner-tragetuch-mariblum-aus-hanf-300x300.jpg 300w, https:\/\/mariblum.de\/wp-content\/uploads\/2021\/02\/banner-tragetuch-mariblum-aus-hanf-150x150.jpg 150w, https:\/\/mariblum.de\/wp-content\/uploads\/2021\/02\/banner-tragetuch-mariblum-aus-hanf.jpg 500w\" data-image-sizes=\"(max-width: 247px) 100vw, 247px\" data-attribute_name=\"attribute_pa_tt-groesze\" data-value=\"tt500-it\" aria-label=\"5,00 m\" role=\"radio\" aria-checked=\"false\" tabindex=\"0\" class=\"ux-swatch ux-swatch--label\"><span class=\"ux-swatch__text\">5,00 m<\/span><\/div><\/div><div class=\"title-wrapper\">\t\t<p class=\"category uppercase is-smaller no-text-overflow product-cat op-8\">\n\t\t\tImbragature in canapa\t\t<\/p>\n\t<p class=\"name product-title woocommerce-loop-product__title\"><a href=\"https:\/\/mariblum.de\/it\/produkt\/magia-floreale-fascia-porta-bebe\/\" class=\"woocommerce-LoopProduct-link woocommerce-loop-product__link\">Magia Floreale &#8211; Imbragature<\/a><\/p><\/div><div class=\"price-wrapper\">\n\t<span class=\"price\"><span class=\"woocommerce-Price-amount amount\"><bdi>219,95&nbsp;<span class=\"woocommerce-Price-currencySymbol\">&euro;<\/span><\/bdi><\/span> &ndash; <span class=\"woocommerce-Price-amount amount\"><bdi>229,95&nbsp;<span class=\"woocommerce-Price-currencySymbol\">&euro;<\/span><\/bdi><\/span><\/span>\n\n\n\n<\/div>\t\t<\/div>\n\t<\/div>\n\t\n<span class=\"gtm4wp_productdata\" style=\"display:none; visibility:hidden;\" data-gtm4wp_product_data=\"{&quot;internal_id&quot;:7227,&quot;item_id&quot;:7227,&quot;item_name&quot;:&quot;Magia Floreale - Imbragature&quot;,&quot;sku&quot;:7227,&quot;price&quot;:219.95,&quot;stocklevel&quot;:null,&quot;stockstatus&quot;:&quot;instock&quot;,&quot;google_business_vertical&quot;:&quot;retail&quot;,&quot;item_category&quot;:&quot;Imbragature in canapa&quot;,&quot;id&quot;:7227,&quot;productlink&quot;:&quot;https:\\\/\\\/mariblum.de\\\/it\\\/produkt\\\/magia-floreale-fascia-porta-bebe\\\/&quot;,&quot;item_list_name&quot;:&quot;Featured Products&quot;,&quot;index&quot;:4,&quot;product_type&quot;:&quot;variable&quot;,&quot;item_brand&quot;:&quot;&quot;}\"><\/span>\t<\/div>\n<\/div><\/div><!-- row -->\n<\/div>\r\n\r\n<p align=\"justify\">E la cosa bella \u00e8 che, a ogni legatura, impari ad ascoltare meglio.<\/p>\r\n\r\n<p align=\"justify\">Dove si trova il tuo bambino in questo momento? \u00c8 rilassato? Gli piace la posizione? \u00c8 un po\u2019 come ballare \u2013 solo che il tuo piccolo riposa sul tuo petto e ti guida verso ci\u00f2 di cui ha bisogno.<\/p>\r\n\r\n<p align=\"justify\">Lo sling \u00e8 ancora pi\u00f9 diretto: si lega velocemente, si regola in un attimo \u2013 perfetto per i passaggi quotidiani. In strada verso l\u2019asilo, in cucina, al parco con il fratellino.<\/p>\r\n\r\n<p align=\"justify\">Ed \u00e8 proprio questa apparente semplicit\u00e0 che invita a fare meno \u2013 e sentire di pi\u00f9.<\/p>\r\n\r\n<h2 id=\"La-vicinanza-non-si-programma-nasce-nel-momento\">La vicinanza non si programma \u2013 nasce nel momento<\/h2>\r\n<img loading=\"lazy\" decoding=\"async\" class=\"alignnone size-full\" src=\"https:\/\/mariblum.de\/wp-content\/uploads\/2024\/04\/Eichhoernchen-Ring-Sling-Braun-aus-Hanf-detail.jpeg\" alt=\"ALT Text\" width=\"6000\" height=\"8000\" \/>\r\n\r\n<p align=\"justify\">Portare pu\u00f2 essere un gesto molto intimo. Quando sistemi il tuo bambino nella fascia, non lo accompagni solo fisicamente \u2013 lo abbracci anche emotivamente. Gli offri sostegno, ma ricevi anche qualcosa: la fronte morbida sulla clavicola, l\u2019espirazione tranquilla, quel momento in cui tutto sembra giusto.<\/p>\r\n\r\n<p align=\"justify\">Ed \u00e8 l\u00ec che senti quanta forza c\u2019\u00e8 nella semplicit\u00e0. Perch\u00e9 la vera vicinanza non si costruisce con le funzioni. Nasce quando ci sei davvero.<\/p>\r\n\r\n<p align=\"justify\">Una fascia quasi ti costringe a farlo. Non chiede: \u201cVuoi portare con spallacci imbottiti in 12 strati?\u201d \u2013 ma: \u201cQuanto vuoi essere vicino oggi?\u201d<\/p>\r\n\r\n<h2 id=\"Perch\u00e9-le-fasce-non-sono-solo-una-fase\">Perch\u00e9 le fasce non sono solo una fase<\/h2>\r\n<img loading=\"lazy\" decoding=\"async\" class=\"alignnone size-full\" src=\"https:\/\/mariblum.de\/wp-content\/uploads\/2024\/04\/kfar2024-3.jpeg\" alt=\"ALT Text\" width=\"6000\" height=\"8000\" \/>\r\n\r\n<p align=\"justify\">Molti genitori provano la fascia \u2013 ma rinunciano presto. Troppo complicata, troppo lunga, troppo difficile. E s\u00ec \u2013 serve un po\u2019 di pratica. Ma \u00e8 proprio in quei primi tentativi che succede qualcosa di importante: non stai solo imparando una tecnica. Stai sviluppando una sensibilit\u00e0.<\/p>\r\n\r\n<blockquote>Una sensibilit\u00e0 verso te stesso. Verso il tuo bambino. Verso l\u2019istante che vivete insieme.<\/blockquote>\r\n\r\n\t<div id=\"gap-849545594\" class=\"gap-element clearfix\" style=\"display:block; height:auto;\">\n\t\t\n<style>\n#gap-849545594 {\n  padding-top: 30px;\n}\n<\/style>\n\t<\/div>\n\t\r\n\n  <div class=\"banner has-hover\" id=\"banner-545764938\">\n          <div class=\"banner-inner fill\">\n        <div class=\"banner-bg fill\" >\n            <img loading=\"lazy\" decoding=\"async\" width=\"533\" height=\"800\" src=\"https:\/\/mariblum.de\/wp-content\/uploads\/2019\/10\/kornblume-ring-sling-aus-hanf-gefaltet.png\" class=\"bg attachment-1536x1536 size-1536x1536\" alt=\"kornblume-ring-sling-aus-hanf-trageberatung-richtig-gebunden\" \/>                        <div class=\"overlay\"><\/div>            \n                    <\/div>\n\t\t\n        <div class=\"banner-layers container\">\n            <div class=\"fill banner-link\"><\/div>            \r\n\r\n   <div id=\"text-box-1684061847\" class=\"text-box banner-layer x50 md-x50 lg-x50 y90 md-y90 lg-y90 res-text\">\n                                <div class=\"text-box-content text dark\">\n              \n              <div class=\"text-inner text-left\">\n                  \r\n<h4 class=\"uppercase\">Trova la tua perfetta<\/h4>\r\n<h3 class=\"uppercase\"><strong>Ring Sling<\/strong><\/h3>\r\n<h4>perfetta<\/h4>\r\n<h5 class=\"uppercase\"><strong>Scoprite subito la variet\u00e0 delle nostre fionde ad anello e create un legame che durer\u00e0 per generazioni.<\/strong><\/h5>\r\n<a href=\"https:\/\/mariblum.de\/it\/categoria-prodotto\/ring-sling-it\/ring-sling-it-in-lino\/\" class=\"button white is-outline\" >\n\t\t<span>Lino<\/span>\n\t<\/a>\n\r\n\r\n<a href=\"https:\/\/mariblum.de\/it\/categoria-prodotto\/ring-sling-it\/ring-sling-it-in-canapa\/\" class=\"button white is-outline\" >\n\t\t<span>Canapa<\/span>\n\t<\/a>\n\r\n\r\n              <\/div>\n           <\/div>\n                            \n<style>\n#text-box-1684061847 {\n  width: 80%;\n}\n#text-box-1684061847 .text-box-content {\n  font-size: 100%;\n}\n<\/style>\n    <\/div>\n \r\n   <div id=\"text-box-1435467961\" class=\"text-box banner-layer text-box-circle x95 md-x95 lg-x95 y5 md-y5 lg-y5 res-text\">\n                                <div class=\"text-box-content text dark\">\n              \n              <div class=\"text-inner text-center\">\n                  \r\n\r\n<span style=\"font-size: 250%;\"><strong>Ring\r\nSlings<\/strong><\/span>\r\n\r\n              <\/div>\n           <\/div>\n                            \n<style>\n#text-box-1435467961 {\n  margin: 0px -5px 0px 0px;\n  width: 26%;\n}\n#text-box-1435467961 .text-box-content {\n  background-color: #3b4d5a;\n  font-size: 100%;\n  transform: rotate(34deg);\n}\n<\/style>\n    <\/div>\n \r\n\r\n        <\/div>\n      <\/div>\n\n            \n<style>\n#banner-545764938 {\n  padding-top: 292px;\n}\n#banner-545764938 .overlay {\n  background-color: rgba(0, 0, 0, 0.2);\n}\n#banner-545764938 .banner-bg img {\n  object-position: 88% 74%;\n}\n<\/style>\n  <\/div>\n\n\r\n\t<div id=\"gap-1626670690\" class=\"gap-element clearfix\" style=\"display:block; height:auto;\">\n\t\t\n<style>\n#gap-1626670690 {\n  padding-top: 30px;\n}\n<\/style>\n\t<\/div>\n\t\r\n\r\n<p align=\"justify\">Una fascia o uno sling cresce con voi \u2013 non solo in dimensioni, ma anche nel significato. Si adatta alla tua quotidianit\u00e0, ai tuoi ritmi, ai vostri piccoli e grandi cambiamenti.<\/p>\r\n\r\n<p align=\"justify\">E un giorno, magari molto tempo dopo, quando tuo figlio cammina gi\u00e0 da un pezzo, ritrovi quella fascia in una scatola. E all\u2019improvviso ricordi il suo profumo, la sua consistenza, la sensazione di essere stati cos\u00ec vicini.<\/p>\r\n\r\n\n  \n    <div class=\"row large-columns-3 medium-columns-1 small-columns-1 slider row-slider slider-nav-reveal slider-nav-push\"  data-flickity-options='{&quot;imagesLoaded&quot;: true, &quot;groupCells&quot;: &quot;100%&quot;, &quot;dragThreshold&quot; : 5, &quot;cellAlign&quot;: &quot;left&quot;,&quot;wrapAround&quot;: true,&quot;prevNextButtons&quot;: true,&quot;percentPosition&quot;: true,&quot;pageDots&quot;: false, &quot;rightToLeft&quot;: false, &quot;autoPlay&quot; : false}' >\n\n  <div class=\"col post-item\" >\n\t\t\t<div class=\"col-inner\">\n\t\t\t\t<div class=\"box box-normal box-text-bottom box-blog-post has-hover\">\n            \t\t\t\t\t<div class=\"box-image\" >\n  \t\t\t\t\t\t<div class=\"image-cover\" style=\"padding-top:56.25%;\">\n\t\t\t\t\t\t\t<a href=\"https:\/\/mariblum.de\/it\/fascia-porta-bebe-invece-del-passeggino-i-vantaggi-sorprendenti-nella-vita-quotidiana\/\" class=\"plain\" aria-label=\"Fascia porta beb\u00e8 invece del passeggino \u2013 I vantaggi sorprendenti nella vita quotidiana\">\n\t\t\t\t\t\t\t\t<img loading=\"lazy\" decoding=\"async\" width=\"225\" height=\"300\" src=\"https:\/\/mariblum.de\/wp-content\/uploads\/2023\/04\/Lavendel-Ring-Sling-aus-Hanf-225x300.jpeg\" class=\"attachment-medium size-medium wp-post-image\" alt=\"\" srcset=\"https:\/\/mariblum.de\/wp-content\/uploads\/2023\/04\/Lavendel-Ring-Sling-aus-Hanf-225x300.jpeg 225w, https:\/\/mariblum.de\/wp-content\/uploads\/2023\/04\/Lavendel-Ring-Sling-aus-Hanf-510x680.jpeg 510w, https:\/\/mariblum.de\/wp-content\/uploads\/2023\/04\/Lavendel-Ring-Sling-aus-Hanf.jpeg 600w\" sizes=\"auto, (max-width: 225px) 100vw, 225px\" \/>\t\t\t\t\t\t\t<\/a>\n  \t\t\t\t\t\t\t  \t\t\t\t\t\t\t  \t\t\t\t\t\t<\/div>\n  \t\t\t\t\t\t  \t\t\t\t\t<\/div>\n          \t\t\t\t\t<div class=\"box-text text-center\" >\n\t\t\t\t\t<div class=\"box-text-inner blog-post-inner\">\n\n\t\t\t\t\t\n\t\t\t\t\t\t\t\t\t\t<h5 class=\"post-title is-large \">\n\t\t\t\t\t\t<a href=\"https:\/\/mariblum.de\/it\/fascia-porta-bebe-invece-del-passeggino-i-vantaggi-sorprendenti-nella-vita-quotidiana\/\" class=\"plain\">Fascia porta beb\u00e8 invece del passeggino \u2013 I vantaggi sorprendenti nella vita quotidiana<\/a>\n\t\t\t\t\t<\/h5>\n\t\t\t\t\t\t\t\t\t\t<div class=\"is-divider\"><\/div>\n\t\t\t\t\t\t\t\t\t\t<p class=\"from_the_blog_excerpt \">\n\t\t\t\t\t\tI passeggini sono considerati un must-have per i neo-genitori \u2013 ma cosa succede se ne [...]\t\t\t\t\t<\/p>\n\t\t\t\t\t                    \n\t\t\t\t\t\n\t\t\t\t\t\n\t\t\t\t\t<\/div>\n\t\t\t\t\t<\/div>\n\t\t\t\t\t\t\t\t\t\t\t\t\t\t\t\t<div class=\"badge absolute top post-date badge-outline\">\n\t\t\t\t\t\t\t<div class=\"badge-inner\">\n\t\t\t\t\t\t\t\t<span class=\"post-date-day\">02<\/span><br>\n\t\t\t\t\t\t\t\t<span class=\"post-date-month is-xsmall\">Apr<\/span>\n\t\t\t\t\t\t\t<\/div>\n\t\t\t\t\t\t<\/div>\n\t\t\t\t\t\t\t\t\t<\/div>\n\t\t\t<\/div>\n\t\t<\/div><div class=\"col post-item\" >\n\t\t\t<div class=\"col-inner\">\n\t\t\t\t<div class=\"box box-normal box-text-bottom box-blog-post has-hover\">\n            \t\t\t\t\t<div class=\"box-image\" >\n  \t\t\t\t\t\t<div class=\"image-cover\" style=\"padding-top:56.25%;\">\n\t\t\t\t\t\t\t<a href=\"https:\/\/mariblum.de\/it\/babywearing-senza-mal-di-schiena-5-errori-comuni-e-come-evitarli\/\" class=\"plain\" aria-label=\"Babywearing senza mal di schiena \u2013 5 errori comuni e come evitarli\">\n\t\t\t\t\t\t\t\t<img loading=\"lazy\" decoding=\"async\" width=\"225\" height=\"300\" src=\"https:\/\/mariblum.de\/wp-content\/uploads\/2025\/04\/Baby-Tragetuch-aus-Hanf-Zauberwald-225x300.jpeg\" class=\"attachment-medium size-medium wp-post-image\" alt=\"\" srcset=\"https:\/\/mariblum.de\/wp-content\/uploads\/2025\/04\/Baby-Tragetuch-aus-Hanf-Zauberwald-225x300.jpeg 225w, https:\/\/mariblum.de\/wp-content\/uploads\/2025\/04\/Baby-Tragetuch-aus-Hanf-Zauberwald-510x680.jpeg 510w, https:\/\/mariblum.de\/wp-content\/uploads\/2025\/04\/Baby-Tragetuch-aus-Hanf-Zauberwald.jpeg 600w\" sizes=\"auto, (max-width: 225px) 100vw, 225px\" \/>\t\t\t\t\t\t\t<\/a>\n  \t\t\t\t\t\t\t  \t\t\t\t\t\t\t  \t\t\t\t\t\t<\/div>\n  \t\t\t\t\t\t  \t\t\t\t\t<\/div>\n          \t\t\t\t\t<div class=\"box-text text-center\" >\n\t\t\t\t\t<div class=\"box-text-inner blog-post-inner\">\n\n\t\t\t\t\t\n\t\t\t\t\t\t\t\t\t\t<h5 class=\"post-title is-large \">\n\t\t\t\t\t\t<a href=\"https:\/\/mariblum.de\/it\/babywearing-senza-mal-di-schiena-5-errori-comuni-e-come-evitarli\/\" class=\"plain\">Babywearing senza mal di schiena \u2013 5 errori comuni e come evitarli<\/a>\n\t\t\t\t\t<\/h5>\n\t\t\t\t\t\t\t\t\t\t<div class=\"is-divider\"><\/div>\n\t\t\t\t\t\t\t\t\t\t<p class=\"from_the_blog_excerpt \">\n\t\t\t\t\t\tPortare il tuo bambino non dovrebbe mai essere doloroso \u2013 anzi, pu\u00f2 essere uno dei [...]\t\t\t\t\t<\/p>\n\t\t\t\t\t                    \n\t\t\t\t\t\n\t\t\t\t\t\n\t\t\t\t\t<\/div>\n\t\t\t\t\t<\/div>\n\t\t\t\t\t\t\t\t\t\t\t\t\t\t\t\t<div class=\"badge absolute top post-date badge-outline\">\n\t\t\t\t\t\t\t<div class=\"badge-inner\">\n\t\t\t\t\t\t\t\t<span class=\"post-date-day\">14<\/span><br>\n\t\t\t\t\t\t\t\t<span class=\"post-date-month is-xsmall\">Nov<\/span>\n\t\t\t\t\t\t\t<\/div>\n\t\t\t\t\t\t<\/div>\n\t\t\t\t\t\t\t\t\t<\/div>\n\t\t\t<\/div>\n\t\t<\/div><div class=\"col post-item\" >\n\t\t\t<div class=\"col-inner\">\n\t\t\t\t<div class=\"box box-normal box-text-bottom box-blog-post has-hover\">\n            \t\t\t\t\t<div class=\"box-image\" >\n  \t\t\t\t\t\t<div class=\"image-cover\" style=\"padding-top:56.25%;\">\n\t\t\t\t\t\t\t<a href=\"https:\/\/mariblum.de\/it\/portare-i-bambini-in-inverno-7-miti-verita-sincere-e-piccoli-svantaggi\/\" class=\"plain\" aria-label=\"Portare i bambini in inverno: 7 miti, verit\u00e0 sincere e piccoli svantaggi\">\n\t\t\t\t\t\t\t\t<img loading=\"lazy\" decoding=\"async\" width=\"200\" height=\"300\" src=\"https:\/\/mariblum.de\/wp-content\/uploads\/2019\/10\/kornblume-ring-sling-aus-hanf-gefaltet-200x300.png\" class=\"attachment-medium size-medium wp-post-image\" alt=\"kornblume-ring-sling-aus-hanf-trageberatung-richtig-gebunden\" srcset=\"https:\/\/mariblum.de\/wp-content\/uploads\/2019\/10\/kornblume-ring-sling-aus-hanf-gefaltet-200x300.png 200w, https:\/\/mariblum.de\/wp-content\/uploads\/2019\/10\/kornblume-ring-sling-aus-hanf-gefaltet-510x765.png 510w, https:\/\/mariblum.de\/wp-content\/uploads\/2019\/10\/kornblume-ring-sling-aus-hanf-gefaltet.png 533w\" sizes=\"auto, (max-width: 200px) 100vw, 200px\" \/>\t\t\t\t\t\t\t<\/a>\n  \t\t\t\t\t\t\t  \t\t\t\t\t\t\t  \t\t\t\t\t\t<\/div>\n  \t\t\t\t\t\t  \t\t\t\t\t<\/div>\n          \t\t\t\t\t<div class=\"box-text text-center\" >\n\t\t\t\t\t<div class=\"box-text-inner blog-post-inner\">\n\n\t\t\t\t\t\n\t\t\t\t\t\t\t\t\t\t<h5 class=\"post-title is-large \">\n\t\t\t\t\t\t<a href=\"https:\/\/mariblum.de\/it\/portare-i-bambini-in-inverno-7-miti-verita-sincere-e-piccoli-svantaggi\/\" class=\"plain\">Portare i bambini in inverno: 7 miti, verit\u00e0 sincere e piccoli svantaggi<\/a>\n\t\t\t\t\t<\/h5>\n\t\t\t\t\t\t\t\t\t\t<div class=\"is-divider\"><\/div>\n\t\t\t\t\t\t\t\t\t\t<p class=\"from_the_blog_excerpt \">\n\t\t\t\t\t\tQuando le giornate si accorciano e il freddo comincia a farsi sentire, molte mamme si [...]\t\t\t\t\t<\/p>\n\t\t\t\t\t                    \n\t\t\t\t\t\n\t\t\t\t\t\n\t\t\t\t\t<\/div>\n\t\t\t\t\t<\/div>\n\t\t\t\t\t\t\t\t\t\t\t\t\t\t\t\t<div class=\"badge absolute top post-date badge-outline\">\n\t\t\t\t\t\t\t<div class=\"badge-inner\">\n\t\t\t\t\t\t\t\t<span class=\"post-date-day\">07<\/span><br>\n\t\t\t\t\t\t\t\t<span class=\"post-date-month is-xsmall\">Nov<\/span>\n\t\t\t\t\t\t\t<\/div>\n\t\t\t\t\t\t<\/div>\n\t\t\t\t\t\t\t\t\t<\/div>\n\t\t\t<\/div>\n\t\t<\/div><div class=\"col post-item\" >\n\t\t\t<div class=\"col-inner\">\n\t\t\t\t<div class=\"box box-normal box-text-bottom box-blog-post has-hover\">\n            \t\t\t\t\t<div class=\"box-image\" >\n  \t\t\t\t\t\t<div class=\"image-cover\" style=\"padding-top:56.25%;\">\n\t\t\t\t\t\t\t<a href=\"https:\/\/mariblum.de\/it\/guida-ai-materiali-per-fasce-e-ring-sling-in-autunno\/\" class=\"plain\" aria-label=\"Guida ai materiali per fasce e ring sling in autunno\">\n\t\t\t\t\t\t\t\t<img loading=\"lazy\" decoding=\"async\" width=\"225\" height=\"300\" src=\"https:\/\/mariblum.de\/wp-content\/uploads\/2023\/04\/Ring-Sling-aus-Hanf-Lavendelfeld-225x300.jpeg\" class=\"attachment-medium size-medium wp-post-image\" alt=\"\" srcset=\"https:\/\/mariblum.de\/wp-content\/uploads\/2023\/04\/Ring-Sling-aus-Hanf-Lavendelfeld-225x300.jpeg 225w, https:\/\/mariblum.de\/wp-content\/uploads\/2023\/04\/Ring-Sling-aus-Hanf-Lavendelfeld-510x680.jpeg 510w, https:\/\/mariblum.de\/wp-content\/uploads\/2023\/04\/Ring-Sling-aus-Hanf-Lavendelfeld.jpeg 600w\" sizes=\"auto, (max-width: 225px) 100vw, 225px\" \/>\t\t\t\t\t\t\t<\/a>\n  \t\t\t\t\t\t\t  \t\t\t\t\t\t\t  \t\t\t\t\t\t<\/div>\n  \t\t\t\t\t\t  \t\t\t\t\t<\/div>\n          \t\t\t\t\t<div class=\"box-text text-center\" >\n\t\t\t\t\t<div class=\"box-text-inner blog-post-inner\">\n\n\t\t\t\t\t\n\t\t\t\t\t\t\t\t\t\t<h5 class=\"post-title is-large \">\n\t\t\t\t\t\t<a href=\"https:\/\/mariblum.de\/it\/guida-ai-materiali-per-fasce-e-ring-sling-in-autunno\/\" class=\"plain\">Guida ai materiali per fasce e ring sling in autunno<\/a>\n\t\t\t\t\t<\/h5>\n\t\t\t\t\t\t\t\t\t\t<div class=\"is-divider\"><\/div>\n\t\t\t\t\t\t\t\t\t\t<p class=\"from_the_blog_excerpt \">\n\t\t\t\t\t\tL\u2019autunno \u00e8 alle porte, con giornate pi\u00f9 fresche che ci invitano a vestirci in modo [...]\t\t\t\t\t<\/p>\n\t\t\t\t\t                    \n\t\t\t\t\t\n\t\t\t\t\t\n\t\t\t\t\t<\/div>\n\t\t\t\t\t<\/div>\n\t\t\t\t\t\t\t\t\t\t\t\t\t\t\t\t<div class=\"badge absolute top post-date badge-outline\">\n\t\t\t\t\t\t\t<div class=\"badge-inner\">\n\t\t\t\t\t\t\t\t<span class=\"post-date-day\">03<\/span><br>\n\t\t\t\t\t\t\t\t<span class=\"post-date-month is-xsmall\">Nov<\/span>\n\t\t\t\t\t\t\t<\/div>\n\t\t\t\t\t\t<\/div>\n\t\t\t\t\t\t\t\t\t<\/div>\n\t\t\t<\/div>\n\t\t<\/div><div class=\"col post-item\" >\n\t\t\t<div class=\"col-inner\">\n\t\t\t\t<div class=\"box box-normal box-text-bottom box-blog-post has-hover\">\n            \t\t\t\t\t<div class=\"box-image\" >\n  \t\t\t\t\t\t<div class=\"image-cover\" style=\"padding-top:56.25%;\">\n\t\t\t\t\t\t\t<a href=\"https:\/\/mariblum.de\/it\/scegliere-la-prima-fascia-materiali-taglia-ergonomia-guida-per-iniziare-a-fasciare-e-usare-il-ring-sling\/\" class=\"plain\" aria-label=\"Scegliere la prima fascia: materiali, taglia &#038; ergonomia \u2014 Guida per iniziare a fasciare e usare il ring sling\">\n\t\t\t\t\t\t\t\t<img loading=\"lazy\" decoding=\"async\" width=\"225\" height=\"300\" src=\"https:\/\/mariblum.de\/wp-content\/uploads\/2025\/03\/Dark-Forest-Tragetuch-aus-Hanf-225x300.jpg\" class=\"attachment-medium size-medium wp-post-image\" alt=\"\" srcset=\"https:\/\/mariblum.de\/wp-content\/uploads\/2025\/03\/Dark-Forest-Tragetuch-aus-Hanf-225x300.jpg 225w, https:\/\/mariblum.de\/wp-content\/uploads\/2025\/03\/Dark-Forest-Tragetuch-aus-Hanf.jpg 450w\" sizes=\"auto, (max-width: 225px) 100vw, 225px\" \/>\t\t\t\t\t\t\t<\/a>\n  \t\t\t\t\t\t\t  \t\t\t\t\t\t\t  \t\t\t\t\t\t<\/div>\n  \t\t\t\t\t\t  \t\t\t\t\t<\/div>\n          \t\t\t\t\t<div class=\"box-text text-center\" >\n\t\t\t\t\t<div class=\"box-text-inner blog-post-inner\">\n\n\t\t\t\t\t\n\t\t\t\t\t\t\t\t\t\t<h5 class=\"post-title is-large \">\n\t\t\t\t\t\t<a href=\"https:\/\/mariblum.de\/it\/scegliere-la-prima-fascia-materiali-taglia-ergonomia-guida-per-iniziare-a-fasciare-e-usare-il-ring-sling\/\" class=\"plain\">Scegliere la prima fascia: materiali, taglia &#038; ergonomia \u2014 Guida per iniziare a fasciare e usare il ring sling<\/a>\n\t\t\t\t\t<\/h5>\n\t\t\t\t\t\t\t\t\t\t<div class=\"is-divider\"><\/div>\n\t\t\t\t\t\t\t\t\t\t<p class=\"from_the_blog_excerpt \">\n\t\t\t\t\t\tScegliere la tua prima fascia o un ring sling pu\u00f2 sembrare travolgente. Con qualche riferimento [...]\t\t\t\t\t<\/p>\n\t\t\t\t\t                    \n\t\t\t\t\t\n\t\t\t\t\t\n\t\t\t\t\t<\/div>\n\t\t\t\t\t<\/div>\n\t\t\t\t\t\t\t\t\t\t\t\t\t\t\t\t<div class=\"badge absolute top post-date badge-outline\">\n\t\t\t\t\t\t\t<div class=\"badge-inner\">\n\t\t\t\t\t\t\t\t<span class=\"post-date-day\">24<\/span><br>\n\t\t\t\t\t\t\t\t<span class=\"post-date-month is-xsmall\">Ott<\/span>\n\t\t\t\t\t\t\t<\/div>\n\t\t\t\t\t\t<\/div>\n\t\t\t\t\t\t\t\t\t<\/div>\n\t\t\t<\/div>\n\t\t<\/div><div class=\"col post-item\" >\n\t\t\t<div class=\"col-inner\">\n\t\t\t\t<div class=\"box box-normal box-text-bottom box-blog-post has-hover\">\n            \t\t\t\t\t<div class=\"box-image\" >\n  \t\t\t\t\t\t<div class=\"image-cover\" style=\"padding-top:56.25%;\">\n\t\t\t\t\t\t\t<a href=\"https:\/\/mariblum.de\/it\/portare-i-bambini-e-fratelli-consigli-sensibili-per-le-giovani-mamme\/\" class=\"plain\" aria-label=\"Portare i bambini e fratelli: consigli sensibili per le giovani mamme\">\n\t\t\t\t\t\t\t\t<img loading=\"lazy\" decoding=\"async\" width=\"225\" height=\"300\" src=\"https:\/\/mariblum.de\/wp-content\/uploads\/2025\/04\/Baby-Tragetuch-aus-Hanf-Zauberwald-225x300.jpeg\" class=\"attachment-medium size-medium wp-post-image\" alt=\"\" srcset=\"https:\/\/mariblum.de\/wp-content\/uploads\/2025\/04\/Baby-Tragetuch-aus-Hanf-Zauberwald-225x300.jpeg 225w, https:\/\/mariblum.de\/wp-content\/uploads\/2025\/04\/Baby-Tragetuch-aus-Hanf-Zauberwald-510x680.jpeg 510w, https:\/\/mariblum.de\/wp-content\/uploads\/2025\/04\/Baby-Tragetuch-aus-Hanf-Zauberwald.jpeg 600w\" sizes=\"auto, (max-width: 225px) 100vw, 225px\" \/>\t\t\t\t\t\t\t<\/a>\n  \t\t\t\t\t\t\t  \t\t\t\t\t\t\t  \t\t\t\t\t\t<\/div>\n  \t\t\t\t\t\t  \t\t\t\t\t<\/div>\n          \t\t\t\t\t<div class=\"box-text text-center\" >\n\t\t\t\t\t<div class=\"box-text-inner blog-post-inner\">\n\n\t\t\t\t\t\n\t\t\t\t\t\t\t\t\t\t<h5 class=\"post-title is-large \">\n\t\t\t\t\t\t<a href=\"https:\/\/mariblum.de\/it\/portare-i-bambini-e-fratelli-consigli-sensibili-per-le-giovani-mamme\/\" class=\"plain\">Portare i bambini e fratelli: consigli sensibili per le giovani mamme<\/a>\n\t\t\t\t\t<\/h5>\n\t\t\t\t\t\t\t\t\t\t<div class=\"is-divider\"><\/div>\n\t\t\t\t\t\t\t\t\t\t<p class=\"from_the_blog_excerpt \">\n\t\t\t\t\t\tLa vita da neo-mamma porta con s\u00e9 molte sfide \u2014 e innumerevoli piccole gioie. Uno [...]\t\t\t\t\t<\/p>\n\t\t\t\t\t                    \n\t\t\t\t\t\n\t\t\t\t\t\n\t\t\t\t\t<\/div>\n\t\t\t\t\t<\/div>\n\t\t\t\t\t\t\t\t\t\t\t\t\t\t\t\t<div class=\"badge absolute top post-date badge-outline\">\n\t\t\t\t\t\t\t<div class=\"badge-inner\">\n\t\t\t\t\t\t\t\t<span class=\"post-date-day\">17<\/span><br>\n\t\t\t\t\t\t\t\t<span class=\"post-date-month is-xsmall\">Ott<\/span>\n\t\t\t\t\t\t\t<\/div>\n\t\t\t\t\t\t<\/div>\n\t\t\t\t\t\t\t\t\t<\/div>\n\t\t\t<\/div>\n\t\t<\/div><div class=\"col post-item\" >\n\t\t\t<div class=\"col-inner\">\n\t\t\t\t<div class=\"box box-normal box-text-bottom box-blog-post has-hover\">\n            \t\t\t\t\t<div class=\"box-image\" >\n  \t\t\t\t\t\t<div class=\"image-cover\" style=\"padding-top:56.25%;\">\n\t\t\t\t\t\t\t<a href=\"https:\/\/mariblum.de\/it\/passeggiate-autunnali-con-ring-sling-flessibile-vicino-sicuro-luoghi-top-consigli-checklist\/\" class=\"plain\" aria-label=\"Passeggiate autunnali con ring sling: flessibile, vicino &#038; sicuro \u2014 luoghi top, consigli &#038; checklist\">\n\t\t\t\t\t\t\t\t<img loading=\"lazy\" decoding=\"async\" width=\"225\" height=\"300\" src=\"https:\/\/mariblum.de\/wp-content\/uploads\/2025\/04\/Baumwolle-Baby-Tragetuch_Elefantenmotiv-weiss-blau-225x300.jpg\" class=\"attachment-medium size-medium wp-post-image\" alt=\"\" srcset=\"https:\/\/mariblum.de\/wp-content\/uploads\/2025\/04\/Baumwolle-Baby-Tragetuch_Elefantenmotiv-weiss-blau-225x300.jpg 225w, https:\/\/mariblum.de\/wp-content\/uploads\/2025\/04\/Baumwolle-Baby-Tragetuch_Elefantenmotiv-weiss-blau-510x680.jpg 510w, https:\/\/mariblum.de\/wp-content\/uploads\/2025\/04\/Baumwolle-Baby-Tragetuch_Elefantenmotiv-weiss-blau.jpg 600w\" sizes=\"auto, (max-width: 225px) 100vw, 225px\" \/>\t\t\t\t\t\t\t<\/a>\n  \t\t\t\t\t\t\t  \t\t\t\t\t\t\t  \t\t\t\t\t\t<\/div>\n  \t\t\t\t\t\t  \t\t\t\t\t<\/div>\n          \t\t\t\t\t<div class=\"box-text text-center\" >\n\t\t\t\t\t<div class=\"box-text-inner blog-post-inner\">\n\n\t\t\t\t\t\n\t\t\t\t\t\t\t\t\t\t<h5 class=\"post-title is-large \">\n\t\t\t\t\t\t<a href=\"https:\/\/mariblum.de\/it\/passeggiate-autunnali-con-ring-sling-flessibile-vicino-sicuro-luoghi-top-consigli-checklist\/\" class=\"plain\">Passeggiate autunnali con ring sling: flessibile, vicino &#038; sicuro \u2014 luoghi top, consigli &#038; checklist<\/a>\n\t\t\t\t\t<\/h5>\n\t\t\t\t\t\t\t\t\t\t<div class=\"is-divider\"><\/div>\n\t\t\t\t\t\t\t\t\t\t<p class=\"from_the_blog_excerpt \">\n\t\t\t\t\t\tL\u2019autunno \u00e8 una stagione magica: le foglie brillano di colori caldi e l\u2019aria \u00e8 fresca [...]\t\t\t\t\t<\/p>\n\t\t\t\t\t                    \n\t\t\t\t\t\n\t\t\t\t\t\n\t\t\t\t\t<\/div>\n\t\t\t\t\t<\/div>\n\t\t\t\t\t\t\t\t\t\t\t\t\t\t\t\t<div class=\"badge absolute top post-date badge-outline\">\n\t\t\t\t\t\t\t<div class=\"badge-inner\">\n\t\t\t\t\t\t\t\t<span class=\"post-date-day\">10<\/span><br>\n\t\t\t\t\t\t\t\t<span class=\"post-date-month is-xsmall\">Ott<\/span>\n\t\t\t\t\t\t\t<\/div>\n\t\t\t\t\t\t<\/div>\n\t\t\t\t\t\t\t\t\t<\/div>\n\t\t\t<\/div>\n\t\t<\/div><div class=\"col post-item\" >\n\t\t\t<div class=\"col-inner\">\n\t\t\t\t<div class=\"box box-normal box-text-bottom box-blog-post has-hover\">\n            \t\t\t\t\t<div class=\"box-image\" >\n  \t\t\t\t\t\t<div class=\"image-cover\" style=\"padding-top:56.25%;\">\n\t\t\t\t\t\t\t<a href=\"https:\/\/mariblum.de\/it\/come-vestirsi-e-vestire-il-bambino-quando-lo-si-porta-in-braccio\/\" class=\"plain\" aria-label=\"Come vestirsi e vestire il bambino quando lo si porta in braccio\">\n\t\t\t\t\t\t\t\t<img loading=\"lazy\" decoding=\"async\" width=\"193\" height=\"300\" src=\"https:\/\/mariblum.de\/wp-content\/uploads\/2019\/02\/Olive_Ring-Sling_detail-scaled-e1576770252650-193x300.jpg\" class=\"attachment-medium size-medium wp-post-image\" alt=\"oliva-ring-sling-verde-in-canapa\" srcset=\"https:\/\/mariblum.de\/wp-content\/uploads\/2019\/02\/Olive_Ring-Sling_detail-scaled-e1576770252650-193x300.jpg 193w, https:\/\/mariblum.de\/wp-content\/uploads\/2019\/02\/Olive_Ring-Sling_detail-scaled-e1576770252650-510x794.jpg 510w, https:\/\/mariblum.de\/wp-content\/uploads\/2019\/02\/Olive_Ring-Sling_detail-scaled-e1576770252650.jpg 514w\" sizes=\"auto, (max-width: 193px) 100vw, 193px\" \/>\t\t\t\t\t\t\t<\/a>\n  \t\t\t\t\t\t\t  \t\t\t\t\t\t\t  \t\t\t\t\t\t<\/div>\n  \t\t\t\t\t\t  \t\t\t\t\t<\/div>\n          \t\t\t\t\t<div class=\"box-text text-center\" >\n\t\t\t\t\t<div class=\"box-text-inner blog-post-inner\">\n\n\t\t\t\t\t\n\t\t\t\t\t\t\t\t\t\t<h5 class=\"post-title is-large \">\n\t\t\t\t\t\t<a href=\"https:\/\/mariblum.de\/it\/come-vestirsi-e-vestire-il-bambino-quando-lo-si-porta-in-braccio\/\" class=\"plain\">Come vestirsi e vestire il bambino quando lo si porta in braccio<\/a>\n\t\t\t\t\t<\/h5>\n\t\t\t\t\t\t\t\t\t\t<div class=\"is-divider\"><\/div>\n\t\t\t\t\t\t\t\t\t\t<p class=\"from_the_blog_excerpt \">\n\t\t\t\t\t\tLa vita da neo-mamma \u00e8 piena di nuove sfide \u2014 e di splendidi momenti condivisi. [...]\t\t\t\t\t<\/p>\n\t\t\t\t\t                    \n\t\t\t\t\t\n\t\t\t\t\t\n\t\t\t\t\t<\/div>\n\t\t\t\t\t<\/div>\n\t\t\t\t\t\t\t\t\t\t\t\t\t\t\t\t<div class=\"badge absolute top post-date badge-outline\">\n\t\t\t\t\t\t\t<div class=\"badge-inner\">\n\t\t\t\t\t\t\t\t<span class=\"post-date-day\">26<\/span><br>\n\t\t\t\t\t\t\t\t<span class=\"post-date-month is-xsmall\">Set<\/span>\n\t\t\t\t\t\t\t<\/div>\n\t\t\t\t\t\t<\/div>\n\t\t\t\t\t\t\t\t\t<\/div>\n\t\t\t<\/div>\n\t\t<\/div><\/div>\r\n\r\n<h2 id=\"Conclusione\">Conclusione<\/h2>\r\n<p align=\"justify\">S\u00ec, la tecnologia pu\u00f2 essere utile. Ma il vero legame non nasce dal comfort \u2013 nasce da te. Dal calore, dalla presenza, dal tocco. E a volte, \u00e8 proprio un semplice pezzo di stoffa che rende possibile una vicinanza autentica.<\/p>\n","protected":false},"excerpt":{"rendered":"<p>Mezzi di trasporto high-tech, imbottiti fin nel minimo dettaglio, promettono sicurezza, comfort ed ergonomia. Suona bene \u2013 ma \u00e8 davvero ci\u00f2 di cui ha bisogno il tuo bambino? A volte, meno tecnologia \u2013 e pi\u00f9 te \u2013 \u00e8 proprio quello che serve. Questo articolo \u00e8 un invito a riscoprire le fasce, gli sling ad anelli [&#8230;]\n","protected":false},"author":1,"featured_media":18933,"comment_status":"closed","ping_status":"closed","sticky":false,"template":"","format":"standard","meta":{"footnotes":""},"categories":[2973,852],"tags":[],"class_list":["post-19208","post","type-post","status-publish","format-standard","has-post-thumbnail","hentry","category-bonding-it","category-mariblum-porta-bebe-news"],"yoast_head":"<!-- This site is optimized with the Yoast SEO Premium plugin v23.3 (Yoast SEO v27.2) - https:\/\/yoast.com\/product\/yoast-seo-premium-wordpress\/ -->\n<title>Ci\u00f2 di cui il vostro bambino ha davvero bisogno: Connessione invece di tecnologia - mariblum - Fascia Porta Bebe<\/title>\n<meta name=\"description\" content=\"I marsupi di fascia alta, imbottiti fin nei minimi dettagli, promettono sicurezza, comfort ed ergonomia.\" \/>\n<meta name=\"robots\" content=\"index, follow, max-snippet:-1, max-image-preview:large, max-video-preview:-1\" \/>\n<link rel=\"canonical\" href=\"https:\/\/mariblum.de\/it\/cio-di-cui-il-vostro-bambino-ha-davvero-bisogno-connessione-invece-di-tecnologia\/\" \/>\n<meta property=\"og:locale\" content=\"it_IT\" \/>\n<meta property=\"og:type\" content=\"article\" \/>\n<meta property=\"og:title\" content=\"Ci\u00f2 di cui il vostro bambino ha davvero bisogno: Connessione invece di tecnologia\" \/>\n<meta property=\"og:description\" content=\"I marsupi di fascia alta, imbottiti fin nei minimi dettagli, promettono sicurezza, comfort ed ergonomia.\" \/>\n<meta property=\"og:url\" content=\"https:\/\/mariblum.de\/it\/cio-di-cui-il-vostro-bambino-ha-davvero-bisogno-connessione-invece-di-tecnologia\/\" \/>\n<meta property=\"og:site_name\" content=\"mariblum - Fascia Porta Bebe\" \/>\n<meta property=\"article:published_time\" content=\"2025-06-13T04:41:43+00:00\" \/>\n<meta property=\"article:modified_time\" content=\"2025-06-13T04:41:47+00:00\" \/>\n<meta property=\"og:image\" content=\"https:\/\/mariblum.de\/wp-content\/uploads\/2025\/04\/Baumwolle-Baby-Tragetuch_Elefantenmotiv-weiss-blau.jpg\" \/>\n\t<meta property=\"og:image:width\" content=\"600\" \/>\n\t<meta property=\"og:image:height\" content=\"800\" \/>\n\t<meta property=\"og:image:type\" content=\"image\/jpeg\" \/>\n<meta name=\"author\" content=\"mariblum\" \/>\n<meta name=\"twitter:card\" content=\"summary_large_image\" \/>\n<meta name=\"twitter:label1\" content=\"Scritto da\" \/>\n\t<meta name=\"twitter:data1\" content=\"mariblum\" \/>\n\t<meta name=\"twitter:label2\" content=\"Tempo di lettura stimato\" \/>\n\t<meta name=\"twitter:data2\" content=\"5 minuti\" \/>\n<script type=\"application\/ld+json\" class=\"yoast-schema-graph\">{\"@context\":\"https:\/\/schema.org\",\"@graph\":[{\"@type\":\"Article\",\"@id\":\"https:\/\/mariblum.de\/it\/cio-di-cui-il-vostro-bambino-ha-davvero-bisogno-connessione-invece-di-tecnologia\/#article\",\"isPartOf\":{\"@id\":\"https:\/\/mariblum.de\/it\/cio-di-cui-il-vostro-bambino-ha-davvero-bisogno-connessione-invece-di-tecnologia\/\"},\"author\":{\"name\":\"mariblum\",\"@id\":\"https:\/\/mariblum.de\/it\/#\/schema\/person\/0f48a4840cefc156d4d2deb5e4b294d0\"},\"headline\":\"Ci\u00f2 di cui il vostro bambino ha davvero bisogno: Connessione invece di tecnologia\",\"datePublished\":\"2025-06-13T04:41:43+00:00\",\"dateModified\":\"2025-06-13T04:41:47+00:00\",\"mainEntityOfPage\":{\"@id\":\"https:\/\/mariblum.de\/it\/cio-di-cui-il-vostro-bambino-ha-davvero-bisogno-connessione-invece-di-tecnologia\/\"},\"wordCount\":662,\"publisher\":{\"@id\":\"https:\/\/mariblum.de\/it\/#organization\"},\"image\":{\"@id\":\"https:\/\/mariblum.de\/it\/cio-di-cui-il-vostro-bambino-ha-davvero-bisogno-connessione-invece-di-tecnologia\/#primaryimage\"},\"thumbnailUrl\":\"https:\/\/mariblum.de\/wp-content\/uploads\/2025\/04\/Baumwolle-Baby-Tragetuch_Elefantenmotiv-weiss-blau.jpg\",\"articleSection\":[\"Bonding\",\"mariblum - porta beb\u00e8 news\"],\"inLanguage\":\"it-IT\"},{\"@type\":\"WebPage\",\"@id\":\"https:\/\/mariblum.de\/it\/cio-di-cui-il-vostro-bambino-ha-davvero-bisogno-connessione-invece-di-tecnologia\/\",\"url\":\"https:\/\/mariblum.de\/it\/cio-di-cui-il-vostro-bambino-ha-davvero-bisogno-connessione-invece-di-tecnologia\/\",\"name\":\"Ci\u00f2 di cui il vostro bambino ha davvero bisogno: Connessione invece di tecnologia - mariblum - Fascia Porta Bebe\",\"isPartOf\":{\"@id\":\"https:\/\/mariblum.de\/it\/#website\"},\"primaryImageOfPage\":{\"@id\":\"https:\/\/mariblum.de\/it\/cio-di-cui-il-vostro-bambino-ha-davvero-bisogno-connessione-invece-di-tecnologia\/#primaryimage\"},\"image\":{\"@id\":\"https:\/\/mariblum.de\/it\/cio-di-cui-il-vostro-bambino-ha-davvero-bisogno-connessione-invece-di-tecnologia\/#primaryimage\"},\"thumbnailUrl\":\"https:\/\/mariblum.de\/wp-content\/uploads\/2025\/04\/Baumwolle-Baby-Tragetuch_Elefantenmotiv-weiss-blau.jpg\",\"datePublished\":\"2025-06-13T04:41:43+00:00\",\"dateModified\":\"2025-06-13T04:41:47+00:00\",\"description\":\"I marsupi di fascia alta, imbottiti fin nei minimi dettagli, promettono sicurezza, comfort ed ergonomia.\",\"breadcrumb\":{\"@id\":\"https:\/\/mariblum.de\/it\/cio-di-cui-il-vostro-bambino-ha-davvero-bisogno-connessione-invece-di-tecnologia\/#breadcrumb\"},\"inLanguage\":\"it-IT\",\"potentialAction\":[{\"@type\":\"ReadAction\",\"target\":[\"https:\/\/mariblum.de\/it\/cio-di-cui-il-vostro-bambino-ha-davvero-bisogno-connessione-invece-di-tecnologia\/\"]}]},{\"@type\":\"ImageObject\",\"inLanguage\":\"it-IT\",\"@id\":\"https:\/\/mariblum.de\/it\/cio-di-cui-il-vostro-bambino-ha-davvero-bisogno-connessione-invece-di-tecnologia\/#primaryimage\",\"url\":\"https:\/\/mariblum.de\/wp-content\/uploads\/2025\/04\/Baumwolle-Baby-Tragetuch_Elefantenmotiv-weiss-blau.jpg\",\"contentUrl\":\"https:\/\/mariblum.de\/wp-content\/uploads\/2025\/04\/Baumwolle-Baby-Tragetuch_Elefantenmotiv-weiss-blau.jpg\",\"width\":600,\"height\":800},{\"@type\":\"BreadcrumbList\",\"@id\":\"https:\/\/mariblum.de\/it\/cio-di-cui-il-vostro-bambino-ha-davvero-bisogno-connessione-invece-di-tecnologia\/#breadcrumb\",\"itemListElement\":[{\"@type\":\"ListItem\",\"position\":1,\"name\":\"Startseite\",\"item\":\"https:\/\/mariblum.de\/it\/\"},{\"@type\":\"ListItem\",\"position\":2,\"name\":\"Ci\u00f2 di cui il vostro bambino ha davvero bisogno: Connessione invece di tecnologia\"}]},{\"@type\":\"WebSite\",\"@id\":\"https:\/\/mariblum.de\/it\/#website\",\"url\":\"https:\/\/mariblum.de\/it\/\",\"name\":\"mariblum Traget\u00fccher\",\"description\":\"il modo naturale di portare il tuo bambino \",\"publisher\":{\"@id\":\"https:\/\/mariblum.de\/it\/#organization\"},\"potentialAction\":[{\"@type\":\"SearchAction\",\"target\":{\"@type\":\"EntryPoint\",\"urlTemplate\":\"https:\/\/mariblum.de\/it\/?s={search_term_string}\"},\"query-input\":{\"@type\":\"PropertyValueSpecification\",\"valueRequired\":true,\"valueName\":\"search_term_string\"}}],\"inLanguage\":\"it-IT\"},{\"@type\":\"Organization\",\"@id\":\"https:\/\/mariblum.de\/it\/#organization\",\"name\":\"mariblum\",\"url\":\"https:\/\/mariblum.de\/it\/\",\"logo\":{\"@type\":\"ImageObject\",\"inLanguage\":\"it-IT\",\"@id\":\"https:\/\/mariblum.de\/it\/#\/schema\/logo\/image\/\",\"url\":\"https:\/\/mariblum.de\/wp-content\/uploads\/2020\/07\/logo_m-500x_transparent.png\",\"contentUrl\":\"https:\/\/mariblum.de\/wp-content\/uploads\/2020\/07\/logo_m-500x_transparent.png\",\"width\":500,\"height\":500,\"caption\":\"mariblum\"},\"image\":{\"@id\":\"https:\/\/mariblum.de\/it\/#\/schema\/logo\/image\/\"},\"sameAs\":[\"https:\/\/www.instagram.com\/_mariblum_\/\"]},{\"@type\":\"Person\",\"@id\":\"https:\/\/mariblum.de\/it\/#\/schema\/person\/0f48a4840cefc156d4d2deb5e4b294d0\",\"name\":\"mariblum\",\"url\":\"https:\/\/mariblum.de\/it\/author\/mariblum\/\"}]}<\/script>\n<!-- \/ Yoast SEO Premium plugin. -->","yoast_head_json":{"title":"Ci\u00f2 di cui il vostro bambino ha davvero bisogno: Connessione invece di tecnologia - mariblum - Fascia Porta Bebe","description":"I marsupi di fascia alta, imbottiti fin nei minimi dettagli, promettono sicurezza, comfort ed ergonomia.","robots":{"index":"index","follow":"follow","max-snippet":"max-snippet:-1","max-image-preview":"max-image-preview:large","max-video-preview":"max-video-preview:-1"},"canonical":"https:\/\/mariblum.de\/it\/cio-di-cui-il-vostro-bambino-ha-davvero-bisogno-connessione-invece-di-tecnologia\/","og_locale":"it_IT","og_type":"article","og_title":"Ci\u00f2 di cui il vostro bambino ha davvero bisogno: Connessione invece di tecnologia","og_description":"I marsupi di fascia alta, imbottiti fin nei minimi dettagli, promettono sicurezza, comfort ed ergonomia.","og_url":"https:\/\/mariblum.de\/it\/cio-di-cui-il-vostro-bambino-ha-davvero-bisogno-connessione-invece-di-tecnologia\/","og_site_name":"mariblum - Fascia Porta Bebe","article_published_time":"2025-06-13T04:41:43+00:00","article_modified_time":"2025-06-13T04:41:47+00:00","og_image":[{"width":600,"height":800,"url":"https:\/\/mariblum.de\/wp-content\/uploads\/2025\/04\/Baumwolle-Baby-Tragetuch_Elefantenmotiv-weiss-blau.jpg","type":"image\/jpeg"}],"author":"mariblum","twitter_card":"summary_large_image","twitter_misc":{"Scritto da":"mariblum","Tempo di lettura stimato":"5 minuti"},"schema":{"@context":"https:\/\/schema.org","@graph":[{"@type":"Article","@id":"https:\/\/mariblum.de\/it\/cio-di-cui-il-vostro-bambino-ha-davvero-bisogno-connessione-invece-di-tecnologia\/#article","isPartOf":{"@id":"https:\/\/mariblum.de\/it\/cio-di-cui-il-vostro-bambino-ha-davvero-bisogno-connessione-invece-di-tecnologia\/"},"author":{"name":"mariblum","@id":"https:\/\/mariblum.de\/it\/#\/schema\/person\/0f48a4840cefc156d4d2deb5e4b294d0"},"headline":"Ci\u00f2 di cui il vostro bambino ha davvero bisogno: Connessione invece di tecnologia","datePublished":"2025-06-13T04:41:43+00:00","dateModified":"2025-06-13T04:41:47+00:00","mainEntityOfPage":{"@id":"https:\/\/mariblum.de\/it\/cio-di-cui-il-vostro-bambino-ha-davvero-bisogno-connessione-invece-di-tecnologia\/"},"wordCount":662,"publisher":{"@id":"https:\/\/mariblum.de\/it\/#organization"},"image":{"@id":"https:\/\/mariblum.de\/it\/cio-di-cui-il-vostro-bambino-ha-davvero-bisogno-connessione-invece-di-tecnologia\/#primaryimage"},"thumbnailUrl":"https:\/\/mariblum.de\/wp-content\/uploads\/2025\/04\/Baumwolle-Baby-Tragetuch_Elefantenmotiv-weiss-blau.jpg","articleSection":["Bonding","mariblum - porta beb\u00e8 news"],"inLanguage":"it-IT"},{"@type":"WebPage","@id":"https:\/\/mariblum.de\/it\/cio-di-cui-il-vostro-bambino-ha-davvero-bisogno-connessione-invece-di-tecnologia\/","url":"https:\/\/mariblum.de\/it\/cio-di-cui-il-vostro-bambino-ha-davvero-bisogno-connessione-invece-di-tecnologia\/","name":"Ci\u00f2 di cui il vostro bambino ha davvero bisogno: Connessione invece di tecnologia - mariblum - Fascia Porta Bebe","isPartOf":{"@id":"https:\/\/mariblum.de\/it\/#website"},"primaryImageOfPage":{"@id":"https:\/\/mariblum.de\/it\/cio-di-cui-il-vostro-bambino-ha-davvero-bisogno-connessione-invece-di-tecnologia\/#primaryimage"},"image":{"@id":"https:\/\/mariblum.de\/it\/cio-di-cui-il-vostro-bambino-ha-davvero-bisogno-connessione-invece-di-tecnologia\/#primaryimage"},"thumbnailUrl":"https:\/\/mariblum.de\/wp-content\/uploads\/2025\/04\/Baumwolle-Baby-Tragetuch_Elefantenmotiv-weiss-blau.jpg","datePublished":"2025-06-13T04:41:43+00:00","dateModified":"2025-06-13T04:41:47+00:00","description":"I marsupi di fascia alta, imbottiti fin nei minimi dettagli, promettono sicurezza, comfort ed ergonomia.","breadcrumb":{"@id":"https:\/\/mariblum.de\/it\/cio-di-cui-il-vostro-bambino-ha-davvero-bisogno-connessione-invece-di-tecnologia\/#breadcrumb"},"inLanguage":"it-IT","potentialAction":[{"@type":"ReadAction","target":["https:\/\/mariblum.de\/it\/cio-di-cui-il-vostro-bambino-ha-davvero-bisogno-connessione-invece-di-tecnologia\/"]}]},{"@type":"ImageObject","inLanguage":"it-IT","@id":"https:\/\/mariblum.de\/it\/cio-di-cui-il-vostro-bambino-ha-davvero-bisogno-connessione-invece-di-tecnologia\/#primaryimage","url":"https:\/\/mariblum.de\/wp-content\/uploads\/2025\/04\/Baumwolle-Baby-Tragetuch_Elefantenmotiv-weiss-blau.jpg","contentUrl":"https:\/\/mariblum.de\/wp-content\/uploads\/2025\/04\/Baumwolle-Baby-Tragetuch_Elefantenmotiv-weiss-blau.jpg","width":600,"height":800},{"@type":"BreadcrumbList","@id":"https:\/\/mariblum.de\/it\/cio-di-cui-il-vostro-bambino-ha-davvero-bisogno-connessione-invece-di-tecnologia\/#breadcrumb","itemListElement":[{"@type":"ListItem","position":1,"name":"Startseite","item":"https:\/\/mariblum.de\/it\/"},{"@type":"ListItem","position":2,"name":"Ci\u00f2 di cui il vostro bambino ha davvero bisogno: Connessione invece di tecnologia"}]},{"@type":"WebSite","@id":"https:\/\/mariblum.de\/it\/#website","url":"https:\/\/mariblum.de\/it\/","name":"mariblum Traget\u00fccher","description":"il modo naturale di portare il tuo bambino ","publisher":{"@id":"https:\/\/mariblum.de\/it\/#organization"},"potentialAction":[{"@type":"SearchAction","target":{"@type":"EntryPoint","urlTemplate":"https:\/\/mariblum.de\/it\/?s={search_term_string}"},"query-input":{"@type":"PropertyValueSpecification","valueRequired":true,"valueName":"search_term_string"}}],"inLanguage":"it-IT"},{"@type":"Organization","@id":"https:\/\/mariblum.de\/it\/#organization","name":"mariblum","url":"https:\/\/mariblum.de\/it\/","logo":{"@type":"ImageObject","inLanguage":"it-IT","@id":"https:\/\/mariblum.de\/it\/#\/schema\/logo\/image\/","url":"https:\/\/mariblum.de\/wp-content\/uploads\/2020\/07\/logo_m-500x_transparent.png","contentUrl":"https:\/\/mariblum.de\/wp-content\/uploads\/2020\/07\/logo_m-500x_transparent.png","width":500,"height":500,"caption":"mariblum"},"image":{"@id":"https:\/\/mariblum.de\/it\/#\/schema\/logo\/image\/"},"sameAs":["https:\/\/www.instagram.com\/_mariblum_\/"]},{"@type":"Person","@id":"https:\/\/mariblum.de\/it\/#\/schema\/person\/0f48a4840cefc156d4d2deb5e4b294d0","name":"mariblum","url":"https:\/\/mariblum.de\/it\/author\/mariblum\/"}]}},"_links":{"self":[{"href":"https:\/\/mariblum.de\/it\/wp-json\/wp\/v2\/posts\/19208","targetHints":{"allow":["GET"]}}],"collection":[{"href":"https:\/\/mariblum.de\/it\/wp-json\/wp\/v2\/posts"}],"about":[{"href":"https:\/\/mariblum.de\/it\/wp-json\/wp\/v2\/types\/post"}],"author":[{"embeddable":true,"href":"https:\/\/mariblum.de\/it\/wp-json\/wp\/v2\/users\/1"}],"replies":[{"embeddable":true,"href":"https:\/\/mariblum.de\/it\/wp-json\/wp\/v2\/comments?post=19208"}],"version-history":[{"count":2,"href":"https:\/\/mariblum.de\/it\/wp-json\/wp\/v2\/posts\/19208\/revisions"}],"predecessor-version":[{"id":19574,"href":"https:\/\/mariblum.de\/it\/wp-json\/wp\/v2\/posts\/19208\/revisions\/19574"}],"wp:featuredmedia":[{"embeddable":true,"href":"https:\/\/mariblum.de\/it\/wp-json\/wp\/v2\/media\/18933"}],"wp:attachment":[{"href":"https:\/\/mariblum.de\/it\/wp-json\/wp\/v2\/media?parent=19208"}],"wp:term":[{"taxonomy":"category","embeddable":true,"href":"https:\/\/mariblum.de\/it\/wp-json\/wp\/v2\/categories?post=19208"},{"taxonomy":"post_tag","embeddable":true,"href":"https:\/\/mariblum.de\/it\/wp-json\/wp\/v2\/tags?post=19208"}],"curies":[{"name":"wp","href":"https:\/\/api.w.org\/{rel}","templated":true}]}}