{"id":18144,"date":"2025-01-17T05:59:20","date_gmt":"2025-01-17T05:59:20","guid":{"rendered":"https:\/\/mariblum.de\/?p=18144"},"modified":"2025-01-17T05:59:49","modified_gmt":"2025-01-17T05:59:49","slug":"allattamento-con-limbragatura-ad-anello-pratica-discreta-e-confortevole","status":"publish","type":"post","link":"https:\/\/mariblum.de\/it\/allattamento-con-limbragatura-ad-anello-pratica-discreta-e-confortevole\/","title":{"rendered":"Allattamento con l&#8217;imbragatura ad anello: pratica, discreta e confortevole"},"content":{"rendered":"<p align=\"justify\" class=\"lead\">Allattare in movimento pu\u00f2 rappresentare una sfida per molte madri, specialmente quando si tratta di privacy e comfort. La fascia ad anelli si rivela essere uno strumento estremamente utile che rende l&#8217;allattamento sia pi\u00f9 facile che pi\u00f9 piacevole. In questo articolo del blog, mostriamo come la fascia ad anelli supporta l&#8217;allattamento e i vantaggi di utilizzare una fascia ad anelli in canapa, sottile ma opaca.<\/p>\n<strong>Indice dei Contenuti<\/strong>\n<ol>\n<li style=\"list-style-type: none;\">\n<ol>\n<li><a href=\"#I-vantaggi-dell-allattamento-con-una-fascia-ad-anelli\">I vantaggi dell&#8217;allattamento con una fascia ad anelli<\/a><\/li>\n<li><a href=\"#Perche-una-fascia-ad-anelli-sottile-e-opaca-in-canapa-e-ideale\">Perch\u00e9 una fascia ad anelli sottile e opaca in canapa \u00e8 ideale<\/a><\/li>\n<li><a href=\"#Consigli-per-allattare-con-una-fascia-ad-anelli\">Consigli per allattare con una fascia ad anelli<\/a><\/li>\n<li><a href=\"#come-annodare-una-fascia-ad-anelli-per-allattare\">Come annodare una fascia ad anelli per allattare<\/a><\/li>\n<\/ol>\n<\/li>\n<\/ol>\n<h2 id=\"I-vantaggi-dell-allattamento-con-una-fascia-ad-anelli\">I vantaggi dell&#8217;allattamento con una fascia ad anelli<\/h2>\n<p> <img loading=\"lazy\" decoding=\"async\" class=\"alignnone size-full\" src=\"https:\/\/mariblum.de\/wp-content\/uploads\/2024\/09\/Lavendelfeld-Tragetuch-1.jpg\" alt=\"Allattamento con una fascia ad anelli\" width=\"6000\" height=\"8000\" \/><\/p>\n<p><strong>Aggiustamento Facile:<\/strong> <\/p>\n<p align=\"justify\">La fascia ad anelli \u00e8 rapida e facile da indossare e consente di sollevare il bambino fino al seno senza doverlo rimuovere dal supporto. Gli anelli permettono un facile aggiustamento per portare il bambino nella posizione ottimale per l&#8217;allattamento.<\/p>\n\t<div id=\"gap-342945439\" class=\"gap-element clearfix\" style=\"display:block; height:auto;\">\n\t\t\n<style>\n#gap-342945439 {\n  padding-top: 30px;\n}\n<\/style>\n\t<\/div>\n\t\r\n\n  <div class=\"banner has-hover\" id=\"banner-806537054\">\n          <div class=\"banner-inner fill\">\n        <div class=\"banner-bg fill\" >\n            <img loading=\"lazy\" decoding=\"async\" width=\"533\" height=\"800\" src=\"https:\/\/mariblum.de\/wp-content\/uploads\/2019\/10\/kornblume-ring-sling-aus-hanf-gefaltet.png\" class=\"bg attachment-1536x1536 size-1536x1536\" alt=\"kornblume-ring-sling-aus-hanf-trageberatung-richtig-gebunden\" \/>                        <div class=\"overlay\"><\/div>            \n                    <\/div>\n\t\t\n        <div class=\"banner-layers container\">\n            <div class=\"fill banner-link\"><\/div>            \r\n\r\n   <div id=\"text-box-370893702\" class=\"text-box banner-layer x50 md-x50 lg-x50 y90 md-y90 lg-y90 res-text\">\n                                <div class=\"text-box-content text dark\">\n              \n              <div class=\"text-inner text-left\">\n                  \r\n<h4 class=\"uppercase\">Trova la tua perfetta<\/h4>\r\n<h3 class=\"uppercase\"><strong>Ring Sling<\/strong><\/h3>\r\n<h4>perfetta<\/h4>\r\n<h5 class=\"uppercase\"><strong>Scoprite subito la variet\u00e0 delle nostre fionde ad anello e create un legame che durer\u00e0 per generazioni.<\/strong><\/h5>\r\n<a href=\"https:\/\/mariblum.de\/it\/categoria-prodotto\/ring-sling-it\/ring-sling-it-in-lino\/\" class=\"button white is-outline\" >\n\t\t<span>Lino<\/span>\n\t<\/a>\n\r\n\r\n<a href=\"https:\/\/mariblum.de\/it\/categoria-prodotto\/ring-sling-it\/ring-sling-it-in-canapa\/\" class=\"button white is-outline\" >\n\t\t<span>Canapa<\/span>\n\t<\/a>\n\r\n\r\n              <\/div>\n           <\/div>\n                            \n<style>\n#text-box-370893702 {\n  width: 80%;\n}\n#text-box-370893702 .text-box-content {\n  font-size: 100%;\n}\n<\/style>\n    <\/div>\n \r\n   <div id=\"text-box-907094528\" class=\"text-box banner-layer text-box-circle x95 md-x95 lg-x95 y5 md-y5 lg-y5 res-text\">\n                                <div class=\"text-box-content text dark\">\n              \n              <div class=\"text-inner text-center\">\n                  \r\n\r\n<span style=\"font-size: 250%;\"><strong>Ring\r\nSlings<\/strong><\/span>\r\n\r\n              <\/div>\n           <\/div>\n                            \n<style>\n#text-box-907094528 {\n  margin: 0px -5px 0px 0px;\n  width: 26%;\n}\n#text-box-907094528 .text-box-content {\n  background-color: #3b4d5a;\n  font-size: 100%;\n  transform: rotate(34deg);\n}\n<\/style>\n    <\/div>\n \r\n\r\n        <\/div>\n      <\/div>\n\n            \n<style>\n#banner-806537054 {\n  padding-top: 292px;\n}\n#banner-806537054 .overlay {\n  background-color: rgba(0, 0, 0, 0.2);\n}\n#banner-806537054 .banner-bg img {\n  object-position: 88% 74%;\n}\n<\/style>\n  <\/div>\n\n\r\n\t<div id=\"gap-1320420044\" class=\"gap-element clearfix\" style=\"display:block; height:auto;\">\n\t\t\n<style>\n#gap-1320420044 {\n  padding-top: 30px;\n}\n<\/style>\n\t<\/div>\n\t\n<p><strong>Mani Libere:<\/strong> <\/p>\n<p align=\"justify\">Uno dei maggiori vantaggi dell&#8217;allattamento con una fascia ad anelli \u00e8 che hai le mani libere. Questo ti permette di occuparti di altre attivit\u00e0 durante l&#8217;allattamento, particolarmente pratico nella vita quotidiana o mentre fai la spesa.<\/p>\n<p><strong>Discrezione:<\/strong> <\/p>\n<p align=\"justify\">Allattare in pubblico pu\u00f2 essere scomodo per alcune madri. La fascia offre una certa copertura e privacy senza la necessit\u00e0 di ulteriori coperture o teli per l&#8217;allattamento. Crea uno spazio discreto per allattare, permettendoti di nutrire comodamente e in sicurezza ovunque.<\/p>\n<div class=\"woocommerce columns-4 \"><div class=\"products row row-small large-columns-4 medium-columns-3 small-columns-2\">\n<div class=\"product-small col has-hover product type-product post-15069 status-publish first instock product_cat-fascia-porta-bebe-in-lino-imbragature product_cat-tessuti-di-lini product_tag-biologica product_tag-lilla product_tag-lino product_tag-ring-sling-it has-post-thumbnail featured purchasable product-type-variable has-default-attributes has-product-safety-information\">\n\t<div class=\"col-inner\">\n\t\n<div class=\"badge-container absolute left top z-1\">\n\n<\/div>\n\t<div class=\"product-small box \">\n\t\t<div class=\"box-image\">\n\t\t\t<div class=\"image-fade_in_back\">\n\t\t\t\t<a href=\"https:\/\/mariblum.de\/it\/produkt\/campo-di-lavanda-ring-sling-in-lino-2\/\">\n\t\t\t\t\t<img loading=\"lazy\" decoding=\"async\" width=\"247\" height=\"247\" src=\"https:\/\/mariblum.de\/wp-content\/uploads\/2025\/04\/Lila-Tragetuch_Baby-247x247.jpg\" class=\"attachment-woocommerce_thumbnail size-woocommerce_thumbnail\" alt=\"Campo di Lavanda Sling in lino\" srcset=\"https:\/\/mariblum.de\/wp-content\/uploads\/2025\/04\/Lila-Tragetuch_Baby-247x247.jpg 247w, https:\/\/mariblum.de\/wp-content\/uploads\/2025\/04\/Lila-Tragetuch_Baby-150x150.jpg 150w, https:\/\/mariblum.de\/wp-content\/uploads\/2025\/04\/Lila-Tragetuch_Baby-100x100.jpg 100w\" sizes=\"auto, (max-width: 247px) 100vw, 247px\" \/><img loading=\"lazy\" decoding=\"async\" width=\"247\" height=\"247\" src=\"https:\/\/mariblum.de\/wp-content\/uploads\/2023\/04\/Lavendellfeld-aus-Leinen-Baby-tragen-im-tragetuch-247x247.jpg\" class=\"show-on-hover absolute fill hide-for-small back-image\" alt=\"Lavendellfeld-aus-Leinen-Baby-tragen-im-tragetuch\" aria-hidden=\"true\" srcset=\"https:\/\/mariblum.de\/wp-content\/uploads\/2023\/04\/Lavendellfeld-aus-Leinen-Baby-tragen-im-tragetuch-247x247.jpg 247w, https:\/\/mariblum.de\/wp-content\/uploads\/2023\/04\/Lavendellfeld-aus-Leinen-Baby-tragen-im-tragetuch-100x100.jpg 100w, https:\/\/mariblum.de\/wp-content\/uploads\/2023\/04\/Lavendellfeld-aus-Leinen-Baby-tragen-im-tragetuch-150x150.jpg 150w\" sizes=\"auto, (max-width: 247px) 100vw, 247px\" \/>\t\t\t\t<\/a>\n\t\t\t<\/div>\n\t\t\t<div class=\"image-tools is-small top right show-on-hover\">\n\t\t\t\t\t\t\t<\/div>\n\t\t\t<div class=\"image-tools is-small hide-for-small bottom left show-on-hover\">\n\t\t\t\t\t\t\t<\/div>\n\t\t\t<div class=\"image-tools grid-tools text-center hide-for-small bottom hover-slide-in show-on-hover\">\n\t\t\t\t<a href=\"#quick-view\" class=\"quick-view\" role=\"button\" data-prod=\"15069\" aria-haspopup=\"dialog\" aria-expanded=\"false\" data-flatsome-role-button>Anteprima<\/a>\t\t\t<\/div>\n\t\t\t\t\t<\/div>\n\n\t\t<div class=\"box-text box-text-products text-center grid-style-2\">\n\t\t\t<div class=\"ux-swatches ux-swatches-in-loop ux-swatches--rounded ux-swatches--x-small\" role=\"radiogroup\" data-flatsome-role-radiogroup><div data-image-src=\"https:\/\/mariblum.de\/wp-content\/uploads\/2025\/04\/Lila-Tragetuch_Baby-247x247.jpg\" data-image-srcset=\"https:\/\/mariblum.de\/wp-content\/uploads\/2025\/04\/Lila-Tragetuch_Baby-247x247.jpg 247w, https:\/\/mariblum.de\/wp-content\/uploads\/2025\/04\/Lila-Tragetuch_Baby-150x150.jpg 150w, https:\/\/mariblum.de\/wp-content\/uploads\/2025\/04\/Lila-Tragetuch_Baby-100x100.jpg 100w\" data-image-sizes=\"(max-width: 247px) 100vw, 247px\" data-attribute_name=\"attribute_pa_tt-groesze\" data-value=\"tt450-it\" aria-label=\"4,50 m\" role=\"radio\" aria-checked=\"false\" tabindex=\"0\" class=\"ux-swatch ux-swatch--label\"><span class=\"ux-swatch__text\">4,50 m<\/span><\/div><div data-image-src=\"https:\/\/mariblum.de\/wp-content\/uploads\/2025\/04\/Lila-Tragetuch_Baby-247x247.jpg\" data-image-srcset=\"https:\/\/mariblum.de\/wp-content\/uploads\/2025\/04\/Lila-Tragetuch_Baby-247x247.jpg 247w, https:\/\/mariblum.de\/wp-content\/uploads\/2025\/04\/Lila-Tragetuch_Baby-150x150.jpg 150w, https:\/\/mariblum.de\/wp-content\/uploads\/2025\/04\/Lila-Tragetuch_Baby-100x100.jpg 100w\" data-image-sizes=\"(max-width: 247px) 100vw, 247px\" data-attribute_name=\"attribute_pa_tt-groesze\" data-value=\"tt500-it\" aria-label=\"5,00 m\" role=\"radio\" aria-checked=\"false\" tabindex=\"0\" class=\"ux-swatch ux-swatch--label\"><span class=\"ux-swatch__text\">5,00 m<\/span><\/div><\/div><div class=\"title-wrapper\">\t\t<p class=\"category uppercase is-smaller no-text-overflow product-cat op-8\">\n\t\t\tImbragature in lino\t\t<\/p>\n\t<p class=\"name product-title woocommerce-loop-product__title\"><a href=\"https:\/\/mariblum.de\/it\/produkt\/campo-di-lavanda-ring-sling-in-lino-2\/\" class=\"woocommerce-LoopProduct-link woocommerce-loop-product__link\">Campo di Lavanda Sling in lino<\/a><\/p><\/div><div class=\"price-wrapper\">\n\t<span class=\"price\"><span class=\"woocommerce-Price-amount amount\"><bdi>159,95&nbsp;<span class=\"woocommerce-Price-currencySymbol\">&euro;<\/span><\/bdi><\/span> &ndash; <span class=\"woocommerce-Price-amount amount\"><bdi>169,95&nbsp;<span class=\"woocommerce-Price-currencySymbol\">&euro;<\/span><\/bdi><\/span><\/span>\n\n\n\n<\/div>\t\t<\/div>\n\t<\/div>\n\t\n<span class=\"gtm4wp_productdata\" style=\"display:none; visibility:hidden;\" data-gtm4wp_product_data=\"{&quot;internal_id&quot;:15069,&quot;item_id&quot;:15069,&quot;item_name&quot;:&quot;Campo di Lavanda Sling in lino&quot;,&quot;sku&quot;:15069,&quot;price&quot;:159.95,&quot;stocklevel&quot;:null,&quot;stockstatus&quot;:&quot;instock&quot;,&quot;google_business_vertical&quot;:&quot;retail&quot;,&quot;item_category&quot;:&quot;Imbragature in lino&quot;,&quot;id&quot;:15069,&quot;productlink&quot;:&quot;https:\\\/\\\/mariblum.de\\\/it\\\/produkt\\\/campo-di-lavanda-ring-sling-in-lino-2\\\/&quot;,&quot;item_list_name&quot;:&quot;Featured Products&quot;,&quot;index&quot;:1,&quot;product_type&quot;:&quot;variable&quot;,&quot;item_brand&quot;:&quot;&quot;}\"><\/span>\t<\/div>\n<\/div><div class=\"product-small col has-hover product type-product post-9119 status-publish instock product_cat-fascia-porta-bebe-in-canapa-imbragature product_cat-tessuti-di-canapa product_tag-fascia-porta-bebe product_tag-giallo has-post-thumbnail featured shipping-taxable purchasable product-type-variable has-default-attributes has-product-safety-information\">\n\t<div class=\"col-inner\">\n\t\n<div class=\"badge-container absolute left top z-1\">\n\n<\/div>\n\t<div class=\"product-small box \">\n\t\t<div class=\"box-image\">\n\t\t\t<div class=\"image-fade_in_back\">\n\t\t\t\t<a href=\"https:\/\/mariblum.de\/it\/produkt\/dente-di-leone-fascia-porta-bebe\/\">\n\t\t\t\t\t<img loading=\"lazy\" decoding=\"async\" width=\"247\" height=\"247\" src=\"https:\/\/mariblum.de\/wp-content\/uploads\/2019\/02\/gelber-ring-sling-l\u00f6wenzahn-toddler-scaled-e1576850408596-247x247.jpg\" class=\"attachment-woocommerce_thumbnail size-woocommerce_thumbnail\" alt=\"dente-di-leone-ring-sling-giallo-in-canapa\" srcset=\"https:\/\/mariblum.de\/wp-content\/uploads\/2019\/02\/gelber-ring-sling-l\u00f6wenzahn-toddler-scaled-e1576850408596-247x247.jpg 247w, https:\/\/mariblum.de\/wp-content\/uploads\/2019\/02\/gelber-ring-sling-l\u00f6wenzahn-toddler-scaled-e1576850408596-100x100.jpg 100w, https:\/\/mariblum.de\/wp-content\/uploads\/2019\/02\/gelber-ring-sling-l\u00f6wenzahn-toddler-scaled-e1576850408596-150x150.jpg 150w\" sizes=\"auto, (max-width: 247px) 100vw, 247px\" \/><img loading=\"lazy\" decoding=\"async\" width=\"247\" height=\"247\" src=\"https:\/\/mariblum.de\/wp-content\/uploads\/2019\/02\/loewenzahn-ring-sling-aus-hanf-in-der-natur-247x247.png\" class=\"show-on-hover absolute fill hide-for-small back-image\" alt=\"dente-di-leone-ring-sling-giallo-in-canapa\" aria-hidden=\"true\" srcset=\"https:\/\/mariblum.de\/wp-content\/uploads\/2019\/02\/loewenzahn-ring-sling-aus-hanf-in-der-natur-247x247.png 247w, https:\/\/mariblum.de\/wp-content\/uploads\/2019\/02\/loewenzahn-ring-sling-aus-hanf-in-der-natur-100x100.png 100w, https:\/\/mariblum.de\/wp-content\/uploads\/2019\/02\/loewenzahn-ring-sling-aus-hanf-in-der-natur-150x150.png 150w\" sizes=\"auto, (max-width: 247px) 100vw, 247px\" \/>\t\t\t\t<\/a>\n\t\t\t<\/div>\n\t\t\t<div class=\"image-tools is-small top right show-on-hover\">\n\t\t\t\t\t\t\t<\/div>\n\t\t\t<div class=\"image-tools is-small hide-for-small bottom left show-on-hover\">\n\t\t\t\t\t\t\t<\/div>\n\t\t\t<div class=\"image-tools grid-tools text-center hide-for-small bottom hover-slide-in show-on-hover\">\n\t\t\t\t<a href=\"#quick-view\" class=\"quick-view\" role=\"button\" data-prod=\"9119\" aria-haspopup=\"dialog\" aria-expanded=\"false\" data-flatsome-role-button>Anteprima<\/a>\t\t\t<\/div>\n\t\t\t\t\t<\/div>\n\n\t\t<div class=\"box-text box-text-products text-center grid-style-2\">\n\t\t\t<div class=\"ux-swatches ux-swatches-in-loop ux-swatches--rounded ux-swatches--x-small\" role=\"radiogroup\" data-flatsome-role-radiogroup><div data-image-src=\"https:\/\/mariblum.de\/wp-content\/uploads\/2019\/02\/gelber-ring-sling-l\u00f6wenzahn-toddler-scaled-e1576850408596-247x247.jpg\" data-image-srcset=\"https:\/\/mariblum.de\/wp-content\/uploads\/2019\/02\/gelber-ring-sling-l\u00f6wenzahn-toddler-scaled-e1576850408596-247x247.jpg 247w, https:\/\/mariblum.de\/wp-content\/uploads\/2019\/02\/gelber-ring-sling-l\u00f6wenzahn-toddler-scaled-e1576850408596-100x100.jpg 100w, https:\/\/mariblum.de\/wp-content\/uploads\/2019\/02\/gelber-ring-sling-l\u00f6wenzahn-toddler-scaled-e1576850408596-150x150.jpg 150w\" data-image-sizes=\"(max-width: 247px) 100vw, 247px\" data-attribute_name=\"attribute_pa_tt-groesze\" data-value=\"tt450-it\" aria-label=\"4,50 m\" role=\"radio\" aria-checked=\"false\" tabindex=\"0\" class=\"ux-swatch ux-swatch--label\"><span class=\"ux-swatch__text\">4,50 m<\/span><\/div><div data-image-src=\"https:\/\/mariblum.de\/wp-content\/uploads\/2019\/02\/gelber-ring-sling-l\u00f6wenzahn-toddler-scaled-e1576850408596-247x247.jpg\" data-image-srcset=\"https:\/\/mariblum.de\/wp-content\/uploads\/2019\/02\/gelber-ring-sling-l\u00f6wenzahn-toddler-scaled-e1576850408596-247x247.jpg 247w, https:\/\/mariblum.de\/wp-content\/uploads\/2019\/02\/gelber-ring-sling-l\u00f6wenzahn-toddler-scaled-e1576850408596-100x100.jpg 100w, https:\/\/mariblum.de\/wp-content\/uploads\/2019\/02\/gelber-ring-sling-l\u00f6wenzahn-toddler-scaled-e1576850408596-150x150.jpg 150w\" data-image-sizes=\"(max-width: 247px) 100vw, 247px\" data-attribute_name=\"attribute_pa_tt-groesze\" data-value=\"tt500-it\" aria-label=\"5,00 m\" role=\"radio\" aria-checked=\"false\" tabindex=\"0\" class=\"ux-swatch ux-swatch--label\"><span class=\"ux-swatch__text\">5,00 m<\/span><\/div><\/div><div class=\"title-wrapper\">\t\t<p class=\"category uppercase is-smaller no-text-overflow product-cat op-8\">\n\t\t\tImbragature in canapa\t\t<\/p>\n\t<p class=\"name product-title woocommerce-loop-product__title\"><a href=\"https:\/\/mariblum.de\/it\/produkt\/dente-di-leone-fascia-porta-bebe\/\" class=\"woocommerce-LoopProduct-link woocommerce-loop-product__link\">Dente di leone &#8211; Imbragature<\/a><\/p><\/div><div class=\"price-wrapper\">\n\t<span class=\"price\"><span class=\"woocommerce-Price-amount amount\"><bdi>189,95&nbsp;<span class=\"woocommerce-Price-currencySymbol\">&euro;<\/span><\/bdi><\/span> &ndash; <span class=\"woocommerce-Price-amount amount\"><bdi>199,95&nbsp;<span class=\"woocommerce-Price-currencySymbol\">&euro;<\/span><\/bdi><\/span><\/span>\n\n\n\n<\/div>\t\t<\/div>\n\t<\/div>\n\t\n<span class=\"gtm4wp_productdata\" style=\"display:none; visibility:hidden;\" data-gtm4wp_product_data=\"{&quot;internal_id&quot;:9119,&quot;item_id&quot;:9119,&quot;item_name&quot;:&quot;Dente di leone - Imbragature&quot;,&quot;sku&quot;:9119,&quot;price&quot;:189.95,&quot;stocklevel&quot;:null,&quot;stockstatus&quot;:&quot;instock&quot;,&quot;google_business_vertical&quot;:&quot;retail&quot;,&quot;item_category&quot;:&quot;Imbragature in canapa&quot;,&quot;id&quot;:9119,&quot;productlink&quot;:&quot;https:\\\/\\\/mariblum.de\\\/it\\\/produkt\\\/dente-di-leone-fascia-porta-bebe\\\/&quot;,&quot;item_list_name&quot;:&quot;Featured Products&quot;,&quot;index&quot;:2,&quot;product_type&quot;:&quot;variable&quot;,&quot;item_brand&quot;:&quot;&quot;}\"><\/span>\t<\/div>\n<\/div><div class=\"product-small col has-hover product type-product post-12324 status-publish instock product_cat-fascia-porta-bebe-in-canapa-imbragature product_cat-tessuti-di-canapa product_tag-canapa product_tag-colori product_tag-fascia-porta-bebe has-post-thumbnail featured shipping-taxable purchasable product-type-variable has-default-attributes\">\n\t<div class=\"col-inner\">\n\t\n<div class=\"badge-container absolute left top z-1\">\n\n<div class=\"badge callout badge-circle\"><div class=\"badge-inner callout-new-bg is-small new-bubble\">NUOVO<\/div><\/div><\/div>\n\t<div class=\"product-small box \">\n\t\t<div class=\"box-image\">\n\t\t\t<div class=\"image-fade_in_back\">\n\t\t\t\t<a href=\"https:\/\/mariblum.de\/it\/produkt\/roba-da-sogno-fascia-porta-bebesling-in-canapa\/\">\n\t\t\t\t\t<img loading=\"lazy\" decoding=\"async\" width=\"247\" height=\"247\" src=\"https:\/\/mariblum.de\/wp-content\/uploads\/2022\/05\/tragetuch-aus-hanf-stuff-of-dreams-baby-im-tragetuch-247x247.jpg\" class=\"attachment-woocommerce_thumbnail size-woocommerce_thumbnail\" alt=\"fionda-di-canapa-roba-di-sogni-bambino-in-fionda\" srcset=\"https:\/\/mariblum.de\/wp-content\/uploads\/2022\/05\/tragetuch-aus-hanf-stuff-of-dreams-baby-im-tragetuch-247x247.jpg 247w, https:\/\/mariblum.de\/wp-content\/uploads\/2022\/05\/tragetuch-aus-hanf-stuff-of-dreams-baby-im-tragetuch-100x100.jpg 100w, https:\/\/mariblum.de\/wp-content\/uploads\/2022\/05\/tragetuch-aus-hanf-stuff-of-dreams-baby-im-tragetuch-150x150.jpg 150w\" sizes=\"auto, (max-width: 247px) 100vw, 247px\" \/><img loading=\"lazy\" decoding=\"async\" width=\"247\" height=\"247\" src=\"https:\/\/mariblum.de\/wp-content\/uploads\/2022\/05\/tragetuch-aus-hanf-stuff-of-dreams-baby-im-tragetuch-richtig-binden-247x247.jpg\" class=\"show-on-hover absolute fill hide-for-small back-image\" alt=\"fionda-di-canapa-roba-di-sogni-bambino-in-fionda-legatura-corretta\" aria-hidden=\"true\" srcset=\"https:\/\/mariblum.de\/wp-content\/uploads\/2022\/05\/tragetuch-aus-hanf-stuff-of-dreams-baby-im-tragetuch-richtig-binden-247x247.jpg 247w, https:\/\/mariblum.de\/wp-content\/uploads\/2022\/05\/tragetuch-aus-hanf-stuff-of-dreams-baby-im-tragetuch-richtig-binden-100x100.jpg 100w, https:\/\/mariblum.de\/wp-content\/uploads\/2022\/05\/tragetuch-aus-hanf-stuff-of-dreams-baby-im-tragetuch-richtig-binden-150x150.jpg 150w\" sizes=\"auto, (max-width: 247px) 100vw, 247px\" \/>\t\t\t\t<\/a>\n\t\t\t<\/div>\n\t\t\t<div class=\"image-tools is-small top right show-on-hover\">\n\t\t\t\t\t\t\t<\/div>\n\t\t\t<div class=\"image-tools is-small hide-for-small bottom left show-on-hover\">\n\t\t\t\t\t\t\t<\/div>\n\t\t\t<div class=\"image-tools grid-tools text-center hide-for-small bottom hover-slide-in show-on-hover\">\n\t\t\t\t<a href=\"#quick-view\" class=\"quick-view\" role=\"button\" data-prod=\"12324\" aria-haspopup=\"dialog\" aria-expanded=\"false\" data-flatsome-role-button>Anteprima<\/a>\t\t\t<\/div>\n\t\t\t\t\t<\/div>\n\n\t\t<div class=\"box-text box-text-products text-center grid-style-2\">\n\t\t\t<div class=\"ux-swatches ux-swatches-in-loop ux-swatches--rounded ux-swatches--x-small\" role=\"radiogroup\" data-flatsome-role-radiogroup><div data-image-src=\"https:\/\/mariblum.de\/wp-content\/uploads\/2022\/05\/tragetuch-aus-hanf-stuff-of-dreams-baby-im-tragetuch-247x247.jpg\" data-image-srcset=\"https:\/\/mariblum.de\/wp-content\/uploads\/2022\/05\/tragetuch-aus-hanf-stuff-of-dreams-baby-im-tragetuch-247x247.jpg 247w, https:\/\/mariblum.de\/wp-content\/uploads\/2022\/05\/tragetuch-aus-hanf-stuff-of-dreams-baby-im-tragetuch-100x100.jpg 100w, https:\/\/mariblum.de\/wp-content\/uploads\/2022\/05\/tragetuch-aus-hanf-stuff-of-dreams-baby-im-tragetuch-150x150.jpg 150w\" data-image-sizes=\"(max-width: 247px) 100vw, 247px\" data-attribute_name=\"attribute_pa_tt-groesze\" data-value=\"tt450-it\" aria-label=\"4,50 m\" role=\"radio\" aria-checked=\"false\" tabindex=\"0\" class=\"ux-swatch ux-swatch--label\"><span class=\"ux-swatch__text\">4,50 m<\/span><\/div><div data-image-src=\"https:\/\/mariblum.de\/wp-content\/uploads\/2022\/05\/tragetuch-aus-hanf-stuff-of-dreams-baby-im-tragetuch-247x247.jpg\" data-image-srcset=\"https:\/\/mariblum.de\/wp-content\/uploads\/2022\/05\/tragetuch-aus-hanf-stuff-of-dreams-baby-im-tragetuch-247x247.jpg 247w, https:\/\/mariblum.de\/wp-content\/uploads\/2022\/05\/tragetuch-aus-hanf-stuff-of-dreams-baby-im-tragetuch-100x100.jpg 100w, https:\/\/mariblum.de\/wp-content\/uploads\/2022\/05\/tragetuch-aus-hanf-stuff-of-dreams-baby-im-tragetuch-150x150.jpg 150w\" data-image-sizes=\"(max-width: 247px) 100vw, 247px\" data-attribute_name=\"attribute_pa_tt-groesze\" data-value=\"tt500-it\" aria-label=\"5,00 m\" role=\"radio\" aria-checked=\"false\" tabindex=\"0\" class=\"ux-swatch ux-swatch--label\"><span class=\"ux-swatch__text\">5,00 m<\/span><\/div><\/div><div class=\"title-wrapper\">\t\t<p class=\"category uppercase is-smaller no-text-overflow product-cat op-8\">\n\t\t\tImbragature in canapa\t\t<\/p>\n\t<p class=\"name product-title woocommerce-loop-product__title\"><a href=\"https:\/\/mariblum.de\/it\/produkt\/roba-da-sogno-fascia-porta-bebesling-in-canapa\/\" class=\"woocommerce-LoopProduct-link woocommerce-loop-product__link\">Roba da sogno &#8211; Imbragature<\/a><\/p><\/div><div class=\"price-wrapper\">\n\t<span class=\"price\"><span class=\"woocommerce-Price-amount amount\"><bdi>229,95&nbsp;<span class=\"woocommerce-Price-currencySymbol\">&euro;<\/span><\/bdi><\/span><\/span>\n\n\n\n<\/div>\t\t<\/div>\n\t<\/div>\n\t\n<span class=\"gtm4wp_productdata\" style=\"display:none; visibility:hidden;\" data-gtm4wp_product_data=\"{&quot;internal_id&quot;:12324,&quot;item_id&quot;:12324,&quot;item_name&quot;:&quot;Roba da sogno - Imbragature&quot;,&quot;sku&quot;:12324,&quot;price&quot;:229.95,&quot;stocklevel&quot;:null,&quot;stockstatus&quot;:&quot;instock&quot;,&quot;google_business_vertical&quot;:&quot;retail&quot;,&quot;item_category&quot;:&quot;Imbragature in canapa&quot;,&quot;id&quot;:12324,&quot;productlink&quot;:&quot;https:\\\/\\\/mariblum.de\\\/it\\\/produkt\\\/roba-da-sogno-fascia-porta-bebesling-in-canapa\\\/&quot;,&quot;item_list_name&quot;:&quot;Featured Products&quot;,&quot;index&quot;:3,&quot;product_type&quot;:&quot;variable&quot;,&quot;item_brand&quot;:&quot;&quot;}\"><\/span>\t<\/div>\n<\/div><div class=\"product-small col has-hover product type-product post-9252 status-publish last instock product_cat-fascia-porta-bebe-in-canapa-imbragature product_cat-tessuti-di-canapa has-post-thumbnail featured shipping-taxable purchasable product-type-variable has-default-attributes has-product-safety-information\">\n\t<div class=\"col-inner\">\n\t\n<div class=\"badge-container absolute left top z-1\">\n\n<\/div>\n\t<div class=\"product-small box \">\n\t\t<div class=\"box-image\">\n\t\t\t<div class=\"image-fade_in_back\">\n\t\t\t\t<a href=\"https:\/\/mariblum.de\/it\/produkt\/prato-di-fiori-fascia-porta-bebe\/\">\n\t\t\t\t\t<img loading=\"lazy\" decoding=\"async\" width=\"247\" height=\"247\" src=\"https:\/\/mariblum.de\/wp-content\/uploads\/2021\/01\/Blumenwiese-Tragetuch-aus-Hanf-247x247.jpeg\" class=\"attachment-woocommerce_thumbnail size-woocommerce_thumbnail\" alt=\"Prato di Fiori - Imbragature\" srcset=\"https:\/\/mariblum.de\/wp-content\/uploads\/2021\/01\/Blumenwiese-Tragetuch-aus-Hanf-247x247.jpeg 247w, https:\/\/mariblum.de\/wp-content\/uploads\/2021\/01\/Blumenwiese-Tragetuch-aus-Hanf-100x100.jpeg 100w, https:\/\/mariblum.de\/wp-content\/uploads\/2021\/01\/Blumenwiese-Tragetuch-aus-Hanf-150x150.jpeg 150w\" sizes=\"auto, (max-width: 247px) 100vw, 247px\" \/><img loading=\"lazy\" decoding=\"async\" width=\"247\" height=\"247\" src=\"https:\/\/mariblum.de\/wp-content\/uploads\/2021\/01\/tragetuch-billig-aus-hanf-247x247.jpg\" class=\"show-on-hover absolute fill hide-for-small back-image\" alt=\"prato-di-fiori-fascia-porta-bebe-lussuoso\" aria-hidden=\"true\" srcset=\"https:\/\/mariblum.de\/wp-content\/uploads\/2021\/01\/tragetuch-billig-aus-hanf-247x247.jpg 247w, https:\/\/mariblum.de\/wp-content\/uploads\/2021\/01\/tragetuch-billig-aus-hanf-100x100.jpg 100w, https:\/\/mariblum.de\/wp-content\/uploads\/2021\/01\/tragetuch-billig-aus-hanf-150x150.jpg 150w\" sizes=\"auto, (max-width: 247px) 100vw, 247px\" \/>\t\t\t\t<\/a>\n\t\t\t<\/div>\n\t\t\t<div class=\"image-tools is-small top right show-on-hover\">\n\t\t\t\t\t\t\t<\/div>\n\t\t\t<div class=\"image-tools is-small hide-for-small bottom left show-on-hover\">\n\t\t\t\t\t\t\t<\/div>\n\t\t\t<div class=\"image-tools grid-tools text-center hide-for-small bottom hover-slide-in show-on-hover\">\n\t\t\t\t<a href=\"#quick-view\" class=\"quick-view\" role=\"button\" data-prod=\"9252\" aria-haspopup=\"dialog\" aria-expanded=\"false\" data-flatsome-role-button>Anteprima<\/a>\t\t\t<\/div>\n\t\t\t\t\t<\/div>\n\n\t\t<div class=\"box-text box-text-products text-center grid-style-2\">\n\t\t\t<div class=\"ux-swatches ux-swatches-in-loop ux-swatches--rounded ux-swatches--x-small\" role=\"radiogroup\" data-flatsome-role-radiogroup><div data-image-src=\"https:\/\/mariblum.de\/wp-content\/uploads\/2021\/01\/Blumenwiese-Tragetuch-aus-Hanf-247x247.jpeg\" data-image-srcset=\"https:\/\/mariblum.de\/wp-content\/uploads\/2021\/01\/Blumenwiese-Tragetuch-aus-Hanf-247x247.jpeg 247w, https:\/\/mariblum.de\/wp-content\/uploads\/2021\/01\/Blumenwiese-Tragetuch-aus-Hanf-100x100.jpeg 100w, https:\/\/mariblum.de\/wp-content\/uploads\/2021\/01\/Blumenwiese-Tragetuch-aus-Hanf-150x150.jpeg 150w\" data-image-sizes=\"(max-width: 247px) 100vw, 247px\" data-attribute_name=\"attribute_pa_tt-groesze\" data-value=\"tt450-it\" aria-label=\"4,50 m\" role=\"radio\" aria-checked=\"false\" tabindex=\"0\" class=\"ux-swatch ux-swatch--label\"><span class=\"ux-swatch__text\">4,50 m<\/span><\/div><div data-image-src=\"https:\/\/mariblum.de\/wp-content\/uploads\/2021\/01\/Blumenwiese-Tragetuch-aus-Hanf-247x247.jpeg\" data-image-srcset=\"https:\/\/mariblum.de\/wp-content\/uploads\/2021\/01\/Blumenwiese-Tragetuch-aus-Hanf-247x247.jpeg 247w, https:\/\/mariblum.de\/wp-content\/uploads\/2021\/01\/Blumenwiese-Tragetuch-aus-Hanf-100x100.jpeg 100w, https:\/\/mariblum.de\/wp-content\/uploads\/2021\/01\/Blumenwiese-Tragetuch-aus-Hanf-150x150.jpeg 150w\" data-image-sizes=\"(max-width: 247px) 100vw, 247px\" data-attribute_name=\"attribute_pa_tt-groesze\" data-value=\"tt500-it\" aria-label=\"5,00 m\" role=\"radio\" aria-checked=\"false\" tabindex=\"0\" class=\"ux-swatch ux-swatch--label\"><span class=\"ux-swatch__text\">5,00 m<\/span><\/div><\/div><div class=\"title-wrapper\">\t\t<p class=\"category uppercase is-smaller no-text-overflow product-cat op-8\">\n\t\t\tImbragature in canapa\t\t<\/p>\n\t<p class=\"name product-title woocommerce-loop-product__title\"><a href=\"https:\/\/mariblum.de\/it\/produkt\/prato-di-fiori-fascia-porta-bebe\/\" class=\"woocommerce-LoopProduct-link woocommerce-loop-product__link\">Prato di Fiori &#8211; Imbragature<\/a><\/p><\/div><div class=\"price-wrapper\">\n\t<span class=\"price\"><span class=\"woocommerce-Price-amount amount\"><bdi>219,95&nbsp;<span class=\"woocommerce-Price-currencySymbol\">&euro;<\/span><\/bdi><\/span> &ndash; <span class=\"woocommerce-Price-amount amount\"><bdi>229,95&nbsp;<span class=\"woocommerce-Price-currencySymbol\">&euro;<\/span><\/bdi><\/span><\/span>\n\n\n\n<\/div>\t\t<\/div>\n\t<\/div>\n\t\n<span class=\"gtm4wp_productdata\" style=\"display:none; visibility:hidden;\" data-gtm4wp_product_data=\"{&quot;internal_id&quot;:9252,&quot;item_id&quot;:9252,&quot;item_name&quot;:&quot;Prato di Fiori - Imbragature&quot;,&quot;sku&quot;:9252,&quot;price&quot;:219.95,&quot;stocklevel&quot;:null,&quot;stockstatus&quot;:&quot;instock&quot;,&quot;google_business_vertical&quot;:&quot;retail&quot;,&quot;item_category&quot;:&quot;Imbragature in canapa&quot;,&quot;id&quot;:9252,&quot;productlink&quot;:&quot;https:\\\/\\\/mariblum.de\\\/it\\\/produkt\\\/prato-di-fiori-fascia-porta-bebe\\\/&quot;,&quot;item_list_name&quot;:&quot;Featured Products&quot;,&quot;index&quot;:4,&quot;product_type&quot;:&quot;variable&quot;,&quot;item_brand&quot;:&quot;&quot;}\"><\/span>\t<\/div>\n<\/div><\/div><!-- row -->\n<\/div>\n<h2 id=\"Perche-una-fascia-ad-anelli-sottile-e-opaca-in-canapa-e-ideale\">Perch\u00e9 una fascia ad anelli sottile e opaca in canapa \u00e8 ideale<\/h2>\n<p> <img loading=\"lazy\" decoding=\"async\" class=\"alignnone size-full\" src=\"https:\/\/mariblum.de\/wp-content\/uploads\/2024\/03\/Alina_Kossek-buntes-tragetuch.jpg\" alt=\"Fascia ad anelli opaca in canapa\" width=\"6000\" height=\"8000\" \/><\/p>\n<p><strong>Leggera e Traspirante:<\/strong> <\/p>\n<p align=\"justify\">Una fascia ad anelli sottile in canapa \u00e8 ideale perch\u00e9 \u00e8 leggera e favorisce la circolazione dell&#8217;aria, il che \u00e8 pi\u00f9 confortevole sia per la madre sia per il bambino, specialmente nei giorni caldi. Il tessuto di canapa \u00e8 naturalmente traspirante e impedisce l&#8217;accumulo di calore durante l&#8217;allattamento.<\/p>\n<p><strong>Opacit\u00e0:<\/strong> <\/p>\n<p align=\"justify\">Nonostante la sua leggerezza, il tessuto in canapa offre un&#8217;opacit\u00e0 eccellente, offrendo alla madre che allatta un ulteriore senso di privacy mentre il bambino si nutre.<\/p>\n<p><strong>Sostenibilit\u00e0 e Durabilit\u00e0:<\/strong> <\/p>\n<p align=\"justify\">La canapa \u00e8 un materiale ecologico che richiede poca acqua per la coltivazione e nessun pesticida chimico. \u00c8 anche estremamente durevole e diventa pi\u00f9 morbido ad ogni lavaggio senza perdere la forma o la funzionalit\u00e0.<\/p>\n<p><strong>Struttura di Supporto:<\/strong> <\/p>\n<p align=\"justify\">Nonostante la sua sottigliezza, una fascia in canapa offre sufficiente supporto e struttura per il bambino. Ci\u00f2 garantisce una posizione di allattamento comoda che \u00e8 anche ergonomicamente corretta, a beneficio della schiena della madre e del bambino.<\/p>\n\n  \n    <div class=\"row large-columns-3 medium-columns-1 small-columns-1 slider row-slider slider-nav-reveal slider-nav-push\"  data-flickity-options='{&quot;imagesLoaded&quot;: true, &quot;groupCells&quot;: &quot;100%&quot;, &quot;dragThreshold&quot; : 5, &quot;cellAlign&quot;: &quot;left&quot;,&quot;wrapAround&quot;: true,&quot;prevNextButtons&quot;: true,&quot;percentPosition&quot;: true,&quot;pageDots&quot;: false, &quot;rightToLeft&quot;: false, &quot;autoPlay&quot; : false}' >\n\n  <div class=\"col post-item\" >\n\t\t\t<div class=\"col-inner\">\n\t\t\t\t<div class=\"box box-normal box-text-bottom box-blog-post has-hover\">\n            \t\t\t\t\t<div class=\"box-image\" >\n  \t\t\t\t\t\t<div class=\"image-cover\" style=\"padding-top:56.25%;\">\n\t\t\t\t\t\t\t<a href=\"https:\/\/mariblum.de\/it\/fascia-porta-bebe-invece-del-passeggino-i-vantaggi-sorprendenti-nella-vita-quotidiana\/\" class=\"plain\" aria-label=\"Fascia porta beb\u00e8 invece del passeggino \u2013 I vantaggi sorprendenti nella vita quotidiana\">\n\t\t\t\t\t\t\t\t<img loading=\"lazy\" decoding=\"async\" width=\"225\" height=\"300\" src=\"https:\/\/mariblum.de\/wp-content\/uploads\/2023\/04\/Lavendel-Ring-Sling-aus-Hanf-225x300.jpeg\" class=\"attachment-medium size-medium wp-post-image\" alt=\"\" srcset=\"https:\/\/mariblum.de\/wp-content\/uploads\/2023\/04\/Lavendel-Ring-Sling-aus-Hanf-225x300.jpeg 225w, https:\/\/mariblum.de\/wp-content\/uploads\/2023\/04\/Lavendel-Ring-Sling-aus-Hanf-510x680.jpeg 510w, https:\/\/mariblum.de\/wp-content\/uploads\/2023\/04\/Lavendel-Ring-Sling-aus-Hanf.jpeg 600w\" sizes=\"auto, (max-width: 225px) 100vw, 225px\" \/>\t\t\t\t\t\t\t<\/a>\n  \t\t\t\t\t\t\t  \t\t\t\t\t\t\t  \t\t\t\t\t\t<\/div>\n  \t\t\t\t\t\t  \t\t\t\t\t<\/div>\n          \t\t\t\t\t<div class=\"box-text text-center\" >\n\t\t\t\t\t<div class=\"box-text-inner blog-post-inner\">\n\n\t\t\t\t\t\n\t\t\t\t\t\t\t\t\t\t<h5 class=\"post-title is-large \">\n\t\t\t\t\t\t<a href=\"https:\/\/mariblum.de\/it\/fascia-porta-bebe-invece-del-passeggino-i-vantaggi-sorprendenti-nella-vita-quotidiana\/\" class=\"plain\">Fascia porta beb\u00e8 invece del passeggino \u2013 I vantaggi sorprendenti nella vita quotidiana<\/a>\n\t\t\t\t\t<\/h5>\n\t\t\t\t\t\t\t\t\t\t<div class=\"is-divider\"><\/div>\n\t\t\t\t\t\t\t\t\t\t<p class=\"from_the_blog_excerpt \">\n\t\t\t\t\t\tI passeggini sono considerati un must-have per i neo-genitori \u2013 ma cosa succede se ne [...]\t\t\t\t\t<\/p>\n\t\t\t\t\t                    \n\t\t\t\t\t\n\t\t\t\t\t\n\t\t\t\t\t<\/div>\n\t\t\t\t\t<\/div>\n\t\t\t\t\t\t\t\t\t\t\t\t\t\t\t\t<div class=\"badge absolute top post-date badge-outline\">\n\t\t\t\t\t\t\t<div class=\"badge-inner\">\n\t\t\t\t\t\t\t\t<span class=\"post-date-day\">02<\/span><br>\n\t\t\t\t\t\t\t\t<span class=\"post-date-month is-xsmall\">Apr<\/span>\n\t\t\t\t\t\t\t<\/div>\n\t\t\t\t\t\t<\/div>\n\t\t\t\t\t\t\t\t\t<\/div>\n\t\t\t<\/div>\n\t\t<\/div><div class=\"col post-item\" >\n\t\t\t<div class=\"col-inner\">\n\t\t\t\t<div class=\"box box-normal box-text-bottom box-blog-post has-hover\">\n            \t\t\t\t\t<div class=\"box-image\" >\n  \t\t\t\t\t\t<div class=\"image-cover\" style=\"padding-top:56.25%;\">\n\t\t\t\t\t\t\t<a href=\"https:\/\/mariblum.de\/it\/babywearing-senza-mal-di-schiena-5-errori-comuni-e-come-evitarli\/\" class=\"plain\" aria-label=\"Babywearing senza mal di schiena \u2013 5 errori comuni e come evitarli\">\n\t\t\t\t\t\t\t\t<img loading=\"lazy\" decoding=\"async\" width=\"225\" height=\"300\" src=\"https:\/\/mariblum.de\/wp-content\/uploads\/2025\/04\/Baby-Tragetuch-aus-Hanf-Zauberwald-225x300.jpeg\" class=\"attachment-medium size-medium wp-post-image\" alt=\"\" srcset=\"https:\/\/mariblum.de\/wp-content\/uploads\/2025\/04\/Baby-Tragetuch-aus-Hanf-Zauberwald-225x300.jpeg 225w, https:\/\/mariblum.de\/wp-content\/uploads\/2025\/04\/Baby-Tragetuch-aus-Hanf-Zauberwald-510x680.jpeg 510w, https:\/\/mariblum.de\/wp-content\/uploads\/2025\/04\/Baby-Tragetuch-aus-Hanf-Zauberwald.jpeg 600w\" sizes=\"auto, (max-width: 225px) 100vw, 225px\" \/>\t\t\t\t\t\t\t<\/a>\n  \t\t\t\t\t\t\t  \t\t\t\t\t\t\t  \t\t\t\t\t\t<\/div>\n  \t\t\t\t\t\t  \t\t\t\t\t<\/div>\n          \t\t\t\t\t<div class=\"box-text text-center\" >\n\t\t\t\t\t<div class=\"box-text-inner blog-post-inner\">\n\n\t\t\t\t\t\n\t\t\t\t\t\t\t\t\t\t<h5 class=\"post-title is-large \">\n\t\t\t\t\t\t<a href=\"https:\/\/mariblum.de\/it\/babywearing-senza-mal-di-schiena-5-errori-comuni-e-come-evitarli\/\" class=\"plain\">Babywearing senza mal di schiena \u2013 5 errori comuni e come evitarli<\/a>\n\t\t\t\t\t<\/h5>\n\t\t\t\t\t\t\t\t\t\t<div class=\"is-divider\"><\/div>\n\t\t\t\t\t\t\t\t\t\t<p class=\"from_the_blog_excerpt \">\n\t\t\t\t\t\tPortare il tuo bambino non dovrebbe mai essere doloroso \u2013 anzi, pu\u00f2 essere uno dei [...]\t\t\t\t\t<\/p>\n\t\t\t\t\t                    \n\t\t\t\t\t\n\t\t\t\t\t\n\t\t\t\t\t<\/div>\n\t\t\t\t\t<\/div>\n\t\t\t\t\t\t\t\t\t\t\t\t\t\t\t\t<div class=\"badge absolute top post-date badge-outline\">\n\t\t\t\t\t\t\t<div class=\"badge-inner\">\n\t\t\t\t\t\t\t\t<span class=\"post-date-day\">14<\/span><br>\n\t\t\t\t\t\t\t\t<span class=\"post-date-month is-xsmall\">Nov<\/span>\n\t\t\t\t\t\t\t<\/div>\n\t\t\t\t\t\t<\/div>\n\t\t\t\t\t\t\t\t\t<\/div>\n\t\t\t<\/div>\n\t\t<\/div><div class=\"col post-item\" >\n\t\t\t<div class=\"col-inner\">\n\t\t\t\t<div class=\"box box-normal box-text-bottom box-blog-post has-hover\">\n            \t\t\t\t\t<div class=\"box-image\" >\n  \t\t\t\t\t\t<div class=\"image-cover\" style=\"padding-top:56.25%;\">\n\t\t\t\t\t\t\t<a href=\"https:\/\/mariblum.de\/it\/portare-i-bambini-in-inverno-7-miti-verita-sincere-e-piccoli-svantaggi\/\" class=\"plain\" aria-label=\"Portare i bambini in inverno: 7 miti, verit\u00e0 sincere e piccoli svantaggi\">\n\t\t\t\t\t\t\t\t<img loading=\"lazy\" decoding=\"async\" width=\"200\" height=\"300\" src=\"https:\/\/mariblum.de\/wp-content\/uploads\/2019\/10\/kornblume-ring-sling-aus-hanf-gefaltet-200x300.png\" class=\"attachment-medium size-medium wp-post-image\" alt=\"kornblume-ring-sling-aus-hanf-trageberatung-richtig-gebunden\" srcset=\"https:\/\/mariblum.de\/wp-content\/uploads\/2019\/10\/kornblume-ring-sling-aus-hanf-gefaltet-200x300.png 200w, https:\/\/mariblum.de\/wp-content\/uploads\/2019\/10\/kornblume-ring-sling-aus-hanf-gefaltet-510x765.png 510w, https:\/\/mariblum.de\/wp-content\/uploads\/2019\/10\/kornblume-ring-sling-aus-hanf-gefaltet.png 533w\" sizes=\"auto, (max-width: 200px) 100vw, 200px\" \/>\t\t\t\t\t\t\t<\/a>\n  \t\t\t\t\t\t\t  \t\t\t\t\t\t\t  \t\t\t\t\t\t<\/div>\n  \t\t\t\t\t\t  \t\t\t\t\t<\/div>\n          \t\t\t\t\t<div class=\"box-text text-center\" >\n\t\t\t\t\t<div class=\"box-text-inner blog-post-inner\">\n\n\t\t\t\t\t\n\t\t\t\t\t\t\t\t\t\t<h5 class=\"post-title is-large \">\n\t\t\t\t\t\t<a href=\"https:\/\/mariblum.de\/it\/portare-i-bambini-in-inverno-7-miti-verita-sincere-e-piccoli-svantaggi\/\" class=\"plain\">Portare i bambini in inverno: 7 miti, verit\u00e0 sincere e piccoli svantaggi<\/a>\n\t\t\t\t\t<\/h5>\n\t\t\t\t\t\t\t\t\t\t<div class=\"is-divider\"><\/div>\n\t\t\t\t\t\t\t\t\t\t<p class=\"from_the_blog_excerpt \">\n\t\t\t\t\t\tQuando le giornate si accorciano e il freddo comincia a farsi sentire, molte mamme si [...]\t\t\t\t\t<\/p>\n\t\t\t\t\t                    \n\t\t\t\t\t\n\t\t\t\t\t\n\t\t\t\t\t<\/div>\n\t\t\t\t\t<\/div>\n\t\t\t\t\t\t\t\t\t\t\t\t\t\t\t\t<div class=\"badge absolute top post-date badge-outline\">\n\t\t\t\t\t\t\t<div class=\"badge-inner\">\n\t\t\t\t\t\t\t\t<span class=\"post-date-day\">07<\/span><br>\n\t\t\t\t\t\t\t\t<span class=\"post-date-month is-xsmall\">Nov<\/span>\n\t\t\t\t\t\t\t<\/div>\n\t\t\t\t\t\t<\/div>\n\t\t\t\t\t\t\t\t\t<\/div>\n\t\t\t<\/div>\n\t\t<\/div><div class=\"col post-item\" >\n\t\t\t<div class=\"col-inner\">\n\t\t\t\t<div class=\"box box-normal box-text-bottom box-blog-post has-hover\">\n            \t\t\t\t\t<div class=\"box-image\" >\n  \t\t\t\t\t\t<div class=\"image-cover\" style=\"padding-top:56.25%;\">\n\t\t\t\t\t\t\t<a href=\"https:\/\/mariblum.de\/it\/guida-ai-materiali-per-fasce-e-ring-sling-in-autunno\/\" class=\"plain\" aria-label=\"Guida ai materiali per fasce e ring sling in autunno\">\n\t\t\t\t\t\t\t\t<img loading=\"lazy\" decoding=\"async\" width=\"225\" height=\"300\" src=\"https:\/\/mariblum.de\/wp-content\/uploads\/2023\/04\/Ring-Sling-aus-Hanf-Lavendelfeld-225x300.jpeg\" class=\"attachment-medium size-medium wp-post-image\" alt=\"\" srcset=\"https:\/\/mariblum.de\/wp-content\/uploads\/2023\/04\/Ring-Sling-aus-Hanf-Lavendelfeld-225x300.jpeg 225w, https:\/\/mariblum.de\/wp-content\/uploads\/2023\/04\/Ring-Sling-aus-Hanf-Lavendelfeld-510x680.jpeg 510w, https:\/\/mariblum.de\/wp-content\/uploads\/2023\/04\/Ring-Sling-aus-Hanf-Lavendelfeld.jpeg 600w\" sizes=\"auto, (max-width: 225px) 100vw, 225px\" \/>\t\t\t\t\t\t\t<\/a>\n  \t\t\t\t\t\t\t  \t\t\t\t\t\t\t  \t\t\t\t\t\t<\/div>\n  \t\t\t\t\t\t  \t\t\t\t\t<\/div>\n          \t\t\t\t\t<div class=\"box-text text-center\" >\n\t\t\t\t\t<div class=\"box-text-inner blog-post-inner\">\n\n\t\t\t\t\t\n\t\t\t\t\t\t\t\t\t\t<h5 class=\"post-title is-large \">\n\t\t\t\t\t\t<a href=\"https:\/\/mariblum.de\/it\/guida-ai-materiali-per-fasce-e-ring-sling-in-autunno\/\" class=\"plain\">Guida ai materiali per fasce e ring sling in autunno<\/a>\n\t\t\t\t\t<\/h5>\n\t\t\t\t\t\t\t\t\t\t<div class=\"is-divider\"><\/div>\n\t\t\t\t\t\t\t\t\t\t<p class=\"from_the_blog_excerpt \">\n\t\t\t\t\t\tL\u2019autunno \u00e8 alle porte, con giornate pi\u00f9 fresche che ci invitano a vestirci in modo [...]\t\t\t\t\t<\/p>\n\t\t\t\t\t                    \n\t\t\t\t\t\n\t\t\t\t\t\n\t\t\t\t\t<\/div>\n\t\t\t\t\t<\/div>\n\t\t\t\t\t\t\t\t\t\t\t\t\t\t\t\t<div class=\"badge absolute top post-date badge-outline\">\n\t\t\t\t\t\t\t<div class=\"badge-inner\">\n\t\t\t\t\t\t\t\t<span class=\"post-date-day\">03<\/span><br>\n\t\t\t\t\t\t\t\t<span class=\"post-date-month is-xsmall\">Nov<\/span>\n\t\t\t\t\t\t\t<\/div>\n\t\t\t\t\t\t<\/div>\n\t\t\t\t\t\t\t\t\t<\/div>\n\t\t\t<\/div>\n\t\t<\/div><div class=\"col post-item\" >\n\t\t\t<div class=\"col-inner\">\n\t\t\t\t<div class=\"box box-normal box-text-bottom box-blog-post has-hover\">\n            \t\t\t\t\t<div class=\"box-image\" >\n  \t\t\t\t\t\t<div class=\"image-cover\" style=\"padding-top:56.25%;\">\n\t\t\t\t\t\t\t<a href=\"https:\/\/mariblum.de\/it\/scegliere-la-prima-fascia-materiali-taglia-ergonomia-guida-per-iniziare-a-fasciare-e-usare-il-ring-sling\/\" class=\"plain\" aria-label=\"Scegliere la prima fascia: materiali, taglia &#038; ergonomia \u2014 Guida per iniziare a fasciare e usare il ring sling\">\n\t\t\t\t\t\t\t\t<img loading=\"lazy\" decoding=\"async\" width=\"225\" height=\"300\" src=\"https:\/\/mariblum.de\/wp-content\/uploads\/2025\/03\/Dark-Forest-Tragetuch-aus-Hanf-225x300.jpg\" class=\"attachment-medium size-medium wp-post-image\" alt=\"\" srcset=\"https:\/\/mariblum.de\/wp-content\/uploads\/2025\/03\/Dark-Forest-Tragetuch-aus-Hanf-225x300.jpg 225w, https:\/\/mariblum.de\/wp-content\/uploads\/2025\/03\/Dark-Forest-Tragetuch-aus-Hanf.jpg 450w\" sizes=\"auto, (max-width: 225px) 100vw, 225px\" \/>\t\t\t\t\t\t\t<\/a>\n  \t\t\t\t\t\t\t  \t\t\t\t\t\t\t  \t\t\t\t\t\t<\/div>\n  \t\t\t\t\t\t  \t\t\t\t\t<\/div>\n          \t\t\t\t\t<div class=\"box-text text-center\" >\n\t\t\t\t\t<div class=\"box-text-inner blog-post-inner\">\n\n\t\t\t\t\t\n\t\t\t\t\t\t\t\t\t\t<h5 class=\"post-title is-large \">\n\t\t\t\t\t\t<a href=\"https:\/\/mariblum.de\/it\/scegliere-la-prima-fascia-materiali-taglia-ergonomia-guida-per-iniziare-a-fasciare-e-usare-il-ring-sling\/\" class=\"plain\">Scegliere la prima fascia: materiali, taglia &#038; ergonomia \u2014 Guida per iniziare a fasciare e usare il ring sling<\/a>\n\t\t\t\t\t<\/h5>\n\t\t\t\t\t\t\t\t\t\t<div class=\"is-divider\"><\/div>\n\t\t\t\t\t\t\t\t\t\t<p class=\"from_the_blog_excerpt \">\n\t\t\t\t\t\tScegliere la tua prima fascia o un ring sling pu\u00f2 sembrare travolgente. Con qualche riferimento [...]\t\t\t\t\t<\/p>\n\t\t\t\t\t                    \n\t\t\t\t\t\n\t\t\t\t\t\n\t\t\t\t\t<\/div>\n\t\t\t\t\t<\/div>\n\t\t\t\t\t\t\t\t\t\t\t\t\t\t\t\t<div class=\"badge absolute top post-date badge-outline\">\n\t\t\t\t\t\t\t<div class=\"badge-inner\">\n\t\t\t\t\t\t\t\t<span class=\"post-date-day\">24<\/span><br>\n\t\t\t\t\t\t\t\t<span class=\"post-date-month is-xsmall\">Ott<\/span>\n\t\t\t\t\t\t\t<\/div>\n\t\t\t\t\t\t<\/div>\n\t\t\t\t\t\t\t\t\t<\/div>\n\t\t\t<\/div>\n\t\t<\/div><div class=\"col post-item\" >\n\t\t\t<div class=\"col-inner\">\n\t\t\t\t<div class=\"box box-normal box-text-bottom box-blog-post has-hover\">\n            \t\t\t\t\t<div class=\"box-image\" >\n  \t\t\t\t\t\t<div class=\"image-cover\" style=\"padding-top:56.25%;\">\n\t\t\t\t\t\t\t<a href=\"https:\/\/mariblum.de\/it\/portare-i-bambini-e-fratelli-consigli-sensibili-per-le-giovani-mamme\/\" class=\"plain\" aria-label=\"Portare i bambini e fratelli: consigli sensibili per le giovani mamme\">\n\t\t\t\t\t\t\t\t<img loading=\"lazy\" decoding=\"async\" width=\"225\" height=\"300\" src=\"https:\/\/mariblum.de\/wp-content\/uploads\/2025\/04\/Baby-Tragetuch-aus-Hanf-Zauberwald-225x300.jpeg\" class=\"attachment-medium size-medium wp-post-image\" alt=\"\" srcset=\"https:\/\/mariblum.de\/wp-content\/uploads\/2025\/04\/Baby-Tragetuch-aus-Hanf-Zauberwald-225x300.jpeg 225w, https:\/\/mariblum.de\/wp-content\/uploads\/2025\/04\/Baby-Tragetuch-aus-Hanf-Zauberwald-510x680.jpeg 510w, https:\/\/mariblum.de\/wp-content\/uploads\/2025\/04\/Baby-Tragetuch-aus-Hanf-Zauberwald.jpeg 600w\" sizes=\"auto, (max-width: 225px) 100vw, 225px\" \/>\t\t\t\t\t\t\t<\/a>\n  \t\t\t\t\t\t\t  \t\t\t\t\t\t\t  \t\t\t\t\t\t<\/div>\n  \t\t\t\t\t\t  \t\t\t\t\t<\/div>\n          \t\t\t\t\t<div class=\"box-text text-center\" >\n\t\t\t\t\t<div class=\"box-text-inner blog-post-inner\">\n\n\t\t\t\t\t\n\t\t\t\t\t\t\t\t\t\t<h5 class=\"post-title is-large \">\n\t\t\t\t\t\t<a href=\"https:\/\/mariblum.de\/it\/portare-i-bambini-e-fratelli-consigli-sensibili-per-le-giovani-mamme\/\" class=\"plain\">Portare i bambini e fratelli: consigli sensibili per le giovani mamme<\/a>\n\t\t\t\t\t<\/h5>\n\t\t\t\t\t\t\t\t\t\t<div class=\"is-divider\"><\/div>\n\t\t\t\t\t\t\t\t\t\t<p class=\"from_the_blog_excerpt \">\n\t\t\t\t\t\tLa vita da neo-mamma porta con s\u00e9 molte sfide \u2014 e innumerevoli piccole gioie. Uno [...]\t\t\t\t\t<\/p>\n\t\t\t\t\t                    \n\t\t\t\t\t\n\t\t\t\t\t\n\t\t\t\t\t<\/div>\n\t\t\t\t\t<\/div>\n\t\t\t\t\t\t\t\t\t\t\t\t\t\t\t\t<div class=\"badge absolute top post-date badge-outline\">\n\t\t\t\t\t\t\t<div class=\"badge-inner\">\n\t\t\t\t\t\t\t\t<span class=\"post-date-day\">17<\/span><br>\n\t\t\t\t\t\t\t\t<span class=\"post-date-month is-xsmall\">Ott<\/span>\n\t\t\t\t\t\t\t<\/div>\n\t\t\t\t\t\t<\/div>\n\t\t\t\t\t\t\t\t\t<\/div>\n\t\t\t<\/div>\n\t\t<\/div><div class=\"col post-item\" >\n\t\t\t<div class=\"col-inner\">\n\t\t\t\t<div class=\"box box-normal box-text-bottom box-blog-post has-hover\">\n            \t\t\t\t\t<div class=\"box-image\" >\n  \t\t\t\t\t\t<div class=\"image-cover\" style=\"padding-top:56.25%;\">\n\t\t\t\t\t\t\t<a href=\"https:\/\/mariblum.de\/it\/passeggiate-autunnali-con-ring-sling-flessibile-vicino-sicuro-luoghi-top-consigli-checklist\/\" class=\"plain\" aria-label=\"Passeggiate autunnali con ring sling: flessibile, vicino &#038; sicuro \u2014 luoghi top, consigli &#038; checklist\">\n\t\t\t\t\t\t\t\t<img loading=\"lazy\" decoding=\"async\" width=\"225\" height=\"300\" src=\"https:\/\/mariblum.de\/wp-content\/uploads\/2025\/04\/Baumwolle-Baby-Tragetuch_Elefantenmotiv-weiss-blau-225x300.jpg\" class=\"attachment-medium size-medium wp-post-image\" alt=\"\" srcset=\"https:\/\/mariblum.de\/wp-content\/uploads\/2025\/04\/Baumwolle-Baby-Tragetuch_Elefantenmotiv-weiss-blau-225x300.jpg 225w, https:\/\/mariblum.de\/wp-content\/uploads\/2025\/04\/Baumwolle-Baby-Tragetuch_Elefantenmotiv-weiss-blau-510x680.jpg 510w, https:\/\/mariblum.de\/wp-content\/uploads\/2025\/04\/Baumwolle-Baby-Tragetuch_Elefantenmotiv-weiss-blau.jpg 600w\" sizes=\"auto, (max-width: 225px) 100vw, 225px\" \/>\t\t\t\t\t\t\t<\/a>\n  \t\t\t\t\t\t\t  \t\t\t\t\t\t\t  \t\t\t\t\t\t<\/div>\n  \t\t\t\t\t\t  \t\t\t\t\t<\/div>\n          \t\t\t\t\t<div class=\"box-text text-center\" >\n\t\t\t\t\t<div class=\"box-text-inner blog-post-inner\">\n\n\t\t\t\t\t\n\t\t\t\t\t\t\t\t\t\t<h5 class=\"post-title is-large \">\n\t\t\t\t\t\t<a href=\"https:\/\/mariblum.de\/it\/passeggiate-autunnali-con-ring-sling-flessibile-vicino-sicuro-luoghi-top-consigli-checklist\/\" class=\"plain\">Passeggiate autunnali con ring sling: flessibile, vicino &#038; sicuro \u2014 luoghi top, consigli &#038; checklist<\/a>\n\t\t\t\t\t<\/h5>\n\t\t\t\t\t\t\t\t\t\t<div class=\"is-divider\"><\/div>\n\t\t\t\t\t\t\t\t\t\t<p class=\"from_the_blog_excerpt \">\n\t\t\t\t\t\tL\u2019autunno \u00e8 una stagione magica: le foglie brillano di colori caldi e l\u2019aria \u00e8 fresca [...]\t\t\t\t\t<\/p>\n\t\t\t\t\t                    \n\t\t\t\t\t\n\t\t\t\t\t\n\t\t\t\t\t<\/div>\n\t\t\t\t\t<\/div>\n\t\t\t\t\t\t\t\t\t\t\t\t\t\t\t\t<div class=\"badge absolute top post-date badge-outline\">\n\t\t\t\t\t\t\t<div class=\"badge-inner\">\n\t\t\t\t\t\t\t\t<span class=\"post-date-day\">10<\/span><br>\n\t\t\t\t\t\t\t\t<span class=\"post-date-month is-xsmall\">Ott<\/span>\n\t\t\t\t\t\t\t<\/div>\n\t\t\t\t\t\t<\/div>\n\t\t\t\t\t\t\t\t\t<\/div>\n\t\t\t<\/div>\n\t\t<\/div><div class=\"col post-item\" >\n\t\t\t<div class=\"col-inner\">\n\t\t\t\t<div class=\"box box-normal box-text-bottom box-blog-post has-hover\">\n            \t\t\t\t\t<div class=\"box-image\" >\n  \t\t\t\t\t\t<div class=\"image-cover\" style=\"padding-top:56.25%;\">\n\t\t\t\t\t\t\t<a href=\"https:\/\/mariblum.de\/it\/come-vestirsi-e-vestire-il-bambino-quando-lo-si-porta-in-braccio\/\" class=\"plain\" aria-label=\"Come vestirsi e vestire il bambino quando lo si porta in braccio\">\n\t\t\t\t\t\t\t\t<img loading=\"lazy\" decoding=\"async\" width=\"193\" height=\"300\" src=\"https:\/\/mariblum.de\/wp-content\/uploads\/2019\/02\/Olive_Ring-Sling_detail-scaled-e1576770252650-193x300.jpg\" class=\"attachment-medium size-medium wp-post-image\" alt=\"oliva-ring-sling-verde-in-canapa\" srcset=\"https:\/\/mariblum.de\/wp-content\/uploads\/2019\/02\/Olive_Ring-Sling_detail-scaled-e1576770252650-193x300.jpg 193w, https:\/\/mariblum.de\/wp-content\/uploads\/2019\/02\/Olive_Ring-Sling_detail-scaled-e1576770252650-510x794.jpg 510w, https:\/\/mariblum.de\/wp-content\/uploads\/2019\/02\/Olive_Ring-Sling_detail-scaled-e1576770252650.jpg 514w\" sizes=\"auto, (max-width: 193px) 100vw, 193px\" \/>\t\t\t\t\t\t\t<\/a>\n  \t\t\t\t\t\t\t  \t\t\t\t\t\t\t  \t\t\t\t\t\t<\/div>\n  \t\t\t\t\t\t  \t\t\t\t\t<\/div>\n          \t\t\t\t\t<div class=\"box-text text-center\" >\n\t\t\t\t\t<div class=\"box-text-inner blog-post-inner\">\n\n\t\t\t\t\t\n\t\t\t\t\t\t\t\t\t\t<h5 class=\"post-title is-large \">\n\t\t\t\t\t\t<a href=\"https:\/\/mariblum.de\/it\/come-vestirsi-e-vestire-il-bambino-quando-lo-si-porta-in-braccio\/\" class=\"plain\">Come vestirsi e vestire il bambino quando lo si porta in braccio<\/a>\n\t\t\t\t\t<\/h5>\n\t\t\t\t\t\t\t\t\t\t<div class=\"is-divider\"><\/div>\n\t\t\t\t\t\t\t\t\t\t<p class=\"from_the_blog_excerpt \">\n\t\t\t\t\t\tLa vita da neo-mamma \u00e8 piena di nuove sfide \u2014 e di splendidi momenti condivisi. [...]\t\t\t\t\t<\/p>\n\t\t\t\t\t                    \n\t\t\t\t\t\n\t\t\t\t\t\n\t\t\t\t\t<\/div>\n\t\t\t\t\t<\/div>\n\t\t\t\t\t\t\t\t\t\t\t\t\t\t\t\t<div class=\"badge absolute top post-date badge-outline\">\n\t\t\t\t\t\t\t<div class=\"badge-inner\">\n\t\t\t\t\t\t\t\t<span class=\"post-date-day\">26<\/span><br>\n\t\t\t\t\t\t\t\t<span class=\"post-date-month is-xsmall\">Set<\/span>\n\t\t\t\t\t\t\t<\/div>\n\t\t\t\t\t\t<\/div>\n\t\t\t\t\t\t\t\t\t<\/div>\n\t\t\t<\/div>\n\t\t<\/div><\/div>\n<h2 id=\"Consigli-per-allattare-con-una-fascia-ad-anelli\">Consigli per allattare con una fascia ad anelli<\/h2>\n<p> <img loading=\"lazy\" decoding=\"async\" class=\"alignnone size-full\" src=\"https:\/\/mariblum.de\/wp-content\/uploads\/2023\/05\/ring-sling-blau-herz-aus-hanf.jpg\" alt=\"Allattamento con una fascia ad anelli\" width=\"6000\" height=\"8000\" \/><\/p>\n<p><strong>Posizionamento:<\/strong> <\/p>\n<p align=\"justify\">Assicurati che il tuo bambino sia in una posizione leggermente verticale in modo che possa bere comodamente e in sicurezza. La posizione a &#8220;M&#8221; dovrebbe essere mantenuta per garantire l&#8217;ergonomia.<\/p>\n<p><strong>Aggiustamento:<\/strong> <\/p>\n<p align=\"justify\">Usa gli anelli della fascia per stringere o allentare il tessuto in modo che il tuo bambino sia sostenuto in maniera ottimale pur avendo abbastanza libert\u00e0 di movimento.<\/p>\n<p><strong>Osservazione:<\/strong> <\/p>\n<p align=\"justify\">Durante l&#8217;allattamento, assicurati sempre di avere una buona visuale sul volto del tuo bambino per assicurarti che le vie respiratorie siano libere.<\/p>\n<p align=\"justify\">Una fascia ad anelli in canapa \u00e8 un eccellente investimento per le madri che allattano e cercano un supporto confortevole, discreto e sostenibile per l&#8217;allattamento. Che tu sia a casa o in movimento, la fascia ad anelli semplifica la vita quotidiana e favorisce una relazione di allattamento rilassata e intima tra te e il tuo bambino.<\/p>\n<h2 id=\"come-annodare-una-fascia-ad-anelli-per-allattare\">Come annodare una fascia ad anelli per allattare<\/h2>\n\t<div id=\"gap-1455369583\" class=\"gap-element clearfix\" style=\"display:block; height:auto;\">\n\t\t\n<style>\n#gap-1455369583 {\n  padding-top: 30px;\n}\n<\/style>\n\t<\/div>\n\t\r\n\r\n<!-- wp:yoast\/how-to-block {\"hasDuration\":true,\"minutes\":\"1\",\"jsonDescription\":\"Legare un ring sling \u00e8 semplice una volta che impari la tecnica. Ecco una guida passo-passo per la tecnica pi\u00f9 comune, perfetta per l'uso quotidiano in casa:\",\"steps\":[{\"id\":\"how-to-step-1731585974199\",\"name\":[\"Prepara il Tessuto:\"],\"text\":[\"Posiziona il ring sling su una spalla in modo che gli anelli si trovino sul lato opposto del petto.\"],\"jsonName\":\"Prepara il Tessuto:\",\"jsonText\":\"Posiziona il ring sling su una spalla in modo che gli anelli si trovino sul lato opposto del petto.\"},{\"id\":\"how-to-step-1731586058018\",\"name\":[\"Fai Passare il Tessuto negli Anelli\"],\"text\":[\"Inserisci l\u2019estremit\u00e0 del tessuto attraverso entrambi gli anelli, poi ripiegalo e fallo passare attraverso un solo anello, creando una \\u0022fibbia\\u0022.\"],\"jsonName\":\"Fai Passare il Tessuto negli Anelli\",\"jsonText\":\"Inserisci l\u2019estremit\u00e0 del tessuto attraverso entrambi gli anelli, poi ripiegalo e fallo passare attraverso un solo anello, creando una \\u0022fibbia\\u0022.\"},{\"id\":\"how-to-step-1731586058834\",\"name\":[\"Posiziona il Bambino nel Supporto\"],\"text\":[\"Metti il bambino sul fianco opposto (il lato senza anelli) e stendi il tessuto sulla sua schiena.\"],\"jsonName\":\"Posiziona il Bambino nel Supporto\",\"jsonText\":\"Metti il bambino sul fianco opposto (il lato senza anelli) e stendi il tessuto sulla sua schiena.\"},{\"id\":\"how-to-step-1731586059568\",\"name\":[\"Regola la Posizione e la Vestibilit\u00e0\"],\"text\":[\"Tira il tessuto per assicurarti che il bambino sia seduto comodamente e in sicurezza. Il suo viso deve sempre essere visibile, e deve essere tenuto vicino al corpo senza risultare costretto.\"],\"jsonName\":\"Regola la Posizione e la Vestibilit\u00e0\",\"jsonText\":\"Tira il tessuto per assicurarti che il bambino sia seduto comodamente e in sicurezza. Il suo viso deve sempre essere visibile, e deve essere tenuto vicino al corpo senza risultare costretto.\"},{\"id\":\"how-to-step-1731586060551\",\"name\":[\"Controlla la Tensione\"],\"text\":[\"Assicurati che il tessuto sia abbastanza stretto per supportare il bambino ma non cos\u00ec stretto da limitare la sua respirazione o il suo comfort. Ottenere la giusta regolazione \u00e8 essenziale per un portare sicuro e comodo. Dedica qualche minuto per sistemare il ring sling correttamente prima di passare alle tue attivit\u00e0.\"],\"jsonName\":\"Controlla la Tensione\",\"jsonText\":\"Assicurati che il tessuto sia abbastanza stretto per supportare il bambino ma non cos\u00ec stretto da limitare la sua respirazione o il suo comfort. Ottenere la giusta regolazione \u00e8 essenziale per un portare sicuro e comodo. Dedica qualche minuto per sistemare il ring sling correttamente prima di passare alle tue attivit\u00e0.\"}],\"defaultDurationText\":\"Ben\u00f6tigte Zeit:\"} -->\r\n<div class=\"schema-how-to wp-block-yoast-how-to-block\"><p class=\"schema-how-to-total-time\"><span class=\"schema-how-to-duration-time-text\">Ben\u00f6tigte Zeit:\u00a0<\/span>1 Minute. <\/p><p class=\"schema-how-to-description\">Legare un ring sling \u00e8 semplice una volta che impari la tecnica. Ecco una guida passo-passo per la tecnica pi\u00f9 comune, perfetta per l'uso quotidiano in casa:<\/p> <ol class=\"schema-how-to-steps\"><li class=\"schema-how-to-step\" id=\"how-to-step-1731585974199\"><strong class=\"schema-how-to-step-name\">Prepara il Tessuto:<\/strong> <p class=\"schema-how-to-step-text\">Posiziona il ring sling su una spalla in modo che gli anelli si trovino sul lato opposto del petto.<\/p> <\/li><li class=\"schema-how-to-step\" id=\"how-to-step-1731586058018\"><strong class=\"schema-how-to-step-name\">Fai Passare il Tessuto negli Anelli<\/strong> <p class=\"schema-how-to-step-text\">Inserisci l\u2019estremit\u00e0 del tessuto attraverso entrambi gli anelli, poi ripiegalo e fallo passare attraverso un solo anello, creando una \"fibbia\".<\/p> <\/li><li class=\"schema-how-to-step\" id=\"how-to-step-1731586058834\"><strong class=\"schema-how-to-step-name\">Posiziona il Bambino nel Supporto<\/strong> <p class=\"schema-how-to-step-text\">Metti il bambino sul fianco opposto (il lato senza anelli) e stendi il tessuto sulla sua schiena.<\/p> <\/li><li class=\"schema-how-to-step\" id=\"how-to-step-1731586059568\"><strong class=\"schema-how-to-step-name\">Regola la Posizione e la Vestibilit\u00e0<\/strong> <p class=\"schema-how-to-step-text\">Tira il tessuto per assicurarti che il bambino sia seduto comodamente e in sicurezza. Il suo viso deve sempre essere visibile, e deve essere tenuto vicino al corpo senza risultare costretto.<\/p> <\/li><li class=\"schema-how-to-step\" id=\"how-to-step-1731586060551\"><strong class=\"schema-how-to-step-name\">Controlla la Tensione<\/strong> <p class=\"schema-how-to-step-text\">Assicurati che il tessuto sia abbastanza stretto per supportare il bambino ma non cos\u00ec stretto da limitare la sua respirazione o il suo comfort. Ottenere la giusta regolazione \u00e8 essenziale per un portare sicuro e comodo. Dedica qualche minuto per sistemare il ring sling correttamente prima di passare alle tue attivit\u00e0.<\/p> <\/li><\/ol><\/div>\r\n<!-- \/wp:yoast\/how-to-block -->\r\n\r\n<a href=\"https:\/\/mariblum.de\/it\/ring-slings-in-casa-come-semplificano-la-vita-e-come-legarli-facilmente\" target=\"_blank\" class=\"button primary is-shade is-small box-shadow-3 box-shadow-5-hover expand\" rel=\"noopener\" style=\"border-radius:5px;\">\n\t\t<span>Maggiori informazioni sulla legatura delle Ring Slings<\/span>\n\t<\/a>\n\r\n\t<div id=\"gap-827374743\" class=\"gap-element clearfix\" style=\"display:block; height:auto;\">\n\t\t\n<style>\n#gap-827374743 {\n  padding-top: 30px;\n}\n<\/style>\n\t<\/div>\n\t\n","protected":false},"excerpt":{"rendered":"<p>Allattare in movimento pu\u00f2 rappresentare una sfida per molte madri, specialmente quando si tratta di privacy e comfort. La fascia ad anelli si rivela essere uno strumento estremamente utile che rende l&#8217;allattamento sia pi\u00f9 facile che pi\u00f9 piacevole. In questo articolo del blog, mostriamo come la fascia ad anelli supporta l&#8217;allattamento e i vantaggi di [&#8230;]\n","protected":false},"author":1,"featured_media":14863,"comment_status":"closed","ping_status":"closed","sticky":false,"template":"","format":"standard","meta":{"footnotes":""},"categories":[2830,852],"tags":[1918,1921],"class_list":["post-18144","post","type-post","status-publish","format-standard","has-post-thumbnail","hentry","category-allattamento","category-mariblum-porta-bebe-news","tag-ring-sling-it","tag-stillen-it"],"yoast_head":"<!-- This site is optimized with the Yoast SEO Premium plugin v23.3 (Yoast SEO v27.2) - https:\/\/yoast.com\/product\/yoast-seo-premium-wordpress\/ -->\n<title>Allattamento con l&#039;imbragatura ad anello: pratica, discreta e confortevole - mariblum - Fascia Porta Bebe<\/title>\n<meta name=\"description\" content=\"L&#039;allattamento in viaggio pu\u00f2 essere una sfida per molte mamme, soprattutto per quanto riguarda la privacy e il comfort.\" \/>\n<meta name=\"robots\" content=\"index, follow, max-snippet:-1, max-image-preview:large, max-video-preview:-1\" \/>\n<link rel=\"canonical\" href=\"https:\/\/mariblum.de\/it\/allattamento-con-limbragatura-ad-anello-pratica-discreta-e-confortevole\/\" \/>\n<meta property=\"og:locale\" content=\"it_IT\" \/>\n<meta property=\"og:type\" content=\"article\" \/>\n<meta property=\"og:title\" content=\"Allattamento con l&#039;imbragatura ad anello: pratica, discreta e confortevole\" \/>\n<meta property=\"og:description\" content=\"L&#039;allattamento in viaggio pu\u00f2 essere una sfida per molte mamme, soprattutto per quanto riguarda la privacy e il comfort.\" \/>\n<meta property=\"og:url\" content=\"https:\/\/mariblum.de\/it\/allattamento-con-limbragatura-ad-anello-pratica-discreta-e-confortevole\/\" \/>\n<meta property=\"og:site_name\" content=\"mariblum - Fascia Porta Bebe\" \/>\n<meta property=\"article:published_time\" content=\"2025-01-17T05:59:20+00:00\" \/>\n<meta property=\"article:modified_time\" content=\"2025-01-17T05:59:49+00:00\" \/>\n<meta property=\"og:image\" content=\"https:\/\/mariblum.de\/wp-content\/uploads\/2023\/03\/4.jpg\" \/>\n\t<meta property=\"og:image:width\" content=\"533\" \/>\n\t<meta property=\"og:image:height\" content=\"800\" \/>\n\t<meta property=\"og:image:type\" content=\"image\/jpeg\" \/>\n<meta name=\"author\" content=\"mariblum\" \/>\n<meta name=\"twitter:card\" content=\"summary_large_image\" \/>\n<meta name=\"twitter:label1\" content=\"Scritto da\" \/>\n\t<meta name=\"twitter:data1\" content=\"mariblum\" \/>\n\t<meta name=\"twitter:label2\" content=\"Tempo di lettura stimato\" \/>\n\t<meta name=\"twitter:data2\" content=\"4 minuti\" \/>\n<script type=\"application\/ld+json\" class=\"yoast-schema-graph\">{\"@context\":\"https:\/\/schema.org\",\"@graph\":[{\"@type\":\"Article\",\"@id\":\"https:\/\/mariblum.de\/it\/allattamento-con-limbragatura-ad-anello-pratica-discreta-e-confortevole\/#article\",\"isPartOf\":{\"@id\":\"https:\/\/mariblum.de\/it\/allattamento-con-limbragatura-ad-anello-pratica-discreta-e-confortevole\/\"},\"author\":{\"name\":\"mariblum\",\"@id\":\"https:\/\/mariblum.de\/it\/#\/schema\/person\/0f48a4840cefc156d4d2deb5e4b294d0\"},\"headline\":\"Allattamento con l&#8217;imbragatura ad anello: pratica, discreta e confortevole\",\"datePublished\":\"2025-01-17T05:59:20+00:00\",\"dateModified\":\"2025-01-17T05:59:49+00:00\",\"mainEntityOfPage\":{\"@id\":\"https:\/\/mariblum.de\/it\/allattamento-con-limbragatura-ad-anello-pratica-discreta-e-confortevole\/\"},\"wordCount\":590,\"publisher\":{\"@id\":\"https:\/\/mariblum.de\/it\/#organization\"},\"image\":{\"@id\":\"https:\/\/mariblum.de\/it\/allattamento-con-limbragatura-ad-anello-pratica-discreta-e-confortevole\/#primaryimage\"},\"thumbnailUrl\":\"https:\/\/mariblum.de\/wp-content\/uploads\/2023\/03\/4.jpg\",\"keywords\":[\"ring sling\",\"stillen\"],\"articleSection\":[\"Allattamento\",\"mariblum - porta beb\u00e8 news\"],\"inLanguage\":\"it-IT\"},{\"@type\":\"WebPage\",\"@id\":\"https:\/\/mariblum.de\/it\/allattamento-con-limbragatura-ad-anello-pratica-discreta-e-confortevole\/\",\"url\":\"https:\/\/mariblum.de\/it\/allattamento-con-limbragatura-ad-anello-pratica-discreta-e-confortevole\/\",\"name\":\"Allattamento con l'imbragatura ad anello: pratica, discreta e confortevole - mariblum - Fascia Porta Bebe\",\"isPartOf\":{\"@id\":\"https:\/\/mariblum.de\/it\/#website\"},\"primaryImageOfPage\":{\"@id\":\"https:\/\/mariblum.de\/it\/allattamento-con-limbragatura-ad-anello-pratica-discreta-e-confortevole\/#primaryimage\"},\"image\":{\"@id\":\"https:\/\/mariblum.de\/it\/allattamento-con-limbragatura-ad-anello-pratica-discreta-e-confortevole\/#primaryimage\"},\"thumbnailUrl\":\"https:\/\/mariblum.de\/wp-content\/uploads\/2023\/03\/4.jpg\",\"datePublished\":\"2025-01-17T05:59:20+00:00\",\"dateModified\":\"2025-01-17T05:59:49+00:00\",\"description\":\"L'allattamento in viaggio pu\u00f2 essere una sfida per molte mamme, soprattutto per quanto riguarda la privacy e il comfort.\",\"breadcrumb\":{\"@id\":\"https:\/\/mariblum.de\/it\/allattamento-con-limbragatura-ad-anello-pratica-discreta-e-confortevole\/#breadcrumb\"},\"inLanguage\":\"it-IT\",\"potentialAction\":[{\"@type\":\"ReadAction\",\"target\":[\"https:\/\/mariblum.de\/it\/allattamento-con-limbragatura-ad-anello-pratica-discreta-e-confortevole\/\"]}]},{\"@type\":\"ImageObject\",\"inLanguage\":\"it-IT\",\"@id\":\"https:\/\/mariblum.de\/it\/allattamento-con-limbragatura-ad-anello-pratica-discreta-e-confortevole\/#primaryimage\",\"url\":\"https:\/\/mariblum.de\/wp-content\/uploads\/2023\/03\/4.jpg\",\"contentUrl\":\"https:\/\/mariblum.de\/wp-content\/uploads\/2023\/03\/4.jpg\",\"width\":533,\"height\":800,\"caption\":\"Bosco-canapa-imbracatura-verde\"},{\"@type\":\"BreadcrumbList\",\"@id\":\"https:\/\/mariblum.de\/it\/allattamento-con-limbragatura-ad-anello-pratica-discreta-e-confortevole\/#breadcrumb\",\"itemListElement\":[{\"@type\":\"ListItem\",\"position\":1,\"name\":\"Startseite\",\"item\":\"https:\/\/mariblum.de\/it\/\"},{\"@type\":\"ListItem\",\"position\":2,\"name\":\"Allattamento con l&#8217;imbragatura ad anello: pratica, discreta e confortevole\"}]},{\"@type\":\"WebSite\",\"@id\":\"https:\/\/mariblum.de\/it\/#website\",\"url\":\"https:\/\/mariblum.de\/it\/\",\"name\":\"mariblum Traget\u00fccher\",\"description\":\"il modo naturale di portare il tuo bambino \",\"publisher\":{\"@id\":\"https:\/\/mariblum.de\/it\/#organization\"},\"potentialAction\":[{\"@type\":\"SearchAction\",\"target\":{\"@type\":\"EntryPoint\",\"urlTemplate\":\"https:\/\/mariblum.de\/it\/?s={search_term_string}\"},\"query-input\":{\"@type\":\"PropertyValueSpecification\",\"valueRequired\":true,\"valueName\":\"search_term_string\"}}],\"inLanguage\":\"it-IT\"},{\"@type\":\"Organization\",\"@id\":\"https:\/\/mariblum.de\/it\/#organization\",\"name\":\"mariblum\",\"url\":\"https:\/\/mariblum.de\/it\/\",\"logo\":{\"@type\":\"ImageObject\",\"inLanguage\":\"it-IT\",\"@id\":\"https:\/\/mariblum.de\/it\/#\/schema\/logo\/image\/\",\"url\":\"https:\/\/mariblum.de\/wp-content\/uploads\/2020\/07\/logo_m-500x_transparent.png\",\"contentUrl\":\"https:\/\/mariblum.de\/wp-content\/uploads\/2020\/07\/logo_m-500x_transparent.png\",\"width\":500,\"height\":500,\"caption\":\"mariblum\"},\"image\":{\"@id\":\"https:\/\/mariblum.de\/it\/#\/schema\/logo\/image\/\"},\"sameAs\":[\"https:\/\/www.instagram.com\/_mariblum_\/\"]},{\"@type\":\"Person\",\"@id\":\"https:\/\/mariblum.de\/it\/#\/schema\/person\/0f48a4840cefc156d4d2deb5e4b294d0\",\"name\":\"mariblum\",\"url\":\"https:\/\/mariblum.de\/it\/author\/mariblum\/\"}]}<\/script>\n<!-- \/ Yoast SEO Premium plugin. -->","yoast_head_json":{"title":"Allattamento con l'imbragatura ad anello: pratica, discreta e confortevole - mariblum - Fascia Porta Bebe","description":"L'allattamento in viaggio pu\u00f2 essere una sfida per molte mamme, soprattutto per quanto riguarda la privacy e il comfort.","robots":{"index":"index","follow":"follow","max-snippet":"max-snippet:-1","max-image-preview":"max-image-preview:large","max-video-preview":"max-video-preview:-1"},"canonical":"https:\/\/mariblum.de\/it\/allattamento-con-limbragatura-ad-anello-pratica-discreta-e-confortevole\/","og_locale":"it_IT","og_type":"article","og_title":"Allattamento con l'imbragatura ad anello: pratica, discreta e confortevole","og_description":"L'allattamento in viaggio pu\u00f2 essere una sfida per molte mamme, soprattutto per quanto riguarda la privacy e il comfort.","og_url":"https:\/\/mariblum.de\/it\/allattamento-con-limbragatura-ad-anello-pratica-discreta-e-confortevole\/","og_site_name":"mariblum - Fascia Porta Bebe","article_published_time":"2025-01-17T05:59:20+00:00","article_modified_time":"2025-01-17T05:59:49+00:00","og_image":[{"width":533,"height":800,"url":"https:\/\/mariblum.de\/wp-content\/uploads\/2023\/03\/4.jpg","type":"image\/jpeg"}],"author":"mariblum","twitter_card":"summary_large_image","twitter_misc":{"Scritto da":"mariblum","Tempo di lettura stimato":"4 minuti"},"schema":{"@context":"https:\/\/schema.org","@graph":[{"@type":"Article","@id":"https:\/\/mariblum.de\/it\/allattamento-con-limbragatura-ad-anello-pratica-discreta-e-confortevole\/#article","isPartOf":{"@id":"https:\/\/mariblum.de\/it\/allattamento-con-limbragatura-ad-anello-pratica-discreta-e-confortevole\/"},"author":{"name":"mariblum","@id":"https:\/\/mariblum.de\/it\/#\/schema\/person\/0f48a4840cefc156d4d2deb5e4b294d0"},"headline":"Allattamento con l&#8217;imbragatura ad anello: pratica, discreta e confortevole","datePublished":"2025-01-17T05:59:20+00:00","dateModified":"2025-01-17T05:59:49+00:00","mainEntityOfPage":{"@id":"https:\/\/mariblum.de\/it\/allattamento-con-limbragatura-ad-anello-pratica-discreta-e-confortevole\/"},"wordCount":590,"publisher":{"@id":"https:\/\/mariblum.de\/it\/#organization"},"image":{"@id":"https:\/\/mariblum.de\/it\/allattamento-con-limbragatura-ad-anello-pratica-discreta-e-confortevole\/#primaryimage"},"thumbnailUrl":"https:\/\/mariblum.de\/wp-content\/uploads\/2023\/03\/4.jpg","keywords":["ring sling","stillen"],"articleSection":["Allattamento","mariblum - porta beb\u00e8 news"],"inLanguage":"it-IT"},{"@type":"WebPage","@id":"https:\/\/mariblum.de\/it\/allattamento-con-limbragatura-ad-anello-pratica-discreta-e-confortevole\/","url":"https:\/\/mariblum.de\/it\/allattamento-con-limbragatura-ad-anello-pratica-discreta-e-confortevole\/","name":"Allattamento con l'imbragatura ad anello: pratica, discreta e confortevole - mariblum - Fascia Porta Bebe","isPartOf":{"@id":"https:\/\/mariblum.de\/it\/#website"},"primaryImageOfPage":{"@id":"https:\/\/mariblum.de\/it\/allattamento-con-limbragatura-ad-anello-pratica-discreta-e-confortevole\/#primaryimage"},"image":{"@id":"https:\/\/mariblum.de\/it\/allattamento-con-limbragatura-ad-anello-pratica-discreta-e-confortevole\/#primaryimage"},"thumbnailUrl":"https:\/\/mariblum.de\/wp-content\/uploads\/2023\/03\/4.jpg","datePublished":"2025-01-17T05:59:20+00:00","dateModified":"2025-01-17T05:59:49+00:00","description":"L'allattamento in viaggio pu\u00f2 essere una sfida per molte mamme, soprattutto per quanto riguarda la privacy e il comfort.","breadcrumb":{"@id":"https:\/\/mariblum.de\/it\/allattamento-con-limbragatura-ad-anello-pratica-discreta-e-confortevole\/#breadcrumb"},"inLanguage":"it-IT","potentialAction":[{"@type":"ReadAction","target":["https:\/\/mariblum.de\/it\/allattamento-con-limbragatura-ad-anello-pratica-discreta-e-confortevole\/"]}]},{"@type":"ImageObject","inLanguage":"it-IT","@id":"https:\/\/mariblum.de\/it\/allattamento-con-limbragatura-ad-anello-pratica-discreta-e-confortevole\/#primaryimage","url":"https:\/\/mariblum.de\/wp-content\/uploads\/2023\/03\/4.jpg","contentUrl":"https:\/\/mariblum.de\/wp-content\/uploads\/2023\/03\/4.jpg","width":533,"height":800,"caption":"Bosco-canapa-imbracatura-verde"},{"@type":"BreadcrumbList","@id":"https:\/\/mariblum.de\/it\/allattamento-con-limbragatura-ad-anello-pratica-discreta-e-confortevole\/#breadcrumb","itemListElement":[{"@type":"ListItem","position":1,"name":"Startseite","item":"https:\/\/mariblum.de\/it\/"},{"@type":"ListItem","position":2,"name":"Allattamento con l&#8217;imbragatura ad anello: pratica, discreta e confortevole"}]},{"@type":"WebSite","@id":"https:\/\/mariblum.de\/it\/#website","url":"https:\/\/mariblum.de\/it\/","name":"mariblum Traget\u00fccher","description":"il modo naturale di portare il tuo bambino ","publisher":{"@id":"https:\/\/mariblum.de\/it\/#organization"},"potentialAction":[{"@type":"SearchAction","target":{"@type":"EntryPoint","urlTemplate":"https:\/\/mariblum.de\/it\/?s={search_term_string}"},"query-input":{"@type":"PropertyValueSpecification","valueRequired":true,"valueName":"search_term_string"}}],"inLanguage":"it-IT"},{"@type":"Organization","@id":"https:\/\/mariblum.de\/it\/#organization","name":"mariblum","url":"https:\/\/mariblum.de\/it\/","logo":{"@type":"ImageObject","inLanguage":"it-IT","@id":"https:\/\/mariblum.de\/it\/#\/schema\/logo\/image\/","url":"https:\/\/mariblum.de\/wp-content\/uploads\/2020\/07\/logo_m-500x_transparent.png","contentUrl":"https:\/\/mariblum.de\/wp-content\/uploads\/2020\/07\/logo_m-500x_transparent.png","width":500,"height":500,"caption":"mariblum"},"image":{"@id":"https:\/\/mariblum.de\/it\/#\/schema\/logo\/image\/"},"sameAs":["https:\/\/www.instagram.com\/_mariblum_\/"]},{"@type":"Person","@id":"https:\/\/mariblum.de\/it\/#\/schema\/person\/0f48a4840cefc156d4d2deb5e4b294d0","name":"mariblum","url":"https:\/\/mariblum.de\/it\/author\/mariblum\/"}]}},"_links":{"self":[{"href":"https:\/\/mariblum.de\/it\/wp-json\/wp\/v2\/posts\/18144","targetHints":{"allow":["GET"]}}],"collection":[{"href":"https:\/\/mariblum.de\/it\/wp-json\/wp\/v2\/posts"}],"about":[{"href":"https:\/\/mariblum.de\/it\/wp-json\/wp\/v2\/types\/post"}],"author":[{"embeddable":true,"href":"https:\/\/mariblum.de\/it\/wp-json\/wp\/v2\/users\/1"}],"replies":[{"embeddable":true,"href":"https:\/\/mariblum.de\/it\/wp-json\/wp\/v2\/comments?post=18144"}],"version-history":[{"count":1,"href":"https:\/\/mariblum.de\/it\/wp-json\/wp\/v2\/posts\/18144\/revisions"}],"predecessor-version":[{"id":18422,"href":"https:\/\/mariblum.de\/it\/wp-json\/wp\/v2\/posts\/18144\/revisions\/18422"}],"wp:featuredmedia":[{"embeddable":true,"href":"https:\/\/mariblum.de\/it\/wp-json\/wp\/v2\/media\/14863"}],"wp:attachment":[{"href":"https:\/\/mariblum.de\/it\/wp-json\/wp\/v2\/media?parent=18144"}],"wp:term":[{"taxonomy":"category","embeddable":true,"href":"https:\/\/mariblum.de\/it\/wp-json\/wp\/v2\/categories?post=18144"},{"taxonomy":"post_tag","embeddable":true,"href":"https:\/\/mariblum.de\/it\/wp-json\/wp\/v2\/tags?post=18144"}],"curies":[{"name":"wp","href":"https:\/\/api.w.org\/{rel}","templated":true}]}}