{"id":16261,"date":"2024-05-31T05:12:14","date_gmt":"2024-05-31T05:12:14","guid":{"rendered":"https:\/\/mariblum.de\/come-avvolgere-piu-bambini-contemporaneamente\/"},"modified":"2024-05-31T05:22:14","modified_gmt":"2024-05-31T05:22:14","slug":"come-avvolgere-piu-bambini-contemporaneamente","status":"publish","type":"post","link":"https:\/\/mariblum.de\/it\/come-avvolgere-piu-bambini-contemporaneamente\/","title":{"rendered":"Come avvolgere pi\u00f9 bambini contemporaneamente"},"content":{"rendered":"<h1>Come avvolgere pi\u00f9 bambini contemporaneamente<\/h1>\n<p align=\"justify\" class=\"lead\">Come genitore di fratelli, portare due o pi\u00f9 bambini contemporaneamente pu\u00f2 essere impegnativo, ma \u00e8 anche un ottimo modo per creare un legame stretto con ciascun bambino e fornire un supporto pratico nella vita di tutti i giorni. In questo post condivideremo consigli e suggerimenti su come gestire efficacemente il babywearing tra fratelli.<\/p>\n<p>1. scegliere la tecnica di trasporto giusta: A seconda dell&#8217;et\u00e0 e delle dimensioni dei vostri figli e della vostra forza fisica, ci sono diverse tecniche di trasporto che potete provare. Il trasporto sulla schiena con una fascia o un marsupio adatto \u00e8 un&#8217;opzione molto diffusa, perch\u00e9 consente di avere entrambe le mani libere e di distribuire il peso in modo uniforme.<\/p>\n<div class=\"woocommerce columns-4 \"><div class=\"products row row-small large-columns-4 medium-columns-3 small-columns-2\">\n<div class=\"product-small col has-hover has-product-safety-information product type-product post-4525 status-publish first instock product_cat-hemp-fabric product_cat-babywearing-slings-made-of-hemp product_tag-babywearing-sling product_tag-colorful product_tag-universe has-post-thumbnail featured purchasable product-type-variable has-default-attributes\">\n\t<div class=\"col-inner\">\n\t\n<div class=\"badge-container absolute left top z-1\">\n\n<\/div>\n\t<div class=\"product-small box \">\n\t\t<div class=\"box-image\">\n\t\t\t<div class=\"image-fade_in_back\">\n\t\t\t\t<a href=\"https:\/\/mariblum.de\/en\/produkt\/little-universe-colorful-babywearing-sling\/\">\n\t\t\t\t\t<img loading=\"lazy\" decoding=\"async\" width=\"247\" height=\"247\" src=\"https:\/\/mariblum.de\/wp-content\/uploads\/2025\/04\/Baby-Tragetuch_Hanf_mku-247x247.jpg\" class=\"attachment-woocommerce_thumbnail size-woocommerce_thumbnail\" alt=\"Little Universe babywearing sling\" srcset=\"https:\/\/mariblum.de\/wp-content\/uploads\/2025\/04\/Baby-Tragetuch_Hanf_mku-247x247.jpg 247w, https:\/\/mariblum.de\/wp-content\/uploads\/2025\/04\/Baby-Tragetuch_Hanf_mku-150x150.jpg 150w, https:\/\/mariblum.de\/wp-content\/uploads\/2025\/04\/Baby-Tragetuch_Hanf_mku-100x100.jpg 100w\" sizes=\"auto, (max-width: 247px) 100vw, 247px\" \/><img loading=\"lazy\" decoding=\"async\" width=\"247\" height=\"247\" src=\"https:\/\/mariblum.de\/wp-content\/uploads\/2025\/04\/Tragetuch_Hanf_Baby_mku-247x247.jpg\" class=\"show-on-hover absolute fill hide-for-small back-image\" alt=\"Alternative view of Little Universe babywearing sling\" aria-hidden=\"true\" srcset=\"https:\/\/mariblum.de\/wp-content\/uploads\/2025\/04\/Tragetuch_Hanf_Baby_mku-247x247.jpg 247w, https:\/\/mariblum.de\/wp-content\/uploads\/2025\/04\/Tragetuch_Hanf_Baby_mku-150x150.jpg 150w, https:\/\/mariblum.de\/wp-content\/uploads\/2025\/04\/Tragetuch_Hanf_Baby_mku-100x100.jpg 100w\" sizes=\"auto, (max-width: 247px) 100vw, 247px\" \/>\t\t\t\t<\/a>\n\t\t\t<\/div>\n\t\t\t<div class=\"image-tools is-small top right show-on-hover\">\n\t\t\t\t\t\t\t<\/div>\n\t\t\t<div class=\"image-tools is-small hide-for-small bottom left show-on-hover\">\n\t\t\t\t\t\t\t<\/div>\n\t\t\t<div class=\"image-tools grid-tools text-center hide-for-small bottom hover-slide-in show-on-hover\">\n\t\t\t\t<a href=\"#quick-view\" class=\"quick-view\" role=\"button\" data-prod=\"4525\" aria-haspopup=\"dialog\" aria-expanded=\"false\" data-flatsome-role-button>Anteprima<\/a>\t\t\t<\/div>\n\t\t\t\t\t<\/div>\n\n\t\t<div class=\"box-text box-text-products text-center grid-style-2\">\n\t\t\t<div class=\"ux-swatches ux-swatches-in-loop ux-swatches--rounded ux-swatches--x-small\" role=\"radiogroup\" data-flatsome-role-radiogroup><\/div><div class=\"title-wrapper\">\t\t<p class=\"category uppercase is-smaller no-text-overflow product-cat op-8\">\n\t\t\tHemp Fabric\t\t<\/p>\n\t<p class=\"name product-title woocommerce-loop-product__title\"><a href=\"https:\/\/mariblum.de\/en\/produkt\/little-universe-colorful-babywearing-sling\/\" class=\"woocommerce-LoopProduct-link woocommerce-loop-product__link\">Little Universe babywearing sling<\/a><\/p><\/div><div class=\"price-wrapper\">\n\t<span class=\"price\"><span class=\"woocommerce-Price-amount amount\"><bdi>229,95&nbsp;<span class=\"woocommerce-Price-currencySymbol\" translate=\"no\">&euro;<\/span><\/bdi><\/span><\/span>\n\n\n\n<\/div>\t\t<\/div>\n\t<\/div>\n\t\n\t<\/div>\n<\/div><div class=\"product-small col has-hover has-product-safety-information product type-product post-11973 status-publish instock product_cat-cotton-fabric product_cat-babywearing-slings-made-of-cotton product_tag-babywearing-sling product_tag-black-en product_tag-cotton product_tag-elephant product_tag-green has-post-thumbnail sale featured purchasable product-type-variable has-default-attributes\">\n\t<div class=\"col-inner\">\n\t\n<div class=\"badge-container absolute left top z-1\">\n<div class=\"callout badge badge-circle\"><div class=\"badge-inner secondary on-sale\"><span class=\"onsale\">In offerta!<\/span><\/div><\/div>\n<\/div>\n\t<div class=\"product-small box \">\n\t\t<div class=\"box-image\">\n\t\t\t<div class=\"image-fade_in_back\">\n\t\t\t\t<a href=\"https:\/\/mariblum.de\/en\/produkt\/elephant-babywearing-sling-green-black-made-of-cotton\/\">\n\t\t\t\t\t<img loading=\"lazy\" decoding=\"async\" width=\"247\" height=\"247\" src=\"https:\/\/mariblum.de\/wp-content\/uploads\/2022\/03\/schwarz-gruen-tragetuch-aus-baumwolle-elefanten-baby-richtig-gebunden-247x247.jpg\" class=\"attachment-woocommerce_thumbnail size-woocommerce_thumbnail\" alt=\"black-green-cotton-sling-elephant-baby-right-tie\" srcset=\"https:\/\/mariblum.de\/wp-content\/uploads\/2022\/03\/schwarz-gruen-tragetuch-aus-baumwolle-elefanten-baby-richtig-gebunden-247x247.jpg 247w, https:\/\/mariblum.de\/wp-content\/uploads\/2022\/03\/schwarz-gruen-tragetuch-aus-baumwolle-elefanten-baby-richtig-gebunden-100x100.jpg 100w, https:\/\/mariblum.de\/wp-content\/uploads\/2022\/03\/schwarz-gruen-tragetuch-aus-baumwolle-elefanten-baby-richtig-gebunden-150x150.jpg 150w\" sizes=\"auto, (max-width: 247px) 100vw, 247px\" \/><img loading=\"lazy\" decoding=\"async\" width=\"247\" height=\"247\" src=\"https:\/\/mariblum.de\/wp-content\/uploads\/2022\/03\/schwarz-gruen-edles-tragetuch-aus-baumwolle-elefanten-247x247.jpg\" class=\"show-on-hover absolute fill hide-for-small back-image\" alt=\"black-green-elephant-cotton-sling\" aria-hidden=\"true\" srcset=\"https:\/\/mariblum.de\/wp-content\/uploads\/2022\/03\/schwarz-gruen-edles-tragetuch-aus-baumwolle-elefanten-247x247.jpg 247w, https:\/\/mariblum.de\/wp-content\/uploads\/2022\/03\/schwarz-gruen-edles-tragetuch-aus-baumwolle-elefanten-100x100.jpg 100w, https:\/\/mariblum.de\/wp-content\/uploads\/2022\/03\/schwarz-gruen-edles-tragetuch-aus-baumwolle-elefanten-150x150.jpg 150w\" sizes=\"auto, (max-width: 247px) 100vw, 247px\" \/>\t\t\t\t<\/a>\n\t\t\t<\/div>\n\t\t\t<div class=\"image-tools is-small top right show-on-hover\">\n\t\t\t\t\t\t\t<\/div>\n\t\t\t<div class=\"image-tools is-small hide-for-small bottom left show-on-hover\">\n\t\t\t\t\t\t\t<\/div>\n\t\t\t<div class=\"image-tools grid-tools text-center hide-for-small bottom hover-slide-in show-on-hover\">\n\t\t\t\t<a href=\"#quick-view\" class=\"quick-view\" role=\"button\" data-prod=\"11973\" aria-haspopup=\"dialog\" aria-expanded=\"false\" data-flatsome-role-button>Anteprima<\/a>\t\t\t<\/div>\n\t\t\t\t\t<\/div>\n\n\t\t<div class=\"box-text box-text-products text-center grid-style-2\">\n\t\t\t<div class=\"title-wrapper\">\t\t<p class=\"category uppercase is-smaller no-text-overflow product-cat op-8\">\n\t\t\tCotton Fabric\t\t<\/p>\n\t<p class=\"name product-title woocommerce-loop-product__title\"><a href=\"https:\/\/mariblum.de\/en\/produkt\/elephant-babywearing-sling-green-black-made-of-cotton\/\" class=\"woocommerce-LoopProduct-link woocommerce-loop-product__link\">Elephant &#8211; Babywearing Sling<\/a><\/p><\/div><div class=\"price-wrapper\">\n\t<span class=\"price\"><span class=\"woocommerce-Price-amount amount\"><bdi>138,70&nbsp;<span class=\"woocommerce-Price-currencySymbol\" translate=\"no\">&euro;<\/span><\/bdi><\/span> &ndash; <span class=\"woocommerce-Price-amount amount\"><bdi>164,95&nbsp;<span class=\"woocommerce-Price-currencySymbol\" translate=\"no\">&euro;<\/span><\/bdi><\/span><\/span>\n\n\n\n<\/div>\t\t<\/div>\n\t<\/div>\n\t\n\t<\/div>\n<\/div><div class=\"product-small col has-hover has-product-safety-information product type-product post-14581 status-publish instock product_cat-cotton-fabric product_cat-babywearing-slings-made-of-cotton product_tag-babywearing-sling product_tag-black-en product_tag-cotton product_tag-elephant product_tag-gold-en has-post-thumbnail sale purchasable product-type-variable has-default-attributes\">\n\t<div class=\"col-inner\">\n\t\n<div class=\"badge-container absolute left top z-1\">\n<div class=\"callout badge badge-circle\"><div class=\"badge-inner secondary on-sale\"><span class=\"onsale\">In offerta!<\/span><\/div><\/div>\n<\/div>\n\t<div class=\"product-small box \">\n\t\t<div class=\"box-image\">\n\t\t\t<div class=\"image-fade_in_back\">\n\t\t\t\t<a href=\"https:\/\/mariblum.de\/en\/produkt\/elephant-babywearing-sling-cotton-black-gold\/\">\n\t\t\t\t\t<img loading=\"lazy\" decoding=\"async\" width=\"247\" height=\"247\" src=\"https:\/\/mariblum.de\/wp-content\/uploads\/2023\/02\/Tragetuch-Baby-Elefant-gold-schwarz-247x247.jpg\" class=\"attachment-woocommerce_thumbnail size-woocommerce_thumbnail\" alt=\"Baby Tragetuch mit Elefantenmotiv in gold-schwarz\" srcset=\"https:\/\/mariblum.de\/wp-content\/uploads\/2023\/02\/Tragetuch-Baby-Elefant-gold-schwarz-247x247.jpg 247w, https:\/\/mariblum.de\/wp-content\/uploads\/2023\/02\/Tragetuch-Baby-Elefant-gold-schwarz-150x150.jpg 150w, https:\/\/mariblum.de\/wp-content\/uploads\/2023\/02\/Tragetuch-Baby-Elefant-gold-schwarz-100x100.jpg 100w\" sizes=\"auto, (max-width: 247px) 100vw, 247px\" \/><img loading=\"lazy\" decoding=\"async\" width=\"247\" height=\"247\" src=\"https:\/\/mariblum.de\/wp-content\/uploads\/2023\/02\/elefanten-tragetuch-schwarz-gold-aus-baumwolle-247x247.jpg\" class=\"show-on-hover absolute fill hide-for-small back-image\" alt=\"elefanten-tragetuch-schwarz-gold-aus-baumwolle\" aria-hidden=\"true\" srcset=\"https:\/\/mariblum.de\/wp-content\/uploads\/2023\/02\/elefanten-tragetuch-schwarz-gold-aus-baumwolle-247x247.jpg 247w, https:\/\/mariblum.de\/wp-content\/uploads\/2023\/02\/elefanten-tragetuch-schwarz-gold-aus-baumwolle-100x100.jpg 100w, https:\/\/mariblum.de\/wp-content\/uploads\/2023\/02\/elefanten-tragetuch-schwarz-gold-aus-baumwolle-150x150.jpg 150w\" sizes=\"auto, (max-width: 247px) 100vw, 247px\" \/>\t\t\t\t<\/a>\n\t\t\t<\/div>\n\t\t\t<div class=\"image-tools is-small top right show-on-hover\">\n\t\t\t\t\t\t\t<\/div>\n\t\t\t<div class=\"image-tools is-small hide-for-small bottom left show-on-hover\">\n\t\t\t\t\t\t\t<\/div>\n\t\t\t<div class=\"image-tools grid-tools text-center hide-for-small bottom hover-slide-in show-on-hover\">\n\t\t\t\t<a href=\"#quick-view\" class=\"quick-view\" role=\"button\" data-prod=\"14581\" aria-haspopup=\"dialog\" aria-expanded=\"false\" data-flatsome-role-button>Anteprima<\/a>\t\t\t<\/div>\n\t\t\t\t\t<\/div>\n\n\t\t<div class=\"box-text box-text-products text-center grid-style-2\">\n\t\t\t<div class=\"title-wrapper\">\t\t<p class=\"category uppercase is-smaller no-text-overflow product-cat op-8\">\n\t\t\tCotton Fabric\t\t<\/p>\n\t<p class=\"name product-title woocommerce-loop-product__title\"><a href=\"https:\/\/mariblum.de\/en\/produkt\/elephant-babywearing-sling-cotton-black-gold\/\" class=\"woocommerce-LoopProduct-link woocommerce-loop-product__link\">Elephant &#8211; Babywearing Sling<\/a><\/p><\/div><div class=\"price-wrapper\">\n\t<span class=\"price\"><span class=\"woocommerce-Price-amount amount\"><bdi>138,70&nbsp;<span class=\"woocommerce-Price-currencySymbol\" translate=\"no\">&euro;<\/span><\/bdi><\/span> &ndash; <span class=\"woocommerce-Price-amount amount\"><bdi>164,95&nbsp;<span class=\"woocommerce-Price-currencySymbol\" translate=\"no\">&euro;<\/span><\/bdi><\/span><\/span>\n\n\n\n<\/div>\t\t<\/div>\n\t<\/div>\n\t\n\t<\/div>\n<\/div><div class=\"product-small col has-hover has-product-safety-information product type-product post-9246 status-publish last instock product_cat-hemp-fabric product_cat-babywearing-slings-made-of-hemp has-post-thumbnail featured shipping-taxable purchasable product-type-variable has-default-attributes\">\n\t<div class=\"col-inner\">\n\t\n<div class=\"badge-container absolute left top z-1\">\n\n<\/div>\n\t<div class=\"product-small box \">\n\t\t<div class=\"box-image\">\n\t\t\t<div class=\"image-fade_in_back\">\n\t\t\t\t<a href=\"https:\/\/mariblum.de\/en\/produkt\/flower-meadow-sling\/\">\n\t\t\t\t\t<img loading=\"lazy\" decoding=\"async\" width=\"247\" height=\"247\" src=\"https:\/\/mariblum.de\/wp-content\/uploads\/2021\/01\/Blumenwiese-Tragetuch-aus-Hanf-247x247.jpeg\" class=\"attachment-woocommerce_thumbnail size-woocommerce_thumbnail\" alt=\"Flower Meadow Sling\" srcset=\"https:\/\/mariblum.de\/wp-content\/uploads\/2021\/01\/Blumenwiese-Tragetuch-aus-Hanf-247x247.jpeg 247w, https:\/\/mariblum.de\/wp-content\/uploads\/2021\/01\/Blumenwiese-Tragetuch-aus-Hanf-100x100.jpeg 100w, https:\/\/mariblum.de\/wp-content\/uploads\/2021\/01\/Blumenwiese-Tragetuch-aus-Hanf-150x150.jpeg 150w\" sizes=\"auto, (max-width: 247px) 100vw, 247px\" \/><img loading=\"lazy\" decoding=\"async\" width=\"247\" height=\"247\" src=\"https:\/\/mariblum.de\/wp-content\/uploads\/2021\/01\/tragetuch-billig-aus-hanf-247x247.jpg\" class=\"show-on-hover absolute fill hide-for-small back-image\" alt=\"flower-meadow-sling-luxury-baby-wrap\" aria-hidden=\"true\" srcset=\"https:\/\/mariblum.de\/wp-content\/uploads\/2021\/01\/tragetuch-billig-aus-hanf-247x247.jpg 247w, https:\/\/mariblum.de\/wp-content\/uploads\/2021\/01\/tragetuch-billig-aus-hanf-100x100.jpg 100w, https:\/\/mariblum.de\/wp-content\/uploads\/2021\/01\/tragetuch-billig-aus-hanf-150x150.jpg 150w\" sizes=\"auto, (max-width: 247px) 100vw, 247px\" \/>\t\t\t\t<\/a>\n\t\t\t<\/div>\n\t\t\t<div class=\"image-tools is-small top right show-on-hover\">\n\t\t\t\t\t\t\t<\/div>\n\t\t\t<div class=\"image-tools is-small hide-for-small bottom left show-on-hover\">\n\t\t\t\t\t\t\t<\/div>\n\t\t\t<div class=\"image-tools grid-tools text-center hide-for-small bottom hover-slide-in show-on-hover\">\n\t\t\t\t<a href=\"#quick-view\" class=\"quick-view\" role=\"button\" data-prod=\"9246\" aria-haspopup=\"dialog\" aria-expanded=\"false\" data-flatsome-role-button>Anteprima<\/a>\t\t\t<\/div>\n\t\t\t\t\t<\/div>\n\n\t\t<div class=\"box-text box-text-products text-center grid-style-2\">\n\t\t\t<div class=\"ux-swatches ux-swatches-in-loop ux-swatches--rounded ux-swatches--x-small\" role=\"radiogroup\" data-flatsome-role-radiogroup><div data-image-src=\"https:\/\/mariblum.de\/wp-content\/uploads\/2021\/01\/Blumenwiese-Tragetuch-aus-Hanf-247x247.jpeg\" data-image-srcset=\"https:\/\/mariblum.de\/wp-content\/uploads\/2021\/01\/Blumenwiese-Tragetuch-aus-Hanf-247x247.jpeg 247w, https:\/\/mariblum.de\/wp-content\/uploads\/2021\/01\/Blumenwiese-Tragetuch-aus-Hanf-100x100.jpeg 100w, https:\/\/mariblum.de\/wp-content\/uploads\/2021\/01\/Blumenwiese-Tragetuch-aus-Hanf-150x150.jpeg 150w\" data-image-sizes=\"(max-width: 247px) 100vw, 247px\" data-attribute_name=\"attribute_pa_tt-groesze\" data-value=\"tt450-it\" aria-label=\"4,50 m\" role=\"radio\" aria-checked=\"false\" tabindex=\"0\" class=\"ux-swatch ux-swatch--label\"><span class=\"ux-swatch__text\">4,50 m<\/span><\/div><div data-image-src=\"https:\/\/mariblum.de\/wp-content\/uploads\/2021\/01\/Blumenwiese-Tragetuch-aus-Hanf-247x247.jpeg\" data-image-srcset=\"https:\/\/mariblum.de\/wp-content\/uploads\/2021\/01\/Blumenwiese-Tragetuch-aus-Hanf-247x247.jpeg 247w, https:\/\/mariblum.de\/wp-content\/uploads\/2021\/01\/Blumenwiese-Tragetuch-aus-Hanf-100x100.jpeg 100w, https:\/\/mariblum.de\/wp-content\/uploads\/2021\/01\/Blumenwiese-Tragetuch-aus-Hanf-150x150.jpeg 150w\" data-image-sizes=\"(max-width: 247px) 100vw, 247px\" data-attribute_name=\"attribute_pa_tt-groesze\" data-value=\"tt500-it\" aria-label=\"5,00 m\" role=\"radio\" aria-checked=\"false\" tabindex=\"0\" class=\"ux-swatch ux-swatch--label\"><span class=\"ux-swatch__text\">5,00 m<\/span><\/div><\/div><div class=\"title-wrapper\">\t\t<p class=\"category uppercase is-smaller no-text-overflow product-cat op-8\">\n\t\t\tHemp Fabric\t\t<\/p>\n\t<p class=\"name product-title woocommerce-loop-product__title\"><a href=\"https:\/\/mariblum.de\/en\/produkt\/flower-meadow-sling\/\" class=\"woocommerce-LoopProduct-link woocommerce-loop-product__link\">Flower Meadow Sling<\/a><\/p><\/div><div class=\"price-wrapper\">\n\t<span class=\"price\"><span class=\"woocommerce-Price-amount amount\"><bdi>219,95&nbsp;<span class=\"woocommerce-Price-currencySymbol\" translate=\"no\">&euro;<\/span><\/bdi><\/span> &ndash; <span class=\"woocommerce-Price-amount amount\"><bdi>229,95&nbsp;<span class=\"woocommerce-Price-currencySymbol\" translate=\"no\">&euro;<\/span><\/bdi><\/span><\/span>\n\n\n\n<\/div>\t\t<\/div>\n\t<\/div>\n\t\n\t<\/div>\n<\/div><\/div><!-- row -->\n<\/div>\n<p>2. esercitarsi a portare un solo bambino: prima di provare a portare due bambini contemporaneamente, \u00e8 consigliabile familiarizzare con il trasporto di un solo bambino. Assicuratevi di padroneggiare una buona tecnica di trasporto e di assicurarvi che il vostro bambino sia comodo e ben agganciato prima di portarne un altro.<\/p>\n<p>3. utilizzare un&#8217;alternativa adeguata: Un marsupio alternativo progettato specificamente per il trasporto di due bambini pu\u00f2 essere un&#8217;opzione molto utile per garantire comfort e sicurezza sia a voi che ai vostri figli. Esistono prodotti con funzione di doppio trasporto o imbragature appositamente studiate per il trasporto di fratelli e sorelle.<\/p>\n\n  \n    <div class=\"row large-columns-3 medium-columns-1 small-columns-1 slider row-slider slider-nav-reveal slider-nav-push\"  data-flickity-options='{&quot;imagesLoaded&quot;: true, &quot;groupCells&quot;: &quot;100%&quot;, &quot;dragThreshold&quot; : 5, &quot;cellAlign&quot;: &quot;left&quot;,&quot;wrapAround&quot;: true,&quot;prevNextButtons&quot;: true,&quot;percentPosition&quot;: true,&quot;pageDots&quot;: false, &quot;rightToLeft&quot;: false, &quot;autoPlay&quot; : false}' >\n\n  <div class=\"col post-item\" >\n\t\t\t<div class=\"col-inner\">\n\t\t\t\t<div class=\"box box-normal box-text-bottom box-blog-post has-hover\">\n            \t\t\t\t\t<div class=\"box-image\" >\n  \t\t\t\t\t\t<div class=\"image-cover\" style=\"padding-top:56.25%;\">\n\t\t\t\t\t\t\t<a href=\"https:\/\/mariblum.de\/it\/scoprite-la-varieta-delle-imbragature-di-lino-e-delle-imbragature-ad-anello-mariblum\/\" class=\"plain\" aria-label=\"Scoprite la variet\u00e0 delle imbragature di lino e delle imbragature ad anello mariblum\">\n\t\t\t\t\t\t\t\t<img loading=\"lazy\" decoding=\"async\" width=\"225\" height=\"300\" src=\"https:\/\/mariblum.de\/wp-content\/uploads\/2024\/09\/Lavendel-Tragetuch-4-225x300.jpg\" class=\"attachment-medium size-medium wp-post-image\" alt=\"\" srcset=\"https:\/\/mariblum.de\/wp-content\/uploads\/2024\/09\/Lavendel-Tragetuch-4-225x300.jpg 225w, https:\/\/mariblum.de\/wp-content\/uploads\/2024\/09\/Lavendel-Tragetuch-4-510x680.jpg 510w, https:\/\/mariblum.de\/wp-content\/uploads\/2024\/09\/Lavendel-Tragetuch-4.jpg 600w\" sizes=\"auto, (max-width: 225px) 100vw, 225px\" \/>\t\t\t\t\t\t\t<\/a>\n  \t\t\t\t\t\t\t  \t\t\t\t\t\t\t  \t\t\t\t\t\t<\/div>\n  \t\t\t\t\t\t  \t\t\t\t\t<\/div>\n          \t\t\t\t\t<div class=\"box-text text-center\" >\n\t\t\t\t\t<div class=\"box-text-inner blog-post-inner\">\n\n\t\t\t\t\t\n\t\t\t\t\t\t\t\t\t\t<h5 class=\"post-title is-large \">\n\t\t\t\t\t\t<a href=\"https:\/\/mariblum.de\/it\/scoprite-la-varieta-delle-imbragature-di-lino-e-delle-imbragature-ad-anello-mariblum\/\" class=\"plain\">Scoprite la variet\u00e0 delle imbragature di lino e delle imbragature ad anello mariblum<\/a>\n\t\t\t\t\t<\/h5>\n\t\t\t\t\t\t\t\t\t\t<div class=\"is-divider\"><\/div>\n\t\t\t\t\t\t\t\t\t\t<p class=\"from_the_blog_excerpt \">\n\t\t\t\t\t\tDa mariblum, diamo la massima importanza alla qualit\u00e0 e alla consapevolezza ambientale \u2013 le nostre [...]\t\t\t\t\t<\/p>\n\t\t\t\t\t                    \n\t\t\t\t\t\n\t\t\t\t\t\n\t\t\t\t\t<\/div>\n\t\t\t\t\t<\/div>\n\t\t\t\t\t\t\t\t\t\t\t\t\t\t\t\t<div class=\"badge absolute top post-date badge-outline\">\n\t\t\t\t\t\t\t<div class=\"badge-inner\">\n\t\t\t\t\t\t\t\t<span class=\"post-date-day\">07<\/span><br>\n\t\t\t\t\t\t\t\t<span class=\"post-date-month is-xsmall\">Feb<\/span>\n\t\t\t\t\t\t\t<\/div>\n\t\t\t\t\t\t<\/div>\n\t\t\t\t\t\t\t\t\t<\/div>\n\t\t\t<\/div>\n\t\t<\/div><div class=\"col post-item\" >\n\t\t\t<div class=\"col-inner\">\n\t\t\t\t<div class=\"box box-normal box-text-bottom box-blog-post has-hover\">\n            \t\t\t\t\t<div class=\"box-image\" >\n  \t\t\t\t\t\t<div class=\"image-cover\" style=\"padding-top:56.25%;\">\n\t\t\t\t\t\t\t<a href=\"https:\/\/mariblum.de\/it\/perche-il-babywearing-e-importante\/\" class=\"plain\" aria-label=\"Perch\u00e9 il babywearing \u00e8 importante\">\n\t\t\t\t\t\t\t\t<img loading=\"lazy\" decoding=\"async\" width=\"300\" height=\"200\" src=\"https:\/\/mariblum.de\/wp-content\/uploads\/2022\/03\/edles-blaues-himmelblau-tragetuch-aus-hanf-mariblum-babytragen-300x200.jpg\" class=\"attachment-medium size-medium wp-post-image\" alt=\"nobile-blu-cielo-blu-fionda-canapa-mariblum-babywearing\" srcset=\"https:\/\/mariblum.de\/wp-content\/uploads\/2022\/03\/edles-blaues-himmelblau-tragetuch-aus-hanf-mariblum-babytragen-300x200.jpg 300w, https:\/\/mariblum.de\/wp-content\/uploads\/2022\/03\/edles-blaues-himmelblau-tragetuch-aus-hanf-mariblum-babytragen-510x340.jpg 510w, https:\/\/mariblum.de\/wp-content\/uploads\/2022\/03\/edles-blaues-himmelblau-tragetuch-aus-hanf-mariblum-babytragen-768x513.jpg 768w, https:\/\/mariblum.de\/wp-content\/uploads\/2022\/03\/edles-blaues-himmelblau-tragetuch-aus-hanf-mariblum-babytragen.jpg 800w\" sizes=\"auto, (max-width: 300px) 100vw, 300px\" \/>\t\t\t\t\t\t\t<\/a>\n  \t\t\t\t\t\t\t  \t\t\t\t\t\t\t  \t\t\t\t\t\t<\/div>\n  \t\t\t\t\t\t  \t\t\t\t\t<\/div>\n          \t\t\t\t\t<div class=\"box-text text-center\" >\n\t\t\t\t\t<div class=\"box-text-inner blog-post-inner\">\n\n\t\t\t\t\t\n\t\t\t\t\t\t\t\t\t\t<h5 class=\"post-title is-large \">\n\t\t\t\t\t\t<a href=\"https:\/\/mariblum.de\/it\/perche-il-babywearing-e-importante\/\" class=\"plain\">Perch\u00e9 il babywearing \u00e8 importante<\/a>\n\t\t\t\t\t<\/h5>\n\t\t\t\t\t\t\t\t\t\t<div class=\"is-divider\"><\/div>\n\t\t\t\t\t\t\t\t\t\t<p class=\"from_the_blog_excerpt \">\n\t\t\t\t\t\tIl babywearing \u00e8 una pratica diffusa da secoli in molte culture. Offre molto di pi\u00f9 [...]\t\t\t\t\t<\/p>\n\t\t\t\t\t                    \n\t\t\t\t\t\n\t\t\t\t\t\n\t\t\t\t\t<\/div>\n\t\t\t\t\t<\/div>\n\t\t\t\t\t\t\t\t\t\t\t\t\t\t\t\t<div class=\"badge absolute top post-date badge-outline\">\n\t\t\t\t\t\t\t<div class=\"badge-inner\">\n\t\t\t\t\t\t\t\t<span class=\"post-date-day\">07<\/span><br>\n\t\t\t\t\t\t\t\t<span class=\"post-date-month is-xsmall\">Giu<\/span>\n\t\t\t\t\t\t\t<\/div>\n\t\t\t\t\t\t<\/div>\n\t\t\t\t\t\t\t\t\t<\/div>\n\t\t\t<\/div>\n\t\t<\/div><div class=\"col post-item\" >\n\t\t\t<div class=\"col-inner\">\n\t\t\t\t<div class=\"box box-normal box-text-bottom box-blog-post has-hover\">\n            \t\t\t\t\t<div class=\"box-image\" >\n  \t\t\t\t\t\t<div class=\"image-cover\" style=\"padding-top:56.25%;\">\n\t\t\t\t\t\t\t<a href=\"https:\/\/mariblum.de\/it\/papa-con-le-imbragature\/\" class=\"plain\" aria-label=\"Pap\u00e0 con le imbragature\">\n\t\t\t\t\t\t\t\t<img loading=\"lazy\" decoding=\"async\" width=\"225\" height=\"300\" src=\"https:\/\/mariblum.de\/wp-content\/uploads\/2024\/04\/Eichhoernchen-225x300.jpg\" class=\"attachment-medium size-medium wp-post-image\" alt=\"\" srcset=\"https:\/\/mariblum.de\/wp-content\/uploads\/2024\/04\/Eichhoernchen-225x300.jpg 225w, https:\/\/mariblum.de\/wp-content\/uploads\/2024\/04\/Eichhoernchen-510x680.jpg 510w, https:\/\/mariblum.de\/wp-content\/uploads\/2024\/04\/Eichhoernchen.jpg 600w\" sizes=\"auto, (max-width: 225px) 100vw, 225px\" \/>\t\t\t\t\t\t\t<\/a>\n  \t\t\t\t\t\t\t  \t\t\t\t\t\t\t  \t\t\t\t\t\t<\/div>\n  \t\t\t\t\t\t  \t\t\t\t\t<\/div>\n          \t\t\t\t\t<div class=\"box-text text-center\" >\n\t\t\t\t\t<div class=\"box-text-inner blog-post-inner\">\n\n\t\t\t\t\t\n\t\t\t\t\t\t\t\t\t\t<h5 class=\"post-title is-large \">\n\t\t\t\t\t\t<a href=\"https:\/\/mariblum.de\/it\/papa-con-le-imbragature\/\" class=\"plain\">Pap\u00e0 con le imbragature<\/a>\n\t\t\t\t\t<\/h5>\n\t\t\t\t\t\t\t\t\t\t<div class=\"is-divider\"><\/div>\n\t\t\t\t\t\t\t\t\t\t<p class=\"from_the_blog_excerpt \">\n\t\t\t\t\t\tBabywearing per i pap\u00e0: Perch\u00e9 la fascia non \u00e8 solo per le mamme Il babywearing [...]\t\t\t\t\t<\/p>\n\t\t\t\t\t                    \n\t\t\t\t\t\n\t\t\t\t\t\n\t\t\t\t\t<\/div>\n\t\t\t\t\t<\/div>\n\t\t\t\t\t\t\t\t\t\t\t\t\t\t\t\t<div class=\"badge absolute top post-date badge-outline\">\n\t\t\t\t\t\t\t<div class=\"badge-inner\">\n\t\t\t\t\t\t\t\t<span class=\"post-date-day\">12<\/span><br>\n\t\t\t\t\t\t\t\t<span class=\"post-date-month is-xsmall\">Apr<\/span>\n\t\t\t\t\t\t\t<\/div>\n\t\t\t\t\t\t<\/div>\n\t\t\t\t\t\t\t\t\t<\/div>\n\t\t\t<\/div>\n\t\t<\/div><div class=\"col post-item\" >\n\t\t\t<div class=\"col-inner\">\n\t\t\t\t<div class=\"box box-normal box-text-bottom box-blog-post has-hover\">\n            \t\t\t\t\t<div class=\"box-image\" >\n  \t\t\t\t\t\t<div class=\"image-cover\" style=\"padding-top:56.25%;\">\n\t\t\t\t\t\t\t<a href=\"https:\/\/mariblum.de\/it\/un-momento-piacevole-con-il-vostro-bambino-in-estate\/\" class=\"plain\" aria-label=\"Un momento piacevole con il vostro bambino in estate\">\n\t\t\t\t\t\t\t\t<img loading=\"lazy\" decoding=\"async\" width=\"200\" height=\"300\" src=\"https:\/\/mariblum.de\/wp-content\/uploads\/2023\/05\/hanf-tragetuch-hautfreundlich-200x300.jpg\" class=\"attachment-medium size-medium wp-post-image\" alt=\"canapa-babywearing-sling\" srcset=\"https:\/\/mariblum.de\/wp-content\/uploads\/2023\/05\/hanf-tragetuch-hautfreundlich-200x300.jpg 200w, https:\/\/mariblum.de\/wp-content\/uploads\/2023\/05\/hanf-tragetuch-hautfreundlich-510x765.jpg 510w, https:\/\/mariblum.de\/wp-content\/uploads\/2023\/05\/hanf-tragetuch-hautfreundlich.jpg 527w\" sizes=\"auto, (max-width: 200px) 100vw, 200px\" \/>\t\t\t\t\t\t\t<\/a>\n  \t\t\t\t\t\t\t  \t\t\t\t\t\t\t  \t\t\t\t\t\t<\/div>\n  \t\t\t\t\t\t  \t\t\t\t\t<\/div>\n          \t\t\t\t\t<div class=\"box-text text-center\" >\n\t\t\t\t\t<div class=\"box-text-inner blog-post-inner\">\n\n\t\t\t\t\t\n\t\t\t\t\t\t\t\t\t\t<h5 class=\"post-title is-large \">\n\t\t\t\t\t\t<a href=\"https:\/\/mariblum.de\/it\/un-momento-piacevole-con-il-vostro-bambino-in-estate\/\" class=\"plain\">Un momento piacevole con il vostro bambino in estate<\/a>\n\t\t\t\t\t<\/h5>\n\t\t\t\t\t\t\t\t\t\t<div class=\"is-divider\"><\/div>\n\t\t\t\t\t\t\t\t\t\t<p class=\"from_the_blog_excerpt \">\n\t\t\t\t\t\tPortare il bambino con amore in estate: consigli per trascorrere momenti piacevoli con il vostro [...]\t\t\t\t\t<\/p>\n\t\t\t\t\t                    \n\t\t\t\t\t\n\t\t\t\t\t\n\t\t\t\t\t<\/div>\n\t\t\t\t\t<\/div>\n\t\t\t\t\t\t\t\t\t\t\t\t\t\t\t\t<div class=\"badge absolute top post-date badge-outline\">\n\t\t\t\t\t\t\t<div class=\"badge-inner\">\n\t\t\t\t\t\t\t\t<span class=\"post-date-day\">08<\/span><br>\n\t\t\t\t\t\t\t\t<span class=\"post-date-month is-xsmall\">Mag<\/span>\n\t\t\t\t\t\t\t<\/div>\n\t\t\t\t\t\t<\/div>\n\t\t\t\t\t\t\t\t\t<\/div>\n\t\t\t<\/div>\n\t\t<\/div><div class=\"col post-item\" >\n\t\t\t<div class=\"col-inner\">\n\t\t\t\t<div class=\"box box-normal box-text-bottom box-blog-post has-hover\">\n            \t\t\t\t\t<div class=\"box-image\" >\n  \t\t\t\t\t\t<div class=\"image-cover\" style=\"padding-top:56.25%;\">\n\t\t\t\t\t\t\t<a href=\"https:\/\/mariblum.de\/it\/con-il-ring-sling-attraverso-lautunno\/\" class=\"plain\" aria-label=\"Con il Ring Sling attraverso l&#8217;autunno\">\n\t\t\t\t\t\t\t\t<img loading=\"lazy\" decoding=\"async\" width=\"225\" height=\"300\" src=\"https:\/\/mariblum.de\/wp-content\/uploads\/2020\/08\/lilalu-rs-225x300.jpg\" class=\"attachment-medium size-medium wp-post-image\" alt=\"\" srcset=\"https:\/\/mariblum.de\/wp-content\/uploads\/2020\/08\/lilalu-rs-225x300.jpg 225w, https:\/\/mariblum.de\/wp-content\/uploads\/2020\/08\/lilalu-rs-510x680.jpg 510w, https:\/\/mariblum.de\/wp-content\/uploads\/2020\/08\/lilalu-rs-768x1024.jpg 768w, https:\/\/mariblum.de\/wp-content\/uploads\/2020\/08\/lilalu-rs.jpg 1024w\" sizes=\"auto, (max-width: 225px) 100vw, 225px\" \/>\t\t\t\t\t\t\t<\/a>\n  \t\t\t\t\t\t\t  \t\t\t\t\t\t\t  \t\t\t\t\t\t<\/div>\n  \t\t\t\t\t\t  \t\t\t\t\t<\/div>\n          \t\t\t\t\t<div class=\"box-text text-center\" >\n\t\t\t\t\t<div class=\"box-text-inner blog-post-inner\">\n\n\t\t\t\t\t\n\t\t\t\t\t\t\t\t\t\t<h5 class=\"post-title is-large \">\n\t\t\t\t\t\t<a href=\"https:\/\/mariblum.de\/it\/con-il-ring-sling-attraverso-lautunno\/\" class=\"plain\">Con il Ring Sling attraverso l&#8217;autunno<\/a>\n\t\t\t\t\t<\/h5>\n\t\t\t\t\t\t\t\t\t\t<div class=\"is-divider\"><\/div>\n\t\t\t\t\t\t\t\t\t\t<p class=\"from_the_blog_excerpt \">\n\t\t\t\t\t\tL&#8217;autunno \u00e8 una stagione magica: l&#8217;aria \u00e8 fresca, le foglie si tingono di colori vivaci [...]\t\t\t\t\t<\/p>\n\t\t\t\t\t                    \n\t\t\t\t\t\n\t\t\t\t\t\n\t\t\t\t\t<\/div>\n\t\t\t\t\t<\/div>\n\t\t\t\t\t\t\t\t\t\t\t\t\t\t\t\t<div class=\"badge absolute top post-date badge-outline\">\n\t\t\t\t\t\t\t<div class=\"badge-inner\">\n\t\t\t\t\t\t\t\t<span class=\"post-date-day\">06<\/span><br>\n\t\t\t\t\t\t\t\t<span class=\"post-date-month is-xsmall\">Set<\/span>\n\t\t\t\t\t\t\t<\/div>\n\t\t\t\t\t\t<\/div>\n\t\t\t\t\t\t\t\t\t<\/div>\n\t\t\t<\/div>\n\t\t<\/div><div class=\"col post-item\" >\n\t\t\t<div class=\"col-inner\">\n\t\t\t\t<div class=\"box box-normal box-text-bottom box-blog-post has-hover\">\n            \t\t\t\t\t<div class=\"box-image\" >\n  \t\t\t\t\t\t<div class=\"image-cover\" style=\"padding-top:56.25%;\">\n\t\t\t\t\t\t\t<a href=\"https:\/\/mariblum.de\/it\/la-magia-del-legame-perche-limbragatura-e-piu-di-un-semplice-mezzo-di-trasporto\/\" class=\"plain\" aria-label=\"La magia del legame: perch\u00e9 l&#8217;imbragatura \u00e8 pi\u00f9 di un semplice mezzo di trasporto\">\n\t\t\t\t\t\t\t\t<img loading=\"lazy\" decoding=\"async\" width=\"300\" height=\"225\" src=\"https:\/\/mariblum.de\/wp-content\/uploads\/2022\/03\/banner-elefanten-tragetuch-aus-baumwolle-300x225.jpg\" class=\"attachment-medium size-medium wp-post-image\" alt=\"\" srcset=\"https:\/\/mariblum.de\/wp-content\/uploads\/2022\/03\/banner-elefanten-tragetuch-aus-baumwolle-300x225.jpg 300w, https:\/\/mariblum.de\/wp-content\/uploads\/2022\/03\/banner-elefanten-tragetuch-aus-baumwolle-510x383.jpg 510w, https:\/\/mariblum.de\/wp-content\/uploads\/2022\/03\/banner-elefanten-tragetuch-aus-baumwolle-1024x768.jpg 1024w, https:\/\/mariblum.de\/wp-content\/uploads\/2022\/03\/banner-elefanten-tragetuch-aus-baumwolle-768x576.jpg 768w, https:\/\/mariblum.de\/wp-content\/uploads\/2022\/03\/banner-elefanten-tragetuch-aus-baumwolle-1536x1152.jpg 1536w, https:\/\/mariblum.de\/wp-content\/uploads\/2022\/03\/banner-elefanten-tragetuch-aus-baumwolle.jpg 2000w\" sizes=\"auto, (max-width: 300px) 100vw, 300px\" \/>\t\t\t\t\t\t\t<\/a>\n  \t\t\t\t\t\t\t  \t\t\t\t\t\t\t  \t\t\t\t\t\t<\/div>\n  \t\t\t\t\t\t  \t\t\t\t\t<\/div>\n          \t\t\t\t\t<div class=\"box-text text-center\" >\n\t\t\t\t\t<div class=\"box-text-inner blog-post-inner\">\n\n\t\t\t\t\t\n\t\t\t\t\t\t\t\t\t\t<h5 class=\"post-title is-large \">\n\t\t\t\t\t\t<a href=\"https:\/\/mariblum.de\/it\/la-magia-del-legame-perche-limbragatura-e-piu-di-un-semplice-mezzo-di-trasporto\/\" class=\"plain\">La magia del legame: perch\u00e9 l&#8217;imbragatura \u00e8 pi\u00f9 di un semplice mezzo di trasporto<\/a>\n\t\t\t\t\t<\/h5>\n\t\t\t\t\t\t\t\t\t\t<div class=\"is-divider\"><\/div>\n\t\t\t\t\t\t\t\t\t\t<p class=\"from_the_blog_excerpt \">\n\t\t\t\t\t\tIl bambino \u00e8 arrivato \u2013 un piccolo miracolo che sconvolge il mondo. Molti genitori si [...]\t\t\t\t\t<\/p>\n\t\t\t\t\t                    \n\t\t\t\t\t\n\t\t\t\t\t\n\t\t\t\t\t<\/div>\n\t\t\t\t\t<\/div>\n\t\t\t\t\t\t\t\t\t\t\t\t\t\t\t\t<div class=\"badge absolute top post-date badge-outline\">\n\t\t\t\t\t\t\t<div class=\"badge-inner\">\n\t\t\t\t\t\t\t\t<span class=\"post-date-day\">03<\/span><br>\n\t\t\t\t\t\t\t\t<span class=\"post-date-month is-xsmall\">Gen<\/span>\n\t\t\t\t\t\t\t<\/div>\n\t\t\t\t\t\t<\/div>\n\t\t\t\t\t\t\t\t\t<\/div>\n\t\t\t<\/div>\n\t\t<\/div><div class=\"col post-item\" >\n\t\t\t<div class=\"col-inner\">\n\t\t\t\t<div class=\"box box-normal box-text-bottom box-blog-post has-hover\">\n            \t\t\t\t\t<div class=\"box-image\" >\n  \t\t\t\t\t\t<div class=\"image-cover\" style=\"padding-top:56.25%;\">\n\t\t\t\t\t\t\t<a href=\"https:\/\/mariblum.de\/it\/babywearing-con-una-fascia-con-vento-e-pioggia\/\" class=\"plain\" aria-label=\"Babywearing con una Fascia con Vento e Pioggia\">\n\t\t\t\t\t\t\t\t<img loading=\"lazy\" decoding=\"async\" width=\"225\" height=\"300\" src=\"https:\/\/mariblum.de\/wp-content\/uploads\/2024\/03\/Babybonding-im-Tragetuch-225x300.png\" class=\"attachment-medium size-medium wp-post-image\" alt=\"Babybonding im Tragetuch\" srcset=\"https:\/\/mariblum.de\/wp-content\/uploads\/2024\/03\/Babybonding-im-Tragetuch-225x300.png 225w, https:\/\/mariblum.de\/wp-content\/uploads\/2024\/03\/Babybonding-im-Tragetuch-510x680.png 510w, https:\/\/mariblum.de\/wp-content\/uploads\/2024\/03\/Babybonding-im-Tragetuch.png 600w\" sizes=\"auto, (max-width: 225px) 100vw, 225px\" \/>\t\t\t\t\t\t\t<\/a>\n  \t\t\t\t\t\t\t  \t\t\t\t\t\t\t  \t\t\t\t\t\t<\/div>\n  \t\t\t\t\t\t  \t\t\t\t\t<\/div>\n          \t\t\t\t\t<div class=\"box-text text-center\" >\n\t\t\t\t\t<div class=\"box-text-inner blog-post-inner\">\n\n\t\t\t\t\t\n\t\t\t\t\t\t\t\t\t\t<h5 class=\"post-title is-large \">\n\t\t\t\t\t\t<a href=\"https:\/\/mariblum.de\/it\/babywearing-con-una-fascia-con-vento-e-pioggia\/\" class=\"plain\">Babywearing con una Fascia con Vento e Pioggia<\/a>\n\t\t\t\t\t<\/h5>\n\t\t\t\t\t\t\t\t\t\t<div class=\"is-divider\"><\/div>\n\t\t\t\t\t\t\t\t\t\t<p class=\"from_the_blog_excerpt \">\n\t\t\t\t\t\tVantaggi e Consigli per Tenere il tuo Bambino al Caldo e al Sicuro Con l\u2019arrivo [...]\t\t\t\t\t<\/p>\n\t\t\t\t\t                    \n\t\t\t\t\t\n\t\t\t\t\t\n\t\t\t\t\t<\/div>\n\t\t\t\t\t<\/div>\n\t\t\t\t\t\t\t\t\t\t\t\t\t\t\t\t<div class=\"badge absolute top post-date badge-outline\">\n\t\t\t\t\t\t\t<div class=\"badge-inner\">\n\t\t\t\t\t\t\t\t<span class=\"post-date-day\">08<\/span><br>\n\t\t\t\t\t\t\t\t<span class=\"post-date-month is-xsmall\">Nov<\/span>\n\t\t\t\t\t\t\t<\/div>\n\t\t\t\t\t\t<\/div>\n\t\t\t\t\t\t\t\t\t<\/div>\n\t\t\t<\/div>\n\t\t<\/div><div class=\"col post-item\" >\n\t\t\t<div class=\"col-inner\">\n\t\t\t\t<div class=\"box box-normal box-text-bottom box-blog-post has-hover\">\n            \t\t\t\t\t<div class=\"box-image\" >\n  \t\t\t\t\t\t<div class=\"image-cover\" style=\"padding-top:56.25%;\">\n\t\t\t\t\t\t\t<a href=\"https:\/\/mariblum.de\/it\/perche-il-bambino-si-sente-piu-a-suo-agio-in-una-fascia-piuttosto-che-in-un-marsupio\/\" class=\"plain\" aria-label=\"Perch\u00e9 il bambino si sente pi\u00f9 a suo agio in una fascia piuttosto che in un marsupio\">\n\t\t\t\t\t\t\t\t<img loading=\"lazy\" decoding=\"async\" width=\"225\" height=\"300\" src=\"https:\/\/mariblum.de\/wp-content\/uploads\/2025\/04\/Tragetuch_Hanf_Baby_mku-225x300.jpg\" class=\"attachment-medium size-medium wp-post-image\" alt=\"\" srcset=\"https:\/\/mariblum.de\/wp-content\/uploads\/2025\/04\/Tragetuch_Hanf_Baby_mku-225x300.jpg 225w, https:\/\/mariblum.de\/wp-content\/uploads\/2025\/04\/Tragetuch_Hanf_Baby_mku-510x680.jpg 510w, https:\/\/mariblum.de\/wp-content\/uploads\/2025\/04\/Tragetuch_Hanf_Baby_mku.jpg 600w\" sizes=\"auto, (max-width: 225px) 100vw, 225px\" \/>\t\t\t\t\t\t\t<\/a>\n  \t\t\t\t\t\t\t  \t\t\t\t\t\t\t  \t\t\t\t\t\t<\/div>\n  \t\t\t\t\t\t  \t\t\t\t\t<\/div>\n          \t\t\t\t\t<div class=\"box-text text-center\" >\n\t\t\t\t\t<div class=\"box-text-inner blog-post-inner\">\n\n\t\t\t\t\t\n\t\t\t\t\t\t\t\t\t\t<h5 class=\"post-title is-large \">\n\t\t\t\t\t\t<a href=\"https:\/\/mariblum.de\/it\/perche-il-bambino-si-sente-piu-a-suo-agio-in-una-fascia-piuttosto-che-in-un-marsupio\/\" class=\"plain\">Perch\u00e9 il bambino si sente pi\u00f9 a suo agio in una fascia piuttosto che in un marsupio<\/a>\n\t\t\t\t\t<\/h5>\n\t\t\t\t\t\t\t\t\t\t<div class=\"is-divider\"><\/div>\n\t\t\t\t\t\t\t\t\t\t<p class=\"from_the_blog_excerpt \">\n\t\t\t\t\t\tA volte basta uno sguardo negli occhi del tuo bambino \u2013 e senti che qualcosa [...]\t\t\t\t\t<\/p>\n\t\t\t\t\t                    \n\t\t\t\t\t\n\t\t\t\t\t\n\t\t\t\t\t<\/div>\n\t\t\t\t\t<\/div>\n\t\t\t\t\t\t\t\t\t\t\t\t\t\t\t\t<div class=\"badge absolute top post-date badge-outline\">\n\t\t\t\t\t\t\t<div class=\"badge-inner\">\n\t\t\t\t\t\t\t\t<span class=\"post-date-day\">06<\/span><br>\n\t\t\t\t\t\t\t\t<span class=\"post-date-month is-xsmall\">Giu<\/span>\n\t\t\t\t\t\t\t<\/div>\n\t\t\t\t\t\t<\/div>\n\t\t\t\t\t\t\t\t\t<\/div>\n\t\t\t<\/div>\n\t\t<\/div><\/div>\n<p>4. considerare il peso e l&#8217;altezza dei bambini: \u00c8 importante considerare il peso e l&#8217;altezza dei vostri figli quando decidete come trasportarli. Se uno dei vostri figli \u00e8 significativamente pi\u00f9 alto o pi\u00f9 pesante dell&#8217;altro, dovrete tenerne conto nella scelta della tecnica di trasporto per garantire una distribuzione uniforme del peso.<\/p>\n<p>5. attenzione alla sicurezza: assicuratevi che entrambi i bambini siano saldamente legati all&#8217;imbragatura e adeguatamente sostenuti. Controllate regolarmente il posizionamento e la vestibilit\u00e0 dell&#8217;imbragatura per assicurarvi che sia ancora correttamente posizionata e non provochi punti di pressione.<\/p>\n<p>6. iniziare lentamente e aumentare gradualmente il tempo di trasporto: Se non siete abituati a portare due bambini contemporaneamente, iniziate lentamente e aumentate gradualmente il tempo di trasporto per abituare il vostro corpo e i vostri figli. Ascoltate il vostro corpo e fate pause regolari, se necessario.<\/p>\n<p>7. utilizzare ausili e supporti: Pu\u00f2 essere utile farsi aiutare dal partner, dai familiari o dagli amici, soprattutto quando ci si abitua a trasportare i fratelli. Se necessario, utilizzate anche una borsa o uno zaino per trasportare oggetti extra come pannolini, snack e acqua.<\/p>\n","protected":false},"excerpt":{"rendered":"<p>Come avvolgere pi\u00f9 bambini contemporaneamente Come genitore di fratelli, portare due o pi\u00f9 bambini contemporaneamente pu\u00f2 essere impegnativo, ma \u00e8 anche un ottimo modo per creare un legame stretto con ciascun bambino e fornire un supporto pratico nella vita di tutti i giorni. In questo post condivideremo consigli e suggerimenti su come gestire efficacemente il [&#8230;]\n","protected":false},"author":1,"featured_media":12061,"comment_status":"closed","ping_status":"closed","sticky":false,"template":"","format":"standard","meta":{"footnotes":""},"categories":[852],"tags":[],"class_list":["post-16261","post","type-post","status-publish","format-standard","has-post-thumbnail","hentry","category-mariblum-porta-bebe-news"],"yoast_head":"<!-- This site is optimized with the Yoast SEO Premium plugin v23.3 (Yoast SEO v28.3) - https:\/\/yoast.com\/product\/yoast-seo-premium-wordpress\/ -->\n<title>Come avvolgere pi\u00f9 bambini contemporaneamente - mariblum - Fascia Porta Bebe<\/title>\n<meta name=\"description\" content=\"Come genitore di fratelli, portare due o pi\u00f9 bambini contemporaneamente pu\u00f2 essere impegnativo\" \/>\n<meta name=\"robots\" content=\"index, follow, max-snippet:-1, max-image-preview:large, max-video-preview:-1\" \/>\n<link rel=\"canonical\" href=\"https:\/\/mariblum.de\/it\/come-avvolgere-piu-bambini-contemporaneamente\/\" \/>\n<meta property=\"og:locale\" content=\"it_IT\" \/>\n<meta property=\"og:type\" content=\"article\" \/>\n<meta property=\"og:title\" content=\"Come avvolgere pi\u00f9 bambini contemporaneamente\" \/>\n<meta property=\"og:description\" content=\"Come genitore di fratelli, portare due o pi\u00f9 bambini contemporaneamente pu\u00f2 essere impegnativo\" \/>\n<meta property=\"og:url\" content=\"https:\/\/mariblum.de\/it\/come-avvolgere-piu-bambini-contemporaneamente\/\" \/>\n<meta property=\"og:site_name\" content=\"mariblum - Fascia Porta Bebe\" \/>\n<meta property=\"article:published_time\" content=\"2024-05-31T05:12:14+00:00\" \/>\n<meta property=\"article:modified_time\" content=\"2024-05-31T05:22:14+00:00\" \/>\n<meta property=\"og:image\" content=\"https:\/\/mariblum.de\/wp-content\/uploads\/2022\/03\/schwarz-pink-tragetuch-aus-baumwolle-elefanten-baby-richtig-tragen-im-tragetuch.jpg\" \/>\n\t<meta property=\"og:image:width\" content=\"533\" \/>\n\t<meta property=\"og:image:height\" content=\"800\" \/>\n\t<meta property=\"og:image:type\" content=\"image\/jpeg\" \/>\n<meta name=\"author\" content=\"mariblum\" \/>\n<meta name=\"twitter:card\" content=\"summary_large_image\" \/>\n<meta name=\"twitter:label1\" content=\"Scritto da\" \/>\n\t<meta name=\"twitter:data1\" content=\"mariblum\" \/>\n\t<meta name=\"twitter:label2\" content=\"Tempo di lettura stimato\" \/>\n\t<meta name=\"twitter:data2\" content=\"2 minuti\" \/>\n<script type=\"application\/ld+json\" class=\"yoast-schema-graph\">{\"@context\":\"https:\\\/\\\/schema.org\",\"@graph\":[{\"@type\":\"Article\",\"@id\":\"https:\\\/\\\/mariblum.de\\\/it\\\/come-avvolgere-piu-bambini-contemporaneamente\\\/#article\",\"isPartOf\":{\"@id\":\"https:\\\/\\\/mariblum.de\\\/it\\\/come-avvolgere-piu-bambini-contemporaneamente\\\/\"},\"author\":{\"name\":\"mariblum\",\"@id\":\"https:\\\/\\\/mariblum.de\\\/it\\\/#\\\/schema\\\/person\\\/0f48a4840cefc156d4d2deb5e4b294d0\"},\"headline\":\"Come avvolgere pi\u00f9 bambini contemporaneamente\",\"datePublished\":\"2024-05-31T05:12:14+00:00\",\"dateModified\":\"2024-05-31T05:22:14+00:00\",\"mainEntityOfPage\":{\"@id\":\"https:\\\/\\\/mariblum.de\\\/it\\\/come-avvolgere-piu-bambini-contemporaneamente\\\/\"},\"wordCount\":416,\"publisher\":{\"@id\":\"https:\\\/\\\/mariblum.de\\\/it\\\/#organization\"},\"image\":{\"@id\":\"https:\\\/\\\/mariblum.de\\\/it\\\/come-avvolgere-piu-bambini-contemporaneamente\\\/#primaryimage\"},\"thumbnailUrl\":\"https:\\\/\\\/mariblum.de\\\/wp-content\\\/uploads\\\/2022\\\/03\\\/schwarz-pink-tragetuch-aus-baumwolle-elefanten-baby-richtig-tragen-im-tragetuch.jpg\",\"articleSection\":[\"mariblum - porta beb\u00e8 news\"],\"inLanguage\":\"it-IT\"},{\"@type\":\"WebPage\",\"@id\":\"https:\\\/\\\/mariblum.de\\\/it\\\/come-avvolgere-piu-bambini-contemporaneamente\\\/\",\"url\":\"https:\\\/\\\/mariblum.de\\\/it\\\/come-avvolgere-piu-bambini-contemporaneamente\\\/\",\"name\":\"Come avvolgere pi\u00f9 bambini contemporaneamente - mariblum - Fascia Porta Bebe\",\"isPartOf\":{\"@id\":\"https:\\\/\\\/mariblum.de\\\/it\\\/#website\"},\"primaryImageOfPage\":{\"@id\":\"https:\\\/\\\/mariblum.de\\\/it\\\/come-avvolgere-piu-bambini-contemporaneamente\\\/#primaryimage\"},\"image\":{\"@id\":\"https:\\\/\\\/mariblum.de\\\/it\\\/come-avvolgere-piu-bambini-contemporaneamente\\\/#primaryimage\"},\"thumbnailUrl\":\"https:\\\/\\\/mariblum.de\\\/wp-content\\\/uploads\\\/2022\\\/03\\\/schwarz-pink-tragetuch-aus-baumwolle-elefanten-baby-richtig-tragen-im-tragetuch.jpg\",\"datePublished\":\"2024-05-31T05:12:14+00:00\",\"dateModified\":\"2024-05-31T05:22:14+00:00\",\"description\":\"Come genitore di fratelli, portare due o pi\u00f9 bambini contemporaneamente pu\u00f2 essere impegnativo\",\"breadcrumb\":{\"@id\":\"https:\\\/\\\/mariblum.de\\\/it\\\/come-avvolgere-piu-bambini-contemporaneamente\\\/#breadcrumb\"},\"inLanguage\":\"it-IT\",\"potentialAction\":[{\"@type\":\"ReadAction\",\"target\":[\"https:\\\/\\\/mariblum.de\\\/it\\\/come-avvolgere-piu-bambini-contemporaneamente\\\/\"]}]},{\"@type\":\"ImageObject\",\"inLanguage\":\"it-IT\",\"@id\":\"https:\\\/\\\/mariblum.de\\\/it\\\/come-avvolgere-piu-bambini-contemporaneamente\\\/#primaryimage\",\"url\":\"https:\\\/\\\/mariblum.de\\\/wp-content\\\/uploads\\\/2022\\\/03\\\/schwarz-pink-tragetuch-aus-baumwolle-elefanten-baby-richtig-tragen-im-tragetuch.jpg\",\"contentUrl\":\"https:\\\/\\\/mariblum.de\\\/wp-content\\\/uploads\\\/2022\\\/03\\\/schwarz-pink-tragetuch-aus-baumwolle-elefanten-baby-richtig-tragen-im-tragetuch.jpg\",\"width\":533,\"height\":800,\"caption\":\"nero-rosa-cotone-bambino-fionda-elefante-bambino-corretto-portando-in-fionda\"},{\"@type\":\"BreadcrumbList\",\"@id\":\"https:\\\/\\\/mariblum.de\\\/it\\\/come-avvolgere-piu-bambini-contemporaneamente\\\/#breadcrumb\",\"itemListElement\":[{\"@type\":\"ListItem\",\"position\":1,\"name\":\"Startseite\",\"item\":\"https:\\\/\\\/mariblum.de\\\/it\\\/\"},{\"@type\":\"ListItem\",\"position\":2,\"name\":\"Come avvolgere pi\u00f9 bambini contemporaneamente\"}]},{\"@type\":\"WebSite\",\"@id\":\"https:\\\/\\\/mariblum.de\\\/it\\\/#website\",\"url\":\"https:\\\/\\\/mariblum.de\\\/it\\\/\",\"name\":\"mariblum Traget\u00fccher\",\"description\":\"il modo naturale di portare il tuo bambino \",\"publisher\":{\"@id\":\"https:\\\/\\\/mariblum.de\\\/it\\\/#organization\"},\"potentialAction\":[{\"@type\":\"SearchAction\",\"target\":{\"@type\":\"EntryPoint\",\"urlTemplate\":\"https:\\\/\\\/mariblum.de\\\/it\\\/?s={search_term_string}\"},\"query-input\":{\"@type\":\"PropertyValueSpecification\",\"valueRequired\":true,\"valueName\":\"search_term_string\"}}],\"inLanguage\":\"it-IT\"},{\"@type\":\"Organization\",\"@id\":\"https:\\\/\\\/mariblum.de\\\/it\\\/#organization\",\"name\":\"mariblum\",\"url\":\"https:\\\/\\\/mariblum.de\\\/it\\\/\",\"logo\":{\"@type\":\"ImageObject\",\"inLanguage\":\"it-IT\",\"@id\":\"https:\\\/\\\/mariblum.de\\\/it\\\/#\\\/schema\\\/logo\\\/image\\\/\",\"url\":\"https:\\\/\\\/mariblum.de\\\/wp-content\\\/uploads\\\/2020\\\/07\\\/logo_m-500x_transparent.png\",\"contentUrl\":\"https:\\\/\\\/mariblum.de\\\/wp-content\\\/uploads\\\/2020\\\/07\\\/logo_m-500x_transparent.png\",\"width\":500,\"height\":500,\"caption\":\"mariblum\"},\"image\":{\"@id\":\"https:\\\/\\\/mariblum.de\\\/it\\\/#\\\/schema\\\/logo\\\/image\\\/\"},\"sameAs\":[\"https:\\\/\\\/www.instagram.com\\\/_mariblum_\\\/\"]},{\"@type\":\"Person\",\"@id\":\"https:\\\/\\\/mariblum.de\\\/it\\\/#\\\/schema\\\/person\\\/0f48a4840cefc156d4d2deb5e4b294d0\",\"name\":\"mariblum\",\"url\":\"https:\\\/\\\/mariblum.de\\\/it\\\/author\\\/mariblum\\\/\"}]}<\/script>\n<!-- \/ Yoast SEO Premium plugin. -->","yoast_head_json":{"title":"Come avvolgere pi\u00f9 bambini contemporaneamente - mariblum - Fascia Porta Bebe","description":"Come genitore di fratelli, portare due o pi\u00f9 bambini contemporaneamente pu\u00f2 essere impegnativo","robots":{"index":"index","follow":"follow","max-snippet":"max-snippet:-1","max-image-preview":"max-image-preview:large","max-video-preview":"max-video-preview:-1"},"canonical":"https:\/\/mariblum.de\/it\/come-avvolgere-piu-bambini-contemporaneamente\/","og_locale":"it_IT","og_type":"article","og_title":"Come avvolgere pi\u00f9 bambini contemporaneamente","og_description":"Come genitore di fratelli, portare due o pi\u00f9 bambini contemporaneamente pu\u00f2 essere impegnativo","og_url":"https:\/\/mariblum.de\/it\/come-avvolgere-piu-bambini-contemporaneamente\/","og_site_name":"mariblum - Fascia Porta Bebe","article_published_time":"2024-05-31T05:12:14+00:00","article_modified_time":"2024-05-31T05:22:14+00:00","og_image":[{"width":533,"height":800,"url":"https:\/\/mariblum.de\/wp-content\/uploads\/2022\/03\/schwarz-pink-tragetuch-aus-baumwolle-elefanten-baby-richtig-tragen-im-tragetuch.jpg","type":"image\/jpeg"}],"author":"mariblum","twitter_card":"summary_large_image","twitter_misc":{"Scritto da":"mariblum","Tempo di lettura stimato":"2 minuti"},"schema":{"@context":"https:\/\/schema.org","@graph":[{"@type":"Article","@id":"https:\/\/mariblum.de\/it\/come-avvolgere-piu-bambini-contemporaneamente\/#article","isPartOf":{"@id":"https:\/\/mariblum.de\/it\/come-avvolgere-piu-bambini-contemporaneamente\/"},"author":{"name":"mariblum","@id":"https:\/\/mariblum.de\/it\/#\/schema\/person\/0f48a4840cefc156d4d2deb5e4b294d0"},"headline":"Come avvolgere pi\u00f9 bambini contemporaneamente","datePublished":"2024-05-31T05:12:14+00:00","dateModified":"2024-05-31T05:22:14+00:00","mainEntityOfPage":{"@id":"https:\/\/mariblum.de\/it\/come-avvolgere-piu-bambini-contemporaneamente\/"},"wordCount":416,"publisher":{"@id":"https:\/\/mariblum.de\/it\/#organization"},"image":{"@id":"https:\/\/mariblum.de\/it\/come-avvolgere-piu-bambini-contemporaneamente\/#primaryimage"},"thumbnailUrl":"https:\/\/mariblum.de\/wp-content\/uploads\/2022\/03\/schwarz-pink-tragetuch-aus-baumwolle-elefanten-baby-richtig-tragen-im-tragetuch.jpg","articleSection":["mariblum - porta beb\u00e8 news"],"inLanguage":"it-IT"},{"@type":"WebPage","@id":"https:\/\/mariblum.de\/it\/come-avvolgere-piu-bambini-contemporaneamente\/","url":"https:\/\/mariblum.de\/it\/come-avvolgere-piu-bambini-contemporaneamente\/","name":"Come avvolgere pi\u00f9 bambini contemporaneamente - mariblum - Fascia Porta Bebe","isPartOf":{"@id":"https:\/\/mariblum.de\/it\/#website"},"primaryImageOfPage":{"@id":"https:\/\/mariblum.de\/it\/come-avvolgere-piu-bambini-contemporaneamente\/#primaryimage"},"image":{"@id":"https:\/\/mariblum.de\/it\/come-avvolgere-piu-bambini-contemporaneamente\/#primaryimage"},"thumbnailUrl":"https:\/\/mariblum.de\/wp-content\/uploads\/2022\/03\/schwarz-pink-tragetuch-aus-baumwolle-elefanten-baby-richtig-tragen-im-tragetuch.jpg","datePublished":"2024-05-31T05:12:14+00:00","dateModified":"2024-05-31T05:22:14+00:00","description":"Come genitore di fratelli, portare due o pi\u00f9 bambini contemporaneamente pu\u00f2 essere impegnativo","breadcrumb":{"@id":"https:\/\/mariblum.de\/it\/come-avvolgere-piu-bambini-contemporaneamente\/#breadcrumb"},"inLanguage":"it-IT","potentialAction":[{"@type":"ReadAction","target":["https:\/\/mariblum.de\/it\/come-avvolgere-piu-bambini-contemporaneamente\/"]}]},{"@type":"ImageObject","inLanguage":"it-IT","@id":"https:\/\/mariblum.de\/it\/come-avvolgere-piu-bambini-contemporaneamente\/#primaryimage","url":"https:\/\/mariblum.de\/wp-content\/uploads\/2022\/03\/schwarz-pink-tragetuch-aus-baumwolle-elefanten-baby-richtig-tragen-im-tragetuch.jpg","contentUrl":"https:\/\/mariblum.de\/wp-content\/uploads\/2022\/03\/schwarz-pink-tragetuch-aus-baumwolle-elefanten-baby-richtig-tragen-im-tragetuch.jpg","width":533,"height":800,"caption":"nero-rosa-cotone-bambino-fionda-elefante-bambino-corretto-portando-in-fionda"},{"@type":"BreadcrumbList","@id":"https:\/\/mariblum.de\/it\/come-avvolgere-piu-bambini-contemporaneamente\/#breadcrumb","itemListElement":[{"@type":"ListItem","position":1,"name":"Startseite","item":"https:\/\/mariblum.de\/it\/"},{"@type":"ListItem","position":2,"name":"Come avvolgere pi\u00f9 bambini contemporaneamente"}]},{"@type":"WebSite","@id":"https:\/\/mariblum.de\/it\/#website","url":"https:\/\/mariblum.de\/it\/","name":"mariblum Traget\u00fccher","description":"il modo naturale di portare il tuo bambino ","publisher":{"@id":"https:\/\/mariblum.de\/it\/#organization"},"potentialAction":[{"@type":"SearchAction","target":{"@type":"EntryPoint","urlTemplate":"https:\/\/mariblum.de\/it\/?s={search_term_string}"},"query-input":{"@type":"PropertyValueSpecification","valueRequired":true,"valueName":"search_term_string"}}],"inLanguage":"it-IT"},{"@type":"Organization","@id":"https:\/\/mariblum.de\/it\/#organization","name":"mariblum","url":"https:\/\/mariblum.de\/it\/","logo":{"@type":"ImageObject","inLanguage":"it-IT","@id":"https:\/\/mariblum.de\/it\/#\/schema\/logo\/image\/","url":"https:\/\/mariblum.de\/wp-content\/uploads\/2020\/07\/logo_m-500x_transparent.png","contentUrl":"https:\/\/mariblum.de\/wp-content\/uploads\/2020\/07\/logo_m-500x_transparent.png","width":500,"height":500,"caption":"mariblum"},"image":{"@id":"https:\/\/mariblum.de\/it\/#\/schema\/logo\/image\/"},"sameAs":["https:\/\/www.instagram.com\/_mariblum_\/"]},{"@type":"Person","@id":"https:\/\/mariblum.de\/it\/#\/schema\/person\/0f48a4840cefc156d4d2deb5e4b294d0","name":"mariblum","url":"https:\/\/mariblum.de\/it\/author\/mariblum\/"}]}},"_links":{"self":[{"href":"https:\/\/mariblum.de\/it\/wp-json\/wp\/v2\/posts\/16261","targetHints":{"allow":["GET"]}}],"collection":[{"href":"https:\/\/mariblum.de\/it\/wp-json\/wp\/v2\/posts"}],"about":[{"href":"https:\/\/mariblum.de\/it\/wp-json\/wp\/v2\/types\/post"}],"author":[{"embeddable":true,"href":"https:\/\/mariblum.de\/it\/wp-json\/wp\/v2\/users\/1"}],"replies":[{"embeddable":true,"href":"https:\/\/mariblum.de\/it\/wp-json\/wp\/v2\/comments?post=16261"}],"version-history":[{"count":0,"href":"https:\/\/mariblum.de\/it\/wp-json\/wp\/v2\/posts\/16261\/revisions"}],"wp:featuredmedia":[{"embeddable":true,"href":"https:\/\/mariblum.de\/it\/wp-json\/wp\/v2\/media\/12061"}],"wp:attachment":[{"href":"https:\/\/mariblum.de\/it\/wp-json\/wp\/v2\/media?parent=16261"}],"wp:term":[{"taxonomy":"category","embeddable":true,"href":"https:\/\/mariblum.de\/it\/wp-json\/wp\/v2\/categories?post=16261"},{"taxonomy":"post_tag","embeddable":true,"href":"https:\/\/mariblum.de\/it\/wp-json\/wp\/v2\/tags?post=16261"}],"curies":[{"name":"wp","href":"https:\/\/api.w.org\/{rel}","templated":true}]}}