{"id":16167,"date":"2024-04-29T08:17:03","date_gmt":"2024-04-29T08:17:03","guid":{"rendered":"https:\/\/mariblum.de\/il-lato-emotivo-del-babywearing\/"},"modified":"2024-04-29T08:17:05","modified_gmt":"2024-04-29T08:17:05","slug":"il-lato-emotivo-del-babywearing","status":"publish","type":"post","link":"https:\/\/mariblum.de\/it\/il-lato-emotivo-del-babywearing\/","title":{"rendered":"Il lato emotivo del babywearing"},"content":{"rendered":"<h2>Il lato emotivo del babywearing: Perch\u00e9 il babywearing non \u00e8 solo pratico, ma anche arricchente per i genitori <\/h2>\n<p class=\"lead\" align=\"justify\">Portare i bambini e i neonati in una fascia \u00e8 molto pi\u00f9 di un modo pratico di trasportarli. \u00c8 un&#8217;esperienza che crea un profondo legame emotivo tra genitori e figli e arricchisce la vita familiare in molti modi. In questo post vogliamo fare luce sull&#8217;aspetto emotivo del babywearing condividendo le storie personali di genitori che hanno vissuto il babywearing come fonte di gioia, legame e arricchimento.<\/p>\n<h3>Trasformare la routine quotidiana in momenti speciali<\/h3>\n<p align=\"justify\">Il babywearing permette ai genitori di trasformare anche le attivit\u00e0 pi\u00f9 banali come cucinare, pulire o fare la spesa in piccole avventure. Sentire il peso caldo del bambino contro di voi mentre svolgete le vostre faccende quotidiane crea momenti preziosi di legame e vicinanza.<\/p>\n<h3>Godetevi la vicinanza e la sicurezza<\/h3>\n<p align=\"justify\">Il babywearing offre un&#8217;opportunit\u00e0 unica per intensificare la vicinanza e la sicurezza tra genitori e figli. La vicinanza non solo favorisce il legame, ma d\u00e0 anche al bambino un senso di sicurezza e di fiducia, molto importante per il suo sviluppo emotivo.<\/p>\n\t\n  \n    <div class=\"row large-columns-4 medium-columns-3 small-columns-2 row-small slider row-slider slider-nav-reveal slider-nav-push\"  data-flickity-options='{&quot;imagesLoaded&quot;: true, &quot;groupCells&quot;: &quot;100%&quot;, &quot;dragThreshold&quot; : 5, &quot;cellAlign&quot;: &quot;left&quot;,&quot;wrapAround&quot;: true,&quot;prevNextButtons&quot;: true,&quot;percentPosition&quot;: true,&quot;pageDots&quot;: false, &quot;rightToLeft&quot;: false, &quot;autoPlay&quot; : false}' >\n\n  \n\t     <div class=\"product-small col has-hover has-product-safety-information product type-product post-20631 status-publish first instock product_cat-fascia-porta-bebe product_cat-fascia-porta-bebe-in-lino-imbragature product_cat-tessuti-di-lini product_tag-babytrage-naturmaterialien-it product_tag-ergonomisches-babytragetuch-it product_tag-kinderwagen-alternative-it product_tag-leichtes-tragetuch-it product_tag-leinentragetuch-blau-it product_tag-mariblum-strawberry-cheesecake-it product_tag-nachhaltige-babyerstausstattung-it product_tag-nachhaltiges-tragetuch-it product_tag-pflanzengefaerbtes-tragetuch-it product_tag-tagebuch-blau-it product_tag-tragetuch-blau-it product_tag-tragetuch-bonding-it product_tag-tragetuch-fuer-babys-it product_tag-tragetuch-neugeborene-it product_tag-tragetuch-pflanzenfarbe-it product_tag-tragetuch-sommer-it product_tag-tragetuch-unikat-it product_tag-veganes-babytragetuch-it has-post-thumbnail shipping-taxable purchasable product-type-variable\">\n\t<div class=\"col-inner\">\n\t\n<div class=\"badge-container absolute left top z-1\">\n\n<div class=\"badge callout badge-circle\"><div class=\"badge-inner callout-new-bg is-small new-bubble\">NEW<\/div><\/div><\/div>\n\t<div class=\"product-small box \">\n\t\t<div class=\"box-image\">\n\t\t\t<div class=\"image-fade_in_back\">\n\t\t\t\t<a href=\"https:\/\/mariblum.de\/it\/produkt\/tragetuch-blau-leinen-wasserfall\/\">\n\t\t\t\t\t<img loading=\"lazy\" decoding=\"async\" width=\"247\" height=\"247\" src=\"https:\/\/mariblum.de\/wp-content\/uploads\/2026\/08\/Tragetuch-blau-baby-247x247.webp\" class=\"attachment-woocommerce_thumbnail size-woocommerce_thumbnail\" alt=\"Cascata Fascia porta beb\u00e8\" srcset=\"https:\/\/mariblum.de\/wp-content\/uploads\/2026\/08\/Tragetuch-blau-baby-247x247.webp 247w, https:\/\/mariblum.de\/wp-content\/uploads\/2026\/08\/Tragetuch-blau-baby-150x150.webp 150w, https:\/\/mariblum.de\/wp-content\/uploads\/2026\/08\/Tragetuch-blau-baby-100x100.webp 100w\" sizes=\"auto, (max-width: 247px) 100vw, 247px\" \/>\t\t\t\t<\/a>\n\t\t\t<\/div>\n\t\t\t<div class=\"image-tools is-small top right show-on-hover\">\n\t\t\t\t\t\t\t<\/div>\n\t\t\t<div class=\"image-tools is-small hide-for-small bottom left show-on-hover\">\n\t\t\t\t\t\t\t<\/div>\n\t\t\t<div class=\"image-tools grid-tools text-center hide-for-small bottom hover-slide-in show-on-hover\">\n\t\t\t\t<a href=\"#quick-view\" class=\"quick-view\" role=\"button\" data-prod=\"20631\" aria-haspopup=\"dialog\" aria-expanded=\"false\" data-flatsome-role-button>Anteprima<\/a>\t\t\t<\/div>\n\t\t\t\t\t<\/div>\n\n\t\t<div class=\"box-text box-text-products text-center grid-style-2\">\n\t\t\t<div class=\"title-wrapper\">\t\t<p class=\"category uppercase is-smaller no-text-overflow product-cat op-8\">\n\t\t\tFascia Porta Beb\u00e8\t\t<\/p>\n\t<p class=\"name product-title woocommerce-loop-product__title\"><a href=\"https:\/\/mariblum.de\/it\/produkt\/tragetuch-blau-leinen-wasserfall\/\" class=\"woocommerce-LoopProduct-link woocommerce-loop-product__link\">Cascata Fascia porta beb\u00e8<\/a><\/p><\/div><div class=\"price-wrapper\">\n\n\n\n<\/div>\t\t<\/div>\n\t<\/div>\n\t\n\t<\/div>\n<\/div><div class=\"product-small col has-hover has-product-safety-information product type-product post-20442 status-publish instock product_cat-fascia-porta-bebe-in-canapa-imbragature product_cat-tessuti-di-canapa has-post-thumbnail featured shipping-taxable purchasable product-type-variable has-default-attributes\">\n\t<div class=\"col-inner\">\n\t\n<div class=\"badge-container absolute left top z-1\">\n\n<\/div>\n\t<div class=\"product-small box \">\n\t\t<div class=\"box-image\">\n\t\t\t<div class=\"image-fade_in_back\">\n\t\t\t\t<a href=\"https:\/\/mariblum.de\/it\/produkt\/strawberry-cheesecake-imbragature\/\">\n\t\t\t\t\t<img loading=\"lazy\" decoding=\"async\" width=\"247\" height=\"247\" src=\"https:\/\/mariblum.de\/wp-content\/uploads\/2026\/06\/babytragetuch-pflanzenfarbe-hanf-sommer-outfit-247x247.webp\" class=\"attachment-woocommerce_thumbnail size-woocommerce_thumbnail\" alt=\"Modische Mutter tr\u00e4gt ihr Baby im rosa mariblum Tragetuch aus Hanf als praktische Alternative zum Kinderwagen.\" srcset=\"https:\/\/mariblum.de\/wp-content\/uploads\/2026\/06\/babytragetuch-pflanzenfarbe-hanf-sommer-outfit-247x247.webp 247w, https:\/\/mariblum.de\/wp-content\/uploads\/2026\/06\/babytragetuch-pflanzenfarbe-hanf-sommer-outfit-150x150.webp 150w, https:\/\/mariblum.de\/wp-content\/uploads\/2026\/06\/babytragetuch-pflanzenfarbe-hanf-sommer-outfit-100x100.webp 100w\" sizes=\"auto, (max-width: 247px) 100vw, 247px\" \/><img loading=\"lazy\" decoding=\"async\" width=\"247\" height=\"247\" src=\"https:\/\/mariblum.de\/wp-content\/uploads\/2026\/06\/ergonomisches-babytragetuch-hanf-nahaufnahme-247x247.webp\" class=\"show-on-hover absolute fill hide-for-small back-image\" alt=\"Alternative view of Strawberry Cheesecake - Imbragature\" aria-hidden=\"true\" srcset=\"https:\/\/mariblum.de\/wp-content\/uploads\/2026\/06\/ergonomisches-babytragetuch-hanf-nahaufnahme-247x247.webp 247w, https:\/\/mariblum.de\/wp-content\/uploads\/2026\/06\/ergonomisches-babytragetuch-hanf-nahaufnahme-150x150.webp 150w, https:\/\/mariblum.de\/wp-content\/uploads\/2026\/06\/ergonomisches-babytragetuch-hanf-nahaufnahme-100x100.webp 100w\" sizes=\"auto, (max-width: 247px) 100vw, 247px\" \/>\t\t\t\t<\/a>\n\t\t\t<\/div>\n\t\t\t<div class=\"image-tools is-small top right show-on-hover\">\n\t\t\t\t\t\t\t<\/div>\n\t\t\t<div class=\"image-tools is-small hide-for-small bottom left show-on-hover\">\n\t\t\t\t\t\t\t<\/div>\n\t\t\t<div class=\"image-tools grid-tools text-center hide-for-small bottom hover-slide-in show-on-hover\">\n\t\t\t\t<a href=\"#quick-view\" class=\"quick-view\" role=\"button\" data-prod=\"20442\" aria-haspopup=\"dialog\" aria-expanded=\"false\" data-flatsome-role-button>Anteprima<\/a>\t\t\t<\/div>\n\t\t\t\t\t<\/div>\n\n\t\t<div class=\"box-text box-text-products text-center grid-style-2\">\n\t\t\t<div class=\"ux-swatches ux-swatches-in-loop ux-swatches--rounded ux-swatches--x-small\" role=\"radiogroup\" data-flatsome-role-radiogroup><\/div><div class=\"title-wrapper\">\t\t<p class=\"category uppercase is-smaller no-text-overflow product-cat op-8\">\n\t\t\tImbragature in canapa\t\t<\/p>\n\t<p class=\"name product-title woocommerce-loop-product__title\"><a href=\"https:\/\/mariblum.de\/it\/produkt\/strawberry-cheesecake-imbragature\/\" class=\"woocommerce-LoopProduct-link woocommerce-loop-product__link\">Strawberry Cheesecake &#8211; Imbragature<\/a><\/p><\/div><div class=\"price-wrapper\">\n\t<span class=\"price\"><span class=\"woocommerce-Price-amount amount\"><bdi>219,95&nbsp;<span class=\"woocommerce-Price-currencySymbol\" translate=\"no\">&euro;<\/span><\/bdi><\/span> &ndash; <span class=\"woocommerce-Price-amount amount\"><bdi>229,95&nbsp;<span class=\"woocommerce-Price-currencySymbol\" translate=\"no\">&euro;<\/span><\/bdi><\/span><\/span>\n\n\n\n<\/div>\t\t<\/div>\n\t<\/div>\n\t\n\t<\/div>\n<\/div><div class=\"product-small col has-hover has-product-safety-information product type-product post-19360 status-publish last instock product_cat-ring-sling-it product_cat-ring-sling-it-in-lino product_cat-tessuti-di-lini product_tag-biologica product_tag-giallo product_tag-lino product_tag-ring-sling-it has-post-thumbnail featured purchasable product-type-variable has-default-attributes\">\n\t<div class=\"col-inner\">\n\t\n<div class=\"badge-container absolute left top z-1\">\n\n<\/div>\n\t<div class=\"product-small box \">\n\t\t<div class=\"box-image\">\n\t\t\t<div class=\"image-fade_in_back\">\n\t\t\t\t<a href=\"https:\/\/mariblum.de\/it\/produkt\/curry-dorato-ring-sling-in-lino\/\">\n\t\t\t\t\t<img loading=\"lazy\" decoding=\"async\" width=\"247\" height=\"247\" src=\"https:\/\/mariblum.de\/wp-content\/uploads\/2025\/05\/Golden-Curry-Ring-Sling-247x247.jpeg\" class=\"attachment-woocommerce_thumbnail size-woocommerce_thumbnail\" alt=\"Curry dorato - Ring Sling in lino\" srcset=\"https:\/\/mariblum.de\/wp-content\/uploads\/2025\/05\/Golden-Curry-Ring-Sling-247x247.jpeg 247w, https:\/\/mariblum.de\/wp-content\/uploads\/2025\/05\/Golden-Curry-Ring-Sling-150x150.jpeg 150w, https:\/\/mariblum.de\/wp-content\/uploads\/2025\/05\/Golden-Curry-Ring-Sling-100x100.jpeg 100w\" sizes=\"auto, (max-width: 247px) 100vw, 247px\" \/><img loading=\"lazy\" decoding=\"async\" width=\"247\" height=\"247\" src=\"https:\/\/mariblum.de\/wp-content\/uploads\/2025\/05\/Golden-Curry-Ring-Sling-Leinen-247x247.jpeg\" class=\"show-on-hover absolute fill hide-for-small back-image\" alt=\"Alternative view of Curry dorato - Ring Sling in lino\" aria-hidden=\"true\" srcset=\"https:\/\/mariblum.de\/wp-content\/uploads\/2025\/05\/Golden-Curry-Ring-Sling-Leinen-247x247.jpeg 247w, https:\/\/mariblum.de\/wp-content\/uploads\/2025\/05\/Golden-Curry-Ring-Sling-Leinen-150x150.jpeg 150w, https:\/\/mariblum.de\/wp-content\/uploads\/2025\/05\/Golden-Curry-Ring-Sling-Leinen-100x100.jpeg 100w\" sizes=\"auto, (max-width: 247px) 100vw, 247px\" \/>\t\t\t\t<\/a>\n\t\t\t<\/div>\n\t\t\t<div class=\"image-tools is-small top right show-on-hover\">\n\t\t\t\t\t\t\t<\/div>\n\t\t\t<div class=\"image-tools is-small hide-for-small bottom left show-on-hover\">\n\t\t\t\t\t\t\t<\/div>\n\t\t\t<div class=\"image-tools grid-tools text-center hide-for-small bottom hover-slide-in show-on-hover\">\n\t\t\t\t<a href=\"#quick-view\" class=\"quick-view\" role=\"button\" data-prod=\"19360\" aria-haspopup=\"dialog\" aria-expanded=\"false\" data-flatsome-role-button>Anteprima<\/a>\t\t\t<\/div>\n\t\t\t\t\t<\/div>\n\n\t\t<div class=\"box-text box-text-products text-center grid-style-2\">\n\t\t\t<div class=\"title-wrapper\">\t\t<p class=\"category uppercase is-smaller no-text-overflow product-cat op-8\">\n\t\t\tRing Slings\t\t<\/p>\n\t<p class=\"name product-title woocommerce-loop-product__title\"><a href=\"https:\/\/mariblum.de\/it\/produkt\/curry-dorato-ring-sling-in-lino\/\" class=\"woocommerce-LoopProduct-link woocommerce-loop-product__link\">Curry dorato &#8211; Ring Sling in lino<\/a><\/p><\/div><div class=\"price-wrapper\">\n\t<span class=\"price\"><span class=\"woocommerce-Price-amount amount\"><bdi>109,95&nbsp;<span class=\"woocommerce-Price-currencySymbol\" translate=\"no\">&euro;<\/span><\/bdi><\/span><\/span>\n\n\n\n<\/div>\t\t<\/div>\n\t<\/div>\n\t\n\t<\/div>\n<\/div><div class=\"product-small col has-hover has-product-safety-information product type-product post-18823 status-publish first instock product_cat-ring-sling-it product_cat-ring-sling-it-in-canapa product_cat-tessuti-di-canapa product_tag-bambino product_tag-giallo product_tag-ring-sling-it product_tag-ringsling-it has-post-thumbnail featured shipping-taxable purchasable product-type-variable has-default-attributes\">\n\t<div class=\"col-inner\">\n\t\n<div class=\"badge-container absolute left top z-1\">\n\n<div class=\"badge callout badge-circle\"><div class=\"badge-inner callout-new-bg is-small new-bubble\">NUOVO<\/div><\/div><\/div>\n\t<div class=\"product-small box \">\n\t\t<div class=\"box-image\">\n\t\t\t<div class=\"image-fade_in_back\">\n\t\t\t\t<a href=\"https:\/\/mariblum.de\/it\/produkt\/foresta-scura-ring-sling-copy\/\">\n\t\t\t\t\t<img loading=\"lazy\" decoding=\"async\" width=\"247\" height=\"247\" src=\"https:\/\/mariblum.de\/wp-content\/uploads\/2025\/05\/Sunny-Dots-RS-Leinen-247x247.jpeg\" class=\"attachment-woocommerce_thumbnail size-woocommerce_thumbnail\" alt=\"Puntini di sole - Ring Sling\" srcset=\"https:\/\/mariblum.de\/wp-content\/uploads\/2025\/05\/Sunny-Dots-RS-Leinen-247x247.jpeg 247w, https:\/\/mariblum.de\/wp-content\/uploads\/2025\/05\/Sunny-Dots-RS-Leinen-150x150.jpeg 150w, https:\/\/mariblum.de\/wp-content\/uploads\/2025\/05\/Sunny-Dots-RS-Leinen-100x100.jpeg 100w\" sizes=\"auto, (max-width: 247px) 100vw, 247px\" \/><img loading=\"lazy\" decoding=\"async\" width=\"247\" height=\"247\" src=\"https:\/\/mariblum.de\/wp-content\/uploads\/2025\/03\/Sunny-Dots-Tragetuch-aus-Hanf-247x247.jpg\" class=\"show-on-hover absolute fill hide-for-small back-image\" alt=\"Alternative view of Puntini di sole - Ring Sling\" aria-hidden=\"true\" srcset=\"https:\/\/mariblum.de\/wp-content\/uploads\/2025\/03\/Sunny-Dots-Tragetuch-aus-Hanf-247x247.jpg 247w, https:\/\/mariblum.de\/wp-content\/uploads\/2025\/03\/Sunny-Dots-Tragetuch-aus-Hanf-150x150.jpg 150w, https:\/\/mariblum.de\/wp-content\/uploads\/2025\/03\/Sunny-Dots-Tragetuch-aus-Hanf-100x100.jpg 100w\" sizes=\"auto, (max-width: 247px) 100vw, 247px\" \/>\t\t\t\t<\/a>\n\t\t\t<\/div>\n\t\t\t<div class=\"image-tools is-small top right show-on-hover\">\n\t\t\t\t\t\t\t<\/div>\n\t\t\t<div class=\"image-tools is-small hide-for-small bottom left show-on-hover\">\n\t\t\t\t\t\t\t<\/div>\n\t\t\t<div class=\"image-tools grid-tools text-center hide-for-small bottom hover-slide-in show-on-hover\">\n\t\t\t\t<a href=\"#quick-view\" class=\"quick-view\" role=\"button\" data-prod=\"18823\" aria-haspopup=\"dialog\" aria-expanded=\"false\" data-flatsome-role-button>Anteprima<\/a>\t\t\t<\/div>\n\t\t\t\t\t<\/div>\n\n\t\t<div class=\"box-text box-text-products text-center grid-style-2\">\n\t\t\t<div class=\"title-wrapper\">\t\t<p class=\"category uppercase is-smaller no-text-overflow product-cat op-8\">\n\t\t\tRing Slings\t\t<\/p>\n\t<p class=\"name product-title woocommerce-loop-product__title\"><a href=\"https:\/\/mariblum.de\/it\/produkt\/foresta-scura-ring-sling-copy\/\" class=\"woocommerce-LoopProduct-link woocommerce-loop-product__link\">Puntini di sole &#8211; Ring Sling<\/a><\/p><\/div><div class=\"price-wrapper\">\n\t<span class=\"price\"><span class=\"woocommerce-Price-amount amount\"><bdi>147,95&nbsp;<span class=\"woocommerce-Price-currencySymbol\" translate=\"no\">&euro;<\/span><\/bdi><\/span><\/span>\n\n\n\n<\/div>\t\t<\/div>\n\t<\/div>\n\t\n\t<\/div>\n<\/div><div class=\"product-small col has-hover product type-product post-16084 status-publish instock product_cat-fascia-porta-bebe-in-canapa-imbragature product_cat-tessuti-di-canapa product_tag-canapa product_tag-fascia-porta-bebe has-post-thumbnail featured purchasable product-type-variable has-default-attributes\">\n\t<div class=\"col-inner\">\n\t\n<div class=\"badge-container absolute left top z-1\">\n\n<\/div>\n\t<div class=\"product-small box \">\n\t\t<div class=\"box-image\">\n\t\t\t<div class=\"image-fade_in_back\">\n\t\t\t\t<a href=\"https:\/\/mariblum.de\/it\/produkt\/scoiattolo-imbragature\/\">\n\t\t\t\t\t<img loading=\"lazy\" decoding=\"async\" width=\"247\" height=\"247\" src=\"https:\/\/mariblum.de\/wp-content\/uploads\/2024\/04\/Babytragetuch-aus-hanf-braun-247x247.webp\" class=\"attachment-woocommerce_thumbnail size-woocommerce_thumbnail\" alt=\"Marsupio in canapa per la migliore climatizzazione del bambino\" srcset=\"https:\/\/mariblum.de\/wp-content\/uploads\/2024\/04\/Babytragetuch-aus-hanf-braun-247x247.webp 247w, https:\/\/mariblum.de\/wp-content\/uploads\/2024\/04\/Babytragetuch-aus-hanf-braun-150x150.webp 150w, https:\/\/mariblum.de\/wp-content\/uploads\/2024\/04\/Babytragetuch-aus-hanf-braun-100x100.webp 100w\" sizes=\"auto, (max-width: 247px) 100vw, 247px\" \/><img loading=\"lazy\" decoding=\"async\" width=\"247\" height=\"247\" src=\"https:\/\/mariblum.de\/wp-content\/uploads\/2024\/04\/glueckliches-Baby-im-tragetuch-ohne-schreien-247x247.webp\" class=\"show-on-hover absolute fill hide-for-small back-image\" alt=\"Un bambino che dorme felicemente in una fascia che dorme\" aria-hidden=\"true\" srcset=\"https:\/\/mariblum.de\/wp-content\/uploads\/2024\/04\/glueckliches-Baby-im-tragetuch-ohne-schreien-247x247.webp 247w, https:\/\/mariblum.de\/wp-content\/uploads\/2024\/04\/glueckliches-Baby-im-tragetuch-ohne-schreien-150x150.webp 150w, https:\/\/mariblum.de\/wp-content\/uploads\/2024\/04\/glueckliches-Baby-im-tragetuch-ohne-schreien-100x100.webp 100w\" sizes=\"auto, (max-width: 247px) 100vw, 247px\" \/>\t\t\t\t<\/a>\n\t\t\t<\/div>\n\t\t\t<div class=\"image-tools is-small top right show-on-hover\">\n\t\t\t\t\t\t\t<\/div>\n\t\t\t<div class=\"image-tools is-small hide-for-small bottom left show-on-hover\">\n\t\t\t\t\t\t\t<\/div>\n\t\t\t<div class=\"image-tools grid-tools text-center hide-for-small bottom hover-slide-in show-on-hover\">\n\t\t\t\t<a href=\"#quick-view\" class=\"quick-view\" role=\"button\" data-prod=\"16084\" aria-haspopup=\"dialog\" aria-expanded=\"false\" data-flatsome-role-button>Anteprima<\/a>\t\t\t<\/div>\n\t\t\t\t\t<\/div>\n\n\t\t<div class=\"box-text box-text-products text-center grid-style-2\">\n\t\t\t<div class=\"ux-swatches ux-swatches-in-loop ux-swatches--rounded ux-swatches--x-small\" role=\"radiogroup\" data-flatsome-role-radiogroup><div data-image-src=\"https:\/\/mariblum.de\/wp-content\/uploads\/2024\/04\/Babytragetuch-aus-hanf-braun-247x247.webp\" data-image-srcset=\"https:\/\/mariblum.de\/wp-content\/uploads\/2024\/04\/Babytragetuch-aus-hanf-braun-247x247.webp 247w, https:\/\/mariblum.de\/wp-content\/uploads\/2024\/04\/Babytragetuch-aus-hanf-braun-150x150.webp 150w, https:\/\/mariblum.de\/wp-content\/uploads\/2024\/04\/Babytragetuch-aus-hanf-braun-100x100.webp 100w\" data-image-sizes=\"(max-width: 247px) 100vw, 247px\" data-attribute_name=\"attribute_pa_tt-groesze\" data-value=\"tt450-it\" aria-label=\"4,50 m\" role=\"radio\" aria-checked=\"false\" tabindex=\"0\" class=\"ux-swatch ux-swatch--label\"><span class=\"ux-swatch__text\">4,50 m<\/span><\/div><div data-image-src=\"https:\/\/mariblum.de\/wp-content\/uploads\/2024\/04\/Babytragetuch-aus-hanf-braun-247x247.webp\" data-image-srcset=\"https:\/\/mariblum.de\/wp-content\/uploads\/2024\/04\/Babytragetuch-aus-hanf-braun-247x247.webp 247w, https:\/\/mariblum.de\/wp-content\/uploads\/2024\/04\/Babytragetuch-aus-hanf-braun-150x150.webp 150w, https:\/\/mariblum.de\/wp-content\/uploads\/2024\/04\/Babytragetuch-aus-hanf-braun-100x100.webp 100w\" data-image-sizes=\"(max-width: 247px) 100vw, 247px\" data-attribute_name=\"attribute_pa_tt-groesze\" data-value=\"tt500-it\" aria-label=\"5,00 m\" role=\"radio\" aria-checked=\"false\" tabindex=\"0\" class=\"ux-swatch ux-swatch--label\"><span class=\"ux-swatch__text\">5,00 m<\/span><\/div><\/div><div class=\"title-wrapper\">\t\t<p class=\"category uppercase is-smaller no-text-overflow product-cat op-8\">\n\t\t\tImbragature in canapa\t\t<\/p>\n\t<p class=\"name product-title woocommerce-loop-product__title\"><a href=\"https:\/\/mariblum.de\/it\/produkt\/scoiattolo-imbragature\/\" class=\"woocommerce-LoopProduct-link woocommerce-loop-product__link\">Scoiattolo &#8211; Imbragature<\/a><\/p><\/div><div class=\"price-wrapper\">\n\t<span class=\"price\"><span class=\"woocommerce-Price-amount amount\"><bdi>144,95&nbsp;<span class=\"woocommerce-Price-currencySymbol\" translate=\"no\">&euro;<\/span><\/bdi><\/span> &ndash; <span class=\"woocommerce-Price-amount amount\"><bdi>149,95&nbsp;<span class=\"woocommerce-Price-currencySymbol\" translate=\"no\">&euro;<\/span><\/bdi><\/span><\/span>\n\n\n\n<\/div>\t\t<\/div>\n\t<\/div>\n\t\n\t<\/div>\n<\/div><div class=\"product-small col has-hover has-product-safety-information product type-product post-16049 status-publish last instock product_cat-ring-sling-it product_cat-ring-sling-it-in-canapa product_cat-tessuti-di-canapa product_tag-bruno product_tag-canapa product_tag-fascia-porta-bebe has-post-thumbnail featured purchasable product-type-variable has-default-attributes\">\n\t<div class=\"col-inner\">\n\t\n<div class=\"badge-container absolute left top z-1\">\n\n<\/div>\n\t<div class=\"product-small box \">\n\t\t<div class=\"box-image\">\n\t\t\t<div class=\"image-fade_in_back\">\n\t\t\t\t<a href=\"https:\/\/mariblum.de\/it\/produkt\/scoiattolo-ring-sling\/\">\n\t\t\t\t\t<img loading=\"lazy\" decoding=\"async\" width=\"247\" height=\"247\" src=\"https:\/\/mariblum.de\/wp-content\/uploads\/2024\/04\/Eichhoernchen-Ring-Sling-Braun-aus-Hanf-seite-247x247.jpeg\" class=\"attachment-woocommerce_thumbnail size-woocommerce_thumbnail\" alt=\"Fionda ad anello scoiattolo marrone in canapa\" srcset=\"https:\/\/mariblum.de\/wp-content\/uploads\/2024\/04\/Eichhoernchen-Ring-Sling-Braun-aus-Hanf-seite-247x247.jpeg 247w, https:\/\/mariblum.de\/wp-content\/uploads\/2024\/04\/Eichhoernchen-Ring-Sling-Braun-aus-Hanf-seite-100x100.jpeg 100w, https:\/\/mariblum.de\/wp-content\/uploads\/2024\/04\/Eichhoernchen-Ring-Sling-Braun-aus-Hanf-seite-150x150.jpeg 150w\" sizes=\"auto, (max-width: 247px) 100vw, 247px\" \/><img loading=\"lazy\" decoding=\"async\" width=\"247\" height=\"247\" src=\"https:\/\/mariblum.de\/wp-content\/uploads\/2024\/04\/Eichhoernchen-Ring-Sling-Braun-aus-Hanf-1-247x247.jpeg\" class=\"show-on-hover absolute fill hide-for-small back-image\" alt=\"Fionda ad anello scoiattolo marrone in canapa\" aria-hidden=\"true\" srcset=\"https:\/\/mariblum.de\/wp-content\/uploads\/2024\/04\/Eichhoernchen-Ring-Sling-Braun-aus-Hanf-1-247x247.jpeg 247w, https:\/\/mariblum.de\/wp-content\/uploads\/2024\/04\/Eichhoernchen-Ring-Sling-Braun-aus-Hanf-1-100x100.jpeg 100w, https:\/\/mariblum.de\/wp-content\/uploads\/2024\/04\/Eichhoernchen-Ring-Sling-Braun-aus-Hanf-1-150x150.jpeg 150w\" sizes=\"auto, (max-width: 247px) 100vw, 247px\" \/>\t\t\t\t<\/a>\n\t\t\t<\/div>\n\t\t\t<div class=\"image-tools is-small top right show-on-hover\">\n\t\t\t\t\t\t\t<\/div>\n\t\t\t<div class=\"image-tools is-small hide-for-small bottom left show-on-hover\">\n\t\t\t\t\t\t\t<\/div>\n\t\t\t<div class=\"image-tools grid-tools text-center hide-for-small bottom hover-slide-in show-on-hover\">\n\t\t\t\t<a href=\"#quick-view\" class=\"quick-view\" role=\"button\" data-prod=\"16049\" aria-haspopup=\"dialog\" aria-expanded=\"false\" data-flatsome-role-button>Anteprima<\/a>\t\t\t<\/div>\n\t\t\t\t\t<\/div>\n\n\t\t<div class=\"box-text box-text-products text-center grid-style-2\">\n\t\t\t<div class=\"title-wrapper\">\t\t<p class=\"category uppercase is-smaller no-text-overflow product-cat op-8\">\n\t\t\tRing Slings\t\t<\/p>\n\t<p class=\"name product-title woocommerce-loop-product__title\"><a href=\"https:\/\/mariblum.de\/it\/produkt\/scoiattolo-ring-sling\/\" class=\"woocommerce-LoopProduct-link woocommerce-loop-product__link\">Scoiattolo &#8211; Ring Sling<\/a><\/p><\/div><div class=\"price-wrapper\">\n\t<span class=\"price\"><span class=\"woocommerce-Price-amount amount\"><bdi>109,95&nbsp;<span class=\"woocommerce-Price-currencySymbol\" translate=\"no\">&euro;<\/span><\/bdi><\/span><\/span>\n\n\n\n<\/div>\t\t<\/div>\n\t<\/div>\n\t\n\t<\/div>\n<\/div><div class=\"product-small col has-hover has-product-safety-information product type-product post-16007 status-publish first instock product_cat-ring-sling-it product_cat-ring-sling-it-in-canapa product_cat-tessuti-di-canapa product_tag-canapa product_tag-fascia-porta-bebe product_tag-verde has-post-thumbnail featured purchasable product-type-variable\">\n\t<div class=\"col-inner\">\n\t\n<div class=\"badge-container absolute left top z-1\">\n\n<\/div>\n\t<div class=\"product-small box \">\n\t\t<div class=\"box-image\">\n\t\t\t<div class=\"image-fade_in_back\">\n\t\t\t\t<a href=\"https:\/\/mariblum.de\/it\/produkt\/zephyr-ring-sling-in-canapa\/\">\n\t\t\t\t\t<img loading=\"lazy\" decoding=\"async\" width=\"247\" height=\"247\" src=\"https:\/\/mariblum.de\/wp-content\/uploads\/2024\/04\/Zephyr-247x247.jpg\" class=\"attachment-woocommerce_thumbnail size-woocommerce_thumbnail\" alt=\"Ring Sling Tragetuch aus Hanf T\u00fcrkis\" srcset=\"https:\/\/mariblum.de\/wp-content\/uploads\/2024\/04\/Zephyr-247x247.jpg 247w, https:\/\/mariblum.de\/wp-content\/uploads\/2024\/04\/Zephyr-100x100.jpg 100w, https:\/\/mariblum.de\/wp-content\/uploads\/2024\/04\/Zephyr-150x150.jpg 150w\" sizes=\"auto, (max-width: 247px) 100vw, 247px\" \/><img loading=\"lazy\" decoding=\"async\" width=\"247\" height=\"247\" src=\"https:\/\/mariblum.de\/wp-content\/uploads\/2024\/04\/Zephyr2-247x247.jpg\" class=\"show-on-hover absolute fill hide-for-small back-image\" alt=\"imbragatura leggera color menta realizzata in canapa\" aria-hidden=\"true\" srcset=\"https:\/\/mariblum.de\/wp-content\/uploads\/2024\/04\/Zephyr2-247x247.jpg 247w, https:\/\/mariblum.de\/wp-content\/uploads\/2024\/04\/Zephyr2-100x100.jpg 100w, https:\/\/mariblum.de\/wp-content\/uploads\/2024\/04\/Zephyr2-150x150.jpg 150w\" sizes=\"auto, (max-width: 247px) 100vw, 247px\" \/>\t\t\t\t<\/a>\n\t\t\t<\/div>\n\t\t\t<div class=\"image-tools is-small top right show-on-hover\">\n\t\t\t\t\t\t\t<\/div>\n\t\t\t<div class=\"image-tools is-small hide-for-small bottom left show-on-hover\">\n\t\t\t\t\t\t\t<\/div>\n\t\t\t<div class=\"image-tools grid-tools text-center hide-for-small bottom hover-slide-in show-on-hover\">\n\t\t\t\t<a href=\"#quick-view\" class=\"quick-view\" role=\"button\" data-prod=\"16007\" aria-haspopup=\"dialog\" aria-expanded=\"false\" data-flatsome-role-button>Anteprima<\/a>\t\t\t<\/div>\n\t\t\t\t\t<\/div>\n\n\t\t<div class=\"box-text box-text-products text-center grid-style-2\">\n\t\t\t<div class=\"title-wrapper\">\t\t<p class=\"category uppercase is-smaller no-text-overflow product-cat op-8\">\n\t\t\tRing Slings\t\t<\/p>\n\t<p class=\"name product-title woocommerce-loop-product__title\"><a href=\"https:\/\/mariblum.de\/it\/produkt\/zephyr-ring-sling-in-canapa\/\" class=\"woocommerce-LoopProduct-link woocommerce-loop-product__link\">Zephyr &#8211; Ring Sling<\/a><\/p><\/div><div class=\"price-wrapper\">\n\t<span class=\"price\"><span class=\"woocommerce-Price-amount amount\"><bdi>109,95&nbsp;<span class=\"woocommerce-Price-currencySymbol\" translate=\"no\">&euro;<\/span><\/bdi><\/span> &ndash; <span class=\"woocommerce-Price-amount amount\"><bdi>129,95&nbsp;<span class=\"woocommerce-Price-currencySymbol\" translate=\"no\">&euro;<\/span><\/bdi><\/span><\/span>\n\n\n\n<\/div>\t\t<\/div>\n\t<\/div>\n\t\n\t<\/div>\n<\/div><div class=\"product-small col has-hover product type-product post-15920 status-publish instock product_cat-fascia-porta-bebe-in-canapa-imbragature product_cat-tessuti-di-canapa product_tag-canapa product_tag-fascia-porta-bebe has-post-thumbnail featured purchasable product-type-variable has-default-attributes\">\n\t<div class=\"col-inner\">\n\t\n<div class=\"badge-container absolute left top z-1\">\n\n<\/div>\n\t<div class=\"product-small box \">\n\t\t<div class=\"box-image\">\n\t\t\t<div class=\"image-fade_in_back\">\n\t\t\t\t<a href=\"https:\/\/mariblum.de\/it\/produkt\/zephyr-imbragature-in-canapa\/\">\n\t\t\t\t\t<img loading=\"lazy\" decoding=\"async\" width=\"247\" height=\"247\" src=\"https:\/\/mariblum.de\/wp-content\/uploads\/2024\/04\/baby-im-tragetuch-besser-schlafen-247x247.webp\" class=\"attachment-woocommerce_thumbnail size-woocommerce_thumbnail\" alt=\"Mandretta in turchese di canapa - Il bambino dorme fino a tardi\" srcset=\"https:\/\/mariblum.de\/wp-content\/uploads\/2024\/04\/baby-im-tragetuch-besser-schlafen-247x247.webp 247w, https:\/\/mariblum.de\/wp-content\/uploads\/2024\/04\/baby-im-tragetuch-besser-schlafen-150x150.webp 150w, https:\/\/mariblum.de\/wp-content\/uploads\/2024\/04\/baby-im-tragetuch-besser-schlafen-100x100.webp 100w\" sizes=\"auto, (max-width: 247px) 100vw, 247px\" \/><img loading=\"lazy\" decoding=\"async\" width=\"247\" height=\"247\" src=\"https:\/\/mariblum.de\/wp-content\/uploads\/2024\/04\/Zephyr2-247x247.jpg\" class=\"show-on-hover absolute fill hide-for-small back-image\" alt=\"imbragatura leggera color menta realizzata in canapa\" aria-hidden=\"true\" srcset=\"https:\/\/mariblum.de\/wp-content\/uploads\/2024\/04\/Zephyr2-247x247.jpg 247w, https:\/\/mariblum.de\/wp-content\/uploads\/2024\/04\/Zephyr2-100x100.jpg 100w, https:\/\/mariblum.de\/wp-content\/uploads\/2024\/04\/Zephyr2-150x150.jpg 150w\" sizes=\"auto, (max-width: 247px) 100vw, 247px\" \/>\t\t\t\t<\/a>\n\t\t\t<\/div>\n\t\t\t<div class=\"image-tools is-small top right show-on-hover\">\n\t\t\t\t\t\t\t<\/div>\n\t\t\t<div class=\"image-tools is-small hide-for-small bottom left show-on-hover\">\n\t\t\t\t\t\t\t<\/div>\n\t\t\t<div class=\"image-tools grid-tools text-center hide-for-small bottom hover-slide-in show-on-hover\">\n\t\t\t\t<a href=\"#quick-view\" class=\"quick-view\" role=\"button\" data-prod=\"15920\" aria-haspopup=\"dialog\" aria-expanded=\"false\" data-flatsome-role-button>Anteprima<\/a>\t\t\t<\/div>\n\t\t\t\t\t<\/div>\n\n\t\t<div class=\"box-text box-text-products text-center grid-style-2\">\n\t\t\t<div class=\"ux-swatches ux-swatches-in-loop ux-swatches--rounded ux-swatches--x-small\" role=\"radiogroup\" data-flatsome-role-radiogroup><div data-image-src=\"https:\/\/mariblum.de\/wp-content\/uploads\/2024\/04\/baby-im-tragetuch-besser-schlafen-247x247.webp\" data-image-srcset=\"https:\/\/mariblum.de\/wp-content\/uploads\/2024\/04\/baby-im-tragetuch-besser-schlafen-247x247.webp 247w, https:\/\/mariblum.de\/wp-content\/uploads\/2024\/04\/baby-im-tragetuch-besser-schlafen-150x150.webp 150w, https:\/\/mariblum.de\/wp-content\/uploads\/2024\/04\/baby-im-tragetuch-besser-schlafen-100x100.webp 100w\" data-image-sizes=\"(max-width: 247px) 100vw, 247px\" data-attribute_name=\"attribute_pa_tt-groesze\" data-value=\"tt500-it\" aria-label=\"5,00 m\" role=\"radio\" aria-checked=\"false\" tabindex=\"0\" class=\"ux-swatch ux-swatch--label\"><span class=\"ux-swatch__text\">5,00 m<\/span><\/div><\/div><div class=\"title-wrapper\">\t\t<p class=\"category uppercase is-smaller no-text-overflow product-cat op-8\">\n\t\t\tImbragature in canapa\t\t<\/p>\n\t<p class=\"name product-title woocommerce-loop-product__title\"><a href=\"https:\/\/mariblum.de\/it\/produkt\/zephyr-imbragature-in-canapa\/\" class=\"woocommerce-LoopProduct-link woocommerce-loop-product__link\">Zephyr &#8211; Imbragature<\/a><\/p><\/div><div class=\"price-wrapper\">\n\t<span class=\"price\"><span class=\"woocommerce-Price-amount amount\"><bdi>149,95&nbsp;<span class=\"woocommerce-Price-currencySymbol\" translate=\"no\">&euro;<\/span><\/bdi><\/span><\/span>\n\n\n\n<\/div>\t\t<\/div>\n\t<\/div>\n\t\n\t<\/div>\n<\/div><\/div>\n<h3>Creare ricordi indimenticabili<\/h3>\n<p align=\"justify\">Molti genitori parlano dei momenti indimenticabili che vivono quando portano il bambino nella fascia, sia che si tratti di una passeggiata nel parco, di esplorare nuovi luoghi o semplicemente di coccole a casa. Questi preziosi ricordi rimarranno nei loro cuori per tutta la vita e costituiranno la base di un forte legame genitore-figlio.<\/p>\n<h3>Usare il babywearing come un modo per rilassarsi<\/h3>\n<p align=\"justify\">Per molti genitori, il babywearing \u00e8 una gradita opportunit\u00e0 per prendersi del tempo e rilassarsi. Il dolce dondolio e la vicinanza del bambino possono ridurre lo stress e trasmettere una sensazione di calma e appagamento.<\/p>\n\n  \n    <div id=\"row-1125708169\" class=\"box-shadow-1 box-shadow-1-hover slider slider-auto-height row-collapse slider-nav-outside slider-nav-circle\" data-flickity-options='{&quot;imagesLoaded&quot;: true, &quot;dragThreshold&quot; : 5, &quot;cellAlign&quot;: &quot;left&quot;,&quot;wrapAround&quot;: true,&quot;prevNextButtons&quot;: true,&quot;percentPosition&quot;: true,&quot;pageDots&quot;: true, &quot;rightToLeft&quot;: false, &quot;autoPlay&quot; : false}'>\n\n  <div class=\"col post-item\" >\n\t\t\t<div class=\"col-inner\">\n\t\t\t\t<div class=\"box box-vertical box-text-bottom box-blog-post has-hover\">\n            \t\t\t\t\t<div class=\"box-image\" style=\"width:43%;\">\n  \t\t\t\t\t\t<div class=\"image-cover\" style=\"padding-top:89%;\">\n\t\t\t\t\t\t\t<a href=\"https:\/\/mariblum.de\/it\/fasce-per-neonati-in-colori-unisex-perche-i-colori-sostenibili-fanno-davvero-la-differenza\/\" class=\"plain\" aria-label=\"Fasce per neonati in colori unisex: Perch\u00e9 i colori sostenibili fanno davvero la differenza\">\n\t\t\t\t\t\t\t\t<img loading=\"lazy\" decoding=\"async\" width=\"200\" height=\"300\" src=\"https:\/\/mariblum.de\/wp-content\/uploads\/2023\/02\/elefantentragetuch-aus-baumwolle-200x300.jpg\" class=\"attachment-medium size-medium wp-post-image\" alt=\"elefantentragetuch-aus-baumwolle\" srcset=\"https:\/\/mariblum.de\/wp-content\/uploads\/2023\/02\/elefantentragetuch-aus-baumwolle-200x300.jpg 200w, https:\/\/mariblum.de\/wp-content\/uploads\/2023\/02\/elefantentragetuch-aus-baumwolle-510x765.jpg 510w, https:\/\/mariblum.de\/wp-content\/uploads\/2023\/02\/elefantentragetuch-aus-baumwolle.jpg 533w\" sizes=\"auto, (max-width: 200px) 100vw, 200px\" \/>\t\t\t\t\t\t\t<\/a>\n  \t\t\t\t\t\t\t  \t\t\t\t\t\t\t  \t\t\t\t\t\t<\/div>\n  \t\t\t\t\t\t  \t\t\t\t\t<\/div>\n          \t\t\t\t\t<div class=\"box-text text-center\" >\n\t\t\t\t\t<div class=\"box-text-inner blog-post-inner\">\n\n\t\t\t\t\t\n\t\t\t\t\t\t\t\t\t\t<h5 class=\"post-title is-large \">\n\t\t\t\t\t\t<a href=\"https:\/\/mariblum.de\/it\/fasce-per-neonati-in-colori-unisex-perche-i-colori-sostenibili-fanno-davvero-la-differenza\/\" class=\"plain\">Fasce per neonati in colori unisex: Perch\u00e9 i colori sostenibili fanno davvero la differenza<\/a>\n\t\t\t\t\t<\/h5>\n\t\t\t\t\t\t\t\t\t\t<div class=\"is-divider\"><\/div>\n\t\t\t\t\t\t\t\t\t\t<p class=\"from_the_blog_excerpt \">\n\t\t\t\t\t\tQuando si parla di fasce per neonati, la maggior parte delle persone pensa innanzitutto alla [...]\t\t\t\t\t<\/p>\n\t\t\t\t\t                    \n\t\t\t\t\t\n\t\t\t\t\t\n\t\t\t\t\t<\/div>\n\t\t\t\t\t<\/div>\n\t\t\t\t\t\t\t\t\t\t\t\t\t\t\t\t<div class=\"badge absolute top post-date badge-outline\">\n\t\t\t\t\t\t\t<div class=\"badge-inner\">\n\t\t\t\t\t\t\t\t<span class=\"post-date-day\">13<\/span><br>\n\t\t\t\t\t\t\t\t<span class=\"post-date-month is-xsmall\">Dic<\/span>\n\t\t\t\t\t\t\t<\/div>\n\t\t\t\t\t\t<\/div>\n\t\t\t\t\t\t\t\t\t<\/div>\n\t\t\t<\/div>\n\t\t<\/div><div class=\"col post-item\" >\n\t\t\t<div class=\"col-inner\">\n\t\t\t\t<div class=\"box box-vertical box-text-bottom box-blog-post has-hover\">\n            \t\t\t\t\t<div class=\"box-image\" style=\"width:43%;\">\n  \t\t\t\t\t\t<div class=\"image-cover\" style=\"padding-top:89%;\">\n\t\t\t\t\t\t\t<a href=\"https:\/\/mariblum.de\/it\/cio-di-cui-il-vostro-bambino-ha-davvero-bisogno-connessione-invece-di-tecnologia\/\" class=\"plain\" aria-label=\"Ci\u00f2 di cui il vostro bambino ha davvero bisogno: Connessione invece di tecnologia\">\n\t\t\t\t\t\t\t\t<img loading=\"lazy\" decoding=\"async\" width=\"225\" height=\"300\" src=\"https:\/\/mariblum.de\/wp-content\/uploads\/2025\/04\/Baumwolle-Baby-Tragetuch_Elefantenmotiv-weiss-blau-225x300.jpg\" class=\"attachment-medium size-medium wp-post-image\" alt=\"\" srcset=\"https:\/\/mariblum.de\/wp-content\/uploads\/2025\/04\/Baumwolle-Baby-Tragetuch_Elefantenmotiv-weiss-blau-225x300.jpg 225w, https:\/\/mariblum.de\/wp-content\/uploads\/2025\/04\/Baumwolle-Baby-Tragetuch_Elefantenmotiv-weiss-blau-510x680.jpg 510w, https:\/\/mariblum.de\/wp-content\/uploads\/2025\/04\/Baumwolle-Baby-Tragetuch_Elefantenmotiv-weiss-blau.jpg 600w\" sizes=\"auto, (max-width: 225px) 100vw, 225px\" \/>\t\t\t\t\t\t\t<\/a>\n  \t\t\t\t\t\t\t  \t\t\t\t\t\t\t  \t\t\t\t\t\t<\/div>\n  \t\t\t\t\t\t  \t\t\t\t\t<\/div>\n          \t\t\t\t\t<div class=\"box-text text-center\" >\n\t\t\t\t\t<div class=\"box-text-inner blog-post-inner\">\n\n\t\t\t\t\t\n\t\t\t\t\t\t\t\t\t\t<h5 class=\"post-title is-large \">\n\t\t\t\t\t\t<a href=\"https:\/\/mariblum.de\/it\/cio-di-cui-il-vostro-bambino-ha-davvero-bisogno-connessione-invece-di-tecnologia\/\" class=\"plain\">Ci\u00f2 di cui il vostro bambino ha davvero bisogno: Connessione invece di tecnologia<\/a>\n\t\t\t\t\t<\/h5>\n\t\t\t\t\t\t\t\t\t\t<div class=\"is-divider\"><\/div>\n\t\t\t\t\t\t\t\t\t\t<p class=\"from_the_blog_excerpt \">\n\t\t\t\t\t\tMezzi di trasporto high-tech, imbottiti fin nel minimo dettaglio, promettono sicurezza, comfort ed ergonomia. Suona [...]\t\t\t\t\t<\/p>\n\t\t\t\t\t                    \n\t\t\t\t\t\n\t\t\t\t\t\n\t\t\t\t\t<\/div>\n\t\t\t\t\t<\/div>\n\t\t\t\t\t\t\t\t\t\t\t\t\t\t\t\t<div class=\"badge absolute top post-date badge-outline\">\n\t\t\t\t\t\t\t<div class=\"badge-inner\">\n\t\t\t\t\t\t\t\t<span class=\"post-date-day\">13<\/span><br>\n\t\t\t\t\t\t\t\t<span class=\"post-date-month is-xsmall\">Giu<\/span>\n\t\t\t\t\t\t\t<\/div>\n\t\t\t\t\t\t<\/div>\n\t\t\t\t\t\t\t\t\t<\/div>\n\t\t\t<\/div>\n\t\t<\/div><div class=\"col post-item\" >\n\t\t\t<div class=\"col-inner\">\n\t\t\t\t<div class=\"box box-vertical box-text-bottom box-blog-post has-hover\">\n            \t\t\t\t\t<div class=\"box-image\" style=\"width:43%;\">\n  \t\t\t\t\t\t<div class=\"image-cover\" style=\"padding-top:89%;\">\n\t\t\t\t\t\t\t<a href=\"https:\/\/mariblum.de\/it\/sulle-fasce-porta-bebe-di-canapa-di-mariblum\/\" class=\"plain\" aria-label=\"Sulle fasce porta beb\u00e8 di canapa di mariblum\">\n\t\t\t\t\t\t\t\t<img loading=\"lazy\" decoding=\"async\" width=\"200\" height=\"300\" src=\"https:\/\/mariblum.de\/wp-content\/uploads\/2022\/03\/lila-tragetuch-aus-hanf-nachhaltig-lylas-song-mariblum-babytrage-200x300.jpg\" class=\"attachment-medium size-medium wp-post-image\" alt=\"fionda-viola-canapa-lylas-song-mariblum-porta-beb\u00e8-fatto-a-mano\" srcset=\"https:\/\/mariblum.de\/wp-content\/uploads\/2022\/03\/lila-tragetuch-aus-hanf-nachhaltig-lylas-song-mariblum-babytrage-200x300.jpg 200w, https:\/\/mariblum.de\/wp-content\/uploads\/2022\/03\/lila-tragetuch-aus-hanf-nachhaltig-lylas-song-mariblum-babytrage-510x765.jpg 510w, https:\/\/mariblum.de\/wp-content\/uploads\/2022\/03\/lila-tragetuch-aus-hanf-nachhaltig-lylas-song-mariblum-babytrage.jpg 533w\" sizes=\"auto, (max-width: 200px) 100vw, 200px\" \/>\t\t\t\t\t\t\t<\/a>\n  \t\t\t\t\t\t\t  \t\t\t\t\t\t\t  \t\t\t\t\t\t<\/div>\n  \t\t\t\t\t\t  \t\t\t\t\t<\/div>\n          \t\t\t\t\t<div class=\"box-text text-center\" >\n\t\t\t\t\t<div class=\"box-text-inner blog-post-inner\">\n\n\t\t\t\t\t\n\t\t\t\t\t\t\t\t\t\t<h5 class=\"post-title is-large \">\n\t\t\t\t\t\t<a href=\"https:\/\/mariblum.de\/it\/sulle-fasce-porta-bebe-di-canapa-di-mariblum\/\" class=\"plain\">Sulle fasce porta beb\u00e8 di canapa di mariblum<\/a>\n\t\t\t\t\t<\/h5>\n\t\t\t\t\t\t\t\t\t\t<div class=\"is-divider\"><\/div>\n\t\t\t\t\t\t\t\t\t\t<p class=\"from_the_blog_excerpt \">\n\t\t\t\t\t\tDa materie prime naturali I nostri teli porta beb\u00e8 di Mariblum sono fatti al 100% [...]\t\t\t\t\t<\/p>\n\t\t\t\t\t                    \n\t\t\t\t\t\n\t\t\t\t\t\n\t\t\t\t\t<\/div>\n\t\t\t\t\t<\/div>\n\t\t\t\t\t\t\t\t\t\t\t\t\t\t\t\t<div class=\"badge absolute top post-date badge-outline\">\n\t\t\t\t\t\t\t<div class=\"badge-inner\">\n\t\t\t\t\t\t\t\t<span class=\"post-date-day\">05<\/span><br>\n\t\t\t\t\t\t\t\t<span class=\"post-date-month is-xsmall\">Giu<\/span>\n\t\t\t\t\t\t\t<\/div>\n\t\t\t\t\t\t<\/div>\n\t\t\t\t\t\t\t\t\t<\/div>\n\t\t\t<\/div>\n\t\t<\/div><div class=\"col post-item\" >\n\t\t\t<div class=\"col-inner\">\n\t\t\t\t<div class=\"box box-vertical box-text-bottom box-blog-post has-hover\">\n            \t\t\t\t\t<div class=\"box-image\" style=\"width:43%;\">\n  \t\t\t\t\t\t<div class=\"image-cover\" style=\"padding-top:89%;\">\n\t\t\t\t\t\t\t<a href=\"https:\/\/mariblum.de\/it\/un-legame-troppo-allentato-come-mantenere-il-bambino-comodo-e-sicuro-in-una-fascia\/\" class=\"plain\" aria-label=\"Un legame troppo allentato &#8211; Come mantenere il bambino comodo e sicuro in una fascia?\">\n\t\t\t\t\t\t\t\t<img loading=\"lazy\" decoding=\"async\" width=\"200\" height=\"300\" src=\"https:\/\/mariblum.de\/wp-content\/uploads\/2023\/02\/mariblum-baumwoll-tragetuch-gelb-schwarz-200x300.jpg\" class=\"attachment-medium size-medium wp-post-image\" alt=\"mariblum-baumwoll-tragetuch-gelb-schwarz\" srcset=\"https:\/\/mariblum.de\/wp-content\/uploads\/2023\/02\/mariblum-baumwoll-tragetuch-gelb-schwarz-200x300.jpg 200w, https:\/\/mariblum.de\/wp-content\/uploads\/2023\/02\/mariblum-baumwoll-tragetuch-gelb-schwarz-510x765.jpg 510w, https:\/\/mariblum.de\/wp-content\/uploads\/2023\/02\/mariblum-baumwoll-tragetuch-gelb-schwarz.jpg 533w\" sizes=\"auto, (max-width: 200px) 100vw, 200px\" \/>\t\t\t\t\t\t\t<\/a>\n  \t\t\t\t\t\t\t  \t\t\t\t\t\t\t  \t\t\t\t\t\t<\/div>\n  \t\t\t\t\t\t  \t\t\t\t\t<\/div>\n          \t\t\t\t\t<div class=\"box-text text-center\" >\n\t\t\t\t\t<div class=\"box-text-inner blog-post-inner\">\n\n\t\t\t\t\t\n\t\t\t\t\t\t\t\t\t\t<h5 class=\"post-title is-large \">\n\t\t\t\t\t\t<a href=\"https:\/\/mariblum.de\/it\/un-legame-troppo-allentato-come-mantenere-il-bambino-comodo-e-sicuro-in-una-fascia\/\" class=\"plain\">Un legame troppo allentato &#8211; Come mantenere il bambino comodo e sicuro in una fascia?<\/a>\n\t\t\t\t\t<\/h5>\n\t\t\t\t\t\t\t\t\t\t<div class=\"is-divider\"><\/div>\n\t\t\t\t\t\t\t\t\t\t<p class=\"from_the_blog_excerpt \">\n\t\t\t\t\t\t: Portare il tuo bambino nella fascia \u00e8 un modo meraviglioso per godersi la vicinanza [...]\t\t\t\t\t<\/p>\n\t\t\t\t\t                    \n\t\t\t\t\t\n\t\t\t\t\t\n\t\t\t\t\t<\/div>\n\t\t\t\t\t<\/div>\n\t\t\t\t\t\t\t\t\t\t\t\t\t\t\t\t<div class=\"badge absolute top post-date badge-outline\">\n\t\t\t\t\t\t\t<div class=\"badge-inner\">\n\t\t\t\t\t\t\t\t<span class=\"post-date-day\">04<\/span><br>\n\t\t\t\t\t\t\t\t<span class=\"post-date-month is-xsmall\">Apr<\/span>\n\t\t\t\t\t\t\t<\/div>\n\t\t\t\t\t\t<\/div>\n\t\t\t\t\t\t\t\t\t<\/div>\n\t\t\t<\/div>\n\t\t<\/div><div class=\"col post-item\" >\n\t\t\t<div class=\"col-inner\">\n\t\t\t\t<div class=\"box box-vertical box-text-bottom box-blog-post has-hover\">\n            \t\t\t\t\t<div class=\"box-image\" style=\"width:43%;\">\n  \t\t\t\t\t\t<div class=\"image-cover\" style=\"padding-top:89%;\">\n\t\t\t\t\t\t\t<a href=\"https:\/\/mariblum.de\/it\/la-magia-del-legame-perche-limbragatura-e-piu-di-un-semplice-mezzo-di-trasporto\/\" class=\"plain\" aria-label=\"La magia del legame: perch\u00e9 l&#8217;imbragatura \u00e8 pi\u00f9 di un semplice mezzo di trasporto\">\n\t\t\t\t\t\t\t\t<img loading=\"lazy\" decoding=\"async\" width=\"300\" height=\"225\" src=\"https:\/\/mariblum.de\/wp-content\/uploads\/2022\/03\/banner-elefanten-tragetuch-aus-baumwolle-300x225.jpg\" class=\"attachment-medium size-medium wp-post-image\" alt=\"\" srcset=\"https:\/\/mariblum.de\/wp-content\/uploads\/2022\/03\/banner-elefanten-tragetuch-aus-baumwolle-300x225.jpg 300w, https:\/\/mariblum.de\/wp-content\/uploads\/2022\/03\/banner-elefanten-tragetuch-aus-baumwolle-510x383.jpg 510w, https:\/\/mariblum.de\/wp-content\/uploads\/2022\/03\/banner-elefanten-tragetuch-aus-baumwolle-1024x768.jpg 1024w, https:\/\/mariblum.de\/wp-content\/uploads\/2022\/03\/banner-elefanten-tragetuch-aus-baumwolle-768x576.jpg 768w, https:\/\/mariblum.de\/wp-content\/uploads\/2022\/03\/banner-elefanten-tragetuch-aus-baumwolle-1536x1152.jpg 1536w, https:\/\/mariblum.de\/wp-content\/uploads\/2022\/03\/banner-elefanten-tragetuch-aus-baumwolle.jpg 2000w\" sizes=\"auto, (max-width: 300px) 100vw, 300px\" \/>\t\t\t\t\t\t\t<\/a>\n  \t\t\t\t\t\t\t  \t\t\t\t\t\t\t  \t\t\t\t\t\t<\/div>\n  \t\t\t\t\t\t  \t\t\t\t\t<\/div>\n          \t\t\t\t\t<div class=\"box-text text-center\" >\n\t\t\t\t\t<div class=\"box-text-inner blog-post-inner\">\n\n\t\t\t\t\t\n\t\t\t\t\t\t\t\t\t\t<h5 class=\"post-title is-large \">\n\t\t\t\t\t\t<a href=\"https:\/\/mariblum.de\/it\/la-magia-del-legame-perche-limbragatura-e-piu-di-un-semplice-mezzo-di-trasporto\/\" class=\"plain\">La magia del legame: perch\u00e9 l&#8217;imbragatura \u00e8 pi\u00f9 di un semplice mezzo di trasporto<\/a>\n\t\t\t\t\t<\/h5>\n\t\t\t\t\t\t\t\t\t\t<div class=\"is-divider\"><\/div>\n\t\t\t\t\t\t\t\t\t\t<p class=\"from_the_blog_excerpt \">\n\t\t\t\t\t\tIl bambino \u00e8 arrivato \u2013 un piccolo miracolo che sconvolge il mondo. Molti genitori si [...]\t\t\t\t\t<\/p>\n\t\t\t\t\t                    \n\t\t\t\t\t\n\t\t\t\t\t\n\t\t\t\t\t<\/div>\n\t\t\t\t\t<\/div>\n\t\t\t\t\t\t\t\t\t\t\t\t\t\t\t\t<div class=\"badge absolute top post-date badge-outline\">\n\t\t\t\t\t\t\t<div class=\"badge-inner\">\n\t\t\t\t\t\t\t\t<span class=\"post-date-day\">03<\/span><br>\n\t\t\t\t\t\t\t\t<span class=\"post-date-month is-xsmall\">Gen<\/span>\n\t\t\t\t\t\t\t<\/div>\n\t\t\t\t\t\t<\/div>\n\t\t\t\t\t\t\t\t\t<\/div>\n\t\t\t<\/div>\n\t\t<\/div><div class=\"col post-item\" >\n\t\t\t<div class=\"col-inner\">\n\t\t\t\t<div class=\"box box-vertical box-text-bottom box-blog-post has-hover\">\n            \t\t\t\t\t<div class=\"box-image\" style=\"width:43%;\">\n  \t\t\t\t\t\t<div class=\"image-cover\" style=\"padding-top:89%;\">\n\t\t\t\t\t\t\t<a href=\"https:\/\/mariblum.de\/it\/perche-portare-il-tuo-bambino-ti-semplifica-la-vita-e-anche-quella-del-tuo-bambino\/\" class=\"plain\" aria-label=\"Perch\u00e9 portare il tuo bambino ti semplifica la vita, e anche quella del tuo bambino\">\n\t\t\t\t\t\t\t\t<img loading=\"lazy\" decoding=\"async\" width=\"225\" height=\"300\" src=\"https:\/\/mariblum.de\/wp-content\/uploads\/2024\/04\/kfar2024-3-225x300.jpeg\" class=\"attachment-medium size-medium wp-post-image\" alt=\"Bacio da una rosa fionda babywearing in canapa rosa\" srcset=\"https:\/\/mariblum.de\/wp-content\/uploads\/2024\/04\/kfar2024-3-225x300.jpeg 225w, https:\/\/mariblum.de\/wp-content\/uploads\/2024\/04\/kfar2024-3-510x680.jpeg 510w, https:\/\/mariblum.de\/wp-content\/uploads\/2024\/04\/kfar2024-3.jpeg 600w\" sizes=\"auto, (max-width: 225px) 100vw, 225px\" \/>\t\t\t\t\t\t\t<\/a>\n  \t\t\t\t\t\t\t  \t\t\t\t\t\t\t  \t\t\t\t\t\t<\/div>\n  \t\t\t\t\t\t  \t\t\t\t\t<\/div>\n          \t\t\t\t\t<div class=\"box-text text-center\" >\n\t\t\t\t\t<div class=\"box-text-inner blog-post-inner\">\n\n\t\t\t\t\t\n\t\t\t\t\t\t\t\t\t\t<h5 class=\"post-title is-large \">\n\t\t\t\t\t\t<a href=\"https:\/\/mariblum.de\/it\/perche-portare-il-tuo-bambino-ti-semplifica-la-vita-e-anche-quella-del-tuo-bambino\/\" class=\"plain\">Perch\u00e9 portare il tuo bambino ti semplifica la vita, e anche quella del tuo bambino<\/a>\n\t\t\t\t\t<\/h5>\n\t\t\t\t\t\t\t\t\t\t<div class=\"is-divider\"><\/div>\n\t\t\t\t\t\t\t\t\t\t<p class=\"from_the_blog_excerpt \">\n\t\t\t\t\t\tPortare un bambino \u00e8 molto pi\u00f9 di un modo pratico per spostarlo da un punto [...]\t\t\t\t\t<\/p>\n\t\t\t\t\t                    \n\t\t\t\t\t\n\t\t\t\t\t\n\t\t\t\t\t<\/div>\n\t\t\t\t\t<\/div>\n\t\t\t\t\t\t\t\t\t\t\t\t\t\t\t\t<div class=\"badge absolute top post-date badge-outline\">\n\t\t\t\t\t\t\t<div class=\"badge-inner\">\n\t\t\t\t\t\t\t\t<span class=\"post-date-day\">18<\/span><br>\n\t\t\t\t\t\t\t\t<span class=\"post-date-month is-xsmall\">Lug<\/span>\n\t\t\t\t\t\t\t<\/div>\n\t\t\t\t\t\t<\/div>\n\t\t\t\t\t\t\t\t\t<\/div>\n\t\t\t<\/div>\n\t\t<\/div><div class=\"col post-item\" >\n\t\t\t<div class=\"col-inner\">\n\t\t\t\t<div class=\"box box-vertical box-text-bottom box-blog-post has-hover\">\n            \t\t\t\t\t<div class=\"box-image\" style=\"width:43%;\">\n  \t\t\t\t\t\t<div class=\"image-cover\" style=\"padding-top:89%;\">\n\t\t\t\t\t\t\t<a href=\"https:\/\/mariblum.de\/it\/portare-e-allattare-il-tuo-bambino-durante-i-giorni-freddi\/\" class=\"plain\" aria-label=\"Portare e allattare il tuo bambino durante i giorni freddi\">\n\t\t\t\t\t\t\t\t<img loading=\"lazy\" decoding=\"async\" width=\"200\" height=\"300\" src=\"https:\/\/mariblum.de\/wp-content\/uploads\/2019\/02\/loewenzahn-ring-sling-aus-hanf-dekoriert-200x300.png\" class=\"attachment-medium size-medium wp-post-image\" alt=\"dente-di-leone-ring-sling-giallo-in-canapa\" srcset=\"https:\/\/mariblum.de\/wp-content\/uploads\/2019\/02\/loewenzahn-ring-sling-aus-hanf-dekoriert-200x300.png 200w, https:\/\/mariblum.de\/wp-content\/uploads\/2019\/02\/loewenzahn-ring-sling-aus-hanf-dekoriert-510x765.png 510w, https:\/\/mariblum.de\/wp-content\/uploads\/2019\/02\/loewenzahn-ring-sling-aus-hanf-dekoriert.png 533w\" sizes=\"auto, (max-width: 200px) 100vw, 200px\" \/>\t\t\t\t\t\t\t<\/a>\n  \t\t\t\t\t\t\t  \t\t\t\t\t\t\t  \t\t\t\t\t\t<\/div>\n  \t\t\t\t\t\t  \t\t\t\t\t<\/div>\n          \t\t\t\t\t<div class=\"box-text text-center\" >\n\t\t\t\t\t<div class=\"box-text-inner blog-post-inner\">\n\n\t\t\t\t\t\n\t\t\t\t\t\t\t\t\t\t<h5 class=\"post-title is-large \">\n\t\t\t\t\t\t<a href=\"https:\/\/mariblum.de\/it\/portare-e-allattare-il-tuo-bambino-durante-i-giorni-freddi\/\" class=\"plain\">Portare e allattare il tuo bambino durante i giorni freddi<\/a>\n\t\t\t\t\t<\/h5>\n\t\t\t\t\t\t\t\t\t\t<div class=\"is-divider\"><\/div>\n\t\t\t\t\t\t\t\t\t\t<p class=\"from_the_blog_excerpt \">\n\t\t\t\t\t\t&nbsp; La buona notizia \u00e8 che, con i giusti consigli, tu e il tuo bambino [...]\t\t\t\t\t<\/p>\n\t\t\t\t\t                    \n\t\t\t\t\t\n\t\t\t\t\t\n\t\t\t\t\t<\/div>\n\t\t\t\t\t<\/div>\n\t\t\t\t\t\t\t\t\t\t\t\t\t\t\t\t<div class=\"badge absolute top post-date badge-outline\">\n\t\t\t\t\t\t\t<div class=\"badge-inner\">\n\t\t\t\t\t\t\t\t<span class=\"post-date-day\">11<\/span><br>\n\t\t\t\t\t\t\t\t<span class=\"post-date-month is-xsmall\">Ott<\/span>\n\t\t\t\t\t\t\t<\/div>\n\t\t\t\t\t\t<\/div>\n\t\t\t\t\t\t\t\t\t<\/div>\n\t\t\t<\/div>\n\t\t<\/div><div class=\"col post-item\" >\n\t\t\t<div class=\"col-inner\">\n\t\t\t\t<div class=\"box box-vertical box-text-bottom box-blog-post has-hover\">\n            \t\t\t\t\t<div class=\"box-image\" style=\"width:43%;\">\n  \t\t\t\t\t\t<div class=\"image-cover\" style=\"padding-top:89%;\">\n\t\t\t\t\t\t\t<a href=\"https:\/\/mariblum.de\/it\/fascia-porta-bebe-invece-del-passeggino-i-vantaggi-sorprendenti-nella-vita-quotidiana\/\" class=\"plain\" aria-label=\"Fascia porta beb\u00e8 invece del passeggino \u2013 I vantaggi sorprendenti nella vita quotidiana\">\n\t\t\t\t\t\t\t\t<img loading=\"lazy\" decoding=\"async\" width=\"225\" height=\"300\" src=\"https:\/\/mariblum.de\/wp-content\/uploads\/2023\/04\/Lavendel-Ring-Sling-aus-Hanf-225x300.jpeg\" class=\"attachment-medium size-medium wp-post-image\" alt=\"\" srcset=\"https:\/\/mariblum.de\/wp-content\/uploads\/2023\/04\/Lavendel-Ring-Sling-aus-Hanf-225x300.jpeg 225w, https:\/\/mariblum.de\/wp-content\/uploads\/2023\/04\/Lavendel-Ring-Sling-aus-Hanf-510x680.jpeg 510w, https:\/\/mariblum.de\/wp-content\/uploads\/2023\/04\/Lavendel-Ring-Sling-aus-Hanf.jpeg 600w\" sizes=\"auto, (max-width: 225px) 100vw, 225px\" \/>\t\t\t\t\t\t\t<\/a>\n  \t\t\t\t\t\t\t  \t\t\t\t\t\t\t  \t\t\t\t\t\t<\/div>\n  \t\t\t\t\t\t  \t\t\t\t\t<\/div>\n          \t\t\t\t\t<div class=\"box-text text-center\" >\n\t\t\t\t\t<div class=\"box-text-inner blog-post-inner\">\n\n\t\t\t\t\t\n\t\t\t\t\t\t\t\t\t\t<h5 class=\"post-title is-large \">\n\t\t\t\t\t\t<a href=\"https:\/\/mariblum.de\/it\/fascia-porta-bebe-invece-del-passeggino-i-vantaggi-sorprendenti-nella-vita-quotidiana\/\" class=\"plain\">Fascia porta beb\u00e8 invece del passeggino \u2013 I vantaggi sorprendenti nella vita quotidiana<\/a>\n\t\t\t\t\t<\/h5>\n\t\t\t\t\t\t\t\t\t\t<div class=\"is-divider\"><\/div>\n\t\t\t\t\t\t\t\t\t\t<p class=\"from_the_blog_excerpt \">\n\t\t\t\t\t\tI passeggini sono considerati un must-have per i neo-genitori \u2013 ma cosa succede se ne [...]\t\t\t\t\t<\/p>\n\t\t\t\t\t                    \n\t\t\t\t\t\n\t\t\t\t\t\n\t\t\t\t\t<\/div>\n\t\t\t\t\t<\/div>\n\t\t\t\t\t\t\t\t\t\t\t\t\t\t\t\t<div class=\"badge absolute top post-date badge-outline\">\n\t\t\t\t\t\t\t<div class=\"badge-inner\">\n\t\t\t\t\t\t\t\t<span class=\"post-date-day\">02<\/span><br>\n\t\t\t\t\t\t\t\t<span class=\"post-date-month is-xsmall\">Apr<\/span>\n\t\t\t\t\t\t\t<\/div>\n\t\t\t\t\t\t<\/div>\n\t\t\t\t\t\t\t\t\t<\/div>\n\t\t\t<\/div>\n\t\t<\/div><\/div>\n<h3>Riconoscere l&#8217;importanza dei piccoli momenti<\/h3>\n<p align=\"justify\">Il babywearing ci insegna ad apprezzare e ad assaporare i piccoli momenti della vita, che si tratti del sorriso gentile del bambino, del morbido russare durante il sonno o delle manine strette intorno alle nostre dita. Questi momenti apparentemente insignificanti sono ci\u00f2 che rende la vita veramente degna di essere vissuta.<\/p>\n<h3>Condividete le vostre esperienze e le vostre storie<\/h3>\n<p align=\"justify\">Come genitori che vivono il babywearing come un arricchimento della loro vita familiare, \u00e8 importante condividere queste esperienze e queste storie. Condividendo le nostre esperienze personali con gli altri, possiamo incoraggiarli a scoprire il babywearing come fonte di gioia e di connessione nella loro vita.<\/p>\n<h3>Riassumere<\/h3>\n<p align=\"justify\">Il babywearing non \u00e8 solo un modo pratico di trasportare neonati e bambini, ma anche una preziosa fonte di vicinanza emotiva e di legame tra genitori e figli. Riconoscendo e apprezzando il lato emotivo del babywearing, possiamo arricchire la vita familiare in modo molto speciale e godere appieno dei piccoli momenti di felicit\u00e0 e amore.<\/p>\n","protected":false},"excerpt":{"rendered":"<p>Il lato emotivo del babywearing: Perch\u00e9 il babywearing non \u00e8 solo pratico, ma anche arricchente per i genitori Portare i bambini e i neonati in una fascia \u00e8 molto pi\u00f9 di un modo pratico di trasportarli. \u00c8 un&#8217;esperienza che crea un profondo legame emotivo tra genitori e figli e arricchisce la vita familiare in molti [&#8230;]\n","protected":false},"author":1,"featured_media":16025,"comment_status":"closed","ping_status":"closed","sticky":false,"template":"","format":"standard","meta":{"footnotes":""},"categories":[852],"tags":[],"class_list":["post-16167","post","type-post","status-publish","format-standard","has-post-thumbnail","hentry","category-mariblum-porta-bebe-news"],"yoast_head":"<!-- This site is optimized with the Yoast SEO Premium plugin v23.3 (Yoast SEO v28.3) - https:\/\/yoast.com\/product\/yoast-seo-premium-wordpress\/ -->\n<title>Il lato emotivo del babywearing - mariblum - Fascia Porta Bebe<\/title>\n<meta name=\"description\" content=\"Il babywearing in fascia non \u00e8 solo un&#039;opzione pratica. \u00c8 un&#039;opportunit\u00e0 per creare un profondo legame emotivo tra genitori e figli.\" \/>\n<meta name=\"robots\" content=\"index, follow, max-snippet:-1, max-image-preview:large, max-video-preview:-1\" \/>\n<link rel=\"canonical\" href=\"https:\/\/mariblum.de\/it\/il-lato-emotivo-del-babywearing\/\" \/>\n<meta property=\"og:locale\" content=\"it_IT\" \/>\n<meta property=\"og:type\" content=\"article\" \/>\n<meta property=\"og:title\" content=\"Il lato emotivo del babywearing\" \/>\n<meta property=\"og:description\" content=\"Il babywearing in fascia non \u00e8 solo un&#039;opzione pratica. \u00c8 un&#039;opportunit\u00e0 per creare un profondo legame emotivo tra genitori e figli.\" \/>\n<meta property=\"og:url\" content=\"https:\/\/mariblum.de\/it\/il-lato-emotivo-del-babywearing\/\" \/>\n<meta property=\"og:site_name\" content=\"mariblum - Fascia Porta Bebe\" \/>\n<meta property=\"article:published_time\" content=\"2024-04-29T08:17:03+00:00\" \/>\n<meta property=\"article:modified_time\" content=\"2024-04-29T08:17:05+00:00\" \/>\n<meta property=\"og:image\" content=\"https:\/\/mariblum.de\/wp-content\/uploads\/2024\/04\/Eichhoernchen-Ring-Sling-Braun-aus-Hanf-seite.jpeg\" \/>\n\t<meta property=\"og:image:width\" content=\"600\" \/>\n\t<meta property=\"og:image:height\" content=\"800\" \/>\n\t<meta property=\"og:image:type\" content=\"image\/jpeg\" \/>\n<meta name=\"author\" content=\"mariblum\" \/>\n<meta name=\"twitter:card\" content=\"summary_large_image\" \/>\n<meta name=\"twitter:label1\" content=\"Scritto da\" \/>\n\t<meta name=\"twitter:data1\" content=\"mariblum\" \/>\n\t<meta name=\"twitter:label2\" content=\"Tempo di lettura stimato\" \/>\n\t<meta name=\"twitter:data2\" content=\"2 minuti\" \/>\n<script type=\"application\/ld+json\" class=\"yoast-schema-graph\">{\"@context\":\"https:\\\/\\\/schema.org\",\"@graph\":[{\"@type\":\"Article\",\"@id\":\"https:\\\/\\\/mariblum.de\\\/it\\\/il-lato-emotivo-del-babywearing\\\/#article\",\"isPartOf\":{\"@id\":\"https:\\\/\\\/mariblum.de\\\/it\\\/il-lato-emotivo-del-babywearing\\\/\"},\"author\":{\"name\":\"mariblum\",\"@id\":\"https:\\\/\\\/mariblum.de\\\/it\\\/#\\\/schema\\\/person\\\/0f48a4840cefc156d4d2deb5e4b294d0\"},\"headline\":\"Il lato emotivo del babywearing\",\"datePublished\":\"2024-04-29T08:17:03+00:00\",\"dateModified\":\"2024-04-29T08:17:05+00:00\",\"mainEntityOfPage\":{\"@id\":\"https:\\\/\\\/mariblum.de\\\/it\\\/il-lato-emotivo-del-babywearing\\\/\"},\"wordCount\":485,\"publisher\":{\"@id\":\"https:\\\/\\\/mariblum.de\\\/it\\\/#organization\"},\"image\":{\"@id\":\"https:\\\/\\\/mariblum.de\\\/it\\\/il-lato-emotivo-del-babywearing\\\/#primaryimage\"},\"thumbnailUrl\":\"https:\\\/\\\/mariblum.de\\\/wp-content\\\/uploads\\\/2024\\\/04\\\/Eichhoernchen-Ring-Sling-Braun-aus-Hanf-seite.jpeg\",\"articleSection\":[\"mariblum - porta beb\u00e8 news\"],\"inLanguage\":\"it-IT\"},{\"@type\":\"WebPage\",\"@id\":\"https:\\\/\\\/mariblum.de\\\/it\\\/il-lato-emotivo-del-babywearing\\\/\",\"url\":\"https:\\\/\\\/mariblum.de\\\/it\\\/il-lato-emotivo-del-babywearing\\\/\",\"name\":\"Il lato emotivo del babywearing - mariblum - Fascia Porta Bebe\",\"isPartOf\":{\"@id\":\"https:\\\/\\\/mariblum.de\\\/it\\\/#website\"},\"primaryImageOfPage\":{\"@id\":\"https:\\\/\\\/mariblum.de\\\/it\\\/il-lato-emotivo-del-babywearing\\\/#primaryimage\"},\"image\":{\"@id\":\"https:\\\/\\\/mariblum.de\\\/it\\\/il-lato-emotivo-del-babywearing\\\/#primaryimage\"},\"thumbnailUrl\":\"https:\\\/\\\/mariblum.de\\\/wp-content\\\/uploads\\\/2024\\\/04\\\/Eichhoernchen-Ring-Sling-Braun-aus-Hanf-seite.jpeg\",\"datePublished\":\"2024-04-29T08:17:03+00:00\",\"dateModified\":\"2024-04-29T08:17:05+00:00\",\"description\":\"Il babywearing in fascia non \u00e8 solo un'opzione pratica. \u00c8 un'opportunit\u00e0 per creare un profondo legame emotivo tra genitori e figli.\",\"breadcrumb\":{\"@id\":\"https:\\\/\\\/mariblum.de\\\/it\\\/il-lato-emotivo-del-babywearing\\\/#breadcrumb\"},\"inLanguage\":\"it-IT\",\"potentialAction\":[{\"@type\":\"ReadAction\",\"target\":[\"https:\\\/\\\/mariblum.de\\\/it\\\/il-lato-emotivo-del-babywearing\\\/\"]}]},{\"@type\":\"ImageObject\",\"inLanguage\":\"it-IT\",\"@id\":\"https:\\\/\\\/mariblum.de\\\/it\\\/il-lato-emotivo-del-babywearing\\\/#primaryimage\",\"url\":\"https:\\\/\\\/mariblum.de\\\/wp-content\\\/uploads\\\/2024\\\/04\\\/Eichhoernchen-Ring-Sling-Braun-aus-Hanf-seite.jpeg\",\"contentUrl\":\"https:\\\/\\\/mariblum.de\\\/wp-content\\\/uploads\\\/2024\\\/04\\\/Eichhoernchen-Ring-Sling-Braun-aus-Hanf-seite.jpeg\",\"width\":600,\"height\":800,\"caption\":\"Fionda ad anello scoiattolo marrone in canapa\"},{\"@type\":\"BreadcrumbList\",\"@id\":\"https:\\\/\\\/mariblum.de\\\/it\\\/il-lato-emotivo-del-babywearing\\\/#breadcrumb\",\"itemListElement\":[{\"@type\":\"ListItem\",\"position\":1,\"name\":\"Startseite\",\"item\":\"https:\\\/\\\/mariblum.de\\\/it\\\/\"},{\"@type\":\"ListItem\",\"position\":2,\"name\":\"Il lato emotivo del babywearing\"}]},{\"@type\":\"WebSite\",\"@id\":\"https:\\\/\\\/mariblum.de\\\/it\\\/#website\",\"url\":\"https:\\\/\\\/mariblum.de\\\/it\\\/\",\"name\":\"mariblum Traget\u00fccher\",\"description\":\"il modo naturale di portare il tuo bambino \",\"publisher\":{\"@id\":\"https:\\\/\\\/mariblum.de\\\/it\\\/#organization\"},\"potentialAction\":[{\"@type\":\"SearchAction\",\"target\":{\"@type\":\"EntryPoint\",\"urlTemplate\":\"https:\\\/\\\/mariblum.de\\\/it\\\/?s={search_term_string}\"},\"query-input\":{\"@type\":\"PropertyValueSpecification\",\"valueRequired\":true,\"valueName\":\"search_term_string\"}}],\"inLanguage\":\"it-IT\"},{\"@type\":\"Organization\",\"@id\":\"https:\\\/\\\/mariblum.de\\\/it\\\/#organization\",\"name\":\"mariblum\",\"url\":\"https:\\\/\\\/mariblum.de\\\/it\\\/\",\"logo\":{\"@type\":\"ImageObject\",\"inLanguage\":\"it-IT\",\"@id\":\"https:\\\/\\\/mariblum.de\\\/it\\\/#\\\/schema\\\/logo\\\/image\\\/\",\"url\":\"https:\\\/\\\/mariblum.de\\\/wp-content\\\/uploads\\\/2020\\\/07\\\/logo_m-500x_transparent.png\",\"contentUrl\":\"https:\\\/\\\/mariblum.de\\\/wp-content\\\/uploads\\\/2020\\\/07\\\/logo_m-500x_transparent.png\",\"width\":500,\"height\":500,\"caption\":\"mariblum\"},\"image\":{\"@id\":\"https:\\\/\\\/mariblum.de\\\/it\\\/#\\\/schema\\\/logo\\\/image\\\/\"},\"sameAs\":[\"https:\\\/\\\/www.instagram.com\\\/_mariblum_\\\/\"]},{\"@type\":\"Person\",\"@id\":\"https:\\\/\\\/mariblum.de\\\/it\\\/#\\\/schema\\\/person\\\/0f48a4840cefc156d4d2deb5e4b294d0\",\"name\":\"mariblum\",\"url\":\"https:\\\/\\\/mariblum.de\\\/it\\\/author\\\/mariblum\\\/\"}]}<\/script>\n<!-- \/ Yoast SEO Premium plugin. -->","yoast_head_json":{"title":"Il lato emotivo del babywearing - mariblum - Fascia Porta Bebe","description":"Il babywearing in fascia non \u00e8 solo un'opzione pratica. \u00c8 un'opportunit\u00e0 per creare un profondo legame emotivo tra genitori e figli.","robots":{"index":"index","follow":"follow","max-snippet":"max-snippet:-1","max-image-preview":"max-image-preview:large","max-video-preview":"max-video-preview:-1"},"canonical":"https:\/\/mariblum.de\/it\/il-lato-emotivo-del-babywearing\/","og_locale":"it_IT","og_type":"article","og_title":"Il lato emotivo del babywearing","og_description":"Il babywearing in fascia non \u00e8 solo un'opzione pratica. \u00c8 un'opportunit\u00e0 per creare un profondo legame emotivo tra genitori e figli.","og_url":"https:\/\/mariblum.de\/it\/il-lato-emotivo-del-babywearing\/","og_site_name":"mariblum - Fascia Porta Bebe","article_published_time":"2024-04-29T08:17:03+00:00","article_modified_time":"2024-04-29T08:17:05+00:00","og_image":[{"width":600,"height":800,"url":"https:\/\/mariblum.de\/wp-content\/uploads\/2024\/04\/Eichhoernchen-Ring-Sling-Braun-aus-Hanf-seite.jpeg","type":"image\/jpeg"}],"author":"mariblum","twitter_card":"summary_large_image","twitter_misc":{"Scritto da":"mariblum","Tempo di lettura stimato":"2 minuti"},"schema":{"@context":"https:\/\/schema.org","@graph":[{"@type":"Article","@id":"https:\/\/mariblum.de\/it\/il-lato-emotivo-del-babywearing\/#article","isPartOf":{"@id":"https:\/\/mariblum.de\/it\/il-lato-emotivo-del-babywearing\/"},"author":{"name":"mariblum","@id":"https:\/\/mariblum.de\/it\/#\/schema\/person\/0f48a4840cefc156d4d2deb5e4b294d0"},"headline":"Il lato emotivo del babywearing","datePublished":"2024-04-29T08:17:03+00:00","dateModified":"2024-04-29T08:17:05+00:00","mainEntityOfPage":{"@id":"https:\/\/mariblum.de\/it\/il-lato-emotivo-del-babywearing\/"},"wordCount":485,"publisher":{"@id":"https:\/\/mariblum.de\/it\/#organization"},"image":{"@id":"https:\/\/mariblum.de\/it\/il-lato-emotivo-del-babywearing\/#primaryimage"},"thumbnailUrl":"https:\/\/mariblum.de\/wp-content\/uploads\/2024\/04\/Eichhoernchen-Ring-Sling-Braun-aus-Hanf-seite.jpeg","articleSection":["mariblum - porta beb\u00e8 news"],"inLanguage":"it-IT"},{"@type":"WebPage","@id":"https:\/\/mariblum.de\/it\/il-lato-emotivo-del-babywearing\/","url":"https:\/\/mariblum.de\/it\/il-lato-emotivo-del-babywearing\/","name":"Il lato emotivo del babywearing - mariblum - Fascia Porta Bebe","isPartOf":{"@id":"https:\/\/mariblum.de\/it\/#website"},"primaryImageOfPage":{"@id":"https:\/\/mariblum.de\/it\/il-lato-emotivo-del-babywearing\/#primaryimage"},"image":{"@id":"https:\/\/mariblum.de\/it\/il-lato-emotivo-del-babywearing\/#primaryimage"},"thumbnailUrl":"https:\/\/mariblum.de\/wp-content\/uploads\/2024\/04\/Eichhoernchen-Ring-Sling-Braun-aus-Hanf-seite.jpeg","datePublished":"2024-04-29T08:17:03+00:00","dateModified":"2024-04-29T08:17:05+00:00","description":"Il babywearing in fascia non \u00e8 solo un'opzione pratica. \u00c8 un'opportunit\u00e0 per creare un profondo legame emotivo tra genitori e figli.","breadcrumb":{"@id":"https:\/\/mariblum.de\/it\/il-lato-emotivo-del-babywearing\/#breadcrumb"},"inLanguage":"it-IT","potentialAction":[{"@type":"ReadAction","target":["https:\/\/mariblum.de\/it\/il-lato-emotivo-del-babywearing\/"]}]},{"@type":"ImageObject","inLanguage":"it-IT","@id":"https:\/\/mariblum.de\/it\/il-lato-emotivo-del-babywearing\/#primaryimage","url":"https:\/\/mariblum.de\/wp-content\/uploads\/2024\/04\/Eichhoernchen-Ring-Sling-Braun-aus-Hanf-seite.jpeg","contentUrl":"https:\/\/mariblum.de\/wp-content\/uploads\/2024\/04\/Eichhoernchen-Ring-Sling-Braun-aus-Hanf-seite.jpeg","width":600,"height":800,"caption":"Fionda ad anello scoiattolo marrone in canapa"},{"@type":"BreadcrumbList","@id":"https:\/\/mariblum.de\/it\/il-lato-emotivo-del-babywearing\/#breadcrumb","itemListElement":[{"@type":"ListItem","position":1,"name":"Startseite","item":"https:\/\/mariblum.de\/it\/"},{"@type":"ListItem","position":2,"name":"Il lato emotivo del babywearing"}]},{"@type":"WebSite","@id":"https:\/\/mariblum.de\/it\/#website","url":"https:\/\/mariblum.de\/it\/","name":"mariblum Traget\u00fccher","description":"il modo naturale di portare il tuo bambino ","publisher":{"@id":"https:\/\/mariblum.de\/it\/#organization"},"potentialAction":[{"@type":"SearchAction","target":{"@type":"EntryPoint","urlTemplate":"https:\/\/mariblum.de\/it\/?s={search_term_string}"},"query-input":{"@type":"PropertyValueSpecification","valueRequired":true,"valueName":"search_term_string"}}],"inLanguage":"it-IT"},{"@type":"Organization","@id":"https:\/\/mariblum.de\/it\/#organization","name":"mariblum","url":"https:\/\/mariblum.de\/it\/","logo":{"@type":"ImageObject","inLanguage":"it-IT","@id":"https:\/\/mariblum.de\/it\/#\/schema\/logo\/image\/","url":"https:\/\/mariblum.de\/wp-content\/uploads\/2020\/07\/logo_m-500x_transparent.png","contentUrl":"https:\/\/mariblum.de\/wp-content\/uploads\/2020\/07\/logo_m-500x_transparent.png","width":500,"height":500,"caption":"mariblum"},"image":{"@id":"https:\/\/mariblum.de\/it\/#\/schema\/logo\/image\/"},"sameAs":["https:\/\/www.instagram.com\/_mariblum_\/"]},{"@type":"Person","@id":"https:\/\/mariblum.de\/it\/#\/schema\/person\/0f48a4840cefc156d4d2deb5e4b294d0","name":"mariblum","url":"https:\/\/mariblum.de\/it\/author\/mariblum\/"}]}},"_links":{"self":[{"href":"https:\/\/mariblum.de\/it\/wp-json\/wp\/v2\/posts\/16167","targetHints":{"allow":["GET"]}}],"collection":[{"href":"https:\/\/mariblum.de\/it\/wp-json\/wp\/v2\/posts"}],"about":[{"href":"https:\/\/mariblum.de\/it\/wp-json\/wp\/v2\/types\/post"}],"author":[{"embeddable":true,"href":"https:\/\/mariblum.de\/it\/wp-json\/wp\/v2\/users\/1"}],"replies":[{"embeddable":true,"href":"https:\/\/mariblum.de\/it\/wp-json\/wp\/v2\/comments?post=16167"}],"version-history":[{"count":0,"href":"https:\/\/mariblum.de\/it\/wp-json\/wp\/v2\/posts\/16167\/revisions"}],"wp:featuredmedia":[{"embeddable":true,"href":"https:\/\/mariblum.de\/it\/wp-json\/wp\/v2\/media\/16025"}],"wp:attachment":[{"href":"https:\/\/mariblum.de\/it\/wp-json\/wp\/v2\/media?parent=16167"}],"wp:term":[{"taxonomy":"category","embeddable":true,"href":"https:\/\/mariblum.de\/it\/wp-json\/wp\/v2\/categories?post=16167"},{"taxonomy":"post_tag","embeddable":true,"href":"https:\/\/mariblum.de\/it\/wp-json\/wp\/v2\/tags?post=16167"}],"curies":[{"name":"wp","href":"https:\/\/api.w.org\/{rel}","templated":true}]}}