{"id":15872,"date":"2024-04-02T12:08:30","date_gmt":"2024-04-02T12:08:30","guid":{"rendered":"https:\/\/mariblum.de\/le-imbragature-giuste-per-lestate\/"},"modified":"2024-04-02T12:08:34","modified_gmt":"2024-04-02T12:08:34","slug":"le-imbragature-giuste-per-lestate","status":"publish","type":"post","link":"https:\/\/mariblum.de\/it\/le-imbragature-giuste-per-lestate\/","title":{"rendered":"Le imbragature giuste per l&#8217;estate"},"content":{"rendered":"<p class=\"lead\" align=\"justify\">L&#8217;estate \u00e8 alle porte e molti genitori sono ancora alla ricerca di un modo comodo per trasportare il proprio bambino senza che si surriscaldi troppo a causa delle legature. Le imbragature in canapa sono la soluzione perfetta. Le nostre fasce sono assolutamente perfette per il caldo estivo perch\u00e9 non solo sono traspiranti e rinfrescanti, ma offrono anche una sensazione di sicurezza e accoglienza per voi e il vostro bambino.<\/p>\n\t<div id=\"gap-418342748\" class=\"gap-element clearfix\" style=\"display:block; height:auto;\">\n\t\t\n<style>\n#gap-418342748 {\n  padding-top: 10px;\n}\n<\/style>\n\t<\/div>\n\t\n<h3>L&#8217;imbragatura in canapa \u00e8 traspirante<\/h3>\n<p align=\"justify\">Le nostre imbragature di lino sono realizzate al 100% in fibra di lino naturale, che offre numerosi vantaggi rispetto ad altri materiali. Rispetto ai tessuti sintetici come il poliestere o il nylon, il lino \u00e8 un materiale naturale, traspirante e rinfrescante. La struttura delle fibre del lino \u00e8 cava e pu\u00f2 quindi assorbire pi\u00f9 aria di altri materiali. Ci\u00f2 significa che permette a chi lo indossa di espellere il calore e l&#8217;umidit\u00e0, creando una sensazione di comfort.<\/p>\n\n  <div class=\"banner has-hover\" id=\"banner-1992473902\">\n          <div class=\"banner-inner fill\">\n        <div class=\"banner-bg fill\" >\n            <img loading=\"lazy\" decoding=\"async\" width=\"533\" height=\"800\" src=\"https:\/\/mariblum.de\/wp-content\/uploads\/2019\/10\/himmel-blauer-ring-sling-aus-leinen-gebunden.png\" class=\"bg attachment-large size-large\" alt=\"azzurro-ring-sling-in-lino\" \/>                                    \n                    <\/div>\n\t\t\n        <div class=\"banner-layers container\">\n            <div class=\"fill banner-link\"><\/div>            \n   <div id=\"text-box-1943649285\" class=\"text-box banner-layer x50 md-x50 lg-x50 y50 md-y50 lg-y50 res-text\">\n                                <div class=\"text-box-content text dark\">\n              \n              <div class=\"text-inner text-center\">\n                  \n              <\/div>\n           <\/div>\n                            \n<style>\n#text-box-1943649285 {\n  width: 60%;\n}\n#text-box-1943649285 .text-box-content {\n  font-size: 100%;\n}\n<\/style>\n    <\/div>\n \n        <\/div>\n      <\/div>\n\n            \n<style>\n#banner-1992473902 {\n  padding-top: 250px;\n}\n#banner-1992473902 .banner-bg img {\n  object-position: 9% 24%;\n}\n<\/style>\n  <\/div>\n\n\n\t<div id=\"gap-2127540196\" class=\"gap-element clearfix show-for-small\" style=\"display:block; height:auto;\">\n\t\t\n<style>\n#gap-2127540196 {\n  padding-top: 20px;\n}\n@media (min-width:550px) {\n  #gap-2127540196 {\n    padding-top: 30px;\n  }\n}\n<\/style>\n\t<\/div>\n\t\n\t<div id=\"gap-264990343\" class=\"gap-element clearfix show-for-medium hide-for-small\" style=\"display:block; height:auto;\">\n\t\t\n<style>\n#gap-264990343 {\n  padding-top: 30px;\n}\n<\/style>\n\t<\/div>\n\t\n\t<div id=\"gap-73005190\" class=\"gap-element clearfix hide-for-medium\" style=\"display:block; height:auto;\">\n\t\t\n<style>\n#gap-73005190 {\n  padding-top: 30px;\n}\n<\/style>\n\t<\/div>\n\t\n<p align=\"justify\">Un altro vantaggio delle imbragature di lino \u00e8 che si asciugano rapidamente e non rimangono umide. Quando si \u00e8 in giro in primavera e si suda, questo pu\u00f2 essere scomodo e rendere il bambino irrequieto. Tuttavia, le fasce di lino sono progettate per assorbire rapidamente l&#8217;umidit\u00e0 e asciugarsi velocemente, in modo che il bambino rimanga sempre asciutto e comodo.<\/p>\n<p align=\"justify\">Un altro aspetto importante \u00e8 che le imbragature di lino diventano pi\u00f9 morbide e confortevoli a ogni lavaggio. A differenza del cotone, che pu\u00f2 diventare duro quando si asciuga, il lino diventa pi\u00f9 morbido e comodo da indossare nel tempo. Questo significa che potete usarla pi\u00f9 volte e sentirla ancora come nuova.<\/p>\n<p align=\"justify\">\u00c8 giusto dire che le nostre fasce di lino sono una scelta eccellente per la primavera. Grazie alle loro propriet\u00e0 traspiranti e rinfrescanti, all&#8217;asciugatura rapida e alla capacit\u00e0 di diventare pi\u00f9 morbide a ogni lavaggio, sono il modo ideale per portare il bambino vicino al corpo senza sudare o sentirsi a disagio.<\/p>\n<h3>La sostenibilit\u00e0 del lino<\/h3>\n<p align=\"justify\">\u00c8 ampiamente riconosciuto che la sostenibilit\u00e0 \u00e8 fondamentale nel mondo di oggi. In questo contesto, \u00e8 importante capire come noi consumatori possiamo influenzare le nostre decisioni di acquisto per proteggere l&#8217;ambiente. In questo contesto, le imbragature in lino offrono un&#8217;alternativa promettente ai materiali tradizionali come il poliestere o il nylon, che sono prodotti dal petrolio.<\/p>\n<p align=\"justify\">Il vantaggio principale delle imbragature in lino \u00e8 che sono realizzate con una risorsa naturale, la pianta di lino. A differenza dei materiali sintetici, il processo di produzione del lino \u00e8 molto pi\u00f9 ecologico, in quanto richiede meno energia ed \u00e8 meno dannoso per l&#8217;ambiente. Inoltre, nella produzione delle imbragature di lino vengono utilizzate meno sostanze chimiche tossiche, il che significa che i rifiuti tossici rilasciati nell&#8217;ambiente sono minori.<\/p>\n<p align=\"justify\">Il lino si distingue anche per la sua durata. A differenza di altri materiali che devono essere sostituiti dopo poco tempo, un&#8217;imbragatura di lino pu\u00f2 essere utilizzata per anni. Questo perch\u00e9 il lino ha un alto livello di resistenza e durevolezza, che gli permette di sopportare un uso intenso. Grazie a queste propriet\u00e0, un&#8217;imbragatura in lino pu\u00f2 essere ancora bella dopo molti anni come il primo giorno.<\/p>\n\t<div id=\"gap-164865283\" class=\"gap-element clearfix show-for-medium hide-for-small\" style=\"display:block; height:auto;\">\n\t\t\n<style>\n#gap-164865283 {\n  padding-top: 30px;\n}\n<\/style>\n\t<\/div>\n\t\n\t<div id=\"gap-121294712\" class=\"gap-element clearfix show-for-small\" style=\"display:block; height:auto;\">\n\t\t\n<style>\n#gap-121294712 {\n  padding-top: 20px;\n}\n@media (min-width:550px) {\n  #gap-121294712 {\n    padding-top: 30px;\n  }\n}\n<\/style>\n\t<\/div>\n\t\n<div class=\"woocommerce columns-2 \"><div class=\"products row row-small large-columns-2 medium-columns-3 small-columns-2\">\n<div class=\"product-small col has-hover product type-product post-7053 status-publish first instock product_cat-fascia-porta-bebe-in-lino-imbragature product_cat-tessuti-di-lini product_tag-biologica product_tag-fascia-porta-bebe product_tag-lino product_tag-rosa-it has-post-thumbnail featured purchasable product-type-variable has-product-safety-information\">\n\t<div class=\"col-inner\">\n\t\n<div class=\"badge-container absolute left top z-1\">\n\n<\/div>\n\t<div class=\"product-small box \">\n\t\t<div class=\"box-image\">\n\t\t\t<div class=\"image-fade_in_back\">\n\t\t\t\t<a href=\"https:\/\/mariblum.de\/it\/produkt\/aurora-fascia-porta-bebe-in-lino\/\">\n\t\t\t\t\t<img loading=\"lazy\" decoding=\"async\" width=\"247\" height=\"247\" src=\"https:\/\/mariblum.de\/wp-content\/uploads\/2019\/10\/leinen-tragetuch-rosa-nah-scaled-e1576526928588-247x247.jpg\" class=\"attachment-woocommerce_thumbnail size-woocommerce_thumbnail\" alt=\"lino porta beb\u00e8\" srcset=\"https:\/\/mariblum.de\/wp-content\/uploads\/2019\/10\/leinen-tragetuch-rosa-nah-scaled-e1576526928588-247x247.jpg 247w, https:\/\/mariblum.de\/wp-content\/uploads\/2019\/10\/leinen-tragetuch-rosa-nah-scaled-e1576526928588-100x100.jpg 100w, https:\/\/mariblum.de\/wp-content\/uploads\/2019\/10\/leinen-tragetuch-rosa-nah-scaled-e1576526928588-150x150.jpg 150w\" sizes=\"auto, (max-width: 247px) 100vw, 247px\" \/><img loading=\"lazy\" decoding=\"async\" width=\"247\" height=\"247\" src=\"https:\/\/mariblum.de\/wp-content\/uploads\/2019\/10\/roter-ring-sling-gebunden-aus-leinen-trageberatung-247x247.png\" class=\"show-on-hover absolute fill hide-for-small back-image\" alt=\"aurora-fascia-porta-bebe-in-lino-rosa-scuro\" aria-hidden=\"true\" srcset=\"https:\/\/mariblum.de\/wp-content\/uploads\/2019\/10\/roter-ring-sling-gebunden-aus-leinen-trageberatung-247x247.png 247w, https:\/\/mariblum.de\/wp-content\/uploads\/2019\/10\/roter-ring-sling-gebunden-aus-leinen-trageberatung-100x100.png 100w, https:\/\/mariblum.de\/wp-content\/uploads\/2019\/10\/roter-ring-sling-gebunden-aus-leinen-trageberatung-150x150.png 150w\" sizes=\"auto, (max-width: 247px) 100vw, 247px\" \/>\t\t\t\t<\/a>\n\t\t\t<\/div>\n\t\t\t<div class=\"image-tools is-small top right show-on-hover\">\n\t\t\t\t\t\t\t<\/div>\n\t\t\t<div class=\"image-tools is-small hide-for-small bottom left show-on-hover\">\n\t\t\t\t\t\t\t<\/div>\n\t\t\t<div class=\"image-tools grid-tools text-center hide-for-small bottom hover-slide-in show-on-hover\">\n\t\t\t\t<a href=\"#quick-view\" class=\"quick-view\" role=\"button\" data-prod=\"7053\" aria-haspopup=\"dialog\" aria-expanded=\"false\" data-flatsome-role-button>Anteprima<\/a>\t\t\t<\/div>\n\t\t\t\t\t<\/div>\n\n\t\t<div class=\"box-text box-text-products text-center grid-style-2\">\n\t\t\t<div class=\"title-wrapper\">\t\t<p class=\"category uppercase is-smaller no-text-overflow product-cat op-8\">\n\t\t\tImbragature in lino\t\t<\/p>\n\t<p class=\"name product-title woocommerce-loop-product__title\"><a href=\"https:\/\/mariblum.de\/it\/produkt\/aurora-fascia-porta-bebe-in-lino\/\" class=\"woocommerce-LoopProduct-link woocommerce-loop-product__link\">Aurora &#8211; Imbragature in lino<\/a><\/p><\/div><div class=\"price-wrapper\">\n\t<span class=\"price\"><span class=\"woocommerce-Price-amount amount\"><bdi>144,95&nbsp;<span class=\"woocommerce-Price-currencySymbol\">&euro;<\/span><\/bdi><\/span><\/span>\n\n\n\n<\/div>\t\t<\/div>\n\t<\/div>\n\t\n<span class=\"gtm4wp_productdata\" style=\"display:none; visibility:hidden;\" data-gtm4wp_product_data=\"{&quot;internal_id&quot;:7053,&quot;item_id&quot;:7053,&quot;item_name&quot;:&quot;Aurora - Imbragature in lino&quot;,&quot;sku&quot;:7053,&quot;price&quot;:144.95,&quot;stocklevel&quot;:null,&quot;stockstatus&quot;:&quot;instock&quot;,&quot;google_business_vertical&quot;:&quot;retail&quot;,&quot;item_category&quot;:&quot;Imbragature in lino&quot;,&quot;id&quot;:7053,&quot;productlink&quot;:&quot;https:\\\/\\\/mariblum.de\\\/it\\\/produkt\\\/aurora-fascia-porta-bebe-in-lino\\\/&quot;,&quot;item_list_name&quot;:&quot;General Product List&quot;,&quot;index&quot;:1,&quot;product_type&quot;:&quot;variable&quot;,&quot;item_brand&quot;:&quot;&quot;}\"><\/span>\t<\/div>\n<\/div><\/div><!-- row -->\n<\/div>\n\t<div id=\"gap-1599241771\" class=\"gap-element clearfix show-for-small\" style=\"display:block; height:auto;\">\n\t\t\n<style>\n#gap-1599241771 {\n  padding-top: 30px;\n}\n<\/style>\n\t<\/div>\n\t\n\t<div id=\"gap-1072612752\" class=\"gap-element clearfix show-for-medium hide-for-small\" style=\"display:block; height:auto;\">\n\t\t\n<style>\n#gap-1072612752 {\n  padding-top: 30px;\n}\n<\/style>\n\t<\/div>\n\t\n<h3>Fionda ad anello in lino per neonati piccoli<\/h3>\n<p align=\"justify\">I bambini sono spesso molto attivi e consumano rapidamente i loro vestiti. Tuttavia, il tessuto di lino \u00e8 molto resistente e pu\u00f2 rimanere in buone condizioni anche dopo diversi lavaggi. Inoltre, il tessuto di lino \u00e8 ipoallergenico e pu\u00f2 aiutare i bambini con pelle sensibile o allergie a sentirsi a proprio agio.<\/p>\n\n  <div class=\"banner has-hover show-for-small\" id=\"banner-610481106\">\n          <div class=\"banner-inner fill\">\n        <div class=\"banner-bg fill\" >\n            <img loading=\"lazy\" decoding=\"async\" width=\"533\" height=\"800\" src=\"https:\/\/mariblum.de\/wp-content\/uploads\/2019\/02\/roeschen-ring-sling-trageberatung.png\" class=\"bg attachment-large size-large\" alt=\"piccola-rosa-ring-sling-rosso-in-canapa\" \/>                                    \n                    <\/div>\n\t\t\n        <div class=\"banner-layers container\">\n            <div class=\"fill banner-link\"><\/div>            \n   <div id=\"text-box-799656698\" class=\"text-box banner-layer x50 md-x50 lg-x50 y50 md-y50 lg-y50 res-text\">\n                                <div class=\"text-box-content text dark\">\n              \n              <div class=\"text-inner text-center\">\n                  \n              <\/div>\n           <\/div>\n                            \n<style>\n#text-box-799656698 {\n  width: 60%;\n}\n#text-box-799656698 .text-box-content {\n  font-size: 100%;\n}\n<\/style>\n    <\/div>\n \n        <\/div>\n      <\/div>\n\n            \n<style>\n#banner-610481106 {\n  padding-top: 250px;\n}\n#banner-610481106 .banner-bg img {\n  object-position: 0% 27%;\n}\n@media (min-width:550px) {\n  #banner-610481106 {\n    padding-top: 500px;\n  }\n}\n<\/style>\n  <\/div>\n\n\n\t<div id=\"gap-1037636816\" class=\"gap-element clearfix show-for-small\" style=\"display:block; height:auto;\">\n\t\t\n<style>\n#gap-1037636816 {\n  padding-top: 30px;\n}\n<\/style>\n\t<\/div>\n\t\n<p align=\"justify\">Alcuni genitori potrebbero chiedersi se il tessuto di lino sia difficile da curare. In effetti, \u00e8 relativamente facile da lavare e asciugare. Tuttavia, il tessuto di lino non deve essere stirato eccessivamente o potrebbe perdere la sua forma. Inoltre, deve essere stirato a fuoco basso per evitare di danneggiare il tessuto.<\/p>\n\t<div id=\"gap-614886743\" class=\"gap-element clearfix show-for-medium hide-for-small\" style=\"display:block; height:auto;\">\n\t\t\n<style>\n#gap-614886743 {\n  padding-top: 30px;\n}\n<\/style>\n\t<\/div>\n\t\n\t<div id=\"gap-1011027967\" class=\"gap-element clearfix show-for-small\" style=\"display:block; height:auto;\">\n\t\t\n<style>\n#gap-1011027967 {\n  padding-top: 30px;\n}\n<\/style>\n\t<\/div>\n\t\n<div class=\"woocommerce columns-3 \"><div class=\"products row row-small large-columns-3 medium-columns-3 small-columns-2\">\n<div class=\"product-small col has-hover product type-product post-7310 status-publish first instock product_cat-ring-sling-it product_cat-ring-sling-it-in-lino product_cat-tessuti-di-lini product_tag-biologica product_tag-lino product_tag-ring-sling-it has-post-thumbnail featured purchasable product-type-variable has-default-attributes has-product-safety-information\">\n\t<div class=\"col-inner\">\n\t\n<div class=\"badge-container absolute left top z-1\">\n\n<\/div>\n\t<div class=\"product-small box \">\n\t\t<div class=\"box-image\">\n\t\t\t<div class=\"image-fade_in_back\">\n\t\t\t\t<a href=\"https:\/\/mariblum.de\/it\/produkt\/aurora-ring-sling-in-lino-rosa-scuro\/\">\n\t\t\t\t\t<img loading=\"lazy\" decoding=\"async\" width=\"247\" height=\"247\" src=\"https:\/\/mariblum.de\/wp-content\/uploads\/2019\/10\/roter-ring-sling-gebunden-aus-leinen-trageberatung-247x247.png\" class=\"attachment-woocommerce_thumbnail size-woocommerce_thumbnail\" alt=\"aurora-fascia-porta-bebe-in-lino-rosa-scuro\" srcset=\"https:\/\/mariblum.de\/wp-content\/uploads\/2019\/10\/roter-ring-sling-gebunden-aus-leinen-trageberatung-247x247.png 247w, https:\/\/mariblum.de\/wp-content\/uploads\/2019\/10\/roter-ring-sling-gebunden-aus-leinen-trageberatung-100x100.png 100w, https:\/\/mariblum.de\/wp-content\/uploads\/2019\/10\/roter-ring-sling-gebunden-aus-leinen-trageberatung-150x150.png 150w\" sizes=\"auto, (max-width: 247px) 100vw, 247px\" \/><img loading=\"lazy\" decoding=\"async\" width=\"247\" height=\"247\" src=\"https:\/\/mariblum.de\/wp-content\/uploads\/2019\/10\/leinen-ring-sling-rosa-scaled-e1576614953654-247x247.jpg\" class=\"show-on-hover absolute fill hide-for-small back-image\" alt=\"aurora-ring-sling-in-lino\" aria-hidden=\"true\" srcset=\"https:\/\/mariblum.de\/wp-content\/uploads\/2019\/10\/leinen-ring-sling-rosa-scaled-e1576614953654-247x247.jpg 247w, https:\/\/mariblum.de\/wp-content\/uploads\/2019\/10\/leinen-ring-sling-rosa-scaled-e1576614953654-100x100.jpg 100w, https:\/\/mariblum.de\/wp-content\/uploads\/2019\/10\/leinen-ring-sling-rosa-scaled-e1576614953654-150x150.jpg 150w\" sizes=\"auto, (max-width: 247px) 100vw, 247px\" \/>\t\t\t\t<\/a>\n\t\t\t<\/div>\n\t\t\t<div class=\"image-tools is-small top right show-on-hover\">\n\t\t\t\t\t\t\t<\/div>\n\t\t\t<div class=\"image-tools is-small hide-for-small bottom left show-on-hover\">\n\t\t\t\t\t\t\t<\/div>\n\t\t\t<div class=\"image-tools grid-tools text-center hide-for-small bottom hover-slide-in show-on-hover\">\n\t\t\t\t<a href=\"#quick-view\" class=\"quick-view\" role=\"button\" data-prod=\"7310\" aria-haspopup=\"dialog\" aria-expanded=\"false\" data-flatsome-role-button>Anteprima<\/a>\t\t\t<\/div>\n\t\t\t\t\t<\/div>\n\n\t\t<div class=\"box-text box-text-products text-center grid-style-2\">\n\t\t\t<div class=\"title-wrapper\">\t\t<p class=\"category uppercase is-smaller no-text-overflow product-cat op-8\">\n\t\t\tRing Slings\t\t<\/p>\n\t<p class=\"name product-title woocommerce-loop-product__title\"><a href=\"https:\/\/mariblum.de\/it\/produkt\/aurora-ring-sling-in-lino-rosa-scuro\/\" class=\"woocommerce-LoopProduct-link woocommerce-loop-product__link\">Aurora &#8211; Ring Sling in lino<\/a><\/p><\/div><div class=\"price-wrapper\">\n\t<span class=\"price\"><span class=\"woocommerce-Price-amount amount\"><bdi>99,95&nbsp;<span class=\"woocommerce-Price-currencySymbol\">&euro;<\/span><\/bdi><\/span><\/span>\n\n\n\n<\/div>\t\t<\/div>\n\t<\/div>\n\t\n<span class=\"gtm4wp_productdata\" style=\"display:none; visibility:hidden;\" data-gtm4wp_product_data=\"{&quot;internal_id&quot;:7310,&quot;item_id&quot;:7310,&quot;item_name&quot;:&quot;Aurora - Ring Sling in lino&quot;,&quot;sku&quot;:7310,&quot;price&quot;:99.95,&quot;stocklevel&quot;:null,&quot;stockstatus&quot;:&quot;instock&quot;,&quot;google_business_vertical&quot;:&quot;retail&quot;,&quot;item_category&quot;:&quot;Ring Slings&quot;,&quot;id&quot;:7310,&quot;productlink&quot;:&quot;https:\\\/\\\/mariblum.de\\\/it\\\/produkt\\\/aurora-ring-sling-in-lino-rosa-scuro\\\/&quot;,&quot;item_list_name&quot;:&quot;General Product List&quot;,&quot;index&quot;:1,&quot;product_type&quot;:&quot;variable&quot;,&quot;item_brand&quot;:&quot;&quot;}\"><\/span>\t<\/div>\n<\/div><div class=\"product-small col has-hover product type-product post-7298 status-publish instock product_cat-ring-sling-it product_cat-ring-sling-it-in-lino product_cat-tessuti-di-lini product_tag-azzurro product_tag-lino product_tag-ring-sling-it has-post-thumbnail purchasable product-type-variable has-default-attributes has-product-safety-information\">\n\t<div class=\"col-inner\">\n\t\n<div class=\"badge-container absolute left top z-1\">\n\n<\/div>\n\t<div class=\"product-small box \">\n\t\t<div class=\"box-image\">\n\t\t\t<div class=\"image-fade_in_back\">\n\t\t\t\t<a href=\"https:\/\/mariblum.de\/it\/produkt\/azzurro-ring-sling-in-lino\/\">\n\t\t\t\t\t<img loading=\"lazy\" decoding=\"async\" width=\"247\" height=\"247\" src=\"https:\/\/mariblum.de\/wp-content\/uploads\/2019\/10\/himmel-blauer-ring-sling-aus-leinen-trageberatung-247x247.png\" class=\"attachment-woocommerce_thumbnail size-woocommerce_thumbnail\" alt=\"azzurro-ring-sling-in-lino\" srcset=\"https:\/\/mariblum.de\/wp-content\/uploads\/2019\/10\/himmel-blauer-ring-sling-aus-leinen-trageberatung-247x247.png 247w, https:\/\/mariblum.de\/wp-content\/uploads\/2019\/10\/himmel-blauer-ring-sling-aus-leinen-trageberatung-100x100.png 100w, https:\/\/mariblum.de\/wp-content\/uploads\/2019\/10\/himmel-blauer-ring-sling-aus-leinen-trageberatung-150x150.png 150w\" sizes=\"auto, (max-width: 247px) 100vw, 247px\" \/><img loading=\"lazy\" decoding=\"async\" width=\"247\" height=\"247\" src=\"https:\/\/mariblum.de\/wp-content\/uploads\/2019\/10\/leinen-ring-sling-himmelblau-scaled-e1576587964109-247x247.jpg\" class=\"show-on-hover absolute fill hide-for-small back-image\" alt=\"Azzurro Ring Sling in lino\" aria-hidden=\"true\" srcset=\"https:\/\/mariblum.de\/wp-content\/uploads\/2019\/10\/leinen-ring-sling-himmelblau-scaled-e1576587964109-247x247.jpg 247w, https:\/\/mariblum.de\/wp-content\/uploads\/2019\/10\/leinen-ring-sling-himmelblau-scaled-e1576587964109-100x100.jpg 100w, https:\/\/mariblum.de\/wp-content\/uploads\/2019\/10\/leinen-ring-sling-himmelblau-scaled-e1576587964109-150x150.jpg 150w\" sizes=\"auto, (max-width: 247px) 100vw, 247px\" \/>\t\t\t\t<\/a>\n\t\t\t<\/div>\n\t\t\t<div class=\"image-tools is-small top right show-on-hover\">\n\t\t\t\t\t\t\t<\/div>\n\t\t\t<div class=\"image-tools is-small hide-for-small bottom left show-on-hover\">\n\t\t\t\t\t\t\t<\/div>\n\t\t\t<div class=\"image-tools grid-tools text-center hide-for-small bottom hover-slide-in show-on-hover\">\n\t\t\t\t<a href=\"#quick-view\" class=\"quick-view\" role=\"button\" data-prod=\"7298\" aria-haspopup=\"dialog\" aria-expanded=\"false\" data-flatsome-role-button>Anteprima<\/a>\t\t\t<\/div>\n\t\t\t\t\t<\/div>\n\n\t\t<div class=\"box-text box-text-products text-center grid-style-2\">\n\t\t\t<div class=\"title-wrapper\">\t\t<p class=\"category uppercase is-smaller no-text-overflow product-cat op-8\">\n\t\t\tRing Slings\t\t<\/p>\n\t<p class=\"name product-title woocommerce-loop-product__title\"><a href=\"https:\/\/mariblum.de\/it\/produkt\/azzurro-ring-sling-in-lino\/\" class=\"woocommerce-LoopProduct-link woocommerce-loop-product__link\">Azzurro &#8211; Ring Sling in lino<\/a><\/p><\/div><div class=\"price-wrapper\">\n\t<span class=\"price\"><span class=\"woocommerce-Price-amount amount\"><bdi>85,95&nbsp;<span class=\"woocommerce-Price-currencySymbol\">&euro;<\/span><\/bdi><\/span> &ndash; <span class=\"woocommerce-Price-amount amount\"><bdi>99,95&nbsp;<span class=\"woocommerce-Price-currencySymbol\">&euro;<\/span><\/bdi><\/span><\/span>\n\n\n\n<\/div>\t\t<\/div>\n\t<\/div>\n\t\n<span class=\"gtm4wp_productdata\" style=\"display:none; visibility:hidden;\" data-gtm4wp_product_data=\"{&quot;internal_id&quot;:7298,&quot;item_id&quot;:7298,&quot;item_name&quot;:&quot;Azzurro - Ring Sling in lino&quot;,&quot;sku&quot;:7298,&quot;price&quot;:85.95,&quot;stocklevel&quot;:null,&quot;stockstatus&quot;:&quot;instock&quot;,&quot;google_business_vertical&quot;:&quot;retail&quot;,&quot;item_category&quot;:&quot;Ring Slings&quot;,&quot;id&quot;:7298,&quot;productlink&quot;:&quot;https:\\\/\\\/mariblum.de\\\/it\\\/produkt\\\/azzurro-ring-sling-in-lino\\\/&quot;,&quot;item_list_name&quot;:&quot;General Product List&quot;,&quot;index&quot;:2,&quot;product_type&quot;:&quot;variable&quot;,&quot;item_brand&quot;:&quot;&quot;}\"><\/span>\t<\/div>\n<\/div><\/div><!-- row -->\n<\/div>\n","protected":false},"excerpt":{"rendered":"<p>L&#8217;estate \u00e8 alle porte e molti genitori sono ancora alla ricerca di un modo comodo per trasportare il proprio bambino senza che si surriscaldi troppo a causa delle legature. Le imbragature in canapa sono la soluzione perfetta. Le nostre fasce sono assolutamente perfette per il caldo estivo perch\u00e9 non solo sono traspiranti e rinfrescanti, ma [&#8230;]\n","protected":false},"author":1,"featured_media":7289,"comment_status":"closed","ping_status":"closed","sticky":false,"template":"","format":"standard","meta":{"footnotes":""},"categories":[34],"tags":[],"class_list":["post-15872","post","type-post","status-publish","format-standard","has-post-thumbnail","hentry","category-tragetuch-neuigkeiten"],"yoast_head":"<!-- This site is optimized with the Yoast SEO Premium plugin v23.3 (Yoast SEO v27.2) - https:\/\/yoast.com\/product\/yoast-seo-premium-wordpress\/ -->\n<title>Le imbragature giuste per l&#039;estate - mariblum - Fascia Porta Bebe<\/title>\n<meta name=\"robots\" content=\"index, follow, max-snippet:-1, max-image-preview:large, max-video-preview:-1\" \/>\n<link rel=\"canonical\" href=\"https:\/\/mariblum.de\/it\/le-imbragature-giuste-per-lestate\/\" \/>\n<meta property=\"og:locale\" content=\"it_IT\" \/>\n<meta property=\"og:type\" content=\"article\" \/>\n<meta property=\"og:title\" content=\"Le imbragature giuste per l&#039;estate\" \/>\n<meta property=\"og:description\" content=\"L&#8217;estate \u00e8 alle porte e molti genitori sono ancora alla ricerca di un modo comodo per trasportare il proprio bambino senza che si surriscaldi troppo a causa delle legature. Le imbragature in canapa sono la soluzione perfetta. Le nostre fasce sono assolutamente perfette per il caldo estivo perch\u00e9 non solo sono traspiranti e rinfrescanti, ma [...]\" \/>\n<meta property=\"og:url\" content=\"https:\/\/mariblum.de\/it\/le-imbragature-giuste-per-lestate\/\" \/>\n<meta property=\"og:site_name\" content=\"mariblum - Fascia Porta Bebe\" \/>\n<meta property=\"article:published_time\" content=\"2024-04-02T12:08:30+00:00\" \/>\n<meta property=\"article:modified_time\" content=\"2024-04-02T12:08:34+00:00\" \/>\n<meta property=\"og:image\" content=\"https:\/\/mariblum.de\/wp-content\/uploads\/2019\/10\/gr\u00fcner-leinen-ring-sling-scaled-e1576671321758.jpg\" \/>\n\t<meta property=\"og:image:width\" content=\"600\" \/>\n\t<meta property=\"og:image:height\" content=\"800\" \/>\n\t<meta property=\"og:image:type\" content=\"image\/jpeg\" \/>\n<meta name=\"author\" content=\"mariblum\" \/>\n<meta name=\"twitter:card\" content=\"summary_large_image\" \/>\n<meta name=\"twitter:label1\" content=\"Scritto da\" \/>\n\t<meta name=\"twitter:data1\" content=\"mariblum\" \/>\n\t<meta name=\"twitter:label2\" content=\"Tempo di lettura stimato\" \/>\n\t<meta name=\"twitter:data2\" content=\"3 minuti\" \/>\n<script type=\"application\/ld+json\" class=\"yoast-schema-graph\">{\"@context\":\"https:\/\/schema.org\",\"@graph\":[{\"@type\":\"Article\",\"@id\":\"https:\/\/mariblum.de\/it\/le-imbragature-giuste-per-lestate\/#article\",\"isPartOf\":{\"@id\":\"https:\/\/mariblum.de\/it\/le-imbragature-giuste-per-lestate\/\"},\"author\":{\"name\":\"mariblum\",\"@id\":\"https:\/\/mariblum.de\/it\/#\/schema\/person\/0f48a4840cefc156d4d2deb5e4b294d0\"},\"headline\":\"Le imbragature giuste per l&#8217;estate\",\"datePublished\":\"2024-04-02T12:08:30+00:00\",\"dateModified\":\"2024-04-02T12:08:34+00:00\",\"mainEntityOfPage\":{\"@id\":\"https:\/\/mariblum.de\/it\/le-imbragature-giuste-per-lestate\/\"},\"wordCount\":711,\"publisher\":{\"@id\":\"https:\/\/mariblum.de\/it\/#organization\"},\"image\":{\"@id\":\"https:\/\/mariblum.de\/it\/le-imbragature-giuste-per-lestate\/#primaryimage\"},\"thumbnailUrl\":\"https:\/\/mariblum.de\/wp-content\/uploads\/2019\/10\/gr\u00fcner-leinen-ring-sling-scaled-e1576671321758.jpg\",\"articleSection\":[\"mariblum - Tragetuch Neuigkeiten\"],\"inLanguage\":\"it-IT\"},{\"@type\":\"WebPage\",\"@id\":\"https:\/\/mariblum.de\/it\/le-imbragature-giuste-per-lestate\/\",\"url\":\"https:\/\/mariblum.de\/it\/le-imbragature-giuste-per-lestate\/\",\"name\":\"Le imbragature giuste per l'estate - mariblum - Fascia Porta Bebe\",\"isPartOf\":{\"@id\":\"https:\/\/mariblum.de\/it\/#website\"},\"primaryImageOfPage\":{\"@id\":\"https:\/\/mariblum.de\/it\/le-imbragature-giuste-per-lestate\/#primaryimage\"},\"image\":{\"@id\":\"https:\/\/mariblum.de\/it\/le-imbragature-giuste-per-lestate\/#primaryimage\"},\"thumbnailUrl\":\"https:\/\/mariblum.de\/wp-content\/uploads\/2019\/10\/gr\u00fcner-leinen-ring-sling-scaled-e1576671321758.jpg\",\"datePublished\":\"2024-04-02T12:08:30+00:00\",\"dateModified\":\"2024-04-02T12:08:34+00:00\",\"breadcrumb\":{\"@id\":\"https:\/\/mariblum.de\/it\/le-imbragature-giuste-per-lestate\/#breadcrumb\"},\"inLanguage\":\"it-IT\",\"potentialAction\":[{\"@type\":\"ReadAction\",\"target\":[\"https:\/\/mariblum.de\/it\/le-imbragature-giuste-per-lestate\/\"]}]},{\"@type\":\"ImageObject\",\"inLanguage\":\"it-IT\",\"@id\":\"https:\/\/mariblum.de\/it\/le-imbragature-giuste-per-lestate\/#primaryimage\",\"url\":\"https:\/\/mariblum.de\/wp-content\/uploads\/2019\/10\/gr\u00fcner-leinen-ring-sling-scaled-e1576671321758.jpg\",\"contentUrl\":\"https:\/\/mariblum.de\/wp-content\/uploads\/2019\/10\/gr\u00fcner-leinen-ring-sling-scaled-e1576671321758.jpg\",\"width\":600,\"height\":800,\"caption\":\"campo-di-nebbia-ring-sling-in-lino\"},{\"@type\":\"BreadcrumbList\",\"@id\":\"https:\/\/mariblum.de\/it\/le-imbragature-giuste-per-lestate\/#breadcrumb\",\"itemListElement\":[{\"@type\":\"ListItem\",\"position\":1,\"name\":\"Startseite\",\"item\":\"https:\/\/mariblum.de\/it\/\"},{\"@type\":\"ListItem\",\"position\":2,\"name\":\"Le imbragature giuste per l&#8217;estate\"}]},{\"@type\":\"WebSite\",\"@id\":\"https:\/\/mariblum.de\/it\/#website\",\"url\":\"https:\/\/mariblum.de\/it\/\",\"name\":\"mariblum Traget\u00fccher\",\"description\":\"il modo naturale di portare il tuo bambino \",\"publisher\":{\"@id\":\"https:\/\/mariblum.de\/it\/#organization\"},\"potentialAction\":[{\"@type\":\"SearchAction\",\"target\":{\"@type\":\"EntryPoint\",\"urlTemplate\":\"https:\/\/mariblum.de\/it\/?s={search_term_string}\"},\"query-input\":{\"@type\":\"PropertyValueSpecification\",\"valueRequired\":true,\"valueName\":\"search_term_string\"}}],\"inLanguage\":\"it-IT\"},{\"@type\":\"Organization\",\"@id\":\"https:\/\/mariblum.de\/it\/#organization\",\"name\":\"mariblum\",\"url\":\"https:\/\/mariblum.de\/it\/\",\"logo\":{\"@type\":\"ImageObject\",\"inLanguage\":\"it-IT\",\"@id\":\"https:\/\/mariblum.de\/it\/#\/schema\/logo\/image\/\",\"url\":\"https:\/\/mariblum.de\/wp-content\/uploads\/2020\/07\/logo_m-500x_transparent.png\",\"contentUrl\":\"https:\/\/mariblum.de\/wp-content\/uploads\/2020\/07\/logo_m-500x_transparent.png\",\"width\":500,\"height\":500,\"caption\":\"mariblum\"},\"image\":{\"@id\":\"https:\/\/mariblum.de\/it\/#\/schema\/logo\/image\/\"},\"sameAs\":[\"https:\/\/www.instagram.com\/_mariblum_\/\"]},{\"@type\":\"Person\",\"@id\":\"https:\/\/mariblum.de\/it\/#\/schema\/person\/0f48a4840cefc156d4d2deb5e4b294d0\",\"name\":\"mariblum\",\"url\":\"https:\/\/mariblum.de\/it\/author\/mariblum\/\"}]}<\/script>\n<!-- \/ Yoast SEO Premium plugin. -->","yoast_head_json":{"title":"Le imbragature giuste per l'estate - mariblum - Fascia Porta Bebe","robots":{"index":"index","follow":"follow","max-snippet":"max-snippet:-1","max-image-preview":"max-image-preview:large","max-video-preview":"max-video-preview:-1"},"canonical":"https:\/\/mariblum.de\/it\/le-imbragature-giuste-per-lestate\/","og_locale":"it_IT","og_type":"article","og_title":"Le imbragature giuste per l'estate","og_description":"L&#8217;estate \u00e8 alle porte e molti genitori sono ancora alla ricerca di un modo comodo per trasportare il proprio bambino senza che si surriscaldi troppo a causa delle legature. Le imbragature in canapa sono la soluzione perfetta. Le nostre fasce sono assolutamente perfette per il caldo estivo perch\u00e9 non solo sono traspiranti e rinfrescanti, ma [...]","og_url":"https:\/\/mariblum.de\/it\/le-imbragature-giuste-per-lestate\/","og_site_name":"mariblum - Fascia Porta Bebe","article_published_time":"2024-04-02T12:08:30+00:00","article_modified_time":"2024-04-02T12:08:34+00:00","og_image":[{"width":600,"height":800,"url":"https:\/\/mariblum.de\/wp-content\/uploads\/2019\/10\/gr\u00fcner-leinen-ring-sling-scaled-e1576671321758.jpg","type":"image\/jpeg"}],"author":"mariblum","twitter_card":"summary_large_image","twitter_misc":{"Scritto da":"mariblum","Tempo di lettura stimato":"3 minuti"},"schema":{"@context":"https:\/\/schema.org","@graph":[{"@type":"Article","@id":"https:\/\/mariblum.de\/it\/le-imbragature-giuste-per-lestate\/#article","isPartOf":{"@id":"https:\/\/mariblum.de\/it\/le-imbragature-giuste-per-lestate\/"},"author":{"name":"mariblum","@id":"https:\/\/mariblum.de\/it\/#\/schema\/person\/0f48a4840cefc156d4d2deb5e4b294d0"},"headline":"Le imbragature giuste per l&#8217;estate","datePublished":"2024-04-02T12:08:30+00:00","dateModified":"2024-04-02T12:08:34+00:00","mainEntityOfPage":{"@id":"https:\/\/mariblum.de\/it\/le-imbragature-giuste-per-lestate\/"},"wordCount":711,"publisher":{"@id":"https:\/\/mariblum.de\/it\/#organization"},"image":{"@id":"https:\/\/mariblum.de\/it\/le-imbragature-giuste-per-lestate\/#primaryimage"},"thumbnailUrl":"https:\/\/mariblum.de\/wp-content\/uploads\/2019\/10\/gr\u00fcner-leinen-ring-sling-scaled-e1576671321758.jpg","articleSection":["mariblum - Tragetuch Neuigkeiten"],"inLanguage":"it-IT"},{"@type":"WebPage","@id":"https:\/\/mariblum.de\/it\/le-imbragature-giuste-per-lestate\/","url":"https:\/\/mariblum.de\/it\/le-imbragature-giuste-per-lestate\/","name":"Le imbragature giuste per l'estate - mariblum - Fascia Porta Bebe","isPartOf":{"@id":"https:\/\/mariblum.de\/it\/#website"},"primaryImageOfPage":{"@id":"https:\/\/mariblum.de\/it\/le-imbragature-giuste-per-lestate\/#primaryimage"},"image":{"@id":"https:\/\/mariblum.de\/it\/le-imbragature-giuste-per-lestate\/#primaryimage"},"thumbnailUrl":"https:\/\/mariblum.de\/wp-content\/uploads\/2019\/10\/gr\u00fcner-leinen-ring-sling-scaled-e1576671321758.jpg","datePublished":"2024-04-02T12:08:30+00:00","dateModified":"2024-04-02T12:08:34+00:00","breadcrumb":{"@id":"https:\/\/mariblum.de\/it\/le-imbragature-giuste-per-lestate\/#breadcrumb"},"inLanguage":"it-IT","potentialAction":[{"@type":"ReadAction","target":["https:\/\/mariblum.de\/it\/le-imbragature-giuste-per-lestate\/"]}]},{"@type":"ImageObject","inLanguage":"it-IT","@id":"https:\/\/mariblum.de\/it\/le-imbragature-giuste-per-lestate\/#primaryimage","url":"https:\/\/mariblum.de\/wp-content\/uploads\/2019\/10\/gr\u00fcner-leinen-ring-sling-scaled-e1576671321758.jpg","contentUrl":"https:\/\/mariblum.de\/wp-content\/uploads\/2019\/10\/gr\u00fcner-leinen-ring-sling-scaled-e1576671321758.jpg","width":600,"height":800,"caption":"campo-di-nebbia-ring-sling-in-lino"},{"@type":"BreadcrumbList","@id":"https:\/\/mariblum.de\/it\/le-imbragature-giuste-per-lestate\/#breadcrumb","itemListElement":[{"@type":"ListItem","position":1,"name":"Startseite","item":"https:\/\/mariblum.de\/it\/"},{"@type":"ListItem","position":2,"name":"Le imbragature giuste per l&#8217;estate"}]},{"@type":"WebSite","@id":"https:\/\/mariblum.de\/it\/#website","url":"https:\/\/mariblum.de\/it\/","name":"mariblum Traget\u00fccher","description":"il modo naturale di portare il tuo bambino ","publisher":{"@id":"https:\/\/mariblum.de\/it\/#organization"},"potentialAction":[{"@type":"SearchAction","target":{"@type":"EntryPoint","urlTemplate":"https:\/\/mariblum.de\/it\/?s={search_term_string}"},"query-input":{"@type":"PropertyValueSpecification","valueRequired":true,"valueName":"search_term_string"}}],"inLanguage":"it-IT"},{"@type":"Organization","@id":"https:\/\/mariblum.de\/it\/#organization","name":"mariblum","url":"https:\/\/mariblum.de\/it\/","logo":{"@type":"ImageObject","inLanguage":"it-IT","@id":"https:\/\/mariblum.de\/it\/#\/schema\/logo\/image\/","url":"https:\/\/mariblum.de\/wp-content\/uploads\/2020\/07\/logo_m-500x_transparent.png","contentUrl":"https:\/\/mariblum.de\/wp-content\/uploads\/2020\/07\/logo_m-500x_transparent.png","width":500,"height":500,"caption":"mariblum"},"image":{"@id":"https:\/\/mariblum.de\/it\/#\/schema\/logo\/image\/"},"sameAs":["https:\/\/www.instagram.com\/_mariblum_\/"]},{"@type":"Person","@id":"https:\/\/mariblum.de\/it\/#\/schema\/person\/0f48a4840cefc156d4d2deb5e4b294d0","name":"mariblum","url":"https:\/\/mariblum.de\/it\/author\/mariblum\/"}]}},"_links":{"self":[{"href":"https:\/\/mariblum.de\/it\/wp-json\/wp\/v2\/posts\/15872","targetHints":{"allow":["GET"]}}],"collection":[{"href":"https:\/\/mariblum.de\/it\/wp-json\/wp\/v2\/posts"}],"about":[{"href":"https:\/\/mariblum.de\/it\/wp-json\/wp\/v2\/types\/post"}],"author":[{"embeddable":true,"href":"https:\/\/mariblum.de\/it\/wp-json\/wp\/v2\/users\/1"}],"replies":[{"embeddable":true,"href":"https:\/\/mariblum.de\/it\/wp-json\/wp\/v2\/comments?post=15872"}],"version-history":[{"count":0,"href":"https:\/\/mariblum.de\/it\/wp-json\/wp\/v2\/posts\/15872\/revisions"}],"wp:featuredmedia":[{"embeddable":true,"href":"https:\/\/mariblum.de\/it\/wp-json\/wp\/v2\/media\/7289"}],"wp:attachment":[{"href":"https:\/\/mariblum.de\/it\/wp-json\/wp\/v2\/media?parent=15872"}],"wp:term":[{"taxonomy":"category","embeddable":true,"href":"https:\/\/mariblum.de\/it\/wp-json\/wp\/v2\/categories?post=15872"},{"taxonomy":"post_tag","embeddable":true,"href":"https:\/\/mariblum.de\/it\/wp-json\/wp\/v2\/tags?post=15872"}],"curies":[{"name":"wp","href":"https:\/\/api.w.org\/{rel}","templated":true}]}}