{"id":19925,"date":"2025-10-10T04:45:49","date_gmt":"2025-10-10T04:45:49","guid":{"rendered":"https:\/\/mariblum.de\/?p=19925"},"modified":"2025-10-10T04:45:49","modified_gmt":"2025-10-10T04:45:49","slug":"balades-dautomne-en-ring-sling-flexible-proche-meilleurs-spots-conseils-checklist","status":"publish","type":"post","link":"https:\/\/mariblum.de\/fr\/balades-dautomne-en-ring-sling-flexible-proche-meilleurs-spots-conseils-checklist\/","title":{"rendered":"Balades d\u2019automne en ring sling : flexible &#038; proche \u2014 meilleurs spots, conseils &#038; checklist"},"content":{"rendered":"<p align=\"justify\" class=\"lead\">L\u2019automne est une saison magique \u2014 les feuilles se parent de couleurs chaudes et l\u2019air est frais et limpide. Pour les jeunes mamans, c\u2019est le moment id\u00e9al pour explorer la nature avec b\u00e9b\u00e9. Le <strong>ring sling<\/strong> n\u2019est pas seulement pratique : il renforce le lien et vous permet de vivre la beaut\u00e9 de l\u2019automne tout pr\u00e8s l\u2019un de l\u2019autre.<\/p>\n<Strong>Table des Mati\u00e8res<\/strong>\n<ol>\n<li style=\"list-style-type:none;\">\n<ol>\n<li><a href=\"#pourquoi-un-ring-sling-en-automne\">Pourquoi un ring sling en automne&nbsp;?<\/a><\/li>\n<li><a href=\"#flexibilite-et-confort\">Flexibilit\u00e9 &#038; confort<\/a><\/li>\n<li><a href=\"#proximite-et-lien\">Proximit\u00e9 &#038; lien<\/a><\/li>\n<li><a href=\"#meilleurs-lieux-promenades-automne\">Meilleurs lieux pour les balades d\u2019automne<\/a><\/li>\n<li><a href=\"#preparation-et-securite-checklist\">Pr\u00e9paration &#038; s\u00e9curit\u00e9 : checklist<\/a><\/li>\n<li><a href=\"#conseils-pour-les-balades-avec-ring-sling\">Conseils pour les balades d\u2019automne en ring sling<\/a><\/li>\n<li><a href=\"#conclusion-vous-ne-pouvez-pas-vous-tromper\">Conclusion : vous ne pouvez pas vous tromper<\/a><\/li>\n<li><a href=\"#faq\">FAQ : ring sling en automne<\/a><\/li>\n<\/ol>\n<\/li>\n<\/ol>\n<h2 id=\"pourquoi-un-ring-sling-en-automne\">Pourquoi un ring sling en automne&nbsp;?<\/h2>\n<figure>\n  <img decoding=\"async\" src=\"https:\/\/mariblum.de\/wp-content\/uploads\/2024\/09\/Lavendelfeld-RingSling.jpeg\" alt=\"Ring sling dans la lumi\u00e8re dor\u00e9e de l\u2019automne \u2014 id\u00e9al pour des balades flexibles\" loading=\"lazy\" \/><figcaption>L\u00e9ger, compact, tout doux : le ring sling pour les jours dor\u00e9s.<\/figcaption><\/figure>\n<p>En automne, temp\u00e9ratures et luminosit\u00e9 changent vite. Le <strong>ring sling<\/strong> s\u2019adapte : mise en place rapide, micro-ajustements en chemin et encombrement minimal dans le sac. Pour les petites pauses \u2014 remettre un bonnet, prendre une photo, c\u00e2liner \u2014 le sling brille par sa simplicit\u00e9.<\/p>\n<p><strong>Choix du tissu :<\/strong> lin, chanvre ou m\u00e9langes coton sont parfaits en automne \u2014 respirants, durables, avec un <em>grip<\/em> agr\u00e9able pour un si\u00e8ge s\u00fbr.<\/p>\n<h2 id=\"flexibilite-et-confort\">Flexibilit\u00e9 &#038; confort<\/h2>\n<figure>\n  <img decoding=\"async\" src=\"https:\/\/mariblum.de\/wp-content\/uploads\/2025\/04\/Tragetuch_Baby_mku.jpg\" alt=\"Mains libres avec un ring sling \u2014 des promenades confortables avec b\u00e9b\u00e9\" loading=\"lazy\" \/><figcaption>Mains libres, b\u00e9b\u00e9 tout contre : marcher devient relax.<\/figcaption><\/figure>\n<p>Avec un sling, vous gardez les <strong>mains libres<\/strong> (bouteille, cl\u00e9s, a\u00een\u00e9). Gr\u00e2ce au <strong>r\u00e9glage fin pan par pan<\/strong> via les anneaux, vous adaptez le maintien en quelques secondes \u2014 pratique pour ouvrir\/fermer la veste ou quand b\u00e9b\u00e9 veut descendre puis revenir.<\/p>\n<p><strong>Dur\u00e9e de portage :<\/strong> aussi longtemps que c\u2019est confortable pour vous deux. \u00c9coutez votre corps (alternez l\u2019\u00e9paule des anneaux) et les signaux de b\u00e9b\u00e9.<\/p>\n<h2 id=\"proximite-et-lien\">Proximit\u00e9 &#038; lien<\/h2>\n<figure>\n  <img decoding=\"async\" src=\"https:\/\/mariblum.de\/wp-content\/uploads\/2025\/04\/Zauberwald-Baby-Tragetuch-aus-Hanf.jpeg\" alt=\"Proximit\u00e9 et lien \u2014 b\u00e9b\u00e9 sent les battements et entend la voix dans le sling\" loading=\"lazy\" \/><figcaption>Moments d\u2019ocytocine : chaleur, rythme, contact du regard.<\/figcaption><\/figure>\n<p>Le sling place b\u00e9b\u00e9 \u00e0 <strong>hauteur de bisous<\/strong>. Il sent vos battements, entend votre voix et voit vos expressions \u2014 gage de s\u00e9curit\u00e9 et de <strong>co-r\u00e9gulation<\/strong>. Profitez de la saison pour nommer les feuilles, les senteurs, r\u00e9chauffer les petites mains.<\/p>\n<p><strong>Ergonomie :<\/strong> visez la <strong>position en M<\/strong> (genoux au-dessus des fesses), un <strong>bassin r\u00e9trovers\u00e9<\/strong> et des <strong>voies a\u00e9riennes d\u00e9gag\u00e9es<\/strong>. Gardez les anneaux \u00e0 hauteur de la clavicule\/\u00e9paule, pas au cou.<\/p>\n<div class=\"woocommerce columns-4 \"><div class=\"products row row-small large-columns-4 medium-columns-3 small-columns-2\">\n<div class=\"product-small col has-hover product type-product post-15917 status-publish first instock product_cat-fr-slings-en-chanvre-echarpe-de-portage product_cat-tissus-de-chanvre product_tag-chanvre product_tag-sling-fr has-post-thumbnail featured purchasable product-type-variable has-default-attributes\">\n\t<div class=\"col-inner\">\n\t\n<div class=\"badge-container absolute left top z-1\">\n\n<\/div>\n\t<div class=\"product-small box \">\n\t\t<div class=\"box-image\">\n\t\t\t<div class=\"image-fade_in_back\">\n\t\t\t\t<a href=\"https:\/\/mariblum.de\/fr\/produkt\/zephyr-echarpe\/\">\n\t\t\t\t\t<img loading=\"lazy\" decoding=\"async\" width=\"247\" height=\"247\" src=\"https:\/\/mariblum.de\/wp-content\/uploads\/2024\/04\/baby-im-tragetuch-besser-schlafen-247x247.webp\" class=\"attachment-woocommerce_thumbnail size-woocommerce_thumbnail\" alt=\"\u00c9charpe en chanvre turquoise - b\u00e9b\u00e9 dort\" srcset=\"https:\/\/mariblum.de\/wp-content\/uploads\/2024\/04\/baby-im-tragetuch-besser-schlafen-247x247.webp 247w, https:\/\/mariblum.de\/wp-content\/uploads\/2024\/04\/baby-im-tragetuch-besser-schlafen-150x150.webp 150w, https:\/\/mariblum.de\/wp-content\/uploads\/2024\/04\/baby-im-tragetuch-besser-schlafen-100x100.webp 100w\" sizes=\"auto, (max-width: 247px) 100vw, 247px\" \/><img loading=\"lazy\" decoding=\"async\" width=\"247\" height=\"247\" src=\"https:\/\/mariblum.de\/wp-content\/uploads\/2024\/04\/Zephyr2-247x247.jpg\" class=\"show-on-hover absolute fill hide-for-small back-image\" alt=\"\u00e9charpe de portage en chanvre couleur menthe claire\" aria-hidden=\"true\" srcset=\"https:\/\/mariblum.de\/wp-content\/uploads\/2024\/04\/Zephyr2-247x247.jpg 247w, https:\/\/mariblum.de\/wp-content\/uploads\/2024\/04\/Zephyr2-100x100.jpg 100w, https:\/\/mariblum.de\/wp-content\/uploads\/2024\/04\/Zephyr2-150x150.jpg 150w\" sizes=\"auto, (max-width: 247px) 100vw, 247px\" \/>\t\t\t\t<\/a>\n\t\t\t<\/div>\n\t\t\t<div class=\"image-tools is-small top right show-on-hover\">\n\t\t\t\t\t\t\t<\/div>\n\t\t\t<div class=\"image-tools is-small hide-for-small bottom left show-on-hover\">\n\t\t\t\t\t\t\t<\/div>\n\t\t\t<div class=\"image-tools grid-tools text-center hide-for-small bottom hover-slide-in show-on-hover\">\n\t\t\t\t<a href=\"#quick-view\" class=\"quick-view\" role=\"button\" data-prod=\"15917\" aria-haspopup=\"dialog\" aria-expanded=\"false\" data-flatsome-role-button>Aper\u00e7u<\/a>\t\t\t<\/div>\n\t\t\t\t\t<\/div>\n\n\t\t<div class=\"box-text box-text-products text-center grid-style-2\">\n\t\t\t<div class=\"ux-swatches ux-swatches-in-loop ux-swatches--rounded ux-swatches--x-small\" role=\"radiogroup\" data-flatsome-role-radiogroup><div data-image-src=\"https:\/\/mariblum.de\/wp-content\/uploads\/2024\/04\/baby-im-tragetuch-besser-schlafen-247x247.webp\" data-image-srcset=\"https:\/\/mariblum.de\/wp-content\/uploads\/2024\/04\/baby-im-tragetuch-besser-schlafen-247x247.webp 247w, https:\/\/mariblum.de\/wp-content\/uploads\/2024\/04\/baby-im-tragetuch-besser-schlafen-150x150.webp 150w, https:\/\/mariblum.de\/wp-content\/uploads\/2024\/04\/baby-im-tragetuch-besser-schlafen-100x100.webp 100w\" data-image-sizes=\"(max-width: 247px) 100vw, 247px\" data-attribute_name=\"attribute_pa_tt-groesze\" data-value=\"tt500-fr\" aria-label=\"5,00 m\" role=\"radio\" aria-checked=\"false\" tabindex=\"0\" class=\"ux-swatch ux-swatch--label\"><span class=\"ux-swatch__text\">5,00 m<\/span><\/div><\/div><div class=\"title-wrapper\">\t\t<p class=\"category uppercase is-smaller no-text-overflow product-cat op-8\">\n\t\t\t\u00c9charpes en chanvre\t\t<\/p>\n\t<p class=\"name product-title woocommerce-loop-product__title\"><a href=\"https:\/\/mariblum.de\/fr\/produkt\/zephyr-echarpe\/\" class=\"woocommerce-LoopProduct-link woocommerce-loop-product__link\">Zephyr (\u00e9charpe)<\/a><\/p><\/div><div class=\"price-wrapper\">\n\t<span class=\"price\"><span class=\"woocommerce-Price-amount amount\"><bdi>149,95&nbsp;<span class=\"woocommerce-Price-currencySymbol\">&euro;<\/span><\/bdi><\/span><\/span>\n\n\n\n<\/div>\t\t<\/div>\n\t<\/div>\n\t\n<span class=\"gtm4wp_productdata\" style=\"display:none; visibility:hidden;\" data-gtm4wp_product_data=\"{&quot;internal_id&quot;:15917,&quot;item_id&quot;:15917,&quot;item_name&quot;:&quot;Zephyr (\\u00e9charpe)&quot;,&quot;sku&quot;:15917,&quot;price&quot;:149.95,&quot;stocklevel&quot;:null,&quot;stockstatus&quot;:&quot;instock&quot;,&quot;google_business_vertical&quot;:&quot;retail&quot;,&quot;item_category&quot;:&quot;\\u00c9charpes en chanvre&quot;,&quot;id&quot;:15917,&quot;productlink&quot;:&quot;https:\\\/\\\/mariblum.de\\\/fr\\\/produkt\\\/zephyr-echarpe\\\/&quot;,&quot;item_list_name&quot;:&quot;Produits mis en avant&quot;,&quot;index&quot;:1,&quot;product_type&quot;:&quot;variable&quot;,&quot;item_brand&quot;:&quot;&quot;}\"><\/span>\t<\/div>\n<\/div><div class=\"product-small col has-hover product type-product post-9203 status-publish instock product_cat-fr-slings-en-chanvre-echarpe-de-portage product_cat-tissus-de-chanvre has-post-thumbnail featured shipping-taxable purchasable product-type-variable has-product-safety-information\">\n\t<div class=\"col-inner\">\n\t\n<div class=\"badge-container absolute left top z-1\">\n\n<\/div>\n\t<div class=\"product-small box \">\n\t\t<div class=\"box-image\">\n\t\t\t<div class=\"image-fade_in_back\">\n\t\t\t\t<a href=\"https:\/\/mariblum.de\/fr\/produkt\/pourpre-echarpe\/\">\n\t\t\t\t\t<img loading=\"lazy\" decoding=\"async\" width=\"247\" height=\"247\" src=\"https:\/\/mariblum.de\/wp-content\/uploads\/2021\/01\/lila-tragetuch-baby-schlafen-247x247.jpg\" class=\"attachment-woocommerce_thumbnail size-woocommerce_thumbnail\" alt=\"lila-tragetuch-baby-schlafen\" srcset=\"https:\/\/mariblum.de\/wp-content\/uploads\/2021\/01\/lila-tragetuch-baby-schlafen-247x247.jpg 247w, https:\/\/mariblum.de\/wp-content\/uploads\/2021\/01\/lila-tragetuch-baby-schlafen-100x100.jpg 100w, https:\/\/mariblum.de\/wp-content\/uploads\/2021\/01\/lila-tragetuch-baby-schlafen-150x150.jpg 150w\" sizes=\"auto, (max-width: 247px) 100vw, 247px\" \/><img loading=\"lazy\" decoding=\"async\" width=\"247\" height=\"247\" src=\"https:\/\/mariblum.de\/wp-content\/uploads\/2021\/01\/lila-tragetuch-richtig-binden-aus-hanf-247x247.jpg\" class=\"show-on-hover absolute fill hide-for-small back-image\" alt=\"Alternative view of Pourpre (\u00e9charpe)\" aria-hidden=\"true\" srcset=\"https:\/\/mariblum.de\/wp-content\/uploads\/2021\/01\/lila-tragetuch-richtig-binden-aus-hanf-247x247.jpg 247w, https:\/\/mariblum.de\/wp-content\/uploads\/2021\/01\/lila-tragetuch-richtig-binden-aus-hanf-100x100.jpg 100w, https:\/\/mariblum.de\/wp-content\/uploads\/2021\/01\/lila-tragetuch-richtig-binden-aus-hanf-150x150.jpg 150w\" sizes=\"auto, (max-width: 247px) 100vw, 247px\" \/>\t\t\t\t<\/a>\n\t\t\t<\/div>\n\t\t\t<div class=\"image-tools is-small top right show-on-hover\">\n\t\t\t\t\t\t\t<\/div>\n\t\t\t<div class=\"image-tools is-small hide-for-small bottom left show-on-hover\">\n\t\t\t\t\t\t\t<\/div>\n\t\t\t<div class=\"image-tools grid-tools text-center hide-for-small bottom hover-slide-in show-on-hover\">\n\t\t\t\t<a href=\"#quick-view\" class=\"quick-view\" role=\"button\" data-prod=\"9203\" aria-haspopup=\"dialog\" aria-expanded=\"false\" data-flatsome-role-button>Aper\u00e7u<\/a>\t\t\t<\/div>\n\t\t\t\t\t<\/div>\n\n\t\t<div class=\"box-text box-text-products text-center grid-style-2\">\n\t\t\t<div class=\"ux-swatches ux-swatches-in-loop ux-swatches--rounded ux-swatches--x-small\" role=\"radiogroup\" data-flatsome-role-radiogroup><div data-image-src=\"https:\/\/mariblum.de\/wp-content\/uploads\/2021\/01\/lila-tragetuch-baby-schlafen-247x247.jpg\" data-image-srcset=\"https:\/\/mariblum.de\/wp-content\/uploads\/2021\/01\/lila-tragetuch-baby-schlafen-247x247.jpg 247w, https:\/\/mariblum.de\/wp-content\/uploads\/2021\/01\/lila-tragetuch-baby-schlafen-100x100.jpg 100w, https:\/\/mariblum.de\/wp-content\/uploads\/2021\/01\/lila-tragetuch-baby-schlafen-150x150.jpg 150w\" data-image-sizes=\"(max-width: 247px) 100vw, 247px\" data-attribute_name=\"attribute_pa_tt-groesze\" data-value=\"tt450-fr\" aria-label=\"4,50 m\" role=\"radio\" aria-checked=\"false\" tabindex=\"0\" class=\"ux-swatch ux-swatch--label\"><span class=\"ux-swatch__text\">4,50 m<\/span><\/div><div data-image-src=\"https:\/\/mariblum.de\/wp-content\/uploads\/2021\/01\/lila-tragetuch-baby-schlafen-247x247.jpg\" data-image-srcset=\"https:\/\/mariblum.de\/wp-content\/uploads\/2021\/01\/lila-tragetuch-baby-schlafen-247x247.jpg 247w, https:\/\/mariblum.de\/wp-content\/uploads\/2021\/01\/lila-tragetuch-baby-schlafen-100x100.jpg 100w, https:\/\/mariblum.de\/wp-content\/uploads\/2021\/01\/lila-tragetuch-baby-schlafen-150x150.jpg 150w\" data-image-sizes=\"(max-width: 247px) 100vw, 247px\" data-attribute_name=\"attribute_pa_tt-groesze\" data-value=\"tt500-fr\" aria-label=\"5,00 m\" role=\"radio\" aria-checked=\"false\" tabindex=\"0\" class=\"ux-swatch ux-swatch--label\"><span class=\"ux-swatch__text\">5,00 m<\/span><\/div><\/div><div class=\"title-wrapper\">\t\t<p class=\"category uppercase is-smaller no-text-overflow product-cat op-8\">\n\t\t\t\u00c9charpes en chanvre\t\t<\/p>\n\t<p class=\"name product-title woocommerce-loop-product__title\"><a href=\"https:\/\/mariblum.de\/fr\/produkt\/pourpre-echarpe\/\" class=\"woocommerce-LoopProduct-link woocommerce-loop-product__link\">Pourpre (\u00e9charpe)<\/a><\/p><\/div><div class=\"price-wrapper\">\n\n\n\n<\/div>\t\t<\/div>\n\t<\/div>\n\t\n<span class=\"gtm4wp_productdata\" style=\"display:none; visibility:hidden;\" data-gtm4wp_product_data=\"{&quot;internal_id&quot;:9203,&quot;item_id&quot;:9203,&quot;item_name&quot;:&quot;Pourpre (\\u00e9charpe)&quot;,&quot;sku&quot;:9203,&quot;price&quot;:219.95,&quot;stocklevel&quot;:null,&quot;stockstatus&quot;:&quot;instock&quot;,&quot;google_business_vertical&quot;:&quot;retail&quot;,&quot;item_category&quot;:&quot;\\u00c9charpes en chanvre&quot;,&quot;id&quot;:9203,&quot;productlink&quot;:&quot;https:\\\/\\\/mariblum.de\\\/fr\\\/produkt\\\/pourpre-echarpe\\\/&quot;,&quot;item_list_name&quot;:&quot;Produits mis en avant&quot;,&quot;index&quot;:2,&quot;product_type&quot;:&quot;variable&quot;,&quot;item_brand&quot;:&quot;&quot;}\"><\/span>\t<\/div>\n<\/div><div class=\"product-small col has-hover product type-product post-15033 status-publish instock product_cat-fr-ring-slings product_cat-fr-ring-slings-en-lin product_cat-tissus-en-lin product_tag-biologica-fr-2 product_tag-lin product_tag-ring-sling-fr product_tag-violet-fr-2 has-post-thumbnail featured purchasable product-type-variable has-default-attributes has-product-safety-information\">\n\t<div class=\"col-inner\">\n\t\n<div class=\"badge-container absolute left top z-1\">\n\n<\/div>\n\t<div class=\"product-small box \">\n\t\t<div class=\"box-image\">\n\t\t\t<div class=\"image-fade_in_back\">\n\t\t\t\t<a href=\"https:\/\/mariblum.de\/fr\/produkt\/champ-de-lavandel-ring-sling-en-lin\/\">\n\t\t\t\t\t<img loading=\"lazy\" decoding=\"async\" width=\"247\" height=\"247\" src=\"https:\/\/mariblum.de\/wp-content\/uploads\/2023\/04\/Lavendel-Ring-Sling-aus-Hanf-247x247.jpeg\" class=\"attachment-woocommerce_thumbnail size-woocommerce_thumbnail\" alt=\"Champ de Lavande (Ring Sling en lin)\" srcset=\"https:\/\/mariblum.de\/wp-content\/uploads\/2023\/04\/Lavendel-Ring-Sling-aus-Hanf-247x247.jpeg 247w, https:\/\/mariblum.de\/wp-content\/uploads\/2023\/04\/Lavendel-Ring-Sling-aus-Hanf-150x150.jpeg 150w, https:\/\/mariblum.de\/wp-content\/uploads\/2023\/04\/Lavendel-Ring-Sling-aus-Hanf-100x100.jpeg 100w\" sizes=\"auto, (max-width: 247px) 100vw, 247px\" \/><img loading=\"lazy\" decoding=\"async\" width=\"247\" height=\"247\" src=\"https:\/\/mariblum.de\/wp-content\/uploads\/2023\/04\/Ring-Sling-aus-Hanf-Lavendelfeld-247x247.jpeg\" class=\"show-on-hover absolute fill hide-for-small back-image\" alt=\"Alternative view of Champ de Lavande (Ring Sling en lin)\" aria-hidden=\"true\" srcset=\"https:\/\/mariblum.de\/wp-content\/uploads\/2023\/04\/Ring-Sling-aus-Hanf-Lavendelfeld-247x247.jpeg 247w, https:\/\/mariblum.de\/wp-content\/uploads\/2023\/04\/Ring-Sling-aus-Hanf-Lavendelfeld-150x150.jpeg 150w, https:\/\/mariblum.de\/wp-content\/uploads\/2023\/04\/Ring-Sling-aus-Hanf-Lavendelfeld-100x100.jpeg 100w\" sizes=\"auto, (max-width: 247px) 100vw, 247px\" \/>\t\t\t\t<\/a>\n\t\t\t<\/div>\n\t\t\t<div class=\"image-tools is-small top right show-on-hover\">\n\t\t\t\t\t\t\t<\/div>\n\t\t\t<div class=\"image-tools is-small hide-for-small bottom left show-on-hover\">\n\t\t\t\t\t\t\t<\/div>\n\t\t\t<div class=\"image-tools grid-tools text-center hide-for-small bottom hover-slide-in show-on-hover\">\n\t\t\t\t<a href=\"#quick-view\" class=\"quick-view\" role=\"button\" data-prod=\"15033\" aria-haspopup=\"dialog\" aria-expanded=\"false\" data-flatsome-role-button>Aper\u00e7u<\/a>\t\t\t<\/div>\n\t\t\t\t\t<\/div>\n\n\t\t<div class=\"box-text box-text-products text-center grid-style-2\">\n\t\t\t<div class=\"title-wrapper\">\t\t<p class=\"category uppercase is-smaller no-text-overflow product-cat op-8\">\n\t\t\tRing Slings\t\t<\/p>\n\t<p class=\"name product-title woocommerce-loop-product__title\"><a href=\"https:\/\/mariblum.de\/fr\/produkt\/champ-de-lavandel-ring-sling-en-lin\/\" class=\"woocommerce-LoopProduct-link woocommerce-loop-product__link\">Champ de Lavande (Ring Sling en lin)<\/a><\/p><\/div><div class=\"price-wrapper\">\n\t<span class=\"price\"><span class=\"woocommerce-Price-amount amount\"><bdi>119,95&nbsp;<span class=\"woocommerce-Price-currencySymbol\">&euro;<\/span><\/bdi><\/span><\/span>\n\n\n\n<\/div>\t\t<\/div>\n\t<\/div>\n\t\n<span class=\"gtm4wp_productdata\" style=\"display:none; visibility:hidden;\" data-gtm4wp_product_data=\"{&quot;internal_id&quot;:15033,&quot;item_id&quot;:15033,&quot;item_name&quot;:&quot;Champ de Lavande (Ring Sling en lin)&quot;,&quot;sku&quot;:15033,&quot;price&quot;:119.95,&quot;stocklevel&quot;:null,&quot;stockstatus&quot;:&quot;instock&quot;,&quot;google_business_vertical&quot;:&quot;retail&quot;,&quot;item_category&quot;:&quot;Ring Slings&quot;,&quot;id&quot;:15033,&quot;productlink&quot;:&quot;https:\\\/\\\/mariblum.de\\\/fr\\\/produkt\\\/champ-de-lavandel-ring-sling-en-lin\\\/&quot;,&quot;item_list_name&quot;:&quot;Produits mis en avant&quot;,&quot;index&quot;:3,&quot;product_type&quot;:&quot;variable&quot;,&quot;item_brand&quot;:&quot;&quot;}\"><\/span>\t<\/div>\n<\/div><div class=\"product-small col has-hover product type-product post-9023 status-publish last instock product_cat-fr-slings-en-chanvre-echarpe-de-portage product_cat-tissus-de-chanvre has-post-thumbnail featured shipping-taxable purchasable product-type-variable has-default-attributes\">\n\t<div class=\"col-inner\">\n\t\n<div class=\"badge-container absolute left top z-1\">\n\n<\/div>\n\t<div class=\"product-small box \">\n\t\t<div class=\"box-image\">\n\t\t\t<div class=\"image-fade_in_back\">\n\t\t\t\t<a href=\"https:\/\/mariblum.de\/fr\/produkt\/brise-marine-echarpe-bleu-porte-bebe\/\">\n\t\t\t\t\t<img loading=\"lazy\" decoding=\"async\" width=\"247\" height=\"247\" src=\"https:\/\/mariblum.de\/wp-content\/uploads\/2020\/11\/blaues-tragetuch-gemuster-aus-hanf-trageberatung-247x247.png\" class=\"attachment-woocommerce_thumbnail size-woocommerce_thumbnail\" alt=\"brise-marine-echarpe-bleu-porte-bebe\" srcset=\"https:\/\/mariblum.de\/wp-content\/uploads\/2020\/11\/blaues-tragetuch-gemuster-aus-hanf-trageberatung-247x247.png 247w, https:\/\/mariblum.de\/wp-content\/uploads\/2020\/11\/blaues-tragetuch-gemuster-aus-hanf-trageberatung-100x100.png 100w\" sizes=\"auto, (max-width: 247px) 100vw, 247px\" \/><img loading=\"lazy\" decoding=\"async\" width=\"247\" height=\"247\" src=\"https:\/\/mariblum.de\/wp-content\/uploads\/2020\/11\/blaues-tragetuch-gemuster-aus-hanf-schoen-247x247.png\" class=\"show-on-hover absolute fill hide-for-small back-image\" alt=\"brise-marine-echarpe-bleu-porte-bebe\" aria-hidden=\"true\" srcset=\"https:\/\/mariblum.de\/wp-content\/uploads\/2020\/11\/blaues-tragetuch-gemuster-aus-hanf-schoen-247x247.png 247w, https:\/\/mariblum.de\/wp-content\/uploads\/2020\/11\/blaues-tragetuch-gemuster-aus-hanf-schoen-100x100.png 100w, https:\/\/mariblum.de\/wp-content\/uploads\/2020\/11\/blaues-tragetuch-gemuster-aus-hanf-schoen-150x150.png 150w\" sizes=\"auto, (max-width: 247px) 100vw, 247px\" \/>\t\t\t\t<\/a>\n\t\t\t<\/div>\n\t\t\t<div class=\"image-tools is-small top right show-on-hover\">\n\t\t\t\t\t\t\t<\/div>\n\t\t\t<div class=\"image-tools is-small hide-for-small bottom left show-on-hover\">\n\t\t\t\t\t\t\t<\/div>\n\t\t\t<div class=\"image-tools grid-tools text-center hide-for-small bottom hover-slide-in show-on-hover\">\n\t\t\t\t<a href=\"#quick-view\" class=\"quick-view\" role=\"button\" data-prod=\"9023\" aria-haspopup=\"dialog\" aria-expanded=\"false\" data-flatsome-role-button>Aper\u00e7u<\/a>\t\t\t<\/div>\n\t\t\t\t\t<\/div>\n\n\t\t<div class=\"box-text box-text-products text-center grid-style-2\">\n\t\t\t<div class=\"ux-swatches ux-swatches-in-loop ux-swatches--rounded ux-swatches--x-small\" role=\"radiogroup\" data-flatsome-role-radiogroup><div data-image-src=\"https:\/\/mariblum.de\/wp-content\/uploads\/2020\/11\/blaues-tragetuch-gemuster-aus-hanf-trageberatung-247x247.png\" data-image-srcset=\"https:\/\/mariblum.de\/wp-content\/uploads\/2020\/11\/blaues-tragetuch-gemuster-aus-hanf-trageberatung-247x247.png 247w, https:\/\/mariblum.de\/wp-content\/uploads\/2020\/11\/blaues-tragetuch-gemuster-aus-hanf-trageberatung-100x100.png 100w\" data-image-sizes=\"(max-width: 247px) 100vw, 247px\" data-attribute_name=\"attribute_pa_tt-groesze\" data-value=\"tt450-fr\" aria-label=\"4,50 m\" role=\"radio\" aria-checked=\"false\" tabindex=\"0\" class=\"ux-swatch ux-swatch--label\"><span class=\"ux-swatch__text\">4,50 m<\/span><\/div><div data-image-src=\"https:\/\/mariblum.de\/wp-content\/uploads\/2020\/11\/blaues-tragetuch-gemuster-aus-hanf-trageberatung-247x247.png\" data-image-srcset=\"https:\/\/mariblum.de\/wp-content\/uploads\/2020\/11\/blaues-tragetuch-gemuster-aus-hanf-trageberatung-247x247.png 247w, https:\/\/mariblum.de\/wp-content\/uploads\/2020\/11\/blaues-tragetuch-gemuster-aus-hanf-trageberatung-100x100.png 100w\" data-image-sizes=\"(max-width: 247px) 100vw, 247px\" data-attribute_name=\"attribute_pa_tt-groesze\" data-value=\"tt500-fr\" aria-label=\"5,00 m\" role=\"radio\" aria-checked=\"false\" tabindex=\"0\" class=\"ux-swatch ux-swatch--label\"><span class=\"ux-swatch__text\">5,00 m<\/span><\/div><\/div><div class=\"title-wrapper\">\t\t<p class=\"category uppercase is-smaller no-text-overflow product-cat op-8\">\n\t\t\t\u00c9charpes en chanvre\t\t<\/p>\n\t<p class=\"name product-title woocommerce-loop-product__title\"><a href=\"https:\/\/mariblum.de\/fr\/produkt\/brise-marine-echarpe-bleu-porte-bebe\/\" class=\"woocommerce-LoopProduct-link woocommerce-loop-product__link\">Brise marine (\u00e9charpe)<\/a><\/p><\/div><div class=\"price-wrapper\">\n\t<span class=\"price\"><span class=\"woocommerce-Price-amount amount\"><bdi>229,95&nbsp;<span class=\"woocommerce-Price-currencySymbol\">&euro;<\/span><\/bdi><\/span><\/span>\n\n\n\n<\/div>\t\t<\/div>\n\t<\/div>\n\t\n<span class=\"gtm4wp_productdata\" style=\"display:none; visibility:hidden;\" data-gtm4wp_product_data=\"{&quot;internal_id&quot;:9023,&quot;item_id&quot;:9023,&quot;item_name&quot;:&quot;Brise marine (\\u00e9charpe)&quot;,&quot;sku&quot;:9023,&quot;price&quot;:229.95,&quot;stocklevel&quot;:null,&quot;stockstatus&quot;:&quot;instock&quot;,&quot;google_business_vertical&quot;:&quot;retail&quot;,&quot;item_category&quot;:&quot;\\u00c9charpes en chanvre&quot;,&quot;id&quot;:9023,&quot;productlink&quot;:&quot;https:\\\/\\\/mariblum.de\\\/fr\\\/produkt\\\/brise-marine-echarpe-bleu-porte-bebe\\\/&quot;,&quot;item_list_name&quot;:&quot;Produits mis en avant&quot;,&quot;index&quot;:4,&quot;product_type&quot;:&quot;variable&quot;,&quot;item_brand&quot;:&quot;&quot;}\"><\/span>\t<\/div>\n<\/div><\/div><!-- row -->\n<\/div>\n<h2 id=\"meilleurs-lieux-promenades-automne\">Meilleurs lieux pour les balades d\u2019automne<\/h2>\n<figure>\n  <img decoding=\"async\" src=\"https:\/\/mariblum.de\/wp-content\/uploads\/2021\/01\/Blumenwiese-Tragetuch-aus-Hanf.jpeg\" alt=\"Balades d\u2019automne \u2014 d\u00e9cors color\u00e9s pour parent et b\u00e9b\u00e9\" loading=\"lazy\" \/><figcaption>L\u00e0 o\u00f9 \u00e7a bruisse, scintille et embaume \u2014 terrains d\u2019exploration tout doux.<\/figcaption><\/figure>\n<p>L\u2019automne est un festin sensoriel : couleurs, sons, parfums. Choisissez des itin\u00e9raires o\u00f9 vous \u00eates <strong>en confiance<\/strong> et bien chauss\u00e9e. Trois id\u00e9es :<\/p>\n<h3 id=\"parcs-a-proximite\">1. Parcs \u00e0 proximit\u00e9<\/h3>\n<figure>\n  <img decoding=\"async\" src=\"https:\/\/mariblum.de\/wp-content\/uploads\/2025\/04\/Baby-Tragetuch-Baumwolle_Elefantenmotiv-weiss-blau.jpg\" alt=\"Balade au parc \u2014 bancs, coins ensoleill\u00e9s et feuilles color\u00e9es\" loading=\"lazy\" \/><figcaption>Petits tours et nombreux bancs \u2014 parfait pour d\u00e9buter.<\/figcaption><\/figure>\n<p>Les parcs offrent des <strong>all\u00e9es plates<\/strong>, des bancs et parfois des caf\u00e9s. Id\u00e9al pour v\u00e9rifier l\u2019installation et faire une pause t\u00e9t\u00e9e\/repas au calme. Cherchez les zones ensoleill\u00e9es et abrit\u00e9es du vent ; \u00e9vitez de rester longtemps sur les espaces expos\u00e9s.<\/p>\n<h3 id=\"sentiers-forestiers\">2. Sentiers forestiers<\/h3>\n<figure>\n  <img decoding=\"async\" src=\"https:\/\/mariblum.de\/wp-content\/uploads\/2025\/03\/Dark-Forest-Babytragetuch.jpg\" alt=\"Sentiers en for\u00eat \u00e0 l\u2019automne \u2014 feuilles qui crissent et lumi\u00e8re douce\" loading=\"lazy\" \/><figcaption>Feuilles, mousse, chants d\u2019oiseaux \u2014 stimulations douces pour petits explorateurs.<\/figcaption><\/figure>\n<p>La for\u00eat est plus calme et coupe le vent. Portez des <strong>chaussures adh\u00e9rentes<\/strong> et \u00e9vitez les pentes glissantes. Avec b\u00e9b\u00e9 pr\u00e8s du centre de gravit\u00e9, vous marchez plus s\u00fbrement que poussette en terrain irr\u00e9gulier.<\/p>\n<h3 id=\"promenades-au-bord-de-leau\">3. Promenades au bord de l\u2019eau<\/h3>\n<figure>\n  <img decoding=\"async\" src=\"https:\/\/mariblum.de\/wp-content\/uploads\/2024\/04\/kfar2024-3.jpeg\" alt=\"Automne au bord de l\u2019eau \u2014 reflets et clapotis apaisants\" loading=\"lazy\" \/><figcaption>Des sons apaisants et de larges horizons \u2014 parfaits pour une pause.<\/figcaption><\/figure>\n<p>Le rythme et les sons de l\u2019eau sont tr\u00e8s calmants. M\u00e9fiez-vous toutefois des <strong>brises fra\u00eeches<\/strong> : emportez bonnet et tour de cou, fermez la veste de portage et retendez proprement les bords de tissu.<\/p>\n<h2 id=\"preparation-et-securite-checklist\">Pr\u00e9paration &#038; s\u00e9curit\u00e9 : checklist<\/h2>\n<figure>\n  <img decoding=\"async\" src=\"https:\/\/mariblum.de\/wp-content\/uploads\/2025\/04\/Hanf_Tragetuch_Baby_mku.jpg\" alt=\"Balades plus s\u00fbres \u2014 checklist rapide : r\u00e9glage, respiration, temp\u00e9rature\" loading=\"lazy\" \/><figcaption>Un check, puis on profite : si\u00e8ge, respiration, temp\u00e9rature, pauses.<\/figcaption><\/figure>\n<ul>\n<li><strong>Si\u00e8ge &#038; anneaux :<\/strong> anneaux \u00e0 hauteur de clavicule ; serrage <em>pan par pan<\/em> ; tissu de creux poplit\u00e9 \u00e0 creux poplit\u00e9.<\/li>\n<li><strong>Voies a\u00e9riennes d\u00e9gag\u00e9es :<\/strong> visage visible, pas de tissu sur nez\/bouche, menton d\u00e9coll\u00e9 de la poitrine.<\/li>\n<li><strong>Temp\u00e9rature :<\/strong> superposition plut\u00f4t que grosse doudoune ; le sling compte comme <em>une<\/em> couche pour b\u00e9b\u00e9.<\/li>\n<li><strong>M\u00e9t\u00e9o :<\/strong> bonnet, jambi\u00e8res, couvre-portage si besoin ; body de rechange dans le sac.<\/li>\n<li><strong>Pauses :<\/strong> hydratez-vous, nourrissez b\u00e9b\u00e9, variez l\u00e9g\u00e8rement les positions.<\/li>\n<\/ul>\n<h2 id=\"conseils-pour-les-balades-avec-ring-sling\">Conseils pour les balades d\u2019automne en ring sling<\/h2>\n<figure>\n  <img decoding=\"async\" src=\"https:\/\/mariblum.de\/wp-content\/uploads\/2024\/04\/Eichhoernchen-Ring-Sling-Braun-aus-Hanf-1.jpeg\" alt=\"Astuces pratiques \u2014 retendre finement, g\u00e9rer les couches, pr\u00e9voir les pauses\" loading=\"lazy\" \/><figcaption>Petits r\u00e9glages, grand confort : retendre, superposer malin, cr\u00e9er des routines.<\/figcaption><\/figure>\n<ul>\n<li><strong>Plusieurs fines couches<\/strong> plut\u00f4t qu\u2019une \u00e9paisse \u2014 retirez-en une si la temp\u00e9rature monte.<\/li>\n<li><strong>Comptez la chaleur du sling :<\/strong> une \u00e9charpe\/ring sling remplace une couche de v\u00eatement.<\/li>\n<li><strong>Jambes au chaud :<\/strong> les jambi\u00e8res sont les MVP de l\u2019automne.<\/li>\n<li><strong>Couches l\u00e9g\u00e8res pour vous :<\/strong> ouvrez cardigan ou poncho de portage sans d\u00e9faire le nouage.<\/li>\n<li><strong>Poncho de pluie \u00e0 port\u00e9e :<\/strong> fin et compact, il se glisse partout.<\/li>\n<li><strong>Alternez les c\u00f4t\u00e9s :<\/strong> changez l\u2019\u00e9paule des anneaux pour m\u00e9nager \u00e9paules et dos.<\/li>\n<\/ul>\n<div class=\"woocommerce columns-4 \"><div class=\"products row row-small large-columns-4 medium-columns-3 small-columns-2\">\n<div class=\"product-small col has-hover product type-product post-7582 status-publish first instock product_cat-fr-slings-en-lin product_cat-tissus-en-lin product_tag-biologica-fr-2 product_tag-lin product_tag-rose-fr product_tag-sling-fr has-post-thumbnail featured purchasable product-type-variable has-product-safety-information\">\n\t<div class=\"col-inner\">\n\t\n<div class=\"badge-container absolute left top z-1\">\n\n<\/div>\n\t<div class=\"product-small box \">\n\t\t<div class=\"box-image\">\n\t\t\t<div class=\"image-fade_in_back\">\n\t\t\t\t<a href=\"https:\/\/mariblum.de\/fr\/produkt\/rose-de-laube-sling-en-lin\/\">\n\t\t\t\t\t<img loading=\"lazy\" decoding=\"async\" width=\"247\" height=\"247\" src=\"https:\/\/mariblum.de\/wp-content\/uploads\/2019\/10\/leinen-tragetuch-rosa-nah-scaled-e1576526928588-247x247.jpg\" class=\"attachment-woocommerce_thumbnail size-woocommerce_thumbnail\" alt=\"rose-de-laube-sling-en-lin\" srcset=\"https:\/\/mariblum.de\/wp-content\/uploads\/2019\/10\/leinen-tragetuch-rosa-nah-scaled-e1576526928588-247x247.jpg 247w, https:\/\/mariblum.de\/wp-content\/uploads\/2019\/10\/leinen-tragetuch-rosa-nah-scaled-e1576526928588-100x100.jpg 100w, https:\/\/mariblum.de\/wp-content\/uploads\/2019\/10\/leinen-tragetuch-rosa-nah-scaled-e1576526928588-150x150.jpg 150w\" sizes=\"auto, (max-width: 247px) 100vw, 247px\" \/><img loading=\"lazy\" decoding=\"async\" width=\"247\" height=\"247\" src=\"https:\/\/mariblum.de\/wp-content\/uploads\/2019\/10\/roter-ring-sling-gebunden-aus-leinen-trageberatung-247x247.png\" class=\"show-on-hover absolute fill hide-for-small back-image\" alt=\"rose-de-laube-sling-en-lin\" aria-hidden=\"true\" srcset=\"https:\/\/mariblum.de\/wp-content\/uploads\/2019\/10\/roter-ring-sling-gebunden-aus-leinen-trageberatung-247x247.png 247w, https:\/\/mariblum.de\/wp-content\/uploads\/2019\/10\/roter-ring-sling-gebunden-aus-leinen-trageberatung-100x100.png 100w\" sizes=\"auto, (max-width: 247px) 100vw, 247px\" \/>\t\t\t\t<\/a>\n\t\t\t<\/div>\n\t\t\t<div class=\"image-tools is-small top right show-on-hover\">\n\t\t\t\t\t\t\t<\/div>\n\t\t\t<div class=\"image-tools is-small hide-for-small bottom left show-on-hover\">\n\t\t\t\t\t\t\t<\/div>\n\t\t\t<div class=\"image-tools grid-tools text-center hide-for-small bottom hover-slide-in show-on-hover\">\n\t\t\t\t<a href=\"#quick-view\" class=\"quick-view\" role=\"button\" data-prod=\"7582\" aria-haspopup=\"dialog\" aria-expanded=\"false\" data-flatsome-role-button>Aper\u00e7u<\/a>\t\t\t<\/div>\n\t\t\t\t\t<\/div>\n\n\t\t<div class=\"box-text box-text-products text-center grid-style-2\">\n\t\t\t<div class=\"title-wrapper\">\t\t<p class=\"category uppercase is-smaller no-text-overflow product-cat op-8\">\n\t\t\t\u00c9charpes en lin\t\t<\/p>\n\t<p class=\"name product-title woocommerce-loop-product__title\"><a href=\"https:\/\/mariblum.de\/fr\/produkt\/rose-de-laube-sling-en-lin\/\" class=\"woocommerce-LoopProduct-link woocommerce-loop-product__link\">Ros\u00e9 de l\u2019aube (\u00e9charpe en lin)<\/a><\/p><\/div><div class=\"price-wrapper\">\n\t<span class=\"price\"><span class=\"woocommerce-Price-amount amount\"><bdi>144,95&nbsp;<span class=\"woocommerce-Price-currencySymbol\">&euro;<\/span><\/bdi><\/span><\/span>\n\n\n\n<\/div>\t\t<\/div>\n\t<\/div>\n\t\n<span class=\"gtm4wp_productdata\" style=\"display:none; visibility:hidden;\" data-gtm4wp_product_data=\"{&quot;internal_id&quot;:7582,&quot;item_id&quot;:7582,&quot;item_name&quot;:&quot;Ros\\u00e9 de l\\u2019aube (\\u00e9charpe en lin)&quot;,&quot;sku&quot;:7582,&quot;price&quot;:144.95,&quot;stocklevel&quot;:null,&quot;stockstatus&quot;:&quot;instock&quot;,&quot;google_business_vertical&quot;:&quot;retail&quot;,&quot;item_category&quot;:&quot;\\u00c9charpes en lin&quot;,&quot;id&quot;:7582,&quot;productlink&quot;:&quot;https:\\\/\\\/mariblum.de\\\/fr\\\/produkt\\\/rose-de-laube-sling-en-lin\\\/&quot;,&quot;item_list_name&quot;:&quot;Produits mis en avant&quot;,&quot;index&quot;:1,&quot;product_type&quot;:&quot;variable&quot;,&quot;item_brand&quot;:&quot;&quot;}\"><\/span>\t<\/div>\n<\/div><div class=\"product-small col has-hover product type-product post-16045 status-publish instock product_cat-fr-ring-slings product_cat-fr-ring-slings-en-chanvre product_cat-tissus-de-chanvre product_tag-brun product_tag-chanvre product_tag-sling-fr has-post-thumbnail featured purchasable product-type-variable has-default-attributes has-product-safety-information\">\n\t<div class=\"col-inner\">\n\t\n<div class=\"badge-container absolute left top z-1\">\n\n<\/div>\n\t<div class=\"product-small box \">\n\t\t<div class=\"box-image\">\n\t\t\t<div class=\"image-fade_in_back\">\n\t\t\t\t<a href=\"https:\/\/mariblum.de\/fr\/produkt\/ecureuil-ring-sling\/\">\n\t\t\t\t\t<img loading=\"lazy\" decoding=\"async\" width=\"247\" height=\"247\" src=\"https:\/\/mariblum.de\/wp-content\/uploads\/2024\/04\/Eichhoernchen-Ring-Sling-Braun-aus-Hanf-seite-247x247.jpeg\" class=\"attachment-woocommerce_thumbnail size-woocommerce_thumbnail\" alt=\"\u00c9charpe anneau \u00e9cureuil Marron en chanvre\" srcset=\"https:\/\/mariblum.de\/wp-content\/uploads\/2024\/04\/Eichhoernchen-Ring-Sling-Braun-aus-Hanf-seite-247x247.jpeg 247w, https:\/\/mariblum.de\/wp-content\/uploads\/2024\/04\/Eichhoernchen-Ring-Sling-Braun-aus-Hanf-seite-100x100.jpeg 100w, https:\/\/mariblum.de\/wp-content\/uploads\/2024\/04\/Eichhoernchen-Ring-Sling-Braun-aus-Hanf-seite-150x150.jpeg 150w\" sizes=\"auto, (max-width: 247px) 100vw, 247px\" \/><img loading=\"lazy\" decoding=\"async\" width=\"247\" height=\"247\" src=\"https:\/\/mariblum.de\/wp-content\/uploads\/2024\/04\/Eichhoernchen-Ring-Sling-Braun-aus-Hanf-1-247x247.jpeg\" class=\"show-on-hover absolute fill hide-for-small back-image\" alt=\"\u00c9charpe anneau \u00e9cureuil Marron en chanvre\" aria-hidden=\"true\" srcset=\"https:\/\/mariblum.de\/wp-content\/uploads\/2024\/04\/Eichhoernchen-Ring-Sling-Braun-aus-Hanf-1-247x247.jpeg 247w, https:\/\/mariblum.de\/wp-content\/uploads\/2024\/04\/Eichhoernchen-Ring-Sling-Braun-aus-Hanf-1-100x100.jpeg 100w, https:\/\/mariblum.de\/wp-content\/uploads\/2024\/04\/Eichhoernchen-Ring-Sling-Braun-aus-Hanf-1-150x150.jpeg 150w\" sizes=\"auto, (max-width: 247px) 100vw, 247px\" \/>\t\t\t\t<\/a>\n\t\t\t<\/div>\n\t\t\t<div class=\"image-tools is-small top right show-on-hover\">\n\t\t\t\t\t\t\t<\/div>\n\t\t\t<div class=\"image-tools is-small hide-for-small bottom left show-on-hover\">\n\t\t\t\t\t\t\t<\/div>\n\t\t\t<div class=\"image-tools grid-tools text-center hide-for-small bottom hover-slide-in show-on-hover\">\n\t\t\t\t<a href=\"#quick-view\" class=\"quick-view\" role=\"button\" data-prod=\"16045\" aria-haspopup=\"dialog\" aria-expanded=\"false\" data-flatsome-role-button>Aper\u00e7u<\/a>\t\t\t<\/div>\n\t\t\t\t\t<\/div>\n\n\t\t<div class=\"box-text box-text-products text-center grid-style-2\">\n\t\t\t<div class=\"title-wrapper\">\t\t<p class=\"category uppercase is-smaller no-text-overflow product-cat op-8\">\n\t\t\tRing Slings\t\t<\/p>\n\t<p class=\"name product-title woocommerce-loop-product__title\"><a href=\"https:\/\/mariblum.de\/fr\/produkt\/ecureuil-ring-sling\/\" class=\"woocommerce-LoopProduct-link woocommerce-loop-product__link\">\u00c8cureuil &#8211; Ring Sling<\/a><\/p><\/div><div class=\"price-wrapper\">\n\t<span class=\"price\"><span class=\"woocommerce-Price-amount amount\"><bdi>109,95&nbsp;<span class=\"woocommerce-Price-currencySymbol\">&euro;<\/span><\/bdi><\/span><\/span>\n\n\n\n<\/div>\t\t<\/div>\n\t<\/div>\n\t\n<span class=\"gtm4wp_productdata\" style=\"display:none; visibility:hidden;\" data-gtm4wp_product_data=\"{&quot;internal_id&quot;:16045,&quot;item_id&quot;:16045,&quot;item_name&quot;:&quot;\\u00c8cureuil - Ring Sling&quot;,&quot;sku&quot;:16045,&quot;price&quot;:109.95,&quot;stocklevel&quot;:null,&quot;stockstatus&quot;:&quot;instock&quot;,&quot;google_business_vertical&quot;:&quot;retail&quot;,&quot;item_category&quot;:&quot;Ring Slings&quot;,&quot;id&quot;:16045,&quot;productlink&quot;:&quot;https:\\\/\\\/mariblum.de\\\/fr\\\/produkt\\\/ecureuil-ring-sling\\\/&quot;,&quot;item_list_name&quot;:&quot;Produits mis en avant&quot;,&quot;index&quot;:2,&quot;product_type&quot;:&quot;variable&quot;,&quot;item_brand&quot;:&quot;&quot;}\"><\/span>\t<\/div>\n<\/div><div class=\"product-small col has-hover product type-product post-10652 status-publish instock product_cat-fr-ring-slings product_cat-fr-ring-slings-en-chanvre product_cat-tissus-de-chanvre product_tag-ringsling-fr product_tag-rose-fr-3 product_tag-rose-sombre product_tag-rouge has-post-thumbnail featured shipping-taxable purchasable product-type-variable has-product-safety-information\">\n\t<div class=\"col-inner\">\n\t\n<div class=\"badge-container absolute left top z-1\">\n\n<div class=\"badge callout badge-circle\"><div class=\"badge-inner callout-new-bg is-small new-bubble\">NOUVEAU<\/div><\/div><\/div>\n\t<div class=\"product-small box \">\n\t\t<div class=\"box-image\">\n\t\t\t<div class=\"image-fade_in_back\">\n\t\t\t\t<a href=\"https:\/\/mariblum.de\/fr\/produkt\/rouge-rose-sombre-echarpe-portage-bebe-ring-sling-en-chanvre-kiss-from-a-rose\/\">\n\t\t\t\t\t<img loading=\"lazy\" decoding=\"async\" width=\"247\" height=\"247\" src=\"https:\/\/mariblum.de\/wp-content\/uploads\/2022\/05\/ring-sling-aus-hanf-baby-richtig-tragen-im-tuch-kiss-from-a-rose-1-247x247.jpg\" class=\"attachment-woocommerce_thumbnail size-woocommerce_thumbnail\" alt=\"anneau-\u00e9charpe-en-chanvre-porte-b\u00e9b\u00e9-proprement-en-\u00e9charpe-kiss-from-a-rose\" srcset=\"https:\/\/mariblum.de\/wp-content\/uploads\/2022\/05\/ring-sling-aus-hanf-baby-richtig-tragen-im-tuch-kiss-from-a-rose-1-247x247.jpg 247w, https:\/\/mariblum.de\/wp-content\/uploads\/2022\/05\/ring-sling-aus-hanf-baby-richtig-tragen-im-tuch-kiss-from-a-rose-1-100x100.jpg 100w, https:\/\/mariblum.de\/wp-content\/uploads\/2022\/05\/ring-sling-aus-hanf-baby-richtig-tragen-im-tuch-kiss-from-a-rose-1-150x150.jpg 150w\" sizes=\"auto, (max-width: 247px) 100vw, 247px\" \/><img loading=\"lazy\" decoding=\"async\" width=\"247\" height=\"247\" src=\"https:\/\/mariblum.de\/wp-content\/uploads\/2022\/05\/hanf-ring-sling-baby-richtig-tragen-trageberatung-kiss-from-a-rose-247x247.jpg\" class=\"show-on-hover absolute fill hide-for-small back-image\" alt=\"chanvre-ring-sling-bebe-porter-correctement-porter-conseils-kiss-from-a-rose\" aria-hidden=\"true\" srcset=\"https:\/\/mariblum.de\/wp-content\/uploads\/2022\/05\/hanf-ring-sling-baby-richtig-tragen-trageberatung-kiss-from-a-rose-247x247.jpg 247w, https:\/\/mariblum.de\/wp-content\/uploads\/2022\/05\/hanf-ring-sling-baby-richtig-tragen-trageberatung-kiss-from-a-rose-100x100.jpg 100w, https:\/\/mariblum.de\/wp-content\/uploads\/2022\/05\/hanf-ring-sling-baby-richtig-tragen-trageberatung-kiss-from-a-rose-150x150.jpg 150w\" sizes=\"auto, (max-width: 247px) 100vw, 247px\" \/>\t\t\t\t<\/a>\n\t\t\t<\/div>\n\t\t\t<div class=\"image-tools is-small top right show-on-hover\">\n\t\t\t\t\t\t\t<\/div>\n\t\t\t<div class=\"image-tools is-small hide-for-small bottom left show-on-hover\">\n\t\t\t\t\t\t\t<\/div>\n\t\t\t<div class=\"image-tools grid-tools text-center hide-for-small bottom hover-slide-in show-on-hover\">\n\t\t\t\t<a href=\"#quick-view\" class=\"quick-view\" role=\"button\" data-prod=\"10652\" aria-haspopup=\"dialog\" aria-expanded=\"false\" data-flatsome-role-button>Aper\u00e7u<\/a>\t\t\t<\/div>\n\t\t\t\t\t<\/div>\n\n\t\t<div class=\"box-text box-text-products text-center grid-style-2\">\n\t\t\t<div class=\"title-wrapper\">\t\t<p class=\"category uppercase is-smaller no-text-overflow product-cat op-8\">\n\t\t\tRing Slings\t\t<\/p>\n\t<p class=\"name product-title woocommerce-loop-product__title\"><a href=\"https:\/\/mariblum.de\/fr\/produkt\/rouge-rose-sombre-echarpe-portage-bebe-ring-sling-en-chanvre-kiss-from-a-rose\/\" class=\"woocommerce-LoopProduct-link woocommerce-loop-product__link\">Kiss from a rose (Ring Sling)<\/a><\/p><\/div><div class=\"price-wrapper\">\n\t<span class=\"price\"><span class=\"woocommerce-Price-amount amount\"><bdi>147,95&nbsp;<span class=\"woocommerce-Price-currencySymbol\">&euro;<\/span><\/bdi><\/span><\/span>\n\n\n\n<\/div>\t\t<\/div>\n\t<\/div>\n\t\n<span class=\"gtm4wp_productdata\" style=\"display:none; visibility:hidden;\" data-gtm4wp_product_data=\"{&quot;internal_id&quot;:10652,&quot;item_id&quot;:10652,&quot;item_name&quot;:&quot;Kiss from a rose (Ring Sling)&quot;,&quot;sku&quot;:10652,&quot;price&quot;:147.95,&quot;stocklevel&quot;:null,&quot;stockstatus&quot;:&quot;instock&quot;,&quot;google_business_vertical&quot;:&quot;retail&quot;,&quot;item_category&quot;:&quot;Ring Slings&quot;,&quot;id&quot;:10652,&quot;productlink&quot;:&quot;https:\\\/\\\/mariblum.de\\\/fr\\\/produkt\\\/rouge-rose-sombre-echarpe-portage-bebe-ring-sling-en-chanvre-kiss-from-a-rose\\\/&quot;,&quot;item_list_name&quot;:&quot;Produits mis en avant&quot;,&quot;index&quot;:3,&quot;product_type&quot;:&quot;variable&quot;,&quot;item_brand&quot;:&quot;&quot;}\"><\/span>\t<\/div>\n<\/div><div class=\"product-small col has-hover product type-product post-9203 status-publish last instock product_cat-fr-slings-en-chanvre-echarpe-de-portage product_cat-tissus-de-chanvre has-post-thumbnail featured shipping-taxable purchasable product-type-variable has-product-safety-information\">\n\t<div class=\"col-inner\">\n\t\n<div class=\"badge-container absolute left top z-1\">\n\n<\/div>\n\t<div class=\"product-small box \">\n\t\t<div class=\"box-image\">\n\t\t\t<div class=\"image-fade_in_back\">\n\t\t\t\t<a href=\"https:\/\/mariblum.de\/fr\/produkt\/pourpre-echarpe\/\">\n\t\t\t\t\t<img loading=\"lazy\" decoding=\"async\" width=\"247\" height=\"247\" src=\"https:\/\/mariblum.de\/wp-content\/uploads\/2021\/01\/lila-tragetuch-baby-schlafen-247x247.jpg\" class=\"attachment-woocommerce_thumbnail size-woocommerce_thumbnail\" alt=\"lila-tragetuch-baby-schlafen\" srcset=\"https:\/\/mariblum.de\/wp-content\/uploads\/2021\/01\/lila-tragetuch-baby-schlafen-247x247.jpg 247w, https:\/\/mariblum.de\/wp-content\/uploads\/2021\/01\/lila-tragetuch-baby-schlafen-100x100.jpg 100w, https:\/\/mariblum.de\/wp-content\/uploads\/2021\/01\/lila-tragetuch-baby-schlafen-150x150.jpg 150w\" sizes=\"auto, (max-width: 247px) 100vw, 247px\" \/><img loading=\"lazy\" decoding=\"async\" width=\"247\" height=\"247\" src=\"https:\/\/mariblum.de\/wp-content\/uploads\/2021\/01\/lila-tragetuch-richtig-binden-aus-hanf-247x247.jpg\" class=\"show-on-hover absolute fill hide-for-small back-image\" alt=\"Alternative view of Pourpre (\u00e9charpe)\" aria-hidden=\"true\" srcset=\"https:\/\/mariblum.de\/wp-content\/uploads\/2021\/01\/lila-tragetuch-richtig-binden-aus-hanf-247x247.jpg 247w, https:\/\/mariblum.de\/wp-content\/uploads\/2021\/01\/lila-tragetuch-richtig-binden-aus-hanf-100x100.jpg 100w, https:\/\/mariblum.de\/wp-content\/uploads\/2021\/01\/lila-tragetuch-richtig-binden-aus-hanf-150x150.jpg 150w\" sizes=\"auto, (max-width: 247px) 100vw, 247px\" \/>\t\t\t\t<\/a>\n\t\t\t<\/div>\n\t\t\t<div class=\"image-tools is-small top right show-on-hover\">\n\t\t\t\t\t\t\t<\/div>\n\t\t\t<div class=\"image-tools is-small hide-for-small bottom left show-on-hover\">\n\t\t\t\t\t\t\t<\/div>\n\t\t\t<div class=\"image-tools grid-tools text-center hide-for-small bottom hover-slide-in show-on-hover\">\n\t\t\t\t<a href=\"#quick-view\" class=\"quick-view\" role=\"button\" data-prod=\"9203\" aria-haspopup=\"dialog\" aria-expanded=\"false\" data-flatsome-role-button>Aper\u00e7u<\/a>\t\t\t<\/div>\n\t\t\t\t\t<\/div>\n\n\t\t<div class=\"box-text box-text-products text-center grid-style-2\">\n\t\t\t<div class=\"ux-swatches ux-swatches-in-loop ux-swatches--rounded ux-swatches--x-small\" role=\"radiogroup\" data-flatsome-role-radiogroup><div data-image-src=\"https:\/\/mariblum.de\/wp-content\/uploads\/2021\/01\/lila-tragetuch-baby-schlafen-247x247.jpg\" data-image-srcset=\"https:\/\/mariblum.de\/wp-content\/uploads\/2021\/01\/lila-tragetuch-baby-schlafen-247x247.jpg 247w, https:\/\/mariblum.de\/wp-content\/uploads\/2021\/01\/lila-tragetuch-baby-schlafen-100x100.jpg 100w, https:\/\/mariblum.de\/wp-content\/uploads\/2021\/01\/lila-tragetuch-baby-schlafen-150x150.jpg 150w\" data-image-sizes=\"(max-width: 247px) 100vw, 247px\" data-attribute_name=\"attribute_pa_tt-groesze\" data-value=\"tt450-fr\" aria-label=\"4,50 m\" role=\"radio\" aria-checked=\"false\" tabindex=\"0\" class=\"ux-swatch ux-swatch--label\"><span class=\"ux-swatch__text\">4,50 m<\/span><\/div><div data-image-src=\"https:\/\/mariblum.de\/wp-content\/uploads\/2021\/01\/lila-tragetuch-baby-schlafen-247x247.jpg\" data-image-srcset=\"https:\/\/mariblum.de\/wp-content\/uploads\/2021\/01\/lila-tragetuch-baby-schlafen-247x247.jpg 247w, https:\/\/mariblum.de\/wp-content\/uploads\/2021\/01\/lila-tragetuch-baby-schlafen-100x100.jpg 100w, https:\/\/mariblum.de\/wp-content\/uploads\/2021\/01\/lila-tragetuch-baby-schlafen-150x150.jpg 150w\" data-image-sizes=\"(max-width: 247px) 100vw, 247px\" data-attribute_name=\"attribute_pa_tt-groesze\" data-value=\"tt500-fr\" aria-label=\"5,00 m\" role=\"radio\" aria-checked=\"false\" tabindex=\"0\" class=\"ux-swatch ux-swatch--label\"><span class=\"ux-swatch__text\">5,00 m<\/span><\/div><\/div><div class=\"title-wrapper\">\t\t<p class=\"category uppercase is-smaller no-text-overflow product-cat op-8\">\n\t\t\t\u00c9charpes en chanvre\t\t<\/p>\n\t<p class=\"name product-title woocommerce-loop-product__title\"><a href=\"https:\/\/mariblum.de\/fr\/produkt\/pourpre-echarpe\/\" class=\"woocommerce-LoopProduct-link woocommerce-loop-product__link\">Pourpre (\u00e9charpe)<\/a><\/p><\/div><div class=\"price-wrapper\">\n\n\n\n<\/div>\t\t<\/div>\n\t<\/div>\n\t\n<span class=\"gtm4wp_productdata\" style=\"display:none; visibility:hidden;\" data-gtm4wp_product_data=\"{&quot;internal_id&quot;:9203,&quot;item_id&quot;:9203,&quot;item_name&quot;:&quot;Pourpre (\\u00e9charpe)&quot;,&quot;sku&quot;:9203,&quot;price&quot;:219.95,&quot;stocklevel&quot;:null,&quot;stockstatus&quot;:&quot;instock&quot;,&quot;google_business_vertical&quot;:&quot;retail&quot;,&quot;item_category&quot;:&quot;\\u00c9charpes en chanvre&quot;,&quot;id&quot;:9203,&quot;productlink&quot;:&quot;https:\\\/\\\/mariblum.de\\\/fr\\\/produkt\\\/pourpre-echarpe\\\/&quot;,&quot;item_list_name&quot;:&quot;Produits mis en avant&quot;,&quot;index&quot;:4,&quot;product_type&quot;:&quot;variable&quot;,&quot;item_brand&quot;:&quot;&quot;}\"><\/span>\t<\/div>\n<\/div><\/div><!-- row -->\n<\/div>\n<h2 id=\"conclusion-vous-ne-pouvez-pas-vous-tromper\">Conclusion : vous ne pouvez pas vous tromper<\/h2>\n<figure>\n  <img decoding=\"async\" src=\"https:\/\/mariblum.de\/wp-content\/uploads\/2025\/04\/Baby-Tragetuch_lila.jpg\" alt=\"Bilan d\u2019automne \u2014 porter sereinement, savourer la proximit\u00e9, collectionner les instants\" loading=\"lazy\" \/><figcaption>Moins de stress, plus de moments dor\u00e9s \u2014 avec un sling.<\/figcaption><\/figure>\n<p>Une balade d\u2019automne en <strong>ring sling<\/strong> allie nature et proximit\u00e9. Parc, sentier forestier ou bord de l\u2019eau \u2014 les souvenirs que vous cr\u00e9ez sont pr\u00e9cieux. Fiez-vous \u00e0 votre intuition, ajustez les couches et savourez la saison.<\/p>\n\n  \n    <div class=\"row large-columns-3 medium-columns-1 small-columns-1 slider row-slider slider-nav-reveal slider-nav-push\"  data-flickity-options='{&quot;imagesLoaded&quot;: true, &quot;groupCells&quot;: &quot;100%&quot;, &quot;dragThreshold&quot; : 5, &quot;cellAlign&quot;: &quot;left&quot;,&quot;wrapAround&quot;: true,&quot;prevNextButtons&quot;: true,&quot;percentPosition&quot;: true,&quot;pageDots&quot;: false, &quot;rightToLeft&quot;: false, &quot;autoPlay&quot; : false}' >\n\n  <div class=\"col post-item\" >\n\t\t\t<div class=\"col-inner\">\n\t\t\t\t<div class=\"box box-normal box-text-bottom box-blog-post has-hover\">\n            \t\t\t\t\t<div class=\"box-image\" >\n  \t\t\t\t\t\t<div class=\"image-cover\" style=\"padding-top:56.25%;\">\n\t\t\t\t\t\t\t<a href=\"https:\/\/mariblum.de\/fr\/echarpe-de-portage-plutot-que-poussette-les-avantages-surprenants-au-quotidien\/\" class=\"plain\" aria-label=\"\u00c9charpe de portage plut\u00f4t que poussette \u2013 Les avantages surprenants au quotidien\">\n\t\t\t\t\t\t\t\t<img loading=\"lazy\" decoding=\"async\" width=\"225\" height=\"300\" src=\"https:\/\/mariblum.de\/wp-content\/uploads\/2023\/04\/Lavendel-Ring-Sling-aus-Hanf-225x300.jpeg\" class=\"attachment-medium size-medium wp-post-image\" alt=\"\" srcset=\"https:\/\/mariblum.de\/wp-content\/uploads\/2023\/04\/Lavendel-Ring-Sling-aus-Hanf-225x300.jpeg 225w, https:\/\/mariblum.de\/wp-content\/uploads\/2023\/04\/Lavendel-Ring-Sling-aus-Hanf-510x680.jpeg 510w, https:\/\/mariblum.de\/wp-content\/uploads\/2023\/04\/Lavendel-Ring-Sling-aus-Hanf.jpeg 600w\" sizes=\"auto, (max-width: 225px) 100vw, 225px\" \/>\t\t\t\t\t\t\t<\/a>\n  \t\t\t\t\t\t\t  \t\t\t\t\t\t\t  \t\t\t\t\t\t<\/div>\n  \t\t\t\t\t\t  \t\t\t\t\t<\/div>\n          \t\t\t\t\t<div class=\"box-text text-center\" >\n\t\t\t\t\t<div class=\"box-text-inner blog-post-inner\">\n\n\t\t\t\t\t\n\t\t\t\t\t\t\t\t\t\t<h5 class=\"post-title is-large \">\n\t\t\t\t\t\t<a href=\"https:\/\/mariblum.de\/fr\/echarpe-de-portage-plutot-que-poussette-les-avantages-surprenants-au-quotidien\/\" class=\"plain\">\u00c9charpe de portage plut\u00f4t que poussette \u2013 Les avantages surprenants au quotidien<\/a>\n\t\t\t\t\t<\/h5>\n\t\t\t\t\t\t\t\t\t\t<div class=\"is-divider\"><\/div>\n\t\t\t\t\t\t\t\t\t\t<p class=\"from_the_blog_excerpt \">\n\t\t\t\t\t\tLes poussettes sont consid\u00e9r\u00e9es comme un incontournable pour les nouveaux parents \u2013 mais que se [...]\t\t\t\t\t<\/p>\n\t\t\t\t\t                    \n\t\t\t\t\t\n\t\t\t\t\t\n\t\t\t\t\t<\/div>\n\t\t\t\t\t<\/div>\n\t\t\t\t\t\t\t\t\t\t\t\t\t\t\t\t<div class=\"badge absolute top post-date badge-outline\">\n\t\t\t\t\t\t\t<div class=\"badge-inner\">\n\t\t\t\t\t\t\t\t<span class=\"post-date-day\">02<\/span><br>\n\t\t\t\t\t\t\t\t<span class=\"post-date-month is-xsmall\">Avr<\/span>\n\t\t\t\t\t\t\t<\/div>\n\t\t\t\t\t\t<\/div>\n\t\t\t\t\t\t\t\t\t<\/div>\n\t\t\t<\/div>\n\t\t<\/div><div class=\"col post-item\" >\n\t\t\t<div class=\"col-inner\">\n\t\t\t\t<div class=\"box box-normal box-text-bottom box-blog-post has-hover\">\n            \t\t\t\t\t<div class=\"box-image\" >\n  \t\t\t\t\t\t<div class=\"image-cover\" style=\"padding-top:56.25%;\">\n\t\t\t\t\t\t\t<a href=\"https:\/\/mariblum.de\/fr\/porter-son-bebe-sans-douleur-5-erreurs-courantes-et-leurs-solutions\/\" class=\"plain\" aria-label=\"Porter son b\u00e9b\u00e9 sans douleur \u2013 5 erreurs courantes et leurs solutions\">\n\t\t\t\t\t\t\t\t<img loading=\"lazy\" decoding=\"async\" width=\"225\" height=\"300\" src=\"https:\/\/mariblum.de\/wp-content\/uploads\/2025\/04\/Baby-Tragetuch-aus-Hanf-Zauberwald-225x300.jpeg\" class=\"attachment-medium size-medium wp-post-image\" alt=\"\" srcset=\"https:\/\/mariblum.de\/wp-content\/uploads\/2025\/04\/Baby-Tragetuch-aus-Hanf-Zauberwald-225x300.jpeg 225w, https:\/\/mariblum.de\/wp-content\/uploads\/2025\/04\/Baby-Tragetuch-aus-Hanf-Zauberwald-510x680.jpeg 510w, https:\/\/mariblum.de\/wp-content\/uploads\/2025\/04\/Baby-Tragetuch-aus-Hanf-Zauberwald.jpeg 600w\" sizes=\"auto, (max-width: 225px) 100vw, 225px\" \/>\t\t\t\t\t\t\t<\/a>\n  \t\t\t\t\t\t\t  \t\t\t\t\t\t\t  \t\t\t\t\t\t<\/div>\n  \t\t\t\t\t\t  \t\t\t\t\t<\/div>\n          \t\t\t\t\t<div class=\"box-text text-center\" >\n\t\t\t\t\t<div class=\"box-text-inner blog-post-inner\">\n\n\t\t\t\t\t\n\t\t\t\t\t\t\t\t\t\t<h5 class=\"post-title is-large \">\n\t\t\t\t\t\t<a href=\"https:\/\/mariblum.de\/fr\/porter-son-bebe-sans-douleur-5-erreurs-courantes-et-leurs-solutions\/\" class=\"plain\">Porter son b\u00e9b\u00e9 sans douleur \u2013 5 erreurs courantes et leurs solutions<\/a>\n\t\t\t\t\t<\/h5>\n\t\t\t\t\t\t\t\t\t\t<div class=\"is-divider\"><\/div>\n\t\t\t\t\t\t\t\t\t\t<p class=\"from_the_blog_excerpt \">\n\t\t\t\t\t\tPorter ton b\u00e9b\u00e9 ne devrait jamais \u00eatre douloureux \u2014 bien au contraire. Bien r\u00e9alis\u00e9, le [...]\t\t\t\t\t<\/p>\n\t\t\t\t\t                    \n\t\t\t\t\t\n\t\t\t\t\t\n\t\t\t\t\t<\/div>\n\t\t\t\t\t<\/div>\n\t\t\t\t\t\t\t\t\t\t\t\t\t\t\t\t<div class=\"badge absolute top post-date badge-outline\">\n\t\t\t\t\t\t\t<div class=\"badge-inner\">\n\t\t\t\t\t\t\t\t<span class=\"post-date-day\">14<\/span><br>\n\t\t\t\t\t\t\t\t<span class=\"post-date-month is-xsmall\">Nov<\/span>\n\t\t\t\t\t\t\t<\/div>\n\t\t\t\t\t\t<\/div>\n\t\t\t\t\t\t\t\t\t<\/div>\n\t\t\t<\/div>\n\t\t<\/div><div class=\"col post-item\" >\n\t\t\t<div class=\"col-inner\">\n\t\t\t\t<div class=\"box box-normal box-text-bottom box-blog-post has-hover\">\n            \t\t\t\t\t<div class=\"box-image\" >\n  \t\t\t\t\t\t<div class=\"image-cover\" style=\"padding-top:56.25%;\">\n\t\t\t\t\t\t\t<a href=\"https:\/\/mariblum.de\/fr\/porter-son-bebe-en-hiver-7-mythes-verites-honnetes-et-petits-inconvenients\/\" class=\"plain\" aria-label=\"Porter son b\u00e9b\u00e9 en hiver \u2013 7 mythes, v\u00e9rit\u00e9s honn\u00eates et petits inconv\u00e9nients\">\n\t\t\t\t\t\t\t\t<img loading=\"lazy\" decoding=\"async\" width=\"200\" height=\"300\" src=\"https:\/\/mariblum.de\/wp-content\/uploads\/2019\/10\/kornblume-ring-sling-aus-hanf-gefaltet-200x300.png\" class=\"attachment-medium size-medium wp-post-image\" alt=\"kornblume-ring-sling-aus-hanf-trageberatung-richtig-gebunden\" srcset=\"https:\/\/mariblum.de\/wp-content\/uploads\/2019\/10\/kornblume-ring-sling-aus-hanf-gefaltet-200x300.png 200w, https:\/\/mariblum.de\/wp-content\/uploads\/2019\/10\/kornblume-ring-sling-aus-hanf-gefaltet-510x765.png 510w, https:\/\/mariblum.de\/wp-content\/uploads\/2019\/10\/kornblume-ring-sling-aus-hanf-gefaltet.png 533w\" sizes=\"auto, (max-width: 200px) 100vw, 200px\" \/>\t\t\t\t\t\t\t<\/a>\n  \t\t\t\t\t\t\t  \t\t\t\t\t\t\t  \t\t\t\t\t\t<\/div>\n  \t\t\t\t\t\t  \t\t\t\t\t<\/div>\n          \t\t\t\t\t<div class=\"box-text text-center\" >\n\t\t\t\t\t<div class=\"box-text-inner blog-post-inner\">\n\n\t\t\t\t\t\n\t\t\t\t\t\t\t\t\t\t<h5 class=\"post-title is-large \">\n\t\t\t\t\t\t<a href=\"https:\/\/mariblum.de\/fr\/porter-son-bebe-en-hiver-7-mythes-verites-honnetes-et-petits-inconvenients\/\" class=\"plain\">Porter son b\u00e9b\u00e9 en hiver \u2013 7 mythes, v\u00e9rit\u00e9s honn\u00eates et petits inconv\u00e9nients<\/a>\n\t\t\t\t\t<\/h5>\n\t\t\t\t\t\t\t\t\t\t<div class=\"is-divider\"><\/div>\n\t\t\t\t\t\t\t\t\t\t<p class=\"from_the_blog_excerpt \">\n\t\t\t\t\t\tQuand les jours raccourcissent et que le froid s\u2019installe, de nombreuses mamans se demandent : [...]\t\t\t\t\t<\/p>\n\t\t\t\t\t                    \n\t\t\t\t\t\n\t\t\t\t\t\n\t\t\t\t\t<\/div>\n\t\t\t\t\t<\/div>\n\t\t\t\t\t\t\t\t\t\t\t\t\t\t\t\t<div class=\"badge absolute top post-date badge-outline\">\n\t\t\t\t\t\t\t<div class=\"badge-inner\">\n\t\t\t\t\t\t\t\t<span class=\"post-date-day\">07<\/span><br>\n\t\t\t\t\t\t\t\t<span class=\"post-date-month is-xsmall\">Nov<\/span>\n\t\t\t\t\t\t\t<\/div>\n\t\t\t\t\t\t<\/div>\n\t\t\t\t\t\t\t\t\t<\/div>\n\t\t\t<\/div>\n\t\t<\/div><div class=\"col post-item\" >\n\t\t\t<div class=\"col-inner\">\n\t\t\t\t<div class=\"box box-normal box-text-bottom box-blog-post has-hover\">\n            \t\t\t\t\t<div class=\"box-image\" >\n  \t\t\t\t\t\t<div class=\"image-cover\" style=\"padding-top:56.25%;\">\n\t\t\t\t\t\t\t<a href=\"https:\/\/mariblum.de\/fr\/guide-complet-des-matieres-pour-echarpes-de-portage-et-ring-slings-en-automne\/\" class=\"plain\" aria-label=\"Guide complet des mati\u00e8res pour \u00e9charpes de portage et ring slings en automne\">\n\t\t\t\t\t\t\t\t<img loading=\"lazy\" decoding=\"async\" width=\"225\" height=\"300\" src=\"https:\/\/mariblum.de\/wp-content\/uploads\/2023\/04\/Ring-Sling-aus-Hanf-Lavendelfeld-225x300.jpeg\" class=\"attachment-medium size-medium wp-post-image\" alt=\"\" srcset=\"https:\/\/mariblum.de\/wp-content\/uploads\/2023\/04\/Ring-Sling-aus-Hanf-Lavendelfeld-225x300.jpeg 225w, https:\/\/mariblum.de\/wp-content\/uploads\/2023\/04\/Ring-Sling-aus-Hanf-Lavendelfeld-510x680.jpeg 510w, https:\/\/mariblum.de\/wp-content\/uploads\/2023\/04\/Ring-Sling-aus-Hanf-Lavendelfeld.jpeg 600w\" sizes=\"auto, (max-width: 225px) 100vw, 225px\" \/>\t\t\t\t\t\t\t<\/a>\n  \t\t\t\t\t\t\t  \t\t\t\t\t\t\t  \t\t\t\t\t\t<\/div>\n  \t\t\t\t\t\t  \t\t\t\t\t<\/div>\n          \t\t\t\t\t<div class=\"box-text text-center\" >\n\t\t\t\t\t<div class=\"box-text-inner blog-post-inner\">\n\n\t\t\t\t\t\n\t\t\t\t\t\t\t\t\t\t<h5 class=\"post-title is-large \">\n\t\t\t\t\t\t<a href=\"https:\/\/mariblum.de\/fr\/guide-complet-des-matieres-pour-echarpes-de-portage-et-ring-slings-en-automne\/\" class=\"plain\">Guide complet des mati\u00e8res pour \u00e9charpes de portage et ring slings en automne<\/a>\n\t\t\t\t\t<\/h5>\n\t\t\t\t\t\t\t\t\t\t<div class=\"is-divider\"><\/div>\n\t\t\t\t\t\t\t\t\t\t<p class=\"from_the_blog_excerpt \">\n\t\t\t\t\t\tL\u2019automne est \u00e0 nos portes, apportant avec lui des journ\u00e9es plus fra\u00eeches qui nous invitent [...]\t\t\t\t\t<\/p>\n\t\t\t\t\t                    \n\t\t\t\t\t\n\t\t\t\t\t\n\t\t\t\t\t<\/div>\n\t\t\t\t\t<\/div>\n\t\t\t\t\t\t\t\t\t\t\t\t\t\t\t\t<div class=\"badge absolute top post-date badge-outline\">\n\t\t\t\t\t\t\t<div class=\"badge-inner\">\n\t\t\t\t\t\t\t\t<span class=\"post-date-day\">03<\/span><br>\n\t\t\t\t\t\t\t\t<span class=\"post-date-month is-xsmall\">Nov<\/span>\n\t\t\t\t\t\t\t<\/div>\n\t\t\t\t\t\t<\/div>\n\t\t\t\t\t\t\t\t\t<\/div>\n\t\t\t<\/div>\n\t\t<\/div><div class=\"col post-item\" >\n\t\t\t<div class=\"col-inner\">\n\t\t\t\t<div class=\"box box-normal box-text-bottom box-blog-post has-hover\">\n            \t\t\t\t\t<div class=\"box-image\" >\n  \t\t\t\t\t\t<div class=\"image-cover\" style=\"padding-top:56.25%;\">\n\t\t\t\t\t\t\t<a href=\"https:\/\/mariblum.de\/fr\/portage-et-fratrie-conseils-avises-pour-les-jeunes-mamans\/\" class=\"plain\" aria-label=\"Portage et fratrie : conseils avis\u00e9s pour les jeunes mamans\">\n\t\t\t\t\t\t\t\t<img loading=\"lazy\" decoding=\"async\" width=\"225\" height=\"300\" src=\"https:\/\/mariblum.de\/wp-content\/uploads\/2025\/04\/Baby-Tragetuch-aus-Hanf-Zauberwald-225x300.jpeg\" class=\"attachment-medium size-medium wp-post-image\" alt=\"\" srcset=\"https:\/\/mariblum.de\/wp-content\/uploads\/2025\/04\/Baby-Tragetuch-aus-Hanf-Zauberwald-225x300.jpeg 225w, https:\/\/mariblum.de\/wp-content\/uploads\/2025\/04\/Baby-Tragetuch-aus-Hanf-Zauberwald-510x680.jpeg 510w, https:\/\/mariblum.de\/wp-content\/uploads\/2025\/04\/Baby-Tragetuch-aus-Hanf-Zauberwald.jpeg 600w\" sizes=\"auto, (max-width: 225px) 100vw, 225px\" \/>\t\t\t\t\t\t\t<\/a>\n  \t\t\t\t\t\t\t  \t\t\t\t\t\t\t  \t\t\t\t\t\t<\/div>\n  \t\t\t\t\t\t  \t\t\t\t\t<\/div>\n          \t\t\t\t\t<div class=\"box-text text-center\" >\n\t\t\t\t\t<div class=\"box-text-inner blog-post-inner\">\n\n\t\t\t\t\t\n\t\t\t\t\t\t\t\t\t\t<h5 class=\"post-title is-large \">\n\t\t\t\t\t\t<a href=\"https:\/\/mariblum.de\/fr\/portage-et-fratrie-conseils-avises-pour-les-jeunes-mamans\/\" class=\"plain\">Portage et fratrie : conseils avis\u00e9s pour les jeunes mamans<\/a>\n\t\t\t\t\t<\/h5>\n\t\t\t\t\t\t\t\t\t\t<div class=\"is-divider\"><\/div>\n\t\t\t\t\t\t\t\t\t\t<p class=\"from_the_blog_excerpt \">\n\t\t\t\t\t\tLa vie de jeune maman apporte son lot de d\u00e9fis \u2014 et d\u2019innombrables petites joies. [...]\t\t\t\t\t<\/p>\n\t\t\t\t\t                    \n\t\t\t\t\t\n\t\t\t\t\t\n\t\t\t\t\t<\/div>\n\t\t\t\t\t<\/div>\n\t\t\t\t\t\t\t\t\t\t\t\t\t\t\t\t<div class=\"badge absolute top post-date badge-outline\">\n\t\t\t\t\t\t\t<div class=\"badge-inner\">\n\t\t\t\t\t\t\t\t<span class=\"post-date-day\">17<\/span><br>\n\t\t\t\t\t\t\t\t<span class=\"post-date-month is-xsmall\">Oct<\/span>\n\t\t\t\t\t\t\t<\/div>\n\t\t\t\t\t\t<\/div>\n\t\t\t\t\t\t\t\t\t<\/div>\n\t\t\t<\/div>\n\t\t<\/div><div class=\"col post-item\" >\n\t\t\t<div class=\"col-inner\">\n\t\t\t\t<div class=\"box box-normal box-text-bottom box-blog-post has-hover\">\n            \t\t\t\t\t<div class=\"box-image\" >\n  \t\t\t\t\t\t<div class=\"image-cover\" style=\"padding-top:56.25%;\">\n\t\t\t\t\t\t\t<a href=\"https:\/\/mariblum.de\/fr\/balades-dautomne-en-ring-sling-flexible-proche-meilleurs-spots-conseils-checklist\/\" class=\"plain\" aria-label=\"Balades d\u2019automne en ring sling : flexible &#038; proche \u2014 meilleurs spots, conseils &#038; checklist\">\n\t\t\t\t\t\t\t\t<img loading=\"lazy\" decoding=\"async\" width=\"225\" height=\"300\" src=\"https:\/\/mariblum.de\/wp-content\/uploads\/2025\/04\/Baumwolle-Baby-Tragetuch_Elefantenmotiv-weiss-blau-225x300.jpg\" class=\"attachment-medium size-medium wp-post-image\" alt=\"\" srcset=\"https:\/\/mariblum.de\/wp-content\/uploads\/2025\/04\/Baumwolle-Baby-Tragetuch_Elefantenmotiv-weiss-blau-225x300.jpg 225w, https:\/\/mariblum.de\/wp-content\/uploads\/2025\/04\/Baumwolle-Baby-Tragetuch_Elefantenmotiv-weiss-blau-510x680.jpg 510w, https:\/\/mariblum.de\/wp-content\/uploads\/2025\/04\/Baumwolle-Baby-Tragetuch_Elefantenmotiv-weiss-blau.jpg 600w\" sizes=\"auto, (max-width: 225px) 100vw, 225px\" \/>\t\t\t\t\t\t\t<\/a>\n  \t\t\t\t\t\t\t  \t\t\t\t\t\t\t  \t\t\t\t\t\t<\/div>\n  \t\t\t\t\t\t  \t\t\t\t\t<\/div>\n          \t\t\t\t\t<div class=\"box-text text-center\" >\n\t\t\t\t\t<div class=\"box-text-inner blog-post-inner\">\n\n\t\t\t\t\t\n\t\t\t\t\t\t\t\t\t\t<h5 class=\"post-title is-large \">\n\t\t\t\t\t\t<a href=\"https:\/\/mariblum.de\/fr\/balades-dautomne-en-ring-sling-flexible-proche-meilleurs-spots-conseils-checklist\/\" class=\"plain\">Balades d\u2019automne en ring sling : flexible &#038; proche \u2014 meilleurs spots, conseils &#038; checklist<\/a>\n\t\t\t\t\t<\/h5>\n\t\t\t\t\t\t\t\t\t\t<div class=\"is-divider\"><\/div>\n\t\t\t\t\t\t\t\t\t\t<p class=\"from_the_blog_excerpt \">\n\t\t\t\t\t\tL\u2019automne est une saison magique \u2014 les feuilles se parent de couleurs chaudes et l\u2019air [...]\t\t\t\t\t<\/p>\n\t\t\t\t\t                    \n\t\t\t\t\t\n\t\t\t\t\t\n\t\t\t\t\t<\/div>\n\t\t\t\t\t<\/div>\n\t\t\t\t\t\t\t\t\t\t\t\t\t\t\t\t<div class=\"badge absolute top post-date badge-outline\">\n\t\t\t\t\t\t\t<div class=\"badge-inner\">\n\t\t\t\t\t\t\t\t<span class=\"post-date-day\">10<\/span><br>\n\t\t\t\t\t\t\t\t<span class=\"post-date-month is-xsmall\">Oct<\/span>\n\t\t\t\t\t\t\t<\/div>\n\t\t\t\t\t\t<\/div>\n\t\t\t\t\t\t\t\t\t<\/div>\n\t\t\t<\/div>\n\t\t<\/div><div class=\"col post-item\" >\n\t\t\t<div class=\"col-inner\">\n\t\t\t\t<div class=\"box box-normal box-text-bottom box-blog-post has-hover\">\n            \t\t\t\t\t<div class=\"box-image\" >\n  \t\t\t\t\t\t<div class=\"image-cover\" style=\"padding-top:56.25%;\">\n\t\t\t\t\t\t\t<a href=\"https:\/\/mariblum.de\/fr\/superposition-des-couches-lorsque-vous-portez-votre-bebe-comment-vous-habiller-correctement-vous-et-votre-bebe\/\" class=\"plain\" aria-label=\"Superposition des couches lorsque vous portez votre b\u00e9b\u00e9 : comment vous habiller correctement, vous et votre b\u00e9b\u00e9\">\n\t\t\t\t\t\t\t\t<img loading=\"lazy\" decoding=\"async\" width=\"193\" height=\"300\" src=\"https:\/\/mariblum.de\/wp-content\/uploads\/2019\/02\/Olive_Ring-Sling_detail-scaled-e1576770252650-193x300.jpg\" class=\"attachment-medium size-medium wp-post-image\" alt=\"olive-ring-sling-en-chanvre\" srcset=\"https:\/\/mariblum.de\/wp-content\/uploads\/2019\/02\/Olive_Ring-Sling_detail-scaled-e1576770252650-193x300.jpg 193w, https:\/\/mariblum.de\/wp-content\/uploads\/2019\/02\/Olive_Ring-Sling_detail-scaled-e1576770252650-510x794.jpg 510w, https:\/\/mariblum.de\/wp-content\/uploads\/2019\/02\/Olive_Ring-Sling_detail-scaled-e1576770252650.jpg 514w\" sizes=\"auto, (max-width: 193px) 100vw, 193px\" \/>\t\t\t\t\t\t\t<\/a>\n  \t\t\t\t\t\t\t  \t\t\t\t\t\t\t  \t\t\t\t\t\t<\/div>\n  \t\t\t\t\t\t  \t\t\t\t\t<\/div>\n          \t\t\t\t\t<div class=\"box-text text-center\" >\n\t\t\t\t\t<div class=\"box-text-inner blog-post-inner\">\n\n\t\t\t\t\t\n\t\t\t\t\t\t\t\t\t\t<h5 class=\"post-title is-large \">\n\t\t\t\t\t\t<a href=\"https:\/\/mariblum.de\/fr\/superposition-des-couches-lorsque-vous-portez-votre-bebe-comment-vous-habiller-correctement-vous-et-votre-bebe\/\" class=\"plain\">Superposition des couches lorsque vous portez votre b\u00e9b\u00e9 : comment vous habiller correctement, vous et votre b\u00e9b\u00e9<\/a>\n\t\t\t\t\t<\/h5>\n\t\t\t\t\t\t\t\t\t\t<div class=\"is-divider\"><\/div>\n\t\t\t\t\t\t\t\t\t\t<p class=\"from_the_blog_excerpt \">\n\t\t\t\t\t\tLa vie de jeune maman est pleine de nouveaux d\u00e9fis \u2014 et de merveilleux moments [...]\t\t\t\t\t<\/p>\n\t\t\t\t\t                    \n\t\t\t\t\t\n\t\t\t\t\t\n\t\t\t\t\t<\/div>\n\t\t\t\t\t<\/div>\n\t\t\t\t\t\t\t\t\t\t\t\t\t\t\t\t<div class=\"badge absolute top post-date badge-outline\">\n\t\t\t\t\t\t\t<div class=\"badge-inner\">\n\t\t\t\t\t\t\t\t<span class=\"post-date-day\">26<\/span><br>\n\t\t\t\t\t\t\t\t<span class=\"post-date-month is-xsmall\">Sep<\/span>\n\t\t\t\t\t\t\t<\/div>\n\t\t\t\t\t\t<\/div>\n\t\t\t\t\t\t\t\t\t<\/div>\n\t\t\t<\/div>\n\t\t<\/div><div class=\"col post-item\" >\n\t\t\t<div class=\"col-inner\">\n\t\t\t\t<div class=\"box box-normal box-text-bottom box-blog-post has-hover\">\n            \t\t\t\t\t<div class=\"box-image\" >\n  \t\t\t\t\t\t<div class=\"image-cover\" style=\"padding-top:56.25%;\">\n\t\t\t\t\t\t\t<a href=\"https:\/\/mariblum.de\/fr\/maitriser-le-vent-la-pluie-avec-bebe-echarpes-et-ring-slings-strategies-douces-pour-jeunes-mamans\/\" class=\"plain\" aria-label=\"Ma\u00eetriser le vent &#038; la pluie avec b\u00e9b\u00e9 : \u00e9charpes et ring slings \u2014 strat\u00e9gies douces pour jeunes mamans\">\n\t\t\t\t\t\t\t\t<img loading=\"lazy\" decoding=\"async\" width=\"225\" height=\"300\" src=\"https:\/\/mariblum.de\/wp-content\/uploads\/2024\/03\/Babybonding-im-Tragetuch-225x300.png\" class=\"attachment-medium size-medium wp-post-image\" alt=\"Babybonding im Tragetuch\" srcset=\"https:\/\/mariblum.de\/wp-content\/uploads\/2024\/03\/Babybonding-im-Tragetuch-225x300.png 225w, https:\/\/mariblum.de\/wp-content\/uploads\/2024\/03\/Babybonding-im-Tragetuch-510x680.png 510w, https:\/\/mariblum.de\/wp-content\/uploads\/2024\/03\/Babybonding-im-Tragetuch.png 600w\" sizes=\"auto, (max-width: 225px) 100vw, 225px\" \/>\t\t\t\t\t\t\t<\/a>\n  \t\t\t\t\t\t\t  \t\t\t\t\t\t\t  \t\t\t\t\t\t<\/div>\n  \t\t\t\t\t\t  \t\t\t\t\t<\/div>\n          \t\t\t\t\t<div class=\"box-text text-center\" >\n\t\t\t\t\t<div class=\"box-text-inner blog-post-inner\">\n\n\t\t\t\t\t\n\t\t\t\t\t\t\t\t\t\t<h5 class=\"post-title is-large \">\n\t\t\t\t\t\t<a href=\"https:\/\/mariblum.de\/fr\/maitriser-le-vent-la-pluie-avec-bebe-echarpes-et-ring-slings-strategies-douces-pour-jeunes-mamans\/\" class=\"plain\">Ma\u00eetriser le vent &#038; la pluie avec b\u00e9b\u00e9 : \u00e9charpes et ring slings \u2014 strat\u00e9gies douces pour jeunes mamans<\/a>\n\t\t\t\t\t<\/h5>\n\t\t\t\t\t\t\t\t\t\t<div class=\"is-divider\"><\/div>\n\t\t\t\t\t\t\t\t\t\t<p class=\"from_the_blog_excerpt \">\n\t\t\t\t\t\tEn tant que jeune maman, tu veux prot\u00e9ger ton b\u00e9b\u00e9 \u2014 qu\u2019il vente ou qu\u2019il [...]\t\t\t\t\t<\/p>\n\t\t\t\t\t                    \n\t\t\t\t\t\n\t\t\t\t\t\n\t\t\t\t\t<\/div>\n\t\t\t\t\t<\/div>\n\t\t\t\t\t\t\t\t\t\t\t\t\t\t\t\t<div class=\"badge absolute top post-date badge-outline\">\n\t\t\t\t\t\t\t<div class=\"badge-inner\">\n\t\t\t\t\t\t\t\t<span class=\"post-date-day\">19<\/span><br>\n\t\t\t\t\t\t\t\t<span class=\"post-date-month is-xsmall\">Sep<\/span>\n\t\t\t\t\t\t\t<\/div>\n\t\t\t\t\t\t<\/div>\n\t\t\t\t\t\t\t\t\t<\/div>\n\t\t\t<\/div>\n\t\t<\/div><\/div>\n<h2 id=\"faq\">FAQ : ring sling en automne<\/h2>\n<figure>\n  <img decoding=\"async\" src=\"https:\/\/mariblum.de\/wp-content\/uploads\/2025\/04\/Lila-Tragetuch_Baby.jpg\" alt=\"FAQ ring sling \u2014 mise en place, mati\u00e8res, dur\u00e9e de portage, usage en hiver\" loading=\"lazy\" \/><figcaption>Les questions les plus fr\u00e9quentes \u2014 r\u00e9ponses claires.<\/figcaption><\/figure>\n<ol>\n<li><strong>Comment bien mettre un ring sling&nbsp;?<\/strong><br \/>Portez le sling sur <em>une<\/em> \u00e9paule. B\u00e9b\u00e9 en <strong>position en M<\/strong> (genoux au-dessus des fesses), bassin en r\u00e9troversion, voies a\u00e9riennes libres. Anneaux \u00e0 hauteur de clavicule ; serrez le tissu <em>pan par pan<\/em>.<\/li>\n<li><strong>Le ring sling convient-il aux nouveau-n\u00e9s&nbsp;?<\/strong><br \/>Oui. Avec un serrage soign\u00e9, un bon maintien t\u00eate\/nuque et des voies d\u00e9gag\u00e9es, il est id\u00e9al. En cas de doute, demandez conseil \u00e0 un\u00b7e moniteur\u00b7rice de portage.<\/li>\n<li><strong>Combien de temps puis-je porter mon b\u00e9b\u00e9 en ring sling&nbsp;?<\/strong><br \/>Aussi longtemps que c\u2019est confortable. Alternez le c\u00f4t\u00e9 des anneaux, faites de courtes pauses et observez les signaux de b\u00e9b\u00e9 (\u00e9veil, temp\u00e9rature, besoin de bouger).<\/li>\n<li><strong>Quelles mati\u00e8res choisir&nbsp;?<\/strong><br \/><strong>Coton<\/strong> (doux, facile d\u2019entretien), <strong>lin<\/strong> (frais, soutenant) et <strong>chanvre<\/strong> (tr\u00e8s robuste, accroche). \u00c0 choisir selon temp\u00e9rature et <em>grip<\/em> souhait\u00e9.<\/li>\n<li><strong>Peut-on utiliser un ring sling en hiver&nbsp;?<\/strong><br \/>Oui. Privil\u00e9giez le layering, bonnet et tour de cou ; portez <em>sous<\/em> une veste de portage ou ajoutez un couvre-portage. Remplacez vite les tissus humides pour \u00e9viter le refroidissement.<\/li>\n<\/ol>\n<p><!-- Sch\u00e9ma FAQ (JSON-LD) --><br \/>\n<script type=\"application\/ld+json\">\n{\n  \"@context\":\"https:\/\/schema.org\",\n  \"@type\":\"FAQPage\",\n  \"mainEntity\":[\n    {\n      \"@type\":\"Question\",\n      \"name\":\"Comment bien mettre un ring sling ?\",\n      \"acceptedAnswer\":{\n        \"@type\":\"Answer\",\n        \"text\":\"Portez le sling sur une \\u00e9paule, anneaux \\u00e0 hauteur de clavicule. B\\u00e9b\\u00e9 en position en M, bassin en r\\u00e9troversion et voies a\\u00e9riennes d\\u00e9gag\\u00e9es. Serrez le tissu pan par pan.\"\n      }\n    },\n    {\n      \"@type\":\"Question\",\n      \"name\":\"Le ring sling convient-il aux nouveau-n\\u00e9s ?\",\n      \"acceptedAnswer\":{\n        \"@type\":\"Answer\",\n        \"text\":\"Oui, s'il est correctement serr\\u00e9, avec maintien de la t\\u00eate\/nuque et respiration libre. En cas de doute, consultez un\\u00b7e conseiller\\u00b7\\u00e8re en portage.\"\n      }\n    },\n    {\n      \"@type\":\"Question\",\n      \"name\":\"Combien de temps puis-je porter mon b\\u00e9b\\u00e9 en ring sling ?\",\n      \"acceptedAnswer\":{\n        \"@type\":\"Answer\",\n        \"text\":\"Aussi longtemps que c'est confortable pour vous deux. Alternez le c\\u00f4t\\u00e9 des anneaux, faites des pauses et observez les signaux de b\\u00e9b\\u00e9.\"\n      }\n    },\n    {\n      \"@type\":\"Question\",\n      \"name\":\"Quelles mati\\u00e8res sont id\\u00e9ales pour un ring sling ?\",\n      \"acceptedAnswer\":{\n        \"@type\":\"Answer\",\n        \"text\":\"Coton (doux, facile), lin (frais, soutenant) et chanvre (tr\\u00e8s solide, accroche). Choisissez selon la temp\\u00e9rature et l'accroche souhait\\u00e9e.\"\n      }\n    },\n    {\n      \"@type\":\"Question\",\n      \"name\":\"Peut-on utiliser un ring sling en hiver ?\",\n      \"acceptedAnswer\":{\n        \"@type\":\"Answer\",\n        \"text\":\"Oui. Superposez les couches, ajoutez bonnet et tour de cou, portez sous une veste de portage ou utilisez un couvre-portage, et changez les tissus humides rapidement.\"\n      }\n    }\n  ]\n}\n<\/script><\/p>\n","protected":false},"excerpt":{"rendered":"<p>L\u2019automne est une saison magique \u2014 les feuilles se parent de couleurs chaudes et l\u2019air est frais et limpide. Pour les jeunes mamans, c\u2019est le moment id\u00e9al pour explorer la nature avec b\u00e9b\u00e9. Le ring sling n\u2019est pas seulement pratique : il renforce le lien et vous permet de vivre la beaut\u00e9 de l\u2019automne tout [&#8230;]\n","protected":false},"author":1,"featured_media":18932,"comment_status":"closed","ping_status":"closed","sticky":false,"template":"","format":"standard","meta":{"footnotes":""},"categories":[2142,998,2136],"tags":[3303,3305,3306,3186,3302,3304],"class_list":["post-19925","post","type-post","status-publish","format-standard","has-post-thumbnail","hentry","category-automne","category-mariblum-actualites-porte-bebe","category-tissus","tag-comment-mettre-un-ring-sling","tag-couvre-portage-pluie","tag-parcs-en-automne","tag-position-en-m","tag-ring-sling-automne","tag-veste-de-portage"],"yoast_head":"<!-- This site is optimized with the Yoast SEO Premium plugin v23.3 (Yoast SEO v27.2) - https:\/\/yoast.com\/product\/yoast-seo-premium-wordpress\/ -->\n<title>Balades d\u2019automne en ring sling : flexible, proche &amp; sur \u2014 meilleurs spots, conseils &amp; checklist<\/title>\n<meta name=\"description\" content=\"Ring sling en automne : compagnon flexible pour jeunes mamans \u2014 lieux checklist slayering et conseils pour des sorties cosy.\" \/>\n<meta name=\"robots\" content=\"index, follow, max-snippet:-1, max-image-preview:large, max-video-preview:-1\" \/>\n<link rel=\"canonical\" href=\"https:\/\/mariblum.de\/fr\/balades-dautomne-en-ring-sling-flexible-proche-meilleurs-spots-conseils-checklist\/\" \/>\n<meta property=\"og:locale\" content=\"fr_FR\" \/>\n<meta property=\"og:type\" content=\"article\" \/>\n<meta property=\"og:title\" content=\"Balades d\u2019automne en ring sling : flexible &amp; proche \u2014 meilleurs spots, conseils &amp; checklist\" \/>\n<meta property=\"og:description\" content=\"Ring sling en automne : compagnon flexible pour jeunes mamans \u2014 lieux checklist slayering et conseils pour des sorties cosy.\" \/>\n<meta property=\"og:url\" content=\"https:\/\/mariblum.de\/fr\/balades-dautomne-en-ring-sling-flexible-proche-meilleurs-spots-conseils-checklist\/\" \/>\n<meta property=\"og:site_name\" content=\"mariblum - \u00c9charpe de portage\" \/>\n<meta property=\"article:published_time\" content=\"2025-10-10T04:45:49+00:00\" \/>\n<meta property=\"og:image\" content=\"https:\/\/mariblum.de\/wp-content\/uploads\/2025\/04\/Baumwolle-Baby-Tragetuch_Elefantenmotiv-weiss-blau.jpg\" \/>\n\t<meta property=\"og:image:width\" content=\"600\" \/>\n\t<meta property=\"og:image:height\" content=\"800\" \/>\n\t<meta property=\"og:image:type\" content=\"image\/jpeg\" \/>\n<meta name=\"author\" content=\"mariblum\" \/>\n<meta name=\"twitter:card\" content=\"summary_large_image\" \/>\n<meta name=\"twitter:label1\" content=\"\u00c9crit par\" \/>\n\t<meta name=\"twitter:data1\" content=\"mariblum\" \/>\n\t<meta name=\"twitter:label2\" content=\"Dur\u00e9e de lecture estim\u00e9e\" \/>\n\t<meta name=\"twitter:data2\" content=\"8 minutes\" \/>\n<script type=\"application\/ld+json\" class=\"yoast-schema-graph\">{\"@context\":\"https:\/\/schema.org\",\"@graph\":[{\"@type\":\"Article\",\"@id\":\"https:\/\/mariblum.de\/fr\/balades-dautomne-en-ring-sling-flexible-proche-meilleurs-spots-conseils-checklist\/#article\",\"isPartOf\":{\"@id\":\"https:\/\/mariblum.de\/fr\/balades-dautomne-en-ring-sling-flexible-proche-meilleurs-spots-conseils-checklist\/\"},\"author\":{\"name\":\"mariblum\",\"@id\":\"https:\/\/mariblum.de\/fr\/#\/schema\/person\/0f48a4840cefc156d4d2deb5e4b294d0\"},\"headline\":\"Balades d\u2019automne en ring sling : flexible &#038; proche \u2014 meilleurs spots, conseils &#038; checklist\",\"datePublished\":\"2025-10-10T04:45:49+00:00\",\"mainEntityOfPage\":{\"@id\":\"https:\/\/mariblum.de\/fr\/balades-dautomne-en-ring-sling-flexible-proche-meilleurs-spots-conseils-checklist\/\"},\"wordCount\":1077,\"publisher\":{\"@id\":\"https:\/\/mariblum.de\/fr\/#organization\"},\"image\":{\"@id\":\"https:\/\/mariblum.de\/fr\/balades-dautomne-en-ring-sling-flexible-proche-meilleurs-spots-conseils-checklist\/#primaryimage\"},\"thumbnailUrl\":\"https:\/\/mariblum.de\/wp-content\/uploads\/2025\/04\/Baumwolle-Baby-Tragetuch_Elefantenmotiv-weiss-blau.jpg\",\"keywords\":[\"comment mettre un ring sling\",\"couvre-portage pluie\",\"parcs en automne\",\"position en M\",\"ring sling automne\",\"veste de portage\"],\"articleSection\":[\"Automne\",\"mariblum - Actualit\u00e9s porte b\u00e9b\u00e9\",\"Tissus\"],\"inLanguage\":\"fr-FR\"},{\"@type\":\"WebPage\",\"@id\":\"https:\/\/mariblum.de\/fr\/balades-dautomne-en-ring-sling-flexible-proche-meilleurs-spots-conseils-checklist\/\",\"url\":\"https:\/\/mariblum.de\/fr\/balades-dautomne-en-ring-sling-flexible-proche-meilleurs-spots-conseils-checklist\/\",\"name\":\"Balades d\u2019automne en ring sling : flexible, proche & sur \u2014 meilleurs spots, conseils & checklist\",\"isPartOf\":{\"@id\":\"https:\/\/mariblum.de\/fr\/#website\"},\"primaryImageOfPage\":{\"@id\":\"https:\/\/mariblum.de\/fr\/balades-dautomne-en-ring-sling-flexible-proche-meilleurs-spots-conseils-checklist\/#primaryimage\"},\"image\":{\"@id\":\"https:\/\/mariblum.de\/fr\/balades-dautomne-en-ring-sling-flexible-proche-meilleurs-spots-conseils-checklist\/#primaryimage\"},\"thumbnailUrl\":\"https:\/\/mariblum.de\/wp-content\/uploads\/2025\/04\/Baumwolle-Baby-Tragetuch_Elefantenmotiv-weiss-blau.jpg\",\"datePublished\":\"2025-10-10T04:45:49+00:00\",\"description\":\"Ring sling en automne : compagnon flexible pour jeunes mamans \u2014 lieux checklist slayering et conseils pour des sorties cosy.\",\"breadcrumb\":{\"@id\":\"https:\/\/mariblum.de\/fr\/balades-dautomne-en-ring-sling-flexible-proche-meilleurs-spots-conseils-checklist\/#breadcrumb\"},\"inLanguage\":\"fr-FR\",\"potentialAction\":[{\"@type\":\"ReadAction\",\"target\":[\"https:\/\/mariblum.de\/fr\/balades-dautomne-en-ring-sling-flexible-proche-meilleurs-spots-conseils-checklist\/\"]}]},{\"@type\":\"ImageObject\",\"inLanguage\":\"fr-FR\",\"@id\":\"https:\/\/mariblum.de\/fr\/balades-dautomne-en-ring-sling-flexible-proche-meilleurs-spots-conseils-checklist\/#primaryimage\",\"url\":\"https:\/\/mariblum.de\/wp-content\/uploads\/2025\/04\/Baumwolle-Baby-Tragetuch_Elefantenmotiv-weiss-blau.jpg\",\"contentUrl\":\"https:\/\/mariblum.de\/wp-content\/uploads\/2025\/04\/Baumwolle-Baby-Tragetuch_Elefantenmotiv-weiss-blau.jpg\",\"width\":600,\"height\":800},{\"@type\":\"BreadcrumbList\",\"@id\":\"https:\/\/mariblum.de\/fr\/balades-dautomne-en-ring-sling-flexible-proche-meilleurs-spots-conseils-checklist\/#breadcrumb\",\"itemListElement\":[{\"@type\":\"ListItem\",\"position\":1,\"name\":\"Startseite\",\"item\":\"https:\/\/mariblum.de\/fr\/\"},{\"@type\":\"ListItem\",\"position\":2,\"name\":\"Balades d\u2019automne en ring sling : flexible &#038; proche \u2014 meilleurs spots, conseils &#038; checklist\"}]},{\"@type\":\"WebSite\",\"@id\":\"https:\/\/mariblum.de\/fr\/#website\",\"url\":\"https:\/\/mariblum.de\/fr\/\",\"name\":\"mariblum Traget\u00fccher\",\"description\":\"la fa\u00e7on naturelle de porter votre b\u00e9b\u00e9\",\"publisher\":{\"@id\":\"https:\/\/mariblum.de\/fr\/#organization\"},\"potentialAction\":[{\"@type\":\"SearchAction\",\"target\":{\"@type\":\"EntryPoint\",\"urlTemplate\":\"https:\/\/mariblum.de\/fr\/?s={search_term_string}\"},\"query-input\":{\"@type\":\"PropertyValueSpecification\",\"valueRequired\":true,\"valueName\":\"search_term_string\"}}],\"inLanguage\":\"fr-FR\"},{\"@type\":\"Organization\",\"@id\":\"https:\/\/mariblum.de\/fr\/#organization\",\"name\":\"mariblum\",\"url\":\"https:\/\/mariblum.de\/fr\/\",\"logo\":{\"@type\":\"ImageObject\",\"inLanguage\":\"fr-FR\",\"@id\":\"https:\/\/mariblum.de\/fr\/#\/schema\/logo\/image\/\",\"url\":\"https:\/\/mariblum.de\/wp-content\/uploads\/2020\/07\/logo_m-500x_transparent.png\",\"contentUrl\":\"https:\/\/mariblum.de\/wp-content\/uploads\/2020\/07\/logo_m-500x_transparent.png\",\"width\":500,\"height\":500,\"caption\":\"mariblum\"},\"image\":{\"@id\":\"https:\/\/mariblum.de\/fr\/#\/schema\/logo\/image\/\"},\"sameAs\":[\"https:\/\/www.instagram.com\/_mariblum_\/\"]},{\"@type\":\"Person\",\"@id\":\"https:\/\/mariblum.de\/fr\/#\/schema\/person\/0f48a4840cefc156d4d2deb5e4b294d0\",\"name\":\"mariblum\",\"url\":\"https:\/\/mariblum.de\/fr\/author\/mariblum\/\"}]}<\/script>\n<!-- \/ Yoast SEO Premium plugin. -->","yoast_head_json":{"title":"Balades d\u2019automne en ring sling : flexible, proche & sur \u2014 meilleurs spots, conseils & checklist","description":"Ring sling en automne : compagnon flexible pour jeunes mamans \u2014 lieux checklist slayering et conseils pour des sorties cosy.","robots":{"index":"index","follow":"follow","max-snippet":"max-snippet:-1","max-image-preview":"max-image-preview:large","max-video-preview":"max-video-preview:-1"},"canonical":"https:\/\/mariblum.de\/fr\/balades-dautomne-en-ring-sling-flexible-proche-meilleurs-spots-conseils-checklist\/","og_locale":"fr_FR","og_type":"article","og_title":"Balades d\u2019automne en ring sling : flexible & proche \u2014 meilleurs spots, conseils & checklist","og_description":"Ring sling en automne : compagnon flexible pour jeunes mamans \u2014 lieux checklist slayering et conseils pour des sorties cosy.","og_url":"https:\/\/mariblum.de\/fr\/balades-dautomne-en-ring-sling-flexible-proche-meilleurs-spots-conseils-checklist\/","og_site_name":"mariblum - \u00c9charpe de portage","article_published_time":"2025-10-10T04:45:49+00:00","og_image":[{"width":600,"height":800,"url":"https:\/\/mariblum.de\/wp-content\/uploads\/2025\/04\/Baumwolle-Baby-Tragetuch_Elefantenmotiv-weiss-blau.jpg","type":"image\/jpeg"}],"author":"mariblum","twitter_card":"summary_large_image","twitter_misc":{"\u00c9crit par":"mariblum","Dur\u00e9e de lecture estim\u00e9e":"8 minutes"},"schema":{"@context":"https:\/\/schema.org","@graph":[{"@type":"Article","@id":"https:\/\/mariblum.de\/fr\/balades-dautomne-en-ring-sling-flexible-proche-meilleurs-spots-conseils-checklist\/#article","isPartOf":{"@id":"https:\/\/mariblum.de\/fr\/balades-dautomne-en-ring-sling-flexible-proche-meilleurs-spots-conseils-checklist\/"},"author":{"name":"mariblum","@id":"https:\/\/mariblum.de\/fr\/#\/schema\/person\/0f48a4840cefc156d4d2deb5e4b294d0"},"headline":"Balades d\u2019automne en ring sling : flexible &#038; proche \u2014 meilleurs spots, conseils &#038; checklist","datePublished":"2025-10-10T04:45:49+00:00","mainEntityOfPage":{"@id":"https:\/\/mariblum.de\/fr\/balades-dautomne-en-ring-sling-flexible-proche-meilleurs-spots-conseils-checklist\/"},"wordCount":1077,"publisher":{"@id":"https:\/\/mariblum.de\/fr\/#organization"},"image":{"@id":"https:\/\/mariblum.de\/fr\/balades-dautomne-en-ring-sling-flexible-proche-meilleurs-spots-conseils-checklist\/#primaryimage"},"thumbnailUrl":"https:\/\/mariblum.de\/wp-content\/uploads\/2025\/04\/Baumwolle-Baby-Tragetuch_Elefantenmotiv-weiss-blau.jpg","keywords":["comment mettre un ring sling","couvre-portage pluie","parcs en automne","position en M","ring sling automne","veste de portage"],"articleSection":["Automne","mariblum - Actualit\u00e9s porte b\u00e9b\u00e9","Tissus"],"inLanguage":"fr-FR"},{"@type":"WebPage","@id":"https:\/\/mariblum.de\/fr\/balades-dautomne-en-ring-sling-flexible-proche-meilleurs-spots-conseils-checklist\/","url":"https:\/\/mariblum.de\/fr\/balades-dautomne-en-ring-sling-flexible-proche-meilleurs-spots-conseils-checklist\/","name":"Balades d\u2019automne en ring sling : flexible, proche & sur \u2014 meilleurs spots, conseils & checklist","isPartOf":{"@id":"https:\/\/mariblum.de\/fr\/#website"},"primaryImageOfPage":{"@id":"https:\/\/mariblum.de\/fr\/balades-dautomne-en-ring-sling-flexible-proche-meilleurs-spots-conseils-checklist\/#primaryimage"},"image":{"@id":"https:\/\/mariblum.de\/fr\/balades-dautomne-en-ring-sling-flexible-proche-meilleurs-spots-conseils-checklist\/#primaryimage"},"thumbnailUrl":"https:\/\/mariblum.de\/wp-content\/uploads\/2025\/04\/Baumwolle-Baby-Tragetuch_Elefantenmotiv-weiss-blau.jpg","datePublished":"2025-10-10T04:45:49+00:00","description":"Ring sling en automne : compagnon flexible pour jeunes mamans \u2014 lieux checklist slayering et conseils pour des sorties cosy.","breadcrumb":{"@id":"https:\/\/mariblum.de\/fr\/balades-dautomne-en-ring-sling-flexible-proche-meilleurs-spots-conseils-checklist\/#breadcrumb"},"inLanguage":"fr-FR","potentialAction":[{"@type":"ReadAction","target":["https:\/\/mariblum.de\/fr\/balades-dautomne-en-ring-sling-flexible-proche-meilleurs-spots-conseils-checklist\/"]}]},{"@type":"ImageObject","inLanguage":"fr-FR","@id":"https:\/\/mariblum.de\/fr\/balades-dautomne-en-ring-sling-flexible-proche-meilleurs-spots-conseils-checklist\/#primaryimage","url":"https:\/\/mariblum.de\/wp-content\/uploads\/2025\/04\/Baumwolle-Baby-Tragetuch_Elefantenmotiv-weiss-blau.jpg","contentUrl":"https:\/\/mariblum.de\/wp-content\/uploads\/2025\/04\/Baumwolle-Baby-Tragetuch_Elefantenmotiv-weiss-blau.jpg","width":600,"height":800},{"@type":"BreadcrumbList","@id":"https:\/\/mariblum.de\/fr\/balades-dautomne-en-ring-sling-flexible-proche-meilleurs-spots-conseils-checklist\/#breadcrumb","itemListElement":[{"@type":"ListItem","position":1,"name":"Startseite","item":"https:\/\/mariblum.de\/fr\/"},{"@type":"ListItem","position":2,"name":"Balades d\u2019automne en ring sling : flexible &#038; proche \u2014 meilleurs spots, conseils &#038; checklist"}]},{"@type":"WebSite","@id":"https:\/\/mariblum.de\/fr\/#website","url":"https:\/\/mariblum.de\/fr\/","name":"mariblum Traget\u00fccher","description":"la fa\u00e7on naturelle de porter votre b\u00e9b\u00e9","publisher":{"@id":"https:\/\/mariblum.de\/fr\/#organization"},"potentialAction":[{"@type":"SearchAction","target":{"@type":"EntryPoint","urlTemplate":"https:\/\/mariblum.de\/fr\/?s={search_term_string}"},"query-input":{"@type":"PropertyValueSpecification","valueRequired":true,"valueName":"search_term_string"}}],"inLanguage":"fr-FR"},{"@type":"Organization","@id":"https:\/\/mariblum.de\/fr\/#organization","name":"mariblum","url":"https:\/\/mariblum.de\/fr\/","logo":{"@type":"ImageObject","inLanguage":"fr-FR","@id":"https:\/\/mariblum.de\/fr\/#\/schema\/logo\/image\/","url":"https:\/\/mariblum.de\/wp-content\/uploads\/2020\/07\/logo_m-500x_transparent.png","contentUrl":"https:\/\/mariblum.de\/wp-content\/uploads\/2020\/07\/logo_m-500x_transparent.png","width":500,"height":500,"caption":"mariblum"},"image":{"@id":"https:\/\/mariblum.de\/fr\/#\/schema\/logo\/image\/"},"sameAs":["https:\/\/www.instagram.com\/_mariblum_\/"]},{"@type":"Person","@id":"https:\/\/mariblum.de\/fr\/#\/schema\/person\/0f48a4840cefc156d4d2deb5e4b294d0","name":"mariblum","url":"https:\/\/mariblum.de\/fr\/author\/mariblum\/"}]}},"_links":{"self":[{"href":"https:\/\/mariblum.de\/fr\/wp-json\/wp\/v2\/posts\/19925","targetHints":{"allow":["GET"]}}],"collection":[{"href":"https:\/\/mariblum.de\/fr\/wp-json\/wp\/v2\/posts"}],"about":[{"href":"https:\/\/mariblum.de\/fr\/wp-json\/wp\/v2\/types\/post"}],"author":[{"embeddable":true,"href":"https:\/\/mariblum.de\/fr\/wp-json\/wp\/v2\/users\/1"}],"replies":[{"embeddable":true,"href":"https:\/\/mariblum.de\/fr\/wp-json\/wp\/v2\/comments?post=19925"}],"version-history":[{"count":3,"href":"https:\/\/mariblum.de\/fr\/wp-json\/wp\/v2\/posts\/19925\/revisions"}],"predecessor-version":[{"id":19931,"href":"https:\/\/mariblum.de\/fr\/wp-json\/wp\/v2\/posts\/19925\/revisions\/19931"}],"wp:featuredmedia":[{"embeddable":true,"href":"https:\/\/mariblum.de\/fr\/wp-json\/wp\/v2\/media\/18932"}],"wp:attachment":[{"href":"https:\/\/mariblum.de\/fr\/wp-json\/wp\/v2\/media?parent=19925"}],"wp:term":[{"taxonomy":"category","embeddable":true,"href":"https:\/\/mariblum.de\/fr\/wp-json\/wp\/v2\/categories?post=19925"},{"taxonomy":"post_tag","embeddable":true,"href":"https:\/\/mariblum.de\/fr\/wp-json\/wp\/v2\/tags?post=19925"}],"curies":[{"name":"wp","href":"https:\/\/api.w.org\/{rel}","templated":true}]}}