{"id":19896,"date":"2025-09-19T04:47:22","date_gmt":"2025-09-19T04:47:22","guid":{"rendered":"https:\/\/mariblum.de\/wind-regen-tragetuch-sanfte-strategien-fuer-junge-muetter\/"},"modified":"2025-09-19T04:56:21","modified_gmt":"2025-09-19T04:56:21","slug":"maitriser-le-vent-la-pluie-avec-bebe-echarpes-et-ring-slings-strategies-douces-pour-jeunes-mamans","status":"publish","type":"post","link":"https:\/\/mariblum.de\/fr\/maitriser-le-vent-la-pluie-avec-bebe-echarpes-et-ring-slings-strategies-douces-pour-jeunes-mamans\/","title":{"rendered":"Ma\u00eetriser le vent &#038; la pluie avec b\u00e9b\u00e9 : \u00e9charpes et ring slings \u2014 strat\u00e9gies douces pour jeunes mamans"},"content":{"rendered":"<p align=\"justify\" class=\"lead\">En tant que jeune maman, tu veux prot\u00e9ger ton b\u00e9b\u00e9 \u2014 qu\u2019il vente ou qu\u2019il pleuve. Les \u00e9charpes de portage et les ring slings ne sont pas seulement pratiques : ils renforcent aussi votre lien. Voici comment rester sereine face aux changements m\u00e9t\u00e9o, sans devoir sortir ton petit de l\u2019\u00e9charpe.<\/p>\n<Strong>Table des Mati\u00e8res<\/strong>\n<ol>\n<li style=\"list-style-type:none;\">\n<ol>\n<li><a href=\"#Echarpes-vs-Ring-Slings-Guide-express\">\u00c9charpes vs. Ring Slings : guide express<\/a><\/li>\n<li><a href=\"#Avantages-du-portage\">Les principaux avantages du portage<\/a><\/li>\n<li><a href=\"#Strategies-douces-changements-meteo\">Strat\u00e9gies douces face aux changements m\u00e9t\u00e9o<\/a><\/li>\n<li><a href=\"#Utiliser-echarpe-protection\">Utiliser l\u2019\u00e9charpe comme protection<\/a><\/li>\n<li><a href=\"#Solutions-contre-la-pluie\">Solutions contre la pluie<\/a><\/li>\n<li><a href=\"#Au-chaud-au-sec-en-securite\">Au chaud, au sec, en s\u00e9curit\u00e9<\/a><\/li>\n<li><a href=\"#faq\">FAQ : vent, pluie &#038; portage<\/a><\/li>\n<\/ol>\n<\/li>\n<\/ol>\n<h2 id=\"Echarpes-vs-Ring-Slings-Guide-express\">\u00c9charpes vs. Ring Slings : guide express<\/h2>\n<figure>\n  <img decoding=\"async\" src=\"https:\/\/mariblum.de\/wp-content\/uploads\/2024\/09\/Lavendelfeld-RingSling.jpeg\" alt=\"Ring sling en action \u2014 mise en place rapide et portage ergonomique\" loading=\"lazy\" \/><figcaption>Ring sling : r\u00e9glages rapides, b\u00e9b\u00e9 tout contre le c\u0153ur.<\/figcaption><\/figure>\n<p>Les <strong>\u00e9charpes<\/strong> sont de longues bandes de tissu \u00e0 nouer sur mesure ; les <strong>ring slings<\/strong> sont plus courts, avec des anneaux pour installer et retirer b\u00e9b\u00e9 rapidement. Les deux offrent confort, proximit\u00e9 et flexibilit\u00e9.<\/p>\n<div class=\"woocommerce columns-4 \"><div class=\"products row row-small large-columns-4 medium-columns-3 small-columns-2\">\n<div class=\"product-small col has-hover product type-product post-15917 status-publish first instock product_cat-fr-slings-en-chanvre-echarpe-de-portage product_cat-tissus-de-chanvre product_tag-chanvre product_tag-sling-fr has-post-thumbnail featured purchasable product-type-variable has-default-attributes\">\n\t<div class=\"col-inner\">\n\t\n<div class=\"badge-container absolute left top z-1\">\n\n<\/div>\n\t<div class=\"product-small box \">\n\t\t<div class=\"box-image\">\n\t\t\t<div class=\"image-fade_in_back\">\n\t\t\t\t<a href=\"https:\/\/mariblum.de\/fr\/produkt\/zephyr-echarpe\/\">\n\t\t\t\t\t<img loading=\"lazy\" decoding=\"async\" width=\"247\" height=\"247\" src=\"https:\/\/mariblum.de\/wp-content\/uploads\/2024\/04\/baby-im-tragetuch-besser-schlafen-247x247.webp\" class=\"attachment-woocommerce_thumbnail size-woocommerce_thumbnail\" alt=\"\u00c9charpe en chanvre turquoise - b\u00e9b\u00e9 dort\" srcset=\"https:\/\/mariblum.de\/wp-content\/uploads\/2024\/04\/baby-im-tragetuch-besser-schlafen-247x247.webp 247w, https:\/\/mariblum.de\/wp-content\/uploads\/2024\/04\/baby-im-tragetuch-besser-schlafen-150x150.webp 150w, https:\/\/mariblum.de\/wp-content\/uploads\/2024\/04\/baby-im-tragetuch-besser-schlafen-100x100.webp 100w\" sizes=\"auto, (max-width: 247px) 100vw, 247px\" \/><img loading=\"lazy\" decoding=\"async\" width=\"247\" height=\"247\" src=\"https:\/\/mariblum.de\/wp-content\/uploads\/2024\/04\/Zephyr2-247x247.jpg\" class=\"show-on-hover absolute fill hide-for-small back-image\" alt=\"\u00e9charpe de portage en chanvre couleur menthe claire\" aria-hidden=\"true\" srcset=\"https:\/\/mariblum.de\/wp-content\/uploads\/2024\/04\/Zephyr2-247x247.jpg 247w, https:\/\/mariblum.de\/wp-content\/uploads\/2024\/04\/Zephyr2-100x100.jpg 100w, https:\/\/mariblum.de\/wp-content\/uploads\/2024\/04\/Zephyr2-150x150.jpg 150w\" sizes=\"auto, (max-width: 247px) 100vw, 247px\" \/>\t\t\t\t<\/a>\n\t\t\t<\/div>\n\t\t\t<div class=\"image-tools is-small top right show-on-hover\">\n\t\t\t\t\t\t\t<\/div>\n\t\t\t<div class=\"image-tools is-small hide-for-small bottom left show-on-hover\">\n\t\t\t\t\t\t\t<\/div>\n\t\t\t<div class=\"image-tools grid-tools text-center hide-for-small bottom hover-slide-in show-on-hover\">\n\t\t\t\t<a href=\"#quick-view\" class=\"quick-view\" role=\"button\" data-prod=\"15917\" aria-haspopup=\"dialog\" aria-expanded=\"false\" data-flatsome-role-button>Aper\u00e7u<\/a>\t\t\t<\/div>\n\t\t\t\t\t<\/div>\n\n\t\t<div class=\"box-text box-text-products text-center grid-style-2\">\n\t\t\t<div class=\"ux-swatches ux-swatches-in-loop ux-swatches--rounded ux-swatches--x-small\" role=\"radiogroup\" data-flatsome-role-radiogroup><div data-image-src=\"https:\/\/mariblum.de\/wp-content\/uploads\/2024\/04\/baby-im-tragetuch-besser-schlafen-247x247.webp\" data-image-srcset=\"https:\/\/mariblum.de\/wp-content\/uploads\/2024\/04\/baby-im-tragetuch-besser-schlafen-247x247.webp 247w, https:\/\/mariblum.de\/wp-content\/uploads\/2024\/04\/baby-im-tragetuch-besser-schlafen-150x150.webp 150w, https:\/\/mariblum.de\/wp-content\/uploads\/2024\/04\/baby-im-tragetuch-besser-schlafen-100x100.webp 100w\" data-image-sizes=\"(max-width: 247px) 100vw, 247px\" data-attribute_name=\"attribute_pa_tt-groesze\" data-value=\"tt500-fr\" aria-label=\"5,00 m\" role=\"radio\" aria-checked=\"false\" tabindex=\"0\" class=\"ux-swatch ux-swatch--label\"><span class=\"ux-swatch__text\">5,00 m<\/span><\/div><\/div><div class=\"title-wrapper\">\t\t<p class=\"category uppercase is-smaller no-text-overflow product-cat op-8\">\n\t\t\t\u00c9charpes en chanvre\t\t<\/p>\n\t<p class=\"name product-title woocommerce-loop-product__title\"><a href=\"https:\/\/mariblum.de\/fr\/produkt\/zephyr-echarpe\/\" class=\"woocommerce-LoopProduct-link woocommerce-loop-product__link\">Zephyr (\u00e9charpe)<\/a><\/p><\/div><div class=\"price-wrapper\">\n\t<span class=\"price\"><span class=\"woocommerce-Price-amount amount\"><bdi>149,95&nbsp;<span class=\"woocommerce-Price-currencySymbol\">&euro;<\/span><\/bdi><\/span><\/span>\n\n\n\n<\/div>\t\t<\/div>\n\t<\/div>\n\t\n<span class=\"gtm4wp_productdata\" style=\"display:none; visibility:hidden;\" data-gtm4wp_product_data=\"{&quot;internal_id&quot;:15917,&quot;item_id&quot;:15917,&quot;item_name&quot;:&quot;Zephyr (\\u00e9charpe)&quot;,&quot;sku&quot;:15917,&quot;price&quot;:149.95,&quot;stocklevel&quot;:null,&quot;stockstatus&quot;:&quot;instock&quot;,&quot;google_business_vertical&quot;:&quot;retail&quot;,&quot;item_category&quot;:&quot;\\u00c9charpes en chanvre&quot;,&quot;id&quot;:15917,&quot;productlink&quot;:&quot;https:\\\/\\\/mariblum.de\\\/fr\\\/produkt\\\/zephyr-echarpe\\\/&quot;,&quot;item_list_name&quot;:&quot;Produits mis en avant&quot;,&quot;index&quot;:1,&quot;product_type&quot;:&quot;variable&quot;,&quot;item_brand&quot;:&quot;&quot;}\"><\/span>\t<\/div>\n<\/div><div class=\"product-small col has-hover product type-product post-9203 status-publish instock product_cat-fr-slings-en-chanvre-echarpe-de-portage product_cat-tissus-de-chanvre has-post-thumbnail featured shipping-taxable purchasable product-type-variable has-product-safety-information\">\n\t<div class=\"col-inner\">\n\t\n<div class=\"badge-container absolute left top z-1\">\n\n<\/div>\n\t<div class=\"product-small box \">\n\t\t<div class=\"box-image\">\n\t\t\t<div class=\"image-fade_in_back\">\n\t\t\t\t<a href=\"https:\/\/mariblum.de\/fr\/produkt\/pourpre-echarpe\/\">\n\t\t\t\t\t<img loading=\"lazy\" decoding=\"async\" width=\"247\" height=\"247\" src=\"https:\/\/mariblum.de\/wp-content\/uploads\/2021\/01\/lila-tragetuch-baby-schlafen-247x247.jpg\" class=\"attachment-woocommerce_thumbnail size-woocommerce_thumbnail\" alt=\"lila-tragetuch-baby-schlafen\" srcset=\"https:\/\/mariblum.de\/wp-content\/uploads\/2021\/01\/lila-tragetuch-baby-schlafen-247x247.jpg 247w, https:\/\/mariblum.de\/wp-content\/uploads\/2021\/01\/lila-tragetuch-baby-schlafen-100x100.jpg 100w, https:\/\/mariblum.de\/wp-content\/uploads\/2021\/01\/lila-tragetuch-baby-schlafen-150x150.jpg 150w\" sizes=\"auto, (max-width: 247px) 100vw, 247px\" \/><img loading=\"lazy\" decoding=\"async\" width=\"247\" height=\"247\" src=\"https:\/\/mariblum.de\/wp-content\/uploads\/2021\/01\/lila-tragetuch-richtig-binden-aus-hanf-247x247.jpg\" class=\"show-on-hover absolute fill hide-for-small back-image\" alt=\"Alternative view of Pourpre (\u00e9charpe)\" aria-hidden=\"true\" srcset=\"https:\/\/mariblum.de\/wp-content\/uploads\/2021\/01\/lila-tragetuch-richtig-binden-aus-hanf-247x247.jpg 247w, https:\/\/mariblum.de\/wp-content\/uploads\/2021\/01\/lila-tragetuch-richtig-binden-aus-hanf-100x100.jpg 100w, https:\/\/mariblum.de\/wp-content\/uploads\/2021\/01\/lila-tragetuch-richtig-binden-aus-hanf-150x150.jpg 150w\" sizes=\"auto, (max-width: 247px) 100vw, 247px\" \/>\t\t\t\t<\/a>\n\t\t\t<\/div>\n\t\t\t<div class=\"image-tools is-small top right show-on-hover\">\n\t\t\t\t\t\t\t<\/div>\n\t\t\t<div class=\"image-tools is-small hide-for-small bottom left show-on-hover\">\n\t\t\t\t\t\t\t<\/div>\n\t\t\t<div class=\"image-tools grid-tools text-center hide-for-small bottom hover-slide-in show-on-hover\">\n\t\t\t\t<a href=\"#quick-view\" class=\"quick-view\" role=\"button\" data-prod=\"9203\" aria-haspopup=\"dialog\" aria-expanded=\"false\" data-flatsome-role-button>Aper\u00e7u<\/a>\t\t\t<\/div>\n\t\t\t\t\t<\/div>\n\n\t\t<div class=\"box-text box-text-products text-center grid-style-2\">\n\t\t\t<div class=\"ux-swatches ux-swatches-in-loop ux-swatches--rounded ux-swatches--x-small\" role=\"radiogroup\" data-flatsome-role-radiogroup><div data-image-src=\"https:\/\/mariblum.de\/wp-content\/uploads\/2021\/01\/lila-tragetuch-baby-schlafen-247x247.jpg\" data-image-srcset=\"https:\/\/mariblum.de\/wp-content\/uploads\/2021\/01\/lila-tragetuch-baby-schlafen-247x247.jpg 247w, https:\/\/mariblum.de\/wp-content\/uploads\/2021\/01\/lila-tragetuch-baby-schlafen-100x100.jpg 100w, https:\/\/mariblum.de\/wp-content\/uploads\/2021\/01\/lila-tragetuch-baby-schlafen-150x150.jpg 150w\" data-image-sizes=\"(max-width: 247px) 100vw, 247px\" data-attribute_name=\"attribute_pa_tt-groesze\" data-value=\"tt450-fr\" aria-label=\"4,50 m\" role=\"radio\" aria-checked=\"false\" tabindex=\"0\" class=\"ux-swatch ux-swatch--label\"><span class=\"ux-swatch__text\">4,50 m<\/span><\/div><div data-image-src=\"https:\/\/mariblum.de\/wp-content\/uploads\/2021\/01\/lila-tragetuch-baby-schlafen-247x247.jpg\" data-image-srcset=\"https:\/\/mariblum.de\/wp-content\/uploads\/2021\/01\/lila-tragetuch-baby-schlafen-247x247.jpg 247w, https:\/\/mariblum.de\/wp-content\/uploads\/2021\/01\/lila-tragetuch-baby-schlafen-100x100.jpg 100w, https:\/\/mariblum.de\/wp-content\/uploads\/2021\/01\/lila-tragetuch-baby-schlafen-150x150.jpg 150w\" data-image-sizes=\"(max-width: 247px) 100vw, 247px\" data-attribute_name=\"attribute_pa_tt-groesze\" data-value=\"tt500-fr\" aria-label=\"5,00 m\" role=\"radio\" aria-checked=\"false\" tabindex=\"0\" class=\"ux-swatch ux-swatch--label\"><span class=\"ux-swatch__text\">5,00 m<\/span><\/div><\/div><div class=\"title-wrapper\">\t\t<p class=\"category uppercase is-smaller no-text-overflow product-cat op-8\">\n\t\t\t\u00c9charpes en chanvre\t\t<\/p>\n\t<p class=\"name product-title woocommerce-loop-product__title\"><a href=\"https:\/\/mariblum.de\/fr\/produkt\/pourpre-echarpe\/\" class=\"woocommerce-LoopProduct-link woocommerce-loop-product__link\">Pourpre (\u00e9charpe)<\/a><\/p><\/div><div class=\"price-wrapper\">\n\n\n\n<\/div>\t\t<\/div>\n\t<\/div>\n\t\n<span class=\"gtm4wp_productdata\" style=\"display:none; visibility:hidden;\" data-gtm4wp_product_data=\"{&quot;internal_id&quot;:9203,&quot;item_id&quot;:9203,&quot;item_name&quot;:&quot;Pourpre (\\u00e9charpe)&quot;,&quot;sku&quot;:9203,&quot;price&quot;:219.95,&quot;stocklevel&quot;:null,&quot;stockstatus&quot;:&quot;instock&quot;,&quot;google_business_vertical&quot;:&quot;retail&quot;,&quot;item_category&quot;:&quot;\\u00c9charpes en chanvre&quot;,&quot;id&quot;:9203,&quot;productlink&quot;:&quot;https:\\\/\\\/mariblum.de\\\/fr\\\/produkt\\\/pourpre-echarpe\\\/&quot;,&quot;item_list_name&quot;:&quot;Produits mis en avant&quot;,&quot;index&quot;:2,&quot;product_type&quot;:&quot;variable&quot;,&quot;item_brand&quot;:&quot;&quot;}\"><\/span>\t<\/div>\n<\/div><div class=\"product-small col has-hover product type-product post-15033 status-publish instock product_cat-fr-ring-slings product_cat-fr-ring-slings-en-lin product_cat-tissus-en-lin product_tag-biologica-fr-2 product_tag-lin product_tag-ring-sling-fr product_tag-violet-fr-2 has-post-thumbnail featured purchasable product-type-variable has-default-attributes has-product-safety-information\">\n\t<div class=\"col-inner\">\n\t\n<div class=\"badge-container absolute left top z-1\">\n\n<\/div>\n\t<div class=\"product-small box \">\n\t\t<div class=\"box-image\">\n\t\t\t<div class=\"image-fade_in_back\">\n\t\t\t\t<a href=\"https:\/\/mariblum.de\/fr\/produkt\/champ-de-lavandel-ring-sling-en-lin\/\">\n\t\t\t\t\t<img loading=\"lazy\" decoding=\"async\" width=\"247\" height=\"247\" src=\"https:\/\/mariblum.de\/wp-content\/uploads\/2023\/04\/Lavendel-Ring-Sling-aus-Hanf-247x247.jpeg\" class=\"attachment-woocommerce_thumbnail size-woocommerce_thumbnail\" alt=\"Champ de Lavande (Ring Sling en lin)\" srcset=\"https:\/\/mariblum.de\/wp-content\/uploads\/2023\/04\/Lavendel-Ring-Sling-aus-Hanf-247x247.jpeg 247w, https:\/\/mariblum.de\/wp-content\/uploads\/2023\/04\/Lavendel-Ring-Sling-aus-Hanf-150x150.jpeg 150w, https:\/\/mariblum.de\/wp-content\/uploads\/2023\/04\/Lavendel-Ring-Sling-aus-Hanf-100x100.jpeg 100w\" sizes=\"auto, (max-width: 247px) 100vw, 247px\" \/><img loading=\"lazy\" decoding=\"async\" width=\"247\" height=\"247\" src=\"https:\/\/mariblum.de\/wp-content\/uploads\/2023\/04\/Ring-Sling-aus-Hanf-Lavendelfeld-247x247.jpeg\" class=\"show-on-hover absolute fill hide-for-small back-image\" alt=\"Alternative view of Champ de Lavande (Ring Sling en lin)\" aria-hidden=\"true\" srcset=\"https:\/\/mariblum.de\/wp-content\/uploads\/2023\/04\/Ring-Sling-aus-Hanf-Lavendelfeld-247x247.jpeg 247w, https:\/\/mariblum.de\/wp-content\/uploads\/2023\/04\/Ring-Sling-aus-Hanf-Lavendelfeld-150x150.jpeg 150w, https:\/\/mariblum.de\/wp-content\/uploads\/2023\/04\/Ring-Sling-aus-Hanf-Lavendelfeld-100x100.jpeg 100w\" sizes=\"auto, (max-width: 247px) 100vw, 247px\" \/>\t\t\t\t<\/a>\n\t\t\t<\/div>\n\t\t\t<div class=\"image-tools is-small top right show-on-hover\">\n\t\t\t\t\t\t\t<\/div>\n\t\t\t<div class=\"image-tools is-small hide-for-small bottom left show-on-hover\">\n\t\t\t\t\t\t\t<\/div>\n\t\t\t<div class=\"image-tools grid-tools text-center hide-for-small bottom hover-slide-in show-on-hover\">\n\t\t\t\t<a href=\"#quick-view\" class=\"quick-view\" role=\"button\" data-prod=\"15033\" aria-haspopup=\"dialog\" aria-expanded=\"false\" data-flatsome-role-button>Aper\u00e7u<\/a>\t\t\t<\/div>\n\t\t\t\t\t<\/div>\n\n\t\t<div class=\"box-text box-text-products text-center grid-style-2\">\n\t\t\t<div class=\"title-wrapper\">\t\t<p class=\"category uppercase is-smaller no-text-overflow product-cat op-8\">\n\t\t\tRing Slings\t\t<\/p>\n\t<p class=\"name product-title woocommerce-loop-product__title\"><a href=\"https:\/\/mariblum.de\/fr\/produkt\/champ-de-lavandel-ring-sling-en-lin\/\" class=\"woocommerce-LoopProduct-link woocommerce-loop-product__link\">Champ de Lavande (Ring Sling en lin)<\/a><\/p><\/div><div class=\"price-wrapper\">\n\t<span class=\"price\"><span class=\"woocommerce-Price-amount amount\"><bdi>119,95&nbsp;<span class=\"woocommerce-Price-currencySymbol\">&euro;<\/span><\/bdi><\/span><\/span>\n\n\n\n<\/div>\t\t<\/div>\n\t<\/div>\n\t\n<span class=\"gtm4wp_productdata\" style=\"display:none; visibility:hidden;\" data-gtm4wp_product_data=\"{&quot;internal_id&quot;:15033,&quot;item_id&quot;:15033,&quot;item_name&quot;:&quot;Champ de Lavande (Ring Sling en lin)&quot;,&quot;sku&quot;:15033,&quot;price&quot;:119.95,&quot;stocklevel&quot;:null,&quot;stockstatus&quot;:&quot;instock&quot;,&quot;google_business_vertical&quot;:&quot;retail&quot;,&quot;item_category&quot;:&quot;Ring Slings&quot;,&quot;id&quot;:15033,&quot;productlink&quot;:&quot;https:\\\/\\\/mariblum.de\\\/fr\\\/produkt\\\/champ-de-lavandel-ring-sling-en-lin\\\/&quot;,&quot;item_list_name&quot;:&quot;Produits mis en avant&quot;,&quot;index&quot;:3,&quot;product_type&quot;:&quot;variable&quot;,&quot;item_brand&quot;:&quot;&quot;}\"><\/span>\t<\/div>\n<\/div><div class=\"product-small col has-hover product type-product post-9023 status-publish last instock product_cat-fr-slings-en-chanvre-echarpe-de-portage product_cat-tissus-de-chanvre has-post-thumbnail featured shipping-taxable purchasable product-type-variable has-default-attributes\">\n\t<div class=\"col-inner\">\n\t\n<div class=\"badge-container absolute left top z-1\">\n\n<\/div>\n\t<div class=\"product-small box \">\n\t\t<div class=\"box-image\">\n\t\t\t<div class=\"image-fade_in_back\">\n\t\t\t\t<a href=\"https:\/\/mariblum.de\/fr\/produkt\/brise-marine-echarpe-bleu-porte-bebe\/\">\n\t\t\t\t\t<img loading=\"lazy\" decoding=\"async\" width=\"247\" height=\"247\" src=\"https:\/\/mariblum.de\/wp-content\/uploads\/2020\/11\/blaues-tragetuch-gemuster-aus-hanf-trageberatung-247x247.png\" class=\"attachment-woocommerce_thumbnail size-woocommerce_thumbnail\" alt=\"brise-marine-echarpe-bleu-porte-bebe\" srcset=\"https:\/\/mariblum.de\/wp-content\/uploads\/2020\/11\/blaues-tragetuch-gemuster-aus-hanf-trageberatung-247x247.png 247w, https:\/\/mariblum.de\/wp-content\/uploads\/2020\/11\/blaues-tragetuch-gemuster-aus-hanf-trageberatung-100x100.png 100w\" sizes=\"auto, (max-width: 247px) 100vw, 247px\" \/><img loading=\"lazy\" decoding=\"async\" width=\"247\" height=\"247\" src=\"https:\/\/mariblum.de\/wp-content\/uploads\/2020\/11\/blaues-tragetuch-gemuster-aus-hanf-schoen-247x247.png\" class=\"show-on-hover absolute fill hide-for-small back-image\" alt=\"brise-marine-echarpe-bleu-porte-bebe\" aria-hidden=\"true\" srcset=\"https:\/\/mariblum.de\/wp-content\/uploads\/2020\/11\/blaues-tragetuch-gemuster-aus-hanf-schoen-247x247.png 247w, https:\/\/mariblum.de\/wp-content\/uploads\/2020\/11\/blaues-tragetuch-gemuster-aus-hanf-schoen-100x100.png 100w, https:\/\/mariblum.de\/wp-content\/uploads\/2020\/11\/blaues-tragetuch-gemuster-aus-hanf-schoen-150x150.png 150w\" sizes=\"auto, (max-width: 247px) 100vw, 247px\" \/>\t\t\t\t<\/a>\n\t\t\t<\/div>\n\t\t\t<div class=\"image-tools is-small top right show-on-hover\">\n\t\t\t\t\t\t\t<\/div>\n\t\t\t<div class=\"image-tools is-small hide-for-small bottom left show-on-hover\">\n\t\t\t\t\t\t\t<\/div>\n\t\t\t<div class=\"image-tools grid-tools text-center hide-for-small bottom hover-slide-in show-on-hover\">\n\t\t\t\t<a href=\"#quick-view\" class=\"quick-view\" role=\"button\" data-prod=\"9023\" aria-haspopup=\"dialog\" aria-expanded=\"false\" data-flatsome-role-button>Aper\u00e7u<\/a>\t\t\t<\/div>\n\t\t\t\t\t<\/div>\n\n\t\t<div class=\"box-text box-text-products text-center grid-style-2\">\n\t\t\t<div class=\"ux-swatches ux-swatches-in-loop ux-swatches--rounded ux-swatches--x-small\" role=\"radiogroup\" data-flatsome-role-radiogroup><div data-image-src=\"https:\/\/mariblum.de\/wp-content\/uploads\/2020\/11\/blaues-tragetuch-gemuster-aus-hanf-trageberatung-247x247.png\" data-image-srcset=\"https:\/\/mariblum.de\/wp-content\/uploads\/2020\/11\/blaues-tragetuch-gemuster-aus-hanf-trageberatung-247x247.png 247w, https:\/\/mariblum.de\/wp-content\/uploads\/2020\/11\/blaues-tragetuch-gemuster-aus-hanf-trageberatung-100x100.png 100w\" data-image-sizes=\"(max-width: 247px) 100vw, 247px\" data-attribute_name=\"attribute_pa_tt-groesze\" data-value=\"tt450-fr\" aria-label=\"4,50 m\" role=\"radio\" aria-checked=\"false\" tabindex=\"0\" class=\"ux-swatch ux-swatch--label\"><span class=\"ux-swatch__text\">4,50 m<\/span><\/div><div data-image-src=\"https:\/\/mariblum.de\/wp-content\/uploads\/2020\/11\/blaues-tragetuch-gemuster-aus-hanf-trageberatung-247x247.png\" data-image-srcset=\"https:\/\/mariblum.de\/wp-content\/uploads\/2020\/11\/blaues-tragetuch-gemuster-aus-hanf-trageberatung-247x247.png 247w, https:\/\/mariblum.de\/wp-content\/uploads\/2020\/11\/blaues-tragetuch-gemuster-aus-hanf-trageberatung-100x100.png 100w\" data-image-sizes=\"(max-width: 247px) 100vw, 247px\" data-attribute_name=\"attribute_pa_tt-groesze\" data-value=\"tt500-fr\" aria-label=\"5,00 m\" role=\"radio\" aria-checked=\"false\" tabindex=\"0\" class=\"ux-swatch ux-swatch--label\"><span class=\"ux-swatch__text\">5,00 m<\/span><\/div><\/div><div class=\"title-wrapper\">\t\t<p class=\"category uppercase is-smaller no-text-overflow product-cat op-8\">\n\t\t\t\u00c9charpes en chanvre\t\t<\/p>\n\t<p class=\"name product-title woocommerce-loop-product__title\"><a href=\"https:\/\/mariblum.de\/fr\/produkt\/brise-marine-echarpe-bleu-porte-bebe\/\" class=\"woocommerce-LoopProduct-link woocommerce-loop-product__link\">Brise marine (\u00e9charpe)<\/a><\/p><\/div><div class=\"price-wrapper\">\n\t<span class=\"price\"><span class=\"woocommerce-Price-amount amount\"><bdi>229,95&nbsp;<span class=\"woocommerce-Price-currencySymbol\">&euro;<\/span><\/bdi><\/span><\/span>\n\n\n\n<\/div>\t\t<\/div>\n\t<\/div>\n\t\n<span class=\"gtm4wp_productdata\" style=\"display:none; visibility:hidden;\" data-gtm4wp_product_data=\"{&quot;internal_id&quot;:9023,&quot;item_id&quot;:9023,&quot;item_name&quot;:&quot;Brise marine (\\u00e9charpe)&quot;,&quot;sku&quot;:9023,&quot;price&quot;:229.95,&quot;stocklevel&quot;:null,&quot;stockstatus&quot;:&quot;instock&quot;,&quot;google_business_vertical&quot;:&quot;retail&quot;,&quot;item_category&quot;:&quot;\\u00c9charpes en chanvre&quot;,&quot;id&quot;:9023,&quot;productlink&quot;:&quot;https:\\\/\\\/mariblum.de\\\/fr\\\/produkt\\\/brise-marine-echarpe-bleu-porte-bebe\\\/&quot;,&quot;item_list_name&quot;:&quot;Produits mis en avant&quot;,&quot;index&quot;:4,&quot;product_type&quot;:&quot;variable&quot;,&quot;item_brand&quot;:&quot;&quot;}\"><\/span>\t<\/div>\n<\/div><\/div><!-- row -->\n<\/div>\n<h2 id=\"Avantages-du-portage\">Les principaux avantages du portage<\/h2>\n<figure>\n  <img decoding=\"async\" src=\"https:\/\/mariblum.de\/wp-content\/uploads\/2025\/04\/Zauberwald-Baby-Tragetuch-aus-Hanf.jpeg\" alt=\"B\u00e9b\u00e9 dans une \u00e9charpe en chanvre \u2014 s\u00e9curit\u00e9, proximit\u00e9 et mains libres\" loading=\"lazy\" \/><figcaption>Le portage rassure b\u00e9b\u00e9 \u2014 et te lib\u00e8re les mains.<\/figcaption><\/figure>\n<p><strong>Proximit\u00e9 s\u00e9curisante :<\/strong> ton b\u00e9b\u00e9 se sent prot\u00e9g\u00e9 et apais\u00e9.<\/p>\n<p><strong>Lien renforc\u00e9 :<\/strong> le contact peau \u00e0 peau nourrit la relation.<\/p>\n<p><strong>Mains libres :<\/strong> tu g\u00e8res le quotidien pendant que b\u00e9b\u00e9 se repose contre toi.<\/p>\n<h2 id=\"Strategies-douces-changements-meteo\">Strat\u00e9gies douces face aux changements m\u00e9t\u00e9o<\/h2>\n<figure>\n  <img decoding=\"async\" src=\"https:\/\/mariblum.de\/wp-content\/uploads\/2025\/03\/Dark-Forest-Babytragetuch.jpg\" alt=\"Portage par temps changeant \u2014 parent et b\u00e9b\u00e9 en \u00e9charpe en for\u00eat\" loading=\"lazy\" \/><figcaption>Anticiper pour rester zen : la pr\u00e9paration vaut tous les radars.<\/figcaption><\/figure>\n<p>Comment rester au chaud et au sec quand le vent et la pluie s\u2019invitent \u00e0 l\u2019improviste.<\/p>\n<p><strong>Les bons v\u00eatements :<\/strong> pense <em>superposition<\/em>.<\/p>\n<p><strong>Superpose les couches :<\/strong> une veste coupe-vent pour toi, une combinaison d\u00e9perlante pour b\u00e9b\u00e9 et une \u00e9charpe ou un ring sling <strong>respirant<\/strong> pour bien g\u00e9rer chaleur et humidit\u00e9.<\/p>\n<h2 id=\"Utiliser-echarpe-protection\">Utiliser l\u2019\u00e9charpe comme protection<\/h2>\n<figure>\n  <img decoding=\"async\" src=\"https:\/\/mariblum.de\/wp-content\/uploads\/2024\/04\/Waldfee-Tragetuch-Hanf.jpg\" alt=\"Passages d\u2019\u00e9charpe comme barri\u00e8re au vent \u2014 voies respiratoires d\u00e9gag\u00e9es et position M ergonomique\" loading=\"lazy\" \/><figcaption>Guide le tissu avec soin : protection sans compromis sur la s\u00e9curit\u00e9.<\/figcaption><\/figure>\n<p>Un nouage bien ajust\u00e9 cr\u00e9e une <strong>barri\u00e8re au vent<\/strong>. Place les pans de tissu pour couvrir les zones sensibles (nuque, \u00e9paules, dos). Assure toujours des <strong>voies respiratoires d\u00e9gag\u00e9es<\/strong> et une <strong>position en M<\/strong> ergonomique.<\/p>\n<h2 id=\"Solutions-contre-la-pluie\">Solutions contre la pluie<\/h2>\n<figure>\n  <img decoding=\"async\" src=\"https:\/\/mariblum.de\/wp-content\/uploads\/2024\/04\/Eichhoernchen-Ring-Sling-Braun-aus-Hanf-detail.jpeg\" alt=\"D\u00e9tail de ring sling \u2014 compatible avec les couvre-portage imperm\u00e9ables\" loading=\"lazy\" \/><figcaption>Les couvre-portage s\u2019enfilent vite et se rangent compact : restez au sec sans d\u00e9faire le nouage.<\/figcaption><\/figure>\n<p>Les <strong>couvre-portage<\/strong> d\u00e9di\u00e9s se mettent en un geste et prennent peu de place. Ils gardent b\u00e9b\u00e9 au sec sans le sortir de l\u2019\u00e9charpe. Ajoute un bonnet\/bandeau et un tour de cou si besoin.<\/p>\n<div class=\"woocommerce columns-4 \"><div class=\"products row row-small large-columns-4 medium-columns-3 small-columns-2\">\n<div class=\"product-small col has-hover product type-product post-15917 status-publish first instock product_cat-fr-slings-en-chanvre-echarpe-de-portage product_cat-tissus-de-chanvre product_tag-chanvre product_tag-sling-fr has-post-thumbnail featured purchasable product-type-variable has-default-attributes\">\n\t<div class=\"col-inner\">\n\t\n<div class=\"badge-container absolute left top z-1\">\n\n<\/div>\n\t<div class=\"product-small box \">\n\t\t<div class=\"box-image\">\n\t\t\t<div class=\"image-fade_in_back\">\n\t\t\t\t<a href=\"https:\/\/mariblum.de\/fr\/produkt\/zephyr-echarpe\/\">\n\t\t\t\t\t<img loading=\"lazy\" decoding=\"async\" width=\"247\" height=\"247\" src=\"https:\/\/mariblum.de\/wp-content\/uploads\/2024\/04\/baby-im-tragetuch-besser-schlafen-247x247.webp\" class=\"attachment-woocommerce_thumbnail size-woocommerce_thumbnail\" alt=\"\u00c9charpe en chanvre turquoise - b\u00e9b\u00e9 dort\" srcset=\"https:\/\/mariblum.de\/wp-content\/uploads\/2024\/04\/baby-im-tragetuch-besser-schlafen-247x247.webp 247w, https:\/\/mariblum.de\/wp-content\/uploads\/2024\/04\/baby-im-tragetuch-besser-schlafen-150x150.webp 150w, https:\/\/mariblum.de\/wp-content\/uploads\/2024\/04\/baby-im-tragetuch-besser-schlafen-100x100.webp 100w\" sizes=\"auto, (max-width: 247px) 100vw, 247px\" \/><img loading=\"lazy\" decoding=\"async\" width=\"247\" height=\"247\" src=\"https:\/\/mariblum.de\/wp-content\/uploads\/2024\/04\/Zephyr2-247x247.jpg\" class=\"show-on-hover absolute fill hide-for-small back-image\" alt=\"\u00e9charpe de portage en chanvre couleur menthe claire\" aria-hidden=\"true\" srcset=\"https:\/\/mariblum.de\/wp-content\/uploads\/2024\/04\/Zephyr2-247x247.jpg 247w, https:\/\/mariblum.de\/wp-content\/uploads\/2024\/04\/Zephyr2-100x100.jpg 100w, https:\/\/mariblum.de\/wp-content\/uploads\/2024\/04\/Zephyr2-150x150.jpg 150w\" sizes=\"auto, (max-width: 247px) 100vw, 247px\" \/>\t\t\t\t<\/a>\n\t\t\t<\/div>\n\t\t\t<div class=\"image-tools is-small top right show-on-hover\">\n\t\t\t\t\t\t\t<\/div>\n\t\t\t<div class=\"image-tools is-small hide-for-small bottom left show-on-hover\">\n\t\t\t\t\t\t\t<\/div>\n\t\t\t<div class=\"image-tools grid-tools text-center hide-for-small bottom hover-slide-in show-on-hover\">\n\t\t\t\t<a href=\"#quick-view\" class=\"quick-view\" role=\"button\" data-prod=\"15917\" aria-haspopup=\"dialog\" aria-expanded=\"false\" data-flatsome-role-button>Aper\u00e7u<\/a>\t\t\t<\/div>\n\t\t\t\t\t<\/div>\n\n\t\t<div class=\"box-text box-text-products text-center grid-style-2\">\n\t\t\t<div class=\"ux-swatches ux-swatches-in-loop ux-swatches--rounded ux-swatches--x-small\" role=\"radiogroup\" data-flatsome-role-radiogroup><div data-image-src=\"https:\/\/mariblum.de\/wp-content\/uploads\/2024\/04\/baby-im-tragetuch-besser-schlafen-247x247.webp\" data-image-srcset=\"https:\/\/mariblum.de\/wp-content\/uploads\/2024\/04\/baby-im-tragetuch-besser-schlafen-247x247.webp 247w, https:\/\/mariblum.de\/wp-content\/uploads\/2024\/04\/baby-im-tragetuch-besser-schlafen-150x150.webp 150w, https:\/\/mariblum.de\/wp-content\/uploads\/2024\/04\/baby-im-tragetuch-besser-schlafen-100x100.webp 100w\" data-image-sizes=\"(max-width: 247px) 100vw, 247px\" data-attribute_name=\"attribute_pa_tt-groesze\" data-value=\"tt500-fr\" aria-label=\"5,00 m\" role=\"radio\" aria-checked=\"false\" tabindex=\"0\" class=\"ux-swatch ux-swatch--label\"><span class=\"ux-swatch__text\">5,00 m<\/span><\/div><\/div><div class=\"title-wrapper\">\t\t<p class=\"category uppercase is-smaller no-text-overflow product-cat op-8\">\n\t\t\t\u00c9charpes en chanvre\t\t<\/p>\n\t<p class=\"name product-title woocommerce-loop-product__title\"><a href=\"https:\/\/mariblum.de\/fr\/produkt\/zephyr-echarpe\/\" class=\"woocommerce-LoopProduct-link woocommerce-loop-product__link\">Zephyr (\u00e9charpe)<\/a><\/p><\/div><div class=\"price-wrapper\">\n\t<span class=\"price\"><span class=\"woocommerce-Price-amount amount\"><bdi>149,95&nbsp;<span class=\"woocommerce-Price-currencySymbol\">&euro;<\/span><\/bdi><\/span><\/span>\n\n\n\n<\/div>\t\t<\/div>\n\t<\/div>\n\t\n<span class=\"gtm4wp_productdata\" style=\"display:none; visibility:hidden;\" data-gtm4wp_product_data=\"{&quot;internal_id&quot;:15917,&quot;item_id&quot;:15917,&quot;item_name&quot;:&quot;Zephyr (\\u00e9charpe)&quot;,&quot;sku&quot;:15917,&quot;price&quot;:149.95,&quot;stocklevel&quot;:null,&quot;stockstatus&quot;:&quot;instock&quot;,&quot;google_business_vertical&quot;:&quot;retail&quot;,&quot;item_category&quot;:&quot;\\u00c9charpes en chanvre&quot;,&quot;id&quot;:15917,&quot;productlink&quot;:&quot;https:\\\/\\\/mariblum.de\\\/fr\\\/produkt\\\/zephyr-echarpe\\\/&quot;,&quot;item_list_name&quot;:&quot;Produits mis en avant&quot;,&quot;index&quot;:1,&quot;product_type&quot;:&quot;variable&quot;,&quot;item_brand&quot;:&quot;&quot;}\"><\/span>\t<\/div>\n<\/div><div class=\"product-small col has-hover product type-product post-9203 status-publish instock product_cat-fr-slings-en-chanvre-echarpe-de-portage product_cat-tissus-de-chanvre has-post-thumbnail featured shipping-taxable purchasable product-type-variable has-product-safety-information\">\n\t<div class=\"col-inner\">\n\t\n<div class=\"badge-container absolute left top z-1\">\n\n<\/div>\n\t<div class=\"product-small box \">\n\t\t<div class=\"box-image\">\n\t\t\t<div class=\"image-fade_in_back\">\n\t\t\t\t<a href=\"https:\/\/mariblum.de\/fr\/produkt\/pourpre-echarpe\/\">\n\t\t\t\t\t<img loading=\"lazy\" decoding=\"async\" width=\"247\" height=\"247\" src=\"https:\/\/mariblum.de\/wp-content\/uploads\/2021\/01\/lila-tragetuch-baby-schlafen-247x247.jpg\" class=\"attachment-woocommerce_thumbnail size-woocommerce_thumbnail\" alt=\"lila-tragetuch-baby-schlafen\" srcset=\"https:\/\/mariblum.de\/wp-content\/uploads\/2021\/01\/lila-tragetuch-baby-schlafen-247x247.jpg 247w, https:\/\/mariblum.de\/wp-content\/uploads\/2021\/01\/lila-tragetuch-baby-schlafen-100x100.jpg 100w, https:\/\/mariblum.de\/wp-content\/uploads\/2021\/01\/lila-tragetuch-baby-schlafen-150x150.jpg 150w\" sizes=\"auto, (max-width: 247px) 100vw, 247px\" \/><img loading=\"lazy\" decoding=\"async\" width=\"247\" height=\"247\" src=\"https:\/\/mariblum.de\/wp-content\/uploads\/2021\/01\/lila-tragetuch-richtig-binden-aus-hanf-247x247.jpg\" class=\"show-on-hover absolute fill hide-for-small back-image\" alt=\"Alternative view of Pourpre (\u00e9charpe)\" aria-hidden=\"true\" srcset=\"https:\/\/mariblum.de\/wp-content\/uploads\/2021\/01\/lila-tragetuch-richtig-binden-aus-hanf-247x247.jpg 247w, https:\/\/mariblum.de\/wp-content\/uploads\/2021\/01\/lila-tragetuch-richtig-binden-aus-hanf-100x100.jpg 100w, https:\/\/mariblum.de\/wp-content\/uploads\/2021\/01\/lila-tragetuch-richtig-binden-aus-hanf-150x150.jpg 150w\" sizes=\"auto, (max-width: 247px) 100vw, 247px\" \/>\t\t\t\t<\/a>\n\t\t\t<\/div>\n\t\t\t<div class=\"image-tools is-small top right show-on-hover\">\n\t\t\t\t\t\t\t<\/div>\n\t\t\t<div class=\"image-tools is-small hide-for-small bottom left show-on-hover\">\n\t\t\t\t\t\t\t<\/div>\n\t\t\t<div class=\"image-tools grid-tools text-center hide-for-small bottom hover-slide-in show-on-hover\">\n\t\t\t\t<a href=\"#quick-view\" class=\"quick-view\" role=\"button\" data-prod=\"9203\" aria-haspopup=\"dialog\" aria-expanded=\"false\" data-flatsome-role-button>Aper\u00e7u<\/a>\t\t\t<\/div>\n\t\t\t\t\t<\/div>\n\n\t\t<div class=\"box-text box-text-products text-center grid-style-2\">\n\t\t\t<div class=\"ux-swatches ux-swatches-in-loop ux-swatches--rounded ux-swatches--x-small\" role=\"radiogroup\" data-flatsome-role-radiogroup><div data-image-src=\"https:\/\/mariblum.de\/wp-content\/uploads\/2021\/01\/lila-tragetuch-baby-schlafen-247x247.jpg\" data-image-srcset=\"https:\/\/mariblum.de\/wp-content\/uploads\/2021\/01\/lila-tragetuch-baby-schlafen-247x247.jpg 247w, https:\/\/mariblum.de\/wp-content\/uploads\/2021\/01\/lila-tragetuch-baby-schlafen-100x100.jpg 100w, https:\/\/mariblum.de\/wp-content\/uploads\/2021\/01\/lila-tragetuch-baby-schlafen-150x150.jpg 150w\" data-image-sizes=\"(max-width: 247px) 100vw, 247px\" data-attribute_name=\"attribute_pa_tt-groesze\" data-value=\"tt450-fr\" aria-label=\"4,50 m\" role=\"radio\" aria-checked=\"false\" tabindex=\"0\" class=\"ux-swatch ux-swatch--label\"><span class=\"ux-swatch__text\">4,50 m<\/span><\/div><div data-image-src=\"https:\/\/mariblum.de\/wp-content\/uploads\/2021\/01\/lila-tragetuch-baby-schlafen-247x247.jpg\" data-image-srcset=\"https:\/\/mariblum.de\/wp-content\/uploads\/2021\/01\/lila-tragetuch-baby-schlafen-247x247.jpg 247w, https:\/\/mariblum.de\/wp-content\/uploads\/2021\/01\/lila-tragetuch-baby-schlafen-100x100.jpg 100w, https:\/\/mariblum.de\/wp-content\/uploads\/2021\/01\/lila-tragetuch-baby-schlafen-150x150.jpg 150w\" data-image-sizes=\"(max-width: 247px) 100vw, 247px\" data-attribute_name=\"attribute_pa_tt-groesze\" data-value=\"tt500-fr\" aria-label=\"5,00 m\" role=\"radio\" aria-checked=\"false\" tabindex=\"0\" class=\"ux-swatch ux-swatch--label\"><span class=\"ux-swatch__text\">5,00 m<\/span><\/div><\/div><div class=\"title-wrapper\">\t\t<p class=\"category uppercase is-smaller no-text-overflow product-cat op-8\">\n\t\t\t\u00c9charpes en chanvre\t\t<\/p>\n\t<p class=\"name product-title woocommerce-loop-product__title\"><a href=\"https:\/\/mariblum.de\/fr\/produkt\/pourpre-echarpe\/\" class=\"woocommerce-LoopProduct-link woocommerce-loop-product__link\">Pourpre (\u00e9charpe)<\/a><\/p><\/div><div class=\"price-wrapper\">\n\n\n\n<\/div>\t\t<\/div>\n\t<\/div>\n\t\n<span class=\"gtm4wp_productdata\" style=\"display:none; visibility:hidden;\" data-gtm4wp_product_data=\"{&quot;internal_id&quot;:9203,&quot;item_id&quot;:9203,&quot;item_name&quot;:&quot;Pourpre (\\u00e9charpe)&quot;,&quot;sku&quot;:9203,&quot;price&quot;:219.95,&quot;stocklevel&quot;:null,&quot;stockstatus&quot;:&quot;instock&quot;,&quot;google_business_vertical&quot;:&quot;retail&quot;,&quot;item_category&quot;:&quot;\\u00c9charpes en chanvre&quot;,&quot;id&quot;:9203,&quot;productlink&quot;:&quot;https:\\\/\\\/mariblum.de\\\/fr\\\/produkt\\\/pourpre-echarpe\\\/&quot;,&quot;item_list_name&quot;:&quot;Produits mis en avant&quot;,&quot;index&quot;:2,&quot;product_type&quot;:&quot;variable&quot;,&quot;item_brand&quot;:&quot;&quot;}\"><\/span>\t<\/div>\n<\/div><div class=\"product-small col has-hover product type-product post-15033 status-publish instock product_cat-fr-ring-slings product_cat-fr-ring-slings-en-lin product_cat-tissus-en-lin product_tag-biologica-fr-2 product_tag-lin product_tag-ring-sling-fr product_tag-violet-fr-2 has-post-thumbnail featured purchasable product-type-variable has-default-attributes has-product-safety-information\">\n\t<div class=\"col-inner\">\n\t\n<div class=\"badge-container absolute left top z-1\">\n\n<\/div>\n\t<div class=\"product-small box \">\n\t\t<div class=\"box-image\">\n\t\t\t<div class=\"image-fade_in_back\">\n\t\t\t\t<a href=\"https:\/\/mariblum.de\/fr\/produkt\/champ-de-lavandel-ring-sling-en-lin\/\">\n\t\t\t\t\t<img loading=\"lazy\" decoding=\"async\" width=\"247\" height=\"247\" src=\"https:\/\/mariblum.de\/wp-content\/uploads\/2023\/04\/Lavendel-Ring-Sling-aus-Hanf-247x247.jpeg\" class=\"attachment-woocommerce_thumbnail size-woocommerce_thumbnail\" alt=\"Champ de Lavande (Ring Sling en lin)\" srcset=\"https:\/\/mariblum.de\/wp-content\/uploads\/2023\/04\/Lavendel-Ring-Sling-aus-Hanf-247x247.jpeg 247w, https:\/\/mariblum.de\/wp-content\/uploads\/2023\/04\/Lavendel-Ring-Sling-aus-Hanf-150x150.jpeg 150w, https:\/\/mariblum.de\/wp-content\/uploads\/2023\/04\/Lavendel-Ring-Sling-aus-Hanf-100x100.jpeg 100w\" sizes=\"auto, (max-width: 247px) 100vw, 247px\" \/><img loading=\"lazy\" decoding=\"async\" width=\"247\" height=\"247\" src=\"https:\/\/mariblum.de\/wp-content\/uploads\/2023\/04\/Ring-Sling-aus-Hanf-Lavendelfeld-247x247.jpeg\" class=\"show-on-hover absolute fill hide-for-small back-image\" alt=\"Alternative view of Champ de Lavande (Ring Sling en lin)\" aria-hidden=\"true\" srcset=\"https:\/\/mariblum.de\/wp-content\/uploads\/2023\/04\/Ring-Sling-aus-Hanf-Lavendelfeld-247x247.jpeg 247w, https:\/\/mariblum.de\/wp-content\/uploads\/2023\/04\/Ring-Sling-aus-Hanf-Lavendelfeld-150x150.jpeg 150w, https:\/\/mariblum.de\/wp-content\/uploads\/2023\/04\/Ring-Sling-aus-Hanf-Lavendelfeld-100x100.jpeg 100w\" sizes=\"auto, (max-width: 247px) 100vw, 247px\" \/>\t\t\t\t<\/a>\n\t\t\t<\/div>\n\t\t\t<div class=\"image-tools is-small top right show-on-hover\">\n\t\t\t\t\t\t\t<\/div>\n\t\t\t<div class=\"image-tools is-small hide-for-small bottom left show-on-hover\">\n\t\t\t\t\t\t\t<\/div>\n\t\t\t<div class=\"image-tools grid-tools text-center hide-for-small bottom hover-slide-in show-on-hover\">\n\t\t\t\t<a href=\"#quick-view\" class=\"quick-view\" role=\"button\" data-prod=\"15033\" aria-haspopup=\"dialog\" aria-expanded=\"false\" data-flatsome-role-button>Aper\u00e7u<\/a>\t\t\t<\/div>\n\t\t\t\t\t<\/div>\n\n\t\t<div class=\"box-text box-text-products text-center grid-style-2\">\n\t\t\t<div class=\"title-wrapper\">\t\t<p class=\"category uppercase is-smaller no-text-overflow product-cat op-8\">\n\t\t\tRing Slings\t\t<\/p>\n\t<p class=\"name product-title woocommerce-loop-product__title\"><a href=\"https:\/\/mariblum.de\/fr\/produkt\/champ-de-lavandel-ring-sling-en-lin\/\" class=\"woocommerce-LoopProduct-link woocommerce-loop-product__link\">Champ de Lavande (Ring Sling en lin)<\/a><\/p><\/div><div class=\"price-wrapper\">\n\t<span class=\"price\"><span class=\"woocommerce-Price-amount amount\"><bdi>119,95&nbsp;<span class=\"woocommerce-Price-currencySymbol\">&euro;<\/span><\/bdi><\/span><\/span>\n\n\n\n<\/div>\t\t<\/div>\n\t<\/div>\n\t\n<span class=\"gtm4wp_productdata\" style=\"display:none; visibility:hidden;\" data-gtm4wp_product_data=\"{&quot;internal_id&quot;:15033,&quot;item_id&quot;:15033,&quot;item_name&quot;:&quot;Champ de Lavande (Ring Sling en lin)&quot;,&quot;sku&quot;:15033,&quot;price&quot;:119.95,&quot;stocklevel&quot;:null,&quot;stockstatus&quot;:&quot;instock&quot;,&quot;google_business_vertical&quot;:&quot;retail&quot;,&quot;item_category&quot;:&quot;Ring Slings&quot;,&quot;id&quot;:15033,&quot;productlink&quot;:&quot;https:\\\/\\\/mariblum.de\\\/fr\\\/produkt\\\/champ-de-lavandel-ring-sling-en-lin\\\/&quot;,&quot;item_list_name&quot;:&quot;Produits mis en avant&quot;,&quot;index&quot;:3,&quot;product_type&quot;:&quot;variable&quot;,&quot;item_brand&quot;:&quot;&quot;}\"><\/span>\t<\/div>\n<\/div><div class=\"product-small col has-hover product type-product post-9023 status-publish last instock product_cat-fr-slings-en-chanvre-echarpe-de-portage product_cat-tissus-de-chanvre has-post-thumbnail featured shipping-taxable purchasable product-type-variable has-default-attributes\">\n\t<div class=\"col-inner\">\n\t\n<div class=\"badge-container absolute left top z-1\">\n\n<\/div>\n\t<div class=\"product-small box \">\n\t\t<div class=\"box-image\">\n\t\t\t<div class=\"image-fade_in_back\">\n\t\t\t\t<a href=\"https:\/\/mariblum.de\/fr\/produkt\/brise-marine-echarpe-bleu-porte-bebe\/\">\n\t\t\t\t\t<img loading=\"lazy\" decoding=\"async\" width=\"247\" height=\"247\" src=\"https:\/\/mariblum.de\/wp-content\/uploads\/2020\/11\/blaues-tragetuch-gemuster-aus-hanf-trageberatung-247x247.png\" class=\"attachment-woocommerce_thumbnail size-woocommerce_thumbnail\" alt=\"brise-marine-echarpe-bleu-porte-bebe\" srcset=\"https:\/\/mariblum.de\/wp-content\/uploads\/2020\/11\/blaues-tragetuch-gemuster-aus-hanf-trageberatung-247x247.png 247w, https:\/\/mariblum.de\/wp-content\/uploads\/2020\/11\/blaues-tragetuch-gemuster-aus-hanf-trageberatung-100x100.png 100w\" sizes=\"auto, (max-width: 247px) 100vw, 247px\" \/><img loading=\"lazy\" decoding=\"async\" width=\"247\" height=\"247\" src=\"https:\/\/mariblum.de\/wp-content\/uploads\/2020\/11\/blaues-tragetuch-gemuster-aus-hanf-schoen-247x247.png\" class=\"show-on-hover absolute fill hide-for-small back-image\" alt=\"brise-marine-echarpe-bleu-porte-bebe\" aria-hidden=\"true\" srcset=\"https:\/\/mariblum.de\/wp-content\/uploads\/2020\/11\/blaues-tragetuch-gemuster-aus-hanf-schoen-247x247.png 247w, https:\/\/mariblum.de\/wp-content\/uploads\/2020\/11\/blaues-tragetuch-gemuster-aus-hanf-schoen-100x100.png 100w, https:\/\/mariblum.de\/wp-content\/uploads\/2020\/11\/blaues-tragetuch-gemuster-aus-hanf-schoen-150x150.png 150w\" sizes=\"auto, (max-width: 247px) 100vw, 247px\" \/>\t\t\t\t<\/a>\n\t\t\t<\/div>\n\t\t\t<div class=\"image-tools is-small top right show-on-hover\">\n\t\t\t\t\t\t\t<\/div>\n\t\t\t<div class=\"image-tools is-small hide-for-small bottom left show-on-hover\">\n\t\t\t\t\t\t\t<\/div>\n\t\t\t<div class=\"image-tools grid-tools text-center hide-for-small bottom hover-slide-in show-on-hover\">\n\t\t\t\t<a href=\"#quick-view\" class=\"quick-view\" role=\"button\" data-prod=\"9023\" aria-haspopup=\"dialog\" aria-expanded=\"false\" data-flatsome-role-button>Aper\u00e7u<\/a>\t\t\t<\/div>\n\t\t\t\t\t<\/div>\n\n\t\t<div class=\"box-text box-text-products text-center grid-style-2\">\n\t\t\t<div class=\"ux-swatches ux-swatches-in-loop ux-swatches--rounded ux-swatches--x-small\" role=\"radiogroup\" data-flatsome-role-radiogroup><div data-image-src=\"https:\/\/mariblum.de\/wp-content\/uploads\/2020\/11\/blaues-tragetuch-gemuster-aus-hanf-trageberatung-247x247.png\" data-image-srcset=\"https:\/\/mariblum.de\/wp-content\/uploads\/2020\/11\/blaues-tragetuch-gemuster-aus-hanf-trageberatung-247x247.png 247w, https:\/\/mariblum.de\/wp-content\/uploads\/2020\/11\/blaues-tragetuch-gemuster-aus-hanf-trageberatung-100x100.png 100w\" data-image-sizes=\"(max-width: 247px) 100vw, 247px\" data-attribute_name=\"attribute_pa_tt-groesze\" data-value=\"tt450-fr\" aria-label=\"4,50 m\" role=\"radio\" aria-checked=\"false\" tabindex=\"0\" class=\"ux-swatch ux-swatch--label\"><span class=\"ux-swatch__text\">4,50 m<\/span><\/div><div data-image-src=\"https:\/\/mariblum.de\/wp-content\/uploads\/2020\/11\/blaues-tragetuch-gemuster-aus-hanf-trageberatung-247x247.png\" data-image-srcset=\"https:\/\/mariblum.de\/wp-content\/uploads\/2020\/11\/blaues-tragetuch-gemuster-aus-hanf-trageberatung-247x247.png 247w, https:\/\/mariblum.de\/wp-content\/uploads\/2020\/11\/blaues-tragetuch-gemuster-aus-hanf-trageberatung-100x100.png 100w\" data-image-sizes=\"(max-width: 247px) 100vw, 247px\" data-attribute_name=\"attribute_pa_tt-groesze\" data-value=\"tt500-fr\" aria-label=\"5,00 m\" role=\"radio\" aria-checked=\"false\" tabindex=\"0\" class=\"ux-swatch ux-swatch--label\"><span class=\"ux-swatch__text\">5,00 m<\/span><\/div><\/div><div class=\"title-wrapper\">\t\t<p class=\"category uppercase is-smaller no-text-overflow product-cat op-8\">\n\t\t\t\u00c9charpes en chanvre\t\t<\/p>\n\t<p class=\"name product-title woocommerce-loop-product__title\"><a href=\"https:\/\/mariblum.de\/fr\/produkt\/brise-marine-echarpe-bleu-porte-bebe\/\" class=\"woocommerce-LoopProduct-link woocommerce-loop-product__link\">Brise marine (\u00e9charpe)<\/a><\/p><\/div><div class=\"price-wrapper\">\n\t<span class=\"price\"><span class=\"woocommerce-Price-amount amount\"><bdi>229,95&nbsp;<span class=\"woocommerce-Price-currencySymbol\">&euro;<\/span><\/bdi><\/span><\/span>\n\n\n\n<\/div>\t\t<\/div>\n\t<\/div>\n\t\n<span class=\"gtm4wp_productdata\" style=\"display:none; visibility:hidden;\" data-gtm4wp_product_data=\"{&quot;internal_id&quot;:9023,&quot;item_id&quot;:9023,&quot;item_name&quot;:&quot;Brise marine (\\u00e9charpe)&quot;,&quot;sku&quot;:9023,&quot;price&quot;:229.95,&quot;stocklevel&quot;:null,&quot;stockstatus&quot;:&quot;instock&quot;,&quot;google_business_vertical&quot;:&quot;retail&quot;,&quot;item_category&quot;:&quot;\\u00c9charpes en chanvre&quot;,&quot;id&quot;:9023,&quot;productlink&quot;:&quot;https:\\\/\\\/mariblum.de\\\/fr\\\/produkt\\\/brise-marine-echarpe-bleu-porte-bebe\\\/&quot;,&quot;item_list_name&quot;:&quot;Produits mis en avant&quot;,&quot;index&quot;:4,&quot;product_type&quot;:&quot;variable&quot;,&quot;item_brand&quot;:&quot;&quot;}\"><\/span>\t<\/div>\n<\/div><\/div><!-- row -->\n<\/div>\n<p><strong>Impossible de te tromper : trouve ton syst\u00e8me<\/strong><\/p>\n<p>\u00c9charpe ou ring sling : <strong>les deux conviennent<\/strong>. L\u2019essentiel : ton quotidien, ton confort et les besoins de ton b\u00e9b\u00e9. La technique aide, mais la proximit\u00e9, la s\u00e9curit\u00e9 et l\u2019attention priment.<\/p>\n<h2 id=\"Au-chaud-au-sec-en-securite\">Au chaud, au sec, en s\u00e9curit\u00e9<\/h2>\n<figure>\n  <img decoding=\"async\" src=\"https:\/\/mariblum.de\/wp-content\/uploads\/2025\/04\/Baby-Tragetuch_lila.jpg\" alt=\"B\u00e9b\u00e9 apais\u00e9 dans une \u00e9charpe violette \u2014 au chaud, au sec et en s\u00e9curit\u00e9 apr\u00e8s l\u2019averse\" loading=\"lazy\" \/><figcaption>Par tous les temps, le lien avant tout.<\/figcaption><\/figure>\n<p>Avec les bonnes strat\u00e9gies, vous affrontez vent et pluie \u2014 <em>sans<\/em> d\u00e9nouer, et avec un maximum de confort et de proximit\u00e9. Partage tes exp\u00e9riences et conseils avec la communaut\u00e9 !<\/p>\n\n  \n    <div class=\"row large-columns-3 medium-columns-1 small-columns-1 slider row-slider slider-nav-reveal slider-nav-push\"  data-flickity-options='{&quot;imagesLoaded&quot;: true, &quot;groupCells&quot;: &quot;100%&quot;, &quot;dragThreshold&quot; : 5, &quot;cellAlign&quot;: &quot;left&quot;,&quot;wrapAround&quot;: true,&quot;prevNextButtons&quot;: true,&quot;percentPosition&quot;: true,&quot;pageDots&quot;: false, &quot;rightToLeft&quot;: false, &quot;autoPlay&quot; : false}' >\n\n  <div class=\"col post-item\" >\n\t\t\t<div class=\"col-inner\">\n\t\t\t\t<div class=\"box box-normal box-text-bottom box-blog-post has-hover\">\n            \t\t\t\t\t<div class=\"box-image\" >\n  \t\t\t\t\t\t<div class=\"image-cover\" style=\"padding-top:56.25%;\">\n\t\t\t\t\t\t\t<a href=\"https:\/\/mariblum.de\/fr\/echarpe-de-portage-plutot-que-poussette-les-avantages-surprenants-au-quotidien\/\" class=\"plain\" aria-label=\"\u00c9charpe de portage plut\u00f4t que poussette \u2013 Les avantages surprenants au quotidien\">\n\t\t\t\t\t\t\t\t<img loading=\"lazy\" decoding=\"async\" width=\"225\" height=\"300\" src=\"https:\/\/mariblum.de\/wp-content\/uploads\/2023\/04\/Lavendel-Ring-Sling-aus-Hanf-225x300.jpeg\" class=\"attachment-medium size-medium wp-post-image\" alt=\"\" srcset=\"https:\/\/mariblum.de\/wp-content\/uploads\/2023\/04\/Lavendel-Ring-Sling-aus-Hanf-225x300.jpeg 225w, https:\/\/mariblum.de\/wp-content\/uploads\/2023\/04\/Lavendel-Ring-Sling-aus-Hanf-510x680.jpeg 510w, https:\/\/mariblum.de\/wp-content\/uploads\/2023\/04\/Lavendel-Ring-Sling-aus-Hanf.jpeg 600w\" sizes=\"auto, (max-width: 225px) 100vw, 225px\" \/>\t\t\t\t\t\t\t<\/a>\n  \t\t\t\t\t\t\t  \t\t\t\t\t\t\t  \t\t\t\t\t\t<\/div>\n  \t\t\t\t\t\t  \t\t\t\t\t<\/div>\n          \t\t\t\t\t<div class=\"box-text text-center\" >\n\t\t\t\t\t<div class=\"box-text-inner blog-post-inner\">\n\n\t\t\t\t\t\n\t\t\t\t\t\t\t\t\t\t<h5 class=\"post-title is-large \">\n\t\t\t\t\t\t<a href=\"https:\/\/mariblum.de\/fr\/echarpe-de-portage-plutot-que-poussette-les-avantages-surprenants-au-quotidien\/\" class=\"plain\">\u00c9charpe de portage plut\u00f4t que poussette \u2013 Les avantages surprenants au quotidien<\/a>\n\t\t\t\t\t<\/h5>\n\t\t\t\t\t\t\t\t\t\t<div class=\"is-divider\"><\/div>\n\t\t\t\t\t\t\t\t\t\t<p class=\"from_the_blog_excerpt \">\n\t\t\t\t\t\tLes poussettes sont consid\u00e9r\u00e9es comme un incontournable pour les nouveaux parents \u2013 mais que se [...]\t\t\t\t\t<\/p>\n\t\t\t\t\t                    \n\t\t\t\t\t\n\t\t\t\t\t\n\t\t\t\t\t<\/div>\n\t\t\t\t\t<\/div>\n\t\t\t\t\t\t\t\t\t\t\t\t\t\t\t\t<div class=\"badge absolute top post-date badge-outline\">\n\t\t\t\t\t\t\t<div class=\"badge-inner\">\n\t\t\t\t\t\t\t\t<span class=\"post-date-day\">02<\/span><br>\n\t\t\t\t\t\t\t\t<span class=\"post-date-month is-xsmall\">Avr<\/span>\n\t\t\t\t\t\t\t<\/div>\n\t\t\t\t\t\t<\/div>\n\t\t\t\t\t\t\t\t\t<\/div>\n\t\t\t<\/div>\n\t\t<\/div><div class=\"col post-item\" >\n\t\t\t<div class=\"col-inner\">\n\t\t\t\t<div class=\"box box-normal box-text-bottom box-blog-post has-hover\">\n            \t\t\t\t\t<div class=\"box-image\" >\n  \t\t\t\t\t\t<div class=\"image-cover\" style=\"padding-top:56.25%;\">\n\t\t\t\t\t\t\t<a href=\"https:\/\/mariblum.de\/fr\/porter-son-bebe-sans-douleur-5-erreurs-courantes-et-leurs-solutions\/\" class=\"plain\" aria-label=\"Porter son b\u00e9b\u00e9 sans douleur \u2013 5 erreurs courantes et leurs solutions\">\n\t\t\t\t\t\t\t\t<img loading=\"lazy\" decoding=\"async\" width=\"225\" height=\"300\" src=\"https:\/\/mariblum.de\/wp-content\/uploads\/2025\/04\/Baby-Tragetuch-aus-Hanf-Zauberwald-225x300.jpeg\" class=\"attachment-medium size-medium wp-post-image\" alt=\"\" srcset=\"https:\/\/mariblum.de\/wp-content\/uploads\/2025\/04\/Baby-Tragetuch-aus-Hanf-Zauberwald-225x300.jpeg 225w, https:\/\/mariblum.de\/wp-content\/uploads\/2025\/04\/Baby-Tragetuch-aus-Hanf-Zauberwald-510x680.jpeg 510w, https:\/\/mariblum.de\/wp-content\/uploads\/2025\/04\/Baby-Tragetuch-aus-Hanf-Zauberwald.jpeg 600w\" sizes=\"auto, (max-width: 225px) 100vw, 225px\" \/>\t\t\t\t\t\t\t<\/a>\n  \t\t\t\t\t\t\t  \t\t\t\t\t\t\t  \t\t\t\t\t\t<\/div>\n  \t\t\t\t\t\t  \t\t\t\t\t<\/div>\n          \t\t\t\t\t<div class=\"box-text text-center\" >\n\t\t\t\t\t<div class=\"box-text-inner blog-post-inner\">\n\n\t\t\t\t\t\n\t\t\t\t\t\t\t\t\t\t<h5 class=\"post-title is-large \">\n\t\t\t\t\t\t<a href=\"https:\/\/mariblum.de\/fr\/porter-son-bebe-sans-douleur-5-erreurs-courantes-et-leurs-solutions\/\" class=\"plain\">Porter son b\u00e9b\u00e9 sans douleur \u2013 5 erreurs courantes et leurs solutions<\/a>\n\t\t\t\t\t<\/h5>\n\t\t\t\t\t\t\t\t\t\t<div class=\"is-divider\"><\/div>\n\t\t\t\t\t\t\t\t\t\t<p class=\"from_the_blog_excerpt \">\n\t\t\t\t\t\tPorter ton b\u00e9b\u00e9 ne devrait jamais \u00eatre douloureux \u2014 bien au contraire. Bien r\u00e9alis\u00e9, le [...]\t\t\t\t\t<\/p>\n\t\t\t\t\t                    \n\t\t\t\t\t\n\t\t\t\t\t\n\t\t\t\t\t<\/div>\n\t\t\t\t\t<\/div>\n\t\t\t\t\t\t\t\t\t\t\t\t\t\t\t\t<div class=\"badge absolute top post-date badge-outline\">\n\t\t\t\t\t\t\t<div class=\"badge-inner\">\n\t\t\t\t\t\t\t\t<span class=\"post-date-day\">14<\/span><br>\n\t\t\t\t\t\t\t\t<span class=\"post-date-month is-xsmall\">Nov<\/span>\n\t\t\t\t\t\t\t<\/div>\n\t\t\t\t\t\t<\/div>\n\t\t\t\t\t\t\t\t\t<\/div>\n\t\t\t<\/div>\n\t\t<\/div><div class=\"col post-item\" >\n\t\t\t<div class=\"col-inner\">\n\t\t\t\t<div class=\"box box-normal box-text-bottom box-blog-post has-hover\">\n            \t\t\t\t\t<div class=\"box-image\" >\n  \t\t\t\t\t\t<div class=\"image-cover\" style=\"padding-top:56.25%;\">\n\t\t\t\t\t\t\t<a href=\"https:\/\/mariblum.de\/fr\/porter-son-bebe-en-hiver-7-mythes-verites-honnetes-et-petits-inconvenients\/\" class=\"plain\" aria-label=\"Porter son b\u00e9b\u00e9 en hiver \u2013 7 mythes, v\u00e9rit\u00e9s honn\u00eates et petits inconv\u00e9nients\">\n\t\t\t\t\t\t\t\t<img loading=\"lazy\" decoding=\"async\" width=\"200\" height=\"300\" src=\"https:\/\/mariblum.de\/wp-content\/uploads\/2019\/10\/kornblume-ring-sling-aus-hanf-gefaltet-200x300.png\" class=\"attachment-medium size-medium wp-post-image\" alt=\"kornblume-ring-sling-aus-hanf-trageberatung-richtig-gebunden\" srcset=\"https:\/\/mariblum.de\/wp-content\/uploads\/2019\/10\/kornblume-ring-sling-aus-hanf-gefaltet-200x300.png 200w, https:\/\/mariblum.de\/wp-content\/uploads\/2019\/10\/kornblume-ring-sling-aus-hanf-gefaltet-510x765.png 510w, https:\/\/mariblum.de\/wp-content\/uploads\/2019\/10\/kornblume-ring-sling-aus-hanf-gefaltet.png 533w\" sizes=\"auto, (max-width: 200px) 100vw, 200px\" \/>\t\t\t\t\t\t\t<\/a>\n  \t\t\t\t\t\t\t  \t\t\t\t\t\t\t  \t\t\t\t\t\t<\/div>\n  \t\t\t\t\t\t  \t\t\t\t\t<\/div>\n          \t\t\t\t\t<div class=\"box-text text-center\" >\n\t\t\t\t\t<div class=\"box-text-inner blog-post-inner\">\n\n\t\t\t\t\t\n\t\t\t\t\t\t\t\t\t\t<h5 class=\"post-title is-large \">\n\t\t\t\t\t\t<a href=\"https:\/\/mariblum.de\/fr\/porter-son-bebe-en-hiver-7-mythes-verites-honnetes-et-petits-inconvenients\/\" class=\"plain\">Porter son b\u00e9b\u00e9 en hiver \u2013 7 mythes, v\u00e9rit\u00e9s honn\u00eates et petits inconv\u00e9nients<\/a>\n\t\t\t\t\t<\/h5>\n\t\t\t\t\t\t\t\t\t\t<div class=\"is-divider\"><\/div>\n\t\t\t\t\t\t\t\t\t\t<p class=\"from_the_blog_excerpt \">\n\t\t\t\t\t\tQuand les jours raccourcissent et que le froid s\u2019installe, de nombreuses mamans se demandent : [...]\t\t\t\t\t<\/p>\n\t\t\t\t\t                    \n\t\t\t\t\t\n\t\t\t\t\t\n\t\t\t\t\t<\/div>\n\t\t\t\t\t<\/div>\n\t\t\t\t\t\t\t\t\t\t\t\t\t\t\t\t<div class=\"badge absolute top post-date badge-outline\">\n\t\t\t\t\t\t\t<div class=\"badge-inner\">\n\t\t\t\t\t\t\t\t<span class=\"post-date-day\">07<\/span><br>\n\t\t\t\t\t\t\t\t<span class=\"post-date-month is-xsmall\">Nov<\/span>\n\t\t\t\t\t\t\t<\/div>\n\t\t\t\t\t\t<\/div>\n\t\t\t\t\t\t\t\t\t<\/div>\n\t\t\t<\/div>\n\t\t<\/div><div class=\"col post-item\" >\n\t\t\t<div class=\"col-inner\">\n\t\t\t\t<div class=\"box box-normal box-text-bottom box-blog-post has-hover\">\n            \t\t\t\t\t<div class=\"box-image\" >\n  \t\t\t\t\t\t<div class=\"image-cover\" style=\"padding-top:56.25%;\">\n\t\t\t\t\t\t\t<a href=\"https:\/\/mariblum.de\/fr\/guide-complet-des-matieres-pour-echarpes-de-portage-et-ring-slings-en-automne\/\" class=\"plain\" aria-label=\"Guide complet des mati\u00e8res pour \u00e9charpes de portage et ring slings en automne\">\n\t\t\t\t\t\t\t\t<img loading=\"lazy\" decoding=\"async\" width=\"225\" height=\"300\" src=\"https:\/\/mariblum.de\/wp-content\/uploads\/2023\/04\/Ring-Sling-aus-Hanf-Lavendelfeld-225x300.jpeg\" class=\"attachment-medium size-medium wp-post-image\" alt=\"\" srcset=\"https:\/\/mariblum.de\/wp-content\/uploads\/2023\/04\/Ring-Sling-aus-Hanf-Lavendelfeld-225x300.jpeg 225w, https:\/\/mariblum.de\/wp-content\/uploads\/2023\/04\/Ring-Sling-aus-Hanf-Lavendelfeld-510x680.jpeg 510w, https:\/\/mariblum.de\/wp-content\/uploads\/2023\/04\/Ring-Sling-aus-Hanf-Lavendelfeld.jpeg 600w\" sizes=\"auto, (max-width: 225px) 100vw, 225px\" \/>\t\t\t\t\t\t\t<\/a>\n  \t\t\t\t\t\t\t  \t\t\t\t\t\t\t  \t\t\t\t\t\t<\/div>\n  \t\t\t\t\t\t  \t\t\t\t\t<\/div>\n          \t\t\t\t\t<div class=\"box-text text-center\" >\n\t\t\t\t\t<div class=\"box-text-inner blog-post-inner\">\n\n\t\t\t\t\t\n\t\t\t\t\t\t\t\t\t\t<h5 class=\"post-title is-large \">\n\t\t\t\t\t\t<a href=\"https:\/\/mariblum.de\/fr\/guide-complet-des-matieres-pour-echarpes-de-portage-et-ring-slings-en-automne\/\" class=\"plain\">Guide complet des mati\u00e8res pour \u00e9charpes de portage et ring slings en automne<\/a>\n\t\t\t\t\t<\/h5>\n\t\t\t\t\t\t\t\t\t\t<div class=\"is-divider\"><\/div>\n\t\t\t\t\t\t\t\t\t\t<p class=\"from_the_blog_excerpt \">\n\t\t\t\t\t\tL\u2019automne est \u00e0 nos portes, apportant avec lui des journ\u00e9es plus fra\u00eeches qui nous invitent [...]\t\t\t\t\t<\/p>\n\t\t\t\t\t                    \n\t\t\t\t\t\n\t\t\t\t\t\n\t\t\t\t\t<\/div>\n\t\t\t\t\t<\/div>\n\t\t\t\t\t\t\t\t\t\t\t\t\t\t\t\t<div class=\"badge absolute top post-date badge-outline\">\n\t\t\t\t\t\t\t<div class=\"badge-inner\">\n\t\t\t\t\t\t\t\t<span class=\"post-date-day\">03<\/span><br>\n\t\t\t\t\t\t\t\t<span class=\"post-date-month is-xsmall\">Nov<\/span>\n\t\t\t\t\t\t\t<\/div>\n\t\t\t\t\t\t<\/div>\n\t\t\t\t\t\t\t\t\t<\/div>\n\t\t\t<\/div>\n\t\t<\/div><div class=\"col post-item\" >\n\t\t\t<div class=\"col-inner\">\n\t\t\t\t<div class=\"box box-normal box-text-bottom box-blog-post has-hover\">\n            \t\t\t\t\t<div class=\"box-image\" >\n  \t\t\t\t\t\t<div class=\"image-cover\" style=\"padding-top:56.25%;\">\n\t\t\t\t\t\t\t<a href=\"https:\/\/mariblum.de\/fr\/portage-et-fratrie-conseils-avises-pour-les-jeunes-mamans\/\" class=\"plain\" aria-label=\"Portage et fratrie : conseils avis\u00e9s pour les jeunes mamans\">\n\t\t\t\t\t\t\t\t<img loading=\"lazy\" decoding=\"async\" width=\"225\" height=\"300\" src=\"https:\/\/mariblum.de\/wp-content\/uploads\/2025\/04\/Baby-Tragetuch-aus-Hanf-Zauberwald-225x300.jpeg\" class=\"attachment-medium size-medium wp-post-image\" alt=\"\" srcset=\"https:\/\/mariblum.de\/wp-content\/uploads\/2025\/04\/Baby-Tragetuch-aus-Hanf-Zauberwald-225x300.jpeg 225w, https:\/\/mariblum.de\/wp-content\/uploads\/2025\/04\/Baby-Tragetuch-aus-Hanf-Zauberwald-510x680.jpeg 510w, https:\/\/mariblum.de\/wp-content\/uploads\/2025\/04\/Baby-Tragetuch-aus-Hanf-Zauberwald.jpeg 600w\" sizes=\"auto, (max-width: 225px) 100vw, 225px\" \/>\t\t\t\t\t\t\t<\/a>\n  \t\t\t\t\t\t\t  \t\t\t\t\t\t\t  \t\t\t\t\t\t<\/div>\n  \t\t\t\t\t\t  \t\t\t\t\t<\/div>\n          \t\t\t\t\t<div class=\"box-text text-center\" >\n\t\t\t\t\t<div class=\"box-text-inner blog-post-inner\">\n\n\t\t\t\t\t\n\t\t\t\t\t\t\t\t\t\t<h5 class=\"post-title is-large \">\n\t\t\t\t\t\t<a href=\"https:\/\/mariblum.de\/fr\/portage-et-fratrie-conseils-avises-pour-les-jeunes-mamans\/\" class=\"plain\">Portage et fratrie : conseils avis\u00e9s pour les jeunes mamans<\/a>\n\t\t\t\t\t<\/h5>\n\t\t\t\t\t\t\t\t\t\t<div class=\"is-divider\"><\/div>\n\t\t\t\t\t\t\t\t\t\t<p class=\"from_the_blog_excerpt \">\n\t\t\t\t\t\tLa vie de jeune maman apporte son lot de d\u00e9fis \u2014 et d\u2019innombrables petites joies. [...]\t\t\t\t\t<\/p>\n\t\t\t\t\t                    \n\t\t\t\t\t\n\t\t\t\t\t\n\t\t\t\t\t<\/div>\n\t\t\t\t\t<\/div>\n\t\t\t\t\t\t\t\t\t\t\t\t\t\t\t\t<div class=\"badge absolute top post-date badge-outline\">\n\t\t\t\t\t\t\t<div class=\"badge-inner\">\n\t\t\t\t\t\t\t\t<span class=\"post-date-day\">17<\/span><br>\n\t\t\t\t\t\t\t\t<span class=\"post-date-month is-xsmall\">Oct<\/span>\n\t\t\t\t\t\t\t<\/div>\n\t\t\t\t\t\t<\/div>\n\t\t\t\t\t\t\t\t\t<\/div>\n\t\t\t<\/div>\n\t\t<\/div><div class=\"col post-item\" >\n\t\t\t<div class=\"col-inner\">\n\t\t\t\t<div class=\"box box-normal box-text-bottom box-blog-post has-hover\">\n            \t\t\t\t\t<div class=\"box-image\" >\n  \t\t\t\t\t\t<div class=\"image-cover\" style=\"padding-top:56.25%;\">\n\t\t\t\t\t\t\t<a href=\"https:\/\/mariblum.de\/fr\/balades-dautomne-en-ring-sling-flexible-proche-meilleurs-spots-conseils-checklist\/\" class=\"plain\" aria-label=\"Balades d\u2019automne en ring sling : flexible &#038; proche \u2014 meilleurs spots, conseils &#038; checklist\">\n\t\t\t\t\t\t\t\t<img loading=\"lazy\" decoding=\"async\" width=\"225\" height=\"300\" src=\"https:\/\/mariblum.de\/wp-content\/uploads\/2025\/04\/Baumwolle-Baby-Tragetuch_Elefantenmotiv-weiss-blau-225x300.jpg\" class=\"attachment-medium size-medium wp-post-image\" alt=\"\" srcset=\"https:\/\/mariblum.de\/wp-content\/uploads\/2025\/04\/Baumwolle-Baby-Tragetuch_Elefantenmotiv-weiss-blau-225x300.jpg 225w, https:\/\/mariblum.de\/wp-content\/uploads\/2025\/04\/Baumwolle-Baby-Tragetuch_Elefantenmotiv-weiss-blau-510x680.jpg 510w, https:\/\/mariblum.de\/wp-content\/uploads\/2025\/04\/Baumwolle-Baby-Tragetuch_Elefantenmotiv-weiss-blau.jpg 600w\" sizes=\"auto, (max-width: 225px) 100vw, 225px\" \/>\t\t\t\t\t\t\t<\/a>\n  \t\t\t\t\t\t\t  \t\t\t\t\t\t\t  \t\t\t\t\t\t<\/div>\n  \t\t\t\t\t\t  \t\t\t\t\t<\/div>\n          \t\t\t\t\t<div class=\"box-text text-center\" >\n\t\t\t\t\t<div class=\"box-text-inner blog-post-inner\">\n\n\t\t\t\t\t\n\t\t\t\t\t\t\t\t\t\t<h5 class=\"post-title is-large \">\n\t\t\t\t\t\t<a href=\"https:\/\/mariblum.de\/fr\/balades-dautomne-en-ring-sling-flexible-proche-meilleurs-spots-conseils-checklist\/\" class=\"plain\">Balades d\u2019automne en ring sling : flexible &#038; proche \u2014 meilleurs spots, conseils &#038; checklist<\/a>\n\t\t\t\t\t<\/h5>\n\t\t\t\t\t\t\t\t\t\t<div class=\"is-divider\"><\/div>\n\t\t\t\t\t\t\t\t\t\t<p class=\"from_the_blog_excerpt \">\n\t\t\t\t\t\tL\u2019automne est une saison magique \u2014 les feuilles se parent de couleurs chaudes et l\u2019air [...]\t\t\t\t\t<\/p>\n\t\t\t\t\t                    \n\t\t\t\t\t\n\t\t\t\t\t\n\t\t\t\t\t<\/div>\n\t\t\t\t\t<\/div>\n\t\t\t\t\t\t\t\t\t\t\t\t\t\t\t\t<div class=\"badge absolute top post-date badge-outline\">\n\t\t\t\t\t\t\t<div class=\"badge-inner\">\n\t\t\t\t\t\t\t\t<span class=\"post-date-day\">10<\/span><br>\n\t\t\t\t\t\t\t\t<span class=\"post-date-month is-xsmall\">Oct<\/span>\n\t\t\t\t\t\t\t<\/div>\n\t\t\t\t\t\t<\/div>\n\t\t\t\t\t\t\t\t\t<\/div>\n\t\t\t<\/div>\n\t\t<\/div><div class=\"col post-item\" >\n\t\t\t<div class=\"col-inner\">\n\t\t\t\t<div class=\"box box-normal box-text-bottom box-blog-post has-hover\">\n            \t\t\t\t\t<div class=\"box-image\" >\n  \t\t\t\t\t\t<div class=\"image-cover\" style=\"padding-top:56.25%;\">\n\t\t\t\t\t\t\t<a href=\"https:\/\/mariblum.de\/fr\/superposition-des-couches-lorsque-vous-portez-votre-bebe-comment-vous-habiller-correctement-vous-et-votre-bebe\/\" class=\"plain\" aria-label=\"Superposition des couches lorsque vous portez votre b\u00e9b\u00e9 : comment vous habiller correctement, vous et votre b\u00e9b\u00e9\">\n\t\t\t\t\t\t\t\t<img loading=\"lazy\" decoding=\"async\" width=\"193\" height=\"300\" src=\"https:\/\/mariblum.de\/wp-content\/uploads\/2019\/02\/Olive_Ring-Sling_detail-scaled-e1576770252650-193x300.jpg\" class=\"attachment-medium size-medium wp-post-image\" alt=\"olive-ring-sling-en-chanvre\" srcset=\"https:\/\/mariblum.de\/wp-content\/uploads\/2019\/02\/Olive_Ring-Sling_detail-scaled-e1576770252650-193x300.jpg 193w, https:\/\/mariblum.de\/wp-content\/uploads\/2019\/02\/Olive_Ring-Sling_detail-scaled-e1576770252650-510x794.jpg 510w, https:\/\/mariblum.de\/wp-content\/uploads\/2019\/02\/Olive_Ring-Sling_detail-scaled-e1576770252650.jpg 514w\" sizes=\"auto, (max-width: 193px) 100vw, 193px\" \/>\t\t\t\t\t\t\t<\/a>\n  \t\t\t\t\t\t\t  \t\t\t\t\t\t\t  \t\t\t\t\t\t<\/div>\n  \t\t\t\t\t\t  \t\t\t\t\t<\/div>\n          \t\t\t\t\t<div class=\"box-text text-center\" >\n\t\t\t\t\t<div class=\"box-text-inner blog-post-inner\">\n\n\t\t\t\t\t\n\t\t\t\t\t\t\t\t\t\t<h5 class=\"post-title is-large \">\n\t\t\t\t\t\t<a href=\"https:\/\/mariblum.de\/fr\/superposition-des-couches-lorsque-vous-portez-votre-bebe-comment-vous-habiller-correctement-vous-et-votre-bebe\/\" class=\"plain\">Superposition des couches lorsque vous portez votre b\u00e9b\u00e9 : comment vous habiller correctement, vous et votre b\u00e9b\u00e9<\/a>\n\t\t\t\t\t<\/h5>\n\t\t\t\t\t\t\t\t\t\t<div class=\"is-divider\"><\/div>\n\t\t\t\t\t\t\t\t\t\t<p class=\"from_the_blog_excerpt \">\n\t\t\t\t\t\tLa vie de jeune maman est pleine de nouveaux d\u00e9fis \u2014 et de merveilleux moments [...]\t\t\t\t\t<\/p>\n\t\t\t\t\t                    \n\t\t\t\t\t\n\t\t\t\t\t\n\t\t\t\t\t<\/div>\n\t\t\t\t\t<\/div>\n\t\t\t\t\t\t\t\t\t\t\t\t\t\t\t\t<div class=\"badge absolute top post-date badge-outline\">\n\t\t\t\t\t\t\t<div class=\"badge-inner\">\n\t\t\t\t\t\t\t\t<span class=\"post-date-day\">26<\/span><br>\n\t\t\t\t\t\t\t\t<span class=\"post-date-month is-xsmall\">Sep<\/span>\n\t\t\t\t\t\t\t<\/div>\n\t\t\t\t\t\t<\/div>\n\t\t\t\t\t\t\t\t\t<\/div>\n\t\t\t<\/div>\n\t\t<\/div><div class=\"col post-item\" >\n\t\t\t<div class=\"col-inner\">\n\t\t\t\t<div class=\"box box-normal box-text-bottom box-blog-post has-hover\">\n            \t\t\t\t\t<div class=\"box-image\" >\n  \t\t\t\t\t\t<div class=\"image-cover\" style=\"padding-top:56.25%;\">\n\t\t\t\t\t\t\t<a href=\"https:\/\/mariblum.de\/fr\/maitriser-le-vent-la-pluie-avec-bebe-echarpes-et-ring-slings-strategies-douces-pour-jeunes-mamans\/\" class=\"plain\" aria-label=\"Ma\u00eetriser le vent &#038; la pluie avec b\u00e9b\u00e9 : \u00e9charpes et ring slings \u2014 strat\u00e9gies douces pour jeunes mamans\">\n\t\t\t\t\t\t\t\t<img loading=\"lazy\" decoding=\"async\" width=\"225\" height=\"300\" src=\"https:\/\/mariblum.de\/wp-content\/uploads\/2024\/03\/Babybonding-im-Tragetuch-225x300.png\" class=\"attachment-medium size-medium wp-post-image\" alt=\"Babybonding im Tragetuch\" srcset=\"https:\/\/mariblum.de\/wp-content\/uploads\/2024\/03\/Babybonding-im-Tragetuch-225x300.png 225w, https:\/\/mariblum.de\/wp-content\/uploads\/2024\/03\/Babybonding-im-Tragetuch-510x680.png 510w, https:\/\/mariblum.de\/wp-content\/uploads\/2024\/03\/Babybonding-im-Tragetuch.png 600w\" sizes=\"auto, (max-width: 225px) 100vw, 225px\" \/>\t\t\t\t\t\t\t<\/a>\n  \t\t\t\t\t\t\t  \t\t\t\t\t\t\t  \t\t\t\t\t\t<\/div>\n  \t\t\t\t\t\t  \t\t\t\t\t<\/div>\n          \t\t\t\t\t<div class=\"box-text text-center\" >\n\t\t\t\t\t<div class=\"box-text-inner blog-post-inner\">\n\n\t\t\t\t\t\n\t\t\t\t\t\t\t\t\t\t<h5 class=\"post-title is-large \">\n\t\t\t\t\t\t<a href=\"https:\/\/mariblum.de\/fr\/maitriser-le-vent-la-pluie-avec-bebe-echarpes-et-ring-slings-strategies-douces-pour-jeunes-mamans\/\" class=\"plain\">Ma\u00eetriser le vent &#038; la pluie avec b\u00e9b\u00e9 : \u00e9charpes et ring slings \u2014 strat\u00e9gies douces pour jeunes mamans<\/a>\n\t\t\t\t\t<\/h5>\n\t\t\t\t\t\t\t\t\t\t<div class=\"is-divider\"><\/div>\n\t\t\t\t\t\t\t\t\t\t<p class=\"from_the_blog_excerpt \">\n\t\t\t\t\t\tEn tant que jeune maman, tu veux prot\u00e9ger ton b\u00e9b\u00e9 \u2014 qu\u2019il vente ou qu\u2019il [...]\t\t\t\t\t<\/p>\n\t\t\t\t\t                    \n\t\t\t\t\t\n\t\t\t\t\t\n\t\t\t\t\t<\/div>\n\t\t\t\t\t<\/div>\n\t\t\t\t\t\t\t\t\t\t\t\t\t\t\t\t<div class=\"badge absolute top post-date badge-outline\">\n\t\t\t\t\t\t\t<div class=\"badge-inner\">\n\t\t\t\t\t\t\t\t<span class=\"post-date-day\">19<\/span><br>\n\t\t\t\t\t\t\t\t<span class=\"post-date-month is-xsmall\">Sep<\/span>\n\t\t\t\t\t\t\t<\/div>\n\t\t\t\t\t\t<\/div>\n\t\t\t\t\t\t\t\t\t<\/div>\n\t\t\t<\/div>\n\t\t<\/div><\/div>\n<h2 id=\"faq\">FAQ : vent, pluie &#038; portage<\/h2>\n<figure>\n  <img decoding=\"async\" src=\"https:\/\/mariblum.de\/wp-content\/uploads\/2025\/04\/Baby-Tragetuch-Baumwolle_Elefantenmotiv-weiss-blau.jpg\" alt=\"FAQ portage par vent et pluie \u2014 choix de mati\u00e8res et de mod\u00e8les\" loading=\"lazy\" \/><figcaption>Tes questions essentielles \u2014 nos r\u00e9ponses rapides.<\/figcaption><\/figure>\n<ol>\n<li><strong>Qu\u2019est-ce qu\u2019une \u00e9charpe de portage et un ring sling ?<\/strong><br \/>L\u2019\u00e9charpe est une longue bande \u00e0 nouer sur mesure ; le ring sling est plus court, avec anneaux pour une installation rapide. Les deux favorisent proximit\u00e9, confort et mobilit\u00e9.<\/li>\n<li><strong>Quels sont les b\u00e9n\u00e9fices du portage ?<\/strong><br \/>S\u00e9curit\u00e9 et lien renforc\u00e9 gr\u00e2ce au contact rapproch\u00e9, tout en gardant les mains libres.<\/li>\n<li><strong>Comment prot\u00e9ger mon b\u00e9b\u00e9 par vent ou pluie ?<\/strong><br \/>Choisis des v\u00eatements adapt\u00e9s aux intemp\u00e9ries, utilise l\u2019\u00e9charpe comme coupe-vent et ajoute un couvre-portage imperm\u00e9able si n\u00e9cessaire.<\/li>\n<li><strong>Quels v\u00eatements privil\u00e9gier ?<\/strong><br \/>Pour toi : veste coupe-vent ; pour b\u00e9b\u00e9 : combinaison d\u00e9perlante ; choisis une \u00e9charpe\/ring sling respirant.<\/li>\n<li><strong>\u00c9charpe ou ring sling : que choisir ?<\/strong><br \/>Les deux fonctionnent tr\u00e8s bien \u2014 suis ton confort, ton rythme et les signaux de ton b\u00e9b\u00e9.<\/li>\n<\/ol>\n<p><!-- Sch\u00e9ma FAQ (JSON-LD) --><br \/>\n<script type=\"application\/ld+json\">\n{\n  \"@context\": \"https:\/\/schema.org\",\n  \"@type\": \"FAQPage\",\n  \"mainEntity\": [\n    {\n      \"@type\": \"Question\",\n      \"name\": \"Qu\u2019est-ce qu\u2019une \\u00e9charpe de portage et un ring sling\\u00a0?\",\n      \"acceptedAnswer\": {\n        \"@type\": \"Answer\",\n        \"text\": \"L\\u2019\\u00e9charpe est une longue bande de tissu \\u00e0 nouer sur mesure\\u00a0; le ring sling est plus court et muni d\\u2019anneaux pour une installation rapide. Les deux favorisent proximit\\u00e9, confort et mobilit\\u00e9.\"\n      }\n    },\n    {\n      \"@type\": \"Question\",\n      \"name\": \"Quels sont les b\\u00e9n\\u00e9fices du portage\\u00a0?\",\n      \"acceptedAnswer\": {\n        \"@type\": \"Answer\",\n        \"text\": \"Le portage apporte s\\u00e9curit\\u00e9 et renforce le lien par le contact rapproch\\u00e9\\u00a0; tu gardes aussi les mains libres pour les t\\u00e2ches du quotidien.\"\n      }\n    },\n    {\n      \"@type\": \"Question\",\n      \"name\": \"Comment prot\\u00e9ger mon b\\u00e9b\\u00e9 par vent ou pluie\\u00a0?\",\n      \"acceptedAnswer\": {\n        \"@type\": \"Answer\",\n        \"text\": \"Choisis des couches adapt\\u00e9es aux intemp\\u00e9ries, noue l\\u2019\\u00e9charpe pour faire \\u00e9cran au vent et utilise un couvre-portage imperm\\u00e9able pour rester au sec sans d\\u00e9nouer.\"\n      }\n    },\n    {\n      \"@type\": \"Question\",\n      \"name\": \"Quels v\\u00eatements privil\\u00e9gier pour le portage\\u00a0?\",\n      \"acceptedAnswer\": {\n        \"@type\": \"Answer\",\n        \"text\": \"Une veste coupe-vent pour toi et une combinaison d\\u00e9perlante pour b\\u00e9b\\u00e9. Opte pour une \\u00e9charpe ou un ring sling respirant.\"\n      }\n    },\n    {\n      \"@type\": \"Question\",\n      \"name\": \"\\u00c9charpe ou ring sling\\u00a0: que choisir\\u00a0?\",\n      \"acceptedAnswer\": {\n        \"@type\": \"Answer\",\n        \"text\": \"Les deux conviennent. D\\u00e9cide selon ton quotidien, ton confort et les besoins de ton b\\u00e9b\\u00e9\\u00a0: il n\\u2019y a pas de mauvais choix.\"\n      }\n    }\n  ]\n}\n<\/script><\/p>\n","protected":false},"excerpt":{"rendered":"<p>En tant que jeune maman, tu veux prot\u00e9ger ton b\u00e9b\u00e9 \u2014 qu\u2019il vente ou qu\u2019il pleuve. Les \u00e9charpes de portage et les ring slings ne sont pas seulement pratiques : ils renforcent aussi votre lien. Voici comment rester sereine face aux changements m\u00e9t\u00e9o, sans devoir sortir ton petit de l\u2019\u00e9charpe. \u00c9charpes vs. Ring Slings : [&#8230;]\n","protected":false},"author":1,"featured_media":15801,"comment_status":"closed","ping_status":"closed","sticky":false,"template":"","format":"standard","meta":{"footnotes":""},"categories":[2142,2972,998],"tags":[3187,3183,3092,3096,3181,3182,3186,1916,3185,3184],"class_list":["post-19896","post","type-post","status-publish","format-standard","has-post-thumbnail","hentry","category-automne","category-bonding-fr","category-mariblum-actualites-porte-bebe","tag-conseils-portage","tag-couvre-portage","tag-echarpe-de-portage","tag-lien-dattachement","tag-portage-sous-la-pluie","tag-portage-vent","tag-position-en-m","tag-ring-sling-fr","tag-superposition-couches-portage","tag-veste-coupe-vent-portage"],"yoast_head":"<!-- This site is optimized with the Yoast SEO Premium plugin v23.3 (Yoast SEO v27.2) - https:\/\/yoast.com\/product\/yoast-seo-premium-wordpress\/ -->\n<title>Ma\u00eetriser le vent &amp; la pluie avec b\u00e9b\u00e9 : \u00e9charpes et ring slings<\/title>\n<meta name=\"description\" content=\"Strat\u00e9gies douces par temps venteux ou pluvieux : garde ton b\u00e9b\u00e9 au chaud et au sec en \u00e9charpe ou ring sling \u2014 couches, couvre-portage et lien renforc\u00e9.\" \/>\n<meta name=\"robots\" content=\"index, follow, max-snippet:-1, max-image-preview:large, max-video-preview:-1\" \/>\n<link rel=\"canonical\" href=\"https:\/\/mariblum.de\/fr\/maitriser-le-vent-la-pluie-avec-bebe-echarpes-et-ring-slings-strategies-douces-pour-jeunes-mamans\/\" \/>\n<meta property=\"og:locale\" content=\"fr_FR\" \/>\n<meta property=\"og:type\" content=\"article\" \/>\n<meta property=\"og:title\" content=\"Ma\u00eetriser le vent &amp; la pluie avec b\u00e9b\u00e9 : \u00e9charpes et ring slings \u2014 strat\u00e9gies douces pour jeunes mamans\" \/>\n<meta property=\"og:description\" content=\"Strat\u00e9gies douces par temps venteux ou pluvieux : garde ton b\u00e9b\u00e9 au chaud et au sec en \u00e9charpe ou ring sling \u2014 couches, couvre-portage et lien renforc\u00e9.\" \/>\n<meta property=\"og:url\" content=\"https:\/\/mariblum.de\/fr\/maitriser-le-vent-la-pluie-avec-bebe-echarpes-et-ring-slings-strategies-douces-pour-jeunes-mamans\/\" \/>\n<meta property=\"og:site_name\" content=\"mariblum - \u00c9charpe de portage\" \/>\n<meta property=\"article:published_time\" content=\"2025-09-19T04:47:22+00:00\" \/>\n<meta property=\"article:modified_time\" content=\"2025-09-19T04:56:21+00:00\" \/>\n<meta property=\"og:image\" content=\"https:\/\/mariblum.de\/wp-content\/uploads\/2024\/03\/Babybonding-im-Tragetuch.png\" \/>\n\t<meta property=\"og:image:width\" content=\"600\" \/>\n\t<meta property=\"og:image:height\" content=\"800\" \/>\n\t<meta property=\"og:image:type\" content=\"image\/png\" \/>\n<meta name=\"author\" content=\"mariblum\" \/>\n<meta name=\"twitter:card\" content=\"summary_large_image\" \/>\n<meta name=\"twitter:label1\" content=\"\u00c9crit par\" \/>\n\t<meta name=\"twitter:data1\" content=\"mariblum\" \/>\n\t<meta name=\"twitter:label2\" content=\"Dur\u00e9e de lecture estim\u00e9e\" \/>\n\t<meta name=\"twitter:data2\" content=\"5 minutes\" \/>\n<script type=\"application\/ld+json\" class=\"yoast-schema-graph\">{\"@context\":\"https:\/\/schema.org\",\"@graph\":[{\"@type\":\"Article\",\"@id\":\"https:\/\/mariblum.de\/fr\/maitriser-le-vent-la-pluie-avec-bebe-echarpes-et-ring-slings-strategies-douces-pour-jeunes-mamans\/#article\",\"isPartOf\":{\"@id\":\"https:\/\/mariblum.de\/fr\/maitriser-le-vent-la-pluie-avec-bebe-echarpes-et-ring-slings-strategies-douces-pour-jeunes-mamans\/\"},\"author\":{\"name\":\"mariblum\",\"@id\":\"https:\/\/mariblum.de\/fr\/#\/schema\/person\/0f48a4840cefc156d4d2deb5e4b294d0\"},\"headline\":\"Ma\u00eetriser le vent &#038; la pluie avec b\u00e9b\u00e9 : \u00e9charpes et ring slings \u2014 strat\u00e9gies douces pour jeunes mamans\",\"datePublished\":\"2025-09-19T04:47:22+00:00\",\"dateModified\":\"2025-09-19T04:56:21+00:00\",\"mainEntityOfPage\":{\"@id\":\"https:\/\/mariblum.de\/fr\/maitriser-le-vent-la-pluie-avec-bebe-echarpes-et-ring-slings-strategies-douces-pour-jeunes-mamans\/\"},\"wordCount\":668,\"publisher\":{\"@id\":\"https:\/\/mariblum.de\/fr\/#organization\"},\"image\":{\"@id\":\"https:\/\/mariblum.de\/fr\/maitriser-le-vent-la-pluie-avec-bebe-echarpes-et-ring-slings-strategies-douces-pour-jeunes-mamans\/#primaryimage\"},\"thumbnailUrl\":\"https:\/\/mariblum.de\/wp-content\/uploads\/2024\/03\/Babybonding-im-Tragetuch.png\",\"keywords\":[\"conseils portage\",\"couvre-portage\",\"\u00e9charpe de portage\",\"lien d\u2019attachement\",\"portage sous la pluie\",\"portage vent\",\"position en M\",\"ring sling\",\"superposition couches portage\",\"veste coupe-vent portage\"],\"articleSection\":[\"Automne\",\"Bonding\",\"mariblum - Actualit\u00e9s porte b\u00e9b\u00e9\"],\"inLanguage\":\"fr-FR\"},{\"@type\":\"WebPage\",\"@id\":\"https:\/\/mariblum.de\/fr\/maitriser-le-vent-la-pluie-avec-bebe-echarpes-et-ring-slings-strategies-douces-pour-jeunes-mamans\/\",\"url\":\"https:\/\/mariblum.de\/fr\/maitriser-le-vent-la-pluie-avec-bebe-echarpes-et-ring-slings-strategies-douces-pour-jeunes-mamans\/\",\"name\":\"Ma\u00eetriser le vent & la pluie avec b\u00e9b\u00e9 : \u00e9charpes et ring slings\",\"isPartOf\":{\"@id\":\"https:\/\/mariblum.de\/fr\/#website\"},\"primaryImageOfPage\":{\"@id\":\"https:\/\/mariblum.de\/fr\/maitriser-le-vent-la-pluie-avec-bebe-echarpes-et-ring-slings-strategies-douces-pour-jeunes-mamans\/#primaryimage\"},\"image\":{\"@id\":\"https:\/\/mariblum.de\/fr\/maitriser-le-vent-la-pluie-avec-bebe-echarpes-et-ring-slings-strategies-douces-pour-jeunes-mamans\/#primaryimage\"},\"thumbnailUrl\":\"https:\/\/mariblum.de\/wp-content\/uploads\/2024\/03\/Babybonding-im-Tragetuch.png\",\"datePublished\":\"2025-09-19T04:47:22+00:00\",\"dateModified\":\"2025-09-19T04:56:21+00:00\",\"description\":\"Strat\u00e9gies douces par temps venteux ou pluvieux : garde ton b\u00e9b\u00e9 au chaud et au sec en \u00e9charpe ou ring sling \u2014 couches, couvre-portage et lien renforc\u00e9.\",\"breadcrumb\":{\"@id\":\"https:\/\/mariblum.de\/fr\/maitriser-le-vent-la-pluie-avec-bebe-echarpes-et-ring-slings-strategies-douces-pour-jeunes-mamans\/#breadcrumb\"},\"inLanguage\":\"fr-FR\",\"potentialAction\":[{\"@type\":\"ReadAction\",\"target\":[\"https:\/\/mariblum.de\/fr\/maitriser-le-vent-la-pluie-avec-bebe-echarpes-et-ring-slings-strategies-douces-pour-jeunes-mamans\/\"]}]},{\"@type\":\"ImageObject\",\"inLanguage\":\"fr-FR\",\"@id\":\"https:\/\/mariblum.de\/fr\/maitriser-le-vent-la-pluie-avec-bebe-echarpes-et-ring-slings-strategies-douces-pour-jeunes-mamans\/#primaryimage\",\"url\":\"https:\/\/mariblum.de\/wp-content\/uploads\/2024\/03\/Babybonding-im-Tragetuch.png\",\"contentUrl\":\"https:\/\/mariblum.de\/wp-content\/uploads\/2024\/03\/Babybonding-im-Tragetuch.png\",\"width\":600,\"height\":800,\"caption\":\"Babybonding im Tragetuch\"},{\"@type\":\"BreadcrumbList\",\"@id\":\"https:\/\/mariblum.de\/fr\/maitriser-le-vent-la-pluie-avec-bebe-echarpes-et-ring-slings-strategies-douces-pour-jeunes-mamans\/#breadcrumb\",\"itemListElement\":[{\"@type\":\"ListItem\",\"position\":1,\"name\":\"Startseite\",\"item\":\"https:\/\/mariblum.de\/fr\/\"},{\"@type\":\"ListItem\",\"position\":2,\"name\":\"Ma\u00eetriser le vent &#038; la pluie avec b\u00e9b\u00e9 : \u00e9charpes et ring slings \u2014 strat\u00e9gies douces pour jeunes mamans\"}]},{\"@type\":\"WebSite\",\"@id\":\"https:\/\/mariblum.de\/fr\/#website\",\"url\":\"https:\/\/mariblum.de\/fr\/\",\"name\":\"mariblum Traget\u00fccher\",\"description\":\"la fa\u00e7on naturelle de porter votre b\u00e9b\u00e9\",\"publisher\":{\"@id\":\"https:\/\/mariblum.de\/fr\/#organization\"},\"potentialAction\":[{\"@type\":\"SearchAction\",\"target\":{\"@type\":\"EntryPoint\",\"urlTemplate\":\"https:\/\/mariblum.de\/fr\/?s={search_term_string}\"},\"query-input\":{\"@type\":\"PropertyValueSpecification\",\"valueRequired\":true,\"valueName\":\"search_term_string\"}}],\"inLanguage\":\"fr-FR\"},{\"@type\":\"Organization\",\"@id\":\"https:\/\/mariblum.de\/fr\/#organization\",\"name\":\"mariblum\",\"url\":\"https:\/\/mariblum.de\/fr\/\",\"logo\":{\"@type\":\"ImageObject\",\"inLanguage\":\"fr-FR\",\"@id\":\"https:\/\/mariblum.de\/fr\/#\/schema\/logo\/image\/\",\"url\":\"https:\/\/mariblum.de\/wp-content\/uploads\/2020\/07\/logo_m-500x_transparent.png\",\"contentUrl\":\"https:\/\/mariblum.de\/wp-content\/uploads\/2020\/07\/logo_m-500x_transparent.png\",\"width\":500,\"height\":500,\"caption\":\"mariblum\"},\"image\":{\"@id\":\"https:\/\/mariblum.de\/fr\/#\/schema\/logo\/image\/\"},\"sameAs\":[\"https:\/\/www.instagram.com\/_mariblum_\/\"]},{\"@type\":\"Person\",\"@id\":\"https:\/\/mariblum.de\/fr\/#\/schema\/person\/0f48a4840cefc156d4d2deb5e4b294d0\",\"name\":\"mariblum\",\"url\":\"https:\/\/mariblum.de\/fr\/author\/mariblum\/\"}]}<\/script>\n<!-- \/ Yoast SEO Premium plugin. -->","yoast_head_json":{"title":"Ma\u00eetriser le vent & la pluie avec b\u00e9b\u00e9 : \u00e9charpes et ring slings","description":"Strat\u00e9gies douces par temps venteux ou pluvieux : garde ton b\u00e9b\u00e9 au chaud et au sec en \u00e9charpe ou ring sling \u2014 couches, couvre-portage et lien renforc\u00e9.","robots":{"index":"index","follow":"follow","max-snippet":"max-snippet:-1","max-image-preview":"max-image-preview:large","max-video-preview":"max-video-preview:-1"},"canonical":"https:\/\/mariblum.de\/fr\/maitriser-le-vent-la-pluie-avec-bebe-echarpes-et-ring-slings-strategies-douces-pour-jeunes-mamans\/","og_locale":"fr_FR","og_type":"article","og_title":"Ma\u00eetriser le vent & la pluie avec b\u00e9b\u00e9 : \u00e9charpes et ring slings \u2014 strat\u00e9gies douces pour jeunes mamans","og_description":"Strat\u00e9gies douces par temps venteux ou pluvieux : garde ton b\u00e9b\u00e9 au chaud et au sec en \u00e9charpe ou ring sling \u2014 couches, couvre-portage et lien renforc\u00e9.","og_url":"https:\/\/mariblum.de\/fr\/maitriser-le-vent-la-pluie-avec-bebe-echarpes-et-ring-slings-strategies-douces-pour-jeunes-mamans\/","og_site_name":"mariblum - \u00c9charpe de portage","article_published_time":"2025-09-19T04:47:22+00:00","article_modified_time":"2025-09-19T04:56:21+00:00","og_image":[{"width":600,"height":800,"url":"https:\/\/mariblum.de\/wp-content\/uploads\/2024\/03\/Babybonding-im-Tragetuch.png","type":"image\/png"}],"author":"mariblum","twitter_card":"summary_large_image","twitter_misc":{"\u00c9crit par":"mariblum","Dur\u00e9e de lecture estim\u00e9e":"5 minutes"},"schema":{"@context":"https:\/\/schema.org","@graph":[{"@type":"Article","@id":"https:\/\/mariblum.de\/fr\/maitriser-le-vent-la-pluie-avec-bebe-echarpes-et-ring-slings-strategies-douces-pour-jeunes-mamans\/#article","isPartOf":{"@id":"https:\/\/mariblum.de\/fr\/maitriser-le-vent-la-pluie-avec-bebe-echarpes-et-ring-slings-strategies-douces-pour-jeunes-mamans\/"},"author":{"name":"mariblum","@id":"https:\/\/mariblum.de\/fr\/#\/schema\/person\/0f48a4840cefc156d4d2deb5e4b294d0"},"headline":"Ma\u00eetriser le vent &#038; la pluie avec b\u00e9b\u00e9 : \u00e9charpes et ring slings \u2014 strat\u00e9gies douces pour jeunes mamans","datePublished":"2025-09-19T04:47:22+00:00","dateModified":"2025-09-19T04:56:21+00:00","mainEntityOfPage":{"@id":"https:\/\/mariblum.de\/fr\/maitriser-le-vent-la-pluie-avec-bebe-echarpes-et-ring-slings-strategies-douces-pour-jeunes-mamans\/"},"wordCount":668,"publisher":{"@id":"https:\/\/mariblum.de\/fr\/#organization"},"image":{"@id":"https:\/\/mariblum.de\/fr\/maitriser-le-vent-la-pluie-avec-bebe-echarpes-et-ring-slings-strategies-douces-pour-jeunes-mamans\/#primaryimage"},"thumbnailUrl":"https:\/\/mariblum.de\/wp-content\/uploads\/2024\/03\/Babybonding-im-Tragetuch.png","keywords":["conseils portage","couvre-portage","\u00e9charpe de portage","lien d\u2019attachement","portage sous la pluie","portage vent","position en M","ring sling","superposition couches portage","veste coupe-vent portage"],"articleSection":["Automne","Bonding","mariblum - Actualit\u00e9s porte b\u00e9b\u00e9"],"inLanguage":"fr-FR"},{"@type":"WebPage","@id":"https:\/\/mariblum.de\/fr\/maitriser-le-vent-la-pluie-avec-bebe-echarpes-et-ring-slings-strategies-douces-pour-jeunes-mamans\/","url":"https:\/\/mariblum.de\/fr\/maitriser-le-vent-la-pluie-avec-bebe-echarpes-et-ring-slings-strategies-douces-pour-jeunes-mamans\/","name":"Ma\u00eetriser le vent & la pluie avec b\u00e9b\u00e9 : \u00e9charpes et ring slings","isPartOf":{"@id":"https:\/\/mariblum.de\/fr\/#website"},"primaryImageOfPage":{"@id":"https:\/\/mariblum.de\/fr\/maitriser-le-vent-la-pluie-avec-bebe-echarpes-et-ring-slings-strategies-douces-pour-jeunes-mamans\/#primaryimage"},"image":{"@id":"https:\/\/mariblum.de\/fr\/maitriser-le-vent-la-pluie-avec-bebe-echarpes-et-ring-slings-strategies-douces-pour-jeunes-mamans\/#primaryimage"},"thumbnailUrl":"https:\/\/mariblum.de\/wp-content\/uploads\/2024\/03\/Babybonding-im-Tragetuch.png","datePublished":"2025-09-19T04:47:22+00:00","dateModified":"2025-09-19T04:56:21+00:00","description":"Strat\u00e9gies douces par temps venteux ou pluvieux : garde ton b\u00e9b\u00e9 au chaud et au sec en \u00e9charpe ou ring sling \u2014 couches, couvre-portage et lien renforc\u00e9.","breadcrumb":{"@id":"https:\/\/mariblum.de\/fr\/maitriser-le-vent-la-pluie-avec-bebe-echarpes-et-ring-slings-strategies-douces-pour-jeunes-mamans\/#breadcrumb"},"inLanguage":"fr-FR","potentialAction":[{"@type":"ReadAction","target":["https:\/\/mariblum.de\/fr\/maitriser-le-vent-la-pluie-avec-bebe-echarpes-et-ring-slings-strategies-douces-pour-jeunes-mamans\/"]}]},{"@type":"ImageObject","inLanguage":"fr-FR","@id":"https:\/\/mariblum.de\/fr\/maitriser-le-vent-la-pluie-avec-bebe-echarpes-et-ring-slings-strategies-douces-pour-jeunes-mamans\/#primaryimage","url":"https:\/\/mariblum.de\/wp-content\/uploads\/2024\/03\/Babybonding-im-Tragetuch.png","contentUrl":"https:\/\/mariblum.de\/wp-content\/uploads\/2024\/03\/Babybonding-im-Tragetuch.png","width":600,"height":800,"caption":"Babybonding im Tragetuch"},{"@type":"BreadcrumbList","@id":"https:\/\/mariblum.de\/fr\/maitriser-le-vent-la-pluie-avec-bebe-echarpes-et-ring-slings-strategies-douces-pour-jeunes-mamans\/#breadcrumb","itemListElement":[{"@type":"ListItem","position":1,"name":"Startseite","item":"https:\/\/mariblum.de\/fr\/"},{"@type":"ListItem","position":2,"name":"Ma\u00eetriser le vent &#038; la pluie avec b\u00e9b\u00e9 : \u00e9charpes et ring slings \u2014 strat\u00e9gies douces pour jeunes mamans"}]},{"@type":"WebSite","@id":"https:\/\/mariblum.de\/fr\/#website","url":"https:\/\/mariblum.de\/fr\/","name":"mariblum Traget\u00fccher","description":"la fa\u00e7on naturelle de porter votre b\u00e9b\u00e9","publisher":{"@id":"https:\/\/mariblum.de\/fr\/#organization"},"potentialAction":[{"@type":"SearchAction","target":{"@type":"EntryPoint","urlTemplate":"https:\/\/mariblum.de\/fr\/?s={search_term_string}"},"query-input":{"@type":"PropertyValueSpecification","valueRequired":true,"valueName":"search_term_string"}}],"inLanguage":"fr-FR"},{"@type":"Organization","@id":"https:\/\/mariblum.de\/fr\/#organization","name":"mariblum","url":"https:\/\/mariblum.de\/fr\/","logo":{"@type":"ImageObject","inLanguage":"fr-FR","@id":"https:\/\/mariblum.de\/fr\/#\/schema\/logo\/image\/","url":"https:\/\/mariblum.de\/wp-content\/uploads\/2020\/07\/logo_m-500x_transparent.png","contentUrl":"https:\/\/mariblum.de\/wp-content\/uploads\/2020\/07\/logo_m-500x_transparent.png","width":500,"height":500,"caption":"mariblum"},"image":{"@id":"https:\/\/mariblum.de\/fr\/#\/schema\/logo\/image\/"},"sameAs":["https:\/\/www.instagram.com\/_mariblum_\/"]},{"@type":"Person","@id":"https:\/\/mariblum.de\/fr\/#\/schema\/person\/0f48a4840cefc156d4d2deb5e4b294d0","name":"mariblum","url":"https:\/\/mariblum.de\/fr\/author\/mariblum\/"}]}},"_links":{"self":[{"href":"https:\/\/mariblum.de\/fr\/wp-json\/wp\/v2\/posts\/19896","targetHints":{"allow":["GET"]}}],"collection":[{"href":"https:\/\/mariblum.de\/fr\/wp-json\/wp\/v2\/posts"}],"about":[{"href":"https:\/\/mariblum.de\/fr\/wp-json\/wp\/v2\/types\/post"}],"author":[{"embeddable":true,"href":"https:\/\/mariblum.de\/fr\/wp-json\/wp\/v2\/users\/1"}],"replies":[{"embeddable":true,"href":"https:\/\/mariblum.de\/fr\/wp-json\/wp\/v2\/comments?post=19896"}],"version-history":[{"count":1,"href":"https:\/\/mariblum.de\/fr\/wp-json\/wp\/v2\/posts\/19896\/revisions"}],"predecessor-version":[{"id":19902,"href":"https:\/\/mariblum.de\/fr\/wp-json\/wp\/v2\/posts\/19896\/revisions\/19902"}],"wp:featuredmedia":[{"embeddable":true,"href":"https:\/\/mariblum.de\/fr\/wp-json\/wp\/v2\/media\/15801"}],"wp:attachment":[{"href":"https:\/\/mariblum.de\/fr\/wp-json\/wp\/v2\/media?parent=19896"}],"wp:term":[{"taxonomy":"category","embeddable":true,"href":"https:\/\/mariblum.de\/fr\/wp-json\/wp\/v2\/categories?post=19896"},{"taxonomy":"post_tag","embeddable":true,"href":"https:\/\/mariblum.de\/fr\/wp-json\/wp\/v2\/tags?post=19896"}],"curies":[{"name":"wp","href":"https:\/\/api.w.org\/{rel}","templated":true}]}}