{"id":19530,"date":"2025-06-06T04:33:43","date_gmt":"2025-06-06T04:33:43","guid":{"rendered":"https:\/\/mariblum.de\/?p=19530"},"modified":"2025-06-06T04:33:47","modified_gmt":"2025-06-06T04:33:47","slug":"pourquoi-votre-bebe-se-sent-il-plus-a-laise-dans-une-echarpe-que-dans-un-porte-bebe","status":"publish","type":"post","link":"https:\/\/mariblum.de\/fr\/pourquoi-votre-bebe-se-sent-il-plus-a-laise-dans-une-echarpe-que-dans-un-porte-bebe\/","title":{"rendered":"Pourquoi votre b\u00e9b\u00e9 se sent-il plus \u00e0 l&rsquo;aise dans une \u00e9charpe que dans un porte-b\u00e9b\u00e9 ?"},"content":{"rendered":"\n<p class=\"wp-block-yoast-seo-estimated-reading-time yoast-reading-time__wrapper\"><span class=\"yoast-reading-time__icon\"><svg aria-hidden=\"true\" focusable=\"false\" data-icon=\"clock\" width=\"20\" height=\"20\" fill=\"none\" stroke=\"currentColor\" style=\"display:inline-block;vertical-align:-0.1em\" role=\"img\" xmlns=\"http:\/\/www.w3.org\/2000\/svg\" viewBox=\"0 0 24 24\"><path stroke-linecap=\"round\" stroke-linejoin=\"round\" stroke-width=\"2\" d=\"M12 8v4l3 3m6-3a9 9 0 11-18 0 9 9 0 0118 0z\"><\/path><\/svg><\/span><span class=\"yoast-reading-time__spacer\" style=\"display:inline-block;width:1em\"><\/span><span class=\"yoast-reading-time__descriptive-text\">Estimated reading time: <\/span><span class=\"yoast-reading-time__reading-time\">7<\/span><span class=\"yoast-reading-time__time-unit\"> minutes<\/span><\/p>\n\n\n\n<p align=\"justify\" class=\"lead\">Parfois, il suffit d\u2019un regard dans les yeux de ton b\u00e9b\u00e9 \u2013 et tu sens que quelque chose ne va pas. Le porte-b\u00e9b\u00e9 est bien ajust\u00e9, tout semble en ordre. Et pourtant, ton enfant g\u00e9mit, s\u2019agite, veut sortir. Puis tu essaies l\u2019\u00e9charpe de portage. Et soudain : le calme. La proximit\u00e9. La connexion. Pourquoi ?<\/p>\n<Strong>Table des Mati\u00e8res<\/strong>\n\n<ol> <li style=\"list-style-type: none;\"> <ol> <li><a href=\"#Une-sensation-comme-dans-le-ventre-maternel\">Une sensation comme dans le ventre maternel<\/a><\/li> <li><a href=\"#Libert\u00e9-de-mouvement-et-\u00e9quilibre-des-tensions\">Libert\u00e9 de mouvement et \u00e9quilibre des tensions<\/a><\/li> <li><a href=\"#Contact-corporel-intens\u00e9ment-perceptible\">Contact corporel intens\u00e9ment perceptible<\/a><\/li> <li><a href=\"#Ajustable-comme-aucun-autre-moyen-de-portage\">Ajustable comme aucun autre moyen de portage<\/a><\/li> <li><a href=\"#\u00c9charpe-vs-porte-b\u00e9b\u00e9\u2013dois-je-choisir\">\u00c9charpe vs porte-b\u00e9b\u00e9 \u2013 dois-je choisir ?<\/a><\/li> <li><a href=\"#Conclusion\u2013\u00e9charpe=proximit\u00e9-pure-et-confort-souple\">Conclusion : \u00c9charpe = proximit\u00e9 pure et confort souple<\/a><\/li> <li><a href=\"#FAQ\u2013Questions-fr\u00e9quentes-sur-\u00e9charpe-vs-porte-b\u00e9b\u00e9\">FAQ : Questions fr\u00e9quentes sur \u00e9charpe vs porte-b\u00e9b\u00e9<\/a><\/li> <\/ol> <\/li> <\/ol> <h2 id=\"Une-sensation-comme-dans-le-ventre-maternel\">Une sensation comme dans le ventre maternel<\/h2> <img loading=\"lazy\" decoding=\"async\" class=\"alignnone size-full\" src=\"https:\/\/mariblum.de\/wp-content\/uploads\/2025\/04\/Zauberwald-Baby-Tragetuch-aus-Hanf.jpeg\" alt=\"Sensation comme dans le ventre maternel\" width=\"6000\" height=\"8000\" \/> <p align=\"justify\">Les b\u00e9b\u00e9s sont faits pour \u00eatre port\u00e9s. Pendant neuf mois, ils ont v\u00e9cu dans un espace chaud, protecteur \u2013 \u00e9troitement envelopp\u00e9s, berc\u00e9s en douceur, accompagn\u00e9s d\u2019un battement de c\u0153ur familier. Les \u00e9charpes de portage recr\u00e9ent \u00e9tonnamment bien cette sensation. Le tissu doux s\u2019adapte enti\u00e8rement au corps du b\u00e9b\u00e9 sans appuyer ni restreindre. Contrairement \u00e0 de nombreux porte-b\u00e9b\u00e9s structur\u00e9s avec des \u00e9l\u00e9ments pr\u00e9form\u00e9s, une \u00e9charpe s\u2019ajuste au millim\u00e8tre pr\u00e8s \u2013 comme une seconde peau.<\/p> <p align=\"justify\">Tu enveloppes ton b\u00e9b\u00e9 dans l\u2019\u00e9charpe \u2013 tu ne le places pas dans un syst\u00e8me de portage. Cette nuance peut sembler minime, mais pour de nombreux b\u00e9b\u00e9s, elle fait une \u00e9norme diff\u00e9rence.<\/p> <h2 id=\"Libert\u00e9-de-mouvement-et-\u00e9quilibre-des-tensions\">Libert\u00e9 de mouvement et \u00e9quilibre des tensions<\/h2> <img loading=\"lazy\" decoding=\"async\" class=\"alignnone size-full\" src=\"https:\/\/mariblum.de\/wp-content\/uploads\/2025\/04\/Tragetuch_Baby_mku.jpg\" alt=\"Libert\u00e9 de mouvement m\u00e8re et enfant\" width=\"6000\" height=\"8000\" \/> <p align=\"justify\">Avec une \u00e9charpe, tes mouvements se transmettent en douceur \u00e0 ton b\u00e9b\u00e9. Chaque petit mouvement de ton buste le r\u00e9gule et le stimule. Cela aide son syst\u00e8me nerveux \u00e0 traiter les stimuli \u2013 un peu comme un l\u00e9ger bercement. Beaucoup de parents racontent que leur b\u00e9b\u00e9 est plus calme, dort plus longtemps et pleure moins lorsqu\u2019il est port\u00e9 en \u00e9charpe.<\/p> <p align=\"justify\">Les porte-b\u00e9b\u00e9s avec des sangles rigides sont souvent plus \u00ab fig\u00e9s \u00bb. Ils offrent un bon maintien, oui. Mais ce maintien peut manquer de sensibilit\u00e9 pour certains b\u00e9b\u00e9s, surtout les nouveau-n\u00e9s ou les enfants tr\u00e8s sensibles.<\/p> <h2 id=\"Contact-corporel-intens\u00e9ment-perceptible\">Contact corporel intens\u00e9ment perceptible<\/h2> <img loading=\"lazy\" decoding=\"async\" class=\"alignnone size-full\" src=\"https:\/\/mariblum.de\/wp-content\/uploads\/2025\/04\/Baby-Tragetuch_lila.jpg\" alt=\"Contact corporel intens\u00e9ment perceptible\" width=\"6000\" height=\"8000\" \/> <p align=\"justify\">L\u2019\u00e9charpe rapproche litt\u00e9ralement vos c\u0153urs. Le tissu et le corps fusionnent \u2013 tu ressens chaque respiration, chaque mouvement, et ton b\u00e9b\u00e9 te ressent. Cela renforce non seulement votre lien, mais soutient aussi le d\u00e9veloppement de sa conscience corporelle. De nombreux b\u00e9b\u00e9s port\u00e9s d\u00e9veloppent un meilleur tonus musculaire, car l\u2019\u00e9charpe leur permet d\u2019adopter activement leur posture \u2013 au lieu d\u2019\u00eatre fix\u00e9s dans une position rigide.<\/p> <h2 id=\"Ajustable-comme-aucun-autre-moyen-de-portage\">Ajustable comme aucun autre moyen de portage<\/h2> <img loading=\"lazy\" decoding=\"async\" class=\"alignnone size-full\" src=\"https:\/\/mariblum.de\/wp-content\/uploads\/2024\/09\/Lavendelfeld-RingSling.jpeg\" alt=\"Ajustable comme aucun autre moyen de portage\" width=\"6000\" height=\"8000\" \/> <p align=\"justify\">Qu\u2019il soit un petit pr\u00e9matur\u00e9 ou un b\u00e9b\u00e9 bien potel\u00e9 \u2013 une \u00e9charpe s\u2019adapte. C\u2019est toi qui choisis o\u00f9 soutenir, combien serrer, \u00e0 quelle hauteur placer ton b\u00e9b\u00e9. Cela signifie : pas de points de pression, pas de sangles trop serr\u00e9es, pas de mauvaise posture. Surtout pour les parents de petite ou grande corpulence, c\u2019est un vrai avantage \u2013 car les \u00e9charpes ne suivent pas de tailles standardis\u00e9es.<\/p> <h2 id=\"\u00c9charpe-vs-porte-b\u00e9b\u00e9\u2013dois-je-choisir\">\u00c9charpe vs porte-b\u00e9b\u00e9 \u2013 dois-je choisir ?<\/h2> <img loading=\"lazy\" decoding=\"async\" class=\"alignnone size-full\" src=\"https:\/\/mariblum.de\/wp-content\/uploads\/2021\/01\/Blumenwiese-Tragetuch-aus-Hanf.jpeg\" alt=\"\u00c9charpe versus porte-b\u00e9b\u00e9\" width=\"6000\" height=\"8000\" \/> <p align=\"justify\">Non, tu n\u2019es pas oblig\u00e9\u00b7e de choisir. Les deux syst\u00e8mes ont leur raison d\u2019\u00eatre. Un porte-b\u00e9b\u00e9 est rapide \u00e0 enfiler, pratique en d\u00e9placement, ergonomique \u2013 et pour beaucoup de parents, un vrai sauveur au quotidien. Mais : si ton b\u00e9b\u00e9 ne s\u2019y sent pas bien, \u00e7a vaut la peine de regarder autrement. Le but reste toujours le m\u00eame : proximit\u00e9, s\u00e9curit\u00e9, lien. Comment tu y parviens, c\u2019est \u00e0 toi de voir.<\/p> <p align=\"justify\">Peut-\u00eatre que tu utilises l\u2019\u00e9charpe \u00e0 la maison et le porte-b\u00e9b\u00e9 \u00e0 l\u2019ext\u00e9rieur. Ou tu commences avec l\u2019\u00e9charpe et tu passes ensuite au porte-b\u00e9b\u00e9. Il n\u2019y a pas de bon ou de mauvais choix \u2013 seulement ce qui vous convient \u00e0 tous les deux.<\/p> <h2 id=\"Conclusion\u2013\u00e9charpe=proximit\u00e9-pure-et-confort-souple\">Conclusion : \u00c9charpe = proximit\u00e9 pure et confort souple<\/h2> <p align=\"justify\">Porter en \u00e9charpe, c\u2019est comme danser avec ton enfant \u2013 doux, fluide, finement accord\u00e9. Ce n\u2019est pas un gadget technique, mais un outil de connexion. Si tu t\u2019ouvres \u00e0 cette exp\u00e9rience, tu ressentiras vite que quelque chose de plus profond se passe. Ton b\u00e9b\u00e9 ne se sent pas juste en s\u00e9curit\u00e9 \u2013 il se sent chez lui.<\/p> <p align=\"justify\">Et toi ? Tu te sens plus libre, plus mobile, plus proche. Exactement ce dont la relation a besoin.<\/p> <h3>Envie d\u2019aller plus loin dans le portage ?<\/h3> <p align=\"justify\">C\u2019est peut-\u00eatre le bon moment pour essayer une \u00e9charpe ou prendre rendez-vous pour un atelier de portage. Tu d\u00e9couvriras ce qui vous convient vraiment \u2013 et tu pourras r\u00e9pondre aux besoins de ton b\u00e9b\u00e9 l\u00e0 o\u00f9 il se sent le mieux : tout contre toi.<\/p> <hr> <h2 id=\"FAQ\u2013Questions-fr\u00e9quentes-sur-\u00e9charpe-vs-porte-b\u00e9b\u00e9\">FAQ : Questions fr\u00e9quentes sur \u00e9charpe vs porte-b\u00e9b\u00e9<\/h2> <strong><\/strong> \n<strong><\/strong>\n\n\n<strong><\/strong>\n\n\n<strong><\/strong>\n\n\n\n\n<div class=\"schema-faq wp-block-yoast-faq-block\"><div class=\"schema-faq-section\" id=\"faq-question-1749184361787\"><strong class=\"schema-faq-question\">\u00c0 partir de quand puis-je utiliser une \u00e9charpe de portage ?<\/strong> <p class=\"schema-faq-answer\">Tu peux utiliser une \u00e9charpe extensible ou tiss\u00e9e d\u00e8s la naissance \u2013 \u00e0 condition que ton b\u00e9b\u00e9 soit en bonne sant\u00e9 et n\u00e9 \u00e0 terme. Surtout durant les premi\u00e8res semaines, elle apporte s\u00e9curit\u00e9 et proximit\u00e9, comme dans le ventre.<\/p> <\/div> <div class=\"schema-faq-section\" id=\"faq-question-1749184381445\"><strong class=\"schema-faq-question\">Pourquoi mon b\u00e9b\u00e9 pleure-t-il dans le porte-b\u00e9b\u00e9 mais pas dans l\u2019\u00e9charpe ?<\/strong> <p class=\"schema-faq-answer\">Beaucoup de b\u00e9b\u00e9s sont sensibles \u00e0 la pression ou aux mat\u00e9riaux rigides. Une \u00e9charpe \u00e9pouse le corps plus en douceur, ce qui peut leur donner un sentiment de s\u00e9curit\u00e9 plus fort \u2013 proche du contact peau \u00e0 peau.<\/p> <\/div> <div class=\"schema-faq-section\" id=\"faq-question-1749184399836\"><strong class=\"schema-faq-question\">Est-ce compliqu\u00e9 d\u2019apprendre \u00e0 nouer une \u00e9charpe ?<\/strong> <p class=\"schema-faq-answer\">Au d\u00e9but, \u00e7a demande un peu de pratique. Mais avec une bonne vid\u00e9o ou un atelier de portage, tu y arrives vite. De nombreux parents disent qu\u2019ils se sentent \u00e0 l\u2019aise apr\u00e8s quelques jours.<\/p> <\/div> <div class=\"schema-faq-section\" id=\"faq-question-1749184414079\"><strong class=\"schema-faq-question\">Une \u00e9charpe est-elle plus ergonomique qu\u2019un porte-b\u00e9b\u00e9 ?<\/strong> <p class=\"schema-faq-answer\">Les deux peuvent \u00eatre ergonomiques \u2013 ce qui compte, c\u2019est de bien les utiliser. Les \u00e9charpes offrent cependant plus de possibilit\u00e9s d\u2019ajustement, notamment pour les nouveau-n\u00e9s ou les b\u00e9b\u00e9s tr\u00e8s menus.<\/p> <\/div> <\/div>\n","protected":false},"excerpt":{"rendered":"<p>Parfois, il suffit d\u2019un regard dans les yeux de ton b\u00e9b\u00e9 \u2013 et tu sens que quelque chose ne va pas. Le porte-b\u00e9b\u00e9 est bien ajust\u00e9, tout semble en ordre. Et pourtant, ton enfant g\u00e9mit, s\u2019agite, veut sortir. Puis tu essaies l\u2019\u00e9charpe de portage. Et soudain : le calme. La proximit\u00e9. La connexion. Pourquoi ? [&#8230;]\n","protected":false},"author":1,"featured_media":18962,"comment_status":"closed","ping_status":"closed","sticky":false,"template":"","format":"standard","meta":{"footnotes":""},"categories":[2141,998,2975,3038],"tags":[1694,1987,3028,1920,3064,3065],"class_list":["post-19530","post","type-post","status-publish","format-standard","has-post-thumbnail","hentry","category-ete","category-mariblum-actualites-porte-bebe","category-nachteile-des-tragens-fr","category-stillen-im-ring-sling-und-baby-tragetuch-fr","tag-echarpe","tag-echarpe-fr-2","tag-nachteile-fr","tag-tragetuch-fr","tag-vor-und-nachteile-fr","tag-vorteile-fr"],"yoast_head":"<!-- This site is optimized with the Yoast SEO Premium plugin v23.3 (Yoast SEO v27.2) - https:\/\/yoast.com\/product\/yoast-seo-premium-wordpress\/ -->\n<title>Pourquoi votre b\u00e9b\u00e9 se sent-il plus \u00e0 l&#039;aise dans une \u00e9charpe que dans un porte-b\u00e9b\u00e9 ? - mariblum - \u00c9charpe de portage<\/title>\n<meta name=\"description\" content=\"D\u00e9couvrez les raisons pour lesquelles de nombreux b\u00e9b\u00e9s pr\u00e9f\u00e8rent le porte-b\u00e9b\u00e9 et comment vous pouvez renforcer le lien avec votre enfant en le portant correctement.\" \/>\n<meta name=\"robots\" content=\"index, follow, max-snippet:-1, max-image-preview:large, max-video-preview:-1\" \/>\n<link rel=\"canonical\" href=\"https:\/\/mariblum.de\/fr\/pourquoi-votre-bebe-se-sent-il-plus-a-laise-dans-une-echarpe-que-dans-un-porte-bebe\/\" \/>\n<meta property=\"og:locale\" content=\"fr_FR\" \/>\n<meta property=\"og:type\" content=\"article\" \/>\n<meta property=\"og:title\" content=\"Pourquoi votre b\u00e9b\u00e9 se sent-il plus \u00e0 l&#039;aise dans une \u00e9charpe que dans un porte-b\u00e9b\u00e9 ?\" \/>\n<meta property=\"og:description\" content=\"D\u00e9couvrez les raisons pour lesquelles de nombreux b\u00e9b\u00e9s pr\u00e9f\u00e8rent le porte-b\u00e9b\u00e9 et comment vous pouvez renforcer le lien avec votre enfant en le portant correctement.\" \/>\n<meta property=\"og:url\" content=\"https:\/\/mariblum.de\/fr\/pourquoi-votre-bebe-se-sent-il-plus-a-laise-dans-une-echarpe-que-dans-un-porte-bebe\/\" \/>\n<meta property=\"og:site_name\" content=\"mariblum - \u00c9charpe de portage\" \/>\n<meta property=\"article:published_time\" content=\"2025-06-06T04:33:43+00:00\" \/>\n<meta property=\"article:modified_time\" content=\"2025-06-06T04:33:47+00:00\" \/>\n<meta property=\"og:image\" content=\"https:\/\/mariblum.de\/wp-content\/uploads\/2025\/04\/Tragetuch_Hanf_Baby_mku.jpg\" \/>\n\t<meta property=\"og:image:width\" content=\"600\" \/>\n\t<meta property=\"og:image:height\" content=\"800\" \/>\n\t<meta property=\"og:image:type\" content=\"image\/jpeg\" \/>\n<meta name=\"author\" content=\"mariblum\" \/>\n<meta name=\"twitter:card\" content=\"summary_large_image\" \/>\n<meta name=\"twitter:label1\" content=\"\u00c9crit par\" \/>\n\t<meta name=\"twitter:data1\" content=\"mariblum\" \/>\n\t<meta name=\"twitter:label2\" content=\"Dur\u00e9e de lecture estim\u00e9e\" \/>\n\t<meta name=\"twitter:data2\" content=\"7 minutes\" \/>\n<script type=\"application\/ld+json\" class=\"yoast-schema-graph\">{\"@context\":\"https:\/\/schema.org\",\"@graph\":[{\"@type\":\"Article\",\"@id\":\"https:\/\/mariblum.de\/fr\/pourquoi-votre-bebe-se-sent-il-plus-a-laise-dans-une-echarpe-que-dans-un-porte-bebe\/#article\",\"isPartOf\":{\"@id\":\"https:\/\/mariblum.de\/fr\/pourquoi-votre-bebe-se-sent-il-plus-a-laise-dans-une-echarpe-que-dans-un-porte-bebe\/\"},\"author\":{\"name\":\"mariblum\",\"@id\":\"https:\/\/mariblum.de\/fr\/#\/schema\/person\/0f48a4840cefc156d4d2deb5e4b294d0\"},\"headline\":\"Pourquoi votre b\u00e9b\u00e9 se sent-il plus \u00e0 l&rsquo;aise dans une \u00e9charpe que dans un porte-b\u00e9b\u00e9 ?\",\"datePublished\":\"2025-06-06T04:33:43+00:00\",\"dateModified\":\"2025-06-06T04:33:47+00:00\",\"mainEntityOfPage\":{\"@id\":\"https:\/\/mariblum.de\/fr\/pourquoi-votre-bebe-se-sent-il-plus-a-laise-dans-une-echarpe-que-dans-un-porte-bebe\/\"},\"wordCount\":1012,\"publisher\":{\"@id\":\"https:\/\/mariblum.de\/fr\/#organization\"},\"image\":{\"@id\":\"https:\/\/mariblum.de\/fr\/pourquoi-votre-bebe-se-sent-il-plus-a-laise-dans-une-echarpe-que-dans-un-porte-bebe\/#primaryimage\"},\"thumbnailUrl\":\"https:\/\/mariblum.de\/wp-content\/uploads\/2025\/04\/Tragetuch_Hanf_Baby_mku.jpg\",\"keywords\":[\"echarpe\",\"echarpe\",\"nachteile\",\"tragetuch\",\"Vor- und Nachteile\",\"Vorteile\"],\"articleSection\":[\"\u00c9t\u00e9\",\"mariblum - Actualit\u00e9s porte b\u00e9b\u00e9\",\"Nachteile des tragens\",\"Stillen im Ring Sling und Baby Tragetuch\"],\"inLanguage\":\"fr-FR\"},{\"@type\":[\"WebPage\",\"FAQPage\"],\"@id\":\"https:\/\/mariblum.de\/fr\/pourquoi-votre-bebe-se-sent-il-plus-a-laise-dans-une-echarpe-que-dans-un-porte-bebe\/\",\"url\":\"https:\/\/mariblum.de\/fr\/pourquoi-votre-bebe-se-sent-il-plus-a-laise-dans-une-echarpe-que-dans-un-porte-bebe\/\",\"name\":\"Pourquoi votre b\u00e9b\u00e9 se sent-il plus \u00e0 l'aise dans une \u00e9charpe que dans un porte-b\u00e9b\u00e9 ? - mariblum - \u00c9charpe de portage\",\"isPartOf\":{\"@id\":\"https:\/\/mariblum.de\/fr\/#website\"},\"primaryImageOfPage\":{\"@id\":\"https:\/\/mariblum.de\/fr\/pourquoi-votre-bebe-se-sent-il-plus-a-laise-dans-une-echarpe-que-dans-un-porte-bebe\/#primaryimage\"},\"image\":{\"@id\":\"https:\/\/mariblum.de\/fr\/pourquoi-votre-bebe-se-sent-il-plus-a-laise-dans-une-echarpe-que-dans-un-porte-bebe\/#primaryimage\"},\"thumbnailUrl\":\"https:\/\/mariblum.de\/wp-content\/uploads\/2025\/04\/Tragetuch_Hanf_Baby_mku.jpg\",\"datePublished\":\"2025-06-06T04:33:43+00:00\",\"dateModified\":\"2025-06-06T04:33:47+00:00\",\"description\":\"D\u00e9couvrez les raisons pour lesquelles de nombreux b\u00e9b\u00e9s pr\u00e9f\u00e8rent le porte-b\u00e9b\u00e9 et comment vous pouvez renforcer le lien avec votre enfant en le portant correctement.\",\"breadcrumb\":{\"@id\":\"https:\/\/mariblum.de\/fr\/pourquoi-votre-bebe-se-sent-il-plus-a-laise-dans-une-echarpe-que-dans-un-porte-bebe\/#breadcrumb\"},\"mainEntity\":[{\"@id\":\"https:\/\/mariblum.de\/fr\/pourquoi-votre-bebe-se-sent-il-plus-a-laise-dans-une-echarpe-que-dans-un-porte-bebe\/#faq-question-1749184361787\"},{\"@id\":\"https:\/\/mariblum.de\/fr\/pourquoi-votre-bebe-se-sent-il-plus-a-laise-dans-une-echarpe-que-dans-un-porte-bebe\/#faq-question-1749184381445\"},{\"@id\":\"https:\/\/mariblum.de\/fr\/pourquoi-votre-bebe-se-sent-il-plus-a-laise-dans-une-echarpe-que-dans-un-porte-bebe\/#faq-question-1749184399836\"},{\"@id\":\"https:\/\/mariblum.de\/fr\/pourquoi-votre-bebe-se-sent-il-plus-a-laise-dans-une-echarpe-que-dans-un-porte-bebe\/#faq-question-1749184414079\"}],\"inLanguage\":\"fr-FR\",\"potentialAction\":[{\"@type\":\"ReadAction\",\"target\":[\"https:\/\/mariblum.de\/fr\/pourquoi-votre-bebe-se-sent-il-plus-a-laise-dans-une-echarpe-que-dans-un-porte-bebe\/\"]}]},{\"@type\":\"ImageObject\",\"inLanguage\":\"fr-FR\",\"@id\":\"https:\/\/mariblum.de\/fr\/pourquoi-votre-bebe-se-sent-il-plus-a-laise-dans-une-echarpe-que-dans-un-porte-bebe\/#primaryimage\",\"url\":\"https:\/\/mariblum.de\/wp-content\/uploads\/2025\/04\/Tragetuch_Hanf_Baby_mku.jpg\",\"contentUrl\":\"https:\/\/mariblum.de\/wp-content\/uploads\/2025\/04\/Tragetuch_Hanf_Baby_mku.jpg\",\"width\":600,\"height\":800},{\"@type\":\"BreadcrumbList\",\"@id\":\"https:\/\/mariblum.de\/fr\/pourquoi-votre-bebe-se-sent-il-plus-a-laise-dans-une-echarpe-que-dans-un-porte-bebe\/#breadcrumb\",\"itemListElement\":[{\"@type\":\"ListItem\",\"position\":1,\"name\":\"Startseite\",\"item\":\"https:\/\/mariblum.de\/fr\/\"},{\"@type\":\"ListItem\",\"position\":2,\"name\":\"Pourquoi votre b\u00e9b\u00e9 se sent-il plus \u00e0 l&#8217;aise dans une \u00e9charpe que dans un porte-b\u00e9b\u00e9 ?\"}]},{\"@type\":\"WebSite\",\"@id\":\"https:\/\/mariblum.de\/fr\/#website\",\"url\":\"https:\/\/mariblum.de\/fr\/\",\"name\":\"mariblum Traget\u00fccher\",\"description\":\"la fa\u00e7on naturelle de porter votre b\u00e9b\u00e9\",\"publisher\":{\"@id\":\"https:\/\/mariblum.de\/fr\/#organization\"},\"potentialAction\":[{\"@type\":\"SearchAction\",\"target\":{\"@type\":\"EntryPoint\",\"urlTemplate\":\"https:\/\/mariblum.de\/fr\/?s={search_term_string}\"},\"query-input\":{\"@type\":\"PropertyValueSpecification\",\"valueRequired\":true,\"valueName\":\"search_term_string\"}}],\"inLanguage\":\"fr-FR\"},{\"@type\":\"Organization\",\"@id\":\"https:\/\/mariblum.de\/fr\/#organization\",\"name\":\"mariblum\",\"url\":\"https:\/\/mariblum.de\/fr\/\",\"logo\":{\"@type\":\"ImageObject\",\"inLanguage\":\"fr-FR\",\"@id\":\"https:\/\/mariblum.de\/fr\/#\/schema\/logo\/image\/\",\"url\":\"https:\/\/mariblum.de\/wp-content\/uploads\/2020\/07\/logo_m-500x_transparent.png\",\"contentUrl\":\"https:\/\/mariblum.de\/wp-content\/uploads\/2020\/07\/logo_m-500x_transparent.png\",\"width\":500,\"height\":500,\"caption\":\"mariblum\"},\"image\":{\"@id\":\"https:\/\/mariblum.de\/fr\/#\/schema\/logo\/image\/\"},\"sameAs\":[\"https:\/\/www.instagram.com\/_mariblum_\/\"]},{\"@type\":\"Person\",\"@id\":\"https:\/\/mariblum.de\/fr\/#\/schema\/person\/0f48a4840cefc156d4d2deb5e4b294d0\",\"name\":\"mariblum\",\"url\":\"https:\/\/mariblum.de\/fr\/author\/mariblum\/\"},{\"@type\":\"Question\",\"@id\":\"https:\/\/mariblum.de\/fr\/pourquoi-votre-bebe-se-sent-il-plus-a-laise-dans-une-echarpe-que-dans-un-porte-bebe\/#faq-question-1749184361787\",\"position\":1,\"url\":\"https:\/\/mariblum.de\/fr\/pourquoi-votre-bebe-se-sent-il-plus-a-laise-dans-une-echarpe-que-dans-un-porte-bebe\/#faq-question-1749184361787\",\"name\":\"\u00c0 partir de quand puis-je utiliser une \u00e9charpe de portage ?\",\"answerCount\":1,\"acceptedAnswer\":{\"@type\":\"Answer\",\"text\":\"Tu peux utiliser une \u00e9charpe extensible ou tiss\u00e9e d\u00e8s la naissance \u2013 \u00e0 condition que ton b\u00e9b\u00e9 soit en bonne sant\u00e9 et n\u00e9 \u00e0 terme. Surtout durant les premi\u00e8res semaines, elle apporte s\u00e9curit\u00e9 et proximit\u00e9, comme dans le ventre.\",\"inLanguage\":\"fr-FR\"},\"inLanguage\":\"fr-FR\"},{\"@type\":\"Question\",\"@id\":\"https:\/\/mariblum.de\/fr\/pourquoi-votre-bebe-se-sent-il-plus-a-laise-dans-une-echarpe-que-dans-un-porte-bebe\/#faq-question-1749184381445\",\"position\":2,\"url\":\"https:\/\/mariblum.de\/fr\/pourquoi-votre-bebe-se-sent-il-plus-a-laise-dans-une-echarpe-que-dans-un-porte-bebe\/#faq-question-1749184381445\",\"name\":\"Pourquoi mon b\u00e9b\u00e9 pleure-t-il dans le porte-b\u00e9b\u00e9 mais pas dans l\u2019\u00e9charpe ?\",\"answerCount\":1,\"acceptedAnswer\":{\"@type\":\"Answer\",\"text\":\"Beaucoup de b\u00e9b\u00e9s sont sensibles \u00e0 la pression ou aux mat\u00e9riaux rigides. Une \u00e9charpe \u00e9pouse le corps plus en douceur, ce qui peut leur donner un sentiment de s\u00e9curit\u00e9 plus fort \u2013 proche du contact peau \u00e0 peau.\",\"inLanguage\":\"fr-FR\"},\"inLanguage\":\"fr-FR\"},{\"@type\":\"Question\",\"@id\":\"https:\/\/mariblum.de\/fr\/pourquoi-votre-bebe-se-sent-il-plus-a-laise-dans-une-echarpe-que-dans-un-porte-bebe\/#faq-question-1749184399836\",\"position\":3,\"url\":\"https:\/\/mariblum.de\/fr\/pourquoi-votre-bebe-se-sent-il-plus-a-laise-dans-une-echarpe-que-dans-un-porte-bebe\/#faq-question-1749184399836\",\"name\":\"Est-ce compliqu\u00e9 d\u2019apprendre \u00e0 nouer une \u00e9charpe ?\",\"answerCount\":1,\"acceptedAnswer\":{\"@type\":\"Answer\",\"text\":\"Au d\u00e9but, \u00e7a demande un peu de pratique. Mais avec une bonne vid\u00e9o ou un atelier de portage, tu y arrives vite. De nombreux parents disent qu\u2019ils se sentent \u00e0 l\u2019aise apr\u00e8s quelques jours.\",\"inLanguage\":\"fr-FR\"},\"inLanguage\":\"fr-FR\"},{\"@type\":\"Question\",\"@id\":\"https:\/\/mariblum.de\/fr\/pourquoi-votre-bebe-se-sent-il-plus-a-laise-dans-une-echarpe-que-dans-un-porte-bebe\/#faq-question-1749184414079\",\"position\":4,\"url\":\"https:\/\/mariblum.de\/fr\/pourquoi-votre-bebe-se-sent-il-plus-a-laise-dans-une-echarpe-que-dans-un-porte-bebe\/#faq-question-1749184414079\",\"name\":\"Une \u00e9charpe est-elle plus ergonomique qu\u2019un porte-b\u00e9b\u00e9 ?\",\"answerCount\":1,\"acceptedAnswer\":{\"@type\":\"Answer\",\"text\":\"Les deux peuvent \u00eatre ergonomiques \u2013 ce qui compte, c\u2019est de bien les utiliser. Les \u00e9charpes offrent cependant plus de possibilit\u00e9s d\u2019ajustement, notamment pour les nouveau-n\u00e9s ou les b\u00e9b\u00e9s tr\u00e8s menus.\",\"inLanguage\":\"fr-FR\"},\"inLanguage\":\"fr-FR\"}]}<\/script>\n<!-- \/ Yoast SEO Premium plugin. -->","yoast_head_json":{"title":"Pourquoi votre b\u00e9b\u00e9 se sent-il plus \u00e0 l'aise dans une \u00e9charpe que dans un porte-b\u00e9b\u00e9 ? - mariblum - \u00c9charpe de portage","description":"D\u00e9couvrez les raisons pour lesquelles de nombreux b\u00e9b\u00e9s pr\u00e9f\u00e8rent le porte-b\u00e9b\u00e9 et comment vous pouvez renforcer le lien avec votre enfant en le portant correctement.","robots":{"index":"index","follow":"follow","max-snippet":"max-snippet:-1","max-image-preview":"max-image-preview:large","max-video-preview":"max-video-preview:-1"},"canonical":"https:\/\/mariblum.de\/fr\/pourquoi-votre-bebe-se-sent-il-plus-a-laise-dans-une-echarpe-que-dans-un-porte-bebe\/","og_locale":"fr_FR","og_type":"article","og_title":"Pourquoi votre b\u00e9b\u00e9 se sent-il plus \u00e0 l'aise dans une \u00e9charpe que dans un porte-b\u00e9b\u00e9 ?","og_description":"D\u00e9couvrez les raisons pour lesquelles de nombreux b\u00e9b\u00e9s pr\u00e9f\u00e8rent le porte-b\u00e9b\u00e9 et comment vous pouvez renforcer le lien avec votre enfant en le portant correctement.","og_url":"https:\/\/mariblum.de\/fr\/pourquoi-votre-bebe-se-sent-il-plus-a-laise-dans-une-echarpe-que-dans-un-porte-bebe\/","og_site_name":"mariblum - \u00c9charpe de portage","article_published_time":"2025-06-06T04:33:43+00:00","article_modified_time":"2025-06-06T04:33:47+00:00","og_image":[{"width":600,"height":800,"url":"https:\/\/mariblum.de\/wp-content\/uploads\/2025\/04\/Tragetuch_Hanf_Baby_mku.jpg","type":"image\/jpeg"}],"author":"mariblum","twitter_card":"summary_large_image","twitter_misc":{"\u00c9crit par":"mariblum","Dur\u00e9e de lecture estim\u00e9e":"7 minutes"},"schema":{"@context":"https:\/\/schema.org","@graph":[{"@type":"Article","@id":"https:\/\/mariblum.de\/fr\/pourquoi-votre-bebe-se-sent-il-plus-a-laise-dans-une-echarpe-que-dans-un-porte-bebe\/#article","isPartOf":{"@id":"https:\/\/mariblum.de\/fr\/pourquoi-votre-bebe-se-sent-il-plus-a-laise-dans-une-echarpe-que-dans-un-porte-bebe\/"},"author":{"name":"mariblum","@id":"https:\/\/mariblum.de\/fr\/#\/schema\/person\/0f48a4840cefc156d4d2deb5e4b294d0"},"headline":"Pourquoi votre b\u00e9b\u00e9 se sent-il plus \u00e0 l&rsquo;aise dans une \u00e9charpe que dans un porte-b\u00e9b\u00e9 ?","datePublished":"2025-06-06T04:33:43+00:00","dateModified":"2025-06-06T04:33:47+00:00","mainEntityOfPage":{"@id":"https:\/\/mariblum.de\/fr\/pourquoi-votre-bebe-se-sent-il-plus-a-laise-dans-une-echarpe-que-dans-un-porte-bebe\/"},"wordCount":1012,"publisher":{"@id":"https:\/\/mariblum.de\/fr\/#organization"},"image":{"@id":"https:\/\/mariblum.de\/fr\/pourquoi-votre-bebe-se-sent-il-plus-a-laise-dans-une-echarpe-que-dans-un-porte-bebe\/#primaryimage"},"thumbnailUrl":"https:\/\/mariblum.de\/wp-content\/uploads\/2025\/04\/Tragetuch_Hanf_Baby_mku.jpg","keywords":["echarpe","echarpe","nachteile","tragetuch","Vor- und Nachteile","Vorteile"],"articleSection":["\u00c9t\u00e9","mariblum - Actualit\u00e9s porte b\u00e9b\u00e9","Nachteile des tragens","Stillen im Ring Sling und Baby Tragetuch"],"inLanguage":"fr-FR"},{"@type":["WebPage","FAQPage"],"@id":"https:\/\/mariblum.de\/fr\/pourquoi-votre-bebe-se-sent-il-plus-a-laise-dans-une-echarpe-que-dans-un-porte-bebe\/","url":"https:\/\/mariblum.de\/fr\/pourquoi-votre-bebe-se-sent-il-plus-a-laise-dans-une-echarpe-que-dans-un-porte-bebe\/","name":"Pourquoi votre b\u00e9b\u00e9 se sent-il plus \u00e0 l'aise dans une \u00e9charpe que dans un porte-b\u00e9b\u00e9 ? - mariblum - \u00c9charpe de portage","isPartOf":{"@id":"https:\/\/mariblum.de\/fr\/#website"},"primaryImageOfPage":{"@id":"https:\/\/mariblum.de\/fr\/pourquoi-votre-bebe-se-sent-il-plus-a-laise-dans-une-echarpe-que-dans-un-porte-bebe\/#primaryimage"},"image":{"@id":"https:\/\/mariblum.de\/fr\/pourquoi-votre-bebe-se-sent-il-plus-a-laise-dans-une-echarpe-que-dans-un-porte-bebe\/#primaryimage"},"thumbnailUrl":"https:\/\/mariblum.de\/wp-content\/uploads\/2025\/04\/Tragetuch_Hanf_Baby_mku.jpg","datePublished":"2025-06-06T04:33:43+00:00","dateModified":"2025-06-06T04:33:47+00:00","description":"D\u00e9couvrez les raisons pour lesquelles de nombreux b\u00e9b\u00e9s pr\u00e9f\u00e8rent le porte-b\u00e9b\u00e9 et comment vous pouvez renforcer le lien avec votre enfant en le portant correctement.","breadcrumb":{"@id":"https:\/\/mariblum.de\/fr\/pourquoi-votre-bebe-se-sent-il-plus-a-laise-dans-une-echarpe-que-dans-un-porte-bebe\/#breadcrumb"},"mainEntity":[{"@id":"https:\/\/mariblum.de\/fr\/pourquoi-votre-bebe-se-sent-il-plus-a-laise-dans-une-echarpe-que-dans-un-porte-bebe\/#faq-question-1749184361787"},{"@id":"https:\/\/mariblum.de\/fr\/pourquoi-votre-bebe-se-sent-il-plus-a-laise-dans-une-echarpe-que-dans-un-porte-bebe\/#faq-question-1749184381445"},{"@id":"https:\/\/mariblum.de\/fr\/pourquoi-votre-bebe-se-sent-il-plus-a-laise-dans-une-echarpe-que-dans-un-porte-bebe\/#faq-question-1749184399836"},{"@id":"https:\/\/mariblum.de\/fr\/pourquoi-votre-bebe-se-sent-il-plus-a-laise-dans-une-echarpe-que-dans-un-porte-bebe\/#faq-question-1749184414079"}],"inLanguage":"fr-FR","potentialAction":[{"@type":"ReadAction","target":["https:\/\/mariblum.de\/fr\/pourquoi-votre-bebe-se-sent-il-plus-a-laise-dans-une-echarpe-que-dans-un-porte-bebe\/"]}]},{"@type":"ImageObject","inLanguage":"fr-FR","@id":"https:\/\/mariblum.de\/fr\/pourquoi-votre-bebe-se-sent-il-plus-a-laise-dans-une-echarpe-que-dans-un-porte-bebe\/#primaryimage","url":"https:\/\/mariblum.de\/wp-content\/uploads\/2025\/04\/Tragetuch_Hanf_Baby_mku.jpg","contentUrl":"https:\/\/mariblum.de\/wp-content\/uploads\/2025\/04\/Tragetuch_Hanf_Baby_mku.jpg","width":600,"height":800},{"@type":"BreadcrumbList","@id":"https:\/\/mariblum.de\/fr\/pourquoi-votre-bebe-se-sent-il-plus-a-laise-dans-une-echarpe-que-dans-un-porte-bebe\/#breadcrumb","itemListElement":[{"@type":"ListItem","position":1,"name":"Startseite","item":"https:\/\/mariblum.de\/fr\/"},{"@type":"ListItem","position":2,"name":"Pourquoi votre b\u00e9b\u00e9 se sent-il plus \u00e0 l&#8217;aise dans une \u00e9charpe que dans un porte-b\u00e9b\u00e9 ?"}]},{"@type":"WebSite","@id":"https:\/\/mariblum.de\/fr\/#website","url":"https:\/\/mariblum.de\/fr\/","name":"mariblum Traget\u00fccher","description":"la fa\u00e7on naturelle de porter votre b\u00e9b\u00e9","publisher":{"@id":"https:\/\/mariblum.de\/fr\/#organization"},"potentialAction":[{"@type":"SearchAction","target":{"@type":"EntryPoint","urlTemplate":"https:\/\/mariblum.de\/fr\/?s={search_term_string}"},"query-input":{"@type":"PropertyValueSpecification","valueRequired":true,"valueName":"search_term_string"}}],"inLanguage":"fr-FR"},{"@type":"Organization","@id":"https:\/\/mariblum.de\/fr\/#organization","name":"mariblum","url":"https:\/\/mariblum.de\/fr\/","logo":{"@type":"ImageObject","inLanguage":"fr-FR","@id":"https:\/\/mariblum.de\/fr\/#\/schema\/logo\/image\/","url":"https:\/\/mariblum.de\/wp-content\/uploads\/2020\/07\/logo_m-500x_transparent.png","contentUrl":"https:\/\/mariblum.de\/wp-content\/uploads\/2020\/07\/logo_m-500x_transparent.png","width":500,"height":500,"caption":"mariblum"},"image":{"@id":"https:\/\/mariblum.de\/fr\/#\/schema\/logo\/image\/"},"sameAs":["https:\/\/www.instagram.com\/_mariblum_\/"]},{"@type":"Person","@id":"https:\/\/mariblum.de\/fr\/#\/schema\/person\/0f48a4840cefc156d4d2deb5e4b294d0","name":"mariblum","url":"https:\/\/mariblum.de\/fr\/author\/mariblum\/"},{"@type":"Question","@id":"https:\/\/mariblum.de\/fr\/pourquoi-votre-bebe-se-sent-il-plus-a-laise-dans-une-echarpe-que-dans-un-porte-bebe\/#faq-question-1749184361787","position":1,"url":"https:\/\/mariblum.de\/fr\/pourquoi-votre-bebe-se-sent-il-plus-a-laise-dans-une-echarpe-que-dans-un-porte-bebe\/#faq-question-1749184361787","name":"\u00c0 partir de quand puis-je utiliser une \u00e9charpe de portage ?","answerCount":1,"acceptedAnswer":{"@type":"Answer","text":"Tu peux utiliser une \u00e9charpe extensible ou tiss\u00e9e d\u00e8s la naissance \u2013 \u00e0 condition que ton b\u00e9b\u00e9 soit en bonne sant\u00e9 et n\u00e9 \u00e0 terme. Surtout durant les premi\u00e8res semaines, elle apporte s\u00e9curit\u00e9 et proximit\u00e9, comme dans le ventre.","inLanguage":"fr-FR"},"inLanguage":"fr-FR"},{"@type":"Question","@id":"https:\/\/mariblum.de\/fr\/pourquoi-votre-bebe-se-sent-il-plus-a-laise-dans-une-echarpe-que-dans-un-porte-bebe\/#faq-question-1749184381445","position":2,"url":"https:\/\/mariblum.de\/fr\/pourquoi-votre-bebe-se-sent-il-plus-a-laise-dans-une-echarpe-que-dans-un-porte-bebe\/#faq-question-1749184381445","name":"Pourquoi mon b\u00e9b\u00e9 pleure-t-il dans le porte-b\u00e9b\u00e9 mais pas dans l\u2019\u00e9charpe ?","answerCount":1,"acceptedAnswer":{"@type":"Answer","text":"Beaucoup de b\u00e9b\u00e9s sont sensibles \u00e0 la pression ou aux mat\u00e9riaux rigides. Une \u00e9charpe \u00e9pouse le corps plus en douceur, ce qui peut leur donner un sentiment de s\u00e9curit\u00e9 plus fort \u2013 proche du contact peau \u00e0 peau.","inLanguage":"fr-FR"},"inLanguage":"fr-FR"},{"@type":"Question","@id":"https:\/\/mariblum.de\/fr\/pourquoi-votre-bebe-se-sent-il-plus-a-laise-dans-une-echarpe-que-dans-un-porte-bebe\/#faq-question-1749184399836","position":3,"url":"https:\/\/mariblum.de\/fr\/pourquoi-votre-bebe-se-sent-il-plus-a-laise-dans-une-echarpe-que-dans-un-porte-bebe\/#faq-question-1749184399836","name":"Est-ce compliqu\u00e9 d\u2019apprendre \u00e0 nouer une \u00e9charpe ?","answerCount":1,"acceptedAnswer":{"@type":"Answer","text":"Au d\u00e9but, \u00e7a demande un peu de pratique. Mais avec une bonne vid\u00e9o ou un atelier de portage, tu y arrives vite. De nombreux parents disent qu\u2019ils se sentent \u00e0 l\u2019aise apr\u00e8s quelques jours.","inLanguage":"fr-FR"},"inLanguage":"fr-FR"},{"@type":"Question","@id":"https:\/\/mariblum.de\/fr\/pourquoi-votre-bebe-se-sent-il-plus-a-laise-dans-une-echarpe-que-dans-un-porte-bebe\/#faq-question-1749184414079","position":4,"url":"https:\/\/mariblum.de\/fr\/pourquoi-votre-bebe-se-sent-il-plus-a-laise-dans-une-echarpe-que-dans-un-porte-bebe\/#faq-question-1749184414079","name":"Une \u00e9charpe est-elle plus ergonomique qu\u2019un porte-b\u00e9b\u00e9 ?","answerCount":1,"acceptedAnswer":{"@type":"Answer","text":"Les deux peuvent \u00eatre ergonomiques \u2013 ce qui compte, c\u2019est de bien les utiliser. Les \u00e9charpes offrent cependant plus de possibilit\u00e9s d\u2019ajustement, notamment pour les nouveau-n\u00e9s ou les b\u00e9b\u00e9s tr\u00e8s menus.","inLanguage":"fr-FR"},"inLanguage":"fr-FR"}]}},"_links":{"self":[{"href":"https:\/\/mariblum.de\/fr\/wp-json\/wp\/v2\/posts\/19530","targetHints":{"allow":["GET"]}}],"collection":[{"href":"https:\/\/mariblum.de\/fr\/wp-json\/wp\/v2\/posts"}],"about":[{"href":"https:\/\/mariblum.de\/fr\/wp-json\/wp\/v2\/types\/post"}],"author":[{"embeddable":true,"href":"https:\/\/mariblum.de\/fr\/wp-json\/wp\/v2\/users\/1"}],"replies":[{"embeddable":true,"href":"https:\/\/mariblum.de\/fr\/wp-json\/wp\/v2\/comments?post=19530"}],"version-history":[{"count":2,"href":"https:\/\/mariblum.de\/fr\/wp-json\/wp\/v2\/posts\/19530\/revisions"}],"predecessor-version":[{"id":19542,"href":"https:\/\/mariblum.de\/fr\/wp-json\/wp\/v2\/posts\/19530\/revisions\/19542"}],"wp:featuredmedia":[{"embeddable":true,"href":"https:\/\/mariblum.de\/fr\/wp-json\/wp\/v2\/media\/18962"}],"wp:attachment":[{"href":"https:\/\/mariblum.de\/fr\/wp-json\/wp\/v2\/media?parent=19530"}],"wp:term":[{"taxonomy":"category","embeddable":true,"href":"https:\/\/mariblum.de\/fr\/wp-json\/wp\/v2\/categories?post=19530"},{"taxonomy":"post_tag","embeddable":true,"href":"https:\/\/mariblum.de\/fr\/wp-json\/wp\/v2\/tags?post=19530"}],"curies":[{"name":"wp","href":"https:\/\/api.w.org\/{rel}","templated":true}]}}