{"id":18546,"date":"2025-02-21T09:06:25","date_gmt":"2025-02-21T09:06:25","guid":{"rendered":"https:\/\/mariblum.de\/?p=18546"},"modified":"2025-02-21T09:06:30","modified_gmt":"2025-02-21T09:06:30","slug":"les-erreurs-de-portage-les-plus-courantes-et-comment-les-eviter","status":"publish","type":"post","link":"https:\/\/mariblum.de\/fr\/les-erreurs-de-portage-les-plus-courantes-et-comment-les-eviter\/","title":{"rendered":"Les erreurs de portage les plus courantes \u2013 et comment les \u00e9viter"},"content":{"rendered":"\n<p class=\"wp-block-yoast-seo-estimated-reading-time yoast-reading-time__wrapper\"><span class=\"yoast-reading-time__icon\"><svg aria-hidden=\"true\" focusable=\"false\" data-icon=\"clock\" width=\"20\" height=\"20\" fill=\"none\" stroke=\"currentColor\" style=\"display:inline-block;vertical-align:-0.1em\" role=\"img\" xmlns=\"http:\/\/www.w3.org\/2000\/svg\" viewBox=\"0 0 24 24\"><path stroke-linecap=\"round\" stroke-linejoin=\"round\" stroke-width=\"2\" d=\"M12 8v4l3 3m6-3a9 9 0 11-18 0 9 9 0 0118 0z\"><\/path><\/svg><\/span><span class=\"yoast-reading-time__spacer\" style=\"display:inline-block;width:1em\"><\/span><span class=\"yoast-reading-time__descriptive-text\">Estimated reading time: <\/span><span class=\"yoast-reading-time__reading-time\">6<\/span><span class=\"yoast-reading-time__time-unit\"> minutes<\/span><\/p>\n\n\n\n<h3>Pourquoi il est si important de bien porter<\/h3>\r\n<p class=\"lead\" align=\"justify\">Le <strong>porte-b\u00e9b\u00e9<\/strong> est un moyen merveilleux de garder votre b\u00e9b\u00e9 pr\u00e8s de vous, de renforcer votre lien et de faciliter votre quotidien. Cependant, surtout au d\u00e9but, des erreurs peuvent survenir qui affectent le confort et la s\u00e9curit\u00e9 du portage. Pour que vous et votre b\u00e9b\u00e9 puissiez profiter pleinement du portage, voici les erreurs de portage les plus courantes \u2013 et comment les \u00e9viter facilement.<\/p>\r\n<Strong>Table des Mati\u00e8res<\/strong>\r\n<ol>\r\n \t<li style=\"list-style-type: none;\">\r\n<ol>\r\n \t<li><a href=\"#das-baby-sitzt-zu-tief\">Le b\u00e9b\u00e9 est assis trop bas<\/a><\/li>\r\n \t<li><a href=\"#zu-lockere-bindung\">Attache trop l\u00e2che<\/a><\/li>\r\n \t<li><a href=\"#falsche-anhock-spreiz-haltung\">Position accroupie-\u00e9cart\u00e9e incorrecte<\/a><\/li>\r\n \t<li><a href=\"#das-gesicht-des-babys-ist-verdeckt\">Le visage du b\u00e9b\u00e9 est couvert<\/a><\/li>\r\n \t<li><a href=\"#tragen-in-der-falschen-position\">Portage dans la mauvaise position<\/a><\/li>\r\n \t<li><a href=\"#falsche-kleidung\">V\u00eatements incorrects<\/a><\/li>\r\n \t<li><a href=\"#zu-fruehes-tragen-auf-dem-ruecken\">Portage trop t\u00f4t sur le dos<\/a><\/li>\r\n \t<li><a href=\"#fazit\">Conclusion<\/a><\/li>\r\n<\/ol>\r\n<\/li>\r\n<\/ol>\r\n<h2 id=\"das-baby-sitzt-zu-tief\">Le b\u00e9b\u00e9 est assis trop bas<\/h2>\r\n<img loading=\"lazy\" decoding=\"async\" class=\"alignnone size-full\" src=\"https:\/\/mariblum.de\/wp-content\/uploads\/2024\/09\/Lavendel-Tragetuch-3.jpg\" alt=\"b\u00e9b\u00e9 assis trop bas\" width=\"6000\" height=\"8000\" \/>\r\n<p align=\"justify\">Si votre b\u00e9b\u00e9 est assis trop bas, cela sollicite non seulement votre dos, mais peut \u00e9galement rendre la respiration difficile pour le b\u00e9b\u00e9.<\/p>\r\n<p align=\"justify\">La r\u00e8gle simple est : Votre b\u00e9b\u00e9 doit \u00eatre assis suffisamment haut pour que vous puissiez l&rsquo;atteindre avec un bisou sur la t\u00eate (\u00ab\u00a0hauteur de bisou sur la t\u00eate\u00a0\u00bb). Si le menton de votre b\u00e9b\u00e9 est trop pr\u00e8s de sa poitrine, vous devez ajuster l&rsquo;attache pour assurer une respiration libre.<\/p>\r\n<div class=\"woocommerce columns-4 \"><div class=\"products row row-small large-columns-4 medium-columns-3 small-columns-2\">\n<div class=\"product-small col has-hover product type-product post-15066 status-publish first instock product_cat-fr-slings-en-lin product_cat-tissus-en-lin product_tag-biologica-fr-2 product_tag-lin product_tag-ring-sling-fr product_tag-violet-fr-2 has-post-thumbnail featured purchasable product-type-variable has-default-attributes has-product-safety-information\">\n\t<div class=\"col-inner\">\n\t\n<div class=\"badge-container absolute left top z-1\">\n\n<\/div>\n\t<div class=\"product-small box \">\n\t\t<div class=\"box-image\">\n\t\t\t<div class=\"image-fade_in_back\">\n\t\t\t\t<a href=\"https:\/\/mariblum.de\/fr\/produkt\/champ-de-lavande-echarpe-en-lin\/\">\n\t\t\t\t\t<img loading=\"lazy\" decoding=\"async\" width=\"247\" height=\"247\" src=\"https:\/\/mariblum.de\/wp-content\/uploads\/2025\/04\/Lila-Tragetuch_Baby-247x247.jpg\" class=\"attachment-woocommerce_thumbnail size-woocommerce_thumbnail\" alt=\"Champ de Lavande (\u00c9charpe)\" srcset=\"https:\/\/mariblum.de\/wp-content\/uploads\/2025\/04\/Lila-Tragetuch_Baby-247x247.jpg 247w, https:\/\/mariblum.de\/wp-content\/uploads\/2025\/04\/Lila-Tragetuch_Baby-150x150.jpg 150w, https:\/\/mariblum.de\/wp-content\/uploads\/2025\/04\/Lila-Tragetuch_Baby-100x100.jpg 100w\" sizes=\"auto, (max-width: 247px) 100vw, 247px\" \/><img loading=\"lazy\" decoding=\"async\" width=\"247\" height=\"247\" src=\"https:\/\/mariblum.de\/wp-content\/uploads\/2023\/04\/Lavendellfeld-aus-Leinen-Baby-tragen-im-tragetuch-247x247.jpg\" class=\"show-on-hover absolute fill hide-for-small back-image\" alt=\"Lavendelfeld-aus-Leinen-Baby-tragen-im-tragetuch\" aria-hidden=\"true\" srcset=\"https:\/\/mariblum.de\/wp-content\/uploads\/2023\/04\/Lavendellfeld-aus-Leinen-Baby-tragen-im-tragetuch-247x247.jpg 247w, https:\/\/mariblum.de\/wp-content\/uploads\/2023\/04\/Lavendellfeld-aus-Leinen-Baby-tragen-im-tragetuch-100x100.jpg 100w, https:\/\/mariblum.de\/wp-content\/uploads\/2023\/04\/Lavendellfeld-aus-Leinen-Baby-tragen-im-tragetuch-150x150.jpg 150w\" sizes=\"auto, (max-width: 247px) 100vw, 247px\" \/>\t\t\t\t<\/a>\n\t\t\t<\/div>\n\t\t\t<div class=\"image-tools is-small top right show-on-hover\">\n\t\t\t\t\t\t\t<\/div>\n\t\t\t<div class=\"image-tools is-small hide-for-small bottom left show-on-hover\">\n\t\t\t\t\t\t\t<\/div>\n\t\t\t<div class=\"image-tools grid-tools text-center hide-for-small bottom hover-slide-in show-on-hover\">\n\t\t\t\t<a href=\"#quick-view\" class=\"quick-view\" role=\"button\" data-prod=\"15066\" aria-haspopup=\"dialog\" aria-expanded=\"false\" data-flatsome-role-button>Aper\u00e7u<\/a>\t\t\t<\/div>\n\t\t\t\t\t<\/div>\n\n\t\t<div class=\"box-text box-text-products text-center grid-style-2\">\n\t\t\t<div class=\"ux-swatches ux-swatches-in-loop ux-swatches--rounded ux-swatches--x-small\" role=\"radiogroup\" data-flatsome-role-radiogroup><div data-image-src=\"https:\/\/mariblum.de\/wp-content\/uploads\/2025\/04\/Lila-Tragetuch_Baby-247x247.jpg\" data-image-srcset=\"https:\/\/mariblum.de\/wp-content\/uploads\/2025\/04\/Lila-Tragetuch_Baby-247x247.jpg 247w, https:\/\/mariblum.de\/wp-content\/uploads\/2025\/04\/Lila-Tragetuch_Baby-150x150.jpg 150w, https:\/\/mariblum.de\/wp-content\/uploads\/2025\/04\/Lila-Tragetuch_Baby-100x100.jpg 100w\" data-image-sizes=\"(max-width: 247px) 100vw, 247px\" data-attribute_name=\"attribute_pa_tt-groesze\" data-value=\"tt450-fr\" aria-label=\"4,50 m\" role=\"radio\" aria-checked=\"false\" tabindex=\"0\" class=\"ux-swatch ux-swatch--label\"><span class=\"ux-swatch__text\">4,50 m<\/span><\/div><div data-image-src=\"https:\/\/mariblum.de\/wp-content\/uploads\/2025\/04\/Lila-Tragetuch_Baby-247x247.jpg\" data-image-srcset=\"https:\/\/mariblum.de\/wp-content\/uploads\/2025\/04\/Lila-Tragetuch_Baby-247x247.jpg 247w, https:\/\/mariblum.de\/wp-content\/uploads\/2025\/04\/Lila-Tragetuch_Baby-150x150.jpg 150w, https:\/\/mariblum.de\/wp-content\/uploads\/2025\/04\/Lila-Tragetuch_Baby-100x100.jpg 100w\" data-image-sizes=\"(max-width: 247px) 100vw, 247px\" data-attribute_name=\"attribute_pa_tt-groesze\" data-value=\"tt500-fr\" aria-label=\"5,00 m\" role=\"radio\" aria-checked=\"false\" tabindex=\"0\" class=\"ux-swatch ux-swatch--label\"><span class=\"ux-swatch__text\">5,00 m<\/span><\/div><\/div><div class=\"title-wrapper\">\t\t<p class=\"category uppercase is-smaller no-text-overflow product-cat op-8\">\n\t\t\t\u00c9charpes en lin\t\t<\/p>\n\t<p class=\"name product-title woocommerce-loop-product__title\"><a href=\"https:\/\/mariblum.de\/fr\/produkt\/champ-de-lavande-echarpe-en-lin\/\" class=\"woocommerce-LoopProduct-link woocommerce-loop-product__link\">Champ de Lavande (\u00c9charpe)<\/a><\/p><\/div><div class=\"price-wrapper\">\n\t<span class=\"price\"><span class=\"woocommerce-Price-amount amount\"><bdi>159,95&nbsp;<span class=\"woocommerce-Price-currencySymbol\">&euro;<\/span><\/bdi><\/span> &ndash; <span class=\"woocommerce-Price-amount amount\"><bdi>169,95&nbsp;<span class=\"woocommerce-Price-currencySymbol\">&euro;<\/span><\/bdi><\/span><\/span>\n\n\n\n<\/div>\t\t<\/div>\n\t<\/div>\n\t\n<span class=\"gtm4wp_productdata\" style=\"display:none; visibility:hidden;\" data-gtm4wp_product_data=\"{&quot;internal_id&quot;:15066,&quot;item_id&quot;:15066,&quot;item_name&quot;:&quot;Champ de Lavande (\\u00c9charpe)&quot;,&quot;sku&quot;:15066,&quot;price&quot;:159.95,&quot;stocklevel&quot;:null,&quot;stockstatus&quot;:&quot;instock&quot;,&quot;google_business_vertical&quot;:&quot;retail&quot;,&quot;item_category&quot;:&quot;\\u00c9charpes en lin&quot;,&quot;id&quot;:15066,&quot;productlink&quot;:&quot;https:\\\/\\\/mariblum.de\\\/fr\\\/produkt\\\/champ-de-lavande-echarpe-en-lin\\\/&quot;,&quot;item_list_name&quot;:&quot;Produits mis en avant&quot;,&quot;index&quot;:1,&quot;product_type&quot;:&quot;variable&quot;,&quot;item_brand&quot;:&quot;&quot;}\"><\/span>\t<\/div>\n<\/div><div class=\"product-small col has-hover product type-product post-7665 status-publish instock product_cat-fr-ring-slings product_cat-fr-ring-slings-en-chanvre product_cat-tissus-de-chanvre product_tag-jaune product_tag-pissenlit product_tag-ring-sling-fr has-post-thumbnail featured product-type-variable has-default-attributes has-product-safety-information\">\n\t<div class=\"col-inner\">\n\t\n<div class=\"badge-container absolute left top z-1\">\n\n<\/div>\n\t<div class=\"product-small box \">\n\t\t<div class=\"box-image\">\n\t\t\t<div class=\"image-fade_in_back\">\n\t\t\t\t<a href=\"https:\/\/mariblum.de\/fr\/produkt\/pissenlit-ring-sling-en-chanvre\/\">\n\t\t\t\t\t<img loading=\"lazy\" decoding=\"async\" width=\"247\" height=\"247\" src=\"https:\/\/mariblum.de\/wp-content\/uploads\/2019\/02\/loewenzahn-ring-sling-aus-hanf-trageberatung-247x247.png\" class=\"attachment-woocommerce_thumbnail size-woocommerce_thumbnail\" alt=\"pissenlit-ring-sling-en-chanvre\" srcset=\"https:\/\/mariblum.de\/wp-content\/uploads\/2019\/02\/loewenzahn-ring-sling-aus-hanf-trageberatung-247x247.png 247w, https:\/\/mariblum.de\/wp-content\/uploads\/2019\/02\/loewenzahn-ring-sling-aus-hanf-trageberatung-100x100.png 100w, https:\/\/mariblum.de\/wp-content\/uploads\/2019\/02\/loewenzahn-ring-sling-aus-hanf-trageberatung-150x150.png 150w\" sizes=\"auto, (max-width: 247px) 100vw, 247px\" \/><img loading=\"lazy\" decoding=\"async\" width=\"247\" height=\"247\" src=\"https:\/\/mariblum.de\/wp-content\/uploads\/2019\/02\/loewenzahn-ring-sling-aus-hanf-gebunden-247x247.png\" class=\"show-on-hover absolute fill hide-for-small back-image\" alt=\"pissenlit-ring-sling-en-chanvre\" aria-hidden=\"true\" srcset=\"https:\/\/mariblum.de\/wp-content\/uploads\/2019\/02\/loewenzahn-ring-sling-aus-hanf-gebunden-247x247.png 247w, https:\/\/mariblum.de\/wp-content\/uploads\/2019\/02\/loewenzahn-ring-sling-aus-hanf-gebunden-100x100.png 100w, https:\/\/mariblum.de\/wp-content\/uploads\/2019\/02\/loewenzahn-ring-sling-aus-hanf-gebunden-150x150.png 150w\" sizes=\"auto, (max-width: 247px) 100vw, 247px\" \/>\t\t\t\t<\/a>\n\t\t\t<\/div>\n\t\t\t<div class=\"image-tools is-small top right show-on-hover\">\n\t\t\t\t\t\t\t<\/div>\n\t\t\t<div class=\"image-tools is-small hide-for-small bottom left show-on-hover\">\n\t\t\t\t\t\t\t<\/div>\n\t\t\t<div class=\"image-tools grid-tools text-center hide-for-small bottom hover-slide-in show-on-hover\">\n\t\t\t\t<a href=\"#quick-view\" class=\"quick-view\" role=\"button\" data-prod=\"7665\" aria-haspopup=\"dialog\" aria-expanded=\"false\" data-flatsome-role-button>Aper\u00e7u<\/a>\t\t\t<\/div>\n\t\t\t\t\t<\/div>\n\n\t\t<div class=\"box-text box-text-products text-center grid-style-2\">\n\t\t\t<div class=\"title-wrapper\">\t\t<p class=\"category uppercase is-smaller no-text-overflow product-cat op-8\">\n\t\t\tRing Slings\t\t<\/p>\n\t<p class=\"name product-title woocommerce-loop-product__title\"><a href=\"https:\/\/mariblum.de\/fr\/produkt\/pissenlit-ring-sling-en-chanvre\/\" class=\"woocommerce-LoopProduct-link woocommerce-loop-product__link\">Pissenlit (Ring Sling)<\/a><\/p><\/div><div class=\"price-wrapper\">\n\n\n\n<\/div>\t\t<\/div>\n\t<\/div>\n\t\n<span class=\"gtm4wp_productdata\" style=\"display:none; visibility:hidden;\" data-gtm4wp_product_data=\"{&quot;internal_id&quot;:7665,&quot;item_id&quot;:7665,&quot;item_name&quot;:&quot;Pissenlit (Ring Sling)&quot;,&quot;sku&quot;:7665,&quot;price&quot;:0,&quot;stocklevel&quot;:null,&quot;stockstatus&quot;:&quot;instock&quot;,&quot;google_business_vertical&quot;:&quot;retail&quot;,&quot;item_category&quot;:&quot;Ring Slings&quot;,&quot;id&quot;:7665,&quot;productlink&quot;:&quot;https:\\\/\\\/mariblum.de\\\/fr\\\/produkt\\\/pissenlit-ring-sling-en-chanvre\\\/&quot;,&quot;item_list_name&quot;:&quot;Produits mis en avant&quot;,&quot;index&quot;:2,&quot;product_type&quot;:&quot;variable&quot;,&quot;item_brand&quot;:&quot;&quot;}\"><\/span>\t<\/div>\n<\/div><div class=\"product-small col has-hover product type-product post-9116 status-publish instock product_cat-fr-slings-en-chanvre-echarpe-de-portage product_cat-tissus-de-chanvre product_tag-jaune product_tag-sling-fr has-post-thumbnail featured shipping-taxable purchasable product-type-variable has-default-attributes has-product-safety-information\">\n\t<div class=\"col-inner\">\n\t\n<div class=\"badge-container absolute left top z-1\">\n\n<\/div>\n\t<div class=\"product-small box \">\n\t\t<div class=\"box-image\">\n\t\t\t<div class=\"image-fade_in_back\">\n\t\t\t\t<a href=\"https:\/\/mariblum.de\/fr\/produkt\/pissenlit-echarpe-jaune\/\">\n\t\t\t\t\t<img loading=\"lazy\" decoding=\"async\" width=\"247\" height=\"247\" src=\"https:\/\/mariblum.de\/wp-content\/uploads\/2019\/02\/gelber-ring-sling-l\u00f6wenzahn-toddler-scaled-e1576850408596-247x247.jpg\" class=\"attachment-woocommerce_thumbnail size-woocommerce_thumbnail\" alt=\"pissenlit-ring-sling-en-chanvre\" srcset=\"https:\/\/mariblum.de\/wp-content\/uploads\/2019\/02\/gelber-ring-sling-l\u00f6wenzahn-toddler-scaled-e1576850408596-247x247.jpg 247w, https:\/\/mariblum.de\/wp-content\/uploads\/2019\/02\/gelber-ring-sling-l\u00f6wenzahn-toddler-scaled-e1576850408596-100x100.jpg 100w, https:\/\/mariblum.de\/wp-content\/uploads\/2019\/02\/gelber-ring-sling-l\u00f6wenzahn-toddler-scaled-e1576850408596-150x150.jpg 150w\" sizes=\"auto, (max-width: 247px) 100vw, 247px\" \/><img loading=\"lazy\" decoding=\"async\" width=\"247\" height=\"247\" src=\"https:\/\/mariblum.de\/wp-content\/uploads\/2019\/02\/loewenzahn-ring-sling-aus-hanf-in-der-natur-247x247.png\" class=\"show-on-hover absolute fill hide-for-small back-image\" alt=\"pissenlit-ring-sling-en-chanvre\" aria-hidden=\"true\" srcset=\"https:\/\/mariblum.de\/wp-content\/uploads\/2019\/02\/loewenzahn-ring-sling-aus-hanf-in-der-natur-247x247.png 247w, https:\/\/mariblum.de\/wp-content\/uploads\/2019\/02\/loewenzahn-ring-sling-aus-hanf-in-der-natur-100x100.png 100w, https:\/\/mariblum.de\/wp-content\/uploads\/2019\/02\/loewenzahn-ring-sling-aus-hanf-in-der-natur-150x150.png 150w\" sizes=\"auto, (max-width: 247px) 100vw, 247px\" \/>\t\t\t\t<\/a>\n\t\t\t<\/div>\n\t\t\t<div class=\"image-tools is-small top right show-on-hover\">\n\t\t\t\t\t\t\t<\/div>\n\t\t\t<div class=\"image-tools is-small hide-for-small bottom left show-on-hover\">\n\t\t\t\t\t\t\t<\/div>\n\t\t\t<div class=\"image-tools grid-tools text-center hide-for-small bottom hover-slide-in show-on-hover\">\n\t\t\t\t<a href=\"#quick-view\" class=\"quick-view\" role=\"button\" data-prod=\"9116\" aria-haspopup=\"dialog\" aria-expanded=\"false\" data-flatsome-role-button>Aper\u00e7u<\/a>\t\t\t<\/div>\n\t\t\t\t\t<\/div>\n\n\t\t<div class=\"box-text box-text-products text-center grid-style-2\">\n\t\t\t<div class=\"ux-swatches ux-swatches-in-loop ux-swatches--rounded ux-swatches--x-small\" role=\"radiogroup\" data-flatsome-role-radiogroup><div data-image-src=\"https:\/\/mariblum.de\/wp-content\/uploads\/2019\/02\/gelber-ring-sling-l\u00f6wenzahn-toddler-scaled-e1576850408596-247x247.jpg\" data-image-srcset=\"https:\/\/mariblum.de\/wp-content\/uploads\/2019\/02\/gelber-ring-sling-l\u00f6wenzahn-toddler-scaled-e1576850408596-247x247.jpg 247w, https:\/\/mariblum.de\/wp-content\/uploads\/2019\/02\/gelber-ring-sling-l\u00f6wenzahn-toddler-scaled-e1576850408596-100x100.jpg 100w, https:\/\/mariblum.de\/wp-content\/uploads\/2019\/02\/gelber-ring-sling-l\u00f6wenzahn-toddler-scaled-e1576850408596-150x150.jpg 150w\" data-image-sizes=\"(max-width: 247px) 100vw, 247px\" data-attribute_name=\"attribute_pa_tt-groesze\" data-value=\"tt450-fr\" aria-label=\"4,50 m\" role=\"radio\" aria-checked=\"false\" tabindex=\"0\" class=\"ux-swatch ux-swatch--label\"><span class=\"ux-swatch__text\">4,50 m<\/span><\/div><div data-image-src=\"https:\/\/mariblum.de\/wp-content\/uploads\/2019\/02\/gelber-ring-sling-l\u00f6wenzahn-toddler-scaled-e1576850408596-247x247.jpg\" data-image-srcset=\"https:\/\/mariblum.de\/wp-content\/uploads\/2019\/02\/gelber-ring-sling-l\u00f6wenzahn-toddler-scaled-e1576850408596-247x247.jpg 247w, https:\/\/mariblum.de\/wp-content\/uploads\/2019\/02\/gelber-ring-sling-l\u00f6wenzahn-toddler-scaled-e1576850408596-100x100.jpg 100w, https:\/\/mariblum.de\/wp-content\/uploads\/2019\/02\/gelber-ring-sling-l\u00f6wenzahn-toddler-scaled-e1576850408596-150x150.jpg 150w\" data-image-sizes=\"(max-width: 247px) 100vw, 247px\" data-attribute_name=\"attribute_pa_tt-groesze\" data-value=\"tt500-fr\" aria-label=\"5,00 m\" role=\"radio\" aria-checked=\"false\" tabindex=\"0\" class=\"ux-swatch ux-swatch--label\"><span class=\"ux-swatch__text\">5,00 m<\/span><\/div><\/div><div class=\"title-wrapper\">\t\t<p class=\"category uppercase is-smaller no-text-overflow product-cat op-8\">\n\t\t\t\u00c9charpes en chanvre\t\t<\/p>\n\t<p class=\"name product-title woocommerce-loop-product__title\"><a href=\"https:\/\/mariblum.de\/fr\/produkt\/pissenlit-echarpe-jaune\/\" class=\"woocommerce-LoopProduct-link woocommerce-loop-product__link\">Pissenlit (\u00e9charpe)<\/a><\/p><\/div><div class=\"price-wrapper\">\n\t<span class=\"price\"><span class=\"woocommerce-Price-amount amount\"><bdi>189,95&nbsp;<span class=\"woocommerce-Price-currencySymbol\">&euro;<\/span><\/bdi><\/span> &ndash; <span class=\"woocommerce-Price-amount amount\"><bdi>199,95&nbsp;<span class=\"woocommerce-Price-currencySymbol\">&euro;<\/span><\/bdi><\/span><\/span>\n\n\n\n<\/div>\t\t<\/div>\n\t<\/div>\n\t\n<span class=\"gtm4wp_productdata\" style=\"display:none; visibility:hidden;\" data-gtm4wp_product_data=\"{&quot;internal_id&quot;:9116,&quot;item_id&quot;:9116,&quot;item_name&quot;:&quot;Pissenlit (\\u00e9charpe)&quot;,&quot;sku&quot;:9116,&quot;price&quot;:189.95,&quot;stocklevel&quot;:null,&quot;stockstatus&quot;:&quot;instock&quot;,&quot;google_business_vertical&quot;:&quot;retail&quot;,&quot;item_category&quot;:&quot;\\u00c9charpes en chanvre&quot;,&quot;id&quot;:9116,&quot;productlink&quot;:&quot;https:\\\/\\\/mariblum.de\\\/fr\\\/produkt\\\/pissenlit-echarpe-jaune\\\/&quot;,&quot;item_list_name&quot;:&quot;Produits mis en avant&quot;,&quot;index&quot;:3,&quot;product_type&quot;:&quot;variable&quot;,&quot;item_brand&quot;:&quot;&quot;}\"><\/span>\t<\/div>\n<\/div><div class=\"product-small col has-hover product type-product post-16081 status-publish last instock product_cat-fr-slings-en-chanvre-echarpe-de-portage product_cat-tissus-de-chanvre product_tag-chanvre product_tag-sling-fr has-post-thumbnail featured purchasable product-type-variable has-default-attributes\">\n\t<div class=\"col-inner\">\n\t\n<div class=\"badge-container absolute left top z-1\">\n\n<\/div>\n\t<div class=\"product-small box \">\n\t\t<div class=\"box-image\">\n\t\t\t<div class=\"image-fade_in_back\">\n\t\t\t\t<a href=\"https:\/\/mariblum.de\/fr\/produkt\/ecureuil-echarpe-de-portage-en-chanvre\/\">\n\t\t\t\t\t<img loading=\"lazy\" decoding=\"async\" width=\"247\" height=\"247\" src=\"https:\/\/mariblum.de\/wp-content\/uploads\/2024\/04\/Babytragetuch-aus-hanf-braun-247x247.webp\" class=\"attachment-woocommerce_thumbnail size-woocommerce_thumbnail\" alt=\"Porte-b\u00e9b\u00e9 en chanvre pour une meilleure climatisation de l&#039;enfant\" srcset=\"https:\/\/mariblum.de\/wp-content\/uploads\/2024\/04\/Babytragetuch-aus-hanf-braun-247x247.webp 247w, https:\/\/mariblum.de\/wp-content\/uploads\/2024\/04\/Babytragetuch-aus-hanf-braun-150x150.webp 150w, https:\/\/mariblum.de\/wp-content\/uploads\/2024\/04\/Babytragetuch-aus-hanf-braun-100x100.webp 100w\" sizes=\"auto, (max-width: 247px) 100vw, 247px\" \/><img loading=\"lazy\" decoding=\"async\" width=\"247\" height=\"247\" src=\"https:\/\/mariblum.de\/wp-content\/uploads\/2024\/04\/glueckliches-Baby-im-tragetuch-ohne-schreien-247x247.webp\" class=\"show-on-hover absolute fill hide-for-small back-image\" alt=\"Un b\u00e9b\u00e9 endormi heureux dans une \u00e9charpe qui dort\" aria-hidden=\"true\" srcset=\"https:\/\/mariblum.de\/wp-content\/uploads\/2024\/04\/glueckliches-Baby-im-tragetuch-ohne-schreien-247x247.webp 247w, https:\/\/mariblum.de\/wp-content\/uploads\/2024\/04\/glueckliches-Baby-im-tragetuch-ohne-schreien-150x150.webp 150w, https:\/\/mariblum.de\/wp-content\/uploads\/2024\/04\/glueckliches-Baby-im-tragetuch-ohne-schreien-100x100.webp 100w\" sizes=\"auto, (max-width: 247px) 100vw, 247px\" \/>\t\t\t\t<\/a>\n\t\t\t<\/div>\n\t\t\t<div class=\"image-tools is-small top right show-on-hover\">\n\t\t\t\t\t\t\t<\/div>\n\t\t\t<div class=\"image-tools is-small hide-for-small bottom left show-on-hover\">\n\t\t\t\t\t\t\t<\/div>\n\t\t\t<div class=\"image-tools grid-tools text-center hide-for-small bottom hover-slide-in show-on-hover\">\n\t\t\t\t<a href=\"#quick-view\" class=\"quick-view\" role=\"button\" data-prod=\"16081\" aria-haspopup=\"dialog\" aria-expanded=\"false\" data-flatsome-role-button>Aper\u00e7u<\/a>\t\t\t<\/div>\n\t\t\t\t\t<\/div>\n\n\t\t<div class=\"box-text box-text-products text-center grid-style-2\">\n\t\t\t<div class=\"ux-swatches ux-swatches-in-loop ux-swatches--rounded ux-swatches--x-small\" role=\"radiogroup\" data-flatsome-role-radiogroup><div data-image-src=\"https:\/\/mariblum.de\/wp-content\/uploads\/2024\/04\/Babytragetuch-aus-hanf-braun-247x247.webp\" data-image-srcset=\"https:\/\/mariblum.de\/wp-content\/uploads\/2024\/04\/Babytragetuch-aus-hanf-braun-247x247.webp 247w, https:\/\/mariblum.de\/wp-content\/uploads\/2024\/04\/Babytragetuch-aus-hanf-braun-150x150.webp 150w, https:\/\/mariblum.de\/wp-content\/uploads\/2024\/04\/Babytragetuch-aus-hanf-braun-100x100.webp 100w\" data-image-sizes=\"(max-width: 247px) 100vw, 247px\" data-attribute_name=\"attribute_pa_tt-groesze\" data-value=\"tt450-fr\" aria-label=\"4,50 m\" role=\"radio\" aria-checked=\"false\" tabindex=\"0\" class=\"ux-swatch ux-swatch--label\"><span class=\"ux-swatch__text\">4,50 m<\/span><\/div><div data-image-src=\"https:\/\/mariblum.de\/wp-content\/uploads\/2024\/04\/Babytragetuch-aus-hanf-braun-247x247.webp\" data-image-srcset=\"https:\/\/mariblum.de\/wp-content\/uploads\/2024\/04\/Babytragetuch-aus-hanf-braun-247x247.webp 247w, https:\/\/mariblum.de\/wp-content\/uploads\/2024\/04\/Babytragetuch-aus-hanf-braun-150x150.webp 150w, https:\/\/mariblum.de\/wp-content\/uploads\/2024\/04\/Babytragetuch-aus-hanf-braun-100x100.webp 100w\" data-image-sizes=\"(max-width: 247px) 100vw, 247px\" data-attribute_name=\"attribute_pa_tt-groesze\" data-value=\"tt500-fr\" aria-label=\"5,00 m\" role=\"radio\" aria-checked=\"false\" tabindex=\"0\" class=\"ux-swatch ux-swatch--label\"><span class=\"ux-swatch__text\">5,00 m<\/span><\/div><\/div><div class=\"title-wrapper\">\t\t<p class=\"category uppercase is-smaller no-text-overflow product-cat op-8\">\n\t\t\t\u00c9charpes en chanvre\t\t<\/p>\n\t<p class=\"name product-title woocommerce-loop-product__title\"><a href=\"https:\/\/mariblum.de\/fr\/produkt\/ecureuil-echarpe-de-portage-en-chanvre\/\" class=\"woocommerce-LoopProduct-link woocommerce-loop-product__link\">\u00c9cureuil (\u00e9charpe)<\/a><\/p><\/div><div class=\"price-wrapper\">\n\t<span class=\"price\"><span class=\"woocommerce-Price-amount amount\"><bdi>144,95&nbsp;<span class=\"woocommerce-Price-currencySymbol\">&euro;<\/span><\/bdi><\/span> &ndash; <span class=\"woocommerce-Price-amount amount\"><bdi>149,95&nbsp;<span class=\"woocommerce-Price-currencySymbol\">&euro;<\/span><\/bdi><\/span><\/span>\n\n\n\n<\/div>\t\t<\/div>\n\t<\/div>\n\t\n<span class=\"gtm4wp_productdata\" style=\"display:none; visibility:hidden;\" data-gtm4wp_product_data=\"{&quot;internal_id&quot;:16081,&quot;item_id&quot;:16081,&quot;item_name&quot;:&quot;\\u00c9cureuil (\\u00e9charpe)&quot;,&quot;sku&quot;:16081,&quot;price&quot;:149.95,&quot;stocklevel&quot;:null,&quot;stockstatus&quot;:&quot;instock&quot;,&quot;google_business_vertical&quot;:&quot;retail&quot;,&quot;item_category&quot;:&quot;\\u00c9charpes en chanvre&quot;,&quot;id&quot;:16081,&quot;productlink&quot;:&quot;https:\\\/\\\/mariblum.de\\\/fr\\\/produkt\\\/ecureuil-echarpe-de-portage-en-chanvre\\\/&quot;,&quot;item_list_name&quot;:&quot;Produits mis en avant&quot;,&quot;index&quot;:4,&quot;product_type&quot;:&quot;variable&quot;,&quot;item_brand&quot;:&quot;&quot;}\"><\/span>\t<\/div>\n<\/div><\/div><!-- row -->\n<\/div>\r\n<h2 id=\"zu-lockere-bindung\">Attache trop l\u00e2che<\/h2>\r\n<img loading=\"lazy\" decoding=\"async\" class=\"alignnone size-full\" src=\"https:\/\/mariblum.de\/wp-content\/uploads\/2024\/04\/Eichhoernchen-Ring-Sling-Braun-aus-Hanf-detail.jpeg\" alt=\"porte-b\u00e9b\u00e9 trop l\u00e2che\" width=\"6000\" height=\"8000\" \/>\r\n<p align=\"justify\">Un porte-b\u00e9b\u00e9 trop l\u00e2che peut entra\u00eener un manque de soutien pour votre b\u00e9b\u00e9, qui pourrait glisser.<\/p>\r\n<p align=\"justify\">Le porte-b\u00e9b\u00e9 doit \u00eatre suffisamment serr\u00e9 pour que votre b\u00e9b\u00e9 soit maintenu pr\u00e8s de votre corps, mais pas au point de devenir inconfortable. Un bon test : si vous vous penchez l\u00e9g\u00e8rement en avant, votre b\u00e9b\u00e9 doit rester avec vous et ne pas glisser loin de votre corps.<\/p>\r\n<strong>Comment attacher correctement le Ring Sling<\/strong> \t<div id=\"gap-915374992\" class=\"gap-element clearfix\" style=\"display:block; height:auto;\">\n\t\t\n<style>\n#gap-915374992 {\n  padding-top: 30px;\n}\n<\/style>\n\t<\/div>\n\t\r\n\r\n<!-- wp:yoast\/how-to-block {\"hasDuration\":true,\"minutes\":\"1\",\"jsonDescription\":\"Nouer un ring sling est simple une fois que tu as pris le coup de main. Voici un guide \u00e9tape par \u00e9tape de la technique la plus courante, id\u00e9ale pour une utilisation \u00e0 la maison :\",\"steps\":[{\"id\":\"how-to-step-1731580504331\",\"name\":[\"Pr\u00e9parer le Tissu :\"],\"text\":[\"Place le ring sling sur une \u00e9paule, de mani\u00e8re \u00e0 ce que les anneaux reposent sur le c\u00f4t\u00e9 oppos\u00e9 de ta poitrine.\"],\"jsonName\":\"Pr\u00e9parer le Tissu :\",\"jsonText\":\"Place le ring sling sur une \u00e9paule, de mani\u00e8re \u00e0 ce que les anneaux reposent sur le c\u00f4t\u00e9 oppos\u00e9 de ta poitrine.\"},{\"id\":\"how-to-step-1731580543280\",\"name\":[\"Passer le Tissu dans les Anneaux :\"],\"text\":[\"Fais passer l\u2019extr\u00e9mit\u00e9 du tissu dans les deux anneaux, puis replie-le et fais-le passer dans un seul anneau, cr\u00e9ant ainsi une \\u0022boucle\\u0022.\"],\"jsonName\":\"Passer le Tissu dans les Anneaux :\",\"jsonText\":\"Fais passer l\u2019extr\u00e9mit\u00e9 du tissu dans les deux anneaux, puis replie-le et fais-le passer dans un seul anneau, cr\u00e9ant ainsi une \\u0022boucle\\u0022.\"},{\"id\":\"how-to-step-1731580567678\",\"name\":[\"Installer Ton B\u00e9b\u00e9 dans le Sling :\"],\"text\":[\"Positionne ton b\u00e9b\u00e9 sur ta hanche oppos\u00e9e (celle o\u00f9 il n\u2019y a pas les anneaux) et \u00e9tale le tissu sur son dos.\"],\"jsonName\":\"Installer Ton B\u00e9b\u00e9 dans le Sling :\",\"jsonText\":\"Positionne ton b\u00e9b\u00e9 sur ta hanche oppos\u00e9e (celle o\u00f9 il n\u2019y a pas les anneaux) et \u00e9tale le tissu sur son dos.\"},{\"id\":\"how-to-step-1731580586587\",\"name\":[\"Ajuster le Si\u00e8ge et la Position :\"],\"text\":[\"Serre le tissu pour que ton b\u00e9b\u00e9 soit bien install\u00e9, en veillant \u00e0 ce que son visage reste visible et qu\u2019il soit confortablement proche de ton corps sans \u00eatre \u00e0 l\u2019\u00e9troit.\"],\"jsonName\":\"Ajuster le Si\u00e8ge et la Position :\",\"jsonText\":\"Serre le tissu pour que ton b\u00e9b\u00e9 soit bien install\u00e9, en veillant \u00e0 ce que son visage reste visible et qu\u2019il soit confortablement proche de ton corps sans \u00eatre \u00e0 l\u2019\u00e9troit.\"},{\"id\":\"how-to-step-1731580597040\",\"name\":[\"V\u00e9rifier la Tension et la L\u00e2chet\u00e9 :\"],\"text\":[\"Assure-toi que le tissu est bien tendu pour soutenir ton b\u00e9b\u00e9, mais qu\u2019il n\u2019est pas trop serr\u00e9 pour lui permettre de respirer et de se sentir \u00e0 l\u2019aise. Bien ajuster le sling est essentiel pour assurer s\u00e9curit\u00e9 et confort. Prends quelques minutes pour l\u2019ajuster correctement avant de te lancer dans tes t\u00e2ches.\"],\"jsonName\":\"V\u00e9rifier la Tension et la L\u00e2chet\u00e9 :\",\"jsonText\":\"Assure-toi que le tissu est bien tendu pour soutenir ton b\u00e9b\u00e9, mais qu\u2019il n\u2019est pas trop serr\u00e9 pour lui permettre de respirer et de se sentir \u00e0 l\u2019aise. Bien ajuster le sling est essentiel pour assurer s\u00e9curit\u00e9 et confort. Prends quelques minutes pour l\u2019ajuster correctement avant de te lancer dans tes t\u00e2ches.\"}],\"defaultDurationText\":\"Ben\u00f6tigte Zeit:\"} -->\r\n<div class=\"schema-how-to wp-block-yoast-how-to-block\"><p class=\"schema-how-to-total-time\"><span class=\"schema-how-to-duration-time-text\">Ben\u00f6tigte Zeit:\u00a0<\/span>1 Minute. <\/p><p class=\"schema-how-to-description\">Nouer un ring sling est simple une fois que tu as pris le coup de main. Voici un guide \u00e9tape par \u00e9tape de la technique la plus courante, id\u00e9ale pour une utilisation \u00e0 la maison :<\/p> <ol class=\"schema-how-to-steps\"><li class=\"schema-how-to-step\" id=\"how-to-step-1731580504331\"><strong class=\"schema-how-to-step-name\">Pr\u00e9parer le Tissu :<\/strong> <p class=\"schema-how-to-step-text\">Place le ring sling sur une \u00e9paule, de mani\u00e8re \u00e0 ce que les anneaux reposent sur le c\u00f4t\u00e9 oppos\u00e9 de ta poitrine.<\/p> <\/li><li class=\"schema-how-to-step\" id=\"how-to-step-1731580543280\"><strong class=\"schema-how-to-step-name\">Passer le Tissu dans les Anneaux :<\/strong> <p class=\"schema-how-to-step-text\">Fais passer l\u2019extr\u00e9mit\u00e9 du tissu dans les deux anneaux, puis replie-le et fais-le passer dans un seul anneau, cr\u00e9ant ainsi une \"boucle\".<\/p> <\/li><li class=\"schema-how-to-step\" id=\"how-to-step-1731580567678\"><strong class=\"schema-how-to-step-name\">Installer Ton B\u00e9b\u00e9 dans le Sling :<\/strong> <p class=\"schema-how-to-step-text\">Positionne ton b\u00e9b\u00e9 sur ta hanche oppos\u00e9e (celle o\u00f9 il n\u2019y a pas les anneaux) et \u00e9tale le tissu sur son dos.<\/p> <\/li><li class=\"schema-how-to-step\" id=\"how-to-step-1731580586587\"><strong class=\"schema-how-to-step-name\">Ajuster le Si\u00e8ge et la Position :<\/strong> <p class=\"schema-how-to-step-text\">Serre le tissu pour que ton b\u00e9b\u00e9 soit bien install\u00e9, en veillant \u00e0 ce que son visage reste visible et qu\u2019il soit confortablement proche de ton corps sans \u00eatre \u00e0 l\u2019\u00e9troit.<\/p> <\/li><li class=\"schema-how-to-step\" id=\"how-to-step-1731580597040\"><strong class=\"schema-how-to-step-name\">V\u00e9rifier la Tension et la L\u00e2chet\u00e9 :<\/strong> <p class=\"schema-how-to-step-text\">Assure-toi que le tissu est bien tendu pour soutenir ton b\u00e9b\u00e9, mais qu\u2019il n\u2019est pas trop serr\u00e9 pour lui permettre de respirer et de se sentir \u00e0 l\u2019aise. Bien ajuster le sling est essentiel pour assurer s\u00e9curit\u00e9 et confort. Prends quelques minutes pour l\u2019ajuster correctement avant de te lancer dans tes t\u00e2ches.<\/p> <\/li><\/ol><\/div>\r\n<!-- \/wp:yoast\/how-to-block -->\r\n<a href=\"https:\/\/mariblum.de\/fr\/les-ring-slings-a-la-maison-comment-ils-simplifient-la-vie-et-comment-les-nouer-facilement\" target=\"_blank\" class=\"button primary is-shade is-small box-shadow-3 box-shadow-5-hover expand\" rel=\"noopener\" style=\"border-radius:5px;\">\n\t\t<span>en savoir plus sur le nouage des Ring Slings<\/span>\n\t<\/a>\n\r\n\t<div id=\"gap-1659287854\" class=\"gap-element clearfix\" style=\"display:block; height:auto;\">\n\t\t\n<style>\n#gap-1659287854 {\n  padding-top: 30px;\n}\n<\/style>\n\t<\/div>\n\t\r\n<h2 id=\"falsche-anhock-spreiz-haltung\">Position accroupie-\u00e9cart\u00e9e incorrecte<\/h2>\r\n<img loading=\"lazy\" decoding=\"async\" class=\"alignnone size-full\" src=\"https:\/\/mariblum.de\/wp-content\/uploads\/2024\/04\/Waldfee-Tragetuch-Hanf.jpg\" alt=\"position accroupie-\u00e9cart\u00e9e\" width=\"6000\" height=\"8000\" \/>\r\n<p align=\"justify\">Les jambes du b\u00e9b\u00e9 pendent vers le bas, au lieu d&rsquo;\u00eatre dans la <strong>position en M<\/strong> recommand\u00e9e.<\/p>\r\n<p align=\"justify\">Assurez-vous que les genoux de votre b\u00e9b\u00e9 sont plus hauts que ses fesses, cr\u00e9ant ainsi une l\u00e9g\u00e8re \u00e9cartement. Cette position soulage les hanches et favorise un d\u00e9veloppement sain du syst\u00e8me musculo-squelettique.<\/p>\r\n\r\n<h2 id=\"das-gesicht-des-babys-ist-verdeckt\">Le visage du b\u00e9b\u00e9 est couvert<\/h2>\r\n<img loading=\"lazy\" decoding=\"async\" class=\"alignnone size-full\" src=\"https:\/\/mariblum.de\/wp-content\/uploads\/2024\/03\/Babybonding-im-Tragetuch.png\" alt=\"visage de b\u00e9b\u00e9 couvert\" width=\"6000\" height=\"8000\" \/>\r\n<p align=\"justify\">Si le tissu du porte-b\u00e9b\u00e9 couvre le visage de votre b\u00e9b\u00e9, cela peut restreindre la respiration.<\/p>\r\n<p align=\"justify\">Gardez toujours le visage d\u00e9gag\u00e9 et assurez-vous de pouvoir bien observer votre b\u00e9b\u00e9. Surtout au cours des premi\u00e8res semaines, il est important que le menton ne tombe pas sur la poitrine pour ne pas affecter la respiration.<\/p>\r\n\t<div id=\"gap-1103532907\" class=\"gap-element clearfix\" style=\"display:block; height:auto;\">\n\t\t\n<style>\n#gap-1103532907 {\n  padding-top: 30px;\n}\n<\/style>\n\t<\/div>\n\t\r\n\n  <div class=\"banner has-hover\" id=\"banner-1835361530\">\n          <div class=\"banner-inner fill\">\n        <div class=\"banner-bg fill\" >\n            <img loading=\"lazy\" decoding=\"async\" width=\"533\" height=\"800\" src=\"https:\/\/mariblum.de\/wp-content\/uploads\/2019\/10\/kornblume-ring-sling-aus-hanf-gefaltet.png\" class=\"bg attachment-1536x1536 size-1536x1536\" alt=\"kornblume-ring-sling-aus-hanf-trageberatung-richtig-gebunden\" \/>                        <div class=\"overlay\"><\/div>            \n                    <\/div>\n\t\t\n        <div class=\"banner-layers container\">\n            <div class=\"fill banner-link\"><\/div>            \r\n\r\n   <div id=\"text-box-1569613474\" class=\"text-box banner-layer x50 md-x50 lg-x50 y90 md-y90 lg-y90 res-text\">\n                                <div class=\"text-box-content text dark\">\n              \n              <div class=\"text-inner text-left\">\n                  \r\n<h4 class=\"uppercase\">Trouve le<\/h4>\r\n<h3 class=\"uppercase\"><strong>Ring Sling<\/strong><\/h3>\r\n<h4>qui te convient<\/h4>\r\n<h5 class=\"uppercase\"><strong>D\u00e9couvre maintenant la diversit\u00e9 de nos Ring Slings et cr\u00e9e un lien qui traverse les g\u00e9n\u00e9rations.<\/strong><\/h5>\r\n<a href=\"https:\/\/mariblum.de\/fr\/categorie-produit\/fr-ring-slings\/fr-ring-slings-en-lin\/\" class=\"button white is-outline\" >\n\t\t<span>Lin<\/span>\n\t<\/a>\n\r\n\r\n<a href=\"https:\/\/mariblum.de\/fr\/categorie-produit\/fr-ring-slings\/fr-ring-slings-en-chanvre\/\" class=\"button white is-outline\" >\n\t\t<span>Chanvre<\/span>\n\t<\/a>\n\r\n\r\n              <\/div>\n           <\/div>\n                            \n<style>\n#text-box-1569613474 {\n  width: 80%;\n}\n#text-box-1569613474 .text-box-content {\n  font-size: 100%;\n}\n<\/style>\n    <\/div>\n \r\n   <div id=\"text-box-2144521012\" class=\"text-box banner-layer text-box-circle x95 md-x95 lg-x95 y5 md-y5 lg-y5 res-text\">\n                                <div class=\"text-box-content text dark\">\n              \n              <div class=\"text-inner text-center\">\n                  \r\n\r\n<span style=\"font-size: 250%;\"><strong>Ring\r\nSlings<\/strong><\/span>\r\n\r\n              <\/div>\n           <\/div>\n                            \n<style>\n#text-box-2144521012 {\n  margin: 0px -5px 0px 0px;\n  width: 26%;\n}\n#text-box-2144521012 .text-box-content {\n  background-color: #3b4d5a;\n  font-size: 100%;\n  transform: rotate(34deg);\n}\n<\/style>\n    <\/div>\n \r\n\r\n        <\/div>\n      <\/div>\n\n            \n<style>\n#banner-1835361530 {\n  padding-top: 292px;\n}\n#banner-1835361530 .overlay {\n  background-color: rgba(0, 0, 0, 0.2);\n}\n#banner-1835361530 .banner-bg img {\n  object-position: 88% 74%;\n}\n<\/style>\n  <\/div>\n\n\r\n\t<div id=\"gap-48868216\" class=\"gap-element clearfix\" style=\"display:block; height:auto;\">\n\t\t\n<style>\n#gap-48868216 {\n  padding-top: 30px;\n}\n<\/style>\n\t<\/div>\n\t\r\n<h2 id=\"tragen-in-der-falschen-position\">Portage dans la mauvaise position<\/h2>\r\n<img loading=\"lazy\" decoding=\"async\" class=\"alignnone size-full\" src=\"https:\/\/mariblum.de\/wp-content\/uploads\/2023\/07\/8066B4FF-0AD8-45D6-928E-7CA396E096F0-scaled.jpeg3274.jpeg\" alt=\"mauvaisement attach\u00e9\" width=\"6000\" height=\"8000\" \/>\r\n<p align=\"justify\">De nombreux parents portent leur b\u00e9b\u00e9 face au monde avant qu&rsquo;il ne soit pr\u00eat pour cela.<\/p>\r\n<p align=\"justify\">Les nouveau-n\u00e9s doivent toujours \u00eatre orient\u00e9s vers la personne qui les porte. Ce n&rsquo;est que lorsque votre b\u00e9b\u00e9 a un bon contr\u00f4le de la t\u00eate (au plus t\u00f4t \u00e0 l&rsquo;\u00e2ge de 5 mois) qu&rsquo;il peut regarder vers l&rsquo;avant \u2013 mais seulement pour de courtes p\u00e9riodes afin d&rsquo;\u00e9viter la surestimulation.<\/p>\r\n\r\n<h2 id=\"falsche-kleidung\">V\u00eatements incorrects<\/h2>\r\n<img loading=\"lazy\" decoding=\"async\" class=\"alignnone size-full\" src=\"https:\/\/mariblum.de\/wp-content\/uploads\/2023\/05\/ring-sling-blau-herz-aus-hanf-baby-tragen.jpg\" alt=\"b\u00e9b\u00e9 mal habill\u00e9\" width=\"6000\" height=\"8000\" \/>\r\n<p align=\"justify\">Des v\u00eatements trop \u00e9pais peuvent entra\u00eener une surchauffe, car le porte-b\u00e9b\u00e9 offre d\u00e9j\u00e0 une bonne chaleur.<\/p>\r\n<p align=\"justify\">Habillez votre b\u00e9b\u00e9 avec <em>une couche de moins<\/em> que d&rsquo;habitude, selon la temp\u00e9rature. En hiver, des couvertures de portage ou des vestes de portage sp\u00e9ciales aident \u00e0 garder votre b\u00e9b\u00e9 au chaud sans \u00eatre trop emmitoufl\u00e9.<\/p>\r\n\n  \n    <div class=\"row large-columns-3 medium-columns-1 small-columns-1 slider row-slider slider-nav-reveal slider-nav-push\"  data-flickity-options='{&quot;imagesLoaded&quot;: true, &quot;groupCells&quot;: &quot;100%&quot;, &quot;dragThreshold&quot; : 5, &quot;cellAlign&quot;: &quot;left&quot;,&quot;wrapAround&quot;: true,&quot;prevNextButtons&quot;: true,&quot;percentPosition&quot;: true,&quot;pageDots&quot;: false, &quot;rightToLeft&quot;: false, &quot;autoPlay&quot; : false}' >\n\n  <div class=\"col post-item\" >\n\t\t\t<div class=\"col-inner\">\n\t\t\t\t<div class=\"box box-normal box-text-bottom box-blog-post has-hover\">\n            \t\t\t\t\t<div class=\"box-image\" >\n  \t\t\t\t\t\t<div class=\"image-cover\" style=\"padding-top:56.25%;\">\n\t\t\t\t\t\t\t<a href=\"https:\/\/mariblum.de\/fr\/echarpe-de-portage-plutot-que-poussette-les-avantages-surprenants-au-quotidien\/\" class=\"plain\" aria-label=\"\u00c9charpe de portage plut\u00f4t que poussette \u2013 Les avantages surprenants au quotidien\">\n\t\t\t\t\t\t\t\t<img loading=\"lazy\" decoding=\"async\" width=\"225\" height=\"300\" src=\"https:\/\/mariblum.de\/wp-content\/uploads\/2023\/04\/Lavendel-Ring-Sling-aus-Hanf-225x300.jpeg\" class=\"attachment-medium size-medium wp-post-image\" alt=\"\" srcset=\"https:\/\/mariblum.de\/wp-content\/uploads\/2023\/04\/Lavendel-Ring-Sling-aus-Hanf-225x300.jpeg 225w, https:\/\/mariblum.de\/wp-content\/uploads\/2023\/04\/Lavendel-Ring-Sling-aus-Hanf-510x680.jpeg 510w, https:\/\/mariblum.de\/wp-content\/uploads\/2023\/04\/Lavendel-Ring-Sling-aus-Hanf.jpeg 600w\" sizes=\"auto, (max-width: 225px) 100vw, 225px\" \/>\t\t\t\t\t\t\t<\/a>\n  \t\t\t\t\t\t\t  \t\t\t\t\t\t\t  \t\t\t\t\t\t<\/div>\n  \t\t\t\t\t\t  \t\t\t\t\t<\/div>\n          \t\t\t\t\t<div class=\"box-text text-center\" >\n\t\t\t\t\t<div class=\"box-text-inner blog-post-inner\">\n\n\t\t\t\t\t\n\t\t\t\t\t\t\t\t\t\t<h5 class=\"post-title is-large \">\n\t\t\t\t\t\t<a href=\"https:\/\/mariblum.de\/fr\/echarpe-de-portage-plutot-que-poussette-les-avantages-surprenants-au-quotidien\/\" class=\"plain\">\u00c9charpe de portage plut\u00f4t que poussette \u2013 Les avantages surprenants au quotidien<\/a>\n\t\t\t\t\t<\/h5>\n\t\t\t\t\t\t\t\t\t\t<div class=\"is-divider\"><\/div>\n\t\t\t\t\t\t\t\t\t\t<p class=\"from_the_blog_excerpt \">\n\t\t\t\t\t\tLes poussettes sont consid\u00e9r\u00e9es comme un incontournable pour les nouveaux parents \u2013 mais que se [...]\t\t\t\t\t<\/p>\n\t\t\t\t\t                    \n\t\t\t\t\t\n\t\t\t\t\t\n\t\t\t\t\t<\/div>\n\t\t\t\t\t<\/div>\n\t\t\t\t\t\t\t\t\t\t\t\t\t\t\t\t<div class=\"badge absolute top post-date badge-outline\">\n\t\t\t\t\t\t\t<div class=\"badge-inner\">\n\t\t\t\t\t\t\t\t<span class=\"post-date-day\">02<\/span><br>\n\t\t\t\t\t\t\t\t<span class=\"post-date-month is-xsmall\">Avr<\/span>\n\t\t\t\t\t\t\t<\/div>\n\t\t\t\t\t\t<\/div>\n\t\t\t\t\t\t\t\t\t<\/div>\n\t\t\t<\/div>\n\t\t<\/div><div class=\"col post-item\" >\n\t\t\t<div class=\"col-inner\">\n\t\t\t\t<div class=\"box box-normal box-text-bottom box-blog-post has-hover\">\n            \t\t\t\t\t<div class=\"box-image\" >\n  \t\t\t\t\t\t<div class=\"image-cover\" style=\"padding-top:56.25%;\">\n\t\t\t\t\t\t\t<a href=\"https:\/\/mariblum.de\/fr\/porter-son-bebe-sans-douleur-5-erreurs-courantes-et-leurs-solutions\/\" class=\"plain\" aria-label=\"Porter son b\u00e9b\u00e9 sans douleur \u2013 5 erreurs courantes et leurs solutions\">\n\t\t\t\t\t\t\t\t<img loading=\"lazy\" decoding=\"async\" width=\"225\" height=\"300\" src=\"https:\/\/mariblum.de\/wp-content\/uploads\/2025\/04\/Baby-Tragetuch-aus-Hanf-Zauberwald-225x300.jpeg\" class=\"attachment-medium size-medium wp-post-image\" alt=\"\" srcset=\"https:\/\/mariblum.de\/wp-content\/uploads\/2025\/04\/Baby-Tragetuch-aus-Hanf-Zauberwald-225x300.jpeg 225w, https:\/\/mariblum.de\/wp-content\/uploads\/2025\/04\/Baby-Tragetuch-aus-Hanf-Zauberwald-510x680.jpeg 510w, https:\/\/mariblum.de\/wp-content\/uploads\/2025\/04\/Baby-Tragetuch-aus-Hanf-Zauberwald.jpeg 600w\" sizes=\"auto, (max-width: 225px) 100vw, 225px\" \/>\t\t\t\t\t\t\t<\/a>\n  \t\t\t\t\t\t\t  \t\t\t\t\t\t\t  \t\t\t\t\t\t<\/div>\n  \t\t\t\t\t\t  \t\t\t\t\t<\/div>\n          \t\t\t\t\t<div class=\"box-text text-center\" >\n\t\t\t\t\t<div class=\"box-text-inner blog-post-inner\">\n\n\t\t\t\t\t\n\t\t\t\t\t\t\t\t\t\t<h5 class=\"post-title is-large \">\n\t\t\t\t\t\t<a href=\"https:\/\/mariblum.de\/fr\/porter-son-bebe-sans-douleur-5-erreurs-courantes-et-leurs-solutions\/\" class=\"plain\">Porter son b\u00e9b\u00e9 sans douleur \u2013 5 erreurs courantes et leurs solutions<\/a>\n\t\t\t\t\t<\/h5>\n\t\t\t\t\t\t\t\t\t\t<div class=\"is-divider\"><\/div>\n\t\t\t\t\t\t\t\t\t\t<p class=\"from_the_blog_excerpt \">\n\t\t\t\t\t\tPorter ton b\u00e9b\u00e9 ne devrait jamais \u00eatre douloureux \u2014 bien au contraire. Bien r\u00e9alis\u00e9, le [...]\t\t\t\t\t<\/p>\n\t\t\t\t\t                    \n\t\t\t\t\t\n\t\t\t\t\t\n\t\t\t\t\t<\/div>\n\t\t\t\t\t<\/div>\n\t\t\t\t\t\t\t\t\t\t\t\t\t\t\t\t<div class=\"badge absolute top post-date badge-outline\">\n\t\t\t\t\t\t\t<div class=\"badge-inner\">\n\t\t\t\t\t\t\t\t<span class=\"post-date-day\">14<\/span><br>\n\t\t\t\t\t\t\t\t<span class=\"post-date-month is-xsmall\">Nov<\/span>\n\t\t\t\t\t\t\t<\/div>\n\t\t\t\t\t\t<\/div>\n\t\t\t\t\t\t\t\t\t<\/div>\n\t\t\t<\/div>\n\t\t<\/div><div class=\"col post-item\" >\n\t\t\t<div class=\"col-inner\">\n\t\t\t\t<div class=\"box box-normal box-text-bottom box-blog-post has-hover\">\n            \t\t\t\t\t<div class=\"box-image\" >\n  \t\t\t\t\t\t<div class=\"image-cover\" style=\"padding-top:56.25%;\">\n\t\t\t\t\t\t\t<a href=\"https:\/\/mariblum.de\/fr\/porter-son-bebe-en-hiver-7-mythes-verites-honnetes-et-petits-inconvenients\/\" class=\"plain\" aria-label=\"Porter son b\u00e9b\u00e9 en hiver \u2013 7 mythes, v\u00e9rit\u00e9s honn\u00eates et petits inconv\u00e9nients\">\n\t\t\t\t\t\t\t\t<img loading=\"lazy\" decoding=\"async\" width=\"200\" height=\"300\" src=\"https:\/\/mariblum.de\/wp-content\/uploads\/2019\/10\/kornblume-ring-sling-aus-hanf-gefaltet-200x300.png\" class=\"attachment-medium size-medium wp-post-image\" alt=\"kornblume-ring-sling-aus-hanf-trageberatung-richtig-gebunden\" srcset=\"https:\/\/mariblum.de\/wp-content\/uploads\/2019\/10\/kornblume-ring-sling-aus-hanf-gefaltet-200x300.png 200w, https:\/\/mariblum.de\/wp-content\/uploads\/2019\/10\/kornblume-ring-sling-aus-hanf-gefaltet-510x765.png 510w, https:\/\/mariblum.de\/wp-content\/uploads\/2019\/10\/kornblume-ring-sling-aus-hanf-gefaltet.png 533w\" sizes=\"auto, (max-width: 200px) 100vw, 200px\" \/>\t\t\t\t\t\t\t<\/a>\n  \t\t\t\t\t\t\t  \t\t\t\t\t\t\t  \t\t\t\t\t\t<\/div>\n  \t\t\t\t\t\t  \t\t\t\t\t<\/div>\n          \t\t\t\t\t<div class=\"box-text text-center\" >\n\t\t\t\t\t<div class=\"box-text-inner blog-post-inner\">\n\n\t\t\t\t\t\n\t\t\t\t\t\t\t\t\t\t<h5 class=\"post-title is-large \">\n\t\t\t\t\t\t<a href=\"https:\/\/mariblum.de\/fr\/porter-son-bebe-en-hiver-7-mythes-verites-honnetes-et-petits-inconvenients\/\" class=\"plain\">Porter son b\u00e9b\u00e9 en hiver \u2013 7 mythes, v\u00e9rit\u00e9s honn\u00eates et petits inconv\u00e9nients<\/a>\n\t\t\t\t\t<\/h5>\n\t\t\t\t\t\t\t\t\t\t<div class=\"is-divider\"><\/div>\n\t\t\t\t\t\t\t\t\t\t<p class=\"from_the_blog_excerpt \">\n\t\t\t\t\t\tQuand les jours raccourcissent et que le froid s\u2019installe, de nombreuses mamans se demandent : [...]\t\t\t\t\t<\/p>\n\t\t\t\t\t                    \n\t\t\t\t\t\n\t\t\t\t\t\n\t\t\t\t\t<\/div>\n\t\t\t\t\t<\/div>\n\t\t\t\t\t\t\t\t\t\t\t\t\t\t\t\t<div class=\"badge absolute top post-date badge-outline\">\n\t\t\t\t\t\t\t<div class=\"badge-inner\">\n\t\t\t\t\t\t\t\t<span class=\"post-date-day\">07<\/span><br>\n\t\t\t\t\t\t\t\t<span class=\"post-date-month is-xsmall\">Nov<\/span>\n\t\t\t\t\t\t\t<\/div>\n\t\t\t\t\t\t<\/div>\n\t\t\t\t\t\t\t\t\t<\/div>\n\t\t\t<\/div>\n\t\t<\/div><div class=\"col post-item\" >\n\t\t\t<div class=\"col-inner\">\n\t\t\t\t<div class=\"box box-normal box-text-bottom box-blog-post has-hover\">\n            \t\t\t\t\t<div class=\"box-image\" >\n  \t\t\t\t\t\t<div class=\"image-cover\" style=\"padding-top:56.25%;\">\n\t\t\t\t\t\t\t<a href=\"https:\/\/mariblum.de\/fr\/guide-complet-des-matieres-pour-echarpes-de-portage-et-ring-slings-en-automne\/\" class=\"plain\" aria-label=\"Guide complet des mati\u00e8res pour \u00e9charpes de portage et ring slings en automne\">\n\t\t\t\t\t\t\t\t<img loading=\"lazy\" decoding=\"async\" width=\"225\" height=\"300\" src=\"https:\/\/mariblum.de\/wp-content\/uploads\/2023\/04\/Ring-Sling-aus-Hanf-Lavendelfeld-225x300.jpeg\" class=\"attachment-medium size-medium wp-post-image\" alt=\"\" srcset=\"https:\/\/mariblum.de\/wp-content\/uploads\/2023\/04\/Ring-Sling-aus-Hanf-Lavendelfeld-225x300.jpeg 225w, https:\/\/mariblum.de\/wp-content\/uploads\/2023\/04\/Ring-Sling-aus-Hanf-Lavendelfeld-510x680.jpeg 510w, https:\/\/mariblum.de\/wp-content\/uploads\/2023\/04\/Ring-Sling-aus-Hanf-Lavendelfeld.jpeg 600w\" sizes=\"auto, (max-width: 225px) 100vw, 225px\" \/>\t\t\t\t\t\t\t<\/a>\n  \t\t\t\t\t\t\t  \t\t\t\t\t\t\t  \t\t\t\t\t\t<\/div>\n  \t\t\t\t\t\t  \t\t\t\t\t<\/div>\n          \t\t\t\t\t<div class=\"box-text text-center\" >\n\t\t\t\t\t<div class=\"box-text-inner blog-post-inner\">\n\n\t\t\t\t\t\n\t\t\t\t\t\t\t\t\t\t<h5 class=\"post-title is-large \">\n\t\t\t\t\t\t<a href=\"https:\/\/mariblum.de\/fr\/guide-complet-des-matieres-pour-echarpes-de-portage-et-ring-slings-en-automne\/\" class=\"plain\">Guide complet des mati\u00e8res pour \u00e9charpes de portage et ring slings en automne<\/a>\n\t\t\t\t\t<\/h5>\n\t\t\t\t\t\t\t\t\t\t<div class=\"is-divider\"><\/div>\n\t\t\t\t\t\t\t\t\t\t<p class=\"from_the_blog_excerpt \">\n\t\t\t\t\t\tL\u2019automne est \u00e0 nos portes, apportant avec lui des journ\u00e9es plus fra\u00eeches qui nous invitent [...]\t\t\t\t\t<\/p>\n\t\t\t\t\t                    \n\t\t\t\t\t\n\t\t\t\t\t\n\t\t\t\t\t<\/div>\n\t\t\t\t\t<\/div>\n\t\t\t\t\t\t\t\t\t\t\t\t\t\t\t\t<div class=\"badge absolute top post-date badge-outline\">\n\t\t\t\t\t\t\t<div class=\"badge-inner\">\n\t\t\t\t\t\t\t\t<span class=\"post-date-day\">03<\/span><br>\n\t\t\t\t\t\t\t\t<span class=\"post-date-month is-xsmall\">Nov<\/span>\n\t\t\t\t\t\t\t<\/div>\n\t\t\t\t\t\t<\/div>\n\t\t\t\t\t\t\t\t\t<\/div>\n\t\t\t<\/div>\n\t\t<\/div><div class=\"col post-item\" >\n\t\t\t<div class=\"col-inner\">\n\t\t\t\t<div class=\"box box-normal box-text-bottom box-blog-post has-hover\">\n            \t\t\t\t\t<div class=\"box-image\" >\n  \t\t\t\t\t\t<div class=\"image-cover\" style=\"padding-top:56.25%;\">\n\t\t\t\t\t\t\t<a href=\"https:\/\/mariblum.de\/fr\/portage-et-fratrie-conseils-avises-pour-les-jeunes-mamans\/\" class=\"plain\" aria-label=\"Portage et fratrie : conseils avis\u00e9s pour les jeunes mamans\">\n\t\t\t\t\t\t\t\t<img loading=\"lazy\" decoding=\"async\" width=\"225\" height=\"300\" src=\"https:\/\/mariblum.de\/wp-content\/uploads\/2025\/04\/Baby-Tragetuch-aus-Hanf-Zauberwald-225x300.jpeg\" class=\"attachment-medium size-medium wp-post-image\" alt=\"\" srcset=\"https:\/\/mariblum.de\/wp-content\/uploads\/2025\/04\/Baby-Tragetuch-aus-Hanf-Zauberwald-225x300.jpeg 225w, https:\/\/mariblum.de\/wp-content\/uploads\/2025\/04\/Baby-Tragetuch-aus-Hanf-Zauberwald-510x680.jpeg 510w, https:\/\/mariblum.de\/wp-content\/uploads\/2025\/04\/Baby-Tragetuch-aus-Hanf-Zauberwald.jpeg 600w\" sizes=\"auto, (max-width: 225px) 100vw, 225px\" \/>\t\t\t\t\t\t\t<\/a>\n  \t\t\t\t\t\t\t  \t\t\t\t\t\t\t  \t\t\t\t\t\t<\/div>\n  \t\t\t\t\t\t  \t\t\t\t\t<\/div>\n          \t\t\t\t\t<div class=\"box-text text-center\" >\n\t\t\t\t\t<div class=\"box-text-inner blog-post-inner\">\n\n\t\t\t\t\t\n\t\t\t\t\t\t\t\t\t\t<h5 class=\"post-title is-large \">\n\t\t\t\t\t\t<a href=\"https:\/\/mariblum.de\/fr\/portage-et-fratrie-conseils-avises-pour-les-jeunes-mamans\/\" class=\"plain\">Portage et fratrie : conseils avis\u00e9s pour les jeunes mamans<\/a>\n\t\t\t\t\t<\/h5>\n\t\t\t\t\t\t\t\t\t\t<div class=\"is-divider\"><\/div>\n\t\t\t\t\t\t\t\t\t\t<p class=\"from_the_blog_excerpt \">\n\t\t\t\t\t\tLa vie de jeune maman apporte son lot de d\u00e9fis \u2014 et d\u2019innombrables petites joies. [...]\t\t\t\t\t<\/p>\n\t\t\t\t\t                    \n\t\t\t\t\t\n\t\t\t\t\t\n\t\t\t\t\t<\/div>\n\t\t\t\t\t<\/div>\n\t\t\t\t\t\t\t\t\t\t\t\t\t\t\t\t<div class=\"badge absolute top post-date badge-outline\">\n\t\t\t\t\t\t\t<div class=\"badge-inner\">\n\t\t\t\t\t\t\t\t<span class=\"post-date-day\">17<\/span><br>\n\t\t\t\t\t\t\t\t<span class=\"post-date-month is-xsmall\">Oct<\/span>\n\t\t\t\t\t\t\t<\/div>\n\t\t\t\t\t\t<\/div>\n\t\t\t\t\t\t\t\t\t<\/div>\n\t\t\t<\/div>\n\t\t<\/div><div class=\"col post-item\" >\n\t\t\t<div class=\"col-inner\">\n\t\t\t\t<div class=\"box box-normal box-text-bottom box-blog-post has-hover\">\n            \t\t\t\t\t<div class=\"box-image\" >\n  \t\t\t\t\t\t<div class=\"image-cover\" style=\"padding-top:56.25%;\">\n\t\t\t\t\t\t\t<a href=\"https:\/\/mariblum.de\/fr\/balades-dautomne-en-ring-sling-flexible-proche-meilleurs-spots-conseils-checklist\/\" class=\"plain\" aria-label=\"Balades d\u2019automne en ring sling : flexible &#038; proche \u2014 meilleurs spots, conseils &#038; checklist\">\n\t\t\t\t\t\t\t\t<img loading=\"lazy\" decoding=\"async\" width=\"225\" height=\"300\" src=\"https:\/\/mariblum.de\/wp-content\/uploads\/2025\/04\/Baumwolle-Baby-Tragetuch_Elefantenmotiv-weiss-blau-225x300.jpg\" class=\"attachment-medium size-medium wp-post-image\" alt=\"\" srcset=\"https:\/\/mariblum.de\/wp-content\/uploads\/2025\/04\/Baumwolle-Baby-Tragetuch_Elefantenmotiv-weiss-blau-225x300.jpg 225w, https:\/\/mariblum.de\/wp-content\/uploads\/2025\/04\/Baumwolle-Baby-Tragetuch_Elefantenmotiv-weiss-blau-510x680.jpg 510w, https:\/\/mariblum.de\/wp-content\/uploads\/2025\/04\/Baumwolle-Baby-Tragetuch_Elefantenmotiv-weiss-blau.jpg 600w\" sizes=\"auto, (max-width: 225px) 100vw, 225px\" \/>\t\t\t\t\t\t\t<\/a>\n  \t\t\t\t\t\t\t  \t\t\t\t\t\t\t  \t\t\t\t\t\t<\/div>\n  \t\t\t\t\t\t  \t\t\t\t\t<\/div>\n          \t\t\t\t\t<div class=\"box-text text-center\" >\n\t\t\t\t\t<div class=\"box-text-inner blog-post-inner\">\n\n\t\t\t\t\t\n\t\t\t\t\t\t\t\t\t\t<h5 class=\"post-title is-large \">\n\t\t\t\t\t\t<a href=\"https:\/\/mariblum.de\/fr\/balades-dautomne-en-ring-sling-flexible-proche-meilleurs-spots-conseils-checklist\/\" class=\"plain\">Balades d\u2019automne en ring sling : flexible &#038; proche \u2014 meilleurs spots, conseils &#038; checklist<\/a>\n\t\t\t\t\t<\/h5>\n\t\t\t\t\t\t\t\t\t\t<div class=\"is-divider\"><\/div>\n\t\t\t\t\t\t\t\t\t\t<p class=\"from_the_blog_excerpt \">\n\t\t\t\t\t\tL\u2019automne est une saison magique \u2014 les feuilles se parent de couleurs chaudes et l\u2019air [...]\t\t\t\t\t<\/p>\n\t\t\t\t\t                    \n\t\t\t\t\t\n\t\t\t\t\t\n\t\t\t\t\t<\/div>\n\t\t\t\t\t<\/div>\n\t\t\t\t\t\t\t\t\t\t\t\t\t\t\t\t<div class=\"badge absolute top post-date badge-outline\">\n\t\t\t\t\t\t\t<div class=\"badge-inner\">\n\t\t\t\t\t\t\t\t<span class=\"post-date-day\">10<\/span><br>\n\t\t\t\t\t\t\t\t<span class=\"post-date-month is-xsmall\">Oct<\/span>\n\t\t\t\t\t\t\t<\/div>\n\t\t\t\t\t\t<\/div>\n\t\t\t\t\t\t\t\t\t<\/div>\n\t\t\t<\/div>\n\t\t<\/div><div class=\"col post-item\" >\n\t\t\t<div class=\"col-inner\">\n\t\t\t\t<div class=\"box box-normal box-text-bottom box-blog-post has-hover\">\n            \t\t\t\t\t<div class=\"box-image\" >\n  \t\t\t\t\t\t<div class=\"image-cover\" style=\"padding-top:56.25%;\">\n\t\t\t\t\t\t\t<a href=\"https:\/\/mariblum.de\/fr\/superposition-des-couches-lorsque-vous-portez-votre-bebe-comment-vous-habiller-correctement-vous-et-votre-bebe\/\" class=\"plain\" aria-label=\"Superposition des couches lorsque vous portez votre b\u00e9b\u00e9 : comment vous habiller correctement, vous et votre b\u00e9b\u00e9\">\n\t\t\t\t\t\t\t\t<img loading=\"lazy\" decoding=\"async\" width=\"193\" height=\"300\" src=\"https:\/\/mariblum.de\/wp-content\/uploads\/2019\/02\/Olive_Ring-Sling_detail-scaled-e1576770252650-193x300.jpg\" class=\"attachment-medium size-medium wp-post-image\" alt=\"olive-ring-sling-en-chanvre\" srcset=\"https:\/\/mariblum.de\/wp-content\/uploads\/2019\/02\/Olive_Ring-Sling_detail-scaled-e1576770252650-193x300.jpg 193w, https:\/\/mariblum.de\/wp-content\/uploads\/2019\/02\/Olive_Ring-Sling_detail-scaled-e1576770252650-510x794.jpg 510w, https:\/\/mariblum.de\/wp-content\/uploads\/2019\/02\/Olive_Ring-Sling_detail-scaled-e1576770252650.jpg 514w\" sizes=\"auto, (max-width: 193px) 100vw, 193px\" \/>\t\t\t\t\t\t\t<\/a>\n  \t\t\t\t\t\t\t  \t\t\t\t\t\t\t  \t\t\t\t\t\t<\/div>\n  \t\t\t\t\t\t  \t\t\t\t\t<\/div>\n          \t\t\t\t\t<div class=\"box-text text-center\" >\n\t\t\t\t\t<div class=\"box-text-inner blog-post-inner\">\n\n\t\t\t\t\t\n\t\t\t\t\t\t\t\t\t\t<h5 class=\"post-title is-large \">\n\t\t\t\t\t\t<a href=\"https:\/\/mariblum.de\/fr\/superposition-des-couches-lorsque-vous-portez-votre-bebe-comment-vous-habiller-correctement-vous-et-votre-bebe\/\" class=\"plain\">Superposition des couches lorsque vous portez votre b\u00e9b\u00e9 : comment vous habiller correctement, vous et votre b\u00e9b\u00e9<\/a>\n\t\t\t\t\t<\/h5>\n\t\t\t\t\t\t\t\t\t\t<div class=\"is-divider\"><\/div>\n\t\t\t\t\t\t\t\t\t\t<p class=\"from_the_blog_excerpt \">\n\t\t\t\t\t\tLa vie de jeune maman est pleine de nouveaux d\u00e9fis \u2014 et de merveilleux moments [...]\t\t\t\t\t<\/p>\n\t\t\t\t\t                    \n\t\t\t\t\t\n\t\t\t\t\t\n\t\t\t\t\t<\/div>\n\t\t\t\t\t<\/div>\n\t\t\t\t\t\t\t\t\t\t\t\t\t\t\t\t<div class=\"badge absolute top post-date badge-outline\">\n\t\t\t\t\t\t\t<div class=\"badge-inner\">\n\t\t\t\t\t\t\t\t<span class=\"post-date-day\">26<\/span><br>\n\t\t\t\t\t\t\t\t<span class=\"post-date-month is-xsmall\">Sep<\/span>\n\t\t\t\t\t\t\t<\/div>\n\t\t\t\t\t\t<\/div>\n\t\t\t\t\t\t\t\t\t<\/div>\n\t\t\t<\/div>\n\t\t<\/div><div class=\"col post-item\" >\n\t\t\t<div class=\"col-inner\">\n\t\t\t\t<div class=\"box box-normal box-text-bottom box-blog-post has-hover\">\n            \t\t\t\t\t<div class=\"box-image\" >\n  \t\t\t\t\t\t<div class=\"image-cover\" style=\"padding-top:56.25%;\">\n\t\t\t\t\t\t\t<a href=\"https:\/\/mariblum.de\/fr\/maitriser-le-vent-la-pluie-avec-bebe-echarpes-et-ring-slings-strategies-douces-pour-jeunes-mamans\/\" class=\"plain\" aria-label=\"Ma\u00eetriser le vent &#038; la pluie avec b\u00e9b\u00e9 : \u00e9charpes et ring slings \u2014 strat\u00e9gies douces pour jeunes mamans\">\n\t\t\t\t\t\t\t\t<img loading=\"lazy\" decoding=\"async\" width=\"225\" height=\"300\" src=\"https:\/\/mariblum.de\/wp-content\/uploads\/2024\/03\/Babybonding-im-Tragetuch-225x300.png\" class=\"attachment-medium size-medium wp-post-image\" alt=\"Babybonding im Tragetuch\" srcset=\"https:\/\/mariblum.de\/wp-content\/uploads\/2024\/03\/Babybonding-im-Tragetuch-225x300.png 225w, https:\/\/mariblum.de\/wp-content\/uploads\/2024\/03\/Babybonding-im-Tragetuch-510x680.png 510w, https:\/\/mariblum.de\/wp-content\/uploads\/2024\/03\/Babybonding-im-Tragetuch.png 600w\" sizes=\"auto, (max-width: 225px) 100vw, 225px\" \/>\t\t\t\t\t\t\t<\/a>\n  \t\t\t\t\t\t\t  \t\t\t\t\t\t\t  \t\t\t\t\t\t<\/div>\n  \t\t\t\t\t\t  \t\t\t\t\t<\/div>\n          \t\t\t\t\t<div class=\"box-text text-center\" >\n\t\t\t\t\t<div class=\"box-text-inner blog-post-inner\">\n\n\t\t\t\t\t\n\t\t\t\t\t\t\t\t\t\t<h5 class=\"post-title is-large \">\n\t\t\t\t\t\t<a href=\"https:\/\/mariblum.de\/fr\/maitriser-le-vent-la-pluie-avec-bebe-echarpes-et-ring-slings-strategies-douces-pour-jeunes-mamans\/\" class=\"plain\">Ma\u00eetriser le vent &#038; la pluie avec b\u00e9b\u00e9 : \u00e9charpes et ring slings \u2014 strat\u00e9gies douces pour jeunes mamans<\/a>\n\t\t\t\t\t<\/h5>\n\t\t\t\t\t\t\t\t\t\t<div class=\"is-divider\"><\/div>\n\t\t\t\t\t\t\t\t\t\t<p class=\"from_the_blog_excerpt \">\n\t\t\t\t\t\tEn tant que jeune maman, tu veux prot\u00e9ger ton b\u00e9b\u00e9 \u2014 qu\u2019il vente ou qu\u2019il [...]\t\t\t\t\t<\/p>\n\t\t\t\t\t                    \n\t\t\t\t\t\n\t\t\t\t\t\n\t\t\t\t\t<\/div>\n\t\t\t\t\t<\/div>\n\t\t\t\t\t\t\t\t\t\t\t\t\t\t\t\t<div class=\"badge absolute top post-date badge-outline\">\n\t\t\t\t\t\t\t<div class=\"badge-inner\">\n\t\t\t\t\t\t\t\t<span class=\"post-date-day\">19<\/span><br>\n\t\t\t\t\t\t\t\t<span class=\"post-date-month is-xsmall\">Sep<\/span>\n\t\t\t\t\t\t\t<\/div>\n\t\t\t\t\t\t<\/div>\n\t\t\t\t\t\t\t\t\t<\/div>\n\t\t\t<\/div>\n\t\t<\/div><\/div>\r\n<h2 id=\"zu-fruehes-tragen-auf-dem-ruecken\">Portage trop t\u00f4t sur le dos<\/h2>\r\n<img loading=\"lazy\" decoding=\"async\" class=\"alignnone size-full\" src=\"https:\/\/mariblum.de\/wp-content\/uploads\/2023\/04\/Lavendellfeld-aus-Leinen-Baby-tragen.jpg\" alt=\"b\u00e9b\u00e9 port\u00e9 trop t\u00f4t\" width=\"6000\" height=\"8000\" \/>\r\n<p align=\"justify\">Le b\u00e9b\u00e9 est port\u00e9 sur le dos trop t\u00f4t, avant qu&rsquo;il ne soit pr\u00eat.<\/p>\r\n<p align=\"justify\">Le portage sur le dos n&rsquo;est utile que lorsque votre b\u00e9b\u00e9 peut maintenir sa t\u00eate de mani\u00e8re stable (g\u00e9n\u00e9ralement \u00e0 partir de 4 \u00e0 6 mois). Pour les nouveau-n\u00e9s, le portage sur le ventre est l&rsquo;option la plus s\u00fbre et la plus ergonomique.<\/p>\r\n\r\n<h2 id=\"fazit\">Conclusion<\/h2>\r\n<p align=\"justify\">Un <strong>porte-b\u00e9b\u00e9<\/strong> est d&rsquo;une grande aide pour la vie quotidienne avec un b\u00e9b\u00e9 \u2013 s&rsquo;il est utilis\u00e9 correctement. Faites attention \u00e0 la technique d&rsquo;attache correcte, \u00e0 la posture ergonomique de votre b\u00e9b\u00e9 et assurez-vous qu&rsquo;il est toujours bien soutenu. Ainsi, le <em>portage de b\u00e9b\u00e9<\/em> devient non seulement plus confortable, mais aussi plus s\u00fbr pour vous deux. En cas de doute, des conseill\u00e8res en portage ou des guides vid\u00e9o d\u00e9taill\u00e9s peuvent vous aider \u00e0 trouver la bonne technique.<\/p>\n","protected":false},"excerpt":{"rendered":"<p>Pourquoi il est si important de bien porter Le porte-b\u00e9b\u00e9 est un moyen merveilleux de garder votre b\u00e9b\u00e9 pr\u00e8s de vous, de renforcer votre lien et de faciliter votre quotidien. Cependant, surtout au d\u00e9but, des erreurs peuvent survenir qui affectent le confort et la s\u00e9curit\u00e9 du portage. Pour que vous et votre b\u00e9b\u00e9 puissiez profiter [&#8230;]\n","protected":false},"author":1,"featured_media":16910,"comment_status":"closed","ping_status":"closed","sticky":false,"template":"","format":"standard","meta":{"footnotes":""},"categories":[998],"tags":[1909],"class_list":["post-18546","post","type-post","status-publish","format-standard","has-post-thumbnail","hentry","category-mariblum-actualites-porte-bebe","tag-tragetuch-en"],"yoast_head":"<!-- This site is optimized with the Yoast SEO Premium plugin v23.3 (Yoast SEO v27.2) - https:\/\/yoast.com\/product\/yoast-seo-premium-wordpress\/ -->\n<title>Les erreurs de portage les plus courantes \u2013 et comment les \u00e9viter - mariblum - \u00c9charpe de portage<\/title>\n<meta name=\"description\" content=\"Le porte-b\u00e9b\u00e9 est un moyen merveilleux de garder votre b\u00e9b\u00e9 pr\u00e8s de vous, de renforcer votre lien et de faciliter votre quotidien.\" \/>\n<meta name=\"robots\" content=\"index, follow, max-snippet:-1, max-image-preview:large, max-video-preview:-1\" \/>\n<link rel=\"canonical\" href=\"https:\/\/mariblum.de\/fr\/les-erreurs-de-portage-les-plus-courantes-et-comment-les-eviter\/\" \/>\n<meta property=\"og:locale\" content=\"fr_FR\" \/>\n<meta property=\"og:type\" content=\"article\" \/>\n<meta property=\"og:title\" content=\"Les erreurs de portage les plus courantes \u2013 et comment les \u00e9viter\" \/>\n<meta property=\"og:description\" content=\"Le porte-b\u00e9b\u00e9 est un moyen merveilleux de garder votre b\u00e9b\u00e9 pr\u00e8s de vous, de renforcer votre lien et de faciliter votre quotidien.\" \/>\n<meta property=\"og:url\" content=\"https:\/\/mariblum.de\/fr\/les-erreurs-de-portage-les-plus-courantes-et-comment-les-eviter\/\" \/>\n<meta property=\"og:site_name\" content=\"mariblum - \u00c9charpe de portage\" \/>\n<meta property=\"article:published_time\" content=\"2025-02-21T09:06:25+00:00\" \/>\n<meta property=\"article:modified_time\" content=\"2025-02-21T09:06:30+00:00\" \/>\n<meta property=\"og:image\" content=\"https:\/\/mariblum.de\/wp-content\/uploads\/2021\/01\/Blumenwiese-Tragetuch-aus-Hanf.jpeg\" \/>\n\t<meta property=\"og:image:width\" content=\"600\" \/>\n\t<meta property=\"og:image:height\" content=\"800\" \/>\n\t<meta property=\"og:image:type\" content=\"image\/jpeg\" \/>\n<meta name=\"author\" content=\"mariblum\" \/>\n<meta name=\"twitter:card\" content=\"summary_large_image\" \/>\n<meta name=\"twitter:label1\" content=\"\u00c9crit par\" \/>\n\t<meta name=\"twitter:data1\" content=\"mariblum\" \/>\n\t<meta name=\"twitter:label2\" content=\"Dur\u00e9e de lecture estim\u00e9e\" \/>\n\t<meta name=\"twitter:data2\" content=\"6 minutes\" \/>\n<script type=\"application\/ld+json\" class=\"yoast-schema-graph\">{\"@context\":\"https:\/\/schema.org\",\"@graph\":[{\"@type\":\"Article\",\"@id\":\"https:\/\/mariblum.de\/fr\/les-erreurs-de-portage-les-plus-courantes-et-comment-les-eviter\/#article\",\"isPartOf\":{\"@id\":\"https:\/\/mariblum.de\/fr\/les-erreurs-de-portage-les-plus-courantes-et-comment-les-eviter\/\"},\"author\":{\"name\":\"mariblum\",\"@id\":\"https:\/\/mariblum.de\/fr\/#\/schema\/person\/0f48a4840cefc156d4d2deb5e4b294d0\"},\"headline\":\"Les erreurs de portage les plus courantes \u2013 et comment les \u00e9viter\",\"datePublished\":\"2025-02-21T09:06:25+00:00\",\"dateModified\":\"2025-02-21T09:06:30+00:00\",\"mainEntityOfPage\":{\"@id\":\"https:\/\/mariblum.de\/fr\/les-erreurs-de-portage-les-plus-courantes-et-comment-les-eviter\/\"},\"wordCount\":759,\"publisher\":{\"@id\":\"https:\/\/mariblum.de\/fr\/#organization\"},\"image\":{\"@id\":\"https:\/\/mariblum.de\/fr\/les-erreurs-de-portage-les-plus-courantes-et-comment-les-eviter\/#primaryimage\"},\"thumbnailUrl\":\"https:\/\/mariblum.de\/wp-content\/uploads\/2021\/01\/Blumenwiese-Tragetuch-aus-Hanf.jpeg\",\"keywords\":[\"tragetuch\"],\"articleSection\":[\"mariblum - Actualit\u00e9s porte b\u00e9b\u00e9\"],\"inLanguage\":\"fr-FR\"},{\"@type\":\"WebPage\",\"@id\":\"https:\/\/mariblum.de\/fr\/les-erreurs-de-portage-les-plus-courantes-et-comment-les-eviter\/\",\"url\":\"https:\/\/mariblum.de\/fr\/les-erreurs-de-portage-les-plus-courantes-et-comment-les-eviter\/\",\"name\":\"Les erreurs de portage les plus courantes \u2013 et comment les \u00e9viter - mariblum - \u00c9charpe de portage\",\"isPartOf\":{\"@id\":\"https:\/\/mariblum.de\/fr\/#website\"},\"primaryImageOfPage\":{\"@id\":\"https:\/\/mariblum.de\/fr\/les-erreurs-de-portage-les-plus-courantes-et-comment-les-eviter\/#primaryimage\"},\"image\":{\"@id\":\"https:\/\/mariblum.de\/fr\/les-erreurs-de-portage-les-plus-courantes-et-comment-les-eviter\/#primaryimage\"},\"thumbnailUrl\":\"https:\/\/mariblum.de\/wp-content\/uploads\/2021\/01\/Blumenwiese-Tragetuch-aus-Hanf.jpeg\",\"datePublished\":\"2025-02-21T09:06:25+00:00\",\"dateModified\":\"2025-02-21T09:06:30+00:00\",\"description\":\"Le porte-b\u00e9b\u00e9 est un moyen merveilleux de garder votre b\u00e9b\u00e9 pr\u00e8s de vous, de renforcer votre lien et de faciliter votre quotidien.\",\"breadcrumb\":{\"@id\":\"https:\/\/mariblum.de\/fr\/les-erreurs-de-portage-les-plus-courantes-et-comment-les-eviter\/#breadcrumb\"},\"inLanguage\":\"fr-FR\",\"potentialAction\":[{\"@type\":\"ReadAction\",\"target\":[\"https:\/\/mariblum.de\/fr\/les-erreurs-de-portage-les-plus-courantes-et-comment-les-eviter\/\"]}]},{\"@type\":\"ImageObject\",\"inLanguage\":\"fr-FR\",\"@id\":\"https:\/\/mariblum.de\/fr\/les-erreurs-de-portage-les-plus-courantes-et-comment-les-eviter\/#primaryimage\",\"url\":\"https:\/\/mariblum.de\/wp-content\/uploads\/2021\/01\/Blumenwiese-Tragetuch-aus-Hanf.jpeg\",\"contentUrl\":\"https:\/\/mariblum.de\/wp-content\/uploads\/2021\/01\/Blumenwiese-Tragetuch-aus-Hanf.jpeg\",\"width\":600,\"height\":800},{\"@type\":\"BreadcrumbList\",\"@id\":\"https:\/\/mariblum.de\/fr\/les-erreurs-de-portage-les-plus-courantes-et-comment-les-eviter\/#breadcrumb\",\"itemListElement\":[{\"@type\":\"ListItem\",\"position\":1,\"name\":\"Startseite\",\"item\":\"https:\/\/mariblum.de\/fr\/\"},{\"@type\":\"ListItem\",\"position\":2,\"name\":\"Les erreurs de portage les plus courantes \u2013 et comment les \u00e9viter\"}]},{\"@type\":\"WebSite\",\"@id\":\"https:\/\/mariblum.de\/fr\/#website\",\"url\":\"https:\/\/mariblum.de\/fr\/\",\"name\":\"mariblum Traget\u00fccher\",\"description\":\"la fa\u00e7on naturelle de porter votre b\u00e9b\u00e9\",\"publisher\":{\"@id\":\"https:\/\/mariblum.de\/fr\/#organization\"},\"potentialAction\":[{\"@type\":\"SearchAction\",\"target\":{\"@type\":\"EntryPoint\",\"urlTemplate\":\"https:\/\/mariblum.de\/fr\/?s={search_term_string}\"},\"query-input\":{\"@type\":\"PropertyValueSpecification\",\"valueRequired\":true,\"valueName\":\"search_term_string\"}}],\"inLanguage\":\"fr-FR\"},{\"@type\":\"Organization\",\"@id\":\"https:\/\/mariblum.de\/fr\/#organization\",\"name\":\"mariblum\",\"url\":\"https:\/\/mariblum.de\/fr\/\",\"logo\":{\"@type\":\"ImageObject\",\"inLanguage\":\"fr-FR\",\"@id\":\"https:\/\/mariblum.de\/fr\/#\/schema\/logo\/image\/\",\"url\":\"https:\/\/mariblum.de\/wp-content\/uploads\/2020\/07\/logo_m-500x_transparent.png\",\"contentUrl\":\"https:\/\/mariblum.de\/wp-content\/uploads\/2020\/07\/logo_m-500x_transparent.png\",\"width\":500,\"height\":500,\"caption\":\"mariblum\"},\"image\":{\"@id\":\"https:\/\/mariblum.de\/fr\/#\/schema\/logo\/image\/\"},\"sameAs\":[\"https:\/\/www.instagram.com\/_mariblum_\/\"]},{\"@type\":\"Person\",\"@id\":\"https:\/\/mariblum.de\/fr\/#\/schema\/person\/0f48a4840cefc156d4d2deb5e4b294d0\",\"name\":\"mariblum\",\"url\":\"https:\/\/mariblum.de\/fr\/author\/mariblum\/\"}]}<\/script>\n<!-- \/ Yoast SEO Premium plugin. -->","yoast_head_json":{"title":"Les erreurs de portage les plus courantes \u2013 et comment les \u00e9viter - mariblum - \u00c9charpe de portage","description":"Le porte-b\u00e9b\u00e9 est un moyen merveilleux de garder votre b\u00e9b\u00e9 pr\u00e8s de vous, de renforcer votre lien et de faciliter votre quotidien.","robots":{"index":"index","follow":"follow","max-snippet":"max-snippet:-1","max-image-preview":"max-image-preview:large","max-video-preview":"max-video-preview:-1"},"canonical":"https:\/\/mariblum.de\/fr\/les-erreurs-de-portage-les-plus-courantes-et-comment-les-eviter\/","og_locale":"fr_FR","og_type":"article","og_title":"Les erreurs de portage les plus courantes \u2013 et comment les \u00e9viter","og_description":"Le porte-b\u00e9b\u00e9 est un moyen merveilleux de garder votre b\u00e9b\u00e9 pr\u00e8s de vous, de renforcer votre lien et de faciliter votre quotidien.","og_url":"https:\/\/mariblum.de\/fr\/les-erreurs-de-portage-les-plus-courantes-et-comment-les-eviter\/","og_site_name":"mariblum - \u00c9charpe de portage","article_published_time":"2025-02-21T09:06:25+00:00","article_modified_time":"2025-02-21T09:06:30+00:00","og_image":[{"width":600,"height":800,"url":"https:\/\/mariblum.de\/wp-content\/uploads\/2021\/01\/Blumenwiese-Tragetuch-aus-Hanf.jpeg","type":"image\/jpeg"}],"author":"mariblum","twitter_card":"summary_large_image","twitter_misc":{"\u00c9crit par":"mariblum","Dur\u00e9e de lecture estim\u00e9e":"6 minutes"},"schema":{"@context":"https:\/\/schema.org","@graph":[{"@type":"Article","@id":"https:\/\/mariblum.de\/fr\/les-erreurs-de-portage-les-plus-courantes-et-comment-les-eviter\/#article","isPartOf":{"@id":"https:\/\/mariblum.de\/fr\/les-erreurs-de-portage-les-plus-courantes-et-comment-les-eviter\/"},"author":{"name":"mariblum","@id":"https:\/\/mariblum.de\/fr\/#\/schema\/person\/0f48a4840cefc156d4d2deb5e4b294d0"},"headline":"Les erreurs de portage les plus courantes \u2013 et comment les \u00e9viter","datePublished":"2025-02-21T09:06:25+00:00","dateModified":"2025-02-21T09:06:30+00:00","mainEntityOfPage":{"@id":"https:\/\/mariblum.de\/fr\/les-erreurs-de-portage-les-plus-courantes-et-comment-les-eviter\/"},"wordCount":759,"publisher":{"@id":"https:\/\/mariblum.de\/fr\/#organization"},"image":{"@id":"https:\/\/mariblum.de\/fr\/les-erreurs-de-portage-les-plus-courantes-et-comment-les-eviter\/#primaryimage"},"thumbnailUrl":"https:\/\/mariblum.de\/wp-content\/uploads\/2021\/01\/Blumenwiese-Tragetuch-aus-Hanf.jpeg","keywords":["tragetuch"],"articleSection":["mariblum - Actualit\u00e9s porte b\u00e9b\u00e9"],"inLanguage":"fr-FR"},{"@type":"WebPage","@id":"https:\/\/mariblum.de\/fr\/les-erreurs-de-portage-les-plus-courantes-et-comment-les-eviter\/","url":"https:\/\/mariblum.de\/fr\/les-erreurs-de-portage-les-plus-courantes-et-comment-les-eviter\/","name":"Les erreurs de portage les plus courantes \u2013 et comment les \u00e9viter - mariblum - \u00c9charpe de portage","isPartOf":{"@id":"https:\/\/mariblum.de\/fr\/#website"},"primaryImageOfPage":{"@id":"https:\/\/mariblum.de\/fr\/les-erreurs-de-portage-les-plus-courantes-et-comment-les-eviter\/#primaryimage"},"image":{"@id":"https:\/\/mariblum.de\/fr\/les-erreurs-de-portage-les-plus-courantes-et-comment-les-eviter\/#primaryimage"},"thumbnailUrl":"https:\/\/mariblum.de\/wp-content\/uploads\/2021\/01\/Blumenwiese-Tragetuch-aus-Hanf.jpeg","datePublished":"2025-02-21T09:06:25+00:00","dateModified":"2025-02-21T09:06:30+00:00","description":"Le porte-b\u00e9b\u00e9 est un moyen merveilleux de garder votre b\u00e9b\u00e9 pr\u00e8s de vous, de renforcer votre lien et de faciliter votre quotidien.","breadcrumb":{"@id":"https:\/\/mariblum.de\/fr\/les-erreurs-de-portage-les-plus-courantes-et-comment-les-eviter\/#breadcrumb"},"inLanguage":"fr-FR","potentialAction":[{"@type":"ReadAction","target":["https:\/\/mariblum.de\/fr\/les-erreurs-de-portage-les-plus-courantes-et-comment-les-eviter\/"]}]},{"@type":"ImageObject","inLanguage":"fr-FR","@id":"https:\/\/mariblum.de\/fr\/les-erreurs-de-portage-les-plus-courantes-et-comment-les-eviter\/#primaryimage","url":"https:\/\/mariblum.de\/wp-content\/uploads\/2021\/01\/Blumenwiese-Tragetuch-aus-Hanf.jpeg","contentUrl":"https:\/\/mariblum.de\/wp-content\/uploads\/2021\/01\/Blumenwiese-Tragetuch-aus-Hanf.jpeg","width":600,"height":800},{"@type":"BreadcrumbList","@id":"https:\/\/mariblum.de\/fr\/les-erreurs-de-portage-les-plus-courantes-et-comment-les-eviter\/#breadcrumb","itemListElement":[{"@type":"ListItem","position":1,"name":"Startseite","item":"https:\/\/mariblum.de\/fr\/"},{"@type":"ListItem","position":2,"name":"Les erreurs de portage les plus courantes \u2013 et comment les \u00e9viter"}]},{"@type":"WebSite","@id":"https:\/\/mariblum.de\/fr\/#website","url":"https:\/\/mariblum.de\/fr\/","name":"mariblum Traget\u00fccher","description":"la fa\u00e7on naturelle de porter votre b\u00e9b\u00e9","publisher":{"@id":"https:\/\/mariblum.de\/fr\/#organization"},"potentialAction":[{"@type":"SearchAction","target":{"@type":"EntryPoint","urlTemplate":"https:\/\/mariblum.de\/fr\/?s={search_term_string}"},"query-input":{"@type":"PropertyValueSpecification","valueRequired":true,"valueName":"search_term_string"}}],"inLanguage":"fr-FR"},{"@type":"Organization","@id":"https:\/\/mariblum.de\/fr\/#organization","name":"mariblum","url":"https:\/\/mariblum.de\/fr\/","logo":{"@type":"ImageObject","inLanguage":"fr-FR","@id":"https:\/\/mariblum.de\/fr\/#\/schema\/logo\/image\/","url":"https:\/\/mariblum.de\/wp-content\/uploads\/2020\/07\/logo_m-500x_transparent.png","contentUrl":"https:\/\/mariblum.de\/wp-content\/uploads\/2020\/07\/logo_m-500x_transparent.png","width":500,"height":500,"caption":"mariblum"},"image":{"@id":"https:\/\/mariblum.de\/fr\/#\/schema\/logo\/image\/"},"sameAs":["https:\/\/www.instagram.com\/_mariblum_\/"]},{"@type":"Person","@id":"https:\/\/mariblum.de\/fr\/#\/schema\/person\/0f48a4840cefc156d4d2deb5e4b294d0","name":"mariblum","url":"https:\/\/mariblum.de\/fr\/author\/mariblum\/"}]}},"_links":{"self":[{"href":"https:\/\/mariblum.de\/fr\/wp-json\/wp\/v2\/posts\/18546","targetHints":{"allow":["GET"]}}],"collection":[{"href":"https:\/\/mariblum.de\/fr\/wp-json\/wp\/v2\/posts"}],"about":[{"href":"https:\/\/mariblum.de\/fr\/wp-json\/wp\/v2\/types\/post"}],"author":[{"embeddable":true,"href":"https:\/\/mariblum.de\/fr\/wp-json\/wp\/v2\/users\/1"}],"replies":[{"embeddable":true,"href":"https:\/\/mariblum.de\/fr\/wp-json\/wp\/v2\/comments?post=18546"}],"version-history":[{"count":2,"href":"https:\/\/mariblum.de\/fr\/wp-json\/wp\/v2\/posts\/18546\/revisions"}],"predecessor-version":[{"id":18554,"href":"https:\/\/mariblum.de\/fr\/wp-json\/wp\/v2\/posts\/18546\/revisions\/18554"}],"wp:featuredmedia":[{"embeddable":true,"href":"https:\/\/mariblum.de\/fr\/wp-json\/wp\/v2\/media\/16910"}],"wp:attachment":[{"href":"https:\/\/mariblum.de\/fr\/wp-json\/wp\/v2\/media?parent=18546"}],"wp:term":[{"taxonomy":"category","embeddable":true,"href":"https:\/\/mariblum.de\/fr\/wp-json\/wp\/v2\/categories?post=18546"},{"taxonomy":"post_tag","embeddable":true,"href":"https:\/\/mariblum.de\/fr\/wp-json\/wp\/v2\/tags?post=18546"}],"curies":[{"name":"wp","href":"https:\/\/api.w.org\/{rel}","templated":true}]}}