{"id":18062,"date":"2025-01-03T06:01:00","date_gmt":"2025-01-03T06:01:00","guid":{"rendered":"https:\/\/mariblum.de\/?p=18062"},"modified":"2025-01-03T06:01:04","modified_gmt":"2025-01-03T06:01:04","slug":"la-magie-du-bonding-pourquoi-lecharpe-de-portage-est-plus-quun-moyen-de-transport","status":"publish","type":"post","link":"https:\/\/mariblum.de\/fr\/la-magie-du-bonding-pourquoi-lecharpe-de-portage-est-plus-quun-moyen-de-transport\/","title":{"rendered":"La magie du bonding : pourquoi l&rsquo;\u00e9charpe de portage est plus qu&rsquo;un moyen de transport"},"content":{"rendered":"\n<p class=\"wp-block-yoast-seo-estimated-reading-time yoast-reading-time__wrapper\"><span class=\"yoast-reading-time__icon\"><svg aria-hidden=\"true\" focusable=\"false\" data-icon=\"clock\" width=\"20\" height=\"20\" fill=\"none\" stroke=\"currentColor\" style=\"display:inline-block;vertical-align:-0.1em\" role=\"img\" xmlns=\"http:\/\/www.w3.org\/2000\/svg\" viewBox=\"0 0 24 24\"><path stroke-linecap=\"round\" stroke-linejoin=\"round\" stroke-width=\"2\" d=\"M12 8v4l3 3m6-3a9 9 0 11-18 0 9 9 0 0118 0z\"><\/path><\/svg><\/span><span class=\"yoast-reading-time__spacer\" style=\"display:inline-block;width:1em\"><\/span><span class=\"yoast-reading-time__descriptive-text\">Estimated reading time: <\/span><span class=\"yoast-reading-time__reading-time\">7<\/span><span class=\"yoast-reading-time__time-unit\"> minutes<\/span><\/p>\n\n\n\n<p class=\"lead\" align=\"justify\">Le b\u00e9b\u00e9 est l\u00e0 \u2013 un petit miracle qui bouleverse le monde. De nombreux parents se demandent comment ils peuvent favoriser ce lien \u00e9troit avec leur enfant, souvent d\u00e9crit comme un \u00ab\u00a0bonding\u00a0\u00bb. La r\u00e9ponse ? Elle pourrait \u00eatre plus proche que vous ne le pensez : dans le porte-b\u00e9b\u00e9.<\/p> <Strong>Table des Mati\u00e8res<\/strong> <ol> <li style=\"list-style-type: none;\"> <ol> <li><a href=\"#Qu-est-ce-que-le-Bonding-et-pourquoi-est-ce-si-important\">Qu&rsquo;est-ce que le Bonding, et pourquoi est-ce si important ?<\/a><\/li> <li><a href=\"#Pourquoi-le-porte-bebe-soutient-efficacement-le-bonding\">Pourquoi le porte-b\u00e9b\u00e9 soutient efficacement le bonding<\/a><\/li> <li><a href=\"#Comment-trouver-la-position-de-portage-parfaite\">Comment trouver la position de portage parfaite<\/a><\/li> <li><a href=\"#Conseil-Personnel-Le-porte-bebe-comme-une-oasis-dans-la-vie-quotidienne\">Conseil Personnel : Le porte-b\u00e9b\u00e9 comme une oasis dans la vie quotidienne<\/a><\/li> <li><a href=\"#Conclusion-Bonding-dans-le-porte-bebe\u2013Un-cadeau-pour-vous-deux\">Conclusion : Bonding dans le porte-b\u00e9b\u00e9 \u2013 Un cadeau pour vous deux<\/a><\/li> <li><a href=\"#faq-a-propos-du-bonding-nouveaux-nes\">FAQ : Bonding avec les b\u00e9b\u00e9s dans le porte-b\u00e9b\u00e9<\/a><\/li> <\/ol> <\/li> <\/ol> <h2 id=\"Qu-est-ce-que-le-Bonding-et-pourquoi-est-ce-si-important\">Qu&rsquo;est-ce que le Bonding, et pourquoi est-ce si important ?<\/h2> <img loading=\"lazy\" decoding=\"async\" class=\"alignnone size-full\" src=\"https:\/\/mariblum.de\/wp-content\/uploads\/2023\/02\/elefanten-tragetuch-gelb-schwarz.jpg\" alt=\"Qu'est-ce que le Bonding\" width=\"6000\" height=\"8000\" \/> <p align=\"justify\">Le bonding est ce lien invisible entre vous et votre b\u00e9b\u00e9, un sentiment de proximit\u00e9, de s\u00e9curit\u00e9 et de confiance. Il \u00e9merge principalement par le toucher, le contact visuel et la conscience d&rsquo;\u00eatre pr\u00e9sent l&rsquo;un pour l&rsquo;autre. Surtout dans les premiers mois de la vie, le bonding est crucial car il pose les bases de la stabilit\u00e9 \u00e9motionnelle, de la confiance en soi et du d\u00e9veloppement sain.<\/p>\n\n<blockquote>Le bonding n&rsquo;est pas un objectif \u00e0 atteindre, mais un chemin que vous empruntez ensemble \u2013 pas \u00e0 pas, c\u0153ur \u00e0 c\u0153ur.<\/blockquote>\n\n<p align=\"justify\">Le porte-b\u00e9b\u00e9 cr\u00e9e un environnement o\u00f9 le bonding se fait naturellement. Votre b\u00e9b\u00e9 entend votre rythme cardiaque, ressent votre chaleur et per\u00e7oit votre odeur. Ce sont pr\u00e9cis\u00e9ment ces \u00e9l\u00e9ments qui lui apportent s\u00e9curit\u00e9 &#8211; comme une transition douce entre la s\u00e9curit\u00e9 dans le ventre et le monde ext\u00e9rieur.<\/p> <div class=\"woocommerce columns-4 \"><div class=\"products row row-small large-columns-4 medium-columns-3 small-columns-2\">\n<div class=\"product-small col has-hover product type-product post-7616 status-publish first instock product_cat-fr-ring-slings product_cat-fr-ring-slings-en-lin product_cat-tissus-en-lin product_tag-biologica-fr-2 product_tag-lin product_tag-ring-sling-fr has-post-thumbnail featured purchasable product-type-variable has-default-attributes has-product-safety-information\">\n\t<div class=\"col-inner\">\n\t\n<div class=\"badge-container absolute left top z-1\">\n\n<\/div>\n\t<div class=\"product-small box \">\n\t\t<div class=\"box-image\">\n\t\t\t<div class=\"image-fade_in_back\">\n\t\t\t\t<a href=\"https:\/\/mariblum.de\/fr\/produkt\/rose-de-laube-ring-sling-en-lin\/\">\n\t\t\t\t\t<img loading=\"lazy\" decoding=\"async\" width=\"247\" height=\"247\" src=\"https:\/\/mariblum.de\/wp-content\/uploads\/2019\/10\/roter-ring-sling-gebunden-aus-leinen-trageberatung-247x247.png\" class=\"attachment-woocommerce_thumbnail size-woocommerce_thumbnail\" alt=\"rose-de-laube-sling-en-lin\" srcset=\"https:\/\/mariblum.de\/wp-content\/uploads\/2019\/10\/roter-ring-sling-gebunden-aus-leinen-trageberatung-247x247.png 247w, https:\/\/mariblum.de\/wp-content\/uploads\/2019\/10\/roter-ring-sling-gebunden-aus-leinen-trageberatung-100x100.png 100w\" sizes=\"auto, (max-width: 247px) 100vw, 247px\" \/><img loading=\"lazy\" decoding=\"async\" width=\"247\" height=\"247\" src=\"https:\/\/mariblum.de\/wp-content\/uploads\/2019\/10\/leinen-ring-sling-rosa-scaled-e1576614953654-247x247.jpg\" class=\"show-on-hover absolute fill hide-for-small back-image\" alt=\"rose-de-laube-ring-sling-en-lin\" aria-hidden=\"true\" srcset=\"https:\/\/mariblum.de\/wp-content\/uploads\/2019\/10\/leinen-ring-sling-rosa-scaled-e1576614953654-247x247.jpg 247w, https:\/\/mariblum.de\/wp-content\/uploads\/2019\/10\/leinen-ring-sling-rosa-scaled-e1576614953654-100x100.jpg 100w, https:\/\/mariblum.de\/wp-content\/uploads\/2019\/10\/leinen-ring-sling-rosa-scaled-e1576614953654-150x150.jpg 150w\" sizes=\"auto, (max-width: 247px) 100vw, 247px\" \/>\t\t\t\t<\/a>\n\t\t\t<\/div>\n\t\t\t<div class=\"image-tools is-small top right show-on-hover\">\n\t\t\t\t\t\t\t<\/div>\n\t\t\t<div class=\"image-tools is-small hide-for-small bottom left show-on-hover\">\n\t\t\t\t\t\t\t<\/div>\n\t\t\t<div class=\"image-tools grid-tools text-center hide-for-small bottom hover-slide-in show-on-hover\">\n\t\t\t\t<a href=\"#quick-view\" class=\"quick-view\" role=\"button\" data-prod=\"7616\" aria-haspopup=\"dialog\" aria-expanded=\"false\" data-flatsome-role-button>Aper\u00e7u<\/a>\t\t\t<\/div>\n\t\t\t\t\t<\/div>\n\n\t\t<div class=\"box-text box-text-products text-center grid-style-2\">\n\t\t\t<div class=\"title-wrapper\">\t\t<p class=\"category uppercase is-smaller no-text-overflow product-cat op-8\">\n\t\t\tRing Slings\t\t<\/p>\n\t<p class=\"name product-title woocommerce-loop-product__title\"><a href=\"https:\/\/mariblum.de\/fr\/produkt\/rose-de-laube-ring-sling-en-lin\/\" class=\"woocommerce-LoopProduct-link woocommerce-loop-product__link\">Ros\u00e9 de l\u2019aube (Ring Sling en lin)<\/a><\/p><\/div><div class=\"price-wrapper\">\n\t<span class=\"price\"><span class=\"woocommerce-Price-amount amount\"><bdi>99,95&nbsp;<span class=\"woocommerce-Price-currencySymbol\">&euro;<\/span><\/bdi><\/span><\/span>\n\n\n\n<\/div>\t\t<\/div>\n\t<\/div>\n\t\n<span class=\"gtm4wp_productdata\" style=\"display:none; visibility:hidden;\" data-gtm4wp_product_data=\"{&quot;internal_id&quot;:7616,&quot;item_id&quot;:7616,&quot;item_name&quot;:&quot;Ros\\u00e9 de l\\u2019aube (Ring Sling en lin)&quot;,&quot;sku&quot;:7616,&quot;price&quot;:99.95,&quot;stocklevel&quot;:null,&quot;stockstatus&quot;:&quot;instock&quot;,&quot;google_business_vertical&quot;:&quot;retail&quot;,&quot;item_category&quot;:&quot;Ring Slings&quot;,&quot;id&quot;:7616,&quot;productlink&quot;:&quot;https:\\\/\\\/mariblum.de\\\/fr\\\/produkt\\\/rose-de-laube-ring-sling-en-lin\\\/&quot;,&quot;item_list_name&quot;:&quot;Produits mis en avant&quot;,&quot;index&quot;:1,&quot;product_type&quot;:&quot;variable&quot;,&quot;item_brand&quot;:&quot;&quot;}\"><\/span>\t<\/div>\n<\/div><div class=\"product-small col has-hover product type-product post-7521 status-publish instock product_cat-fr-slings-en-chanvre-echarpe-de-portage product_cat-tissus-de-chanvre product_tag-colorees product_tag-sling-fr product_tag-univers has-post-thumbnail featured purchasable product-type-variable has-default-attributes has-product-safety-information\">\n\t<div class=\"col-inner\">\n\t\n<div class=\"badge-container absolute left top z-1\">\n\n<\/div>\n\t<div class=\"product-small box \">\n\t\t<div class=\"box-image\">\n\t\t\t<div class=\"image-fade_in_back\">\n\t\t\t\t<a href=\"https:\/\/mariblum.de\/fr\/produkt\/mon-petit-univers-sling-en-chanvre\/\">\n\t\t\t\t\t<img loading=\"lazy\" decoding=\"async\" width=\"247\" height=\"247\" src=\"https:\/\/mariblum.de\/wp-content\/uploads\/2025\/04\/Baby-Tragetuch_Hanf_mku-247x247.jpg\" class=\"attachment-woocommerce_thumbnail size-woocommerce_thumbnail\" alt=\"Mon petit Univers (\u00e9charpe)\" srcset=\"https:\/\/mariblum.de\/wp-content\/uploads\/2025\/04\/Baby-Tragetuch_Hanf_mku-247x247.jpg 247w, https:\/\/mariblum.de\/wp-content\/uploads\/2025\/04\/Baby-Tragetuch_Hanf_mku-150x150.jpg 150w, https:\/\/mariblum.de\/wp-content\/uploads\/2025\/04\/Baby-Tragetuch_Hanf_mku-100x100.jpg 100w\" sizes=\"auto, (max-width: 247px) 100vw, 247px\" \/><img loading=\"lazy\" decoding=\"async\" width=\"247\" height=\"247\" src=\"https:\/\/mariblum.de\/wp-content\/uploads\/2025\/04\/Tragetuch_Hanf_Baby_mku-247x247.jpg\" class=\"show-on-hover absolute fill hide-for-small back-image\" alt=\"Alternative view of Mon petit Univers (\u00e9charpe)\" aria-hidden=\"true\" srcset=\"https:\/\/mariblum.de\/wp-content\/uploads\/2025\/04\/Tragetuch_Hanf_Baby_mku-247x247.jpg 247w, https:\/\/mariblum.de\/wp-content\/uploads\/2025\/04\/Tragetuch_Hanf_Baby_mku-150x150.jpg 150w, https:\/\/mariblum.de\/wp-content\/uploads\/2025\/04\/Tragetuch_Hanf_Baby_mku-100x100.jpg 100w\" sizes=\"auto, (max-width: 247px) 100vw, 247px\" \/>\t\t\t\t<\/a>\n\t\t\t<\/div>\n\t\t\t<div class=\"image-tools is-small top right show-on-hover\">\n\t\t\t\t\t\t\t<\/div>\n\t\t\t<div class=\"image-tools is-small hide-for-small bottom left show-on-hover\">\n\t\t\t\t\t\t\t<\/div>\n\t\t\t<div class=\"image-tools grid-tools text-center hide-for-small bottom hover-slide-in show-on-hover\">\n\t\t\t\t<a href=\"#quick-view\" class=\"quick-view\" role=\"button\" data-prod=\"7521\" aria-haspopup=\"dialog\" aria-expanded=\"false\" data-flatsome-role-button>Aper\u00e7u<\/a>\t\t\t<\/div>\n\t\t\t\t\t<\/div>\n\n\t\t<div class=\"box-text box-text-products text-center grid-style-2\">\n\t\t\t<div class=\"ux-swatches ux-swatches-in-loop ux-swatches--rounded ux-swatches--x-small\" role=\"radiogroup\" data-flatsome-role-radiogroup><div data-image-src=\"https:\/\/mariblum.de\/wp-content\/uploads\/2025\/04\/Baby-Tragetuch_Hanf_mku-247x247.jpg\" data-image-srcset=\"https:\/\/mariblum.de\/wp-content\/uploads\/2025\/04\/Baby-Tragetuch_Hanf_mku-247x247.jpg 247w, https:\/\/mariblum.de\/wp-content\/uploads\/2025\/04\/Baby-Tragetuch_Hanf_mku-150x150.jpg 150w, https:\/\/mariblum.de\/wp-content\/uploads\/2025\/04\/Baby-Tragetuch_Hanf_mku-100x100.jpg 100w\" data-image-sizes=\"(max-width: 247px) 100vw, 247px\" data-attribute_name=\"attribute_pa_tt-groesze\" data-value=\"tt450-fr\" aria-label=\"4,50 m\" role=\"radio\" aria-checked=\"false\" tabindex=\"0\" class=\"ux-swatch ux-swatch--label\"><span class=\"ux-swatch__text\">4,50 m<\/span><\/div><div data-image-src=\"https:\/\/mariblum.de\/wp-content\/uploads\/2025\/04\/Baby-Tragetuch_Hanf_mku-247x247.jpg\" data-image-srcset=\"https:\/\/mariblum.de\/wp-content\/uploads\/2025\/04\/Baby-Tragetuch_Hanf_mku-247x247.jpg 247w, https:\/\/mariblum.de\/wp-content\/uploads\/2025\/04\/Baby-Tragetuch_Hanf_mku-150x150.jpg 150w, https:\/\/mariblum.de\/wp-content\/uploads\/2025\/04\/Baby-Tragetuch_Hanf_mku-100x100.jpg 100w\" data-image-sizes=\"(max-width: 247px) 100vw, 247px\" data-attribute_name=\"attribute_pa_tt-groesze\" data-value=\"tt500-fr\" aria-label=\"5,00 m\" role=\"radio\" aria-checked=\"false\" tabindex=\"0\" class=\"ux-swatch ux-swatch--label\"><span class=\"ux-swatch__text\">5,00 m<\/span><\/div><\/div><div class=\"title-wrapper\">\t\t<p class=\"category uppercase is-smaller no-text-overflow product-cat op-8\">\n\t\t\t\u00c9charpes en chanvre\t\t<\/p>\n\t<p class=\"name product-title woocommerce-loop-product__title\"><a href=\"https:\/\/mariblum.de\/fr\/produkt\/mon-petit-univers-sling-en-chanvre\/\" class=\"woocommerce-LoopProduct-link woocommerce-loop-product__link\">Mon petit Univers (\u00e9charpe)<\/a><\/p><\/div><div class=\"price-wrapper\">\n\t<span class=\"price\"><span class=\"woocommerce-Price-amount amount\"><bdi>219,95&nbsp;<span class=\"woocommerce-Price-currencySymbol\">&euro;<\/span><\/bdi><\/span><\/span>\n\n\n\n<\/div>\t\t<\/div>\n\t<\/div>\n\t\n<span class=\"gtm4wp_productdata\" style=\"display:none; visibility:hidden;\" data-gtm4wp_product_data=\"{&quot;internal_id&quot;:7521,&quot;item_id&quot;:7521,&quot;item_name&quot;:&quot;Mon petit Univers (\\u00e9charpe)&quot;,&quot;sku&quot;:7521,&quot;price&quot;:219.95,&quot;stocklevel&quot;:null,&quot;stockstatus&quot;:&quot;instock&quot;,&quot;google_business_vertical&quot;:&quot;retail&quot;,&quot;item_category&quot;:&quot;\\u00c9charpes en chanvre&quot;,&quot;id&quot;:7521,&quot;productlink&quot;:&quot;https:\\\/\\\/mariblum.de\\\/fr\\\/produkt\\\/mon-petit-univers-sling-en-chanvre\\\/&quot;,&quot;item_list_name&quot;:&quot;Produits mis en avant&quot;,&quot;index&quot;:2,&quot;product_type&quot;:&quot;variable&quot;,&quot;item_brand&quot;:&quot;&quot;}\"><\/span>\t<\/div>\n<\/div><div class=\"product-small col has-hover product type-product post-16081 status-publish instock product_cat-fr-slings-en-chanvre-echarpe-de-portage product_cat-tissus-de-chanvre product_tag-chanvre product_tag-sling-fr has-post-thumbnail featured purchasable product-type-variable has-default-attributes\">\n\t<div class=\"col-inner\">\n\t\n<div class=\"badge-container absolute left top z-1\">\n\n<\/div>\n\t<div class=\"product-small box \">\n\t\t<div class=\"box-image\">\n\t\t\t<div class=\"image-fade_in_back\">\n\t\t\t\t<a href=\"https:\/\/mariblum.de\/fr\/produkt\/ecureuil-echarpe-de-portage-en-chanvre\/\">\n\t\t\t\t\t<img loading=\"lazy\" decoding=\"async\" width=\"247\" height=\"247\" src=\"https:\/\/mariblum.de\/wp-content\/uploads\/2024\/04\/Babytragetuch-aus-hanf-braun-247x247.webp\" class=\"attachment-woocommerce_thumbnail size-woocommerce_thumbnail\" alt=\"Porte-b\u00e9b\u00e9 en chanvre pour une meilleure climatisation de l&#039;enfant\" srcset=\"https:\/\/mariblum.de\/wp-content\/uploads\/2024\/04\/Babytragetuch-aus-hanf-braun-247x247.webp 247w, https:\/\/mariblum.de\/wp-content\/uploads\/2024\/04\/Babytragetuch-aus-hanf-braun-150x150.webp 150w, https:\/\/mariblum.de\/wp-content\/uploads\/2024\/04\/Babytragetuch-aus-hanf-braun-100x100.webp 100w\" sizes=\"auto, (max-width: 247px) 100vw, 247px\" \/><img loading=\"lazy\" decoding=\"async\" width=\"247\" height=\"247\" src=\"https:\/\/mariblum.de\/wp-content\/uploads\/2024\/04\/glueckliches-Baby-im-tragetuch-ohne-schreien-247x247.webp\" class=\"show-on-hover absolute fill hide-for-small back-image\" alt=\"Un b\u00e9b\u00e9 endormi heureux dans une \u00e9charpe qui dort\" aria-hidden=\"true\" srcset=\"https:\/\/mariblum.de\/wp-content\/uploads\/2024\/04\/glueckliches-Baby-im-tragetuch-ohne-schreien-247x247.webp 247w, https:\/\/mariblum.de\/wp-content\/uploads\/2024\/04\/glueckliches-Baby-im-tragetuch-ohne-schreien-150x150.webp 150w, https:\/\/mariblum.de\/wp-content\/uploads\/2024\/04\/glueckliches-Baby-im-tragetuch-ohne-schreien-100x100.webp 100w\" sizes=\"auto, (max-width: 247px) 100vw, 247px\" \/>\t\t\t\t<\/a>\n\t\t\t<\/div>\n\t\t\t<div class=\"image-tools is-small top right show-on-hover\">\n\t\t\t\t\t\t\t<\/div>\n\t\t\t<div class=\"image-tools is-small hide-for-small bottom left show-on-hover\">\n\t\t\t\t\t\t\t<\/div>\n\t\t\t<div class=\"image-tools grid-tools text-center hide-for-small bottom hover-slide-in show-on-hover\">\n\t\t\t\t<a href=\"#quick-view\" class=\"quick-view\" role=\"button\" data-prod=\"16081\" aria-haspopup=\"dialog\" aria-expanded=\"false\" data-flatsome-role-button>Aper\u00e7u<\/a>\t\t\t<\/div>\n\t\t\t\t\t<\/div>\n\n\t\t<div class=\"box-text box-text-products text-center grid-style-2\">\n\t\t\t<div class=\"ux-swatches ux-swatches-in-loop ux-swatches--rounded ux-swatches--x-small\" role=\"radiogroup\" data-flatsome-role-radiogroup><div data-image-src=\"https:\/\/mariblum.de\/wp-content\/uploads\/2024\/04\/Babytragetuch-aus-hanf-braun-247x247.webp\" data-image-srcset=\"https:\/\/mariblum.de\/wp-content\/uploads\/2024\/04\/Babytragetuch-aus-hanf-braun-247x247.webp 247w, https:\/\/mariblum.de\/wp-content\/uploads\/2024\/04\/Babytragetuch-aus-hanf-braun-150x150.webp 150w, https:\/\/mariblum.de\/wp-content\/uploads\/2024\/04\/Babytragetuch-aus-hanf-braun-100x100.webp 100w\" data-image-sizes=\"(max-width: 247px) 100vw, 247px\" data-attribute_name=\"attribute_pa_tt-groesze\" data-value=\"tt450-fr\" aria-label=\"4,50 m\" role=\"radio\" aria-checked=\"false\" tabindex=\"0\" class=\"ux-swatch ux-swatch--label\"><span class=\"ux-swatch__text\">4,50 m<\/span><\/div><div data-image-src=\"https:\/\/mariblum.de\/wp-content\/uploads\/2024\/04\/Babytragetuch-aus-hanf-braun-247x247.webp\" data-image-srcset=\"https:\/\/mariblum.de\/wp-content\/uploads\/2024\/04\/Babytragetuch-aus-hanf-braun-247x247.webp 247w, https:\/\/mariblum.de\/wp-content\/uploads\/2024\/04\/Babytragetuch-aus-hanf-braun-150x150.webp 150w, https:\/\/mariblum.de\/wp-content\/uploads\/2024\/04\/Babytragetuch-aus-hanf-braun-100x100.webp 100w\" data-image-sizes=\"(max-width: 247px) 100vw, 247px\" data-attribute_name=\"attribute_pa_tt-groesze\" data-value=\"tt500-fr\" aria-label=\"5,00 m\" role=\"radio\" aria-checked=\"false\" tabindex=\"0\" class=\"ux-swatch ux-swatch--label\"><span class=\"ux-swatch__text\">5,00 m<\/span><\/div><\/div><div class=\"title-wrapper\">\t\t<p class=\"category uppercase is-smaller no-text-overflow product-cat op-8\">\n\t\t\t\u00c9charpes en chanvre\t\t<\/p>\n\t<p class=\"name product-title woocommerce-loop-product__title\"><a href=\"https:\/\/mariblum.de\/fr\/produkt\/ecureuil-echarpe-de-portage-en-chanvre\/\" class=\"woocommerce-LoopProduct-link woocommerce-loop-product__link\">\u00c9cureuil (\u00e9charpe)<\/a><\/p><\/div><div class=\"price-wrapper\">\n\t<span class=\"price\"><span class=\"woocommerce-Price-amount amount\"><bdi>144,95&nbsp;<span class=\"woocommerce-Price-currencySymbol\">&euro;<\/span><\/bdi><\/span> &ndash; <span class=\"woocommerce-Price-amount amount\"><bdi>149,95&nbsp;<span class=\"woocommerce-Price-currencySymbol\">&euro;<\/span><\/bdi><\/span><\/span>\n\n\n\n<\/div>\t\t<\/div>\n\t<\/div>\n\t\n<span class=\"gtm4wp_productdata\" style=\"display:none; visibility:hidden;\" data-gtm4wp_product_data=\"{&quot;internal_id&quot;:16081,&quot;item_id&quot;:16081,&quot;item_name&quot;:&quot;\\u00c9cureuil (\\u00e9charpe)&quot;,&quot;sku&quot;:16081,&quot;price&quot;:149.95,&quot;stocklevel&quot;:null,&quot;stockstatus&quot;:&quot;instock&quot;,&quot;google_business_vertical&quot;:&quot;retail&quot;,&quot;item_category&quot;:&quot;\\u00c9charpes en chanvre&quot;,&quot;id&quot;:16081,&quot;productlink&quot;:&quot;https:\\\/\\\/mariblum.de\\\/fr\\\/produkt\\\/ecureuil-echarpe-de-portage-en-chanvre\\\/&quot;,&quot;item_list_name&quot;:&quot;Produits mis en avant&quot;,&quot;index&quot;:3,&quot;product_type&quot;:&quot;variable&quot;,&quot;item_brand&quot;:&quot;&quot;}\"><\/span>\t<\/div>\n<\/div><div class=\"product-small col has-hover product type-product post-14534 status-publish last instock product_cat-fr-slings-en-coton product_cat-tissus-en-coton product_tag-blanc product_tag-bleu product_tag-coton product_tag-elephant-fr product_tag-sling-fr has-post-thumbnail sale featured purchasable product-type-variable has-default-attributes has-product-safety-information\">\n\t<div class=\"col-inner\">\n\t\n<div class=\"badge-container absolute left top z-1\">\n<div class=\"callout badge badge-circle\"><div class=\"badge-inner secondary on-sale\"><span class=\"onsale\">Promo\u00a0!<\/span><\/div><\/div>\n<\/div>\n\t<div class=\"product-small box \">\n\t\t<div class=\"box-image\">\n\t\t\t<div class=\"image-fade_in_back\">\n\t\t\t\t<a href=\"https:\/\/mariblum.de\/fr\/produkt\/elephant-echarpe-bleu-en-coton\/\">\n\t\t\t\t\t<img loading=\"lazy\" decoding=\"async\" width=\"247\" height=\"247\" src=\"https:\/\/mariblum.de\/wp-content\/uploads\/2023\/02\/tragetuch-aus-baumwolle-elefanten-motiv-247x247.jpg\" class=\"attachment-woocommerce_thumbnail size-woocommerce_thumbnail\" alt=\"tragetuch-aus-baumwolle-elefanten-motiv\" srcset=\"https:\/\/mariblum.de\/wp-content\/uploads\/2023\/02\/tragetuch-aus-baumwolle-elefanten-motiv-247x247.jpg 247w, https:\/\/mariblum.de\/wp-content\/uploads\/2023\/02\/tragetuch-aus-baumwolle-elefanten-motiv-100x100.jpg 100w, https:\/\/mariblum.de\/wp-content\/uploads\/2023\/02\/tragetuch-aus-baumwolle-elefanten-motiv-150x150.jpg 150w\" sizes=\"auto, (max-width: 247px) 100vw, 247px\" \/><img loading=\"lazy\" decoding=\"async\" width=\"247\" height=\"247\" src=\"https:\/\/mariblum.de\/wp-content\/uploads\/2025\/04\/Baumwolle-Baby-Tragetuch_Elefantenmotiv-weiss-blau-247x247.jpg\" class=\"show-on-hover absolute fill hide-for-small back-image\" alt=\"Alternative view of \u00c9l\u00e9phant (\u00e9charpe)\" aria-hidden=\"true\" srcset=\"https:\/\/mariblum.de\/wp-content\/uploads\/2025\/04\/Baumwolle-Baby-Tragetuch_Elefantenmotiv-weiss-blau-247x247.jpg 247w, https:\/\/mariblum.de\/wp-content\/uploads\/2025\/04\/Baumwolle-Baby-Tragetuch_Elefantenmotiv-weiss-blau-150x150.jpg 150w, https:\/\/mariblum.de\/wp-content\/uploads\/2025\/04\/Baumwolle-Baby-Tragetuch_Elefantenmotiv-weiss-blau-100x100.jpg 100w\" sizes=\"auto, (max-width: 247px) 100vw, 247px\" \/>\t\t\t\t<\/a>\n\t\t\t<\/div>\n\t\t\t<div class=\"image-tools is-small top right show-on-hover\">\n\t\t\t\t\t\t\t<\/div>\n\t\t\t<div class=\"image-tools is-small hide-for-small bottom left show-on-hover\">\n\t\t\t\t\t\t\t<\/div>\n\t\t\t<div class=\"image-tools grid-tools text-center hide-for-small bottom hover-slide-in show-on-hover\">\n\t\t\t\t<a href=\"#quick-view\" class=\"quick-view\" role=\"button\" data-prod=\"14534\" aria-haspopup=\"dialog\" aria-expanded=\"false\" data-flatsome-role-button>Aper\u00e7u<\/a>\t\t\t<\/div>\n\t\t\t\t\t<\/div>\n\n\t\t<div class=\"box-text box-text-products text-center grid-style-2\">\n\t\t\t<div class=\"title-wrapper\">\t\t<p class=\"category uppercase is-smaller no-text-overflow product-cat op-8\">\n\t\t\t\u00c9charps en coton\t\t<\/p>\n\t<p class=\"name product-title woocommerce-loop-product__title\"><a href=\"https:\/\/mariblum.de\/fr\/produkt\/elephant-echarpe-bleu-en-coton\/\" class=\"woocommerce-LoopProduct-link woocommerce-loop-product__link\">\u00c9l\u00e9phant (\u00e9charpe)<\/a><\/p><\/div><div class=\"price-wrapper\">\n\t<span class=\"price\"><span class=\"woocommerce-Price-amount amount\"><bdi>138,70&nbsp;<span class=\"woocommerce-Price-currencySymbol\">&euro;<\/span><\/bdi><\/span> &ndash; <span class=\"woocommerce-Price-amount amount\"><bdi>164,95&nbsp;<span class=\"woocommerce-Price-currencySymbol\">&euro;<\/span><\/bdi><\/span><\/span>\n\n\n\n<\/div>\t\t<\/div>\n\t<\/div>\n\t\n<span class=\"gtm4wp_productdata\" style=\"display:none; visibility:hidden;\" data-gtm4wp_product_data=\"{&quot;internal_id&quot;:14534,&quot;item_id&quot;:14534,&quot;item_name&quot;:&quot;\\u00c9l\\u00e9phant (\\u00e9charpe)&quot;,&quot;sku&quot;:14534,&quot;price&quot;:138.7,&quot;stocklevel&quot;:null,&quot;stockstatus&quot;:&quot;instock&quot;,&quot;google_business_vertical&quot;:&quot;retail&quot;,&quot;item_category&quot;:&quot;\\u00c9charps en coton&quot;,&quot;id&quot;:14534,&quot;productlink&quot;:&quot;https:\\\/\\\/mariblum.de\\\/fr\\\/produkt\\\/elephant-echarpe-bleu-en-coton\\\/&quot;,&quot;item_list_name&quot;:&quot;Produits mis en avant&quot;,&quot;index&quot;:4,&quot;product_type&quot;:&quot;variable&quot;,&quot;item_brand&quot;:&quot;&quot;}\"><\/span>\t<\/div>\n<\/div><\/div><!-- row -->\n<\/div> <h2 id=\"Pourquoi-le-porte-bebe-soutient-efficacement-le-bonding\">Pourquoi le porte-b\u00e9b\u00e9 soutient efficacement le bonding<\/h2> <img loading=\"lazy\" decoding=\"async\" class=\"alignnone size-full\" src=\"https:\/\/mariblum.de\/wp-content\/uploads\/2023\/02\/elefanten-tragetuch-gelb-schwarz-mariblum-baumwolle.jpg\" alt=\"Porte-b\u00e9b\u00e9 Bonding efficace\" width=\"6000\" height=\"8000\" \/> <p align=\"justify\">Proximit\u00e9 et S\u00e9curit\u00e9 : Le porte-b\u00e9b\u00e9 garde votre b\u00e9b\u00e9 pr\u00e8s de votre corps. Cette proximit\u00e9 lui rappelle la p\u00e9riode dans votre ventre \u2013 un endroit o\u00f9 il se sentait en s\u00e9curit\u00e9. La connexion physique favorise la lib\u00e9ration de l&rsquo;ocytocine, la soi-disant \u00ab\u00a0hormone du c\u00e2lin\u00a0\u00bb, qui r\u00e9duit le stress chez vous et votre b\u00e9b\u00e9 et renforce le sentiment d&rsquo;amour.<\/p> <p align=\"justify\">Communication et R\u00e9action : Lorsque votre b\u00e9b\u00e9 est dans le porte-b\u00e9b\u00e9, vous constatez plus rapidement ses signaux. Vous remarquez imm\u00e9diatement s&rsquo;il a faim, est fatigu\u00e9 ou agit\u00e9, et pouvez r\u00e9agir en cons\u00e9quence. Ce r\u00e9glage subtil renforce non seulement votre bonding, mais aussi la confiance de votre b\u00e9b\u00e9 dans le monde.<\/p> <p align=\"justify\">Mains libres, c\u0153ur plein : Porter ne signifie pas s&rsquo;oublier. Avec le porte-b\u00e9b\u00e9, vous avez les mains libres pour le quotidien tout en profitant de la proximit\u00e9 de votre b\u00e9b\u00e9. C&rsquo;est un gagnant-gagnant \u2013 vous \u00eates pr\u00e9sent sans avoir \u00e0 sacrifier vos propres besoins.<\/p> <p align=\"justify\">Promotion du D\u00e9veloppement : Le porte-b\u00e9b\u00e9 offre une posture ergonomique correcte pour votre b\u00e9b\u00e9, qui soutient son d\u00e9veloppement physique. En m\u00eame temps, \u00e0 travers le mouvement \u2013 que ce soit en cuisinant, en marchant ou en dansant \u2013 le sens de l&rsquo;\u00e9quilibre de votre b\u00e9b\u00e9 est entra\u00een\u00e9.<\/p>\n\n<h2 id=\"Comment-trouver-la-position-de-portage-parfaite\">Comment trouver la position de portage parfaite<\/h2> <img loading=\"lazy\" decoding=\"async\" class=\"alignnone size-full\" src=\"https:\/\/mariblum.de\/wp-content\/uploads\/2023\/02\/elefanten-tragetuch-gelb-schwarz-baumwolle.jpg\" alt=\"Trouver la position de portage parfaite\" width=\"6000\" height=\"8000\" \/> <p align=\"justify\">L&rsquo;id\u00e9e de nouer une longue bande de tissu peut sembler intimidante, mais ne vous inqui\u00e9tez pas \u2013 la pratique rend parfait ! Il existe de nombreux tutoriels et conseillers en portage qui peuvent vous montrer comment installer votre b\u00e9b\u00e9 de mani\u00e8re s\u00fbre et confortable dans le porte-b\u00e9b\u00e9. Assurez-vous que votre b\u00e9b\u00e9 est en position dite \u00ab\u00a0M\u00a0\u00bb, o\u00f9 les genoux sont l\u00e9g\u00e8rement plus hauts que les fesses. Cette position est non seulement confortable, mais aussi b\u00e9n\u00e9fique pour le d\u00e9veloppement des hanches.<\/p> \t<div id=\"gap-560379650\" class=\"gap-element clearfix\" style=\"display:block; height:auto;\">\n\t\t\n<style>\n#gap-560379650 {\n  padding-top: 30px;\n}\n<\/style>\n\t<\/div>\n\t\r\n\n  <div class=\"banner has-hover\" id=\"banner-1783844860\">\n          <div class=\"banner-inner fill\">\n        <div class=\"banner-bg fill\" >\n            <img loading=\"lazy\" decoding=\"async\" width=\"533\" height=\"800\" src=\"https:\/\/mariblum.de\/wp-content\/uploads\/2019\/10\/kornblume-ring-sling-aus-hanf-gefaltet.png\" class=\"bg attachment-1536x1536 size-1536x1536\" alt=\"kornblume-ring-sling-aus-hanf-trageberatung-richtig-gebunden\" \/>                        <div class=\"overlay\"><\/div>            \n                    <\/div>\n\t\t\n        <div class=\"banner-layers container\">\n            <div class=\"fill banner-link\"><\/div>            \r\n\r\n   <div id=\"text-box-1199998975\" class=\"text-box banner-layer x50 md-x50 lg-x50 y90 md-y90 lg-y90 res-text\">\n                                <div class=\"text-box-content text dark\">\n              \n              <div class=\"text-inner text-left\">\n                  \r\n<h4 class=\"uppercase\">Trouve le<\/h4>\r\n<h3 class=\"uppercase\"><strong>Ring Sling<\/strong><\/h3>\r\n<h4>qui te convient<\/h4>\r\n<h5 class=\"uppercase\"><strong>D\u00e9couvre maintenant la diversit\u00e9 de nos Ring Slings et cr\u00e9e un lien qui traverse les g\u00e9n\u00e9rations.<\/strong><\/h5>\r\n<a href=\"https:\/\/mariblum.de\/fr\/categorie-produit\/fr-ring-slings\/fr-ring-slings-en-lin\/\" class=\"button white is-outline\" >\n\t\t<span>Lin<\/span>\n\t<\/a>\n\r\n\r\n<a href=\"https:\/\/mariblum.de\/fr\/categorie-produit\/fr-ring-slings\/fr-ring-slings-en-chanvre\/\" class=\"button white is-outline\" >\n\t\t<span>Chanvre<\/span>\n\t<\/a>\n\r\n\r\n              <\/div>\n           <\/div>\n                            \n<style>\n#text-box-1199998975 {\n  width: 80%;\n}\n#text-box-1199998975 .text-box-content {\n  font-size: 100%;\n}\n<\/style>\n    <\/div>\n \r\n   <div id=\"text-box-140728614\" class=\"text-box banner-layer text-box-circle x95 md-x95 lg-x95 y5 md-y5 lg-y5 res-text\">\n                                <div class=\"text-box-content text dark\">\n              \n              <div class=\"text-inner text-center\">\n                  \r\n\r\n<span style=\"font-size: 250%;\"><strong>Ring\r\nSlings<\/strong><\/span>\r\n\r\n              <\/div>\n           <\/div>\n                            \n<style>\n#text-box-140728614 {\n  margin: 0px -5px 0px 0px;\n  width: 26%;\n}\n#text-box-140728614 .text-box-content {\n  background-color: #3b4d5a;\n  font-size: 100%;\n  transform: rotate(34deg);\n}\n<\/style>\n    <\/div>\n \r\n\r\n        <\/div>\n      <\/div>\n\n            \n<style>\n#banner-1783844860 {\n  padding-top: 292px;\n}\n#banner-1783844860 .overlay {\n  background-color: rgba(0, 0, 0, 0.2);\n}\n#banner-1783844860 .banner-bg img {\n  object-position: 88% 74%;\n}\n<\/style>\n  <\/div>\n\n\r\n\t<div id=\"gap-1840660675\" class=\"gap-element clearfix\" style=\"display:block; height:auto;\">\n\t\t\n<style>\n#gap-1840660675 {\n  padding-top: 30px;\n}\n<\/style>\n\t<\/div>\n\t <h2 id=\"Conseil-Personnel-Le-porte-bebe-comme-une-oasis-dans-la-vie-quotidienne\">Conseil Personnel : Le porte-b\u00e9b\u00e9 comme une oasis dans la vie quotidienne<\/h2> <img loading=\"lazy\" decoding=\"async\" class=\"alignnone size-full\" src=\"https:\/\/mariblum.de\/wp-content\/uploads\/2022\/03\/schwarz-pink-tragetuch-aus-baumwolle-elefanten-baby-richtig-tragen-mariblum.jpg\" alt=\"Porte-b\u00e9b\u00e9 comme une oasis dans la vie quotidienne\" width=\"6000\" height=\"8000\" \/> <p align=\"justify\">Je me souviens encore bien de ma premi\u00e8re exp\u00e9rience avec le porte-b\u00e9b\u00e9. C&rsquo;\u00e9tait cahoteux, je transpirais, et le b\u00e9b\u00e9 \u00e9tait impatient. Mais ensuite \u2013 le moment o\u00f9 mon b\u00e9b\u00e9 s&rsquo;est doucement endormi sur mon c\u0153ur. C&rsquo;\u00e9tait comme si le monde s&rsquo;\u00e9tait arr\u00eat\u00e9 un instant. Depuis lors, le porte-b\u00e9b\u00e9 est mon compagnon quotidien. Que ce soit pour faire les courses, marcher ou lire sur le canap\u00e9 \u2013 il cr\u00e9e une petite oasis de proximit\u00e9 dans le quotidien souvent mouvement\u00e9.<\/p>\n\n<h2 id=\"Conclusion-Bonding-dans-le-porte-bebe\u2013Un-cadeau-pour-vous-deux\">Conclusion : Bonding dans le porte-b\u00e9b\u00e9 \u2013 Un cadeau pour vous deux<\/h2> <p align=\"justify\">Un porte-b\u00e9b\u00e9 est bien plus qu&rsquo;un accessoire pratique. C&rsquo;est un outil qui offre proximit\u00e9, amour et s\u00e9curit\u00e9. Il soutient le lien entre vous et votre b\u00e9b\u00e9 d&rsquo;une mani\u00e8re qui semble tout \u00e0 fait naturelle.<\/p> \n  \n    <div class=\"row large-columns-3 medium-columns-1 small-columns-1 slider row-slider slider-nav-reveal slider-nav-push\"  data-flickity-options='{&quot;imagesLoaded&quot;: true, &quot;groupCells&quot;: &quot;100%&quot;, &quot;dragThreshold&quot; : 5, &quot;cellAlign&quot;: &quot;left&quot;,&quot;wrapAround&quot;: true,&quot;prevNextButtons&quot;: true,&quot;percentPosition&quot;: true,&quot;pageDots&quot;: false, &quot;rightToLeft&quot;: false, &quot;autoPlay&quot; : false}' >\n\n  <div class=\"col post-item\" >\n\t\t\t<div class=\"col-inner\">\n\t\t\t\t<div class=\"box box-normal box-text-bottom box-blog-post has-hover\">\n            \t\t\t\t\t<div class=\"box-image\" >\n  \t\t\t\t\t\t<div class=\"image-cover\" style=\"padding-top:56.25%;\">\n\t\t\t\t\t\t\t<a href=\"https:\/\/mariblum.de\/fr\/echarpe-de-portage-plutot-que-poussette-les-avantages-surprenants-au-quotidien\/\" class=\"plain\" aria-label=\"\u00c9charpe de portage plut\u00f4t que poussette \u2013 Les avantages surprenants au quotidien\">\n\t\t\t\t\t\t\t\t<img loading=\"lazy\" decoding=\"async\" width=\"225\" height=\"300\" src=\"https:\/\/mariblum.de\/wp-content\/uploads\/2023\/04\/Lavendel-Ring-Sling-aus-Hanf-225x300.jpeg\" class=\"attachment-medium size-medium wp-post-image\" alt=\"\" srcset=\"https:\/\/mariblum.de\/wp-content\/uploads\/2023\/04\/Lavendel-Ring-Sling-aus-Hanf-225x300.jpeg 225w, https:\/\/mariblum.de\/wp-content\/uploads\/2023\/04\/Lavendel-Ring-Sling-aus-Hanf-510x680.jpeg 510w, https:\/\/mariblum.de\/wp-content\/uploads\/2023\/04\/Lavendel-Ring-Sling-aus-Hanf.jpeg 600w\" sizes=\"auto, (max-width: 225px) 100vw, 225px\" \/>\t\t\t\t\t\t\t<\/a>\n  \t\t\t\t\t\t\t  \t\t\t\t\t\t\t  \t\t\t\t\t\t<\/div>\n  \t\t\t\t\t\t  \t\t\t\t\t<\/div>\n          \t\t\t\t\t<div class=\"box-text text-center\" >\n\t\t\t\t\t<div class=\"box-text-inner blog-post-inner\">\n\n\t\t\t\t\t\n\t\t\t\t\t\t\t\t\t\t<h5 class=\"post-title is-large \">\n\t\t\t\t\t\t<a href=\"https:\/\/mariblum.de\/fr\/echarpe-de-portage-plutot-que-poussette-les-avantages-surprenants-au-quotidien\/\" class=\"plain\">\u00c9charpe de portage plut\u00f4t que poussette \u2013 Les avantages surprenants au quotidien<\/a>\n\t\t\t\t\t<\/h5>\n\t\t\t\t\t\t\t\t\t\t<div class=\"is-divider\"><\/div>\n\t\t\t\t\t\t\t\t\t\t<p class=\"from_the_blog_excerpt \">\n\t\t\t\t\t\tLes poussettes sont consid\u00e9r\u00e9es comme un incontournable pour les nouveaux parents \u2013 mais que se [...]\t\t\t\t\t<\/p>\n\t\t\t\t\t                    \n\t\t\t\t\t\n\t\t\t\t\t\n\t\t\t\t\t<\/div>\n\t\t\t\t\t<\/div>\n\t\t\t\t\t\t\t\t\t\t\t\t\t\t\t\t<div class=\"badge absolute top post-date badge-outline\">\n\t\t\t\t\t\t\t<div class=\"badge-inner\">\n\t\t\t\t\t\t\t\t<span class=\"post-date-day\">02<\/span><br>\n\t\t\t\t\t\t\t\t<span class=\"post-date-month is-xsmall\">Avr<\/span>\n\t\t\t\t\t\t\t<\/div>\n\t\t\t\t\t\t<\/div>\n\t\t\t\t\t\t\t\t\t<\/div>\n\t\t\t<\/div>\n\t\t<\/div><div class=\"col post-item\" >\n\t\t\t<div class=\"col-inner\">\n\t\t\t\t<div class=\"box box-normal box-text-bottom box-blog-post has-hover\">\n            \t\t\t\t\t<div class=\"box-image\" >\n  \t\t\t\t\t\t<div class=\"image-cover\" style=\"padding-top:56.25%;\">\n\t\t\t\t\t\t\t<a href=\"https:\/\/mariblum.de\/fr\/porter-son-bebe-sans-douleur-5-erreurs-courantes-et-leurs-solutions\/\" class=\"plain\" aria-label=\"Porter son b\u00e9b\u00e9 sans douleur \u2013 5 erreurs courantes et leurs solutions\">\n\t\t\t\t\t\t\t\t<img loading=\"lazy\" decoding=\"async\" width=\"225\" height=\"300\" src=\"https:\/\/mariblum.de\/wp-content\/uploads\/2025\/04\/Baby-Tragetuch-aus-Hanf-Zauberwald-225x300.jpeg\" class=\"attachment-medium size-medium wp-post-image\" alt=\"\" srcset=\"https:\/\/mariblum.de\/wp-content\/uploads\/2025\/04\/Baby-Tragetuch-aus-Hanf-Zauberwald-225x300.jpeg 225w, https:\/\/mariblum.de\/wp-content\/uploads\/2025\/04\/Baby-Tragetuch-aus-Hanf-Zauberwald-510x680.jpeg 510w, https:\/\/mariblum.de\/wp-content\/uploads\/2025\/04\/Baby-Tragetuch-aus-Hanf-Zauberwald.jpeg 600w\" sizes=\"auto, (max-width: 225px) 100vw, 225px\" \/>\t\t\t\t\t\t\t<\/a>\n  \t\t\t\t\t\t\t  \t\t\t\t\t\t\t  \t\t\t\t\t\t<\/div>\n  \t\t\t\t\t\t  \t\t\t\t\t<\/div>\n          \t\t\t\t\t<div class=\"box-text text-center\" >\n\t\t\t\t\t<div class=\"box-text-inner blog-post-inner\">\n\n\t\t\t\t\t\n\t\t\t\t\t\t\t\t\t\t<h5 class=\"post-title is-large \">\n\t\t\t\t\t\t<a href=\"https:\/\/mariblum.de\/fr\/porter-son-bebe-sans-douleur-5-erreurs-courantes-et-leurs-solutions\/\" class=\"plain\">Porter son b\u00e9b\u00e9 sans douleur \u2013 5 erreurs courantes et leurs solutions<\/a>\n\t\t\t\t\t<\/h5>\n\t\t\t\t\t\t\t\t\t\t<div class=\"is-divider\"><\/div>\n\t\t\t\t\t\t\t\t\t\t<p class=\"from_the_blog_excerpt \">\n\t\t\t\t\t\tPorter ton b\u00e9b\u00e9 ne devrait jamais \u00eatre douloureux \u2014 bien au contraire. Bien r\u00e9alis\u00e9, le [...]\t\t\t\t\t<\/p>\n\t\t\t\t\t                    \n\t\t\t\t\t\n\t\t\t\t\t\n\t\t\t\t\t<\/div>\n\t\t\t\t\t<\/div>\n\t\t\t\t\t\t\t\t\t\t\t\t\t\t\t\t<div class=\"badge absolute top post-date badge-outline\">\n\t\t\t\t\t\t\t<div class=\"badge-inner\">\n\t\t\t\t\t\t\t\t<span class=\"post-date-day\">14<\/span><br>\n\t\t\t\t\t\t\t\t<span class=\"post-date-month is-xsmall\">Nov<\/span>\n\t\t\t\t\t\t\t<\/div>\n\t\t\t\t\t\t<\/div>\n\t\t\t\t\t\t\t\t\t<\/div>\n\t\t\t<\/div>\n\t\t<\/div><div class=\"col post-item\" >\n\t\t\t<div class=\"col-inner\">\n\t\t\t\t<div class=\"box box-normal box-text-bottom box-blog-post has-hover\">\n            \t\t\t\t\t<div class=\"box-image\" >\n  \t\t\t\t\t\t<div class=\"image-cover\" style=\"padding-top:56.25%;\">\n\t\t\t\t\t\t\t<a href=\"https:\/\/mariblum.de\/fr\/porter-son-bebe-en-hiver-7-mythes-verites-honnetes-et-petits-inconvenients\/\" class=\"plain\" aria-label=\"Porter son b\u00e9b\u00e9 en hiver \u2013 7 mythes, v\u00e9rit\u00e9s honn\u00eates et petits inconv\u00e9nients\">\n\t\t\t\t\t\t\t\t<img loading=\"lazy\" decoding=\"async\" width=\"200\" height=\"300\" src=\"https:\/\/mariblum.de\/wp-content\/uploads\/2019\/10\/kornblume-ring-sling-aus-hanf-gefaltet-200x300.png\" class=\"attachment-medium size-medium wp-post-image\" alt=\"kornblume-ring-sling-aus-hanf-trageberatung-richtig-gebunden\" srcset=\"https:\/\/mariblum.de\/wp-content\/uploads\/2019\/10\/kornblume-ring-sling-aus-hanf-gefaltet-200x300.png 200w, https:\/\/mariblum.de\/wp-content\/uploads\/2019\/10\/kornblume-ring-sling-aus-hanf-gefaltet-510x765.png 510w, https:\/\/mariblum.de\/wp-content\/uploads\/2019\/10\/kornblume-ring-sling-aus-hanf-gefaltet.png 533w\" sizes=\"auto, (max-width: 200px) 100vw, 200px\" \/>\t\t\t\t\t\t\t<\/a>\n  \t\t\t\t\t\t\t  \t\t\t\t\t\t\t  \t\t\t\t\t\t<\/div>\n  \t\t\t\t\t\t  \t\t\t\t\t<\/div>\n          \t\t\t\t\t<div class=\"box-text text-center\" >\n\t\t\t\t\t<div class=\"box-text-inner blog-post-inner\">\n\n\t\t\t\t\t\n\t\t\t\t\t\t\t\t\t\t<h5 class=\"post-title is-large \">\n\t\t\t\t\t\t<a href=\"https:\/\/mariblum.de\/fr\/porter-son-bebe-en-hiver-7-mythes-verites-honnetes-et-petits-inconvenients\/\" class=\"plain\">Porter son b\u00e9b\u00e9 en hiver \u2013 7 mythes, v\u00e9rit\u00e9s honn\u00eates et petits inconv\u00e9nients<\/a>\n\t\t\t\t\t<\/h5>\n\t\t\t\t\t\t\t\t\t\t<div class=\"is-divider\"><\/div>\n\t\t\t\t\t\t\t\t\t\t<p class=\"from_the_blog_excerpt \">\n\t\t\t\t\t\tQuand les jours raccourcissent et que le froid s\u2019installe, de nombreuses mamans se demandent : [...]\t\t\t\t\t<\/p>\n\t\t\t\t\t                    \n\t\t\t\t\t\n\t\t\t\t\t\n\t\t\t\t\t<\/div>\n\t\t\t\t\t<\/div>\n\t\t\t\t\t\t\t\t\t\t\t\t\t\t\t\t<div class=\"badge absolute top post-date badge-outline\">\n\t\t\t\t\t\t\t<div class=\"badge-inner\">\n\t\t\t\t\t\t\t\t<span class=\"post-date-day\">07<\/span><br>\n\t\t\t\t\t\t\t\t<span class=\"post-date-month is-xsmall\">Nov<\/span>\n\t\t\t\t\t\t\t<\/div>\n\t\t\t\t\t\t<\/div>\n\t\t\t\t\t\t\t\t\t<\/div>\n\t\t\t<\/div>\n\t\t<\/div><div class=\"col post-item\" >\n\t\t\t<div class=\"col-inner\">\n\t\t\t\t<div class=\"box box-normal box-text-bottom box-blog-post has-hover\">\n            \t\t\t\t\t<div class=\"box-image\" >\n  \t\t\t\t\t\t<div class=\"image-cover\" style=\"padding-top:56.25%;\">\n\t\t\t\t\t\t\t<a href=\"https:\/\/mariblum.de\/fr\/guide-complet-des-matieres-pour-echarpes-de-portage-et-ring-slings-en-automne\/\" class=\"plain\" aria-label=\"Guide complet des mati\u00e8res pour \u00e9charpes de portage et ring slings en automne\">\n\t\t\t\t\t\t\t\t<img loading=\"lazy\" decoding=\"async\" width=\"225\" height=\"300\" src=\"https:\/\/mariblum.de\/wp-content\/uploads\/2023\/04\/Ring-Sling-aus-Hanf-Lavendelfeld-225x300.jpeg\" class=\"attachment-medium size-medium wp-post-image\" alt=\"\" srcset=\"https:\/\/mariblum.de\/wp-content\/uploads\/2023\/04\/Ring-Sling-aus-Hanf-Lavendelfeld-225x300.jpeg 225w, https:\/\/mariblum.de\/wp-content\/uploads\/2023\/04\/Ring-Sling-aus-Hanf-Lavendelfeld-510x680.jpeg 510w, https:\/\/mariblum.de\/wp-content\/uploads\/2023\/04\/Ring-Sling-aus-Hanf-Lavendelfeld.jpeg 600w\" sizes=\"auto, (max-width: 225px) 100vw, 225px\" \/>\t\t\t\t\t\t\t<\/a>\n  \t\t\t\t\t\t\t  \t\t\t\t\t\t\t  \t\t\t\t\t\t<\/div>\n  \t\t\t\t\t\t  \t\t\t\t\t<\/div>\n          \t\t\t\t\t<div class=\"box-text text-center\" >\n\t\t\t\t\t<div class=\"box-text-inner blog-post-inner\">\n\n\t\t\t\t\t\n\t\t\t\t\t\t\t\t\t\t<h5 class=\"post-title is-large \">\n\t\t\t\t\t\t<a href=\"https:\/\/mariblum.de\/fr\/guide-complet-des-matieres-pour-echarpes-de-portage-et-ring-slings-en-automne\/\" class=\"plain\">Guide complet des mati\u00e8res pour \u00e9charpes de portage et ring slings en automne<\/a>\n\t\t\t\t\t<\/h5>\n\t\t\t\t\t\t\t\t\t\t<div class=\"is-divider\"><\/div>\n\t\t\t\t\t\t\t\t\t\t<p class=\"from_the_blog_excerpt \">\n\t\t\t\t\t\tL\u2019automne est \u00e0 nos portes, apportant avec lui des journ\u00e9es plus fra\u00eeches qui nous invitent [...]\t\t\t\t\t<\/p>\n\t\t\t\t\t                    \n\t\t\t\t\t\n\t\t\t\t\t\n\t\t\t\t\t<\/div>\n\t\t\t\t\t<\/div>\n\t\t\t\t\t\t\t\t\t\t\t\t\t\t\t\t<div class=\"badge absolute top post-date badge-outline\">\n\t\t\t\t\t\t\t<div class=\"badge-inner\">\n\t\t\t\t\t\t\t\t<span class=\"post-date-day\">03<\/span><br>\n\t\t\t\t\t\t\t\t<span class=\"post-date-month is-xsmall\">Nov<\/span>\n\t\t\t\t\t\t\t<\/div>\n\t\t\t\t\t\t<\/div>\n\t\t\t\t\t\t\t\t\t<\/div>\n\t\t\t<\/div>\n\t\t<\/div><div class=\"col post-item\" >\n\t\t\t<div class=\"col-inner\">\n\t\t\t\t<div class=\"box box-normal box-text-bottom box-blog-post has-hover\">\n            \t\t\t\t\t<div class=\"box-image\" >\n  \t\t\t\t\t\t<div class=\"image-cover\" style=\"padding-top:56.25%;\">\n\t\t\t\t\t\t\t<a href=\"https:\/\/mariblum.de\/fr\/portage-et-fratrie-conseils-avises-pour-les-jeunes-mamans\/\" class=\"plain\" aria-label=\"Portage et fratrie : conseils avis\u00e9s pour les jeunes mamans\">\n\t\t\t\t\t\t\t\t<img loading=\"lazy\" decoding=\"async\" width=\"225\" height=\"300\" src=\"https:\/\/mariblum.de\/wp-content\/uploads\/2025\/04\/Baby-Tragetuch-aus-Hanf-Zauberwald-225x300.jpeg\" class=\"attachment-medium size-medium wp-post-image\" alt=\"\" srcset=\"https:\/\/mariblum.de\/wp-content\/uploads\/2025\/04\/Baby-Tragetuch-aus-Hanf-Zauberwald-225x300.jpeg 225w, https:\/\/mariblum.de\/wp-content\/uploads\/2025\/04\/Baby-Tragetuch-aus-Hanf-Zauberwald-510x680.jpeg 510w, https:\/\/mariblum.de\/wp-content\/uploads\/2025\/04\/Baby-Tragetuch-aus-Hanf-Zauberwald.jpeg 600w\" sizes=\"auto, (max-width: 225px) 100vw, 225px\" \/>\t\t\t\t\t\t\t<\/a>\n  \t\t\t\t\t\t\t  \t\t\t\t\t\t\t  \t\t\t\t\t\t<\/div>\n  \t\t\t\t\t\t  \t\t\t\t\t<\/div>\n          \t\t\t\t\t<div class=\"box-text text-center\" >\n\t\t\t\t\t<div class=\"box-text-inner blog-post-inner\">\n\n\t\t\t\t\t\n\t\t\t\t\t\t\t\t\t\t<h5 class=\"post-title is-large \">\n\t\t\t\t\t\t<a href=\"https:\/\/mariblum.de\/fr\/portage-et-fratrie-conseils-avises-pour-les-jeunes-mamans\/\" class=\"plain\">Portage et fratrie : conseils avis\u00e9s pour les jeunes mamans<\/a>\n\t\t\t\t\t<\/h5>\n\t\t\t\t\t\t\t\t\t\t<div class=\"is-divider\"><\/div>\n\t\t\t\t\t\t\t\t\t\t<p class=\"from_the_blog_excerpt \">\n\t\t\t\t\t\tLa vie de jeune maman apporte son lot de d\u00e9fis \u2014 et d\u2019innombrables petites joies. [...]\t\t\t\t\t<\/p>\n\t\t\t\t\t                    \n\t\t\t\t\t\n\t\t\t\t\t\n\t\t\t\t\t<\/div>\n\t\t\t\t\t<\/div>\n\t\t\t\t\t\t\t\t\t\t\t\t\t\t\t\t<div class=\"badge absolute top post-date badge-outline\">\n\t\t\t\t\t\t\t<div class=\"badge-inner\">\n\t\t\t\t\t\t\t\t<span class=\"post-date-day\">17<\/span><br>\n\t\t\t\t\t\t\t\t<span class=\"post-date-month is-xsmall\">Oct<\/span>\n\t\t\t\t\t\t\t<\/div>\n\t\t\t\t\t\t<\/div>\n\t\t\t\t\t\t\t\t\t<\/div>\n\t\t\t<\/div>\n\t\t<\/div><div class=\"col post-item\" >\n\t\t\t<div class=\"col-inner\">\n\t\t\t\t<div class=\"box box-normal box-text-bottom box-blog-post has-hover\">\n            \t\t\t\t\t<div class=\"box-image\" >\n  \t\t\t\t\t\t<div class=\"image-cover\" style=\"padding-top:56.25%;\">\n\t\t\t\t\t\t\t<a href=\"https:\/\/mariblum.de\/fr\/balades-dautomne-en-ring-sling-flexible-proche-meilleurs-spots-conseils-checklist\/\" class=\"plain\" aria-label=\"Balades d\u2019automne en ring sling : flexible &#038; proche \u2014 meilleurs spots, conseils &#038; checklist\">\n\t\t\t\t\t\t\t\t<img loading=\"lazy\" decoding=\"async\" width=\"225\" height=\"300\" src=\"https:\/\/mariblum.de\/wp-content\/uploads\/2025\/04\/Baumwolle-Baby-Tragetuch_Elefantenmotiv-weiss-blau-225x300.jpg\" class=\"attachment-medium size-medium wp-post-image\" alt=\"\" srcset=\"https:\/\/mariblum.de\/wp-content\/uploads\/2025\/04\/Baumwolle-Baby-Tragetuch_Elefantenmotiv-weiss-blau-225x300.jpg 225w, https:\/\/mariblum.de\/wp-content\/uploads\/2025\/04\/Baumwolle-Baby-Tragetuch_Elefantenmotiv-weiss-blau-510x680.jpg 510w, https:\/\/mariblum.de\/wp-content\/uploads\/2025\/04\/Baumwolle-Baby-Tragetuch_Elefantenmotiv-weiss-blau.jpg 600w\" sizes=\"auto, (max-width: 225px) 100vw, 225px\" \/>\t\t\t\t\t\t\t<\/a>\n  \t\t\t\t\t\t\t  \t\t\t\t\t\t\t  \t\t\t\t\t\t<\/div>\n  \t\t\t\t\t\t  \t\t\t\t\t<\/div>\n          \t\t\t\t\t<div class=\"box-text text-center\" >\n\t\t\t\t\t<div class=\"box-text-inner blog-post-inner\">\n\n\t\t\t\t\t\n\t\t\t\t\t\t\t\t\t\t<h5 class=\"post-title is-large \">\n\t\t\t\t\t\t<a href=\"https:\/\/mariblum.de\/fr\/balades-dautomne-en-ring-sling-flexible-proche-meilleurs-spots-conseils-checklist\/\" class=\"plain\">Balades d\u2019automne en ring sling : flexible &#038; proche \u2014 meilleurs spots, conseils &#038; checklist<\/a>\n\t\t\t\t\t<\/h5>\n\t\t\t\t\t\t\t\t\t\t<div class=\"is-divider\"><\/div>\n\t\t\t\t\t\t\t\t\t\t<p class=\"from_the_blog_excerpt \">\n\t\t\t\t\t\tL\u2019automne est une saison magique \u2014 les feuilles se parent de couleurs chaudes et l\u2019air [...]\t\t\t\t\t<\/p>\n\t\t\t\t\t                    \n\t\t\t\t\t\n\t\t\t\t\t\n\t\t\t\t\t<\/div>\n\t\t\t\t\t<\/div>\n\t\t\t\t\t\t\t\t\t\t\t\t\t\t\t\t<div class=\"badge absolute top post-date badge-outline\">\n\t\t\t\t\t\t\t<div class=\"badge-inner\">\n\t\t\t\t\t\t\t\t<span class=\"post-date-day\">10<\/span><br>\n\t\t\t\t\t\t\t\t<span class=\"post-date-month is-xsmall\">Oct<\/span>\n\t\t\t\t\t\t\t<\/div>\n\t\t\t\t\t\t<\/div>\n\t\t\t\t\t\t\t\t\t<\/div>\n\t\t\t<\/div>\n\t\t<\/div><div class=\"col post-item\" >\n\t\t\t<div class=\"col-inner\">\n\t\t\t\t<div class=\"box box-normal box-text-bottom box-blog-post has-hover\">\n            \t\t\t\t\t<div class=\"box-image\" >\n  \t\t\t\t\t\t<div class=\"image-cover\" style=\"padding-top:56.25%;\">\n\t\t\t\t\t\t\t<a href=\"https:\/\/mariblum.de\/fr\/superposition-des-couches-lorsque-vous-portez-votre-bebe-comment-vous-habiller-correctement-vous-et-votre-bebe\/\" class=\"plain\" aria-label=\"Superposition des couches lorsque vous portez votre b\u00e9b\u00e9 : comment vous habiller correctement, vous et votre b\u00e9b\u00e9\">\n\t\t\t\t\t\t\t\t<img loading=\"lazy\" decoding=\"async\" width=\"193\" height=\"300\" src=\"https:\/\/mariblum.de\/wp-content\/uploads\/2019\/02\/Olive_Ring-Sling_detail-scaled-e1576770252650-193x300.jpg\" class=\"attachment-medium size-medium wp-post-image\" alt=\"olive-ring-sling-en-chanvre\" srcset=\"https:\/\/mariblum.de\/wp-content\/uploads\/2019\/02\/Olive_Ring-Sling_detail-scaled-e1576770252650-193x300.jpg 193w, https:\/\/mariblum.de\/wp-content\/uploads\/2019\/02\/Olive_Ring-Sling_detail-scaled-e1576770252650-510x794.jpg 510w, https:\/\/mariblum.de\/wp-content\/uploads\/2019\/02\/Olive_Ring-Sling_detail-scaled-e1576770252650.jpg 514w\" sizes=\"auto, (max-width: 193px) 100vw, 193px\" \/>\t\t\t\t\t\t\t<\/a>\n  \t\t\t\t\t\t\t  \t\t\t\t\t\t\t  \t\t\t\t\t\t<\/div>\n  \t\t\t\t\t\t  \t\t\t\t\t<\/div>\n          \t\t\t\t\t<div class=\"box-text text-center\" >\n\t\t\t\t\t<div class=\"box-text-inner blog-post-inner\">\n\n\t\t\t\t\t\n\t\t\t\t\t\t\t\t\t\t<h5 class=\"post-title is-large \">\n\t\t\t\t\t\t<a href=\"https:\/\/mariblum.de\/fr\/superposition-des-couches-lorsque-vous-portez-votre-bebe-comment-vous-habiller-correctement-vous-et-votre-bebe\/\" class=\"plain\">Superposition des couches lorsque vous portez votre b\u00e9b\u00e9 : comment vous habiller correctement, vous et votre b\u00e9b\u00e9<\/a>\n\t\t\t\t\t<\/h5>\n\t\t\t\t\t\t\t\t\t\t<div class=\"is-divider\"><\/div>\n\t\t\t\t\t\t\t\t\t\t<p class=\"from_the_blog_excerpt \">\n\t\t\t\t\t\tLa vie de jeune maman est pleine de nouveaux d\u00e9fis \u2014 et de merveilleux moments [...]\t\t\t\t\t<\/p>\n\t\t\t\t\t                    \n\t\t\t\t\t\n\t\t\t\t\t\n\t\t\t\t\t<\/div>\n\t\t\t\t\t<\/div>\n\t\t\t\t\t\t\t\t\t\t\t\t\t\t\t\t<div class=\"badge absolute top post-date badge-outline\">\n\t\t\t\t\t\t\t<div class=\"badge-inner\">\n\t\t\t\t\t\t\t\t<span class=\"post-date-day\">26<\/span><br>\n\t\t\t\t\t\t\t\t<span class=\"post-date-month is-xsmall\">Sep<\/span>\n\t\t\t\t\t\t\t<\/div>\n\t\t\t\t\t\t<\/div>\n\t\t\t\t\t\t\t\t\t<\/div>\n\t\t\t<\/div>\n\t\t<\/div><div class=\"col post-item\" >\n\t\t\t<div class=\"col-inner\">\n\t\t\t\t<div class=\"box box-normal box-text-bottom box-blog-post has-hover\">\n            \t\t\t\t\t<div class=\"box-image\" >\n  \t\t\t\t\t\t<div class=\"image-cover\" style=\"padding-top:56.25%;\">\n\t\t\t\t\t\t\t<a href=\"https:\/\/mariblum.de\/fr\/maitriser-le-vent-la-pluie-avec-bebe-echarpes-et-ring-slings-strategies-douces-pour-jeunes-mamans\/\" class=\"plain\" aria-label=\"Ma\u00eetriser le vent &#038; la pluie avec b\u00e9b\u00e9 : \u00e9charpes et ring slings \u2014 strat\u00e9gies douces pour jeunes mamans\">\n\t\t\t\t\t\t\t\t<img loading=\"lazy\" decoding=\"async\" width=\"225\" height=\"300\" src=\"https:\/\/mariblum.de\/wp-content\/uploads\/2024\/03\/Babybonding-im-Tragetuch-225x300.png\" class=\"attachment-medium size-medium wp-post-image\" alt=\"Babybonding im Tragetuch\" srcset=\"https:\/\/mariblum.de\/wp-content\/uploads\/2024\/03\/Babybonding-im-Tragetuch-225x300.png 225w, https:\/\/mariblum.de\/wp-content\/uploads\/2024\/03\/Babybonding-im-Tragetuch-510x680.png 510w, https:\/\/mariblum.de\/wp-content\/uploads\/2024\/03\/Babybonding-im-Tragetuch.png 600w\" sizes=\"auto, (max-width: 225px) 100vw, 225px\" \/>\t\t\t\t\t\t\t<\/a>\n  \t\t\t\t\t\t\t  \t\t\t\t\t\t\t  \t\t\t\t\t\t<\/div>\n  \t\t\t\t\t\t  \t\t\t\t\t<\/div>\n          \t\t\t\t\t<div class=\"box-text text-center\" >\n\t\t\t\t\t<div class=\"box-text-inner blog-post-inner\">\n\n\t\t\t\t\t\n\t\t\t\t\t\t\t\t\t\t<h5 class=\"post-title is-large \">\n\t\t\t\t\t\t<a href=\"https:\/\/mariblum.de\/fr\/maitriser-le-vent-la-pluie-avec-bebe-echarpes-et-ring-slings-strategies-douces-pour-jeunes-mamans\/\" class=\"plain\">Ma\u00eetriser le vent &#038; la pluie avec b\u00e9b\u00e9 : \u00e9charpes et ring slings \u2014 strat\u00e9gies douces pour jeunes mamans<\/a>\n\t\t\t\t\t<\/h5>\n\t\t\t\t\t\t\t\t\t\t<div class=\"is-divider\"><\/div>\n\t\t\t\t\t\t\t\t\t\t<p class=\"from_the_blog_excerpt \">\n\t\t\t\t\t\tEn tant que jeune maman, tu veux prot\u00e9ger ton b\u00e9b\u00e9 \u2014 qu\u2019il vente ou qu\u2019il [...]\t\t\t\t\t<\/p>\n\t\t\t\t\t                    \n\t\t\t\t\t\n\t\t\t\t\t\n\t\t\t\t\t<\/div>\n\t\t\t\t\t<\/div>\n\t\t\t\t\t\t\t\t\t\t\t\t\t\t\t\t<div class=\"badge absolute top post-date badge-outline\">\n\t\t\t\t\t\t\t<div class=\"badge-inner\">\n\t\t\t\t\t\t\t\t<span class=\"post-date-day\">19<\/span><br>\n\t\t\t\t\t\t\t\t<span class=\"post-date-month is-xsmall\">Sep<\/span>\n\t\t\t\t\t\t\t<\/div>\n\t\t\t\t\t\t<\/div>\n\t\t\t\t\t\t\t\t\t<\/div>\n\t\t\t<\/div>\n\t\t<\/div><\/div> <p align=\"justify\">Alors, attrapez un porte-b\u00e9b\u00e9, laissez op\u00e9rer la magie de la proximit\u00e9 et profitez du temps avec votre petit miracle.<\/p>\n\n<blockquote>Le bonding n&rsquo;est pas un objectif \u00e0 atteindre, mais un chemin que vous empruntez ensemble \u2013 pas \u00e0 pas, c\u0153ur \u00e0 c\u0153ur.<\/blockquote> <hr> \t<div id=\"gap-1757315545\" class=\"gap-element clearfix\" style=\"display:block; height:auto;\">\n\t\t\n<style>\n#gap-1757315545 {\n  padding-top: 30px;\n}\n<\/style>\n\t<\/div>\n\t <h2 id=\"faq-a-propos-du-bonding-nouveaux-nes\">FAQ : Bonding avec les b\u00e9b\u00e9s dans le porte-b\u00e9b\u00e9<\/h2> \n\n\n\n\n<div class=\"schema-faq wp-block-yoast-faq-block\"><div class=\"schema-faq-section\" id=\"faq-question-1735883990572\"><strong class=\"schema-faq-question\">Comment le porte-b\u00e9b\u00e9 soutient-il le bonding entre les parents et le b\u00e9b\u00e9 ?<\/strong> <p class=\"schema-faq-answer\">Le porte-b\u00e9b\u00e9 garde le b\u00e9b\u00e9 pr\u00e8s du corps des parents. Cette proximit\u00e9 procure au b\u00e9b\u00e9 un sentiment de s\u00e9curit\u00e9 et de confort, similaire \u00e0 l&rsquo;ut\u00e9rus, et encourage la lib\u00e9ration d&rsquo;ocytocine, ce qui am\u00e9liore le lien \u00e9motionnel et le bien-\u00eatre.<\/p> <\/div> <div class=\"schema-faq-section\" id=\"faq-question-1735884014151\"><strong class=\"schema-faq-question\">Quels sont les avantages du porte-b\u00e9b\u00e9 pour le d\u00e9veloppement de mon b\u00e9b\u00e9 ?<\/strong> <p class=\"schema-faq-answer\">Le porte-b\u00e9b\u00e9 soutient une posture ergonomiquement correcte qui favorise le d\u00e9veloppement physique. Il aide \u00e0 d\u00e9velopper le sens de l&rsquo;\u00e9quilibre gr\u00e2ce au mouvement et renforce la confiance du b\u00e9b\u00e9 dans son environnement gr\u00e2ce \u00e0 la connexion \u00e9troite avec les parents.<\/p> <\/div> <div class=\"schema-faq-section\" id=\"faq-question-1735884022655\"><strong class=\"schema-faq-question\">Comment trouver la bonne technique de portage pour mon porte-b\u00e9b\u00e9 ?<\/strong> <p class=\"schema-faq-answer\">Il existe de nombreux tutoriels et consultants en portage pour vous aider \u00e0 porter votre b\u00e9b\u00e9 en toute s\u00e9curit\u00e9 et confortablement. Veillez \u00e0 maintenir la \u00ab\u00a0position en M\u00a0\u00bb pour soutenir le d\u00e9veloppement des hanches de votre b\u00e9b\u00e9, et entra\u00eenez-vous jusqu&rsquo;\u00e0 ce que vous vous sentiez en confiance.<\/p> <\/div> <div class=\"schema-faq-section\" id=\"faq-question-1735884037213\"><strong class=\"schema-faq-question\">Puis-je utiliser le porte-b\u00e9b\u00e9 dans la vie quotidienne sans restreindre mes activit\u00e9s ?<\/strong> <p class=\"schema-faq-answer\">Oui, le porte-b\u00e9b\u00e9 vous permet d&rsquo;avoir les mains libres tout en vous occupant d&rsquo;autres t\u00e2ches. Vous pouvez accomplir des activit\u00e9s quotidiennes tout en permettant \u00e0 votre b\u00e9b\u00e9 de profiter de la proximit\u00e9 et de la s\u00e9curit\u00e9 du porte-b\u00e9b\u00e9.<\/p> <\/div> <div class=\"schema-faq-section\" id=\"faq-question-1735884047425\"><strong class=\"schema-faq-question\">Quels mat\u00e9riaux conviennent le mieux pour les porte-b\u00e9b\u00e9s ?<\/strong> <p class=\"schema-faq-answer\">Les porte-b\u00e9b\u00e9s fabriqu\u00e9s \u00e0 partir de mat\u00e9riaux naturels comme le chanvre, le lin et le coton biologique sont id\u00e9aux car ils sont respirants, durables et respectueux de la peau. Ces mat\u00e9riaux sont \u00e9galement plus respectueux de l&rsquo;environnement et soutiennent la durabilit\u00e9.<\/p> <\/div> <\/div>\n","protected":false},"excerpt":{"rendered":"<p>Le b\u00e9b\u00e9 est l\u00e0 \u2013 un petit miracle qui bouleverse le monde. De nombreux parents se demandent comment ils peuvent favoriser ce lien \u00e9troit avec leur enfant, souvent d\u00e9crit comme un \u00ab\u00a0bonding\u00a0\u00bb. La r\u00e9ponse ? Elle pourrait \u00eatre plus proche que vous ne le pensez : dans le porte-b\u00e9b\u00e9. Qu&rsquo;est-ce que le Bonding, et pourquoi [&#8230;]\n","protected":false},"author":1,"featured_media":12092,"comment_status":"closed","ping_status":"closed","sticky":false,"template":"","format":"standard","meta":{"footnotes":""},"categories":[998],"tags":[1993,1934,1920],"class_list":["post-18062","post","type-post","status-publish","format-standard","has-post-thumbnail","hentry","category-mariblum-actualites-porte-bebe","tag-bebe-fr","tag-bebe","tag-tragetuch-fr"],"yoast_head":"<!-- This site is optimized with the Yoast SEO Premium plugin v23.3 (Yoast SEO v27.2) - https:\/\/yoast.com\/product\/yoast-seo-premium-wordpress\/ -->\n<title>La magie du bonding : pourquoi l&#039;\u00e9charpe de portage est plus<\/title>\n<meta name=\"description\" content=\"De nombreux parents se demandent comment ils peuvent favoriser ce lien \u00e9troit avec leur enfant, souvent d\u00e9crit comme un &quot;bonding&quot;.\" \/>\n<meta name=\"robots\" content=\"index, follow, max-snippet:-1, max-image-preview:large, max-video-preview:-1\" \/>\n<link rel=\"canonical\" href=\"https:\/\/mariblum.de\/fr\/la-magie-du-bonding-pourquoi-lecharpe-de-portage-est-plus-quun-moyen-de-transport\/\" \/>\n<meta property=\"og:locale\" content=\"fr_FR\" \/>\n<meta property=\"og:type\" content=\"article\" \/>\n<meta property=\"og:title\" content=\"La magie du bonding : pourquoi l&#039;\u00e9charpe de portage est plus qu&#039;un moyen de transport\" \/>\n<meta property=\"og:description\" content=\"De nombreux parents se demandent comment ils peuvent favoriser ce lien \u00e9troit avec leur enfant, souvent d\u00e9crit comme un &quot;bonding&quot;.\" \/>\n<meta property=\"og:url\" content=\"https:\/\/mariblum.de\/fr\/la-magie-du-bonding-pourquoi-lecharpe-de-portage-est-plus-quun-moyen-de-transport\/\" \/>\n<meta property=\"og:site_name\" content=\"mariblum - \u00c9charpe de portage\" \/>\n<meta property=\"article:published_time\" content=\"2025-01-03T06:01:00+00:00\" \/>\n<meta property=\"article:modified_time\" content=\"2025-01-03T06:01:04+00:00\" \/>\n<meta property=\"og:image\" content=\"https:\/\/mariblum.de\/wp-content\/uploads\/2022\/03\/banner-elefanten-tragetuch-aus-baumwolle.jpg\" \/>\n\t<meta property=\"og:image:width\" content=\"2000\" \/>\n\t<meta property=\"og:image:height\" content=\"1500\" \/>\n\t<meta property=\"og:image:type\" content=\"image\/jpeg\" \/>\n<meta name=\"author\" content=\"mariblum\" \/>\n<meta name=\"twitter:card\" content=\"summary_large_image\" \/>\n<meta name=\"twitter:label1\" content=\"\u00c9crit par\" \/>\n\t<meta name=\"twitter:data1\" content=\"mariblum\" \/>\n\t<meta name=\"twitter:label2\" content=\"Dur\u00e9e de lecture estim\u00e9e\" \/>\n\t<meta name=\"twitter:data2\" content=\"7 minutes\" \/>\n<script type=\"application\/ld+json\" class=\"yoast-schema-graph\">{\"@context\":\"https:\/\/schema.org\",\"@graph\":[{\"@type\":\"Article\",\"@id\":\"https:\/\/mariblum.de\/fr\/la-magie-du-bonding-pourquoi-lecharpe-de-portage-est-plus-quun-moyen-de-transport\/#article\",\"isPartOf\":{\"@id\":\"https:\/\/mariblum.de\/fr\/la-magie-du-bonding-pourquoi-lecharpe-de-portage-est-plus-quun-moyen-de-transport\/\"},\"author\":{\"name\":\"mariblum\",\"@id\":\"https:\/\/mariblum.de\/fr\/#\/schema\/person\/0f48a4840cefc156d4d2deb5e4b294d0\"},\"headline\":\"La magie du bonding : pourquoi l&rsquo;\u00e9charpe de portage est plus qu&rsquo;un moyen de transport\",\"datePublished\":\"2025-01-03T06:01:00+00:00\",\"dateModified\":\"2025-01-03T06:01:04+00:00\",\"mainEntityOfPage\":{\"@id\":\"https:\/\/mariblum.de\/fr\/la-magie-du-bonding-pourquoi-lecharpe-de-portage-est-plus-quun-moyen-de-transport\/\"},\"wordCount\":1150,\"publisher\":{\"@id\":\"https:\/\/mariblum.de\/fr\/#organization\"},\"image\":{\"@id\":\"https:\/\/mariblum.de\/fr\/la-magie-du-bonding-pourquoi-lecharpe-de-portage-est-plus-quun-moyen-de-transport\/#primaryimage\"},\"thumbnailUrl\":\"https:\/\/mariblum.de\/wp-content\/uploads\/2022\/03\/banner-elefanten-tragetuch-aus-baumwolle.jpg\",\"keywords\":[\"bebe\",\"bebe\",\"tragetuch\"],\"articleSection\":[\"mariblum - Actualit\u00e9s porte b\u00e9b\u00e9\"],\"inLanguage\":\"fr-FR\"},{\"@type\":[\"WebPage\",\"FAQPage\"],\"@id\":\"https:\/\/mariblum.de\/fr\/la-magie-du-bonding-pourquoi-lecharpe-de-portage-est-plus-quun-moyen-de-transport\/\",\"url\":\"https:\/\/mariblum.de\/fr\/la-magie-du-bonding-pourquoi-lecharpe-de-portage-est-plus-quun-moyen-de-transport\/\",\"name\":\"La magie du bonding : pourquoi l'\u00e9charpe de portage est plus\",\"isPartOf\":{\"@id\":\"https:\/\/mariblum.de\/fr\/#website\"},\"primaryImageOfPage\":{\"@id\":\"https:\/\/mariblum.de\/fr\/la-magie-du-bonding-pourquoi-lecharpe-de-portage-est-plus-quun-moyen-de-transport\/#primaryimage\"},\"image\":{\"@id\":\"https:\/\/mariblum.de\/fr\/la-magie-du-bonding-pourquoi-lecharpe-de-portage-est-plus-quun-moyen-de-transport\/#primaryimage\"},\"thumbnailUrl\":\"https:\/\/mariblum.de\/wp-content\/uploads\/2022\/03\/banner-elefanten-tragetuch-aus-baumwolle.jpg\",\"datePublished\":\"2025-01-03T06:01:00+00:00\",\"dateModified\":\"2025-01-03T06:01:04+00:00\",\"description\":\"De nombreux parents se demandent comment ils peuvent favoriser ce lien \u00e9troit avec leur enfant, souvent d\u00e9crit comme un \\\"bonding\\\".\",\"breadcrumb\":{\"@id\":\"https:\/\/mariblum.de\/fr\/la-magie-du-bonding-pourquoi-lecharpe-de-portage-est-plus-quun-moyen-de-transport\/#breadcrumb\"},\"mainEntity\":[{\"@id\":\"https:\/\/mariblum.de\/fr\/la-magie-du-bonding-pourquoi-lecharpe-de-portage-est-plus-quun-moyen-de-transport\/#faq-question-1735883990572\"},{\"@id\":\"https:\/\/mariblum.de\/fr\/la-magie-du-bonding-pourquoi-lecharpe-de-portage-est-plus-quun-moyen-de-transport\/#faq-question-1735884014151\"},{\"@id\":\"https:\/\/mariblum.de\/fr\/la-magie-du-bonding-pourquoi-lecharpe-de-portage-est-plus-quun-moyen-de-transport\/#faq-question-1735884022655\"},{\"@id\":\"https:\/\/mariblum.de\/fr\/la-magie-du-bonding-pourquoi-lecharpe-de-portage-est-plus-quun-moyen-de-transport\/#faq-question-1735884037213\"},{\"@id\":\"https:\/\/mariblum.de\/fr\/la-magie-du-bonding-pourquoi-lecharpe-de-portage-est-plus-quun-moyen-de-transport\/#faq-question-1735884047425\"}],\"inLanguage\":\"fr-FR\",\"potentialAction\":[{\"@type\":\"ReadAction\",\"target\":[\"https:\/\/mariblum.de\/fr\/la-magie-du-bonding-pourquoi-lecharpe-de-portage-est-plus-quun-moyen-de-transport\/\"]}]},{\"@type\":\"ImageObject\",\"inLanguage\":\"fr-FR\",\"@id\":\"https:\/\/mariblum.de\/fr\/la-magie-du-bonding-pourquoi-lecharpe-de-portage-est-plus-quun-moyen-de-transport\/#primaryimage\",\"url\":\"https:\/\/mariblum.de\/wp-content\/uploads\/2022\/03\/banner-elefanten-tragetuch-aus-baumwolle.jpg\",\"contentUrl\":\"https:\/\/mariblum.de\/wp-content\/uploads\/2022\/03\/banner-elefanten-tragetuch-aus-baumwolle.jpg\",\"width\":2000,\"height\":1500},{\"@type\":\"BreadcrumbList\",\"@id\":\"https:\/\/mariblum.de\/fr\/la-magie-du-bonding-pourquoi-lecharpe-de-portage-est-plus-quun-moyen-de-transport\/#breadcrumb\",\"itemListElement\":[{\"@type\":\"ListItem\",\"position\":1,\"name\":\"Startseite\",\"item\":\"https:\/\/mariblum.de\/fr\/\"},{\"@type\":\"ListItem\",\"position\":2,\"name\":\"La magie du bonding : pourquoi l&#8217;\u00e9charpe de portage est plus qu&#8217;un moyen de transport\"}]},{\"@type\":\"WebSite\",\"@id\":\"https:\/\/mariblum.de\/fr\/#website\",\"url\":\"https:\/\/mariblum.de\/fr\/\",\"name\":\"mariblum Traget\u00fccher\",\"description\":\"la fa\u00e7on naturelle de porter votre b\u00e9b\u00e9\",\"publisher\":{\"@id\":\"https:\/\/mariblum.de\/fr\/#organization\"},\"potentialAction\":[{\"@type\":\"SearchAction\",\"target\":{\"@type\":\"EntryPoint\",\"urlTemplate\":\"https:\/\/mariblum.de\/fr\/?s={search_term_string}\"},\"query-input\":{\"@type\":\"PropertyValueSpecification\",\"valueRequired\":true,\"valueName\":\"search_term_string\"}}],\"inLanguage\":\"fr-FR\"},{\"@type\":\"Organization\",\"@id\":\"https:\/\/mariblum.de\/fr\/#organization\",\"name\":\"mariblum\",\"url\":\"https:\/\/mariblum.de\/fr\/\",\"logo\":{\"@type\":\"ImageObject\",\"inLanguage\":\"fr-FR\",\"@id\":\"https:\/\/mariblum.de\/fr\/#\/schema\/logo\/image\/\",\"url\":\"https:\/\/mariblum.de\/wp-content\/uploads\/2020\/07\/logo_m-500x_transparent.png\",\"contentUrl\":\"https:\/\/mariblum.de\/wp-content\/uploads\/2020\/07\/logo_m-500x_transparent.png\",\"width\":500,\"height\":500,\"caption\":\"mariblum\"},\"image\":{\"@id\":\"https:\/\/mariblum.de\/fr\/#\/schema\/logo\/image\/\"},\"sameAs\":[\"https:\/\/www.instagram.com\/_mariblum_\/\"]},{\"@type\":\"Person\",\"@id\":\"https:\/\/mariblum.de\/fr\/#\/schema\/person\/0f48a4840cefc156d4d2deb5e4b294d0\",\"name\":\"mariblum\",\"url\":\"https:\/\/mariblum.de\/fr\/author\/mariblum\/\"},{\"@type\":\"Question\",\"@id\":\"https:\/\/mariblum.de\/fr\/la-magie-du-bonding-pourquoi-lecharpe-de-portage-est-plus-quun-moyen-de-transport\/#faq-question-1735883990572\",\"position\":1,\"url\":\"https:\/\/mariblum.de\/fr\/la-magie-du-bonding-pourquoi-lecharpe-de-portage-est-plus-quun-moyen-de-transport\/#faq-question-1735883990572\",\"name\":\"Comment le porte-b\u00e9b\u00e9 soutient-il le bonding entre les parents et le b\u00e9b\u00e9 ?\",\"answerCount\":1,\"acceptedAnswer\":{\"@type\":\"Answer\",\"text\":\"Le porte-b\u00e9b\u00e9 garde le b\u00e9b\u00e9 pr\u00e8s du corps des parents. Cette proximit\u00e9 procure au b\u00e9b\u00e9 un sentiment de s\u00e9curit\u00e9 et de confort, similaire \u00e0 l'ut\u00e9rus, et encourage la lib\u00e9ration d'ocytocine, ce qui am\u00e9liore le lien \u00e9motionnel et le bien-\u00eatre.\",\"inLanguage\":\"fr-FR\"},\"inLanguage\":\"fr-FR\"},{\"@type\":\"Question\",\"@id\":\"https:\/\/mariblum.de\/fr\/la-magie-du-bonding-pourquoi-lecharpe-de-portage-est-plus-quun-moyen-de-transport\/#faq-question-1735884014151\",\"position\":2,\"url\":\"https:\/\/mariblum.de\/fr\/la-magie-du-bonding-pourquoi-lecharpe-de-portage-est-plus-quun-moyen-de-transport\/#faq-question-1735884014151\",\"name\":\"Quels sont les avantages du porte-b\u00e9b\u00e9 pour le d\u00e9veloppement de mon b\u00e9b\u00e9 ?\",\"answerCount\":1,\"acceptedAnswer\":{\"@type\":\"Answer\",\"text\":\"Le porte-b\u00e9b\u00e9 soutient une posture ergonomiquement correcte qui favorise le d\u00e9veloppement physique. Il aide \u00e0 d\u00e9velopper le sens de l'\u00e9quilibre gr\u00e2ce au mouvement et renforce la confiance du b\u00e9b\u00e9 dans son environnement gr\u00e2ce \u00e0 la connexion \u00e9troite avec les parents.\",\"inLanguage\":\"fr-FR\"},\"inLanguage\":\"fr-FR\"},{\"@type\":\"Question\",\"@id\":\"https:\/\/mariblum.de\/fr\/la-magie-du-bonding-pourquoi-lecharpe-de-portage-est-plus-quun-moyen-de-transport\/#faq-question-1735884022655\",\"position\":3,\"url\":\"https:\/\/mariblum.de\/fr\/la-magie-du-bonding-pourquoi-lecharpe-de-portage-est-plus-quun-moyen-de-transport\/#faq-question-1735884022655\",\"name\":\"Comment trouver la bonne technique de portage pour mon porte-b\u00e9b\u00e9 ?\",\"answerCount\":1,\"acceptedAnswer\":{\"@type\":\"Answer\",\"text\":\"Il existe de nombreux tutoriels et consultants en portage pour vous aider \u00e0 porter votre b\u00e9b\u00e9 en toute s\u00e9curit\u00e9 et confortablement. Veillez \u00e0 maintenir la \\\"position en M\\\" pour soutenir le d\u00e9veloppement des hanches de votre b\u00e9b\u00e9, et entra\u00eenez-vous jusqu'\u00e0 ce que vous vous sentiez en confiance.\",\"inLanguage\":\"fr-FR\"},\"inLanguage\":\"fr-FR\"},{\"@type\":\"Question\",\"@id\":\"https:\/\/mariblum.de\/fr\/la-magie-du-bonding-pourquoi-lecharpe-de-portage-est-plus-quun-moyen-de-transport\/#faq-question-1735884037213\",\"position\":4,\"url\":\"https:\/\/mariblum.de\/fr\/la-magie-du-bonding-pourquoi-lecharpe-de-portage-est-plus-quun-moyen-de-transport\/#faq-question-1735884037213\",\"name\":\"Puis-je utiliser le porte-b\u00e9b\u00e9 dans la vie quotidienne sans restreindre mes activit\u00e9s ?\",\"answerCount\":1,\"acceptedAnswer\":{\"@type\":\"Answer\",\"text\":\"Oui, le porte-b\u00e9b\u00e9 vous permet d'avoir les mains libres tout en vous occupant d'autres t\u00e2ches. Vous pouvez accomplir des activit\u00e9s quotidiennes tout en permettant \u00e0 votre b\u00e9b\u00e9 de profiter de la proximit\u00e9 et de la s\u00e9curit\u00e9 du porte-b\u00e9b\u00e9.\",\"inLanguage\":\"fr-FR\"},\"inLanguage\":\"fr-FR\"},{\"@type\":\"Question\",\"@id\":\"https:\/\/mariblum.de\/fr\/la-magie-du-bonding-pourquoi-lecharpe-de-portage-est-plus-quun-moyen-de-transport\/#faq-question-1735884047425\",\"position\":5,\"url\":\"https:\/\/mariblum.de\/fr\/la-magie-du-bonding-pourquoi-lecharpe-de-portage-est-plus-quun-moyen-de-transport\/#faq-question-1735884047425\",\"name\":\"Quels mat\u00e9riaux conviennent le mieux pour les porte-b\u00e9b\u00e9s ?\",\"answerCount\":1,\"acceptedAnswer\":{\"@type\":\"Answer\",\"text\":\"Les porte-b\u00e9b\u00e9s fabriqu\u00e9s \u00e0 partir de mat\u00e9riaux naturels comme le chanvre, le lin et le coton biologique sont id\u00e9aux car ils sont respirants, durables et respectueux de la peau. Ces mat\u00e9riaux sont \u00e9galement plus respectueux de l'environnement et soutiennent la durabilit\u00e9.\",\"inLanguage\":\"fr-FR\"},\"inLanguage\":\"fr-FR\"}]}<\/script>\n<!-- \/ Yoast SEO Premium plugin. -->","yoast_head_json":{"title":"La magie du bonding : pourquoi l'\u00e9charpe de portage est plus","description":"De nombreux parents se demandent comment ils peuvent favoriser ce lien \u00e9troit avec leur enfant, souvent d\u00e9crit comme un \"bonding\".","robots":{"index":"index","follow":"follow","max-snippet":"max-snippet:-1","max-image-preview":"max-image-preview:large","max-video-preview":"max-video-preview:-1"},"canonical":"https:\/\/mariblum.de\/fr\/la-magie-du-bonding-pourquoi-lecharpe-de-portage-est-plus-quun-moyen-de-transport\/","og_locale":"fr_FR","og_type":"article","og_title":"La magie du bonding : pourquoi l'\u00e9charpe de portage est plus qu'un moyen de transport","og_description":"De nombreux parents se demandent comment ils peuvent favoriser ce lien \u00e9troit avec leur enfant, souvent d\u00e9crit comme un \"bonding\".","og_url":"https:\/\/mariblum.de\/fr\/la-magie-du-bonding-pourquoi-lecharpe-de-portage-est-plus-quun-moyen-de-transport\/","og_site_name":"mariblum - \u00c9charpe de portage","article_published_time":"2025-01-03T06:01:00+00:00","article_modified_time":"2025-01-03T06:01:04+00:00","og_image":[{"width":2000,"height":1500,"url":"https:\/\/mariblum.de\/wp-content\/uploads\/2022\/03\/banner-elefanten-tragetuch-aus-baumwolle.jpg","type":"image\/jpeg"}],"author":"mariblum","twitter_card":"summary_large_image","twitter_misc":{"\u00c9crit par":"mariblum","Dur\u00e9e de lecture estim\u00e9e":"7 minutes"},"schema":{"@context":"https:\/\/schema.org","@graph":[{"@type":"Article","@id":"https:\/\/mariblum.de\/fr\/la-magie-du-bonding-pourquoi-lecharpe-de-portage-est-plus-quun-moyen-de-transport\/#article","isPartOf":{"@id":"https:\/\/mariblum.de\/fr\/la-magie-du-bonding-pourquoi-lecharpe-de-portage-est-plus-quun-moyen-de-transport\/"},"author":{"name":"mariblum","@id":"https:\/\/mariblum.de\/fr\/#\/schema\/person\/0f48a4840cefc156d4d2deb5e4b294d0"},"headline":"La magie du bonding : pourquoi l&rsquo;\u00e9charpe de portage est plus qu&rsquo;un moyen de transport","datePublished":"2025-01-03T06:01:00+00:00","dateModified":"2025-01-03T06:01:04+00:00","mainEntityOfPage":{"@id":"https:\/\/mariblum.de\/fr\/la-magie-du-bonding-pourquoi-lecharpe-de-portage-est-plus-quun-moyen-de-transport\/"},"wordCount":1150,"publisher":{"@id":"https:\/\/mariblum.de\/fr\/#organization"},"image":{"@id":"https:\/\/mariblum.de\/fr\/la-magie-du-bonding-pourquoi-lecharpe-de-portage-est-plus-quun-moyen-de-transport\/#primaryimage"},"thumbnailUrl":"https:\/\/mariblum.de\/wp-content\/uploads\/2022\/03\/banner-elefanten-tragetuch-aus-baumwolle.jpg","keywords":["bebe","bebe","tragetuch"],"articleSection":["mariblum - Actualit\u00e9s porte b\u00e9b\u00e9"],"inLanguage":"fr-FR"},{"@type":["WebPage","FAQPage"],"@id":"https:\/\/mariblum.de\/fr\/la-magie-du-bonding-pourquoi-lecharpe-de-portage-est-plus-quun-moyen-de-transport\/","url":"https:\/\/mariblum.de\/fr\/la-magie-du-bonding-pourquoi-lecharpe-de-portage-est-plus-quun-moyen-de-transport\/","name":"La magie du bonding : pourquoi l'\u00e9charpe de portage est plus","isPartOf":{"@id":"https:\/\/mariblum.de\/fr\/#website"},"primaryImageOfPage":{"@id":"https:\/\/mariblum.de\/fr\/la-magie-du-bonding-pourquoi-lecharpe-de-portage-est-plus-quun-moyen-de-transport\/#primaryimage"},"image":{"@id":"https:\/\/mariblum.de\/fr\/la-magie-du-bonding-pourquoi-lecharpe-de-portage-est-plus-quun-moyen-de-transport\/#primaryimage"},"thumbnailUrl":"https:\/\/mariblum.de\/wp-content\/uploads\/2022\/03\/banner-elefanten-tragetuch-aus-baumwolle.jpg","datePublished":"2025-01-03T06:01:00+00:00","dateModified":"2025-01-03T06:01:04+00:00","description":"De nombreux parents se demandent comment ils peuvent favoriser ce lien \u00e9troit avec leur enfant, souvent d\u00e9crit comme un \"bonding\".","breadcrumb":{"@id":"https:\/\/mariblum.de\/fr\/la-magie-du-bonding-pourquoi-lecharpe-de-portage-est-plus-quun-moyen-de-transport\/#breadcrumb"},"mainEntity":[{"@id":"https:\/\/mariblum.de\/fr\/la-magie-du-bonding-pourquoi-lecharpe-de-portage-est-plus-quun-moyen-de-transport\/#faq-question-1735883990572"},{"@id":"https:\/\/mariblum.de\/fr\/la-magie-du-bonding-pourquoi-lecharpe-de-portage-est-plus-quun-moyen-de-transport\/#faq-question-1735884014151"},{"@id":"https:\/\/mariblum.de\/fr\/la-magie-du-bonding-pourquoi-lecharpe-de-portage-est-plus-quun-moyen-de-transport\/#faq-question-1735884022655"},{"@id":"https:\/\/mariblum.de\/fr\/la-magie-du-bonding-pourquoi-lecharpe-de-portage-est-plus-quun-moyen-de-transport\/#faq-question-1735884037213"},{"@id":"https:\/\/mariblum.de\/fr\/la-magie-du-bonding-pourquoi-lecharpe-de-portage-est-plus-quun-moyen-de-transport\/#faq-question-1735884047425"}],"inLanguage":"fr-FR","potentialAction":[{"@type":"ReadAction","target":["https:\/\/mariblum.de\/fr\/la-magie-du-bonding-pourquoi-lecharpe-de-portage-est-plus-quun-moyen-de-transport\/"]}]},{"@type":"ImageObject","inLanguage":"fr-FR","@id":"https:\/\/mariblum.de\/fr\/la-magie-du-bonding-pourquoi-lecharpe-de-portage-est-plus-quun-moyen-de-transport\/#primaryimage","url":"https:\/\/mariblum.de\/wp-content\/uploads\/2022\/03\/banner-elefanten-tragetuch-aus-baumwolle.jpg","contentUrl":"https:\/\/mariblum.de\/wp-content\/uploads\/2022\/03\/banner-elefanten-tragetuch-aus-baumwolle.jpg","width":2000,"height":1500},{"@type":"BreadcrumbList","@id":"https:\/\/mariblum.de\/fr\/la-magie-du-bonding-pourquoi-lecharpe-de-portage-est-plus-quun-moyen-de-transport\/#breadcrumb","itemListElement":[{"@type":"ListItem","position":1,"name":"Startseite","item":"https:\/\/mariblum.de\/fr\/"},{"@type":"ListItem","position":2,"name":"La magie du bonding : pourquoi l&#8217;\u00e9charpe de portage est plus qu&#8217;un moyen de transport"}]},{"@type":"WebSite","@id":"https:\/\/mariblum.de\/fr\/#website","url":"https:\/\/mariblum.de\/fr\/","name":"mariblum Traget\u00fccher","description":"la fa\u00e7on naturelle de porter votre b\u00e9b\u00e9","publisher":{"@id":"https:\/\/mariblum.de\/fr\/#organization"},"potentialAction":[{"@type":"SearchAction","target":{"@type":"EntryPoint","urlTemplate":"https:\/\/mariblum.de\/fr\/?s={search_term_string}"},"query-input":{"@type":"PropertyValueSpecification","valueRequired":true,"valueName":"search_term_string"}}],"inLanguage":"fr-FR"},{"@type":"Organization","@id":"https:\/\/mariblum.de\/fr\/#organization","name":"mariblum","url":"https:\/\/mariblum.de\/fr\/","logo":{"@type":"ImageObject","inLanguage":"fr-FR","@id":"https:\/\/mariblum.de\/fr\/#\/schema\/logo\/image\/","url":"https:\/\/mariblum.de\/wp-content\/uploads\/2020\/07\/logo_m-500x_transparent.png","contentUrl":"https:\/\/mariblum.de\/wp-content\/uploads\/2020\/07\/logo_m-500x_transparent.png","width":500,"height":500,"caption":"mariblum"},"image":{"@id":"https:\/\/mariblum.de\/fr\/#\/schema\/logo\/image\/"},"sameAs":["https:\/\/www.instagram.com\/_mariblum_\/"]},{"@type":"Person","@id":"https:\/\/mariblum.de\/fr\/#\/schema\/person\/0f48a4840cefc156d4d2deb5e4b294d0","name":"mariblum","url":"https:\/\/mariblum.de\/fr\/author\/mariblum\/"},{"@type":"Question","@id":"https:\/\/mariblum.de\/fr\/la-magie-du-bonding-pourquoi-lecharpe-de-portage-est-plus-quun-moyen-de-transport\/#faq-question-1735883990572","position":1,"url":"https:\/\/mariblum.de\/fr\/la-magie-du-bonding-pourquoi-lecharpe-de-portage-est-plus-quun-moyen-de-transport\/#faq-question-1735883990572","name":"Comment le porte-b\u00e9b\u00e9 soutient-il le bonding entre les parents et le b\u00e9b\u00e9 ?","answerCount":1,"acceptedAnswer":{"@type":"Answer","text":"Le porte-b\u00e9b\u00e9 garde le b\u00e9b\u00e9 pr\u00e8s du corps des parents. Cette proximit\u00e9 procure au b\u00e9b\u00e9 un sentiment de s\u00e9curit\u00e9 et de confort, similaire \u00e0 l'ut\u00e9rus, et encourage la lib\u00e9ration d'ocytocine, ce qui am\u00e9liore le lien \u00e9motionnel et le bien-\u00eatre.","inLanguage":"fr-FR"},"inLanguage":"fr-FR"},{"@type":"Question","@id":"https:\/\/mariblum.de\/fr\/la-magie-du-bonding-pourquoi-lecharpe-de-portage-est-plus-quun-moyen-de-transport\/#faq-question-1735884014151","position":2,"url":"https:\/\/mariblum.de\/fr\/la-magie-du-bonding-pourquoi-lecharpe-de-portage-est-plus-quun-moyen-de-transport\/#faq-question-1735884014151","name":"Quels sont les avantages du porte-b\u00e9b\u00e9 pour le d\u00e9veloppement de mon b\u00e9b\u00e9 ?","answerCount":1,"acceptedAnswer":{"@type":"Answer","text":"Le porte-b\u00e9b\u00e9 soutient une posture ergonomiquement correcte qui favorise le d\u00e9veloppement physique. Il aide \u00e0 d\u00e9velopper le sens de l'\u00e9quilibre gr\u00e2ce au mouvement et renforce la confiance du b\u00e9b\u00e9 dans son environnement gr\u00e2ce \u00e0 la connexion \u00e9troite avec les parents.","inLanguage":"fr-FR"},"inLanguage":"fr-FR"},{"@type":"Question","@id":"https:\/\/mariblum.de\/fr\/la-magie-du-bonding-pourquoi-lecharpe-de-portage-est-plus-quun-moyen-de-transport\/#faq-question-1735884022655","position":3,"url":"https:\/\/mariblum.de\/fr\/la-magie-du-bonding-pourquoi-lecharpe-de-portage-est-plus-quun-moyen-de-transport\/#faq-question-1735884022655","name":"Comment trouver la bonne technique de portage pour mon porte-b\u00e9b\u00e9 ?","answerCount":1,"acceptedAnswer":{"@type":"Answer","text":"Il existe de nombreux tutoriels et consultants en portage pour vous aider \u00e0 porter votre b\u00e9b\u00e9 en toute s\u00e9curit\u00e9 et confortablement. Veillez \u00e0 maintenir la \"position en M\" pour soutenir le d\u00e9veloppement des hanches de votre b\u00e9b\u00e9, et entra\u00eenez-vous jusqu'\u00e0 ce que vous vous sentiez en confiance.","inLanguage":"fr-FR"},"inLanguage":"fr-FR"},{"@type":"Question","@id":"https:\/\/mariblum.de\/fr\/la-magie-du-bonding-pourquoi-lecharpe-de-portage-est-plus-quun-moyen-de-transport\/#faq-question-1735884037213","position":4,"url":"https:\/\/mariblum.de\/fr\/la-magie-du-bonding-pourquoi-lecharpe-de-portage-est-plus-quun-moyen-de-transport\/#faq-question-1735884037213","name":"Puis-je utiliser le porte-b\u00e9b\u00e9 dans la vie quotidienne sans restreindre mes activit\u00e9s ?","answerCount":1,"acceptedAnswer":{"@type":"Answer","text":"Oui, le porte-b\u00e9b\u00e9 vous permet d'avoir les mains libres tout en vous occupant d'autres t\u00e2ches. Vous pouvez accomplir des activit\u00e9s quotidiennes tout en permettant \u00e0 votre b\u00e9b\u00e9 de profiter de la proximit\u00e9 et de la s\u00e9curit\u00e9 du porte-b\u00e9b\u00e9.","inLanguage":"fr-FR"},"inLanguage":"fr-FR"},{"@type":"Question","@id":"https:\/\/mariblum.de\/fr\/la-magie-du-bonding-pourquoi-lecharpe-de-portage-est-plus-quun-moyen-de-transport\/#faq-question-1735884047425","position":5,"url":"https:\/\/mariblum.de\/fr\/la-magie-du-bonding-pourquoi-lecharpe-de-portage-est-plus-quun-moyen-de-transport\/#faq-question-1735884047425","name":"Quels mat\u00e9riaux conviennent le mieux pour les porte-b\u00e9b\u00e9s ?","answerCount":1,"acceptedAnswer":{"@type":"Answer","text":"Les porte-b\u00e9b\u00e9s fabriqu\u00e9s \u00e0 partir de mat\u00e9riaux naturels comme le chanvre, le lin et le coton biologique sont id\u00e9aux car ils sont respirants, durables et respectueux de la peau. Ces mat\u00e9riaux sont \u00e9galement plus respectueux de l'environnement et soutiennent la durabilit\u00e9.","inLanguage":"fr-FR"},"inLanguage":"fr-FR"}]}},"_links":{"self":[{"href":"https:\/\/mariblum.de\/fr\/wp-json\/wp\/v2\/posts\/18062","targetHints":{"allow":["GET"]}}],"collection":[{"href":"https:\/\/mariblum.de\/fr\/wp-json\/wp\/v2\/posts"}],"about":[{"href":"https:\/\/mariblum.de\/fr\/wp-json\/wp\/v2\/types\/post"}],"author":[{"embeddable":true,"href":"https:\/\/mariblum.de\/fr\/wp-json\/wp\/v2\/users\/1"}],"replies":[{"embeddable":true,"href":"https:\/\/mariblum.de\/fr\/wp-json\/wp\/v2\/comments?post=18062"}],"version-history":[{"count":0,"href":"https:\/\/mariblum.de\/fr\/wp-json\/wp\/v2\/posts\/18062\/revisions"}],"wp:featuredmedia":[{"embeddable":true,"href":"https:\/\/mariblum.de\/fr\/wp-json\/wp\/v2\/media\/12092"}],"wp:attachment":[{"href":"https:\/\/mariblum.de\/fr\/wp-json\/wp\/v2\/media?parent=18062"}],"wp:term":[{"taxonomy":"category","embeddable":true,"href":"https:\/\/mariblum.de\/fr\/wp-json\/wp\/v2\/categories?post=18062"},{"taxonomy":"post_tag","embeddable":true,"href":"https:\/\/mariblum.de\/fr\/wp-json\/wp\/v2\/tags?post=18062"}],"curies":[{"name":"wp","href":"https:\/\/api.w.org\/{rel}","templated":true}]}}