{"id":17041,"date":"2024-10-11T04:19:25","date_gmt":"2024-10-11T04:19:25","guid":{"rendered":"https:\/\/mariblum.de\/?p=17041"},"modified":"2024-10-11T04:19:25","modified_gmt":"2024-10-11T04:19:25","slug":"porter-et-allaiter-votre-bebe-pendant-les-jours-froids","status":"publish","type":"post","link":"https:\/\/mariblum.de\/fr\/porter-et-allaiter-votre-bebe-pendant-les-jours-froids\/","title":{"rendered":"Porter et allaiter votre b\u00e9b\u00e9 pendant les jours froids"},"content":{"rendered":"<p class=\"lead\" align=\"justify\">La bonne nouvelle est que, avec les bons conseils, vous et votre b\u00e9b\u00e9 pouvez profiter de l&rsquo;hiver, bien emmitoufl\u00e9s et pr\u00eats \u00e0 affronter tout ce que la journ\u00e9e vous r\u00e9serve. Le portage en hiver non seulement garde votre b\u00e9b\u00e9 pr\u00e8s de vous, mais il facilite \u00e9galement votre quotidien et s&rsquo;int\u00e8gre parfaitement \u00e0 l&rsquo;allaitement \u2013 que vous soyez \u00e0 l&rsquo;int\u00e9rieur ou \u00e0 l&rsquo;ext\u00e9rieur.<\/p>\n<p><strong>Table des mati\u00e8res<\/strong><\/p>\n<ol>\n<li style=\"list-style-type: none;\">\n<ol>\n<li><a href=\"#Pourquoi-l-\u00e9charpe-de-portage-est-elle-id\u00e9ale-en-hiver\">Pourquoi l\u2019\u00e9charpe de portage est-elle id\u00e9ale en hiver ?<\/a><\/li>\n<li><a href=\"#Comment-garder-votre-b\u00e9b\u00e9-au-chaud-en-hiver\">Comment garder votre b\u00e9b\u00e9 au chaud en hiver ?<\/a><\/li>\n<li><a href=\"#Allaiter-avec-une-\u00e9charpe-de-portage\">Allaiter avec une \u00e9charpe de portage \u2013 Est-ce vraiment possible ?<\/a><\/li>\n<li><a href=\"#Les-balades-d-hiver-pour-maman-et-b\u00e9b\u00e9\">Les balades d\u2019hiver : Parfaites pour vous et votre b\u00e9b\u00e9<\/a><\/li>\n<li><a href=\"#Entretien-de-votre-\u00e9charpe-de-portage-en-hiver\">Entretien de votre \u00e9charpe de portage en hiver<\/a><\/li>\n<li><a href=\"#Conclusion\">Conclusion<\/a><\/li>\n<\/ol>\n<\/li>\n<\/ol>\n<h2 id=\"Pourquoi-l-\u00e9charpe-de-portage-est-elle-id\u00e9ale-en-hiver\">Pourquoi l\u2019\u00e9charpe de portage est-elle id\u00e9ale en hiver ?<\/h2>\n<p><img loading=\"lazy\" decoding=\"async\" class=\"alignnone size-full\" src=\"https:\/\/mariblum.de\/wp-content\/uploads\/2024\/04\/kfar2024-3.jpeg\" alt=\"\u00c9charpe de portage en hiver\" width=\"6000\" height=\"8000\" \/><\/p>\n<p align=\"justify\">L\u2019\u00e9charpe de portage pr\u00e9sente de nombreux avantages, surtout pendant la saison froide. Elle garde votre b\u00e9b\u00e9 au chaud tout en le maintenant pr\u00e8s de votre corps, lui procurant un sentiment de s\u00e9curit\u00e9 et de confort. Cette proximit\u00e9 favorise le lien affectif et aide votre b\u00e9b\u00e9 \u00e0 se sentir en s\u00e9curit\u00e9, comme dans un petit cocon. Le meilleur dans tout \u00e7a : votre corps d\u00e9gage constamment de la chaleur, ce qui permet de garder votre b\u00e9b\u00e9 au chaud sans avoir besoin de v\u00eatements trop \u00e9pais, qui pourraient compliquer l\u2019allaitement. De plus, vous avez les mains libres \u2013 un \u00e9norme avantage lorsque vous \u00eates en d\u00e9placement. Que ce soit pour une promenade au parc ou pour faire des courses, votre b\u00e9b\u00e9 reste pr\u00e8s de vous, et vous b\u00e9n\u00e9ficiez d\u2019une pleine libert\u00e9 de mouvement.<\/p>\n<p align=\"justify\"><div class=\"woocommerce columns-4 \"><div class=\"products row row-small large-columns-4 medium-columns-3 small-columns-2\">\n<div class=\"product-small col has-hover product type-product post-19339 status-publish first instock product_cat-fr-ring-slings product_cat-fr-ring-slings-en-lin product_cat-tissus-en-lin product_tag-biologica-fr-2 product_tag-lin product_tag-ring-sling-fr product_tag-violet-fr-2 has-post-thumbnail featured product-type-variable has-product-safety-information\">\n\t<div class=\"col-inner\">\n\t\n<div class=\"badge-container absolute left top z-1\">\n\n<\/div>\n\t<div class=\"product-small box \">\n\t\t<div class=\"box-image\">\n\t\t\t<div class=\"image-fade_in_back\">\n\t\t\t\t<a href=\"https:\/\/mariblum.de\/fr\/produkt\/chute-deau-ring-sling-en-lin\/\">\n\t\t\t\t\t<img loading=\"lazy\" decoding=\"async\" width=\"247\" height=\"247\" src=\"https:\/\/mariblum.de\/wp-content\/uploads\/2025\/05\/Wasserfall_Leinen-RS-blau-247x247.jpeg\" class=\"attachment-woocommerce_thumbnail size-woocommerce_thumbnail\" alt=\"Chute d&#039;eau (Ring Sling en lin)\" srcset=\"https:\/\/mariblum.de\/wp-content\/uploads\/2025\/05\/Wasserfall_Leinen-RS-blau-247x247.jpeg 247w, https:\/\/mariblum.de\/wp-content\/uploads\/2025\/05\/Wasserfall_Leinen-RS-blau-150x150.jpeg 150w, https:\/\/mariblum.de\/wp-content\/uploads\/2025\/05\/Wasserfall_Leinen-RS-blau-100x100.jpeg 100w\" sizes=\"auto, (max-width: 247px) 100vw, 247px\" \/><img loading=\"lazy\" decoding=\"async\" width=\"247\" height=\"247\" src=\"https:\/\/mariblum.de\/wp-content\/uploads\/2025\/05\/Wasserfall_Leinen-RS-247x247.jpeg\" class=\"show-on-hover absolute fill hide-for-small back-image\" alt=\"Alternative view of Chute d&#039;eau (Ring Sling en lin)\" aria-hidden=\"true\" srcset=\"https:\/\/mariblum.de\/wp-content\/uploads\/2025\/05\/Wasserfall_Leinen-RS-247x247.jpeg 247w, https:\/\/mariblum.de\/wp-content\/uploads\/2025\/05\/Wasserfall_Leinen-RS-150x150.jpeg 150w, https:\/\/mariblum.de\/wp-content\/uploads\/2025\/05\/Wasserfall_Leinen-RS-100x100.jpeg 100w\" sizes=\"auto, (max-width: 247px) 100vw, 247px\" \/>\t\t\t\t<\/a>\n\t\t\t<\/div>\n\t\t\t<div class=\"image-tools is-small top right show-on-hover\">\n\t\t\t\t\t\t\t<\/div>\n\t\t\t<div class=\"image-tools is-small hide-for-small bottom left show-on-hover\">\n\t\t\t\t\t\t\t<\/div>\n\t\t\t<div class=\"image-tools grid-tools text-center hide-for-small bottom hover-slide-in show-on-hover\">\n\t\t\t\t<a href=\"#quick-view\" class=\"quick-view\" role=\"button\" data-prod=\"19339\" aria-haspopup=\"dialog\" aria-expanded=\"false\" data-flatsome-role-button>Aper\u00e7u<\/a>\t\t\t<\/div>\n\t\t\t\t\t<\/div>\n\n\t\t<div class=\"box-text box-text-products text-center grid-style-2\">\n\t\t\t<div class=\"title-wrapper\">\t\t<p class=\"category uppercase is-smaller no-text-overflow product-cat op-8\">\n\t\t\tRing Slings\t\t<\/p>\n\t<p class=\"name product-title woocommerce-loop-product__title\"><a href=\"https:\/\/mariblum.de\/fr\/produkt\/chute-deau-ring-sling-en-lin\/\" class=\"woocommerce-LoopProduct-link woocommerce-loop-product__link\">Chute d&rsquo;eau (Ring Sling en lin)<\/a><\/p><\/div><div class=\"price-wrapper\">\n\t<span class=\"price\"><span class=\"woocommerce-Price-amount amount\"><bdi>99,95&nbsp;<span class=\"woocommerce-Price-currencySymbol\">&euro;<\/span><\/bdi><\/span><\/span>\n\n\n\n<\/div>\t\t<\/div>\n\t<\/div>\n\t\n<span class=\"gtm4wp_productdata\" style=\"display:none; visibility:hidden;\" data-gtm4wp_product_data=\"{&quot;internal_id&quot;:19339,&quot;item_id&quot;:19339,&quot;item_name&quot;:&quot;Chute d&#039;eau (Ring Sling en lin)&quot;,&quot;sku&quot;:19339,&quot;price&quot;:0,&quot;stocklevel&quot;:null,&quot;stockstatus&quot;:&quot;instock&quot;,&quot;google_business_vertical&quot;:&quot;retail&quot;,&quot;item_category&quot;:&quot;Ring Slings&quot;,&quot;id&quot;:19339,&quot;productlink&quot;:&quot;https:\\\/\\\/mariblum.de\\\/fr\\\/produkt\\\/chute-deau-ring-sling-en-lin\\\/&quot;,&quot;item_list_name&quot;:&quot;Produits mis en avant&quot;,&quot;index&quot;:1,&quot;product_type&quot;:&quot;variable&quot;,&quot;item_brand&quot;:&quot;&quot;}\"><\/span>\t<\/div>\n<\/div><div class=\"product-small col has-hover product type-product post-7532 status-publish instock product_cat-fr-slings-en-chanvre-echarpe-de-portage product_cat-tissus-de-chanvre product_tag-personnalisee product_tag-sling-fr has-post-thumbnail featured shipping-taxable purchasable product-type-variable\">\n\t<div class=\"col-inner\">\n\t\n<div class=\"badge-container absolute left top z-1\">\n\n<\/div>\n\t<div class=\"product-small box \">\n\t\t<div class=\"box-image\">\n\t\t\t<div class=\"image-fade_in_back\">\n\t\t\t\t<a href=\"https:\/\/mariblum.de\/fr\/produkt\/porte-bebe-personnalisee-sling\/\">\n\t\t\t\t\t<img loading=\"lazy\" decoding=\"async\" width=\"247\" height=\"247\" src=\"https:\/\/mariblum.de\/wp-content\/uploads\/2020\/01\/shibori-mutter-und-kind-247x247.jpg\" class=\"attachment-woocommerce_thumbnail size-woocommerce_thumbnail\" alt=\"Custom sling Porter son b\u00e9b\u00e9\" srcset=\"https:\/\/mariblum.de\/wp-content\/uploads\/2020\/01\/shibori-mutter-und-kind-247x247.jpg 247w, https:\/\/mariblum.de\/wp-content\/uploads\/2020\/01\/shibori-mutter-und-kind-100x100.jpg 100w, https:\/\/mariblum.de\/wp-content\/uploads\/2020\/01\/shibori-mutter-und-kind-150x150.jpg 150w\" sizes=\"auto, (max-width: 247px) 100vw, 247px\" \/>\t\t\t\t<\/a>\n\t\t\t<\/div>\n\t\t\t<div class=\"image-tools is-small top right show-on-hover\">\n\t\t\t\t\t\t\t<\/div>\n\t\t\t<div class=\"image-tools is-small hide-for-small bottom left show-on-hover\">\n\t\t\t\t\t\t\t<\/div>\n\t\t\t<div class=\"image-tools grid-tools text-center hide-for-small bottom hover-slide-in show-on-hover\">\n\t\t\t\t<a href=\"#quick-view\" class=\"quick-view\" role=\"button\" data-prod=\"7532\" aria-haspopup=\"dialog\" aria-expanded=\"false\" data-flatsome-role-button>Aper\u00e7u<\/a>\t\t\t<\/div>\n\t\t\t\t\t<\/div>\n\n\t\t<div class=\"box-text box-text-products text-center grid-style-2\">\n\t\t\t<div class=\"ux-swatches ux-swatches-in-loop ux-swatches--rounded ux-swatches--x-small\" role=\"radiogroup\" data-flatsome-role-radiogroup><div data-image-src=\"https:\/\/mariblum.de\/wp-content\/uploads\/2019\/11\/tragetuch-gebunden-blumenwiese-babytrage-scaled-e1585939830354-247x247.jpg\" data-image-srcset=\"https:\/\/mariblum.de\/wp-content\/uploads\/2019\/11\/tragetuch-gebunden-blumenwiese-babytrage-scaled-e1585939830354-247x247.jpg 247w, https:\/\/mariblum.de\/wp-content\/uploads\/2019\/11\/tragetuch-gebunden-blumenwiese-babytrage-scaled-e1585939830354-100x100.jpg 100w\" data-image-sizes=\"(max-width: 247px) 100vw, 247px\" data-attribute_name=\"attribute_pa_tt-groesze\" data-value=\"tt450-fr\" aria-label=\"4,50 m\" role=\"radio\" aria-checked=\"false\" tabindex=\"0\" class=\"ux-swatch ux-swatch--label\"><span class=\"ux-swatch__text\">4,50 m<\/span><\/div><\/div><div class=\"title-wrapper\">\t\t<p class=\"category uppercase is-smaller no-text-overflow product-cat op-8\">\n\t\t\t\u00c9charpes en chanvre\t\t<\/p>\n\t<p class=\"name product-title woocommerce-loop-product__title\"><a href=\"https:\/\/mariblum.de\/fr\/produkt\/porte-bebe-personnalisee-sling\/\" class=\"woocommerce-LoopProduct-link woocommerce-loop-product__link\">\u00c9charpe Personnalis\u00e9e<\/a><\/p><\/div><div class=\"price-wrapper\">\n\t<span class=\"price\"><span class=\"woocommerce-Price-amount amount\"><bdi>199,95&nbsp;<span class=\"woocommerce-Price-currencySymbol\">&euro;<\/span><\/bdi><\/span> &ndash; <span class=\"woocommerce-Price-amount amount\"><bdi>219,95&nbsp;<span class=\"woocommerce-Price-currencySymbol\">&euro;<\/span><\/bdi><\/span><\/span>\n\n\n\n<\/div>\t\t<\/div>\n\t<\/div>\n\t\n<span class=\"gtm4wp_productdata\" style=\"display:none; visibility:hidden;\" data-gtm4wp_product_data=\"{&quot;internal_id&quot;:7532,&quot;item_id&quot;:7532,&quot;item_name&quot;:&quot;\\u00c9charpe Personnalis\\u00e9e&quot;,&quot;sku&quot;:7532,&quot;price&quot;:199.95,&quot;stocklevel&quot;:null,&quot;stockstatus&quot;:&quot;instock&quot;,&quot;google_business_vertical&quot;:&quot;retail&quot;,&quot;item_category&quot;:&quot;\\u00c9charpes en chanvre&quot;,&quot;id&quot;:7532,&quot;productlink&quot;:&quot;https:\\\/\\\/mariblum.de\\\/fr\\\/produkt\\\/porte-bebe-personnalisee-sling\\\/&quot;,&quot;item_list_name&quot;:&quot;Produits mis en avant&quot;,&quot;index&quot;:2,&quot;product_type&quot;:&quot;variable&quot;,&quot;item_brand&quot;:&quot;&quot;}\"><\/span>\t<\/div>\n<\/div><div class=\"product-small col has-hover product type-product post-7570 status-publish instock product_cat-fr-slings-en-chanvre-echarpe-de-portage product_cat-tissus-de-chanvre has-post-thumbnail featured shipping-taxable purchasable product-type-variable has-default-attributes\">\n\t<div class=\"col-inner\">\n\t\n<div class=\"badge-container absolute left top z-1\">\n\n<\/div>\n\t<div class=\"product-small box \">\n\t\t<div class=\"box-image\">\n\t\t\t<div class=\"image-fade_in_back\">\n\t\t\t\t<a href=\"https:\/\/mariblum.de\/fr\/produkt\/magie-des-fleurs-sling-en-chanvre\/\">\n\t\t\t\t\t<img loading=\"lazy\" decoding=\"async\" width=\"247\" height=\"247\" src=\"https:\/\/mariblum.de\/wp-content\/uploads\/2021\/02\/banner-tragetuch-mariblum-aus-hanf-247x247.jpg\" class=\"attachment-woocommerce_thumbnail size-woocommerce_thumbnail\" alt=\"banner-tragetuch-mariblum-aus-hanf\" srcset=\"https:\/\/mariblum.de\/wp-content\/uploads\/2021\/02\/banner-tragetuch-mariblum-aus-hanf-247x247.jpg 247w, https:\/\/mariblum.de\/wp-content\/uploads\/2021\/02\/banner-tragetuch-mariblum-aus-hanf-100x100.jpg 100w, https:\/\/mariblum.de\/wp-content\/uploads\/2021\/02\/banner-tragetuch-mariblum-aus-hanf-300x300.jpg 300w, https:\/\/mariblum.de\/wp-content\/uploads\/2021\/02\/banner-tragetuch-mariblum-aus-hanf-150x150.jpg 150w, https:\/\/mariblum.de\/wp-content\/uploads\/2021\/02\/banner-tragetuch-mariblum-aus-hanf.jpg 500w\" sizes=\"auto, (max-width: 247px) 100vw, 247px\" \/><img loading=\"lazy\" decoding=\"async\" width=\"247\" height=\"247\" src=\"https:\/\/mariblum.de\/wp-content\/uploads\/2020\/06\/bl\u00fctenzauber-tragetuch-aus-hanf-scaled-e1592080050673-247x247.jpg\" class=\"show-on-hover absolute fill hide-for-small back-image\" alt=\"magie des fleurs-sling-en-chanvre\" aria-hidden=\"true\" srcset=\"https:\/\/mariblum.de\/wp-content\/uploads\/2020\/06\/bl\u00fctenzauber-tragetuch-aus-hanf-scaled-e1592080050673-247x247.jpg 247w, https:\/\/mariblum.de\/wp-content\/uploads\/2020\/06\/bl\u00fctenzauber-tragetuch-aus-hanf-scaled-e1592080050673-100x100.jpg 100w\" sizes=\"auto, (max-width: 247px) 100vw, 247px\" \/>\t\t\t\t<\/a>\n\t\t\t<\/div>\n\t\t\t<div class=\"image-tools is-small top right show-on-hover\">\n\t\t\t\t\t\t\t<\/div>\n\t\t\t<div class=\"image-tools is-small hide-for-small bottom left show-on-hover\">\n\t\t\t\t\t\t\t<\/div>\n\t\t\t<div class=\"image-tools grid-tools text-center hide-for-small bottom hover-slide-in show-on-hover\">\n\t\t\t\t<a href=\"#quick-view\" class=\"quick-view\" role=\"button\" data-prod=\"7570\" aria-haspopup=\"dialog\" aria-expanded=\"false\" data-flatsome-role-button>Aper\u00e7u<\/a>\t\t\t<\/div>\n\t\t\t\t\t<\/div>\n\n\t\t<div class=\"box-text box-text-products text-center grid-style-2\">\n\t\t\t<div class=\"ux-swatches ux-swatches-in-loop ux-swatches--rounded ux-swatches--x-small\" role=\"radiogroup\" data-flatsome-role-radiogroup><div data-image-src=\"https:\/\/mariblum.de\/wp-content\/uploads\/2021\/02\/banner-tragetuch-mariblum-aus-hanf-247x247.jpg\" data-image-srcset=\"https:\/\/mariblum.de\/wp-content\/uploads\/2021\/02\/banner-tragetuch-mariblum-aus-hanf-247x247.jpg 247w, https:\/\/mariblum.de\/wp-content\/uploads\/2021\/02\/banner-tragetuch-mariblum-aus-hanf-100x100.jpg 100w, https:\/\/mariblum.de\/wp-content\/uploads\/2021\/02\/banner-tragetuch-mariblum-aus-hanf-300x300.jpg 300w, https:\/\/mariblum.de\/wp-content\/uploads\/2021\/02\/banner-tragetuch-mariblum-aus-hanf-150x150.jpg 150w, https:\/\/mariblum.de\/wp-content\/uploads\/2021\/02\/banner-tragetuch-mariblum-aus-hanf.jpg 500w\" data-image-sizes=\"(max-width: 247px) 100vw, 247px\" data-attribute_name=\"attribute_pa_tt-groesze\" data-value=\"tt450-fr\" aria-label=\"4,50 m\" role=\"radio\" aria-checked=\"false\" tabindex=\"0\" class=\"ux-swatch ux-swatch--label\"><span class=\"ux-swatch__text\">4,50 m<\/span><\/div><div data-image-src=\"https:\/\/mariblum.de\/wp-content\/uploads\/2021\/02\/banner-tragetuch-mariblum-aus-hanf-247x247.jpg\" data-image-srcset=\"https:\/\/mariblum.de\/wp-content\/uploads\/2021\/02\/banner-tragetuch-mariblum-aus-hanf-247x247.jpg 247w, https:\/\/mariblum.de\/wp-content\/uploads\/2021\/02\/banner-tragetuch-mariblum-aus-hanf-100x100.jpg 100w, https:\/\/mariblum.de\/wp-content\/uploads\/2021\/02\/banner-tragetuch-mariblum-aus-hanf-300x300.jpg 300w, https:\/\/mariblum.de\/wp-content\/uploads\/2021\/02\/banner-tragetuch-mariblum-aus-hanf-150x150.jpg 150w, https:\/\/mariblum.de\/wp-content\/uploads\/2021\/02\/banner-tragetuch-mariblum-aus-hanf.jpg 500w\" data-image-sizes=\"(max-width: 247px) 100vw, 247px\" data-attribute_name=\"attribute_pa_tt-groesze\" data-value=\"tt500-fr\" aria-label=\"5,00 m\" role=\"radio\" aria-checked=\"false\" tabindex=\"0\" class=\"ux-swatch ux-swatch--label\"><span class=\"ux-swatch__text\">5,00 m<\/span><\/div><\/div><div class=\"title-wrapper\">\t\t<p class=\"category uppercase is-smaller no-text-overflow product-cat op-8\">\n\t\t\t\u00c9charpes en chanvre\t\t<\/p>\n\t<p class=\"name product-title woocommerce-loop-product__title\"><a href=\"https:\/\/mariblum.de\/fr\/produkt\/magie-des-fleurs-sling-en-chanvre\/\" class=\"woocommerce-LoopProduct-link woocommerce-loop-product__link\">Magie des Fleurs (\u00e9charpe)<\/a><\/p><\/div><div class=\"price-wrapper\">\n\t<span class=\"price\"><span class=\"woocommerce-Price-amount amount\"><bdi>219,95&nbsp;<span class=\"woocommerce-Price-currencySymbol\">&euro;<\/span><\/bdi><\/span> &ndash; <span class=\"woocommerce-Price-amount amount\"><bdi>229,95&nbsp;<span class=\"woocommerce-Price-currencySymbol\">&euro;<\/span><\/bdi><\/span><\/span>\n\n\n\n<\/div>\t\t<\/div>\n\t<\/div>\n\t\n<span class=\"gtm4wp_productdata\" style=\"display:none; visibility:hidden;\" data-gtm4wp_product_data=\"{&quot;internal_id&quot;:7570,&quot;item_id&quot;:7570,&quot;item_name&quot;:&quot;Magie des Fleurs (\\u00e9charpe)&quot;,&quot;sku&quot;:7570,&quot;price&quot;:219.95,&quot;stocklevel&quot;:null,&quot;stockstatus&quot;:&quot;instock&quot;,&quot;google_business_vertical&quot;:&quot;retail&quot;,&quot;item_category&quot;:&quot;\\u00c9charpes en chanvre&quot;,&quot;id&quot;:7570,&quot;productlink&quot;:&quot;https:\\\/\\\/mariblum.de\\\/fr\\\/produkt\\\/magie-des-fleurs-sling-en-chanvre\\\/&quot;,&quot;item_list_name&quot;:&quot;Produits mis en avant&quot;,&quot;index&quot;:3,&quot;product_type&quot;:&quot;variable&quot;,&quot;item_brand&quot;:&quot;&quot;}\"><\/span>\t<\/div>\n<\/div><div class=\"product-small col has-hover product type-product post-15917 status-publish last instock product_cat-fr-slings-en-chanvre-echarpe-de-portage product_cat-tissus-de-chanvre product_tag-chanvre product_tag-sling-fr has-post-thumbnail featured purchasable product-type-variable has-default-attributes\">\n\t<div class=\"col-inner\">\n\t\n<div class=\"badge-container absolute left top z-1\">\n\n<\/div>\n\t<div class=\"product-small box \">\n\t\t<div class=\"box-image\">\n\t\t\t<div class=\"image-fade_in_back\">\n\t\t\t\t<a href=\"https:\/\/mariblum.de\/fr\/produkt\/zephyr-echarpe\/\">\n\t\t\t\t\t<img loading=\"lazy\" decoding=\"async\" width=\"247\" height=\"247\" src=\"https:\/\/mariblum.de\/wp-content\/uploads\/2024\/04\/baby-im-tragetuch-besser-schlafen-247x247.webp\" class=\"attachment-woocommerce_thumbnail size-woocommerce_thumbnail\" alt=\"\u00c9charpe en chanvre turquoise - b\u00e9b\u00e9 dort\" srcset=\"https:\/\/mariblum.de\/wp-content\/uploads\/2024\/04\/baby-im-tragetuch-besser-schlafen-247x247.webp 247w, https:\/\/mariblum.de\/wp-content\/uploads\/2024\/04\/baby-im-tragetuch-besser-schlafen-150x150.webp 150w, https:\/\/mariblum.de\/wp-content\/uploads\/2024\/04\/baby-im-tragetuch-besser-schlafen-100x100.webp 100w\" sizes=\"auto, (max-width: 247px) 100vw, 247px\" \/><img loading=\"lazy\" decoding=\"async\" width=\"247\" height=\"247\" src=\"https:\/\/mariblum.de\/wp-content\/uploads\/2024\/04\/Zephyr2-247x247.jpg\" class=\"show-on-hover absolute fill hide-for-small back-image\" alt=\"\u00e9charpe de portage en chanvre couleur menthe claire\" aria-hidden=\"true\" srcset=\"https:\/\/mariblum.de\/wp-content\/uploads\/2024\/04\/Zephyr2-247x247.jpg 247w, https:\/\/mariblum.de\/wp-content\/uploads\/2024\/04\/Zephyr2-100x100.jpg 100w, https:\/\/mariblum.de\/wp-content\/uploads\/2024\/04\/Zephyr2-150x150.jpg 150w\" sizes=\"auto, (max-width: 247px) 100vw, 247px\" \/>\t\t\t\t<\/a>\n\t\t\t<\/div>\n\t\t\t<div class=\"image-tools is-small top right show-on-hover\">\n\t\t\t\t\t\t\t<\/div>\n\t\t\t<div class=\"image-tools is-small hide-for-small bottom left show-on-hover\">\n\t\t\t\t\t\t\t<\/div>\n\t\t\t<div class=\"image-tools grid-tools text-center hide-for-small bottom hover-slide-in show-on-hover\">\n\t\t\t\t<a href=\"#quick-view\" class=\"quick-view\" role=\"button\" data-prod=\"15917\" aria-haspopup=\"dialog\" aria-expanded=\"false\" data-flatsome-role-button>Aper\u00e7u<\/a>\t\t\t<\/div>\n\t\t\t\t\t<\/div>\n\n\t\t<div class=\"box-text box-text-products text-center grid-style-2\">\n\t\t\t<div class=\"ux-swatches ux-swatches-in-loop ux-swatches--rounded ux-swatches--x-small\" role=\"radiogroup\" data-flatsome-role-radiogroup><div data-image-src=\"https:\/\/mariblum.de\/wp-content\/uploads\/2024\/04\/baby-im-tragetuch-besser-schlafen-247x247.webp\" data-image-srcset=\"https:\/\/mariblum.de\/wp-content\/uploads\/2024\/04\/baby-im-tragetuch-besser-schlafen-247x247.webp 247w, https:\/\/mariblum.de\/wp-content\/uploads\/2024\/04\/baby-im-tragetuch-besser-schlafen-150x150.webp 150w, https:\/\/mariblum.de\/wp-content\/uploads\/2024\/04\/baby-im-tragetuch-besser-schlafen-100x100.webp 100w\" data-image-sizes=\"(max-width: 247px) 100vw, 247px\" data-attribute_name=\"attribute_pa_tt-groesze\" data-value=\"tt500-fr\" aria-label=\"5,00 m\" role=\"radio\" aria-checked=\"false\" tabindex=\"0\" class=\"ux-swatch ux-swatch--label\"><span class=\"ux-swatch__text\">5,00 m<\/span><\/div><\/div><div class=\"title-wrapper\">\t\t<p class=\"category uppercase is-smaller no-text-overflow product-cat op-8\">\n\t\t\t\u00c9charpes en chanvre\t\t<\/p>\n\t<p class=\"name product-title woocommerce-loop-product__title\"><a href=\"https:\/\/mariblum.de\/fr\/produkt\/zephyr-echarpe\/\" class=\"woocommerce-LoopProduct-link woocommerce-loop-product__link\">Zephyr (\u00e9charpe)<\/a><\/p><\/div><div class=\"price-wrapper\">\n\t<span class=\"price\"><span class=\"woocommerce-Price-amount amount\"><bdi>149,95&nbsp;<span class=\"woocommerce-Price-currencySymbol\">&euro;<\/span><\/bdi><\/span><\/span>\n\n\n\n<\/div>\t\t<\/div>\n\t<\/div>\n\t\n<span class=\"gtm4wp_productdata\" style=\"display:none; visibility:hidden;\" data-gtm4wp_product_data=\"{&quot;internal_id&quot;:15917,&quot;item_id&quot;:15917,&quot;item_name&quot;:&quot;Zephyr (\\u00e9charpe)&quot;,&quot;sku&quot;:15917,&quot;price&quot;:149.95,&quot;stocklevel&quot;:null,&quot;stockstatus&quot;:&quot;instock&quot;,&quot;google_business_vertical&quot;:&quot;retail&quot;,&quot;item_category&quot;:&quot;\\u00c9charpes en chanvre&quot;,&quot;id&quot;:15917,&quot;productlink&quot;:&quot;https:\\\/\\\/mariblum.de\\\/fr\\\/produkt\\\/zephyr-echarpe\\\/&quot;,&quot;item_list_name&quot;:&quot;Produits mis en avant&quot;,&quot;index&quot;:4,&quot;product_type&quot;:&quot;variable&quot;,&quot;item_brand&quot;:&quot;&quot;}\"><\/span>\t<\/div>\n<\/div><\/div><!-- row -->\n<\/div>\n<h2 id=\"Comment-garder-votre-b\u00e9b\u00e9-au-chaud-en-hiver\">Comment garder votre b\u00e9b\u00e9 au chaud en hiver ?<\/h2>\n<p><img loading=\"lazy\" decoding=\"async\" class=\"alignnone size-full\" src=\"https:\/\/mariblum.de\/wp-content\/uploads\/2024\/04\/Waldfee-Tragetuch.jpg\" alt=\"B\u00e9b\u00e9 au chaud en hiver\" width=\"6000\" height=\"8000\" \/><\/p>\n<p align=\"justify\">La r\u00e8gle la plus importante : ne surhabillez pas votre b\u00e9b\u00e9 ! Cela peut sembler paradoxal, mais dans l\u2019\u00e9charpe, votre b\u00e9b\u00e9 partage votre chaleur corporelle et est en plus prot\u00e9g\u00e9 par l\u2019\u00e9charpe et vos v\u00eatements. Trop de couches pourraient faire transpirer votre b\u00e9b\u00e9, ce qui serait contre-productif par temps froid. L\u2019id\u00e9al est d\u2019utiliser le principe de l&rsquo;oignon : plusieurs couches fines, que vous pouvez ajuster en fonction de la temp\u00e9rature et de l&rsquo;activit\u00e9.<\/p>\n<p align=\"justify\">Un bonnet adapt\u00e9, qui couvre bien les oreilles, est indispensable. La t\u00eate perd le plus de chaleur, il est donc important que la t\u00eate de votre b\u00e9b\u00e9 soit toujours bien couverte. Faites \u00e9galement attention aux pieds et aux mains : des chaussettes \u00e9paisses ou de petites bottines maintiendront les pieds au chaud, et les gants prot\u00e9geront les petits doigts. Ce sont souvent ces extr\u00e9mit\u00e9s qui se refroidissent en premier.<\/p>\n<p align=\"justify\"><div class=\"woocommerce columns-4 \"><div class=\"products row row-small large-columns-4 medium-columns-3 small-columns-2\">\n<div class=\"product-small col has-hover product type-product post-15066 status-publish first instock product_cat-fr-slings-en-lin product_cat-tissus-en-lin product_tag-biologica-fr-2 product_tag-lin product_tag-ring-sling-fr product_tag-violet-fr-2 has-post-thumbnail featured purchasable product-type-variable has-default-attributes has-product-safety-information\">\n\t<div class=\"col-inner\">\n\t\n<div class=\"badge-container absolute left top z-1\">\n\n<\/div>\n\t<div class=\"product-small box \">\n\t\t<div class=\"box-image\">\n\t\t\t<div class=\"image-fade_in_back\">\n\t\t\t\t<a href=\"https:\/\/mariblum.de\/fr\/produkt\/champ-de-lavande-echarpe-en-lin\/\">\n\t\t\t\t\t<img loading=\"lazy\" decoding=\"async\" width=\"247\" height=\"247\" src=\"https:\/\/mariblum.de\/wp-content\/uploads\/2025\/04\/Lila-Tragetuch_Baby-247x247.jpg\" class=\"attachment-woocommerce_thumbnail size-woocommerce_thumbnail\" alt=\"Champ de Lavande (\u00c9charpe)\" srcset=\"https:\/\/mariblum.de\/wp-content\/uploads\/2025\/04\/Lila-Tragetuch_Baby-247x247.jpg 247w, https:\/\/mariblum.de\/wp-content\/uploads\/2025\/04\/Lila-Tragetuch_Baby-150x150.jpg 150w, https:\/\/mariblum.de\/wp-content\/uploads\/2025\/04\/Lila-Tragetuch_Baby-100x100.jpg 100w\" sizes=\"auto, (max-width: 247px) 100vw, 247px\" \/><img loading=\"lazy\" decoding=\"async\" width=\"247\" height=\"247\" src=\"https:\/\/mariblum.de\/wp-content\/uploads\/2023\/04\/Lavendellfeld-aus-Leinen-Baby-tragen-im-tragetuch-247x247.jpg\" class=\"show-on-hover absolute fill hide-for-small back-image\" alt=\"Lavendelfeld-aus-Leinen-Baby-tragen-im-tragetuch\" aria-hidden=\"true\" srcset=\"https:\/\/mariblum.de\/wp-content\/uploads\/2023\/04\/Lavendellfeld-aus-Leinen-Baby-tragen-im-tragetuch-247x247.jpg 247w, https:\/\/mariblum.de\/wp-content\/uploads\/2023\/04\/Lavendellfeld-aus-Leinen-Baby-tragen-im-tragetuch-100x100.jpg 100w, https:\/\/mariblum.de\/wp-content\/uploads\/2023\/04\/Lavendellfeld-aus-Leinen-Baby-tragen-im-tragetuch-150x150.jpg 150w\" sizes=\"auto, (max-width: 247px) 100vw, 247px\" \/>\t\t\t\t<\/a>\n\t\t\t<\/div>\n\t\t\t<div class=\"image-tools is-small top right show-on-hover\">\n\t\t\t\t\t\t\t<\/div>\n\t\t\t<div class=\"image-tools is-small hide-for-small bottom left show-on-hover\">\n\t\t\t\t\t\t\t<\/div>\n\t\t\t<div class=\"image-tools grid-tools text-center hide-for-small bottom hover-slide-in show-on-hover\">\n\t\t\t\t<a href=\"#quick-view\" class=\"quick-view\" role=\"button\" data-prod=\"15066\" aria-haspopup=\"dialog\" aria-expanded=\"false\" data-flatsome-role-button>Aper\u00e7u<\/a>\t\t\t<\/div>\n\t\t\t\t\t<\/div>\n\n\t\t<div class=\"box-text box-text-products text-center grid-style-2\">\n\t\t\t<div class=\"ux-swatches ux-swatches-in-loop ux-swatches--rounded ux-swatches--x-small\" role=\"radiogroup\" data-flatsome-role-radiogroup><div data-image-src=\"https:\/\/mariblum.de\/wp-content\/uploads\/2025\/04\/Lila-Tragetuch_Baby-247x247.jpg\" data-image-srcset=\"https:\/\/mariblum.de\/wp-content\/uploads\/2025\/04\/Lila-Tragetuch_Baby-247x247.jpg 247w, https:\/\/mariblum.de\/wp-content\/uploads\/2025\/04\/Lila-Tragetuch_Baby-150x150.jpg 150w, https:\/\/mariblum.de\/wp-content\/uploads\/2025\/04\/Lila-Tragetuch_Baby-100x100.jpg 100w\" data-image-sizes=\"(max-width: 247px) 100vw, 247px\" data-attribute_name=\"attribute_pa_tt-groesze\" data-value=\"tt450-fr\" aria-label=\"4,50 m\" role=\"radio\" aria-checked=\"false\" tabindex=\"0\" class=\"ux-swatch ux-swatch--label\"><span class=\"ux-swatch__text\">4,50 m<\/span><\/div><div data-image-src=\"https:\/\/mariblum.de\/wp-content\/uploads\/2025\/04\/Lila-Tragetuch_Baby-247x247.jpg\" data-image-srcset=\"https:\/\/mariblum.de\/wp-content\/uploads\/2025\/04\/Lila-Tragetuch_Baby-247x247.jpg 247w, https:\/\/mariblum.de\/wp-content\/uploads\/2025\/04\/Lila-Tragetuch_Baby-150x150.jpg 150w, https:\/\/mariblum.de\/wp-content\/uploads\/2025\/04\/Lila-Tragetuch_Baby-100x100.jpg 100w\" data-image-sizes=\"(max-width: 247px) 100vw, 247px\" data-attribute_name=\"attribute_pa_tt-groesze\" data-value=\"tt500-fr\" aria-label=\"5,00 m\" role=\"radio\" aria-checked=\"false\" tabindex=\"0\" class=\"ux-swatch ux-swatch--label\"><span class=\"ux-swatch__text\">5,00 m<\/span><\/div><\/div><div class=\"title-wrapper\">\t\t<p class=\"category uppercase is-smaller no-text-overflow product-cat op-8\">\n\t\t\t\u00c9charpes en lin\t\t<\/p>\n\t<p class=\"name product-title woocommerce-loop-product__title\"><a href=\"https:\/\/mariblum.de\/fr\/produkt\/champ-de-lavande-echarpe-en-lin\/\" class=\"woocommerce-LoopProduct-link woocommerce-loop-product__link\">Champ de Lavande (\u00c9charpe)<\/a><\/p><\/div><div class=\"price-wrapper\">\n\t<span class=\"price\"><span class=\"woocommerce-Price-amount amount\"><bdi>159,95&nbsp;<span class=\"woocommerce-Price-currencySymbol\">&euro;<\/span><\/bdi><\/span> &ndash; <span class=\"woocommerce-Price-amount amount\"><bdi>169,95&nbsp;<span class=\"woocommerce-Price-currencySymbol\">&euro;<\/span><\/bdi><\/span><\/span>\n\n\n\n<\/div>\t\t<\/div>\n\t<\/div>\n\t\n<span class=\"gtm4wp_productdata\" style=\"display:none; visibility:hidden;\" data-gtm4wp_product_data=\"{&quot;internal_id&quot;:15066,&quot;item_id&quot;:15066,&quot;item_name&quot;:&quot;Champ de Lavande (\\u00c9charpe)&quot;,&quot;sku&quot;:15066,&quot;price&quot;:159.95,&quot;stocklevel&quot;:null,&quot;stockstatus&quot;:&quot;instock&quot;,&quot;google_business_vertical&quot;:&quot;retail&quot;,&quot;item_category&quot;:&quot;\\u00c9charpes en lin&quot;,&quot;id&quot;:15066,&quot;productlink&quot;:&quot;https:\\\/\\\/mariblum.de\\\/fr\\\/produkt\\\/champ-de-lavande-echarpe-en-lin\\\/&quot;,&quot;item_list_name&quot;:&quot;Produits mis en avant&quot;,&quot;index&quot;:1,&quot;product_type&quot;:&quot;variable&quot;,&quot;item_brand&quot;:&quot;&quot;}\"><\/span>\t<\/div>\n<\/div><div class=\"product-small col has-hover product type-product post-7665 status-publish instock product_cat-fr-ring-slings product_cat-fr-ring-slings-en-chanvre product_cat-tissus-de-chanvre product_tag-jaune product_tag-pissenlit product_tag-ring-sling-fr has-post-thumbnail featured product-type-variable has-default-attributes has-product-safety-information\">\n\t<div class=\"col-inner\">\n\t\n<div class=\"badge-container absolute left top z-1\">\n\n<\/div>\n\t<div class=\"product-small box \">\n\t\t<div class=\"box-image\">\n\t\t\t<div class=\"image-fade_in_back\">\n\t\t\t\t<a href=\"https:\/\/mariblum.de\/fr\/produkt\/pissenlit-ring-sling-en-chanvre\/\">\n\t\t\t\t\t<img loading=\"lazy\" decoding=\"async\" width=\"247\" height=\"247\" src=\"https:\/\/mariblum.de\/wp-content\/uploads\/2019\/02\/loewenzahn-ring-sling-aus-hanf-trageberatung-247x247.png\" class=\"attachment-woocommerce_thumbnail size-woocommerce_thumbnail\" alt=\"pissenlit-ring-sling-en-chanvre\" srcset=\"https:\/\/mariblum.de\/wp-content\/uploads\/2019\/02\/loewenzahn-ring-sling-aus-hanf-trageberatung-247x247.png 247w, https:\/\/mariblum.de\/wp-content\/uploads\/2019\/02\/loewenzahn-ring-sling-aus-hanf-trageberatung-100x100.png 100w, https:\/\/mariblum.de\/wp-content\/uploads\/2019\/02\/loewenzahn-ring-sling-aus-hanf-trageberatung-150x150.png 150w\" sizes=\"auto, (max-width: 247px) 100vw, 247px\" \/><img loading=\"lazy\" decoding=\"async\" width=\"247\" height=\"247\" src=\"https:\/\/mariblum.de\/wp-content\/uploads\/2019\/02\/loewenzahn-ring-sling-aus-hanf-gebunden-247x247.png\" class=\"show-on-hover absolute fill hide-for-small back-image\" alt=\"pissenlit-ring-sling-en-chanvre\" aria-hidden=\"true\" srcset=\"https:\/\/mariblum.de\/wp-content\/uploads\/2019\/02\/loewenzahn-ring-sling-aus-hanf-gebunden-247x247.png 247w, https:\/\/mariblum.de\/wp-content\/uploads\/2019\/02\/loewenzahn-ring-sling-aus-hanf-gebunden-100x100.png 100w, https:\/\/mariblum.de\/wp-content\/uploads\/2019\/02\/loewenzahn-ring-sling-aus-hanf-gebunden-150x150.png 150w\" sizes=\"auto, (max-width: 247px) 100vw, 247px\" \/>\t\t\t\t<\/a>\n\t\t\t<\/div>\n\t\t\t<div class=\"image-tools is-small top right show-on-hover\">\n\t\t\t\t\t\t\t<\/div>\n\t\t\t<div class=\"image-tools is-small hide-for-small bottom left show-on-hover\">\n\t\t\t\t\t\t\t<\/div>\n\t\t\t<div class=\"image-tools grid-tools text-center hide-for-small bottom hover-slide-in show-on-hover\">\n\t\t\t\t<a href=\"#quick-view\" class=\"quick-view\" role=\"button\" data-prod=\"7665\" aria-haspopup=\"dialog\" aria-expanded=\"false\" data-flatsome-role-button>Aper\u00e7u<\/a>\t\t\t<\/div>\n\t\t\t\t\t<\/div>\n\n\t\t<div class=\"box-text box-text-products text-center grid-style-2\">\n\t\t\t<div class=\"title-wrapper\">\t\t<p class=\"category uppercase is-smaller no-text-overflow product-cat op-8\">\n\t\t\tRing Slings\t\t<\/p>\n\t<p class=\"name product-title woocommerce-loop-product__title\"><a href=\"https:\/\/mariblum.de\/fr\/produkt\/pissenlit-ring-sling-en-chanvre\/\" class=\"woocommerce-LoopProduct-link woocommerce-loop-product__link\">Pissenlit (Ring Sling)<\/a><\/p><\/div><div class=\"price-wrapper\">\n\n\n\n<\/div>\t\t<\/div>\n\t<\/div>\n\t\n<span class=\"gtm4wp_productdata\" style=\"display:none; visibility:hidden;\" data-gtm4wp_product_data=\"{&quot;internal_id&quot;:7665,&quot;item_id&quot;:7665,&quot;item_name&quot;:&quot;Pissenlit (Ring Sling)&quot;,&quot;sku&quot;:7665,&quot;price&quot;:0,&quot;stocklevel&quot;:null,&quot;stockstatus&quot;:&quot;instock&quot;,&quot;google_business_vertical&quot;:&quot;retail&quot;,&quot;item_category&quot;:&quot;Ring Slings&quot;,&quot;id&quot;:7665,&quot;productlink&quot;:&quot;https:\\\/\\\/mariblum.de\\\/fr\\\/produkt\\\/pissenlit-ring-sling-en-chanvre\\\/&quot;,&quot;item_list_name&quot;:&quot;Produits mis en avant&quot;,&quot;index&quot;:2,&quot;product_type&quot;:&quot;variable&quot;,&quot;item_brand&quot;:&quot;&quot;}\"><\/span>\t<\/div>\n<\/div><div class=\"product-small col has-hover product type-product post-9116 status-publish instock product_cat-fr-slings-en-chanvre-echarpe-de-portage product_cat-tissus-de-chanvre product_tag-jaune product_tag-sling-fr has-post-thumbnail featured shipping-taxable purchasable product-type-variable has-default-attributes has-product-safety-information\">\n\t<div class=\"col-inner\">\n\t\n<div class=\"badge-container absolute left top z-1\">\n\n<\/div>\n\t<div class=\"product-small box \">\n\t\t<div class=\"box-image\">\n\t\t\t<div class=\"image-fade_in_back\">\n\t\t\t\t<a href=\"https:\/\/mariblum.de\/fr\/produkt\/pissenlit-echarpe-jaune\/\">\n\t\t\t\t\t<img loading=\"lazy\" decoding=\"async\" width=\"247\" height=\"247\" src=\"https:\/\/mariblum.de\/wp-content\/uploads\/2019\/02\/gelber-ring-sling-l\u00f6wenzahn-toddler-scaled-e1576850408596-247x247.jpg\" class=\"attachment-woocommerce_thumbnail size-woocommerce_thumbnail\" alt=\"pissenlit-ring-sling-en-chanvre\" srcset=\"https:\/\/mariblum.de\/wp-content\/uploads\/2019\/02\/gelber-ring-sling-l\u00f6wenzahn-toddler-scaled-e1576850408596-247x247.jpg 247w, https:\/\/mariblum.de\/wp-content\/uploads\/2019\/02\/gelber-ring-sling-l\u00f6wenzahn-toddler-scaled-e1576850408596-100x100.jpg 100w, https:\/\/mariblum.de\/wp-content\/uploads\/2019\/02\/gelber-ring-sling-l\u00f6wenzahn-toddler-scaled-e1576850408596-150x150.jpg 150w\" sizes=\"auto, (max-width: 247px) 100vw, 247px\" \/><img loading=\"lazy\" decoding=\"async\" width=\"247\" height=\"247\" src=\"https:\/\/mariblum.de\/wp-content\/uploads\/2019\/02\/loewenzahn-ring-sling-aus-hanf-in-der-natur-247x247.png\" class=\"show-on-hover absolute fill hide-for-small back-image\" alt=\"pissenlit-ring-sling-en-chanvre\" aria-hidden=\"true\" srcset=\"https:\/\/mariblum.de\/wp-content\/uploads\/2019\/02\/loewenzahn-ring-sling-aus-hanf-in-der-natur-247x247.png 247w, https:\/\/mariblum.de\/wp-content\/uploads\/2019\/02\/loewenzahn-ring-sling-aus-hanf-in-der-natur-100x100.png 100w, https:\/\/mariblum.de\/wp-content\/uploads\/2019\/02\/loewenzahn-ring-sling-aus-hanf-in-der-natur-150x150.png 150w\" sizes=\"auto, (max-width: 247px) 100vw, 247px\" \/>\t\t\t\t<\/a>\n\t\t\t<\/div>\n\t\t\t<div class=\"image-tools is-small top right show-on-hover\">\n\t\t\t\t\t\t\t<\/div>\n\t\t\t<div class=\"image-tools is-small hide-for-small bottom left show-on-hover\">\n\t\t\t\t\t\t\t<\/div>\n\t\t\t<div class=\"image-tools grid-tools text-center hide-for-small bottom hover-slide-in show-on-hover\">\n\t\t\t\t<a href=\"#quick-view\" class=\"quick-view\" role=\"button\" data-prod=\"9116\" aria-haspopup=\"dialog\" aria-expanded=\"false\" data-flatsome-role-button>Aper\u00e7u<\/a>\t\t\t<\/div>\n\t\t\t\t\t<\/div>\n\n\t\t<div class=\"box-text box-text-products text-center grid-style-2\">\n\t\t\t<div class=\"ux-swatches ux-swatches-in-loop ux-swatches--rounded ux-swatches--x-small\" role=\"radiogroup\" data-flatsome-role-radiogroup><div data-image-src=\"https:\/\/mariblum.de\/wp-content\/uploads\/2019\/02\/gelber-ring-sling-l\u00f6wenzahn-toddler-scaled-e1576850408596-247x247.jpg\" data-image-srcset=\"https:\/\/mariblum.de\/wp-content\/uploads\/2019\/02\/gelber-ring-sling-l\u00f6wenzahn-toddler-scaled-e1576850408596-247x247.jpg 247w, https:\/\/mariblum.de\/wp-content\/uploads\/2019\/02\/gelber-ring-sling-l\u00f6wenzahn-toddler-scaled-e1576850408596-100x100.jpg 100w, https:\/\/mariblum.de\/wp-content\/uploads\/2019\/02\/gelber-ring-sling-l\u00f6wenzahn-toddler-scaled-e1576850408596-150x150.jpg 150w\" data-image-sizes=\"(max-width: 247px) 100vw, 247px\" data-attribute_name=\"attribute_pa_tt-groesze\" data-value=\"tt450-fr\" aria-label=\"4,50 m\" role=\"radio\" aria-checked=\"false\" tabindex=\"0\" class=\"ux-swatch ux-swatch--label\"><span class=\"ux-swatch__text\">4,50 m<\/span><\/div><div data-image-src=\"https:\/\/mariblum.de\/wp-content\/uploads\/2019\/02\/gelber-ring-sling-l\u00f6wenzahn-toddler-scaled-e1576850408596-247x247.jpg\" data-image-srcset=\"https:\/\/mariblum.de\/wp-content\/uploads\/2019\/02\/gelber-ring-sling-l\u00f6wenzahn-toddler-scaled-e1576850408596-247x247.jpg 247w, https:\/\/mariblum.de\/wp-content\/uploads\/2019\/02\/gelber-ring-sling-l\u00f6wenzahn-toddler-scaled-e1576850408596-100x100.jpg 100w, https:\/\/mariblum.de\/wp-content\/uploads\/2019\/02\/gelber-ring-sling-l\u00f6wenzahn-toddler-scaled-e1576850408596-150x150.jpg 150w\" data-image-sizes=\"(max-width: 247px) 100vw, 247px\" data-attribute_name=\"attribute_pa_tt-groesze\" data-value=\"tt500-fr\" aria-label=\"5,00 m\" role=\"radio\" aria-checked=\"false\" tabindex=\"0\" class=\"ux-swatch ux-swatch--label\"><span class=\"ux-swatch__text\">5,00 m<\/span><\/div><\/div><div class=\"title-wrapper\">\t\t<p class=\"category uppercase is-smaller no-text-overflow product-cat op-8\">\n\t\t\t\u00c9charpes en chanvre\t\t<\/p>\n\t<p class=\"name product-title woocommerce-loop-product__title\"><a href=\"https:\/\/mariblum.de\/fr\/produkt\/pissenlit-echarpe-jaune\/\" class=\"woocommerce-LoopProduct-link woocommerce-loop-product__link\">Pissenlit (\u00e9charpe)<\/a><\/p><\/div><div class=\"price-wrapper\">\n\t<span class=\"price\"><span class=\"woocommerce-Price-amount amount\"><bdi>189,95&nbsp;<span class=\"woocommerce-Price-currencySymbol\">&euro;<\/span><\/bdi><\/span> &ndash; <span class=\"woocommerce-Price-amount amount\"><bdi>199,95&nbsp;<span class=\"woocommerce-Price-currencySymbol\">&euro;<\/span><\/bdi><\/span><\/span>\n\n\n\n<\/div>\t\t<\/div>\n\t<\/div>\n\t\n<span class=\"gtm4wp_productdata\" style=\"display:none; visibility:hidden;\" data-gtm4wp_product_data=\"{&quot;internal_id&quot;:9116,&quot;item_id&quot;:9116,&quot;item_name&quot;:&quot;Pissenlit (\\u00e9charpe)&quot;,&quot;sku&quot;:9116,&quot;price&quot;:189.95,&quot;stocklevel&quot;:null,&quot;stockstatus&quot;:&quot;instock&quot;,&quot;google_business_vertical&quot;:&quot;retail&quot;,&quot;item_category&quot;:&quot;\\u00c9charpes en chanvre&quot;,&quot;id&quot;:9116,&quot;productlink&quot;:&quot;https:\\\/\\\/mariblum.de\\\/fr\\\/produkt\\\/pissenlit-echarpe-jaune\\\/&quot;,&quot;item_list_name&quot;:&quot;Produits mis en avant&quot;,&quot;index&quot;:3,&quot;product_type&quot;:&quot;variable&quot;,&quot;item_brand&quot;:&quot;&quot;}\"><\/span>\t<\/div>\n<\/div><div class=\"product-small col has-hover product type-product post-16081 status-publish last instock product_cat-fr-slings-en-chanvre-echarpe-de-portage product_cat-tissus-de-chanvre product_tag-chanvre product_tag-sling-fr has-post-thumbnail featured purchasable product-type-variable has-default-attributes\">\n\t<div class=\"col-inner\">\n\t\n<div class=\"badge-container absolute left top z-1\">\n\n<\/div>\n\t<div class=\"product-small box \">\n\t\t<div class=\"box-image\">\n\t\t\t<div class=\"image-fade_in_back\">\n\t\t\t\t<a href=\"https:\/\/mariblum.de\/fr\/produkt\/ecureuil-echarpe-de-portage-en-chanvre\/\">\n\t\t\t\t\t<img loading=\"lazy\" decoding=\"async\" width=\"247\" height=\"247\" src=\"https:\/\/mariblum.de\/wp-content\/uploads\/2024\/04\/Babytragetuch-aus-hanf-braun-247x247.webp\" class=\"attachment-woocommerce_thumbnail size-woocommerce_thumbnail\" alt=\"Porte-b\u00e9b\u00e9 en chanvre pour une meilleure climatisation de l&#039;enfant\" srcset=\"https:\/\/mariblum.de\/wp-content\/uploads\/2024\/04\/Babytragetuch-aus-hanf-braun-247x247.webp 247w, https:\/\/mariblum.de\/wp-content\/uploads\/2024\/04\/Babytragetuch-aus-hanf-braun-150x150.webp 150w, https:\/\/mariblum.de\/wp-content\/uploads\/2024\/04\/Babytragetuch-aus-hanf-braun-100x100.webp 100w\" sizes=\"auto, (max-width: 247px) 100vw, 247px\" \/><img loading=\"lazy\" decoding=\"async\" width=\"247\" height=\"247\" src=\"https:\/\/mariblum.de\/wp-content\/uploads\/2024\/04\/glueckliches-Baby-im-tragetuch-ohne-schreien-247x247.webp\" class=\"show-on-hover absolute fill hide-for-small back-image\" alt=\"Un b\u00e9b\u00e9 endormi heureux dans une \u00e9charpe qui dort\" aria-hidden=\"true\" srcset=\"https:\/\/mariblum.de\/wp-content\/uploads\/2024\/04\/glueckliches-Baby-im-tragetuch-ohne-schreien-247x247.webp 247w, https:\/\/mariblum.de\/wp-content\/uploads\/2024\/04\/glueckliches-Baby-im-tragetuch-ohne-schreien-150x150.webp 150w, https:\/\/mariblum.de\/wp-content\/uploads\/2024\/04\/glueckliches-Baby-im-tragetuch-ohne-schreien-100x100.webp 100w\" sizes=\"auto, (max-width: 247px) 100vw, 247px\" \/>\t\t\t\t<\/a>\n\t\t\t<\/div>\n\t\t\t<div class=\"image-tools is-small top right show-on-hover\">\n\t\t\t\t\t\t\t<\/div>\n\t\t\t<div class=\"image-tools is-small hide-for-small bottom left show-on-hover\">\n\t\t\t\t\t\t\t<\/div>\n\t\t\t<div class=\"image-tools grid-tools text-center hide-for-small bottom hover-slide-in show-on-hover\">\n\t\t\t\t<a href=\"#quick-view\" class=\"quick-view\" role=\"button\" data-prod=\"16081\" aria-haspopup=\"dialog\" aria-expanded=\"false\" data-flatsome-role-button>Aper\u00e7u<\/a>\t\t\t<\/div>\n\t\t\t\t\t<\/div>\n\n\t\t<div class=\"box-text box-text-products text-center grid-style-2\">\n\t\t\t<div class=\"ux-swatches ux-swatches-in-loop ux-swatches--rounded ux-swatches--x-small\" role=\"radiogroup\" data-flatsome-role-radiogroup><div data-image-src=\"https:\/\/mariblum.de\/wp-content\/uploads\/2024\/04\/Babytragetuch-aus-hanf-braun-247x247.webp\" data-image-srcset=\"https:\/\/mariblum.de\/wp-content\/uploads\/2024\/04\/Babytragetuch-aus-hanf-braun-247x247.webp 247w, https:\/\/mariblum.de\/wp-content\/uploads\/2024\/04\/Babytragetuch-aus-hanf-braun-150x150.webp 150w, https:\/\/mariblum.de\/wp-content\/uploads\/2024\/04\/Babytragetuch-aus-hanf-braun-100x100.webp 100w\" data-image-sizes=\"(max-width: 247px) 100vw, 247px\" data-attribute_name=\"attribute_pa_tt-groesze\" data-value=\"tt450-fr\" aria-label=\"4,50 m\" role=\"radio\" aria-checked=\"false\" tabindex=\"0\" class=\"ux-swatch ux-swatch--label\"><span class=\"ux-swatch__text\">4,50 m<\/span><\/div><div data-image-src=\"https:\/\/mariblum.de\/wp-content\/uploads\/2024\/04\/Babytragetuch-aus-hanf-braun-247x247.webp\" data-image-srcset=\"https:\/\/mariblum.de\/wp-content\/uploads\/2024\/04\/Babytragetuch-aus-hanf-braun-247x247.webp 247w, https:\/\/mariblum.de\/wp-content\/uploads\/2024\/04\/Babytragetuch-aus-hanf-braun-150x150.webp 150w, https:\/\/mariblum.de\/wp-content\/uploads\/2024\/04\/Babytragetuch-aus-hanf-braun-100x100.webp 100w\" data-image-sizes=\"(max-width: 247px) 100vw, 247px\" data-attribute_name=\"attribute_pa_tt-groesze\" data-value=\"tt500-fr\" aria-label=\"5,00 m\" role=\"radio\" aria-checked=\"false\" tabindex=\"0\" class=\"ux-swatch ux-swatch--label\"><span class=\"ux-swatch__text\">5,00 m<\/span><\/div><\/div><div class=\"title-wrapper\">\t\t<p class=\"category uppercase is-smaller no-text-overflow product-cat op-8\">\n\t\t\t\u00c9charpes en chanvre\t\t<\/p>\n\t<p class=\"name product-title woocommerce-loop-product__title\"><a href=\"https:\/\/mariblum.de\/fr\/produkt\/ecureuil-echarpe-de-portage-en-chanvre\/\" class=\"woocommerce-LoopProduct-link woocommerce-loop-product__link\">\u00c9cureuil (\u00e9charpe)<\/a><\/p><\/div><div class=\"price-wrapper\">\n\t<span class=\"price\"><span class=\"woocommerce-Price-amount amount\"><bdi>144,95&nbsp;<span class=\"woocommerce-Price-currencySymbol\">&euro;<\/span><\/bdi><\/span> &ndash; <span class=\"woocommerce-Price-amount amount\"><bdi>149,95&nbsp;<span class=\"woocommerce-Price-currencySymbol\">&euro;<\/span><\/bdi><\/span><\/span>\n\n\n\n<\/div>\t\t<\/div>\n\t<\/div>\n\t\n<span class=\"gtm4wp_productdata\" style=\"display:none; visibility:hidden;\" data-gtm4wp_product_data=\"{&quot;internal_id&quot;:16081,&quot;item_id&quot;:16081,&quot;item_name&quot;:&quot;\\u00c9cureuil (\\u00e9charpe)&quot;,&quot;sku&quot;:16081,&quot;price&quot;:149.95,&quot;stocklevel&quot;:null,&quot;stockstatus&quot;:&quot;instock&quot;,&quot;google_business_vertical&quot;:&quot;retail&quot;,&quot;item_category&quot;:&quot;\\u00c9charpes en chanvre&quot;,&quot;id&quot;:16081,&quot;productlink&quot;:&quot;https:\\\/\\\/mariblum.de\\\/fr\\\/produkt\\\/ecureuil-echarpe-de-portage-en-chanvre\\\/&quot;,&quot;item_list_name&quot;:&quot;Produits mis en avant&quot;,&quot;index&quot;:4,&quot;product_type&quot;:&quot;variable&quot;,&quot;item_brand&quot;:&quot;&quot;}\"><\/span>\t<\/div>\n<\/div><\/div><!-- row -->\n<\/div>\n<p align=\"justify\">Pour le reste du corps, il existe des couvertures sp\u00e9cialement con\u00e7ues pour le portage ou des extensions de manteau qui couvrent \u00e0 la fois vous et votre b\u00e9b\u00e9. Ces accessoires sont parfaits pour vous garder tous les deux au chaud, sans avoir \u00e0 surcharger votre b\u00e9b\u00e9 de couches. Vous pouvez aussi opter pour un manteau de portage qui dispose d\u2019un espace pour l\u2019\u00e9charpe et votre b\u00e9b\u00e9, vous prot\u00e9geant ainsi tous les deux du vent et du froid.<\/p>\n<h2 id=\"Allaiter-avec-une-\u00e9charpe-de-portage\">Allaiter avec une \u00e9charpe de portage \u2013 Est-ce vraiment possible ?<\/h2>\n<p><img loading=\"lazy\" decoding=\"async\" class=\"alignnone size-full\" src=\"https:\/\/mariblum.de\/wp-content\/uploads\/2024\/04\/Zephyr3.jpg\" alt=\"Allaiter avec une \u00e9charpe\" width=\"6000\" height=\"8000\" \/><\/p>\n<p align=\"justify\">Oui, absolument ! Allaiter avec une \u00e9charpe de portage peut m\u00eame \u00eatre tr\u00e8s pratique une fois que vous avez pris le coup de main. L\u2019\u00e9charpe offre un soutien \u00e0 vous et \u00e0 votre b\u00e9b\u00e9, de sorte que vous n\u2019avez pas besoin de le tenir en plus pendant l\u2019allaitement. De nombreuses m\u00e8res ne jurent que par cette m\u00e9thode, car elles peuvent rester mobiles \u2013 que ce soit pour faire des courses, se promener ou simplement \u00e0 la maison.<\/p>\n<p align=\"justify\">L\u2019important est de trouver la bonne position de portage. Une position o\u00f9 vous pouvez facilement atteindre votre sein est id\u00e9ale. Le plus souvent, la position lat\u00e9rale ou le portage en avant (o\u00f9 le b\u00e9b\u00e9 est plut\u00f4t couch\u00e9 sur le c\u00f4t\u00e9) est la plus confortable. Voici un petit conseil : essayez quelques positions \u00e0 la maison pour d\u00e9couvrir ce qui fonctionne le mieux pour vous et votre b\u00e9b\u00e9. Avec le temps, vous d\u00e9velopperez un ressenti pour ajuster l\u2019\u00e9charpe afin que l\u2019allaitement en hiver soit simple et sans stress.<\/p>\n<p align=\"justify\">Un autre avantage de l\u2019\u00e9charpe : vous pouvez allaiter tr\u00e8s discr\u00e8tement. Gr\u00e2ce \u00e0 l\u2019\u00e9charpe et \u00e0 vos v\u00eatements d\u2019hiver, vous \u00eates bien couverts, et personne ne remarquera vraiment ce que vous faites. Surtout pendant les journ\u00e9es froides, lorsque vous \u00eates \u00e0 l\u2019ext\u00e9rieur, c\u2019est une solution agr\u00e9able pour nourrir votre b\u00e9b\u00e9 sans avoir \u00e0 vous arr\u00eater ou \u00e0 vous changer.<\/p>\n<h2 id=\"Les-balades-d-hiver-pour-maman-et-b\u00e9b\u00e9\">Les balades d\u2019hiver : Parfaites pour vous et votre b\u00e9b\u00e9<\/h2>\n<p><img loading=\"lazy\" decoding=\"async\" class=\"alignnone size-full\" src=\"https:\/\/mariblum.de\/wp-content\/uploads\/2024\/04\/Eichhoernchen2.jpg\" alt=\"Maman et b\u00e9b\u00e9 en balade hivernale\" width=\"6000\" height=\"8000\" \/><\/p>\n<p align=\"justify\">M\u00eame s&rsquo;il fait froid dehors, il est important de prendre l\u2019air \u2013 non seulement pour votre b\u00e9b\u00e9, mais aussi pour vous ! Bouger vous fait du bien, et m\u00eame une courte promenade peut vous aider \u00e0 recharger vos batteries. Votre b\u00e9b\u00e9 respire l\u2019air frais, d\u00e9couvre de nouvelles sensations et peut profiter de la proximit\u00e9 rassurante avec vous.<\/p>\n<p align=\"justify\">Il est important d\u2019ajuster la dur\u00e9e de la balade en fonction de la temp\u00e9rature et des besoins de votre b\u00e9b\u00e9. S\u2019il fait trop froid, choisissez des distances plus courtes et sortez plus souvent dans la journ\u00e9e. Votre b\u00e9b\u00e9 vous montrera g\u00e9n\u00e9ralement quand il a trop froid ou trop chaud : l\u2019agitation, les pleurs ou des mains froides sont des signes clairs qu\u2019il est temps de rentrer \u00e0 la maison.<\/p>\n<p align=\"justify\">\n  \n    <div class=\"row large-columns-3 medium-columns-1 small-columns-1 slider row-slider slider-nav-reveal slider-nav-push\"  data-flickity-options='{&quot;imagesLoaded&quot;: true, &quot;groupCells&quot;: &quot;100%&quot;, &quot;dragThreshold&quot; : 5, &quot;cellAlign&quot;: &quot;left&quot;,&quot;wrapAround&quot;: true,&quot;prevNextButtons&quot;: true,&quot;percentPosition&quot;: true,&quot;pageDots&quot;: false, &quot;rightToLeft&quot;: false, &quot;autoPlay&quot; : false}' >\n\n  <div class=\"col post-item\" >\n\t\t\t<div class=\"col-inner\">\n\t\t\t\t<div class=\"box box-normal box-text-bottom box-blog-post has-hover\">\n            \t\t\t\t\t<div class=\"box-image\" >\n  \t\t\t\t\t\t<div class=\"image-cover\" style=\"padding-top:56.25%;\">\n\t\t\t\t\t\t\t<a href=\"https:\/\/mariblum.de\/fr\/echarpe-de-portage-plutot-que-poussette-les-avantages-surprenants-au-quotidien\/\" class=\"plain\" aria-label=\"\u00c9charpe de portage plut\u00f4t que poussette \u2013 Les avantages surprenants au quotidien\">\n\t\t\t\t\t\t\t\t<img loading=\"lazy\" decoding=\"async\" width=\"225\" height=\"300\" src=\"https:\/\/mariblum.de\/wp-content\/uploads\/2023\/04\/Lavendel-Ring-Sling-aus-Hanf-225x300.jpeg\" class=\"attachment-medium size-medium wp-post-image\" alt=\"\" srcset=\"https:\/\/mariblum.de\/wp-content\/uploads\/2023\/04\/Lavendel-Ring-Sling-aus-Hanf-225x300.jpeg 225w, https:\/\/mariblum.de\/wp-content\/uploads\/2023\/04\/Lavendel-Ring-Sling-aus-Hanf-510x680.jpeg 510w, https:\/\/mariblum.de\/wp-content\/uploads\/2023\/04\/Lavendel-Ring-Sling-aus-Hanf.jpeg 600w\" sizes=\"auto, (max-width: 225px) 100vw, 225px\" \/>\t\t\t\t\t\t\t<\/a>\n  \t\t\t\t\t\t\t  \t\t\t\t\t\t\t  \t\t\t\t\t\t<\/div>\n  \t\t\t\t\t\t  \t\t\t\t\t<\/div>\n          \t\t\t\t\t<div class=\"box-text text-center\" >\n\t\t\t\t\t<div class=\"box-text-inner blog-post-inner\">\n\n\t\t\t\t\t\n\t\t\t\t\t\t\t\t\t\t<h5 class=\"post-title is-large \">\n\t\t\t\t\t\t<a href=\"https:\/\/mariblum.de\/fr\/echarpe-de-portage-plutot-que-poussette-les-avantages-surprenants-au-quotidien\/\" class=\"plain\">\u00c9charpe de portage plut\u00f4t que poussette \u2013 Les avantages surprenants au quotidien<\/a>\n\t\t\t\t\t<\/h5>\n\t\t\t\t\t\t\t\t\t\t<div class=\"is-divider\"><\/div>\n\t\t\t\t\t\t\t\t\t\t<p class=\"from_the_blog_excerpt \">\n\t\t\t\t\t\tLes poussettes sont consid\u00e9r\u00e9es comme un incontournable pour les nouveaux parents \u2013 mais que se [...]\t\t\t\t\t<\/p>\n\t\t\t\t\t                    \n\t\t\t\t\t\n\t\t\t\t\t\n\t\t\t\t\t<\/div>\n\t\t\t\t\t<\/div>\n\t\t\t\t\t\t\t\t\t\t\t\t\t\t\t\t<div class=\"badge absolute top post-date badge-outline\">\n\t\t\t\t\t\t\t<div class=\"badge-inner\">\n\t\t\t\t\t\t\t\t<span class=\"post-date-day\">02<\/span><br>\n\t\t\t\t\t\t\t\t<span class=\"post-date-month is-xsmall\">Avr<\/span>\n\t\t\t\t\t\t\t<\/div>\n\t\t\t\t\t\t<\/div>\n\t\t\t\t\t\t\t\t\t<\/div>\n\t\t\t<\/div>\n\t\t<\/div><div class=\"col post-item\" >\n\t\t\t<div class=\"col-inner\">\n\t\t\t\t<div class=\"box box-normal box-text-bottom box-blog-post has-hover\">\n            \t\t\t\t\t<div class=\"box-image\" >\n  \t\t\t\t\t\t<div class=\"image-cover\" style=\"padding-top:56.25%;\">\n\t\t\t\t\t\t\t<a href=\"https:\/\/mariblum.de\/fr\/porter-son-bebe-sans-douleur-5-erreurs-courantes-et-leurs-solutions\/\" class=\"plain\" aria-label=\"Porter son b\u00e9b\u00e9 sans douleur \u2013 5 erreurs courantes et leurs solutions\">\n\t\t\t\t\t\t\t\t<img loading=\"lazy\" decoding=\"async\" width=\"225\" height=\"300\" src=\"https:\/\/mariblum.de\/wp-content\/uploads\/2025\/04\/Baby-Tragetuch-aus-Hanf-Zauberwald-225x300.jpeg\" class=\"attachment-medium size-medium wp-post-image\" alt=\"\" srcset=\"https:\/\/mariblum.de\/wp-content\/uploads\/2025\/04\/Baby-Tragetuch-aus-Hanf-Zauberwald-225x300.jpeg 225w, https:\/\/mariblum.de\/wp-content\/uploads\/2025\/04\/Baby-Tragetuch-aus-Hanf-Zauberwald-510x680.jpeg 510w, https:\/\/mariblum.de\/wp-content\/uploads\/2025\/04\/Baby-Tragetuch-aus-Hanf-Zauberwald.jpeg 600w\" sizes=\"auto, (max-width: 225px) 100vw, 225px\" \/>\t\t\t\t\t\t\t<\/a>\n  \t\t\t\t\t\t\t  \t\t\t\t\t\t\t  \t\t\t\t\t\t<\/div>\n  \t\t\t\t\t\t  \t\t\t\t\t<\/div>\n          \t\t\t\t\t<div class=\"box-text text-center\" >\n\t\t\t\t\t<div class=\"box-text-inner blog-post-inner\">\n\n\t\t\t\t\t\n\t\t\t\t\t\t\t\t\t\t<h5 class=\"post-title is-large \">\n\t\t\t\t\t\t<a href=\"https:\/\/mariblum.de\/fr\/porter-son-bebe-sans-douleur-5-erreurs-courantes-et-leurs-solutions\/\" class=\"plain\">Porter son b\u00e9b\u00e9 sans douleur \u2013 5 erreurs courantes et leurs solutions<\/a>\n\t\t\t\t\t<\/h5>\n\t\t\t\t\t\t\t\t\t\t<div class=\"is-divider\"><\/div>\n\t\t\t\t\t\t\t\t\t\t<p class=\"from_the_blog_excerpt \">\n\t\t\t\t\t\tPorter ton b\u00e9b\u00e9 ne devrait jamais \u00eatre douloureux \u2014 bien au contraire. Bien r\u00e9alis\u00e9, le [...]\t\t\t\t\t<\/p>\n\t\t\t\t\t                    \n\t\t\t\t\t\n\t\t\t\t\t\n\t\t\t\t\t<\/div>\n\t\t\t\t\t<\/div>\n\t\t\t\t\t\t\t\t\t\t\t\t\t\t\t\t<div class=\"badge absolute top post-date badge-outline\">\n\t\t\t\t\t\t\t<div class=\"badge-inner\">\n\t\t\t\t\t\t\t\t<span class=\"post-date-day\">14<\/span><br>\n\t\t\t\t\t\t\t\t<span class=\"post-date-month is-xsmall\">Nov<\/span>\n\t\t\t\t\t\t\t<\/div>\n\t\t\t\t\t\t<\/div>\n\t\t\t\t\t\t\t\t\t<\/div>\n\t\t\t<\/div>\n\t\t<\/div><div class=\"col post-item\" >\n\t\t\t<div class=\"col-inner\">\n\t\t\t\t<div class=\"box box-normal box-text-bottom box-blog-post has-hover\">\n            \t\t\t\t\t<div class=\"box-image\" >\n  \t\t\t\t\t\t<div class=\"image-cover\" style=\"padding-top:56.25%;\">\n\t\t\t\t\t\t\t<a href=\"https:\/\/mariblum.de\/fr\/porter-son-bebe-en-hiver-7-mythes-verites-honnetes-et-petits-inconvenients\/\" class=\"plain\" aria-label=\"Porter son b\u00e9b\u00e9 en hiver \u2013 7 mythes, v\u00e9rit\u00e9s honn\u00eates et petits inconv\u00e9nients\">\n\t\t\t\t\t\t\t\t<img loading=\"lazy\" decoding=\"async\" width=\"200\" height=\"300\" src=\"https:\/\/mariblum.de\/wp-content\/uploads\/2019\/10\/kornblume-ring-sling-aus-hanf-gefaltet-200x300.png\" class=\"attachment-medium size-medium wp-post-image\" alt=\"kornblume-ring-sling-aus-hanf-trageberatung-richtig-gebunden\" srcset=\"https:\/\/mariblum.de\/wp-content\/uploads\/2019\/10\/kornblume-ring-sling-aus-hanf-gefaltet-200x300.png 200w, https:\/\/mariblum.de\/wp-content\/uploads\/2019\/10\/kornblume-ring-sling-aus-hanf-gefaltet-510x765.png 510w, https:\/\/mariblum.de\/wp-content\/uploads\/2019\/10\/kornblume-ring-sling-aus-hanf-gefaltet.png 533w\" sizes=\"auto, (max-width: 200px) 100vw, 200px\" \/>\t\t\t\t\t\t\t<\/a>\n  \t\t\t\t\t\t\t  \t\t\t\t\t\t\t  \t\t\t\t\t\t<\/div>\n  \t\t\t\t\t\t  \t\t\t\t\t<\/div>\n          \t\t\t\t\t<div class=\"box-text text-center\" >\n\t\t\t\t\t<div class=\"box-text-inner blog-post-inner\">\n\n\t\t\t\t\t\n\t\t\t\t\t\t\t\t\t\t<h5 class=\"post-title is-large \">\n\t\t\t\t\t\t<a href=\"https:\/\/mariblum.de\/fr\/porter-son-bebe-en-hiver-7-mythes-verites-honnetes-et-petits-inconvenients\/\" class=\"plain\">Porter son b\u00e9b\u00e9 en hiver \u2013 7 mythes, v\u00e9rit\u00e9s honn\u00eates et petits inconv\u00e9nients<\/a>\n\t\t\t\t\t<\/h5>\n\t\t\t\t\t\t\t\t\t\t<div class=\"is-divider\"><\/div>\n\t\t\t\t\t\t\t\t\t\t<p class=\"from_the_blog_excerpt \">\n\t\t\t\t\t\tQuand les jours raccourcissent et que le froid s\u2019installe, de nombreuses mamans se demandent : [...]\t\t\t\t\t<\/p>\n\t\t\t\t\t                    \n\t\t\t\t\t\n\t\t\t\t\t\n\t\t\t\t\t<\/div>\n\t\t\t\t\t<\/div>\n\t\t\t\t\t\t\t\t\t\t\t\t\t\t\t\t<div class=\"badge absolute top post-date badge-outline\">\n\t\t\t\t\t\t\t<div class=\"badge-inner\">\n\t\t\t\t\t\t\t\t<span class=\"post-date-day\">07<\/span><br>\n\t\t\t\t\t\t\t\t<span class=\"post-date-month is-xsmall\">Nov<\/span>\n\t\t\t\t\t\t\t<\/div>\n\t\t\t\t\t\t<\/div>\n\t\t\t\t\t\t\t\t\t<\/div>\n\t\t\t<\/div>\n\t\t<\/div><div class=\"col post-item\" >\n\t\t\t<div class=\"col-inner\">\n\t\t\t\t<div class=\"box box-normal box-text-bottom box-blog-post has-hover\">\n            \t\t\t\t\t<div class=\"box-image\" >\n  \t\t\t\t\t\t<div class=\"image-cover\" style=\"padding-top:56.25%;\">\n\t\t\t\t\t\t\t<a href=\"https:\/\/mariblum.de\/fr\/guide-complet-des-matieres-pour-echarpes-de-portage-et-ring-slings-en-automne\/\" class=\"plain\" aria-label=\"Guide complet des mati\u00e8res pour \u00e9charpes de portage et ring slings en automne\">\n\t\t\t\t\t\t\t\t<img loading=\"lazy\" decoding=\"async\" width=\"225\" height=\"300\" src=\"https:\/\/mariblum.de\/wp-content\/uploads\/2023\/04\/Ring-Sling-aus-Hanf-Lavendelfeld-225x300.jpeg\" class=\"attachment-medium size-medium wp-post-image\" alt=\"\" srcset=\"https:\/\/mariblum.de\/wp-content\/uploads\/2023\/04\/Ring-Sling-aus-Hanf-Lavendelfeld-225x300.jpeg 225w, https:\/\/mariblum.de\/wp-content\/uploads\/2023\/04\/Ring-Sling-aus-Hanf-Lavendelfeld-510x680.jpeg 510w, https:\/\/mariblum.de\/wp-content\/uploads\/2023\/04\/Ring-Sling-aus-Hanf-Lavendelfeld.jpeg 600w\" sizes=\"auto, (max-width: 225px) 100vw, 225px\" \/>\t\t\t\t\t\t\t<\/a>\n  \t\t\t\t\t\t\t  \t\t\t\t\t\t\t  \t\t\t\t\t\t<\/div>\n  \t\t\t\t\t\t  \t\t\t\t\t<\/div>\n          \t\t\t\t\t<div class=\"box-text text-center\" >\n\t\t\t\t\t<div class=\"box-text-inner blog-post-inner\">\n\n\t\t\t\t\t\n\t\t\t\t\t\t\t\t\t\t<h5 class=\"post-title is-large \">\n\t\t\t\t\t\t<a href=\"https:\/\/mariblum.de\/fr\/guide-complet-des-matieres-pour-echarpes-de-portage-et-ring-slings-en-automne\/\" class=\"plain\">Guide complet des mati\u00e8res pour \u00e9charpes de portage et ring slings en automne<\/a>\n\t\t\t\t\t<\/h5>\n\t\t\t\t\t\t\t\t\t\t<div class=\"is-divider\"><\/div>\n\t\t\t\t\t\t\t\t\t\t<p class=\"from_the_blog_excerpt \">\n\t\t\t\t\t\tL\u2019automne est \u00e0 nos portes, apportant avec lui des journ\u00e9es plus fra\u00eeches qui nous invitent [...]\t\t\t\t\t<\/p>\n\t\t\t\t\t                    \n\t\t\t\t\t\n\t\t\t\t\t\n\t\t\t\t\t<\/div>\n\t\t\t\t\t<\/div>\n\t\t\t\t\t\t\t\t\t\t\t\t\t\t\t\t<div class=\"badge absolute top post-date badge-outline\">\n\t\t\t\t\t\t\t<div class=\"badge-inner\">\n\t\t\t\t\t\t\t\t<span class=\"post-date-day\">03<\/span><br>\n\t\t\t\t\t\t\t\t<span class=\"post-date-month is-xsmall\">Nov<\/span>\n\t\t\t\t\t\t\t<\/div>\n\t\t\t\t\t\t<\/div>\n\t\t\t\t\t\t\t\t\t<\/div>\n\t\t\t<\/div>\n\t\t<\/div><div class=\"col post-item\" >\n\t\t\t<div class=\"col-inner\">\n\t\t\t\t<div class=\"box box-normal box-text-bottom box-blog-post has-hover\">\n            \t\t\t\t\t<div class=\"box-image\" >\n  \t\t\t\t\t\t<div class=\"image-cover\" style=\"padding-top:56.25%;\">\n\t\t\t\t\t\t\t<a href=\"https:\/\/mariblum.de\/fr\/portage-et-fratrie-conseils-avises-pour-les-jeunes-mamans\/\" class=\"plain\" aria-label=\"Portage et fratrie : conseils avis\u00e9s pour les jeunes mamans\">\n\t\t\t\t\t\t\t\t<img loading=\"lazy\" decoding=\"async\" width=\"225\" height=\"300\" src=\"https:\/\/mariblum.de\/wp-content\/uploads\/2025\/04\/Baby-Tragetuch-aus-Hanf-Zauberwald-225x300.jpeg\" class=\"attachment-medium size-medium wp-post-image\" alt=\"\" srcset=\"https:\/\/mariblum.de\/wp-content\/uploads\/2025\/04\/Baby-Tragetuch-aus-Hanf-Zauberwald-225x300.jpeg 225w, https:\/\/mariblum.de\/wp-content\/uploads\/2025\/04\/Baby-Tragetuch-aus-Hanf-Zauberwald-510x680.jpeg 510w, https:\/\/mariblum.de\/wp-content\/uploads\/2025\/04\/Baby-Tragetuch-aus-Hanf-Zauberwald.jpeg 600w\" sizes=\"auto, (max-width: 225px) 100vw, 225px\" \/>\t\t\t\t\t\t\t<\/a>\n  \t\t\t\t\t\t\t  \t\t\t\t\t\t\t  \t\t\t\t\t\t<\/div>\n  \t\t\t\t\t\t  \t\t\t\t\t<\/div>\n          \t\t\t\t\t<div class=\"box-text text-center\" >\n\t\t\t\t\t<div class=\"box-text-inner blog-post-inner\">\n\n\t\t\t\t\t\n\t\t\t\t\t\t\t\t\t\t<h5 class=\"post-title is-large \">\n\t\t\t\t\t\t<a href=\"https:\/\/mariblum.de\/fr\/portage-et-fratrie-conseils-avises-pour-les-jeunes-mamans\/\" class=\"plain\">Portage et fratrie : conseils avis\u00e9s pour les jeunes mamans<\/a>\n\t\t\t\t\t<\/h5>\n\t\t\t\t\t\t\t\t\t\t<div class=\"is-divider\"><\/div>\n\t\t\t\t\t\t\t\t\t\t<p class=\"from_the_blog_excerpt \">\n\t\t\t\t\t\tLa vie de jeune maman apporte son lot de d\u00e9fis \u2014 et d\u2019innombrables petites joies. [...]\t\t\t\t\t<\/p>\n\t\t\t\t\t                    \n\t\t\t\t\t\n\t\t\t\t\t\n\t\t\t\t\t<\/div>\n\t\t\t\t\t<\/div>\n\t\t\t\t\t\t\t\t\t\t\t\t\t\t\t\t<div class=\"badge absolute top post-date badge-outline\">\n\t\t\t\t\t\t\t<div class=\"badge-inner\">\n\t\t\t\t\t\t\t\t<span class=\"post-date-day\">17<\/span><br>\n\t\t\t\t\t\t\t\t<span class=\"post-date-month is-xsmall\">Oct<\/span>\n\t\t\t\t\t\t\t<\/div>\n\t\t\t\t\t\t<\/div>\n\t\t\t\t\t\t\t\t\t<\/div>\n\t\t\t<\/div>\n\t\t<\/div><div class=\"col post-item\" >\n\t\t\t<div class=\"col-inner\">\n\t\t\t\t<div class=\"box box-normal box-text-bottom box-blog-post has-hover\">\n            \t\t\t\t\t<div class=\"box-image\" >\n  \t\t\t\t\t\t<div class=\"image-cover\" style=\"padding-top:56.25%;\">\n\t\t\t\t\t\t\t<a href=\"https:\/\/mariblum.de\/fr\/balades-dautomne-en-ring-sling-flexible-proche-meilleurs-spots-conseils-checklist\/\" class=\"plain\" aria-label=\"Balades d\u2019automne en ring sling : flexible &#038; proche \u2014 meilleurs spots, conseils &#038; checklist\">\n\t\t\t\t\t\t\t\t<img loading=\"lazy\" decoding=\"async\" width=\"225\" height=\"300\" src=\"https:\/\/mariblum.de\/wp-content\/uploads\/2025\/04\/Baumwolle-Baby-Tragetuch_Elefantenmotiv-weiss-blau-225x300.jpg\" class=\"attachment-medium size-medium wp-post-image\" alt=\"\" srcset=\"https:\/\/mariblum.de\/wp-content\/uploads\/2025\/04\/Baumwolle-Baby-Tragetuch_Elefantenmotiv-weiss-blau-225x300.jpg 225w, https:\/\/mariblum.de\/wp-content\/uploads\/2025\/04\/Baumwolle-Baby-Tragetuch_Elefantenmotiv-weiss-blau-510x680.jpg 510w, https:\/\/mariblum.de\/wp-content\/uploads\/2025\/04\/Baumwolle-Baby-Tragetuch_Elefantenmotiv-weiss-blau.jpg 600w\" sizes=\"auto, (max-width: 225px) 100vw, 225px\" \/>\t\t\t\t\t\t\t<\/a>\n  \t\t\t\t\t\t\t  \t\t\t\t\t\t\t  \t\t\t\t\t\t<\/div>\n  \t\t\t\t\t\t  \t\t\t\t\t<\/div>\n          \t\t\t\t\t<div class=\"box-text text-center\" >\n\t\t\t\t\t<div class=\"box-text-inner blog-post-inner\">\n\n\t\t\t\t\t\n\t\t\t\t\t\t\t\t\t\t<h5 class=\"post-title is-large \">\n\t\t\t\t\t\t<a href=\"https:\/\/mariblum.de\/fr\/balades-dautomne-en-ring-sling-flexible-proche-meilleurs-spots-conseils-checklist\/\" class=\"plain\">Balades d\u2019automne en ring sling : flexible &#038; proche \u2014 meilleurs spots, conseils &#038; checklist<\/a>\n\t\t\t\t\t<\/h5>\n\t\t\t\t\t\t\t\t\t\t<div class=\"is-divider\"><\/div>\n\t\t\t\t\t\t\t\t\t\t<p class=\"from_the_blog_excerpt \">\n\t\t\t\t\t\tL\u2019automne est une saison magique \u2014 les feuilles se parent de couleurs chaudes et l\u2019air [...]\t\t\t\t\t<\/p>\n\t\t\t\t\t                    \n\t\t\t\t\t\n\t\t\t\t\t\n\t\t\t\t\t<\/div>\n\t\t\t\t\t<\/div>\n\t\t\t\t\t\t\t\t\t\t\t\t\t\t\t\t<div class=\"badge absolute top post-date badge-outline\">\n\t\t\t\t\t\t\t<div class=\"badge-inner\">\n\t\t\t\t\t\t\t\t<span class=\"post-date-day\">10<\/span><br>\n\t\t\t\t\t\t\t\t<span class=\"post-date-month is-xsmall\">Oct<\/span>\n\t\t\t\t\t\t\t<\/div>\n\t\t\t\t\t\t<\/div>\n\t\t\t\t\t\t\t\t\t<\/div>\n\t\t\t<\/div>\n\t\t<\/div><div class=\"col post-item\" >\n\t\t\t<div class=\"col-inner\">\n\t\t\t\t<div class=\"box box-normal box-text-bottom box-blog-post has-hover\">\n            \t\t\t\t\t<div class=\"box-image\" >\n  \t\t\t\t\t\t<div class=\"image-cover\" style=\"padding-top:56.25%;\">\n\t\t\t\t\t\t\t<a href=\"https:\/\/mariblum.de\/fr\/superposition-des-couches-lorsque-vous-portez-votre-bebe-comment-vous-habiller-correctement-vous-et-votre-bebe\/\" class=\"plain\" aria-label=\"Superposition des couches lorsque vous portez votre b\u00e9b\u00e9 : comment vous habiller correctement, vous et votre b\u00e9b\u00e9\">\n\t\t\t\t\t\t\t\t<img loading=\"lazy\" decoding=\"async\" width=\"193\" height=\"300\" src=\"https:\/\/mariblum.de\/wp-content\/uploads\/2019\/02\/Olive_Ring-Sling_detail-scaled-e1576770252650-193x300.jpg\" class=\"attachment-medium size-medium wp-post-image\" alt=\"olive-ring-sling-en-chanvre\" srcset=\"https:\/\/mariblum.de\/wp-content\/uploads\/2019\/02\/Olive_Ring-Sling_detail-scaled-e1576770252650-193x300.jpg 193w, https:\/\/mariblum.de\/wp-content\/uploads\/2019\/02\/Olive_Ring-Sling_detail-scaled-e1576770252650-510x794.jpg 510w, https:\/\/mariblum.de\/wp-content\/uploads\/2019\/02\/Olive_Ring-Sling_detail-scaled-e1576770252650.jpg 514w\" sizes=\"auto, (max-width: 193px) 100vw, 193px\" \/>\t\t\t\t\t\t\t<\/a>\n  \t\t\t\t\t\t\t  \t\t\t\t\t\t\t  \t\t\t\t\t\t<\/div>\n  \t\t\t\t\t\t  \t\t\t\t\t<\/div>\n          \t\t\t\t\t<div class=\"box-text text-center\" >\n\t\t\t\t\t<div class=\"box-text-inner blog-post-inner\">\n\n\t\t\t\t\t\n\t\t\t\t\t\t\t\t\t\t<h5 class=\"post-title is-large \">\n\t\t\t\t\t\t<a href=\"https:\/\/mariblum.de\/fr\/superposition-des-couches-lorsque-vous-portez-votre-bebe-comment-vous-habiller-correctement-vous-et-votre-bebe\/\" class=\"plain\">Superposition des couches lorsque vous portez votre b\u00e9b\u00e9 : comment vous habiller correctement, vous et votre b\u00e9b\u00e9<\/a>\n\t\t\t\t\t<\/h5>\n\t\t\t\t\t\t\t\t\t\t<div class=\"is-divider\"><\/div>\n\t\t\t\t\t\t\t\t\t\t<p class=\"from_the_blog_excerpt \">\n\t\t\t\t\t\tLa vie de jeune maman est pleine de nouveaux d\u00e9fis \u2014 et de merveilleux moments [...]\t\t\t\t\t<\/p>\n\t\t\t\t\t                    \n\t\t\t\t\t\n\t\t\t\t\t\n\t\t\t\t\t<\/div>\n\t\t\t\t\t<\/div>\n\t\t\t\t\t\t\t\t\t\t\t\t\t\t\t\t<div class=\"badge absolute top post-date badge-outline\">\n\t\t\t\t\t\t\t<div class=\"badge-inner\">\n\t\t\t\t\t\t\t\t<span class=\"post-date-day\">26<\/span><br>\n\t\t\t\t\t\t\t\t<span class=\"post-date-month is-xsmall\">Sep<\/span>\n\t\t\t\t\t\t\t<\/div>\n\t\t\t\t\t\t<\/div>\n\t\t\t\t\t\t\t\t\t<\/div>\n\t\t\t<\/div>\n\t\t<\/div><div class=\"col post-item\" >\n\t\t\t<div class=\"col-inner\">\n\t\t\t\t<div class=\"box box-normal box-text-bottom box-blog-post has-hover\">\n            \t\t\t\t\t<div class=\"box-image\" >\n  \t\t\t\t\t\t<div class=\"image-cover\" style=\"padding-top:56.25%;\">\n\t\t\t\t\t\t\t<a href=\"https:\/\/mariblum.de\/fr\/maitriser-le-vent-la-pluie-avec-bebe-echarpes-et-ring-slings-strategies-douces-pour-jeunes-mamans\/\" class=\"plain\" aria-label=\"Ma\u00eetriser le vent &#038; la pluie avec b\u00e9b\u00e9 : \u00e9charpes et ring slings \u2014 strat\u00e9gies douces pour jeunes mamans\">\n\t\t\t\t\t\t\t\t<img loading=\"lazy\" decoding=\"async\" width=\"225\" height=\"300\" src=\"https:\/\/mariblum.de\/wp-content\/uploads\/2024\/03\/Babybonding-im-Tragetuch-225x300.png\" class=\"attachment-medium size-medium wp-post-image\" alt=\"Babybonding im Tragetuch\" srcset=\"https:\/\/mariblum.de\/wp-content\/uploads\/2024\/03\/Babybonding-im-Tragetuch-225x300.png 225w, https:\/\/mariblum.de\/wp-content\/uploads\/2024\/03\/Babybonding-im-Tragetuch-510x680.png 510w, https:\/\/mariblum.de\/wp-content\/uploads\/2024\/03\/Babybonding-im-Tragetuch.png 600w\" sizes=\"auto, (max-width: 225px) 100vw, 225px\" \/>\t\t\t\t\t\t\t<\/a>\n  \t\t\t\t\t\t\t  \t\t\t\t\t\t\t  \t\t\t\t\t\t<\/div>\n  \t\t\t\t\t\t  \t\t\t\t\t<\/div>\n          \t\t\t\t\t<div class=\"box-text text-center\" >\n\t\t\t\t\t<div class=\"box-text-inner blog-post-inner\">\n\n\t\t\t\t\t\n\t\t\t\t\t\t\t\t\t\t<h5 class=\"post-title is-large \">\n\t\t\t\t\t\t<a href=\"https:\/\/mariblum.de\/fr\/maitriser-le-vent-la-pluie-avec-bebe-echarpes-et-ring-slings-strategies-douces-pour-jeunes-mamans\/\" class=\"plain\">Ma\u00eetriser le vent &#038; la pluie avec b\u00e9b\u00e9 : \u00e9charpes et ring slings \u2014 strat\u00e9gies douces pour jeunes mamans<\/a>\n\t\t\t\t\t<\/h5>\n\t\t\t\t\t\t\t\t\t\t<div class=\"is-divider\"><\/div>\n\t\t\t\t\t\t\t\t\t\t<p class=\"from_the_blog_excerpt \">\n\t\t\t\t\t\tEn tant que jeune maman, tu veux prot\u00e9ger ton b\u00e9b\u00e9 \u2014 qu\u2019il vente ou qu\u2019il [...]\t\t\t\t\t<\/p>\n\t\t\t\t\t                    \n\t\t\t\t\t\n\t\t\t\t\t\n\t\t\t\t\t<\/div>\n\t\t\t\t\t<\/div>\n\t\t\t\t\t\t\t\t\t\t\t\t\t\t\t\t<div class=\"badge absolute top post-date badge-outline\">\n\t\t\t\t\t\t\t<div class=\"badge-inner\">\n\t\t\t\t\t\t\t\t<span class=\"post-date-day\">19<\/span><br>\n\t\t\t\t\t\t\t\t<span class=\"post-date-month is-xsmall\">Sep<\/span>\n\t\t\t\t\t\t\t<\/div>\n\t\t\t\t\t\t<\/div>\n\t\t\t\t\t\t\t\t\t<\/div>\n\t\t\t<\/div>\n\t\t<\/div><\/div>\n<p align=\"justify\">Apr\u00e8s une balade hivernale, il est conseill\u00e9 de sortir votre b\u00e9b\u00e9 de l\u2019\u00e9charpe et de changer les couches mouill\u00e9es ou humides. Surtout en hiver, il est essentiel de porter des v\u00eatements secs pour \u00e9viter de se refroidir.<\/p>\n<h2 id=\"Entretien-de-votre-\u00e9charpe-de-portage-en-hiver\">Entretien de votre \u00e9charpe de portage en hiver<\/h2>\n<p><img loading=\"lazy\" decoding=\"async\" class=\"alignnone size-full\" src=\"https:\/\/mariblum.de\/wp-content\/uploads\/2024\/03\/Alina_Kossek-buntes-tragetuch.jpg\" alt=\"Entretien de l'\u00e9charpe en hiver\" width=\"6000\" height=\"8000\" \/><\/p>\n<p align=\"justify\">En hiver, l&rsquo;humidit\u00e9 et le froid sont des facteurs \u00e0 surveiller, non seulement pour vous, mais aussi pour votre \u00e9charpe de portage. Veillez \u00e0 ce que l\u2019\u00e9charpe ne soit pas mouill\u00e9e, car elle perdrait alors ses propri\u00e9t\u00e9s isolantes. Si vous sortez souvent, investir dans une couverture de portage imperm\u00e9able pourrait \u00eatre une bonne id\u00e9e. Si votre \u00e9charpe devient humide, s\u00e9chez-la bien et lavez-la r\u00e9guli\u00e8rement pour enlever la salet\u00e9 et l&rsquo;humidit\u00e9 qui pourraient ab\u00eemer le tissu.<\/p>\n<h2 id=\"Conclusion\">Conclusion : L\u2019hiver ne pose aucun probl\u00e8me !<\/h2>\n<p align=\"justify\">Avec la bonne \u00e9charpe de portage, des v\u00eatements d&rsquo;hiver appropri\u00e9s et un peu d&rsquo;entra\u00eenement \u00e0 l&rsquo;allaitement, vous serez bien pr\u00e9par\u00e9e pour la saison froide. Le portage en hiver vous offre souplesse et proximit\u00e9 &#8211; et surtout, vous n&rsquo;avez pas \u00e0 renoncer \u00e0 l&rsquo;allaitement en cours de route. Qu&rsquo;il s&rsquo;agisse d&rsquo;une promenade hivernale ou d&rsquo;une visite rapide au magasin, votre b\u00e9b\u00e9 reste au chaud et en s\u00e9curit\u00e9, et vous pouvez profiter de chaque instant ensemble.<\/p>\n","protected":false},"excerpt":{"rendered":"<p>La bonne nouvelle est que, avec les bons conseils, vous et votre b\u00e9b\u00e9 pouvez profiter de l&rsquo;hiver, bien emmitoufl\u00e9s et pr\u00eats \u00e0 affronter tout ce que la journ\u00e9e vous r\u00e9serve. Le portage en hiver non seulement garde votre b\u00e9b\u00e9 pr\u00e8s de vous, mais il facilite \u00e9galement votre quotidien et s&rsquo;int\u00e8gre parfaitement \u00e0 l&rsquo;allaitement \u2013 que [&#8230;]\n","protected":false},"author":1,"featured_media":8924,"comment_status":"closed","ping_status":"closed","sticky":false,"template":"","format":"standard","meta":{"footnotes":""},"categories":[2138,2139,2143,2137,998],"tags":[1899,1919,1920],"class_list":["post-17041","post","type-post","status-publish","format-standard","has-post-thumbnail","hentry","category-chanvre","category-coton","category-hiver","category-lin","category-mariblum-actualites-porte-bebe","tag-hiver","tag-stillen-fr","tag-tragetuch-fr"],"yoast_head":"<!-- This site is optimized with the Yoast SEO Premium plugin v23.3 (Yoast SEO v27.2) - https:\/\/yoast.com\/product\/yoast-seo-premium-wordpress\/ -->\n<title>Porter et allaiter votre b\u00e9b\u00e9 pendant les jours froids - mariblum - \u00c9charpe de portage<\/title>\n<meta name=\"description\" content=\"Quand l&#039;hiver arrive et que les temp\u00e9ratures chutent, beaucoup de nouveaux parents se demandent : Comment puis-je porter mon b\u00e9b\u00e9 dans une \u00e9charpe malgr\u00e9 le froid ?\" \/>\n<meta name=\"robots\" content=\"index, follow, max-snippet:-1, max-image-preview:large, max-video-preview:-1\" \/>\n<link rel=\"canonical\" href=\"https:\/\/mariblum.de\/fr\/porter-et-allaiter-votre-bebe-pendant-les-jours-froids\/\" \/>\n<meta property=\"og:locale\" content=\"fr_FR\" \/>\n<meta property=\"og:type\" content=\"article\" \/>\n<meta property=\"og:title\" content=\"Porter et allaiter votre b\u00e9b\u00e9 pendant les jours froids\" \/>\n<meta property=\"og:description\" content=\"Quand l&#039;hiver arrive et que les temp\u00e9ratures chutent, beaucoup de nouveaux parents se demandent : Comment puis-je porter mon b\u00e9b\u00e9 dans une \u00e9charpe malgr\u00e9 le froid ?\" \/>\n<meta property=\"og:url\" content=\"https:\/\/mariblum.de\/fr\/porter-et-allaiter-votre-bebe-pendant-les-jours-froids\/\" \/>\n<meta property=\"og:site_name\" content=\"mariblum - \u00c9charpe de portage\" \/>\n<meta property=\"article:published_time\" content=\"2024-10-11T04:19:25+00:00\" \/>\n<meta property=\"og:image\" content=\"https:\/\/mariblum.de\/wp-content\/uploads\/2019\/02\/loewenzahn-ring-sling-aus-hanf-dekoriert.png\" \/>\n\t<meta property=\"og:image:width\" content=\"533\" \/>\n\t<meta property=\"og:image:height\" content=\"800\" \/>\n\t<meta property=\"og:image:type\" content=\"image\/png\" \/>\n<meta name=\"author\" content=\"mariblum\" \/>\n<meta name=\"twitter:card\" content=\"summary_large_image\" \/>\n<meta name=\"twitter:label1\" content=\"\u00c9crit par\" \/>\n\t<meta name=\"twitter:data1\" content=\"mariblum\" \/>\n\t<meta name=\"twitter:label2\" content=\"Dur\u00e9e de lecture estim\u00e9e\" \/>\n\t<meta name=\"twitter:data2\" content=\"7 minutes\" \/>\n<script type=\"application\/ld+json\" class=\"yoast-schema-graph\">{\"@context\":\"https:\/\/schema.org\",\"@graph\":[{\"@type\":\"Article\",\"@id\":\"https:\/\/mariblum.de\/fr\/porter-et-allaiter-votre-bebe-pendant-les-jours-froids\/#article\",\"isPartOf\":{\"@id\":\"https:\/\/mariblum.de\/fr\/porter-et-allaiter-votre-bebe-pendant-les-jours-froids\/\"},\"author\":{\"name\":\"mariblum\",\"@id\":\"https:\/\/mariblum.de\/fr\/#\/schema\/person\/0f48a4840cefc156d4d2deb5e4b294d0\"},\"headline\":\"Porter et allaiter votre b\u00e9b\u00e9 pendant les jours froids\",\"datePublished\":\"2024-10-11T04:19:25+00:00\",\"mainEntityOfPage\":{\"@id\":\"https:\/\/mariblum.de\/fr\/porter-et-allaiter-votre-bebe-pendant-les-jours-froids\/\"},\"wordCount\":1193,\"publisher\":{\"@id\":\"https:\/\/mariblum.de\/fr\/#organization\"},\"image\":{\"@id\":\"https:\/\/mariblum.de\/fr\/porter-et-allaiter-votre-bebe-pendant-les-jours-froids\/#primaryimage\"},\"thumbnailUrl\":\"https:\/\/mariblum.de\/wp-content\/uploads\/2019\/02\/loewenzahn-ring-sling-aus-hanf-dekoriert.png\",\"keywords\":[\"hiver\",\"stillen\",\"tragetuch\"],\"articleSection\":[\"Chanvre\",\"Coton\",\"Hiver\",\"Lin\",\"mariblum - Actualit\u00e9s porte b\u00e9b\u00e9\"],\"inLanguage\":\"fr-FR\"},{\"@type\":\"WebPage\",\"@id\":\"https:\/\/mariblum.de\/fr\/porter-et-allaiter-votre-bebe-pendant-les-jours-froids\/\",\"url\":\"https:\/\/mariblum.de\/fr\/porter-et-allaiter-votre-bebe-pendant-les-jours-froids\/\",\"name\":\"Porter et allaiter votre b\u00e9b\u00e9 pendant les jours froids - mariblum - \u00c9charpe de portage\",\"isPartOf\":{\"@id\":\"https:\/\/mariblum.de\/fr\/#website\"},\"primaryImageOfPage\":{\"@id\":\"https:\/\/mariblum.de\/fr\/porter-et-allaiter-votre-bebe-pendant-les-jours-froids\/#primaryimage\"},\"image\":{\"@id\":\"https:\/\/mariblum.de\/fr\/porter-et-allaiter-votre-bebe-pendant-les-jours-froids\/#primaryimage\"},\"thumbnailUrl\":\"https:\/\/mariblum.de\/wp-content\/uploads\/2019\/02\/loewenzahn-ring-sling-aus-hanf-dekoriert.png\",\"datePublished\":\"2024-10-11T04:19:25+00:00\",\"description\":\"Quand l'hiver arrive et que les temp\u00e9ratures chutent, beaucoup de nouveaux parents se demandent : Comment puis-je porter mon b\u00e9b\u00e9 dans une \u00e9charpe malgr\u00e9 le froid ?\",\"breadcrumb\":{\"@id\":\"https:\/\/mariblum.de\/fr\/porter-et-allaiter-votre-bebe-pendant-les-jours-froids\/#breadcrumb\"},\"inLanguage\":\"fr-FR\",\"potentialAction\":[{\"@type\":\"ReadAction\",\"target\":[\"https:\/\/mariblum.de\/fr\/porter-et-allaiter-votre-bebe-pendant-les-jours-froids\/\"]}]},{\"@type\":\"ImageObject\",\"inLanguage\":\"fr-FR\",\"@id\":\"https:\/\/mariblum.de\/fr\/porter-et-allaiter-votre-bebe-pendant-les-jours-froids\/#primaryimage\",\"url\":\"https:\/\/mariblum.de\/wp-content\/uploads\/2019\/02\/loewenzahn-ring-sling-aus-hanf-dekoriert.png\",\"contentUrl\":\"https:\/\/mariblum.de\/wp-content\/uploads\/2019\/02\/loewenzahn-ring-sling-aus-hanf-dekoriert.png\",\"width\":533,\"height\":800,\"caption\":\"pissenlit-ring-sling-en-chanvre\"},{\"@type\":\"BreadcrumbList\",\"@id\":\"https:\/\/mariblum.de\/fr\/porter-et-allaiter-votre-bebe-pendant-les-jours-froids\/#breadcrumb\",\"itemListElement\":[{\"@type\":\"ListItem\",\"position\":1,\"name\":\"Startseite\",\"item\":\"https:\/\/mariblum.de\/fr\/\"},{\"@type\":\"ListItem\",\"position\":2,\"name\":\"Porter et allaiter votre b\u00e9b\u00e9 pendant les jours froids\"}]},{\"@type\":\"WebSite\",\"@id\":\"https:\/\/mariblum.de\/fr\/#website\",\"url\":\"https:\/\/mariblum.de\/fr\/\",\"name\":\"mariblum Traget\u00fccher\",\"description\":\"la fa\u00e7on naturelle de porter votre b\u00e9b\u00e9\",\"publisher\":{\"@id\":\"https:\/\/mariblum.de\/fr\/#organization\"},\"potentialAction\":[{\"@type\":\"SearchAction\",\"target\":{\"@type\":\"EntryPoint\",\"urlTemplate\":\"https:\/\/mariblum.de\/fr\/?s={search_term_string}\"},\"query-input\":{\"@type\":\"PropertyValueSpecification\",\"valueRequired\":true,\"valueName\":\"search_term_string\"}}],\"inLanguage\":\"fr-FR\"},{\"@type\":\"Organization\",\"@id\":\"https:\/\/mariblum.de\/fr\/#organization\",\"name\":\"mariblum\",\"url\":\"https:\/\/mariblum.de\/fr\/\",\"logo\":{\"@type\":\"ImageObject\",\"inLanguage\":\"fr-FR\",\"@id\":\"https:\/\/mariblum.de\/fr\/#\/schema\/logo\/image\/\",\"url\":\"https:\/\/mariblum.de\/wp-content\/uploads\/2020\/07\/logo_m-500x_transparent.png\",\"contentUrl\":\"https:\/\/mariblum.de\/wp-content\/uploads\/2020\/07\/logo_m-500x_transparent.png\",\"width\":500,\"height\":500,\"caption\":\"mariblum\"},\"image\":{\"@id\":\"https:\/\/mariblum.de\/fr\/#\/schema\/logo\/image\/\"},\"sameAs\":[\"https:\/\/www.instagram.com\/_mariblum_\/\"]},{\"@type\":\"Person\",\"@id\":\"https:\/\/mariblum.de\/fr\/#\/schema\/person\/0f48a4840cefc156d4d2deb5e4b294d0\",\"name\":\"mariblum\",\"url\":\"https:\/\/mariblum.de\/fr\/author\/mariblum\/\"}]}<\/script>\n<!-- \/ Yoast SEO Premium plugin. -->","yoast_head_json":{"title":"Porter et allaiter votre b\u00e9b\u00e9 pendant les jours froids - mariblum - \u00c9charpe de portage","description":"Quand l'hiver arrive et que les temp\u00e9ratures chutent, beaucoup de nouveaux parents se demandent : Comment puis-je porter mon b\u00e9b\u00e9 dans une \u00e9charpe malgr\u00e9 le froid ?","robots":{"index":"index","follow":"follow","max-snippet":"max-snippet:-1","max-image-preview":"max-image-preview:large","max-video-preview":"max-video-preview:-1"},"canonical":"https:\/\/mariblum.de\/fr\/porter-et-allaiter-votre-bebe-pendant-les-jours-froids\/","og_locale":"fr_FR","og_type":"article","og_title":"Porter et allaiter votre b\u00e9b\u00e9 pendant les jours froids","og_description":"Quand l'hiver arrive et que les temp\u00e9ratures chutent, beaucoup de nouveaux parents se demandent : Comment puis-je porter mon b\u00e9b\u00e9 dans une \u00e9charpe malgr\u00e9 le froid ?","og_url":"https:\/\/mariblum.de\/fr\/porter-et-allaiter-votre-bebe-pendant-les-jours-froids\/","og_site_name":"mariblum - \u00c9charpe de portage","article_published_time":"2024-10-11T04:19:25+00:00","og_image":[{"width":533,"height":800,"url":"https:\/\/mariblum.de\/wp-content\/uploads\/2019\/02\/loewenzahn-ring-sling-aus-hanf-dekoriert.png","type":"image\/png"}],"author":"mariblum","twitter_card":"summary_large_image","twitter_misc":{"\u00c9crit par":"mariblum","Dur\u00e9e de lecture estim\u00e9e":"7 minutes"},"schema":{"@context":"https:\/\/schema.org","@graph":[{"@type":"Article","@id":"https:\/\/mariblum.de\/fr\/porter-et-allaiter-votre-bebe-pendant-les-jours-froids\/#article","isPartOf":{"@id":"https:\/\/mariblum.de\/fr\/porter-et-allaiter-votre-bebe-pendant-les-jours-froids\/"},"author":{"name":"mariblum","@id":"https:\/\/mariblum.de\/fr\/#\/schema\/person\/0f48a4840cefc156d4d2deb5e4b294d0"},"headline":"Porter et allaiter votre b\u00e9b\u00e9 pendant les jours froids","datePublished":"2024-10-11T04:19:25+00:00","mainEntityOfPage":{"@id":"https:\/\/mariblum.de\/fr\/porter-et-allaiter-votre-bebe-pendant-les-jours-froids\/"},"wordCount":1193,"publisher":{"@id":"https:\/\/mariblum.de\/fr\/#organization"},"image":{"@id":"https:\/\/mariblum.de\/fr\/porter-et-allaiter-votre-bebe-pendant-les-jours-froids\/#primaryimage"},"thumbnailUrl":"https:\/\/mariblum.de\/wp-content\/uploads\/2019\/02\/loewenzahn-ring-sling-aus-hanf-dekoriert.png","keywords":["hiver","stillen","tragetuch"],"articleSection":["Chanvre","Coton","Hiver","Lin","mariblum - Actualit\u00e9s porte b\u00e9b\u00e9"],"inLanguage":"fr-FR"},{"@type":"WebPage","@id":"https:\/\/mariblum.de\/fr\/porter-et-allaiter-votre-bebe-pendant-les-jours-froids\/","url":"https:\/\/mariblum.de\/fr\/porter-et-allaiter-votre-bebe-pendant-les-jours-froids\/","name":"Porter et allaiter votre b\u00e9b\u00e9 pendant les jours froids - mariblum - \u00c9charpe de portage","isPartOf":{"@id":"https:\/\/mariblum.de\/fr\/#website"},"primaryImageOfPage":{"@id":"https:\/\/mariblum.de\/fr\/porter-et-allaiter-votre-bebe-pendant-les-jours-froids\/#primaryimage"},"image":{"@id":"https:\/\/mariblum.de\/fr\/porter-et-allaiter-votre-bebe-pendant-les-jours-froids\/#primaryimage"},"thumbnailUrl":"https:\/\/mariblum.de\/wp-content\/uploads\/2019\/02\/loewenzahn-ring-sling-aus-hanf-dekoriert.png","datePublished":"2024-10-11T04:19:25+00:00","description":"Quand l'hiver arrive et que les temp\u00e9ratures chutent, beaucoup de nouveaux parents se demandent : Comment puis-je porter mon b\u00e9b\u00e9 dans une \u00e9charpe malgr\u00e9 le froid ?","breadcrumb":{"@id":"https:\/\/mariblum.de\/fr\/porter-et-allaiter-votre-bebe-pendant-les-jours-froids\/#breadcrumb"},"inLanguage":"fr-FR","potentialAction":[{"@type":"ReadAction","target":["https:\/\/mariblum.de\/fr\/porter-et-allaiter-votre-bebe-pendant-les-jours-froids\/"]}]},{"@type":"ImageObject","inLanguage":"fr-FR","@id":"https:\/\/mariblum.de\/fr\/porter-et-allaiter-votre-bebe-pendant-les-jours-froids\/#primaryimage","url":"https:\/\/mariblum.de\/wp-content\/uploads\/2019\/02\/loewenzahn-ring-sling-aus-hanf-dekoriert.png","contentUrl":"https:\/\/mariblum.de\/wp-content\/uploads\/2019\/02\/loewenzahn-ring-sling-aus-hanf-dekoriert.png","width":533,"height":800,"caption":"pissenlit-ring-sling-en-chanvre"},{"@type":"BreadcrumbList","@id":"https:\/\/mariblum.de\/fr\/porter-et-allaiter-votre-bebe-pendant-les-jours-froids\/#breadcrumb","itemListElement":[{"@type":"ListItem","position":1,"name":"Startseite","item":"https:\/\/mariblum.de\/fr\/"},{"@type":"ListItem","position":2,"name":"Porter et allaiter votre b\u00e9b\u00e9 pendant les jours froids"}]},{"@type":"WebSite","@id":"https:\/\/mariblum.de\/fr\/#website","url":"https:\/\/mariblum.de\/fr\/","name":"mariblum Traget\u00fccher","description":"la fa\u00e7on naturelle de porter votre b\u00e9b\u00e9","publisher":{"@id":"https:\/\/mariblum.de\/fr\/#organization"},"potentialAction":[{"@type":"SearchAction","target":{"@type":"EntryPoint","urlTemplate":"https:\/\/mariblum.de\/fr\/?s={search_term_string}"},"query-input":{"@type":"PropertyValueSpecification","valueRequired":true,"valueName":"search_term_string"}}],"inLanguage":"fr-FR"},{"@type":"Organization","@id":"https:\/\/mariblum.de\/fr\/#organization","name":"mariblum","url":"https:\/\/mariblum.de\/fr\/","logo":{"@type":"ImageObject","inLanguage":"fr-FR","@id":"https:\/\/mariblum.de\/fr\/#\/schema\/logo\/image\/","url":"https:\/\/mariblum.de\/wp-content\/uploads\/2020\/07\/logo_m-500x_transparent.png","contentUrl":"https:\/\/mariblum.de\/wp-content\/uploads\/2020\/07\/logo_m-500x_transparent.png","width":500,"height":500,"caption":"mariblum"},"image":{"@id":"https:\/\/mariblum.de\/fr\/#\/schema\/logo\/image\/"},"sameAs":["https:\/\/www.instagram.com\/_mariblum_\/"]},{"@type":"Person","@id":"https:\/\/mariblum.de\/fr\/#\/schema\/person\/0f48a4840cefc156d4d2deb5e4b294d0","name":"mariblum","url":"https:\/\/mariblum.de\/fr\/author\/mariblum\/"}]}},"_links":{"self":[{"href":"https:\/\/mariblum.de\/fr\/wp-json\/wp\/v2\/posts\/17041","targetHints":{"allow":["GET"]}}],"collection":[{"href":"https:\/\/mariblum.de\/fr\/wp-json\/wp\/v2\/posts"}],"about":[{"href":"https:\/\/mariblum.de\/fr\/wp-json\/wp\/v2\/types\/post"}],"author":[{"embeddable":true,"href":"https:\/\/mariblum.de\/fr\/wp-json\/wp\/v2\/users\/1"}],"replies":[{"embeddable":true,"href":"https:\/\/mariblum.de\/fr\/wp-json\/wp\/v2\/comments?post=17041"}],"version-history":[{"count":0,"href":"https:\/\/mariblum.de\/fr\/wp-json\/wp\/v2\/posts\/17041\/revisions"}],"wp:featuredmedia":[{"embeddable":true,"href":"https:\/\/mariblum.de\/fr\/wp-json\/wp\/v2\/media\/8924"}],"wp:attachment":[{"href":"https:\/\/mariblum.de\/fr\/wp-json\/wp\/v2\/media?parent=17041"}],"wp:term":[{"taxonomy":"category","embeddable":true,"href":"https:\/\/mariblum.de\/fr\/wp-json\/wp\/v2\/categories?post=17041"},{"taxonomy":"post_tag","embeddable":true,"href":"https:\/\/mariblum.de\/fr\/wp-json\/wp\/v2\/tags?post=17041"}],"curies":[{"name":"wp","href":"https:\/\/api.w.org\/{rel}","templated":true}]}}