{"id":16507,"date":"2024-07-05T06:33:47","date_gmt":"2024-07-05T06:33:47","guid":{"rendered":"https:\/\/mariblum.de\/?p=16507"},"modified":"2024-07-09T11:05:36","modified_gmt":"2024-07-09T11:05:36","slug":"pourquoi-les-echarpes-de-portage-en-lin-sont-le-meilleur-choix-pour-lete","status":"publish","type":"post","link":"https:\/\/mariblum.de\/fr\/pourquoi-les-echarpes-de-portage-en-lin-sont-le-meilleur-choix-pour-lete\/","title":{"rendered":"Pourquoi les \u00e9charpes de portage en lin sont le meilleur choix pour l&rsquo;\u00e9t\u00e9"},"content":{"rendered":"<p class=\"lead\" align=\"justify\">L&rsquo;\u00e9t\u00e9 est arriv\u00e9, et de nombreux parents se demandent comment porter au mieux leurs b\u00e9b\u00e9s par ces temp\u00e9ratures \u00e9lev\u00e9es. Une option particuli\u00e8rement int\u00e9ressante est l&rsquo;\u00e9charpe de portage en lin. Ces porte-b\u00e9b\u00e9s offrent de nombreux avantages qui les rendent id\u00e9aux pour les mois chauds. Dans cet article, vous d\u00e9couvrirez pourquoi les \u00e9charpes de portage en lin sont si recommand\u00e9es et comment elles peuvent faciliter l&rsquo;\u00e9t\u00e9 pour vous et votre b\u00e9b\u00e9.<\/p>\n<p><strong>Table des Mati\u00e8res<\/strong><\/p>\n<ol>\n<li style=\"list-style-type: none;\">\n<ol>\n<li><a href=\"#le-lin-est-il-respirant-et-frais\">Le lin est-il respirant et frais ?<\/a><\/li>\n<li><a href=\"#les-echarpes-de-portage-en-lin-sont-elles-confortables-et-sures\">Les \u00e9charpes de portage en lin sont-elles confortables et s\u00fbres ?<\/a><\/li>\n<li><a href=\"#le-lin-est-il-durable-et-ecologique\">Le lin est-il durable et \u00e9cologique ?<\/a><\/li>\n<li><a href=\"#le-lin-est-il-styl\u00e9-et-polyvalent\">Le lin est-il styl\u00e9 et polyvalent ?<\/a><\/li>\n<li><a href=\"#les-echarpes-de-portage-en-lin-sont-elles-pratiques-au-quotidien\">Les \u00e9charpes de portage en lin sont-elles pratiques au quotidien ?<\/a><\/li>\n<li><a href=\"#les-echarpes-de-portage-en-lin-favorisent-elles-le-lien-et-le-bien-etre\">Les \u00e9charpes de portage en lin favorisent-elles le lien et le bien-\u00eatre ?<\/a><\/li>\n<li><a href=\"#en-resume\">En r\u00e9sum\u00e9<\/a><\/li>\n<\/ol>\n<\/li>\n<\/ol>\n<h2 id=\"le-lin-est-il-respirant-et-frais\">Le lin est-il respirant et frais ?<\/h2>\n\n  <div class=\"banner has-hover\" id=\"banner-1090923394\">\n          <div class=\"banner-inner fill\">\n        <div class=\"banner-bg fill\" >\n            <img loading=\"lazy\" decoding=\"async\" width=\"533\" height=\"800\" src=\"https:\/\/mariblum.de\/wp-content\/uploads\/2023\/04\/Lavendellfeld-aus-Leinen-Baby-tragen.jpg\" class=\"bg attachment-large size-large\" alt=\"Lavendelfeld-aus-Leinen-Baby-tragen\" \/>                                    \n                    <\/div>\n\t\t\n        <div class=\"banner-layers container\">\n            <div class=\"fill banner-link\"><\/div>               <div id=\"text-box-207928772\" class=\"text-box banner-layer x50 md-x50 lg-x50 y50 md-y50 lg-y50 res-text\">\n                     <div data-animate=\"fadeIn\">           <div class=\"text-box-content text dark\">\n              \n              <div class=\"text-inner text-center\">\n                                <\/div>\n           <\/div>\n       <\/div>                     \n<style>\n#text-box-207928772 {\n  width: 60%;\n}\n#text-box-207928772 .text-box-content {\n  font-size: 100%;\n}\n@media (min-width:550px) {\n  #text-box-207928772 {\n    width: 60%;\n  }\n}\n<\/style>\n    <\/div>\n         <\/div>\n      <\/div>\n\n            \n<style>\n#banner-1090923394 {\n  padding-top: 300px;\n}\n#banner-1090923394 .banner-bg img {\n  object-position: 20% 50%;\n}\n<\/style>\n  <\/div>\n\n\n<p align=\"justify\">Le lin est un mat\u00e9riau naturel connu pour son excellente respirabilit\u00e9. Il permet \u00e0 l&rsquo;air de circuler et \u00e9vacue bien l&rsquo;humidit\u00e9. Cela signifie que vous et votre b\u00e9b\u00e9 transpirez moins et vous sentez plus \u00e0 l&rsquo;aise. Surtout par temps chaud, c&rsquo;est un grand avantage. Des \u00e9tudes ont montr\u00e9 que les tissus naturels comme le lin peuvent aider \u00e0 pr\u00e9venir la surchauffe.<\/p>\n<div class=\"woocommerce columns-4 \"><div class=\"products row row-small large-columns-4 medium-columns-3 small-columns-2\">\n<div class=\"product-small col has-hover product type-product post-7582 status-publish first instock product_cat-fr-slings-en-lin product_cat-tissus-en-lin product_tag-biologica-fr-2 product_tag-lin product_tag-rose-fr product_tag-sling-fr has-post-thumbnail featured purchasable product-type-variable has-product-safety-information\">\n\t<div class=\"col-inner\">\n\t\n<div class=\"badge-container absolute left top z-1\">\n\n<\/div>\n\t<div class=\"product-small box \">\n\t\t<div class=\"box-image\">\n\t\t\t<div class=\"image-fade_in_back\">\n\t\t\t\t<a href=\"https:\/\/mariblum.de\/fr\/produkt\/rose-de-laube-sling-en-lin\/\">\n\t\t\t\t\t<img loading=\"lazy\" decoding=\"async\" width=\"247\" height=\"247\" src=\"https:\/\/mariblum.de\/wp-content\/uploads\/2019\/10\/leinen-tragetuch-rosa-nah-scaled-e1576526928588-247x247.jpg\" class=\"attachment-woocommerce_thumbnail size-woocommerce_thumbnail\" alt=\"rose-de-laube-sling-en-lin\" srcset=\"https:\/\/mariblum.de\/wp-content\/uploads\/2019\/10\/leinen-tragetuch-rosa-nah-scaled-e1576526928588-247x247.jpg 247w, https:\/\/mariblum.de\/wp-content\/uploads\/2019\/10\/leinen-tragetuch-rosa-nah-scaled-e1576526928588-100x100.jpg 100w, https:\/\/mariblum.de\/wp-content\/uploads\/2019\/10\/leinen-tragetuch-rosa-nah-scaled-e1576526928588-150x150.jpg 150w\" sizes=\"auto, (max-width: 247px) 100vw, 247px\" \/><img loading=\"lazy\" decoding=\"async\" width=\"247\" height=\"247\" src=\"https:\/\/mariblum.de\/wp-content\/uploads\/2019\/10\/roter-ring-sling-gebunden-aus-leinen-trageberatung-247x247.png\" class=\"show-on-hover absolute fill hide-for-small back-image\" alt=\"rose-de-laube-sling-en-lin\" aria-hidden=\"true\" srcset=\"https:\/\/mariblum.de\/wp-content\/uploads\/2019\/10\/roter-ring-sling-gebunden-aus-leinen-trageberatung-247x247.png 247w, https:\/\/mariblum.de\/wp-content\/uploads\/2019\/10\/roter-ring-sling-gebunden-aus-leinen-trageberatung-100x100.png 100w\" sizes=\"auto, (max-width: 247px) 100vw, 247px\" \/>\t\t\t\t<\/a>\n\t\t\t<\/div>\n\t\t\t<div class=\"image-tools is-small top right show-on-hover\">\n\t\t\t\t\t\t\t<\/div>\n\t\t\t<div class=\"image-tools is-small hide-for-small bottom left show-on-hover\">\n\t\t\t\t\t\t\t<\/div>\n\t\t\t<div class=\"image-tools grid-tools text-center hide-for-small bottom hover-slide-in show-on-hover\">\n\t\t\t\t<a href=\"#quick-view\" class=\"quick-view\" role=\"button\" data-prod=\"7582\" aria-haspopup=\"dialog\" aria-expanded=\"false\" data-flatsome-role-button>Aper\u00e7u<\/a>\t\t\t<\/div>\n\t\t\t\t\t<\/div>\n\n\t\t<div class=\"box-text box-text-products text-center grid-style-2\">\n\t\t\t<div class=\"title-wrapper\">\t\t<p class=\"category uppercase is-smaller no-text-overflow product-cat op-8\">\n\t\t\t\u00c9charpes en lin\t\t<\/p>\n\t<p class=\"name product-title woocommerce-loop-product__title\"><a href=\"https:\/\/mariblum.de\/fr\/produkt\/rose-de-laube-sling-en-lin\/\" class=\"woocommerce-LoopProduct-link woocommerce-loop-product__link\">Ros\u00e9 de l\u2019aube (\u00e9charpe en lin)<\/a><\/p><\/div><div class=\"price-wrapper\">\n\t<span class=\"price\"><span class=\"woocommerce-Price-amount amount\"><bdi>144,95&nbsp;<span class=\"woocommerce-Price-currencySymbol\">&euro;<\/span><\/bdi><\/span><\/span>\n\n\n\n<\/div>\t\t<\/div>\n\t<\/div>\n\t\n<span class=\"gtm4wp_productdata\" style=\"display:none; visibility:hidden;\" data-gtm4wp_product_data=\"{&quot;internal_id&quot;:7582,&quot;item_id&quot;:7582,&quot;item_name&quot;:&quot;Ros\\u00e9 de l\\u2019aube (\\u00e9charpe en lin)&quot;,&quot;sku&quot;:7582,&quot;price&quot;:144.95,&quot;stocklevel&quot;:null,&quot;stockstatus&quot;:&quot;instock&quot;,&quot;google_business_vertical&quot;:&quot;retail&quot;,&quot;item_category&quot;:&quot;\\u00c9charpes en lin&quot;,&quot;id&quot;:7582,&quot;productlink&quot;:&quot;https:\\\/\\\/mariblum.de\\\/fr\\\/produkt\\\/rose-de-laube-sling-en-lin\\\/&quot;,&quot;item_list_name&quot;:&quot;Produits mis en avant&quot;,&quot;index&quot;:1,&quot;product_type&quot;:&quot;variable&quot;,&quot;item_brand&quot;:&quot;&quot;}\"><\/span>\t<\/div>\n<\/div><div class=\"product-small col has-hover product type-product post-9203 status-publish instock product_cat-fr-slings-en-chanvre-echarpe-de-portage product_cat-tissus-de-chanvre has-post-thumbnail featured shipping-taxable purchasable product-type-variable has-product-safety-information\">\n\t<div class=\"col-inner\">\n\t\n<div class=\"badge-container absolute left top z-1\">\n\n<\/div>\n\t<div class=\"product-small box \">\n\t\t<div class=\"box-image\">\n\t\t\t<div class=\"image-fade_in_back\">\n\t\t\t\t<a href=\"https:\/\/mariblum.de\/fr\/produkt\/pourpre-echarpe\/\">\n\t\t\t\t\t<img loading=\"lazy\" decoding=\"async\" width=\"247\" height=\"247\" src=\"https:\/\/mariblum.de\/wp-content\/uploads\/2021\/01\/lila-tragetuch-baby-schlafen-247x247.jpg\" class=\"attachment-woocommerce_thumbnail size-woocommerce_thumbnail\" alt=\"lila-tragetuch-baby-schlafen\" srcset=\"https:\/\/mariblum.de\/wp-content\/uploads\/2021\/01\/lila-tragetuch-baby-schlafen-247x247.jpg 247w, https:\/\/mariblum.de\/wp-content\/uploads\/2021\/01\/lila-tragetuch-baby-schlafen-100x100.jpg 100w, https:\/\/mariblum.de\/wp-content\/uploads\/2021\/01\/lila-tragetuch-baby-schlafen-150x150.jpg 150w\" sizes=\"auto, (max-width: 247px) 100vw, 247px\" \/><img loading=\"lazy\" decoding=\"async\" width=\"247\" height=\"247\" src=\"https:\/\/mariblum.de\/wp-content\/uploads\/2021\/01\/lila-tragetuch-richtig-binden-aus-hanf-247x247.jpg\" class=\"show-on-hover absolute fill hide-for-small back-image\" alt=\"Alternative view of Pourpre (\u00e9charpe)\" aria-hidden=\"true\" srcset=\"https:\/\/mariblum.de\/wp-content\/uploads\/2021\/01\/lila-tragetuch-richtig-binden-aus-hanf-247x247.jpg 247w, https:\/\/mariblum.de\/wp-content\/uploads\/2021\/01\/lila-tragetuch-richtig-binden-aus-hanf-100x100.jpg 100w, https:\/\/mariblum.de\/wp-content\/uploads\/2021\/01\/lila-tragetuch-richtig-binden-aus-hanf-150x150.jpg 150w\" sizes=\"auto, (max-width: 247px) 100vw, 247px\" \/>\t\t\t\t<\/a>\n\t\t\t<\/div>\n\t\t\t<div class=\"image-tools is-small top right show-on-hover\">\n\t\t\t\t\t\t\t<\/div>\n\t\t\t<div class=\"image-tools is-small hide-for-small bottom left show-on-hover\">\n\t\t\t\t\t\t\t<\/div>\n\t\t\t<div class=\"image-tools grid-tools text-center hide-for-small bottom hover-slide-in show-on-hover\">\n\t\t\t\t<a href=\"#quick-view\" class=\"quick-view\" role=\"button\" data-prod=\"9203\" aria-haspopup=\"dialog\" aria-expanded=\"false\" data-flatsome-role-button>Aper\u00e7u<\/a>\t\t\t<\/div>\n\t\t\t\t\t<\/div>\n\n\t\t<div class=\"box-text box-text-products text-center grid-style-2\">\n\t\t\t<div class=\"ux-swatches ux-swatches-in-loop ux-swatches--rounded ux-swatches--x-small\" role=\"radiogroup\" data-flatsome-role-radiogroup><div data-image-src=\"https:\/\/mariblum.de\/wp-content\/uploads\/2021\/01\/lila-tragetuch-baby-schlafen-247x247.jpg\" data-image-srcset=\"https:\/\/mariblum.de\/wp-content\/uploads\/2021\/01\/lila-tragetuch-baby-schlafen-247x247.jpg 247w, https:\/\/mariblum.de\/wp-content\/uploads\/2021\/01\/lila-tragetuch-baby-schlafen-100x100.jpg 100w, https:\/\/mariblum.de\/wp-content\/uploads\/2021\/01\/lila-tragetuch-baby-schlafen-150x150.jpg 150w\" data-image-sizes=\"(max-width: 247px) 100vw, 247px\" data-attribute_name=\"attribute_pa_tt-groesze\" data-value=\"tt450-fr\" aria-label=\"4,50 m\" role=\"radio\" aria-checked=\"false\" tabindex=\"0\" class=\"ux-swatch ux-swatch--label\"><span class=\"ux-swatch__text\">4,50 m<\/span><\/div><div data-image-src=\"https:\/\/mariblum.de\/wp-content\/uploads\/2021\/01\/lila-tragetuch-baby-schlafen-247x247.jpg\" data-image-srcset=\"https:\/\/mariblum.de\/wp-content\/uploads\/2021\/01\/lila-tragetuch-baby-schlafen-247x247.jpg 247w, https:\/\/mariblum.de\/wp-content\/uploads\/2021\/01\/lila-tragetuch-baby-schlafen-100x100.jpg 100w, https:\/\/mariblum.de\/wp-content\/uploads\/2021\/01\/lila-tragetuch-baby-schlafen-150x150.jpg 150w\" data-image-sizes=\"(max-width: 247px) 100vw, 247px\" data-attribute_name=\"attribute_pa_tt-groesze\" data-value=\"tt500-fr\" aria-label=\"5,00 m\" role=\"radio\" aria-checked=\"false\" tabindex=\"0\" class=\"ux-swatch ux-swatch--label\"><span class=\"ux-swatch__text\">5,00 m<\/span><\/div><\/div><div class=\"title-wrapper\">\t\t<p class=\"category uppercase is-smaller no-text-overflow product-cat op-8\">\n\t\t\t\u00c9charpes en chanvre\t\t<\/p>\n\t<p class=\"name product-title woocommerce-loop-product__title\"><a href=\"https:\/\/mariblum.de\/fr\/produkt\/pourpre-echarpe\/\" class=\"woocommerce-LoopProduct-link woocommerce-loop-product__link\">Pourpre (\u00e9charpe)<\/a><\/p><\/div><div class=\"price-wrapper\">\n\t<span class=\"price\"><span class=\"woocommerce-Price-amount amount\"><bdi>219,95&nbsp;<span class=\"woocommerce-Price-currencySymbol\">&euro;<\/span><\/bdi><\/span><\/span>\n\n\n\n<\/div>\t\t<\/div>\n\t<\/div>\n\t\n<span class=\"gtm4wp_productdata\" style=\"display:none; visibility:hidden;\" data-gtm4wp_product_data=\"{&quot;internal_id&quot;:9203,&quot;item_id&quot;:9203,&quot;item_name&quot;:&quot;Pourpre (\\u00e9charpe)&quot;,&quot;sku&quot;:9203,&quot;price&quot;:219.95,&quot;stocklevel&quot;:null,&quot;stockstatus&quot;:&quot;instock&quot;,&quot;google_business_vertical&quot;:&quot;retail&quot;,&quot;item_category&quot;:&quot;\\u00c9charpes en chanvre&quot;,&quot;id&quot;:9203,&quot;productlink&quot;:&quot;https:\\\/\\\/mariblum.de\\\/fr\\\/produkt\\\/pourpre-echarpe\\\/&quot;,&quot;item_list_name&quot;:&quot;Produits mis en avant&quot;,&quot;index&quot;:2,&quot;product_type&quot;:&quot;variable&quot;,&quot;item_brand&quot;:&quot;&quot;}\"><\/span>\t<\/div>\n<\/div><div class=\"product-small col has-hover product type-product post-11707 status-publish instock product_cat-fr-slings-en-chanvre-echarpe-de-portage product_cat-tissus-de-chanvre product_tag-rouge product_tag-sling-fr has-post-thumbnail featured purchasable product-type-variable has-default-attributes has-product-safety-information\">\n\t<div class=\"col-inner\">\n\t\n<div class=\"badge-container absolute left top z-1\">\n\n<\/div>\n\t<div class=\"product-small box \">\n\t\t<div class=\"box-image\">\n\t\t\t<div class=\"image-fade_in_back\">\n\t\t\t\t<a href=\"https:\/\/mariblum.de\/fr\/produkt\/rouge-echarpe-de-portage-en-chanvre-coeur-de-mere\/\">\n\t\t\t\t\t<img loading=\"lazy\" decoding=\"async\" width=\"247\" height=\"247\" src=\"https:\/\/mariblum.de\/wp-content\/uploads\/2026\/02\/rotes-tragetuch-baby-hilft-schlafen-247x247.webp\" class=\"attachment-woocommerce_thumbnail size-woocommerce_thumbnail\" alt=\"Une \u00e9charpe rouge confortable aide b\u00e9b\u00e9 \u00e0 s&#039;endormir en douceur et a le confort et le style pour la m\u00e8re\" srcset=\"https:\/\/mariblum.de\/wp-content\/uploads\/2026\/02\/rotes-tragetuch-baby-hilft-schlafen-247x247.webp 247w, https:\/\/mariblum.de\/wp-content\/uploads\/2026\/02\/rotes-tragetuch-baby-hilft-schlafen-150x150.webp 150w, https:\/\/mariblum.de\/wp-content\/uploads\/2026\/02\/rotes-tragetuch-baby-hilft-schlafen-100x100.webp 100w\" sizes=\"auto, (max-width: 247px) 100vw, 247px\" \/><img loading=\"lazy\" decoding=\"async\" width=\"247\" height=\"247\" src=\"https:\/\/mariblum.de\/wp-content\/uploads\/2026\/02\/tragetuch-als-kinderwagen-alternative-247x247.webp\" class=\"show-on-hover absolute fill hide-for-small back-image\" alt=\"Une \u00e9charpe pratique consid\u00e9r\u00e9e comme une alternative \u00e0 la poussette\" aria-hidden=\"true\" srcset=\"https:\/\/mariblum.de\/wp-content\/uploads\/2026\/02\/tragetuch-als-kinderwagen-alternative-247x247.webp 247w, https:\/\/mariblum.de\/wp-content\/uploads\/2026\/02\/tragetuch-als-kinderwagen-alternative-150x150.webp 150w, https:\/\/mariblum.de\/wp-content\/uploads\/2026\/02\/tragetuch-als-kinderwagen-alternative-100x100.webp 100w\" sizes=\"auto, (max-width: 247px) 100vw, 247px\" \/>\t\t\t\t<\/a>\n\t\t\t<\/div>\n\t\t\t<div class=\"image-tools is-small top right show-on-hover\">\n\t\t\t\t\t\t\t<\/div>\n\t\t\t<div class=\"image-tools is-small hide-for-small bottom left show-on-hover\">\n\t\t\t\t\t\t\t<\/div>\n\t\t\t<div class=\"image-tools grid-tools text-center hide-for-small bottom hover-slide-in show-on-hover\">\n\t\t\t\t<a href=\"#quick-view\" class=\"quick-view\" role=\"button\" data-prod=\"11707\" aria-haspopup=\"dialog\" aria-expanded=\"false\" data-flatsome-role-button>Aper\u00e7u<\/a>\t\t\t<\/div>\n\t\t\t\t\t<\/div>\n\n\t\t<div class=\"box-text box-text-products text-center grid-style-2\">\n\t\t\t<div class=\"ux-swatches ux-swatches-in-loop ux-swatches--rounded ux-swatches--x-small\" role=\"radiogroup\" data-flatsome-role-radiogroup><div data-image-src=\"https:\/\/mariblum.de\/wp-content\/uploads\/2026\/02\/rotes-tragetuch-baby-hilft-schlafen-247x247.webp\" data-image-srcset=\"https:\/\/mariblum.de\/wp-content\/uploads\/2026\/02\/rotes-tragetuch-baby-hilft-schlafen-247x247.webp 247w, https:\/\/mariblum.de\/wp-content\/uploads\/2026\/02\/rotes-tragetuch-baby-hilft-schlafen-150x150.webp 150w, https:\/\/mariblum.de\/wp-content\/uploads\/2026\/02\/rotes-tragetuch-baby-hilft-schlafen-100x100.webp 100w\" data-image-sizes=\"(max-width: 247px) 100vw, 247px\" data-attribute_name=\"attribute_pa_tt-groesze\" data-value=\"tt450-fr\" aria-label=\"4,50 m\" role=\"radio\" aria-checked=\"false\" tabindex=\"0\" class=\"ux-swatch ux-swatch--label\"><span class=\"ux-swatch__text\">4,50 m<\/span><\/div><div data-image-src=\"https:\/\/mariblum.de\/wp-content\/uploads\/2026\/02\/rotes-tragetuch-baby-hilft-schlafen-247x247.webp\" data-image-srcset=\"https:\/\/mariblum.de\/wp-content\/uploads\/2026\/02\/rotes-tragetuch-baby-hilft-schlafen-247x247.webp 247w, https:\/\/mariblum.de\/wp-content\/uploads\/2026\/02\/rotes-tragetuch-baby-hilft-schlafen-150x150.webp 150w, https:\/\/mariblum.de\/wp-content\/uploads\/2026\/02\/rotes-tragetuch-baby-hilft-schlafen-100x100.webp 100w\" data-image-sizes=\"(max-width: 247px) 100vw, 247px\" data-attribute_name=\"attribute_pa_tt-groesze\" data-value=\"tt500-fr\" aria-label=\"5,00 m\" role=\"radio\" aria-checked=\"false\" tabindex=\"0\" class=\"ux-swatch ux-swatch--label\"><span class=\"ux-swatch__text\">5,00 m<\/span><\/div><\/div><div class=\"title-wrapper\">\t\t<p class=\"category uppercase is-smaller no-text-overflow product-cat op-8\">\n\t\t\t\u00c9charpes en chanvre\t\t<\/p>\n\t<p class=\"name product-title woocommerce-loop-product__title\"><a href=\"https:\/\/mariblum.de\/fr\/produkt\/rouge-echarpe-de-portage-en-chanvre-coeur-de-mere\/\" class=\"woocommerce-LoopProduct-link woocommerce-loop-product__link\">C\u0153ur de M\u00e8re (\u00e9charpe)<\/a><\/p><\/div><div class=\"price-wrapper\">\n\t<span class=\"price\"><span class=\"woocommerce-Price-amount amount\"><bdi>139,95&nbsp;<span class=\"woocommerce-Price-currencySymbol\">&euro;<\/span><\/bdi><\/span> &ndash; <span class=\"woocommerce-Price-amount amount\"><bdi>149,95&nbsp;<span class=\"woocommerce-Price-currencySymbol\">&euro;<\/span><\/bdi><\/span><\/span>\n\n\n\n<\/div>\t\t<\/div>\n\t<\/div>\n\t\n<span class=\"gtm4wp_productdata\" style=\"display:none; visibility:hidden;\" data-gtm4wp_product_data=\"{&quot;internal_id&quot;:11707,&quot;item_id&quot;:11707,&quot;item_name&quot;:&quot;C\\u0153ur de M\\u00e8re (\\u00e9charpe)&quot;,&quot;sku&quot;:&quot;Mutterliebe-TT&quot;,&quot;price&quot;:139.95,&quot;stocklevel&quot;:null,&quot;stockstatus&quot;:&quot;instock&quot;,&quot;google_business_vertical&quot;:&quot;retail&quot;,&quot;item_category&quot;:&quot;\\u00c9charpes en chanvre&quot;,&quot;id&quot;:11707,&quot;productlink&quot;:&quot;https:\\\/\\\/mariblum.de\\\/fr\\\/produkt\\\/rouge-echarpe-de-portage-en-chanvre-coeur-de-mere\\\/&quot;,&quot;item_list_name&quot;:&quot;Produits mis en avant&quot;,&quot;index&quot;:3,&quot;product_type&quot;:&quot;variable&quot;,&quot;item_brand&quot;:&quot;&quot;}\"><\/span>\t<\/div>\n<\/div><div class=\"product-small col has-hover product type-product post-10652 status-publish last instock product_cat-fr-ring-slings product_cat-fr-ring-slings-en-chanvre product_cat-tissus-de-chanvre product_tag-ringsling-fr product_tag-rose-fr-3 product_tag-rose-sombre product_tag-rouge has-post-thumbnail featured shipping-taxable purchasable product-type-variable has-product-safety-information\">\n\t<div class=\"col-inner\">\n\t\n<div class=\"badge-container absolute left top z-1\">\n\n<div class=\"badge callout badge-circle\"><div class=\"badge-inner callout-new-bg is-small new-bubble\">NOUVEAU<\/div><\/div><\/div>\n\t<div class=\"product-small box \">\n\t\t<div class=\"box-image\">\n\t\t\t<div class=\"image-fade_in_back\">\n\t\t\t\t<a href=\"https:\/\/mariblum.de\/fr\/produkt\/rouge-rose-sombre-echarpe-portage-bebe-ring-sling-en-chanvre-kiss-from-a-rose\/\">\n\t\t\t\t\t<img loading=\"lazy\" decoding=\"async\" width=\"247\" height=\"247\" src=\"https:\/\/mariblum.de\/wp-content\/uploads\/2022\/05\/ring-sling-aus-hanf-baby-richtig-tragen-im-tuch-kiss-from-a-rose-1-247x247.jpg\" class=\"attachment-woocommerce_thumbnail size-woocommerce_thumbnail\" alt=\"anneau-\u00e9charpe-en-chanvre-porte-b\u00e9b\u00e9-proprement-en-\u00e9charpe-kiss-from-a-rose\" srcset=\"https:\/\/mariblum.de\/wp-content\/uploads\/2022\/05\/ring-sling-aus-hanf-baby-richtig-tragen-im-tuch-kiss-from-a-rose-1-247x247.jpg 247w, https:\/\/mariblum.de\/wp-content\/uploads\/2022\/05\/ring-sling-aus-hanf-baby-richtig-tragen-im-tuch-kiss-from-a-rose-1-100x100.jpg 100w, https:\/\/mariblum.de\/wp-content\/uploads\/2022\/05\/ring-sling-aus-hanf-baby-richtig-tragen-im-tuch-kiss-from-a-rose-1-150x150.jpg 150w\" sizes=\"auto, (max-width: 247px) 100vw, 247px\" \/><img loading=\"lazy\" decoding=\"async\" width=\"247\" height=\"247\" src=\"https:\/\/mariblum.de\/wp-content\/uploads\/2022\/05\/hanf-ring-sling-baby-richtig-tragen-trageberatung-kiss-from-a-rose-247x247.jpg\" class=\"show-on-hover absolute fill hide-for-small back-image\" alt=\"chanvre-ring-sling-bebe-porter-correctement-porter-conseils-kiss-from-a-rose\" aria-hidden=\"true\" srcset=\"https:\/\/mariblum.de\/wp-content\/uploads\/2022\/05\/hanf-ring-sling-baby-richtig-tragen-trageberatung-kiss-from-a-rose-247x247.jpg 247w, https:\/\/mariblum.de\/wp-content\/uploads\/2022\/05\/hanf-ring-sling-baby-richtig-tragen-trageberatung-kiss-from-a-rose-100x100.jpg 100w, https:\/\/mariblum.de\/wp-content\/uploads\/2022\/05\/hanf-ring-sling-baby-richtig-tragen-trageberatung-kiss-from-a-rose-150x150.jpg 150w\" sizes=\"auto, (max-width: 247px) 100vw, 247px\" \/>\t\t\t\t<\/a>\n\t\t\t<\/div>\n\t\t\t<div class=\"image-tools is-small top right show-on-hover\">\n\t\t\t\t\t\t\t<\/div>\n\t\t\t<div class=\"image-tools is-small hide-for-small bottom left show-on-hover\">\n\t\t\t\t\t\t\t<\/div>\n\t\t\t<div class=\"image-tools grid-tools text-center hide-for-small bottom hover-slide-in show-on-hover\">\n\t\t\t\t<a href=\"#quick-view\" class=\"quick-view\" role=\"button\" data-prod=\"10652\" aria-haspopup=\"dialog\" aria-expanded=\"false\" data-flatsome-role-button>Aper\u00e7u<\/a>\t\t\t<\/div>\n\t\t\t\t\t<\/div>\n\n\t\t<div class=\"box-text box-text-products text-center grid-style-2\">\n\t\t\t<div class=\"title-wrapper\">\t\t<p class=\"category uppercase is-smaller no-text-overflow product-cat op-8\">\n\t\t\tRing Slings\t\t<\/p>\n\t<p class=\"name product-title woocommerce-loop-product__title\"><a href=\"https:\/\/mariblum.de\/fr\/produkt\/rouge-rose-sombre-echarpe-portage-bebe-ring-sling-en-chanvre-kiss-from-a-rose\/\" class=\"woocommerce-LoopProduct-link woocommerce-loop-product__link\">Kiss from a rose (Ring Sling)<\/a><\/p><\/div><div class=\"price-wrapper\">\n\t<span class=\"price\"><span class=\"woocommerce-Price-amount amount\"><bdi>147,95&nbsp;<span class=\"woocommerce-Price-currencySymbol\">&euro;<\/span><\/bdi><\/span><\/span>\n\n\n\n<\/div>\t\t<\/div>\n\t<\/div>\n\t\n<span class=\"gtm4wp_productdata\" style=\"display:none; visibility:hidden;\" data-gtm4wp_product_data=\"{&quot;internal_id&quot;:10652,&quot;item_id&quot;:10652,&quot;item_name&quot;:&quot;Kiss from a rose (Ring Sling)&quot;,&quot;sku&quot;:10652,&quot;price&quot;:147.95,&quot;stocklevel&quot;:null,&quot;stockstatus&quot;:&quot;instock&quot;,&quot;google_business_vertical&quot;:&quot;retail&quot;,&quot;item_category&quot;:&quot;Ring Slings&quot;,&quot;id&quot;:10652,&quot;productlink&quot;:&quot;https:\\\/\\\/mariblum.de\\\/fr\\\/produkt\\\/rouge-rose-sombre-echarpe-portage-bebe-ring-sling-en-chanvre-kiss-from-a-rose\\\/&quot;,&quot;item_list_name&quot;:&quot;Produits mis en avant&quot;,&quot;index&quot;:4,&quot;product_type&quot;:&quot;variable&quot;,&quot;item_brand&quot;:&quot;&quot;}\"><\/span>\t<\/div>\n<\/div><\/div><!-- row -->\n<\/div>\n<h2 id=\"les-echarpes-de-portage-en-lin-sont-elles-confortables-et-sures\">Les \u00e9charpes de portage en lin sont-elles confortables et s\u00fbres ?<\/h2>\n\n  <div class=\"banner has-hover\" id=\"banner-1630362017\">\n          <div class=\"banner-inner fill\">\n        <div class=\"banner-bg fill\" >\n            <img loading=\"lazy\" decoding=\"async\" width=\"533\" height=\"800\" src=\"https:\/\/mariblum.de\/wp-content\/uploads\/2023\/04\/gelber-ring-sling-aus-leinen-kba.jpg\" class=\"bg attachment-large size-large\" alt=\"gelber ring sling aus leinen kba\" \/>                                    \n                    <\/div>\n\t\t\n        <div class=\"banner-layers container\">\n            <div class=\"fill banner-link\"><\/div>               <div id=\"text-box-1746521835\" class=\"text-box banner-layer x50 md-x50 lg-x50 y50 md-y50 lg-y50 res-text\">\n                     <div data-animate=\"fadeIn\">           <div class=\"text-box-content text dark\">\n              \n              <div class=\"text-inner text-center\">\n                                <\/div>\n           <\/div>\n       <\/div>                     \n<style>\n#text-box-1746521835 {\n  width: 60%;\n}\n#text-box-1746521835 .text-box-content {\n  font-size: 100%;\n}\n@media (min-width:550px) {\n  #text-box-1746521835 {\n    width: 60%;\n  }\n}\n<\/style>\n    <\/div>\n         <\/div>\n      <\/div>\n\n            \n<style>\n#banner-1630362017 {\n  padding-top: 300px;\n}\n#banner-1630362017 .banner-bg img {\n  object-position: 20% 50%;\n}\n<\/style>\n  <\/div>\n\n\n<p align=\"justify\">Une \u00e9charpe de portage est constitu\u00e9e d&rsquo;un long morceau de tissu pass\u00e9 \u00e0 travers deux anneaux. Cela permet un ajustement facile et flexible. Le lin est particuli\u00e8rement solide et durable, ce qui est important pour la s\u00e9curit\u00e9 de votre b\u00e9b\u00e9. En m\u00eame temps, le mat\u00e9riau devient plus doux au fur et \u00e0 mesure qu&rsquo;il est utilis\u00e9 et lav\u00e9. Cette combinaison de stabilit\u00e9 et de douceur assure un grand confort de portage.<\/p>\n<h2 id=\"le-lin-est-il-durable-et-ecologique\">Le lin est-il durable et \u00e9cologique ?<\/h2>\n\n  <div class=\"banner has-hover\" id=\"banner-1833429332\">\n          <div class=\"banner-inner fill\">\n        <div class=\"banner-bg fill\" >\n            <img loading=\"lazy\" decoding=\"async\" width=\"534\" height=\"800\" src=\"https:\/\/mariblum.de\/wp-content\/uploads\/2019\/10\/ring-sling-aus-leinen-tragetuch-gruen-grau-olive.jpg\" class=\"bg attachment-large size-large\" alt=\"tragetuch aus leinen - Frau sitzt in Fensterbank mit Baby im Tragetuch aus Leinenstoff\" \/>                                    \n                    <\/div>\n\t\t\n        <div class=\"banner-layers container\">\n            <div class=\"fill banner-link\"><\/div>               <div id=\"text-box-1284251588\" class=\"text-box banner-layer x50 md-x50 lg-x50 y50 md-y50 lg-y50 res-text\">\n                     <div data-animate=\"fadeIn\">           <div class=\"text-box-content text dark\">\n              \n              <div class=\"text-inner text-center\">\n                                <\/div>\n           <\/div>\n       <\/div>                     \n<style>\n#text-box-1284251588 {\n  width: 60%;\n}\n#text-box-1284251588 .text-box-content {\n  font-size: 100%;\n}\n@media (min-width:550px) {\n  #text-box-1284251588 {\n    width: 60%;\n  }\n}\n<\/style>\n    <\/div>\n         <\/div>\n      <\/div>\n\n            \n<style>\n#banner-1833429332 {\n  padding-top: 300px;\n}\n#banner-1833429332 .banner-bg img {\n  object-position: 50% 50%;\n}\n<\/style>\n  <\/div>\n\n\n<p align=\"justify\">Le lin est fabriqu\u00e9 \u00e0 partir du lin, une plante qui n\u00e9cessite moins d&rsquo;eau et de produits chimiques que beaucoup d&rsquo;autres plantes textiles. Cela rend le lin plus respectueux de l&rsquo;environnement et durable. De plus, il est biod\u00e9gradable et tr\u00e8s durable, ce qui am\u00e9liore encore son bilan \u00e9cologique.<\/p>\n<h2 id=\"le-lin-est-il-styl\u00e9-et-polyvalent\">Le lin est-il styl\u00e9 et polyvalent ?<\/h2>\n\n  <div class=\"banner has-hover\" id=\"banner-1257658824\">\n          <div class=\"banner-inner fill\">\n        <div class=\"banner-bg fill\" >\n            <img loading=\"lazy\" decoding=\"async\" width=\"533\" height=\"800\" src=\"https:\/\/mariblum.de\/wp-content\/uploads\/2019\/10\/himmel-blauer-ring-sling-aus-leinen-gebunden.png\" class=\"bg attachment-large size-large\" alt=\"himmel-blauer-ring-sling-aus-leinen-trageberatung-am-meer\" \/>                                    \n                    <\/div>\n\t\t\n        <div class=\"banner-layers container\">\n            <div class=\"fill banner-link\"><\/div>               <div id=\"text-box-201609293\" class=\"text-box banner-layer x50 md-x50 lg-x50 y50 md-y50 lg-y50 res-text\">\n                     <div data-animate=\"fadeIn\">           <div class=\"text-box-content text dark\">\n              \n              <div class=\"text-inner text-center\">\n                                <\/div>\n           <\/div>\n       <\/div>                     \n<style>\n#text-box-201609293 {\n  width: 60%;\n}\n#text-box-201609293 .text-box-content {\n  font-size: 100%;\n}\n@media (min-width:550px) {\n  #text-box-201609293 {\n    width: 60%;\n  }\n}\n<\/style>\n    <\/div>\n         <\/div>\n      <\/div>\n\n            \n<style>\n#banner-1257658824 {\n  padding-top: 300px;\n}\n#banner-1257658824 .banner-bg img {\n  object-position: 35% 50%;\n}\n<\/style>\n  <\/div>\n\n\n<p align=\"justify\">Les \u00e9charpes de portage en lin ne sont pas seulement fonctionnelles, elles sont aussi \u00e0 la mode. La texture naturelle et la vari\u00e9t\u00e9 de couleurs et de motifs en font un accessoire \u00e9l\u00e9gant. Vous pouvez choisir une \u00e9charpe assortie \u00e0 votre tenue tout en portant votre b\u00e9b\u00e9 confortablement et en toute s\u00e9curit\u00e9.<\/p>\n\n  \n    <div class=\"row large-columns-3 medium-columns-1 small-columns-1 slider row-slider slider-nav-reveal slider-nav-push\"  data-flickity-options='{&quot;imagesLoaded&quot;: true, &quot;groupCells&quot;: &quot;100%&quot;, &quot;dragThreshold&quot; : 5, &quot;cellAlign&quot;: &quot;left&quot;,&quot;wrapAround&quot;: true,&quot;prevNextButtons&quot;: true,&quot;percentPosition&quot;: true,&quot;pageDots&quot;: false, &quot;rightToLeft&quot;: false, &quot;autoPlay&quot; : false}' >\n\n  <div class=\"col post-item\" >\n\t\t\t<div class=\"col-inner\">\n\t\t\t\t<div class=\"box box-normal box-text-bottom box-blog-post has-hover\">\n            \t\t\t\t\t<div class=\"box-image\" >\n  \t\t\t\t\t\t<div class=\"image-cover\" style=\"padding-top:56.25%;\">\n\t\t\t\t\t\t\t<a href=\"https:\/\/mariblum.de\/fr\/echarpe-de-portage-plutot-que-poussette-les-avantages-surprenants-au-quotidien\/\" class=\"plain\" aria-label=\"\u00c9charpe de portage plut\u00f4t que poussette \u2013 Les avantages surprenants au quotidien\">\n\t\t\t\t\t\t\t\t<img loading=\"lazy\" decoding=\"async\" width=\"225\" height=\"300\" src=\"https:\/\/mariblum.de\/wp-content\/uploads\/2023\/04\/Lavendel-Ring-Sling-aus-Hanf-225x300.jpeg\" class=\"attachment-medium size-medium wp-post-image\" alt=\"\" srcset=\"https:\/\/mariblum.de\/wp-content\/uploads\/2023\/04\/Lavendel-Ring-Sling-aus-Hanf-225x300.jpeg 225w, https:\/\/mariblum.de\/wp-content\/uploads\/2023\/04\/Lavendel-Ring-Sling-aus-Hanf-510x680.jpeg 510w, https:\/\/mariblum.de\/wp-content\/uploads\/2023\/04\/Lavendel-Ring-Sling-aus-Hanf.jpeg 600w\" sizes=\"auto, (max-width: 225px) 100vw, 225px\" \/>\t\t\t\t\t\t\t<\/a>\n  \t\t\t\t\t\t\t  \t\t\t\t\t\t\t  \t\t\t\t\t\t<\/div>\n  \t\t\t\t\t\t  \t\t\t\t\t<\/div>\n          \t\t\t\t\t<div class=\"box-text text-center\" >\n\t\t\t\t\t<div class=\"box-text-inner blog-post-inner\">\n\n\t\t\t\t\t\n\t\t\t\t\t\t\t\t\t\t<h5 class=\"post-title is-large \">\n\t\t\t\t\t\t<a href=\"https:\/\/mariblum.de\/fr\/echarpe-de-portage-plutot-que-poussette-les-avantages-surprenants-au-quotidien\/\" class=\"plain\">\u00c9charpe de portage plut\u00f4t que poussette \u2013 Les avantages surprenants au quotidien<\/a>\n\t\t\t\t\t<\/h5>\n\t\t\t\t\t\t\t\t\t\t<div class=\"is-divider\"><\/div>\n\t\t\t\t\t\t\t\t\t\t<p class=\"from_the_blog_excerpt \">\n\t\t\t\t\t\tLes poussettes sont consid\u00e9r\u00e9es comme un incontournable pour les nouveaux parents \u2013 mais que se [...]\t\t\t\t\t<\/p>\n\t\t\t\t\t                    \n\t\t\t\t\t\n\t\t\t\t\t\n\t\t\t\t\t<\/div>\n\t\t\t\t\t<\/div>\n\t\t\t\t\t\t\t\t\t\t\t\t\t\t\t\t<div class=\"badge absolute top post-date badge-outline\">\n\t\t\t\t\t\t\t<div class=\"badge-inner\">\n\t\t\t\t\t\t\t\t<span class=\"post-date-day\">02<\/span><br>\n\t\t\t\t\t\t\t\t<span class=\"post-date-month is-xsmall\">Avr<\/span>\n\t\t\t\t\t\t\t<\/div>\n\t\t\t\t\t\t<\/div>\n\t\t\t\t\t\t\t\t\t<\/div>\n\t\t\t<\/div>\n\t\t<\/div><div class=\"col post-item\" >\n\t\t\t<div class=\"col-inner\">\n\t\t\t\t<div class=\"box box-normal box-text-bottom box-blog-post has-hover\">\n            \t\t\t\t\t<div class=\"box-image\" >\n  \t\t\t\t\t\t<div class=\"image-cover\" style=\"padding-top:56.25%;\">\n\t\t\t\t\t\t\t<a href=\"https:\/\/mariblum.de\/fr\/porter-son-bebe-sans-douleur-5-erreurs-courantes-et-leurs-solutions\/\" class=\"plain\" aria-label=\"Porter son b\u00e9b\u00e9 sans douleur \u2013 5 erreurs courantes et leurs solutions\">\n\t\t\t\t\t\t\t\t<img loading=\"lazy\" decoding=\"async\" width=\"225\" height=\"300\" src=\"https:\/\/mariblum.de\/wp-content\/uploads\/2025\/04\/Baby-Tragetuch-aus-Hanf-Zauberwald-225x300.jpeg\" class=\"attachment-medium size-medium wp-post-image\" alt=\"\" srcset=\"https:\/\/mariblum.de\/wp-content\/uploads\/2025\/04\/Baby-Tragetuch-aus-Hanf-Zauberwald-225x300.jpeg 225w, https:\/\/mariblum.de\/wp-content\/uploads\/2025\/04\/Baby-Tragetuch-aus-Hanf-Zauberwald-510x680.jpeg 510w, https:\/\/mariblum.de\/wp-content\/uploads\/2025\/04\/Baby-Tragetuch-aus-Hanf-Zauberwald.jpeg 600w\" sizes=\"auto, (max-width: 225px) 100vw, 225px\" \/>\t\t\t\t\t\t\t<\/a>\n  \t\t\t\t\t\t\t  \t\t\t\t\t\t\t  \t\t\t\t\t\t<\/div>\n  \t\t\t\t\t\t  \t\t\t\t\t<\/div>\n          \t\t\t\t\t<div class=\"box-text text-center\" >\n\t\t\t\t\t<div class=\"box-text-inner blog-post-inner\">\n\n\t\t\t\t\t\n\t\t\t\t\t\t\t\t\t\t<h5 class=\"post-title is-large \">\n\t\t\t\t\t\t<a href=\"https:\/\/mariblum.de\/fr\/porter-son-bebe-sans-douleur-5-erreurs-courantes-et-leurs-solutions\/\" class=\"plain\">Porter son b\u00e9b\u00e9 sans douleur \u2013 5 erreurs courantes et leurs solutions<\/a>\n\t\t\t\t\t<\/h5>\n\t\t\t\t\t\t\t\t\t\t<div class=\"is-divider\"><\/div>\n\t\t\t\t\t\t\t\t\t\t<p class=\"from_the_blog_excerpt \">\n\t\t\t\t\t\tPorter ton b\u00e9b\u00e9 ne devrait jamais \u00eatre douloureux \u2014 bien au contraire. Bien r\u00e9alis\u00e9, le [...]\t\t\t\t\t<\/p>\n\t\t\t\t\t                    \n\t\t\t\t\t\n\t\t\t\t\t\n\t\t\t\t\t<\/div>\n\t\t\t\t\t<\/div>\n\t\t\t\t\t\t\t\t\t\t\t\t\t\t\t\t<div class=\"badge absolute top post-date badge-outline\">\n\t\t\t\t\t\t\t<div class=\"badge-inner\">\n\t\t\t\t\t\t\t\t<span class=\"post-date-day\">14<\/span><br>\n\t\t\t\t\t\t\t\t<span class=\"post-date-month is-xsmall\">Nov<\/span>\n\t\t\t\t\t\t\t<\/div>\n\t\t\t\t\t\t<\/div>\n\t\t\t\t\t\t\t\t\t<\/div>\n\t\t\t<\/div>\n\t\t<\/div><div class=\"col post-item\" >\n\t\t\t<div class=\"col-inner\">\n\t\t\t\t<div class=\"box box-normal box-text-bottom box-blog-post has-hover\">\n            \t\t\t\t\t<div class=\"box-image\" >\n  \t\t\t\t\t\t<div class=\"image-cover\" style=\"padding-top:56.25%;\">\n\t\t\t\t\t\t\t<a href=\"https:\/\/mariblum.de\/fr\/porter-son-bebe-en-hiver-7-mythes-verites-honnetes-et-petits-inconvenients\/\" class=\"plain\" aria-label=\"Porter son b\u00e9b\u00e9 en hiver \u2013 7 mythes, v\u00e9rit\u00e9s honn\u00eates et petits inconv\u00e9nients\">\n\t\t\t\t\t\t\t\t<img loading=\"lazy\" decoding=\"async\" width=\"200\" height=\"300\" src=\"https:\/\/mariblum.de\/wp-content\/uploads\/2019\/10\/kornblume-ring-sling-aus-hanf-gefaltet-200x300.png\" class=\"attachment-medium size-medium wp-post-image\" alt=\"kornblume-ring-sling-aus-hanf-trageberatung-richtig-gebunden\" srcset=\"https:\/\/mariblum.de\/wp-content\/uploads\/2019\/10\/kornblume-ring-sling-aus-hanf-gefaltet-200x300.png 200w, https:\/\/mariblum.de\/wp-content\/uploads\/2019\/10\/kornblume-ring-sling-aus-hanf-gefaltet-510x765.png 510w, https:\/\/mariblum.de\/wp-content\/uploads\/2019\/10\/kornblume-ring-sling-aus-hanf-gefaltet.png 533w\" sizes=\"auto, (max-width: 200px) 100vw, 200px\" \/>\t\t\t\t\t\t\t<\/a>\n  \t\t\t\t\t\t\t  \t\t\t\t\t\t\t  \t\t\t\t\t\t<\/div>\n  \t\t\t\t\t\t  \t\t\t\t\t<\/div>\n          \t\t\t\t\t<div class=\"box-text text-center\" >\n\t\t\t\t\t<div class=\"box-text-inner blog-post-inner\">\n\n\t\t\t\t\t\n\t\t\t\t\t\t\t\t\t\t<h5 class=\"post-title is-large \">\n\t\t\t\t\t\t<a href=\"https:\/\/mariblum.de\/fr\/porter-son-bebe-en-hiver-7-mythes-verites-honnetes-et-petits-inconvenients\/\" class=\"plain\">Porter son b\u00e9b\u00e9 en hiver \u2013 7 mythes, v\u00e9rit\u00e9s honn\u00eates et petits inconv\u00e9nients<\/a>\n\t\t\t\t\t<\/h5>\n\t\t\t\t\t\t\t\t\t\t<div class=\"is-divider\"><\/div>\n\t\t\t\t\t\t\t\t\t\t<p class=\"from_the_blog_excerpt \">\n\t\t\t\t\t\tQuand les jours raccourcissent et que le froid s\u2019installe, de nombreuses mamans se demandent : [...]\t\t\t\t\t<\/p>\n\t\t\t\t\t                    \n\t\t\t\t\t\n\t\t\t\t\t\n\t\t\t\t\t<\/div>\n\t\t\t\t\t<\/div>\n\t\t\t\t\t\t\t\t\t\t\t\t\t\t\t\t<div class=\"badge absolute top post-date badge-outline\">\n\t\t\t\t\t\t\t<div class=\"badge-inner\">\n\t\t\t\t\t\t\t\t<span class=\"post-date-day\">07<\/span><br>\n\t\t\t\t\t\t\t\t<span class=\"post-date-month is-xsmall\">Nov<\/span>\n\t\t\t\t\t\t\t<\/div>\n\t\t\t\t\t\t<\/div>\n\t\t\t\t\t\t\t\t\t<\/div>\n\t\t\t<\/div>\n\t\t<\/div><div class=\"col post-item\" >\n\t\t\t<div class=\"col-inner\">\n\t\t\t\t<div class=\"box box-normal box-text-bottom box-blog-post has-hover\">\n            \t\t\t\t\t<div class=\"box-image\" >\n  \t\t\t\t\t\t<div class=\"image-cover\" style=\"padding-top:56.25%;\">\n\t\t\t\t\t\t\t<a href=\"https:\/\/mariblum.de\/fr\/guide-complet-des-matieres-pour-echarpes-de-portage-et-ring-slings-en-automne\/\" class=\"plain\" aria-label=\"Guide complet des mati\u00e8res pour \u00e9charpes de portage et ring slings en automne\">\n\t\t\t\t\t\t\t\t<img loading=\"lazy\" decoding=\"async\" width=\"225\" height=\"300\" src=\"https:\/\/mariblum.de\/wp-content\/uploads\/2023\/04\/Ring-Sling-aus-Hanf-Lavendelfeld-225x300.jpeg\" class=\"attachment-medium size-medium wp-post-image\" alt=\"\" srcset=\"https:\/\/mariblum.de\/wp-content\/uploads\/2023\/04\/Ring-Sling-aus-Hanf-Lavendelfeld-225x300.jpeg 225w, https:\/\/mariblum.de\/wp-content\/uploads\/2023\/04\/Ring-Sling-aus-Hanf-Lavendelfeld-510x680.jpeg 510w, https:\/\/mariblum.de\/wp-content\/uploads\/2023\/04\/Ring-Sling-aus-Hanf-Lavendelfeld.jpeg 600w\" sizes=\"auto, (max-width: 225px) 100vw, 225px\" \/>\t\t\t\t\t\t\t<\/a>\n  \t\t\t\t\t\t\t  \t\t\t\t\t\t\t  \t\t\t\t\t\t<\/div>\n  \t\t\t\t\t\t  \t\t\t\t\t<\/div>\n          \t\t\t\t\t<div class=\"box-text text-center\" >\n\t\t\t\t\t<div class=\"box-text-inner blog-post-inner\">\n\n\t\t\t\t\t\n\t\t\t\t\t\t\t\t\t\t<h5 class=\"post-title is-large \">\n\t\t\t\t\t\t<a href=\"https:\/\/mariblum.de\/fr\/guide-complet-des-matieres-pour-echarpes-de-portage-et-ring-slings-en-automne\/\" class=\"plain\">Guide complet des mati\u00e8res pour \u00e9charpes de portage et ring slings en automne<\/a>\n\t\t\t\t\t<\/h5>\n\t\t\t\t\t\t\t\t\t\t<div class=\"is-divider\"><\/div>\n\t\t\t\t\t\t\t\t\t\t<p class=\"from_the_blog_excerpt \">\n\t\t\t\t\t\tL\u2019automne est \u00e0 nos portes, apportant avec lui des journ\u00e9es plus fra\u00eeches qui nous invitent [...]\t\t\t\t\t<\/p>\n\t\t\t\t\t                    \n\t\t\t\t\t\n\t\t\t\t\t\n\t\t\t\t\t<\/div>\n\t\t\t\t\t<\/div>\n\t\t\t\t\t\t\t\t\t\t\t\t\t\t\t\t<div class=\"badge absolute top post-date badge-outline\">\n\t\t\t\t\t\t\t<div class=\"badge-inner\">\n\t\t\t\t\t\t\t\t<span class=\"post-date-day\">03<\/span><br>\n\t\t\t\t\t\t\t\t<span class=\"post-date-month is-xsmall\">Nov<\/span>\n\t\t\t\t\t\t\t<\/div>\n\t\t\t\t\t\t<\/div>\n\t\t\t\t\t\t\t\t\t<\/div>\n\t\t\t<\/div>\n\t\t<\/div><div class=\"col post-item\" >\n\t\t\t<div class=\"col-inner\">\n\t\t\t\t<div class=\"box box-normal box-text-bottom box-blog-post has-hover\">\n            \t\t\t\t\t<div class=\"box-image\" >\n  \t\t\t\t\t\t<div class=\"image-cover\" style=\"padding-top:56.25%;\">\n\t\t\t\t\t\t\t<a href=\"https:\/\/mariblum.de\/fr\/portage-et-fratrie-conseils-avises-pour-les-jeunes-mamans\/\" class=\"plain\" aria-label=\"Portage et fratrie : conseils avis\u00e9s pour les jeunes mamans\">\n\t\t\t\t\t\t\t\t<img loading=\"lazy\" decoding=\"async\" width=\"225\" height=\"300\" src=\"https:\/\/mariblum.de\/wp-content\/uploads\/2025\/04\/Baby-Tragetuch-aus-Hanf-Zauberwald-225x300.jpeg\" class=\"attachment-medium size-medium wp-post-image\" alt=\"\" srcset=\"https:\/\/mariblum.de\/wp-content\/uploads\/2025\/04\/Baby-Tragetuch-aus-Hanf-Zauberwald-225x300.jpeg 225w, https:\/\/mariblum.de\/wp-content\/uploads\/2025\/04\/Baby-Tragetuch-aus-Hanf-Zauberwald-510x680.jpeg 510w, https:\/\/mariblum.de\/wp-content\/uploads\/2025\/04\/Baby-Tragetuch-aus-Hanf-Zauberwald.jpeg 600w\" sizes=\"auto, (max-width: 225px) 100vw, 225px\" \/>\t\t\t\t\t\t\t<\/a>\n  \t\t\t\t\t\t\t  \t\t\t\t\t\t\t  \t\t\t\t\t\t<\/div>\n  \t\t\t\t\t\t  \t\t\t\t\t<\/div>\n          \t\t\t\t\t<div class=\"box-text text-center\" >\n\t\t\t\t\t<div class=\"box-text-inner blog-post-inner\">\n\n\t\t\t\t\t\n\t\t\t\t\t\t\t\t\t\t<h5 class=\"post-title is-large \">\n\t\t\t\t\t\t<a href=\"https:\/\/mariblum.de\/fr\/portage-et-fratrie-conseils-avises-pour-les-jeunes-mamans\/\" class=\"plain\">Portage et fratrie : conseils avis\u00e9s pour les jeunes mamans<\/a>\n\t\t\t\t\t<\/h5>\n\t\t\t\t\t\t\t\t\t\t<div class=\"is-divider\"><\/div>\n\t\t\t\t\t\t\t\t\t\t<p class=\"from_the_blog_excerpt \">\n\t\t\t\t\t\tLa vie de jeune maman apporte son lot de d\u00e9fis \u2014 et d\u2019innombrables petites joies. [...]\t\t\t\t\t<\/p>\n\t\t\t\t\t                    \n\t\t\t\t\t\n\t\t\t\t\t\n\t\t\t\t\t<\/div>\n\t\t\t\t\t<\/div>\n\t\t\t\t\t\t\t\t\t\t\t\t\t\t\t\t<div class=\"badge absolute top post-date badge-outline\">\n\t\t\t\t\t\t\t<div class=\"badge-inner\">\n\t\t\t\t\t\t\t\t<span class=\"post-date-day\">17<\/span><br>\n\t\t\t\t\t\t\t\t<span class=\"post-date-month is-xsmall\">Oct<\/span>\n\t\t\t\t\t\t\t<\/div>\n\t\t\t\t\t\t<\/div>\n\t\t\t\t\t\t\t\t\t<\/div>\n\t\t\t<\/div>\n\t\t<\/div><div class=\"col post-item\" >\n\t\t\t<div class=\"col-inner\">\n\t\t\t\t<div class=\"box box-normal box-text-bottom box-blog-post has-hover\">\n            \t\t\t\t\t<div class=\"box-image\" >\n  \t\t\t\t\t\t<div class=\"image-cover\" style=\"padding-top:56.25%;\">\n\t\t\t\t\t\t\t<a href=\"https:\/\/mariblum.de\/fr\/balades-dautomne-en-ring-sling-flexible-proche-meilleurs-spots-conseils-checklist\/\" class=\"plain\" aria-label=\"Balades d\u2019automne en ring sling : flexible &#038; proche \u2014 meilleurs spots, conseils &#038; checklist\">\n\t\t\t\t\t\t\t\t<img loading=\"lazy\" decoding=\"async\" width=\"225\" height=\"300\" src=\"https:\/\/mariblum.de\/wp-content\/uploads\/2025\/04\/Baumwolle-Baby-Tragetuch_Elefantenmotiv-weiss-blau-225x300.jpg\" class=\"attachment-medium size-medium wp-post-image\" alt=\"\" srcset=\"https:\/\/mariblum.de\/wp-content\/uploads\/2025\/04\/Baumwolle-Baby-Tragetuch_Elefantenmotiv-weiss-blau-225x300.jpg 225w, https:\/\/mariblum.de\/wp-content\/uploads\/2025\/04\/Baumwolle-Baby-Tragetuch_Elefantenmotiv-weiss-blau-510x680.jpg 510w, https:\/\/mariblum.de\/wp-content\/uploads\/2025\/04\/Baumwolle-Baby-Tragetuch_Elefantenmotiv-weiss-blau.jpg 600w\" sizes=\"auto, (max-width: 225px) 100vw, 225px\" \/>\t\t\t\t\t\t\t<\/a>\n  \t\t\t\t\t\t\t  \t\t\t\t\t\t\t  \t\t\t\t\t\t<\/div>\n  \t\t\t\t\t\t  \t\t\t\t\t<\/div>\n          \t\t\t\t\t<div class=\"box-text text-center\" >\n\t\t\t\t\t<div class=\"box-text-inner blog-post-inner\">\n\n\t\t\t\t\t\n\t\t\t\t\t\t\t\t\t\t<h5 class=\"post-title is-large \">\n\t\t\t\t\t\t<a href=\"https:\/\/mariblum.de\/fr\/balades-dautomne-en-ring-sling-flexible-proche-meilleurs-spots-conseils-checklist\/\" class=\"plain\">Balades d\u2019automne en ring sling : flexible &#038; proche \u2014 meilleurs spots, conseils &#038; checklist<\/a>\n\t\t\t\t\t<\/h5>\n\t\t\t\t\t\t\t\t\t\t<div class=\"is-divider\"><\/div>\n\t\t\t\t\t\t\t\t\t\t<p class=\"from_the_blog_excerpt \">\n\t\t\t\t\t\tL\u2019automne est une saison magique \u2014 les feuilles se parent de couleurs chaudes et l\u2019air [...]\t\t\t\t\t<\/p>\n\t\t\t\t\t                    \n\t\t\t\t\t\n\t\t\t\t\t\n\t\t\t\t\t<\/div>\n\t\t\t\t\t<\/div>\n\t\t\t\t\t\t\t\t\t\t\t\t\t\t\t\t<div class=\"badge absolute top post-date badge-outline\">\n\t\t\t\t\t\t\t<div class=\"badge-inner\">\n\t\t\t\t\t\t\t\t<span class=\"post-date-day\">10<\/span><br>\n\t\t\t\t\t\t\t\t<span class=\"post-date-month is-xsmall\">Oct<\/span>\n\t\t\t\t\t\t\t<\/div>\n\t\t\t\t\t\t<\/div>\n\t\t\t\t\t\t\t\t\t<\/div>\n\t\t\t<\/div>\n\t\t<\/div><div class=\"col post-item\" >\n\t\t\t<div class=\"col-inner\">\n\t\t\t\t<div class=\"box box-normal box-text-bottom box-blog-post has-hover\">\n            \t\t\t\t\t<div class=\"box-image\" >\n  \t\t\t\t\t\t<div class=\"image-cover\" style=\"padding-top:56.25%;\">\n\t\t\t\t\t\t\t<a href=\"https:\/\/mariblum.de\/fr\/superposition-des-couches-lorsque-vous-portez-votre-bebe-comment-vous-habiller-correctement-vous-et-votre-bebe\/\" class=\"plain\" aria-label=\"Superposition des couches lorsque vous portez votre b\u00e9b\u00e9 : comment vous habiller correctement, vous et votre b\u00e9b\u00e9\">\n\t\t\t\t\t\t\t\t<img loading=\"lazy\" decoding=\"async\" width=\"193\" height=\"300\" src=\"https:\/\/mariblum.de\/wp-content\/uploads\/2019\/02\/Olive_Ring-Sling_detail-scaled-e1576770252650-193x300.jpg\" class=\"attachment-medium size-medium wp-post-image\" alt=\"olive-ring-sling-en-chanvre\" srcset=\"https:\/\/mariblum.de\/wp-content\/uploads\/2019\/02\/Olive_Ring-Sling_detail-scaled-e1576770252650-193x300.jpg 193w, https:\/\/mariblum.de\/wp-content\/uploads\/2019\/02\/Olive_Ring-Sling_detail-scaled-e1576770252650-510x794.jpg 510w, https:\/\/mariblum.de\/wp-content\/uploads\/2019\/02\/Olive_Ring-Sling_detail-scaled-e1576770252650.jpg 514w\" sizes=\"auto, (max-width: 193px) 100vw, 193px\" \/>\t\t\t\t\t\t\t<\/a>\n  \t\t\t\t\t\t\t  \t\t\t\t\t\t\t  \t\t\t\t\t\t<\/div>\n  \t\t\t\t\t\t  \t\t\t\t\t<\/div>\n          \t\t\t\t\t<div class=\"box-text text-center\" >\n\t\t\t\t\t<div class=\"box-text-inner blog-post-inner\">\n\n\t\t\t\t\t\n\t\t\t\t\t\t\t\t\t\t<h5 class=\"post-title is-large \">\n\t\t\t\t\t\t<a href=\"https:\/\/mariblum.de\/fr\/superposition-des-couches-lorsque-vous-portez-votre-bebe-comment-vous-habiller-correctement-vous-et-votre-bebe\/\" class=\"plain\">Superposition des couches lorsque vous portez votre b\u00e9b\u00e9 : comment vous habiller correctement, vous et votre b\u00e9b\u00e9<\/a>\n\t\t\t\t\t<\/h5>\n\t\t\t\t\t\t\t\t\t\t<div class=\"is-divider\"><\/div>\n\t\t\t\t\t\t\t\t\t\t<p class=\"from_the_blog_excerpt \">\n\t\t\t\t\t\tLa vie de jeune maman est pleine de nouveaux d\u00e9fis \u2014 et de merveilleux moments [...]\t\t\t\t\t<\/p>\n\t\t\t\t\t                    \n\t\t\t\t\t\n\t\t\t\t\t\n\t\t\t\t\t<\/div>\n\t\t\t\t\t<\/div>\n\t\t\t\t\t\t\t\t\t\t\t\t\t\t\t\t<div class=\"badge absolute top post-date badge-outline\">\n\t\t\t\t\t\t\t<div class=\"badge-inner\">\n\t\t\t\t\t\t\t\t<span class=\"post-date-day\">26<\/span><br>\n\t\t\t\t\t\t\t\t<span class=\"post-date-month is-xsmall\">Sep<\/span>\n\t\t\t\t\t\t\t<\/div>\n\t\t\t\t\t\t<\/div>\n\t\t\t\t\t\t\t\t\t<\/div>\n\t\t\t<\/div>\n\t\t<\/div><div class=\"col post-item\" >\n\t\t\t<div class=\"col-inner\">\n\t\t\t\t<div class=\"box box-normal box-text-bottom box-blog-post has-hover\">\n            \t\t\t\t\t<div class=\"box-image\" >\n  \t\t\t\t\t\t<div class=\"image-cover\" style=\"padding-top:56.25%;\">\n\t\t\t\t\t\t\t<a href=\"https:\/\/mariblum.de\/fr\/maitriser-le-vent-la-pluie-avec-bebe-echarpes-et-ring-slings-strategies-douces-pour-jeunes-mamans\/\" class=\"plain\" aria-label=\"Ma\u00eetriser le vent &#038; la pluie avec b\u00e9b\u00e9 : \u00e9charpes et ring slings \u2014 strat\u00e9gies douces pour jeunes mamans\">\n\t\t\t\t\t\t\t\t<img loading=\"lazy\" decoding=\"async\" width=\"225\" height=\"300\" src=\"https:\/\/mariblum.de\/wp-content\/uploads\/2024\/03\/Babybonding-im-Tragetuch-225x300.png\" class=\"attachment-medium size-medium wp-post-image\" alt=\"Babybonding im Tragetuch\" srcset=\"https:\/\/mariblum.de\/wp-content\/uploads\/2024\/03\/Babybonding-im-Tragetuch-225x300.png 225w, https:\/\/mariblum.de\/wp-content\/uploads\/2024\/03\/Babybonding-im-Tragetuch-510x680.png 510w, https:\/\/mariblum.de\/wp-content\/uploads\/2024\/03\/Babybonding-im-Tragetuch.png 600w\" sizes=\"auto, (max-width: 225px) 100vw, 225px\" \/>\t\t\t\t\t\t\t<\/a>\n  \t\t\t\t\t\t\t  \t\t\t\t\t\t\t  \t\t\t\t\t\t<\/div>\n  \t\t\t\t\t\t  \t\t\t\t\t<\/div>\n          \t\t\t\t\t<div class=\"box-text text-center\" >\n\t\t\t\t\t<div class=\"box-text-inner blog-post-inner\">\n\n\t\t\t\t\t\n\t\t\t\t\t\t\t\t\t\t<h5 class=\"post-title is-large \">\n\t\t\t\t\t\t<a href=\"https:\/\/mariblum.de\/fr\/maitriser-le-vent-la-pluie-avec-bebe-echarpes-et-ring-slings-strategies-douces-pour-jeunes-mamans\/\" class=\"plain\">Ma\u00eetriser le vent &#038; la pluie avec b\u00e9b\u00e9 : \u00e9charpes et ring slings \u2014 strat\u00e9gies douces pour jeunes mamans<\/a>\n\t\t\t\t\t<\/h5>\n\t\t\t\t\t\t\t\t\t\t<div class=\"is-divider\"><\/div>\n\t\t\t\t\t\t\t\t\t\t<p class=\"from_the_blog_excerpt \">\n\t\t\t\t\t\tEn tant que jeune maman, tu veux prot\u00e9ger ton b\u00e9b\u00e9 \u2014 qu\u2019il vente ou qu\u2019il [...]\t\t\t\t\t<\/p>\n\t\t\t\t\t                    \n\t\t\t\t\t\n\t\t\t\t\t\n\t\t\t\t\t<\/div>\n\t\t\t\t\t<\/div>\n\t\t\t\t\t\t\t\t\t\t\t\t\t\t\t\t<div class=\"badge absolute top post-date badge-outline\">\n\t\t\t\t\t\t\t<div class=\"badge-inner\">\n\t\t\t\t\t\t\t\t<span class=\"post-date-day\">19<\/span><br>\n\t\t\t\t\t\t\t\t<span class=\"post-date-month is-xsmall\">Sep<\/span>\n\t\t\t\t\t\t\t<\/div>\n\t\t\t\t\t\t<\/div>\n\t\t\t\t\t\t\t\t\t<\/div>\n\t\t\t<\/div>\n\t\t<\/div><\/div>\n<h2 id=\"les-echarpes-de-portage-en-lin-sont-elles-pratiques-au-quotidien\">Les \u00e9charpes de portage en lin sont-elles pratiques au quotidien ?<\/h2>\n\n  <div class=\"banner has-hover\" id=\"banner-936194774\">\n          <div class=\"banner-inner fill\">\n        <div class=\"banner-bg fill\" >\n            <img loading=\"lazy\" decoding=\"async\" width=\"600\" height=\"800\" src=\"https:\/\/mariblum.de\/wp-content\/uploads\/2019\/10\/leinen-ring-sling-rosa-nah2-scaled-e1576615208713.jpg\" class=\"bg attachment-large size-large\" alt=\"Rosa Leinen Ring Sling aus kontrolliert biologischem Anbau\" \/>                                    \n                    <\/div>\n\t\t\n        <div class=\"banner-layers container\">\n            <div class=\"fill banner-link\"><\/div>               <div id=\"text-box-999866383\" class=\"text-box banner-layer x50 md-x50 lg-x50 y50 md-y50 lg-y50 res-text\">\n                     <div data-animate=\"fadeIn\">           <div class=\"text-box-content text dark\">\n              \n              <div class=\"text-inner text-center\">\n                                <\/div>\n           <\/div>\n       <\/div>                     \n<style>\n#text-box-999866383 {\n  width: 60%;\n}\n#text-box-999866383 .text-box-content {\n  font-size: 100%;\n}\n@media (min-width:550px) {\n  #text-box-999866383 {\n    width: 60%;\n  }\n}\n<\/style>\n    <\/div>\n         <\/div>\n      <\/div>\n\n            \n<style>\n#banner-936194774 {\n  padding-top: 300px;\n}\n#banner-936194774 .banner-bg img {\n  object-position: 20% 50%;\n}\n<\/style>\n  <\/div>\n\n\n<p align=\"justify\">Les \u00e9charpes de portage en lin sont l\u00e9g\u00e8res et compactes, ce qui les rend id\u00e9ales pour les d\u00e9placements. Elles sont faciles \u00e0 ranger et pr\u00eates \u00e0 l&#8217;emploi rapidement. Que vous fassiez une promenade, des courses ou que vous voyagiez, une \u00e9charpe de portage en lin est un compagnon pratique.<\/p>\n<h2 id=\"les-echarpes-de-portage-en-lin-favorisent-elles-le-lien-et-le-bien-etre\">Les \u00e9charpes de portage en lin favorisent-elles le lien et le bien-\u00eatre ?<\/h2>\n\n  <div class=\"banner has-hover\" id=\"banner-1536567527\">\n          <div class=\"banner-inner fill\">\n        <div class=\"banner-bg fill\" >\n            <img loading=\"lazy\" decoding=\"async\" width=\"600\" height=\"800\" src=\"https:\/\/mariblum.de\/wp-content\/uploads\/2019\/10\/leinen-ring-sling-rosa-scaled-e1576614953654.jpg\" class=\"bg attachment-large size-large\" alt=\"Rosa Leinen Ring Sling aus kontrolliert biologischem Anbau\" \/>                                    \n                    <\/div>\n\t\t\n        <div class=\"banner-layers container\">\n            <div class=\"fill banner-link\"><\/div>               <div id=\"text-box-937167264\" class=\"text-box banner-layer x50 md-x50 lg-x50 y50 md-y50 lg-y50 res-text\">\n                     <div data-animate=\"fadeIn\">           <div class=\"text-box-content text dark\">\n              \n              <div class=\"text-inner text-center\">\n                                <\/div>\n           <\/div>\n       <\/div>                     \n<style>\n#text-box-937167264 {\n  width: 60%;\n}\n#text-box-937167264 .text-box-content {\n  font-size: 100%;\n}\n@media (min-width:550px) {\n  #text-box-937167264 {\n    width: 60%;\n  }\n}\n<\/style>\n    <\/div>\n         <\/div>\n      <\/div>\n\n            \n<style>\n#banner-1536567527 {\n  padding-top: 300px;\n}\n#banner-1536567527 .banner-bg img {\n  object-position: 75% 50%;\n}\n<\/style>\n  <\/div>\n\n\n<p align=\"justify\">Porter un b\u00e9b\u00e9 dans une \u00e9charpe de portage renforce le lien \u00e9motionnel entre vous et votre enfant. Votre b\u00e9b\u00e9 se sent en s\u00e9curit\u00e9 et prot\u00e9g\u00e9, ce qui favorise son bien-\u00eatre. Pour vous en tant que parent, cette proximit\u00e9 est \u00e9galement pr\u00e9cieuse et peut aider \u00e0 r\u00e9duire le stress.<\/p>\n<p>&nbsp;<\/p>\n<h2 id=\"en-resume\">En r\u00e9sum\u00e9<\/h2>\n<p align=\"justify\">Les \u00e9charpes de portage en lin sont un excellent choix pour l&rsquo;\u00e9t\u00e9. Elles sont respirantes, confortables, s\u00fbres, durables, styl\u00e9es et pratiques. De plus, elles favorisent le lien entre vous et votre b\u00e9b\u00e9. Si vous cherchez un porte-b\u00e9b\u00e9 pour rendre les journ\u00e9es chaudes plus faciles pour vous et votre b\u00e9b\u00e9, une \u00e9charpe de portage en lin est le choix id\u00e9al.<\/p>\n<p>&nbsp;<\/p>\n<hr \/>\n<h2>R\u00e9f\u00e9rences<\/h2>\n<ul>\n<li style=\"list-style-type: none;\">\n<ul>\n<li><span style=\"font-size: 80%;\"><em><span id=\"reference-1\">\u00b9 \u00ab\u00a0Les avantages des fibres naturelles en \u00e9t\u00e9\u00a0\u00bb<\/span><\/em><\/span> <em><span style=\"font-size: 75%;\">Journal of Textile Science, 2023.<\/span><\/em><\/li>\n<li><span style=\"font-size: 80%;\"><em><span id=\"reference-2\">\u00b2 \u00ab\u00a0Portage s\u00e9curis\u00e9 des b\u00e9b\u00e9s\u00a0\u00bb<\/span><\/em><\/span> <em><span style=\"font-size: 75%;\">Babywearing International, 2022.<\/span><\/em><\/li>\n<li><span style=\"font-size: 80%;\"><em><span id=\"reference-3\">\u00b3 \u00ab\u00a0Production textile durable\u00a0\u00bb<\/span><\/em><\/span> <em><span style=\"font-size: 75%;\">Environmental Textiles, 2023.<\/span><\/em><\/li>\n<\/ul>\n<\/li>\n<\/ul>\n","protected":false},"excerpt":{"rendered":"<p>L&rsquo;\u00e9t\u00e9 est arriv\u00e9, et de nombreux parents se demandent comment porter au mieux leurs b\u00e9b\u00e9s par ces temp\u00e9ratures \u00e9lev\u00e9es. Une option particuli\u00e8rement int\u00e9ressante est l&rsquo;\u00e9charpe de portage en lin. Ces porte-b\u00e9b\u00e9s offrent de nombreux avantages qui les rendent id\u00e9aux pour les mois chauds. Dans cet article, vous d\u00e9couvrirez pourquoi les \u00e9charpes de portage en lin [&#8230;]\n","protected":false},"author":1,"featured_media":7590,"comment_status":"closed","ping_status":"closed","sticky":false,"template":"","format":"standard","meta":{"footnotes":""},"categories":[998],"tags":[],"class_list":["post-16507","post","type-post","status-publish","format-standard","has-post-thumbnail","hentry","category-mariblum-actualites-porte-bebe"],"yoast_head":"<!-- This site is optimized with the Yoast SEO Premium plugin v23.3 (Yoast SEO v27.2) - https:\/\/yoast.com\/product\/yoast-seo-premium-wordpress\/ -->\n<title>Pourquoi les \u00e9charpes de portage en lin sont le meilleur choix pour l&#039;\u00e9t\u00e9 - mariblum - \u00c9charpe de portage<\/title>\n<meta name=\"description\" content=\"Dans cet article, vous d\u00e9couvrirez pourquoi les \u00e9charpes de portage en lin sont si recommand\u00e9es et comment elles peuvent faciliter l&#039;\u00e9t\u00e9 pour vous et votre b\u00e9b\u00e9.\" \/>\n<meta name=\"robots\" content=\"index, follow, max-snippet:-1, max-image-preview:large, max-video-preview:-1\" \/>\n<link rel=\"canonical\" href=\"https:\/\/mariblum.de\/fr\/pourquoi-les-echarpes-de-portage-en-lin-sont-le-meilleur-choix-pour-lete\/\" \/>\n<meta property=\"og:locale\" content=\"fr_FR\" \/>\n<meta property=\"og:type\" content=\"article\" \/>\n<meta property=\"og:title\" content=\"Pourquoi les \u00e9charpes de portage en lin sont le meilleur choix pour l&#039;\u00e9t\u00e9\" \/>\n<meta property=\"og:description\" content=\"Dans cet article, vous d\u00e9couvrirez pourquoi les \u00e9charpes de portage en lin sont si recommand\u00e9es et comment elles peuvent faciliter l&#039;\u00e9t\u00e9 pour vous et votre b\u00e9b\u00e9.\" \/>\n<meta property=\"og:url\" content=\"https:\/\/mariblum.de\/fr\/pourquoi-les-echarpes-de-portage-en-lin-sont-le-meilleur-choix-pour-lete\/\" \/>\n<meta property=\"og:site_name\" content=\"mariblum - \u00c9charpe de portage\" \/>\n<meta property=\"article:published_time\" content=\"2024-07-05T06:33:47+00:00\" \/>\n<meta property=\"article:modified_time\" content=\"2024-07-09T11:05:36+00:00\" \/>\n<meta property=\"og:image\" content=\"https:\/\/mariblum.de\/wp-content\/uploads\/2019\/10\/gr\u00fcner-leinen-ring-sling-nah-scaled-e1576671607519.jpg\" \/>\n\t<meta property=\"og:image:width\" content=\"600\" \/>\n\t<meta property=\"og:image:height\" content=\"800\" \/>\n\t<meta property=\"og:image:type\" content=\"image\/jpeg\" \/>\n<meta name=\"author\" content=\"mariblum\" \/>\n<meta name=\"twitter:card\" content=\"summary_large_image\" \/>\n<meta name=\"twitter:label1\" content=\"\u00c9crit par\" \/>\n\t<meta name=\"twitter:data1\" content=\"mariblum\" \/>\n\t<meta name=\"twitter:label2\" content=\"Dur\u00e9e de lecture estim\u00e9e\" \/>\n\t<meta name=\"twitter:data2\" content=\"4 minutes\" \/>\n<script type=\"application\/ld+json\" class=\"yoast-schema-graph\">{\"@context\":\"https:\/\/schema.org\",\"@graph\":[{\"@type\":\"Article\",\"@id\":\"https:\/\/mariblum.de\/fr\/pourquoi-les-echarpes-de-portage-en-lin-sont-le-meilleur-choix-pour-lete\/#article\",\"isPartOf\":{\"@id\":\"https:\/\/mariblum.de\/fr\/pourquoi-les-echarpes-de-portage-en-lin-sont-le-meilleur-choix-pour-lete\/\"},\"author\":{\"name\":\"mariblum\",\"@id\":\"https:\/\/mariblum.de\/fr\/#\/schema\/person\/0f48a4840cefc156d4d2deb5e4b294d0\"},\"headline\":\"Pourquoi les \u00e9charpes de portage en lin sont le meilleur choix pour l&rsquo;\u00e9t\u00e9\",\"datePublished\":\"2024-07-05T06:33:47+00:00\",\"dateModified\":\"2024-07-09T11:05:36+00:00\",\"mainEntityOfPage\":{\"@id\":\"https:\/\/mariblum.de\/fr\/pourquoi-les-echarpes-de-portage-en-lin-sont-le-meilleur-choix-pour-lete\/\"},\"wordCount\":767,\"publisher\":{\"@id\":\"https:\/\/mariblum.de\/fr\/#organization\"},\"image\":{\"@id\":\"https:\/\/mariblum.de\/fr\/pourquoi-les-echarpes-de-portage-en-lin-sont-le-meilleur-choix-pour-lete\/#primaryimage\"},\"thumbnailUrl\":\"https:\/\/mariblum.de\/wp-content\/uploads\/2019\/10\/gr\u00fcner-leinen-ring-sling-nah-scaled-e1576671607519.jpg\",\"articleSection\":[\"mariblum - Actualit\u00e9s porte b\u00e9b\u00e9\"],\"inLanguage\":\"fr-FR\"},{\"@type\":\"WebPage\",\"@id\":\"https:\/\/mariblum.de\/fr\/pourquoi-les-echarpes-de-portage-en-lin-sont-le-meilleur-choix-pour-lete\/\",\"url\":\"https:\/\/mariblum.de\/fr\/pourquoi-les-echarpes-de-portage-en-lin-sont-le-meilleur-choix-pour-lete\/\",\"name\":\"Pourquoi les \u00e9charpes de portage en lin sont le meilleur choix pour l'\u00e9t\u00e9 - mariblum - \u00c9charpe de portage\",\"isPartOf\":{\"@id\":\"https:\/\/mariblum.de\/fr\/#website\"},\"primaryImageOfPage\":{\"@id\":\"https:\/\/mariblum.de\/fr\/pourquoi-les-echarpes-de-portage-en-lin-sont-le-meilleur-choix-pour-lete\/#primaryimage\"},\"image\":{\"@id\":\"https:\/\/mariblum.de\/fr\/pourquoi-les-echarpes-de-portage-en-lin-sont-le-meilleur-choix-pour-lete\/#primaryimage\"},\"thumbnailUrl\":\"https:\/\/mariblum.de\/wp-content\/uploads\/2019\/10\/gr\u00fcner-leinen-ring-sling-nah-scaled-e1576671607519.jpg\",\"datePublished\":\"2024-07-05T06:33:47+00:00\",\"dateModified\":\"2024-07-09T11:05:36+00:00\",\"description\":\"Dans cet article, vous d\u00e9couvrirez pourquoi les \u00e9charpes de portage en lin sont si recommand\u00e9es et comment elles peuvent faciliter l'\u00e9t\u00e9 pour vous et votre b\u00e9b\u00e9.\",\"breadcrumb\":{\"@id\":\"https:\/\/mariblum.de\/fr\/pourquoi-les-echarpes-de-portage-en-lin-sont-le-meilleur-choix-pour-lete\/#breadcrumb\"},\"inLanguage\":\"fr-FR\",\"potentialAction\":[{\"@type\":\"ReadAction\",\"target\":[\"https:\/\/mariblum.de\/fr\/pourquoi-les-echarpes-de-portage-en-lin-sont-le-meilleur-choix-pour-lete\/\"]}]},{\"@type\":\"ImageObject\",\"inLanguage\":\"fr-FR\",\"@id\":\"https:\/\/mariblum.de\/fr\/pourquoi-les-echarpes-de-portage-en-lin-sont-le-meilleur-choix-pour-lete\/#primaryimage\",\"url\":\"https:\/\/mariblum.de\/wp-content\/uploads\/2019\/10\/gr\u00fcner-leinen-ring-sling-nah-scaled-e1576671607519.jpg\",\"contentUrl\":\"https:\/\/mariblum.de\/wp-content\/uploads\/2019\/10\/gr\u00fcner-leinen-ring-sling-nah-scaled-e1576671607519.jpg\",\"width\":600,\"height\":800,\"caption\":\"champ-de-brouillard-sling-en-lin\"},{\"@type\":\"BreadcrumbList\",\"@id\":\"https:\/\/mariblum.de\/fr\/pourquoi-les-echarpes-de-portage-en-lin-sont-le-meilleur-choix-pour-lete\/#breadcrumb\",\"itemListElement\":[{\"@type\":\"ListItem\",\"position\":1,\"name\":\"Startseite\",\"item\":\"https:\/\/mariblum.de\/fr\/\"},{\"@type\":\"ListItem\",\"position\":2,\"name\":\"Pourquoi les \u00e9charpes de portage en lin sont le meilleur choix pour l&#8217;\u00e9t\u00e9\"}]},{\"@type\":\"WebSite\",\"@id\":\"https:\/\/mariblum.de\/fr\/#website\",\"url\":\"https:\/\/mariblum.de\/fr\/\",\"name\":\"mariblum Traget\u00fccher\",\"description\":\"la fa\u00e7on naturelle de porter votre b\u00e9b\u00e9\",\"publisher\":{\"@id\":\"https:\/\/mariblum.de\/fr\/#organization\"},\"potentialAction\":[{\"@type\":\"SearchAction\",\"target\":{\"@type\":\"EntryPoint\",\"urlTemplate\":\"https:\/\/mariblum.de\/fr\/?s={search_term_string}\"},\"query-input\":{\"@type\":\"PropertyValueSpecification\",\"valueRequired\":true,\"valueName\":\"search_term_string\"}}],\"inLanguage\":\"fr-FR\"},{\"@type\":\"Organization\",\"@id\":\"https:\/\/mariblum.de\/fr\/#organization\",\"name\":\"mariblum\",\"url\":\"https:\/\/mariblum.de\/fr\/\",\"logo\":{\"@type\":\"ImageObject\",\"inLanguage\":\"fr-FR\",\"@id\":\"https:\/\/mariblum.de\/fr\/#\/schema\/logo\/image\/\",\"url\":\"https:\/\/mariblum.de\/wp-content\/uploads\/2020\/07\/logo_m-500x_transparent.png\",\"contentUrl\":\"https:\/\/mariblum.de\/wp-content\/uploads\/2020\/07\/logo_m-500x_transparent.png\",\"width\":500,\"height\":500,\"caption\":\"mariblum\"},\"image\":{\"@id\":\"https:\/\/mariblum.de\/fr\/#\/schema\/logo\/image\/\"},\"sameAs\":[\"https:\/\/www.instagram.com\/_mariblum_\/\"]},{\"@type\":\"Person\",\"@id\":\"https:\/\/mariblum.de\/fr\/#\/schema\/person\/0f48a4840cefc156d4d2deb5e4b294d0\",\"name\":\"mariblum\",\"url\":\"https:\/\/mariblum.de\/fr\/author\/mariblum\/\"}]}<\/script>\n<!-- \/ Yoast SEO Premium plugin. -->","yoast_head_json":{"title":"Pourquoi les \u00e9charpes de portage en lin sont le meilleur choix pour l'\u00e9t\u00e9 - mariblum - \u00c9charpe de portage","description":"Dans cet article, vous d\u00e9couvrirez pourquoi les \u00e9charpes de portage en lin sont si recommand\u00e9es et comment elles peuvent faciliter l'\u00e9t\u00e9 pour vous et votre b\u00e9b\u00e9.","robots":{"index":"index","follow":"follow","max-snippet":"max-snippet:-1","max-image-preview":"max-image-preview:large","max-video-preview":"max-video-preview:-1"},"canonical":"https:\/\/mariblum.de\/fr\/pourquoi-les-echarpes-de-portage-en-lin-sont-le-meilleur-choix-pour-lete\/","og_locale":"fr_FR","og_type":"article","og_title":"Pourquoi les \u00e9charpes de portage en lin sont le meilleur choix pour l'\u00e9t\u00e9","og_description":"Dans cet article, vous d\u00e9couvrirez pourquoi les \u00e9charpes de portage en lin sont si recommand\u00e9es et comment elles peuvent faciliter l'\u00e9t\u00e9 pour vous et votre b\u00e9b\u00e9.","og_url":"https:\/\/mariblum.de\/fr\/pourquoi-les-echarpes-de-portage-en-lin-sont-le-meilleur-choix-pour-lete\/","og_site_name":"mariblum - \u00c9charpe de portage","article_published_time":"2024-07-05T06:33:47+00:00","article_modified_time":"2024-07-09T11:05:36+00:00","og_image":[{"width":600,"height":800,"url":"https:\/\/mariblum.de\/wp-content\/uploads\/2019\/10\/gr\u00fcner-leinen-ring-sling-nah-scaled-e1576671607519.jpg","type":"image\/jpeg"}],"author":"mariblum","twitter_card":"summary_large_image","twitter_misc":{"\u00c9crit par":"mariblum","Dur\u00e9e de lecture estim\u00e9e":"4 minutes"},"schema":{"@context":"https:\/\/schema.org","@graph":[{"@type":"Article","@id":"https:\/\/mariblum.de\/fr\/pourquoi-les-echarpes-de-portage-en-lin-sont-le-meilleur-choix-pour-lete\/#article","isPartOf":{"@id":"https:\/\/mariblum.de\/fr\/pourquoi-les-echarpes-de-portage-en-lin-sont-le-meilleur-choix-pour-lete\/"},"author":{"name":"mariblum","@id":"https:\/\/mariblum.de\/fr\/#\/schema\/person\/0f48a4840cefc156d4d2deb5e4b294d0"},"headline":"Pourquoi les \u00e9charpes de portage en lin sont le meilleur choix pour l&rsquo;\u00e9t\u00e9","datePublished":"2024-07-05T06:33:47+00:00","dateModified":"2024-07-09T11:05:36+00:00","mainEntityOfPage":{"@id":"https:\/\/mariblum.de\/fr\/pourquoi-les-echarpes-de-portage-en-lin-sont-le-meilleur-choix-pour-lete\/"},"wordCount":767,"publisher":{"@id":"https:\/\/mariblum.de\/fr\/#organization"},"image":{"@id":"https:\/\/mariblum.de\/fr\/pourquoi-les-echarpes-de-portage-en-lin-sont-le-meilleur-choix-pour-lete\/#primaryimage"},"thumbnailUrl":"https:\/\/mariblum.de\/wp-content\/uploads\/2019\/10\/gr\u00fcner-leinen-ring-sling-nah-scaled-e1576671607519.jpg","articleSection":["mariblum - Actualit\u00e9s porte b\u00e9b\u00e9"],"inLanguage":"fr-FR"},{"@type":"WebPage","@id":"https:\/\/mariblum.de\/fr\/pourquoi-les-echarpes-de-portage-en-lin-sont-le-meilleur-choix-pour-lete\/","url":"https:\/\/mariblum.de\/fr\/pourquoi-les-echarpes-de-portage-en-lin-sont-le-meilleur-choix-pour-lete\/","name":"Pourquoi les \u00e9charpes de portage en lin sont le meilleur choix pour l'\u00e9t\u00e9 - mariblum - \u00c9charpe de portage","isPartOf":{"@id":"https:\/\/mariblum.de\/fr\/#website"},"primaryImageOfPage":{"@id":"https:\/\/mariblum.de\/fr\/pourquoi-les-echarpes-de-portage-en-lin-sont-le-meilleur-choix-pour-lete\/#primaryimage"},"image":{"@id":"https:\/\/mariblum.de\/fr\/pourquoi-les-echarpes-de-portage-en-lin-sont-le-meilleur-choix-pour-lete\/#primaryimage"},"thumbnailUrl":"https:\/\/mariblum.de\/wp-content\/uploads\/2019\/10\/gr\u00fcner-leinen-ring-sling-nah-scaled-e1576671607519.jpg","datePublished":"2024-07-05T06:33:47+00:00","dateModified":"2024-07-09T11:05:36+00:00","description":"Dans cet article, vous d\u00e9couvrirez pourquoi les \u00e9charpes de portage en lin sont si recommand\u00e9es et comment elles peuvent faciliter l'\u00e9t\u00e9 pour vous et votre b\u00e9b\u00e9.","breadcrumb":{"@id":"https:\/\/mariblum.de\/fr\/pourquoi-les-echarpes-de-portage-en-lin-sont-le-meilleur-choix-pour-lete\/#breadcrumb"},"inLanguage":"fr-FR","potentialAction":[{"@type":"ReadAction","target":["https:\/\/mariblum.de\/fr\/pourquoi-les-echarpes-de-portage-en-lin-sont-le-meilleur-choix-pour-lete\/"]}]},{"@type":"ImageObject","inLanguage":"fr-FR","@id":"https:\/\/mariblum.de\/fr\/pourquoi-les-echarpes-de-portage-en-lin-sont-le-meilleur-choix-pour-lete\/#primaryimage","url":"https:\/\/mariblum.de\/wp-content\/uploads\/2019\/10\/gr\u00fcner-leinen-ring-sling-nah-scaled-e1576671607519.jpg","contentUrl":"https:\/\/mariblum.de\/wp-content\/uploads\/2019\/10\/gr\u00fcner-leinen-ring-sling-nah-scaled-e1576671607519.jpg","width":600,"height":800,"caption":"champ-de-brouillard-sling-en-lin"},{"@type":"BreadcrumbList","@id":"https:\/\/mariblum.de\/fr\/pourquoi-les-echarpes-de-portage-en-lin-sont-le-meilleur-choix-pour-lete\/#breadcrumb","itemListElement":[{"@type":"ListItem","position":1,"name":"Startseite","item":"https:\/\/mariblum.de\/fr\/"},{"@type":"ListItem","position":2,"name":"Pourquoi les \u00e9charpes de portage en lin sont le meilleur choix pour l&#8217;\u00e9t\u00e9"}]},{"@type":"WebSite","@id":"https:\/\/mariblum.de\/fr\/#website","url":"https:\/\/mariblum.de\/fr\/","name":"mariblum Traget\u00fccher","description":"la fa\u00e7on naturelle de porter votre b\u00e9b\u00e9","publisher":{"@id":"https:\/\/mariblum.de\/fr\/#organization"},"potentialAction":[{"@type":"SearchAction","target":{"@type":"EntryPoint","urlTemplate":"https:\/\/mariblum.de\/fr\/?s={search_term_string}"},"query-input":{"@type":"PropertyValueSpecification","valueRequired":true,"valueName":"search_term_string"}}],"inLanguage":"fr-FR"},{"@type":"Organization","@id":"https:\/\/mariblum.de\/fr\/#organization","name":"mariblum","url":"https:\/\/mariblum.de\/fr\/","logo":{"@type":"ImageObject","inLanguage":"fr-FR","@id":"https:\/\/mariblum.de\/fr\/#\/schema\/logo\/image\/","url":"https:\/\/mariblum.de\/wp-content\/uploads\/2020\/07\/logo_m-500x_transparent.png","contentUrl":"https:\/\/mariblum.de\/wp-content\/uploads\/2020\/07\/logo_m-500x_transparent.png","width":500,"height":500,"caption":"mariblum"},"image":{"@id":"https:\/\/mariblum.de\/fr\/#\/schema\/logo\/image\/"},"sameAs":["https:\/\/www.instagram.com\/_mariblum_\/"]},{"@type":"Person","@id":"https:\/\/mariblum.de\/fr\/#\/schema\/person\/0f48a4840cefc156d4d2deb5e4b294d0","name":"mariblum","url":"https:\/\/mariblum.de\/fr\/author\/mariblum\/"}]}},"_links":{"self":[{"href":"https:\/\/mariblum.de\/fr\/wp-json\/wp\/v2\/posts\/16507","targetHints":{"allow":["GET"]}}],"collection":[{"href":"https:\/\/mariblum.de\/fr\/wp-json\/wp\/v2\/posts"}],"about":[{"href":"https:\/\/mariblum.de\/fr\/wp-json\/wp\/v2\/types\/post"}],"author":[{"embeddable":true,"href":"https:\/\/mariblum.de\/fr\/wp-json\/wp\/v2\/users\/1"}],"replies":[{"embeddable":true,"href":"https:\/\/mariblum.de\/fr\/wp-json\/wp\/v2\/comments?post=16507"}],"version-history":[{"count":0,"href":"https:\/\/mariblum.de\/fr\/wp-json\/wp\/v2\/posts\/16507\/revisions"}],"wp:featuredmedia":[{"embeddable":true,"href":"https:\/\/mariblum.de\/fr\/wp-json\/wp\/v2\/media\/7590"}],"wp:attachment":[{"href":"https:\/\/mariblum.de\/fr\/wp-json\/wp\/v2\/media?parent=16507"}],"wp:term":[{"taxonomy":"category","embeddable":true,"href":"https:\/\/mariblum.de\/fr\/wp-json\/wp\/v2\/categories?post=16507"},{"taxonomy":"post_tag","embeddable":true,"href":"https:\/\/mariblum.de\/fr\/wp-json\/wp\/v2\/tags?post=16507"}],"curies":[{"name":"wp","href":"https:\/\/api.w.org\/{rel}","templated":true}]}}