{"id":16439,"date":"2024-06-21T04:32:23","date_gmt":"2024-06-21T04:32:23","guid":{"rendered":"https:\/\/mariblum.de\/?p=16439"},"modified":"2024-06-21T05:34:49","modified_gmt":"2024-06-21T05:34:49","slug":"limportance-des-echarpes-de-portage-pour-le-lien-entre-les-parents-et-lenfant","status":"publish","type":"post","link":"https:\/\/mariblum.de\/fr\/limportance-des-echarpes-de-portage-pour-le-lien-entre-les-parents-et-lenfant\/","title":{"rendered":"L&rsquo;importance des \u00e9charpes de portage pour le lien entre les parents et l&rsquo;enfant"},"content":{"rendered":"<p class=\"lead\" align=\"justify\">Le d\u00e9veloppement de la petite enfance est une phase critique dans la vie d&rsquo;une personne. C&rsquo;est au cours de cette p\u00e9riode que sont jet\u00e9es les bases du bien-\u00eatre \u00e9motionnel, des comp\u00e9tences sociales et du d\u00e9veloppement cognitif. Un aspect essentiel de ce d\u00e9veloppement est le lien entre l&rsquo;enfant et les personnes qui s&rsquo;occupent de lui. La proximit\u00e9 et l&rsquo;attachement jouent un r\u00f4le crucial dans la mani\u00e8re dont l&rsquo;enfant per\u00e7oit le monde et interagit avec lui. Dans cet article, nous examinons l&rsquo;importance de la proximit\u00e9 et de l&rsquo;attachement dans les premi\u00e8res ann\u00e9es de la vie et leurs effets \u00e0 long terme.<\/p>\n<p><strong>Table des mati\u00e8res<\/strong><\/p>\n<ol>\n<li style=\"list-style-type: none;\">\n<ol>\n<li><a href=\"#Quel-est-le-lien-entre-la-proximit\u00e9-physique-et-la-s\u00e9curit\u00e9-\u00e9motionnelle-et-le-portage\">Quel est le lien entre la proximit\u00e9 physique et la s\u00e9curit\u00e9 \u00e9motionnelle et le portage ?<\/a><\/li>\n<li><a href=\"#Comment-le-portage-favorise-t-il-la-confiance-de-base\">Comment le portage favorise-t-il la confiance de base ?<\/a><\/li>\n<li><a href=\"#Comment-le-portage-r\u00e9duit-il-la-d\u00e9pression-post-partum\">Comment le portage r\u00e9duit-il la d\u00e9pression post-partum ?<\/a><\/li>\n<li><a href=\"#Quels-sont-les-aspects-pratiques-du-portage\">Quels sont les aspects pratiques du portage ?<\/a><\/li>\n<li><a href=\"#Quels-sont-les-effets-\u00e0-long-terme-sur-la-relation-parent-enfant\">Quels sont les effets \u00e0 long terme sur la relation parent-enfant ?<\/a><\/li>\n<li><a href=\"#R\u00e9sum\u00e9\">R\u00e9sum\u00e9<\/a><\/li>\n<\/ol>\n<\/li>\n<\/ol>\n<h2 id=\"Quel-est-le-lien-entre-la-proximit\u00e9-physique-et-la-s\u00e9curit\u00e9-\u00e9motionnelle-et-le-portageQuel-est-le-lien-entre-la-proximit\u00e9-physique-et-la-s\u00e9curit\u00e9-\u00e9motionnelle-et-le-portage\">Quel est le lien entre la proximit\u00e9 physique et la s\u00e9curit\u00e9 \u00e9motionnelle et le portage ?<\/h2>\n\n  <div class=\"banner has-hover\" id=\"banner-524226783\">\n          <div class=\"banner-inner fill\">\n        <div class=\"banner-bg fill\" >\n            <img loading=\"lazy\" decoding=\"async\" width=\"534\" height=\"800\" src=\"https:\/\/mariblum.de\/wp-content\/uploads\/2022\/05\/tragetuch-aus-hanf-stuff-of-dreams-baby-im-tragetuch-nachhaltig-oekologisch.jpg\" class=\"bg attachment-large size-large\" alt=\"tragetuch-aus-hanf-stuff-of-dreams-baby-im-tragetuch-nachhaltig-\u00f6kologisch\" \/>                                    \n                    <\/div>\n\t\t\n        <div class=\"banner-layers container\">\n            <div class=\"fill banner-link\"><\/div>               <div id=\"text-box-1381986729\" class=\"text-box banner-layer x50 md-x50 lg-x50 y50 md-y50 lg-y50 res-text\">\n                     <div data-animate=\"fadeIn\">           <div class=\"text-box-content text dark\">\n              \n              <div class=\"text-inner text-center\">\n                                <\/div>\n           <\/div>\n       <\/div>                     \n<style>\n#text-box-1381986729 {\n  width: 60%;\n}\n#text-box-1381986729 .text-box-content {\n  font-size: 100%;\n}\n@media (min-width:550px) {\n  #text-box-1381986729 {\n    width: 60%;\n  }\n}\n<\/style>\n    <\/div>\n         <\/div>\n      <\/div>\n\n            \n<style>\n#banner-524226783 {\n  padding-top: 300px;\n}\n#banner-524226783 .banner-bg img {\n  object-position: 20% 50%;\n}\n<\/style>\n  <\/div>\n\n\n<p align=\"justify\">L&rsquo;attachement est le lien affectif qui se d\u00e9veloppe entre un enfant et les personnes qui s&rsquo;occupent de lui. Ce lien commence d\u00e8s les premiers mois de la vie et se caract\u00e9rise par des interactions r\u00e9p\u00e9t\u00e9es qui donnent \u00e0 l&rsquo;enfant un sentiment de s\u00e9curit\u00e9. Selon la th\u00e9orie de l&rsquo;attachement de John Bowlby, un lien s\u00e9curisant est la base d&rsquo;une croissance psychologique et sociale saine. Les enfants qui d\u00e9veloppent un attachement s\u00e9curisant avec leurs parents ou les personnes qui s&rsquo;occupent d&rsquo;eux montrent g\u00e9n\u00e9ralement moins d&rsquo;anxi\u00e9t\u00e9 et de stress, une plus grande intelligence \u00e9motionnelle et de meilleures aptitudes sociales.<\/p>\n<div class=\"woocommerce columns-4 \"><div class=\"products row row-small large-columns-4 medium-columns-3 small-columns-2\">\n<div class=\"product-small col has-hover product type-product post-7582 status-publish first instock product_cat-fr-slings-en-lin product_cat-tissus-en-lin product_tag-biologica-fr-2 product_tag-lin product_tag-rose-fr product_tag-sling-fr has-post-thumbnail featured purchasable product-type-variable has-product-safety-information\">\n\t<div class=\"col-inner\">\n\t\n<div class=\"badge-container absolute left top z-1\">\n\n<\/div>\n\t<div class=\"product-small box \">\n\t\t<div class=\"box-image\">\n\t\t\t<div class=\"image-fade_in_back\">\n\t\t\t\t<a href=\"https:\/\/mariblum.de\/fr\/produkt\/rose-de-laube-sling-en-lin\/\">\n\t\t\t\t\t<img loading=\"lazy\" decoding=\"async\" width=\"247\" height=\"247\" src=\"https:\/\/mariblum.de\/wp-content\/uploads\/2019\/10\/leinen-tragetuch-rosa-nah-scaled-e1576526928588-247x247.jpg\" class=\"attachment-woocommerce_thumbnail size-woocommerce_thumbnail\" alt=\"rose-de-laube-sling-en-lin\" srcset=\"https:\/\/mariblum.de\/wp-content\/uploads\/2019\/10\/leinen-tragetuch-rosa-nah-scaled-e1576526928588-247x247.jpg 247w, https:\/\/mariblum.de\/wp-content\/uploads\/2019\/10\/leinen-tragetuch-rosa-nah-scaled-e1576526928588-100x100.jpg 100w, https:\/\/mariblum.de\/wp-content\/uploads\/2019\/10\/leinen-tragetuch-rosa-nah-scaled-e1576526928588-150x150.jpg 150w\" sizes=\"auto, (max-width: 247px) 100vw, 247px\" \/><img loading=\"lazy\" decoding=\"async\" width=\"247\" height=\"247\" src=\"https:\/\/mariblum.de\/wp-content\/uploads\/2019\/10\/roter-ring-sling-gebunden-aus-leinen-trageberatung-247x247.png\" class=\"show-on-hover absolute fill hide-for-small back-image\" alt=\"rose-de-laube-sling-en-lin\" aria-hidden=\"true\" srcset=\"https:\/\/mariblum.de\/wp-content\/uploads\/2019\/10\/roter-ring-sling-gebunden-aus-leinen-trageberatung-247x247.png 247w, https:\/\/mariblum.de\/wp-content\/uploads\/2019\/10\/roter-ring-sling-gebunden-aus-leinen-trageberatung-100x100.png 100w\" sizes=\"auto, (max-width: 247px) 100vw, 247px\" \/>\t\t\t\t<\/a>\n\t\t\t<\/div>\n\t\t\t<div class=\"image-tools is-small top right show-on-hover\">\n\t\t\t\t\t\t\t<\/div>\n\t\t\t<div class=\"image-tools is-small hide-for-small bottom left show-on-hover\">\n\t\t\t\t\t\t\t<\/div>\n\t\t\t<div class=\"image-tools grid-tools text-center hide-for-small bottom hover-slide-in show-on-hover\">\n\t\t\t\t<a href=\"#quick-view\" class=\"quick-view\" role=\"button\" data-prod=\"7582\" aria-haspopup=\"dialog\" aria-expanded=\"false\" data-flatsome-role-button>Aper\u00e7u<\/a>\t\t\t<\/div>\n\t\t\t\t\t<\/div>\n\n\t\t<div class=\"box-text box-text-products text-center grid-style-2\">\n\t\t\t<div class=\"title-wrapper\">\t\t<p class=\"category uppercase is-smaller no-text-overflow product-cat op-8\">\n\t\t\t\u00c9charpes en lin\t\t<\/p>\n\t<p class=\"name product-title woocommerce-loop-product__title\"><a href=\"https:\/\/mariblum.de\/fr\/produkt\/rose-de-laube-sling-en-lin\/\" class=\"woocommerce-LoopProduct-link woocommerce-loop-product__link\">Ros\u00e9 de l\u2019aube (\u00e9charpe en lin)<\/a><\/p><\/div><div class=\"price-wrapper\">\n\t<span class=\"price\"><span class=\"woocommerce-Price-amount amount\"><bdi>144,95&nbsp;<span class=\"woocommerce-Price-currencySymbol\">&euro;<\/span><\/bdi><\/span><\/span>\n\n\n\n<\/div>\t\t<\/div>\n\t<\/div>\n\t\n<span class=\"gtm4wp_productdata\" style=\"display:none; visibility:hidden;\" data-gtm4wp_product_data=\"{&quot;internal_id&quot;:7582,&quot;item_id&quot;:7582,&quot;item_name&quot;:&quot;Ros\\u00e9 de l\\u2019aube (\\u00e9charpe en lin)&quot;,&quot;sku&quot;:7582,&quot;price&quot;:144.95,&quot;stocklevel&quot;:null,&quot;stockstatus&quot;:&quot;instock&quot;,&quot;google_business_vertical&quot;:&quot;retail&quot;,&quot;item_category&quot;:&quot;\\u00c9charpes en lin&quot;,&quot;id&quot;:7582,&quot;productlink&quot;:&quot;https:\\\/\\\/mariblum.de\\\/fr\\\/produkt\\\/rose-de-laube-sling-en-lin\\\/&quot;,&quot;item_list_name&quot;:&quot;Produits mis en avant&quot;,&quot;index&quot;:1,&quot;product_type&quot;:&quot;variable&quot;,&quot;item_brand&quot;:&quot;&quot;}\"><\/span>\t<\/div>\n<\/div><div class=\"product-small col has-hover product type-product post-16045 status-publish instock product_cat-fr-ring-slings product_cat-fr-ring-slings-en-chanvre product_cat-tissus-de-chanvre product_tag-brun product_tag-chanvre product_tag-sling-fr has-post-thumbnail featured purchasable product-type-variable has-default-attributes has-product-safety-information\">\n\t<div class=\"col-inner\">\n\t\n<div class=\"badge-container absolute left top z-1\">\n\n<\/div>\n\t<div class=\"product-small box \">\n\t\t<div class=\"box-image\">\n\t\t\t<div class=\"image-fade_in_back\">\n\t\t\t\t<a href=\"https:\/\/mariblum.de\/fr\/produkt\/ecureuil-ring-sling\/\">\n\t\t\t\t\t<img loading=\"lazy\" decoding=\"async\" width=\"247\" height=\"247\" src=\"https:\/\/mariblum.de\/wp-content\/uploads\/2024\/04\/Eichhoernchen-Ring-Sling-Braun-aus-Hanf-seite-247x247.jpeg\" class=\"attachment-woocommerce_thumbnail size-woocommerce_thumbnail\" alt=\"\u00c9charpe anneau \u00e9cureuil Marron en chanvre\" srcset=\"https:\/\/mariblum.de\/wp-content\/uploads\/2024\/04\/Eichhoernchen-Ring-Sling-Braun-aus-Hanf-seite-247x247.jpeg 247w, https:\/\/mariblum.de\/wp-content\/uploads\/2024\/04\/Eichhoernchen-Ring-Sling-Braun-aus-Hanf-seite-100x100.jpeg 100w, https:\/\/mariblum.de\/wp-content\/uploads\/2024\/04\/Eichhoernchen-Ring-Sling-Braun-aus-Hanf-seite-150x150.jpeg 150w\" sizes=\"auto, (max-width: 247px) 100vw, 247px\" \/><img loading=\"lazy\" decoding=\"async\" width=\"247\" height=\"247\" src=\"https:\/\/mariblum.de\/wp-content\/uploads\/2024\/04\/Eichhoernchen-Ring-Sling-Braun-aus-Hanf-1-247x247.jpeg\" class=\"show-on-hover absolute fill hide-for-small back-image\" alt=\"\u00c9charpe anneau \u00e9cureuil Marron en chanvre\" aria-hidden=\"true\" srcset=\"https:\/\/mariblum.de\/wp-content\/uploads\/2024\/04\/Eichhoernchen-Ring-Sling-Braun-aus-Hanf-1-247x247.jpeg 247w, https:\/\/mariblum.de\/wp-content\/uploads\/2024\/04\/Eichhoernchen-Ring-Sling-Braun-aus-Hanf-1-100x100.jpeg 100w, https:\/\/mariblum.de\/wp-content\/uploads\/2024\/04\/Eichhoernchen-Ring-Sling-Braun-aus-Hanf-1-150x150.jpeg 150w\" sizes=\"auto, (max-width: 247px) 100vw, 247px\" \/>\t\t\t\t<\/a>\n\t\t\t<\/div>\n\t\t\t<div class=\"image-tools is-small top right show-on-hover\">\n\t\t\t\t\t\t\t<\/div>\n\t\t\t<div class=\"image-tools is-small hide-for-small bottom left show-on-hover\">\n\t\t\t\t\t\t\t<\/div>\n\t\t\t<div class=\"image-tools grid-tools text-center hide-for-small bottom hover-slide-in show-on-hover\">\n\t\t\t\t<a href=\"#quick-view\" class=\"quick-view\" role=\"button\" data-prod=\"16045\" aria-haspopup=\"dialog\" aria-expanded=\"false\" data-flatsome-role-button>Aper\u00e7u<\/a>\t\t\t<\/div>\n\t\t\t\t\t<\/div>\n\n\t\t<div class=\"box-text box-text-products text-center grid-style-2\">\n\t\t\t<div class=\"title-wrapper\">\t\t<p class=\"category uppercase is-smaller no-text-overflow product-cat op-8\">\n\t\t\tRing Slings\t\t<\/p>\n\t<p class=\"name product-title woocommerce-loop-product__title\"><a href=\"https:\/\/mariblum.de\/fr\/produkt\/ecureuil-ring-sling\/\" class=\"woocommerce-LoopProduct-link woocommerce-loop-product__link\">\u00c8cureuil &#8211; Ring Sling<\/a><\/p><\/div><div class=\"price-wrapper\">\n\t<span class=\"price\"><span class=\"woocommerce-Price-amount amount\"><bdi>109,95&nbsp;<span class=\"woocommerce-Price-currencySymbol\">&euro;<\/span><\/bdi><\/span><\/span>\n\n\n\n<\/div>\t\t<\/div>\n\t<\/div>\n\t\n<span class=\"gtm4wp_productdata\" style=\"display:none; visibility:hidden;\" data-gtm4wp_product_data=\"{&quot;internal_id&quot;:16045,&quot;item_id&quot;:16045,&quot;item_name&quot;:&quot;\\u00c8cureuil - Ring Sling&quot;,&quot;sku&quot;:16045,&quot;price&quot;:109.95,&quot;stocklevel&quot;:null,&quot;stockstatus&quot;:&quot;instock&quot;,&quot;google_business_vertical&quot;:&quot;retail&quot;,&quot;item_category&quot;:&quot;Ring Slings&quot;,&quot;id&quot;:16045,&quot;productlink&quot;:&quot;https:\\\/\\\/mariblum.de\\\/fr\\\/produkt\\\/ecureuil-ring-sling\\\/&quot;,&quot;item_list_name&quot;:&quot;Produits mis en avant&quot;,&quot;index&quot;:2,&quot;product_type&quot;:&quot;variable&quot;,&quot;item_brand&quot;:&quot;&quot;}\"><\/span>\t<\/div>\n<\/div><div class=\"product-small col has-hover product type-product post-10652 status-publish instock product_cat-fr-ring-slings product_cat-fr-ring-slings-en-chanvre product_cat-tissus-de-chanvre product_tag-ringsling-fr product_tag-rose-fr-3 product_tag-rose-sombre product_tag-rouge has-post-thumbnail featured shipping-taxable purchasable product-type-variable has-product-safety-information\">\n\t<div class=\"col-inner\">\n\t\n<div class=\"badge-container absolute left top z-1\">\n\n<div class=\"badge callout badge-circle\"><div class=\"badge-inner callout-new-bg is-small new-bubble\">NOUVEAU<\/div><\/div><\/div>\n\t<div class=\"product-small box \">\n\t\t<div class=\"box-image\">\n\t\t\t<div class=\"image-fade_in_back\">\n\t\t\t\t<a href=\"https:\/\/mariblum.de\/fr\/produkt\/rouge-rose-sombre-echarpe-portage-bebe-ring-sling-en-chanvre-kiss-from-a-rose\/\">\n\t\t\t\t\t<img loading=\"lazy\" decoding=\"async\" width=\"247\" height=\"247\" src=\"https:\/\/mariblum.de\/wp-content\/uploads\/2022\/05\/ring-sling-aus-hanf-baby-richtig-tragen-im-tuch-kiss-from-a-rose-1-247x247.jpg\" class=\"attachment-woocommerce_thumbnail size-woocommerce_thumbnail\" alt=\"anneau-\u00e9charpe-en-chanvre-porte-b\u00e9b\u00e9-proprement-en-\u00e9charpe-kiss-from-a-rose\" srcset=\"https:\/\/mariblum.de\/wp-content\/uploads\/2022\/05\/ring-sling-aus-hanf-baby-richtig-tragen-im-tuch-kiss-from-a-rose-1-247x247.jpg 247w, https:\/\/mariblum.de\/wp-content\/uploads\/2022\/05\/ring-sling-aus-hanf-baby-richtig-tragen-im-tuch-kiss-from-a-rose-1-100x100.jpg 100w, https:\/\/mariblum.de\/wp-content\/uploads\/2022\/05\/ring-sling-aus-hanf-baby-richtig-tragen-im-tuch-kiss-from-a-rose-1-150x150.jpg 150w\" sizes=\"auto, (max-width: 247px) 100vw, 247px\" \/><img loading=\"lazy\" decoding=\"async\" width=\"247\" height=\"247\" src=\"https:\/\/mariblum.de\/wp-content\/uploads\/2022\/05\/hanf-ring-sling-baby-richtig-tragen-trageberatung-kiss-from-a-rose-247x247.jpg\" class=\"show-on-hover absolute fill hide-for-small back-image\" alt=\"chanvre-ring-sling-bebe-porter-correctement-porter-conseils-kiss-from-a-rose\" aria-hidden=\"true\" srcset=\"https:\/\/mariblum.de\/wp-content\/uploads\/2022\/05\/hanf-ring-sling-baby-richtig-tragen-trageberatung-kiss-from-a-rose-247x247.jpg 247w, https:\/\/mariblum.de\/wp-content\/uploads\/2022\/05\/hanf-ring-sling-baby-richtig-tragen-trageberatung-kiss-from-a-rose-100x100.jpg 100w, https:\/\/mariblum.de\/wp-content\/uploads\/2022\/05\/hanf-ring-sling-baby-richtig-tragen-trageberatung-kiss-from-a-rose-150x150.jpg 150w\" sizes=\"auto, (max-width: 247px) 100vw, 247px\" \/>\t\t\t\t<\/a>\n\t\t\t<\/div>\n\t\t\t<div class=\"image-tools is-small top right show-on-hover\">\n\t\t\t\t\t\t\t<\/div>\n\t\t\t<div class=\"image-tools is-small hide-for-small bottom left show-on-hover\">\n\t\t\t\t\t\t\t<\/div>\n\t\t\t<div class=\"image-tools grid-tools text-center hide-for-small bottom hover-slide-in show-on-hover\">\n\t\t\t\t<a href=\"#quick-view\" class=\"quick-view\" role=\"button\" data-prod=\"10652\" aria-haspopup=\"dialog\" aria-expanded=\"false\" data-flatsome-role-button>Aper\u00e7u<\/a>\t\t\t<\/div>\n\t\t\t\t\t<\/div>\n\n\t\t<div class=\"box-text box-text-products text-center grid-style-2\">\n\t\t\t<div class=\"title-wrapper\">\t\t<p class=\"category uppercase is-smaller no-text-overflow product-cat op-8\">\n\t\t\tRing Slings\t\t<\/p>\n\t<p class=\"name product-title woocommerce-loop-product__title\"><a href=\"https:\/\/mariblum.de\/fr\/produkt\/rouge-rose-sombre-echarpe-portage-bebe-ring-sling-en-chanvre-kiss-from-a-rose\/\" class=\"woocommerce-LoopProduct-link woocommerce-loop-product__link\">Kiss from a rose (Ring Sling)<\/a><\/p><\/div><div class=\"price-wrapper\">\n\t<span class=\"price\"><span class=\"woocommerce-Price-amount amount\"><bdi>147,95&nbsp;<span class=\"woocommerce-Price-currencySymbol\">&euro;<\/span><\/bdi><\/span><\/span>\n\n\n\n<\/div>\t\t<\/div>\n\t<\/div>\n\t\n<span class=\"gtm4wp_productdata\" style=\"display:none; visibility:hidden;\" data-gtm4wp_product_data=\"{&quot;internal_id&quot;:10652,&quot;item_id&quot;:10652,&quot;item_name&quot;:&quot;Kiss from a rose (Ring Sling)&quot;,&quot;sku&quot;:10652,&quot;price&quot;:147.95,&quot;stocklevel&quot;:null,&quot;stockstatus&quot;:&quot;instock&quot;,&quot;google_business_vertical&quot;:&quot;retail&quot;,&quot;item_category&quot;:&quot;Ring Slings&quot;,&quot;id&quot;:10652,&quot;productlink&quot;:&quot;https:\\\/\\\/mariblum.de\\\/fr\\\/produkt\\\/rouge-rose-sombre-echarpe-portage-bebe-ring-sling-en-chanvre-kiss-from-a-rose\\\/&quot;,&quot;item_list_name&quot;:&quot;Produits mis en avant&quot;,&quot;index&quot;:3,&quot;product_type&quot;:&quot;variable&quot;,&quot;item_brand&quot;:&quot;&quot;}\"><\/span>\t<\/div>\n<\/div><div class=\"product-small col has-hover product type-product post-9203 status-publish last instock product_cat-fr-slings-en-chanvre-echarpe-de-portage product_cat-tissus-de-chanvre has-post-thumbnail featured shipping-taxable purchasable product-type-variable has-product-safety-information\">\n\t<div class=\"col-inner\">\n\t\n<div class=\"badge-container absolute left top z-1\">\n\n<\/div>\n\t<div class=\"product-small box \">\n\t\t<div class=\"box-image\">\n\t\t\t<div class=\"image-fade_in_back\">\n\t\t\t\t<a href=\"https:\/\/mariblum.de\/fr\/produkt\/pourpre-echarpe\/\">\n\t\t\t\t\t<img loading=\"lazy\" decoding=\"async\" width=\"247\" height=\"247\" src=\"https:\/\/mariblum.de\/wp-content\/uploads\/2021\/01\/lila-tragetuch-baby-schlafen-247x247.jpg\" class=\"attachment-woocommerce_thumbnail size-woocommerce_thumbnail\" alt=\"lila-tragetuch-baby-schlafen\" srcset=\"https:\/\/mariblum.de\/wp-content\/uploads\/2021\/01\/lila-tragetuch-baby-schlafen-247x247.jpg 247w, https:\/\/mariblum.de\/wp-content\/uploads\/2021\/01\/lila-tragetuch-baby-schlafen-100x100.jpg 100w, https:\/\/mariblum.de\/wp-content\/uploads\/2021\/01\/lila-tragetuch-baby-schlafen-150x150.jpg 150w\" sizes=\"auto, (max-width: 247px) 100vw, 247px\" \/><img loading=\"lazy\" decoding=\"async\" width=\"247\" height=\"247\" src=\"https:\/\/mariblum.de\/wp-content\/uploads\/2021\/01\/lila-tragetuch-richtig-binden-aus-hanf-247x247.jpg\" class=\"show-on-hover absolute fill hide-for-small back-image\" alt=\"Alternative view of Pourpre (\u00e9charpe)\" aria-hidden=\"true\" srcset=\"https:\/\/mariblum.de\/wp-content\/uploads\/2021\/01\/lila-tragetuch-richtig-binden-aus-hanf-247x247.jpg 247w, https:\/\/mariblum.de\/wp-content\/uploads\/2021\/01\/lila-tragetuch-richtig-binden-aus-hanf-100x100.jpg 100w, https:\/\/mariblum.de\/wp-content\/uploads\/2021\/01\/lila-tragetuch-richtig-binden-aus-hanf-150x150.jpg 150w\" sizes=\"auto, (max-width: 247px) 100vw, 247px\" \/>\t\t\t\t<\/a>\n\t\t\t<\/div>\n\t\t\t<div class=\"image-tools is-small top right show-on-hover\">\n\t\t\t\t\t\t\t<\/div>\n\t\t\t<div class=\"image-tools is-small hide-for-small bottom left show-on-hover\">\n\t\t\t\t\t\t\t<\/div>\n\t\t\t<div class=\"image-tools grid-tools text-center hide-for-small bottom hover-slide-in show-on-hover\">\n\t\t\t\t<a href=\"#quick-view\" class=\"quick-view\" role=\"button\" data-prod=\"9203\" aria-haspopup=\"dialog\" aria-expanded=\"false\" data-flatsome-role-button>Aper\u00e7u<\/a>\t\t\t<\/div>\n\t\t\t\t\t<\/div>\n\n\t\t<div class=\"box-text box-text-products text-center grid-style-2\">\n\t\t\t<div class=\"ux-swatches ux-swatches-in-loop ux-swatches--rounded ux-swatches--x-small\" role=\"radiogroup\" data-flatsome-role-radiogroup><div data-image-src=\"https:\/\/mariblum.de\/wp-content\/uploads\/2021\/01\/lila-tragetuch-baby-schlafen-247x247.jpg\" data-image-srcset=\"https:\/\/mariblum.de\/wp-content\/uploads\/2021\/01\/lila-tragetuch-baby-schlafen-247x247.jpg 247w, https:\/\/mariblum.de\/wp-content\/uploads\/2021\/01\/lila-tragetuch-baby-schlafen-100x100.jpg 100w, https:\/\/mariblum.de\/wp-content\/uploads\/2021\/01\/lila-tragetuch-baby-schlafen-150x150.jpg 150w\" data-image-sizes=\"(max-width: 247px) 100vw, 247px\" data-attribute_name=\"attribute_pa_tt-groesze\" data-value=\"tt450-fr\" aria-label=\"4,50 m\" role=\"radio\" aria-checked=\"false\" tabindex=\"0\" class=\"ux-swatch ux-swatch--label\"><span class=\"ux-swatch__text\">4,50 m<\/span><\/div><div data-image-src=\"https:\/\/mariblum.de\/wp-content\/uploads\/2021\/01\/lila-tragetuch-baby-schlafen-247x247.jpg\" data-image-srcset=\"https:\/\/mariblum.de\/wp-content\/uploads\/2021\/01\/lila-tragetuch-baby-schlafen-247x247.jpg 247w, https:\/\/mariblum.de\/wp-content\/uploads\/2021\/01\/lila-tragetuch-baby-schlafen-100x100.jpg 100w, https:\/\/mariblum.de\/wp-content\/uploads\/2021\/01\/lila-tragetuch-baby-schlafen-150x150.jpg 150w\" data-image-sizes=\"(max-width: 247px) 100vw, 247px\" data-attribute_name=\"attribute_pa_tt-groesze\" data-value=\"tt500-fr\" aria-label=\"5,00 m\" role=\"radio\" aria-checked=\"false\" tabindex=\"0\" class=\"ux-swatch ux-swatch--label\"><span class=\"ux-swatch__text\">5,00 m<\/span><\/div><\/div><div class=\"title-wrapper\">\t\t<p class=\"category uppercase is-smaller no-text-overflow product-cat op-8\">\n\t\t\t\u00c9charpes en chanvre\t\t<\/p>\n\t<p class=\"name product-title woocommerce-loop-product__title\"><a href=\"https:\/\/mariblum.de\/fr\/produkt\/pourpre-echarpe\/\" class=\"woocommerce-LoopProduct-link woocommerce-loop-product__link\">Pourpre (\u00e9charpe)<\/a><\/p><\/div><div class=\"price-wrapper\">\n\t<span class=\"price\"><span class=\"woocommerce-Price-amount amount\"><bdi>219,95&nbsp;<span class=\"woocommerce-Price-currencySymbol\">&euro;<\/span><\/bdi><\/span><\/span>\n\n\n\n<\/div>\t\t<\/div>\n\t<\/div>\n\t\n<span class=\"gtm4wp_productdata\" style=\"display:none; visibility:hidden;\" data-gtm4wp_product_data=\"{&quot;internal_id&quot;:9203,&quot;item_id&quot;:9203,&quot;item_name&quot;:&quot;Pourpre (\\u00e9charpe)&quot;,&quot;sku&quot;:9203,&quot;price&quot;:219.95,&quot;stocklevel&quot;:null,&quot;stockstatus&quot;:&quot;instock&quot;,&quot;google_business_vertical&quot;:&quot;retail&quot;,&quot;item_category&quot;:&quot;\\u00c9charpes en chanvre&quot;,&quot;id&quot;:9203,&quot;productlink&quot;:&quot;https:\\\/\\\/mariblum.de\\\/fr\\\/produkt\\\/pourpre-echarpe\\\/&quot;,&quot;item_list_name&quot;:&quot;Produits mis en avant&quot;,&quot;index&quot;:4,&quot;product_type&quot;:&quot;variable&quot;,&quot;item_brand&quot;:&quot;&quot;}\"><\/span>\t<\/div>\n<\/div><\/div><!-- row -->\n<\/div>\n<h2 id=\"Comment-le-portage-favorise-t-il-la-confiance-de-base\">Comment le portage favorise-t-il la confiance de base ?<\/h2>\n\n  <div class=\"banner has-hover\" id=\"banner-1017658011\">\n          <div class=\"banner-inner fill\">\n        <div class=\"banner-bg fill\" >\n            <img loading=\"lazy\" decoding=\"async\" width=\"510\" height=\"680\" src=\"https:\/\/mariblum.de\/wp-content\/uploads\/2024\/04\/Eichhoernchen-Ring-Sling-Braun-aus-Hanf-1-510x680.jpeg\" class=\"bg attachment-large size-large\" alt=\"Eichh\u00f6rnchen Ring Sling Braun aus Hanf seite\" \/>                                    \n                    <\/div>\n\t\t\n        <div class=\"banner-layers container\">\n            <div class=\"fill banner-link\"><\/div>               <div id=\"text-box-1247228081\" class=\"text-box banner-layer x50 md-x50 lg-x50 y50 md-y50 lg-y50 res-text\">\n                     <div data-animate=\"fadeIn\">           <div class=\"text-box-content text dark\">\n              \n              <div class=\"text-inner text-center\">\n                                <\/div>\n           <\/div>\n       <\/div>                     \n<style>\n#text-box-1247228081 {\n  width: 60%;\n}\n#text-box-1247228081 .text-box-content {\n  font-size: 100%;\n}\n@media (min-width:550px) {\n  #text-box-1247228081 {\n    width: 60%;\n  }\n}\n<\/style>\n    <\/div>\n         <\/div>\n      <\/div>\n\n            \n<style>\n#banner-1017658011 {\n  padding-top: 300px;\n}\n#banner-1017658011 .banner-bg img {\n  object-position: 20% 50%;\n}\n<\/style>\n  <\/div>\n\n\n<p align=\"justify\">La proximit\u00e9 physique, telle que celle cr\u00e9\u00e9e par le fait de tenir, de porter ou de c\u00e2liner, est essentielle au d\u00e9veloppement d&rsquo;un attachement s\u00e9curisant. Le contact physique permet aux parents de mieux reconna\u00eetre les besoins de leur enfant et d&rsquo;y r\u00e9pondre. Ces interactions favorisent la lib\u00e9ration d&rsquo;ocytocine, une hormone qui r\u00e9duit le stress chez l&rsquo;enfant et le parent et augmente les sentiments de proximit\u00e9 et de confiance.<\/p>\n\n  \n    <div class=\"row large-columns-3 medium-columns-1 small-columns-1 slider row-slider slider-nav-reveal slider-nav-push\"  data-flickity-options='{&quot;imagesLoaded&quot;: true, &quot;groupCells&quot;: &quot;100%&quot;, &quot;dragThreshold&quot; : 5, &quot;cellAlign&quot;: &quot;left&quot;,&quot;wrapAround&quot;: true,&quot;prevNextButtons&quot;: true,&quot;percentPosition&quot;: true,&quot;pageDots&quot;: false, &quot;rightToLeft&quot;: false, &quot;autoPlay&quot; : false}' >\n\n  <div class=\"col post-item\" >\n\t\t\t<div class=\"col-inner\">\n\t\t\t\t<div class=\"box box-normal box-text-bottom box-blog-post has-hover\">\n            \t\t\t\t\t<div class=\"box-image\" >\n  \t\t\t\t\t\t<div class=\"image-cover\" style=\"padding-top:56.25%;\">\n\t\t\t\t\t\t\t<a href=\"https:\/\/mariblum.de\/fr\/echarpe-de-portage-plutot-que-poussette-les-avantages-surprenants-au-quotidien\/\" class=\"plain\" aria-label=\"\u00c9charpe de portage plut\u00f4t que poussette \u2013 Les avantages surprenants au quotidien\">\n\t\t\t\t\t\t\t\t<img loading=\"lazy\" decoding=\"async\" width=\"225\" height=\"300\" src=\"https:\/\/mariblum.de\/wp-content\/uploads\/2023\/04\/Lavendel-Ring-Sling-aus-Hanf-225x300.jpeg\" class=\"attachment-medium size-medium wp-post-image\" alt=\"\" srcset=\"https:\/\/mariblum.de\/wp-content\/uploads\/2023\/04\/Lavendel-Ring-Sling-aus-Hanf-225x300.jpeg 225w, https:\/\/mariblum.de\/wp-content\/uploads\/2023\/04\/Lavendel-Ring-Sling-aus-Hanf-510x680.jpeg 510w, https:\/\/mariblum.de\/wp-content\/uploads\/2023\/04\/Lavendel-Ring-Sling-aus-Hanf.jpeg 600w\" sizes=\"auto, (max-width: 225px) 100vw, 225px\" \/>\t\t\t\t\t\t\t<\/a>\n  \t\t\t\t\t\t\t  \t\t\t\t\t\t\t  \t\t\t\t\t\t<\/div>\n  \t\t\t\t\t\t  \t\t\t\t\t<\/div>\n          \t\t\t\t\t<div class=\"box-text text-center\" >\n\t\t\t\t\t<div class=\"box-text-inner blog-post-inner\">\n\n\t\t\t\t\t\n\t\t\t\t\t\t\t\t\t\t<h5 class=\"post-title is-large \">\n\t\t\t\t\t\t<a href=\"https:\/\/mariblum.de\/fr\/echarpe-de-portage-plutot-que-poussette-les-avantages-surprenants-au-quotidien\/\" class=\"plain\">\u00c9charpe de portage plut\u00f4t que poussette \u2013 Les avantages surprenants au quotidien<\/a>\n\t\t\t\t\t<\/h5>\n\t\t\t\t\t\t\t\t\t\t<div class=\"is-divider\"><\/div>\n\t\t\t\t\t\t\t\t\t\t<p class=\"from_the_blog_excerpt \">\n\t\t\t\t\t\tLes poussettes sont consid\u00e9r\u00e9es comme un incontournable pour les nouveaux parents \u2013 mais que se [...]\t\t\t\t\t<\/p>\n\t\t\t\t\t                    \n\t\t\t\t\t\n\t\t\t\t\t\n\t\t\t\t\t<\/div>\n\t\t\t\t\t<\/div>\n\t\t\t\t\t\t\t\t\t\t\t\t\t\t\t\t<div class=\"badge absolute top post-date badge-outline\">\n\t\t\t\t\t\t\t<div class=\"badge-inner\">\n\t\t\t\t\t\t\t\t<span class=\"post-date-day\">02<\/span><br>\n\t\t\t\t\t\t\t\t<span class=\"post-date-month is-xsmall\">Avr<\/span>\n\t\t\t\t\t\t\t<\/div>\n\t\t\t\t\t\t<\/div>\n\t\t\t\t\t\t\t\t\t<\/div>\n\t\t\t<\/div>\n\t\t<\/div><div class=\"col post-item\" >\n\t\t\t<div class=\"col-inner\">\n\t\t\t\t<div class=\"box box-normal box-text-bottom box-blog-post has-hover\">\n            \t\t\t\t\t<div class=\"box-image\" >\n  \t\t\t\t\t\t<div class=\"image-cover\" style=\"padding-top:56.25%;\">\n\t\t\t\t\t\t\t<a href=\"https:\/\/mariblum.de\/fr\/porter-son-bebe-sans-douleur-5-erreurs-courantes-et-leurs-solutions\/\" class=\"plain\" aria-label=\"Porter son b\u00e9b\u00e9 sans douleur \u2013 5 erreurs courantes et leurs solutions\">\n\t\t\t\t\t\t\t\t<img loading=\"lazy\" decoding=\"async\" width=\"225\" height=\"300\" src=\"https:\/\/mariblum.de\/wp-content\/uploads\/2025\/04\/Baby-Tragetuch-aus-Hanf-Zauberwald-225x300.jpeg\" class=\"attachment-medium size-medium wp-post-image\" alt=\"\" srcset=\"https:\/\/mariblum.de\/wp-content\/uploads\/2025\/04\/Baby-Tragetuch-aus-Hanf-Zauberwald-225x300.jpeg 225w, https:\/\/mariblum.de\/wp-content\/uploads\/2025\/04\/Baby-Tragetuch-aus-Hanf-Zauberwald-510x680.jpeg 510w, https:\/\/mariblum.de\/wp-content\/uploads\/2025\/04\/Baby-Tragetuch-aus-Hanf-Zauberwald.jpeg 600w\" sizes=\"auto, (max-width: 225px) 100vw, 225px\" \/>\t\t\t\t\t\t\t<\/a>\n  \t\t\t\t\t\t\t  \t\t\t\t\t\t\t  \t\t\t\t\t\t<\/div>\n  \t\t\t\t\t\t  \t\t\t\t\t<\/div>\n          \t\t\t\t\t<div class=\"box-text text-center\" >\n\t\t\t\t\t<div class=\"box-text-inner blog-post-inner\">\n\n\t\t\t\t\t\n\t\t\t\t\t\t\t\t\t\t<h5 class=\"post-title is-large \">\n\t\t\t\t\t\t<a href=\"https:\/\/mariblum.de\/fr\/porter-son-bebe-sans-douleur-5-erreurs-courantes-et-leurs-solutions\/\" class=\"plain\">Porter son b\u00e9b\u00e9 sans douleur \u2013 5 erreurs courantes et leurs solutions<\/a>\n\t\t\t\t\t<\/h5>\n\t\t\t\t\t\t\t\t\t\t<div class=\"is-divider\"><\/div>\n\t\t\t\t\t\t\t\t\t\t<p class=\"from_the_blog_excerpt \">\n\t\t\t\t\t\tPorter ton b\u00e9b\u00e9 ne devrait jamais \u00eatre douloureux \u2014 bien au contraire. Bien r\u00e9alis\u00e9, le [...]\t\t\t\t\t<\/p>\n\t\t\t\t\t                    \n\t\t\t\t\t\n\t\t\t\t\t\n\t\t\t\t\t<\/div>\n\t\t\t\t\t<\/div>\n\t\t\t\t\t\t\t\t\t\t\t\t\t\t\t\t<div class=\"badge absolute top post-date badge-outline\">\n\t\t\t\t\t\t\t<div class=\"badge-inner\">\n\t\t\t\t\t\t\t\t<span class=\"post-date-day\">14<\/span><br>\n\t\t\t\t\t\t\t\t<span class=\"post-date-month is-xsmall\">Nov<\/span>\n\t\t\t\t\t\t\t<\/div>\n\t\t\t\t\t\t<\/div>\n\t\t\t\t\t\t\t\t\t<\/div>\n\t\t\t<\/div>\n\t\t<\/div><div class=\"col post-item\" >\n\t\t\t<div class=\"col-inner\">\n\t\t\t\t<div class=\"box box-normal box-text-bottom box-blog-post has-hover\">\n            \t\t\t\t\t<div class=\"box-image\" >\n  \t\t\t\t\t\t<div class=\"image-cover\" style=\"padding-top:56.25%;\">\n\t\t\t\t\t\t\t<a href=\"https:\/\/mariblum.de\/fr\/porter-son-bebe-en-hiver-7-mythes-verites-honnetes-et-petits-inconvenients\/\" class=\"plain\" aria-label=\"Porter son b\u00e9b\u00e9 en hiver \u2013 7 mythes, v\u00e9rit\u00e9s honn\u00eates et petits inconv\u00e9nients\">\n\t\t\t\t\t\t\t\t<img loading=\"lazy\" decoding=\"async\" width=\"200\" height=\"300\" src=\"https:\/\/mariblum.de\/wp-content\/uploads\/2019\/10\/kornblume-ring-sling-aus-hanf-gefaltet-200x300.png\" class=\"attachment-medium size-medium wp-post-image\" alt=\"kornblume-ring-sling-aus-hanf-trageberatung-richtig-gebunden\" srcset=\"https:\/\/mariblum.de\/wp-content\/uploads\/2019\/10\/kornblume-ring-sling-aus-hanf-gefaltet-200x300.png 200w, https:\/\/mariblum.de\/wp-content\/uploads\/2019\/10\/kornblume-ring-sling-aus-hanf-gefaltet-510x765.png 510w, https:\/\/mariblum.de\/wp-content\/uploads\/2019\/10\/kornblume-ring-sling-aus-hanf-gefaltet.png 533w\" sizes=\"auto, (max-width: 200px) 100vw, 200px\" \/>\t\t\t\t\t\t\t<\/a>\n  \t\t\t\t\t\t\t  \t\t\t\t\t\t\t  \t\t\t\t\t\t<\/div>\n  \t\t\t\t\t\t  \t\t\t\t\t<\/div>\n          \t\t\t\t\t<div class=\"box-text text-center\" >\n\t\t\t\t\t<div class=\"box-text-inner blog-post-inner\">\n\n\t\t\t\t\t\n\t\t\t\t\t\t\t\t\t\t<h5 class=\"post-title is-large \">\n\t\t\t\t\t\t<a href=\"https:\/\/mariblum.de\/fr\/porter-son-bebe-en-hiver-7-mythes-verites-honnetes-et-petits-inconvenients\/\" class=\"plain\">Porter son b\u00e9b\u00e9 en hiver \u2013 7 mythes, v\u00e9rit\u00e9s honn\u00eates et petits inconv\u00e9nients<\/a>\n\t\t\t\t\t<\/h5>\n\t\t\t\t\t\t\t\t\t\t<div class=\"is-divider\"><\/div>\n\t\t\t\t\t\t\t\t\t\t<p class=\"from_the_blog_excerpt \">\n\t\t\t\t\t\tQuand les jours raccourcissent et que le froid s\u2019installe, de nombreuses mamans se demandent : [...]\t\t\t\t\t<\/p>\n\t\t\t\t\t                    \n\t\t\t\t\t\n\t\t\t\t\t\n\t\t\t\t\t<\/div>\n\t\t\t\t\t<\/div>\n\t\t\t\t\t\t\t\t\t\t\t\t\t\t\t\t<div class=\"badge absolute top post-date badge-outline\">\n\t\t\t\t\t\t\t<div class=\"badge-inner\">\n\t\t\t\t\t\t\t\t<span class=\"post-date-day\">07<\/span><br>\n\t\t\t\t\t\t\t\t<span class=\"post-date-month is-xsmall\">Nov<\/span>\n\t\t\t\t\t\t\t<\/div>\n\t\t\t\t\t\t<\/div>\n\t\t\t\t\t\t\t\t\t<\/div>\n\t\t\t<\/div>\n\t\t<\/div><div class=\"col post-item\" >\n\t\t\t<div class=\"col-inner\">\n\t\t\t\t<div class=\"box box-normal box-text-bottom box-blog-post has-hover\">\n            \t\t\t\t\t<div class=\"box-image\" >\n  \t\t\t\t\t\t<div class=\"image-cover\" style=\"padding-top:56.25%;\">\n\t\t\t\t\t\t\t<a href=\"https:\/\/mariblum.de\/fr\/guide-complet-des-matieres-pour-echarpes-de-portage-et-ring-slings-en-automne\/\" class=\"plain\" aria-label=\"Guide complet des mati\u00e8res pour \u00e9charpes de portage et ring slings en automne\">\n\t\t\t\t\t\t\t\t<img loading=\"lazy\" decoding=\"async\" width=\"225\" height=\"300\" src=\"https:\/\/mariblum.de\/wp-content\/uploads\/2023\/04\/Ring-Sling-aus-Hanf-Lavendelfeld-225x300.jpeg\" class=\"attachment-medium size-medium wp-post-image\" alt=\"\" srcset=\"https:\/\/mariblum.de\/wp-content\/uploads\/2023\/04\/Ring-Sling-aus-Hanf-Lavendelfeld-225x300.jpeg 225w, https:\/\/mariblum.de\/wp-content\/uploads\/2023\/04\/Ring-Sling-aus-Hanf-Lavendelfeld-510x680.jpeg 510w, https:\/\/mariblum.de\/wp-content\/uploads\/2023\/04\/Ring-Sling-aus-Hanf-Lavendelfeld.jpeg 600w\" sizes=\"auto, (max-width: 225px) 100vw, 225px\" \/>\t\t\t\t\t\t\t<\/a>\n  \t\t\t\t\t\t\t  \t\t\t\t\t\t\t  \t\t\t\t\t\t<\/div>\n  \t\t\t\t\t\t  \t\t\t\t\t<\/div>\n          \t\t\t\t\t<div class=\"box-text text-center\" >\n\t\t\t\t\t<div class=\"box-text-inner blog-post-inner\">\n\n\t\t\t\t\t\n\t\t\t\t\t\t\t\t\t\t<h5 class=\"post-title is-large \">\n\t\t\t\t\t\t<a href=\"https:\/\/mariblum.de\/fr\/guide-complet-des-matieres-pour-echarpes-de-portage-et-ring-slings-en-automne\/\" class=\"plain\">Guide complet des mati\u00e8res pour \u00e9charpes de portage et ring slings en automne<\/a>\n\t\t\t\t\t<\/h5>\n\t\t\t\t\t\t\t\t\t\t<div class=\"is-divider\"><\/div>\n\t\t\t\t\t\t\t\t\t\t<p class=\"from_the_blog_excerpt \">\n\t\t\t\t\t\tL\u2019automne est \u00e0 nos portes, apportant avec lui des journ\u00e9es plus fra\u00eeches qui nous invitent [...]\t\t\t\t\t<\/p>\n\t\t\t\t\t                    \n\t\t\t\t\t\n\t\t\t\t\t\n\t\t\t\t\t<\/div>\n\t\t\t\t\t<\/div>\n\t\t\t\t\t\t\t\t\t\t\t\t\t\t\t\t<div class=\"badge absolute top post-date badge-outline\">\n\t\t\t\t\t\t\t<div class=\"badge-inner\">\n\t\t\t\t\t\t\t\t<span class=\"post-date-day\">03<\/span><br>\n\t\t\t\t\t\t\t\t<span class=\"post-date-month is-xsmall\">Nov<\/span>\n\t\t\t\t\t\t\t<\/div>\n\t\t\t\t\t\t<\/div>\n\t\t\t\t\t\t\t\t\t<\/div>\n\t\t\t<\/div>\n\t\t<\/div><div class=\"col post-item\" >\n\t\t\t<div class=\"col-inner\">\n\t\t\t\t<div class=\"box box-normal box-text-bottom box-blog-post has-hover\">\n            \t\t\t\t\t<div class=\"box-image\" >\n  \t\t\t\t\t\t<div class=\"image-cover\" style=\"padding-top:56.25%;\">\n\t\t\t\t\t\t\t<a href=\"https:\/\/mariblum.de\/fr\/portage-et-fratrie-conseils-avises-pour-les-jeunes-mamans\/\" class=\"plain\" aria-label=\"Portage et fratrie : conseils avis\u00e9s pour les jeunes mamans\">\n\t\t\t\t\t\t\t\t<img loading=\"lazy\" decoding=\"async\" width=\"225\" height=\"300\" src=\"https:\/\/mariblum.de\/wp-content\/uploads\/2025\/04\/Baby-Tragetuch-aus-Hanf-Zauberwald-225x300.jpeg\" class=\"attachment-medium size-medium wp-post-image\" alt=\"\" srcset=\"https:\/\/mariblum.de\/wp-content\/uploads\/2025\/04\/Baby-Tragetuch-aus-Hanf-Zauberwald-225x300.jpeg 225w, https:\/\/mariblum.de\/wp-content\/uploads\/2025\/04\/Baby-Tragetuch-aus-Hanf-Zauberwald-510x680.jpeg 510w, https:\/\/mariblum.de\/wp-content\/uploads\/2025\/04\/Baby-Tragetuch-aus-Hanf-Zauberwald.jpeg 600w\" sizes=\"auto, (max-width: 225px) 100vw, 225px\" \/>\t\t\t\t\t\t\t<\/a>\n  \t\t\t\t\t\t\t  \t\t\t\t\t\t\t  \t\t\t\t\t\t<\/div>\n  \t\t\t\t\t\t  \t\t\t\t\t<\/div>\n          \t\t\t\t\t<div class=\"box-text text-center\" >\n\t\t\t\t\t<div class=\"box-text-inner blog-post-inner\">\n\n\t\t\t\t\t\n\t\t\t\t\t\t\t\t\t\t<h5 class=\"post-title is-large \">\n\t\t\t\t\t\t<a href=\"https:\/\/mariblum.de\/fr\/portage-et-fratrie-conseils-avises-pour-les-jeunes-mamans\/\" class=\"plain\">Portage et fratrie : conseils avis\u00e9s pour les jeunes mamans<\/a>\n\t\t\t\t\t<\/h5>\n\t\t\t\t\t\t\t\t\t\t<div class=\"is-divider\"><\/div>\n\t\t\t\t\t\t\t\t\t\t<p class=\"from_the_blog_excerpt \">\n\t\t\t\t\t\tLa vie de jeune maman apporte son lot de d\u00e9fis \u2014 et d\u2019innombrables petites joies. [...]\t\t\t\t\t<\/p>\n\t\t\t\t\t                    \n\t\t\t\t\t\n\t\t\t\t\t\n\t\t\t\t\t<\/div>\n\t\t\t\t\t<\/div>\n\t\t\t\t\t\t\t\t\t\t\t\t\t\t\t\t<div class=\"badge absolute top post-date badge-outline\">\n\t\t\t\t\t\t\t<div class=\"badge-inner\">\n\t\t\t\t\t\t\t\t<span class=\"post-date-day\">17<\/span><br>\n\t\t\t\t\t\t\t\t<span class=\"post-date-month is-xsmall\">Oct<\/span>\n\t\t\t\t\t\t\t<\/div>\n\t\t\t\t\t\t<\/div>\n\t\t\t\t\t\t\t\t\t<\/div>\n\t\t\t<\/div>\n\t\t<\/div><div class=\"col post-item\" >\n\t\t\t<div class=\"col-inner\">\n\t\t\t\t<div class=\"box box-normal box-text-bottom box-blog-post has-hover\">\n            \t\t\t\t\t<div class=\"box-image\" >\n  \t\t\t\t\t\t<div class=\"image-cover\" style=\"padding-top:56.25%;\">\n\t\t\t\t\t\t\t<a href=\"https:\/\/mariblum.de\/fr\/balades-dautomne-en-ring-sling-flexible-proche-meilleurs-spots-conseils-checklist\/\" class=\"plain\" aria-label=\"Balades d\u2019automne en ring sling : flexible &#038; proche \u2014 meilleurs spots, conseils &#038; checklist\">\n\t\t\t\t\t\t\t\t<img loading=\"lazy\" decoding=\"async\" width=\"225\" height=\"300\" src=\"https:\/\/mariblum.de\/wp-content\/uploads\/2025\/04\/Baumwolle-Baby-Tragetuch_Elefantenmotiv-weiss-blau-225x300.jpg\" class=\"attachment-medium size-medium wp-post-image\" alt=\"\" srcset=\"https:\/\/mariblum.de\/wp-content\/uploads\/2025\/04\/Baumwolle-Baby-Tragetuch_Elefantenmotiv-weiss-blau-225x300.jpg 225w, https:\/\/mariblum.de\/wp-content\/uploads\/2025\/04\/Baumwolle-Baby-Tragetuch_Elefantenmotiv-weiss-blau-510x680.jpg 510w, https:\/\/mariblum.de\/wp-content\/uploads\/2025\/04\/Baumwolle-Baby-Tragetuch_Elefantenmotiv-weiss-blau.jpg 600w\" sizes=\"auto, (max-width: 225px) 100vw, 225px\" \/>\t\t\t\t\t\t\t<\/a>\n  \t\t\t\t\t\t\t  \t\t\t\t\t\t\t  \t\t\t\t\t\t<\/div>\n  \t\t\t\t\t\t  \t\t\t\t\t<\/div>\n          \t\t\t\t\t<div class=\"box-text text-center\" >\n\t\t\t\t\t<div class=\"box-text-inner blog-post-inner\">\n\n\t\t\t\t\t\n\t\t\t\t\t\t\t\t\t\t<h5 class=\"post-title is-large \">\n\t\t\t\t\t\t<a href=\"https:\/\/mariblum.de\/fr\/balades-dautomne-en-ring-sling-flexible-proche-meilleurs-spots-conseils-checklist\/\" class=\"plain\">Balades d\u2019automne en ring sling : flexible &#038; proche \u2014 meilleurs spots, conseils &#038; checklist<\/a>\n\t\t\t\t\t<\/h5>\n\t\t\t\t\t\t\t\t\t\t<div class=\"is-divider\"><\/div>\n\t\t\t\t\t\t\t\t\t\t<p class=\"from_the_blog_excerpt \">\n\t\t\t\t\t\tL\u2019automne est une saison magique \u2014 les feuilles se parent de couleurs chaudes et l\u2019air [...]\t\t\t\t\t<\/p>\n\t\t\t\t\t                    \n\t\t\t\t\t\n\t\t\t\t\t\n\t\t\t\t\t<\/div>\n\t\t\t\t\t<\/div>\n\t\t\t\t\t\t\t\t\t\t\t\t\t\t\t\t<div class=\"badge absolute top post-date badge-outline\">\n\t\t\t\t\t\t\t<div class=\"badge-inner\">\n\t\t\t\t\t\t\t\t<span class=\"post-date-day\">10<\/span><br>\n\t\t\t\t\t\t\t\t<span class=\"post-date-month is-xsmall\">Oct<\/span>\n\t\t\t\t\t\t\t<\/div>\n\t\t\t\t\t\t<\/div>\n\t\t\t\t\t\t\t\t\t<\/div>\n\t\t\t<\/div>\n\t\t<\/div><div class=\"col post-item\" >\n\t\t\t<div class=\"col-inner\">\n\t\t\t\t<div class=\"box box-normal box-text-bottom box-blog-post has-hover\">\n            \t\t\t\t\t<div class=\"box-image\" >\n  \t\t\t\t\t\t<div class=\"image-cover\" style=\"padding-top:56.25%;\">\n\t\t\t\t\t\t\t<a href=\"https:\/\/mariblum.de\/fr\/superposition-des-couches-lorsque-vous-portez-votre-bebe-comment-vous-habiller-correctement-vous-et-votre-bebe\/\" class=\"plain\" aria-label=\"Superposition des couches lorsque vous portez votre b\u00e9b\u00e9 : comment vous habiller correctement, vous et votre b\u00e9b\u00e9\">\n\t\t\t\t\t\t\t\t<img loading=\"lazy\" decoding=\"async\" width=\"193\" height=\"300\" src=\"https:\/\/mariblum.de\/wp-content\/uploads\/2019\/02\/Olive_Ring-Sling_detail-scaled-e1576770252650-193x300.jpg\" class=\"attachment-medium size-medium wp-post-image\" alt=\"olive-ring-sling-en-chanvre\" srcset=\"https:\/\/mariblum.de\/wp-content\/uploads\/2019\/02\/Olive_Ring-Sling_detail-scaled-e1576770252650-193x300.jpg 193w, https:\/\/mariblum.de\/wp-content\/uploads\/2019\/02\/Olive_Ring-Sling_detail-scaled-e1576770252650-510x794.jpg 510w, https:\/\/mariblum.de\/wp-content\/uploads\/2019\/02\/Olive_Ring-Sling_detail-scaled-e1576770252650.jpg 514w\" sizes=\"auto, (max-width: 193px) 100vw, 193px\" \/>\t\t\t\t\t\t\t<\/a>\n  \t\t\t\t\t\t\t  \t\t\t\t\t\t\t  \t\t\t\t\t\t<\/div>\n  \t\t\t\t\t\t  \t\t\t\t\t<\/div>\n          \t\t\t\t\t<div class=\"box-text text-center\" >\n\t\t\t\t\t<div class=\"box-text-inner blog-post-inner\">\n\n\t\t\t\t\t\n\t\t\t\t\t\t\t\t\t\t<h5 class=\"post-title is-large \">\n\t\t\t\t\t\t<a href=\"https:\/\/mariblum.de\/fr\/superposition-des-couches-lorsque-vous-portez-votre-bebe-comment-vous-habiller-correctement-vous-et-votre-bebe\/\" class=\"plain\">Superposition des couches lorsque vous portez votre b\u00e9b\u00e9 : comment vous habiller correctement, vous et votre b\u00e9b\u00e9<\/a>\n\t\t\t\t\t<\/h5>\n\t\t\t\t\t\t\t\t\t\t<div class=\"is-divider\"><\/div>\n\t\t\t\t\t\t\t\t\t\t<p class=\"from_the_blog_excerpt \">\n\t\t\t\t\t\tLa vie de jeune maman est pleine de nouveaux d\u00e9fis \u2014 et de merveilleux moments [...]\t\t\t\t\t<\/p>\n\t\t\t\t\t                    \n\t\t\t\t\t\n\t\t\t\t\t\n\t\t\t\t\t<\/div>\n\t\t\t\t\t<\/div>\n\t\t\t\t\t\t\t\t\t\t\t\t\t\t\t\t<div class=\"badge absolute top post-date badge-outline\">\n\t\t\t\t\t\t\t<div class=\"badge-inner\">\n\t\t\t\t\t\t\t\t<span class=\"post-date-day\">26<\/span><br>\n\t\t\t\t\t\t\t\t<span class=\"post-date-month is-xsmall\">Sep<\/span>\n\t\t\t\t\t\t\t<\/div>\n\t\t\t\t\t\t<\/div>\n\t\t\t\t\t\t\t\t\t<\/div>\n\t\t\t<\/div>\n\t\t<\/div><div class=\"col post-item\" >\n\t\t\t<div class=\"col-inner\">\n\t\t\t\t<div class=\"box box-normal box-text-bottom box-blog-post has-hover\">\n            \t\t\t\t\t<div class=\"box-image\" >\n  \t\t\t\t\t\t<div class=\"image-cover\" style=\"padding-top:56.25%;\">\n\t\t\t\t\t\t\t<a href=\"https:\/\/mariblum.de\/fr\/maitriser-le-vent-la-pluie-avec-bebe-echarpes-et-ring-slings-strategies-douces-pour-jeunes-mamans\/\" class=\"plain\" aria-label=\"Ma\u00eetriser le vent &#038; la pluie avec b\u00e9b\u00e9 : \u00e9charpes et ring slings \u2014 strat\u00e9gies douces pour jeunes mamans\">\n\t\t\t\t\t\t\t\t<img loading=\"lazy\" decoding=\"async\" width=\"225\" height=\"300\" src=\"https:\/\/mariblum.de\/wp-content\/uploads\/2024\/03\/Babybonding-im-Tragetuch-225x300.png\" class=\"attachment-medium size-medium wp-post-image\" alt=\"Babybonding im Tragetuch\" srcset=\"https:\/\/mariblum.de\/wp-content\/uploads\/2024\/03\/Babybonding-im-Tragetuch-225x300.png 225w, https:\/\/mariblum.de\/wp-content\/uploads\/2024\/03\/Babybonding-im-Tragetuch-510x680.png 510w, https:\/\/mariblum.de\/wp-content\/uploads\/2024\/03\/Babybonding-im-Tragetuch.png 600w\" sizes=\"auto, (max-width: 225px) 100vw, 225px\" \/>\t\t\t\t\t\t\t<\/a>\n  \t\t\t\t\t\t\t  \t\t\t\t\t\t\t  \t\t\t\t\t\t<\/div>\n  \t\t\t\t\t\t  \t\t\t\t\t<\/div>\n          \t\t\t\t\t<div class=\"box-text text-center\" >\n\t\t\t\t\t<div class=\"box-text-inner blog-post-inner\">\n\n\t\t\t\t\t\n\t\t\t\t\t\t\t\t\t\t<h5 class=\"post-title is-large \">\n\t\t\t\t\t\t<a href=\"https:\/\/mariblum.de\/fr\/maitriser-le-vent-la-pluie-avec-bebe-echarpes-et-ring-slings-strategies-douces-pour-jeunes-mamans\/\" class=\"plain\">Ma\u00eetriser le vent &#038; la pluie avec b\u00e9b\u00e9 : \u00e9charpes et ring slings \u2014 strat\u00e9gies douces pour jeunes mamans<\/a>\n\t\t\t\t\t<\/h5>\n\t\t\t\t\t\t\t\t\t\t<div class=\"is-divider\"><\/div>\n\t\t\t\t\t\t\t\t\t\t<p class=\"from_the_blog_excerpt \">\n\t\t\t\t\t\tEn tant que jeune maman, tu veux prot\u00e9ger ton b\u00e9b\u00e9 \u2014 qu\u2019il vente ou qu\u2019il [...]\t\t\t\t\t<\/p>\n\t\t\t\t\t                    \n\t\t\t\t\t\n\t\t\t\t\t\n\t\t\t\t\t<\/div>\n\t\t\t\t\t<\/div>\n\t\t\t\t\t\t\t\t\t\t\t\t\t\t\t\t<div class=\"badge absolute top post-date badge-outline\">\n\t\t\t\t\t\t\t<div class=\"badge-inner\">\n\t\t\t\t\t\t\t\t<span class=\"post-date-day\">19<\/span><br>\n\t\t\t\t\t\t\t\t<span class=\"post-date-month is-xsmall\">Sep<\/span>\n\t\t\t\t\t\t\t<\/div>\n\t\t\t\t\t\t<\/div>\n\t\t\t\t\t\t\t\t\t<\/div>\n\t\t\t<\/div>\n\t\t<\/div><\/div>\n<h2 id=\"Comment-le-portage-r\u00e9duit-il-la-d\u00e9pression-post-partum\">Comment le portage r\u00e9duit-il la d\u00e9pression post-partum ?<\/h2>\n\n  <div class=\"banner has-hover\" id=\"banner-659751435\">\n          <div class=\"banner-inner fill\">\n        <div class=\"banner-bg fill\" >\n            <img loading=\"lazy\" decoding=\"async\" width=\"510\" height=\"680\" src=\"https:\/\/mariblum.de\/wp-content\/uploads\/2024\/04\/kfar2024-3-510x680.jpeg\" class=\"bg attachment-large size-large\" alt=\"Kiss from a rose Hanf Tragetuch rosa\" \/>                                    \n                    <\/div>\n\t\t\n        <div class=\"banner-layers container\">\n            <div class=\"fill banner-link\"><\/div>               <div id=\"text-box-776267825\" class=\"text-box banner-layer x50 md-x50 lg-x50 y50 md-y50 lg-y50 res-text\">\n                     <div data-animate=\"fadeIn\">           <div class=\"text-box-content text dark\">\n              \n              <div class=\"text-inner text-center\">\n                                <\/div>\n           <\/div>\n       <\/div>                     \n<style>\n#text-box-776267825 {\n  width: 60%;\n}\n#text-box-776267825 .text-box-content {\n  font-size: 100%;\n}\n@media (min-width:550px) {\n  #text-box-776267825 {\n    width: 60%;\n  }\n}\n<\/style>\n    <\/div>\n         <\/div>\n      <\/div>\n\n            \n<style>\n#banner-659751435 {\n  padding-top: 300px;\n}\n#banner-659751435 .banner-bg img {\n  object-position: 20% 50%;\n}\n<\/style>\n  <\/div>\n\n\n<p align=\"justify\">La qualit\u00e9 des premiers liens affectifs a des effets consid\u00e9rables sur la vie ult\u00e9rieure de l&rsquo;enfant. Les recherches montrent que les enfants qui ont un attachement s\u00e9curisant ont tendance \u00e0 avoir une meilleure estime d&rsquo;eux-m\u00eames, \u00e0 \u00e9tablir de meilleures relations avec leurs pairs et \u00e0 \u00eatre moins sujets aux probl\u00e8mes de sant\u00e9 mentale. Une \u00e9tude de Sroufe et al (2005) montre que l&rsquo;attachement s\u00e9curisant dans l&rsquo;enfance conduit \u00e0 de meilleures comp\u00e9tences sociales et \u00e9motionnelles \u00e0 l&rsquo;\u00e2ge adulte.<\/p>\n<h2 id=\"Quels-sont-les-aspects-pratiques-du-portage\">Quels sont les aspects pratiques du portage ?<\/h2>\n\n  <div class=\"banner has-hover\" id=\"banner-289478960\">\n          <div class=\"banner-inner fill\">\n        <div class=\"banner-bg fill\" >\n            <img loading=\"lazy\" decoding=\"async\" width=\"527\" height=\"791\" src=\"https:\/\/mariblum.de\/wp-content\/uploads\/2023\/05\/hanf-tragetuch-hautfreundlich.jpg\" class=\"bg attachment-large size-large\" alt=\"hanf-tragetuch-hautfreundlich\" \/>                                    \n                    <\/div>\n\t\t\n        <div class=\"banner-layers container\">\n            <div class=\"fill banner-link\"><\/div>               <div id=\"text-box-1554720841\" class=\"text-box banner-layer x50 md-x50 lg-x50 y50 md-y50 lg-y50 res-text\">\n                     <div data-animate=\"fadeIn\">           <div class=\"text-box-content text dark\">\n              \n              <div class=\"text-inner text-center\">\n                                <\/div>\n           <\/div>\n       <\/div>                     \n<style>\n#text-box-1554720841 {\n  width: 60%;\n}\n#text-box-1554720841 .text-box-content {\n  font-size: 100%;\n}\n@media (min-width:550px) {\n  #text-box-1554720841 {\n    width: 60%;\n  }\n}\n<\/style>\n    <\/div>\n         <\/div>\n      <\/div>\n\n            \n<style>\n#banner-289478960 {\n  padding-top: 300px;\n}\n#banner-289478960 .banner-bg img {\n  object-position: 20% 50%;\n}\n<\/style>\n  <\/div>\n\n\n<p align=\"justify\">La proximit\u00e9 et l&rsquo;attachement dans la petite enfance influencent \u00e9galement le d\u00e9veloppement du cerveau. Les interactions positives et affectueuses stimulent le d\u00e9veloppement de r\u00e9seaux neuronaux importants pour l&rsquo;apprentissage \u00e9motionnel et cognitif. Le stress et l&rsquo;ins\u00e9curit\u00e9, en revanche, peuvent inhiber le d\u00e9veloppement de ces r\u00e9seaux et avoir des effets n\u00e9gatifs \u00e0 long terme. L&rsquo;attachement s\u00e9curisant contribue \u00e0 cr\u00e9er un environnement stable et favorable au d\u00e9veloppement optimal du cerveau.<\/p>\n<h2 id=\"Quels-sont-les-effets-\u00e0-long-terme-sur-la-relation-parent-enfant\">Quels sont les effets \u00e0 long terme sur la relation parent-enfant ?<\/h2>\n\n  <div class=\"banner has-hover\" id=\"banner-115595528\">\n          <div class=\"banner-inner fill\">\n        <div class=\"banner-bg fill\" >\n            <img loading=\"lazy\" decoding=\"async\" width=\"533\" height=\"800\" src=\"https:\/\/mariblum.de\/wp-content\/uploads\/2023\/04\/tragetuch-einfach-binden-2.png\" class=\"bg attachment-large size-large\" alt=\"\u00e9charpes de portage conviennent-elles aux d\u00e9butants\" \/>                                    \n                    <\/div>\n\t\t\n        <div class=\"banner-layers container\">\n            <div class=\"fill banner-link\"><\/div>               <div id=\"text-box-134049695\" class=\"text-box banner-layer x50 md-x50 lg-x50 y50 md-y50 lg-y50 res-text\">\n                     <div data-animate=\"fadeIn\">           <div class=\"text-box-content text dark\">\n              \n              <div class=\"text-inner text-center\">\n                                <\/div>\n           <\/div>\n       <\/div>                     \n<style>\n#text-box-134049695 {\n  width: 60%;\n}\n#text-box-134049695 .text-box-content {\n  font-size: 100%;\n}\n@media (min-width:550px) {\n  #text-box-134049695 {\n    width: 60%;\n  }\n}\n<\/style>\n    <\/div>\n         <\/div>\n      <\/div>\n\n            \n<style>\n#banner-115595528 {\n  padding-top: 300px;\n}\n#banner-115595528 .banner-bg img {\n  object-position: 20% 50%;\n}\n<\/style>\n  <\/div>\n\n\n<p>Pour renforcer le lien avec leur enfant, les parents peuvent utiliser plusieurs strat\u00e9gies :<\/p>\n<p><strong>1. le contact physique: <\/strong> Tenir et porter fr\u00e9quemment le b\u00e9b\u00e9 favorise la lib\u00e9ration d&rsquo;ocytocine et renforce le lien affectif.<\/p>\n<p><\/p>\n<p><strong>2. la r\u00e9activit\u00e9 :<\/strong> R\u00e9pondre rapidement et avec amour aux signaux de l&rsquo;enfant lui donne un sentiment de s\u00e9curit\u00e9 et de confiance.<\/p>\n<p><\/p>\n<p><strong>3. le temps pass\u00e9 ensemble :<\/strong> Passer du temps avec l&rsquo;enfant, que ce soit en jouant, en lisant \u00e0 haute voix ou simplement en le c\u00e2linant, approfondit le lien affectif.<\/p>\n<p><\/p>\n<p><strong>4. les rituels et les routines :<\/strong> Les rituels fixes, comme le coucher, cr\u00e9ent un environnement stable et s\u00e9curisent l&rsquo;enfant.<\/p>\n<p><\/p>\n<h2 id=\"R\u00e9sum\u00e9\">R\u00e9sum\u00e9<\/h2>\n<p align=\"justify\">La proximit\u00e9 et l&rsquo;attachement sont des \u00e9l\u00e9ments centraux du d\u00e9veloppement de la petite enfance. Ils jettent les bases d&rsquo;une croissance \u00e9motionnelle, sociale et cognitive saine. Gr\u00e2ce \u00e0 des interactions affectueuses et coh\u00e9rentes et \u00e0 une proximit\u00e9 physique, les parents peuvent \u00e9tablir un lien s\u00e9curisant avec leur enfant, qui aura des effets positifs tout au long de sa vie. Il est important de reconna\u00eetre l&rsquo;importance de ces relations pr\u00e9coces et de les encourager activement pour favoriser le meilleur d\u00e9veloppement possible de l&rsquo;enfant.<\/p>\n<p>&nbsp;<\/p>\n<hr \/>\n<h2>Preuves<\/h2>\n<ul>\n<li style=\"list-style-type: none;\">\n<ul>\n<li><span style=\"font-size: 80%;\"><em><span id=\"source-1\">\u00b9 \u00a0Une base solide<\/span><\/em><\/span><br \/>\n<em><span style=\"font-size: 75%;\">Le lien parent-enfant et le d\u00e9veloppement humain sain. Basic Books. <\/span><\/em><em><span style=\"font-size: 75%;\"><br \/>\n<a href=\"https:\/\/psycnet.apa.org\/record\/1988-98501-000\">(Bowlby, J. (1988))<\/a><\/span><\/em><\/li>\n<li><span style=\"font-size: 80%;\"><em><span id=\"source-2\">\u00b2 Le d\u00e9veloppement de la personnalit\u00e9<\/span><\/em><\/span><br \/>\n<em><span style=\"font-size: 75%;\">The Minnesota Study of Risk and Adjustment from Birth to Adulthood (\u00c9tude du Minnesota sur le risque et l&rsquo;adaptation de la naissance \u00e0 l&rsquo;\u00e2ge adulte). Guilford Press <\/span><\/em><br \/><a href=\"https:\/\/psycnet.apa.org\/record\/2005-08142-000\"><em><span style=\"font-size: 75%;\">(Sroufe, L. A., Egeland, B., Carlson, E., &amp; Collins, W. A. (2005))<\/span><\/em><\/a><\/li>\n<li><span style=\"font-size: 80%;\"><em><span id=\"source-3\">\u00b3\u00a0 L&rsquo;augmentation du portage r\u00e9duit les pleurs du nourrisson<\/span><\/em><\/span><br \/>\n<em><span style=\"font-size: 75%;\">A randomised controlled trial. Tir\u00e9 de *Pediatrics*, 77(5), 641-648. <br \/><a href=\"https:\/\/pubmed.ncbi.nlm.nih.gov\/3517799\/\">(Hunziker, U. A., &amp; Barr, R. G. 1986)<\/a>.<\/span><\/em><\/li>\n<\/ul>\n<\/li>\n<\/ul>\n","protected":false},"excerpt":{"rendered":"<p>Le d\u00e9veloppement de la petite enfance est une phase critique dans la vie d&rsquo;une personne. C&rsquo;est au cours de cette p\u00e9riode que sont jet\u00e9es les bases du bien-\u00eatre \u00e9motionnel, des comp\u00e9tences sociales et du d\u00e9veloppement cognitif. Un aspect essentiel de ce d\u00e9veloppement est le lien entre l&rsquo;enfant et les personnes qui s&rsquo;occupent de lui. La [&#8230;]\n","protected":false},"author":1,"featured_media":11107,"comment_status":"closed","ping_status":"closed","sticky":false,"template":"","format":"standard","meta":{"footnotes":""},"categories":[998],"tags":[],"class_list":["post-16439","post","type-post","status-publish","format-standard","has-post-thumbnail","hentry","category-mariblum-actualites-porte-bebe"],"yoast_head":"<!-- This site is optimized with the Yoast SEO Premium plugin v23.3 (Yoast SEO v27.2) - https:\/\/yoast.com\/product\/yoast-seo-premium-wordpress\/ -->\n<title>L&#039;importance des \u00e9charpes de portage pour le lien entre les parents et l&#039;enfant - mariblum - \u00c9charpe de portage<\/title>\n<meta name=\"robots\" content=\"index, follow, max-snippet:-1, max-image-preview:large, max-video-preview:-1\" \/>\n<link rel=\"canonical\" href=\"https:\/\/mariblum.de\/fr\/limportance-des-echarpes-de-portage-pour-le-lien-entre-les-parents-et-lenfant\/\" \/>\n<meta property=\"og:locale\" content=\"fr_FR\" \/>\n<meta property=\"og:type\" content=\"article\" \/>\n<meta property=\"og:title\" content=\"L&#039;importance des \u00e9charpes de portage pour le lien entre les parents et l&#039;enfant\" \/>\n<meta property=\"og:description\" content=\"Le d\u00e9veloppement de la petite enfance est une phase critique dans la vie d&rsquo;une personne. C&rsquo;est au cours de cette p\u00e9riode que sont jet\u00e9es les bases du bien-\u00eatre \u00e9motionnel, des comp\u00e9tences sociales et du d\u00e9veloppement cognitif. Un aspect essentiel de ce d\u00e9veloppement est le lien entre l&rsquo;enfant et les personnes qui s&rsquo;occupent de lui. La [...]\" \/>\n<meta property=\"og:url\" content=\"https:\/\/mariblum.de\/fr\/limportance-des-echarpes-de-portage-pour-le-lien-entre-les-parents-et-lenfant\/\" \/>\n<meta property=\"og:site_name\" content=\"mariblum - \u00c9charpe de portage\" \/>\n<meta property=\"article:published_time\" content=\"2024-06-21T04:32:23+00:00\" \/>\n<meta property=\"article:modified_time\" content=\"2024-06-21T05:34:49+00:00\" \/>\n<meta property=\"og:image\" content=\"https:\/\/mariblum.de\/wp-content\/uploads\/2021\/04\/kiss-from-a-rose-made-of-hemp-ring-sling-trageberatung.jpg\" \/>\n\t<meta property=\"og:image:width\" content=\"600\" \/>\n\t<meta property=\"og:image:height\" content=\"800\" \/>\n\t<meta property=\"og:image:type\" content=\"image\/jpeg\" \/>\n<meta name=\"author\" content=\"mariblum\" \/>\n<meta name=\"twitter:card\" content=\"summary_large_image\" \/>\n<meta name=\"twitter:label1\" content=\"\u00c9crit par\" \/>\n\t<meta name=\"twitter:data1\" content=\"mariblum\" \/>\n\t<meta name=\"twitter:label2\" content=\"Dur\u00e9e de lecture estim\u00e9e\" \/>\n\t<meta name=\"twitter:data2\" content=\"1 minute\" \/>\n<script type=\"application\/ld+json\" class=\"yoast-schema-graph\">{\"@context\":\"https:\/\/schema.org\",\"@graph\":[{\"@type\":\"Article\",\"@id\":\"https:\/\/mariblum.de\/fr\/limportance-des-echarpes-de-portage-pour-le-lien-entre-les-parents-et-lenfant\/#article\",\"isPartOf\":{\"@id\":\"https:\/\/mariblum.de\/fr\/limportance-des-echarpes-de-portage-pour-le-lien-entre-les-parents-et-lenfant\/\"},\"author\":{\"name\":\"mariblum\",\"@id\":\"https:\/\/mariblum.de\/fr\/#\/schema\/person\/0f48a4840cefc156d4d2deb5e4b294d0\"},\"headline\":\"L&rsquo;importance des \u00e9charpes de portage pour le lien entre les parents et l&rsquo;enfant\",\"datePublished\":\"2024-06-21T04:32:23+00:00\",\"dateModified\":\"2024-06-21T05:34:49+00:00\",\"mainEntityOfPage\":{\"@id\":\"https:\/\/mariblum.de\/fr\/limportance-des-echarpes-de-portage-pour-le-lien-entre-les-parents-et-lenfant\/\"},\"wordCount\":977,\"publisher\":{\"@id\":\"https:\/\/mariblum.de\/fr\/#organization\"},\"image\":{\"@id\":\"https:\/\/mariblum.de\/fr\/limportance-des-echarpes-de-portage-pour-le-lien-entre-les-parents-et-lenfant\/#primaryimage\"},\"thumbnailUrl\":\"https:\/\/mariblum.de\/wp-content\/uploads\/2021\/04\/kiss-from-a-rose-made-of-hemp-ring-sling-trageberatung.jpg\",\"articleSection\":[\"mariblum - Actualit\u00e9s porte b\u00e9b\u00e9\"],\"inLanguage\":\"fr-FR\"},{\"@type\":\"WebPage\",\"@id\":\"https:\/\/mariblum.de\/fr\/limportance-des-echarpes-de-portage-pour-le-lien-entre-les-parents-et-lenfant\/\",\"url\":\"https:\/\/mariblum.de\/fr\/limportance-des-echarpes-de-portage-pour-le-lien-entre-les-parents-et-lenfant\/\",\"name\":\"L'importance des \u00e9charpes de portage pour le lien entre les parents et l'enfant - mariblum - \u00c9charpe de portage\",\"isPartOf\":{\"@id\":\"https:\/\/mariblum.de\/fr\/#website\"},\"primaryImageOfPage\":{\"@id\":\"https:\/\/mariblum.de\/fr\/limportance-des-echarpes-de-portage-pour-le-lien-entre-les-parents-et-lenfant\/#primaryimage\"},\"image\":{\"@id\":\"https:\/\/mariblum.de\/fr\/limportance-des-echarpes-de-portage-pour-le-lien-entre-les-parents-et-lenfant\/#primaryimage\"},\"thumbnailUrl\":\"https:\/\/mariblum.de\/wp-content\/uploads\/2021\/04\/kiss-from-a-rose-made-of-hemp-ring-sling-trageberatung.jpg\",\"datePublished\":\"2024-06-21T04:32:23+00:00\",\"dateModified\":\"2024-06-21T05:34:49+00:00\",\"breadcrumb\":{\"@id\":\"https:\/\/mariblum.de\/fr\/limportance-des-echarpes-de-portage-pour-le-lien-entre-les-parents-et-lenfant\/#breadcrumb\"},\"inLanguage\":\"fr-FR\",\"potentialAction\":[{\"@type\":\"ReadAction\",\"target\":[\"https:\/\/mariblum.de\/fr\/limportance-des-echarpes-de-portage-pour-le-lien-entre-les-parents-et-lenfant\/\"]}]},{\"@type\":\"ImageObject\",\"inLanguage\":\"fr-FR\",\"@id\":\"https:\/\/mariblum.de\/fr\/limportance-des-echarpes-de-portage-pour-le-lien-entre-les-parents-et-lenfant\/#primaryimage\",\"url\":\"https:\/\/mariblum.de\/wp-content\/uploads\/2021\/04\/kiss-from-a-rose-made-of-hemp-ring-sling-trageberatung.jpg\",\"contentUrl\":\"https:\/\/mariblum.de\/wp-content\/uploads\/2021\/04\/kiss-from-a-rose-made-of-hemp-ring-sling-trageberatung.jpg\",\"width\":600,\"height\":800,\"caption\":\"rouge-rose-sombre-echarpe-portage-bebe-ring-sling-en-chanvre-kiss-from-a-rose\"},{\"@type\":\"BreadcrumbList\",\"@id\":\"https:\/\/mariblum.de\/fr\/limportance-des-echarpes-de-portage-pour-le-lien-entre-les-parents-et-lenfant\/#breadcrumb\",\"itemListElement\":[{\"@type\":\"ListItem\",\"position\":1,\"name\":\"Startseite\",\"item\":\"https:\/\/mariblum.de\/fr\/\"},{\"@type\":\"ListItem\",\"position\":2,\"name\":\"L&#8217;importance des \u00e9charpes de portage pour le lien entre les parents et l&#8217;enfant\"}]},{\"@type\":\"WebSite\",\"@id\":\"https:\/\/mariblum.de\/fr\/#website\",\"url\":\"https:\/\/mariblum.de\/fr\/\",\"name\":\"mariblum Traget\u00fccher\",\"description\":\"la fa\u00e7on naturelle de porter votre b\u00e9b\u00e9\",\"publisher\":{\"@id\":\"https:\/\/mariblum.de\/fr\/#organization\"},\"potentialAction\":[{\"@type\":\"SearchAction\",\"target\":{\"@type\":\"EntryPoint\",\"urlTemplate\":\"https:\/\/mariblum.de\/fr\/?s={search_term_string}\"},\"query-input\":{\"@type\":\"PropertyValueSpecification\",\"valueRequired\":true,\"valueName\":\"search_term_string\"}}],\"inLanguage\":\"fr-FR\"},{\"@type\":\"Organization\",\"@id\":\"https:\/\/mariblum.de\/fr\/#organization\",\"name\":\"mariblum\",\"url\":\"https:\/\/mariblum.de\/fr\/\",\"logo\":{\"@type\":\"ImageObject\",\"inLanguage\":\"fr-FR\",\"@id\":\"https:\/\/mariblum.de\/fr\/#\/schema\/logo\/image\/\",\"url\":\"https:\/\/mariblum.de\/wp-content\/uploads\/2020\/07\/logo_m-500x_transparent.png\",\"contentUrl\":\"https:\/\/mariblum.de\/wp-content\/uploads\/2020\/07\/logo_m-500x_transparent.png\",\"width\":500,\"height\":500,\"caption\":\"mariblum\"},\"image\":{\"@id\":\"https:\/\/mariblum.de\/fr\/#\/schema\/logo\/image\/\"},\"sameAs\":[\"https:\/\/www.instagram.com\/_mariblum_\/\"]},{\"@type\":\"Person\",\"@id\":\"https:\/\/mariblum.de\/fr\/#\/schema\/person\/0f48a4840cefc156d4d2deb5e4b294d0\",\"name\":\"mariblum\",\"url\":\"https:\/\/mariblum.de\/fr\/author\/mariblum\/\"}]}<\/script>\n<!-- \/ Yoast SEO Premium plugin. -->","yoast_head_json":{"title":"L'importance des \u00e9charpes de portage pour le lien entre les parents et l'enfant - mariblum - \u00c9charpe de portage","robots":{"index":"index","follow":"follow","max-snippet":"max-snippet:-1","max-image-preview":"max-image-preview:large","max-video-preview":"max-video-preview:-1"},"canonical":"https:\/\/mariblum.de\/fr\/limportance-des-echarpes-de-portage-pour-le-lien-entre-les-parents-et-lenfant\/","og_locale":"fr_FR","og_type":"article","og_title":"L'importance des \u00e9charpes de portage pour le lien entre les parents et l'enfant","og_description":"Le d\u00e9veloppement de la petite enfance est une phase critique dans la vie d&rsquo;une personne. C&rsquo;est au cours de cette p\u00e9riode que sont jet\u00e9es les bases du bien-\u00eatre \u00e9motionnel, des comp\u00e9tences sociales et du d\u00e9veloppement cognitif. Un aspect essentiel de ce d\u00e9veloppement est le lien entre l&rsquo;enfant et les personnes qui s&rsquo;occupent de lui. La [...]","og_url":"https:\/\/mariblum.de\/fr\/limportance-des-echarpes-de-portage-pour-le-lien-entre-les-parents-et-lenfant\/","og_site_name":"mariblum - \u00c9charpe de portage","article_published_time":"2024-06-21T04:32:23+00:00","article_modified_time":"2024-06-21T05:34:49+00:00","og_image":[{"width":600,"height":800,"url":"https:\/\/mariblum.de\/wp-content\/uploads\/2021\/04\/kiss-from-a-rose-made-of-hemp-ring-sling-trageberatung.jpg","type":"image\/jpeg"}],"author":"mariblum","twitter_card":"summary_large_image","twitter_misc":{"\u00c9crit par":"mariblum","Dur\u00e9e de lecture estim\u00e9e":"1 minute"},"schema":{"@context":"https:\/\/schema.org","@graph":[{"@type":"Article","@id":"https:\/\/mariblum.de\/fr\/limportance-des-echarpes-de-portage-pour-le-lien-entre-les-parents-et-lenfant\/#article","isPartOf":{"@id":"https:\/\/mariblum.de\/fr\/limportance-des-echarpes-de-portage-pour-le-lien-entre-les-parents-et-lenfant\/"},"author":{"name":"mariblum","@id":"https:\/\/mariblum.de\/fr\/#\/schema\/person\/0f48a4840cefc156d4d2deb5e4b294d0"},"headline":"L&rsquo;importance des \u00e9charpes de portage pour le lien entre les parents et l&rsquo;enfant","datePublished":"2024-06-21T04:32:23+00:00","dateModified":"2024-06-21T05:34:49+00:00","mainEntityOfPage":{"@id":"https:\/\/mariblum.de\/fr\/limportance-des-echarpes-de-portage-pour-le-lien-entre-les-parents-et-lenfant\/"},"wordCount":977,"publisher":{"@id":"https:\/\/mariblum.de\/fr\/#organization"},"image":{"@id":"https:\/\/mariblum.de\/fr\/limportance-des-echarpes-de-portage-pour-le-lien-entre-les-parents-et-lenfant\/#primaryimage"},"thumbnailUrl":"https:\/\/mariblum.de\/wp-content\/uploads\/2021\/04\/kiss-from-a-rose-made-of-hemp-ring-sling-trageberatung.jpg","articleSection":["mariblum - Actualit\u00e9s porte b\u00e9b\u00e9"],"inLanguage":"fr-FR"},{"@type":"WebPage","@id":"https:\/\/mariblum.de\/fr\/limportance-des-echarpes-de-portage-pour-le-lien-entre-les-parents-et-lenfant\/","url":"https:\/\/mariblum.de\/fr\/limportance-des-echarpes-de-portage-pour-le-lien-entre-les-parents-et-lenfant\/","name":"L'importance des \u00e9charpes de portage pour le lien entre les parents et l'enfant - mariblum - \u00c9charpe de portage","isPartOf":{"@id":"https:\/\/mariblum.de\/fr\/#website"},"primaryImageOfPage":{"@id":"https:\/\/mariblum.de\/fr\/limportance-des-echarpes-de-portage-pour-le-lien-entre-les-parents-et-lenfant\/#primaryimage"},"image":{"@id":"https:\/\/mariblum.de\/fr\/limportance-des-echarpes-de-portage-pour-le-lien-entre-les-parents-et-lenfant\/#primaryimage"},"thumbnailUrl":"https:\/\/mariblum.de\/wp-content\/uploads\/2021\/04\/kiss-from-a-rose-made-of-hemp-ring-sling-trageberatung.jpg","datePublished":"2024-06-21T04:32:23+00:00","dateModified":"2024-06-21T05:34:49+00:00","breadcrumb":{"@id":"https:\/\/mariblum.de\/fr\/limportance-des-echarpes-de-portage-pour-le-lien-entre-les-parents-et-lenfant\/#breadcrumb"},"inLanguage":"fr-FR","potentialAction":[{"@type":"ReadAction","target":["https:\/\/mariblum.de\/fr\/limportance-des-echarpes-de-portage-pour-le-lien-entre-les-parents-et-lenfant\/"]}]},{"@type":"ImageObject","inLanguage":"fr-FR","@id":"https:\/\/mariblum.de\/fr\/limportance-des-echarpes-de-portage-pour-le-lien-entre-les-parents-et-lenfant\/#primaryimage","url":"https:\/\/mariblum.de\/wp-content\/uploads\/2021\/04\/kiss-from-a-rose-made-of-hemp-ring-sling-trageberatung.jpg","contentUrl":"https:\/\/mariblum.de\/wp-content\/uploads\/2021\/04\/kiss-from-a-rose-made-of-hemp-ring-sling-trageberatung.jpg","width":600,"height":800,"caption":"rouge-rose-sombre-echarpe-portage-bebe-ring-sling-en-chanvre-kiss-from-a-rose"},{"@type":"BreadcrumbList","@id":"https:\/\/mariblum.de\/fr\/limportance-des-echarpes-de-portage-pour-le-lien-entre-les-parents-et-lenfant\/#breadcrumb","itemListElement":[{"@type":"ListItem","position":1,"name":"Startseite","item":"https:\/\/mariblum.de\/fr\/"},{"@type":"ListItem","position":2,"name":"L&#8217;importance des \u00e9charpes de portage pour le lien entre les parents et l&#8217;enfant"}]},{"@type":"WebSite","@id":"https:\/\/mariblum.de\/fr\/#website","url":"https:\/\/mariblum.de\/fr\/","name":"mariblum Traget\u00fccher","description":"la fa\u00e7on naturelle de porter votre b\u00e9b\u00e9","publisher":{"@id":"https:\/\/mariblum.de\/fr\/#organization"},"potentialAction":[{"@type":"SearchAction","target":{"@type":"EntryPoint","urlTemplate":"https:\/\/mariblum.de\/fr\/?s={search_term_string}"},"query-input":{"@type":"PropertyValueSpecification","valueRequired":true,"valueName":"search_term_string"}}],"inLanguage":"fr-FR"},{"@type":"Organization","@id":"https:\/\/mariblum.de\/fr\/#organization","name":"mariblum","url":"https:\/\/mariblum.de\/fr\/","logo":{"@type":"ImageObject","inLanguage":"fr-FR","@id":"https:\/\/mariblum.de\/fr\/#\/schema\/logo\/image\/","url":"https:\/\/mariblum.de\/wp-content\/uploads\/2020\/07\/logo_m-500x_transparent.png","contentUrl":"https:\/\/mariblum.de\/wp-content\/uploads\/2020\/07\/logo_m-500x_transparent.png","width":500,"height":500,"caption":"mariblum"},"image":{"@id":"https:\/\/mariblum.de\/fr\/#\/schema\/logo\/image\/"},"sameAs":["https:\/\/www.instagram.com\/_mariblum_\/"]},{"@type":"Person","@id":"https:\/\/mariblum.de\/fr\/#\/schema\/person\/0f48a4840cefc156d4d2deb5e4b294d0","name":"mariblum","url":"https:\/\/mariblum.de\/fr\/author\/mariblum\/"}]}},"_links":{"self":[{"href":"https:\/\/mariblum.de\/fr\/wp-json\/wp\/v2\/posts\/16439","targetHints":{"allow":["GET"]}}],"collection":[{"href":"https:\/\/mariblum.de\/fr\/wp-json\/wp\/v2\/posts"}],"about":[{"href":"https:\/\/mariblum.de\/fr\/wp-json\/wp\/v2\/types\/post"}],"author":[{"embeddable":true,"href":"https:\/\/mariblum.de\/fr\/wp-json\/wp\/v2\/users\/1"}],"replies":[{"embeddable":true,"href":"https:\/\/mariblum.de\/fr\/wp-json\/wp\/v2\/comments?post=16439"}],"version-history":[{"count":0,"href":"https:\/\/mariblum.de\/fr\/wp-json\/wp\/v2\/posts\/16439\/revisions"}],"wp:featuredmedia":[{"embeddable":true,"href":"https:\/\/mariblum.de\/fr\/wp-json\/wp\/v2\/media\/11107"}],"wp:attachment":[{"href":"https:\/\/mariblum.de\/fr\/wp-json\/wp\/v2\/media?parent=16439"}],"wp:term":[{"taxonomy":"category","embeddable":true,"href":"https:\/\/mariblum.de\/fr\/wp-json\/wp\/v2\/categories?post=16439"},{"taxonomy":"post_tag","embeddable":true,"href":"https:\/\/mariblum.de\/fr\/wp-json\/wp\/v2\/tags?post=16439"}],"curies":[{"name":"wp","href":"https:\/\/api.w.org\/{rel}","templated":true}]}}