{"id":16343,"date":"2024-06-07T05:08:54","date_gmt":"2024-06-07T05:08:54","guid":{"rendered":"https:\/\/mariblum.de\/?p=16343"},"modified":"2024-06-07T05:08:54","modified_gmt":"2024-06-07T05:08:54","slug":"pourquoi-le-portage-est-important","status":"publish","type":"post","link":"https:\/\/mariblum.de\/fr\/pourquoi-le-portage-est-important\/","title":{"rendered":"Pourquoi le portage est important"},"content":{"rendered":"<p class=\"lead\" align=\"justify\">Le portage est une pratique qui existe dans de nombreuses cultures depuis des si\u00e8cles. Il offre bien plus qu&rsquo;un simple moyen pratique de transporter un enfant. Le portage a un impact profond sur le d\u00e9veloppement physique, \u00e9motionnel et social de votre enfant et renforce le lien entre vous et votre enfant d&rsquo;une mani\u00e8re naturelle et affectueuse.<\/p>\n<p><strong>Table des mati\u00e8res<\/strong><\/p>\n<ol>\n<li><a href=\"#Quels-sont-les-avantages-physiques-du-portage\">Quels sont les avantages physiques du portage ?<\/a><\/li>\n<li><a href=\"#Quels-sont-les-avantages-\u00e9motionnels-et-psychologiques-du-portage\">Quels sont les avantages \u00e9motionnels et psychologiques du portage ?<\/a><\/li>\n<li><a href=\"#Quels-sont-les-avantages-pratiques-et-sociaux-du-portage\">Quels sont les avantages pratiques et sociaux du portage ?<\/a><\/li>\n<li><a href=\"#Quels-sont-les-aspects-historiques-et-culturels-du-portage\">Quels sont les aspects historiques et culturels du portage ?<\/a><\/li>\n<li><a href=\"#R\u00e9sumer\">R\u00e9sumer<\/a><\/li>\n<\/ol>\n<h2 id=\"Quels-sont-les-avantages-physiques-du-portage\">Quels sont les avantages physiques du portage ?<\/h2>\n\n  <div class=\"banner has-hover\" id=\"banner-682537131\">\n          <div class=\"banner-inner fill\">\n        <div class=\"banner-bg fill\" >\n            <img loading=\"lazy\" decoding=\"async\" width=\"510\" height=\"680\" src=\"https:\/\/mariblum.de\/wp-content\/uploads\/2024\/04\/Waldfee-Tragetuch-510x680.jpg\" class=\"bg attachment-large size-large\" alt=\"\" \/>                                    \n                    <\/div>\n\t\t\n        <div class=\"banner-layers container\">\n            <div class=\"fill banner-link\"><\/div>               <div id=\"text-box-1424456812\" class=\"text-box banner-layer x50 md-x50 lg-x50 y50 md-y50 lg-y50 res-text\">\n                     <div data-animate=\"fadeIn\">           <div class=\"text-box-content text dark\">\n              \n              <div class=\"text-inner text-center\">\n                                <\/div>\n           <\/div>\n       <\/div>                     \n<style>\n#text-box-1424456812 {\n  width: 60%;\n}\n#text-box-1424456812 .text-box-content {\n  font-size: 100%;\n}\n@media (min-width:550px) {\n  #text-box-1424456812 {\n    width: 60%;\n  }\n}\n<\/style>\n    <\/div>\n         <\/div>\n      <\/div>\n\n            \n<style>\n#banner-682537131 {\n  padding-top: 300px;\n}\n#banner-682537131 .banner-bg img {\n  object-position: 20% 50%;\n}\n<\/style>\n  <\/div>\n\n\n<p align=\"justify\">La proximit\u00e9 que procure le portage joue un r\u00f4le essentiel dans le d\u00e9veloppement physique de votre b\u00e9b\u00e9. Les nouveau-n\u00e9s recherchent naturellement le contact avec leur m\u00e8re, car le toucher et la proximit\u00e9 leur procurent un sentiment de s\u00e9curit\u00e9. Des \u00e9tudes<a href=\"#Source-1\">\u00b9<\/a> ont montr\u00e9 que les b\u00e9b\u00e9s port\u00e9s pleurent moins et dorment mieux. Le rythme r\u00e9gulierm<a href=\"#Source-2\">\u00b2<\/a> de votre c\u0153ur et votre respiration calme ont un effet apaisant sur votre enfant et l&rsquo;aident \u00e0 se d\u00e9tendre.<\/p>\n<div class=\"woocommerce columns-4 \"><div class=\"products row row-small large-columns-4 medium-columns-3 small-columns-2\">\n<div class=\"product-small col has-hover has-product-safety-information product type-product post-4525 status-publish first instock product_cat-hemp-fabric product_cat-babywearing-slings-made-of-hemp product_tag-babywearing-sling product_tag-colorful product_tag-universe has-post-thumbnail featured purchasable product-type-variable has-default-attributes\">\n\t<div class=\"col-inner\">\n\t\n<div class=\"badge-container absolute left top z-1\">\n\n<\/div>\n\t<div class=\"product-small box \">\n\t\t<div class=\"box-image\">\n\t\t\t<div class=\"image-fade_in_back\">\n\t\t\t\t<a href=\"https:\/\/mariblum.de\/en\/produkt\/little-universe-colorful-babywearing-sling\/\">\n\t\t\t\t\t<img loading=\"lazy\" decoding=\"async\" width=\"247\" height=\"247\" src=\"https:\/\/mariblum.de\/wp-content\/uploads\/2025\/04\/Baby-Tragetuch_Hanf_mku-247x247.jpg\" class=\"attachment-woocommerce_thumbnail size-woocommerce_thumbnail\" alt=\"Little Universe babywearing sling\" srcset=\"https:\/\/mariblum.de\/wp-content\/uploads\/2025\/04\/Baby-Tragetuch_Hanf_mku-247x247.jpg 247w, https:\/\/mariblum.de\/wp-content\/uploads\/2025\/04\/Baby-Tragetuch_Hanf_mku-150x150.jpg 150w, https:\/\/mariblum.de\/wp-content\/uploads\/2025\/04\/Baby-Tragetuch_Hanf_mku-100x100.jpg 100w\" sizes=\"auto, (max-width: 247px) 100vw, 247px\" \/><img loading=\"lazy\" decoding=\"async\" width=\"247\" height=\"247\" src=\"https:\/\/mariblum.de\/wp-content\/uploads\/2025\/04\/Tragetuch_Hanf_Baby_mku-247x247.jpg\" class=\"show-on-hover absolute fill hide-for-small back-image\" alt=\"Alternative view of Little Universe babywearing sling\" aria-hidden=\"true\" srcset=\"https:\/\/mariblum.de\/wp-content\/uploads\/2025\/04\/Tragetuch_Hanf_Baby_mku-247x247.jpg 247w, https:\/\/mariblum.de\/wp-content\/uploads\/2025\/04\/Tragetuch_Hanf_Baby_mku-150x150.jpg 150w, https:\/\/mariblum.de\/wp-content\/uploads\/2025\/04\/Tragetuch_Hanf_Baby_mku-100x100.jpg 100w\" sizes=\"auto, (max-width: 247px) 100vw, 247px\" \/>\t\t\t\t<\/a>\n\t\t\t<\/div>\n\t\t\t<div class=\"image-tools is-small top right show-on-hover\">\n\t\t\t\t\t\t\t<\/div>\n\t\t\t<div class=\"image-tools is-small hide-for-small bottom left show-on-hover\">\n\t\t\t\t\t\t\t<\/div>\n\t\t\t<div class=\"image-tools grid-tools text-center hide-for-small bottom hover-slide-in show-on-hover\">\n\t\t\t\t<a href=\"#quick-view\" class=\"quick-view\" role=\"button\" data-prod=\"4525\" aria-haspopup=\"dialog\" aria-expanded=\"false\" data-flatsome-role-button>Aper\u00e7u<\/a>\t\t\t<\/div>\n\t\t\t\t\t<\/div>\n\n\t\t<div class=\"box-text box-text-products text-center grid-style-2\">\n\t\t\t<div class=\"ux-swatches ux-swatches-in-loop ux-swatches--rounded ux-swatches--x-small\" role=\"radiogroup\" data-flatsome-role-radiogroup><\/div><div class=\"title-wrapper\">\t\t<p class=\"category uppercase is-smaller no-text-overflow product-cat op-8\">\n\t\t\tHemp Fabric\t\t<\/p>\n\t<p class=\"name product-title woocommerce-loop-product__title\"><a href=\"https:\/\/mariblum.de\/en\/produkt\/little-universe-colorful-babywearing-sling\/\" class=\"woocommerce-LoopProduct-link woocommerce-loop-product__link\">Little Universe babywearing sling<\/a><\/p><\/div><div class=\"price-wrapper\">\n\t<span class=\"price\"><span class=\"woocommerce-Price-amount amount\"><bdi>229,95&nbsp;<span class=\"woocommerce-Price-currencySymbol\" translate=\"no\">&euro;<\/span><\/bdi><\/span><\/span>\n\n\n\n<\/div>\t\t<\/div>\n\t<\/div>\n\t\n\t<\/div>\n<\/div><div class=\"product-small col has-hover has-product-safety-information product type-product post-11973 status-publish instock product_cat-cotton-fabric product_cat-babywearing-slings-made-of-cotton product_tag-babywearing-sling product_tag-black-en product_tag-cotton product_tag-elephant product_tag-green has-post-thumbnail sale featured purchasable product-type-variable has-default-attributes\">\n\t<div class=\"col-inner\">\n\t\n<div class=\"badge-container absolute left top z-1\">\n<div class=\"callout badge badge-circle\"><div class=\"badge-inner secondary on-sale\"><span class=\"onsale\">Promo\u00a0!<\/span><\/div><\/div>\n<\/div>\n\t<div class=\"product-small box \">\n\t\t<div class=\"box-image\">\n\t\t\t<div class=\"image-fade_in_back\">\n\t\t\t\t<a href=\"https:\/\/mariblum.de\/en\/produkt\/elephant-babywearing-sling-green-black-made-of-cotton\/\">\n\t\t\t\t\t<img loading=\"lazy\" decoding=\"async\" width=\"247\" height=\"247\" src=\"https:\/\/mariblum.de\/wp-content\/uploads\/2022\/03\/schwarz-gruen-tragetuch-aus-baumwolle-elefanten-baby-richtig-gebunden-247x247.jpg\" class=\"attachment-woocommerce_thumbnail size-woocommerce_thumbnail\" alt=\"black-green-cotton-sling-elephant-baby-right-tie\" srcset=\"https:\/\/mariblum.de\/wp-content\/uploads\/2022\/03\/schwarz-gruen-tragetuch-aus-baumwolle-elefanten-baby-richtig-gebunden-247x247.jpg 247w, https:\/\/mariblum.de\/wp-content\/uploads\/2022\/03\/schwarz-gruen-tragetuch-aus-baumwolle-elefanten-baby-richtig-gebunden-100x100.jpg 100w, https:\/\/mariblum.de\/wp-content\/uploads\/2022\/03\/schwarz-gruen-tragetuch-aus-baumwolle-elefanten-baby-richtig-gebunden-150x150.jpg 150w\" sizes=\"auto, (max-width: 247px) 100vw, 247px\" \/><img loading=\"lazy\" decoding=\"async\" width=\"247\" height=\"247\" src=\"https:\/\/mariblum.de\/wp-content\/uploads\/2022\/03\/schwarz-gruen-edles-tragetuch-aus-baumwolle-elefanten-247x247.jpg\" class=\"show-on-hover absolute fill hide-for-small back-image\" alt=\"black-green-elephant-cotton-sling\" aria-hidden=\"true\" srcset=\"https:\/\/mariblum.de\/wp-content\/uploads\/2022\/03\/schwarz-gruen-edles-tragetuch-aus-baumwolle-elefanten-247x247.jpg 247w, https:\/\/mariblum.de\/wp-content\/uploads\/2022\/03\/schwarz-gruen-edles-tragetuch-aus-baumwolle-elefanten-100x100.jpg 100w, https:\/\/mariblum.de\/wp-content\/uploads\/2022\/03\/schwarz-gruen-edles-tragetuch-aus-baumwolle-elefanten-150x150.jpg 150w\" sizes=\"auto, (max-width: 247px) 100vw, 247px\" \/>\t\t\t\t<\/a>\n\t\t\t<\/div>\n\t\t\t<div class=\"image-tools is-small top right show-on-hover\">\n\t\t\t\t\t\t\t<\/div>\n\t\t\t<div class=\"image-tools is-small hide-for-small bottom left show-on-hover\">\n\t\t\t\t\t\t\t<\/div>\n\t\t\t<div class=\"image-tools grid-tools text-center hide-for-small bottom hover-slide-in show-on-hover\">\n\t\t\t\t<a href=\"#quick-view\" class=\"quick-view\" role=\"button\" data-prod=\"11973\" aria-haspopup=\"dialog\" aria-expanded=\"false\" data-flatsome-role-button>Aper\u00e7u<\/a>\t\t\t<\/div>\n\t\t\t\t\t<\/div>\n\n\t\t<div class=\"box-text box-text-products text-center grid-style-2\">\n\t\t\t<div class=\"title-wrapper\">\t\t<p class=\"category uppercase is-smaller no-text-overflow product-cat op-8\">\n\t\t\tCotton Fabric\t\t<\/p>\n\t<p class=\"name product-title woocommerce-loop-product__title\"><a href=\"https:\/\/mariblum.de\/en\/produkt\/elephant-babywearing-sling-green-black-made-of-cotton\/\" class=\"woocommerce-LoopProduct-link woocommerce-loop-product__link\">Elephant &#8211; Babywearing Sling<\/a><\/p><\/div><div class=\"price-wrapper\">\n\t<span class=\"price\"><span class=\"woocommerce-Price-amount amount\"><bdi>138,70&nbsp;<span class=\"woocommerce-Price-currencySymbol\" translate=\"no\">&euro;<\/span><\/bdi><\/span> &ndash; <span class=\"woocommerce-Price-amount amount\"><bdi>164,95&nbsp;<span class=\"woocommerce-Price-currencySymbol\" translate=\"no\">&euro;<\/span><\/bdi><\/span><\/span>\n\n\n\n<\/div>\t\t<\/div>\n\t<\/div>\n\t\n\t<\/div>\n<\/div><div class=\"product-small col has-hover has-product-safety-information product type-product post-14581 status-publish instock product_cat-cotton-fabric product_cat-babywearing-slings-made-of-cotton product_tag-babywearing-sling product_tag-black-en product_tag-cotton product_tag-elephant product_tag-gold-en has-post-thumbnail sale purchasable product-type-variable has-default-attributes\">\n\t<div class=\"col-inner\">\n\t\n<div class=\"badge-container absolute left top z-1\">\n<div class=\"callout badge badge-circle\"><div class=\"badge-inner secondary on-sale\"><span class=\"onsale\">Promo\u00a0!<\/span><\/div><\/div>\n<\/div>\n\t<div class=\"product-small box \">\n\t\t<div class=\"box-image\">\n\t\t\t<div class=\"image-fade_in_back\">\n\t\t\t\t<a href=\"https:\/\/mariblum.de\/en\/produkt\/elephant-babywearing-sling-cotton-black-gold\/\">\n\t\t\t\t\t<img loading=\"lazy\" decoding=\"async\" width=\"247\" height=\"247\" src=\"https:\/\/mariblum.de\/wp-content\/uploads\/2023\/02\/Tragetuch-Baby-Elefant-gold-schwarz-247x247.jpg\" class=\"attachment-woocommerce_thumbnail size-woocommerce_thumbnail\" alt=\"Baby Tragetuch mit Elefantenmotiv in gold-schwarz\" srcset=\"https:\/\/mariblum.de\/wp-content\/uploads\/2023\/02\/Tragetuch-Baby-Elefant-gold-schwarz-247x247.jpg 247w, https:\/\/mariblum.de\/wp-content\/uploads\/2023\/02\/Tragetuch-Baby-Elefant-gold-schwarz-150x150.jpg 150w, https:\/\/mariblum.de\/wp-content\/uploads\/2023\/02\/Tragetuch-Baby-Elefant-gold-schwarz-100x100.jpg 100w\" sizes=\"auto, (max-width: 247px) 100vw, 247px\" \/><img loading=\"lazy\" decoding=\"async\" width=\"247\" height=\"247\" src=\"https:\/\/mariblum.de\/wp-content\/uploads\/2023\/02\/elefanten-tragetuch-schwarz-gold-aus-baumwolle-247x247.jpg\" class=\"show-on-hover absolute fill hide-for-small back-image\" alt=\"elefanten-tragetuch-schwarz-gold-aus-baumwolle\" aria-hidden=\"true\" srcset=\"https:\/\/mariblum.de\/wp-content\/uploads\/2023\/02\/elefanten-tragetuch-schwarz-gold-aus-baumwolle-247x247.jpg 247w, https:\/\/mariblum.de\/wp-content\/uploads\/2023\/02\/elefanten-tragetuch-schwarz-gold-aus-baumwolle-100x100.jpg 100w, https:\/\/mariblum.de\/wp-content\/uploads\/2023\/02\/elefanten-tragetuch-schwarz-gold-aus-baumwolle-150x150.jpg 150w\" sizes=\"auto, (max-width: 247px) 100vw, 247px\" \/>\t\t\t\t<\/a>\n\t\t\t<\/div>\n\t\t\t<div class=\"image-tools is-small top right show-on-hover\">\n\t\t\t\t\t\t\t<\/div>\n\t\t\t<div class=\"image-tools is-small hide-for-small bottom left show-on-hover\">\n\t\t\t\t\t\t\t<\/div>\n\t\t\t<div class=\"image-tools grid-tools text-center hide-for-small bottom hover-slide-in show-on-hover\">\n\t\t\t\t<a href=\"#quick-view\" class=\"quick-view\" role=\"button\" data-prod=\"14581\" aria-haspopup=\"dialog\" aria-expanded=\"false\" data-flatsome-role-button>Aper\u00e7u<\/a>\t\t\t<\/div>\n\t\t\t\t\t<\/div>\n\n\t\t<div class=\"box-text box-text-products text-center grid-style-2\">\n\t\t\t<div class=\"title-wrapper\">\t\t<p class=\"category uppercase is-smaller no-text-overflow product-cat op-8\">\n\t\t\tCotton Fabric\t\t<\/p>\n\t<p class=\"name product-title woocommerce-loop-product__title\"><a href=\"https:\/\/mariblum.de\/en\/produkt\/elephant-babywearing-sling-cotton-black-gold\/\" class=\"woocommerce-LoopProduct-link woocommerce-loop-product__link\">Elephant &#8211; Babywearing Sling<\/a><\/p><\/div><div class=\"price-wrapper\">\n\t<span class=\"price\"><span class=\"woocommerce-Price-amount amount\"><bdi>138,70&nbsp;<span class=\"woocommerce-Price-currencySymbol\" translate=\"no\">&euro;<\/span><\/bdi><\/span> &ndash; <span class=\"woocommerce-Price-amount amount\"><bdi>164,95&nbsp;<span class=\"woocommerce-Price-currencySymbol\" translate=\"no\">&euro;<\/span><\/bdi><\/span><\/span>\n\n\n\n<\/div>\t\t<\/div>\n\t<\/div>\n\t\n\t<\/div>\n<\/div><div class=\"product-small col has-hover has-product-safety-information product type-product post-9246 status-publish last instock product_cat-hemp-fabric product_cat-babywearing-slings-made-of-hemp has-post-thumbnail featured shipping-taxable purchasable product-type-variable has-default-attributes\">\n\t<div class=\"col-inner\">\n\t\n<div class=\"badge-container absolute left top z-1\">\n\n<\/div>\n\t<div class=\"product-small box \">\n\t\t<div class=\"box-image\">\n\t\t\t<div class=\"image-fade_in_back\">\n\t\t\t\t<a href=\"https:\/\/mariblum.de\/en\/produkt\/flower-meadow-sling\/\">\n\t\t\t\t\t<img loading=\"lazy\" decoding=\"async\" width=\"247\" height=\"247\" src=\"https:\/\/mariblum.de\/wp-content\/uploads\/2021\/01\/Blumenwiese-Tragetuch-aus-Hanf-247x247.jpeg\" class=\"attachment-woocommerce_thumbnail size-woocommerce_thumbnail\" alt=\"Flower Meadow Sling\" srcset=\"https:\/\/mariblum.de\/wp-content\/uploads\/2021\/01\/Blumenwiese-Tragetuch-aus-Hanf-247x247.jpeg 247w, https:\/\/mariblum.de\/wp-content\/uploads\/2021\/01\/Blumenwiese-Tragetuch-aus-Hanf-100x100.jpeg 100w, https:\/\/mariblum.de\/wp-content\/uploads\/2021\/01\/Blumenwiese-Tragetuch-aus-Hanf-150x150.jpeg 150w\" sizes=\"auto, (max-width: 247px) 100vw, 247px\" \/><img loading=\"lazy\" decoding=\"async\" width=\"247\" height=\"247\" src=\"https:\/\/mariblum.de\/wp-content\/uploads\/2021\/01\/tragetuch-billig-aus-hanf-247x247.jpg\" class=\"show-on-hover absolute fill hide-for-small back-image\" alt=\"flower-meadow-sling-luxury-baby-wrap\" aria-hidden=\"true\" srcset=\"https:\/\/mariblum.de\/wp-content\/uploads\/2021\/01\/tragetuch-billig-aus-hanf-247x247.jpg 247w, https:\/\/mariblum.de\/wp-content\/uploads\/2021\/01\/tragetuch-billig-aus-hanf-100x100.jpg 100w, https:\/\/mariblum.de\/wp-content\/uploads\/2021\/01\/tragetuch-billig-aus-hanf-150x150.jpg 150w\" sizes=\"auto, (max-width: 247px) 100vw, 247px\" \/>\t\t\t\t<\/a>\n\t\t\t<\/div>\n\t\t\t<div class=\"image-tools is-small top right show-on-hover\">\n\t\t\t\t\t\t\t<\/div>\n\t\t\t<div class=\"image-tools is-small hide-for-small bottom left show-on-hover\">\n\t\t\t\t\t\t\t<\/div>\n\t\t\t<div class=\"image-tools grid-tools text-center hide-for-small bottom hover-slide-in show-on-hover\">\n\t\t\t\t<a href=\"#quick-view\" class=\"quick-view\" role=\"button\" data-prod=\"9246\" aria-haspopup=\"dialog\" aria-expanded=\"false\" data-flatsome-role-button>Aper\u00e7u<\/a>\t\t\t<\/div>\n\t\t\t\t\t<\/div>\n\n\t\t<div class=\"box-text box-text-products text-center grid-style-2\">\n\t\t\t<div class=\"ux-swatches ux-swatches-in-loop ux-swatches--rounded ux-swatches--x-small\" role=\"radiogroup\" data-flatsome-role-radiogroup><div data-image-src=\"https:\/\/mariblum.de\/wp-content\/uploads\/2021\/01\/Blumenwiese-Tragetuch-aus-Hanf-247x247.jpeg\" data-image-srcset=\"https:\/\/mariblum.de\/wp-content\/uploads\/2021\/01\/Blumenwiese-Tragetuch-aus-Hanf-247x247.jpeg 247w, https:\/\/mariblum.de\/wp-content\/uploads\/2021\/01\/Blumenwiese-Tragetuch-aus-Hanf-100x100.jpeg 100w, https:\/\/mariblum.de\/wp-content\/uploads\/2021\/01\/Blumenwiese-Tragetuch-aus-Hanf-150x150.jpeg 150w\" data-image-sizes=\"(max-width: 247px) 100vw, 247px\" data-attribute_name=\"attribute_pa_tt-groesze\" data-value=\"tt450-fr\" aria-label=\"4,50 m\" role=\"radio\" aria-checked=\"false\" tabindex=\"0\" class=\"ux-swatch ux-swatch--label\"><span class=\"ux-swatch__text\">4,50 m<\/span><\/div><div data-image-src=\"https:\/\/mariblum.de\/wp-content\/uploads\/2021\/01\/Blumenwiese-Tragetuch-aus-Hanf-247x247.jpeg\" data-image-srcset=\"https:\/\/mariblum.de\/wp-content\/uploads\/2021\/01\/Blumenwiese-Tragetuch-aus-Hanf-247x247.jpeg 247w, https:\/\/mariblum.de\/wp-content\/uploads\/2021\/01\/Blumenwiese-Tragetuch-aus-Hanf-100x100.jpeg 100w, https:\/\/mariblum.de\/wp-content\/uploads\/2021\/01\/Blumenwiese-Tragetuch-aus-Hanf-150x150.jpeg 150w\" data-image-sizes=\"(max-width: 247px) 100vw, 247px\" data-attribute_name=\"attribute_pa_tt-groesze\" data-value=\"tt500-fr\" aria-label=\"5,00 m\" role=\"radio\" aria-checked=\"false\" tabindex=\"0\" class=\"ux-swatch ux-swatch--label\"><span class=\"ux-swatch__text\">5,00 m<\/span><\/div><\/div><div class=\"title-wrapper\">\t\t<p class=\"category uppercase is-smaller no-text-overflow product-cat op-8\">\n\t\t\tHemp Fabric\t\t<\/p>\n\t<p class=\"name product-title woocommerce-loop-product__title\"><a href=\"https:\/\/mariblum.de\/en\/produkt\/flower-meadow-sling\/\" class=\"woocommerce-LoopProduct-link woocommerce-loop-product__link\">Flower Meadow Sling<\/a><\/p><\/div><div class=\"price-wrapper\">\n\t<span class=\"price\"><span class=\"woocommerce-Price-amount amount\"><bdi>219,95&nbsp;<span class=\"woocommerce-Price-currencySymbol\" translate=\"no\">&euro;<\/span><\/bdi><\/span> &ndash; <span class=\"woocommerce-Price-amount amount\"><bdi>229,95&nbsp;<span class=\"woocommerce-Price-currencySymbol\" translate=\"no\">&euro;<\/span><\/bdi><\/span><\/span>\n\n\n\n<\/div>\t\t<\/div>\n\t<\/div>\n\t\n\t<\/div>\n<\/div><\/div><!-- row -->\n<\/div>\n<p align=\"justify\">Le portage favorise \u00e9galement le d\u00e9veloppement physique de votre b\u00e9b\u00e9<a href=\"#Source-3\">\u00b3<\/a> en d\u00e9veloppant ses muscles et son sens de l&rsquo;\u00e9quilibre. Les petits mouvements constants que votre enfant doit compenser renforcent naturellement sa motricit\u00e9. En outre, le portage aide \u00e0 pr\u00e9venir la d\u00e9formation du cr\u00e2ne, qui peut survenir lorsque l&rsquo;enfant est trop longtemps couch\u00e9 sur le dos.<a href=\"#Source-4\">\u2074<\/a><\/p>\n<h2 id=\"Quels-sont-les-avantages-\u00e9motionnels-et-psychologiques-du-portage\">Quels sont les avantages \u00e9motionnels et psychologiques du portage ?<\/h2>\n\n  <div class=\"banner has-hover\" id=\"banner-1860529253\">\n          <div class=\"banner-inner fill\">\n        <div class=\"banner-bg fill\" >\n            <img loading=\"lazy\" decoding=\"async\" width=\"510\" height=\"680\" src=\"https:\/\/mariblum.de\/wp-content\/uploads\/2024\/03\/Alina_Kossek-buntes-tragetuch-510x680.jpg\" class=\"bg attachment-large size-large\" alt=\"\" \/>                                    \n                    <\/div>\n\t\t\n        <div class=\"banner-layers container\">\n            <div class=\"fill banner-link\"><\/div>               <div id=\"text-box-1094390344\" class=\"text-box banner-layer x50 md-x50 lg-x50 y50 md-y50 lg-y50 res-text\">\n                     <div data-animate=\"fadeIn\">           <div class=\"text-box-content text dark\">\n              \n              <div class=\"text-inner text-center\">\n                                <\/div>\n           <\/div>\n       <\/div>                     \n<style>\n#text-box-1094390344 {\n  width: 60%;\n}\n#text-box-1094390344 .text-box-content {\n  font-size: 100%;\n}\n@media (min-width:550px) {\n  #text-box-1094390344 {\n    width: 60%;\n  }\n}\n<\/style>\n    <\/div>\n         <\/div>\n      <\/div>\n\n            \n<style>\n#banner-1860529253 {\n  padding-top: 300px;\n}\n#banner-1860529253 .banner-bg img {\n  object-position: 20% 60%;\n}\n<\/style>\n  <\/div>\n\n\n<p align=\"justify\">Le lien \u00e9motionnel<a href=\"#Source-5\">\u2075<\/a> entre vous et votre enfant est intensifi\u00e9 par le portage. Le contact constant et la proximit\u00e9 renforcent la confiance de base de votre b\u00e9b\u00e9, qui sent que ses besoins sont reconnus et satisfaits. Ce lien s\u00e9curisant est la base d&rsquo;une bonne estime de soi et d&rsquo;une stabilit\u00e9 \u00e9motionnelle plus tard dans la vie.<\/p>\n\n  \n    <div class=\"row large-columns-3 medium-columns-1 small-columns-1 slider row-slider slider-nav-reveal slider-nav-push\"  data-flickity-options='{&quot;imagesLoaded&quot;: true, &quot;groupCells&quot;: &quot;100%&quot;, &quot;dragThreshold&quot; : 5, &quot;cellAlign&quot;: &quot;left&quot;,&quot;wrapAround&quot;: true,&quot;prevNextButtons&quot;: true,&quot;percentPosition&quot;: true,&quot;pageDots&quot;: false, &quot;rightToLeft&quot;: false, &quot;autoPlay&quot; : false}' >\n\n  <div class=\"col post-item\" >\n\t\t\t<div class=\"col-inner\">\n\t\t\t\t<div class=\"box box-normal box-text-bottom box-blog-post has-hover\">\n            \t\t\t\t\t<div class=\"box-image\" >\n  \t\t\t\t\t\t<div class=\"image-cover\" style=\"padding-top:56.25%;\">\n\t\t\t\t\t\t\t<a href=\"https:\/\/mariblum.de\/fr\/papa-ne-porte-pas-pourquoi-le-portage-de-bebe-ne-est-pas-une-affaire-de-mere\/\" class=\"plain\" aria-label=\"Papa ne porte pas ? Pourquoi le portage de b\u00e9b\u00e9 n&rsquo;est pas une affaire de m\u00e8re\">\n\t\t\t\t\t\t\t\t<img loading=\"lazy\" decoding=\"async\" width=\"225\" height=\"300\" src=\"https:\/\/mariblum.de\/wp-content\/uploads\/2025\/04\/Baby-Tragetuch-aus-Hanf-Zauberwald-225x300.jpeg\" class=\"attachment-medium size-medium wp-post-image\" alt=\"\" srcset=\"https:\/\/mariblum.de\/wp-content\/uploads\/2025\/04\/Baby-Tragetuch-aus-Hanf-Zauberwald-225x300.jpeg 225w, https:\/\/mariblum.de\/wp-content\/uploads\/2025\/04\/Baby-Tragetuch-aus-Hanf-Zauberwald-510x680.jpeg 510w, https:\/\/mariblum.de\/wp-content\/uploads\/2025\/04\/Baby-Tragetuch-aus-Hanf-Zauberwald.jpeg 600w\" sizes=\"auto, (max-width: 225px) 100vw, 225px\" \/>\t\t\t\t\t\t\t<\/a>\n  \t\t\t\t\t\t\t  \t\t\t\t\t\t\t  \t\t\t\t\t\t<\/div>\n  \t\t\t\t\t\t  \t\t\t\t\t<\/div>\n          \t\t\t\t\t<div class=\"box-text text-center\" >\n\t\t\t\t\t<div class=\"box-text-inner blog-post-inner\">\n\n\t\t\t\t\t\n\t\t\t\t\t\t\t\t\t\t<h5 class=\"post-title is-large \">\n\t\t\t\t\t\t<a href=\"https:\/\/mariblum.de\/fr\/papa-ne-porte-pas-pourquoi-le-portage-de-bebe-ne-est-pas-une-affaire-de-mere\/\" class=\"plain\">Papa ne porte pas ? Pourquoi le portage de b\u00e9b\u00e9 n&rsquo;est pas une affaire de m\u00e8re<\/a>\n\t\t\t\t\t<\/h5>\n\t\t\t\t\t\t\t\t\t\t<div class=\"is-divider\"><\/div>\n\t\t\t\t\t\t\t\t\t\t<p class=\"from_the_blog_excerpt \">\n\t\t\t\t\t\tL\u2019image du portage de b\u00e9b\u00e9 comme une \u00ab t\u00e2che f\u00e9minine \u00bb reste malheureusement ancr\u00e9e dans [...]\t\t\t\t\t<\/p>\n\t\t\t\t\t                    \n\t\t\t\t\t\n\t\t\t\t\t\n\t\t\t\t\t<\/div>\n\t\t\t\t\t<\/div>\n\t\t\t\t\t\t\t\t\t\t\t\t\t\t\t\t<div class=\"badge absolute top post-date badge-outline\">\n\t\t\t\t\t\t\t<div class=\"badge-inner\">\n\t\t\t\t\t\t\t\t<span class=\"post-date-day\">11<\/span><br>\n\t\t\t\t\t\t\t\t<span class=\"post-date-month is-xsmall\">Avr<\/span>\n\t\t\t\t\t\t\t<\/div>\n\t\t\t\t\t\t<\/div>\n\t\t\t\t\t\t\t\t\t<\/div>\n\t\t\t<\/div>\n\t\t<\/div><div class=\"col post-item\" >\n\t\t\t<div class=\"col-inner\">\n\t\t\t\t<div class=\"box box-normal box-text-bottom box-blog-post has-hover\">\n            \t\t\t\t\t<div class=\"box-image\" >\n  \t\t\t\t\t\t<div class=\"image-cover\" style=\"padding-top:56.25%;\">\n\t\t\t\t\t\t\t<a href=\"https:\/\/mariblum.de\/fr\/un-moment-agreable-avec-votre-bebe-en-ete\/\" class=\"plain\" aria-label=\"Un moment agr\u00e9able avec votre b\u00e9b\u00e9 en \u00e9t\u00e9\">\n\t\t\t\t\t\t\t\t<img loading=\"lazy\" decoding=\"async\" width=\"200\" height=\"300\" src=\"https:\/\/mariblum.de\/wp-content\/uploads\/2023\/05\/hanf-tragetuch-hautfreundlich-200x300.jpg\" class=\"attachment-medium size-medium wp-post-image\" alt=\"chanvre-echarpe-de-portage\" srcset=\"https:\/\/mariblum.de\/wp-content\/uploads\/2023\/05\/hanf-tragetuch-hautfreundlich-200x300.jpg 200w, https:\/\/mariblum.de\/wp-content\/uploads\/2023\/05\/hanf-tragetuch-hautfreundlich-510x765.jpg 510w, https:\/\/mariblum.de\/wp-content\/uploads\/2023\/05\/hanf-tragetuch-hautfreundlich.jpg 527w\" sizes=\"auto, (max-width: 200px) 100vw, 200px\" \/>\t\t\t\t\t\t\t<\/a>\n  \t\t\t\t\t\t\t  \t\t\t\t\t\t\t  \t\t\t\t\t\t<\/div>\n  \t\t\t\t\t\t  \t\t\t\t\t<\/div>\n          \t\t\t\t\t<div class=\"box-text text-center\" >\n\t\t\t\t\t<div class=\"box-text-inner blog-post-inner\">\n\n\t\t\t\t\t\n\t\t\t\t\t\t\t\t\t\t<h5 class=\"post-title is-large \">\n\t\t\t\t\t\t<a href=\"https:\/\/mariblum.de\/fr\/un-moment-agreable-avec-votre-bebe-en-ete\/\" class=\"plain\">Un moment agr\u00e9able avec votre b\u00e9b\u00e9 en \u00e9t\u00e9<\/a>\n\t\t\t\t\t<\/h5>\n\t\t\t\t\t\t\t\t\t\t<div class=\"is-divider\"><\/div>\n\t\t\t\t\t\t\t\t\t\t<p class=\"from_the_blog_excerpt \">\n\t\t\t\t\t\tPorter son b\u00e9b\u00e9 avec amour en \u00e9t\u00e9 : conseils pour passer un moment agr\u00e9able avec [...]\t\t\t\t\t<\/p>\n\t\t\t\t\t                    \n\t\t\t\t\t\n\t\t\t\t\t\n\t\t\t\t\t<\/div>\n\t\t\t\t\t<\/div>\n\t\t\t\t\t\t\t\t\t\t\t\t\t\t\t\t<div class=\"badge absolute top post-date badge-outline\">\n\t\t\t\t\t\t\t<div class=\"badge-inner\">\n\t\t\t\t\t\t\t\t<span class=\"post-date-day\">08<\/span><br>\n\t\t\t\t\t\t\t\t<span class=\"post-date-month is-xsmall\">Mai<\/span>\n\t\t\t\t\t\t\t<\/div>\n\t\t\t\t\t\t<\/div>\n\t\t\t\t\t\t\t\t\t<\/div>\n\t\t\t<\/div>\n\t\t<\/div><div class=\"col post-item\" >\n\t\t\t<div class=\"col-inner\">\n\t\t\t\t<div class=\"box box-normal box-text-bottom box-blog-post has-hover\">\n            \t\t\t\t\t<div class=\"box-image\" >\n  \t\t\t\t\t\t<div class=\"image-cover\" style=\"padding-top:56.25%;\">\n\t\t\t\t\t\t\t<a href=\"https:\/\/mariblum.de\/fr\/les-erreurs-de-portage-les-plus-courantes-et-comment-les-echarpes-de-portage-peuvent-vous-aider-a-les-eviter\/\" class=\"plain\" aria-label=\"Les erreurs de portage les plus courantes &#8211; et comment les \u00e9charpes de portage peuvent vous aider \u00e0 les \u00e9viter\">\n\t\t\t\t\t\t\t\t<img loading=\"lazy\" decoding=\"async\" width=\"225\" height=\"300\" src=\"https:\/\/mariblum.de\/wp-content\/uploads\/2025\/05\/Golden-Curry-Ring-Sling-225x300.jpeg\" class=\"attachment-medium size-medium wp-post-image\" alt=\"\" srcset=\"https:\/\/mariblum.de\/wp-content\/uploads\/2025\/05\/Golden-Curry-Ring-Sling-225x300.jpeg 225w, https:\/\/mariblum.de\/wp-content\/uploads\/2025\/05\/Golden-Curry-Ring-Sling-510x680.jpeg 510w, https:\/\/mariblum.de\/wp-content\/uploads\/2025\/05\/Golden-Curry-Ring-Sling.jpeg 600w\" sizes=\"auto, (max-width: 225px) 100vw, 225px\" \/>\t\t\t\t\t\t\t<\/a>\n  \t\t\t\t\t\t\t  \t\t\t\t\t\t\t  \t\t\t\t\t\t<\/div>\n  \t\t\t\t\t\t  \t\t\t\t\t<\/div>\n          \t\t\t\t\t<div class=\"box-text text-center\" >\n\t\t\t\t\t<div class=\"box-text-inner blog-post-inner\">\n\n\t\t\t\t\t\n\t\t\t\t\t\t\t\t\t\t<h5 class=\"post-title is-large \">\n\t\t\t\t\t\t<a href=\"https:\/\/mariblum.de\/fr\/les-erreurs-de-portage-les-plus-courantes-et-comment-les-echarpes-de-portage-peuvent-vous-aider-a-les-eviter\/\" class=\"plain\">Les erreurs de portage les plus courantes &#8211; et comment les \u00e9charpes de portage peuvent vous aider \u00e0 les \u00e9viter<\/a>\n\t\t\t\t\t<\/h5>\n\t\t\t\t\t\t\t\t\t\t<div class=\"is-divider\"><\/div>\n\t\t\t\t\t\t\t\t\t\t<p class=\"from_the_blog_excerpt \">\n\t\t\t\t\t\tNou\u00e9 trop l\u00e2chement, mauvaise position des jambes, visage couvert \u2013 les erreurs courantes dans le [...]\t\t\t\t\t<\/p>\n\t\t\t\t\t                    \n\t\t\t\t\t\n\t\t\t\t\t\n\t\t\t\t\t<\/div>\n\t\t\t\t\t<\/div>\n\t\t\t\t\t\t\t\t\t\t\t\t\t\t\t\t<div class=\"badge absolute top post-date badge-outline\">\n\t\t\t\t\t\t\t<div class=\"badge-inner\">\n\t\t\t\t\t\t\t\t<span class=\"post-date-day\">16<\/span><br>\n\t\t\t\t\t\t\t\t<span class=\"post-date-month is-xsmall\">Mai<\/span>\n\t\t\t\t\t\t\t<\/div>\n\t\t\t\t\t\t<\/div>\n\t\t\t\t\t\t\t\t\t<\/div>\n\t\t\t<\/div>\n\t\t<\/div><div class=\"col post-item\" >\n\t\t\t<div class=\"col-inner\">\n\t\t\t\t<div class=\"box box-normal box-text-bottom box-blog-post has-hover\">\n            \t\t\t\t\t<div class=\"box-image\" >\n  \t\t\t\t\t\t<div class=\"image-cover\" style=\"padding-top:56.25%;\">\n\t\t\t\t\t\t\t<a href=\"https:\/\/mariblum.de\/fr\/tissage-jacquard-pour-mariblum-echarpes-de-portage\/\" class=\"plain\" aria-label=\"Jacquard pour les \u00e9charpes porte-b\u00e9b\u00e9\">\n\t\t\t\t\t\t\t\t<img loading=\"lazy\" decoding=\"async\" width=\"200\" height=\"300\" src=\"https:\/\/mariblum.de\/wp-content\/uploads\/2022\/03\/schwarz-gruen-tragetuch-aus-baumwolle-elefanten-baby-richtig-gebunden-200x300.jpg\" class=\"attachment-medium size-medium wp-post-image\" alt=\"noir-vert-\u00e9charpe-de-portage-en-coton-\u00e9l\u00e9phant-b\u00e9b\u00e9-faux-li\u00e9\" srcset=\"https:\/\/mariblum.de\/wp-content\/uploads\/2022\/03\/schwarz-gruen-tragetuch-aus-baumwolle-elefanten-baby-richtig-gebunden-200x300.jpg 200w, https:\/\/mariblum.de\/wp-content\/uploads\/2022\/03\/schwarz-gruen-tragetuch-aus-baumwolle-elefanten-baby-richtig-gebunden-510x765.jpg 510w, https:\/\/mariblum.de\/wp-content\/uploads\/2022\/03\/schwarz-gruen-tragetuch-aus-baumwolle-elefanten-baby-richtig-gebunden.jpg 533w\" sizes=\"auto, (max-width: 200px) 100vw, 200px\" \/>\t\t\t\t\t\t\t<\/a>\n  \t\t\t\t\t\t\t  \t\t\t\t\t\t\t  \t\t\t\t\t\t<\/div>\n  \t\t\t\t\t\t  \t\t\t\t\t<\/div>\n          \t\t\t\t\t<div class=\"box-text text-center\" >\n\t\t\t\t\t<div class=\"box-text-inner blog-post-inner\">\n\n\t\t\t\t\t\n\t\t\t\t\t\t\t\t\t\t<h5 class=\"post-title is-large \">\n\t\t\t\t\t\t<a href=\"https:\/\/mariblum.de\/fr\/tissage-jacquard-pour-mariblum-echarpes-de-portage\/\" class=\"plain\">Jacquard pour les \u00e9charpes porte-b\u00e9b\u00e9<\/a>\n\t\t\t\t\t<\/h5>\n\t\t\t\t\t\t\t\t\t\t<div class=\"is-divider\"><\/div>\n\t\t\t\t\t\t\t\t\t\t<p class=\"from_the_blog_excerpt \">\n\t\t\t\t\t\tDans le cas de notre tissage jacquard en coton, les motifs, symboles et images ont [...]\t\t\t\t\t<\/p>\n\t\t\t\t\t                    \n\t\t\t\t\t\n\t\t\t\t\t\n\t\t\t\t\t<\/div>\n\t\t\t\t\t<\/div>\n\t\t\t\t\t\t\t\t\t\t\t\t\t\t\t\t<div class=\"badge absolute top post-date badge-outline\">\n\t\t\t\t\t\t\t<div class=\"badge-inner\">\n\t\t\t\t\t\t\t\t<span class=\"post-date-day\">18<\/span><br>\n\t\t\t\t\t\t\t\t<span class=\"post-date-month is-xsmall\">Mar<\/span>\n\t\t\t\t\t\t\t<\/div>\n\t\t\t\t\t\t<\/div>\n\t\t\t\t\t\t\t\t\t<\/div>\n\t\t\t<\/div>\n\t\t<\/div><div class=\"col post-item\" >\n\t\t\t<div class=\"col-inner\">\n\t\t\t\t<div class=\"box box-normal box-text-bottom box-blog-post has-hover\">\n            \t\t\t\t\t<div class=\"box-image\" >\n  \t\t\t\t\t\t<div class=\"image-cover\" style=\"padding-top:56.25%;\">\n\t\t\t\t\t\t\t<a href=\"https:\/\/mariblum.de\/fr\/les-ring-slings-en-hiver-votre-allie-parfait-pour-la-saison-froide\/\" class=\"plain\" aria-label=\"Les Ring Slings en hiver : votre alli\u00e9 parfait pour la saison froide\">\n\t\t\t\t\t\t\t\t<img loading=\"lazy\" decoding=\"async\" width=\"200\" height=\"300\" src=\"https:\/\/mariblum.de\/wp-content\/uploads\/2023\/05\/ring-sling-blau-herz-aus-hanf-baby-tragen-200x300.jpg\" class=\"attachment-medium size-medium wp-post-image\" alt=\"porte-b\u00e9b\u00e9 anneau bleu coeur chanvre\" srcset=\"https:\/\/mariblum.de\/wp-content\/uploads\/2023\/05\/ring-sling-blau-herz-aus-hanf-baby-tragen-200x300.jpg 200w, https:\/\/mariblum.de\/wp-content\/uploads\/2023\/05\/ring-sling-blau-herz-aus-hanf-baby-tragen-510x765.jpg 510w, https:\/\/mariblum.de\/wp-content\/uploads\/2023\/05\/ring-sling-blau-herz-aus-hanf-baby-tragen.jpg 534w\" sizes=\"auto, (max-width: 200px) 100vw, 200px\" \/>\t\t\t\t\t\t\t<\/a>\n  \t\t\t\t\t\t\t  \t\t\t\t\t\t\t  \t\t\t\t\t\t<\/div>\n  \t\t\t\t\t\t  \t\t\t\t\t<\/div>\n          \t\t\t\t\t<div class=\"box-text text-center\" >\n\t\t\t\t\t<div class=\"box-text-inner blog-post-inner\">\n\n\t\t\t\t\t\n\t\t\t\t\t\t\t\t\t\t<h5 class=\"post-title is-large \">\n\t\t\t\t\t\t<a href=\"https:\/\/mariblum.de\/fr\/les-ring-slings-en-hiver-votre-allie-parfait-pour-la-saison-froide\/\" class=\"plain\">Les Ring Slings en hiver : votre alli\u00e9 parfait pour la saison froide<\/a>\n\t\t\t\t\t<\/h5>\n\t\t\t\t\t\t\t\t\t\t<div class=\"is-divider\"><\/div>\n\t\t\t\t\t\t\t\t\t\t<p class=\"from_the_blog_excerpt \">\n\t\t\t\t\t\tLorsque les temp\u00e9ratures baissent et que le givre recouvre le sol, de nombreux parents se [...]\t\t\t\t\t<\/p>\n\t\t\t\t\t                    \n\t\t\t\t\t\n\t\t\t\t\t\n\t\t\t\t\t<\/div>\n\t\t\t\t\t<\/div>\n\t\t\t\t\t\t\t\t\t\t\t\t\t\t\t\t<div class=\"badge absolute top post-date badge-outline\">\n\t\t\t\t\t\t\t<div class=\"badge-inner\">\n\t\t\t\t\t\t\t\t<span class=\"post-date-day\">29<\/span><br>\n\t\t\t\t\t\t\t\t<span class=\"post-date-month is-xsmall\">Nov<\/span>\n\t\t\t\t\t\t\t<\/div>\n\t\t\t\t\t\t<\/div>\n\t\t\t\t\t\t\t\t\t<\/div>\n\t\t\t<\/div>\n\t\t<\/div><div class=\"col post-item\" >\n\t\t\t<div class=\"col-inner\">\n\t\t\t\t<div class=\"box box-normal box-text-bottom box-blog-post has-hover\">\n            \t\t\t\t\t<div class=\"box-image\" >\n  \t\t\t\t\t\t<div class=\"image-cover\" style=\"padding-top:56.25%;\">\n\t\t\t\t\t\t\t<a href=\"https:\/\/mariblum.de\/fr\/maitriser-le-vent-la-pluie-avec-bebe-echarpes-et-ring-slings-strategies-douces-pour-jeunes-mamans\/\" class=\"plain\" aria-label=\"Ma\u00eetriser le vent &#038; la pluie avec b\u00e9b\u00e9 : \u00e9charpes et ring slings \u2014 strat\u00e9gies douces pour jeunes mamans\">\n\t\t\t\t\t\t\t\t<img loading=\"lazy\" decoding=\"async\" width=\"225\" height=\"300\" src=\"https:\/\/mariblum.de\/wp-content\/uploads\/2024\/03\/Babybonding-im-Tragetuch-225x300.png\" class=\"attachment-medium size-medium wp-post-image\" alt=\"Babybonding im Tragetuch\" srcset=\"https:\/\/mariblum.de\/wp-content\/uploads\/2024\/03\/Babybonding-im-Tragetuch-225x300.png 225w, https:\/\/mariblum.de\/wp-content\/uploads\/2024\/03\/Babybonding-im-Tragetuch-510x680.png 510w, https:\/\/mariblum.de\/wp-content\/uploads\/2024\/03\/Babybonding-im-Tragetuch.png 600w\" sizes=\"auto, (max-width: 225px) 100vw, 225px\" \/>\t\t\t\t\t\t\t<\/a>\n  \t\t\t\t\t\t\t  \t\t\t\t\t\t\t  \t\t\t\t\t\t<\/div>\n  \t\t\t\t\t\t  \t\t\t\t\t<\/div>\n          \t\t\t\t\t<div class=\"box-text text-center\" >\n\t\t\t\t\t<div class=\"box-text-inner blog-post-inner\">\n\n\t\t\t\t\t\n\t\t\t\t\t\t\t\t\t\t<h5 class=\"post-title is-large \">\n\t\t\t\t\t\t<a href=\"https:\/\/mariblum.de\/fr\/maitriser-le-vent-la-pluie-avec-bebe-echarpes-et-ring-slings-strategies-douces-pour-jeunes-mamans\/\" class=\"plain\">Ma\u00eetriser le vent &#038; la pluie avec b\u00e9b\u00e9 : \u00e9charpes et ring slings \u2014 strat\u00e9gies douces pour jeunes mamans<\/a>\n\t\t\t\t\t<\/h5>\n\t\t\t\t\t\t\t\t\t\t<div class=\"is-divider\"><\/div>\n\t\t\t\t\t\t\t\t\t\t<p class=\"from_the_blog_excerpt \">\n\t\t\t\t\t\tEn tant que jeune maman, tu veux prot\u00e9ger ton b\u00e9b\u00e9 \u2014 qu\u2019il vente ou qu\u2019il [...]\t\t\t\t\t<\/p>\n\t\t\t\t\t                    \n\t\t\t\t\t\n\t\t\t\t\t\n\t\t\t\t\t<\/div>\n\t\t\t\t\t<\/div>\n\t\t\t\t\t\t\t\t\t\t\t\t\t\t\t\t<div class=\"badge absolute top post-date badge-outline\">\n\t\t\t\t\t\t\t<div class=\"badge-inner\">\n\t\t\t\t\t\t\t\t<span class=\"post-date-day\">19<\/span><br>\n\t\t\t\t\t\t\t\t<span class=\"post-date-month is-xsmall\">Sep<\/span>\n\t\t\t\t\t\t\t<\/div>\n\t\t\t\t\t\t<\/div>\n\t\t\t\t\t\t\t\t\t<\/div>\n\t\t\t<\/div>\n\t\t<\/div><div class=\"col post-item\" >\n\t\t\t<div class=\"col-inner\">\n\t\t\t\t<div class=\"box box-normal box-text-bottom box-blog-post has-hover\">\n            \t\t\t\t\t<div class=\"box-image\" >\n  \t\t\t\t\t\t<div class=\"image-cover\" style=\"padding-top:56.25%;\">\n\t\t\t\t\t\t\t<a href=\"https:\/\/mariblum.de\/fr\/les-echarpes-de-portage-en-chanvre-pourquoi-elles-sont-le-choix-ideal\/\" class=\"plain\" aria-label=\"Les \u00e9charpes de portage en chanvre &#8211; Pourquoi elles sont le choix id\u00e9al ?\">\n\t\t\t\t\t\t\t\t<img loading=\"lazy\" decoding=\"async\" width=\"200\" height=\"300\" src=\"https:\/\/mariblum.de\/wp-content\/uploads\/2021\/01\/lila-tragetuch-baby-schlafen-200x300.jpg\" class=\"attachment-medium size-medium wp-post-image\" alt=\"lila-tragetuch-baby-schlafen\" srcset=\"https:\/\/mariblum.de\/wp-content\/uploads\/2021\/01\/lila-tragetuch-baby-schlafen-200x300.jpg 200w, https:\/\/mariblum.de\/wp-content\/uploads\/2021\/01\/lila-tragetuch-baby-schlafen-510x765.jpg 510w, https:\/\/mariblum.de\/wp-content\/uploads\/2021\/01\/lila-tragetuch-baby-schlafen.jpg 533w\" sizes=\"auto, (max-width: 200px) 100vw, 200px\" \/>\t\t\t\t\t\t\t<\/a>\n  \t\t\t\t\t\t\t  \t\t\t\t\t\t\t  \t\t\t\t\t\t<\/div>\n  \t\t\t\t\t\t  \t\t\t\t\t<\/div>\n          \t\t\t\t\t<div class=\"box-text text-center\" >\n\t\t\t\t\t<div class=\"box-text-inner blog-post-inner\">\n\n\t\t\t\t\t\n\t\t\t\t\t\t\t\t\t\t<h5 class=\"post-title is-large \">\n\t\t\t\t\t\t<a href=\"https:\/\/mariblum.de\/fr\/les-echarpes-de-portage-en-chanvre-pourquoi-elles-sont-le-choix-ideal\/\" class=\"plain\">Les \u00e9charpes de portage en chanvre &#8211; Pourquoi elles sont le choix id\u00e9al ?<\/a>\n\t\t\t\t\t<\/h5>\n\t\t\t\t\t\t\t\t\t\t<div class=\"is-divider\"><\/div>\n\t\t\t\t\t\t\t\t\t\t<p class=\"from_the_blog_excerpt \">\n\t\t\t\t\t\tLes \u00e9charpes de portage en chanvre sont un choix populaire pour les parents qui souhaitent [...]\t\t\t\t\t<\/p>\n\t\t\t\t\t                    \n\t\t\t\t\t\n\t\t\t\t\t\n\t\t\t\t\t<\/div>\n\t\t\t\t\t<\/div>\n\t\t\t\t\t\t\t\t\t\t\t\t\t\t\t\t<div class=\"badge absolute top post-date badge-outline\">\n\t\t\t\t\t\t\t<div class=\"badge-inner\">\n\t\t\t\t\t\t\t\t<span class=\"post-date-day\">05<\/span><br>\n\t\t\t\t\t\t\t\t<span class=\"post-date-month is-xsmall\">F\u00e9v<\/span>\n\t\t\t\t\t\t\t<\/div>\n\t\t\t\t\t\t<\/div>\n\t\t\t\t\t\t\t\t\t<\/div>\n\t\t\t<\/div>\n\t\t<\/div><div class=\"col post-item\" >\n\t\t\t<div class=\"col-inner\">\n\t\t\t\t<div class=\"box box-normal box-text-bottom box-blog-post has-hover\">\n            \t\t\t\t\t<div class=\"box-image\" >\n  \t\t\t\t\t\t<div class=\"image-cover\" style=\"padding-top:56.25%;\">\n\t\t\t\t\t\t\t<a href=\"https:\/\/mariblum.de\/fr\/a-propos-des-porte-bebes-mariblum-en-chanvre\/\" class=\"plain\" aria-label=\"\u00c0 propos des porte b\u00e9b\u00e9 mariblum en chanvre\">\n\t\t\t\t\t\t\t\t<img loading=\"lazy\" decoding=\"async\" width=\"200\" height=\"300\" src=\"https:\/\/mariblum.de\/wp-content\/uploads\/2022\/03\/lila-tragetuch-aus-hanf-nachhaltig-lylas-song-mariblum-babytrage-200x300.jpg\" class=\"attachment-medium size-medium wp-post-image\" alt=\"lilas-\u00e9charpe-de-portage-manifeste-lylas-song-mariblum-portage-b\u00e9b\u00e9\" srcset=\"https:\/\/mariblum.de\/wp-content\/uploads\/2022\/03\/lila-tragetuch-aus-hanf-nachhaltig-lylas-song-mariblum-babytrage-200x300.jpg 200w, https:\/\/mariblum.de\/wp-content\/uploads\/2022\/03\/lila-tragetuch-aus-hanf-nachhaltig-lylas-song-mariblum-babytrage-510x765.jpg 510w, https:\/\/mariblum.de\/wp-content\/uploads\/2022\/03\/lila-tragetuch-aus-hanf-nachhaltig-lylas-song-mariblum-babytrage.jpg 533w\" sizes=\"auto, (max-width: 200px) 100vw, 200px\" \/>\t\t\t\t\t\t\t<\/a>\n  \t\t\t\t\t\t\t  \t\t\t\t\t\t\t  \t\t\t\t\t\t<\/div>\n  \t\t\t\t\t\t  \t\t\t\t\t<\/div>\n          \t\t\t\t\t<div class=\"box-text text-center\" >\n\t\t\t\t\t<div class=\"box-text-inner blog-post-inner\">\n\n\t\t\t\t\t\n\t\t\t\t\t\t\t\t\t\t<h5 class=\"post-title is-large \">\n\t\t\t\t\t\t<a href=\"https:\/\/mariblum.de\/fr\/a-propos-des-porte-bebes-mariblum-en-chanvre\/\" class=\"plain\">\u00c0 propos des porte b\u00e9b\u00e9 mariblum en chanvre<\/a>\n\t\t\t\t\t<\/h5>\n\t\t\t\t\t\t\t\t\t\t<div class=\"is-divider\"><\/div>\n\t\t\t\t\t\t\t\t\t\t<p class=\"from_the_blog_excerpt \">\n\t\t\t\t\t\t\u00c0 partir d\u2018une mati\u00e8res premi\u00e8res naturelles Notre porte-b\u00e9b\u00e9s-mariblum est dans son int\u00e9gralit\u00e9 fait de chanvre, [...]\t\t\t\t\t<\/p>\n\t\t\t\t\t                    \n\t\t\t\t\t\n\t\t\t\t\t\n\t\t\t\t\t<\/div>\n\t\t\t\t\t<\/div>\n\t\t\t\t\t\t\t\t\t\t\t\t\t\t\t\t<div class=\"badge absolute top post-date badge-outline\">\n\t\t\t\t\t\t\t<div class=\"badge-inner\">\n\t\t\t\t\t\t\t\t<span class=\"post-date-day\">29<\/span><br>\n\t\t\t\t\t\t\t\t<span class=\"post-date-month is-xsmall\">Juin<\/span>\n\t\t\t\t\t\t\t<\/div>\n\t\t\t\t\t\t<\/div>\n\t\t\t\t\t\t\t\t\t<\/div>\n\t\t\t<\/div>\n\t\t<\/div><\/div>\n<p align=\"justify\">Pour vous, en tant que m\u00e8re, le portage peut \u00e9galement \u00eatre tr\u00e8s b\u00e9n\u00e9fique. Le fait d&rsquo;\u00eatre proche de votre enfant peut contribuer \u00e0 att\u00e9nuer la d\u00e9pression post-partum<a href=\"#Source-6\">\u2076<\/a> et favoriser votre bien-\u00eatre \u00e9motionnel. Le fait d&rsquo;\u00eatre proche de votre enfant tout en \u00e9tant capable de g\u00e9rer la vie quotidienne vous donne un sentiment de contr\u00f4le et de satisfaction.<\/p>\n<h2 id=\"Quels-sont-les-avantages-pratiques-et-sociaux-du-portage\">Quels sont les avantages pratiques et sociaux du portage ?<\/h2>\n\n  <div class=\"banner has-hover\" id=\"banner-181418619\">\n          <div class=\"banner-inner fill\">\n        <div class=\"banner-bg fill\" >\n            <img loading=\"lazy\" decoding=\"async\" width=\"600\" height=\"800\" src=\"https:\/\/mariblum.de\/wp-content\/uploads\/2023\/02\/elefanten-tragetuch-gold-schwarz-aus-baumwolle.jpg\" class=\"bg attachment-large size-large\" alt=\"Elefanten-Tragetuch gold-schwarz aus atmungsaktiver Baumwolle f\u00fcr jeden Tag\" \/>                                    \n                    <\/div>\n\t\t\n        <div class=\"banner-layers container\">\n            <div class=\"fill banner-link\"><\/div>               <div id=\"text-box-1599107744\" class=\"text-box banner-layer x50 md-x50 lg-x50 y50 md-y50 lg-y50 res-text\">\n                     <div data-animate=\"fadeIn\">           <div class=\"text-box-content text dark\">\n              \n              <div class=\"text-inner text-center\">\n                                <\/div>\n           <\/div>\n       <\/div>                     \n<style>\n#text-box-1599107744 {\n  width: 60%;\n}\n#text-box-1599107744 .text-box-content {\n  font-size: 100%;\n}\n@media (min-width:550px) {\n  #text-box-1599107744 {\n    width: 60%;\n  }\n}\n<\/style>\n    <\/div>\n         <\/div>\n      <\/div>\n\n            \n<style>\n#banner-181418619 {\n  padding-top: 300px;\n}\n#banner-181418619 .banner-bg img {\n  object-position: 20% 45%;\n}\n<\/style>\n  <\/div>\n\n\n<p align=\"justify\">L&rsquo;un des principaux avantages du portage est la libert\u00e9 de mouvement qu&rsquo;il offre. Contrairement aux poussettes encombrantes, le portage vous permet de vous d\u00e9placer sans effort dans des espaces restreints ou sur des terrains accident\u00e9s. Que ce soit en ville, \u00e0 la campagne ou dans les transports en commun, le portage facilite la vie quotidienne et la rend plus flexible.<\/p>\n<p align=\"justify\">D&rsquo;un point de vue social, le portage favorise une participation plus \u00e9troite \u00e0 la vie sociale. Vous pouvez continuer \u00e0 avoir des relations sociales et \u00e0 participer \u00e0 des activit\u00e9s sans devoir renoncer \u00e0 la proximit\u00e9 avec votre enfant. Ceci est particuli\u00e8rement important dans les premiers mois de la vie pour \u00e9viter l&rsquo;isolement et mener une vie \u00e9quilibr\u00e9e.<\/p>\n<h2 id=\"What-are-the-historical-and-cultural-aspects-of-babywearing\">Quels sont les aspects historiques et culturels du portage ?<\/h2>\n\n  <div class=\"banner has-hover\" id=\"banner-2090290645\">\n          <div class=\"banner-inner fill\">\n        <div class=\"banner-bg fill\" >\n            <img loading=\"lazy\" decoding=\"async\" width=\"1020\" height=\"680\" src=\"https:\/\/mariblum.de\/wp-content\/uploads\/2023\/01\/Die-Vorteile-von-Tragetuechern-gegenueber-Babytragen-1024x683.png\" class=\"bg attachment-large size-large\" alt=\"Traget\u00fccher-lassen-sich-schnell-benutzen-und-sind-platzsparend\" \/>                                    \n                    <\/div>\n\t\t\n        <div class=\"banner-layers container\">\n            <div class=\"fill banner-link\"><\/div>               <div id=\"text-box-1445628955\" class=\"text-box banner-layer x50 md-x50 lg-x50 y50 md-y50 lg-y50 res-text\">\n                     <div data-animate=\"fadeIn\">           <div class=\"text-box-content text dark\">\n              \n              <div class=\"text-inner text-center\">\n                                <\/div>\n           <\/div>\n       <\/div>                     \n<style>\n#text-box-1445628955 {\n  width: 60%;\n}\n#text-box-1445628955 .text-box-content {\n  font-size: 100%;\n}\n@media (min-width:550px) {\n  #text-box-1445628955 {\n    width: 60%;\n  }\n}\n<\/style>\n    <\/div>\n         <\/div>\n      <\/div>\n\n            \n<style>\n#banner-2090290645 {\n  padding-top: 300px;\n}\n#banner-2090290645 .banner-bg img {\n  object-position: 20% 60%;\n}\n<\/style>\n  <\/div>\n\n\n<p align=\"justify\">Le portage est une longue tradition dans de nombreuses cultures \u00e0 travers le monde. Des peuples indig\u00e8nes des Am\u00e9riques aux tribus africaines, le portage \u00e9tait et reste une m\u00e9thode \u00e9prouv\u00e9e pour favoriser le bien-\u00eatre et le d\u00e9veloppement de l&rsquo;enfant. Ces pratiques traditionnelles ont ouvert la voie aux porte-b\u00e9b\u00e9s et \u00e9charpes modernes, qui sont appr\u00e9ci\u00e9s et utilis\u00e9s par de nombreuses familles aujourd&rsquo;hui.<\/p>\n<div class=\"woocommerce columns-4 \"><div class=\"products row row-small large-columns-4 medium-columns-3 small-columns-2\">\n<div class=\"product-small col has-hover has-product-safety-information product type-product post-20433 status-publish first instock product_cat-hanf-stoff product_cat-babytragen-tragetuecher-aus-hanf product_tag-babytrage-hanf product_tag-babytrage-naturmaterialien product_tag-babytragetuch-hanf product_tag-ergonomisches-babytragetuch product_tag-hanf-tragetuch product_tag-hanftuch-baby product_tag-kinderwagen-alternative product_tag-leichtes-tragetuch product_tag-mariblum-strawberry-cheesecake product_tag-nachhaltige-babyerstausstattung product_tag-nachhaltiges-tragetuch product_tag-pflanzengefaerbtes-tragetuch product_tag-tragetuch-bonding product_tag-tragetuch-fuer-babys product_tag-tragetuch-hanf product_tag-tragetuch-neugeborene product_tag-tragetuch-pflanzenfarbe product_tag-tragetuch-rosa product_tag-tragetuch-sommer product_tag-tragetuch-unikat product_tag-veganes-babytragetuch has-post-thumbnail featured shipping-taxable purchasable product-type-variable has-default-attributes\">\n\t<div class=\"col-inner\">\n\t\n<div class=\"badge-container absolute left top z-1\">\n\n<div class=\"badge callout badge-circle\"><div class=\"badge-inner callout-new-bg is-small new-bubble\">NEW<\/div><\/div><\/div>\n\t<div class=\"product-small box \">\n\t\t<div class=\"box-image\">\n\t\t\t<div class=\"image-fade_in_back\">\n\t\t\t\t<a href=\"https:\/\/mariblum.de\/produkt\/tragetuch-hanf-strawberry-cheesecake\/\">\n\t\t\t\t\t<img loading=\"lazy\" decoding=\"async\" width=\"247\" height=\"247\" src=\"https:\/\/mariblum.de\/wp-content\/uploads\/2026\/06\/babytragetuch-pflanzenfarbe-hanf-sommer-outfit-247x247.webp\" class=\"attachment-woocommerce_thumbnail size-woocommerce_thumbnail\" alt=\"Modische Mutter tr\u00e4gt ihr Baby im rosa mariblum Tragetuch aus Hanf als praktische Alternative zum Kinderwagen.\" srcset=\"https:\/\/mariblum.de\/wp-content\/uploads\/2026\/06\/babytragetuch-pflanzenfarbe-hanf-sommer-outfit-247x247.webp 247w, https:\/\/mariblum.de\/wp-content\/uploads\/2026\/06\/babytragetuch-pflanzenfarbe-hanf-sommer-outfit-150x150.webp 150w, https:\/\/mariblum.de\/wp-content\/uploads\/2026\/06\/babytragetuch-pflanzenfarbe-hanf-sommer-outfit-100x100.webp 100w\" sizes=\"auto, (max-width: 247px) 100vw, 247px\" \/><img loading=\"lazy\" decoding=\"async\" width=\"247\" height=\"247\" src=\"https:\/\/mariblum.de\/wp-content\/uploads\/2026\/06\/ergonomisches-babytragetuch-hanf-nahaufnahme-247x247.webp\" class=\"show-on-hover absolute fill hide-for-small back-image\" alt=\"Nahaufnahme der ergonomischen R\u00fcckenhaltung eines Babys im mariblum Tragetuch aus Hanf mit Pflanzenf\u00e4rbung.\" aria-hidden=\"true\" srcset=\"https:\/\/mariblum.de\/wp-content\/uploads\/2026\/06\/ergonomisches-babytragetuch-hanf-nahaufnahme-247x247.webp 247w, https:\/\/mariblum.de\/wp-content\/uploads\/2026\/06\/ergonomisches-babytragetuch-hanf-nahaufnahme-150x150.webp 150w, https:\/\/mariblum.de\/wp-content\/uploads\/2026\/06\/ergonomisches-babytragetuch-hanf-nahaufnahme-100x100.webp 100w\" sizes=\"auto, (max-width: 247px) 100vw, 247px\" \/>\t\t\t\t<\/a>\n\t\t\t<\/div>\n\t\t\t<div class=\"image-tools is-small top right show-on-hover\">\n\t\t\t\t\t\t\t<\/div>\n\t\t\t<div class=\"image-tools is-small hide-for-small bottom left show-on-hover\">\n\t\t\t\t\t\t\t<\/div>\n\t\t\t<div class=\"image-tools grid-tools text-center hide-for-small bottom hover-slide-in show-on-hover\">\n\t\t\t\t<a href=\"#quick-view\" class=\"quick-view\" role=\"button\" data-prod=\"20433\" aria-haspopup=\"dialog\" aria-expanded=\"false\" data-flatsome-role-button>Aper\u00e7u<\/a>\t\t\t<\/div>\n\t\t\t\t\t<\/div>\n\n\t\t<div class=\"box-text box-text-products text-center grid-style-2\">\n\t\t\t<div class=\"ux-swatches ux-swatches-in-loop ux-swatches--rounded ux-swatches--x-small\" role=\"radiogroup\" data-flatsome-role-radiogroup><div data-image-src=\"https:\/\/mariblum.de\/wp-content\/uploads\/2026\/06\/babytragetuch-pflanzenfarbe-hanf-sommer-outfit-247x247.webp\" data-image-srcset=\"https:\/\/mariblum.de\/wp-content\/uploads\/2026\/06\/babytragetuch-pflanzenfarbe-hanf-sommer-outfit-247x247.webp 247w, https:\/\/mariblum.de\/wp-content\/uploads\/2026\/06\/babytragetuch-pflanzenfarbe-hanf-sommer-outfit-150x150.webp 150w, https:\/\/mariblum.de\/wp-content\/uploads\/2026\/06\/babytragetuch-pflanzenfarbe-hanf-sommer-outfit-100x100.webp 100w\" data-image-sizes=\"(max-width: 247px) 100vw, 247px\" data-attribute_name=\"attribute_pa_tt-groesze\" data-value=\"tt450-fr\" aria-label=\"4,50 m\" role=\"radio\" aria-checked=\"false\" tabindex=\"0\" class=\"ux-swatch ux-swatch--label\"><span class=\"ux-swatch__text\">4,50 m<\/span><\/div><div data-image-src=\"https:\/\/mariblum.de\/wp-content\/uploads\/2026\/06\/babytragetuch-pflanzenfarbe-hanf-sommer-outfit-247x247.webp\" data-image-srcset=\"https:\/\/mariblum.de\/wp-content\/uploads\/2026\/06\/babytragetuch-pflanzenfarbe-hanf-sommer-outfit-247x247.webp 247w, https:\/\/mariblum.de\/wp-content\/uploads\/2026\/06\/babytragetuch-pflanzenfarbe-hanf-sommer-outfit-150x150.webp 150w, https:\/\/mariblum.de\/wp-content\/uploads\/2026\/06\/babytragetuch-pflanzenfarbe-hanf-sommer-outfit-100x100.webp 100w\" data-image-sizes=\"(max-width: 247px) 100vw, 247px\" data-attribute_name=\"attribute_pa_tt-groesze\" data-value=\"tt500-fr\" aria-label=\"5,00 m\" role=\"radio\" aria-checked=\"false\" tabindex=\"0\" class=\"ux-swatch ux-swatch--label\"><span class=\"ux-swatch__text\">5,00 m<\/span><\/div><\/div><div class=\"title-wrapper\">\t\t<p class=\"category uppercase is-smaller no-text-overflow product-cat op-8\">\n\t\t\tHanf Stoff\t\t<\/p>\n\t<p class=\"name product-title woocommerce-loop-product__title\"><a href=\"https:\/\/mariblum.de\/produkt\/tragetuch-hanf-strawberry-cheesecake\/\" class=\"woocommerce-LoopProduct-link woocommerce-loop-product__link\">Strawberry Cheesecake Baby Tragetuch<\/a><\/p><\/div><div class=\"price-wrapper\">\n\t<span class=\"price\"><span class=\"woocommerce-Price-amount amount\"><bdi>219,95&nbsp;<span class=\"woocommerce-Price-currencySymbol\" translate=\"no\">&euro;<\/span><\/bdi><\/span> &ndash; <span class=\"woocommerce-Price-amount amount\"><bdi>229,95&nbsp;<span class=\"woocommerce-Price-currencySymbol\" translate=\"no\">&euro;<\/span><\/bdi><\/span><\/span>\n\n\n\n<\/div>\t\t<\/div>\n\t<\/div>\n\t\n\t<\/div>\n<\/div><div class=\"product-small col has-hover has-product-safety-information product type-product post-19351 status-publish instock product_cat-leinen-stoff product_cat-babytragen-ring-slings product_cat-babytragen-ring-slings-aus-leinen product_tag-gelb product_tag-kba product_tag-leinen product_tag-ring-sling has-post-thumbnail featured purchasable product-type-variable has-default-attributes\">\n\t<div class=\"col-inner\">\n\t\n<div class=\"badge-container absolute left top z-1\">\n\n<\/div>\n\t<div class=\"product-small box \">\n\t\t<div class=\"box-image\">\n\t\t\t<div class=\"image-fade_in_back\">\n\t\t\t\t<a href=\"https:\/\/mariblum.de\/produkt\/golden-curry-leinen-kba-ring-sling\/\">\n\t\t\t\t\t<img loading=\"lazy\" decoding=\"async\" width=\"247\" height=\"247\" src=\"https:\/\/mariblum.de\/wp-content\/uploads\/2025\/05\/Golden-Curry-Ring-Sling-247x247.jpeg\" class=\"attachment-woocommerce_thumbnail size-woocommerce_thumbnail\" alt=\"Golden Curry - Leinen (kbA) Ring Sling\" srcset=\"https:\/\/mariblum.de\/wp-content\/uploads\/2025\/05\/Golden-Curry-Ring-Sling-247x247.jpeg 247w, https:\/\/mariblum.de\/wp-content\/uploads\/2025\/05\/Golden-Curry-Ring-Sling-150x150.jpeg 150w, https:\/\/mariblum.de\/wp-content\/uploads\/2025\/05\/Golden-Curry-Ring-Sling-100x100.jpeg 100w\" sizes=\"auto, (max-width: 247px) 100vw, 247px\" \/><img loading=\"lazy\" decoding=\"async\" width=\"247\" height=\"247\" src=\"https:\/\/mariblum.de\/wp-content\/uploads\/2025\/05\/Golden-Curry-Ring-Sling-Leinen-247x247.jpeg\" class=\"show-on-hover absolute fill hide-for-small back-image\" alt=\"Alternative view of Golden Curry - Leinen (kbA) Ring Sling\" aria-hidden=\"true\" srcset=\"https:\/\/mariblum.de\/wp-content\/uploads\/2025\/05\/Golden-Curry-Ring-Sling-Leinen-247x247.jpeg 247w, https:\/\/mariblum.de\/wp-content\/uploads\/2025\/05\/Golden-Curry-Ring-Sling-Leinen-150x150.jpeg 150w, https:\/\/mariblum.de\/wp-content\/uploads\/2025\/05\/Golden-Curry-Ring-Sling-Leinen-100x100.jpeg 100w\" sizes=\"auto, (max-width: 247px) 100vw, 247px\" \/>\t\t\t\t<\/a>\n\t\t\t<\/div>\n\t\t\t<div class=\"image-tools is-small top right show-on-hover\">\n\t\t\t\t\t\t\t<\/div>\n\t\t\t<div class=\"image-tools is-small hide-for-small bottom left show-on-hover\">\n\t\t\t\t\t\t\t<\/div>\n\t\t\t<div class=\"image-tools grid-tools text-center hide-for-small bottom hover-slide-in show-on-hover\">\n\t\t\t\t<a href=\"#quick-view\" class=\"quick-view\" role=\"button\" data-prod=\"19351\" aria-haspopup=\"dialog\" aria-expanded=\"false\" data-flatsome-role-button>Aper\u00e7u<\/a>\t\t\t<\/div>\n\t\t\t\t\t<\/div>\n\n\t\t<div class=\"box-text box-text-products text-center grid-style-2\">\n\t\t\t<div class=\"title-wrapper\">\t\t<p class=\"category uppercase is-smaller no-text-overflow product-cat op-8\">\n\t\t\tLeinen Stoff\t\t<\/p>\n\t<p class=\"name product-title woocommerce-loop-product__title\"><a href=\"https:\/\/mariblum.de\/produkt\/golden-curry-leinen-kba-ring-sling\/\" class=\"woocommerce-LoopProduct-link woocommerce-loop-product__link\">Golden Curry &#8211; Leinen (kbA) Ring Sling<\/a><\/p><\/div><div class=\"price-wrapper\">\n\t<span class=\"price\"><span class=\"woocommerce-Price-amount amount\"><bdi>109,95&nbsp;<span class=\"woocommerce-Price-currencySymbol\" translate=\"no\">&euro;<\/span><\/bdi><\/span><\/span>\n\n\n\n<\/div>\t\t<\/div>\n\t<\/div>\n\t\n\t<\/div>\n<\/div><div class=\"product-small col has-hover has-product-safety-information product type-product post-18814 status-publish instock product_cat-hanf-stoff product_cat-babytragen-ring-slings product_cat-babytragen-ring-slings-aus-hanf product_tag-baby product_tag-gelb product_tag-hell product_tag-ring-sling product_tag-ringsling has-post-thumbnail featured shipping-taxable purchasable product-type-variable has-default-attributes\">\n\t<div class=\"col-inner\">\n\t\n<div class=\"badge-container absolute left top z-1\">\n\n<\/div>\n\t<div class=\"product-small box \">\n\t\t<div class=\"box-image\">\n\t\t\t<div class=\"image-fade_in_back\">\n\t\t\t\t<a href=\"https:\/\/mariblum.de\/produkt\/sunny-dots-gelb-ring-sling-aus-hanf\/\">\n\t\t\t\t\t<img loading=\"lazy\" decoding=\"async\" width=\"247\" height=\"247\" src=\"https:\/\/mariblum.de\/wp-content\/uploads\/2025\/05\/Sunny-Dots-RS-Leinen-247x247.jpeg\" class=\"attachment-woocommerce_thumbnail size-woocommerce_thumbnail\" alt=\"Sunny Dots - Ring Sling\" srcset=\"https:\/\/mariblum.de\/wp-content\/uploads\/2025\/05\/Sunny-Dots-RS-Leinen-247x247.jpeg 247w, https:\/\/mariblum.de\/wp-content\/uploads\/2025\/05\/Sunny-Dots-RS-Leinen-150x150.jpeg 150w, https:\/\/mariblum.de\/wp-content\/uploads\/2025\/05\/Sunny-Dots-RS-Leinen-100x100.jpeg 100w\" sizes=\"auto, (max-width: 247px) 100vw, 247px\" \/><img loading=\"lazy\" decoding=\"async\" width=\"247\" height=\"247\" src=\"https:\/\/mariblum.de\/wp-content\/uploads\/2025\/03\/Sunny-Dots-Tragetuch-aus-Hanf-247x247.jpg\" class=\"show-on-hover absolute fill hide-for-small back-image\" alt=\"Alternative view of Sunny Dots - Ring Sling\" aria-hidden=\"true\" srcset=\"https:\/\/mariblum.de\/wp-content\/uploads\/2025\/03\/Sunny-Dots-Tragetuch-aus-Hanf-247x247.jpg 247w, https:\/\/mariblum.de\/wp-content\/uploads\/2025\/03\/Sunny-Dots-Tragetuch-aus-Hanf-150x150.jpg 150w, https:\/\/mariblum.de\/wp-content\/uploads\/2025\/03\/Sunny-Dots-Tragetuch-aus-Hanf-100x100.jpg 100w\" sizes=\"auto, (max-width: 247px) 100vw, 247px\" \/>\t\t\t\t<\/a>\n\t\t\t<\/div>\n\t\t\t<div class=\"image-tools is-small top right show-on-hover\">\n\t\t\t\t\t\t\t<\/div>\n\t\t\t<div class=\"image-tools is-small hide-for-small bottom left show-on-hover\">\n\t\t\t\t\t\t\t<\/div>\n\t\t\t<div class=\"image-tools grid-tools text-center hide-for-small bottom hover-slide-in show-on-hover\">\n\t\t\t\t<a href=\"#quick-view\" class=\"quick-view\" role=\"button\" data-prod=\"18814\" aria-haspopup=\"dialog\" aria-expanded=\"false\" data-flatsome-role-button>Aper\u00e7u<\/a>\t\t\t<\/div>\n\t\t\t\t\t<\/div>\n\n\t\t<div class=\"box-text box-text-products text-center grid-style-2\">\n\t\t\t<div class=\"title-wrapper\">\t\t<p class=\"category uppercase is-smaller no-text-overflow product-cat op-8\">\n\t\t\tHanf Stoff\t\t<\/p>\n\t<p class=\"name product-title woocommerce-loop-product__title\"><a href=\"https:\/\/mariblum.de\/produkt\/sunny-dots-gelb-ring-sling-aus-hanf\/\" class=\"woocommerce-LoopProduct-link woocommerce-loop-product__link\">Sunny Dots &#8211; Ring Sling<\/a><\/p><\/div><div class=\"price-wrapper\">\n\t<span class=\"price\"><span class=\"woocommerce-Price-amount amount\"><bdi>147,95&nbsp;<span class=\"woocommerce-Price-currencySymbol\" translate=\"no\">&euro;<\/span><\/bdi><\/span><\/span>\n\n\n\n<\/div>\t\t<\/div>\n\t<\/div>\n\t\n\t<\/div>\n<\/div><div class=\"product-small col has-hover product type-product post-16075 status-publish last instock product_cat-hanf-stoff product_cat-babytragen-tragetuecher-aus-hanf product_tag-hanf product_tag-tragetuch has-post-thumbnail featured purchasable product-type-variable has-default-attributes\">\n\t<div class=\"col-inner\">\n\t\n<div class=\"badge-container absolute left top z-1\">\n\n<\/div>\n\t<div class=\"product-small box \">\n\t\t<div class=\"box-image\">\n\t\t\t<div class=\"image-fade_in_back\">\n\t\t\t\t<a href=\"https:\/\/mariblum.de\/produkt\/eichhoernchen-babytragetuch-aus-hanf-braun-terracotta\/\">\n\t\t\t\t\t<img loading=\"lazy\" decoding=\"async\" width=\"247\" height=\"247\" src=\"https:\/\/mariblum.de\/wp-content\/uploads\/2024\/04\/Babytragetuch-aus-hanf-braun-247x247.webp\" class=\"attachment-woocommerce_thumbnail size-woocommerce_thumbnail\" alt=\"Babytragetuch aus Hanf f\u00fcr beste Klimatisierung des Kindes\" srcset=\"https:\/\/mariblum.de\/wp-content\/uploads\/2024\/04\/Babytragetuch-aus-hanf-braun-247x247.webp 247w, https:\/\/mariblum.de\/wp-content\/uploads\/2024\/04\/Babytragetuch-aus-hanf-braun-150x150.webp 150w, https:\/\/mariblum.de\/wp-content\/uploads\/2024\/04\/Babytragetuch-aus-hanf-braun-100x100.webp 100w\" sizes=\"auto, (max-width: 247px) 100vw, 247px\" \/><img loading=\"lazy\" decoding=\"async\" width=\"247\" height=\"247\" src=\"https:\/\/mariblum.de\/wp-content\/uploads\/2024\/04\/glueckliches-Baby-im-tragetuch-ohne-schreien-247x247.webp\" class=\"show-on-hover absolute fill hide-for-small back-image\" alt=\"Ein gl\u00fccklich schlafendes Baby im Tragetuch das schl\u00e4ft\" aria-hidden=\"true\" srcset=\"https:\/\/mariblum.de\/wp-content\/uploads\/2024\/04\/glueckliches-Baby-im-tragetuch-ohne-schreien-247x247.webp 247w, https:\/\/mariblum.de\/wp-content\/uploads\/2024\/04\/glueckliches-Baby-im-tragetuch-ohne-schreien-150x150.webp 150w, https:\/\/mariblum.de\/wp-content\/uploads\/2024\/04\/glueckliches-Baby-im-tragetuch-ohne-schreien-100x100.webp 100w\" sizes=\"auto, (max-width: 247px) 100vw, 247px\" \/>\t\t\t\t<\/a>\n\t\t\t<\/div>\n\t\t\t<div class=\"image-tools is-small top right show-on-hover\">\n\t\t\t\t\t\t\t<\/div>\n\t\t\t<div class=\"image-tools is-small hide-for-small bottom left show-on-hover\">\n\t\t\t\t\t\t\t<\/div>\n\t\t\t<div class=\"image-tools grid-tools text-center hide-for-small bottom hover-slide-in show-on-hover\">\n\t\t\t\t<a href=\"#quick-view\" class=\"quick-view\" role=\"button\" data-prod=\"16075\" aria-haspopup=\"dialog\" aria-expanded=\"false\" data-flatsome-role-button>Aper\u00e7u<\/a>\t\t\t<\/div>\n\t\t\t\t\t<\/div>\n\n\t\t<div class=\"box-text box-text-products text-center grid-style-2\">\n\t\t\t<div class=\"ux-swatches ux-swatches-in-loop ux-swatches--rounded ux-swatches--x-small\" role=\"radiogroup\" data-flatsome-role-radiogroup><div data-image-src=\"https:\/\/mariblum.de\/wp-content\/uploads\/2024\/04\/Babytragetuch-aus-hanf-braun-247x247.webp\" data-image-srcset=\"https:\/\/mariblum.de\/wp-content\/uploads\/2024\/04\/Babytragetuch-aus-hanf-braun-247x247.webp 247w, https:\/\/mariblum.de\/wp-content\/uploads\/2024\/04\/Babytragetuch-aus-hanf-braun-150x150.webp 150w, https:\/\/mariblum.de\/wp-content\/uploads\/2024\/04\/Babytragetuch-aus-hanf-braun-100x100.webp 100w\" data-image-sizes=\"(max-width: 247px) 100vw, 247px\" data-attribute_name=\"attribute_pa_tt-groesze\" data-value=\"tt450-fr\" aria-label=\"4,50 m\" role=\"radio\" aria-checked=\"false\" tabindex=\"0\" class=\"ux-swatch ux-swatch--label\"><span class=\"ux-swatch__text\">4,50 m<\/span><\/div><div data-image-src=\"https:\/\/mariblum.de\/wp-content\/uploads\/2024\/04\/Babytragetuch-aus-hanf-braun-247x247.webp\" data-image-srcset=\"https:\/\/mariblum.de\/wp-content\/uploads\/2024\/04\/Babytragetuch-aus-hanf-braun-247x247.webp 247w, https:\/\/mariblum.de\/wp-content\/uploads\/2024\/04\/Babytragetuch-aus-hanf-braun-150x150.webp 150w, https:\/\/mariblum.de\/wp-content\/uploads\/2024\/04\/Babytragetuch-aus-hanf-braun-100x100.webp 100w\" data-image-sizes=\"(max-width: 247px) 100vw, 247px\" data-attribute_name=\"attribute_pa_tt-groesze\" data-value=\"tt500-fr\" aria-label=\"5,00 m\" role=\"radio\" aria-checked=\"false\" tabindex=\"0\" class=\"ux-swatch ux-swatch--label\"><span class=\"ux-swatch__text\">5,00 m<\/span><\/div><\/div><div class=\"title-wrapper\">\t\t<p class=\"category uppercase is-smaller no-text-overflow product-cat op-8\">\n\t\t\tHanf Stoff\t\t<\/p>\n\t<p class=\"name product-title woocommerce-loop-product__title\"><a href=\"https:\/\/mariblum.de\/produkt\/eichhoernchen-babytragetuch-aus-hanf-braun-terracotta\/\" class=\"woocommerce-LoopProduct-link woocommerce-loop-product__link\">Eichh\u00f6rnchen Baby Tragetuch<\/a><\/p><\/div><div class=\"price-wrapper\">\n\t<span class=\"price\"><span class=\"woocommerce-Price-amount amount\"><bdi>144,95&nbsp;<span class=\"woocommerce-Price-currencySymbol\" translate=\"no\">&euro;<\/span><\/bdi><\/span> &ndash; <span class=\"woocommerce-Price-amount amount\"><bdi>149,95&nbsp;<span class=\"woocommerce-Price-currencySymbol\" translate=\"no\">&euro;<\/span><\/bdi><\/span><\/span>\n\n\n\n<\/div>\t\t<\/div>\n\t<\/div>\n\t\n\t<\/div>\n<\/div><\/div><!-- row -->\n<\/div>\n<h2 id=\"R\u00e9sumer\">R\u00e9sumer<\/h2>\n<p align=\"justify\">Le portage est plus qu&rsquo;une simple option de transport pratique. Il favorise le d\u00e9veloppement physique, \u00e9motionnel et social de votre enfant d&rsquo;une mani\u00e8re affectueuse et naturelle et renforce le lien entre vous et votre enfant. Gr\u00e2ce \u00e0 la proximit\u00e9 et au contact constant, vous pouvez mieux reconna\u00eetre les besoins de votre enfant et construire un lien profond et s\u00fbr. Dans notre monde moderne, o\u00f9 la mobilit\u00e9 et les r\u00e9seaux sociaux sont importants, le portage offre un lien pr\u00e9cieux entre la sagesse traditionnelle et les modes de vie modernes.<\/p>\n<p>&nbsp;<\/p>\n<hr \/>\n<h2>Sources<\/h2>\n<ul>\n<li><em><span id=\"Source-1\" style=\"font-size: 85%;\">\u00b9 Moins de pleurs et un meilleur sommeil :<\/span><\/em><br \/>\n<em><span style=\"font-size: 75%;\">Une \u00e9tude publi\u00e9e dans Pediatrics a montr\u00e9 que les b\u00e9b\u00e9s port\u00e9s pleurent jusqu&rsquo;\u00e0 43 % de moins que les b\u00e9b\u00e9s non port\u00e9s. Cette \u00e9tude montre qu&rsquo;un contact physique \u00e9troit entra\u00eene une r\u00e9duction significative des pleurs chez les nouveau-n\u00e9s <a href=\"https:\/\/pubmed.ncbi.nlm.nih.gov\/16651294\/\">(Hunziker &amp; Barr, 1986)<\/a>.<\/span><\/em><\/li>\n<li><em><span id=\"Source-2\" style=\"font-size: 85%;\">\u00b2 Effet calmant du rythme cardiaque et de la respiration :<\/span><\/em><br \/>\n<em><span style=\"font-size: 75%;\">L&rsquo;effet calmant du contact corporel sur les b\u00e9b\u00e9s a fait l&rsquo;objet de plusieurs \u00e9tudes. Une \u00e9tude du Early Human Development a montr\u00e9 que la variabilit\u00e9 du rythme cardiaque des b\u00e9b\u00e9s qui b\u00e9n\u00e9ficient d&rsquo;un contact peau \u00e0 peau est plus stable et que leurs r\u00e9actions au stress sont r\u00e9duites <a href=\"https:\/\/pubmed.ncbi.nlm.nih.gov\/16651294\/\">(Ludington-Hoe et al., 2006)<\/a>.<\/span><\/em><\/li>\n<li><em><span id=\"Source-3\" style=\"font-size: 85%;\">\u00b3 Promotion du d\u00e9veloppement moteur :<\/span><\/em><br \/>\n<em><span style=\"font-size: 75%;\">Les avantages du portage sur le plan moteur ont \u00e9galement \u00e9t\u00e9 document\u00e9s dans diverses \u00e9tudes. Une \u00e9tude publi\u00e9e dans la revue Developmental Medicine &#038; Child Neurology a montr\u00e9 que le portage favorise le sens de l&rsquo;\u00e9quilibre et la motricit\u00e9 des b\u00e9b\u00e9s <a href=\"https:\/\/www.ncbi.nlm.nih.gov\/pmc\/articles\/PMC5667536\/\">(Blomqvist et al., 2011)<\/a>.<\/span><\/em><\/li>\n<li><em><span id=\"Source-4\" style=\"font-size: 85%;\">\u2074 Pr\u00e9vention de la plagioc\u00e9phalie :<\/span><\/em><br \/>\n<em><span style=\"font-size: 75%;\">L&rsquo;American Academy of Pediatrics (AAP) a soulign\u00e9 que le changement de position par le portage peut contribuer \u00e0 r\u00e9duire le risque de plagioc\u00e9phalie (d\u00e9formation du cr\u00e2ne), qui peut r\u00e9sulter d&rsquo;une position allong\u00e9e sur le dos pendant trop longtemps  <a href=\"https:\/\/pubmed.ncbi.nlm.nih.gov\/21561623\/\">(Laughlin et al., 2011)<\/a>.<\/span><\/em><\/li>\n<li><em><span id=\"Source-5\" style=\"font-size: 85%;\">\u2075 Renforcer l&rsquo;attachement \u00e9motionnel :<\/span><\/em><br \/>\n<em><span style=\"font-size: 75%;\">Une \u00e9tude publi\u00e9e dans Child Development a montr\u00e9 qu&rsquo;un contact physique \u00e9troit au cours des premiers mois de la vie renforce le lien affectif entre la m\u00e8re et l&rsquo;enfant et favorise la confiance de base de l&rsquo;enfant \u00e0 long terme <a href=\"https:\/\/psycnet.apa.org\/record\/1980-09337-001\">(Ainsworth, 1979)<\/a>.<\/span><\/em><\/li>\n<li><em><span id=\"Source-6\" style=\"font-size: 85%;\">\u2076 R\u00e9duction de la d\u00e9pression post-partum :<\/span><\/em><br \/>\n<em><span style=\"font-size: 75%;\">Une \u00e9tude publi\u00e9e dans la revue BMC Pregnancy and Childbirth a montr\u00e9 que le contact peau \u00e0 peau et le portage \u00e9taient associ\u00e9s \u00e0 une r\u00e9duction des sympt\u00f4mes de d\u00e9pression post-partum chez les m\u00e8res <a href=\"https:\/\/pubmed.ncbi.nlm.nih.gov\/22245110\/\">(Bigelow &amp; Power, 2012)<\/a>.<\/span><\/em><\/li>\n<\/ul>\n","protected":false},"excerpt":{"rendered":"<p>Le portage est une pratique qui existe dans de nombreuses cultures depuis des si\u00e8cles. Il offre bien plus qu&rsquo;un simple moyen pratique de transporter un enfant. Le portage a un impact profond sur le d\u00e9veloppement physique, \u00e9motionnel et social de votre enfant et renforce le lien entre vous et votre enfant d&rsquo;une mani\u00e8re naturelle et [&#8230;]\n","protected":false},"author":1,"featured_media":11684,"comment_status":"closed","ping_status":"closed","sticky":false,"template":"","format":"standard","meta":{"footnotes":""},"categories":[998],"tags":[],"class_list":["post-16343","post","type-post","status-publish","format-standard","has-post-thumbnail","hentry","category-mariblum-actualites-porte-bebe"],"yoast_head":"<!-- This site is optimized with the Yoast SEO Premium plugin v23.3 (Yoast SEO v28.3) - https:\/\/yoast.com\/product\/yoast-seo-premium-wordpress\/ -->\n<title>Pourquoi le portage est important - mariblum - \u00c9charpe de portage<\/title>\n<meta name=\"description\" content=\"Le portage est une pratique qui existe dans de nombreuses cultures. Il offre bien plus qu&#039;un simple moyen pratique de transporter un enfant.\" \/>\n<meta name=\"robots\" content=\"index, follow, max-snippet:-1, max-image-preview:large, max-video-preview:-1\" \/>\n<link rel=\"canonical\" href=\"https:\/\/mariblum.de\/fr\/pourquoi-le-portage-est-important\/\" \/>\n<meta property=\"og:locale\" content=\"fr_FR\" \/>\n<meta property=\"og:type\" content=\"article\" \/>\n<meta property=\"og:title\" content=\"Pourquoi le portage est important\" \/>\n<meta property=\"og:description\" content=\"Le portage est une pratique qui existe dans de nombreuses cultures. Il offre bien plus qu&#039;un simple moyen pratique de transporter un enfant.\" \/>\n<meta property=\"og:url\" content=\"https:\/\/mariblum.de\/fr\/pourquoi-le-portage-est-important\/\" \/>\n<meta property=\"og:site_name\" content=\"mariblum - \u00c9charpe de portage\" \/>\n<meta property=\"article:published_time\" content=\"2024-06-07T05:08:54+00:00\" \/>\n<meta property=\"og:image\" content=\"https:\/\/mariblum.de\/wp-content\/uploads\/2022\/03\/edles-blaues-himmelblau-tragetuch-aus-hanf-mariblum-babytragen.jpg\" \/>\n\t<meta property=\"og:image:width\" content=\"800\" \/>\n\t<meta property=\"og:image:height\" content=\"534\" \/>\n\t<meta property=\"og:image:type\" content=\"image\/jpeg\" \/>\n<meta name=\"author\" content=\"mariblum\" \/>\n<meta name=\"twitter:card\" content=\"summary_large_image\" \/>\n<meta name=\"twitter:label1\" content=\"\u00c9crit par\" \/>\n\t<meta name=\"twitter:data1\" content=\"mariblum\" \/>\n\t<meta name=\"twitter:label2\" content=\"Dur\u00e9e de lecture estim\u00e9e\" \/>\n\t<meta name=\"twitter:data2\" content=\"1 minute\" \/>\n<script type=\"application\/ld+json\" class=\"yoast-schema-graph\">{\"@context\":\"https:\\\/\\\/schema.org\",\"@graph\":[{\"@type\":\"Article\",\"@id\":\"https:\\\/\\\/mariblum.de\\\/fr\\\/pourquoi-le-portage-est-important\\\/#article\",\"isPartOf\":{\"@id\":\"https:\\\/\\\/mariblum.de\\\/fr\\\/pourquoi-le-portage-est-important\\\/\"},\"author\":{\"name\":\"mariblum\",\"@id\":\"https:\\\/\\\/mariblum.de\\\/fr\\\/#\\\/schema\\\/person\\\/0f48a4840cefc156d4d2deb5e4b294d0\"},\"headline\":\"Pourquoi le portage est important\",\"datePublished\":\"2024-06-07T05:08:54+00:00\",\"mainEntityOfPage\":{\"@id\":\"https:\\\/\\\/mariblum.de\\\/fr\\\/pourquoi-le-portage-est-important\\\/\"},\"wordCount\":1117,\"publisher\":{\"@id\":\"https:\\\/\\\/mariblum.de\\\/fr\\\/#organization\"},\"image\":{\"@id\":\"https:\\\/\\\/mariblum.de\\\/fr\\\/pourquoi-le-portage-est-important\\\/#primaryimage\"},\"thumbnailUrl\":\"https:\\\/\\\/mariblum.de\\\/wp-content\\\/uploads\\\/2022\\\/03\\\/edles-blaues-himmelblau-tragetuch-aus-hanf-mariblum-babytragen.jpg\",\"articleSection\":[\"mariblum - Actualit\u00e9s porte b\u00e9b\u00e9\"],\"inLanguage\":\"fr-FR\"},{\"@type\":\"WebPage\",\"@id\":\"https:\\\/\\\/mariblum.de\\\/fr\\\/pourquoi-le-portage-est-important\\\/\",\"url\":\"https:\\\/\\\/mariblum.de\\\/fr\\\/pourquoi-le-portage-est-important\\\/\",\"name\":\"Pourquoi le portage est important - mariblum - \u00c9charpe de portage\",\"isPartOf\":{\"@id\":\"https:\\\/\\\/mariblum.de\\\/fr\\\/#website\"},\"primaryImageOfPage\":{\"@id\":\"https:\\\/\\\/mariblum.de\\\/fr\\\/pourquoi-le-portage-est-important\\\/#primaryimage\"},\"image\":{\"@id\":\"https:\\\/\\\/mariblum.de\\\/fr\\\/pourquoi-le-portage-est-important\\\/#primaryimage\"},\"thumbnailUrl\":\"https:\\\/\\\/mariblum.de\\\/wp-content\\\/uploads\\\/2022\\\/03\\\/edles-blaues-himmelblau-tragetuch-aus-hanf-mariblum-babytragen.jpg\",\"datePublished\":\"2024-06-07T05:08:54+00:00\",\"description\":\"Le portage est une pratique qui existe dans de nombreuses cultures. Il offre bien plus qu'un simple moyen pratique de transporter un enfant.\",\"breadcrumb\":{\"@id\":\"https:\\\/\\\/mariblum.de\\\/fr\\\/pourquoi-le-portage-est-important\\\/#breadcrumb\"},\"inLanguage\":\"fr-FR\",\"potentialAction\":[{\"@type\":\"ReadAction\",\"target\":[\"https:\\\/\\\/mariblum.de\\\/fr\\\/pourquoi-le-portage-est-important\\\/\"]}]},{\"@type\":\"ImageObject\",\"inLanguage\":\"fr-FR\",\"@id\":\"https:\\\/\\\/mariblum.de\\\/fr\\\/pourquoi-le-portage-est-important\\\/#primaryimage\",\"url\":\"https:\\\/\\\/mariblum.de\\\/wp-content\\\/uploads\\\/2022\\\/03\\\/edles-blaues-himmelblau-tragetuch-aus-hanf-mariblum-babytragen.jpg\",\"contentUrl\":\"https:\\\/\\\/mariblum.de\\\/wp-content\\\/uploads\\\/2022\\\/03\\\/edles-blaues-himmelblau-tragetuch-aus-hanf-mariblum-babytragen.jpg\",\"width\":800,\"height\":534,\"caption\":\"noble-bleu-ciel-\u00e9charpe-de-portage-en-chanvre-mariblum-portage-de-b\u00e9b\u00e9\"},{\"@type\":\"BreadcrumbList\",\"@id\":\"https:\\\/\\\/mariblum.de\\\/fr\\\/pourquoi-le-portage-est-important\\\/#breadcrumb\",\"itemListElement\":[{\"@type\":\"ListItem\",\"position\":1,\"name\":\"Startseite\",\"item\":\"https:\\\/\\\/mariblum.de\\\/fr\\\/\"},{\"@type\":\"ListItem\",\"position\":2,\"name\":\"Pourquoi le portage est important\"}]},{\"@type\":\"WebSite\",\"@id\":\"https:\\\/\\\/mariblum.de\\\/fr\\\/#website\",\"url\":\"https:\\\/\\\/mariblum.de\\\/fr\\\/\",\"name\":\"mariblum Traget\u00fccher\",\"description\":\"la fa\u00e7on naturelle de porter votre b\u00e9b\u00e9\",\"publisher\":{\"@id\":\"https:\\\/\\\/mariblum.de\\\/fr\\\/#organization\"},\"potentialAction\":[{\"@type\":\"SearchAction\",\"target\":{\"@type\":\"EntryPoint\",\"urlTemplate\":\"https:\\\/\\\/mariblum.de\\\/fr\\\/?s={search_term_string}\"},\"query-input\":{\"@type\":\"PropertyValueSpecification\",\"valueRequired\":true,\"valueName\":\"search_term_string\"}}],\"inLanguage\":\"fr-FR\"},{\"@type\":\"Organization\",\"@id\":\"https:\\\/\\\/mariblum.de\\\/fr\\\/#organization\",\"name\":\"mariblum\",\"url\":\"https:\\\/\\\/mariblum.de\\\/fr\\\/\",\"logo\":{\"@type\":\"ImageObject\",\"inLanguage\":\"fr-FR\",\"@id\":\"https:\\\/\\\/mariblum.de\\\/fr\\\/#\\\/schema\\\/logo\\\/image\\\/\",\"url\":\"https:\\\/\\\/mariblum.de\\\/wp-content\\\/uploads\\\/2020\\\/07\\\/logo_m-500x_transparent.png\",\"contentUrl\":\"https:\\\/\\\/mariblum.de\\\/wp-content\\\/uploads\\\/2020\\\/07\\\/logo_m-500x_transparent.png\",\"width\":500,\"height\":500,\"caption\":\"mariblum\"},\"image\":{\"@id\":\"https:\\\/\\\/mariblum.de\\\/fr\\\/#\\\/schema\\\/logo\\\/image\\\/\"},\"sameAs\":[\"https:\\\/\\\/www.instagram.com\\\/_mariblum_\\\/\"]},{\"@type\":\"Person\",\"@id\":\"https:\\\/\\\/mariblum.de\\\/fr\\\/#\\\/schema\\\/person\\\/0f48a4840cefc156d4d2deb5e4b294d0\",\"name\":\"mariblum\",\"url\":\"https:\\\/\\\/mariblum.de\\\/fr\\\/author\\\/mariblum\\\/\"}]}<\/script>\n<!-- \/ Yoast SEO Premium plugin. -->","yoast_head_json":{"title":"Pourquoi le portage est important - mariblum - \u00c9charpe de portage","description":"Le portage est une pratique qui existe dans de nombreuses cultures. Il offre bien plus qu'un simple moyen pratique de transporter un enfant.","robots":{"index":"index","follow":"follow","max-snippet":"max-snippet:-1","max-image-preview":"max-image-preview:large","max-video-preview":"max-video-preview:-1"},"canonical":"https:\/\/mariblum.de\/fr\/pourquoi-le-portage-est-important\/","og_locale":"fr_FR","og_type":"article","og_title":"Pourquoi le portage est important","og_description":"Le portage est une pratique qui existe dans de nombreuses cultures. Il offre bien plus qu'un simple moyen pratique de transporter un enfant.","og_url":"https:\/\/mariblum.de\/fr\/pourquoi-le-portage-est-important\/","og_site_name":"mariblum - \u00c9charpe de portage","article_published_time":"2024-06-07T05:08:54+00:00","og_image":[{"width":800,"height":534,"url":"https:\/\/mariblum.de\/wp-content\/uploads\/2022\/03\/edles-blaues-himmelblau-tragetuch-aus-hanf-mariblum-babytragen.jpg","type":"image\/jpeg"}],"author":"mariblum","twitter_card":"summary_large_image","twitter_misc":{"\u00c9crit par":"mariblum","Dur\u00e9e de lecture estim\u00e9e":"1 minute"},"schema":{"@context":"https:\/\/schema.org","@graph":[{"@type":"Article","@id":"https:\/\/mariblum.de\/fr\/pourquoi-le-portage-est-important\/#article","isPartOf":{"@id":"https:\/\/mariblum.de\/fr\/pourquoi-le-portage-est-important\/"},"author":{"name":"mariblum","@id":"https:\/\/mariblum.de\/fr\/#\/schema\/person\/0f48a4840cefc156d4d2deb5e4b294d0"},"headline":"Pourquoi le portage est important","datePublished":"2024-06-07T05:08:54+00:00","mainEntityOfPage":{"@id":"https:\/\/mariblum.de\/fr\/pourquoi-le-portage-est-important\/"},"wordCount":1117,"publisher":{"@id":"https:\/\/mariblum.de\/fr\/#organization"},"image":{"@id":"https:\/\/mariblum.de\/fr\/pourquoi-le-portage-est-important\/#primaryimage"},"thumbnailUrl":"https:\/\/mariblum.de\/wp-content\/uploads\/2022\/03\/edles-blaues-himmelblau-tragetuch-aus-hanf-mariblum-babytragen.jpg","articleSection":["mariblum - Actualit\u00e9s porte b\u00e9b\u00e9"],"inLanguage":"fr-FR"},{"@type":"WebPage","@id":"https:\/\/mariblum.de\/fr\/pourquoi-le-portage-est-important\/","url":"https:\/\/mariblum.de\/fr\/pourquoi-le-portage-est-important\/","name":"Pourquoi le portage est important - mariblum - \u00c9charpe de portage","isPartOf":{"@id":"https:\/\/mariblum.de\/fr\/#website"},"primaryImageOfPage":{"@id":"https:\/\/mariblum.de\/fr\/pourquoi-le-portage-est-important\/#primaryimage"},"image":{"@id":"https:\/\/mariblum.de\/fr\/pourquoi-le-portage-est-important\/#primaryimage"},"thumbnailUrl":"https:\/\/mariblum.de\/wp-content\/uploads\/2022\/03\/edles-blaues-himmelblau-tragetuch-aus-hanf-mariblum-babytragen.jpg","datePublished":"2024-06-07T05:08:54+00:00","description":"Le portage est une pratique qui existe dans de nombreuses cultures. Il offre bien plus qu'un simple moyen pratique de transporter un enfant.","breadcrumb":{"@id":"https:\/\/mariblum.de\/fr\/pourquoi-le-portage-est-important\/#breadcrumb"},"inLanguage":"fr-FR","potentialAction":[{"@type":"ReadAction","target":["https:\/\/mariblum.de\/fr\/pourquoi-le-portage-est-important\/"]}]},{"@type":"ImageObject","inLanguage":"fr-FR","@id":"https:\/\/mariblum.de\/fr\/pourquoi-le-portage-est-important\/#primaryimage","url":"https:\/\/mariblum.de\/wp-content\/uploads\/2022\/03\/edles-blaues-himmelblau-tragetuch-aus-hanf-mariblum-babytragen.jpg","contentUrl":"https:\/\/mariblum.de\/wp-content\/uploads\/2022\/03\/edles-blaues-himmelblau-tragetuch-aus-hanf-mariblum-babytragen.jpg","width":800,"height":534,"caption":"noble-bleu-ciel-\u00e9charpe-de-portage-en-chanvre-mariblum-portage-de-b\u00e9b\u00e9"},{"@type":"BreadcrumbList","@id":"https:\/\/mariblum.de\/fr\/pourquoi-le-portage-est-important\/#breadcrumb","itemListElement":[{"@type":"ListItem","position":1,"name":"Startseite","item":"https:\/\/mariblum.de\/fr\/"},{"@type":"ListItem","position":2,"name":"Pourquoi le portage est important"}]},{"@type":"WebSite","@id":"https:\/\/mariblum.de\/fr\/#website","url":"https:\/\/mariblum.de\/fr\/","name":"mariblum Traget\u00fccher","description":"la fa\u00e7on naturelle de porter votre b\u00e9b\u00e9","publisher":{"@id":"https:\/\/mariblum.de\/fr\/#organization"},"potentialAction":[{"@type":"SearchAction","target":{"@type":"EntryPoint","urlTemplate":"https:\/\/mariblum.de\/fr\/?s={search_term_string}"},"query-input":{"@type":"PropertyValueSpecification","valueRequired":true,"valueName":"search_term_string"}}],"inLanguage":"fr-FR"},{"@type":"Organization","@id":"https:\/\/mariblum.de\/fr\/#organization","name":"mariblum","url":"https:\/\/mariblum.de\/fr\/","logo":{"@type":"ImageObject","inLanguage":"fr-FR","@id":"https:\/\/mariblum.de\/fr\/#\/schema\/logo\/image\/","url":"https:\/\/mariblum.de\/wp-content\/uploads\/2020\/07\/logo_m-500x_transparent.png","contentUrl":"https:\/\/mariblum.de\/wp-content\/uploads\/2020\/07\/logo_m-500x_transparent.png","width":500,"height":500,"caption":"mariblum"},"image":{"@id":"https:\/\/mariblum.de\/fr\/#\/schema\/logo\/image\/"},"sameAs":["https:\/\/www.instagram.com\/_mariblum_\/"]},{"@type":"Person","@id":"https:\/\/mariblum.de\/fr\/#\/schema\/person\/0f48a4840cefc156d4d2deb5e4b294d0","name":"mariblum","url":"https:\/\/mariblum.de\/fr\/author\/mariblum\/"}]}},"_links":{"self":[{"href":"https:\/\/mariblum.de\/fr\/wp-json\/wp\/v2\/posts\/16343","targetHints":{"allow":["GET"]}}],"collection":[{"href":"https:\/\/mariblum.de\/fr\/wp-json\/wp\/v2\/posts"}],"about":[{"href":"https:\/\/mariblum.de\/fr\/wp-json\/wp\/v2\/types\/post"}],"author":[{"embeddable":true,"href":"https:\/\/mariblum.de\/fr\/wp-json\/wp\/v2\/users\/1"}],"replies":[{"embeddable":true,"href":"https:\/\/mariblum.de\/fr\/wp-json\/wp\/v2\/comments?post=16343"}],"version-history":[{"count":0,"href":"https:\/\/mariblum.de\/fr\/wp-json\/wp\/v2\/posts\/16343\/revisions"}],"wp:featuredmedia":[{"embeddable":true,"href":"https:\/\/mariblum.de\/fr\/wp-json\/wp\/v2\/media\/11684"}],"wp:attachment":[{"href":"https:\/\/mariblum.de\/fr\/wp-json\/wp\/v2\/media?parent=16343"}],"wp:term":[{"taxonomy":"category","embeddable":true,"href":"https:\/\/mariblum.de\/fr\/wp-json\/wp\/v2\/categories?post=16343"},{"taxonomy":"post_tag","embeddable":true,"href":"https:\/\/mariblum.de\/fr\/wp-json\/wp\/v2\/tags?post=16343"}],"curies":[{"name":"wp","href":"https:\/\/api.w.org\/{rel}","templated":true}]}}