{"id":16260,"date":"2024-05-31T05:11:35","date_gmt":"2024-05-31T05:11:35","guid":{"rendered":"https:\/\/mariblum.de\/comment-porter-plusieurs-enfants-en-meme-temps\/"},"modified":"2024-05-31T05:21:25","modified_gmt":"2024-05-31T05:21:25","slug":"comment-porter-plusieurs-enfants-en-meme-temps","status":"publish","type":"post","link":"https:\/\/mariblum.de\/fr\/comment-porter-plusieurs-enfants-en-meme-temps\/","title":{"rendered":"Comment porter plusieurs enfants en m\u00eame temps ?"},"content":{"rendered":"<h1>Comment porter plusieurs enfants en m\u00eame temps ?<\/h1>\n<p align=\"justify\" class=\"lead\">En tant que parent de fr\u00e8res et s\u0153urs, porter deux enfants ou plus en m\u00eame temps peut \u00eatre un d\u00e9fi, mais c&rsquo;est aussi un excellent moyen de cr\u00e9er un lien \u00e9troit avec chaque enfant et de lui apporter un soutien pratique dans la vie de tous les jours. Dans cet article de blog, nous allons vous donner des conseils et des astuces pour ma\u00eetriser efficacement le portage des fr\u00e8res et s\u0153urs.<\/p>\n<p>1. Choisissez la bonne technique de portage : En fonction de l&rsquo;\u00e2ge et de la taille de vos enfants, ainsi que de votre propre force physique, vous pouvez essayer diff\u00e9rentes techniques de portage. Le portage sur le dos \u00e0 l&rsquo;aide d&rsquo;une \u00e9charpe ou d&rsquo;un porte-b\u00e9b\u00e9 adapt\u00e9 est une option populaire, car elle vous permet d&rsquo;avoir les deux mains libres et de r\u00e9partir le poids de mani\u00e8re \u00e9gale.<\/p>\n<div class=\"woocommerce columns-4 \"><div class=\"products row row-small large-columns-4 medium-columns-3 small-columns-2\">\n<div class=\"product-small col has-hover has-product-safety-information product type-product post-4525 status-publish first instock product_cat-hemp-fabric product_cat-babywearing-slings-made-of-hemp product_tag-babywearing-sling product_tag-colorful product_tag-universe has-post-thumbnail featured purchasable product-type-variable has-default-attributes\">\n\t<div class=\"col-inner\">\n\t\n<div class=\"badge-container absolute left top z-1\">\n\n<\/div>\n\t<div class=\"product-small box \">\n\t\t<div class=\"box-image\">\n\t\t\t<div class=\"image-fade_in_back\">\n\t\t\t\t<a href=\"https:\/\/mariblum.de\/en\/produkt\/little-universe-colorful-babywearing-sling\/\">\n\t\t\t\t\t<img loading=\"lazy\" decoding=\"async\" width=\"247\" height=\"247\" src=\"https:\/\/mariblum.de\/wp-content\/uploads\/2025\/04\/Baby-Tragetuch_Hanf_mku-247x247.jpg\" class=\"attachment-woocommerce_thumbnail size-woocommerce_thumbnail\" alt=\"Little Universe babywearing sling\" srcset=\"https:\/\/mariblum.de\/wp-content\/uploads\/2025\/04\/Baby-Tragetuch_Hanf_mku-247x247.jpg 247w, https:\/\/mariblum.de\/wp-content\/uploads\/2025\/04\/Baby-Tragetuch_Hanf_mku-150x150.jpg 150w, https:\/\/mariblum.de\/wp-content\/uploads\/2025\/04\/Baby-Tragetuch_Hanf_mku-100x100.jpg 100w\" sizes=\"auto, (max-width: 247px) 100vw, 247px\" \/><img loading=\"lazy\" decoding=\"async\" width=\"247\" height=\"247\" src=\"https:\/\/mariblum.de\/wp-content\/uploads\/2025\/04\/Tragetuch_Hanf_Baby_mku-247x247.jpg\" class=\"show-on-hover absolute fill hide-for-small back-image\" alt=\"Alternative view of Little Universe babywearing sling\" aria-hidden=\"true\" srcset=\"https:\/\/mariblum.de\/wp-content\/uploads\/2025\/04\/Tragetuch_Hanf_Baby_mku-247x247.jpg 247w, https:\/\/mariblum.de\/wp-content\/uploads\/2025\/04\/Tragetuch_Hanf_Baby_mku-150x150.jpg 150w, https:\/\/mariblum.de\/wp-content\/uploads\/2025\/04\/Tragetuch_Hanf_Baby_mku-100x100.jpg 100w\" sizes=\"auto, (max-width: 247px) 100vw, 247px\" \/>\t\t\t\t<\/a>\n\t\t\t<\/div>\n\t\t\t<div class=\"image-tools is-small top right show-on-hover\">\n\t\t\t\t\t\t\t<\/div>\n\t\t\t<div class=\"image-tools is-small hide-for-small bottom left show-on-hover\">\n\t\t\t\t\t\t\t<\/div>\n\t\t\t<div class=\"image-tools grid-tools text-center hide-for-small bottom hover-slide-in show-on-hover\">\n\t\t\t\t<a href=\"#quick-view\" class=\"quick-view\" role=\"button\" data-prod=\"4525\" aria-haspopup=\"dialog\" aria-expanded=\"false\" data-flatsome-role-button>Aper\u00e7u<\/a>\t\t\t<\/div>\n\t\t\t\t\t<\/div>\n\n\t\t<div class=\"box-text box-text-products text-center grid-style-2\">\n\t\t\t<div class=\"ux-swatches ux-swatches-in-loop ux-swatches--rounded ux-swatches--x-small\" role=\"radiogroup\" data-flatsome-role-radiogroup><\/div><div class=\"title-wrapper\">\t\t<p class=\"category uppercase is-smaller no-text-overflow product-cat op-8\">\n\t\t\tHemp Fabric\t\t<\/p>\n\t<p class=\"name product-title woocommerce-loop-product__title\"><a href=\"https:\/\/mariblum.de\/en\/produkt\/little-universe-colorful-babywearing-sling\/\" class=\"woocommerce-LoopProduct-link woocommerce-loop-product__link\">Little Universe babywearing sling<\/a><\/p><\/div><div class=\"price-wrapper\">\n\t<span class=\"price\"><span class=\"woocommerce-Price-amount amount\"><bdi>229,95&nbsp;<span class=\"woocommerce-Price-currencySymbol\" translate=\"no\">&euro;<\/span><\/bdi><\/span><\/span>\n\n\n\n<\/div>\t\t<\/div>\n\t<\/div>\n\t\n\t<\/div>\n<\/div><div class=\"product-small col has-hover has-product-safety-information product type-product post-11973 status-publish instock product_cat-cotton-fabric product_cat-babywearing-slings-made-of-cotton product_tag-babywearing-sling product_tag-black-en product_tag-cotton product_tag-elephant product_tag-green has-post-thumbnail sale featured purchasable product-type-variable has-default-attributes\">\n\t<div class=\"col-inner\">\n\t\n<div class=\"badge-container absolute left top z-1\">\n<div class=\"callout badge badge-circle\"><div class=\"badge-inner secondary on-sale\"><span class=\"onsale\">Promo\u00a0!<\/span><\/div><\/div>\n<\/div>\n\t<div class=\"product-small box \">\n\t\t<div class=\"box-image\">\n\t\t\t<div class=\"image-fade_in_back\">\n\t\t\t\t<a href=\"https:\/\/mariblum.de\/en\/produkt\/elephant-babywearing-sling-green-black-made-of-cotton\/\">\n\t\t\t\t\t<img loading=\"lazy\" decoding=\"async\" width=\"247\" height=\"247\" src=\"https:\/\/mariblum.de\/wp-content\/uploads\/2022\/03\/schwarz-gruen-tragetuch-aus-baumwolle-elefanten-baby-richtig-gebunden-247x247.jpg\" class=\"attachment-woocommerce_thumbnail size-woocommerce_thumbnail\" alt=\"black-green-cotton-sling-elephant-baby-right-tie\" srcset=\"https:\/\/mariblum.de\/wp-content\/uploads\/2022\/03\/schwarz-gruen-tragetuch-aus-baumwolle-elefanten-baby-richtig-gebunden-247x247.jpg 247w, https:\/\/mariblum.de\/wp-content\/uploads\/2022\/03\/schwarz-gruen-tragetuch-aus-baumwolle-elefanten-baby-richtig-gebunden-100x100.jpg 100w, https:\/\/mariblum.de\/wp-content\/uploads\/2022\/03\/schwarz-gruen-tragetuch-aus-baumwolle-elefanten-baby-richtig-gebunden-150x150.jpg 150w\" sizes=\"auto, (max-width: 247px) 100vw, 247px\" \/><img loading=\"lazy\" decoding=\"async\" width=\"247\" height=\"247\" src=\"https:\/\/mariblum.de\/wp-content\/uploads\/2022\/03\/schwarz-gruen-edles-tragetuch-aus-baumwolle-elefanten-247x247.jpg\" class=\"show-on-hover absolute fill hide-for-small back-image\" alt=\"black-green-elephant-cotton-sling\" aria-hidden=\"true\" srcset=\"https:\/\/mariblum.de\/wp-content\/uploads\/2022\/03\/schwarz-gruen-edles-tragetuch-aus-baumwolle-elefanten-247x247.jpg 247w, https:\/\/mariblum.de\/wp-content\/uploads\/2022\/03\/schwarz-gruen-edles-tragetuch-aus-baumwolle-elefanten-100x100.jpg 100w, https:\/\/mariblum.de\/wp-content\/uploads\/2022\/03\/schwarz-gruen-edles-tragetuch-aus-baumwolle-elefanten-150x150.jpg 150w\" sizes=\"auto, (max-width: 247px) 100vw, 247px\" \/>\t\t\t\t<\/a>\n\t\t\t<\/div>\n\t\t\t<div class=\"image-tools is-small top right show-on-hover\">\n\t\t\t\t\t\t\t<\/div>\n\t\t\t<div class=\"image-tools is-small hide-for-small bottom left show-on-hover\">\n\t\t\t\t\t\t\t<\/div>\n\t\t\t<div class=\"image-tools grid-tools text-center hide-for-small bottom hover-slide-in show-on-hover\">\n\t\t\t\t<a href=\"#quick-view\" class=\"quick-view\" role=\"button\" data-prod=\"11973\" aria-haspopup=\"dialog\" aria-expanded=\"false\" data-flatsome-role-button>Aper\u00e7u<\/a>\t\t\t<\/div>\n\t\t\t\t\t<\/div>\n\n\t\t<div class=\"box-text box-text-products text-center grid-style-2\">\n\t\t\t<div class=\"title-wrapper\">\t\t<p class=\"category uppercase is-smaller no-text-overflow product-cat op-8\">\n\t\t\tCotton Fabric\t\t<\/p>\n\t<p class=\"name product-title woocommerce-loop-product__title\"><a href=\"https:\/\/mariblum.de\/en\/produkt\/elephant-babywearing-sling-green-black-made-of-cotton\/\" class=\"woocommerce-LoopProduct-link woocommerce-loop-product__link\">Elephant &#8211; Babywearing Sling<\/a><\/p><\/div><div class=\"price-wrapper\">\n\t<span class=\"price\"><span class=\"woocommerce-Price-amount amount\"><bdi>138,70&nbsp;<span class=\"woocommerce-Price-currencySymbol\" translate=\"no\">&euro;<\/span><\/bdi><\/span> &ndash; <span class=\"woocommerce-Price-amount amount\"><bdi>164,95&nbsp;<span class=\"woocommerce-Price-currencySymbol\" translate=\"no\">&euro;<\/span><\/bdi><\/span><\/span>\n\n\n\n<\/div>\t\t<\/div>\n\t<\/div>\n\t\n\t<\/div>\n<\/div><div class=\"product-small col has-hover has-product-safety-information product type-product post-14581 status-publish instock product_cat-cotton-fabric product_cat-babywearing-slings-made-of-cotton product_tag-babywearing-sling product_tag-black-en product_tag-cotton product_tag-elephant product_tag-gold-en has-post-thumbnail sale purchasable product-type-variable has-default-attributes\">\n\t<div class=\"col-inner\">\n\t\n<div class=\"badge-container absolute left top z-1\">\n<div class=\"callout badge badge-circle\"><div class=\"badge-inner secondary on-sale\"><span class=\"onsale\">Promo\u00a0!<\/span><\/div><\/div>\n<\/div>\n\t<div class=\"product-small box \">\n\t\t<div class=\"box-image\">\n\t\t\t<div class=\"image-fade_in_back\">\n\t\t\t\t<a href=\"https:\/\/mariblum.de\/en\/produkt\/elephant-babywearing-sling-cotton-black-gold\/\">\n\t\t\t\t\t<img loading=\"lazy\" decoding=\"async\" width=\"247\" height=\"247\" src=\"https:\/\/mariblum.de\/wp-content\/uploads\/2023\/02\/Tragetuch-Baby-Elefant-gold-schwarz-247x247.jpg\" class=\"attachment-woocommerce_thumbnail size-woocommerce_thumbnail\" alt=\"Baby Tragetuch mit Elefantenmotiv in gold-schwarz\" srcset=\"https:\/\/mariblum.de\/wp-content\/uploads\/2023\/02\/Tragetuch-Baby-Elefant-gold-schwarz-247x247.jpg 247w, https:\/\/mariblum.de\/wp-content\/uploads\/2023\/02\/Tragetuch-Baby-Elefant-gold-schwarz-150x150.jpg 150w, https:\/\/mariblum.de\/wp-content\/uploads\/2023\/02\/Tragetuch-Baby-Elefant-gold-schwarz-100x100.jpg 100w\" sizes=\"auto, (max-width: 247px) 100vw, 247px\" \/><img loading=\"lazy\" decoding=\"async\" width=\"247\" height=\"247\" src=\"https:\/\/mariblum.de\/wp-content\/uploads\/2023\/02\/elefanten-tragetuch-schwarz-gold-aus-baumwolle-247x247.jpg\" class=\"show-on-hover absolute fill hide-for-small back-image\" alt=\"elefanten-tragetuch-schwarz-gold-aus-baumwolle\" aria-hidden=\"true\" srcset=\"https:\/\/mariblum.de\/wp-content\/uploads\/2023\/02\/elefanten-tragetuch-schwarz-gold-aus-baumwolle-247x247.jpg 247w, https:\/\/mariblum.de\/wp-content\/uploads\/2023\/02\/elefanten-tragetuch-schwarz-gold-aus-baumwolle-100x100.jpg 100w, https:\/\/mariblum.de\/wp-content\/uploads\/2023\/02\/elefanten-tragetuch-schwarz-gold-aus-baumwolle-150x150.jpg 150w\" sizes=\"auto, (max-width: 247px) 100vw, 247px\" \/>\t\t\t\t<\/a>\n\t\t\t<\/div>\n\t\t\t<div class=\"image-tools is-small top right show-on-hover\">\n\t\t\t\t\t\t\t<\/div>\n\t\t\t<div class=\"image-tools is-small hide-for-small bottom left show-on-hover\">\n\t\t\t\t\t\t\t<\/div>\n\t\t\t<div class=\"image-tools grid-tools text-center hide-for-small bottom hover-slide-in show-on-hover\">\n\t\t\t\t<a href=\"#quick-view\" class=\"quick-view\" role=\"button\" data-prod=\"14581\" aria-haspopup=\"dialog\" aria-expanded=\"false\" data-flatsome-role-button>Aper\u00e7u<\/a>\t\t\t<\/div>\n\t\t\t\t\t<\/div>\n\n\t\t<div class=\"box-text box-text-products text-center grid-style-2\">\n\t\t\t<div class=\"title-wrapper\">\t\t<p class=\"category uppercase is-smaller no-text-overflow product-cat op-8\">\n\t\t\tCotton Fabric\t\t<\/p>\n\t<p class=\"name product-title woocommerce-loop-product__title\"><a href=\"https:\/\/mariblum.de\/en\/produkt\/elephant-babywearing-sling-cotton-black-gold\/\" class=\"woocommerce-LoopProduct-link woocommerce-loop-product__link\">Elephant &#8211; Babywearing Sling<\/a><\/p><\/div><div class=\"price-wrapper\">\n\t<span class=\"price\"><span class=\"woocommerce-Price-amount amount\"><bdi>138,70&nbsp;<span class=\"woocommerce-Price-currencySymbol\" translate=\"no\">&euro;<\/span><\/bdi><\/span> &ndash; <span class=\"woocommerce-Price-amount amount\"><bdi>164,95&nbsp;<span class=\"woocommerce-Price-currencySymbol\" translate=\"no\">&euro;<\/span><\/bdi><\/span><\/span>\n\n\n\n<\/div>\t\t<\/div>\n\t<\/div>\n\t\n\t<\/div>\n<\/div><div class=\"product-small col has-hover has-product-safety-information product type-product post-9246 status-publish last instock product_cat-hemp-fabric product_cat-babywearing-slings-made-of-hemp has-post-thumbnail featured shipping-taxable purchasable product-type-variable has-default-attributes\">\n\t<div class=\"col-inner\">\n\t\n<div class=\"badge-container absolute left top z-1\">\n\n<\/div>\n\t<div class=\"product-small box \">\n\t\t<div class=\"box-image\">\n\t\t\t<div class=\"image-fade_in_back\">\n\t\t\t\t<a href=\"https:\/\/mariblum.de\/en\/produkt\/flower-meadow-sling\/\">\n\t\t\t\t\t<img loading=\"lazy\" decoding=\"async\" width=\"247\" height=\"247\" src=\"https:\/\/mariblum.de\/wp-content\/uploads\/2021\/01\/Blumenwiese-Tragetuch-aus-Hanf-247x247.jpeg\" class=\"attachment-woocommerce_thumbnail size-woocommerce_thumbnail\" alt=\"Flower Meadow Sling\" srcset=\"https:\/\/mariblum.de\/wp-content\/uploads\/2021\/01\/Blumenwiese-Tragetuch-aus-Hanf-247x247.jpeg 247w, https:\/\/mariblum.de\/wp-content\/uploads\/2021\/01\/Blumenwiese-Tragetuch-aus-Hanf-100x100.jpeg 100w, https:\/\/mariblum.de\/wp-content\/uploads\/2021\/01\/Blumenwiese-Tragetuch-aus-Hanf-150x150.jpeg 150w\" sizes=\"auto, (max-width: 247px) 100vw, 247px\" \/><img loading=\"lazy\" decoding=\"async\" width=\"247\" height=\"247\" src=\"https:\/\/mariblum.de\/wp-content\/uploads\/2021\/01\/tragetuch-billig-aus-hanf-247x247.jpg\" class=\"show-on-hover absolute fill hide-for-small back-image\" alt=\"flower-meadow-sling-luxury-baby-wrap\" aria-hidden=\"true\" srcset=\"https:\/\/mariblum.de\/wp-content\/uploads\/2021\/01\/tragetuch-billig-aus-hanf-247x247.jpg 247w, https:\/\/mariblum.de\/wp-content\/uploads\/2021\/01\/tragetuch-billig-aus-hanf-100x100.jpg 100w, https:\/\/mariblum.de\/wp-content\/uploads\/2021\/01\/tragetuch-billig-aus-hanf-150x150.jpg 150w\" sizes=\"auto, (max-width: 247px) 100vw, 247px\" \/>\t\t\t\t<\/a>\n\t\t\t<\/div>\n\t\t\t<div class=\"image-tools is-small top right show-on-hover\">\n\t\t\t\t\t\t\t<\/div>\n\t\t\t<div class=\"image-tools is-small hide-for-small bottom left show-on-hover\">\n\t\t\t\t\t\t\t<\/div>\n\t\t\t<div class=\"image-tools grid-tools text-center hide-for-small bottom hover-slide-in show-on-hover\">\n\t\t\t\t<a href=\"#quick-view\" class=\"quick-view\" role=\"button\" data-prod=\"9246\" aria-haspopup=\"dialog\" aria-expanded=\"false\" data-flatsome-role-button>Aper\u00e7u<\/a>\t\t\t<\/div>\n\t\t\t\t\t<\/div>\n\n\t\t<div class=\"box-text box-text-products text-center grid-style-2\">\n\t\t\t<div class=\"ux-swatches ux-swatches-in-loop ux-swatches--rounded ux-swatches--x-small\" role=\"radiogroup\" data-flatsome-role-radiogroup><div data-image-src=\"https:\/\/mariblum.de\/wp-content\/uploads\/2021\/01\/Blumenwiese-Tragetuch-aus-Hanf-247x247.jpeg\" data-image-srcset=\"https:\/\/mariblum.de\/wp-content\/uploads\/2021\/01\/Blumenwiese-Tragetuch-aus-Hanf-247x247.jpeg 247w, https:\/\/mariblum.de\/wp-content\/uploads\/2021\/01\/Blumenwiese-Tragetuch-aus-Hanf-100x100.jpeg 100w, https:\/\/mariblum.de\/wp-content\/uploads\/2021\/01\/Blumenwiese-Tragetuch-aus-Hanf-150x150.jpeg 150w\" data-image-sizes=\"(max-width: 247px) 100vw, 247px\" data-attribute_name=\"attribute_pa_tt-groesze\" data-value=\"tt450-fr\" aria-label=\"4,50 m\" role=\"radio\" aria-checked=\"false\" tabindex=\"0\" class=\"ux-swatch ux-swatch--label\"><span class=\"ux-swatch__text\">4,50 m<\/span><\/div><div data-image-src=\"https:\/\/mariblum.de\/wp-content\/uploads\/2021\/01\/Blumenwiese-Tragetuch-aus-Hanf-247x247.jpeg\" data-image-srcset=\"https:\/\/mariblum.de\/wp-content\/uploads\/2021\/01\/Blumenwiese-Tragetuch-aus-Hanf-247x247.jpeg 247w, https:\/\/mariblum.de\/wp-content\/uploads\/2021\/01\/Blumenwiese-Tragetuch-aus-Hanf-100x100.jpeg 100w, https:\/\/mariblum.de\/wp-content\/uploads\/2021\/01\/Blumenwiese-Tragetuch-aus-Hanf-150x150.jpeg 150w\" data-image-sizes=\"(max-width: 247px) 100vw, 247px\" data-attribute_name=\"attribute_pa_tt-groesze\" data-value=\"tt500-fr\" aria-label=\"5,00 m\" role=\"radio\" aria-checked=\"false\" tabindex=\"0\" class=\"ux-swatch ux-swatch--label\"><span class=\"ux-swatch__text\">5,00 m<\/span><\/div><\/div><div class=\"title-wrapper\">\t\t<p class=\"category uppercase is-smaller no-text-overflow product-cat op-8\">\n\t\t\tHemp Fabric\t\t<\/p>\n\t<p class=\"name product-title woocommerce-loop-product__title\"><a href=\"https:\/\/mariblum.de\/en\/produkt\/flower-meadow-sling\/\" class=\"woocommerce-LoopProduct-link woocommerce-loop-product__link\">Flower Meadow Sling<\/a><\/p><\/div><div class=\"price-wrapper\">\n\t<span class=\"price\"><span class=\"woocommerce-Price-amount amount\"><bdi>219,95&nbsp;<span class=\"woocommerce-Price-currencySymbol\" translate=\"no\">&euro;<\/span><\/bdi><\/span> &ndash; <span class=\"woocommerce-Price-amount amount\"><bdi>229,95&nbsp;<span class=\"woocommerce-Price-currencySymbol\" translate=\"no\">&euro;<\/span><\/bdi><\/span><\/span>\n\n\n\n<\/div>\t\t<\/div>\n\t<\/div>\n\t\n\t<\/div>\n<\/div><\/div><!-- row -->\n<\/div>\n<p>2. Entra\u00eenez-vous d&rsquo;abord \u00e0 porter un seul enfant : avant d&rsquo;essayer de porter deux enfants en m\u00eame temps, il est conseill\u00e9 de vous familiariser d&rsquo;abord avec le portage d&rsquo;un seul enfant. Assurez-vous de ma\u00eetriser une bonne technique de portage et veillez \u00e0 ce que votre enfant soit \u00e0 l&rsquo;aise et bien attach\u00e9 avant d&rsquo;en porter un autre.<\/p>\n<p>3. utilisez un autre moyen de transport adapt\u00e9 : Un autre porte-b\u00e9b\u00e9 sp\u00e9cialement con\u00e7u pour porter deux enfants peut s&rsquo;av\u00e9rer tr\u00e8s utile pour assurer votre confort et votre s\u00e9curit\u00e9 ainsi que ceux de vos enfants. Il existe des produits \u00e0 double fonction de portage ou des \u00e9charpes sp\u00e9cialement con\u00e7ues pour le portage des fr\u00e8res et s\u0153urs.<\/p>\n\n  \n    <div class=\"row large-columns-3 medium-columns-1 small-columns-1 slider row-slider slider-nav-reveal slider-nav-push\"  data-flickity-options='{&quot;imagesLoaded&quot;: true, &quot;groupCells&quot;: &quot;100%&quot;, &quot;dragThreshold&quot; : 5, &quot;cellAlign&quot;: &quot;left&quot;,&quot;wrapAround&quot;: true,&quot;prevNextButtons&quot;: true,&quot;percentPosition&quot;: true,&quot;pageDots&quot;: false, &quot;rightToLeft&quot;: false, &quot;autoPlay&quot; : false}' >\n\n  <div class=\"col post-item\" >\n\t\t\t<div class=\"col-inner\">\n\t\t\t\t<div class=\"box box-normal box-text-bottom box-blog-post has-hover\">\n            \t\t\t\t\t<div class=\"box-image\" >\n  \t\t\t\t\t\t<div class=\"image-cover\" style=\"padding-top:56.25%;\">\n\t\t\t\t\t\t\t<a href=\"https:\/\/mariblum.de\/fr\/les-inconvenients-du-portage-de-bebe-et-pourquoi-ce-sont-en-fait-des-avantages\/\" class=\"plain\" aria-label=\"Les inconv\u00e9nients du portage de b\u00e9b\u00e9 &#8211; et pourquoi ce sont en fait des avantages\">\n\t\t\t\t\t\t\t\t<img loading=\"lazy\" decoding=\"async\" width=\"225\" height=\"300\" src=\"https:\/\/mariblum.de\/wp-content\/uploads\/2021\/01\/purpur-lila-tragetuch-aus-hanf-225x300.jpg\" class=\"attachment-medium size-medium wp-post-image\" alt=\"Pourpre-echarpe-le-portage\" srcset=\"https:\/\/mariblum.de\/wp-content\/uploads\/2021\/01\/purpur-lila-tragetuch-aus-hanf-225x300.jpg 225w, https:\/\/mariblum.de\/wp-content\/uploads\/2021\/01\/purpur-lila-tragetuch-aus-hanf-510x680.jpg 510w, https:\/\/mariblum.de\/wp-content\/uploads\/2021\/01\/purpur-lila-tragetuch-aus-hanf.jpg 600w\" sizes=\"auto, (max-width: 225px) 100vw, 225px\" \/>\t\t\t\t\t\t\t<\/a>\n  \t\t\t\t\t\t\t  \t\t\t\t\t\t\t  \t\t\t\t\t\t<\/div>\n  \t\t\t\t\t\t  \t\t\t\t\t<\/div>\n          \t\t\t\t\t<div class=\"box-text text-center\" >\n\t\t\t\t\t<div class=\"box-text-inner blog-post-inner\">\n\n\t\t\t\t\t\n\t\t\t\t\t\t\t\t\t\t<h5 class=\"post-title is-large \">\n\t\t\t\t\t\t<a href=\"https:\/\/mariblum.de\/fr\/les-inconvenients-du-portage-de-bebe-et-pourquoi-ce-sont-en-fait-des-avantages\/\" class=\"plain\">Les inconv\u00e9nients du portage de b\u00e9b\u00e9 &#8211; et pourquoi ce sont en fait des avantages<\/a>\n\t\t\t\t\t<\/h5>\n\t\t\t\t\t\t\t\t\t\t<div class=\"is-divider\"><\/div>\n\t\t\t\t\t\t\t\t\t\t<p class=\"from_the_blog_excerpt \">\n\t\t\t\t\t\tPorter les nouveau-n\u00e9s dans des \u00e9charpes ou d&rsquo;autres porte-b\u00e9b\u00e9s devient de plus en plus populaire. [...]\t\t\t\t\t<\/p>\n\t\t\t\t\t                    \n\t\t\t\t\t\n\t\t\t\t\t\n\t\t\t\t\t<\/div>\n\t\t\t\t\t<\/div>\n\t\t\t\t\t\t\t\t\t\t\t\t\t\t\t\t<div class=\"badge absolute top post-date badge-outline\">\n\t\t\t\t\t\t\t<div class=\"badge-inner\">\n\t\t\t\t\t\t\t\t<span class=\"post-date-day\">10<\/span><br>\n\t\t\t\t\t\t\t\t<span class=\"post-date-month is-xsmall\">Jan<\/span>\n\t\t\t\t\t\t\t<\/div>\n\t\t\t\t\t\t<\/div>\n\t\t\t\t\t\t\t\t\t<\/div>\n\t\t\t<\/div>\n\t\t<\/div><div class=\"col post-item\" >\n\t\t\t<div class=\"col-inner\">\n\t\t\t\t<div class=\"box box-normal box-text-bottom box-blog-post has-hover\">\n            \t\t\t\t\t<div class=\"box-image\" >\n  \t\t\t\t\t\t<div class=\"image-cover\" style=\"padding-top:56.25%;\">\n\t\t\t\t\t\t\t<a href=\"https:\/\/mariblum.de\/fr\/trouver-la-bonne-conseillere-en-portage-votre-chemin-vers-le-porte-bebe-ideal\/\" class=\"plain\" aria-label=\"Trouver la bonne conseill\u00e8re en portage : Votre chemin vers le porte-b\u00e9b\u00e9 id\u00e9al\">\n\t\t\t\t\t\t\t\t<img loading=\"lazy\" decoding=\"async\" width=\"225\" height=\"300\" src=\"https:\/\/mariblum.de\/wp-content\/uploads\/2023\/02\/elefanten-tragetuch-schwarz-gold-aus-baumwolle-225x300.jpg\" class=\"attachment-medium size-medium wp-post-image\" alt=\"elefanten-tragetuch-schwarz-gold-aus-baumwolle\" srcset=\"https:\/\/mariblum.de\/wp-content\/uploads\/2023\/02\/elefanten-tragetuch-schwarz-gold-aus-baumwolle-225x300.jpg 225w, https:\/\/mariblum.de\/wp-content\/uploads\/2023\/02\/elefanten-tragetuch-schwarz-gold-aus-baumwolle-510x680.jpg 510w, https:\/\/mariblum.de\/wp-content\/uploads\/2023\/02\/elefanten-tragetuch-schwarz-gold-aus-baumwolle.jpg 600w\" sizes=\"auto, (max-width: 225px) 100vw, 225px\" \/>\t\t\t\t\t\t\t<\/a>\n  \t\t\t\t\t\t\t  \t\t\t\t\t\t\t  \t\t\t\t\t\t<\/div>\n  \t\t\t\t\t\t  \t\t\t\t\t<\/div>\n          \t\t\t\t\t<div class=\"box-text text-center\" >\n\t\t\t\t\t<div class=\"box-text-inner blog-post-inner\">\n\n\t\t\t\t\t\n\t\t\t\t\t\t\t\t\t\t<h5 class=\"post-title is-large \">\n\t\t\t\t\t\t<a href=\"https:\/\/mariblum.de\/fr\/trouver-la-bonne-conseillere-en-portage-votre-chemin-vers-le-porte-bebe-ideal\/\" class=\"plain\">Trouver la bonne conseill\u00e8re en portage : Votre chemin vers le porte-b\u00e9b\u00e9 id\u00e9al<\/a>\n\t\t\t\t\t<\/h5>\n\t\t\t\t\t\t\t\t\t\t<div class=\"is-divider\"><\/div>\n\t\t\t\t\t\t\t\t\t\t<p class=\"from_the_blog_excerpt \">\n\t\t\t\t\t\tUn porte-b\u00e9b\u00e9 est bien plus qu&rsquo;un outil pratique : il vous relie \u00e0 votre b\u00e9b\u00e9 [...]\t\t\t\t\t<\/p>\n\t\t\t\t\t                    \n\t\t\t\t\t\n\t\t\t\t\t\n\t\t\t\t\t<\/div>\n\t\t\t\t\t<\/div>\n\t\t\t\t\t\t\t\t\t\t\t\t\t\t\t\t<div class=\"badge absolute top post-date badge-outline\">\n\t\t\t\t\t\t\t<div class=\"badge-inner\">\n\t\t\t\t\t\t\t\t<span class=\"post-date-day\">06<\/span><br>\n\t\t\t\t\t\t\t\t<span class=\"post-date-month is-xsmall\">D\u00e9c<\/span>\n\t\t\t\t\t\t\t<\/div>\n\t\t\t\t\t\t<\/div>\n\t\t\t\t\t\t\t\t\t<\/div>\n\t\t\t<\/div>\n\t\t<\/div><div class=\"col post-item\" >\n\t\t\t<div class=\"col-inner\">\n\t\t\t\t<div class=\"box box-normal box-text-bottom box-blog-post has-hover\">\n            \t\t\t\t\t<div class=\"box-image\" >\n  \t\t\t\t\t\t<div class=\"image-cover\" style=\"padding-top:56.25%;\">\n\t\t\t\t\t\t\t<a href=\"https:\/\/mariblum.de\/fr\/3-facons-de-porter-les-enfants-a-vie\/\" class=\"plain\" aria-label=\"3 Fa\u00e7ons de porter les enfants \u00e0 vie\">\n\t\t\t\t\t\t\t\t<img loading=\"lazy\" decoding=\"async\" width=\"300\" height=\"300\" src=\"https:\/\/mariblum.de\/wp-content\/uploads\/2023\/01\/le-portage-cest-300x300.png\" class=\"attachment-medium size-medium wp-post-image\" alt=\"le portage cest\" srcset=\"https:\/\/mariblum.de\/wp-content\/uploads\/2023\/01\/le-portage-cest-300x300.png 300w, https:\/\/mariblum.de\/wp-content\/uploads\/2023\/01\/le-portage-cest-247x247.png 247w, https:\/\/mariblum.de\/wp-content\/uploads\/2023\/01\/le-portage-cest-100x100.png 100w, https:\/\/mariblum.de\/wp-content\/uploads\/2023\/01\/le-portage-cest-510x510.png 510w, https:\/\/mariblum.de\/wp-content\/uploads\/2023\/01\/le-portage-cest-1024x1024.png 1024w, https:\/\/mariblum.de\/wp-content\/uploads\/2023\/01\/le-portage-cest-150x150.png 150w, https:\/\/mariblum.de\/wp-content\/uploads\/2023\/01\/le-portage-cest-768x768.png 768w, https:\/\/mariblum.de\/wp-content\/uploads\/2023\/01\/le-portage-cest.png 1080w\" sizes=\"auto, (max-width: 300px) 100vw, 300px\" \/>\t\t\t\t\t\t\t<\/a>\n  \t\t\t\t\t\t\t  \t\t\t\t\t\t\t  \t\t\t\t\t\t<\/div>\n  \t\t\t\t\t\t  \t\t\t\t\t<\/div>\n          \t\t\t\t\t<div class=\"box-text text-center\" >\n\t\t\t\t\t<div class=\"box-text-inner blog-post-inner\">\n\n\t\t\t\t\t\n\t\t\t\t\t\t\t\t\t\t<h5 class=\"post-title is-large \">\n\t\t\t\t\t\t<a href=\"https:\/\/mariblum.de\/fr\/3-facons-de-porter-les-enfants-a-vie\/\" class=\"plain\">3 Fa\u00e7ons de porter les enfants \u00e0 vie<\/a>\n\t\t\t\t\t<\/h5>\n\t\t\t\t\t\t\t\t\t\t<div class=\"is-divider\"><\/div>\n\t\t\t\t\t\t\t\t\t\t<p class=\"from_the_blog_excerpt \">\n\t\t\t\t\t\tEn tant que parents, notre vie change \u00e0 jamais au moment o\u00f9 nos enfants viennent [...]\t\t\t\t\t<\/p>\n\t\t\t\t\t                    \n\t\t\t\t\t\n\t\t\t\t\t\n\t\t\t\t\t<\/div>\n\t\t\t\t\t<\/div>\n\t\t\t\t\t\t\t\t\t\t\t\t\t\t\t\t<div class=\"badge absolute top post-date badge-outline\">\n\t\t\t\t\t\t\t<div class=\"badge-inner\">\n\t\t\t\t\t\t\t\t<span class=\"post-date-day\">29<\/span><br>\n\t\t\t\t\t\t\t\t<span class=\"post-date-month is-xsmall\">Jan<\/span>\n\t\t\t\t\t\t\t<\/div>\n\t\t\t\t\t\t<\/div>\n\t\t\t\t\t\t\t\t\t<\/div>\n\t\t\t<\/div>\n\t\t<\/div><div class=\"col post-item\" >\n\t\t\t<div class=\"col-inner\">\n\t\t\t\t<div class=\"box box-normal box-text-bottom box-blog-post has-hover\">\n            \t\t\t\t\t<div class=\"box-image\" >\n  \t\t\t\t\t\t<div class=\"image-cover\" style=\"padding-top:56.25%;\">\n\t\t\t\t\t\t\t<a href=\"https:\/\/mariblum.de\/fr\/laspect-emotionnel-du-portage\/\" class=\"plain\" aria-label=\"L&rsquo;aspect \u00e9motionnel du portage\">\n\t\t\t\t\t\t\t\t<img loading=\"lazy\" decoding=\"async\" width=\"225\" height=\"300\" src=\"https:\/\/mariblum.de\/wp-content\/uploads\/2024\/04\/Eichhoernchen-Ring-Sling-Braun-aus-Hanf-seite-225x300.jpeg\" class=\"attachment-medium size-medium wp-post-image\" alt=\"\u00c9charpe anneau \u00e9cureuil Marron en chanvre\" srcset=\"https:\/\/mariblum.de\/wp-content\/uploads\/2024\/04\/Eichhoernchen-Ring-Sling-Braun-aus-Hanf-seite-225x300.jpeg 225w, https:\/\/mariblum.de\/wp-content\/uploads\/2024\/04\/Eichhoernchen-Ring-Sling-Braun-aus-Hanf-seite-510x680.jpeg 510w, https:\/\/mariblum.de\/wp-content\/uploads\/2024\/04\/Eichhoernchen-Ring-Sling-Braun-aus-Hanf-seite.jpeg 600w\" sizes=\"auto, (max-width: 225px) 100vw, 225px\" \/>\t\t\t\t\t\t\t<\/a>\n  \t\t\t\t\t\t\t  \t\t\t\t\t\t\t  \t\t\t\t\t\t<\/div>\n  \t\t\t\t\t\t  \t\t\t\t\t<\/div>\n          \t\t\t\t\t<div class=\"box-text text-center\" >\n\t\t\t\t\t<div class=\"box-text-inner blog-post-inner\">\n\n\t\t\t\t\t\n\t\t\t\t\t\t\t\t\t\t<h5 class=\"post-title is-large \">\n\t\t\t\t\t\t<a href=\"https:\/\/mariblum.de\/fr\/laspect-emotionnel-du-portage\/\" class=\"plain\">L&rsquo;aspect \u00e9motionnel du portage<\/a>\n\t\t\t\t\t<\/h5>\n\t\t\t\t\t\t\t\t\t\t<div class=\"is-divider\"><\/div>\n\t\t\t\t\t\t\t\t\t\t<p class=\"from_the_blog_excerpt \">\n\t\t\t\t\t\tL&rsquo;aspect \u00e9motionnel du portage : Pourquoi le portage n&rsquo;est pas seulement pratique, mais aussi enrichissant [...]\t\t\t\t\t<\/p>\n\t\t\t\t\t                    \n\t\t\t\t\t\n\t\t\t\t\t\n\t\t\t\t\t<\/div>\n\t\t\t\t\t<\/div>\n\t\t\t\t\t\t\t\t\t\t\t\t\t\t\t\t<div class=\"badge absolute top post-date badge-outline\">\n\t\t\t\t\t\t\t<div class=\"badge-inner\">\n\t\t\t\t\t\t\t\t<span class=\"post-date-day\">29<\/span><br>\n\t\t\t\t\t\t\t\t<span class=\"post-date-month is-xsmall\">Avr<\/span>\n\t\t\t\t\t\t\t<\/div>\n\t\t\t\t\t\t<\/div>\n\t\t\t\t\t\t\t\t\t<\/div>\n\t\t\t<\/div>\n\t\t<\/div><div class=\"col post-item\" >\n\t\t\t<div class=\"col-inner\">\n\t\t\t\t<div class=\"box box-normal box-text-bottom box-blog-post has-hover\">\n            \t\t\t\t\t<div class=\"box-image\" >\n  \t\t\t\t\t\t<div class=\"image-cover\" style=\"padding-top:56.25%;\">\n\t\t\t\t\t\t\t<a href=\"https:\/\/mariblum.de\/fr\/a-propos-des-echarpes-porte-bebe-en-chanvre\/\" class=\"plain\" aria-label=\"\u00c0 propos des \u00e9charpes porte-b\u00e9b\u00e9 en chanvre\">\n\t\t\t\t\t\t\t\t<img loading=\"lazy\" decoding=\"async\" width=\"225\" height=\"300\" src=\"https:\/\/mariblum.de\/wp-content\/uploads\/2024\/03\/Alina_Kossek-buntes-tragetuch-225x300.jpg\" class=\"attachment-medium size-medium wp-post-image\" alt=\"Alina_Kossek-buntes tragetuch\" srcset=\"https:\/\/mariblum.de\/wp-content\/uploads\/2024\/03\/Alina_Kossek-buntes-tragetuch-225x300.jpg 225w, https:\/\/mariblum.de\/wp-content\/uploads\/2024\/03\/Alina_Kossek-buntes-tragetuch-510x680.jpg 510w, https:\/\/mariblum.de\/wp-content\/uploads\/2024\/03\/Alina_Kossek-buntes-tragetuch.jpg 600w\" sizes=\"auto, (max-width: 225px) 100vw, 225px\" \/>\t\t\t\t\t\t\t<\/a>\n  \t\t\t\t\t\t\t  \t\t\t\t\t\t\t  \t\t\t\t\t\t<\/div>\n  \t\t\t\t\t\t  \t\t\t\t\t<\/div>\n          \t\t\t\t\t<div class=\"box-text text-center\" >\n\t\t\t\t\t<div class=\"box-text-inner blog-post-inner\">\n\n\t\t\t\t\t\n\t\t\t\t\t\t\t\t\t\t<h5 class=\"post-title is-large \">\n\t\t\t\t\t\t<a href=\"https:\/\/mariblum.de\/fr\/a-propos-des-echarpes-porte-bebe-en-chanvre\/\" class=\"plain\">\u00c0 propos des \u00e9charpes porte-b\u00e9b\u00e9 en chanvre<\/a>\n\t\t\t\t\t<\/h5>\n\t\t\t\t\t\t\t\t\t\t<div class=\"is-divider\"><\/div>\n\t\t\t\t\t\t\t\t\t\t<p class=\"from_the_blog_excerpt \">\n\t\t\t\t\t\tSi vous \u00eates \u00e0 la recherche d&rsquo;une \u00e9charpe de portage durable et confortable pour votre [...]\t\t\t\t\t<\/p>\n\t\t\t\t\t                    \n\t\t\t\t\t\n\t\t\t\t\t\n\t\t\t\t\t<\/div>\n\t\t\t\t\t<\/div>\n\t\t\t\t\t\t\t\t\t\t\t\t\t\t\t\t<div class=\"badge absolute top post-date badge-outline\">\n\t\t\t\t\t\t\t<div class=\"badge-inner\">\n\t\t\t\t\t\t\t\t<span class=\"post-date-day\">31<\/span><br>\n\t\t\t\t\t\t\t\t<span class=\"post-date-month is-xsmall\">Jan<\/span>\n\t\t\t\t\t\t\t<\/div>\n\t\t\t\t\t\t<\/div>\n\t\t\t\t\t\t\t\t\t<\/div>\n\t\t\t<\/div>\n\t\t<\/div><div class=\"col post-item\" >\n\t\t\t<div class=\"col-inner\">\n\t\t\t\t<div class=\"box box-normal box-text-bottom box-blog-post has-hover\">\n            \t\t\t\t\t<div class=\"box-image\" >\n  \t\t\t\t\t\t<div class=\"image-cover\" style=\"padding-top:56.25%;\">\n\t\t\t\t\t\t\t<a href=\"https:\/\/mariblum.de\/fr\/pourquoi-les-echarpes-de-portage-sont-plus-confortables-que-les-porte-bebes\/\" class=\"plain\" aria-label=\"Pourquoi les \u00e9charpes de portage sont plus confortables que les porte-b\u00e9b\u00e9s\">\n\t\t\t\t\t\t\t\t<img loading=\"lazy\" decoding=\"async\" width=\"200\" height=\"300\" src=\"https:\/\/mariblum.de\/wp-content\/uploads\/2023\/03\/gruenes-Tragetuch-aus-hanf-waldfee-200x300.jpg\" class=\"attachment-medium size-medium wp-post-image\" alt=\"\u00c9charpe-de-portage-verte-en-chanvre-f\u00e9e-des-bois\" srcset=\"https:\/\/mariblum.de\/wp-content\/uploads\/2023\/03\/gruenes-Tragetuch-aus-hanf-waldfee-200x300.jpg 200w, https:\/\/mariblum.de\/wp-content\/uploads\/2023\/03\/gruenes-Tragetuch-aus-hanf-waldfee-510x765.jpg 510w, https:\/\/mariblum.de\/wp-content\/uploads\/2023\/03\/gruenes-Tragetuch-aus-hanf-waldfee.jpg 533w\" sizes=\"auto, (max-width: 200px) 100vw, 200px\" \/>\t\t\t\t\t\t\t<\/a>\n  \t\t\t\t\t\t\t  \t\t\t\t\t\t\t  \t\t\t\t\t\t<\/div>\n  \t\t\t\t\t\t  \t\t\t\t\t<\/div>\n          \t\t\t\t\t<div class=\"box-text text-center\" >\n\t\t\t\t\t<div class=\"box-text-inner blog-post-inner\">\n\n\t\t\t\t\t\n\t\t\t\t\t\t\t\t\t\t<h5 class=\"post-title is-large \">\n\t\t\t\t\t\t<a href=\"https:\/\/mariblum.de\/fr\/pourquoi-les-echarpes-de-portage-sont-plus-confortables-que-les-porte-bebes\/\" class=\"plain\">Pourquoi les \u00e9charpes de portage sont plus confortables que les porte-b\u00e9b\u00e9s<\/a>\n\t\t\t\t\t<\/h5>\n\t\t\t\t\t\t\t\t\t\t<div class=\"is-divider\"><\/div>\n\t\t\t\t\t\t\t\t\t\t<p class=\"from_the_blog_excerpt \">\n\t\t\t\t\t\tEn mati\u00e8re de portage, le choix est vaste. De nombreux parents ne jurent que par [...]\t\t\t\t\t<\/p>\n\t\t\t\t\t                    \n\t\t\t\t\t\n\t\t\t\t\t\n\t\t\t\t\t<\/div>\n\t\t\t\t\t<\/div>\n\t\t\t\t\t\t\t\t\t\t\t\t\t\t\t\t<div class=\"badge absolute top post-date badge-outline\">\n\t\t\t\t\t\t\t<div class=\"badge-inner\">\n\t\t\t\t\t\t\t\t<span class=\"post-date-day\">26<\/span><br>\n\t\t\t\t\t\t\t\t<span class=\"post-date-month is-xsmall\">Mar<\/span>\n\t\t\t\t\t\t\t<\/div>\n\t\t\t\t\t\t<\/div>\n\t\t\t\t\t\t\t\t\t<\/div>\n\t\t\t<\/div>\n\t\t<\/div><div class=\"col post-item\" >\n\t\t\t<div class=\"col-inner\">\n\t\t\t\t<div class=\"box box-normal box-text-bottom box-blog-post has-hover\">\n            \t\t\t\t\t<div class=\"box-image\" >\n  \t\t\t\t\t\t<div class=\"image-cover\" style=\"padding-top:56.25%;\">\n\t\t\t\t\t\t\t<a href=\"https:\/\/mariblum.de\/fr\/pourquoi-le-portage-dans-une-echarpe-porte-bebe-est-il-si-naturel\/\" class=\"plain\" aria-label=\"Pourquoi le portage dans une \u00e9charpe porte-b\u00e9b\u00e9 est-il si naturel ?\">\n\t\t\t\t\t\t\t\t<img loading=\"lazy\" decoding=\"async\" width=\"200\" height=\"300\" src=\"https:\/\/mariblum.de\/wp-content\/uploads\/2023\/03\/Tragetuch-gruen-aus-hanf-waldfee-200x300.jpg\" class=\"attachment-medium size-medium wp-post-image\" alt=\"\u00c9charpe-de-portage-verte-en-chanvre-f\u00e9e-des-bois\" srcset=\"https:\/\/mariblum.de\/wp-content\/uploads\/2023\/03\/Tragetuch-gruen-aus-hanf-waldfee-200x300.jpg 200w, https:\/\/mariblum.de\/wp-content\/uploads\/2023\/03\/Tragetuch-gruen-aus-hanf-waldfee-510x765.jpg 510w, https:\/\/mariblum.de\/wp-content\/uploads\/2023\/03\/Tragetuch-gruen-aus-hanf-waldfee.jpg 533w\" sizes=\"auto, (max-width: 200px) 100vw, 200px\" \/>\t\t\t\t\t\t\t<\/a>\n  \t\t\t\t\t\t\t  \t\t\t\t\t\t\t  \t\t\t\t\t\t<\/div>\n  \t\t\t\t\t\t  \t\t\t\t\t<\/div>\n          \t\t\t\t\t<div class=\"box-text text-center\" >\n\t\t\t\t\t<div class=\"box-text-inner blog-post-inner\">\n\n\t\t\t\t\t\n\t\t\t\t\t\t\t\t\t\t<h5 class=\"post-title is-large \">\n\t\t\t\t\t\t<a href=\"https:\/\/mariblum.de\/fr\/pourquoi-le-portage-dans-une-echarpe-porte-bebe-est-il-si-naturel\/\" class=\"plain\">Pourquoi le portage dans une \u00e9charpe porte-b\u00e9b\u00e9 est-il si naturel ?<\/a>\n\t\t\t\t\t<\/h5>\n\t\t\t\t\t\t\t\t\t\t<div class=\"is-divider\"><\/div>\n\t\t\t\t\t\t\t\t\t\t<p class=\"from_the_blog_excerpt \">\n\t\t\t\t\t\tLorsque tu enveloppes ton nouveau-n\u00e9 dans un porte-b\u00e9b\u00e9 en tissu et que tu ressens son [...]\t\t\t\t\t<\/p>\n\t\t\t\t\t                    \n\t\t\t\t\t\n\t\t\t\t\t\n\t\t\t\t\t<\/div>\n\t\t\t\t\t<\/div>\n\t\t\t\t\t\t\t\t\t\t\t\t\t\t\t\t<div class=\"badge absolute top post-date badge-outline\">\n\t\t\t\t\t\t\t<div class=\"badge-inner\">\n\t\t\t\t\t\t\t\t<span class=\"post-date-day\">25<\/span><br>\n\t\t\t\t\t\t\t\t<span class=\"post-date-month is-xsmall\">Oct<\/span>\n\t\t\t\t\t\t\t<\/div>\n\t\t\t\t\t\t<\/div>\n\t\t\t\t\t\t\t\t\t<\/div>\n\t\t\t<\/div>\n\t\t<\/div><div class=\"col post-item\" >\n\t\t\t<div class=\"col-inner\">\n\t\t\t\t<div class=\"box box-normal box-text-bottom box-blog-post has-hover\">\n            \t\t\t\t\t<div class=\"box-image\" >\n  \t\t\t\t\t\t<div class=\"image-cover\" style=\"padding-top:56.25%;\">\n\t\t\t\t\t\t\t<a href=\"https:\/\/mariblum.de\/fr\/les-echarpes-de-portage-sont-tout-simplement-pratiques\/\" class=\"plain\" aria-label=\"Les \u00e9charpes de portage sont tout simplement pratiques\">\n\t\t\t\t\t\t\t\t<img loading=\"lazy\" decoding=\"async\" width=\"200\" height=\"300\" src=\"https:\/\/mariblum.de\/wp-content\/uploads\/2023\/04\/Lavendellfeld-Ring-Sling-aus-Leinen-Baby-tragen-200x300.jpg\" class=\"attachment-medium size-medium wp-post-image\" alt=\"Lavendelfeld-Ring-Sling-aus-Leinen-Baby-tragen\" srcset=\"https:\/\/mariblum.de\/wp-content\/uploads\/2023\/04\/Lavendellfeld-Ring-Sling-aus-Leinen-Baby-tragen-200x300.jpg 200w, https:\/\/mariblum.de\/wp-content\/uploads\/2023\/04\/Lavendellfeld-Ring-Sling-aus-Leinen-Baby-tragen.jpg 486w\" sizes=\"auto, (max-width: 200px) 100vw, 200px\" \/>\t\t\t\t\t\t\t<\/a>\n  \t\t\t\t\t\t\t  \t\t\t\t\t\t\t  \t\t\t\t\t\t<\/div>\n  \t\t\t\t\t\t  \t\t\t\t\t<\/div>\n          \t\t\t\t\t<div class=\"box-text text-center\" >\n\t\t\t\t\t<div class=\"box-text-inner blog-post-inner\">\n\n\t\t\t\t\t\n\t\t\t\t\t\t\t\t\t\t<h5 class=\"post-title is-large \">\n\t\t\t\t\t\t<a href=\"https:\/\/mariblum.de\/fr\/les-echarpes-de-portage-sont-tout-simplement-pratiques\/\" class=\"plain\">Les \u00e9charpes de portage sont tout simplement pratiques<\/a>\n\t\t\t\t\t<\/h5>\n\t\t\t\t\t\t\t\t\t\t<div class=\"is-divider\"><\/div>\n\t\t\t\t\t\t\t\t\t\t<p class=\"from_the_blog_excerpt \">\n\t\t\t\t\t\tLorsque vous voyagez, le porte-b\u00e9b\u00e9 peut s&rsquo;av\u00e9rer particuli\u00e8rement utile. Vous pouvez simplement l&rsquo;enrouler et le [...]\t\t\t\t\t<\/p>\n\t\t\t\t\t                    \n\t\t\t\t\t\n\t\t\t\t\t\n\t\t\t\t\t<\/div>\n\t\t\t\t\t<\/div>\n\t\t\t\t\t\t\t\t\t\t\t\t\t\t\t\t<div class=\"badge absolute top post-date badge-outline\">\n\t\t\t\t\t\t\t<div class=\"badge-inner\">\n\t\t\t\t\t\t\t\t<span class=\"post-date-day\">16<\/span><br>\n\t\t\t\t\t\t\t\t<span class=\"post-date-month is-xsmall\">Avr<\/span>\n\t\t\t\t\t\t\t<\/div>\n\t\t\t\t\t\t<\/div>\n\t\t\t\t\t\t\t\t\t<\/div>\n\t\t\t<\/div>\n\t\t<\/div><\/div>\n<p>4. Tenez compte du poids et de la taille des enfants : Il est important de tenir compte du poids et de la taille de vos enfants lorsque vous d\u00e9cidez comment les porter. Si l&rsquo;un de vos enfants est nettement plus grand ou plus lourd que l&rsquo;autre, vous devez en tenir compte lors du choix de la technique de portage afin d&rsquo;assurer une r\u00e9partition uniforme du poids.<\/p>\n<p>5. veillez \u00e0 la s\u00e9curit\u00e9 : assurez-vous que les deux enfants sont solidement attach\u00e9s dans le harnais et qu&rsquo;ils sont soutenus de mani\u00e8re ad\u00e9quate. V\u00e9rifiez r\u00e9guli\u00e8rement la position et l&rsquo;ajustement de votre harnais pour vous assurer qu&rsquo;il est toujours correctement positionn\u00e9 et qu&rsquo;il ne provoque pas de points de pression.<\/p>\n<p>6. Commencez lentement et augmentez progressivement la dur\u00e9e du portage : Si vous portez deux enfants en m\u00eame temps pour la premi\u00e8re fois, commencez lentement et augmentez progressivement la dur\u00e9e du portage pour que votre corps et vos enfants s&rsquo;y habituent. Soyez \u00e0 l&rsquo;\u00e9coute de votre corps et faites des pauses r\u00e9guli\u00e8res si n\u00e9cessaire.<\/p>\n<p>7. utilisez des aides et du soutien : Il peut \u00eatre utile de vous faire aider par votre partenaire, des membres de votre famille ou des amis, en particulier lorsque vous commencez \u00e0 vous habituer \u00e0 porter vos fr\u00e8res et s\u0153urs. Si n\u00e9cessaire, utilisez \u00e9galement un sac de transport ou un sac \u00e0 dos pour transporter des articles suppl\u00e9mentaires tels que des couches, des en-cas et de l&rsquo;eau.<\/p>\n","protected":false},"excerpt":{"rendered":"<p>Comment porter plusieurs enfants en m\u00eame temps ? En tant que parent de fr\u00e8res et s\u0153urs, porter deux enfants ou plus en m\u00eame temps peut \u00eatre un d\u00e9fi, mais c&rsquo;est aussi un excellent moyen de cr\u00e9er un lien \u00e9troit avec chaque enfant et de lui apporter un soutien pratique dans la vie de tous les [&#8230;]\n","protected":false},"author":1,"featured_media":12060,"comment_status":"closed","ping_status":"closed","sticky":false,"template":"","format":"standard","meta":{"footnotes":""},"categories":[998],"tags":[],"class_list":["post-16260","post","type-post","status-publish","format-standard","has-post-thumbnail","hentry","category-mariblum-actualites-porte-bebe"],"yoast_head":"<!-- This site is optimized with the Yoast SEO Premium plugin v23.3 (Yoast SEO v28.3) - https:\/\/yoast.com\/product\/yoast-seo-premium-wordpress\/ -->\n<title>Comment porter plusieurs enfants en m\u00eame temps ? - mariblum - \u00c9charpe de portage<\/title>\n<meta name=\"description\" content=\"En tant que parent de fr\u00e8res et s\u0153urs, porter deux enfants ou plus en m\u00eame temps peut \u00eatre un d\u00e9fi.\" \/>\n<meta name=\"robots\" content=\"index, follow, max-snippet:-1, max-image-preview:large, max-video-preview:-1\" \/>\n<link rel=\"canonical\" href=\"https:\/\/mariblum.de\/fr\/comment-porter-plusieurs-enfants-en-meme-temps\/\" \/>\n<meta property=\"og:locale\" content=\"fr_FR\" \/>\n<meta property=\"og:type\" content=\"article\" \/>\n<meta property=\"og:title\" content=\"Comment porter plusieurs enfants en m\u00eame temps ?\" \/>\n<meta property=\"og:description\" content=\"En tant que parent de fr\u00e8res et s\u0153urs, porter deux enfants ou plus en m\u00eame temps peut \u00eatre un d\u00e9fi.\" \/>\n<meta property=\"og:url\" content=\"https:\/\/mariblum.de\/fr\/comment-porter-plusieurs-enfants-en-meme-temps\/\" \/>\n<meta property=\"og:site_name\" content=\"mariblum - \u00c9charpe de portage\" \/>\n<meta property=\"article:published_time\" content=\"2024-05-31T05:11:35+00:00\" \/>\n<meta property=\"article:modified_time\" content=\"2024-05-31T05:21:25+00:00\" \/>\n<meta property=\"og:image\" content=\"https:\/\/mariblum.de\/wp-content\/uploads\/2022\/03\/schwarz-pink-tragetuch-aus-baumwolle-elefanten-baby-richtig-tragen-im-tragetuch.jpg\" \/>\n\t<meta property=\"og:image:width\" content=\"533\" \/>\n\t<meta property=\"og:image:height\" content=\"800\" \/>\n\t<meta property=\"og:image:type\" content=\"image\/jpeg\" \/>\n<meta name=\"author\" content=\"mariblum\" \/>\n<meta name=\"twitter:card\" content=\"summary_large_image\" \/>\n<meta name=\"twitter:label1\" content=\"\u00c9crit par\" \/>\n\t<meta name=\"twitter:data1\" content=\"mariblum\" \/>\n\t<meta name=\"twitter:label2\" content=\"Dur\u00e9e de lecture estim\u00e9e\" \/>\n\t<meta name=\"twitter:data2\" content=\"3 minutes\" \/>\n<script type=\"application\/ld+json\" class=\"yoast-schema-graph\">{\"@context\":\"https:\\\/\\\/schema.org\",\"@graph\":[{\"@type\":\"Article\",\"@id\":\"https:\\\/\\\/mariblum.de\\\/fr\\\/comment-porter-plusieurs-enfants-en-meme-temps\\\/#article\",\"isPartOf\":{\"@id\":\"https:\\\/\\\/mariblum.de\\\/fr\\\/comment-porter-plusieurs-enfants-en-meme-temps\\\/\"},\"author\":{\"name\":\"mariblum\",\"@id\":\"https:\\\/\\\/mariblum.de\\\/fr\\\/#\\\/schema\\\/person\\\/0f48a4840cefc156d4d2deb5e4b294d0\"},\"headline\":\"Comment porter plusieurs enfants en m\u00eame temps ?\",\"datePublished\":\"2024-05-31T05:11:35+00:00\",\"dateModified\":\"2024-05-31T05:21:25+00:00\",\"mainEntityOfPage\":{\"@id\":\"https:\\\/\\\/mariblum.de\\\/fr\\\/comment-porter-plusieurs-enfants-en-meme-temps\\\/\"},\"wordCount\":566,\"publisher\":{\"@id\":\"https:\\\/\\\/mariblum.de\\\/fr\\\/#organization\"},\"image\":{\"@id\":\"https:\\\/\\\/mariblum.de\\\/fr\\\/comment-porter-plusieurs-enfants-en-meme-temps\\\/#primaryimage\"},\"thumbnailUrl\":\"https:\\\/\\\/mariblum.de\\\/wp-content\\\/uploads\\\/2022\\\/03\\\/schwarz-pink-tragetuch-aus-baumwolle-elefanten-baby-richtig-tragen-im-tragetuch.jpg\",\"articleSection\":[\"mariblum - Actualit\u00e9s porte b\u00e9b\u00e9\"],\"inLanguage\":\"fr-FR\"},{\"@type\":\"WebPage\",\"@id\":\"https:\\\/\\\/mariblum.de\\\/fr\\\/comment-porter-plusieurs-enfants-en-meme-temps\\\/\",\"url\":\"https:\\\/\\\/mariblum.de\\\/fr\\\/comment-porter-plusieurs-enfants-en-meme-temps\\\/\",\"name\":\"Comment porter plusieurs enfants en m\u00eame temps ? - mariblum - \u00c9charpe de portage\",\"isPartOf\":{\"@id\":\"https:\\\/\\\/mariblum.de\\\/fr\\\/#website\"},\"primaryImageOfPage\":{\"@id\":\"https:\\\/\\\/mariblum.de\\\/fr\\\/comment-porter-plusieurs-enfants-en-meme-temps\\\/#primaryimage\"},\"image\":{\"@id\":\"https:\\\/\\\/mariblum.de\\\/fr\\\/comment-porter-plusieurs-enfants-en-meme-temps\\\/#primaryimage\"},\"thumbnailUrl\":\"https:\\\/\\\/mariblum.de\\\/wp-content\\\/uploads\\\/2022\\\/03\\\/schwarz-pink-tragetuch-aus-baumwolle-elefanten-baby-richtig-tragen-im-tragetuch.jpg\",\"datePublished\":\"2024-05-31T05:11:35+00:00\",\"dateModified\":\"2024-05-31T05:21:25+00:00\",\"description\":\"En tant que parent de fr\u00e8res et s\u0153urs, porter deux enfants ou plus en m\u00eame temps peut \u00eatre un d\u00e9fi.\",\"breadcrumb\":{\"@id\":\"https:\\\/\\\/mariblum.de\\\/fr\\\/comment-porter-plusieurs-enfants-en-meme-temps\\\/#breadcrumb\"},\"inLanguage\":\"fr-FR\",\"potentialAction\":[{\"@type\":\"ReadAction\",\"target\":[\"https:\\\/\\\/mariblum.de\\\/fr\\\/comment-porter-plusieurs-enfants-en-meme-temps\\\/\"]}]},{\"@type\":\"ImageObject\",\"inLanguage\":\"fr-FR\",\"@id\":\"https:\\\/\\\/mariblum.de\\\/fr\\\/comment-porter-plusieurs-enfants-en-meme-temps\\\/#primaryimage\",\"url\":\"https:\\\/\\\/mariblum.de\\\/wp-content\\\/uploads\\\/2022\\\/03\\\/schwarz-pink-tragetuch-aus-baumwolle-elefanten-baby-richtig-tragen-im-tragetuch.jpg\",\"contentUrl\":\"https:\\\/\\\/mariblum.de\\\/wp-content\\\/uploads\\\/2022\\\/03\\\/schwarz-pink-tragetuch-aus-baumwolle-elefanten-baby-richtig-tragen-im-tragetuch.jpg\",\"width\":533,\"height\":800,\"caption\":\"noir-rose-\u00e9charpe-de-portage-en-coton-\u00e9l\u00e9phant-b\u00e9b\u00e9-faux-portage-en-\u00e9charpe\"},{\"@type\":\"BreadcrumbList\",\"@id\":\"https:\\\/\\\/mariblum.de\\\/fr\\\/comment-porter-plusieurs-enfants-en-meme-temps\\\/#breadcrumb\",\"itemListElement\":[{\"@type\":\"ListItem\",\"position\":1,\"name\":\"Startseite\",\"item\":\"https:\\\/\\\/mariblum.de\\\/fr\\\/\"},{\"@type\":\"ListItem\",\"position\":2,\"name\":\"Comment porter plusieurs enfants en m\u00eame temps ?\"}]},{\"@type\":\"WebSite\",\"@id\":\"https:\\\/\\\/mariblum.de\\\/fr\\\/#website\",\"url\":\"https:\\\/\\\/mariblum.de\\\/fr\\\/\",\"name\":\"mariblum Traget\u00fccher\",\"description\":\"la fa\u00e7on naturelle de porter votre b\u00e9b\u00e9\",\"publisher\":{\"@id\":\"https:\\\/\\\/mariblum.de\\\/fr\\\/#organization\"},\"potentialAction\":[{\"@type\":\"SearchAction\",\"target\":{\"@type\":\"EntryPoint\",\"urlTemplate\":\"https:\\\/\\\/mariblum.de\\\/fr\\\/?s={search_term_string}\"},\"query-input\":{\"@type\":\"PropertyValueSpecification\",\"valueRequired\":true,\"valueName\":\"search_term_string\"}}],\"inLanguage\":\"fr-FR\"},{\"@type\":\"Organization\",\"@id\":\"https:\\\/\\\/mariblum.de\\\/fr\\\/#organization\",\"name\":\"mariblum\",\"url\":\"https:\\\/\\\/mariblum.de\\\/fr\\\/\",\"logo\":{\"@type\":\"ImageObject\",\"inLanguage\":\"fr-FR\",\"@id\":\"https:\\\/\\\/mariblum.de\\\/fr\\\/#\\\/schema\\\/logo\\\/image\\\/\",\"url\":\"https:\\\/\\\/mariblum.de\\\/wp-content\\\/uploads\\\/2020\\\/07\\\/logo_m-500x_transparent.png\",\"contentUrl\":\"https:\\\/\\\/mariblum.de\\\/wp-content\\\/uploads\\\/2020\\\/07\\\/logo_m-500x_transparent.png\",\"width\":500,\"height\":500,\"caption\":\"mariblum\"},\"image\":{\"@id\":\"https:\\\/\\\/mariblum.de\\\/fr\\\/#\\\/schema\\\/logo\\\/image\\\/\"},\"sameAs\":[\"https:\\\/\\\/www.instagram.com\\\/_mariblum_\\\/\"]},{\"@type\":\"Person\",\"@id\":\"https:\\\/\\\/mariblum.de\\\/fr\\\/#\\\/schema\\\/person\\\/0f48a4840cefc156d4d2deb5e4b294d0\",\"name\":\"mariblum\",\"url\":\"https:\\\/\\\/mariblum.de\\\/fr\\\/author\\\/mariblum\\\/\"}]}<\/script>\n<!-- \/ Yoast SEO Premium plugin. -->","yoast_head_json":{"title":"Comment porter plusieurs enfants en m\u00eame temps ? - mariblum - \u00c9charpe de portage","description":"En tant que parent de fr\u00e8res et s\u0153urs, porter deux enfants ou plus en m\u00eame temps peut \u00eatre un d\u00e9fi.","robots":{"index":"index","follow":"follow","max-snippet":"max-snippet:-1","max-image-preview":"max-image-preview:large","max-video-preview":"max-video-preview:-1"},"canonical":"https:\/\/mariblum.de\/fr\/comment-porter-plusieurs-enfants-en-meme-temps\/","og_locale":"fr_FR","og_type":"article","og_title":"Comment porter plusieurs enfants en m\u00eame temps ?","og_description":"En tant que parent de fr\u00e8res et s\u0153urs, porter deux enfants ou plus en m\u00eame temps peut \u00eatre un d\u00e9fi.","og_url":"https:\/\/mariblum.de\/fr\/comment-porter-plusieurs-enfants-en-meme-temps\/","og_site_name":"mariblum - \u00c9charpe de portage","article_published_time":"2024-05-31T05:11:35+00:00","article_modified_time":"2024-05-31T05:21:25+00:00","og_image":[{"width":533,"height":800,"url":"https:\/\/mariblum.de\/wp-content\/uploads\/2022\/03\/schwarz-pink-tragetuch-aus-baumwolle-elefanten-baby-richtig-tragen-im-tragetuch.jpg","type":"image\/jpeg"}],"author":"mariblum","twitter_card":"summary_large_image","twitter_misc":{"\u00c9crit par":"mariblum","Dur\u00e9e de lecture estim\u00e9e":"3 minutes"},"schema":{"@context":"https:\/\/schema.org","@graph":[{"@type":"Article","@id":"https:\/\/mariblum.de\/fr\/comment-porter-plusieurs-enfants-en-meme-temps\/#article","isPartOf":{"@id":"https:\/\/mariblum.de\/fr\/comment-porter-plusieurs-enfants-en-meme-temps\/"},"author":{"name":"mariblum","@id":"https:\/\/mariblum.de\/fr\/#\/schema\/person\/0f48a4840cefc156d4d2deb5e4b294d0"},"headline":"Comment porter plusieurs enfants en m\u00eame temps ?","datePublished":"2024-05-31T05:11:35+00:00","dateModified":"2024-05-31T05:21:25+00:00","mainEntityOfPage":{"@id":"https:\/\/mariblum.de\/fr\/comment-porter-plusieurs-enfants-en-meme-temps\/"},"wordCount":566,"publisher":{"@id":"https:\/\/mariblum.de\/fr\/#organization"},"image":{"@id":"https:\/\/mariblum.de\/fr\/comment-porter-plusieurs-enfants-en-meme-temps\/#primaryimage"},"thumbnailUrl":"https:\/\/mariblum.de\/wp-content\/uploads\/2022\/03\/schwarz-pink-tragetuch-aus-baumwolle-elefanten-baby-richtig-tragen-im-tragetuch.jpg","articleSection":["mariblum - Actualit\u00e9s porte b\u00e9b\u00e9"],"inLanguage":"fr-FR"},{"@type":"WebPage","@id":"https:\/\/mariblum.de\/fr\/comment-porter-plusieurs-enfants-en-meme-temps\/","url":"https:\/\/mariblum.de\/fr\/comment-porter-plusieurs-enfants-en-meme-temps\/","name":"Comment porter plusieurs enfants en m\u00eame temps ? - mariblum - \u00c9charpe de portage","isPartOf":{"@id":"https:\/\/mariblum.de\/fr\/#website"},"primaryImageOfPage":{"@id":"https:\/\/mariblum.de\/fr\/comment-porter-plusieurs-enfants-en-meme-temps\/#primaryimage"},"image":{"@id":"https:\/\/mariblum.de\/fr\/comment-porter-plusieurs-enfants-en-meme-temps\/#primaryimage"},"thumbnailUrl":"https:\/\/mariblum.de\/wp-content\/uploads\/2022\/03\/schwarz-pink-tragetuch-aus-baumwolle-elefanten-baby-richtig-tragen-im-tragetuch.jpg","datePublished":"2024-05-31T05:11:35+00:00","dateModified":"2024-05-31T05:21:25+00:00","description":"En tant que parent de fr\u00e8res et s\u0153urs, porter deux enfants ou plus en m\u00eame temps peut \u00eatre un d\u00e9fi.","breadcrumb":{"@id":"https:\/\/mariblum.de\/fr\/comment-porter-plusieurs-enfants-en-meme-temps\/#breadcrumb"},"inLanguage":"fr-FR","potentialAction":[{"@type":"ReadAction","target":["https:\/\/mariblum.de\/fr\/comment-porter-plusieurs-enfants-en-meme-temps\/"]}]},{"@type":"ImageObject","inLanguage":"fr-FR","@id":"https:\/\/mariblum.de\/fr\/comment-porter-plusieurs-enfants-en-meme-temps\/#primaryimage","url":"https:\/\/mariblum.de\/wp-content\/uploads\/2022\/03\/schwarz-pink-tragetuch-aus-baumwolle-elefanten-baby-richtig-tragen-im-tragetuch.jpg","contentUrl":"https:\/\/mariblum.de\/wp-content\/uploads\/2022\/03\/schwarz-pink-tragetuch-aus-baumwolle-elefanten-baby-richtig-tragen-im-tragetuch.jpg","width":533,"height":800,"caption":"noir-rose-\u00e9charpe-de-portage-en-coton-\u00e9l\u00e9phant-b\u00e9b\u00e9-faux-portage-en-\u00e9charpe"},{"@type":"BreadcrumbList","@id":"https:\/\/mariblum.de\/fr\/comment-porter-plusieurs-enfants-en-meme-temps\/#breadcrumb","itemListElement":[{"@type":"ListItem","position":1,"name":"Startseite","item":"https:\/\/mariblum.de\/fr\/"},{"@type":"ListItem","position":2,"name":"Comment porter plusieurs enfants en m\u00eame temps ?"}]},{"@type":"WebSite","@id":"https:\/\/mariblum.de\/fr\/#website","url":"https:\/\/mariblum.de\/fr\/","name":"mariblum Traget\u00fccher","description":"la fa\u00e7on naturelle de porter votre b\u00e9b\u00e9","publisher":{"@id":"https:\/\/mariblum.de\/fr\/#organization"},"potentialAction":[{"@type":"SearchAction","target":{"@type":"EntryPoint","urlTemplate":"https:\/\/mariblum.de\/fr\/?s={search_term_string}"},"query-input":{"@type":"PropertyValueSpecification","valueRequired":true,"valueName":"search_term_string"}}],"inLanguage":"fr-FR"},{"@type":"Organization","@id":"https:\/\/mariblum.de\/fr\/#organization","name":"mariblum","url":"https:\/\/mariblum.de\/fr\/","logo":{"@type":"ImageObject","inLanguage":"fr-FR","@id":"https:\/\/mariblum.de\/fr\/#\/schema\/logo\/image\/","url":"https:\/\/mariblum.de\/wp-content\/uploads\/2020\/07\/logo_m-500x_transparent.png","contentUrl":"https:\/\/mariblum.de\/wp-content\/uploads\/2020\/07\/logo_m-500x_transparent.png","width":500,"height":500,"caption":"mariblum"},"image":{"@id":"https:\/\/mariblum.de\/fr\/#\/schema\/logo\/image\/"},"sameAs":["https:\/\/www.instagram.com\/_mariblum_\/"]},{"@type":"Person","@id":"https:\/\/mariblum.de\/fr\/#\/schema\/person\/0f48a4840cefc156d4d2deb5e4b294d0","name":"mariblum","url":"https:\/\/mariblum.de\/fr\/author\/mariblum\/"}]}},"_links":{"self":[{"href":"https:\/\/mariblum.de\/fr\/wp-json\/wp\/v2\/posts\/16260","targetHints":{"allow":["GET"]}}],"collection":[{"href":"https:\/\/mariblum.de\/fr\/wp-json\/wp\/v2\/posts"}],"about":[{"href":"https:\/\/mariblum.de\/fr\/wp-json\/wp\/v2\/types\/post"}],"author":[{"embeddable":true,"href":"https:\/\/mariblum.de\/fr\/wp-json\/wp\/v2\/users\/1"}],"replies":[{"embeddable":true,"href":"https:\/\/mariblum.de\/fr\/wp-json\/wp\/v2\/comments?post=16260"}],"version-history":[{"count":0,"href":"https:\/\/mariblum.de\/fr\/wp-json\/wp\/v2\/posts\/16260\/revisions"}],"wp:featuredmedia":[{"embeddable":true,"href":"https:\/\/mariblum.de\/fr\/wp-json\/wp\/v2\/media\/12060"}],"wp:attachment":[{"href":"https:\/\/mariblum.de\/fr\/wp-json\/wp\/v2\/media?parent=16260"}],"wp:term":[{"taxonomy":"category","embeddable":true,"href":"https:\/\/mariblum.de\/fr\/wp-json\/wp\/v2\/categories?post=16260"},{"taxonomy":"post_tag","embeddable":true,"href":"https:\/\/mariblum.de\/fr\/wp-json\/wp\/v2\/tags?post=16260"}],"curies":[{"name":"wp","href":"https:\/\/api.w.org\/{rel}","templated":true}]}}