{"id":11449,"date":"2022-02-20T12:15:24","date_gmt":"2022-02-20T12:15:24","guid":{"rendered":"https:\/\/mariblum.de\/echarpes-de-portage-teintees-avec-des-colorants-vegetaux\/"},"modified":"2022-02-20T12:15:27","modified_gmt":"2022-02-20T12:15:27","slug":"echarpes-de-portage-teintees-avec-des-colorants-vegetaux","status":"publish","type":"post","link":"https:\/\/mariblum.de\/fr\/echarpes-de-portage-teintees-avec-des-colorants-vegetaux\/","title":{"rendered":"Echarpes de portage teint\u00e9es avec des colorants v\u00e9g\u00e9taux"},"content":{"rendered":"<p class=\"lead\" align=\"justify\">Les \u00e9charpes porte-b\u00e9b\u00e9 et les Ring Slings teints avec des plantes sont tr\u00e8s particuliers. La teinture de tissus demande beaucoup de temps, de patience et d&rsquo;habilet\u00e9 ! Les techniques industrielles de teinture des tissus ne peuvent pas rivaliser avec ces r\u00e9sultats particuliers.<\/p>\n<h4>Teinture v\u00e9g\u00e9tale ou industrielle ?<\/h4>\n<p align=\"justify\">Depuis des si\u00e8cles, on utilise des plantes pour teindre le chanvre, le lin et le coton. Mais depuis que les tissus sont teints avec des couleurs synth\u00e9tiques et que la circulation des textiles a \u00e9norm\u00e9ment augment\u00e9, la teinture v\u00e9g\u00e9tale a fortement diminu\u00e9. L&rsquo;investissement en main-d&rsquo;\u0153uvre, en temps et, bien s\u00fbr, les semailles et la r\u00e9colte des plantes sont trop importants. C&rsquo;est pourquoi les \u00e9charpes porte-b\u00e9b\u00e9, les ring slings et les couvertures pour b\u00e9b\u00e9s teints avec des plantes sont rares. Ils deviennent ainsi quelque chose de tr\u00e8s sp\u00e9cial pour toi et ton b\u00e9b\u00e9.<\/p>\n\n  <div class=\"banner has-hover\" id=\"banner-1972355382\">\n          <div class=\"banner-inner fill\">\n        <div class=\"banner-bg fill\" >\n            <img loading=\"lazy\" decoding=\"async\" width=\"600\" height=\"800\" src=\"https:\/\/mariblum.de\/wp-content\/uploads\/2021\/01\/custom-tragetuch-spezial-trageberatung-berlin.jpg\" class=\"bg attachment-large size-large\" alt=\"custom-tragetuch-aus-hanf\" \/>                                    \n                    <\/div>\n\t\t\n        <div class=\"banner-layers container\">\n            <a class=\"fill\" href=\"https:\/\/mariblum.de\/fr\/le-chemin-vers-une-echarpes-porte-bebe-personnalisee\/\"><div class=\"fill banner-link\"><\/div><\/a>            \n   <div id=\"text-box-373708174\" class=\"text-box banner-layer x50 md-x50 lg-x50 y20 md-y20 lg-y20 res-text\">\n                                <div class=\"text-box-content text dark\">\n              \n              <div class=\"text-inner text-center\">\n                  \n<p><a title=\"Echarpe de portage en chanvre teint\u00e9 durablement\" href=\"https:\/\/mariblum.de\/fr\/le-chemin-vers-une-echarpes-porte-bebe-personnalisee\/\"><strong>\u00c9charpes porte-b\u00e9b\u00e9 personnalis\u00e9e<\/strong><\/a><\/p>\n<a href=\"https:\/\/mariblum.de\/fr\/le-chemin-vers-une-echarpes-porte-bebe-personnalisee\/\" target=\"_blank\" class=\"button primary is-shade box-shadow-3 box-shadow-5-hover\" rel=\"noopener\" style=\"border-radius:5px;\">\n\t\t<span>plus<\/span>\n\t<\/a>\n\n              <\/div>\n           <\/div>\n                            \n<style>\n#text-box-373708174 {\n  width: 100%;\n}\n#text-box-373708174 .text-box-content {\n  font-size: 100%;\n}\n@media (min-width:550px) {\n  #text-box-373708174 {\n    width: 60%;\n  }\n}\n<\/style>\n    <\/div>\n \n        <\/div>\n      <\/div>\n\n            \n<style>\n#banner-1972355382 {\n  padding-top: 300px;\n}\n<\/style>\n  <\/div>\n\n\n\t<div id=\"gap-1641892904\" class=\"gap-element clearfix\" style=\"display:block; height:auto;\">\n\t\t\n<style>\n#gap-1641892904 {\n  padding-top: 30px;\n}\n<\/style>\n\t<\/div>\n\t\n<h4>Avec quoi nous colorons ?<\/h4>\n<p align=\"justify\">Pour colorer avec des plantes, on peut utiliser diff\u00e9rentes fleurs, feuilles et racines. Cela d\u00e9pend du r\u00e9sultat que l&rsquo;on souhaite obtenir. Les couleurs de nos \u00e9charpes porte-b\u00e9b\u00e9 et de nos Ring Slings en chanvre et en lin teints avec des plantes, ainsi que les couvertures pour b\u00e9b\u00e9 en coton biologique, sont durables et d&rsquo;une grande intensit\u00e9. Cela est durable et pr\u00e9serve l&rsquo;environnement.<\/p>\n\n  <div class=\"banner has-hover\" id=\"banner-1173805027\">\n          <div class=\"banner-inner fill\">\n        <div class=\"banner-bg fill\" >\n            <img loading=\"lazy\" decoding=\"async\" width=\"600\" height=\"800\" src=\"https:\/\/mariblum.de\/wp-content\/uploads\/2021\/01\/annah-echarpes-de-portage.png\" class=\"bg attachment-large size-large\" alt=\"annah-echarpes-de-portage-mariblum-babywearing-trageberaterin\" \/>                                    \n                    <\/div>\n\t\t\n        <div class=\"banner-layers container\">\n            <div class=\"fill banner-link\"><\/div>            \n   <div id=\"text-box-1779935361\" class=\"text-box banner-layer x50 md-x50 lg-x50 y50 md-y50 lg-y50 res-text\">\n                                <div class=\"text-box-content text dark\">\n              \n              <div class=\"text-inner text-center\">\n                  \n              <\/div>\n           <\/div>\n                            \n<style>\n#text-box-1779935361 {\n  width: 60%;\n}\n#text-box-1779935361 .text-box-content {\n  font-size: 100%;\n}\n<\/style>\n    <\/div>\n \n        <\/div>\n      <\/div>\n\n            \n<style>\n#banner-1173805027 {\n  padding-top: 300px;\n}\n#banner-1173805027 .banner-bg img {\n  object-position: 14% 12%;\n}\n<\/style>\n  <\/div>\n\n\n\t<div id=\"gap-211687651\" class=\"gap-element clearfix\" style=\"display:block; height:auto;\">\n\t\t\n<style>\n#gap-211687651 {\n  padding-top: 30px;\n}\n<\/style>\n\t<\/div>\n\t\n<h4>Combien de temps dure une coloration avec des plantes ?<\/h4>\n<p align=\"justify\">Il faut beaucoup de temps pour que nous puissions voir les r\u00e9sultats de la teinture sur les \u00e9charpes de portage. Parfois plusieurs semaines ou mois. Le chanvre et le lin en particulier demandent plus d&rsquo;efforts et de pr\u00e9paration que la teinture v\u00e9g\u00e9tale du coton. Ce travail en vaut la peine, car les couleurs de nos \u00e9charpes de portage, ring slings et couvertures pour b\u00e9b\u00e9s sont tr\u00e8s profondes et vari\u00e9es. La profondeur des couleurs est due au nombre plus \u00e9lev\u00e9 de pigments.\u00a0 Bien entendu, tous nos produits sont n\u00e9anmoins r\u00e9sistants au lavage et \u00e0 la lumi\u00e8re et conservent ainsi leur aspect m\u00eame en cas d&rsquo;utilisation fr\u00e9quente.<\/p>\n\t<div id=\"gap-2031765946\" class=\"gap-element clearfix\" style=\"display:block; height:auto;\">\n\t\t\n<style>\n#gap-2031765946 {\n  padding-top: 15px;\n}\n<\/style>\n\t<\/div>\n\t\n<div class=\"woocommerce columns-4 \"><div class=\"products row row-small large-columns-4 medium-columns-3 small-columns-2\">\n<div class=\"product-small col has-hover product type-product post-19357 status-publish first instock product_cat-fr-ring-slings product_cat-fr-ring-slings-en-lin product_cat-tissus-en-lin product_tag-biologica-fr-2 product_tag-jaune product_tag-lin product_tag-ring-sling-fr has-post-thumbnail featured purchasable product-type-variable has-default-attributes has-product-safety-information\">\n\t<div class=\"col-inner\">\n\t\n<div class=\"badge-container absolute left top z-1\">\n\n<\/div>\n\t<div class=\"product-small box \">\n\t\t<div class=\"box-image\">\n\t\t\t<div class=\"image-fade_in_back\">\n\t\t\t\t<a href=\"https:\/\/mariblum.de\/fr\/produkt\/curry-dore-ring-sling-en-lin\/\">\n\t\t\t\t\t<img loading=\"lazy\" decoding=\"async\" width=\"247\" height=\"247\" src=\"https:\/\/mariblum.de\/wp-content\/uploads\/2025\/05\/Golden-Curry-Ring-Sling-247x247.jpeg\" class=\"attachment-woocommerce_thumbnail size-woocommerce_thumbnail\" alt=\"Curry dor\u00e9 (Ring Sling en lin)\" srcset=\"https:\/\/mariblum.de\/wp-content\/uploads\/2025\/05\/Golden-Curry-Ring-Sling-247x247.jpeg 247w, https:\/\/mariblum.de\/wp-content\/uploads\/2025\/05\/Golden-Curry-Ring-Sling-150x150.jpeg 150w, https:\/\/mariblum.de\/wp-content\/uploads\/2025\/05\/Golden-Curry-Ring-Sling-100x100.jpeg 100w\" sizes=\"auto, (max-width: 247px) 100vw, 247px\" \/><img loading=\"lazy\" decoding=\"async\" width=\"247\" height=\"247\" src=\"https:\/\/mariblum.de\/wp-content\/uploads\/2025\/05\/Golden-Curry-Ring-Sling-Leinen-247x247.jpeg\" class=\"show-on-hover absolute fill hide-for-small back-image\" alt=\"Alternative view of Curry dor\u00e9 (Ring Sling en lin)\" aria-hidden=\"true\" srcset=\"https:\/\/mariblum.de\/wp-content\/uploads\/2025\/05\/Golden-Curry-Ring-Sling-Leinen-247x247.jpeg 247w, https:\/\/mariblum.de\/wp-content\/uploads\/2025\/05\/Golden-Curry-Ring-Sling-Leinen-150x150.jpeg 150w, https:\/\/mariblum.de\/wp-content\/uploads\/2025\/05\/Golden-Curry-Ring-Sling-Leinen-100x100.jpeg 100w\" sizes=\"auto, (max-width: 247px) 100vw, 247px\" \/>\t\t\t\t<\/a>\n\t\t\t<\/div>\n\t\t\t<div class=\"image-tools is-small top right show-on-hover\">\n\t\t\t\t\t\t\t<\/div>\n\t\t\t<div class=\"image-tools is-small hide-for-small bottom left show-on-hover\">\n\t\t\t\t\t\t\t<\/div>\n\t\t\t<div class=\"image-tools grid-tools text-center hide-for-small bottom hover-slide-in show-on-hover\">\n\t\t\t\t<a href=\"#quick-view\" class=\"quick-view\" role=\"button\" data-prod=\"19357\" aria-haspopup=\"dialog\" aria-expanded=\"false\" data-flatsome-role-button>Aper\u00e7u<\/a>\t\t\t<\/div>\n\t\t\t\t\t<\/div>\n\n\t\t<div class=\"box-text box-text-products text-center grid-style-2\">\n\t\t\t<div class=\"title-wrapper\">\t\t<p class=\"category uppercase is-smaller no-text-overflow product-cat op-8\">\n\t\t\tRing Slings\t\t<\/p>\n\t<p class=\"name product-title woocommerce-loop-product__title\"><a href=\"https:\/\/mariblum.de\/fr\/produkt\/curry-dore-ring-sling-en-lin\/\" class=\"woocommerce-LoopProduct-link woocommerce-loop-product__link\">Curry dor\u00e9 (Ring Sling en lin)<\/a><\/p><\/div><div class=\"price-wrapper\">\n\t<span class=\"price\"><span class=\"woocommerce-Price-amount amount\"><bdi>109,95&nbsp;<span class=\"woocommerce-Price-currencySymbol\">&euro;<\/span><\/bdi><\/span><\/span>\n\n\n\n<\/div>\t\t<\/div>\n\t<\/div>\n\t\n<span class=\"gtm4wp_productdata\" style=\"display:none; visibility:hidden;\" data-gtm4wp_product_data=\"{&quot;internal_id&quot;:19357,&quot;item_id&quot;:19357,&quot;item_name&quot;:&quot;Curry dor\\u00e9 (Ring Sling en lin)&quot;,&quot;sku&quot;:19357,&quot;price&quot;:109.95,&quot;stocklevel&quot;:null,&quot;stockstatus&quot;:&quot;instock&quot;,&quot;google_business_vertical&quot;:&quot;retail&quot;,&quot;item_category&quot;:&quot;Ring Slings&quot;,&quot;id&quot;:19357,&quot;productlink&quot;:&quot;https:\\\/\\\/mariblum.de\\\/fr\\\/produkt\\\/curry-dore-ring-sling-en-lin\\\/&quot;,&quot;item_list_name&quot;:&quot;Produits mis en avant&quot;,&quot;index&quot;:1,&quot;product_type&quot;:&quot;variable&quot;,&quot;item_brand&quot;:&quot;&quot;}\"><\/span>\t<\/div>\n<\/div><div class=\"product-small col has-hover product type-product post-19339 status-publish instock product_cat-fr-ring-slings product_cat-fr-ring-slings-en-lin product_cat-tissus-en-lin product_tag-biologica-fr-2 product_tag-lin product_tag-ring-sling-fr product_tag-violet-fr-2 has-post-thumbnail featured product-type-variable has-product-safety-information\">\n\t<div class=\"col-inner\">\n\t\n<div class=\"badge-container absolute left top z-1\">\n\n<\/div>\n\t<div class=\"product-small box \">\n\t\t<div class=\"box-image\">\n\t\t\t<div class=\"image-fade_in_back\">\n\t\t\t\t<a href=\"https:\/\/mariblum.de\/fr\/produkt\/chute-deau-ring-sling-en-lin\/\">\n\t\t\t\t\t<img loading=\"lazy\" decoding=\"async\" width=\"247\" height=\"247\" src=\"https:\/\/mariblum.de\/wp-content\/uploads\/2025\/05\/Wasserfall_Leinen-RS-blau-247x247.jpeg\" class=\"attachment-woocommerce_thumbnail size-woocommerce_thumbnail\" alt=\"Chute d&#039;eau (Ring Sling en lin)\" srcset=\"https:\/\/mariblum.de\/wp-content\/uploads\/2025\/05\/Wasserfall_Leinen-RS-blau-247x247.jpeg 247w, https:\/\/mariblum.de\/wp-content\/uploads\/2025\/05\/Wasserfall_Leinen-RS-blau-150x150.jpeg 150w, https:\/\/mariblum.de\/wp-content\/uploads\/2025\/05\/Wasserfall_Leinen-RS-blau-100x100.jpeg 100w\" sizes=\"auto, (max-width: 247px) 100vw, 247px\" \/><img loading=\"lazy\" decoding=\"async\" width=\"247\" height=\"247\" src=\"https:\/\/mariblum.de\/wp-content\/uploads\/2025\/05\/Wasserfall_Leinen-RS-247x247.jpeg\" class=\"show-on-hover absolute fill hide-for-small back-image\" alt=\"Alternative view of Chute d&#039;eau (Ring Sling en lin)\" aria-hidden=\"true\" srcset=\"https:\/\/mariblum.de\/wp-content\/uploads\/2025\/05\/Wasserfall_Leinen-RS-247x247.jpeg 247w, https:\/\/mariblum.de\/wp-content\/uploads\/2025\/05\/Wasserfall_Leinen-RS-150x150.jpeg 150w, https:\/\/mariblum.de\/wp-content\/uploads\/2025\/05\/Wasserfall_Leinen-RS-100x100.jpeg 100w\" sizes=\"auto, (max-width: 247px) 100vw, 247px\" \/>\t\t\t\t<\/a>\n\t\t\t<\/div>\n\t\t\t<div class=\"image-tools is-small top right show-on-hover\">\n\t\t\t\t\t\t\t<\/div>\n\t\t\t<div class=\"image-tools is-small hide-for-small bottom left show-on-hover\">\n\t\t\t\t\t\t\t<\/div>\n\t\t\t<div class=\"image-tools grid-tools text-center hide-for-small bottom hover-slide-in show-on-hover\">\n\t\t\t\t<a href=\"#quick-view\" class=\"quick-view\" role=\"button\" data-prod=\"19339\" aria-haspopup=\"dialog\" aria-expanded=\"false\" data-flatsome-role-button>Aper\u00e7u<\/a>\t\t\t<\/div>\n\t\t\t\t\t<\/div>\n\n\t\t<div class=\"box-text box-text-products text-center grid-style-2\">\n\t\t\t<div class=\"title-wrapper\">\t\t<p class=\"category uppercase is-smaller no-text-overflow product-cat op-8\">\n\t\t\tRing Slings\t\t<\/p>\n\t<p class=\"name product-title woocommerce-loop-product__title\"><a href=\"https:\/\/mariblum.de\/fr\/produkt\/chute-deau-ring-sling-en-lin\/\" class=\"woocommerce-LoopProduct-link woocommerce-loop-product__link\">Chute d&rsquo;eau (Ring Sling en lin)<\/a><\/p><\/div><div class=\"price-wrapper\">\n\t<span class=\"price\"><span class=\"woocommerce-Price-amount amount\"><bdi>109,95&nbsp;<span class=\"woocommerce-Price-currencySymbol\">&euro;<\/span><\/bdi><\/span><\/span>\n\n\n\n<\/div>\t\t<\/div>\n\t<\/div>\n\t\n<span class=\"gtm4wp_productdata\" style=\"display:none; visibility:hidden;\" data-gtm4wp_product_data=\"{&quot;internal_id&quot;:19339,&quot;item_id&quot;:19339,&quot;item_name&quot;:&quot;Chute d&#039;eau (Ring Sling en lin)&quot;,&quot;sku&quot;:19339,&quot;price&quot;:0,&quot;stocklevel&quot;:null,&quot;stockstatus&quot;:&quot;instock&quot;,&quot;google_business_vertical&quot;:&quot;retail&quot;,&quot;item_category&quot;:&quot;Ring Slings&quot;,&quot;id&quot;:19339,&quot;productlink&quot;:&quot;https:\\\/\\\/mariblum.de\\\/fr\\\/produkt\\\/chute-deau-ring-sling-en-lin\\\/&quot;,&quot;item_list_name&quot;:&quot;Produits mis en avant&quot;,&quot;index&quot;:2,&quot;product_type&quot;:&quot;variable&quot;,&quot;item_brand&quot;:&quot;&quot;}\"><\/span>\t<\/div>\n<\/div><div class=\"product-small col has-hover product type-product post-18820 status-publish instock product_cat-fr-ring-slings product_cat-fr-ring-slings-en-chanvre product_cat-tissus-de-chanvre product_tag-bebe product_tag-brillant product_tag-jaune product_tag-ring-sling-fr product_tag-ringsling-fr has-post-thumbnail featured shipping-taxable purchasable product-type-variable has-default-attributes has-product-safety-information\">\n\t<div class=\"col-inner\">\n\t\n<div class=\"badge-container absolute left top z-1\">\n\n<div class=\"badge callout badge-circle\"><div class=\"badge-inner callout-new-bg is-small new-bubble\">NOUVEAU<\/div><\/div><\/div>\n\t<div class=\"product-small box \">\n\t\t<div class=\"box-image\">\n\t\t\t<div class=\"image-fade_in_back\">\n\t\t\t\t<a href=\"https:\/\/mariblum.de\/fr\/produkt\/foret-sombre-ring-sling-copy\/\">\n\t\t\t\t\t<img loading=\"lazy\" decoding=\"async\" width=\"247\" height=\"247\" src=\"https:\/\/mariblum.de\/wp-content\/uploads\/2025\/05\/Sunny-Dots-RS-Leinen-247x247.jpeg\" class=\"attachment-woocommerce_thumbnail size-woocommerce_thumbnail\" alt=\"Points Ensoleill\u00e9s (Ring Sling)\" srcset=\"https:\/\/mariblum.de\/wp-content\/uploads\/2025\/05\/Sunny-Dots-RS-Leinen-247x247.jpeg 247w, https:\/\/mariblum.de\/wp-content\/uploads\/2025\/05\/Sunny-Dots-RS-Leinen-150x150.jpeg 150w, https:\/\/mariblum.de\/wp-content\/uploads\/2025\/05\/Sunny-Dots-RS-Leinen-100x100.jpeg 100w\" sizes=\"auto, (max-width: 247px) 100vw, 247px\" \/><img loading=\"lazy\" decoding=\"async\" width=\"247\" height=\"247\" src=\"https:\/\/mariblum.de\/wp-content\/uploads\/2025\/03\/Sunny-Dots-Tragetuch-aus-Hanf-247x247.jpg\" class=\"show-on-hover absolute fill hide-for-small back-image\" alt=\"Alternative view of Points Ensoleill\u00e9s (Ring Sling)\" aria-hidden=\"true\" srcset=\"https:\/\/mariblum.de\/wp-content\/uploads\/2025\/03\/Sunny-Dots-Tragetuch-aus-Hanf-247x247.jpg 247w, https:\/\/mariblum.de\/wp-content\/uploads\/2025\/03\/Sunny-Dots-Tragetuch-aus-Hanf-150x150.jpg 150w, https:\/\/mariblum.de\/wp-content\/uploads\/2025\/03\/Sunny-Dots-Tragetuch-aus-Hanf-100x100.jpg 100w\" sizes=\"auto, (max-width: 247px) 100vw, 247px\" \/>\t\t\t\t<\/a>\n\t\t\t<\/div>\n\t\t\t<div class=\"image-tools is-small top right show-on-hover\">\n\t\t\t\t\t\t\t<\/div>\n\t\t\t<div class=\"image-tools is-small hide-for-small bottom left show-on-hover\">\n\t\t\t\t\t\t\t<\/div>\n\t\t\t<div class=\"image-tools grid-tools text-center hide-for-small bottom hover-slide-in show-on-hover\">\n\t\t\t\t<a href=\"#quick-view\" class=\"quick-view\" role=\"button\" data-prod=\"18820\" aria-haspopup=\"dialog\" aria-expanded=\"false\" data-flatsome-role-button>Aper\u00e7u<\/a>\t\t\t<\/div>\n\t\t\t\t\t<\/div>\n\n\t\t<div class=\"box-text box-text-products text-center grid-style-2\">\n\t\t\t<div class=\"title-wrapper\">\t\t<p class=\"category uppercase is-smaller no-text-overflow product-cat op-8\">\n\t\t\tRing Slings\t\t<\/p>\n\t<p class=\"name product-title woocommerce-loop-product__title\"><a href=\"https:\/\/mariblum.de\/fr\/produkt\/foret-sombre-ring-sling-copy\/\" class=\"woocommerce-LoopProduct-link woocommerce-loop-product__link\">Points Ensoleill\u00e9s (Ring Sling)<\/a><\/p><\/div><div class=\"price-wrapper\">\n\t<span class=\"price\"><span class=\"woocommerce-Price-amount amount\"><bdi>147,95&nbsp;<span class=\"woocommerce-Price-currencySymbol\">&euro;<\/span><\/bdi><\/span><\/span>\n\n\n\n<\/div>\t\t<\/div>\n\t<\/div>\n\t\n<span class=\"gtm4wp_productdata\" style=\"display:none; visibility:hidden;\" data-gtm4wp_product_data=\"{&quot;internal_id&quot;:18820,&quot;item_id&quot;:18820,&quot;item_name&quot;:&quot;Points Ensoleill\\u00e9s (Ring Sling)&quot;,&quot;sku&quot;:18820,&quot;price&quot;:147.95,&quot;stocklevel&quot;:null,&quot;stockstatus&quot;:&quot;instock&quot;,&quot;google_business_vertical&quot;:&quot;retail&quot;,&quot;item_category&quot;:&quot;Ring Slings&quot;,&quot;id&quot;:18820,&quot;productlink&quot;:&quot;https:\\\/\\\/mariblum.de\\\/fr\\\/produkt\\\/foret-sombre-ring-sling-copy\\\/&quot;,&quot;item_list_name&quot;:&quot;Produits mis en avant&quot;,&quot;index&quot;:3,&quot;product_type&quot;:&quot;variable&quot;,&quot;item_brand&quot;:&quot;&quot;}\"><\/span>\t<\/div>\n<\/div><div class=\"product-small col has-hover product type-product post-16081 status-publish last instock product_cat-fr-slings-en-chanvre-echarpe-de-portage product_cat-tissus-de-chanvre product_tag-chanvre product_tag-sling-fr has-post-thumbnail featured purchasable product-type-variable has-default-attributes\">\n\t<div class=\"col-inner\">\n\t\n<div class=\"badge-container absolute left top z-1\">\n\n<\/div>\n\t<div class=\"product-small box \">\n\t\t<div class=\"box-image\">\n\t\t\t<div class=\"image-fade_in_back\">\n\t\t\t\t<a href=\"https:\/\/mariblum.de\/fr\/produkt\/ecureuil-echarpe-de-portage-en-chanvre\/\">\n\t\t\t\t\t<img loading=\"lazy\" decoding=\"async\" width=\"247\" height=\"247\" src=\"https:\/\/mariblum.de\/wp-content\/uploads\/2024\/04\/Babytragetuch-aus-hanf-braun-247x247.webp\" class=\"attachment-woocommerce_thumbnail size-woocommerce_thumbnail\" alt=\"Porte-b\u00e9b\u00e9 en chanvre pour une meilleure climatisation de l&#039;enfant\" srcset=\"https:\/\/mariblum.de\/wp-content\/uploads\/2024\/04\/Babytragetuch-aus-hanf-braun-247x247.webp 247w, https:\/\/mariblum.de\/wp-content\/uploads\/2024\/04\/Babytragetuch-aus-hanf-braun-150x150.webp 150w, https:\/\/mariblum.de\/wp-content\/uploads\/2024\/04\/Babytragetuch-aus-hanf-braun-100x100.webp 100w\" sizes=\"auto, (max-width: 247px) 100vw, 247px\" \/><img loading=\"lazy\" decoding=\"async\" width=\"247\" height=\"247\" src=\"https:\/\/mariblum.de\/wp-content\/uploads\/2024\/04\/glueckliches-Baby-im-tragetuch-ohne-schreien-247x247.webp\" class=\"show-on-hover absolute fill hide-for-small back-image\" alt=\"Un b\u00e9b\u00e9 endormi heureux dans une \u00e9charpe qui dort\" aria-hidden=\"true\" srcset=\"https:\/\/mariblum.de\/wp-content\/uploads\/2024\/04\/glueckliches-Baby-im-tragetuch-ohne-schreien-247x247.webp 247w, https:\/\/mariblum.de\/wp-content\/uploads\/2024\/04\/glueckliches-Baby-im-tragetuch-ohne-schreien-150x150.webp 150w, https:\/\/mariblum.de\/wp-content\/uploads\/2024\/04\/glueckliches-Baby-im-tragetuch-ohne-schreien-100x100.webp 100w\" sizes=\"auto, (max-width: 247px) 100vw, 247px\" \/>\t\t\t\t<\/a>\n\t\t\t<\/div>\n\t\t\t<div class=\"image-tools is-small top right show-on-hover\">\n\t\t\t\t\t\t\t<\/div>\n\t\t\t<div class=\"image-tools is-small hide-for-small bottom left show-on-hover\">\n\t\t\t\t\t\t\t<\/div>\n\t\t\t<div class=\"image-tools grid-tools text-center hide-for-small bottom hover-slide-in show-on-hover\">\n\t\t\t\t<a href=\"#quick-view\" class=\"quick-view\" role=\"button\" data-prod=\"16081\" aria-haspopup=\"dialog\" aria-expanded=\"false\" data-flatsome-role-button>Aper\u00e7u<\/a>\t\t\t<\/div>\n\t\t\t\t\t<\/div>\n\n\t\t<div class=\"box-text box-text-products text-center grid-style-2\">\n\t\t\t<div class=\"ux-swatches ux-swatches-in-loop ux-swatches--rounded ux-swatches--x-small\" role=\"radiogroup\" data-flatsome-role-radiogroup><div data-image-src=\"https:\/\/mariblum.de\/wp-content\/uploads\/2024\/04\/Babytragetuch-aus-hanf-braun-247x247.webp\" data-image-srcset=\"https:\/\/mariblum.de\/wp-content\/uploads\/2024\/04\/Babytragetuch-aus-hanf-braun-247x247.webp 247w, https:\/\/mariblum.de\/wp-content\/uploads\/2024\/04\/Babytragetuch-aus-hanf-braun-150x150.webp 150w, https:\/\/mariblum.de\/wp-content\/uploads\/2024\/04\/Babytragetuch-aus-hanf-braun-100x100.webp 100w\" data-image-sizes=\"(max-width: 247px) 100vw, 247px\" data-attribute_name=\"attribute_pa_tt-groesze\" data-value=\"tt450-fr\" aria-label=\"4,50 m\" role=\"radio\" aria-checked=\"false\" tabindex=\"0\" class=\"ux-swatch ux-swatch--label\"><span class=\"ux-swatch__text\">4,50 m<\/span><\/div><div data-image-src=\"https:\/\/mariblum.de\/wp-content\/uploads\/2024\/04\/Babytragetuch-aus-hanf-braun-247x247.webp\" data-image-srcset=\"https:\/\/mariblum.de\/wp-content\/uploads\/2024\/04\/Babytragetuch-aus-hanf-braun-247x247.webp 247w, https:\/\/mariblum.de\/wp-content\/uploads\/2024\/04\/Babytragetuch-aus-hanf-braun-150x150.webp 150w, https:\/\/mariblum.de\/wp-content\/uploads\/2024\/04\/Babytragetuch-aus-hanf-braun-100x100.webp 100w\" data-image-sizes=\"(max-width: 247px) 100vw, 247px\" data-attribute_name=\"attribute_pa_tt-groesze\" data-value=\"tt500-fr\" aria-label=\"5,00 m\" role=\"radio\" aria-checked=\"false\" tabindex=\"0\" class=\"ux-swatch ux-swatch--label\"><span class=\"ux-swatch__text\">5,00 m<\/span><\/div><\/div><div class=\"title-wrapper\">\t\t<p class=\"category uppercase is-smaller no-text-overflow product-cat op-8\">\n\t\t\t\u00c9charpes en chanvre\t\t<\/p>\n\t<p class=\"name product-title woocommerce-loop-product__title\"><a href=\"https:\/\/mariblum.de\/fr\/produkt\/ecureuil-echarpe-de-portage-en-chanvre\/\" class=\"woocommerce-LoopProduct-link woocommerce-loop-product__link\">\u00c9cureuil (\u00e9charpe)<\/a><\/p><\/div><div class=\"price-wrapper\">\n\t<span class=\"price\"><span class=\"woocommerce-Price-amount amount\"><bdi>144,95&nbsp;<span class=\"woocommerce-Price-currencySymbol\">&euro;<\/span><\/bdi><\/span> &ndash; <span class=\"woocommerce-Price-amount amount\"><bdi>149,95&nbsp;<span class=\"woocommerce-Price-currencySymbol\">&euro;<\/span><\/bdi><\/span><\/span>\n\n\n\n<\/div>\t\t<\/div>\n\t<\/div>\n\t\n<span class=\"gtm4wp_productdata\" style=\"display:none; visibility:hidden;\" data-gtm4wp_product_data=\"{&quot;internal_id&quot;:16081,&quot;item_id&quot;:16081,&quot;item_name&quot;:&quot;\\u00c9cureuil (\\u00e9charpe)&quot;,&quot;sku&quot;:16081,&quot;price&quot;:149.95,&quot;stocklevel&quot;:null,&quot;stockstatus&quot;:&quot;instock&quot;,&quot;google_business_vertical&quot;:&quot;retail&quot;,&quot;item_category&quot;:&quot;\\u00c9charpes en chanvre&quot;,&quot;id&quot;:16081,&quot;productlink&quot;:&quot;https:\\\/\\\/mariblum.de\\\/fr\\\/produkt\\\/ecureuil-echarpe-de-portage-en-chanvre\\\/&quot;,&quot;item_list_name&quot;:&quot;Produits mis en avant&quot;,&quot;index&quot;:4,&quot;product_type&quot;:&quot;variable&quot;,&quot;item_brand&quot;:&quot;&quot;}\"><\/span>\t<\/div>\n<\/div><\/div><!-- row -->\n<\/div>\n\t<div id=\"gap-1464462026\" class=\"gap-element clearfix\" style=\"display:block; height:auto;\">\n\t\t\n<style>\n#gap-1464462026 {\n  padding-top: 30px;\n}\n<\/style>\n\t<\/div>\n\t\n<h4>mariblum Echarpe de portage et Ring Sling en chanvre avec couleur v\u00e9g\u00e9tale<\/h4>\n<p align=\"justify\">M\u00eame si nos \u00e9charpes, porte-b\u00e9b\u00e9s et couvertures pour b\u00e9b\u00e9s sont toujours teints selon le m\u00eame proc\u00e9d\u00e9, il en r\u00e9sulte toujours une pi\u00e8ce unique qui nous surprend \u00e0 nouveau. La teinture v\u00e9g\u00e9tale ne peut pas \u00eatre appliqu\u00e9e telle quelle sur le chanvre, le lin ou le coton. Chaque pi\u00e8ce de tissu a un aspect l\u00e9g\u00e8rement diff\u00e9rent. En observant l&rsquo;\u00e9charpe d\u00e9ploy\u00e9e, cette diff\u00e9rence saute aux yeux. Les diff\u00e9rentes couleurs s&rsquo;harmonisent imperceptiblement entre elles. C&rsquo;est ce qui rend nos Ring Slings, nos \u00e9charpes de portage et nos couvertures pour b\u00e9b\u00e9s absolument uniques et qui attire tous les regards. Le caract\u00e8re naturel des mat\u00e9riaux et des finitions n&rsquo;est pas seulement bon pour ta peau et celle de ton b\u00e9b\u00e9, mais aussi pour l&rsquo;environnement.<\/p>\n\n  <div class=\"banner has-hover\" id=\"banner-1337689059\">\n          <div class=\"banner-inner fill\">\n        <div class=\"banner-bg fill\" >\n            <img loading=\"lazy\" decoding=\"async\" width=\"534\" height=\"800\" src=\"https:\/\/mariblum.de\/wp-content\/uploads\/2019\/10\/ring-sling-aus-leinen-tragetuch-gruen-grau-olive.jpg\" class=\"bg attachment-large size-large\" alt=\"champ-de-brouillard-ring-sling-en-lin-elegant\" \/>                                    \n                    <\/div>\n\t\t\n        <div class=\"banner-layers container\">\n            <div class=\"fill banner-link\"><\/div>            \n   <div id=\"text-box-550338195\" class=\"text-box banner-layer x50 md-x50 lg-x50 y50 md-y50 lg-y50 res-text\">\n                                <div class=\"text-box-content text dark\">\n              \n              <div class=\"text-inner text-center\">\n                  \n              <\/div>\n           <\/div>\n                            \n<style>\n#text-box-550338195 {\n  width: 60%;\n}\n#text-box-550338195 .text-box-content {\n  font-size: 100%;\n}\n<\/style>\n    <\/div>\n \n        <\/div>\n      <\/div>\n\n            \n<style>\n#banner-1337689059 {\n  padding-top: 300px;\n}\n#banner-1337689059 .banner-bg img {\n  object-position: 50% 15%;\n}\n<\/style>\n  <\/div>\n\n\n\t<div id=\"gap-358262561\" class=\"gap-element clearfix\" style=\"display:block; height:auto;\">\n\t\t\n<style>\n#gap-358262561 {\n  padding-top: 30px;\n}\n<\/style>\n\t<\/div>\n\t\n<h4>Peinture v\u00e9g\u00e9tale &#8211; Respectueuse de l&rsquo;environnement et durable<\/h4>\n<p align=\"justify\">Nous compl\u00e9tons nos exigences en mati\u00e8re de respect de l&rsquo;environnement et de durabilit\u00e9 en combinant des tissus en chanvre et en lin et en les teignant avec des plantes. Nos couvertures pour b\u00e9b\u00e9s sont en coton biologique. Les plantes proviennent en partie de notre jardin ou sont \u00e9galement cueillies par nos soins dans les environs imm\u00e9diats. Tu peux donc utiliser en toute bonne conscience nos \u00e9charpes de portage, nos Ring Slings et nos couvertures pour b\u00e9b\u00e9 pour toi et ton b\u00e9b\u00e9. Nous te souhaitons beaucoup de plaisir.<\/p>\n","protected":false},"excerpt":{"rendered":"<p>Les \u00e9charpes porte-b\u00e9b\u00e9 et les Ring Slings teints avec des plantes sont tr\u00e8s particuliers. La teinture de tissus demande beaucoup de temps, de patience et d&rsquo;habilet\u00e9 ! Les techniques industrielles de teinture des tissus ne peuvent pas rivaliser avec ces r\u00e9sultats particuliers. Teinture v\u00e9g\u00e9tale ou industrielle ? Depuis des si\u00e8cles, on utilise des plantes pour [&#8230;]\n","protected":false},"author":1,"featured_media":12343,"comment_status":"closed","ping_status":"closed","sticky":false,"template":"","format":"standard","meta":{"footnotes":""},"categories":[998,34],"tags":[],"class_list":["post-11449","post","type-post","status-publish","format-standard","has-post-thumbnail","hentry","category-mariblum-actualites-porte-bebe","category-tragetuch-neuigkeiten"],"yoast_head":"<!-- This site is optimized with the Yoast SEO Premium plugin v23.3 (Yoast SEO v27.2) - https:\/\/yoast.com\/product\/yoast-seo-premium-wordpress\/ -->\n<title>Echarpes de portage teint\u00e9es avec des colorants v\u00e9g\u00e9taux | mariblum - portage b\u00e9b\u00e9<\/title>\n<meta name=\"description\" content=\"Les \u00e9charpes de portage, les Ring Slings et les couvertures pour b\u00e9b\u00e9 teints avec des plantes sont rares et donc tr\u00e8s sp\u00e9ciaux pour toi et ton b\u00e9b\u00e9.\" \/>\n<meta name=\"robots\" content=\"index, follow, max-snippet:-1, max-image-preview:large, max-video-preview:-1\" \/>\n<link rel=\"canonical\" href=\"https:\/\/mariblum.de\/fr\/echarpes-de-portage-teintees-avec-des-colorants-vegetaux\/\" \/>\n<meta property=\"og:locale\" content=\"fr_FR\" \/>\n<meta property=\"og:type\" content=\"article\" \/>\n<meta property=\"og:title\" content=\"Echarpes de portage teint\u00e9es avec des colorants v\u00e9g\u00e9taux\" \/>\n<meta property=\"og:description\" content=\"Les \u00e9charpes de portage, les Ring Slings et les couvertures pour b\u00e9b\u00e9 teints avec des plantes sont rares et donc tr\u00e8s sp\u00e9ciaux pour toi et ton b\u00e9b\u00e9.\" \/>\n<meta property=\"og:url\" content=\"https:\/\/mariblum.de\/fr\/echarpes-de-portage-teintees-avec-des-colorants-vegetaux\/\" \/>\n<meta property=\"og:site_name\" content=\"mariblum - \u00c9charpe de portage\" \/>\n<meta property=\"article:published_time\" content=\"2022-02-20T12:15:24+00:00\" \/>\n<meta property=\"article:modified_time\" content=\"2022-02-20T12:15:27+00:00\" \/>\n<meta property=\"og:image\" content=\"https:\/\/mariblum.de\/wp-content\/uploads\/2021\/01\/custom-tragetuch-spezial-trageberatung-berlin.jpg\" \/>\n<meta name=\"author\" content=\"mariblum\" \/>\n<meta name=\"twitter:card\" content=\"summary_large_image\" \/>\n<meta name=\"twitter:label1\" content=\"\u00c9crit par\" \/>\n\t<meta name=\"twitter:data1\" content=\"mariblum\" \/>\n\t<meta name=\"twitter:label2\" content=\"Dur\u00e9e de lecture estim\u00e9e\" \/>\n\t<meta name=\"twitter:data2\" content=\"4 minutes\" \/>\n<script type=\"application\/ld+json\" class=\"yoast-schema-graph\">{\"@context\":\"https:\/\/schema.org\",\"@graph\":[{\"@type\":\"Article\",\"@id\":\"https:\/\/mariblum.de\/fr\/echarpes-de-portage-teintees-avec-des-colorants-vegetaux\/#article\",\"isPartOf\":{\"@id\":\"https:\/\/mariblum.de\/fr\/echarpes-de-portage-teintees-avec-des-colorants-vegetaux\/\"},\"author\":{\"name\":\"mariblum\",\"@id\":\"https:\/\/mariblum.de\/fr\/#\/schema\/person\/0f48a4840cefc156d4d2deb5e4b294d0\"},\"headline\":\"Echarpes de portage teint\u00e9es avec des colorants v\u00e9g\u00e9taux\",\"datePublished\":\"2022-02-20T12:15:24+00:00\",\"dateModified\":\"2022-02-20T12:15:27+00:00\",\"mainEntityOfPage\":{\"@id\":\"https:\/\/mariblum.de\/fr\/echarpes-de-portage-teintees-avec-des-colorants-vegetaux\/\"},\"wordCount\":731,\"publisher\":{\"@id\":\"https:\/\/mariblum.de\/fr\/#organization\"},\"image\":{\"@id\":\"https:\/\/mariblum.de\/fr\/echarpes-de-portage-teintees-avec-des-colorants-vegetaux\/#primaryimage\"},\"thumbnailUrl\":\"https:\/\/mariblum.de\/wp-content\/uploads\/2022\/05\/tragetuch-aus-hanf-stuff-of-dreams-baby-im-tragetuch-nachhaltig-oekologisch.jpg\",\"articleSection\":[\"mariblum - Actualit\u00e9s porte b\u00e9b\u00e9\",\"mariblum - Tragetuch Neuigkeiten\"],\"inLanguage\":\"fr-FR\"},{\"@type\":\"WebPage\",\"@id\":\"https:\/\/mariblum.de\/fr\/echarpes-de-portage-teintees-avec-des-colorants-vegetaux\/\",\"url\":\"https:\/\/mariblum.de\/fr\/echarpes-de-portage-teintees-avec-des-colorants-vegetaux\/\",\"name\":\"Echarpes de portage teint\u00e9es avec des colorants v\u00e9g\u00e9taux | mariblum - portage b\u00e9b\u00e9\",\"isPartOf\":{\"@id\":\"https:\/\/mariblum.de\/fr\/#website\"},\"primaryImageOfPage\":{\"@id\":\"https:\/\/mariblum.de\/fr\/echarpes-de-portage-teintees-avec-des-colorants-vegetaux\/#primaryimage\"},\"image\":{\"@id\":\"https:\/\/mariblum.de\/fr\/echarpes-de-portage-teintees-avec-des-colorants-vegetaux\/#primaryimage\"},\"thumbnailUrl\":\"https:\/\/mariblum.de\/wp-content\/uploads\/2022\/05\/tragetuch-aus-hanf-stuff-of-dreams-baby-im-tragetuch-nachhaltig-oekologisch.jpg\",\"datePublished\":\"2022-02-20T12:15:24+00:00\",\"dateModified\":\"2022-02-20T12:15:27+00:00\",\"description\":\"Les \u00e9charpes de portage, les Ring Slings et les couvertures pour b\u00e9b\u00e9 teints avec des plantes sont rares et donc tr\u00e8s sp\u00e9ciaux pour toi et ton b\u00e9b\u00e9.\",\"breadcrumb\":{\"@id\":\"https:\/\/mariblum.de\/fr\/echarpes-de-portage-teintees-avec-des-colorants-vegetaux\/#breadcrumb\"},\"inLanguage\":\"fr-FR\",\"potentialAction\":[{\"@type\":\"ReadAction\",\"target\":[\"https:\/\/mariblum.de\/fr\/echarpes-de-portage-teintees-avec-des-colorants-vegetaux\/\"]}]},{\"@type\":\"ImageObject\",\"inLanguage\":\"fr-FR\",\"@id\":\"https:\/\/mariblum.de\/fr\/echarpes-de-portage-teintees-avec-des-colorants-vegetaux\/#primaryimage\",\"url\":\"https:\/\/mariblum.de\/wp-content\/uploads\/2022\/05\/tragetuch-aus-hanf-stuff-of-dreams-baby-im-tragetuch-nachhaltig-oekologisch.jpg\",\"contentUrl\":\"https:\/\/mariblum.de\/wp-content\/uploads\/2022\/05\/tragetuch-aus-hanf-stuff-of-dreams-baby-im-tragetuch-nachhaltig-oekologisch.jpg\",\"width\":534,\"height\":800,\"caption\":\"porte-b\u00e9b\u00e9 en chanvre durable-\u00e9cologique\"},{\"@type\":\"BreadcrumbList\",\"@id\":\"https:\/\/mariblum.de\/fr\/echarpes-de-portage-teintees-avec-des-colorants-vegetaux\/#breadcrumb\",\"itemListElement\":[{\"@type\":\"ListItem\",\"position\":1,\"name\":\"Startseite\",\"item\":\"https:\/\/mariblum.de\/fr\/\"},{\"@type\":\"ListItem\",\"position\":2,\"name\":\"Echarpes de portage teint\u00e9es avec des colorants v\u00e9g\u00e9taux\"}]},{\"@type\":\"WebSite\",\"@id\":\"https:\/\/mariblum.de\/fr\/#website\",\"url\":\"https:\/\/mariblum.de\/fr\/\",\"name\":\"mariblum Traget\u00fccher\",\"description\":\"la fa\u00e7on naturelle de porter votre b\u00e9b\u00e9\",\"publisher\":{\"@id\":\"https:\/\/mariblum.de\/fr\/#organization\"},\"potentialAction\":[{\"@type\":\"SearchAction\",\"target\":{\"@type\":\"EntryPoint\",\"urlTemplate\":\"https:\/\/mariblum.de\/fr\/?s={search_term_string}\"},\"query-input\":{\"@type\":\"PropertyValueSpecification\",\"valueRequired\":true,\"valueName\":\"search_term_string\"}}],\"inLanguage\":\"fr-FR\"},{\"@type\":\"Organization\",\"@id\":\"https:\/\/mariblum.de\/fr\/#organization\",\"name\":\"mariblum\",\"url\":\"https:\/\/mariblum.de\/fr\/\",\"logo\":{\"@type\":\"ImageObject\",\"inLanguage\":\"fr-FR\",\"@id\":\"https:\/\/mariblum.de\/fr\/#\/schema\/logo\/image\/\",\"url\":\"https:\/\/mariblum.de\/wp-content\/uploads\/2020\/07\/logo_m-500x_transparent.png\",\"contentUrl\":\"https:\/\/mariblum.de\/wp-content\/uploads\/2020\/07\/logo_m-500x_transparent.png\",\"width\":500,\"height\":500,\"caption\":\"mariblum\"},\"image\":{\"@id\":\"https:\/\/mariblum.de\/fr\/#\/schema\/logo\/image\/\"},\"sameAs\":[\"https:\/\/www.instagram.com\/_mariblum_\/\"]},{\"@type\":\"Person\",\"@id\":\"https:\/\/mariblum.de\/fr\/#\/schema\/person\/0f48a4840cefc156d4d2deb5e4b294d0\",\"name\":\"mariblum\",\"url\":\"https:\/\/mariblum.de\/fr\/author\/mariblum\/\"}]}<\/script>\n<!-- \/ Yoast SEO Premium plugin. -->","yoast_head_json":{"title":"Echarpes de portage teint\u00e9es avec des colorants v\u00e9g\u00e9taux | mariblum - portage b\u00e9b\u00e9","description":"Les \u00e9charpes de portage, les Ring Slings et les couvertures pour b\u00e9b\u00e9 teints avec des plantes sont rares et donc tr\u00e8s sp\u00e9ciaux pour toi et ton b\u00e9b\u00e9.","robots":{"index":"index","follow":"follow","max-snippet":"max-snippet:-1","max-image-preview":"max-image-preview:large","max-video-preview":"max-video-preview:-1"},"canonical":"https:\/\/mariblum.de\/fr\/echarpes-de-portage-teintees-avec-des-colorants-vegetaux\/","og_locale":"fr_FR","og_type":"article","og_title":"Echarpes de portage teint\u00e9es avec des colorants v\u00e9g\u00e9taux","og_description":"Les \u00e9charpes de portage, les Ring Slings et les couvertures pour b\u00e9b\u00e9 teints avec des plantes sont rares et donc tr\u00e8s sp\u00e9ciaux pour toi et ton b\u00e9b\u00e9.","og_url":"https:\/\/mariblum.de\/fr\/echarpes-de-portage-teintees-avec-des-colorants-vegetaux\/","og_site_name":"mariblum - \u00c9charpe de portage","article_published_time":"2022-02-20T12:15:24+00:00","article_modified_time":"2022-02-20T12:15:27+00:00","og_image":[{"url":"https:\/\/mariblum.de\/wp-content\/uploads\/2021\/01\/custom-tragetuch-spezial-trageberatung-berlin.jpg","type":"","width":"","height":""}],"author":"mariblum","twitter_card":"summary_large_image","twitter_misc":{"\u00c9crit par":"mariblum","Dur\u00e9e de lecture estim\u00e9e":"4 minutes"},"schema":{"@context":"https:\/\/schema.org","@graph":[{"@type":"Article","@id":"https:\/\/mariblum.de\/fr\/echarpes-de-portage-teintees-avec-des-colorants-vegetaux\/#article","isPartOf":{"@id":"https:\/\/mariblum.de\/fr\/echarpes-de-portage-teintees-avec-des-colorants-vegetaux\/"},"author":{"name":"mariblum","@id":"https:\/\/mariblum.de\/fr\/#\/schema\/person\/0f48a4840cefc156d4d2deb5e4b294d0"},"headline":"Echarpes de portage teint\u00e9es avec des colorants v\u00e9g\u00e9taux","datePublished":"2022-02-20T12:15:24+00:00","dateModified":"2022-02-20T12:15:27+00:00","mainEntityOfPage":{"@id":"https:\/\/mariblum.de\/fr\/echarpes-de-portage-teintees-avec-des-colorants-vegetaux\/"},"wordCount":731,"publisher":{"@id":"https:\/\/mariblum.de\/fr\/#organization"},"image":{"@id":"https:\/\/mariblum.de\/fr\/echarpes-de-portage-teintees-avec-des-colorants-vegetaux\/#primaryimage"},"thumbnailUrl":"https:\/\/mariblum.de\/wp-content\/uploads\/2022\/05\/tragetuch-aus-hanf-stuff-of-dreams-baby-im-tragetuch-nachhaltig-oekologisch.jpg","articleSection":["mariblum - Actualit\u00e9s porte b\u00e9b\u00e9","mariblum - Tragetuch Neuigkeiten"],"inLanguage":"fr-FR"},{"@type":"WebPage","@id":"https:\/\/mariblum.de\/fr\/echarpes-de-portage-teintees-avec-des-colorants-vegetaux\/","url":"https:\/\/mariblum.de\/fr\/echarpes-de-portage-teintees-avec-des-colorants-vegetaux\/","name":"Echarpes de portage teint\u00e9es avec des colorants v\u00e9g\u00e9taux | mariblum - portage b\u00e9b\u00e9","isPartOf":{"@id":"https:\/\/mariblum.de\/fr\/#website"},"primaryImageOfPage":{"@id":"https:\/\/mariblum.de\/fr\/echarpes-de-portage-teintees-avec-des-colorants-vegetaux\/#primaryimage"},"image":{"@id":"https:\/\/mariblum.de\/fr\/echarpes-de-portage-teintees-avec-des-colorants-vegetaux\/#primaryimage"},"thumbnailUrl":"https:\/\/mariblum.de\/wp-content\/uploads\/2022\/05\/tragetuch-aus-hanf-stuff-of-dreams-baby-im-tragetuch-nachhaltig-oekologisch.jpg","datePublished":"2022-02-20T12:15:24+00:00","dateModified":"2022-02-20T12:15:27+00:00","description":"Les \u00e9charpes de portage, les Ring Slings et les couvertures pour b\u00e9b\u00e9 teints avec des plantes sont rares et donc tr\u00e8s sp\u00e9ciaux pour toi et ton b\u00e9b\u00e9.","breadcrumb":{"@id":"https:\/\/mariblum.de\/fr\/echarpes-de-portage-teintees-avec-des-colorants-vegetaux\/#breadcrumb"},"inLanguage":"fr-FR","potentialAction":[{"@type":"ReadAction","target":["https:\/\/mariblum.de\/fr\/echarpes-de-portage-teintees-avec-des-colorants-vegetaux\/"]}]},{"@type":"ImageObject","inLanguage":"fr-FR","@id":"https:\/\/mariblum.de\/fr\/echarpes-de-portage-teintees-avec-des-colorants-vegetaux\/#primaryimage","url":"https:\/\/mariblum.de\/wp-content\/uploads\/2022\/05\/tragetuch-aus-hanf-stuff-of-dreams-baby-im-tragetuch-nachhaltig-oekologisch.jpg","contentUrl":"https:\/\/mariblum.de\/wp-content\/uploads\/2022\/05\/tragetuch-aus-hanf-stuff-of-dreams-baby-im-tragetuch-nachhaltig-oekologisch.jpg","width":534,"height":800,"caption":"porte-b\u00e9b\u00e9 en chanvre durable-\u00e9cologique"},{"@type":"BreadcrumbList","@id":"https:\/\/mariblum.de\/fr\/echarpes-de-portage-teintees-avec-des-colorants-vegetaux\/#breadcrumb","itemListElement":[{"@type":"ListItem","position":1,"name":"Startseite","item":"https:\/\/mariblum.de\/fr\/"},{"@type":"ListItem","position":2,"name":"Echarpes de portage teint\u00e9es avec des colorants v\u00e9g\u00e9taux"}]},{"@type":"WebSite","@id":"https:\/\/mariblum.de\/fr\/#website","url":"https:\/\/mariblum.de\/fr\/","name":"mariblum Traget\u00fccher","description":"la fa\u00e7on naturelle de porter votre b\u00e9b\u00e9","publisher":{"@id":"https:\/\/mariblum.de\/fr\/#organization"},"potentialAction":[{"@type":"SearchAction","target":{"@type":"EntryPoint","urlTemplate":"https:\/\/mariblum.de\/fr\/?s={search_term_string}"},"query-input":{"@type":"PropertyValueSpecification","valueRequired":true,"valueName":"search_term_string"}}],"inLanguage":"fr-FR"},{"@type":"Organization","@id":"https:\/\/mariblum.de\/fr\/#organization","name":"mariblum","url":"https:\/\/mariblum.de\/fr\/","logo":{"@type":"ImageObject","inLanguage":"fr-FR","@id":"https:\/\/mariblum.de\/fr\/#\/schema\/logo\/image\/","url":"https:\/\/mariblum.de\/wp-content\/uploads\/2020\/07\/logo_m-500x_transparent.png","contentUrl":"https:\/\/mariblum.de\/wp-content\/uploads\/2020\/07\/logo_m-500x_transparent.png","width":500,"height":500,"caption":"mariblum"},"image":{"@id":"https:\/\/mariblum.de\/fr\/#\/schema\/logo\/image\/"},"sameAs":["https:\/\/www.instagram.com\/_mariblum_\/"]},{"@type":"Person","@id":"https:\/\/mariblum.de\/fr\/#\/schema\/person\/0f48a4840cefc156d4d2deb5e4b294d0","name":"mariblum","url":"https:\/\/mariblum.de\/fr\/author\/mariblum\/"}]}},"_links":{"self":[{"href":"https:\/\/mariblum.de\/fr\/wp-json\/wp\/v2\/posts\/11449","targetHints":{"allow":["GET"]}}],"collection":[{"href":"https:\/\/mariblum.de\/fr\/wp-json\/wp\/v2\/posts"}],"about":[{"href":"https:\/\/mariblum.de\/fr\/wp-json\/wp\/v2\/types\/post"}],"author":[{"embeddable":true,"href":"https:\/\/mariblum.de\/fr\/wp-json\/wp\/v2\/users\/1"}],"replies":[{"embeddable":true,"href":"https:\/\/mariblum.de\/fr\/wp-json\/wp\/v2\/comments?post=11449"}],"version-history":[{"count":0,"href":"https:\/\/mariblum.de\/fr\/wp-json\/wp\/v2\/posts\/11449\/revisions"}],"wp:featuredmedia":[{"embeddable":true,"href":"https:\/\/mariblum.de\/fr\/wp-json\/wp\/v2\/media\/12343"}],"wp:attachment":[{"href":"https:\/\/mariblum.de\/fr\/wp-json\/wp\/v2\/media?parent=11449"}],"wp:term":[{"taxonomy":"category","embeddable":true,"href":"https:\/\/mariblum.de\/fr\/wp-json\/wp\/v2\/categories?post=11449"},{"taxonomy":"post_tag","embeddable":true,"href":"https:\/\/mariblum.de\/fr\/wp-json\/wp\/v2\/tags?post=11449"}],"curies":[{"name":"wp","href":"https:\/\/api.w.org\/{rel}","templated":true}]}}